{"id":4519,"date":"2020-06-20T01:03:36","date_gmt":"2020-06-20T01:03:36","guid":{"rendered":"http:\/\/www.eldigitaldeasturias.com\/radio\/?p=4519"},"modified":"2020-06-20T01:03:36","modified_gmt":"2020-06-20T01:03:36","slug":"certifican-que-la-app-alemana-de-control-de-covid-19-es-estable-y-segura","status":"publish","type":"post","link":"https:\/\/eldigitaldeasturias.com\/radio\/certifican-que-la-app-alemana-de-control-de-covid-19-es-estable-y-segura\/","title":{"rendered":"Certifican que la app alemana de control de covid-19 es estable y segura"},"content":{"rendered":"<p><img fetchpriority=\"high\" decoding=\"async\" class=\"alignleft size-medium wp-image-4405\" src=\"http:\/\/www.eldigitaldeasturias.com\/radio\/wp-content\/uploads\/2020\/06\/connection-4884862_640-360x245.jpg\" alt=\"\" width=\"360\" height=\"245\" srcset=\"https:\/\/eldigitaldeasturias.com\/radio\/wp-content\/uploads\/2020\/06\/connection-4884862_640-360x245.jpg 360w, https:\/\/eldigitaldeasturias.com\/radio\/wp-content\/uploads\/2020\/06\/connection-4884862_640.jpg 640w\" sizes=\"(max-width: 360px) 100vw, 360px\" \/>Berl\u00edn, 13 jun (dpa) \u2013 La app de control de contagios con coronavirus que el Gobierno alem\u00e1n tiene previsto poner en marcha la semana pr\u00f3xima es estable y segura, adem\u00e1s de no espiar a los usuarios, seg\u00fan dijo hoy a dpa el director de la empresa de certificaci\u00f3n tecnol\u00f3gica T\u00dcV-IT, Dirk Kretzschmar.<\/p>\n<p>El an\u00e1lisis t\u00e9cnico de la aplicaci\u00f3n se realiz\u00f3 por encargo de la Oficina alemana de Seguridad Inform\u00e1tica (BSI) y cont\u00f3 con la colaboraci\u00f3n de los desarrolladores SAP y T-Systems.<\/p>\n<p>En el examen de la app se comprob\u00f3 si personas no autorizadas pod\u00edan acceder a los datos registrados. \u00abNo es el caso. Los usuarios no deben temer que les vigilen\u00bb, subray\u00f3 Kretzschmar.<\/p>\n<p>Tambi\u00e9n recalc\u00f3 que tanto SAP como T-Systems se aseguraron de que nadie ajeno a los sistemas pueda acceder a datos personales a trav\u00e9s de la aplicaci\u00f3n. Al parecer, las primeras versiones de la app resultaron ser algo inestables.<\/p>\n<p>\u00abPero los probadores obtuvieron conclusiones muy positivas, porque ahora todo es muy estable. Tambi\u00e9n se entusiasmaron por la rapidez y calidad con que los desarrolladores reaccionaron a las vulnerabilidades descubiertas\u00bb, a\u00f1adi\u00f3 Kretzschmar.<\/p>\n<p>Durante el proceso de an\u00e1lisis, los probadores tambi\u00e9n se ocuparon a fondo de la cuesti\u00f3n de c\u00f3mo se debe registrar en la aplicaci\u00f3n un caso de infecci\u00f3n con coronavirus.<\/p>\n<p>Esto se hace a trav\u00e9s de un c\u00f3digo QR del laboratorio de an\u00e1lisis o con la ayuda de un c\u00f3digo num\u00e9rico que la persona recibe a trav\u00e9s de una l\u00ednea telef\u00f3nica habilitada para la diagnosis.<\/p>\n<p>En este caso, por ejemplo, se trata de utilizar un procedimiento seguro que impida obtener acceso o datos de forma sencilla o mediante un \u00abataque masivo\u00bb.<\/p>\n<p>La app oficial de rastreo de infecciones por coronavirus en Alemania est\u00e1 basada en las interfaces utilizadas por los smartphones de Apple y Google y fue desarrollada por SAP y Deutsche Telekom.<\/p>\n<p>La aplicaci\u00f3n est\u00e1 dise\u00f1ada para ayudar al rastreo e interrumpir las cadenas de infecci\u00f3n en una fase temprana. La aplicaci\u00f3n registra qu\u00e9 smartphones se acercaron unos a otros y en base a esos datos advierte a los usuarios si estuvieron cerca de personas infectadas.<\/p>\n","protected":false},"excerpt":{"rendered":"<p>Berl\u00edn, 13 jun (dpa) \u2013 La app de control de contagios con coronavirus que el Gobierno alem\u00e1n tiene previsto poner en marcha la semana pr\u00f3xima es estable y segura, adem\u00e1s de no espiar a los usuarios, seg\u00fan dijo hoy a dpa el director de la empresa de certificaci\u00f3n tecnol\u00f3gica T\u00dcV-IT, Dirk Kretzschmar. El an\u00e1lisis t\u00e9cnico<\/p>\n","protected":false},"author":1,"featured_media":4405,"comment_status":"closed","ping_status":"closed","sticky":false,"template":"","format":"standard","meta":{"footnotes":""},"categories":[1],"tags":[],"class_list":{"0":"post-4519","1":"post","2":"type-post","3":"status-publish","4":"format-standard","5":"has-post-thumbnail","7":"category-noticias"},"aioseo_notices":[],"aioseo_head":"\n\t\t<!-- All in One SEO Pro 4.9.6.2 - aioseo.com -->\n\t<meta name=\"description\" content=\"Berl\u00edn, 13 jun (dpa) \u2013 La app de control de contagios con coronavirus que el Gobierno alem\u00e1n tiene previsto poner en marcha la semana pr\u00f3xima es estable y segura, adem\u00e1s de no espiar a los usuarios, seg\u00fan dijo hoy a dpa el director de la empresa de certificaci\u00f3n tecnol\u00f3gica T\u00dcV-IT, Dirk Kretzschmar. El an\u00e1lisis t\u00e9cnico\" \/>\n\t<meta name=\"robots\" content=\"max-image-preview:large\" \/>\n\t<meta name=\"author\" content=\"NBAsturias\"\/>\n\t<meta name=\"google-site-verification\" content=\"UA-38556648-1\" \/>\n\t<meta name=\"keywords\" content=\"noticias\" \/>\n\t<link rel=\"canonical\" href=\"https:\/\/eldigitaldeasturias.com\/radio\/certifican-que-la-app-alemana-de-control-de-covid-19-es-estable-y-segura\/\" \/>\n\t<meta name=\"generator\" content=\"All in One SEO Pro (AIOSEO) 4.9.6.2\" \/>\n\t\t<meta property=\"og:locale\" content=\"es_ES\" \/>\n\t\t<meta property=\"og:site_name\" content=\"El Digital de Asturias | Diario de informaci\u00f3n y noticias\" \/>\n\t\t<meta property=\"og:type\" content=\"article\" \/>\n\t\t<meta property=\"og:title\" content=\"Certifican que la app alemana de control de covid-19 es estable y segura | El Digital de Asturias\" \/>\n\t\t<meta property=\"og:description\" content=\"Berl\u00edn, 13 jun (dpa) \u2013 La app de control de contagios con coronavirus que el Gobierno alem\u00e1n tiene previsto poner en marcha la semana pr\u00f3xima es estable y segura, adem\u00e1s de no espiar a los usuarios, seg\u00fan dijo hoy a dpa el director de la empresa de certificaci\u00f3n tecnol\u00f3gica T\u00dcV-IT, Dirk Kretzschmar. El an\u00e1lisis t\u00e9cnico\" \/>\n\t\t<meta property=\"og:url\" content=\"https:\/\/eldigitaldeasturias.com\/radio\/certifican-que-la-app-alemana-de-control-de-covid-19-es-estable-y-segura\/\" \/>\n\t\t<meta property=\"og:image\" content=\"https:\/\/eldigitaldeasturias.com\/radio\/wp-content\/uploads\/2020\/06\/connection-4884862_640.jpg\" \/>\n\t\t<meta property=\"og:image:secure_url\" content=\"https:\/\/eldigitaldeasturias.com\/radio\/wp-content\/uploads\/2020\/06\/connection-4884862_640.jpg\" \/>\n\t\t<meta property=\"og:image:width\" content=\"640\" \/>\n\t\t<meta property=\"og:image:height\" content=\"436\" \/>\n\t\t<meta property=\"article:published_time\" content=\"2020-06-20T01:03:36+00:00\" \/>\n\t\t<meta property=\"article:modified_time\" content=\"2020-06-20T01:03:36+00:00\" \/>\n\t\t<meta name=\"twitter:card\" content=\"summary_large_image\" \/>\n\t\t<meta name=\"twitter:site\" content=\"@bercodi\" \/>\n\t\t<meta name=\"twitter:title\" content=\"Certifican que la app alemana de control de covid-19 es estable y segura | El Digital de Asturias\" \/>\n\t\t<meta name=\"twitter:description\" content=\"Berl\u00edn, 13 jun (dpa) \u2013 La app de control de contagios con coronavirus que el Gobierno alem\u00e1n tiene previsto poner en marcha la semana pr\u00f3xima es estable y segura, adem\u00e1s de no espiar a los usuarios, seg\u00fan dijo hoy a dpa el director de la empresa de certificaci\u00f3n tecnol\u00f3gica T\u00dcV-IT, Dirk Kretzschmar. El an\u00e1lisis t\u00e9cnico\" \/>\n\t\t<meta name=\"twitter:creator\" content=\"@bercodi\" \/>\n\t\t<meta name=\"twitter:image\" content=\"https:\/\/eldigitaldeasturias.com\/radio\/wp-content\/uploads\/2020\/06\/connection-4884862_640.jpg\" \/>\n\t\t<script type=\"application\/ld+json\" class=\"aioseo-schema\">\n\t\t\t{\"@context\":\"https:\\\/\\\/schema.org\",\"@graph\":[{\"@type\":\"BreadcrumbList\",\"@id\":\"https:\\\/\\\/eldigitaldeasturias.com\\\/radio\\\/certifican-que-la-app-alemana-de-control-de-covid-19-es-estable-y-segura\\\/#breadcrumblist\",\"itemListElement\":[{\"@type\":\"ListItem\",\"@id\":\"https:\\\/\\\/eldigitaldeasturias.com\\\/radio#listItem\",\"position\":1,\"name\":\"Inicio\",\"item\":\"https:\\\/\\\/eldigitaldeasturias.com\\\/radio\",\"nextItem\":{\"@type\":\"ListItem\",\"@id\":\"https:\\\/\\\/eldigitaldeasturias.com\\\/radio\\\/category\\\/noticias\\\/#listItem\",\"name\":\"Noticias\"}},{\"@type\":\"ListItem\",\"@id\":\"https:\\\/\\\/eldigitaldeasturias.com\\\/radio\\\/category\\\/noticias\\\/#listItem\",\"position\":2,\"name\":\"Noticias\",\"item\":\"https:\\\/\\\/eldigitaldeasturias.com\\\/radio\\\/category\\\/noticias\\\/\",\"nextItem\":{\"@type\":\"ListItem\",\"@id\":\"https:\\\/\\\/eldigitaldeasturias.com\\\/radio\\\/certifican-que-la-app-alemana-de-control-de-covid-19-es-estable-y-segura\\\/#listItem\",\"name\":\"Certifican que la app alemana de control de covid-19 es estable y segura\"},\"previousItem\":{\"@type\":\"ListItem\",\"@id\":\"https:\\\/\\\/eldigitaldeasturias.com\\\/radio#listItem\",\"name\":\"Inicio\"}},{\"@type\":\"ListItem\",\"@id\":\"https:\\\/\\\/eldigitaldeasturias.com\\\/radio\\\/certifican-que-la-app-alemana-de-control-de-covid-19-es-estable-y-segura\\\/#listItem\",\"position\":3,\"name\":\"Certifican que la app alemana de control de covid-19 es estable y segura\",\"previousItem\":{\"@type\":\"ListItem\",\"@id\":\"https:\\\/\\\/eldigitaldeasturias.com\\\/radio\\\/category\\\/noticias\\\/#listItem\",\"name\":\"Noticias\"}}]},{\"@type\":\"NewsArticle\",\"@id\":\"https:\\\/\\\/eldigitaldeasturias.com\\\/radio\\\/certifican-que-la-app-alemana-de-control-de-covid-19-es-estable-y-segura\\\/#newsarticle\",\"name\":\"Certifican que la app alemana de control de covid-19 es estable y segura | El Digital de Asturias\",\"headline\":\"Certifican que la app alemana de control de covid-19 es estable y segura\",\"author\":{\"@id\":\"https:\\\/\\\/eldigitaldeasturias.com\\\/radio\\\/author\\\/nbasturias\\\/#author\"},\"publisher\":{\"@id\":\"https:\\\/\\\/eldigitaldeasturias.com\\\/radio\\\/#organization\"},\"image\":{\"@type\":\"ImageObject\",\"url\":\"https:\\\/\\\/eldigitaldeasturias.com\\\/radio\\\/wp-content\\\/uploads\\\/2020\\\/06\\\/connection-4884862_640.jpg\",\"width\":640,\"height\":436},\"datePublished\":\"2020-06-20T01:03:36+02:00\",\"dateModified\":\"2020-06-20T01:03:36+02:00\",\"inLanguage\":\"es-ES\",\"mainEntityOfPage\":{\"@id\":\"https:\\\/\\\/eldigitaldeasturias.com\\\/radio\\\/certifican-que-la-app-alemana-de-control-de-covid-19-es-estable-y-segura\\\/#webpage\"},\"isPartOf\":{\"@id\":\"https:\\\/\\\/eldigitaldeasturias.com\\\/radio\\\/certifican-que-la-app-alemana-de-control-de-covid-19-es-estable-y-segura\\\/#webpage\"},\"articleSection\":\"Noticias\",\"dateline\":\"Publicado el junio 20, 2020.\"},{\"@type\":\"Organization\",\"@id\":\"https:\\\/\\\/eldigitaldeasturias.com\\\/radio\\\/#organization\",\"name\":\"El digital de Asturias Radio\",\"description\":\"Diario de informaci\\u00f3n y noticias\",\"url\":\"https:\\\/\\\/eldigitaldeasturias.com\\\/radio\\\/\",\"telephone\":\"+34652131393\",\"logo\":{\"@type\":\"ImageObject\",\"url\":\"https:\\\/\\\/www.eldigitaldeasturias.com\\\/radio\\\/wp-content\\\/uploads\\\/2021\\\/03\\\/EDA.jpg\",\"@id\":\"https:\\\/\\\/eldigitaldeasturias.com\\\/radio\\\/certifican-que-la-app-alemana-de-control-de-covid-19-es-estable-y-segura\\\/#organizationLogo\"},\"image\":{\"@id\":\"https:\\\/\\\/eldigitaldeasturias.com\\\/radio\\\/certifican-que-la-app-alemana-de-control-de-covid-19-es-estable-y-segura\\\/#organizationLogo\"},\"sameAs\":[\"https:\\\/\\\/www.facebook.com\\\/\",\"https:\\\/\\\/x.com\\\/bercodi\",\"https:\\\/\\\/www.instagram.com\\\/\",\"https:\\\/\\\/www.youtube.com\\\/channel\\\/UCZP-2wLEB9Rv6erhFmqVnvg\"]},{\"@type\":\"Person\",\"@id\":\"https:\\\/\\\/eldigitaldeasturias.com\\\/radio\\\/author\\\/nbasturias\\\/#author\",\"url\":\"https:\\\/\\\/eldigitaldeasturias.com\\\/radio\\\/author\\\/nbasturias\\\/\",\"name\":\"NBAsturias\",\"image\":{\"@type\":\"ImageObject\",\"@id\":\"https:\\\/\\\/eldigitaldeasturias.com\\\/radio\\\/certifican-que-la-app-alemana-de-control-de-covid-19-es-estable-y-segura\\\/#authorImage\",\"url\":\"https:\\\/\\\/secure.gravatar.com\\\/avatar\\\/df2aeffc32bcd13f8d26072ef8a91b623d677766deac7f97ca815868cd41bf5e?s=96&d=mm&r=g\",\"width\":96,\"height\":96,\"caption\":\"NBAsturias\"}},{\"@type\":\"WebPage\",\"@id\":\"https:\\\/\\\/eldigitaldeasturias.com\\\/radio\\\/certifican-que-la-app-alemana-de-control-de-covid-19-es-estable-y-segura\\\/#webpage\",\"url\":\"https:\\\/\\\/eldigitaldeasturias.com\\\/radio\\\/certifican-que-la-app-alemana-de-control-de-covid-19-es-estable-y-segura\\\/\",\"name\":\"Certifican que la app alemana de control de covid-19 es estable y segura | El Digital de Asturias\",\"description\":\"Berl\\u00edn, 13 jun (dpa) \\u2013 La app de control de contagios con coronavirus que el Gobierno alem\\u00e1n tiene previsto poner en marcha la semana pr\\u00f3xima es estable y segura, adem\\u00e1s de no espiar a los usuarios, seg\\u00fan dijo hoy a dpa el director de la empresa de certificaci\\u00f3n tecnol\\u00f3gica T\\u00dcV-IT, Dirk Kretzschmar. El an\\u00e1lisis t\\u00e9cnico\",\"inLanguage\":\"es-ES\",\"isPartOf\":{\"@id\":\"https:\\\/\\\/eldigitaldeasturias.com\\\/radio\\\/#website\"},\"breadcrumb\":{\"@id\":\"https:\\\/\\\/eldigitaldeasturias.com\\\/radio\\\/certifican-que-la-app-alemana-de-control-de-covid-19-es-estable-y-segura\\\/#breadcrumblist\"},\"author\":{\"@id\":\"https:\\\/\\\/eldigitaldeasturias.com\\\/radio\\\/author\\\/nbasturias\\\/#author\"},\"creator\":{\"@id\":\"https:\\\/\\\/eldigitaldeasturias.com\\\/radio\\\/author\\\/nbasturias\\\/#author\"},\"image\":{\"@type\":\"ImageObject\",\"url\":\"https:\\\/\\\/eldigitaldeasturias.com\\\/radio\\\/wp-content\\\/uploads\\\/2020\\\/06\\\/connection-4884862_640.jpg\",\"@id\":\"https:\\\/\\\/eldigitaldeasturias.com\\\/radio\\\/certifican-que-la-app-alemana-de-control-de-covid-19-es-estable-y-segura\\\/#mainImage\",\"width\":640,\"height\":436},\"primaryImageOfPage\":{\"@id\":\"https:\\\/\\\/eldigitaldeasturias.com\\\/radio\\\/certifican-que-la-app-alemana-de-control-de-covid-19-es-estable-y-segura\\\/#mainImage\"},\"datePublished\":\"2020-06-20T01:03:36+02:00\",\"dateModified\":\"2020-06-20T01:03:36+02:00\"},{\"@type\":\"WebSite\",\"@id\":\"https:\\\/\\\/eldigitaldeasturias.com\\\/radio\\\/#website\",\"url\":\"https:\\\/\\\/eldigitaldeasturias.com\\\/radio\\\/\",\"name\":\"El Digital de Asturias\",\"description\":\"Diario de informaci\\u00f3n y noticias\",\"inLanguage\":\"es-ES\",\"publisher\":{\"@id\":\"https:\\\/\\\/eldigitaldeasturias.com\\\/radio\\\/#organization\"}}]}\n\t\t<\/script>\n\t\t<!-- All in One SEO Pro -->\r\n\t\t<title>Certifican que la app alemana de control de covid-19 es estable y segura | El Digital de Asturias<\/title>\n\n","aioseo_head_json":{"title":"Certifican que la app alemana de control de covid-19 es estable y segura | El Digital de Asturias","description":"Berl\u00edn, 13 jun (dpa) \u2013 La app de control de contagios con coronavirus que el Gobierno alem\u00e1n tiene previsto poner en marcha la semana pr\u00f3xima es estable y segura, adem\u00e1s de no espiar a los usuarios, seg\u00fan dijo hoy a dpa el director de la empresa de certificaci\u00f3n tecnol\u00f3gica T\u00dcV-IT, Dirk Kretzschmar. El an\u00e1lisis t\u00e9cnico","canonical_url":"https:\/\/eldigitaldeasturias.com\/radio\/certifican-que-la-app-alemana-de-control-de-covid-19-es-estable-y-segura\/","robots":"max-image-preview:large","keywords":"noticias","webmasterTools":{"google-site-verification":"UA-38556648-1","miscellaneous":""},"schema":{"@context":"https:\/\/schema.org","@graph":[{"@type":"BreadcrumbList","@id":"https:\/\/eldigitaldeasturias.com\/radio\/certifican-que-la-app-alemana-de-control-de-covid-19-es-estable-y-segura\/#breadcrumblist","itemListElement":[{"@type":"ListItem","@id":"https:\/\/eldigitaldeasturias.com\/radio#listItem","position":1,"name":"Inicio","item":"https:\/\/eldigitaldeasturias.com\/radio","nextItem":{"@type":"ListItem","@id":"https:\/\/eldigitaldeasturias.com\/radio\/category\/noticias\/#listItem","name":"Noticias"}},{"@type":"ListItem","@id":"https:\/\/eldigitaldeasturias.com\/radio\/category\/noticias\/#listItem","position":2,"name":"Noticias","item":"https:\/\/eldigitaldeasturias.com\/radio\/category\/noticias\/","nextItem":{"@type":"ListItem","@id":"https:\/\/eldigitaldeasturias.com\/radio\/certifican-que-la-app-alemana-de-control-de-covid-19-es-estable-y-segura\/#listItem","name":"Certifican que la app alemana de control de covid-19 es estable y segura"},"previousItem":{"@type":"ListItem","@id":"https:\/\/eldigitaldeasturias.com\/radio#listItem","name":"Inicio"}},{"@type":"ListItem","@id":"https:\/\/eldigitaldeasturias.com\/radio\/certifican-que-la-app-alemana-de-control-de-covid-19-es-estable-y-segura\/#listItem","position":3,"name":"Certifican que la app alemana de control de covid-19 es estable y segura","previousItem":{"@type":"ListItem","@id":"https:\/\/eldigitaldeasturias.com\/radio\/category\/noticias\/#listItem","name":"Noticias"}}]},{"@type":"NewsArticle","@id":"https:\/\/eldigitaldeasturias.com\/radio\/certifican-que-la-app-alemana-de-control-de-covid-19-es-estable-y-segura\/#newsarticle","name":"Certifican que la app alemana de control de covid-19 es estable y segura | El Digital de Asturias","headline":"Certifican que la app alemana de control de covid-19 es estable y segura","author":{"@id":"https:\/\/eldigitaldeasturias.com\/radio\/author\/nbasturias\/#author"},"publisher":{"@id":"https:\/\/eldigitaldeasturias.com\/radio\/#organization"},"image":{"@type":"ImageObject","url":"https:\/\/eldigitaldeasturias.com\/radio\/wp-content\/uploads\/2020\/06\/connection-4884862_640.jpg","width":640,"height":436},"datePublished":"2020-06-20T01:03:36+02:00","dateModified":"2020-06-20T01:03:36+02:00","inLanguage":"es-ES","mainEntityOfPage":{"@id":"https:\/\/eldigitaldeasturias.com\/radio\/certifican-que-la-app-alemana-de-control-de-covid-19-es-estable-y-segura\/#webpage"},"isPartOf":{"@id":"https:\/\/eldigitaldeasturias.com\/radio\/certifican-que-la-app-alemana-de-control-de-covid-19-es-estable-y-segura\/#webpage"},"articleSection":"Noticias","dateline":"Publicado el junio 20, 2020."},{"@type":"Organization","@id":"https:\/\/eldigitaldeasturias.com\/radio\/#organization","name":"El digital de Asturias Radio","description":"Diario de informaci\u00f3n y noticias","url":"https:\/\/eldigitaldeasturias.com\/radio\/","telephone":"+34652131393","logo":{"@type":"ImageObject","url":"https:\/\/www.eldigitaldeasturias.com\/radio\/wp-content\/uploads\/2021\/03\/EDA.jpg","@id":"https:\/\/eldigitaldeasturias.com\/radio\/certifican-que-la-app-alemana-de-control-de-covid-19-es-estable-y-segura\/#organizationLogo"},"image":{"@id":"https:\/\/eldigitaldeasturias.com\/radio\/certifican-que-la-app-alemana-de-control-de-covid-19-es-estable-y-segura\/#organizationLogo"},"sameAs":["https:\/\/www.facebook.com\/","https:\/\/x.com\/bercodi","https:\/\/www.instagram.com\/","https:\/\/www.youtube.com\/channel\/UCZP-2wLEB9Rv6erhFmqVnvg"]},{"@type":"Person","@id":"https:\/\/eldigitaldeasturias.com\/radio\/author\/nbasturias\/#author","url":"https:\/\/eldigitaldeasturias.com\/radio\/author\/nbasturias\/","name":"NBAsturias","image":{"@type":"ImageObject","@id":"https:\/\/eldigitaldeasturias.com\/radio\/certifican-que-la-app-alemana-de-control-de-covid-19-es-estable-y-segura\/#authorImage","url":"https:\/\/secure.gravatar.com\/avatar\/df2aeffc32bcd13f8d26072ef8a91b623d677766deac7f97ca815868cd41bf5e?s=96&d=mm&r=g","width":96,"height":96,"caption":"NBAsturias"}},{"@type":"WebPage","@id":"https:\/\/eldigitaldeasturias.com\/radio\/certifican-que-la-app-alemana-de-control-de-covid-19-es-estable-y-segura\/#webpage","url":"https:\/\/eldigitaldeasturias.com\/radio\/certifican-que-la-app-alemana-de-control-de-covid-19-es-estable-y-segura\/","name":"Certifican que la app alemana de control de covid-19 es estable y segura | El Digital de Asturias","description":"Berl\u00edn, 13 jun (dpa) \u2013 La app de control de contagios con coronavirus que el Gobierno alem\u00e1n tiene previsto poner en marcha la semana pr\u00f3xima es estable y segura, adem\u00e1s de no espiar a los usuarios, seg\u00fan dijo hoy a dpa el director de la empresa de certificaci\u00f3n tecnol\u00f3gica T\u00dcV-IT, Dirk Kretzschmar. El an\u00e1lisis t\u00e9cnico","inLanguage":"es-ES","isPartOf":{"@id":"https:\/\/eldigitaldeasturias.com\/radio\/#website"},"breadcrumb":{"@id":"https:\/\/eldigitaldeasturias.com\/radio\/certifican-que-la-app-alemana-de-control-de-covid-19-es-estable-y-segura\/#breadcrumblist"},"author":{"@id":"https:\/\/eldigitaldeasturias.com\/radio\/author\/nbasturias\/#author"},"creator":{"@id":"https:\/\/eldigitaldeasturias.com\/radio\/author\/nbasturias\/#author"},"image":{"@type":"ImageObject","url":"https:\/\/eldigitaldeasturias.com\/radio\/wp-content\/uploads\/2020\/06\/connection-4884862_640.jpg","@id":"https:\/\/eldigitaldeasturias.com\/radio\/certifican-que-la-app-alemana-de-control-de-covid-19-es-estable-y-segura\/#mainImage","width":640,"height":436},"primaryImageOfPage":{"@id":"https:\/\/eldigitaldeasturias.com\/radio\/certifican-que-la-app-alemana-de-control-de-covid-19-es-estable-y-segura\/#mainImage"},"datePublished":"2020-06-20T01:03:36+02:00","dateModified":"2020-06-20T01:03:36+02:00"},{"@type":"WebSite","@id":"https:\/\/eldigitaldeasturias.com\/radio\/#website","url":"https:\/\/eldigitaldeasturias.com\/radio\/","name":"El Digital de Asturias","description":"Diario de informaci\u00f3n y noticias","inLanguage":"es-ES","publisher":{"@id":"https:\/\/eldigitaldeasturias.com\/radio\/#organization"}}]},"og:locale":"es_ES","og:site_name":"El Digital de Asturias | Diario de informaci\u00f3n y noticias","og:type":"article","og:title":"Certifican que la app alemana de control de covid-19 es estable y segura | El Digital de Asturias","og:description":"Berl\u00edn, 13 jun (dpa) \u2013 La app de control de contagios con coronavirus que el Gobierno alem\u00e1n tiene previsto poner en marcha la semana pr\u00f3xima es estable y segura, adem\u00e1s de no espiar a los usuarios, seg\u00fan dijo hoy a dpa el director de la empresa de certificaci\u00f3n tecnol\u00f3gica T\u00dcV-IT, Dirk Kretzschmar. El an\u00e1lisis t\u00e9cnico","og:url":"https:\/\/eldigitaldeasturias.com\/radio\/certifican-que-la-app-alemana-de-control-de-covid-19-es-estable-y-segura\/","og:image":"https:\/\/eldigitaldeasturias.com\/radio\/wp-content\/uploads\/2020\/06\/connection-4884862_640.jpg","og:image:secure_url":"https:\/\/eldigitaldeasturias.com\/radio\/wp-content\/uploads\/2020\/06\/connection-4884862_640.jpg","og:image:width":640,"og:image:height":436,"article:published_time":"2020-06-20T01:03:36+00:00","article:modified_time":"2020-06-20T01:03:36+00:00","twitter:card":"summary_large_image","twitter:site":"@bercodi","twitter:title":"Certifican que la app alemana de control de covid-19 es estable y segura | El Digital de Asturias","twitter:description":"Berl\u00edn, 13 jun (dpa) \u2013 La app de control de contagios con coronavirus que el Gobierno alem\u00e1n tiene previsto poner en marcha la semana pr\u00f3xima es estable y segura, adem\u00e1s de no espiar a los usuarios, seg\u00fan dijo hoy a dpa el director de la empresa de certificaci\u00f3n tecnol\u00f3gica T\u00dcV-IT, Dirk Kretzschmar. El an\u00e1lisis t\u00e9cnico","twitter:creator":"@bercodi","twitter:image":"https:\/\/eldigitaldeasturias.com\/radio\/wp-content\/uploads\/2020\/06\/connection-4884862_640.jpg"},"aioseo_meta_data":{"post_id":"4519","title":null,"description":null,"keywords":null,"keyphrases":null,"primary_term":null,"canonical_url":null,"og_title":null,"og_description":null,"og_object_type":"default","og_image_type":"default","og_image_url":null,"og_image_width":null,"og_image_height":null,"og_image_custom_url":null,"og_image_custom_fields":null,"og_video":null,"og_custom_url":null,"og_article_section":null,"og_article_tags":null,"twitter_use_og":false,"twitter_card":"default","twitter_image_type":"default","twitter_image_url":null,"twitter_image_custom_url":null,"twitter_image_custom_fields":null,"twitter_title":null,"twitter_description":null,"schema":{"blockGraphs":[],"customGraphs":[],"default":{"data":{"Article":[],"Course":[],"Dataset":[],"FAQPage":[],"Movie":[],"Person":[],"Product":[],"ProductReview":[],"Car":[],"Recipe":[],"Service":[],"SoftwareApplication":[],"WebPage":[]},"graphName":"","isEnabled":true},"graphs":[]},"schema_type":null,"schema_type_options":null,"pillar_content":false,"robots_default":true,"robots_noindex":false,"robots_noarchive":false,"robots_nosnippet":false,"robots_nofollow":false,"robots_noimageindex":false,"robots_noodp":false,"robots_notranslate":false,"robots_max_snippet":null,"robots_max_videopreview":null,"robots_max_imagepreview":"large","priority":null,"frequency":null,"location":null,"local_seo":null,"seo_analyzer_scan_date":"2025-08-28 16:10:55","breadcrumb_settings":null,"limit_modified_date":false,"open_ai":null,"ai":null,"created":"2021-03-26 10:53:27","updated":"2025-08-28 16:10:55"},"aioseo_breadcrumb":"<div class=\"aioseo-breadcrumbs\"><span class=\"aioseo-breadcrumb\">\n\t<a href=\"https:\/\/eldigitaldeasturias.com\/radio\" title=\"Inicio\">Inicio<\/a>\n<\/span><span class=\"aioseo-breadcrumb-separator\">&ndash;<\/span><span class=\"aioseo-breadcrumb\">\n\t<a href=\"https:\/\/eldigitaldeasturias.com\/radio\/category\/noticias\/\" title=\"Noticias\">Noticias<\/a>\n<\/span><span class=\"aioseo-breadcrumb-separator\">&ndash;<\/span><span class=\"aioseo-breadcrumb\">\n\tCertifican que la app alemana de control de covid-19 es estable y segura\n<\/span><\/div>","aioseo_breadcrumb_json":[{"label":"Inicio","link":"https:\/\/eldigitaldeasturias.com\/radio"},{"label":"Noticias","link":"https:\/\/eldigitaldeasturias.com\/radio\/category\/noticias\/"},{"label":"Certifican que la app alemana de control de covid-19 es estable y segura","link":"https:\/\/eldigitaldeasturias.com\/radio\/certifican-que-la-app-alemana-de-control-de-covid-19-es-estable-y-segura\/"}],"_links":{"self":[{"href":"https:\/\/eldigitaldeasturias.com\/radio\/wp-json\/wp\/v2\/posts\/4519","targetHints":{"allow":["GET"]}}],"collection":[{"href":"https:\/\/eldigitaldeasturias.com\/radio\/wp-json\/wp\/v2\/posts"}],"about":[{"href":"https:\/\/eldigitaldeasturias.com\/radio\/wp-json\/wp\/v2\/types\/post"}],"author":[{"embeddable":true,"href":"https:\/\/eldigitaldeasturias.com\/radio\/wp-json\/wp\/v2\/users\/1"}],"replies":[{"embeddable":true,"href":"https:\/\/eldigitaldeasturias.com\/radio\/wp-json\/wp\/v2\/comments?post=4519"}],"version-history":[{"count":0,"href":"https:\/\/eldigitaldeasturias.com\/radio\/wp-json\/wp\/v2\/posts\/4519\/revisions"}],"wp:featuredmedia":[{"embeddable":true,"href":"https:\/\/eldigitaldeasturias.com\/radio\/wp-json\/wp\/v2\/media\/4405"}],"wp:attachment":[{"href":"https:\/\/eldigitaldeasturias.com\/radio\/wp-json\/wp\/v2\/media?parent=4519"}],"wp:term":[{"taxonomy":"category","embeddable":true,"href":"https:\/\/eldigitaldeasturias.com\/radio\/wp-json\/wp\/v2\/categories?post=4519"},{"taxonomy":"post_tag","embeddable":true,"href":"https:\/\/eldigitaldeasturias.com\/radio\/wp-json\/wp\/v2\/tags?post=4519"}],"curies":[{"name":"wp","href":"https:\/\/api.w.org\/{rel}","templated":true}]}}