{"id":4517,"date":"2020-06-20T01:02:40","date_gmt":"2020-06-20T01:02:40","guid":{"rendered":"http:\/\/www.eldigitaldeasturias.com\/radio\/?p=4517"},"modified":"2020-06-20T01:02:40","modified_gmt":"2020-06-20T01:02:40","slug":"proponen-personalizar-las-entradas-para-partidos-de-la-bundesliga","status":"publish","type":"post","link":"https:\/\/eldigitaldeasturias.com\/radio\/proponen-personalizar-las-entradas-para-partidos-de-la-bundesliga\/","title":{"rendered":"Proponen personalizar las entradas para partidos de la Bundesliga"},"content":{"rendered":"<p><img fetchpriority=\"high\" decoding=\"async\" class=\"alignleft size-medium wp-image-72\" src=\"http:\/\/www.eldigitaldeasturias.com\/radio\/wp-content\/uploads\/2018\/03\/football-1406106_1280-360x241.jpg\" alt=\"\" width=\"360\" height=\"241\" srcset=\"https:\/\/eldigitaldeasturias.com\/radio\/wp-content\/uploads\/2018\/03\/football-1406106_1280-360x241.jpg 360w, https:\/\/eldigitaldeasturias.com\/radio\/wp-content\/uploads\/2018\/03\/football-1406106_1280-1024x686.jpg 1024w, https:\/\/eldigitaldeasturias.com\/radio\/wp-content\/uploads\/2018\/03\/football-1406106_1280-768x514.jpg 768w, https:\/\/eldigitaldeasturias.com\/radio\/wp-content\/uploads\/2018\/03\/football-1406106_1280.jpg 1280w\" sizes=\"(max-width: 360px) 100vw, 360px\" \/>Stuttgart, 13 jun (dpa) &#8211; El ministro del Interior del estado federado alem\u00e1n de Baden-Wurtemberg, Thomas Strobl, es partidario de que las entradas para los partidos de f\u00fatbol de la Bundesliga sean personalizadas, seg\u00fan declar\u00f3 a dpa.<\/p>\n<p>El pol\u00edtico conservador se\u00f1al\u00f3 que el objetivo de esta medida ser\u00eda identificar en los estadios a los resposables de c\u00e1nticos y burlas, actitudes que pueden ser constitutivas de delito.<\/p>\n<p>\u00abEs del todo inaceptable que en los partidos de f\u00fatbol el racismo se manifieste abiertamente, atacando a personas completamente inocentes solo porque su origen o color de piel es diferente\u00bb, denunci\u00f3 Strobl.<\/p>\n<p>En la conferencia de ministros alemanes del Interior, que tendr\u00e1 lugar del 17 al 19 de junio, se discutir\u00e1 entre otros temas si las entradas para los partidos de las ligas profesionales de f\u00fatbol solo puedan expedirse de forma personalizada.<\/p>\n<p>\u00abEl riesgo de ser pillado como autor y de recibir sanciones penales considerables era y es uno de los mejores modos de prevenir estos delitos\u00bb, prosigui\u00f3 Strobl. Hasta ahora, los responsables de estas conductas eran dif\u00edcilmente identificados.<\/p>\n<p>Su ministerio explic\u00f3 que dispone de v\u00eddeos con im\u00e1genes de la mayor\u00eda de infractores. Sin embargo, reconoci\u00f3 que los autores son dif\u00edcilmente identificables, algo incluso imposible, debido a que unas veces iban enmascarados y otras estaban ocultos tras pancartas.<\/p>\n<p>Un grupo de trabajo deber\u00e1 examinar la posibilidad de instarurar este sistema de entradas personalizadas.<\/p>\n<p>El ministerio cit\u00f3 como ejemplo el partido que jugaron el 29 de febrero el Hoffenheim y el Bayern M\u00fanich en Sinsheim, en el mismo estado de Baden-Wurtemberg. Los aficionados del club muniqu\u00e9s insultaron gravemente al patrocinador del conjunto local, Dietmar Hopp.<\/p>\n<p>El partido en casa del Hoffenheim fue interrumpido dos veces por el \u00e1rbitro Christian Dingert. En los \u00faltimos 13 minutos, ambos equipos se pasaron la pelota entre ellos sin intenci\u00f3n de jugarla.<\/p>\n","protected":false},"excerpt":{"rendered":"<p>Stuttgart, 13 jun (dpa) &#8211; El ministro del Interior del estado federado alem\u00e1n de Baden-Wurtemberg, Thomas Strobl, es partidario de que las entradas para los partidos de f\u00fatbol de la Bundesliga sean personalizadas, seg\u00fan declar\u00f3 a dpa. El pol\u00edtico conservador se\u00f1al\u00f3 que el objetivo de esta medida ser\u00eda identificar en los estadios a los resposables<\/p>\n","protected":false},"author":1,"featured_media":72,"comment_status":"closed","ping_status":"closed","sticky":false,"template":"","format":"standard","meta":{"footnotes":""},"categories":[1],"tags":[],"class_list":{"0":"post-4517","1":"post","2":"type-post","3":"status-publish","4":"format-standard","5":"has-post-thumbnail","7":"category-noticias"},"aioseo_notices":[],"aioseo_head":"\n\t\t<!-- All in One SEO Pro 4.9.6.2 - aioseo.com -->\n\t<meta name=\"description\" content=\"Stuttgart, 13 jun (dpa) - El ministro del Interior del estado federado alem\u00e1n de Baden-Wurtemberg, Thomas Strobl, es partidario de que las entradas para los partidos de f\u00fatbol de la Bundesliga sean personalizadas, seg\u00fan declar\u00f3 a dpa. El pol\u00edtico conservador se\u00f1al\u00f3 que el objetivo de esta medida ser\u00eda identificar en los estadios a los resposables\" \/>\n\t<meta name=\"robots\" content=\"max-image-preview:large\" \/>\n\t<meta name=\"author\" content=\"NBAsturias\"\/>\n\t<meta name=\"google-site-verification\" content=\"UA-38556648-1\" \/>\n\t<meta name=\"keywords\" content=\"noticias\" \/>\n\t<link rel=\"canonical\" href=\"https:\/\/eldigitaldeasturias.com\/radio\/proponen-personalizar-las-entradas-para-partidos-de-la-bundesliga\/\" \/>\n\t<meta name=\"generator\" content=\"All in One SEO Pro (AIOSEO) 4.9.6.2\" \/>\n\t\t<meta property=\"og:locale\" content=\"es_ES\" \/>\n\t\t<meta property=\"og:site_name\" content=\"El Digital de Asturias | Diario de informaci\u00f3n y noticias\" \/>\n\t\t<meta property=\"og:type\" content=\"article\" \/>\n\t\t<meta property=\"og:title\" content=\"Proponen personalizar las entradas para partidos de la Bundesliga | El Digital de Asturias\" \/>\n\t\t<meta property=\"og:description\" content=\"Stuttgart, 13 jun (dpa) - El ministro del Interior del estado federado alem\u00e1n de Baden-Wurtemberg, Thomas Strobl, es partidario de que las entradas para los partidos de f\u00fatbol de la Bundesliga sean personalizadas, seg\u00fan declar\u00f3 a dpa. El pol\u00edtico conservador se\u00f1al\u00f3 que el objetivo de esta medida ser\u00eda identificar en los estadios a los resposables\" \/>\n\t\t<meta property=\"og:url\" content=\"https:\/\/eldigitaldeasturias.com\/radio\/proponen-personalizar-las-entradas-para-partidos-de-la-bundesliga\/\" \/>\n\t\t<meta property=\"og:image\" content=\"https:\/\/eldigitaldeasturias.com\/radio\/wp-content\/uploads\/2018\/03\/football-1406106_1280.jpg\" \/>\n\t\t<meta property=\"og:image:secure_url\" content=\"https:\/\/eldigitaldeasturias.com\/radio\/wp-content\/uploads\/2018\/03\/football-1406106_1280.jpg\" \/>\n\t\t<meta property=\"og:image:width\" content=\"1280\" \/>\n\t\t<meta property=\"og:image:height\" content=\"857\" \/>\n\t\t<meta property=\"article:published_time\" content=\"2020-06-20T01:02:40+00:00\" \/>\n\t\t<meta property=\"article:modified_time\" content=\"2020-06-20T01:02:40+00:00\" \/>\n\t\t<meta name=\"twitter:card\" content=\"summary_large_image\" \/>\n\t\t<meta name=\"twitter:site\" content=\"@bercodi\" \/>\n\t\t<meta name=\"twitter:title\" content=\"Proponen personalizar las entradas para partidos de la Bundesliga | El Digital de Asturias\" \/>\n\t\t<meta name=\"twitter:description\" content=\"Stuttgart, 13 jun (dpa) - El ministro del Interior del estado federado alem\u00e1n de Baden-Wurtemberg, Thomas Strobl, es partidario de que las entradas para los partidos de f\u00fatbol de la Bundesliga sean personalizadas, seg\u00fan declar\u00f3 a dpa. El pol\u00edtico conservador se\u00f1al\u00f3 que el objetivo de esta medida ser\u00eda identificar en los estadios a los resposables\" \/>\n\t\t<meta name=\"twitter:creator\" content=\"@bercodi\" \/>\n\t\t<meta name=\"twitter:image\" content=\"https:\/\/eldigitaldeasturias.com\/radio\/wp-content\/uploads\/2018\/03\/football-1406106_1280.jpg\" \/>\n\t\t<script type=\"application\/ld+json\" class=\"aioseo-schema\">\n\t\t\t{\"@context\":\"https:\\\/\\\/schema.org\",\"@graph\":[{\"@type\":\"BreadcrumbList\",\"@id\":\"https:\\\/\\\/eldigitaldeasturias.com\\\/radio\\\/proponen-personalizar-las-entradas-para-partidos-de-la-bundesliga\\\/#breadcrumblist\",\"itemListElement\":[{\"@type\":\"ListItem\",\"@id\":\"https:\\\/\\\/eldigitaldeasturias.com\\\/radio#listItem\",\"position\":1,\"name\":\"Inicio\",\"item\":\"https:\\\/\\\/eldigitaldeasturias.com\\\/radio\",\"nextItem\":{\"@type\":\"ListItem\",\"@id\":\"https:\\\/\\\/eldigitaldeasturias.com\\\/radio\\\/category\\\/noticias\\\/#listItem\",\"name\":\"Noticias\"}},{\"@type\":\"ListItem\",\"@id\":\"https:\\\/\\\/eldigitaldeasturias.com\\\/radio\\\/category\\\/noticias\\\/#listItem\",\"position\":2,\"name\":\"Noticias\",\"item\":\"https:\\\/\\\/eldigitaldeasturias.com\\\/radio\\\/category\\\/noticias\\\/\",\"nextItem\":{\"@type\":\"ListItem\",\"@id\":\"https:\\\/\\\/eldigitaldeasturias.com\\\/radio\\\/proponen-personalizar-las-entradas-para-partidos-de-la-bundesliga\\\/#listItem\",\"name\":\"Proponen personalizar las entradas para partidos de la Bundesliga\"},\"previousItem\":{\"@type\":\"ListItem\",\"@id\":\"https:\\\/\\\/eldigitaldeasturias.com\\\/radio#listItem\",\"name\":\"Inicio\"}},{\"@type\":\"ListItem\",\"@id\":\"https:\\\/\\\/eldigitaldeasturias.com\\\/radio\\\/proponen-personalizar-las-entradas-para-partidos-de-la-bundesliga\\\/#listItem\",\"position\":3,\"name\":\"Proponen personalizar las entradas para partidos de la Bundesliga\",\"previousItem\":{\"@type\":\"ListItem\",\"@id\":\"https:\\\/\\\/eldigitaldeasturias.com\\\/radio\\\/category\\\/noticias\\\/#listItem\",\"name\":\"Noticias\"}}]},{\"@type\":\"NewsArticle\",\"@id\":\"https:\\\/\\\/eldigitaldeasturias.com\\\/radio\\\/proponen-personalizar-las-entradas-para-partidos-de-la-bundesliga\\\/#newsarticle\",\"name\":\"Proponen personalizar las entradas para partidos de la Bundesliga | El Digital de Asturias\",\"headline\":\"Proponen personalizar las entradas para partidos de la Bundesliga\",\"author\":{\"@id\":\"https:\\\/\\\/eldigitaldeasturias.com\\\/radio\\\/author\\\/nbasturias\\\/#author\"},\"publisher\":{\"@id\":\"https:\\\/\\\/eldigitaldeasturias.com\\\/radio\\\/#organization\"},\"image\":{\"@type\":\"ImageObject\",\"url\":\"https:\\\/\\\/eldigitaldeasturias.com\\\/radio\\\/wp-content\\\/uploads\\\/2018\\\/03\\\/football-1406106_1280.jpg\",\"width\":1280,\"height\":857},\"datePublished\":\"2020-06-20T01:02:40+02:00\",\"dateModified\":\"2020-06-20T01:02:40+02:00\",\"inLanguage\":\"es-ES\",\"mainEntityOfPage\":{\"@id\":\"https:\\\/\\\/eldigitaldeasturias.com\\\/radio\\\/proponen-personalizar-las-entradas-para-partidos-de-la-bundesliga\\\/#webpage\"},\"isPartOf\":{\"@id\":\"https:\\\/\\\/eldigitaldeasturias.com\\\/radio\\\/proponen-personalizar-las-entradas-para-partidos-de-la-bundesliga\\\/#webpage\"},\"articleSection\":\"Noticias\",\"dateline\":\"Publicado el junio 20, 2020.\"},{\"@type\":\"Organization\",\"@id\":\"https:\\\/\\\/eldigitaldeasturias.com\\\/radio\\\/#organization\",\"name\":\"El digital de Asturias Radio\",\"description\":\"Diario de informaci\\u00f3n y noticias\",\"url\":\"https:\\\/\\\/eldigitaldeasturias.com\\\/radio\\\/\",\"telephone\":\"+34652131393\",\"logo\":{\"@type\":\"ImageObject\",\"url\":\"https:\\\/\\\/www.eldigitaldeasturias.com\\\/radio\\\/wp-content\\\/uploads\\\/2021\\\/03\\\/EDA.jpg\",\"@id\":\"https:\\\/\\\/eldigitaldeasturias.com\\\/radio\\\/proponen-personalizar-las-entradas-para-partidos-de-la-bundesliga\\\/#organizationLogo\"},\"image\":{\"@id\":\"https:\\\/\\\/eldigitaldeasturias.com\\\/radio\\\/proponen-personalizar-las-entradas-para-partidos-de-la-bundesliga\\\/#organizationLogo\"},\"sameAs\":[\"https:\\\/\\\/www.facebook.com\\\/\",\"https:\\\/\\\/x.com\\\/bercodi\",\"https:\\\/\\\/www.instagram.com\\\/\",\"https:\\\/\\\/www.youtube.com\\\/channel\\\/UCZP-2wLEB9Rv6erhFmqVnvg\"]},{\"@type\":\"Person\",\"@id\":\"https:\\\/\\\/eldigitaldeasturias.com\\\/radio\\\/author\\\/nbasturias\\\/#author\",\"url\":\"https:\\\/\\\/eldigitaldeasturias.com\\\/radio\\\/author\\\/nbasturias\\\/\",\"name\":\"NBAsturias\",\"image\":{\"@type\":\"ImageObject\",\"@id\":\"https:\\\/\\\/eldigitaldeasturias.com\\\/radio\\\/proponen-personalizar-las-entradas-para-partidos-de-la-bundesliga\\\/#authorImage\",\"url\":\"https:\\\/\\\/secure.gravatar.com\\\/avatar\\\/df2aeffc32bcd13f8d26072ef8a91b623d677766deac7f97ca815868cd41bf5e?s=96&d=mm&r=g\",\"width\":96,\"height\":96,\"caption\":\"NBAsturias\"}},{\"@type\":\"WebPage\",\"@id\":\"https:\\\/\\\/eldigitaldeasturias.com\\\/radio\\\/proponen-personalizar-las-entradas-para-partidos-de-la-bundesliga\\\/#webpage\",\"url\":\"https:\\\/\\\/eldigitaldeasturias.com\\\/radio\\\/proponen-personalizar-las-entradas-para-partidos-de-la-bundesliga\\\/\",\"name\":\"Proponen personalizar las entradas para partidos de la Bundesliga | El Digital de Asturias\",\"description\":\"Stuttgart, 13 jun (dpa) - El ministro del Interior del estado federado alem\\u00e1n de Baden-Wurtemberg, Thomas Strobl, es partidario de que las entradas para los partidos de f\\u00fatbol de la Bundesliga sean personalizadas, seg\\u00fan declar\\u00f3 a dpa. El pol\\u00edtico conservador se\\u00f1al\\u00f3 que el objetivo de esta medida ser\\u00eda identificar en los estadios a los resposables\",\"inLanguage\":\"es-ES\",\"isPartOf\":{\"@id\":\"https:\\\/\\\/eldigitaldeasturias.com\\\/radio\\\/#website\"},\"breadcrumb\":{\"@id\":\"https:\\\/\\\/eldigitaldeasturias.com\\\/radio\\\/proponen-personalizar-las-entradas-para-partidos-de-la-bundesliga\\\/#breadcrumblist\"},\"author\":{\"@id\":\"https:\\\/\\\/eldigitaldeasturias.com\\\/radio\\\/author\\\/nbasturias\\\/#author\"},\"creator\":{\"@id\":\"https:\\\/\\\/eldigitaldeasturias.com\\\/radio\\\/author\\\/nbasturias\\\/#author\"},\"image\":{\"@type\":\"ImageObject\",\"url\":\"https:\\\/\\\/eldigitaldeasturias.com\\\/radio\\\/wp-content\\\/uploads\\\/2018\\\/03\\\/football-1406106_1280.jpg\",\"@id\":\"https:\\\/\\\/eldigitaldeasturias.com\\\/radio\\\/proponen-personalizar-las-entradas-para-partidos-de-la-bundesliga\\\/#mainImage\",\"width\":1280,\"height\":857},\"primaryImageOfPage\":{\"@id\":\"https:\\\/\\\/eldigitaldeasturias.com\\\/radio\\\/proponen-personalizar-las-entradas-para-partidos-de-la-bundesliga\\\/#mainImage\"},\"datePublished\":\"2020-06-20T01:02:40+02:00\",\"dateModified\":\"2020-06-20T01:02:40+02:00\"},{\"@type\":\"WebSite\",\"@id\":\"https:\\\/\\\/eldigitaldeasturias.com\\\/radio\\\/#website\",\"url\":\"https:\\\/\\\/eldigitaldeasturias.com\\\/radio\\\/\",\"name\":\"El Digital de Asturias\",\"description\":\"Diario de informaci\\u00f3n y noticias\",\"inLanguage\":\"es-ES\",\"publisher\":{\"@id\":\"https:\\\/\\\/eldigitaldeasturias.com\\\/radio\\\/#organization\"}}]}\n\t\t<\/script>\n\t\t<!-- All in One SEO Pro -->\r\n\t\t<title>Proponen personalizar las entradas para partidos de la Bundesliga | El Digital de Asturias<\/title>\n\n","aioseo_head_json":{"title":"Proponen personalizar las entradas para partidos de la Bundesliga | El Digital de Asturias","description":"Stuttgart, 13 jun (dpa) - El ministro del Interior del estado federado alem\u00e1n de Baden-Wurtemberg, Thomas Strobl, es partidario de que las entradas para los partidos de f\u00fatbol de la Bundesliga sean personalizadas, seg\u00fan declar\u00f3 a dpa. El pol\u00edtico conservador se\u00f1al\u00f3 que el objetivo de esta medida ser\u00eda identificar en los estadios a los resposables","canonical_url":"https:\/\/eldigitaldeasturias.com\/radio\/proponen-personalizar-las-entradas-para-partidos-de-la-bundesliga\/","robots":"max-image-preview:large","keywords":"noticias","webmasterTools":{"google-site-verification":"UA-38556648-1","miscellaneous":""},"schema":{"@context":"https:\/\/schema.org","@graph":[{"@type":"BreadcrumbList","@id":"https:\/\/eldigitaldeasturias.com\/radio\/proponen-personalizar-las-entradas-para-partidos-de-la-bundesliga\/#breadcrumblist","itemListElement":[{"@type":"ListItem","@id":"https:\/\/eldigitaldeasturias.com\/radio#listItem","position":1,"name":"Inicio","item":"https:\/\/eldigitaldeasturias.com\/radio","nextItem":{"@type":"ListItem","@id":"https:\/\/eldigitaldeasturias.com\/radio\/category\/noticias\/#listItem","name":"Noticias"}},{"@type":"ListItem","@id":"https:\/\/eldigitaldeasturias.com\/radio\/category\/noticias\/#listItem","position":2,"name":"Noticias","item":"https:\/\/eldigitaldeasturias.com\/radio\/category\/noticias\/","nextItem":{"@type":"ListItem","@id":"https:\/\/eldigitaldeasturias.com\/radio\/proponen-personalizar-las-entradas-para-partidos-de-la-bundesliga\/#listItem","name":"Proponen personalizar las entradas para partidos de la Bundesliga"},"previousItem":{"@type":"ListItem","@id":"https:\/\/eldigitaldeasturias.com\/radio#listItem","name":"Inicio"}},{"@type":"ListItem","@id":"https:\/\/eldigitaldeasturias.com\/radio\/proponen-personalizar-las-entradas-para-partidos-de-la-bundesliga\/#listItem","position":3,"name":"Proponen personalizar las entradas para partidos de la Bundesliga","previousItem":{"@type":"ListItem","@id":"https:\/\/eldigitaldeasturias.com\/radio\/category\/noticias\/#listItem","name":"Noticias"}}]},{"@type":"NewsArticle","@id":"https:\/\/eldigitaldeasturias.com\/radio\/proponen-personalizar-las-entradas-para-partidos-de-la-bundesliga\/#newsarticle","name":"Proponen personalizar las entradas para partidos de la Bundesliga | El Digital de Asturias","headline":"Proponen personalizar las entradas para partidos de la Bundesliga","author":{"@id":"https:\/\/eldigitaldeasturias.com\/radio\/author\/nbasturias\/#author"},"publisher":{"@id":"https:\/\/eldigitaldeasturias.com\/radio\/#organization"},"image":{"@type":"ImageObject","url":"https:\/\/eldigitaldeasturias.com\/radio\/wp-content\/uploads\/2018\/03\/football-1406106_1280.jpg","width":1280,"height":857},"datePublished":"2020-06-20T01:02:40+02:00","dateModified":"2020-06-20T01:02:40+02:00","inLanguage":"es-ES","mainEntityOfPage":{"@id":"https:\/\/eldigitaldeasturias.com\/radio\/proponen-personalizar-las-entradas-para-partidos-de-la-bundesliga\/#webpage"},"isPartOf":{"@id":"https:\/\/eldigitaldeasturias.com\/radio\/proponen-personalizar-las-entradas-para-partidos-de-la-bundesliga\/#webpage"},"articleSection":"Noticias","dateline":"Publicado el junio 20, 2020."},{"@type":"Organization","@id":"https:\/\/eldigitaldeasturias.com\/radio\/#organization","name":"El digital de Asturias Radio","description":"Diario de informaci\u00f3n y noticias","url":"https:\/\/eldigitaldeasturias.com\/radio\/","telephone":"+34652131393","logo":{"@type":"ImageObject","url":"https:\/\/www.eldigitaldeasturias.com\/radio\/wp-content\/uploads\/2021\/03\/EDA.jpg","@id":"https:\/\/eldigitaldeasturias.com\/radio\/proponen-personalizar-las-entradas-para-partidos-de-la-bundesliga\/#organizationLogo"},"image":{"@id":"https:\/\/eldigitaldeasturias.com\/radio\/proponen-personalizar-las-entradas-para-partidos-de-la-bundesliga\/#organizationLogo"},"sameAs":["https:\/\/www.facebook.com\/","https:\/\/x.com\/bercodi","https:\/\/www.instagram.com\/","https:\/\/www.youtube.com\/channel\/UCZP-2wLEB9Rv6erhFmqVnvg"]},{"@type":"Person","@id":"https:\/\/eldigitaldeasturias.com\/radio\/author\/nbasturias\/#author","url":"https:\/\/eldigitaldeasturias.com\/radio\/author\/nbasturias\/","name":"NBAsturias","image":{"@type":"ImageObject","@id":"https:\/\/eldigitaldeasturias.com\/radio\/proponen-personalizar-las-entradas-para-partidos-de-la-bundesliga\/#authorImage","url":"https:\/\/secure.gravatar.com\/avatar\/df2aeffc32bcd13f8d26072ef8a91b623d677766deac7f97ca815868cd41bf5e?s=96&d=mm&r=g","width":96,"height":96,"caption":"NBAsturias"}},{"@type":"WebPage","@id":"https:\/\/eldigitaldeasturias.com\/radio\/proponen-personalizar-las-entradas-para-partidos-de-la-bundesliga\/#webpage","url":"https:\/\/eldigitaldeasturias.com\/radio\/proponen-personalizar-las-entradas-para-partidos-de-la-bundesliga\/","name":"Proponen personalizar las entradas para partidos de la Bundesliga | El Digital de Asturias","description":"Stuttgart, 13 jun (dpa) - El ministro del Interior del estado federado alem\u00e1n de Baden-Wurtemberg, Thomas Strobl, es partidario de que las entradas para los partidos de f\u00fatbol de la Bundesliga sean personalizadas, seg\u00fan declar\u00f3 a dpa. El pol\u00edtico conservador se\u00f1al\u00f3 que el objetivo de esta medida ser\u00eda identificar en los estadios a los resposables","inLanguage":"es-ES","isPartOf":{"@id":"https:\/\/eldigitaldeasturias.com\/radio\/#website"},"breadcrumb":{"@id":"https:\/\/eldigitaldeasturias.com\/radio\/proponen-personalizar-las-entradas-para-partidos-de-la-bundesliga\/#breadcrumblist"},"author":{"@id":"https:\/\/eldigitaldeasturias.com\/radio\/author\/nbasturias\/#author"},"creator":{"@id":"https:\/\/eldigitaldeasturias.com\/radio\/author\/nbasturias\/#author"},"image":{"@type":"ImageObject","url":"https:\/\/eldigitaldeasturias.com\/radio\/wp-content\/uploads\/2018\/03\/football-1406106_1280.jpg","@id":"https:\/\/eldigitaldeasturias.com\/radio\/proponen-personalizar-las-entradas-para-partidos-de-la-bundesliga\/#mainImage","width":1280,"height":857},"primaryImageOfPage":{"@id":"https:\/\/eldigitaldeasturias.com\/radio\/proponen-personalizar-las-entradas-para-partidos-de-la-bundesliga\/#mainImage"},"datePublished":"2020-06-20T01:02:40+02:00","dateModified":"2020-06-20T01:02:40+02:00"},{"@type":"WebSite","@id":"https:\/\/eldigitaldeasturias.com\/radio\/#website","url":"https:\/\/eldigitaldeasturias.com\/radio\/","name":"El Digital de Asturias","description":"Diario de informaci\u00f3n y noticias","inLanguage":"es-ES","publisher":{"@id":"https:\/\/eldigitaldeasturias.com\/radio\/#organization"}}]},"og:locale":"es_ES","og:site_name":"El Digital de Asturias | Diario de informaci\u00f3n y noticias","og:type":"article","og:title":"Proponen personalizar las entradas para partidos de la Bundesliga | El Digital de Asturias","og:description":"Stuttgart, 13 jun (dpa) - El ministro del Interior del estado federado alem\u00e1n de Baden-Wurtemberg, Thomas Strobl, es partidario de que las entradas para los partidos de f\u00fatbol de la Bundesliga sean personalizadas, seg\u00fan declar\u00f3 a dpa. El pol\u00edtico conservador se\u00f1al\u00f3 que el objetivo de esta medida ser\u00eda identificar en los estadios a los resposables","og:url":"https:\/\/eldigitaldeasturias.com\/radio\/proponen-personalizar-las-entradas-para-partidos-de-la-bundesliga\/","og:image":"https:\/\/eldigitaldeasturias.com\/radio\/wp-content\/uploads\/2018\/03\/football-1406106_1280.jpg","og:image:secure_url":"https:\/\/eldigitaldeasturias.com\/radio\/wp-content\/uploads\/2018\/03\/football-1406106_1280.jpg","og:image:width":1280,"og:image:height":857,"article:published_time":"2020-06-20T01:02:40+00:00","article:modified_time":"2020-06-20T01:02:40+00:00","twitter:card":"summary_large_image","twitter:site":"@bercodi","twitter:title":"Proponen personalizar las entradas para partidos de la Bundesliga | El Digital de Asturias","twitter:description":"Stuttgart, 13 jun (dpa) - El ministro del Interior del estado federado alem\u00e1n de Baden-Wurtemberg, Thomas Strobl, es partidario de que las entradas para los partidos de f\u00fatbol de la Bundesliga sean personalizadas, seg\u00fan declar\u00f3 a dpa. El pol\u00edtico conservador se\u00f1al\u00f3 que el objetivo de esta medida ser\u00eda identificar en los estadios a los resposables","twitter:creator":"@bercodi","twitter:image":"https:\/\/eldigitaldeasturias.com\/radio\/wp-content\/uploads\/2018\/03\/football-1406106_1280.jpg"},"aioseo_meta_data":{"post_id":"4517","title":null,"description":null,"keywords":null,"keyphrases":null,"primary_term":null,"canonical_url":null,"og_title":null,"og_description":null,"og_object_type":"default","og_image_type":"default","og_image_url":null,"og_image_width":null,"og_image_height":null,"og_image_custom_url":null,"og_image_custom_fields":null,"og_video":null,"og_custom_url":null,"og_article_section":null,"og_article_tags":null,"twitter_use_og":false,"twitter_card":"default","twitter_image_type":"default","twitter_image_url":null,"twitter_image_custom_url":null,"twitter_image_custom_fields":null,"twitter_title":null,"twitter_description":null,"schema":{"blockGraphs":[],"customGraphs":[],"default":{"data":{"Article":[],"Course":[],"Dataset":[],"FAQPage":[],"Movie":[],"Person":[],"Product":[],"ProductReview":[],"Car":[],"Recipe":[],"Service":[],"SoftwareApplication":[],"WebPage":[]},"graphName":"","isEnabled":true},"graphs":[],"defaultGraph":"","defaultPostTypeGraph":""},"schema_type":null,"schema_type_options":null,"pillar_content":false,"robots_default":true,"robots_noindex":false,"robots_noarchive":false,"robots_nosnippet":false,"robots_nofollow":false,"robots_noimageindex":false,"robots_noodp":false,"robots_notranslate":false,"robots_max_snippet":null,"robots_max_videopreview":null,"robots_max_imagepreview":"large","priority":null,"frequency":null,"location":null,"local_seo":null,"seo_analyzer_scan_date":"2025-08-28 16:10:54","breadcrumb_settings":null,"limit_modified_date":false,"open_ai":null,"ai":null,"created":"2021-03-26 10:53:27","updated":"2025-08-28 16:10:54"},"aioseo_breadcrumb":"<div class=\"aioseo-breadcrumbs\"><span class=\"aioseo-breadcrumb\">\n\t<a href=\"https:\/\/eldigitaldeasturias.com\/radio\" title=\"Inicio\">Inicio<\/a>\n<\/span><span class=\"aioseo-breadcrumb-separator\">&ndash;<\/span><span class=\"aioseo-breadcrumb\">\n\t<a href=\"https:\/\/eldigitaldeasturias.com\/radio\/category\/noticias\/\" title=\"Noticias\">Noticias<\/a>\n<\/span><span class=\"aioseo-breadcrumb-separator\">&ndash;<\/span><span class=\"aioseo-breadcrumb\">\n\tProponen personalizar las entradas para partidos de la Bundesliga\n<\/span><\/div>","aioseo_breadcrumb_json":[{"label":"Inicio","link":"https:\/\/eldigitaldeasturias.com\/radio"},{"label":"Noticias","link":"https:\/\/eldigitaldeasturias.com\/radio\/category\/noticias\/"},{"label":"Proponen personalizar las entradas para partidos de la Bundesliga","link":"https:\/\/eldigitaldeasturias.com\/radio\/proponen-personalizar-las-entradas-para-partidos-de-la-bundesliga\/"}],"_links":{"self":[{"href":"https:\/\/eldigitaldeasturias.com\/radio\/wp-json\/wp\/v2\/posts\/4517","targetHints":{"allow":["GET"]}}],"collection":[{"href":"https:\/\/eldigitaldeasturias.com\/radio\/wp-json\/wp\/v2\/posts"}],"about":[{"href":"https:\/\/eldigitaldeasturias.com\/radio\/wp-json\/wp\/v2\/types\/post"}],"author":[{"embeddable":true,"href":"https:\/\/eldigitaldeasturias.com\/radio\/wp-json\/wp\/v2\/users\/1"}],"replies":[{"embeddable":true,"href":"https:\/\/eldigitaldeasturias.com\/radio\/wp-json\/wp\/v2\/comments?post=4517"}],"version-history":[{"count":0,"href":"https:\/\/eldigitaldeasturias.com\/radio\/wp-json\/wp\/v2\/posts\/4517\/revisions"}],"wp:featuredmedia":[{"embeddable":true,"href":"https:\/\/eldigitaldeasturias.com\/radio\/wp-json\/wp\/v2\/media\/72"}],"wp:attachment":[{"href":"https:\/\/eldigitaldeasturias.com\/radio\/wp-json\/wp\/v2\/media?parent=4517"}],"wp:term":[{"taxonomy":"category","embeddable":true,"href":"https:\/\/eldigitaldeasturias.com\/radio\/wp-json\/wp\/v2\/categories?post=4517"},{"taxonomy":"post_tag","embeddable":true,"href":"https:\/\/eldigitaldeasturias.com\/radio\/wp-json\/wp\/v2\/tags?post=4517"}],"curies":[{"name":"wp","href":"https:\/\/api.w.org\/{rel}","templated":true}]}}