{"id":4514,"date":"2020-06-20T01:01:27","date_gmt":"2020-06-20T01:01:27","guid":{"rendered":"http:\/\/www.eldigitaldeasturias.com\/radio\/?p=4514"},"modified":"2020-06-20T01:01:27","modified_gmt":"2020-06-20T01:01:27","slug":"experto-advierte-de-posible-ola-de-despidos-en-automotrices-alemanas","status":"publish","type":"post","link":"https:\/\/eldigitaldeasturias.com\/radio\/experto-advierte-de-posible-ola-de-despidos-en-automotrices-alemanas\/","title":{"rendered":"Experto advierte de posible ola de despidos en automotrices alemanas"},"content":{"rendered":"<figure id=\"attachment_4515\" aria-describedby=\"caption-attachment-4515\" style=\"width: 360px\" class=\"wp-caption alignleft\"><img fetchpriority=\"high\" decoding=\"async\" class=\"size-medium wp-image-4515\" src=\"http:\/\/www.eldigitaldeasturias.com\/radio\/wp-content\/uploads\/2020\/06\/empresas-motor-360x227.jpg\" alt=\"\" width=\"360\" height=\"227\" srcset=\"https:\/\/eldigitaldeasturias.com\/radio\/wp-content\/uploads\/2020\/06\/empresas-motor-360x227.jpg 360w, https:\/\/eldigitaldeasturias.com\/radio\/wp-content\/uploads\/2020\/06\/empresas-motor-1024x644.jpg 1024w, https:\/\/eldigitaldeasturias.com\/radio\/wp-content\/uploads\/2020\/06\/empresas-motor-768x483.jpg 768w, https:\/\/eldigitaldeasturias.com\/radio\/wp-content\/uploads\/2020\/06\/empresas-motor.jpg 1052w\" sizes=\"(max-width: 360px) 100vw, 360px\" \/><figcaption id=\"caption-attachment-4515\" class=\"wp-caption-text\">Foto: Hendrik Schmidt\/dpa-Zentralbild\/dpa<\/figcaption><\/figure>\n<p>M\u00fanich, 13 jun (dpa) &#8211; El experto en autom\u00f3viles Ferdinand Dudenh\u00f6ffer estima que la industria automotriz de Alemania \u00abse est\u00e1 dirigiendo del trabajo a jornada reducida a una ola de despidos\u00bb.<\/p>\n<p>Dudenh\u00f6ffer indic\u00f3 que entre enero y finales de mayo solo se produjeron poco menos de 1,2 millones de coches en las f\u00e1bricas germanas, lo que significa un 44 por ciento menos que en el mismo periodo el a\u00f1o pasado.<\/p>\n<p>El experto calcula que la producci\u00f3n total de autom\u00f3viles en Alemania sufrir\u00e1 un retroceso del 26 por ciento hasta los 3,4 millones de coches en 2020, debido a que la demanda en Europa, \u00c1frica y Sudam\u00e9rica sigue siendo d\u00e9bil. Esa ser\u00eda la cifra m\u00e1s baja desde 1974.<\/p>\n<p>\u00abSeg\u00fan nuestras estimaciones, la crisis en Alemania costar\u00e1 m\u00e1s de 100.000 puestos de trabajo en la industria automovil\u00edstica y proveedores\u00bb, se\u00f1al\u00f3 Dudenh\u00f6ffer.<\/p>\n<p>A\u00f1adi\u00f3 que el millonario programa de est\u00edmulo econ\u00f3mico lanzado por el Gobierno a principios de junio dif\u00edcilmente d\u00e9 un impulso al sector automotor, porque al incentivar en mayor medida la compra de coches el\u00e9ctricos solo est\u00e1 promoviendo un nicho de mercado.<\/p>\n<p>Dudenh\u00f6ffer considera que el hecho de que el Partido Socialdem\u00f3crata Alem\u00e1n (SPD), socio de la coalici\u00f3n con los conservadores de la canciller Angela Merkel que gobierna en Berl\u00edn, haya frustrado una prima para la compra de coches con motores de combusti\u00f3n modernos significa una gran desventaja para los fabricantes y proveedores de partes de autom\u00f3viles del pa\u00eds.<\/p>\n<p>En su opini\u00f3n, con un programa de est\u00edmulo econ\u00f3mico mayor se podr\u00edan haber fabricado y vendido 300.000 coches m\u00e1s en Alemania.<\/p>\n","protected":false},"excerpt":{"rendered":"<p>M\u00fanich, 13 jun (dpa) &#8211; El experto en autom\u00f3viles Ferdinand Dudenh\u00f6ffer estima que la industria automotriz de Alemania \u00abse est\u00e1 dirigiendo del trabajo a jornada reducida a una ola de despidos\u00bb. Dudenh\u00f6ffer indic\u00f3 que entre enero y finales de mayo solo se produjeron poco menos de 1,2 millones de coches en las f\u00e1bricas germanas, lo<\/p>\n","protected":false},"author":1,"featured_media":4515,"comment_status":"closed","ping_status":"closed","sticky":false,"template":"","format":"standard","meta":{"footnotes":""},"categories":[35],"tags":[],"class_list":{"0":"post-4514","1":"post","2":"type-post","3":"status-publish","4":"format-standard","5":"has-post-thumbnail","7":"category-negocios"},"aioseo_notices":[],"aioseo_head":"\n\t\t<!-- All in One SEO Pro 4.9.6.2 - aioseo.com -->\n\t<meta name=\"description\" content=\"M\u00fanich, 13 jun (dpa) - El experto en autom\u00f3viles Ferdinand Dudenh\u00f6ffer estima que la industria automotriz de Alemania &quot;se est\u00e1 dirigiendo del trabajo a jornada reducida a una ola de despidos&quot;. Dudenh\u00f6ffer indic\u00f3 que entre enero y finales de mayo solo se produjeron poco menos de 1,2 millones de coches en las f\u00e1bricas germanas, lo\" \/>\n\t<meta name=\"robots\" content=\"max-image-preview:large\" \/>\n\t<meta name=\"author\" content=\"NBAsturias\"\/>\n\t<meta name=\"google-site-verification\" content=\"UA-38556648-1\" \/>\n\t<meta name=\"keywords\" content=\"negocios\" \/>\n\t<link rel=\"canonical\" href=\"https:\/\/eldigitaldeasturias.com\/radio\/experto-advierte-de-posible-ola-de-despidos-en-automotrices-alemanas\/\" \/>\n\t<meta name=\"generator\" content=\"All in One SEO Pro (AIOSEO) 4.9.6.2\" \/>\n\t\t<meta property=\"og:locale\" content=\"es_ES\" \/>\n\t\t<meta property=\"og:site_name\" content=\"El Digital de Asturias | Diario de informaci\u00f3n y noticias\" \/>\n\t\t<meta property=\"og:type\" content=\"article\" \/>\n\t\t<meta property=\"og:title\" content=\"Experto advierte de posible ola de despidos en automotrices alemanas | El Digital de Asturias\" \/>\n\t\t<meta property=\"og:description\" content=\"M\u00fanich, 13 jun (dpa) - El experto en autom\u00f3viles Ferdinand Dudenh\u00f6ffer estima que la industria automotriz de Alemania &quot;se est\u00e1 dirigiendo del trabajo a jornada reducida a una ola de despidos&quot;. Dudenh\u00f6ffer indic\u00f3 que entre enero y finales de mayo solo se produjeron poco menos de 1,2 millones de coches en las f\u00e1bricas germanas, lo\" \/>\n\t\t<meta property=\"og:url\" content=\"https:\/\/eldigitaldeasturias.com\/radio\/experto-advierte-de-posible-ola-de-despidos-en-automotrices-alemanas\/\" \/>\n\t\t<meta property=\"og:image\" content=\"https:\/\/eldigitaldeasturias.com\/radio\/wp-content\/uploads\/2020\/06\/empresas-motor.jpg\" \/>\n\t\t<meta property=\"og:image:secure_url\" content=\"https:\/\/eldigitaldeasturias.com\/radio\/wp-content\/uploads\/2020\/06\/empresas-motor.jpg\" \/>\n\t\t<meta property=\"og:image:width\" content=\"1052\" \/>\n\t\t<meta property=\"og:image:height\" content=\"662\" \/>\n\t\t<meta property=\"article:published_time\" content=\"2020-06-20T01:01:27+00:00\" \/>\n\t\t<meta property=\"article:modified_time\" content=\"2020-06-20T01:01:27+00:00\" \/>\n\t\t<meta name=\"twitter:card\" content=\"summary_large_image\" \/>\n\t\t<meta name=\"twitter:site\" content=\"@bercodi\" \/>\n\t\t<meta name=\"twitter:title\" content=\"Experto advierte de posible ola de despidos en automotrices alemanas | El Digital de Asturias\" \/>\n\t\t<meta name=\"twitter:description\" content=\"M\u00fanich, 13 jun (dpa) - El experto en autom\u00f3viles Ferdinand Dudenh\u00f6ffer estima que la industria automotriz de Alemania &quot;se est\u00e1 dirigiendo del trabajo a jornada reducida a una ola de despidos&quot;. Dudenh\u00f6ffer indic\u00f3 que entre enero y finales de mayo solo se produjeron poco menos de 1,2 millones de coches en las f\u00e1bricas germanas, lo\" \/>\n\t\t<meta name=\"twitter:creator\" content=\"@bercodi\" \/>\n\t\t<meta name=\"twitter:image\" content=\"https:\/\/eldigitaldeasturias.com\/radio\/wp-content\/uploads\/2020\/06\/empresas-motor.jpg\" \/>\n\t\t<script type=\"application\/ld+json\" class=\"aioseo-schema\">\n\t\t\t{\"@context\":\"https:\\\/\\\/schema.org\",\"@graph\":[{\"@type\":\"BreadcrumbList\",\"@id\":\"https:\\\/\\\/eldigitaldeasturias.com\\\/radio\\\/experto-advierte-de-posible-ola-de-despidos-en-automotrices-alemanas\\\/#breadcrumblist\",\"itemListElement\":[{\"@type\":\"ListItem\",\"@id\":\"https:\\\/\\\/eldigitaldeasturias.com\\\/radio#listItem\",\"position\":1,\"name\":\"Inicio\",\"item\":\"https:\\\/\\\/eldigitaldeasturias.com\\\/radio\",\"nextItem\":{\"@type\":\"ListItem\",\"@id\":\"https:\\\/\\\/eldigitaldeasturias.com\\\/radio\\\/category\\\/negocios\\\/#listItem\",\"name\":\"Negocios\"}},{\"@type\":\"ListItem\",\"@id\":\"https:\\\/\\\/eldigitaldeasturias.com\\\/radio\\\/category\\\/negocios\\\/#listItem\",\"position\":2,\"name\":\"Negocios\",\"item\":\"https:\\\/\\\/eldigitaldeasturias.com\\\/radio\\\/category\\\/negocios\\\/\",\"nextItem\":{\"@type\":\"ListItem\",\"@id\":\"https:\\\/\\\/eldigitaldeasturias.com\\\/radio\\\/experto-advierte-de-posible-ola-de-despidos-en-automotrices-alemanas\\\/#listItem\",\"name\":\"Experto advierte de posible ola de despidos en automotrices alemanas\"},\"previousItem\":{\"@type\":\"ListItem\",\"@id\":\"https:\\\/\\\/eldigitaldeasturias.com\\\/radio#listItem\",\"name\":\"Inicio\"}},{\"@type\":\"ListItem\",\"@id\":\"https:\\\/\\\/eldigitaldeasturias.com\\\/radio\\\/experto-advierte-de-posible-ola-de-despidos-en-automotrices-alemanas\\\/#listItem\",\"position\":3,\"name\":\"Experto advierte de posible ola de despidos en automotrices alemanas\",\"previousItem\":{\"@type\":\"ListItem\",\"@id\":\"https:\\\/\\\/eldigitaldeasturias.com\\\/radio\\\/category\\\/negocios\\\/#listItem\",\"name\":\"Negocios\"}}]},{\"@type\":\"NewsArticle\",\"@id\":\"https:\\\/\\\/eldigitaldeasturias.com\\\/radio\\\/experto-advierte-de-posible-ola-de-despidos-en-automotrices-alemanas\\\/#newsarticle\",\"name\":\"Experto advierte de posible ola de despidos en automotrices alemanas | El Digital de Asturias\",\"headline\":\"Experto advierte de posible ola de despidos en automotrices alemanas\",\"author\":{\"@id\":\"https:\\\/\\\/eldigitaldeasturias.com\\\/radio\\\/author\\\/nbasturias\\\/#author\"},\"publisher\":{\"@id\":\"https:\\\/\\\/eldigitaldeasturias.com\\\/radio\\\/#organization\"},\"image\":{\"@type\":\"ImageObject\",\"url\":\"https:\\\/\\\/eldigitaldeasturias.com\\\/radio\\\/wp-content\\\/uploads\\\/2020\\\/06\\\/empresas-motor.jpg\",\"width\":1052,\"height\":662,\"caption\":\"Foto: Hendrik Schmidt\\\/dpa-Zentralbild\\\/dpa\"},\"datePublished\":\"2020-06-20T01:01:27+02:00\",\"dateModified\":\"2020-06-20T01:01:27+02:00\",\"inLanguage\":\"es-ES\",\"mainEntityOfPage\":{\"@id\":\"https:\\\/\\\/eldigitaldeasturias.com\\\/radio\\\/experto-advierte-de-posible-ola-de-despidos-en-automotrices-alemanas\\\/#webpage\"},\"isPartOf\":{\"@id\":\"https:\\\/\\\/eldigitaldeasturias.com\\\/radio\\\/experto-advierte-de-posible-ola-de-despidos-en-automotrices-alemanas\\\/#webpage\"},\"articleSection\":\"Negocios\",\"dateline\":\"Publicado el junio 20, 2020.\"},{\"@type\":\"Organization\",\"@id\":\"https:\\\/\\\/eldigitaldeasturias.com\\\/radio\\\/#organization\",\"name\":\"El digital de Asturias Radio\",\"description\":\"Diario de informaci\\u00f3n y noticias\",\"url\":\"https:\\\/\\\/eldigitaldeasturias.com\\\/radio\\\/\",\"telephone\":\"+34652131393\",\"logo\":{\"@type\":\"ImageObject\",\"url\":\"https:\\\/\\\/www.eldigitaldeasturias.com\\\/radio\\\/wp-content\\\/uploads\\\/2021\\\/03\\\/EDA.jpg\",\"@id\":\"https:\\\/\\\/eldigitaldeasturias.com\\\/radio\\\/experto-advierte-de-posible-ola-de-despidos-en-automotrices-alemanas\\\/#organizationLogo\"},\"image\":{\"@id\":\"https:\\\/\\\/eldigitaldeasturias.com\\\/radio\\\/experto-advierte-de-posible-ola-de-despidos-en-automotrices-alemanas\\\/#organizationLogo\"},\"sameAs\":[\"https:\\\/\\\/www.facebook.com\\\/\",\"https:\\\/\\\/x.com\\\/bercodi\",\"https:\\\/\\\/www.instagram.com\\\/\",\"https:\\\/\\\/www.youtube.com\\\/channel\\\/UCZP-2wLEB9Rv6erhFmqVnvg\"]},{\"@type\":\"Person\",\"@id\":\"https:\\\/\\\/eldigitaldeasturias.com\\\/radio\\\/author\\\/nbasturias\\\/#author\",\"url\":\"https:\\\/\\\/eldigitaldeasturias.com\\\/radio\\\/author\\\/nbasturias\\\/\",\"name\":\"NBAsturias\",\"image\":{\"@type\":\"ImageObject\",\"@id\":\"https:\\\/\\\/eldigitaldeasturias.com\\\/radio\\\/experto-advierte-de-posible-ola-de-despidos-en-automotrices-alemanas\\\/#authorImage\",\"url\":\"https:\\\/\\\/secure.gravatar.com\\\/avatar\\\/df2aeffc32bcd13f8d26072ef8a91b623d677766deac7f97ca815868cd41bf5e?s=96&d=mm&r=g\",\"width\":96,\"height\":96,\"caption\":\"NBAsturias\"}},{\"@type\":\"WebPage\",\"@id\":\"https:\\\/\\\/eldigitaldeasturias.com\\\/radio\\\/experto-advierte-de-posible-ola-de-despidos-en-automotrices-alemanas\\\/#webpage\",\"url\":\"https:\\\/\\\/eldigitaldeasturias.com\\\/radio\\\/experto-advierte-de-posible-ola-de-despidos-en-automotrices-alemanas\\\/\",\"name\":\"Experto advierte de posible ola de despidos en automotrices alemanas | El Digital de Asturias\",\"description\":\"M\\u00fanich, 13 jun (dpa) - El experto en autom\\u00f3viles Ferdinand Dudenh\\u00f6ffer estima que la industria automotriz de Alemania \\\"se est\\u00e1 dirigiendo del trabajo a jornada reducida a una ola de despidos\\\". Dudenh\\u00f6ffer indic\\u00f3 que entre enero y finales de mayo solo se produjeron poco menos de 1,2 millones de coches en las f\\u00e1bricas germanas, lo\",\"inLanguage\":\"es-ES\",\"isPartOf\":{\"@id\":\"https:\\\/\\\/eldigitaldeasturias.com\\\/radio\\\/#website\"},\"breadcrumb\":{\"@id\":\"https:\\\/\\\/eldigitaldeasturias.com\\\/radio\\\/experto-advierte-de-posible-ola-de-despidos-en-automotrices-alemanas\\\/#breadcrumblist\"},\"author\":{\"@id\":\"https:\\\/\\\/eldigitaldeasturias.com\\\/radio\\\/author\\\/nbasturias\\\/#author\"},\"creator\":{\"@id\":\"https:\\\/\\\/eldigitaldeasturias.com\\\/radio\\\/author\\\/nbasturias\\\/#author\"},\"image\":{\"@type\":\"ImageObject\",\"url\":\"https:\\\/\\\/eldigitaldeasturias.com\\\/radio\\\/wp-content\\\/uploads\\\/2020\\\/06\\\/empresas-motor.jpg\",\"@id\":\"https:\\\/\\\/eldigitaldeasturias.com\\\/radio\\\/experto-advierte-de-posible-ola-de-despidos-en-automotrices-alemanas\\\/#mainImage\",\"width\":1052,\"height\":662,\"caption\":\"Foto: Hendrik Schmidt\\\/dpa-Zentralbild\\\/dpa\"},\"primaryImageOfPage\":{\"@id\":\"https:\\\/\\\/eldigitaldeasturias.com\\\/radio\\\/experto-advierte-de-posible-ola-de-despidos-en-automotrices-alemanas\\\/#mainImage\"},\"datePublished\":\"2020-06-20T01:01:27+02:00\",\"dateModified\":\"2020-06-20T01:01:27+02:00\"},{\"@type\":\"WebSite\",\"@id\":\"https:\\\/\\\/eldigitaldeasturias.com\\\/radio\\\/#website\",\"url\":\"https:\\\/\\\/eldigitaldeasturias.com\\\/radio\\\/\",\"name\":\"El Digital de Asturias\",\"description\":\"Diario de informaci\\u00f3n y noticias\",\"inLanguage\":\"es-ES\",\"publisher\":{\"@id\":\"https:\\\/\\\/eldigitaldeasturias.com\\\/radio\\\/#organization\"}}]}\n\t\t<\/script>\n\t\t<!-- All in One SEO Pro -->\r\n\t\t<title>Experto advierte de posible ola de despidos en automotrices alemanas | El Digital de Asturias<\/title>\n\n","aioseo_head_json":{"title":"Experto advierte de posible ola de despidos en automotrices alemanas | El Digital de Asturias","description":"M\u00fanich, 13 jun (dpa) - El experto en autom\u00f3viles Ferdinand Dudenh\u00f6ffer estima que la industria automotriz de Alemania \"se est\u00e1 dirigiendo del trabajo a jornada reducida a una ola de despidos\". Dudenh\u00f6ffer indic\u00f3 que entre enero y finales de mayo solo se produjeron poco menos de 1,2 millones de coches en las f\u00e1bricas germanas, lo","canonical_url":"https:\/\/eldigitaldeasturias.com\/radio\/experto-advierte-de-posible-ola-de-despidos-en-automotrices-alemanas\/","robots":"max-image-preview:large","keywords":"negocios","webmasterTools":{"google-site-verification":"UA-38556648-1","miscellaneous":""},"schema":{"@context":"https:\/\/schema.org","@graph":[{"@type":"BreadcrumbList","@id":"https:\/\/eldigitaldeasturias.com\/radio\/experto-advierte-de-posible-ola-de-despidos-en-automotrices-alemanas\/#breadcrumblist","itemListElement":[{"@type":"ListItem","@id":"https:\/\/eldigitaldeasturias.com\/radio#listItem","position":1,"name":"Inicio","item":"https:\/\/eldigitaldeasturias.com\/radio","nextItem":{"@type":"ListItem","@id":"https:\/\/eldigitaldeasturias.com\/radio\/category\/negocios\/#listItem","name":"Negocios"}},{"@type":"ListItem","@id":"https:\/\/eldigitaldeasturias.com\/radio\/category\/negocios\/#listItem","position":2,"name":"Negocios","item":"https:\/\/eldigitaldeasturias.com\/radio\/category\/negocios\/","nextItem":{"@type":"ListItem","@id":"https:\/\/eldigitaldeasturias.com\/radio\/experto-advierte-de-posible-ola-de-despidos-en-automotrices-alemanas\/#listItem","name":"Experto advierte de posible ola de despidos en automotrices alemanas"},"previousItem":{"@type":"ListItem","@id":"https:\/\/eldigitaldeasturias.com\/radio#listItem","name":"Inicio"}},{"@type":"ListItem","@id":"https:\/\/eldigitaldeasturias.com\/radio\/experto-advierte-de-posible-ola-de-despidos-en-automotrices-alemanas\/#listItem","position":3,"name":"Experto advierte de posible ola de despidos en automotrices alemanas","previousItem":{"@type":"ListItem","@id":"https:\/\/eldigitaldeasturias.com\/radio\/category\/negocios\/#listItem","name":"Negocios"}}]},{"@type":"NewsArticle","@id":"https:\/\/eldigitaldeasturias.com\/radio\/experto-advierte-de-posible-ola-de-despidos-en-automotrices-alemanas\/#newsarticle","name":"Experto advierte de posible ola de despidos en automotrices alemanas | El Digital de Asturias","headline":"Experto advierte de posible ola de despidos en automotrices alemanas","author":{"@id":"https:\/\/eldigitaldeasturias.com\/radio\/author\/nbasturias\/#author"},"publisher":{"@id":"https:\/\/eldigitaldeasturias.com\/radio\/#organization"},"image":{"@type":"ImageObject","url":"https:\/\/eldigitaldeasturias.com\/radio\/wp-content\/uploads\/2020\/06\/empresas-motor.jpg","width":1052,"height":662,"caption":"Foto: Hendrik Schmidt\/dpa-Zentralbild\/dpa"},"datePublished":"2020-06-20T01:01:27+02:00","dateModified":"2020-06-20T01:01:27+02:00","inLanguage":"es-ES","mainEntityOfPage":{"@id":"https:\/\/eldigitaldeasturias.com\/radio\/experto-advierte-de-posible-ola-de-despidos-en-automotrices-alemanas\/#webpage"},"isPartOf":{"@id":"https:\/\/eldigitaldeasturias.com\/radio\/experto-advierte-de-posible-ola-de-despidos-en-automotrices-alemanas\/#webpage"},"articleSection":"Negocios","dateline":"Publicado el junio 20, 2020."},{"@type":"Organization","@id":"https:\/\/eldigitaldeasturias.com\/radio\/#organization","name":"El digital de Asturias Radio","description":"Diario de informaci\u00f3n y noticias","url":"https:\/\/eldigitaldeasturias.com\/radio\/","telephone":"+34652131393","logo":{"@type":"ImageObject","url":"https:\/\/www.eldigitaldeasturias.com\/radio\/wp-content\/uploads\/2021\/03\/EDA.jpg","@id":"https:\/\/eldigitaldeasturias.com\/radio\/experto-advierte-de-posible-ola-de-despidos-en-automotrices-alemanas\/#organizationLogo"},"image":{"@id":"https:\/\/eldigitaldeasturias.com\/radio\/experto-advierte-de-posible-ola-de-despidos-en-automotrices-alemanas\/#organizationLogo"},"sameAs":["https:\/\/www.facebook.com\/","https:\/\/x.com\/bercodi","https:\/\/www.instagram.com\/","https:\/\/www.youtube.com\/channel\/UCZP-2wLEB9Rv6erhFmqVnvg"]},{"@type":"Person","@id":"https:\/\/eldigitaldeasturias.com\/radio\/author\/nbasturias\/#author","url":"https:\/\/eldigitaldeasturias.com\/radio\/author\/nbasturias\/","name":"NBAsturias","image":{"@type":"ImageObject","@id":"https:\/\/eldigitaldeasturias.com\/radio\/experto-advierte-de-posible-ola-de-despidos-en-automotrices-alemanas\/#authorImage","url":"https:\/\/secure.gravatar.com\/avatar\/df2aeffc32bcd13f8d26072ef8a91b623d677766deac7f97ca815868cd41bf5e?s=96&d=mm&r=g","width":96,"height":96,"caption":"NBAsturias"}},{"@type":"WebPage","@id":"https:\/\/eldigitaldeasturias.com\/radio\/experto-advierte-de-posible-ola-de-despidos-en-automotrices-alemanas\/#webpage","url":"https:\/\/eldigitaldeasturias.com\/radio\/experto-advierte-de-posible-ola-de-despidos-en-automotrices-alemanas\/","name":"Experto advierte de posible ola de despidos en automotrices alemanas | El Digital de Asturias","description":"M\u00fanich, 13 jun (dpa) - El experto en autom\u00f3viles Ferdinand Dudenh\u00f6ffer estima que la industria automotriz de Alemania \"se est\u00e1 dirigiendo del trabajo a jornada reducida a una ola de despidos\". Dudenh\u00f6ffer indic\u00f3 que entre enero y finales de mayo solo se produjeron poco menos de 1,2 millones de coches en las f\u00e1bricas germanas, lo","inLanguage":"es-ES","isPartOf":{"@id":"https:\/\/eldigitaldeasturias.com\/radio\/#website"},"breadcrumb":{"@id":"https:\/\/eldigitaldeasturias.com\/radio\/experto-advierte-de-posible-ola-de-despidos-en-automotrices-alemanas\/#breadcrumblist"},"author":{"@id":"https:\/\/eldigitaldeasturias.com\/radio\/author\/nbasturias\/#author"},"creator":{"@id":"https:\/\/eldigitaldeasturias.com\/radio\/author\/nbasturias\/#author"},"image":{"@type":"ImageObject","url":"https:\/\/eldigitaldeasturias.com\/radio\/wp-content\/uploads\/2020\/06\/empresas-motor.jpg","@id":"https:\/\/eldigitaldeasturias.com\/radio\/experto-advierte-de-posible-ola-de-despidos-en-automotrices-alemanas\/#mainImage","width":1052,"height":662,"caption":"Foto: Hendrik Schmidt\/dpa-Zentralbild\/dpa"},"primaryImageOfPage":{"@id":"https:\/\/eldigitaldeasturias.com\/radio\/experto-advierte-de-posible-ola-de-despidos-en-automotrices-alemanas\/#mainImage"},"datePublished":"2020-06-20T01:01:27+02:00","dateModified":"2020-06-20T01:01:27+02:00"},{"@type":"WebSite","@id":"https:\/\/eldigitaldeasturias.com\/radio\/#website","url":"https:\/\/eldigitaldeasturias.com\/radio\/","name":"El Digital de Asturias","description":"Diario de informaci\u00f3n y noticias","inLanguage":"es-ES","publisher":{"@id":"https:\/\/eldigitaldeasturias.com\/radio\/#organization"}}]},"og:locale":"es_ES","og:site_name":"El Digital de Asturias | Diario de informaci\u00f3n y noticias","og:type":"article","og:title":"Experto advierte de posible ola de despidos en automotrices alemanas | El Digital de Asturias","og:description":"M\u00fanich, 13 jun (dpa) - El experto en autom\u00f3viles Ferdinand Dudenh\u00f6ffer estima que la industria automotriz de Alemania &quot;se est\u00e1 dirigiendo del trabajo a jornada reducida a una ola de despidos&quot;. Dudenh\u00f6ffer indic\u00f3 que entre enero y finales de mayo solo se produjeron poco menos de 1,2 millones de coches en las f\u00e1bricas germanas, lo","og:url":"https:\/\/eldigitaldeasturias.com\/radio\/experto-advierte-de-posible-ola-de-despidos-en-automotrices-alemanas\/","og:image":"https:\/\/eldigitaldeasturias.com\/radio\/wp-content\/uploads\/2020\/06\/empresas-motor.jpg","og:image:secure_url":"https:\/\/eldigitaldeasturias.com\/radio\/wp-content\/uploads\/2020\/06\/empresas-motor.jpg","og:image:width":1052,"og:image:height":662,"article:published_time":"2020-06-20T01:01:27+00:00","article:modified_time":"2020-06-20T01:01:27+00:00","twitter:card":"summary_large_image","twitter:site":"@bercodi","twitter:title":"Experto advierte de posible ola de despidos en automotrices alemanas | El Digital de Asturias","twitter:description":"M\u00fanich, 13 jun (dpa) - El experto en autom\u00f3viles Ferdinand Dudenh\u00f6ffer estima que la industria automotriz de Alemania &quot;se est\u00e1 dirigiendo del trabajo a jornada reducida a una ola de despidos&quot;. Dudenh\u00f6ffer indic\u00f3 que entre enero y finales de mayo solo se produjeron poco menos de 1,2 millones de coches en las f\u00e1bricas germanas, lo","twitter:creator":"@bercodi","twitter:image":"https:\/\/eldigitaldeasturias.com\/radio\/wp-content\/uploads\/2020\/06\/empresas-motor.jpg"},"aioseo_meta_data":{"post_id":"4514","title":null,"description":null,"keywords":null,"keyphrases":null,"primary_term":null,"canonical_url":null,"og_title":null,"og_description":null,"og_object_type":"default","og_image_type":"default","og_image_url":null,"og_image_width":null,"og_image_height":null,"og_image_custom_url":null,"og_image_custom_fields":null,"og_video":null,"og_custom_url":null,"og_article_section":null,"og_article_tags":null,"twitter_use_og":false,"twitter_card":"default","twitter_image_type":"default","twitter_image_url":null,"twitter_image_custom_url":null,"twitter_image_custom_fields":null,"twitter_title":null,"twitter_description":null,"schema":{"blockGraphs":[],"customGraphs":[],"default":{"data":{"Article":[],"Course":[],"Dataset":[],"FAQPage":[],"Movie":[],"Person":[],"Product":[],"ProductReview":[],"Car":[],"Recipe":[],"Service":[],"SoftwareApplication":[],"WebPage":[]},"graphName":"","isEnabled":true},"graphs":[],"defaultGraph":"","defaultPostTypeGraph":""},"schema_type":null,"schema_type_options":null,"pillar_content":false,"robots_default":true,"robots_noindex":false,"robots_noarchive":false,"robots_nosnippet":false,"robots_nofollow":false,"robots_noimageindex":false,"robots_noodp":false,"robots_notranslate":false,"robots_max_snippet":null,"robots_max_videopreview":null,"robots_max_imagepreview":"large","priority":null,"frequency":null,"location":null,"local_seo":null,"seo_analyzer_scan_date":"2025-08-28 16:10:53","breadcrumb_settings":null,"limit_modified_date":false,"open_ai":null,"ai":null,"created":"2021-03-27 22:42:19","updated":"2025-08-28 16:10:53"},"aioseo_breadcrumb":"<div class=\"aioseo-breadcrumbs\"><span class=\"aioseo-breadcrumb\">\n\t<a href=\"https:\/\/eldigitaldeasturias.com\/radio\" title=\"Inicio\">Inicio<\/a>\n<\/span><span class=\"aioseo-breadcrumb-separator\">&ndash;<\/span><span class=\"aioseo-breadcrumb\">\n\t<a href=\"https:\/\/eldigitaldeasturias.com\/radio\/category\/negocios\/\" title=\"Negocios\">Negocios<\/a>\n<\/span><span class=\"aioseo-breadcrumb-separator\">&ndash;<\/span><span class=\"aioseo-breadcrumb\">\n\tExperto advierte de posible ola de despidos en automotrices alemanas\n<\/span><\/div>","aioseo_breadcrumb_json":[{"label":"Inicio","link":"https:\/\/eldigitaldeasturias.com\/radio"},{"label":"Negocios","link":"https:\/\/eldigitaldeasturias.com\/radio\/category\/negocios\/"},{"label":"Experto advierte de posible ola de despidos en automotrices alemanas","link":"https:\/\/eldigitaldeasturias.com\/radio\/experto-advierte-de-posible-ola-de-despidos-en-automotrices-alemanas\/"}],"_links":{"self":[{"href":"https:\/\/eldigitaldeasturias.com\/radio\/wp-json\/wp\/v2\/posts\/4514","targetHints":{"allow":["GET"]}}],"collection":[{"href":"https:\/\/eldigitaldeasturias.com\/radio\/wp-json\/wp\/v2\/posts"}],"about":[{"href":"https:\/\/eldigitaldeasturias.com\/radio\/wp-json\/wp\/v2\/types\/post"}],"author":[{"embeddable":true,"href":"https:\/\/eldigitaldeasturias.com\/radio\/wp-json\/wp\/v2\/users\/1"}],"replies":[{"embeddable":true,"href":"https:\/\/eldigitaldeasturias.com\/radio\/wp-json\/wp\/v2\/comments?post=4514"}],"version-history":[{"count":0,"href":"https:\/\/eldigitaldeasturias.com\/radio\/wp-json\/wp\/v2\/posts\/4514\/revisions"}],"wp:featuredmedia":[{"embeddable":true,"href":"https:\/\/eldigitaldeasturias.com\/radio\/wp-json\/wp\/v2\/media\/4515"}],"wp:attachment":[{"href":"https:\/\/eldigitaldeasturias.com\/radio\/wp-json\/wp\/v2\/media?parent=4514"}],"wp:term":[{"taxonomy":"category","embeddable":true,"href":"https:\/\/eldigitaldeasturias.com\/radio\/wp-json\/wp\/v2\/categories?post=4514"},{"taxonomy":"post_tag","embeddable":true,"href":"https:\/\/eldigitaldeasturias.com\/radio\/wp-json\/wp\/v2\/tags?post=4514"}],"curies":[{"name":"wp","href":"https:\/\/api.w.org\/{rel}","templated":true}]}}