{"id":4508,"date":"2020-06-20T00:34:55","date_gmt":"2020-06-20T00:34:55","guid":{"rendered":"http:\/\/www.eldigitaldeasturias.com\/radio\/?p=4508"},"modified":"2020-06-20T00:34:55","modified_gmt":"2020-06-20T00:34:55","slug":"playas-alemanas-se-preparan-para-un-verano-marcado-por-el-coronavirus","status":"publish","type":"post","link":"https:\/\/eldigitaldeasturias.com\/radio\/playas-alemanas-se-preparan-para-un-verano-marcado-por-el-coronavirus\/","title":{"rendered":"Playas alemanas se preparan para un verano marcado por el coronavirus"},"content":{"rendered":"<figure id=\"attachment_4509\" aria-describedby=\"caption-attachment-4509\" style=\"width: 360px\" class=\"wp-caption alignleft\"><img fetchpriority=\"high\" decoding=\"async\" class=\"size-medium wp-image-4509\" src=\"http:\/\/www.eldigitaldeasturias.com\/radio\/wp-content\/uploads\/2020\/06\/Playas-Alemania-360x239.jpg\" alt=\"\" width=\"360\" height=\"239\" srcset=\"https:\/\/eldigitaldeasturias.com\/radio\/wp-content\/uploads\/2020\/06\/Playas-Alemania-360x239.jpg 360w, https:\/\/eldigitaldeasturias.com\/radio\/wp-content\/uploads\/2020\/06\/Playas-Alemania-768x511.jpg 768w, https:\/\/eldigitaldeasturias.com\/radio\/wp-content\/uploads\/2020\/06\/Playas-Alemania.jpg 1003w\" sizes=\"(max-width: 360px) 100vw, 360px\" \/><figcaption id=\"caption-attachment-4509\" class=\"wp-caption-text\">Foto: Carsten Rehder\/dpa<\/figcaption><\/figure>\n<p>Scharbeutz\/Rostock\/Sankt Peter-Ording (Alemania), 12 jun (dpa) &#8211; Los balnearios alemanes idearon una serie de estrategias para poder manejar el flujo de veraneantes en tiempos de coronavirus, desde autoadhesivos en el piso para marcar la distancia requerida hasta calles de sentido \u00fanico y apps.<\/p>\n<p>El estado federado de Schleswig-Holstein, en el norte de Alemania, apela a las soluciones digitales para impedir grandes aglomeraciones de gente en los centros tur\u00edsticos y en las playas. En la bah\u00eda de L\u00fcbeck se est\u00e1 desarrollando actualmente una llamada \u00abapp playera\u00bb.<\/p>\n<p>Sin embargo, Doris Wilmer-Huperz, portavoz de la oficina de turismo Bah\u00eda de L\u00fcbeck, afirma que no se trata de una verdadera app y que lo que planean es crear una plataforma de Internet que en principio funcione como la reserva online de una butaca de teatro.<\/p>\n<p>Las playas del golfo de L\u00fcbeck son m\u00e1s bien estrechas y son tambi\u00e9n populares entre visitantes que vienen por el d\u00eda.<\/p>\n<p>Por eso, all\u00ed es m\u00e1s dif\u00edcil mantener las normas de distanciamiento social que en otras playas, como las de las Islas Frisias septentrionales, en el mar de Frisia, o las de la localidad de Sankt Peter-Ording. All\u00ed, las playas son lo suficientemente anchas como para poder mantener distancia.<\/p>\n<p>Tampoco se prev\u00e9 el uso de una app en Usedom, en el estado federado de Mecklenburgo-Pomerania Occidental, en el noreste de Alemania. A diferencia del estado federado de Schleswig-Holstein, all\u00ed hay a\u00fan vigentes prohibiciones de ingreso para visitantes de d\u00eda de otros estados federados.<\/p>\n<p>En las Islas Frisias orientales, como Norderney y Borkum, tampoco se prev\u00e9n sistemas de circulaci\u00f3n ni reservas para la playa. \u00abAl igual que antes, seguimos prohibiendo el ingreso de turistas que s\u00f3lo vienen a pasar el d\u00eda\u00bb, afirm\u00f3 el gerente de la Sociedad de Turismo Islas de Frisia oriental.<\/p>\n<p>El jefe de Turismo de Rostock-Warnem\u00fcnde, Matthias Fromm, est\u00e1 conforme con el inicio de la temporada: \u00abEs bonito poder volver a ser anfitriones\u00bb, afirm\u00f3.<\/p>\n","protected":false},"excerpt":{"rendered":"<p>Scharbeutz\/Rostock\/Sankt Peter-Ording (Alemania), 12 jun (dpa) &#8211; Los balnearios alemanes idearon una serie de estrategias para poder manejar el flujo de veraneantes en tiempos de coronavirus, desde autoadhesivos en el piso para marcar la distancia requerida hasta calles de sentido \u00fanico y apps. El estado federado de Schleswig-Holstein, en el norte de Alemania, apela a<\/p>\n","protected":false},"author":1,"featured_media":4509,"comment_status":"closed","ping_status":"closed","sticky":false,"template":"","format":"standard","meta":{"footnotes":""},"categories":[34],"tags":[],"class_list":{"0":"post-4508","1":"post","2":"type-post","3":"status-publish","4":"format-standard","5":"has-post-thumbnail","7":"category-turismo"},"aioseo_notices":[],"aioseo_head":"\n\t\t<!-- All in One SEO Pro 4.9.6.2 - aioseo.com -->\n\t<meta name=\"description\" content=\"Scharbeutz\/Rostock\/Sankt Peter-Ording (Alemania), 12 jun (dpa) - Los balnearios alemanes idearon una serie de estrategias para poder manejar el flujo de veraneantes en tiempos de coronavirus, desde autoadhesivos en el piso para marcar la distancia requerida hasta calles de sentido \u00fanico y apps. El estado federado de Schleswig-Holstein, en el norte de Alemania, apela a\" \/>\n\t<meta name=\"robots\" content=\"max-image-preview:large\" \/>\n\t<meta name=\"author\" content=\"NBAsturias\"\/>\n\t<meta name=\"google-site-verification\" content=\"UA-38556648-1\" \/>\n\t<meta name=\"keywords\" content=\"turismo\" \/>\n\t<link rel=\"canonical\" href=\"https:\/\/eldigitaldeasturias.com\/radio\/playas-alemanas-se-preparan-para-un-verano-marcado-por-el-coronavirus\/\" \/>\n\t<meta name=\"generator\" content=\"All in One SEO Pro (AIOSEO) 4.9.6.2\" \/>\n\t\t<meta property=\"og:locale\" content=\"es_ES\" \/>\n\t\t<meta property=\"og:site_name\" content=\"El Digital de Asturias | Diario de informaci\u00f3n y noticias\" \/>\n\t\t<meta property=\"og:type\" content=\"article\" \/>\n\t\t<meta property=\"og:title\" content=\"Playas alemanas se preparan para un verano marcado por el coronavirus | El Digital de Asturias\" \/>\n\t\t<meta property=\"og:description\" content=\"Scharbeutz\/Rostock\/Sankt Peter-Ording (Alemania), 12 jun (dpa) - Los balnearios alemanes idearon una serie de estrategias para poder manejar el flujo de veraneantes en tiempos de coronavirus, desde autoadhesivos en el piso para marcar la distancia requerida hasta calles de sentido \u00fanico y apps. El estado federado de Schleswig-Holstein, en el norte de Alemania, apela a\" \/>\n\t\t<meta property=\"og:url\" content=\"https:\/\/eldigitaldeasturias.com\/radio\/playas-alemanas-se-preparan-para-un-verano-marcado-por-el-coronavirus\/\" \/>\n\t\t<meta property=\"og:image\" content=\"https:\/\/eldigitaldeasturias.com\/radio\/wp-content\/uploads\/2020\/06\/Playas-Alemania.jpg\" \/>\n\t\t<meta property=\"og:image:secure_url\" content=\"https:\/\/eldigitaldeasturias.com\/radio\/wp-content\/uploads\/2020\/06\/Playas-Alemania.jpg\" \/>\n\t\t<meta property=\"og:image:width\" content=\"1003\" \/>\n\t\t<meta property=\"og:image:height\" content=\"667\" \/>\n\t\t<meta property=\"article:published_time\" content=\"2020-06-20T00:34:55+00:00\" \/>\n\t\t<meta property=\"article:modified_time\" content=\"2020-06-20T00:34:55+00:00\" \/>\n\t\t<meta name=\"twitter:card\" content=\"summary_large_image\" \/>\n\t\t<meta name=\"twitter:site\" content=\"@bercodi\" \/>\n\t\t<meta name=\"twitter:title\" content=\"Playas alemanas se preparan para un verano marcado por el coronavirus | El Digital de Asturias\" \/>\n\t\t<meta name=\"twitter:description\" content=\"Scharbeutz\/Rostock\/Sankt Peter-Ording (Alemania), 12 jun (dpa) - Los balnearios alemanes idearon una serie de estrategias para poder manejar el flujo de veraneantes en tiempos de coronavirus, desde autoadhesivos en el piso para marcar la distancia requerida hasta calles de sentido \u00fanico y apps. El estado federado de Schleswig-Holstein, en el norte de Alemania, apela a\" \/>\n\t\t<meta name=\"twitter:creator\" content=\"@bercodi\" \/>\n\t\t<meta name=\"twitter:image\" content=\"https:\/\/eldigitaldeasturias.com\/radio\/wp-content\/uploads\/2020\/06\/Playas-Alemania.jpg\" \/>\n\t\t<script type=\"application\/ld+json\" class=\"aioseo-schema\">\n\t\t\t{\"@context\":\"https:\\\/\\\/schema.org\",\"@graph\":[{\"@type\":\"BreadcrumbList\",\"@id\":\"https:\\\/\\\/eldigitaldeasturias.com\\\/radio\\\/playas-alemanas-se-preparan-para-un-verano-marcado-por-el-coronavirus\\\/#breadcrumblist\",\"itemListElement\":[{\"@type\":\"ListItem\",\"@id\":\"https:\\\/\\\/eldigitaldeasturias.com\\\/radio#listItem\",\"position\":1,\"name\":\"Inicio\",\"item\":\"https:\\\/\\\/eldigitaldeasturias.com\\\/radio\",\"nextItem\":{\"@type\":\"ListItem\",\"@id\":\"https:\\\/\\\/eldigitaldeasturias.com\\\/radio\\\/category\\\/turismo\\\/#listItem\",\"name\":\"Turismo\"}},{\"@type\":\"ListItem\",\"@id\":\"https:\\\/\\\/eldigitaldeasturias.com\\\/radio\\\/category\\\/turismo\\\/#listItem\",\"position\":2,\"name\":\"Turismo\",\"item\":\"https:\\\/\\\/eldigitaldeasturias.com\\\/radio\\\/category\\\/turismo\\\/\",\"nextItem\":{\"@type\":\"ListItem\",\"@id\":\"https:\\\/\\\/eldigitaldeasturias.com\\\/radio\\\/playas-alemanas-se-preparan-para-un-verano-marcado-por-el-coronavirus\\\/#listItem\",\"name\":\"Playas alemanas se preparan para un verano marcado por el coronavirus\"},\"previousItem\":{\"@type\":\"ListItem\",\"@id\":\"https:\\\/\\\/eldigitaldeasturias.com\\\/radio#listItem\",\"name\":\"Inicio\"}},{\"@type\":\"ListItem\",\"@id\":\"https:\\\/\\\/eldigitaldeasturias.com\\\/radio\\\/playas-alemanas-se-preparan-para-un-verano-marcado-por-el-coronavirus\\\/#listItem\",\"position\":3,\"name\":\"Playas alemanas se preparan para un verano marcado por el coronavirus\",\"previousItem\":{\"@type\":\"ListItem\",\"@id\":\"https:\\\/\\\/eldigitaldeasturias.com\\\/radio\\\/category\\\/turismo\\\/#listItem\",\"name\":\"Turismo\"}}]},{\"@type\":\"NewsArticle\",\"@id\":\"https:\\\/\\\/eldigitaldeasturias.com\\\/radio\\\/playas-alemanas-se-preparan-para-un-verano-marcado-por-el-coronavirus\\\/#newsarticle\",\"name\":\"Playas alemanas se preparan para un verano marcado por el coronavirus | El Digital de Asturias\",\"headline\":\"Playas alemanas se preparan para un verano marcado por el coronavirus\",\"author\":{\"@id\":\"https:\\\/\\\/eldigitaldeasturias.com\\\/radio\\\/author\\\/nbasturias\\\/#author\"},\"publisher\":{\"@id\":\"https:\\\/\\\/eldigitaldeasturias.com\\\/radio\\\/#organization\"},\"image\":{\"@type\":\"ImageObject\",\"url\":\"https:\\\/\\\/eldigitaldeasturias.com\\\/radio\\\/wp-content\\\/uploads\\\/2020\\\/06\\\/Playas-Alemania.jpg\",\"width\":1003,\"height\":667,\"caption\":\"Foto: Carsten Rehder\\\/dpa\"},\"datePublished\":\"2020-06-20T00:34:55+02:00\",\"dateModified\":\"2020-06-20T00:34:55+02:00\",\"inLanguage\":\"es-ES\",\"mainEntityOfPage\":{\"@id\":\"https:\\\/\\\/eldigitaldeasturias.com\\\/radio\\\/playas-alemanas-se-preparan-para-un-verano-marcado-por-el-coronavirus\\\/#webpage\"},\"isPartOf\":{\"@id\":\"https:\\\/\\\/eldigitaldeasturias.com\\\/radio\\\/playas-alemanas-se-preparan-para-un-verano-marcado-por-el-coronavirus\\\/#webpage\"},\"articleSection\":\"Turismo\",\"dateline\":\"Publicado el junio 20, 2020.\"},{\"@type\":\"Organization\",\"@id\":\"https:\\\/\\\/eldigitaldeasturias.com\\\/radio\\\/#organization\",\"name\":\"El digital de Asturias Radio\",\"description\":\"Diario de informaci\\u00f3n y noticias\",\"url\":\"https:\\\/\\\/eldigitaldeasturias.com\\\/radio\\\/\",\"telephone\":\"+34652131393\",\"logo\":{\"@type\":\"ImageObject\",\"url\":\"https:\\\/\\\/www.eldigitaldeasturias.com\\\/radio\\\/wp-content\\\/uploads\\\/2021\\\/03\\\/EDA.jpg\",\"@id\":\"https:\\\/\\\/eldigitaldeasturias.com\\\/radio\\\/playas-alemanas-se-preparan-para-un-verano-marcado-por-el-coronavirus\\\/#organizationLogo\"},\"image\":{\"@id\":\"https:\\\/\\\/eldigitaldeasturias.com\\\/radio\\\/playas-alemanas-se-preparan-para-un-verano-marcado-por-el-coronavirus\\\/#organizationLogo\"},\"sameAs\":[\"https:\\\/\\\/www.facebook.com\\\/\",\"https:\\\/\\\/x.com\\\/bercodi\",\"https:\\\/\\\/www.instagram.com\\\/\",\"https:\\\/\\\/www.youtube.com\\\/channel\\\/UCZP-2wLEB9Rv6erhFmqVnvg\"]},{\"@type\":\"Person\",\"@id\":\"https:\\\/\\\/eldigitaldeasturias.com\\\/radio\\\/author\\\/nbasturias\\\/#author\",\"url\":\"https:\\\/\\\/eldigitaldeasturias.com\\\/radio\\\/author\\\/nbasturias\\\/\",\"name\":\"NBAsturias\",\"image\":{\"@type\":\"ImageObject\",\"@id\":\"https:\\\/\\\/eldigitaldeasturias.com\\\/radio\\\/playas-alemanas-se-preparan-para-un-verano-marcado-por-el-coronavirus\\\/#authorImage\",\"url\":\"https:\\\/\\\/secure.gravatar.com\\\/avatar\\\/df2aeffc32bcd13f8d26072ef8a91b623d677766deac7f97ca815868cd41bf5e?s=96&d=mm&r=g\",\"width\":96,\"height\":96,\"caption\":\"NBAsturias\"}},{\"@type\":\"WebPage\",\"@id\":\"https:\\\/\\\/eldigitaldeasturias.com\\\/radio\\\/playas-alemanas-se-preparan-para-un-verano-marcado-por-el-coronavirus\\\/#webpage\",\"url\":\"https:\\\/\\\/eldigitaldeasturias.com\\\/radio\\\/playas-alemanas-se-preparan-para-un-verano-marcado-por-el-coronavirus\\\/\",\"name\":\"Playas alemanas se preparan para un verano marcado por el coronavirus | El Digital de Asturias\",\"description\":\"Scharbeutz\\\/Rostock\\\/Sankt Peter-Ording (Alemania), 12 jun (dpa) - Los balnearios alemanes idearon una serie de estrategias para poder manejar el flujo de veraneantes en tiempos de coronavirus, desde autoadhesivos en el piso para marcar la distancia requerida hasta calles de sentido \\u00fanico y apps. El estado federado de Schleswig-Holstein, en el norte de Alemania, apela a\",\"inLanguage\":\"es-ES\",\"isPartOf\":{\"@id\":\"https:\\\/\\\/eldigitaldeasturias.com\\\/radio\\\/#website\"},\"breadcrumb\":{\"@id\":\"https:\\\/\\\/eldigitaldeasturias.com\\\/radio\\\/playas-alemanas-se-preparan-para-un-verano-marcado-por-el-coronavirus\\\/#breadcrumblist\"},\"author\":{\"@id\":\"https:\\\/\\\/eldigitaldeasturias.com\\\/radio\\\/author\\\/nbasturias\\\/#author\"},\"creator\":{\"@id\":\"https:\\\/\\\/eldigitaldeasturias.com\\\/radio\\\/author\\\/nbasturias\\\/#author\"},\"image\":{\"@type\":\"ImageObject\",\"url\":\"https:\\\/\\\/eldigitaldeasturias.com\\\/radio\\\/wp-content\\\/uploads\\\/2020\\\/06\\\/Playas-Alemania.jpg\",\"@id\":\"https:\\\/\\\/eldigitaldeasturias.com\\\/radio\\\/playas-alemanas-se-preparan-para-un-verano-marcado-por-el-coronavirus\\\/#mainImage\",\"width\":1003,\"height\":667,\"caption\":\"Foto: Carsten Rehder\\\/dpa\"},\"primaryImageOfPage\":{\"@id\":\"https:\\\/\\\/eldigitaldeasturias.com\\\/radio\\\/playas-alemanas-se-preparan-para-un-verano-marcado-por-el-coronavirus\\\/#mainImage\"},\"datePublished\":\"2020-06-20T00:34:55+02:00\",\"dateModified\":\"2020-06-20T00:34:55+02:00\"},{\"@type\":\"WebSite\",\"@id\":\"https:\\\/\\\/eldigitaldeasturias.com\\\/radio\\\/#website\",\"url\":\"https:\\\/\\\/eldigitaldeasturias.com\\\/radio\\\/\",\"name\":\"El Digital de Asturias\",\"description\":\"Diario de informaci\\u00f3n y noticias\",\"inLanguage\":\"es-ES\",\"publisher\":{\"@id\":\"https:\\\/\\\/eldigitaldeasturias.com\\\/radio\\\/#organization\"}}]}\n\t\t<\/script>\n\t\t<!-- All in One SEO Pro -->\r\n\t\t<title>Playas alemanas se preparan para un verano marcado por el coronavirus | El Digital de Asturias<\/title>\n\n","aioseo_head_json":{"title":"Playas alemanas se preparan para un verano marcado por el coronavirus | El Digital de Asturias","description":"Scharbeutz\/Rostock\/Sankt Peter-Ording (Alemania), 12 jun (dpa) - Los balnearios alemanes idearon una serie de estrategias para poder manejar el flujo de veraneantes en tiempos de coronavirus, desde autoadhesivos en el piso para marcar la distancia requerida hasta calles de sentido \u00fanico y apps. El estado federado de Schleswig-Holstein, en el norte de Alemania, apela a","canonical_url":"https:\/\/eldigitaldeasturias.com\/radio\/playas-alemanas-se-preparan-para-un-verano-marcado-por-el-coronavirus\/","robots":"max-image-preview:large","keywords":"turismo","webmasterTools":{"google-site-verification":"UA-38556648-1","miscellaneous":""},"schema":{"@context":"https:\/\/schema.org","@graph":[{"@type":"BreadcrumbList","@id":"https:\/\/eldigitaldeasturias.com\/radio\/playas-alemanas-se-preparan-para-un-verano-marcado-por-el-coronavirus\/#breadcrumblist","itemListElement":[{"@type":"ListItem","@id":"https:\/\/eldigitaldeasturias.com\/radio#listItem","position":1,"name":"Inicio","item":"https:\/\/eldigitaldeasturias.com\/radio","nextItem":{"@type":"ListItem","@id":"https:\/\/eldigitaldeasturias.com\/radio\/category\/turismo\/#listItem","name":"Turismo"}},{"@type":"ListItem","@id":"https:\/\/eldigitaldeasturias.com\/radio\/category\/turismo\/#listItem","position":2,"name":"Turismo","item":"https:\/\/eldigitaldeasturias.com\/radio\/category\/turismo\/","nextItem":{"@type":"ListItem","@id":"https:\/\/eldigitaldeasturias.com\/radio\/playas-alemanas-se-preparan-para-un-verano-marcado-por-el-coronavirus\/#listItem","name":"Playas alemanas se preparan para un verano marcado por el coronavirus"},"previousItem":{"@type":"ListItem","@id":"https:\/\/eldigitaldeasturias.com\/radio#listItem","name":"Inicio"}},{"@type":"ListItem","@id":"https:\/\/eldigitaldeasturias.com\/radio\/playas-alemanas-se-preparan-para-un-verano-marcado-por-el-coronavirus\/#listItem","position":3,"name":"Playas alemanas se preparan para un verano marcado por el coronavirus","previousItem":{"@type":"ListItem","@id":"https:\/\/eldigitaldeasturias.com\/radio\/category\/turismo\/#listItem","name":"Turismo"}}]},{"@type":"NewsArticle","@id":"https:\/\/eldigitaldeasturias.com\/radio\/playas-alemanas-se-preparan-para-un-verano-marcado-por-el-coronavirus\/#newsarticle","name":"Playas alemanas se preparan para un verano marcado por el coronavirus | El Digital de Asturias","headline":"Playas alemanas se preparan para un verano marcado por el coronavirus","author":{"@id":"https:\/\/eldigitaldeasturias.com\/radio\/author\/nbasturias\/#author"},"publisher":{"@id":"https:\/\/eldigitaldeasturias.com\/radio\/#organization"},"image":{"@type":"ImageObject","url":"https:\/\/eldigitaldeasturias.com\/radio\/wp-content\/uploads\/2020\/06\/Playas-Alemania.jpg","width":1003,"height":667,"caption":"Foto: Carsten Rehder\/dpa"},"datePublished":"2020-06-20T00:34:55+02:00","dateModified":"2020-06-20T00:34:55+02:00","inLanguage":"es-ES","mainEntityOfPage":{"@id":"https:\/\/eldigitaldeasturias.com\/radio\/playas-alemanas-se-preparan-para-un-verano-marcado-por-el-coronavirus\/#webpage"},"isPartOf":{"@id":"https:\/\/eldigitaldeasturias.com\/radio\/playas-alemanas-se-preparan-para-un-verano-marcado-por-el-coronavirus\/#webpage"},"articleSection":"Turismo","dateline":"Publicado el junio 20, 2020."},{"@type":"Organization","@id":"https:\/\/eldigitaldeasturias.com\/radio\/#organization","name":"El digital de Asturias Radio","description":"Diario de informaci\u00f3n y noticias","url":"https:\/\/eldigitaldeasturias.com\/radio\/","telephone":"+34652131393","logo":{"@type":"ImageObject","url":"https:\/\/www.eldigitaldeasturias.com\/radio\/wp-content\/uploads\/2021\/03\/EDA.jpg","@id":"https:\/\/eldigitaldeasturias.com\/radio\/playas-alemanas-se-preparan-para-un-verano-marcado-por-el-coronavirus\/#organizationLogo"},"image":{"@id":"https:\/\/eldigitaldeasturias.com\/radio\/playas-alemanas-se-preparan-para-un-verano-marcado-por-el-coronavirus\/#organizationLogo"},"sameAs":["https:\/\/www.facebook.com\/","https:\/\/x.com\/bercodi","https:\/\/www.instagram.com\/","https:\/\/www.youtube.com\/channel\/UCZP-2wLEB9Rv6erhFmqVnvg"]},{"@type":"Person","@id":"https:\/\/eldigitaldeasturias.com\/radio\/author\/nbasturias\/#author","url":"https:\/\/eldigitaldeasturias.com\/radio\/author\/nbasturias\/","name":"NBAsturias","image":{"@type":"ImageObject","@id":"https:\/\/eldigitaldeasturias.com\/radio\/playas-alemanas-se-preparan-para-un-verano-marcado-por-el-coronavirus\/#authorImage","url":"https:\/\/secure.gravatar.com\/avatar\/df2aeffc32bcd13f8d26072ef8a91b623d677766deac7f97ca815868cd41bf5e?s=96&d=mm&r=g","width":96,"height":96,"caption":"NBAsturias"}},{"@type":"WebPage","@id":"https:\/\/eldigitaldeasturias.com\/radio\/playas-alemanas-se-preparan-para-un-verano-marcado-por-el-coronavirus\/#webpage","url":"https:\/\/eldigitaldeasturias.com\/radio\/playas-alemanas-se-preparan-para-un-verano-marcado-por-el-coronavirus\/","name":"Playas alemanas se preparan para un verano marcado por el coronavirus | El Digital de Asturias","description":"Scharbeutz\/Rostock\/Sankt Peter-Ording (Alemania), 12 jun (dpa) - Los balnearios alemanes idearon una serie de estrategias para poder manejar el flujo de veraneantes en tiempos de coronavirus, desde autoadhesivos en el piso para marcar la distancia requerida hasta calles de sentido \u00fanico y apps. El estado federado de Schleswig-Holstein, en el norte de Alemania, apela a","inLanguage":"es-ES","isPartOf":{"@id":"https:\/\/eldigitaldeasturias.com\/radio\/#website"},"breadcrumb":{"@id":"https:\/\/eldigitaldeasturias.com\/radio\/playas-alemanas-se-preparan-para-un-verano-marcado-por-el-coronavirus\/#breadcrumblist"},"author":{"@id":"https:\/\/eldigitaldeasturias.com\/radio\/author\/nbasturias\/#author"},"creator":{"@id":"https:\/\/eldigitaldeasturias.com\/radio\/author\/nbasturias\/#author"},"image":{"@type":"ImageObject","url":"https:\/\/eldigitaldeasturias.com\/radio\/wp-content\/uploads\/2020\/06\/Playas-Alemania.jpg","@id":"https:\/\/eldigitaldeasturias.com\/radio\/playas-alemanas-se-preparan-para-un-verano-marcado-por-el-coronavirus\/#mainImage","width":1003,"height":667,"caption":"Foto: Carsten Rehder\/dpa"},"primaryImageOfPage":{"@id":"https:\/\/eldigitaldeasturias.com\/radio\/playas-alemanas-se-preparan-para-un-verano-marcado-por-el-coronavirus\/#mainImage"},"datePublished":"2020-06-20T00:34:55+02:00","dateModified":"2020-06-20T00:34:55+02:00"},{"@type":"WebSite","@id":"https:\/\/eldigitaldeasturias.com\/radio\/#website","url":"https:\/\/eldigitaldeasturias.com\/radio\/","name":"El Digital de Asturias","description":"Diario de informaci\u00f3n y noticias","inLanguage":"es-ES","publisher":{"@id":"https:\/\/eldigitaldeasturias.com\/radio\/#organization"}}]},"og:locale":"es_ES","og:site_name":"El Digital de Asturias | Diario de informaci\u00f3n y noticias","og:type":"article","og:title":"Playas alemanas se preparan para un verano marcado por el coronavirus | El Digital de Asturias","og:description":"Scharbeutz\/Rostock\/Sankt Peter-Ording (Alemania), 12 jun (dpa) - Los balnearios alemanes idearon una serie de estrategias para poder manejar el flujo de veraneantes en tiempos de coronavirus, desde autoadhesivos en el piso para marcar la distancia requerida hasta calles de sentido \u00fanico y apps. El estado federado de Schleswig-Holstein, en el norte de Alemania, apela a","og:url":"https:\/\/eldigitaldeasturias.com\/radio\/playas-alemanas-se-preparan-para-un-verano-marcado-por-el-coronavirus\/","og:image":"https:\/\/eldigitaldeasturias.com\/radio\/wp-content\/uploads\/2020\/06\/Playas-Alemania.jpg","og:image:secure_url":"https:\/\/eldigitaldeasturias.com\/radio\/wp-content\/uploads\/2020\/06\/Playas-Alemania.jpg","og:image:width":1003,"og:image:height":667,"article:published_time":"2020-06-20T00:34:55+00:00","article:modified_time":"2020-06-20T00:34:55+00:00","twitter:card":"summary_large_image","twitter:site":"@bercodi","twitter:title":"Playas alemanas se preparan para un verano marcado por el coronavirus | El Digital de Asturias","twitter:description":"Scharbeutz\/Rostock\/Sankt Peter-Ording (Alemania), 12 jun (dpa) - Los balnearios alemanes idearon una serie de estrategias para poder manejar el flujo de veraneantes en tiempos de coronavirus, desde autoadhesivos en el piso para marcar la distancia requerida hasta calles de sentido \u00fanico y apps. El estado federado de Schleswig-Holstein, en el norte de Alemania, apela a","twitter:creator":"@bercodi","twitter:image":"https:\/\/eldigitaldeasturias.com\/radio\/wp-content\/uploads\/2020\/06\/Playas-Alemania.jpg"},"aioseo_meta_data":{"post_id":"4508","title":null,"description":null,"keywords":null,"keyphrases":null,"primary_term":null,"canonical_url":null,"og_title":null,"og_description":null,"og_object_type":"default","og_image_type":"default","og_image_url":null,"og_image_width":null,"og_image_height":null,"og_image_custom_url":null,"og_image_custom_fields":null,"og_video":null,"og_custom_url":null,"og_article_section":null,"og_article_tags":null,"twitter_use_og":false,"twitter_card":"default","twitter_image_type":"default","twitter_image_url":null,"twitter_image_custom_url":null,"twitter_image_custom_fields":null,"twitter_title":null,"twitter_description":null,"schema":{"blockGraphs":[],"customGraphs":[],"default":{"data":{"Article":[],"Course":[],"Dataset":[],"FAQPage":[],"Movie":[],"Person":[],"Product":[],"ProductReview":[],"Car":[],"Recipe":[],"Service":[],"SoftwareApplication":[],"WebPage":[]},"graphName":"","isEnabled":true},"graphs":[],"defaultGraph":"","defaultPostTypeGraph":""},"schema_type":null,"schema_type_options":null,"pillar_content":false,"robots_default":true,"robots_noindex":false,"robots_noarchive":false,"robots_nosnippet":false,"robots_nofollow":false,"robots_noimageindex":false,"robots_noodp":false,"robots_notranslate":false,"robots_max_snippet":null,"robots_max_videopreview":null,"robots_max_imagepreview":"large","priority":null,"frequency":null,"location":null,"local_seo":null,"seo_analyzer_scan_date":"2025-08-28 16:09:30","breadcrumb_settings":null,"limit_modified_date":false,"open_ai":null,"ai":null,"created":"2021-03-25 19:10:00","updated":"2025-08-28 16:09:30"},"aioseo_breadcrumb":"<div class=\"aioseo-breadcrumbs\"><span class=\"aioseo-breadcrumb\">\n\t<a href=\"https:\/\/eldigitaldeasturias.com\/radio\" title=\"Inicio\">Inicio<\/a>\n<\/span><span class=\"aioseo-breadcrumb-separator\">&ndash;<\/span><span class=\"aioseo-breadcrumb\">\n\t<a href=\"https:\/\/eldigitaldeasturias.com\/radio\/category\/turismo\/\" title=\"Turismo\">Turismo<\/a>\n<\/span><span class=\"aioseo-breadcrumb-separator\">&ndash;<\/span><span class=\"aioseo-breadcrumb\">\n\tPlayas alemanas se preparan para un verano marcado por el coronavirus\n<\/span><\/div>","aioseo_breadcrumb_json":[{"label":"Inicio","link":"https:\/\/eldigitaldeasturias.com\/radio"},{"label":"Turismo","link":"https:\/\/eldigitaldeasturias.com\/radio\/category\/turismo\/"},{"label":"Playas alemanas se preparan para un verano marcado por el coronavirus","link":"https:\/\/eldigitaldeasturias.com\/radio\/playas-alemanas-se-preparan-para-un-verano-marcado-por-el-coronavirus\/"}],"_links":{"self":[{"href":"https:\/\/eldigitaldeasturias.com\/radio\/wp-json\/wp\/v2\/posts\/4508","targetHints":{"allow":["GET"]}}],"collection":[{"href":"https:\/\/eldigitaldeasturias.com\/radio\/wp-json\/wp\/v2\/posts"}],"about":[{"href":"https:\/\/eldigitaldeasturias.com\/radio\/wp-json\/wp\/v2\/types\/post"}],"author":[{"embeddable":true,"href":"https:\/\/eldigitaldeasturias.com\/radio\/wp-json\/wp\/v2\/users\/1"}],"replies":[{"embeddable":true,"href":"https:\/\/eldigitaldeasturias.com\/radio\/wp-json\/wp\/v2\/comments?post=4508"}],"version-history":[{"count":0,"href":"https:\/\/eldigitaldeasturias.com\/radio\/wp-json\/wp\/v2\/posts\/4508\/revisions"}],"wp:featuredmedia":[{"embeddable":true,"href":"https:\/\/eldigitaldeasturias.com\/radio\/wp-json\/wp\/v2\/media\/4509"}],"wp:attachment":[{"href":"https:\/\/eldigitaldeasturias.com\/radio\/wp-json\/wp\/v2\/media?parent=4508"}],"wp:term":[{"taxonomy":"category","embeddable":true,"href":"https:\/\/eldigitaldeasturias.com\/radio\/wp-json\/wp\/v2\/categories?post=4508"},{"taxonomy":"post_tag","embeddable":true,"href":"https:\/\/eldigitaldeasturias.com\/radio\/wp-json\/wp\/v2\/tags?post=4508"}],"curies":[{"name":"wp","href":"https:\/\/api.w.org\/{rel}","templated":true}]}}