{"id":4500,"date":"2020-06-19T16:19:29","date_gmt":"2020-06-19T16:19:29","guid":{"rendered":"http:\/\/www.eldigitaldeasturias.com\/radio\/?p=4500"},"modified":"2020-06-19T16:19:29","modified_gmt":"2020-06-19T16:19:29","slug":"relevo-en-la-secretaria-general-tecnica-de-industria-del-principado","status":"publish","type":"post","link":"https:\/\/eldigitaldeasturias.com\/radio\/relevo-en-la-secretaria-general-tecnica-de-industria-del-principado\/","title":{"rendered":"Relevo en la Secretar\u00eda General T\u00e9cnica de Industria del Principado"},"content":{"rendered":"<figure id=\"attachment_4501\" aria-describedby=\"caption-attachment-4501\" style=\"width: 360px\" class=\"wp-caption alignleft\"><img fetchpriority=\"high\" decoding=\"async\" class=\"size-medium wp-image-4501\" src=\"http:\/\/www.eldigitaldeasturias.com\/radio\/wp-content\/uploads\/2020\/06\/Presidente-Asturias-360x225.jpg\" alt=\"\" width=\"360\" height=\"225\" srcset=\"https:\/\/eldigitaldeasturias.com\/radio\/wp-content\/uploads\/2020\/06\/Presidente-Asturias-360x225.jpg 360w, https:\/\/eldigitaldeasturias.com\/radio\/wp-content\/uploads\/2020\/06\/Presidente-Asturias-1024x640.jpg 1024w, https:\/\/eldigitaldeasturias.com\/radio\/wp-content\/uploads\/2020\/06\/Presidente-Asturias-768x480.jpg 768w, https:\/\/eldigitaldeasturias.com\/radio\/wp-content\/uploads\/2020\/06\/Presidente-Asturias.jpg 1078w\" sizes=\"(max-width: 360px) 100vw, 360px\" \/><figcaption id=\"caption-attachment-4501\" class=\"wp-caption-text\">Foto: Armando \u00c1lvarez<\/figcaption><\/figure>\n<p>El Consejo de Gobierno ha aprobado el nombramiento de <strong>Eva Fern\u00e1ndez Piedralba<\/strong> (Oviedo, 1978) como secretaria general t\u00e9cnica de la Consejer\u00eda de Industria, Empleo y Promoci\u00f3n Econ\u00f3mica, <strong>cargo en el que sustituye a Luis Carmelo M\u00e9nguez<\/strong>.<\/p>\n<p>Fern\u00e1ndez es licenciada en Derecho por la Universidad de Oviedo y funcionaria del Cuerpo Superior de Administradores del Principado. Desde 2010 ejerc\u00eda como letrada del servicio jur\u00eddico del Sespa y previamente coordin\u00f3 la selecci\u00f3n de personal en el Instituto Asturiano de Administraci\u00f3n P\u00fablica Adolfo Posada.<\/p>\n<p>&nbsp;<\/p>\n","protected":false},"excerpt":{"rendered":"<p>El Consejo de Gobierno ha aprobado el nombramiento de Eva Fern\u00e1ndez Piedralba (Oviedo, 1978) como secretaria general t\u00e9cnica de la Consejer\u00eda de Industria, Empleo y Promoci\u00f3n Econ\u00f3mica, cargo en el que sustituye a Luis Carmelo M\u00e9nguez. Fern\u00e1ndez es licenciada en Derecho por la Universidad de Oviedo y funcionaria del Cuerpo Superior de Administradores del Principado.<\/p>\n","protected":false},"author":1,"featured_media":4501,"comment_status":"closed","ping_status":"closed","sticky":false,"template":"","format":"standard","meta":{"footnotes":""},"categories":[1],"tags":[],"class_list":{"0":"post-4500","1":"post","2":"type-post","3":"status-publish","4":"format-standard","5":"has-post-thumbnail","7":"category-noticias"},"aioseo_notices":[],"aioseo_head":"\n\t\t<!-- All in One SEO Pro 4.9.6.2 - aioseo.com -->\n\t<meta name=\"description\" content=\"El Consejo de Gobierno ha aprobado el nombramiento de Eva Fern\u00e1ndez Piedralba (Oviedo, 1978) como secretaria general t\u00e9cnica de la Consejer\u00eda de Industria, Empleo y Promoci\u00f3n Econ\u00f3mica, cargo en el que sustituye a Luis Carmelo M\u00e9nguez. Fern\u00e1ndez es licenciada en Derecho por la Universidad de Oviedo y funcionaria del Cuerpo Superior de Administradores del Principado.\" \/>\n\t<meta name=\"robots\" content=\"max-image-preview:large\" \/>\n\t<meta name=\"author\" content=\"NBAsturias\"\/>\n\t<meta name=\"google-site-verification\" content=\"UA-38556648-1\" \/>\n\t<meta name=\"keywords\" content=\"noticias\" \/>\n\t<link rel=\"canonical\" href=\"https:\/\/eldigitaldeasturias.com\/radio\/relevo-en-la-secretaria-general-tecnica-de-industria-del-principado\/\" \/>\n\t<meta name=\"generator\" content=\"All in One SEO Pro (AIOSEO) 4.9.6.2\" \/>\n\t\t<meta property=\"og:locale\" content=\"es_ES\" \/>\n\t\t<meta property=\"og:site_name\" content=\"El Digital de Asturias | Diario de informaci\u00f3n y noticias\" \/>\n\t\t<meta property=\"og:type\" content=\"article\" \/>\n\t\t<meta property=\"og:title\" content=\"Relevo en la Secretar\u00eda General T\u00e9cnica de Industria del Principado | El Digital de Asturias\" \/>\n\t\t<meta property=\"og:description\" content=\"El Consejo de Gobierno ha aprobado el nombramiento de Eva Fern\u00e1ndez Piedralba (Oviedo, 1978) como secretaria general t\u00e9cnica de la Consejer\u00eda de Industria, Empleo y Promoci\u00f3n Econ\u00f3mica, cargo en el que sustituye a Luis Carmelo M\u00e9nguez. Fern\u00e1ndez es licenciada en Derecho por la Universidad de Oviedo y funcionaria del Cuerpo Superior de Administradores del Principado.\" \/>\n\t\t<meta property=\"og:url\" content=\"https:\/\/eldigitaldeasturias.com\/radio\/relevo-en-la-secretaria-general-tecnica-de-industria-del-principado\/\" \/>\n\t\t<meta property=\"og:image\" content=\"https:\/\/eldigitaldeasturias.com\/radio\/wp-content\/uploads\/2020\/06\/Presidente-Asturias.jpg\" \/>\n\t\t<meta property=\"og:image:secure_url\" content=\"https:\/\/eldigitaldeasturias.com\/radio\/wp-content\/uploads\/2020\/06\/Presidente-Asturias.jpg\" \/>\n\t\t<meta property=\"og:image:width\" content=\"1078\" \/>\n\t\t<meta property=\"og:image:height\" content=\"674\" \/>\n\t\t<meta property=\"article:published_time\" content=\"2020-06-19T16:19:29+00:00\" \/>\n\t\t<meta property=\"article:modified_time\" content=\"2020-06-19T16:19:29+00:00\" \/>\n\t\t<meta name=\"twitter:card\" content=\"summary_large_image\" \/>\n\t\t<meta name=\"twitter:site\" content=\"@bercodi\" \/>\n\t\t<meta name=\"twitter:title\" content=\"Relevo en la Secretar\u00eda General T\u00e9cnica de Industria del Principado | El Digital de Asturias\" \/>\n\t\t<meta name=\"twitter:description\" content=\"El Consejo de Gobierno ha aprobado el nombramiento de Eva Fern\u00e1ndez Piedralba (Oviedo, 1978) como secretaria general t\u00e9cnica de la Consejer\u00eda de Industria, Empleo y Promoci\u00f3n Econ\u00f3mica, cargo en el que sustituye a Luis Carmelo M\u00e9nguez. Fern\u00e1ndez es licenciada en Derecho por la Universidad de Oviedo y funcionaria del Cuerpo Superior de Administradores del Principado.\" \/>\n\t\t<meta name=\"twitter:creator\" content=\"@bercodi\" \/>\n\t\t<meta name=\"twitter:image\" content=\"https:\/\/eldigitaldeasturias.com\/radio\/wp-content\/uploads\/2020\/06\/Presidente-Asturias.jpg\" \/>\n\t\t<script type=\"application\/ld+json\" class=\"aioseo-schema\">\n\t\t\t{\"@context\":\"https:\\\/\\\/schema.org\",\"@graph\":[{\"@type\":\"BreadcrumbList\",\"@id\":\"https:\\\/\\\/eldigitaldeasturias.com\\\/radio\\\/relevo-en-la-secretaria-general-tecnica-de-industria-del-principado\\\/#breadcrumblist\",\"itemListElement\":[{\"@type\":\"ListItem\",\"@id\":\"https:\\\/\\\/eldigitaldeasturias.com\\\/radio#listItem\",\"position\":1,\"name\":\"Inicio\",\"item\":\"https:\\\/\\\/eldigitaldeasturias.com\\\/radio\",\"nextItem\":{\"@type\":\"ListItem\",\"@id\":\"https:\\\/\\\/eldigitaldeasturias.com\\\/radio\\\/category\\\/noticias\\\/#listItem\",\"name\":\"Noticias\"}},{\"@type\":\"ListItem\",\"@id\":\"https:\\\/\\\/eldigitaldeasturias.com\\\/radio\\\/category\\\/noticias\\\/#listItem\",\"position\":2,\"name\":\"Noticias\",\"item\":\"https:\\\/\\\/eldigitaldeasturias.com\\\/radio\\\/category\\\/noticias\\\/\",\"nextItem\":{\"@type\":\"ListItem\",\"@id\":\"https:\\\/\\\/eldigitaldeasturias.com\\\/radio\\\/relevo-en-la-secretaria-general-tecnica-de-industria-del-principado\\\/#listItem\",\"name\":\"Relevo en la Secretar\\u00eda General T\\u00e9cnica de Industria del Principado\"},\"previousItem\":{\"@type\":\"ListItem\",\"@id\":\"https:\\\/\\\/eldigitaldeasturias.com\\\/radio#listItem\",\"name\":\"Inicio\"}},{\"@type\":\"ListItem\",\"@id\":\"https:\\\/\\\/eldigitaldeasturias.com\\\/radio\\\/relevo-en-la-secretaria-general-tecnica-de-industria-del-principado\\\/#listItem\",\"position\":3,\"name\":\"Relevo en la Secretar\\u00eda General T\\u00e9cnica de Industria del Principado\",\"previousItem\":{\"@type\":\"ListItem\",\"@id\":\"https:\\\/\\\/eldigitaldeasturias.com\\\/radio\\\/category\\\/noticias\\\/#listItem\",\"name\":\"Noticias\"}}]},{\"@type\":\"NewsArticle\",\"@id\":\"https:\\\/\\\/eldigitaldeasturias.com\\\/radio\\\/relevo-en-la-secretaria-general-tecnica-de-industria-del-principado\\\/#newsarticle\",\"name\":\"Relevo en la Secretar\\u00eda General T\\u00e9cnica de Industria del Principado | El Digital de Asturias\",\"headline\":\"Relevo en la Secretar\\u00eda General T\\u00e9cnica de Industria del Principado\",\"author\":{\"@id\":\"https:\\\/\\\/eldigitaldeasturias.com\\\/radio\\\/author\\\/nbasturias\\\/#author\"},\"publisher\":{\"@id\":\"https:\\\/\\\/eldigitaldeasturias.com\\\/radio\\\/#organization\"},\"image\":{\"@type\":\"ImageObject\",\"url\":\"https:\\\/\\\/eldigitaldeasturias.com\\\/radio\\\/wp-content\\\/uploads\\\/2020\\\/06\\\/Presidente-Asturias.jpg\",\"width\":1078,\"height\":674,\"caption\":\"Foto: Armando \\u00c1lvarez\"},\"datePublished\":\"2020-06-19T16:19:29+02:00\",\"dateModified\":\"2020-06-19T16:19:29+02:00\",\"inLanguage\":\"es-ES\",\"mainEntityOfPage\":{\"@id\":\"https:\\\/\\\/eldigitaldeasturias.com\\\/radio\\\/relevo-en-la-secretaria-general-tecnica-de-industria-del-principado\\\/#webpage\"},\"isPartOf\":{\"@id\":\"https:\\\/\\\/eldigitaldeasturias.com\\\/radio\\\/relevo-en-la-secretaria-general-tecnica-de-industria-del-principado\\\/#webpage\"},\"articleSection\":\"Noticias\",\"dateline\":\"Publicado el junio 19, 2020.\"},{\"@type\":\"Organization\",\"@id\":\"https:\\\/\\\/eldigitaldeasturias.com\\\/radio\\\/#organization\",\"name\":\"El digital de Asturias Radio\",\"description\":\"Diario de informaci\\u00f3n y noticias\",\"url\":\"https:\\\/\\\/eldigitaldeasturias.com\\\/radio\\\/\",\"telephone\":\"+34652131393\",\"logo\":{\"@type\":\"ImageObject\",\"url\":\"https:\\\/\\\/www.eldigitaldeasturias.com\\\/radio\\\/wp-content\\\/uploads\\\/2021\\\/03\\\/EDA.jpg\",\"@id\":\"https:\\\/\\\/eldigitaldeasturias.com\\\/radio\\\/relevo-en-la-secretaria-general-tecnica-de-industria-del-principado\\\/#organizationLogo\"},\"image\":{\"@id\":\"https:\\\/\\\/eldigitaldeasturias.com\\\/radio\\\/relevo-en-la-secretaria-general-tecnica-de-industria-del-principado\\\/#organizationLogo\"},\"sameAs\":[\"https:\\\/\\\/www.facebook.com\\\/\",\"https:\\\/\\\/x.com\\\/bercodi\",\"https:\\\/\\\/www.instagram.com\\\/\",\"https:\\\/\\\/www.youtube.com\\\/channel\\\/UCZP-2wLEB9Rv6erhFmqVnvg\"]},{\"@type\":\"Person\",\"@id\":\"https:\\\/\\\/eldigitaldeasturias.com\\\/radio\\\/author\\\/nbasturias\\\/#author\",\"url\":\"https:\\\/\\\/eldigitaldeasturias.com\\\/radio\\\/author\\\/nbasturias\\\/\",\"name\":\"NBAsturias\",\"image\":{\"@type\":\"ImageObject\",\"@id\":\"https:\\\/\\\/eldigitaldeasturias.com\\\/radio\\\/relevo-en-la-secretaria-general-tecnica-de-industria-del-principado\\\/#authorImage\",\"url\":\"https:\\\/\\\/secure.gravatar.com\\\/avatar\\\/df2aeffc32bcd13f8d26072ef8a91b623d677766deac7f97ca815868cd41bf5e?s=96&d=mm&r=g\",\"width\":96,\"height\":96,\"caption\":\"NBAsturias\"}},{\"@type\":\"WebPage\",\"@id\":\"https:\\\/\\\/eldigitaldeasturias.com\\\/radio\\\/relevo-en-la-secretaria-general-tecnica-de-industria-del-principado\\\/#webpage\",\"url\":\"https:\\\/\\\/eldigitaldeasturias.com\\\/radio\\\/relevo-en-la-secretaria-general-tecnica-de-industria-del-principado\\\/\",\"name\":\"Relevo en la Secretar\\u00eda General T\\u00e9cnica de Industria del Principado | El Digital de Asturias\",\"description\":\"El Consejo de Gobierno ha aprobado el nombramiento de Eva Fern\\u00e1ndez Piedralba (Oviedo, 1978) como secretaria general t\\u00e9cnica de la Consejer\\u00eda de Industria, Empleo y Promoci\\u00f3n Econ\\u00f3mica, cargo en el que sustituye a Luis Carmelo M\\u00e9nguez. Fern\\u00e1ndez es licenciada en Derecho por la Universidad de Oviedo y funcionaria del Cuerpo Superior de Administradores del Principado.\",\"inLanguage\":\"es-ES\",\"isPartOf\":{\"@id\":\"https:\\\/\\\/eldigitaldeasturias.com\\\/radio\\\/#website\"},\"breadcrumb\":{\"@id\":\"https:\\\/\\\/eldigitaldeasturias.com\\\/radio\\\/relevo-en-la-secretaria-general-tecnica-de-industria-del-principado\\\/#breadcrumblist\"},\"author\":{\"@id\":\"https:\\\/\\\/eldigitaldeasturias.com\\\/radio\\\/author\\\/nbasturias\\\/#author\"},\"creator\":{\"@id\":\"https:\\\/\\\/eldigitaldeasturias.com\\\/radio\\\/author\\\/nbasturias\\\/#author\"},\"image\":{\"@type\":\"ImageObject\",\"url\":\"https:\\\/\\\/eldigitaldeasturias.com\\\/radio\\\/wp-content\\\/uploads\\\/2020\\\/06\\\/Presidente-Asturias.jpg\",\"@id\":\"https:\\\/\\\/eldigitaldeasturias.com\\\/radio\\\/relevo-en-la-secretaria-general-tecnica-de-industria-del-principado\\\/#mainImage\",\"width\":1078,\"height\":674,\"caption\":\"Foto: Armando \\u00c1lvarez\"},\"primaryImageOfPage\":{\"@id\":\"https:\\\/\\\/eldigitaldeasturias.com\\\/radio\\\/relevo-en-la-secretaria-general-tecnica-de-industria-del-principado\\\/#mainImage\"},\"datePublished\":\"2020-06-19T16:19:29+02:00\",\"dateModified\":\"2020-06-19T16:19:29+02:00\"},{\"@type\":\"WebSite\",\"@id\":\"https:\\\/\\\/eldigitaldeasturias.com\\\/radio\\\/#website\",\"url\":\"https:\\\/\\\/eldigitaldeasturias.com\\\/radio\\\/\",\"name\":\"El Digital de Asturias\",\"description\":\"Diario de informaci\\u00f3n y noticias\",\"inLanguage\":\"es-ES\",\"publisher\":{\"@id\":\"https:\\\/\\\/eldigitaldeasturias.com\\\/radio\\\/#organization\"}}]}\n\t\t<\/script>\n\t\t<!-- All in One SEO Pro -->\r\n\t\t<title>Relevo en la Secretar\u00eda General T\u00e9cnica de Industria del Principado | El Digital de Asturias<\/title>\n\n","aioseo_head_json":{"title":"Relevo en la Secretar\u00eda General T\u00e9cnica de Industria del Principado | El Digital de Asturias","description":"El Consejo de Gobierno ha aprobado el nombramiento de Eva Fern\u00e1ndez Piedralba (Oviedo, 1978) como secretaria general t\u00e9cnica de la Consejer\u00eda de Industria, Empleo y Promoci\u00f3n Econ\u00f3mica, cargo en el que sustituye a Luis Carmelo M\u00e9nguez. Fern\u00e1ndez es licenciada en Derecho por la Universidad de Oviedo y funcionaria del Cuerpo Superior de Administradores del Principado.","canonical_url":"https:\/\/eldigitaldeasturias.com\/radio\/relevo-en-la-secretaria-general-tecnica-de-industria-del-principado\/","robots":"max-image-preview:large","keywords":"noticias","webmasterTools":{"google-site-verification":"UA-38556648-1","miscellaneous":""},"schema":{"@context":"https:\/\/schema.org","@graph":[{"@type":"BreadcrumbList","@id":"https:\/\/eldigitaldeasturias.com\/radio\/relevo-en-la-secretaria-general-tecnica-de-industria-del-principado\/#breadcrumblist","itemListElement":[{"@type":"ListItem","@id":"https:\/\/eldigitaldeasturias.com\/radio#listItem","position":1,"name":"Inicio","item":"https:\/\/eldigitaldeasturias.com\/radio","nextItem":{"@type":"ListItem","@id":"https:\/\/eldigitaldeasturias.com\/radio\/category\/noticias\/#listItem","name":"Noticias"}},{"@type":"ListItem","@id":"https:\/\/eldigitaldeasturias.com\/radio\/category\/noticias\/#listItem","position":2,"name":"Noticias","item":"https:\/\/eldigitaldeasturias.com\/radio\/category\/noticias\/","nextItem":{"@type":"ListItem","@id":"https:\/\/eldigitaldeasturias.com\/radio\/relevo-en-la-secretaria-general-tecnica-de-industria-del-principado\/#listItem","name":"Relevo en la Secretar\u00eda General T\u00e9cnica de Industria del Principado"},"previousItem":{"@type":"ListItem","@id":"https:\/\/eldigitaldeasturias.com\/radio#listItem","name":"Inicio"}},{"@type":"ListItem","@id":"https:\/\/eldigitaldeasturias.com\/radio\/relevo-en-la-secretaria-general-tecnica-de-industria-del-principado\/#listItem","position":3,"name":"Relevo en la Secretar\u00eda General T\u00e9cnica de Industria del Principado","previousItem":{"@type":"ListItem","@id":"https:\/\/eldigitaldeasturias.com\/radio\/category\/noticias\/#listItem","name":"Noticias"}}]},{"@type":"NewsArticle","@id":"https:\/\/eldigitaldeasturias.com\/radio\/relevo-en-la-secretaria-general-tecnica-de-industria-del-principado\/#newsarticle","name":"Relevo en la Secretar\u00eda General T\u00e9cnica de Industria del Principado | El Digital de Asturias","headline":"Relevo en la Secretar\u00eda General T\u00e9cnica de Industria del Principado","author":{"@id":"https:\/\/eldigitaldeasturias.com\/radio\/author\/nbasturias\/#author"},"publisher":{"@id":"https:\/\/eldigitaldeasturias.com\/radio\/#organization"},"image":{"@type":"ImageObject","url":"https:\/\/eldigitaldeasturias.com\/radio\/wp-content\/uploads\/2020\/06\/Presidente-Asturias.jpg","width":1078,"height":674,"caption":"Foto: Armando \u00c1lvarez"},"datePublished":"2020-06-19T16:19:29+02:00","dateModified":"2020-06-19T16:19:29+02:00","inLanguage":"es-ES","mainEntityOfPage":{"@id":"https:\/\/eldigitaldeasturias.com\/radio\/relevo-en-la-secretaria-general-tecnica-de-industria-del-principado\/#webpage"},"isPartOf":{"@id":"https:\/\/eldigitaldeasturias.com\/radio\/relevo-en-la-secretaria-general-tecnica-de-industria-del-principado\/#webpage"},"articleSection":"Noticias","dateline":"Publicado el junio 19, 2020."},{"@type":"Organization","@id":"https:\/\/eldigitaldeasturias.com\/radio\/#organization","name":"El digital de Asturias Radio","description":"Diario de informaci\u00f3n y noticias","url":"https:\/\/eldigitaldeasturias.com\/radio\/","telephone":"+34652131393","logo":{"@type":"ImageObject","url":"https:\/\/www.eldigitaldeasturias.com\/radio\/wp-content\/uploads\/2021\/03\/EDA.jpg","@id":"https:\/\/eldigitaldeasturias.com\/radio\/relevo-en-la-secretaria-general-tecnica-de-industria-del-principado\/#organizationLogo"},"image":{"@id":"https:\/\/eldigitaldeasturias.com\/radio\/relevo-en-la-secretaria-general-tecnica-de-industria-del-principado\/#organizationLogo"},"sameAs":["https:\/\/www.facebook.com\/","https:\/\/x.com\/bercodi","https:\/\/www.instagram.com\/","https:\/\/www.youtube.com\/channel\/UCZP-2wLEB9Rv6erhFmqVnvg"]},{"@type":"Person","@id":"https:\/\/eldigitaldeasturias.com\/radio\/author\/nbasturias\/#author","url":"https:\/\/eldigitaldeasturias.com\/radio\/author\/nbasturias\/","name":"NBAsturias","image":{"@type":"ImageObject","@id":"https:\/\/eldigitaldeasturias.com\/radio\/relevo-en-la-secretaria-general-tecnica-de-industria-del-principado\/#authorImage","url":"https:\/\/secure.gravatar.com\/avatar\/df2aeffc32bcd13f8d26072ef8a91b623d677766deac7f97ca815868cd41bf5e?s=96&d=mm&r=g","width":96,"height":96,"caption":"NBAsturias"}},{"@type":"WebPage","@id":"https:\/\/eldigitaldeasturias.com\/radio\/relevo-en-la-secretaria-general-tecnica-de-industria-del-principado\/#webpage","url":"https:\/\/eldigitaldeasturias.com\/radio\/relevo-en-la-secretaria-general-tecnica-de-industria-del-principado\/","name":"Relevo en la Secretar\u00eda General T\u00e9cnica de Industria del Principado | El Digital de Asturias","description":"El Consejo de Gobierno ha aprobado el nombramiento de Eva Fern\u00e1ndez Piedralba (Oviedo, 1978) como secretaria general t\u00e9cnica de la Consejer\u00eda de Industria, Empleo y Promoci\u00f3n Econ\u00f3mica, cargo en el que sustituye a Luis Carmelo M\u00e9nguez. Fern\u00e1ndez es licenciada en Derecho por la Universidad de Oviedo y funcionaria del Cuerpo Superior de Administradores del Principado.","inLanguage":"es-ES","isPartOf":{"@id":"https:\/\/eldigitaldeasturias.com\/radio\/#website"},"breadcrumb":{"@id":"https:\/\/eldigitaldeasturias.com\/radio\/relevo-en-la-secretaria-general-tecnica-de-industria-del-principado\/#breadcrumblist"},"author":{"@id":"https:\/\/eldigitaldeasturias.com\/radio\/author\/nbasturias\/#author"},"creator":{"@id":"https:\/\/eldigitaldeasturias.com\/radio\/author\/nbasturias\/#author"},"image":{"@type":"ImageObject","url":"https:\/\/eldigitaldeasturias.com\/radio\/wp-content\/uploads\/2020\/06\/Presidente-Asturias.jpg","@id":"https:\/\/eldigitaldeasturias.com\/radio\/relevo-en-la-secretaria-general-tecnica-de-industria-del-principado\/#mainImage","width":1078,"height":674,"caption":"Foto: Armando \u00c1lvarez"},"primaryImageOfPage":{"@id":"https:\/\/eldigitaldeasturias.com\/radio\/relevo-en-la-secretaria-general-tecnica-de-industria-del-principado\/#mainImage"},"datePublished":"2020-06-19T16:19:29+02:00","dateModified":"2020-06-19T16:19:29+02:00"},{"@type":"WebSite","@id":"https:\/\/eldigitaldeasturias.com\/radio\/#website","url":"https:\/\/eldigitaldeasturias.com\/radio\/","name":"El Digital de Asturias","description":"Diario de informaci\u00f3n y noticias","inLanguage":"es-ES","publisher":{"@id":"https:\/\/eldigitaldeasturias.com\/radio\/#organization"}}]},"og:locale":"es_ES","og:site_name":"El Digital de Asturias | Diario de informaci\u00f3n y noticias","og:type":"article","og:title":"Relevo en la Secretar\u00eda General T\u00e9cnica de Industria del Principado | El Digital de Asturias","og:description":"El Consejo de Gobierno ha aprobado el nombramiento de Eva Fern\u00e1ndez Piedralba (Oviedo, 1978) como secretaria general t\u00e9cnica de la Consejer\u00eda de Industria, Empleo y Promoci\u00f3n Econ\u00f3mica, cargo en el que sustituye a Luis Carmelo M\u00e9nguez. Fern\u00e1ndez es licenciada en Derecho por la Universidad de Oviedo y funcionaria del Cuerpo Superior de Administradores del Principado.","og:url":"https:\/\/eldigitaldeasturias.com\/radio\/relevo-en-la-secretaria-general-tecnica-de-industria-del-principado\/","og:image":"https:\/\/eldigitaldeasturias.com\/radio\/wp-content\/uploads\/2020\/06\/Presidente-Asturias.jpg","og:image:secure_url":"https:\/\/eldigitaldeasturias.com\/radio\/wp-content\/uploads\/2020\/06\/Presidente-Asturias.jpg","og:image:width":1078,"og:image:height":674,"article:published_time":"2020-06-19T16:19:29+00:00","article:modified_time":"2020-06-19T16:19:29+00:00","twitter:card":"summary_large_image","twitter:site":"@bercodi","twitter:title":"Relevo en la Secretar\u00eda General T\u00e9cnica de Industria del Principado | El Digital de Asturias","twitter:description":"El Consejo de Gobierno ha aprobado el nombramiento de Eva Fern\u00e1ndez Piedralba (Oviedo, 1978) como secretaria general t\u00e9cnica de la Consejer\u00eda de Industria, Empleo y Promoci\u00f3n Econ\u00f3mica, cargo en el que sustituye a Luis Carmelo M\u00e9nguez. Fern\u00e1ndez es licenciada en Derecho por la Universidad de Oviedo y funcionaria del Cuerpo Superior de Administradores del Principado.","twitter:creator":"@bercodi","twitter:image":"https:\/\/eldigitaldeasturias.com\/radio\/wp-content\/uploads\/2020\/06\/Presidente-Asturias.jpg"},"aioseo_meta_data":{"post_id":"4500","title":null,"description":null,"keywords":null,"keyphrases":null,"primary_term":null,"canonical_url":null,"og_title":null,"og_description":null,"og_object_type":"default","og_image_type":"default","og_image_url":null,"og_image_width":null,"og_image_height":null,"og_image_custom_url":null,"og_image_custom_fields":null,"og_video":null,"og_custom_url":null,"og_article_section":null,"og_article_tags":null,"twitter_use_og":false,"twitter_card":"default","twitter_image_type":"default","twitter_image_url":null,"twitter_image_custom_url":null,"twitter_image_custom_fields":null,"twitter_title":null,"twitter_description":null,"schema":{"blockGraphs":[],"customGraphs":[],"default":{"data":{"Article":[],"Course":[],"Dataset":[],"FAQPage":[],"Movie":[],"Person":[],"Product":[],"ProductReview":[],"Car":[],"Recipe":[],"Service":[],"SoftwareApplication":[],"WebPage":[]},"graphName":"","isEnabled":true},"graphs":[],"defaultGraph":"","defaultPostTypeGraph":""},"schema_type":null,"schema_type_options":null,"pillar_content":false,"robots_default":true,"robots_noindex":false,"robots_noarchive":false,"robots_nosnippet":false,"robots_nofollow":false,"robots_noimageindex":false,"robots_noodp":false,"robots_notranslate":false,"robots_max_snippet":null,"robots_max_videopreview":null,"robots_max_imagepreview":"large","priority":null,"frequency":null,"location":null,"local_seo":null,"seo_analyzer_scan_date":"2025-08-28 16:09:27","breadcrumb_settings":null,"limit_modified_date":false,"open_ai":null,"ai":null,"created":"2021-03-25 20:09:12","updated":"2025-08-28 16:09:27"},"aioseo_breadcrumb":"<div class=\"aioseo-breadcrumbs\"><span class=\"aioseo-breadcrumb\">\n\t<a href=\"https:\/\/eldigitaldeasturias.com\/radio\" title=\"Inicio\">Inicio<\/a>\n<\/span><span class=\"aioseo-breadcrumb-separator\">&ndash;<\/span><span class=\"aioseo-breadcrumb\">\n\t<a href=\"https:\/\/eldigitaldeasturias.com\/radio\/category\/noticias\/\" title=\"Noticias\">Noticias<\/a>\n<\/span><span class=\"aioseo-breadcrumb-separator\">&ndash;<\/span><span class=\"aioseo-breadcrumb\">\n\tRelevo en la Secretar\u00eda General T\u00e9cnica de Industria del Principado\n<\/span><\/div>","aioseo_breadcrumb_json":[{"label":"Inicio","link":"https:\/\/eldigitaldeasturias.com\/radio"},{"label":"Noticias","link":"https:\/\/eldigitaldeasturias.com\/radio\/category\/noticias\/"},{"label":"Relevo en la Secretar\u00eda General T\u00e9cnica de Industria del Principado","link":"https:\/\/eldigitaldeasturias.com\/radio\/relevo-en-la-secretaria-general-tecnica-de-industria-del-principado\/"}],"_links":{"self":[{"href":"https:\/\/eldigitaldeasturias.com\/radio\/wp-json\/wp\/v2\/posts\/4500","targetHints":{"allow":["GET"]}}],"collection":[{"href":"https:\/\/eldigitaldeasturias.com\/radio\/wp-json\/wp\/v2\/posts"}],"about":[{"href":"https:\/\/eldigitaldeasturias.com\/radio\/wp-json\/wp\/v2\/types\/post"}],"author":[{"embeddable":true,"href":"https:\/\/eldigitaldeasturias.com\/radio\/wp-json\/wp\/v2\/users\/1"}],"replies":[{"embeddable":true,"href":"https:\/\/eldigitaldeasturias.com\/radio\/wp-json\/wp\/v2\/comments?post=4500"}],"version-history":[{"count":0,"href":"https:\/\/eldigitaldeasturias.com\/radio\/wp-json\/wp\/v2\/posts\/4500\/revisions"}],"wp:featuredmedia":[{"embeddable":true,"href":"https:\/\/eldigitaldeasturias.com\/radio\/wp-json\/wp\/v2\/media\/4501"}],"wp:attachment":[{"href":"https:\/\/eldigitaldeasturias.com\/radio\/wp-json\/wp\/v2\/media?parent=4500"}],"wp:term":[{"taxonomy":"category","embeddable":true,"href":"https:\/\/eldigitaldeasturias.com\/radio\/wp-json\/wp\/v2\/categories?post=4500"},{"taxonomy":"post_tag","embeddable":true,"href":"https:\/\/eldigitaldeasturias.com\/radio\/wp-json\/wp\/v2\/tags?post=4500"}],"curies":[{"name":"wp","href":"https:\/\/api.w.org\/{rel}","templated":true}]}}