{"id":4497,"date":"2020-06-19T16:08:41","date_gmt":"2020-06-19T16:08:41","guid":{"rendered":"http:\/\/www.eldigitaldeasturias.com\/radio\/?p=4497"},"modified":"2020-06-19T16:08:41","modified_gmt":"2020-06-19T16:08:41","slug":"la-amenaza-del-coronavirus-es-mayor-para-los-refugiados-advierte-la-ue","status":"publish","type":"post","link":"https:\/\/eldigitaldeasturias.com\/radio\/la-amenaza-del-coronavirus-es-mayor-para-los-refugiados-advierte-la-ue\/","title":{"rendered":"La amenaza del coronavirus es mayor para los refugiados, advierte la UE"},"content":{"rendered":"<figure id=\"attachment_4498\" aria-describedby=\"caption-attachment-4498\" style=\"width: 360px\" class=\"wp-caption alignleft\"><img fetchpriority=\"high\" decoding=\"async\" class=\"size-medium wp-image-4498\" src=\"http:\/\/www.eldigitaldeasturias.com\/radio\/wp-content\/uploads\/2020\/06\/Refugiados-360x235.jpg\" alt=\"\" width=\"360\" height=\"235\" srcset=\"https:\/\/eldigitaldeasturias.com\/radio\/wp-content\/uploads\/2020\/06\/Refugiados-360x235.jpg 360w, https:\/\/eldigitaldeasturias.com\/radio\/wp-content\/uploads\/2020\/06\/Refugiados-768x502.jpg 768w, https:\/\/eldigitaldeasturias.com\/radio\/wp-content\/uploads\/2020\/06\/Refugiados.jpg 975w\" sizes=\"(max-width: 360px) 100vw, 360px\" \/><figcaption id=\"caption-attachment-4498\" class=\"wp-caption-text\">Foto: Yasin Akgul\/dpa<\/figcaption><\/figure>\n<p>BRUSELAS, 19 Jun. 2020 (Europa Press) &#8211;\u00a0<strong>La Uni\u00f3n Europea ha avisado este viernes de que la pandemia global de coronavirus amenaza en mayor medida a personas refugiadas y desplazadas<\/strong>, puesto que cuentan con un acceso limitado a los servicios sanitarios y los mecanismos de protecci\u00f3n.<\/p>\n<p>Coincidiendo con el D\u00eda Mundial del Refugiado este s\u00e1bado, la Comisi\u00f3n Europea y la UE han advertido de la situaci\u00f3n a nivel mundial de los refugiados durante la pandemia y han reclamado a las autoridades de todo el mundo que no dejen atr\u00e1s a este colectivo.<\/p>\n<p>\u00abNadie puede quedarse atr\u00e1s. Las poblaciones vulnerables, incluyendo los refugiados, est\u00e1n en el coraz\u00f3n de la respuesta de la UE durante el coronavirus. La Uni\u00f3n reafirma su inquebrantable solidaridad con los millones de personas que han tenido que abandonar su pa\u00eds porque sus casas no son un lugar seguro\u00bb, ha se\u00f1alado el comunicado conjunto.<\/p>\n<p>Adem\u00e1s pide que durante la pandemia, se contin\u00faen respetando los derechos fundamentales para que aquellos que lo necesiten puedan tener acceso a procesos de petici\u00f3n de asilo y protecci\u00f3n internacional.<\/p>\n<p>Bruselas y los Veintisiete recuerdan que una de cada 97 personas en el mundo ha tenido que desplazarse por causa de persecuci\u00f3n o conflicto b\u00e9lico. A finales de 2019, 80 millones de personas eran desplazados forzosos, incluyendo 26 millones de refugiados. Recuerda que en el caso de Venezuela, 3,6 millones se encuentran en terceros pa\u00edses por la crisis que vive el pa\u00eds.<\/p>\n<p>E insisten en que los refugiados pueden ser un catalizador de cambio \u00abHoy rendimos tributo a los muchos refugiados trabajando en la primera l\u00ednea contra el coronavirus en Europa. En muchos casos poniendo su propia vida en riesgo para salvar a otros\u00bb, asegura el comunicado.<\/p>\n<p>&nbsp;<\/p>\n","protected":false},"excerpt":{"rendered":"<p>BRUSELAS, 19 Jun. 2020 (Europa Press) &#8211;\u00a0La Uni\u00f3n Europea ha avisado este viernes de que la pandemia global de coronavirus amenaza en mayor medida a personas refugiadas y desplazadas, puesto que cuentan con un acceso limitado a los servicios sanitarios y los mecanismos de protecci\u00f3n. Coincidiendo con el D\u00eda Mundial del Refugiado este s\u00e1bado, la<\/p>\n","protected":false},"author":1,"featured_media":4498,"comment_status":"closed","ping_status":"closed","sticky":false,"template":"","format":"standard","meta":{"footnotes":""},"categories":[1],"tags":[],"class_list":{"0":"post-4497","1":"post","2":"type-post","3":"status-publish","4":"format-standard","5":"has-post-thumbnail","7":"category-noticias"},"aioseo_notices":[],"aioseo_head":"\n\t\t<!-- All in One SEO Pro 4.9.6.2 - aioseo.com -->\n\t<meta name=\"description\" content=\"BRUSELAS, 19 Jun. 2020 (Europa Press) - La Uni\u00f3n Europea ha avisado este viernes de que la pandemia global de coronavirus amenaza en mayor medida a personas refugiadas y desplazadas, puesto que cuentan con un acceso limitado a los servicios sanitarios y los mecanismos de protecci\u00f3n. Coincidiendo con el D\u00eda Mundial del Refugiado este s\u00e1bado, la\" \/>\n\t<meta name=\"robots\" content=\"max-image-preview:large\" \/>\n\t<meta name=\"author\" content=\"NBAsturias\"\/>\n\t<meta name=\"google-site-verification\" content=\"UA-38556648-1\" \/>\n\t<meta name=\"keywords\" content=\"noticias\" \/>\n\t<link rel=\"canonical\" href=\"https:\/\/eldigitaldeasturias.com\/radio\/la-amenaza-del-coronavirus-es-mayor-para-los-refugiados-advierte-la-ue\/\" \/>\n\t<meta name=\"generator\" content=\"All in One SEO Pro (AIOSEO) 4.9.6.2\" \/>\n\t\t<meta property=\"og:locale\" content=\"es_ES\" \/>\n\t\t<meta property=\"og:site_name\" content=\"El Digital de Asturias | Diario de informaci\u00f3n y noticias\" \/>\n\t\t<meta property=\"og:type\" content=\"article\" \/>\n\t\t<meta property=\"og:title\" content=\"La amenaza del coronavirus es mayor para los refugiados, advierte la UE | El Digital de Asturias\" \/>\n\t\t<meta property=\"og:description\" content=\"BRUSELAS, 19 Jun. 2020 (Europa Press) - La Uni\u00f3n Europea ha avisado este viernes de que la pandemia global de coronavirus amenaza en mayor medida a personas refugiadas y desplazadas, puesto que cuentan con un acceso limitado a los servicios sanitarios y los mecanismos de protecci\u00f3n. Coincidiendo con el D\u00eda Mundial del Refugiado este s\u00e1bado, la\" \/>\n\t\t<meta property=\"og:url\" content=\"https:\/\/eldigitaldeasturias.com\/radio\/la-amenaza-del-coronavirus-es-mayor-para-los-refugiados-advierte-la-ue\/\" \/>\n\t\t<meta property=\"og:image\" content=\"https:\/\/eldigitaldeasturias.com\/radio\/wp-content\/uploads\/2020\/06\/Refugiados.jpg\" \/>\n\t\t<meta property=\"og:image:secure_url\" content=\"https:\/\/eldigitaldeasturias.com\/radio\/wp-content\/uploads\/2020\/06\/Refugiados.jpg\" \/>\n\t\t<meta property=\"og:image:width\" content=\"975\" \/>\n\t\t<meta property=\"og:image:height\" content=\"637\" \/>\n\t\t<meta property=\"article:published_time\" content=\"2020-06-19T16:08:41+00:00\" \/>\n\t\t<meta property=\"article:modified_time\" content=\"2020-06-19T16:08:41+00:00\" \/>\n\t\t<meta name=\"twitter:card\" content=\"summary_large_image\" \/>\n\t\t<meta name=\"twitter:site\" content=\"@bercodi\" \/>\n\t\t<meta name=\"twitter:title\" content=\"La amenaza del coronavirus es mayor para los refugiados, advierte la UE | El Digital de Asturias\" \/>\n\t\t<meta name=\"twitter:description\" content=\"BRUSELAS, 19 Jun. 2020 (Europa Press) - La Uni\u00f3n Europea ha avisado este viernes de que la pandemia global de coronavirus amenaza en mayor medida a personas refugiadas y desplazadas, puesto que cuentan con un acceso limitado a los servicios sanitarios y los mecanismos de protecci\u00f3n. Coincidiendo con el D\u00eda Mundial del Refugiado este s\u00e1bado, la\" \/>\n\t\t<meta name=\"twitter:creator\" content=\"@bercodi\" \/>\n\t\t<meta name=\"twitter:image\" content=\"https:\/\/eldigitaldeasturias.com\/radio\/wp-content\/uploads\/2020\/06\/Refugiados.jpg\" \/>\n\t\t<script type=\"application\/ld+json\" class=\"aioseo-schema\">\n\t\t\t{\"@context\":\"https:\\\/\\\/schema.org\",\"@graph\":[{\"@type\":\"BreadcrumbList\",\"@id\":\"https:\\\/\\\/eldigitaldeasturias.com\\\/radio\\\/la-amenaza-del-coronavirus-es-mayor-para-los-refugiados-advierte-la-ue\\\/#breadcrumblist\",\"itemListElement\":[{\"@type\":\"ListItem\",\"@id\":\"https:\\\/\\\/eldigitaldeasturias.com\\\/radio#listItem\",\"position\":1,\"name\":\"Inicio\",\"item\":\"https:\\\/\\\/eldigitaldeasturias.com\\\/radio\",\"nextItem\":{\"@type\":\"ListItem\",\"@id\":\"https:\\\/\\\/eldigitaldeasturias.com\\\/radio\\\/category\\\/noticias\\\/#listItem\",\"name\":\"Noticias\"}},{\"@type\":\"ListItem\",\"@id\":\"https:\\\/\\\/eldigitaldeasturias.com\\\/radio\\\/category\\\/noticias\\\/#listItem\",\"position\":2,\"name\":\"Noticias\",\"item\":\"https:\\\/\\\/eldigitaldeasturias.com\\\/radio\\\/category\\\/noticias\\\/\",\"nextItem\":{\"@type\":\"ListItem\",\"@id\":\"https:\\\/\\\/eldigitaldeasturias.com\\\/radio\\\/la-amenaza-del-coronavirus-es-mayor-para-los-refugiados-advierte-la-ue\\\/#listItem\",\"name\":\"La amenaza del coronavirus es mayor para los refugiados, advierte la UE\"},\"previousItem\":{\"@type\":\"ListItem\",\"@id\":\"https:\\\/\\\/eldigitaldeasturias.com\\\/radio#listItem\",\"name\":\"Inicio\"}},{\"@type\":\"ListItem\",\"@id\":\"https:\\\/\\\/eldigitaldeasturias.com\\\/radio\\\/la-amenaza-del-coronavirus-es-mayor-para-los-refugiados-advierte-la-ue\\\/#listItem\",\"position\":3,\"name\":\"La amenaza del coronavirus es mayor para los refugiados, advierte la UE\",\"previousItem\":{\"@type\":\"ListItem\",\"@id\":\"https:\\\/\\\/eldigitaldeasturias.com\\\/radio\\\/category\\\/noticias\\\/#listItem\",\"name\":\"Noticias\"}}]},{\"@type\":\"NewsArticle\",\"@id\":\"https:\\\/\\\/eldigitaldeasturias.com\\\/radio\\\/la-amenaza-del-coronavirus-es-mayor-para-los-refugiados-advierte-la-ue\\\/#newsarticle\",\"name\":\"La amenaza del coronavirus es mayor para los refugiados, advierte la UE | El Digital de Asturias\",\"headline\":\"La amenaza del coronavirus es mayor para los refugiados, advierte la UE\",\"author\":{\"@id\":\"https:\\\/\\\/eldigitaldeasturias.com\\\/radio\\\/author\\\/nbasturias\\\/#author\"},\"publisher\":{\"@id\":\"https:\\\/\\\/eldigitaldeasturias.com\\\/radio\\\/#organization\"},\"image\":{\"@type\":\"ImageObject\",\"url\":\"https:\\\/\\\/eldigitaldeasturias.com\\\/radio\\\/wp-content\\\/uploads\\\/2020\\\/06\\\/Refugiados.jpg\",\"width\":975,\"height\":637,\"caption\":\"Foto: Yasin Akgul\\\/dpa\"},\"datePublished\":\"2020-06-19T16:08:41+02:00\",\"dateModified\":\"2020-06-19T16:08:41+02:00\",\"inLanguage\":\"es-ES\",\"mainEntityOfPage\":{\"@id\":\"https:\\\/\\\/eldigitaldeasturias.com\\\/radio\\\/la-amenaza-del-coronavirus-es-mayor-para-los-refugiados-advierte-la-ue\\\/#webpage\"},\"isPartOf\":{\"@id\":\"https:\\\/\\\/eldigitaldeasturias.com\\\/radio\\\/la-amenaza-del-coronavirus-es-mayor-para-los-refugiados-advierte-la-ue\\\/#webpage\"},\"articleSection\":\"Noticias\",\"dateline\":\"Publicado el junio 19, 2020.\"},{\"@type\":\"Organization\",\"@id\":\"https:\\\/\\\/eldigitaldeasturias.com\\\/radio\\\/#organization\",\"name\":\"El digital de Asturias Radio\",\"description\":\"Diario de informaci\\u00f3n y noticias\",\"url\":\"https:\\\/\\\/eldigitaldeasturias.com\\\/radio\\\/\",\"telephone\":\"+34652131393\",\"logo\":{\"@type\":\"ImageObject\",\"url\":\"https:\\\/\\\/www.eldigitaldeasturias.com\\\/radio\\\/wp-content\\\/uploads\\\/2021\\\/03\\\/EDA.jpg\",\"@id\":\"https:\\\/\\\/eldigitaldeasturias.com\\\/radio\\\/la-amenaza-del-coronavirus-es-mayor-para-los-refugiados-advierte-la-ue\\\/#organizationLogo\"},\"image\":{\"@id\":\"https:\\\/\\\/eldigitaldeasturias.com\\\/radio\\\/la-amenaza-del-coronavirus-es-mayor-para-los-refugiados-advierte-la-ue\\\/#organizationLogo\"},\"sameAs\":[\"https:\\\/\\\/www.facebook.com\\\/\",\"https:\\\/\\\/x.com\\\/bercodi\",\"https:\\\/\\\/www.instagram.com\\\/\",\"https:\\\/\\\/www.youtube.com\\\/channel\\\/UCZP-2wLEB9Rv6erhFmqVnvg\"]},{\"@type\":\"Person\",\"@id\":\"https:\\\/\\\/eldigitaldeasturias.com\\\/radio\\\/author\\\/nbasturias\\\/#author\",\"url\":\"https:\\\/\\\/eldigitaldeasturias.com\\\/radio\\\/author\\\/nbasturias\\\/\",\"name\":\"NBAsturias\",\"image\":{\"@type\":\"ImageObject\",\"@id\":\"https:\\\/\\\/eldigitaldeasturias.com\\\/radio\\\/la-amenaza-del-coronavirus-es-mayor-para-los-refugiados-advierte-la-ue\\\/#authorImage\",\"url\":\"https:\\\/\\\/secure.gravatar.com\\\/avatar\\\/df2aeffc32bcd13f8d26072ef8a91b623d677766deac7f97ca815868cd41bf5e?s=96&d=mm&r=g\",\"width\":96,\"height\":96,\"caption\":\"NBAsturias\"}},{\"@type\":\"WebPage\",\"@id\":\"https:\\\/\\\/eldigitaldeasturias.com\\\/radio\\\/la-amenaza-del-coronavirus-es-mayor-para-los-refugiados-advierte-la-ue\\\/#webpage\",\"url\":\"https:\\\/\\\/eldigitaldeasturias.com\\\/radio\\\/la-amenaza-del-coronavirus-es-mayor-para-los-refugiados-advierte-la-ue\\\/\",\"name\":\"La amenaza del coronavirus es mayor para los refugiados, advierte la UE | El Digital de Asturias\",\"description\":\"BRUSELAS, 19 Jun. 2020 (Europa Press) - La Uni\\u00f3n Europea ha avisado este viernes de que la pandemia global de coronavirus amenaza en mayor medida a personas refugiadas y desplazadas, puesto que cuentan con un acceso limitado a los servicios sanitarios y los mecanismos de protecci\\u00f3n. Coincidiendo con el D\\u00eda Mundial del Refugiado este s\\u00e1bado, la\",\"inLanguage\":\"es-ES\",\"isPartOf\":{\"@id\":\"https:\\\/\\\/eldigitaldeasturias.com\\\/radio\\\/#website\"},\"breadcrumb\":{\"@id\":\"https:\\\/\\\/eldigitaldeasturias.com\\\/radio\\\/la-amenaza-del-coronavirus-es-mayor-para-los-refugiados-advierte-la-ue\\\/#breadcrumblist\"},\"author\":{\"@id\":\"https:\\\/\\\/eldigitaldeasturias.com\\\/radio\\\/author\\\/nbasturias\\\/#author\"},\"creator\":{\"@id\":\"https:\\\/\\\/eldigitaldeasturias.com\\\/radio\\\/author\\\/nbasturias\\\/#author\"},\"image\":{\"@type\":\"ImageObject\",\"url\":\"https:\\\/\\\/eldigitaldeasturias.com\\\/radio\\\/wp-content\\\/uploads\\\/2020\\\/06\\\/Refugiados.jpg\",\"@id\":\"https:\\\/\\\/eldigitaldeasturias.com\\\/radio\\\/la-amenaza-del-coronavirus-es-mayor-para-los-refugiados-advierte-la-ue\\\/#mainImage\",\"width\":975,\"height\":637,\"caption\":\"Foto: Yasin Akgul\\\/dpa\"},\"primaryImageOfPage\":{\"@id\":\"https:\\\/\\\/eldigitaldeasturias.com\\\/radio\\\/la-amenaza-del-coronavirus-es-mayor-para-los-refugiados-advierte-la-ue\\\/#mainImage\"},\"datePublished\":\"2020-06-19T16:08:41+02:00\",\"dateModified\":\"2020-06-19T16:08:41+02:00\"},{\"@type\":\"WebSite\",\"@id\":\"https:\\\/\\\/eldigitaldeasturias.com\\\/radio\\\/#website\",\"url\":\"https:\\\/\\\/eldigitaldeasturias.com\\\/radio\\\/\",\"name\":\"El Digital de Asturias\",\"description\":\"Diario de informaci\\u00f3n y noticias\",\"inLanguage\":\"es-ES\",\"publisher\":{\"@id\":\"https:\\\/\\\/eldigitaldeasturias.com\\\/radio\\\/#organization\"}}]}\n\t\t<\/script>\n\t\t<!-- All in One SEO Pro -->\r\n\t\t<title>La amenaza del coronavirus es mayor para los refugiados, advierte la UE | El Digital de Asturias<\/title>\n\n","aioseo_head_json":{"title":"La amenaza del coronavirus es mayor para los refugiados, advierte la UE | El Digital de Asturias","description":"BRUSELAS, 19 Jun. 2020 (Europa Press) - La Uni\u00f3n Europea ha avisado este viernes de que la pandemia global de coronavirus amenaza en mayor medida a personas refugiadas y desplazadas, puesto que cuentan con un acceso limitado a los servicios sanitarios y los mecanismos de protecci\u00f3n. Coincidiendo con el D\u00eda Mundial del Refugiado este s\u00e1bado, la","canonical_url":"https:\/\/eldigitaldeasturias.com\/radio\/la-amenaza-del-coronavirus-es-mayor-para-los-refugiados-advierte-la-ue\/","robots":"max-image-preview:large","keywords":"noticias","webmasterTools":{"google-site-verification":"UA-38556648-1","miscellaneous":""},"schema":{"@context":"https:\/\/schema.org","@graph":[{"@type":"BreadcrumbList","@id":"https:\/\/eldigitaldeasturias.com\/radio\/la-amenaza-del-coronavirus-es-mayor-para-los-refugiados-advierte-la-ue\/#breadcrumblist","itemListElement":[{"@type":"ListItem","@id":"https:\/\/eldigitaldeasturias.com\/radio#listItem","position":1,"name":"Inicio","item":"https:\/\/eldigitaldeasturias.com\/radio","nextItem":{"@type":"ListItem","@id":"https:\/\/eldigitaldeasturias.com\/radio\/category\/noticias\/#listItem","name":"Noticias"}},{"@type":"ListItem","@id":"https:\/\/eldigitaldeasturias.com\/radio\/category\/noticias\/#listItem","position":2,"name":"Noticias","item":"https:\/\/eldigitaldeasturias.com\/radio\/category\/noticias\/","nextItem":{"@type":"ListItem","@id":"https:\/\/eldigitaldeasturias.com\/radio\/la-amenaza-del-coronavirus-es-mayor-para-los-refugiados-advierte-la-ue\/#listItem","name":"La amenaza del coronavirus es mayor para los refugiados, advierte la UE"},"previousItem":{"@type":"ListItem","@id":"https:\/\/eldigitaldeasturias.com\/radio#listItem","name":"Inicio"}},{"@type":"ListItem","@id":"https:\/\/eldigitaldeasturias.com\/radio\/la-amenaza-del-coronavirus-es-mayor-para-los-refugiados-advierte-la-ue\/#listItem","position":3,"name":"La amenaza del coronavirus es mayor para los refugiados, advierte la UE","previousItem":{"@type":"ListItem","@id":"https:\/\/eldigitaldeasturias.com\/radio\/category\/noticias\/#listItem","name":"Noticias"}}]},{"@type":"NewsArticle","@id":"https:\/\/eldigitaldeasturias.com\/radio\/la-amenaza-del-coronavirus-es-mayor-para-los-refugiados-advierte-la-ue\/#newsarticle","name":"La amenaza del coronavirus es mayor para los refugiados, advierte la UE | El Digital de Asturias","headline":"La amenaza del coronavirus es mayor para los refugiados, advierte la UE","author":{"@id":"https:\/\/eldigitaldeasturias.com\/radio\/author\/nbasturias\/#author"},"publisher":{"@id":"https:\/\/eldigitaldeasturias.com\/radio\/#organization"},"image":{"@type":"ImageObject","url":"https:\/\/eldigitaldeasturias.com\/radio\/wp-content\/uploads\/2020\/06\/Refugiados.jpg","width":975,"height":637,"caption":"Foto: Yasin Akgul\/dpa"},"datePublished":"2020-06-19T16:08:41+02:00","dateModified":"2020-06-19T16:08:41+02:00","inLanguage":"es-ES","mainEntityOfPage":{"@id":"https:\/\/eldigitaldeasturias.com\/radio\/la-amenaza-del-coronavirus-es-mayor-para-los-refugiados-advierte-la-ue\/#webpage"},"isPartOf":{"@id":"https:\/\/eldigitaldeasturias.com\/radio\/la-amenaza-del-coronavirus-es-mayor-para-los-refugiados-advierte-la-ue\/#webpage"},"articleSection":"Noticias","dateline":"Publicado el junio 19, 2020."},{"@type":"Organization","@id":"https:\/\/eldigitaldeasturias.com\/radio\/#organization","name":"El digital de Asturias Radio","description":"Diario de informaci\u00f3n y noticias","url":"https:\/\/eldigitaldeasturias.com\/radio\/","telephone":"+34652131393","logo":{"@type":"ImageObject","url":"https:\/\/www.eldigitaldeasturias.com\/radio\/wp-content\/uploads\/2021\/03\/EDA.jpg","@id":"https:\/\/eldigitaldeasturias.com\/radio\/la-amenaza-del-coronavirus-es-mayor-para-los-refugiados-advierte-la-ue\/#organizationLogo"},"image":{"@id":"https:\/\/eldigitaldeasturias.com\/radio\/la-amenaza-del-coronavirus-es-mayor-para-los-refugiados-advierte-la-ue\/#organizationLogo"},"sameAs":["https:\/\/www.facebook.com\/","https:\/\/x.com\/bercodi","https:\/\/www.instagram.com\/","https:\/\/www.youtube.com\/channel\/UCZP-2wLEB9Rv6erhFmqVnvg"]},{"@type":"Person","@id":"https:\/\/eldigitaldeasturias.com\/radio\/author\/nbasturias\/#author","url":"https:\/\/eldigitaldeasturias.com\/radio\/author\/nbasturias\/","name":"NBAsturias","image":{"@type":"ImageObject","@id":"https:\/\/eldigitaldeasturias.com\/radio\/la-amenaza-del-coronavirus-es-mayor-para-los-refugiados-advierte-la-ue\/#authorImage","url":"https:\/\/secure.gravatar.com\/avatar\/df2aeffc32bcd13f8d26072ef8a91b623d677766deac7f97ca815868cd41bf5e?s=96&d=mm&r=g","width":96,"height":96,"caption":"NBAsturias"}},{"@type":"WebPage","@id":"https:\/\/eldigitaldeasturias.com\/radio\/la-amenaza-del-coronavirus-es-mayor-para-los-refugiados-advierte-la-ue\/#webpage","url":"https:\/\/eldigitaldeasturias.com\/radio\/la-amenaza-del-coronavirus-es-mayor-para-los-refugiados-advierte-la-ue\/","name":"La amenaza del coronavirus es mayor para los refugiados, advierte la UE | El Digital de Asturias","description":"BRUSELAS, 19 Jun. 2020 (Europa Press) - La Uni\u00f3n Europea ha avisado este viernes de que la pandemia global de coronavirus amenaza en mayor medida a personas refugiadas y desplazadas, puesto que cuentan con un acceso limitado a los servicios sanitarios y los mecanismos de protecci\u00f3n. Coincidiendo con el D\u00eda Mundial del Refugiado este s\u00e1bado, la","inLanguage":"es-ES","isPartOf":{"@id":"https:\/\/eldigitaldeasturias.com\/radio\/#website"},"breadcrumb":{"@id":"https:\/\/eldigitaldeasturias.com\/radio\/la-amenaza-del-coronavirus-es-mayor-para-los-refugiados-advierte-la-ue\/#breadcrumblist"},"author":{"@id":"https:\/\/eldigitaldeasturias.com\/radio\/author\/nbasturias\/#author"},"creator":{"@id":"https:\/\/eldigitaldeasturias.com\/radio\/author\/nbasturias\/#author"},"image":{"@type":"ImageObject","url":"https:\/\/eldigitaldeasturias.com\/radio\/wp-content\/uploads\/2020\/06\/Refugiados.jpg","@id":"https:\/\/eldigitaldeasturias.com\/radio\/la-amenaza-del-coronavirus-es-mayor-para-los-refugiados-advierte-la-ue\/#mainImage","width":975,"height":637,"caption":"Foto: Yasin Akgul\/dpa"},"primaryImageOfPage":{"@id":"https:\/\/eldigitaldeasturias.com\/radio\/la-amenaza-del-coronavirus-es-mayor-para-los-refugiados-advierte-la-ue\/#mainImage"},"datePublished":"2020-06-19T16:08:41+02:00","dateModified":"2020-06-19T16:08:41+02:00"},{"@type":"WebSite","@id":"https:\/\/eldigitaldeasturias.com\/radio\/#website","url":"https:\/\/eldigitaldeasturias.com\/radio\/","name":"El Digital de Asturias","description":"Diario de informaci\u00f3n y noticias","inLanguage":"es-ES","publisher":{"@id":"https:\/\/eldigitaldeasturias.com\/radio\/#organization"}}]},"og:locale":"es_ES","og:site_name":"El Digital de Asturias | Diario de informaci\u00f3n y noticias","og:type":"article","og:title":"La amenaza del coronavirus es mayor para los refugiados, advierte la UE | El Digital de Asturias","og:description":"BRUSELAS, 19 Jun. 2020 (Europa Press) - La Uni\u00f3n Europea ha avisado este viernes de que la pandemia global de coronavirus amenaza en mayor medida a personas refugiadas y desplazadas, puesto que cuentan con un acceso limitado a los servicios sanitarios y los mecanismos de protecci\u00f3n. Coincidiendo con el D\u00eda Mundial del Refugiado este s\u00e1bado, la","og:url":"https:\/\/eldigitaldeasturias.com\/radio\/la-amenaza-del-coronavirus-es-mayor-para-los-refugiados-advierte-la-ue\/","og:image":"https:\/\/eldigitaldeasturias.com\/radio\/wp-content\/uploads\/2020\/06\/Refugiados.jpg","og:image:secure_url":"https:\/\/eldigitaldeasturias.com\/radio\/wp-content\/uploads\/2020\/06\/Refugiados.jpg","og:image:width":975,"og:image:height":637,"article:published_time":"2020-06-19T16:08:41+00:00","article:modified_time":"2020-06-19T16:08:41+00:00","twitter:card":"summary_large_image","twitter:site":"@bercodi","twitter:title":"La amenaza del coronavirus es mayor para los refugiados, advierte la UE | El Digital de Asturias","twitter:description":"BRUSELAS, 19 Jun. 2020 (Europa Press) - La Uni\u00f3n Europea ha avisado este viernes de que la pandemia global de coronavirus amenaza en mayor medida a personas refugiadas y desplazadas, puesto que cuentan con un acceso limitado a los servicios sanitarios y los mecanismos de protecci\u00f3n. Coincidiendo con el D\u00eda Mundial del Refugiado este s\u00e1bado, la","twitter:creator":"@bercodi","twitter:image":"https:\/\/eldigitaldeasturias.com\/radio\/wp-content\/uploads\/2020\/06\/Refugiados.jpg"},"aioseo_meta_data":{"post_id":"4497","title":null,"description":null,"keywords":null,"keyphrases":null,"primary_term":null,"canonical_url":null,"og_title":null,"og_description":null,"og_object_type":"default","og_image_type":"default","og_image_url":null,"og_image_width":null,"og_image_height":null,"og_image_custom_url":null,"og_image_custom_fields":null,"og_video":null,"og_custom_url":null,"og_article_section":null,"og_article_tags":null,"twitter_use_og":false,"twitter_card":"default","twitter_image_type":"default","twitter_image_url":null,"twitter_image_custom_url":null,"twitter_image_custom_fields":null,"twitter_title":null,"twitter_description":null,"schema":{"blockGraphs":[],"customGraphs":[],"default":{"data":{"Article":[],"Course":[],"Dataset":[],"FAQPage":[],"Movie":[],"Person":[],"Product":[],"ProductReview":[],"Car":[],"Recipe":[],"Service":[],"SoftwareApplication":[],"WebPage":[]},"graphName":"","isEnabled":true},"graphs":[]},"schema_type":null,"schema_type_options":null,"pillar_content":false,"robots_default":true,"robots_noindex":false,"robots_noarchive":false,"robots_nosnippet":false,"robots_nofollow":false,"robots_noimageindex":false,"robots_noodp":false,"robots_notranslate":false,"robots_max_snippet":null,"robots_max_videopreview":null,"robots_max_imagepreview":"large","priority":null,"frequency":null,"location":null,"local_seo":null,"seo_analyzer_scan_date":"2025-08-28 16:09:27","breadcrumb_settings":null,"limit_modified_date":false,"open_ai":null,"ai":null,"created":"2021-03-26 10:53:27","updated":"2025-08-28 16:09:27"},"aioseo_breadcrumb":"<div class=\"aioseo-breadcrumbs\"><span class=\"aioseo-breadcrumb\">\n\t<a href=\"https:\/\/eldigitaldeasturias.com\/radio\" title=\"Inicio\">Inicio<\/a>\n<\/span><span class=\"aioseo-breadcrumb-separator\">&ndash;<\/span><span class=\"aioseo-breadcrumb\">\n\t<a href=\"https:\/\/eldigitaldeasturias.com\/radio\/category\/noticias\/\" title=\"Noticias\">Noticias<\/a>\n<\/span><span class=\"aioseo-breadcrumb-separator\">&ndash;<\/span><span class=\"aioseo-breadcrumb\">\n\tLa amenaza del coronavirus es mayor para los refugiados, advierte la UE\n<\/span><\/div>","aioseo_breadcrumb_json":[{"label":"Inicio","link":"https:\/\/eldigitaldeasturias.com\/radio"},{"label":"Noticias","link":"https:\/\/eldigitaldeasturias.com\/radio\/category\/noticias\/"},{"label":"La amenaza del coronavirus es mayor para los refugiados, advierte la UE","link":"https:\/\/eldigitaldeasturias.com\/radio\/la-amenaza-del-coronavirus-es-mayor-para-los-refugiados-advierte-la-ue\/"}],"_links":{"self":[{"href":"https:\/\/eldigitaldeasturias.com\/radio\/wp-json\/wp\/v2\/posts\/4497","targetHints":{"allow":["GET"]}}],"collection":[{"href":"https:\/\/eldigitaldeasturias.com\/radio\/wp-json\/wp\/v2\/posts"}],"about":[{"href":"https:\/\/eldigitaldeasturias.com\/radio\/wp-json\/wp\/v2\/types\/post"}],"author":[{"embeddable":true,"href":"https:\/\/eldigitaldeasturias.com\/radio\/wp-json\/wp\/v2\/users\/1"}],"replies":[{"embeddable":true,"href":"https:\/\/eldigitaldeasturias.com\/radio\/wp-json\/wp\/v2\/comments?post=4497"}],"version-history":[{"count":0,"href":"https:\/\/eldigitaldeasturias.com\/radio\/wp-json\/wp\/v2\/posts\/4497\/revisions"}],"wp:featuredmedia":[{"embeddable":true,"href":"https:\/\/eldigitaldeasturias.com\/radio\/wp-json\/wp\/v2\/media\/4498"}],"wp:attachment":[{"href":"https:\/\/eldigitaldeasturias.com\/radio\/wp-json\/wp\/v2\/media?parent=4497"}],"wp:term":[{"taxonomy":"category","embeddable":true,"href":"https:\/\/eldigitaldeasturias.com\/radio\/wp-json\/wp\/v2\/categories?post=4497"},{"taxonomy":"post_tag","embeddable":true,"href":"https:\/\/eldigitaldeasturias.com\/radio\/wp-json\/wp\/v2\/tags?post=4497"}],"curies":[{"name":"wp","href":"https:\/\/api.w.org\/{rel}","templated":true}]}}