{"id":4416,"date":"2020-06-12T12:36:30","date_gmt":"2020-06-12T12:36:30","guid":{"rendered":"http:\/\/www.eldigitaldeasturias.com\/radio\/?p=4416"},"modified":"2020-06-12T12:36:30","modified_gmt":"2020-06-12T12:36:30","slug":"felipe-monteiro-estamos-perfectamente-preparados-para-volver","status":"publish","type":"post","link":"https:\/\/eldigitaldeasturias.com\/radio\/felipe-monteiro-estamos-perfectamente-preparados-para-volver\/","title":{"rendered":"Felipe Monteiro: \u00abEstamos perfectamente preparados para volver\u00bb"},"content":{"rendered":"<figure id=\"attachment_4417\" aria-describedby=\"caption-attachment-4417\" style=\"width: 360px\" class=\"wp-caption alignleft\"><img fetchpriority=\"high\" decoding=\"async\" class=\"size-medium wp-image-4417\" src=\"http:\/\/www.eldigitaldeasturias.com\/radio\/wp-content\/uploads\/2020\/06\/Felipe-ATM-360x254.jpg\" alt=\"\" width=\"360\" height=\"254\" srcset=\"https:\/\/eldigitaldeasturias.com\/radio\/wp-content\/uploads\/2020\/06\/Felipe-ATM-360x254.jpg 360w, https:\/\/eldigitaldeasturias.com\/radio\/wp-content\/uploads\/2020\/06\/Felipe-ATM-768x541.jpg 768w, https:\/\/eldigitaldeasturias.com\/radio\/wp-content\/uploads\/2020\/06\/Felipe-ATM.jpg 913w\" sizes=\"(max-width: 360px) 100vw, 360px\" \/><figcaption id=\"caption-attachment-4417\" class=\"wp-caption-text\">Foto: ATL\u00c9TICO DE MADRID \/ Europa Press<\/figcaption><\/figure>\n<p>(Europa Press) &#8211;\u00a0El central brasile\u00f1o del Atl\u00e9tico de Madrid, Felipe Monteiro, se ha confesado \u00abfeliz\u00bb por volver a jugar despu\u00e9s del confinamiento y ha asegurado que tanto \u00e9l como sus compa\u00f1eros est\u00e1n \u00abperfectamente preparados\u00bb para medirse con el Athletic Club, un rival \u00abmuy fuerte\u00bb que marcar\u00e1 su retorno a LaLiga.<\/p>\n<p>\u00abEstoy feliz porque el f\u00fatbol es nuestro trabajo y tenemos muchas ganas de hacerlo. Ahora estamos haciendo lo que nos gusta y volviendo a la rutina, con alguna restricci\u00f3n, pero volvemos a lo que nos encanta. Ahora tenemos que disfrutar y trabajar duro porque tenemos partidos muy importantes por delante\u00bb, apunt\u00f3 Felipe en declaraciones facilitadas por el Atl\u00e9tico.<\/p>\n<p>El zaguero indic\u00f3 que est\u00e1n \u00abmuy preparados\u00bb para esta reanudaci\u00f3n. \u00abTuvimos este periodo complicado y desde que volvimos estamos entrenando duro para seguir con el trabajo que hac\u00edamos antes. El equipo se est\u00e1 preparando bien, haciendo todo lo que pide el &#8216;Cholo&#8217;, y estamos perfectamente preparados\u00bb, reiter\u00f3.<\/p>\n<p>De cara al encuentro del domingo en San Mam\u00e9s, Felipe avis\u00f3 de que les espera \u00abun rival muy fuerte\u00bb. \u00abSomos conscientes de que jugaremos sin espectadores por la situaci\u00f3n que estamos viviendo, pero saldremos a hacer un gran partido\u00bb, garantiz\u00f3.<\/p>\n","protected":false},"excerpt":{"rendered":"<p>(Europa Press) &#8211;\u00a0El central brasile\u00f1o del Atl\u00e9tico de Madrid, Felipe Monteiro, se ha confesado \u00abfeliz\u00bb por volver a jugar despu\u00e9s del confinamiento y ha asegurado que tanto \u00e9l como sus compa\u00f1eros est\u00e1n \u00abperfectamente preparados\u00bb para medirse con el Athletic Club, un rival \u00abmuy fuerte\u00bb que marcar\u00e1 su retorno a LaLiga. \u00abEstoy feliz porque el f\u00fatbol<\/p>\n","protected":false},"author":1,"featured_media":4417,"comment_status":"closed","ping_status":"closed","sticky":false,"template":"","format":"standard","meta":{"footnotes":""},"categories":[1],"tags":[],"class_list":{"0":"post-4416","1":"post","2":"type-post","3":"status-publish","4":"format-standard","5":"has-post-thumbnail","7":"category-noticias"},"aioseo_notices":[],"aioseo_head":"\n\t\t<!-- All in One SEO Pro 4.9.6.2 - aioseo.com -->\n\t<meta name=\"description\" content=\"(Europa Press) - El central brasile\u00f1o del Atl\u00e9tico de Madrid, Felipe Monteiro, se ha confesado &quot;feliz&quot; por volver a jugar despu\u00e9s del confinamiento y ha asegurado que tanto \u00e9l como sus compa\u00f1eros est\u00e1n &quot;perfectamente preparados&quot; para medirse con el Athletic Club, un rival &quot;muy fuerte&quot; que marcar\u00e1 su retorno a LaLiga. &quot;Estoy feliz porque el f\u00fatbol\" \/>\n\t<meta name=\"robots\" content=\"max-image-preview:large\" \/>\n\t<meta name=\"author\" content=\"NBAsturias\"\/>\n\t<meta name=\"google-site-verification\" content=\"UA-38556648-1\" \/>\n\t<meta name=\"keywords\" content=\"noticias\" \/>\n\t<link rel=\"canonical\" href=\"https:\/\/eldigitaldeasturias.com\/radio\/felipe-monteiro-estamos-perfectamente-preparados-para-volver\/\" \/>\n\t<meta name=\"generator\" content=\"All in One SEO Pro (AIOSEO) 4.9.6.2\" \/>\n\t\t<meta property=\"og:locale\" content=\"es_ES\" \/>\n\t\t<meta property=\"og:site_name\" content=\"El Digital de Asturias | Diario de informaci\u00f3n y noticias\" \/>\n\t\t<meta property=\"og:type\" content=\"article\" \/>\n\t\t<meta property=\"og:title\" content=\"Felipe Monteiro: \u00abEstamos perfectamente preparados para volver\u00bb | El Digital de Asturias\" \/>\n\t\t<meta property=\"og:description\" content=\"(Europa Press) - El central brasile\u00f1o del Atl\u00e9tico de Madrid, Felipe Monteiro, se ha confesado &quot;feliz&quot; por volver a jugar despu\u00e9s del confinamiento y ha asegurado que tanto \u00e9l como sus compa\u00f1eros est\u00e1n &quot;perfectamente preparados&quot; para medirse con el Athletic Club, un rival &quot;muy fuerte&quot; que marcar\u00e1 su retorno a LaLiga. &quot;Estoy feliz porque el f\u00fatbol\" \/>\n\t\t<meta property=\"og:url\" content=\"https:\/\/eldigitaldeasturias.com\/radio\/felipe-monteiro-estamos-perfectamente-preparados-para-volver\/\" \/>\n\t\t<meta property=\"og:image\" content=\"https:\/\/eldigitaldeasturias.com\/radio\/wp-content\/uploads\/2020\/06\/Felipe-ATM.jpg\" \/>\n\t\t<meta property=\"og:image:secure_url\" content=\"https:\/\/eldigitaldeasturias.com\/radio\/wp-content\/uploads\/2020\/06\/Felipe-ATM.jpg\" \/>\n\t\t<meta property=\"og:image:width\" content=\"913\" \/>\n\t\t<meta property=\"og:image:height\" content=\"643\" \/>\n\t\t<meta property=\"article:published_time\" content=\"2020-06-12T12:36:30+00:00\" \/>\n\t\t<meta property=\"article:modified_time\" content=\"2020-06-12T12:36:30+00:00\" \/>\n\t\t<meta name=\"twitter:card\" content=\"summary_large_image\" \/>\n\t\t<meta name=\"twitter:site\" content=\"@bercodi\" \/>\n\t\t<meta name=\"twitter:title\" content=\"Felipe Monteiro: \u00abEstamos perfectamente preparados para volver\u00bb | El Digital de Asturias\" \/>\n\t\t<meta name=\"twitter:description\" content=\"(Europa Press) - El central brasile\u00f1o del Atl\u00e9tico de Madrid, Felipe Monteiro, se ha confesado &quot;feliz&quot; por volver a jugar despu\u00e9s del confinamiento y ha asegurado que tanto \u00e9l como sus compa\u00f1eros est\u00e1n &quot;perfectamente preparados&quot; para medirse con el Athletic Club, un rival &quot;muy fuerte&quot; que marcar\u00e1 su retorno a LaLiga. &quot;Estoy feliz porque el f\u00fatbol\" \/>\n\t\t<meta name=\"twitter:creator\" content=\"@bercodi\" \/>\n\t\t<meta name=\"twitter:image\" content=\"https:\/\/eldigitaldeasturias.com\/radio\/wp-content\/uploads\/2020\/06\/Felipe-ATM.jpg\" \/>\n\t\t<script type=\"application\/ld+json\" class=\"aioseo-schema\">\n\t\t\t{\"@context\":\"https:\\\/\\\/schema.org\",\"@graph\":[{\"@type\":\"BreadcrumbList\",\"@id\":\"https:\\\/\\\/eldigitaldeasturias.com\\\/radio\\\/felipe-monteiro-estamos-perfectamente-preparados-para-volver\\\/#breadcrumblist\",\"itemListElement\":[{\"@type\":\"ListItem\",\"@id\":\"https:\\\/\\\/eldigitaldeasturias.com\\\/radio#listItem\",\"position\":1,\"name\":\"Inicio\",\"item\":\"https:\\\/\\\/eldigitaldeasturias.com\\\/radio\",\"nextItem\":{\"@type\":\"ListItem\",\"@id\":\"https:\\\/\\\/eldigitaldeasturias.com\\\/radio\\\/category\\\/noticias\\\/#listItem\",\"name\":\"Noticias\"}},{\"@type\":\"ListItem\",\"@id\":\"https:\\\/\\\/eldigitaldeasturias.com\\\/radio\\\/category\\\/noticias\\\/#listItem\",\"position\":2,\"name\":\"Noticias\",\"item\":\"https:\\\/\\\/eldigitaldeasturias.com\\\/radio\\\/category\\\/noticias\\\/\",\"nextItem\":{\"@type\":\"ListItem\",\"@id\":\"https:\\\/\\\/eldigitaldeasturias.com\\\/radio\\\/felipe-monteiro-estamos-perfectamente-preparados-para-volver\\\/#listItem\",\"name\":\"Felipe Monteiro: \\u00abEstamos perfectamente preparados para volver\\u00bb\"},\"previousItem\":{\"@type\":\"ListItem\",\"@id\":\"https:\\\/\\\/eldigitaldeasturias.com\\\/radio#listItem\",\"name\":\"Inicio\"}},{\"@type\":\"ListItem\",\"@id\":\"https:\\\/\\\/eldigitaldeasturias.com\\\/radio\\\/felipe-monteiro-estamos-perfectamente-preparados-para-volver\\\/#listItem\",\"position\":3,\"name\":\"Felipe Monteiro: \\u00abEstamos perfectamente preparados para volver\\u00bb\",\"previousItem\":{\"@type\":\"ListItem\",\"@id\":\"https:\\\/\\\/eldigitaldeasturias.com\\\/radio\\\/category\\\/noticias\\\/#listItem\",\"name\":\"Noticias\"}}]},{\"@type\":\"NewsArticle\",\"@id\":\"https:\\\/\\\/eldigitaldeasturias.com\\\/radio\\\/felipe-monteiro-estamos-perfectamente-preparados-para-volver\\\/#newsarticle\",\"name\":\"Felipe Monteiro: \\u00abEstamos perfectamente preparados para volver\\u00bb | El Digital de Asturias\",\"headline\":\"Felipe Monteiro: \\u00abEstamos perfectamente preparados para volver\\u00bb\",\"author\":{\"@id\":\"https:\\\/\\\/eldigitaldeasturias.com\\\/radio\\\/author\\\/nbasturias\\\/#author\"},\"publisher\":{\"@id\":\"https:\\\/\\\/eldigitaldeasturias.com\\\/radio\\\/#organization\"},\"image\":{\"@type\":\"ImageObject\",\"url\":\"https:\\\/\\\/eldigitaldeasturias.com\\\/radio\\\/wp-content\\\/uploads\\\/2020\\\/06\\\/Felipe-ATM.jpg\",\"width\":913,\"height\":643,\"caption\":\"Foto: ATL\\u00c9TICO DE MADRID \\\/ Europa Press\"},\"datePublished\":\"2020-06-12T12:36:30+02:00\",\"dateModified\":\"2020-06-12T12:36:30+02:00\",\"inLanguage\":\"es-ES\",\"mainEntityOfPage\":{\"@id\":\"https:\\\/\\\/eldigitaldeasturias.com\\\/radio\\\/felipe-monteiro-estamos-perfectamente-preparados-para-volver\\\/#webpage\"},\"isPartOf\":{\"@id\":\"https:\\\/\\\/eldigitaldeasturias.com\\\/radio\\\/felipe-monteiro-estamos-perfectamente-preparados-para-volver\\\/#webpage\"},\"articleSection\":\"Noticias\",\"dateline\":\"Publicado el junio 12, 2020.\"},{\"@type\":\"Organization\",\"@id\":\"https:\\\/\\\/eldigitaldeasturias.com\\\/radio\\\/#organization\",\"name\":\"El digital de Asturias Radio\",\"description\":\"Diario de informaci\\u00f3n y noticias\",\"url\":\"https:\\\/\\\/eldigitaldeasturias.com\\\/radio\\\/\",\"telephone\":\"+34652131393\",\"logo\":{\"@type\":\"ImageObject\",\"url\":\"https:\\\/\\\/www.eldigitaldeasturias.com\\\/radio\\\/wp-content\\\/uploads\\\/2021\\\/03\\\/EDA.jpg\",\"@id\":\"https:\\\/\\\/eldigitaldeasturias.com\\\/radio\\\/felipe-monteiro-estamos-perfectamente-preparados-para-volver\\\/#organizationLogo\"},\"image\":{\"@id\":\"https:\\\/\\\/eldigitaldeasturias.com\\\/radio\\\/felipe-monteiro-estamos-perfectamente-preparados-para-volver\\\/#organizationLogo\"},\"sameAs\":[\"https:\\\/\\\/www.facebook.com\\\/\",\"https:\\\/\\\/x.com\\\/bercodi\",\"https:\\\/\\\/www.instagram.com\\\/\",\"https:\\\/\\\/www.youtube.com\\\/channel\\\/UCZP-2wLEB9Rv6erhFmqVnvg\"]},{\"@type\":\"Person\",\"@id\":\"https:\\\/\\\/eldigitaldeasturias.com\\\/radio\\\/author\\\/nbasturias\\\/#author\",\"url\":\"https:\\\/\\\/eldigitaldeasturias.com\\\/radio\\\/author\\\/nbasturias\\\/\",\"name\":\"NBAsturias\",\"image\":{\"@type\":\"ImageObject\",\"@id\":\"https:\\\/\\\/eldigitaldeasturias.com\\\/radio\\\/felipe-monteiro-estamos-perfectamente-preparados-para-volver\\\/#authorImage\",\"url\":\"https:\\\/\\\/secure.gravatar.com\\\/avatar\\\/df2aeffc32bcd13f8d26072ef8a91b623d677766deac7f97ca815868cd41bf5e?s=96&d=mm&r=g\",\"width\":96,\"height\":96,\"caption\":\"NBAsturias\"}},{\"@type\":\"WebPage\",\"@id\":\"https:\\\/\\\/eldigitaldeasturias.com\\\/radio\\\/felipe-monteiro-estamos-perfectamente-preparados-para-volver\\\/#webpage\",\"url\":\"https:\\\/\\\/eldigitaldeasturias.com\\\/radio\\\/felipe-monteiro-estamos-perfectamente-preparados-para-volver\\\/\",\"name\":\"Felipe Monteiro: \\u00abEstamos perfectamente preparados para volver\\u00bb | El Digital de Asturias\",\"description\":\"(Europa Press) - El central brasile\\u00f1o del Atl\\u00e9tico de Madrid, Felipe Monteiro, se ha confesado \\\"feliz\\\" por volver a jugar despu\\u00e9s del confinamiento y ha asegurado que tanto \\u00e9l como sus compa\\u00f1eros est\\u00e1n \\\"perfectamente preparados\\\" para medirse con el Athletic Club, un rival \\\"muy fuerte\\\" que marcar\\u00e1 su retorno a LaLiga. \\\"Estoy feliz porque el f\\u00fatbol\",\"inLanguage\":\"es-ES\",\"isPartOf\":{\"@id\":\"https:\\\/\\\/eldigitaldeasturias.com\\\/radio\\\/#website\"},\"breadcrumb\":{\"@id\":\"https:\\\/\\\/eldigitaldeasturias.com\\\/radio\\\/felipe-monteiro-estamos-perfectamente-preparados-para-volver\\\/#breadcrumblist\"},\"author\":{\"@id\":\"https:\\\/\\\/eldigitaldeasturias.com\\\/radio\\\/author\\\/nbasturias\\\/#author\"},\"creator\":{\"@id\":\"https:\\\/\\\/eldigitaldeasturias.com\\\/radio\\\/author\\\/nbasturias\\\/#author\"},\"image\":{\"@type\":\"ImageObject\",\"url\":\"https:\\\/\\\/eldigitaldeasturias.com\\\/radio\\\/wp-content\\\/uploads\\\/2020\\\/06\\\/Felipe-ATM.jpg\",\"@id\":\"https:\\\/\\\/eldigitaldeasturias.com\\\/radio\\\/felipe-monteiro-estamos-perfectamente-preparados-para-volver\\\/#mainImage\",\"width\":913,\"height\":643,\"caption\":\"Foto: ATL\\u00c9TICO DE MADRID \\\/ Europa Press\"},\"primaryImageOfPage\":{\"@id\":\"https:\\\/\\\/eldigitaldeasturias.com\\\/radio\\\/felipe-monteiro-estamos-perfectamente-preparados-para-volver\\\/#mainImage\"},\"datePublished\":\"2020-06-12T12:36:30+02:00\",\"dateModified\":\"2020-06-12T12:36:30+02:00\"},{\"@type\":\"WebSite\",\"@id\":\"https:\\\/\\\/eldigitaldeasturias.com\\\/radio\\\/#website\",\"url\":\"https:\\\/\\\/eldigitaldeasturias.com\\\/radio\\\/\",\"name\":\"El Digital de Asturias\",\"description\":\"Diario de informaci\\u00f3n y noticias\",\"inLanguage\":\"es-ES\",\"publisher\":{\"@id\":\"https:\\\/\\\/eldigitaldeasturias.com\\\/radio\\\/#organization\"}}]}\n\t\t<\/script>\n\t\t<!-- All in One SEO Pro -->\r\n\t\t<title>Felipe Monteiro: \u00abEstamos perfectamente preparados para volver\u00bb | El Digital de Asturias<\/title>\n\n","aioseo_head_json":{"title":"Felipe Monteiro: \u00abEstamos perfectamente preparados para volver\u00bb | El Digital de Asturias","description":"(Europa Press) - El central brasile\u00f1o del Atl\u00e9tico de Madrid, Felipe Monteiro, se ha confesado \"feliz\" por volver a jugar despu\u00e9s del confinamiento y ha asegurado que tanto \u00e9l como sus compa\u00f1eros est\u00e1n \"perfectamente preparados\" para medirse con el Athletic Club, un rival \"muy fuerte\" que marcar\u00e1 su retorno a LaLiga. \"Estoy feliz porque el f\u00fatbol","canonical_url":"https:\/\/eldigitaldeasturias.com\/radio\/felipe-monteiro-estamos-perfectamente-preparados-para-volver\/","robots":"max-image-preview:large","keywords":"noticias","webmasterTools":{"google-site-verification":"UA-38556648-1","miscellaneous":""},"schema":{"@context":"https:\/\/schema.org","@graph":[{"@type":"BreadcrumbList","@id":"https:\/\/eldigitaldeasturias.com\/radio\/felipe-monteiro-estamos-perfectamente-preparados-para-volver\/#breadcrumblist","itemListElement":[{"@type":"ListItem","@id":"https:\/\/eldigitaldeasturias.com\/radio#listItem","position":1,"name":"Inicio","item":"https:\/\/eldigitaldeasturias.com\/radio","nextItem":{"@type":"ListItem","@id":"https:\/\/eldigitaldeasturias.com\/radio\/category\/noticias\/#listItem","name":"Noticias"}},{"@type":"ListItem","@id":"https:\/\/eldigitaldeasturias.com\/radio\/category\/noticias\/#listItem","position":2,"name":"Noticias","item":"https:\/\/eldigitaldeasturias.com\/radio\/category\/noticias\/","nextItem":{"@type":"ListItem","@id":"https:\/\/eldigitaldeasturias.com\/radio\/felipe-monteiro-estamos-perfectamente-preparados-para-volver\/#listItem","name":"Felipe Monteiro: \u00abEstamos perfectamente preparados para volver\u00bb"},"previousItem":{"@type":"ListItem","@id":"https:\/\/eldigitaldeasturias.com\/radio#listItem","name":"Inicio"}},{"@type":"ListItem","@id":"https:\/\/eldigitaldeasturias.com\/radio\/felipe-monteiro-estamos-perfectamente-preparados-para-volver\/#listItem","position":3,"name":"Felipe Monteiro: \u00abEstamos perfectamente preparados para volver\u00bb","previousItem":{"@type":"ListItem","@id":"https:\/\/eldigitaldeasturias.com\/radio\/category\/noticias\/#listItem","name":"Noticias"}}]},{"@type":"NewsArticle","@id":"https:\/\/eldigitaldeasturias.com\/radio\/felipe-monteiro-estamos-perfectamente-preparados-para-volver\/#newsarticle","name":"Felipe Monteiro: \u00abEstamos perfectamente preparados para volver\u00bb | El Digital de Asturias","headline":"Felipe Monteiro: \u00abEstamos perfectamente preparados para volver\u00bb","author":{"@id":"https:\/\/eldigitaldeasturias.com\/radio\/author\/nbasturias\/#author"},"publisher":{"@id":"https:\/\/eldigitaldeasturias.com\/radio\/#organization"},"image":{"@type":"ImageObject","url":"https:\/\/eldigitaldeasturias.com\/radio\/wp-content\/uploads\/2020\/06\/Felipe-ATM.jpg","width":913,"height":643,"caption":"Foto: ATL\u00c9TICO DE MADRID \/ Europa Press"},"datePublished":"2020-06-12T12:36:30+02:00","dateModified":"2020-06-12T12:36:30+02:00","inLanguage":"es-ES","mainEntityOfPage":{"@id":"https:\/\/eldigitaldeasturias.com\/radio\/felipe-monteiro-estamos-perfectamente-preparados-para-volver\/#webpage"},"isPartOf":{"@id":"https:\/\/eldigitaldeasturias.com\/radio\/felipe-monteiro-estamos-perfectamente-preparados-para-volver\/#webpage"},"articleSection":"Noticias","dateline":"Publicado el junio 12, 2020."},{"@type":"Organization","@id":"https:\/\/eldigitaldeasturias.com\/radio\/#organization","name":"El digital de Asturias Radio","description":"Diario de informaci\u00f3n y noticias","url":"https:\/\/eldigitaldeasturias.com\/radio\/","telephone":"+34652131393","logo":{"@type":"ImageObject","url":"https:\/\/www.eldigitaldeasturias.com\/radio\/wp-content\/uploads\/2021\/03\/EDA.jpg","@id":"https:\/\/eldigitaldeasturias.com\/radio\/felipe-monteiro-estamos-perfectamente-preparados-para-volver\/#organizationLogo"},"image":{"@id":"https:\/\/eldigitaldeasturias.com\/radio\/felipe-monteiro-estamos-perfectamente-preparados-para-volver\/#organizationLogo"},"sameAs":["https:\/\/www.facebook.com\/","https:\/\/x.com\/bercodi","https:\/\/www.instagram.com\/","https:\/\/www.youtube.com\/channel\/UCZP-2wLEB9Rv6erhFmqVnvg"]},{"@type":"Person","@id":"https:\/\/eldigitaldeasturias.com\/radio\/author\/nbasturias\/#author","url":"https:\/\/eldigitaldeasturias.com\/radio\/author\/nbasturias\/","name":"NBAsturias","image":{"@type":"ImageObject","@id":"https:\/\/eldigitaldeasturias.com\/radio\/felipe-monteiro-estamos-perfectamente-preparados-para-volver\/#authorImage","url":"https:\/\/secure.gravatar.com\/avatar\/df2aeffc32bcd13f8d26072ef8a91b623d677766deac7f97ca815868cd41bf5e?s=96&d=mm&r=g","width":96,"height":96,"caption":"NBAsturias"}},{"@type":"WebPage","@id":"https:\/\/eldigitaldeasturias.com\/radio\/felipe-monteiro-estamos-perfectamente-preparados-para-volver\/#webpage","url":"https:\/\/eldigitaldeasturias.com\/radio\/felipe-monteiro-estamos-perfectamente-preparados-para-volver\/","name":"Felipe Monteiro: \u00abEstamos perfectamente preparados para volver\u00bb | El Digital de Asturias","description":"(Europa Press) - El central brasile\u00f1o del Atl\u00e9tico de Madrid, Felipe Monteiro, se ha confesado \"feliz\" por volver a jugar despu\u00e9s del confinamiento y ha asegurado que tanto \u00e9l como sus compa\u00f1eros est\u00e1n \"perfectamente preparados\" para medirse con el Athletic Club, un rival \"muy fuerte\" que marcar\u00e1 su retorno a LaLiga. \"Estoy feliz porque el f\u00fatbol","inLanguage":"es-ES","isPartOf":{"@id":"https:\/\/eldigitaldeasturias.com\/radio\/#website"},"breadcrumb":{"@id":"https:\/\/eldigitaldeasturias.com\/radio\/felipe-monteiro-estamos-perfectamente-preparados-para-volver\/#breadcrumblist"},"author":{"@id":"https:\/\/eldigitaldeasturias.com\/radio\/author\/nbasturias\/#author"},"creator":{"@id":"https:\/\/eldigitaldeasturias.com\/radio\/author\/nbasturias\/#author"},"image":{"@type":"ImageObject","url":"https:\/\/eldigitaldeasturias.com\/radio\/wp-content\/uploads\/2020\/06\/Felipe-ATM.jpg","@id":"https:\/\/eldigitaldeasturias.com\/radio\/felipe-monteiro-estamos-perfectamente-preparados-para-volver\/#mainImage","width":913,"height":643,"caption":"Foto: ATL\u00c9TICO DE MADRID \/ Europa Press"},"primaryImageOfPage":{"@id":"https:\/\/eldigitaldeasturias.com\/radio\/felipe-monteiro-estamos-perfectamente-preparados-para-volver\/#mainImage"},"datePublished":"2020-06-12T12:36:30+02:00","dateModified":"2020-06-12T12:36:30+02:00"},{"@type":"WebSite","@id":"https:\/\/eldigitaldeasturias.com\/radio\/#website","url":"https:\/\/eldigitaldeasturias.com\/radio\/","name":"El Digital de Asturias","description":"Diario de informaci\u00f3n y noticias","inLanguage":"es-ES","publisher":{"@id":"https:\/\/eldigitaldeasturias.com\/radio\/#organization"}}]},"og:locale":"es_ES","og:site_name":"El Digital de Asturias | Diario de informaci\u00f3n y noticias","og:type":"article","og:title":"Felipe Monteiro: \u00abEstamos perfectamente preparados para volver\u00bb | El Digital de Asturias","og:description":"(Europa Press) - El central brasile\u00f1o del Atl\u00e9tico de Madrid, Felipe Monteiro, se ha confesado &quot;feliz&quot; por volver a jugar despu\u00e9s del confinamiento y ha asegurado que tanto \u00e9l como sus compa\u00f1eros est\u00e1n &quot;perfectamente preparados&quot; para medirse con el Athletic Club, un rival &quot;muy fuerte&quot; que marcar\u00e1 su retorno a LaLiga. &quot;Estoy feliz porque el f\u00fatbol","og:url":"https:\/\/eldigitaldeasturias.com\/radio\/felipe-monteiro-estamos-perfectamente-preparados-para-volver\/","og:image":"https:\/\/eldigitaldeasturias.com\/radio\/wp-content\/uploads\/2020\/06\/Felipe-ATM.jpg","og:image:secure_url":"https:\/\/eldigitaldeasturias.com\/radio\/wp-content\/uploads\/2020\/06\/Felipe-ATM.jpg","og:image:width":913,"og:image:height":643,"article:published_time":"2020-06-12T12:36:30+00:00","article:modified_time":"2020-06-12T12:36:30+00:00","twitter:card":"summary_large_image","twitter:site":"@bercodi","twitter:title":"Felipe Monteiro: \u00abEstamos perfectamente preparados para volver\u00bb | El Digital de Asturias","twitter:description":"(Europa Press) - El central brasile\u00f1o del Atl\u00e9tico de Madrid, Felipe Monteiro, se ha confesado &quot;feliz&quot; por volver a jugar despu\u00e9s del confinamiento y ha asegurado que tanto \u00e9l como sus compa\u00f1eros est\u00e1n &quot;perfectamente preparados&quot; para medirse con el Athletic Club, un rival &quot;muy fuerte&quot; que marcar\u00e1 su retorno a LaLiga. &quot;Estoy feliz porque el f\u00fatbol","twitter:creator":"@bercodi","twitter:image":"https:\/\/eldigitaldeasturias.com\/radio\/wp-content\/uploads\/2020\/06\/Felipe-ATM.jpg"},"aioseo_meta_data":{"post_id":"4416","title":null,"description":null,"keywords":null,"keyphrases":null,"primary_term":null,"canonical_url":null,"og_title":null,"og_description":null,"og_object_type":"default","og_image_type":"default","og_image_url":null,"og_image_width":null,"og_image_height":null,"og_image_custom_url":null,"og_image_custom_fields":null,"og_video":null,"og_custom_url":null,"og_article_section":null,"og_article_tags":null,"twitter_use_og":false,"twitter_card":"default","twitter_image_type":"default","twitter_image_url":null,"twitter_image_custom_url":null,"twitter_image_custom_fields":null,"twitter_title":null,"twitter_description":null,"schema":{"blockGraphs":[],"customGraphs":[],"default":{"data":{"Article":[],"Course":[],"Dataset":[],"FAQPage":[],"Movie":[],"Person":[],"Product":[],"ProductReview":[],"Car":[],"Recipe":[],"Service":[],"SoftwareApplication":[],"WebPage":[]},"graphName":"","isEnabled":true},"graphs":[],"defaultGraph":"","defaultPostTypeGraph":""},"schema_type":null,"schema_type_options":null,"pillar_content":false,"robots_default":true,"robots_noindex":false,"robots_noarchive":false,"robots_nosnippet":false,"robots_nofollow":false,"robots_noimageindex":false,"robots_noodp":false,"robots_notranslate":false,"robots_max_snippet":null,"robots_max_videopreview":null,"robots_max_imagepreview":"large","priority":null,"frequency":null,"location":null,"local_seo":null,"seo_analyzer_scan_date":"2025-08-28 16:00:34","breadcrumb_settings":null,"limit_modified_date":false,"open_ai":null,"ai":null,"created":"2021-03-26 10:53:27","updated":"2025-08-28 16:00:34"},"aioseo_breadcrumb":"<div class=\"aioseo-breadcrumbs\"><span class=\"aioseo-breadcrumb\">\n\t<a href=\"https:\/\/eldigitaldeasturias.com\/radio\" title=\"Inicio\">Inicio<\/a>\n<\/span><span class=\"aioseo-breadcrumb-separator\">&ndash;<\/span><span class=\"aioseo-breadcrumb\">\n\t<a href=\"https:\/\/eldigitaldeasturias.com\/radio\/category\/noticias\/\" title=\"Noticias\">Noticias<\/a>\n<\/span><span class=\"aioseo-breadcrumb-separator\">&ndash;<\/span><span class=\"aioseo-breadcrumb\">\n\tFelipe Monteiro: \u00abEstamos perfectamente preparados para volver\u00bb\n<\/span><\/div>","aioseo_breadcrumb_json":[{"label":"Inicio","link":"https:\/\/eldigitaldeasturias.com\/radio"},{"label":"Noticias","link":"https:\/\/eldigitaldeasturias.com\/radio\/category\/noticias\/"},{"label":"Felipe Monteiro: \u00abEstamos perfectamente preparados para volver\u00bb","link":"https:\/\/eldigitaldeasturias.com\/radio\/felipe-monteiro-estamos-perfectamente-preparados-para-volver\/"}],"_links":{"self":[{"href":"https:\/\/eldigitaldeasturias.com\/radio\/wp-json\/wp\/v2\/posts\/4416","targetHints":{"allow":["GET"]}}],"collection":[{"href":"https:\/\/eldigitaldeasturias.com\/radio\/wp-json\/wp\/v2\/posts"}],"about":[{"href":"https:\/\/eldigitaldeasturias.com\/radio\/wp-json\/wp\/v2\/types\/post"}],"author":[{"embeddable":true,"href":"https:\/\/eldigitaldeasturias.com\/radio\/wp-json\/wp\/v2\/users\/1"}],"replies":[{"embeddable":true,"href":"https:\/\/eldigitaldeasturias.com\/radio\/wp-json\/wp\/v2\/comments?post=4416"}],"version-history":[{"count":0,"href":"https:\/\/eldigitaldeasturias.com\/radio\/wp-json\/wp\/v2\/posts\/4416\/revisions"}],"wp:featuredmedia":[{"embeddable":true,"href":"https:\/\/eldigitaldeasturias.com\/radio\/wp-json\/wp\/v2\/media\/4417"}],"wp:attachment":[{"href":"https:\/\/eldigitaldeasturias.com\/radio\/wp-json\/wp\/v2\/media?parent=4416"}],"wp:term":[{"taxonomy":"category","embeddable":true,"href":"https:\/\/eldigitaldeasturias.com\/radio\/wp-json\/wp\/v2\/categories?post=4416"},{"taxonomy":"post_tag","embeddable":true,"href":"https:\/\/eldigitaldeasturias.com\/radio\/wp-json\/wp\/v2\/tags?post=4416"}],"curies":[{"name":"wp","href":"https:\/\/api.w.org\/{rel}","templated":true}]}}