{"id":4410,"date":"2020-06-12T12:18:36","date_gmt":"2020-06-12T12:18:36","guid":{"rendered":"http:\/\/www.eldigitaldeasturias.com\/radio\/?p=4410"},"modified":"2020-06-12T12:18:36","modified_gmt":"2020-06-12T12:18:36","slug":"bottas-asegura-que-mercedes-no-considera-contratar-a-vettel","status":"publish","type":"post","link":"https:\/\/eldigitaldeasturias.com\/radio\/bottas-asegura-que-mercedes-no-considera-contratar-a-vettel\/","title":{"rendered":"Bottas asegura que Mercedes no considera contratar a Vettel"},"content":{"rendered":"<p>Silverstone (Reino Unido), 11 jun (dpa) &#8211; El piloto de Mercedes Valtteri Bottas asegur\u00f3 hoy que no le preocupa ser reemplazado por el alem\u00e1n Sebastian Vettel, quien anunci\u00f3 su salida de Ferrari al t\u00e9rmino de la actual temporada de F\u00f3rmula 1.<\/p>\n<p>\u00abAmbos hemos sido siempre muy honestos acerca de la situaci\u00f3n contractual y obtuve una informaci\u00f3n clara. No, no est\u00e1n considerando a Seb\u00bb, dijo el compa\u00f1ero del m\u00faltiple campe\u00f3n brit\u00e1nico Lewis Hamilton.<\/p>\n<p>Vettel, de 32 a\u00f1os, a\u00fan no ha firmado con otro equipo de F\u00f3rmula 1, y se ha especulado durante semanas que podr\u00eda cambiar a Mercedes.<\/p>\n<p>Por su parte, el jefe de Mercedes, Toto Wolff, no hab\u00eda descartado completamente esta posibilidad. \u00abEn t\u00e9rminos de talento y personalidad es alguien a quien de ninguna manera le dir\u00eda inmediatamente que no\u00bb, dijo hace pocos d\u00edas el austr\u00edaco.<\/p>\n<p>Wolff destac\u00f3 que en primer t\u00e9rmino Mercedes conversar\u00e1 con sus pilotos cuando comience el campeonato mundial de F\u00f3rmula 1, que seg\u00fan lo previsto ser\u00e1 el 5 de julio en Austria.<\/p>\n<p>El seis veces campe\u00f3n del mundo Hamilton y Bottas est\u00e1n bajo contrato con Mercedes hasta el final de la temporada 2020.<\/p>\n<p>\u00abEs lo mismo cada a\u00f1o para m\u00ed\u00bb, dijo Bottas con respecto a los continuos rumores sobre su reemplazo en Mercedes. Agreg\u00f3 que le causa \u00abgracia\u00bb que nuevamente se especulara sobre su futuro aunque a\u00fan no haya comenzado el campeonato de F\u00f3rmula 1 debido a la pandemia del coronavirus.<\/p>\n<p>\u00abNo tengo presi\u00f3n por ese lado y tengo metas claras para esta temporada. Las cosas se ordenar\u00e1n por s\u00ed solas de una manera u otra\u00bb, dijo el vicecampe\u00f3n del mundo, que est\u00e1 al servicio de las \u00abflechas de plata\u00bb desde 2017.<\/p>\n","protected":false},"excerpt":{"rendered":"<p>Silverstone (Reino Unido), 11 jun (dpa) &#8211; El piloto de Mercedes Valtteri Bottas asegur\u00f3 hoy que no le preocupa ser reemplazado por el alem\u00e1n Sebastian Vettel, quien anunci\u00f3 su salida de Ferrari al t\u00e9rmino de la actual temporada de F\u00f3rmula 1. \u00abAmbos hemos sido siempre muy honestos acerca de la situaci\u00f3n contractual y obtuve una<\/p>\n","protected":false},"author":1,"featured_media":1352,"comment_status":"closed","ping_status":"closed","sticky":false,"template":"","format":"standard","meta":{"footnotes":""},"categories":[1],"tags":[],"class_list":{"0":"post-4410","1":"post","2":"type-post","3":"status-publish","4":"format-standard","5":"has-post-thumbnail","7":"category-noticias"},"aioseo_notices":[],"aioseo_head":"\n\t\t<!-- All in One SEO Pro 4.9.6.2 - aioseo.com -->\n\t<meta name=\"description\" content=\"Silverstone (Reino Unido), 11 jun (dpa) - El piloto de Mercedes Valtteri Bottas asegur\u00f3 hoy que no le preocupa ser reemplazado por el alem\u00e1n Sebastian Vettel, quien anunci\u00f3 su salida de Ferrari al t\u00e9rmino de la actual temporada de F\u00f3rmula 1. &quot;Ambos hemos sido siempre muy honestos acerca de la situaci\u00f3n contractual y obtuve una\" \/>\n\t<meta name=\"robots\" content=\"max-image-preview:large\" \/>\n\t<meta name=\"author\" content=\"NBAsturias\"\/>\n\t<meta name=\"google-site-verification\" content=\"UA-38556648-1\" \/>\n\t<meta name=\"keywords\" content=\"noticias\" \/>\n\t<link rel=\"canonical\" href=\"https:\/\/eldigitaldeasturias.com\/radio\/bottas-asegura-que-mercedes-no-considera-contratar-a-vettel\/\" \/>\n\t<meta name=\"generator\" content=\"All in One SEO Pro (AIOSEO) 4.9.6.2\" \/>\n\t\t<meta property=\"og:locale\" content=\"es_ES\" \/>\n\t\t<meta property=\"og:site_name\" content=\"El Digital de Asturias | Diario de informaci\u00f3n y noticias\" \/>\n\t\t<meta property=\"og:type\" content=\"article\" \/>\n\t\t<meta property=\"og:title\" content=\"Bottas asegura que Mercedes no considera contratar a Vettel | El Digital de Asturias\" \/>\n\t\t<meta property=\"og:description\" content=\"Silverstone (Reino Unido), 11 jun (dpa) - El piloto de Mercedes Valtteri Bottas asegur\u00f3 hoy que no le preocupa ser reemplazado por el alem\u00e1n Sebastian Vettel, quien anunci\u00f3 su salida de Ferrari al t\u00e9rmino de la actual temporada de F\u00f3rmula 1. &quot;Ambos hemos sido siempre muy honestos acerca de la situaci\u00f3n contractual y obtuve una\" \/>\n\t\t<meta property=\"og:url\" content=\"https:\/\/eldigitaldeasturias.com\/radio\/bottas-asegura-que-mercedes-no-considera-contratar-a-vettel\/\" \/>\n\t\t<meta property=\"og:image\" content=\"https:\/\/eldigitaldeasturias.com\/radio\/wp-content\/uploads\/2018\/10\/technology-785742_960_720.jpg\" \/>\n\t\t<meta property=\"og:image:secure_url\" content=\"https:\/\/eldigitaldeasturias.com\/radio\/wp-content\/uploads\/2018\/10\/technology-785742_960_720.jpg\" \/>\n\t\t<meta property=\"og:image:width\" content=\"960\" \/>\n\t\t<meta property=\"og:image:height\" content=\"640\" \/>\n\t\t<meta property=\"article:published_time\" content=\"2020-06-12T12:18:36+00:00\" \/>\n\t\t<meta property=\"article:modified_time\" content=\"2020-06-12T12:18:36+00:00\" \/>\n\t\t<meta name=\"twitter:card\" content=\"summary_large_image\" \/>\n\t\t<meta name=\"twitter:site\" content=\"@bercodi\" \/>\n\t\t<meta name=\"twitter:title\" content=\"Bottas asegura que Mercedes no considera contratar a Vettel | El Digital de Asturias\" \/>\n\t\t<meta name=\"twitter:description\" content=\"Silverstone (Reino Unido), 11 jun (dpa) - El piloto de Mercedes Valtteri Bottas asegur\u00f3 hoy que no le preocupa ser reemplazado por el alem\u00e1n Sebastian Vettel, quien anunci\u00f3 su salida de Ferrari al t\u00e9rmino de la actual temporada de F\u00f3rmula 1. &quot;Ambos hemos sido siempre muy honestos acerca de la situaci\u00f3n contractual y obtuve una\" \/>\n\t\t<meta name=\"twitter:creator\" content=\"@bercodi\" \/>\n\t\t<meta name=\"twitter:image\" content=\"https:\/\/eldigitaldeasturias.com\/radio\/wp-content\/uploads\/2018\/10\/technology-785742_960_720.jpg\" \/>\n\t\t<script type=\"application\/ld+json\" class=\"aioseo-schema\">\n\t\t\t{\"@context\":\"https:\\\/\\\/schema.org\",\"@graph\":[{\"@type\":\"BreadcrumbList\",\"@id\":\"https:\\\/\\\/eldigitaldeasturias.com\\\/radio\\\/bottas-asegura-que-mercedes-no-considera-contratar-a-vettel\\\/#breadcrumblist\",\"itemListElement\":[{\"@type\":\"ListItem\",\"@id\":\"https:\\\/\\\/eldigitaldeasturias.com\\\/radio#listItem\",\"position\":1,\"name\":\"Inicio\",\"item\":\"https:\\\/\\\/eldigitaldeasturias.com\\\/radio\",\"nextItem\":{\"@type\":\"ListItem\",\"@id\":\"https:\\\/\\\/eldigitaldeasturias.com\\\/radio\\\/category\\\/noticias\\\/#listItem\",\"name\":\"Noticias\"}},{\"@type\":\"ListItem\",\"@id\":\"https:\\\/\\\/eldigitaldeasturias.com\\\/radio\\\/category\\\/noticias\\\/#listItem\",\"position\":2,\"name\":\"Noticias\",\"item\":\"https:\\\/\\\/eldigitaldeasturias.com\\\/radio\\\/category\\\/noticias\\\/\",\"nextItem\":{\"@type\":\"ListItem\",\"@id\":\"https:\\\/\\\/eldigitaldeasturias.com\\\/radio\\\/bottas-asegura-que-mercedes-no-considera-contratar-a-vettel\\\/#listItem\",\"name\":\"Bottas asegura que Mercedes no considera contratar a Vettel\"},\"previousItem\":{\"@type\":\"ListItem\",\"@id\":\"https:\\\/\\\/eldigitaldeasturias.com\\\/radio#listItem\",\"name\":\"Inicio\"}},{\"@type\":\"ListItem\",\"@id\":\"https:\\\/\\\/eldigitaldeasturias.com\\\/radio\\\/bottas-asegura-que-mercedes-no-considera-contratar-a-vettel\\\/#listItem\",\"position\":3,\"name\":\"Bottas asegura que Mercedes no considera contratar a Vettel\",\"previousItem\":{\"@type\":\"ListItem\",\"@id\":\"https:\\\/\\\/eldigitaldeasturias.com\\\/radio\\\/category\\\/noticias\\\/#listItem\",\"name\":\"Noticias\"}}]},{\"@type\":\"NewsArticle\",\"@id\":\"https:\\\/\\\/eldigitaldeasturias.com\\\/radio\\\/bottas-asegura-que-mercedes-no-considera-contratar-a-vettel\\\/#newsarticle\",\"name\":\"Bottas asegura que Mercedes no considera contratar a Vettel | El Digital de Asturias\",\"headline\":\"Bottas asegura que Mercedes no considera contratar a Vettel\",\"author\":{\"@id\":\"https:\\\/\\\/eldigitaldeasturias.com\\\/radio\\\/author\\\/nbasturias\\\/#author\"},\"publisher\":{\"@id\":\"https:\\\/\\\/eldigitaldeasturias.com\\\/radio\\\/#organization\"},\"image\":{\"@type\":\"ImageObject\",\"url\":\"https:\\\/\\\/eldigitaldeasturias.com\\\/radio\\\/wp-content\\\/uploads\\\/2018\\\/10\\\/technology-785742_960_720.jpg\",\"width\":960,\"height\":640},\"datePublished\":\"2020-06-12T12:18:36+02:00\",\"dateModified\":\"2020-06-12T12:18:36+02:00\",\"inLanguage\":\"es-ES\",\"mainEntityOfPage\":{\"@id\":\"https:\\\/\\\/eldigitaldeasturias.com\\\/radio\\\/bottas-asegura-que-mercedes-no-considera-contratar-a-vettel\\\/#webpage\"},\"isPartOf\":{\"@id\":\"https:\\\/\\\/eldigitaldeasturias.com\\\/radio\\\/bottas-asegura-que-mercedes-no-considera-contratar-a-vettel\\\/#webpage\"},\"articleSection\":\"Noticias\",\"dateline\":\"Publicado el junio 12, 2020.\"},{\"@type\":\"Organization\",\"@id\":\"https:\\\/\\\/eldigitaldeasturias.com\\\/radio\\\/#organization\",\"name\":\"El digital de Asturias Radio\",\"description\":\"Diario de informaci\\u00f3n y noticias\",\"url\":\"https:\\\/\\\/eldigitaldeasturias.com\\\/radio\\\/\",\"telephone\":\"+34652131393\",\"logo\":{\"@type\":\"ImageObject\",\"url\":\"https:\\\/\\\/www.eldigitaldeasturias.com\\\/radio\\\/wp-content\\\/uploads\\\/2021\\\/03\\\/EDA.jpg\",\"@id\":\"https:\\\/\\\/eldigitaldeasturias.com\\\/radio\\\/bottas-asegura-que-mercedes-no-considera-contratar-a-vettel\\\/#organizationLogo\"},\"image\":{\"@id\":\"https:\\\/\\\/eldigitaldeasturias.com\\\/radio\\\/bottas-asegura-que-mercedes-no-considera-contratar-a-vettel\\\/#organizationLogo\"},\"sameAs\":[\"https:\\\/\\\/www.facebook.com\\\/\",\"https:\\\/\\\/x.com\\\/bercodi\",\"https:\\\/\\\/www.instagram.com\\\/\",\"https:\\\/\\\/www.youtube.com\\\/channel\\\/UCZP-2wLEB9Rv6erhFmqVnvg\"]},{\"@type\":\"Person\",\"@id\":\"https:\\\/\\\/eldigitaldeasturias.com\\\/radio\\\/author\\\/nbasturias\\\/#author\",\"url\":\"https:\\\/\\\/eldigitaldeasturias.com\\\/radio\\\/author\\\/nbasturias\\\/\",\"name\":\"NBAsturias\",\"image\":{\"@type\":\"ImageObject\",\"@id\":\"https:\\\/\\\/eldigitaldeasturias.com\\\/radio\\\/bottas-asegura-que-mercedes-no-considera-contratar-a-vettel\\\/#authorImage\",\"url\":\"https:\\\/\\\/secure.gravatar.com\\\/avatar\\\/df2aeffc32bcd13f8d26072ef8a91b623d677766deac7f97ca815868cd41bf5e?s=96&d=mm&r=g\",\"width\":96,\"height\":96,\"caption\":\"NBAsturias\"}},{\"@type\":\"WebPage\",\"@id\":\"https:\\\/\\\/eldigitaldeasturias.com\\\/radio\\\/bottas-asegura-que-mercedes-no-considera-contratar-a-vettel\\\/#webpage\",\"url\":\"https:\\\/\\\/eldigitaldeasturias.com\\\/radio\\\/bottas-asegura-que-mercedes-no-considera-contratar-a-vettel\\\/\",\"name\":\"Bottas asegura que Mercedes no considera contratar a Vettel | El Digital de Asturias\",\"description\":\"Silverstone (Reino Unido), 11 jun (dpa) - El piloto de Mercedes Valtteri Bottas asegur\\u00f3 hoy que no le preocupa ser reemplazado por el alem\\u00e1n Sebastian Vettel, quien anunci\\u00f3 su salida de Ferrari al t\\u00e9rmino de la actual temporada de F\\u00f3rmula 1. \\\"Ambos hemos sido siempre muy honestos acerca de la situaci\\u00f3n contractual y obtuve una\",\"inLanguage\":\"es-ES\",\"isPartOf\":{\"@id\":\"https:\\\/\\\/eldigitaldeasturias.com\\\/radio\\\/#website\"},\"breadcrumb\":{\"@id\":\"https:\\\/\\\/eldigitaldeasturias.com\\\/radio\\\/bottas-asegura-que-mercedes-no-considera-contratar-a-vettel\\\/#breadcrumblist\"},\"author\":{\"@id\":\"https:\\\/\\\/eldigitaldeasturias.com\\\/radio\\\/author\\\/nbasturias\\\/#author\"},\"creator\":{\"@id\":\"https:\\\/\\\/eldigitaldeasturias.com\\\/radio\\\/author\\\/nbasturias\\\/#author\"},\"image\":{\"@type\":\"ImageObject\",\"url\":\"https:\\\/\\\/eldigitaldeasturias.com\\\/radio\\\/wp-content\\\/uploads\\\/2018\\\/10\\\/technology-785742_960_720.jpg\",\"@id\":\"https:\\\/\\\/eldigitaldeasturias.com\\\/radio\\\/bottas-asegura-que-mercedes-no-considera-contratar-a-vettel\\\/#mainImage\",\"width\":960,\"height\":640},\"primaryImageOfPage\":{\"@id\":\"https:\\\/\\\/eldigitaldeasturias.com\\\/radio\\\/bottas-asegura-que-mercedes-no-considera-contratar-a-vettel\\\/#mainImage\"},\"datePublished\":\"2020-06-12T12:18:36+02:00\",\"dateModified\":\"2020-06-12T12:18:36+02:00\"},{\"@type\":\"WebSite\",\"@id\":\"https:\\\/\\\/eldigitaldeasturias.com\\\/radio\\\/#website\",\"url\":\"https:\\\/\\\/eldigitaldeasturias.com\\\/radio\\\/\",\"name\":\"El Digital de Asturias\",\"description\":\"Diario de informaci\\u00f3n y noticias\",\"inLanguage\":\"es-ES\",\"publisher\":{\"@id\":\"https:\\\/\\\/eldigitaldeasturias.com\\\/radio\\\/#organization\"}}]}\n\t\t<\/script>\n\t\t<!-- All in One SEO Pro -->\r\n\t\t<title>Bottas asegura que Mercedes no considera contratar a Vettel | El Digital de Asturias<\/title>\n\n","aioseo_head_json":{"title":"Bottas asegura que Mercedes no considera contratar a Vettel | El Digital de Asturias","description":"Silverstone (Reino Unido), 11 jun (dpa) - El piloto de Mercedes Valtteri Bottas asegur\u00f3 hoy que no le preocupa ser reemplazado por el alem\u00e1n Sebastian Vettel, quien anunci\u00f3 su salida de Ferrari al t\u00e9rmino de la actual temporada de F\u00f3rmula 1. \"Ambos hemos sido siempre muy honestos acerca de la situaci\u00f3n contractual y obtuve una","canonical_url":"https:\/\/eldigitaldeasturias.com\/radio\/bottas-asegura-que-mercedes-no-considera-contratar-a-vettel\/","robots":"max-image-preview:large","keywords":"noticias","webmasterTools":{"google-site-verification":"UA-38556648-1","miscellaneous":""},"schema":{"@context":"https:\/\/schema.org","@graph":[{"@type":"BreadcrumbList","@id":"https:\/\/eldigitaldeasturias.com\/radio\/bottas-asegura-que-mercedes-no-considera-contratar-a-vettel\/#breadcrumblist","itemListElement":[{"@type":"ListItem","@id":"https:\/\/eldigitaldeasturias.com\/radio#listItem","position":1,"name":"Inicio","item":"https:\/\/eldigitaldeasturias.com\/radio","nextItem":{"@type":"ListItem","@id":"https:\/\/eldigitaldeasturias.com\/radio\/category\/noticias\/#listItem","name":"Noticias"}},{"@type":"ListItem","@id":"https:\/\/eldigitaldeasturias.com\/radio\/category\/noticias\/#listItem","position":2,"name":"Noticias","item":"https:\/\/eldigitaldeasturias.com\/radio\/category\/noticias\/","nextItem":{"@type":"ListItem","@id":"https:\/\/eldigitaldeasturias.com\/radio\/bottas-asegura-que-mercedes-no-considera-contratar-a-vettel\/#listItem","name":"Bottas asegura que Mercedes no considera contratar a Vettel"},"previousItem":{"@type":"ListItem","@id":"https:\/\/eldigitaldeasturias.com\/radio#listItem","name":"Inicio"}},{"@type":"ListItem","@id":"https:\/\/eldigitaldeasturias.com\/radio\/bottas-asegura-que-mercedes-no-considera-contratar-a-vettel\/#listItem","position":3,"name":"Bottas asegura que Mercedes no considera contratar a Vettel","previousItem":{"@type":"ListItem","@id":"https:\/\/eldigitaldeasturias.com\/radio\/category\/noticias\/#listItem","name":"Noticias"}}]},{"@type":"NewsArticle","@id":"https:\/\/eldigitaldeasturias.com\/radio\/bottas-asegura-que-mercedes-no-considera-contratar-a-vettel\/#newsarticle","name":"Bottas asegura que Mercedes no considera contratar a Vettel | El Digital de Asturias","headline":"Bottas asegura que Mercedes no considera contratar a Vettel","author":{"@id":"https:\/\/eldigitaldeasturias.com\/radio\/author\/nbasturias\/#author"},"publisher":{"@id":"https:\/\/eldigitaldeasturias.com\/radio\/#organization"},"image":{"@type":"ImageObject","url":"https:\/\/eldigitaldeasturias.com\/radio\/wp-content\/uploads\/2018\/10\/technology-785742_960_720.jpg","width":960,"height":640},"datePublished":"2020-06-12T12:18:36+02:00","dateModified":"2020-06-12T12:18:36+02:00","inLanguage":"es-ES","mainEntityOfPage":{"@id":"https:\/\/eldigitaldeasturias.com\/radio\/bottas-asegura-que-mercedes-no-considera-contratar-a-vettel\/#webpage"},"isPartOf":{"@id":"https:\/\/eldigitaldeasturias.com\/radio\/bottas-asegura-que-mercedes-no-considera-contratar-a-vettel\/#webpage"},"articleSection":"Noticias","dateline":"Publicado el junio 12, 2020."},{"@type":"Organization","@id":"https:\/\/eldigitaldeasturias.com\/radio\/#organization","name":"El digital de Asturias Radio","description":"Diario de informaci\u00f3n y noticias","url":"https:\/\/eldigitaldeasturias.com\/radio\/","telephone":"+34652131393","logo":{"@type":"ImageObject","url":"https:\/\/www.eldigitaldeasturias.com\/radio\/wp-content\/uploads\/2021\/03\/EDA.jpg","@id":"https:\/\/eldigitaldeasturias.com\/radio\/bottas-asegura-que-mercedes-no-considera-contratar-a-vettel\/#organizationLogo"},"image":{"@id":"https:\/\/eldigitaldeasturias.com\/radio\/bottas-asegura-que-mercedes-no-considera-contratar-a-vettel\/#organizationLogo"},"sameAs":["https:\/\/www.facebook.com\/","https:\/\/x.com\/bercodi","https:\/\/www.instagram.com\/","https:\/\/www.youtube.com\/channel\/UCZP-2wLEB9Rv6erhFmqVnvg"]},{"@type":"Person","@id":"https:\/\/eldigitaldeasturias.com\/radio\/author\/nbasturias\/#author","url":"https:\/\/eldigitaldeasturias.com\/radio\/author\/nbasturias\/","name":"NBAsturias","image":{"@type":"ImageObject","@id":"https:\/\/eldigitaldeasturias.com\/radio\/bottas-asegura-que-mercedes-no-considera-contratar-a-vettel\/#authorImage","url":"https:\/\/secure.gravatar.com\/avatar\/df2aeffc32bcd13f8d26072ef8a91b623d677766deac7f97ca815868cd41bf5e?s=96&d=mm&r=g","width":96,"height":96,"caption":"NBAsturias"}},{"@type":"WebPage","@id":"https:\/\/eldigitaldeasturias.com\/radio\/bottas-asegura-que-mercedes-no-considera-contratar-a-vettel\/#webpage","url":"https:\/\/eldigitaldeasturias.com\/radio\/bottas-asegura-que-mercedes-no-considera-contratar-a-vettel\/","name":"Bottas asegura que Mercedes no considera contratar a Vettel | El Digital de Asturias","description":"Silverstone (Reino Unido), 11 jun (dpa) - El piloto de Mercedes Valtteri Bottas asegur\u00f3 hoy que no le preocupa ser reemplazado por el alem\u00e1n Sebastian Vettel, quien anunci\u00f3 su salida de Ferrari al t\u00e9rmino de la actual temporada de F\u00f3rmula 1. \"Ambos hemos sido siempre muy honestos acerca de la situaci\u00f3n contractual y obtuve una","inLanguage":"es-ES","isPartOf":{"@id":"https:\/\/eldigitaldeasturias.com\/radio\/#website"},"breadcrumb":{"@id":"https:\/\/eldigitaldeasturias.com\/radio\/bottas-asegura-que-mercedes-no-considera-contratar-a-vettel\/#breadcrumblist"},"author":{"@id":"https:\/\/eldigitaldeasturias.com\/radio\/author\/nbasturias\/#author"},"creator":{"@id":"https:\/\/eldigitaldeasturias.com\/radio\/author\/nbasturias\/#author"},"image":{"@type":"ImageObject","url":"https:\/\/eldigitaldeasturias.com\/radio\/wp-content\/uploads\/2018\/10\/technology-785742_960_720.jpg","@id":"https:\/\/eldigitaldeasturias.com\/radio\/bottas-asegura-que-mercedes-no-considera-contratar-a-vettel\/#mainImage","width":960,"height":640},"primaryImageOfPage":{"@id":"https:\/\/eldigitaldeasturias.com\/radio\/bottas-asegura-que-mercedes-no-considera-contratar-a-vettel\/#mainImage"},"datePublished":"2020-06-12T12:18:36+02:00","dateModified":"2020-06-12T12:18:36+02:00"},{"@type":"WebSite","@id":"https:\/\/eldigitaldeasturias.com\/radio\/#website","url":"https:\/\/eldigitaldeasturias.com\/radio\/","name":"El Digital de Asturias","description":"Diario de informaci\u00f3n y noticias","inLanguage":"es-ES","publisher":{"@id":"https:\/\/eldigitaldeasturias.com\/radio\/#organization"}}]},"og:locale":"es_ES","og:site_name":"El Digital de Asturias | Diario de informaci\u00f3n y noticias","og:type":"article","og:title":"Bottas asegura que Mercedes no considera contratar a Vettel | El Digital de Asturias","og:description":"Silverstone (Reino Unido), 11 jun (dpa) - El piloto de Mercedes Valtteri Bottas asegur\u00f3 hoy que no le preocupa ser reemplazado por el alem\u00e1n Sebastian Vettel, quien anunci\u00f3 su salida de Ferrari al t\u00e9rmino de la actual temporada de F\u00f3rmula 1. &quot;Ambos hemos sido siempre muy honestos acerca de la situaci\u00f3n contractual y obtuve una","og:url":"https:\/\/eldigitaldeasturias.com\/radio\/bottas-asegura-que-mercedes-no-considera-contratar-a-vettel\/","og:image":"https:\/\/eldigitaldeasturias.com\/radio\/wp-content\/uploads\/2018\/10\/technology-785742_960_720.jpg","og:image:secure_url":"https:\/\/eldigitaldeasturias.com\/radio\/wp-content\/uploads\/2018\/10\/technology-785742_960_720.jpg","og:image:width":960,"og:image:height":640,"article:published_time":"2020-06-12T12:18:36+00:00","article:modified_time":"2020-06-12T12:18:36+00:00","twitter:card":"summary_large_image","twitter:site":"@bercodi","twitter:title":"Bottas asegura que Mercedes no considera contratar a Vettel | El Digital de Asturias","twitter:description":"Silverstone (Reino Unido), 11 jun (dpa) - El piloto de Mercedes Valtteri Bottas asegur\u00f3 hoy que no le preocupa ser reemplazado por el alem\u00e1n Sebastian Vettel, quien anunci\u00f3 su salida de Ferrari al t\u00e9rmino de la actual temporada de F\u00f3rmula 1. &quot;Ambos hemos sido siempre muy honestos acerca de la situaci\u00f3n contractual y obtuve una","twitter:creator":"@bercodi","twitter:image":"https:\/\/eldigitaldeasturias.com\/radio\/wp-content\/uploads\/2018\/10\/technology-785742_960_720.jpg"},"aioseo_meta_data":{"post_id":"4410","title":null,"description":null,"keywords":null,"keyphrases":null,"primary_term":null,"canonical_url":null,"og_title":null,"og_description":null,"og_object_type":"default","og_image_type":"default","og_image_url":null,"og_image_width":null,"og_image_height":null,"og_image_custom_url":null,"og_image_custom_fields":null,"og_video":null,"og_custom_url":null,"og_article_section":null,"og_article_tags":null,"twitter_use_og":false,"twitter_card":"default","twitter_image_type":"default","twitter_image_url":null,"twitter_image_custom_url":null,"twitter_image_custom_fields":null,"twitter_title":null,"twitter_description":null,"schema":{"blockGraphs":[],"customGraphs":[],"default":{"data":{"Article":[],"Course":[],"Dataset":[],"FAQPage":[],"Movie":[],"Person":[],"Product":[],"ProductReview":[],"Car":[],"Recipe":[],"Service":[],"SoftwareApplication":[],"WebPage":[]},"graphName":"","isEnabled":true},"graphs":[],"defaultGraph":"","defaultPostTypeGraph":""},"schema_type":null,"schema_type_options":null,"pillar_content":false,"robots_default":true,"robots_noindex":false,"robots_noarchive":false,"robots_nosnippet":false,"robots_nofollow":false,"robots_noimageindex":false,"robots_noodp":false,"robots_notranslate":false,"robots_max_snippet":null,"robots_max_videopreview":null,"robots_max_imagepreview":"large","priority":null,"frequency":null,"location":null,"local_seo":null,"seo_analyzer_scan_date":"2025-08-28 15:58:52","breadcrumb_settings":null,"limit_modified_date":false,"open_ai":null,"ai":null,"created":"2021-03-25 20:59:41","updated":"2025-08-28 15:58:52"},"aioseo_breadcrumb":"<div class=\"aioseo-breadcrumbs\"><span class=\"aioseo-breadcrumb\">\n\t<a href=\"https:\/\/eldigitaldeasturias.com\/radio\" title=\"Inicio\">Inicio<\/a>\n<\/span><span class=\"aioseo-breadcrumb-separator\">&ndash;<\/span><span class=\"aioseo-breadcrumb\">\n\t<a href=\"https:\/\/eldigitaldeasturias.com\/radio\/category\/noticias\/\" title=\"Noticias\">Noticias<\/a>\n<\/span><span class=\"aioseo-breadcrumb-separator\">&ndash;<\/span><span class=\"aioseo-breadcrumb\">\n\tBottas asegura que Mercedes no considera contratar a Vettel\n<\/span><\/div>","aioseo_breadcrumb_json":[{"label":"Inicio","link":"https:\/\/eldigitaldeasturias.com\/radio"},{"label":"Noticias","link":"https:\/\/eldigitaldeasturias.com\/radio\/category\/noticias\/"},{"label":"Bottas asegura que Mercedes no considera contratar a Vettel","link":"https:\/\/eldigitaldeasturias.com\/radio\/bottas-asegura-que-mercedes-no-considera-contratar-a-vettel\/"}],"_links":{"self":[{"href":"https:\/\/eldigitaldeasturias.com\/radio\/wp-json\/wp\/v2\/posts\/4410","targetHints":{"allow":["GET"]}}],"collection":[{"href":"https:\/\/eldigitaldeasturias.com\/radio\/wp-json\/wp\/v2\/posts"}],"about":[{"href":"https:\/\/eldigitaldeasturias.com\/radio\/wp-json\/wp\/v2\/types\/post"}],"author":[{"embeddable":true,"href":"https:\/\/eldigitaldeasturias.com\/radio\/wp-json\/wp\/v2\/users\/1"}],"replies":[{"embeddable":true,"href":"https:\/\/eldigitaldeasturias.com\/radio\/wp-json\/wp\/v2\/comments?post=4410"}],"version-history":[{"count":0,"href":"https:\/\/eldigitaldeasturias.com\/radio\/wp-json\/wp\/v2\/posts\/4410\/revisions"}],"wp:featuredmedia":[{"embeddable":true,"href":"https:\/\/eldigitaldeasturias.com\/radio\/wp-json\/wp\/v2\/media\/1352"}],"wp:attachment":[{"href":"https:\/\/eldigitaldeasturias.com\/radio\/wp-json\/wp\/v2\/media?parent=4410"}],"wp:term":[{"taxonomy":"category","embeddable":true,"href":"https:\/\/eldigitaldeasturias.com\/radio\/wp-json\/wp\/v2\/categories?post=4410"},{"taxonomy":"post_tag","embeddable":true,"href":"https:\/\/eldigitaldeasturias.com\/radio\/wp-json\/wp\/v2\/tags?post=4410"}],"curies":[{"name":"wp","href":"https:\/\/api.w.org\/{rel}","templated":true}]}}