{"id":4404,"date":"2020-06-12T00:12:19","date_gmt":"2020-06-12T00:12:19","guid":{"rendered":"http:\/\/www.eldigitaldeasturias.com\/radio\/?p=4404"},"modified":"2020-06-12T00:12:19","modified_gmt":"2020-06-12T00:12:19","slug":"asturias-publica-el-protocolo-de-seguridad-para-la-reapertura-de-los-jardines-de-infancia","status":"publish","type":"post","link":"https:\/\/eldigitaldeasturias.com\/radio\/asturias-publica-el-protocolo-de-seguridad-para-la-reapertura-de-los-jardines-de-infancia\/","title":{"rendered":"Asturias publica el protocolo de seguridad para la reapertura de los jardines de infancia"},"content":{"rendered":"<p><img fetchpriority=\"high\" decoding=\"async\" class=\"alignleft size-medium wp-image-4405\" src=\"http:\/\/www.eldigitaldeasturias.com\/radio\/wp-content\/uploads\/2020\/06\/connection-4884862_640-360x245.jpg\" alt=\"\" width=\"360\" height=\"245\" srcset=\"https:\/\/eldigitaldeasturias.com\/radio\/wp-content\/uploads\/2020\/06\/connection-4884862_640-360x245.jpg 360w, https:\/\/eldigitaldeasturias.com\/radio\/wp-content\/uploads\/2020\/06\/connection-4884862_640.jpg 640w\" sizes=\"(max-width: 360px) 100vw, 360px\" \/>El Gobierno de Asturias ha publicado el protocolo de medidas de prevenci\u00f3n y atenci\u00f3n en los jardines de infancia p\u00fablicos, al que recomienda que se adhieran tambi\u00e9n las guarder\u00edas privadas.<\/p>\n<p>La gu\u00eda del Principado establece que la reapertura se llevar\u00e1 a cabo de forma gradual y bajo criterios exhaustivos de seguridad y control que minimicen los riesgos de contagio de la COVID-19.<\/p>\n<p>Las recomendaciones para la apertura de estos centros est\u00e1n recogidas en un protocolo espec\u00edfico desarrollado en el marco de la coordinaci\u00f3n sociosanitaria entre las Consejer\u00edas de Derechos Sociales y Bienestar y de Salud.<\/p>\n","protected":false},"excerpt":{"rendered":"<p>El Gobierno de Asturias ha publicado el protocolo de medidas de prevenci\u00f3n y atenci\u00f3n en los jardines de infancia p\u00fablicos, al que recomienda que se adhieran tambi\u00e9n las guarder\u00edas privadas. La gu\u00eda del Principado establece que la reapertura se llevar\u00e1 a cabo de forma gradual y bajo criterios exhaustivos de seguridad y control que minimicen<\/p>\n","protected":false},"author":1,"featured_media":4405,"comment_status":"closed","ping_status":"closed","sticky":false,"template":"","format":"standard","meta":{"footnotes":""},"categories":[1],"tags":[],"class_list":{"0":"post-4404","1":"post","2":"type-post","3":"status-publish","4":"format-standard","5":"has-post-thumbnail","7":"category-noticias"},"aioseo_notices":[],"aioseo_head":"\n\t\t<!-- All in One SEO Pro 4.9.6.2 - aioseo.com -->\n\t<meta name=\"description\" content=\"El Gobierno de Asturias ha publicado el protocolo de medidas de prevenci\u00f3n y atenci\u00f3n en los jardines de infancia p\u00fablicos, al que recomienda que se adhieran tambi\u00e9n las guarder\u00edas privadas. La gu\u00eda del Principado establece que la reapertura se llevar\u00e1 a cabo de forma gradual y bajo criterios exhaustivos de seguridad y control que minimicen\" \/>\n\t<meta name=\"robots\" content=\"max-image-preview:large\" \/>\n\t<meta name=\"author\" content=\"NBAsturias\"\/>\n\t<meta name=\"google-site-verification\" content=\"UA-38556648-1\" \/>\n\t<meta name=\"keywords\" content=\"noticias\" \/>\n\t<link rel=\"canonical\" href=\"https:\/\/eldigitaldeasturias.com\/radio\/asturias-publica-el-protocolo-de-seguridad-para-la-reapertura-de-los-jardines-de-infancia\/\" \/>\n\t<meta name=\"generator\" content=\"All in One SEO Pro (AIOSEO) 4.9.6.2\" \/>\n\t\t<meta property=\"og:locale\" content=\"es_ES\" \/>\n\t\t<meta property=\"og:site_name\" content=\"El Digital de Asturias | Diario de informaci\u00f3n y noticias\" \/>\n\t\t<meta property=\"og:type\" content=\"article\" \/>\n\t\t<meta property=\"og:title\" content=\"Asturias publica el protocolo de seguridad para la reapertura de los jardines de infancia | El Digital de Asturias\" \/>\n\t\t<meta property=\"og:description\" content=\"El Gobierno de Asturias ha publicado el protocolo de medidas de prevenci\u00f3n y atenci\u00f3n en los jardines de infancia p\u00fablicos, al que recomienda que se adhieran tambi\u00e9n las guarder\u00edas privadas. La gu\u00eda del Principado establece que la reapertura se llevar\u00e1 a cabo de forma gradual y bajo criterios exhaustivos de seguridad y control que minimicen\" \/>\n\t\t<meta property=\"og:url\" content=\"https:\/\/eldigitaldeasturias.com\/radio\/asturias-publica-el-protocolo-de-seguridad-para-la-reapertura-de-los-jardines-de-infancia\/\" \/>\n\t\t<meta property=\"og:image\" content=\"https:\/\/eldigitaldeasturias.com\/radio\/wp-content\/uploads\/2020\/06\/connection-4884862_640.jpg\" \/>\n\t\t<meta property=\"og:image:secure_url\" content=\"https:\/\/eldigitaldeasturias.com\/radio\/wp-content\/uploads\/2020\/06\/connection-4884862_640.jpg\" \/>\n\t\t<meta property=\"og:image:width\" content=\"640\" \/>\n\t\t<meta property=\"og:image:height\" content=\"436\" \/>\n\t\t<meta property=\"article:published_time\" content=\"2020-06-12T00:12:19+00:00\" \/>\n\t\t<meta property=\"article:modified_time\" content=\"2020-06-12T00:12:19+00:00\" \/>\n\t\t<meta name=\"twitter:card\" content=\"summary_large_image\" \/>\n\t\t<meta name=\"twitter:site\" content=\"@bercodi\" \/>\n\t\t<meta name=\"twitter:title\" content=\"Asturias publica el protocolo de seguridad para la reapertura de los jardines de infancia | El Digital de Asturias\" \/>\n\t\t<meta name=\"twitter:description\" content=\"El Gobierno de Asturias ha publicado el protocolo de medidas de prevenci\u00f3n y atenci\u00f3n en los jardines de infancia p\u00fablicos, al que recomienda que se adhieran tambi\u00e9n las guarder\u00edas privadas. La gu\u00eda del Principado establece que la reapertura se llevar\u00e1 a cabo de forma gradual y bajo criterios exhaustivos de seguridad y control que minimicen\" \/>\n\t\t<meta name=\"twitter:creator\" content=\"@bercodi\" \/>\n\t\t<meta name=\"twitter:image\" content=\"https:\/\/eldigitaldeasturias.com\/radio\/wp-content\/uploads\/2020\/06\/connection-4884862_640.jpg\" \/>\n\t\t<script type=\"application\/ld+json\" class=\"aioseo-schema\">\n\t\t\t{\"@context\":\"https:\\\/\\\/schema.org\",\"@graph\":[{\"@type\":\"BreadcrumbList\",\"@id\":\"https:\\\/\\\/eldigitaldeasturias.com\\\/radio\\\/asturias-publica-el-protocolo-de-seguridad-para-la-reapertura-de-los-jardines-de-infancia\\\/#breadcrumblist\",\"itemListElement\":[{\"@type\":\"ListItem\",\"@id\":\"https:\\\/\\\/eldigitaldeasturias.com\\\/radio#listItem\",\"position\":1,\"name\":\"Inicio\",\"item\":\"https:\\\/\\\/eldigitaldeasturias.com\\\/radio\",\"nextItem\":{\"@type\":\"ListItem\",\"@id\":\"https:\\\/\\\/eldigitaldeasturias.com\\\/radio\\\/category\\\/noticias\\\/#listItem\",\"name\":\"Noticias\"}},{\"@type\":\"ListItem\",\"@id\":\"https:\\\/\\\/eldigitaldeasturias.com\\\/radio\\\/category\\\/noticias\\\/#listItem\",\"position\":2,\"name\":\"Noticias\",\"item\":\"https:\\\/\\\/eldigitaldeasturias.com\\\/radio\\\/category\\\/noticias\\\/\",\"nextItem\":{\"@type\":\"ListItem\",\"@id\":\"https:\\\/\\\/eldigitaldeasturias.com\\\/radio\\\/asturias-publica-el-protocolo-de-seguridad-para-la-reapertura-de-los-jardines-de-infancia\\\/#listItem\",\"name\":\"Asturias publica el protocolo de seguridad para la reapertura de los jardines de infancia\"},\"previousItem\":{\"@type\":\"ListItem\",\"@id\":\"https:\\\/\\\/eldigitaldeasturias.com\\\/radio#listItem\",\"name\":\"Inicio\"}},{\"@type\":\"ListItem\",\"@id\":\"https:\\\/\\\/eldigitaldeasturias.com\\\/radio\\\/asturias-publica-el-protocolo-de-seguridad-para-la-reapertura-de-los-jardines-de-infancia\\\/#listItem\",\"position\":3,\"name\":\"Asturias publica el protocolo de seguridad para la reapertura de los jardines de infancia\",\"previousItem\":{\"@type\":\"ListItem\",\"@id\":\"https:\\\/\\\/eldigitaldeasturias.com\\\/radio\\\/category\\\/noticias\\\/#listItem\",\"name\":\"Noticias\"}}]},{\"@type\":\"NewsArticle\",\"@id\":\"https:\\\/\\\/eldigitaldeasturias.com\\\/radio\\\/asturias-publica-el-protocolo-de-seguridad-para-la-reapertura-de-los-jardines-de-infancia\\\/#newsarticle\",\"name\":\"Asturias publica el protocolo de seguridad para la reapertura de los jardines de infancia | El Digital de Asturias\",\"headline\":\"Asturias publica el protocolo de seguridad para la reapertura de los jardines de infancia\",\"author\":{\"@id\":\"https:\\\/\\\/eldigitaldeasturias.com\\\/radio\\\/author\\\/nbasturias\\\/#author\"},\"publisher\":{\"@id\":\"https:\\\/\\\/eldigitaldeasturias.com\\\/radio\\\/#organization\"},\"image\":{\"@type\":\"ImageObject\",\"url\":\"https:\\\/\\\/eldigitaldeasturias.com\\\/radio\\\/wp-content\\\/uploads\\\/2020\\\/06\\\/connection-4884862_640.jpg\",\"width\":640,\"height\":436},\"datePublished\":\"2020-06-12T00:12:19+02:00\",\"dateModified\":\"2020-06-12T00:12:19+02:00\",\"inLanguage\":\"es-ES\",\"mainEntityOfPage\":{\"@id\":\"https:\\\/\\\/eldigitaldeasturias.com\\\/radio\\\/asturias-publica-el-protocolo-de-seguridad-para-la-reapertura-de-los-jardines-de-infancia\\\/#webpage\"},\"isPartOf\":{\"@id\":\"https:\\\/\\\/eldigitaldeasturias.com\\\/radio\\\/asturias-publica-el-protocolo-de-seguridad-para-la-reapertura-de-los-jardines-de-infancia\\\/#webpage\"},\"articleSection\":\"Noticias\",\"dateline\":\"Publicado el junio 12, 2020.\"},{\"@type\":\"Organization\",\"@id\":\"https:\\\/\\\/eldigitaldeasturias.com\\\/radio\\\/#organization\",\"name\":\"El digital de Asturias Radio\",\"description\":\"Diario de informaci\\u00f3n y noticias\",\"url\":\"https:\\\/\\\/eldigitaldeasturias.com\\\/radio\\\/\",\"telephone\":\"+34652131393\",\"logo\":{\"@type\":\"ImageObject\",\"url\":\"https:\\\/\\\/www.eldigitaldeasturias.com\\\/radio\\\/wp-content\\\/uploads\\\/2021\\\/03\\\/EDA.jpg\",\"@id\":\"https:\\\/\\\/eldigitaldeasturias.com\\\/radio\\\/asturias-publica-el-protocolo-de-seguridad-para-la-reapertura-de-los-jardines-de-infancia\\\/#organizationLogo\"},\"image\":{\"@id\":\"https:\\\/\\\/eldigitaldeasturias.com\\\/radio\\\/asturias-publica-el-protocolo-de-seguridad-para-la-reapertura-de-los-jardines-de-infancia\\\/#organizationLogo\"},\"sameAs\":[\"https:\\\/\\\/www.facebook.com\\\/\",\"https:\\\/\\\/x.com\\\/bercodi\",\"https:\\\/\\\/www.instagram.com\\\/\",\"https:\\\/\\\/www.youtube.com\\\/channel\\\/UCZP-2wLEB9Rv6erhFmqVnvg\"]},{\"@type\":\"Person\",\"@id\":\"https:\\\/\\\/eldigitaldeasturias.com\\\/radio\\\/author\\\/nbasturias\\\/#author\",\"url\":\"https:\\\/\\\/eldigitaldeasturias.com\\\/radio\\\/author\\\/nbasturias\\\/\",\"name\":\"NBAsturias\",\"image\":{\"@type\":\"ImageObject\",\"@id\":\"https:\\\/\\\/eldigitaldeasturias.com\\\/radio\\\/asturias-publica-el-protocolo-de-seguridad-para-la-reapertura-de-los-jardines-de-infancia\\\/#authorImage\",\"url\":\"https:\\\/\\\/secure.gravatar.com\\\/avatar\\\/df2aeffc32bcd13f8d26072ef8a91b623d677766deac7f97ca815868cd41bf5e?s=96&d=mm&r=g\",\"width\":96,\"height\":96,\"caption\":\"NBAsturias\"}},{\"@type\":\"WebPage\",\"@id\":\"https:\\\/\\\/eldigitaldeasturias.com\\\/radio\\\/asturias-publica-el-protocolo-de-seguridad-para-la-reapertura-de-los-jardines-de-infancia\\\/#webpage\",\"url\":\"https:\\\/\\\/eldigitaldeasturias.com\\\/radio\\\/asturias-publica-el-protocolo-de-seguridad-para-la-reapertura-de-los-jardines-de-infancia\\\/\",\"name\":\"Asturias publica el protocolo de seguridad para la reapertura de los jardines de infancia | El Digital de Asturias\",\"description\":\"El Gobierno de Asturias ha publicado el protocolo de medidas de prevenci\\u00f3n y atenci\\u00f3n en los jardines de infancia p\\u00fablicos, al que recomienda que se adhieran tambi\\u00e9n las guarder\\u00edas privadas. La gu\\u00eda del Principado establece que la reapertura se llevar\\u00e1 a cabo de forma gradual y bajo criterios exhaustivos de seguridad y control que minimicen\",\"inLanguage\":\"es-ES\",\"isPartOf\":{\"@id\":\"https:\\\/\\\/eldigitaldeasturias.com\\\/radio\\\/#website\"},\"breadcrumb\":{\"@id\":\"https:\\\/\\\/eldigitaldeasturias.com\\\/radio\\\/asturias-publica-el-protocolo-de-seguridad-para-la-reapertura-de-los-jardines-de-infancia\\\/#breadcrumblist\"},\"author\":{\"@id\":\"https:\\\/\\\/eldigitaldeasturias.com\\\/radio\\\/author\\\/nbasturias\\\/#author\"},\"creator\":{\"@id\":\"https:\\\/\\\/eldigitaldeasturias.com\\\/radio\\\/author\\\/nbasturias\\\/#author\"},\"image\":{\"@type\":\"ImageObject\",\"url\":\"https:\\\/\\\/eldigitaldeasturias.com\\\/radio\\\/wp-content\\\/uploads\\\/2020\\\/06\\\/connection-4884862_640.jpg\",\"@id\":\"https:\\\/\\\/eldigitaldeasturias.com\\\/radio\\\/asturias-publica-el-protocolo-de-seguridad-para-la-reapertura-de-los-jardines-de-infancia\\\/#mainImage\",\"width\":640,\"height\":436},\"primaryImageOfPage\":{\"@id\":\"https:\\\/\\\/eldigitaldeasturias.com\\\/radio\\\/asturias-publica-el-protocolo-de-seguridad-para-la-reapertura-de-los-jardines-de-infancia\\\/#mainImage\"},\"datePublished\":\"2020-06-12T00:12:19+02:00\",\"dateModified\":\"2020-06-12T00:12:19+02:00\"},{\"@type\":\"WebSite\",\"@id\":\"https:\\\/\\\/eldigitaldeasturias.com\\\/radio\\\/#website\",\"url\":\"https:\\\/\\\/eldigitaldeasturias.com\\\/radio\\\/\",\"name\":\"El Digital de Asturias\",\"description\":\"Diario de informaci\\u00f3n y noticias\",\"inLanguage\":\"es-ES\",\"publisher\":{\"@id\":\"https:\\\/\\\/eldigitaldeasturias.com\\\/radio\\\/#organization\"}}]}\n\t\t<\/script>\n\t\t<!-- All in One SEO Pro -->\r\n\t\t<title>Asturias publica el protocolo de seguridad para la reapertura de los jardines de infancia | El Digital de Asturias<\/title>\n\n","aioseo_head_json":{"title":"Asturias publica el protocolo de seguridad para la reapertura de los jardines de infancia | El Digital de Asturias","description":"El Gobierno de Asturias ha publicado el protocolo de medidas de prevenci\u00f3n y atenci\u00f3n en los jardines de infancia p\u00fablicos, al que recomienda que se adhieran tambi\u00e9n las guarder\u00edas privadas. La gu\u00eda del Principado establece que la reapertura se llevar\u00e1 a cabo de forma gradual y bajo criterios exhaustivos de seguridad y control que minimicen","canonical_url":"https:\/\/eldigitaldeasturias.com\/radio\/asturias-publica-el-protocolo-de-seguridad-para-la-reapertura-de-los-jardines-de-infancia\/","robots":"max-image-preview:large","keywords":"noticias","webmasterTools":{"google-site-verification":"UA-38556648-1","miscellaneous":""},"schema":{"@context":"https:\/\/schema.org","@graph":[{"@type":"BreadcrumbList","@id":"https:\/\/eldigitaldeasturias.com\/radio\/asturias-publica-el-protocolo-de-seguridad-para-la-reapertura-de-los-jardines-de-infancia\/#breadcrumblist","itemListElement":[{"@type":"ListItem","@id":"https:\/\/eldigitaldeasturias.com\/radio#listItem","position":1,"name":"Inicio","item":"https:\/\/eldigitaldeasturias.com\/radio","nextItem":{"@type":"ListItem","@id":"https:\/\/eldigitaldeasturias.com\/radio\/category\/noticias\/#listItem","name":"Noticias"}},{"@type":"ListItem","@id":"https:\/\/eldigitaldeasturias.com\/radio\/category\/noticias\/#listItem","position":2,"name":"Noticias","item":"https:\/\/eldigitaldeasturias.com\/radio\/category\/noticias\/","nextItem":{"@type":"ListItem","@id":"https:\/\/eldigitaldeasturias.com\/radio\/asturias-publica-el-protocolo-de-seguridad-para-la-reapertura-de-los-jardines-de-infancia\/#listItem","name":"Asturias publica el protocolo de seguridad para la reapertura de los jardines de infancia"},"previousItem":{"@type":"ListItem","@id":"https:\/\/eldigitaldeasturias.com\/radio#listItem","name":"Inicio"}},{"@type":"ListItem","@id":"https:\/\/eldigitaldeasturias.com\/radio\/asturias-publica-el-protocolo-de-seguridad-para-la-reapertura-de-los-jardines-de-infancia\/#listItem","position":3,"name":"Asturias publica el protocolo de seguridad para la reapertura de los jardines de infancia","previousItem":{"@type":"ListItem","@id":"https:\/\/eldigitaldeasturias.com\/radio\/category\/noticias\/#listItem","name":"Noticias"}}]},{"@type":"NewsArticle","@id":"https:\/\/eldigitaldeasturias.com\/radio\/asturias-publica-el-protocolo-de-seguridad-para-la-reapertura-de-los-jardines-de-infancia\/#newsarticle","name":"Asturias publica el protocolo de seguridad para la reapertura de los jardines de infancia | El Digital de Asturias","headline":"Asturias publica el protocolo de seguridad para la reapertura de los jardines de infancia","author":{"@id":"https:\/\/eldigitaldeasturias.com\/radio\/author\/nbasturias\/#author"},"publisher":{"@id":"https:\/\/eldigitaldeasturias.com\/radio\/#organization"},"image":{"@type":"ImageObject","url":"https:\/\/eldigitaldeasturias.com\/radio\/wp-content\/uploads\/2020\/06\/connection-4884862_640.jpg","width":640,"height":436},"datePublished":"2020-06-12T00:12:19+02:00","dateModified":"2020-06-12T00:12:19+02:00","inLanguage":"es-ES","mainEntityOfPage":{"@id":"https:\/\/eldigitaldeasturias.com\/radio\/asturias-publica-el-protocolo-de-seguridad-para-la-reapertura-de-los-jardines-de-infancia\/#webpage"},"isPartOf":{"@id":"https:\/\/eldigitaldeasturias.com\/radio\/asturias-publica-el-protocolo-de-seguridad-para-la-reapertura-de-los-jardines-de-infancia\/#webpage"},"articleSection":"Noticias","dateline":"Publicado el junio 12, 2020."},{"@type":"Organization","@id":"https:\/\/eldigitaldeasturias.com\/radio\/#organization","name":"El digital de Asturias Radio","description":"Diario de informaci\u00f3n y noticias","url":"https:\/\/eldigitaldeasturias.com\/radio\/","telephone":"+34652131393","logo":{"@type":"ImageObject","url":"https:\/\/www.eldigitaldeasturias.com\/radio\/wp-content\/uploads\/2021\/03\/EDA.jpg","@id":"https:\/\/eldigitaldeasturias.com\/radio\/asturias-publica-el-protocolo-de-seguridad-para-la-reapertura-de-los-jardines-de-infancia\/#organizationLogo"},"image":{"@id":"https:\/\/eldigitaldeasturias.com\/radio\/asturias-publica-el-protocolo-de-seguridad-para-la-reapertura-de-los-jardines-de-infancia\/#organizationLogo"},"sameAs":["https:\/\/www.facebook.com\/","https:\/\/x.com\/bercodi","https:\/\/www.instagram.com\/","https:\/\/www.youtube.com\/channel\/UCZP-2wLEB9Rv6erhFmqVnvg"]},{"@type":"Person","@id":"https:\/\/eldigitaldeasturias.com\/radio\/author\/nbasturias\/#author","url":"https:\/\/eldigitaldeasturias.com\/radio\/author\/nbasturias\/","name":"NBAsturias","image":{"@type":"ImageObject","@id":"https:\/\/eldigitaldeasturias.com\/radio\/asturias-publica-el-protocolo-de-seguridad-para-la-reapertura-de-los-jardines-de-infancia\/#authorImage","url":"https:\/\/secure.gravatar.com\/avatar\/df2aeffc32bcd13f8d26072ef8a91b623d677766deac7f97ca815868cd41bf5e?s=96&d=mm&r=g","width":96,"height":96,"caption":"NBAsturias"}},{"@type":"WebPage","@id":"https:\/\/eldigitaldeasturias.com\/radio\/asturias-publica-el-protocolo-de-seguridad-para-la-reapertura-de-los-jardines-de-infancia\/#webpage","url":"https:\/\/eldigitaldeasturias.com\/radio\/asturias-publica-el-protocolo-de-seguridad-para-la-reapertura-de-los-jardines-de-infancia\/","name":"Asturias publica el protocolo de seguridad para la reapertura de los jardines de infancia | El Digital de Asturias","description":"El Gobierno de Asturias ha publicado el protocolo de medidas de prevenci\u00f3n y atenci\u00f3n en los jardines de infancia p\u00fablicos, al que recomienda que se adhieran tambi\u00e9n las guarder\u00edas privadas. La gu\u00eda del Principado establece que la reapertura se llevar\u00e1 a cabo de forma gradual y bajo criterios exhaustivos de seguridad y control que minimicen","inLanguage":"es-ES","isPartOf":{"@id":"https:\/\/eldigitaldeasturias.com\/radio\/#website"},"breadcrumb":{"@id":"https:\/\/eldigitaldeasturias.com\/radio\/asturias-publica-el-protocolo-de-seguridad-para-la-reapertura-de-los-jardines-de-infancia\/#breadcrumblist"},"author":{"@id":"https:\/\/eldigitaldeasturias.com\/radio\/author\/nbasturias\/#author"},"creator":{"@id":"https:\/\/eldigitaldeasturias.com\/radio\/author\/nbasturias\/#author"},"image":{"@type":"ImageObject","url":"https:\/\/eldigitaldeasturias.com\/radio\/wp-content\/uploads\/2020\/06\/connection-4884862_640.jpg","@id":"https:\/\/eldigitaldeasturias.com\/radio\/asturias-publica-el-protocolo-de-seguridad-para-la-reapertura-de-los-jardines-de-infancia\/#mainImage","width":640,"height":436},"primaryImageOfPage":{"@id":"https:\/\/eldigitaldeasturias.com\/radio\/asturias-publica-el-protocolo-de-seguridad-para-la-reapertura-de-los-jardines-de-infancia\/#mainImage"},"datePublished":"2020-06-12T00:12:19+02:00","dateModified":"2020-06-12T00:12:19+02:00"},{"@type":"WebSite","@id":"https:\/\/eldigitaldeasturias.com\/radio\/#website","url":"https:\/\/eldigitaldeasturias.com\/radio\/","name":"El Digital de Asturias","description":"Diario de informaci\u00f3n y noticias","inLanguage":"es-ES","publisher":{"@id":"https:\/\/eldigitaldeasturias.com\/radio\/#organization"}}]},"og:locale":"es_ES","og:site_name":"El Digital de Asturias | Diario de informaci\u00f3n y noticias","og:type":"article","og:title":"Asturias publica el protocolo de seguridad para la reapertura de los jardines de infancia | El Digital de Asturias","og:description":"El Gobierno de Asturias ha publicado el protocolo de medidas de prevenci\u00f3n y atenci\u00f3n en los jardines de infancia p\u00fablicos, al que recomienda que se adhieran tambi\u00e9n las guarder\u00edas privadas. La gu\u00eda del Principado establece que la reapertura se llevar\u00e1 a cabo de forma gradual y bajo criterios exhaustivos de seguridad y control que minimicen","og:url":"https:\/\/eldigitaldeasturias.com\/radio\/asturias-publica-el-protocolo-de-seguridad-para-la-reapertura-de-los-jardines-de-infancia\/","og:image":"https:\/\/eldigitaldeasturias.com\/radio\/wp-content\/uploads\/2020\/06\/connection-4884862_640.jpg","og:image:secure_url":"https:\/\/eldigitaldeasturias.com\/radio\/wp-content\/uploads\/2020\/06\/connection-4884862_640.jpg","og:image:width":640,"og:image:height":436,"article:published_time":"2020-06-12T00:12:19+00:00","article:modified_time":"2020-06-12T00:12:19+00:00","twitter:card":"summary_large_image","twitter:site":"@bercodi","twitter:title":"Asturias publica el protocolo de seguridad para la reapertura de los jardines de infancia | El Digital de Asturias","twitter:description":"El Gobierno de Asturias ha publicado el protocolo de medidas de prevenci\u00f3n y atenci\u00f3n en los jardines de infancia p\u00fablicos, al que recomienda que se adhieran tambi\u00e9n las guarder\u00edas privadas. La gu\u00eda del Principado establece que la reapertura se llevar\u00e1 a cabo de forma gradual y bajo criterios exhaustivos de seguridad y control que minimicen","twitter:creator":"@bercodi","twitter:image":"https:\/\/eldigitaldeasturias.com\/radio\/wp-content\/uploads\/2020\/06\/connection-4884862_640.jpg"},"aioseo_meta_data":{"post_id":"4404","title":null,"description":null,"keywords":null,"keyphrases":null,"primary_term":null,"canonical_url":null,"og_title":null,"og_description":null,"og_object_type":"default","og_image_type":"default","og_image_url":null,"og_image_width":null,"og_image_height":null,"og_image_custom_url":null,"og_image_custom_fields":null,"og_video":null,"og_custom_url":null,"og_article_section":null,"og_article_tags":null,"twitter_use_og":false,"twitter_card":"default","twitter_image_type":"default","twitter_image_url":null,"twitter_image_custom_url":null,"twitter_image_custom_fields":null,"twitter_title":null,"twitter_description":null,"schema":{"blockGraphs":[],"customGraphs":[],"default":{"data":{"Article":[],"Course":[],"Dataset":[],"FAQPage":[],"Movie":[],"Person":[],"Product":[],"ProductReview":[],"Car":[],"Recipe":[],"Service":[],"SoftwareApplication":[],"WebPage":[]},"graphName":"","isEnabled":true},"graphs":[],"defaultGraph":"","defaultPostTypeGraph":""},"schema_type":null,"schema_type_options":null,"pillar_content":false,"robots_default":true,"robots_noindex":false,"robots_noarchive":false,"robots_nosnippet":false,"robots_nofollow":false,"robots_noimageindex":false,"robots_noodp":false,"robots_notranslate":false,"robots_max_snippet":null,"robots_max_videopreview":null,"robots_max_imagepreview":"large","priority":null,"frequency":null,"location":null,"local_seo":null,"seo_analyzer_scan_date":"2025-08-28 15:58:50","breadcrumb_settings":null,"limit_modified_date":false,"open_ai":null,"ai":null,"created":"2021-03-25 20:59:41","updated":"2025-08-28 15:58:50"},"aioseo_breadcrumb":"<div class=\"aioseo-breadcrumbs\"><span class=\"aioseo-breadcrumb\">\n\t<a href=\"https:\/\/eldigitaldeasturias.com\/radio\" title=\"Inicio\">Inicio<\/a>\n<\/span><span class=\"aioseo-breadcrumb-separator\">&ndash;<\/span><span class=\"aioseo-breadcrumb\">\n\t<a href=\"https:\/\/eldigitaldeasturias.com\/radio\/category\/noticias\/\" title=\"Noticias\">Noticias<\/a>\n<\/span><span class=\"aioseo-breadcrumb-separator\">&ndash;<\/span><span class=\"aioseo-breadcrumb\">\n\tAsturias publica el protocolo de seguridad para la reapertura de los jardines de infancia\n<\/span><\/div>","aioseo_breadcrumb_json":[{"label":"Inicio","link":"https:\/\/eldigitaldeasturias.com\/radio"},{"label":"Noticias","link":"https:\/\/eldigitaldeasturias.com\/radio\/category\/noticias\/"},{"label":"Asturias publica el protocolo de seguridad para la reapertura de los jardines de infancia","link":"https:\/\/eldigitaldeasturias.com\/radio\/asturias-publica-el-protocolo-de-seguridad-para-la-reapertura-de-los-jardines-de-infancia\/"}],"_links":{"self":[{"href":"https:\/\/eldigitaldeasturias.com\/radio\/wp-json\/wp\/v2\/posts\/4404","targetHints":{"allow":["GET"]}}],"collection":[{"href":"https:\/\/eldigitaldeasturias.com\/radio\/wp-json\/wp\/v2\/posts"}],"about":[{"href":"https:\/\/eldigitaldeasturias.com\/radio\/wp-json\/wp\/v2\/types\/post"}],"author":[{"embeddable":true,"href":"https:\/\/eldigitaldeasturias.com\/radio\/wp-json\/wp\/v2\/users\/1"}],"replies":[{"embeddable":true,"href":"https:\/\/eldigitaldeasturias.com\/radio\/wp-json\/wp\/v2\/comments?post=4404"}],"version-history":[{"count":0,"href":"https:\/\/eldigitaldeasturias.com\/radio\/wp-json\/wp\/v2\/posts\/4404\/revisions"}],"wp:featuredmedia":[{"embeddable":true,"href":"https:\/\/eldigitaldeasturias.com\/radio\/wp-json\/wp\/v2\/media\/4405"}],"wp:attachment":[{"href":"https:\/\/eldigitaldeasturias.com\/radio\/wp-json\/wp\/v2\/media?parent=4404"}],"wp:term":[{"taxonomy":"category","embeddable":true,"href":"https:\/\/eldigitaldeasturias.com\/radio\/wp-json\/wp\/v2\/categories?post=4404"},{"taxonomy":"post_tag","embeddable":true,"href":"https:\/\/eldigitaldeasturias.com\/radio\/wp-json\/wp\/v2\/tags?post=4404"}],"curies":[{"name":"wp","href":"https:\/\/api.w.org\/{rel}","templated":true}]}}