{"id":4386,"date":"2020-06-10T17:02:42","date_gmt":"2020-06-10T17:02:42","guid":{"rendered":"http:\/\/www.eldigitaldeasturias.com\/radio\/?p=4386"},"modified":"2020-06-10T17:02:42","modified_gmt":"2020-06-10T17:02:42","slug":"hansi-flick-confia-en-ganar-la-copa-alemana","status":"publish","type":"post","link":"https:\/\/eldigitaldeasturias.com\/radio\/hansi-flick-confia-en-ganar-la-copa-alemana\/","title":{"rendered":"Hansi Flick conf\u00eda en ganar la Copa Alemana"},"content":{"rendered":"<figure id=\"attachment_4387\" aria-describedby=\"caption-attachment-4387\" style=\"width: 360px\" class=\"wp-caption alignleft\"><img fetchpriority=\"high\" decoding=\"async\" class=\"size-medium wp-image-4387\" src=\"http:\/\/www.eldigitaldeasturias.com\/radio\/wp-content\/uploads\/2020\/06\/Hansi-Flick-360x239.jpg\" alt=\"\" width=\"360\" height=\"239\" srcset=\"https:\/\/eldigitaldeasturias.com\/radio\/wp-content\/uploads\/2020\/06\/Hansi-Flick-360x239.jpg 360w, https:\/\/eldigitaldeasturias.com\/radio\/wp-content\/uploads\/2020\/06\/Hansi-Flick-768x511.jpg 768w, https:\/\/eldigitaldeasturias.com\/radio\/wp-content\/uploads\/2020\/06\/Hansi-Flick.jpg 988w\" sizes=\"(max-width: 360px) 100vw, 360px\" \/><figcaption id=\"caption-attachment-4387\" class=\"wp-caption-text\">El entrenador del Bayern M\u00fanich, Hansi Flick. Foto: Christof Stache\/AFP\/Pool\/dpa<\/figcaption><\/figure>\n<p>M\u00fanich, 9 jun (dpa) &#8211; El entrenador del Bayern, Hansi Flick, cree firmemente que sus jugadores continuar\u00e1n su racha de victorias en la semifinal de la Copa Alemana contra el Eintracht de Frankfurt, aun despu\u00e9s del descanso debido a la pandemia del coronavirus, seg\u00fan declaraciones dadas hoy.<\/p>\n<p><strong>\u00abTengo la sensaci\u00f3n de que el equipo sabe exactamente lo que hay. Est\u00e1n al cien por cien en cada partido. Me alegro de ello\u00bb, dijo hoy Flick<\/strong> despu\u00e9s de la \u00faltima sesi\u00f3n de entrenamiento.<\/p>\n<p>\u00abClaramente queremos ganar el partido y pasar a la final. Ese es nuestro objetivo\u00bb, anunci\u00f3 el entrenador de 55 a\u00f1os sobre el partido que se disputar\u00e1 en casa el mi\u00e9rcoles por la noche.<\/p>\n<p>El campe\u00f3n alem\u00e1n ha ganado los cinco partidos a puerta cerrada de la Bundesliga, anotando 17:4 goles en el proceso. Uno de los \u00e9xitos fue una victoria de 5:2 contra el Eintracht de Frankfurt.<\/p>\n<p>Seguramente Flick empezar\u00e1 con la formaci\u00f3n que gan\u00f3 4:2 en Leverkusen el pasado fin de semana. Seg\u00fan dijo no hab\u00eda tenido la sensaci\u00f3n durante el entrenamiento de que \u00abestuviesen especialmente cansados\u00bb.<\/p>\n<p>A\u00f1adi\u00f3 que Thiago habr\u00eda sido un candidato para el once inicial, pero el espa\u00f1ol, que fue sustituido en Leverkusen, todav\u00eda ten\u00eda \u00abalgunos problemas\u00bb despu\u00e9s de su lesi\u00f3n.<\/p>\n<p>Por otro lado, el centrocampista Micha\u00ebl Cuisance no jugar\u00e1 despu\u00e9s de sufrir una gastroenteritis.<\/p>\n<p>Flick revel\u00f3 en la conferencia de prensa retransmitida por v\u00eddeo que \u00e9l y un fan de Eintracht en la familia ten\u00edan tres abonos anuales para los partidos en casa del equipo de Fr\u00e1ncfort.<\/p>\n<p>\u00abDurante la temporada que me tom\u00e9 libre, el Frankfurt jug\u00f3 un gran f\u00fatbol\u00bb, dijo Flick sobre su pasado antes de unirse al Bayern M\u00fanich, qui\u00e9n desde su residencia en Heidelberg iba a ver los partidos de la Bundesliga al estadio del Eintracht.<\/p>\n","protected":false},"excerpt":{"rendered":"<p>M\u00fanich, 9 jun (dpa) &#8211; El entrenador del Bayern, Hansi Flick, cree firmemente que sus jugadores continuar\u00e1n su racha de victorias en la semifinal de la Copa Alemana contra el Eintracht de Frankfurt, aun despu\u00e9s del descanso debido a la pandemia del coronavirus, seg\u00fan declaraciones dadas hoy. \u00abTengo la sensaci\u00f3n de que el equipo sabe<\/p>\n","protected":false},"author":1,"featured_media":4387,"comment_status":"closed","ping_status":"closed","sticky":false,"template":"","format":"standard","meta":{"footnotes":""},"categories":[1],"tags":[],"class_list":{"0":"post-4386","1":"post","2":"type-post","3":"status-publish","4":"format-standard","5":"has-post-thumbnail","7":"category-noticias"},"aioseo_notices":[],"aioseo_head":"\n\t\t<!-- All in One SEO Pro 4.9.6.2 - aioseo.com -->\n\t<meta name=\"description\" content=\"M\u00fanich, 9 jun (dpa) - El entrenador del Bayern, Hansi Flick, cree firmemente que sus jugadores continuar\u00e1n su racha de victorias en la semifinal de la Copa Alemana contra el Eintracht de Frankfurt, aun despu\u00e9s del descanso debido a la pandemia del coronavirus, seg\u00fan declaraciones dadas hoy. &quot;Tengo la sensaci\u00f3n de que el equipo sabe\" \/>\n\t<meta name=\"robots\" content=\"max-image-preview:large\" \/>\n\t<meta name=\"author\" content=\"NBAsturias\"\/>\n\t<meta name=\"google-site-verification\" content=\"UA-38556648-1\" \/>\n\t<meta name=\"keywords\" content=\"noticias\" \/>\n\t<link rel=\"canonical\" href=\"https:\/\/eldigitaldeasturias.com\/radio\/hansi-flick-confia-en-ganar-la-copa-alemana\/\" \/>\n\t<meta name=\"generator\" content=\"All in One SEO Pro (AIOSEO) 4.9.6.2\" \/>\n\t\t<meta property=\"og:locale\" content=\"es_ES\" \/>\n\t\t<meta property=\"og:site_name\" content=\"El Digital de Asturias | Diario de informaci\u00f3n y noticias\" \/>\n\t\t<meta property=\"og:type\" content=\"article\" \/>\n\t\t<meta property=\"og:title\" content=\"Hansi Flick conf\u00eda en ganar la Copa Alemana | El Digital de Asturias\" \/>\n\t\t<meta property=\"og:description\" content=\"M\u00fanich, 9 jun (dpa) - El entrenador del Bayern, Hansi Flick, cree firmemente que sus jugadores continuar\u00e1n su racha de victorias en la semifinal de la Copa Alemana contra el Eintracht de Frankfurt, aun despu\u00e9s del descanso debido a la pandemia del coronavirus, seg\u00fan declaraciones dadas hoy. &quot;Tengo la sensaci\u00f3n de que el equipo sabe\" \/>\n\t\t<meta property=\"og:url\" content=\"https:\/\/eldigitaldeasturias.com\/radio\/hansi-flick-confia-en-ganar-la-copa-alemana\/\" \/>\n\t\t<meta property=\"og:image\" content=\"https:\/\/eldigitaldeasturias.com\/radio\/wp-content\/uploads\/2020\/06\/Hansi-Flick.jpg\" \/>\n\t\t<meta property=\"og:image:secure_url\" content=\"https:\/\/eldigitaldeasturias.com\/radio\/wp-content\/uploads\/2020\/06\/Hansi-Flick.jpg\" \/>\n\t\t<meta property=\"og:image:width\" content=\"988\" \/>\n\t\t<meta property=\"og:image:height\" content=\"657\" \/>\n\t\t<meta property=\"article:published_time\" content=\"2020-06-10T17:02:42+00:00\" \/>\n\t\t<meta property=\"article:modified_time\" content=\"2020-06-10T17:02:42+00:00\" \/>\n\t\t<meta name=\"twitter:card\" content=\"summary_large_image\" \/>\n\t\t<meta name=\"twitter:site\" content=\"@bercodi\" \/>\n\t\t<meta name=\"twitter:title\" content=\"Hansi Flick conf\u00eda en ganar la Copa Alemana | El Digital de Asturias\" \/>\n\t\t<meta name=\"twitter:description\" content=\"M\u00fanich, 9 jun (dpa) - El entrenador del Bayern, Hansi Flick, cree firmemente que sus jugadores continuar\u00e1n su racha de victorias en la semifinal de la Copa Alemana contra el Eintracht de Frankfurt, aun despu\u00e9s del descanso debido a la pandemia del coronavirus, seg\u00fan declaraciones dadas hoy. &quot;Tengo la sensaci\u00f3n de que el equipo sabe\" \/>\n\t\t<meta name=\"twitter:creator\" content=\"@bercodi\" \/>\n\t\t<meta name=\"twitter:image\" content=\"https:\/\/eldigitaldeasturias.com\/radio\/wp-content\/uploads\/2020\/06\/Hansi-Flick.jpg\" \/>\n\t\t<script type=\"application\/ld+json\" class=\"aioseo-schema\">\n\t\t\t{\"@context\":\"https:\\\/\\\/schema.org\",\"@graph\":[{\"@type\":\"BreadcrumbList\",\"@id\":\"https:\\\/\\\/eldigitaldeasturias.com\\\/radio\\\/hansi-flick-confia-en-ganar-la-copa-alemana\\\/#breadcrumblist\",\"itemListElement\":[{\"@type\":\"ListItem\",\"@id\":\"https:\\\/\\\/eldigitaldeasturias.com\\\/radio#listItem\",\"position\":1,\"name\":\"Inicio\",\"item\":\"https:\\\/\\\/eldigitaldeasturias.com\\\/radio\",\"nextItem\":{\"@type\":\"ListItem\",\"@id\":\"https:\\\/\\\/eldigitaldeasturias.com\\\/radio\\\/category\\\/noticias\\\/#listItem\",\"name\":\"Noticias\"}},{\"@type\":\"ListItem\",\"@id\":\"https:\\\/\\\/eldigitaldeasturias.com\\\/radio\\\/category\\\/noticias\\\/#listItem\",\"position\":2,\"name\":\"Noticias\",\"item\":\"https:\\\/\\\/eldigitaldeasturias.com\\\/radio\\\/category\\\/noticias\\\/\",\"nextItem\":{\"@type\":\"ListItem\",\"@id\":\"https:\\\/\\\/eldigitaldeasturias.com\\\/radio\\\/hansi-flick-confia-en-ganar-la-copa-alemana\\\/#listItem\",\"name\":\"Hansi Flick conf\\u00eda en ganar la Copa Alemana\"},\"previousItem\":{\"@type\":\"ListItem\",\"@id\":\"https:\\\/\\\/eldigitaldeasturias.com\\\/radio#listItem\",\"name\":\"Inicio\"}},{\"@type\":\"ListItem\",\"@id\":\"https:\\\/\\\/eldigitaldeasturias.com\\\/radio\\\/hansi-flick-confia-en-ganar-la-copa-alemana\\\/#listItem\",\"position\":3,\"name\":\"Hansi Flick conf\\u00eda en ganar la Copa Alemana\",\"previousItem\":{\"@type\":\"ListItem\",\"@id\":\"https:\\\/\\\/eldigitaldeasturias.com\\\/radio\\\/category\\\/noticias\\\/#listItem\",\"name\":\"Noticias\"}}]},{\"@type\":\"NewsArticle\",\"@id\":\"https:\\\/\\\/eldigitaldeasturias.com\\\/radio\\\/hansi-flick-confia-en-ganar-la-copa-alemana\\\/#newsarticle\",\"name\":\"Hansi Flick conf\\u00eda en ganar la Copa Alemana | El Digital de Asturias\",\"headline\":\"Hansi Flick conf\\u00eda en ganar la Copa Alemana\",\"author\":{\"@id\":\"https:\\\/\\\/eldigitaldeasturias.com\\\/radio\\\/author\\\/nbasturias\\\/#author\"},\"publisher\":{\"@id\":\"https:\\\/\\\/eldigitaldeasturias.com\\\/radio\\\/#organization\"},\"image\":{\"@type\":\"ImageObject\",\"url\":\"https:\\\/\\\/eldigitaldeasturias.com\\\/radio\\\/wp-content\\\/uploads\\\/2020\\\/06\\\/Hansi-Flick.jpg\",\"width\":988,\"height\":657,\"caption\":\"El entrenador del Bayern M\\u00fanich, Hansi Flick. Foto: Christof Stache\\\/AFP\\\/Pool\\\/dpa\"},\"datePublished\":\"2020-06-10T17:02:42+02:00\",\"dateModified\":\"2020-06-10T17:02:42+02:00\",\"inLanguage\":\"es-ES\",\"mainEntityOfPage\":{\"@id\":\"https:\\\/\\\/eldigitaldeasturias.com\\\/radio\\\/hansi-flick-confia-en-ganar-la-copa-alemana\\\/#webpage\"},\"isPartOf\":{\"@id\":\"https:\\\/\\\/eldigitaldeasturias.com\\\/radio\\\/hansi-flick-confia-en-ganar-la-copa-alemana\\\/#webpage\"},\"articleSection\":\"Noticias\",\"dateline\":\"Publicado el junio 10, 2020.\"},{\"@type\":\"Organization\",\"@id\":\"https:\\\/\\\/eldigitaldeasturias.com\\\/radio\\\/#organization\",\"name\":\"El digital de Asturias Radio\",\"description\":\"Diario de informaci\\u00f3n y noticias\",\"url\":\"https:\\\/\\\/eldigitaldeasturias.com\\\/radio\\\/\",\"telephone\":\"+34652131393\",\"logo\":{\"@type\":\"ImageObject\",\"url\":\"https:\\\/\\\/www.eldigitaldeasturias.com\\\/radio\\\/wp-content\\\/uploads\\\/2021\\\/03\\\/EDA.jpg\",\"@id\":\"https:\\\/\\\/eldigitaldeasturias.com\\\/radio\\\/hansi-flick-confia-en-ganar-la-copa-alemana\\\/#organizationLogo\"},\"image\":{\"@id\":\"https:\\\/\\\/eldigitaldeasturias.com\\\/radio\\\/hansi-flick-confia-en-ganar-la-copa-alemana\\\/#organizationLogo\"},\"sameAs\":[\"https:\\\/\\\/www.facebook.com\\\/\",\"https:\\\/\\\/x.com\\\/bercodi\",\"https:\\\/\\\/www.instagram.com\\\/\",\"https:\\\/\\\/www.youtube.com\\\/channel\\\/UCZP-2wLEB9Rv6erhFmqVnvg\"]},{\"@type\":\"Person\",\"@id\":\"https:\\\/\\\/eldigitaldeasturias.com\\\/radio\\\/author\\\/nbasturias\\\/#author\",\"url\":\"https:\\\/\\\/eldigitaldeasturias.com\\\/radio\\\/author\\\/nbasturias\\\/\",\"name\":\"NBAsturias\",\"image\":{\"@type\":\"ImageObject\",\"@id\":\"https:\\\/\\\/eldigitaldeasturias.com\\\/radio\\\/hansi-flick-confia-en-ganar-la-copa-alemana\\\/#authorImage\",\"url\":\"https:\\\/\\\/secure.gravatar.com\\\/avatar\\\/df2aeffc32bcd13f8d26072ef8a91b623d677766deac7f97ca815868cd41bf5e?s=96&d=mm&r=g\",\"width\":96,\"height\":96,\"caption\":\"NBAsturias\"}},{\"@type\":\"WebPage\",\"@id\":\"https:\\\/\\\/eldigitaldeasturias.com\\\/radio\\\/hansi-flick-confia-en-ganar-la-copa-alemana\\\/#webpage\",\"url\":\"https:\\\/\\\/eldigitaldeasturias.com\\\/radio\\\/hansi-flick-confia-en-ganar-la-copa-alemana\\\/\",\"name\":\"Hansi Flick conf\\u00eda en ganar la Copa Alemana | El Digital de Asturias\",\"description\":\"M\\u00fanich, 9 jun (dpa) - El entrenador del Bayern, Hansi Flick, cree firmemente que sus jugadores continuar\\u00e1n su racha de victorias en la semifinal de la Copa Alemana contra el Eintracht de Frankfurt, aun despu\\u00e9s del descanso debido a la pandemia del coronavirus, seg\\u00fan declaraciones dadas hoy. \\\"Tengo la sensaci\\u00f3n de que el equipo sabe\",\"inLanguage\":\"es-ES\",\"isPartOf\":{\"@id\":\"https:\\\/\\\/eldigitaldeasturias.com\\\/radio\\\/#website\"},\"breadcrumb\":{\"@id\":\"https:\\\/\\\/eldigitaldeasturias.com\\\/radio\\\/hansi-flick-confia-en-ganar-la-copa-alemana\\\/#breadcrumblist\"},\"author\":{\"@id\":\"https:\\\/\\\/eldigitaldeasturias.com\\\/radio\\\/author\\\/nbasturias\\\/#author\"},\"creator\":{\"@id\":\"https:\\\/\\\/eldigitaldeasturias.com\\\/radio\\\/author\\\/nbasturias\\\/#author\"},\"image\":{\"@type\":\"ImageObject\",\"url\":\"https:\\\/\\\/eldigitaldeasturias.com\\\/radio\\\/wp-content\\\/uploads\\\/2020\\\/06\\\/Hansi-Flick.jpg\",\"@id\":\"https:\\\/\\\/eldigitaldeasturias.com\\\/radio\\\/hansi-flick-confia-en-ganar-la-copa-alemana\\\/#mainImage\",\"width\":988,\"height\":657,\"caption\":\"El entrenador del Bayern M\\u00fanich, Hansi Flick. Foto: Christof Stache\\\/AFP\\\/Pool\\\/dpa\"},\"primaryImageOfPage\":{\"@id\":\"https:\\\/\\\/eldigitaldeasturias.com\\\/radio\\\/hansi-flick-confia-en-ganar-la-copa-alemana\\\/#mainImage\"},\"datePublished\":\"2020-06-10T17:02:42+02:00\",\"dateModified\":\"2020-06-10T17:02:42+02:00\"},{\"@type\":\"WebSite\",\"@id\":\"https:\\\/\\\/eldigitaldeasturias.com\\\/radio\\\/#website\",\"url\":\"https:\\\/\\\/eldigitaldeasturias.com\\\/radio\\\/\",\"name\":\"El Digital de Asturias\",\"description\":\"Diario de informaci\\u00f3n y noticias\",\"inLanguage\":\"es-ES\",\"publisher\":{\"@id\":\"https:\\\/\\\/eldigitaldeasturias.com\\\/radio\\\/#organization\"}}]}\n\t\t<\/script>\n\t\t<!-- All in One SEO Pro -->\r\n\t\t<title>Hansi Flick conf\u00eda en ganar la Copa Alemana | El Digital de Asturias<\/title>\n\n","aioseo_head_json":{"title":"Hansi Flick conf\u00eda en ganar la Copa Alemana | El Digital de Asturias","description":"M\u00fanich, 9 jun (dpa) - El entrenador del Bayern, Hansi Flick, cree firmemente que sus jugadores continuar\u00e1n su racha de victorias en la semifinal de la Copa Alemana contra el Eintracht de Frankfurt, aun despu\u00e9s del descanso debido a la pandemia del coronavirus, seg\u00fan declaraciones dadas hoy. \"Tengo la sensaci\u00f3n de que el equipo sabe","canonical_url":"https:\/\/eldigitaldeasturias.com\/radio\/hansi-flick-confia-en-ganar-la-copa-alemana\/","robots":"max-image-preview:large","keywords":"noticias","webmasterTools":{"google-site-verification":"UA-38556648-1","miscellaneous":""},"schema":{"@context":"https:\/\/schema.org","@graph":[{"@type":"BreadcrumbList","@id":"https:\/\/eldigitaldeasturias.com\/radio\/hansi-flick-confia-en-ganar-la-copa-alemana\/#breadcrumblist","itemListElement":[{"@type":"ListItem","@id":"https:\/\/eldigitaldeasturias.com\/radio#listItem","position":1,"name":"Inicio","item":"https:\/\/eldigitaldeasturias.com\/radio","nextItem":{"@type":"ListItem","@id":"https:\/\/eldigitaldeasturias.com\/radio\/category\/noticias\/#listItem","name":"Noticias"}},{"@type":"ListItem","@id":"https:\/\/eldigitaldeasturias.com\/radio\/category\/noticias\/#listItem","position":2,"name":"Noticias","item":"https:\/\/eldigitaldeasturias.com\/radio\/category\/noticias\/","nextItem":{"@type":"ListItem","@id":"https:\/\/eldigitaldeasturias.com\/radio\/hansi-flick-confia-en-ganar-la-copa-alemana\/#listItem","name":"Hansi Flick conf\u00eda en ganar la Copa Alemana"},"previousItem":{"@type":"ListItem","@id":"https:\/\/eldigitaldeasturias.com\/radio#listItem","name":"Inicio"}},{"@type":"ListItem","@id":"https:\/\/eldigitaldeasturias.com\/radio\/hansi-flick-confia-en-ganar-la-copa-alemana\/#listItem","position":3,"name":"Hansi Flick conf\u00eda en ganar la Copa Alemana","previousItem":{"@type":"ListItem","@id":"https:\/\/eldigitaldeasturias.com\/radio\/category\/noticias\/#listItem","name":"Noticias"}}]},{"@type":"NewsArticle","@id":"https:\/\/eldigitaldeasturias.com\/radio\/hansi-flick-confia-en-ganar-la-copa-alemana\/#newsarticle","name":"Hansi Flick conf\u00eda en ganar la Copa Alemana | El Digital de Asturias","headline":"Hansi Flick conf\u00eda en ganar la Copa Alemana","author":{"@id":"https:\/\/eldigitaldeasturias.com\/radio\/author\/nbasturias\/#author"},"publisher":{"@id":"https:\/\/eldigitaldeasturias.com\/radio\/#organization"},"image":{"@type":"ImageObject","url":"https:\/\/eldigitaldeasturias.com\/radio\/wp-content\/uploads\/2020\/06\/Hansi-Flick.jpg","width":988,"height":657,"caption":"El entrenador del Bayern M\u00fanich, Hansi Flick. Foto: Christof Stache\/AFP\/Pool\/dpa"},"datePublished":"2020-06-10T17:02:42+02:00","dateModified":"2020-06-10T17:02:42+02:00","inLanguage":"es-ES","mainEntityOfPage":{"@id":"https:\/\/eldigitaldeasturias.com\/radio\/hansi-flick-confia-en-ganar-la-copa-alemana\/#webpage"},"isPartOf":{"@id":"https:\/\/eldigitaldeasturias.com\/radio\/hansi-flick-confia-en-ganar-la-copa-alemana\/#webpage"},"articleSection":"Noticias","dateline":"Publicado el junio 10, 2020."},{"@type":"Organization","@id":"https:\/\/eldigitaldeasturias.com\/radio\/#organization","name":"El digital de Asturias Radio","description":"Diario de informaci\u00f3n y noticias","url":"https:\/\/eldigitaldeasturias.com\/radio\/","telephone":"+34652131393","logo":{"@type":"ImageObject","url":"https:\/\/www.eldigitaldeasturias.com\/radio\/wp-content\/uploads\/2021\/03\/EDA.jpg","@id":"https:\/\/eldigitaldeasturias.com\/radio\/hansi-flick-confia-en-ganar-la-copa-alemana\/#organizationLogo"},"image":{"@id":"https:\/\/eldigitaldeasturias.com\/radio\/hansi-flick-confia-en-ganar-la-copa-alemana\/#organizationLogo"},"sameAs":["https:\/\/www.facebook.com\/","https:\/\/x.com\/bercodi","https:\/\/www.instagram.com\/","https:\/\/www.youtube.com\/channel\/UCZP-2wLEB9Rv6erhFmqVnvg"]},{"@type":"Person","@id":"https:\/\/eldigitaldeasturias.com\/radio\/author\/nbasturias\/#author","url":"https:\/\/eldigitaldeasturias.com\/radio\/author\/nbasturias\/","name":"NBAsturias","image":{"@type":"ImageObject","@id":"https:\/\/eldigitaldeasturias.com\/radio\/hansi-flick-confia-en-ganar-la-copa-alemana\/#authorImage","url":"https:\/\/secure.gravatar.com\/avatar\/df2aeffc32bcd13f8d26072ef8a91b623d677766deac7f97ca815868cd41bf5e?s=96&d=mm&r=g","width":96,"height":96,"caption":"NBAsturias"}},{"@type":"WebPage","@id":"https:\/\/eldigitaldeasturias.com\/radio\/hansi-flick-confia-en-ganar-la-copa-alemana\/#webpage","url":"https:\/\/eldigitaldeasturias.com\/radio\/hansi-flick-confia-en-ganar-la-copa-alemana\/","name":"Hansi Flick conf\u00eda en ganar la Copa Alemana | El Digital de Asturias","description":"M\u00fanich, 9 jun (dpa) - El entrenador del Bayern, Hansi Flick, cree firmemente que sus jugadores continuar\u00e1n su racha de victorias en la semifinal de la Copa Alemana contra el Eintracht de Frankfurt, aun despu\u00e9s del descanso debido a la pandemia del coronavirus, seg\u00fan declaraciones dadas hoy. \"Tengo la sensaci\u00f3n de que el equipo sabe","inLanguage":"es-ES","isPartOf":{"@id":"https:\/\/eldigitaldeasturias.com\/radio\/#website"},"breadcrumb":{"@id":"https:\/\/eldigitaldeasturias.com\/radio\/hansi-flick-confia-en-ganar-la-copa-alemana\/#breadcrumblist"},"author":{"@id":"https:\/\/eldigitaldeasturias.com\/radio\/author\/nbasturias\/#author"},"creator":{"@id":"https:\/\/eldigitaldeasturias.com\/radio\/author\/nbasturias\/#author"},"image":{"@type":"ImageObject","url":"https:\/\/eldigitaldeasturias.com\/radio\/wp-content\/uploads\/2020\/06\/Hansi-Flick.jpg","@id":"https:\/\/eldigitaldeasturias.com\/radio\/hansi-flick-confia-en-ganar-la-copa-alemana\/#mainImage","width":988,"height":657,"caption":"El entrenador del Bayern M\u00fanich, Hansi Flick. Foto: Christof Stache\/AFP\/Pool\/dpa"},"primaryImageOfPage":{"@id":"https:\/\/eldigitaldeasturias.com\/radio\/hansi-flick-confia-en-ganar-la-copa-alemana\/#mainImage"},"datePublished":"2020-06-10T17:02:42+02:00","dateModified":"2020-06-10T17:02:42+02:00"},{"@type":"WebSite","@id":"https:\/\/eldigitaldeasturias.com\/radio\/#website","url":"https:\/\/eldigitaldeasturias.com\/radio\/","name":"El Digital de Asturias","description":"Diario de informaci\u00f3n y noticias","inLanguage":"es-ES","publisher":{"@id":"https:\/\/eldigitaldeasturias.com\/radio\/#organization"}}]},"og:locale":"es_ES","og:site_name":"El Digital de Asturias | Diario de informaci\u00f3n y noticias","og:type":"article","og:title":"Hansi Flick conf\u00eda en ganar la Copa Alemana | El Digital de Asturias","og:description":"M\u00fanich, 9 jun (dpa) - El entrenador del Bayern, Hansi Flick, cree firmemente que sus jugadores continuar\u00e1n su racha de victorias en la semifinal de la Copa Alemana contra el Eintracht de Frankfurt, aun despu\u00e9s del descanso debido a la pandemia del coronavirus, seg\u00fan declaraciones dadas hoy. &quot;Tengo la sensaci\u00f3n de que el equipo sabe","og:url":"https:\/\/eldigitaldeasturias.com\/radio\/hansi-flick-confia-en-ganar-la-copa-alemana\/","og:image":"https:\/\/eldigitaldeasturias.com\/radio\/wp-content\/uploads\/2020\/06\/Hansi-Flick.jpg","og:image:secure_url":"https:\/\/eldigitaldeasturias.com\/radio\/wp-content\/uploads\/2020\/06\/Hansi-Flick.jpg","og:image:width":988,"og:image:height":657,"article:published_time":"2020-06-10T17:02:42+00:00","article:modified_time":"2020-06-10T17:02:42+00:00","twitter:card":"summary_large_image","twitter:site":"@bercodi","twitter:title":"Hansi Flick conf\u00eda en ganar la Copa Alemana | El Digital de Asturias","twitter:description":"M\u00fanich, 9 jun (dpa) - El entrenador del Bayern, Hansi Flick, cree firmemente que sus jugadores continuar\u00e1n su racha de victorias en la semifinal de la Copa Alemana contra el Eintracht de Frankfurt, aun despu\u00e9s del descanso debido a la pandemia del coronavirus, seg\u00fan declaraciones dadas hoy. &quot;Tengo la sensaci\u00f3n de que el equipo sabe","twitter:creator":"@bercodi","twitter:image":"https:\/\/eldigitaldeasturias.com\/radio\/wp-content\/uploads\/2020\/06\/Hansi-Flick.jpg"},"aioseo_meta_data":{"post_id":"4386","title":null,"description":null,"keywords":null,"keyphrases":null,"primary_term":null,"canonical_url":null,"og_title":null,"og_description":null,"og_object_type":"default","og_image_type":"default","og_image_url":null,"og_image_width":null,"og_image_height":null,"og_image_custom_url":null,"og_image_custom_fields":null,"og_video":null,"og_custom_url":null,"og_article_section":null,"og_article_tags":null,"twitter_use_og":false,"twitter_card":"default","twitter_image_type":"default","twitter_image_url":null,"twitter_image_custom_url":null,"twitter_image_custom_fields":null,"twitter_title":null,"twitter_description":null,"schema":{"blockGraphs":[],"customGraphs":[],"default":{"data":{"Article":[],"Course":[],"Dataset":[],"FAQPage":[],"Movie":[],"Person":[],"Product":[],"ProductReview":[],"Car":[],"Recipe":[],"Service":[],"SoftwareApplication":[],"WebPage":[]},"graphName":"","isEnabled":true},"graphs":[],"defaultGraph":"","defaultPostTypeGraph":""},"schema_type":null,"schema_type_options":null,"pillar_content":false,"robots_default":true,"robots_noindex":false,"robots_noarchive":false,"robots_nosnippet":false,"robots_nofollow":false,"robots_noimageindex":false,"robots_noodp":false,"robots_notranslate":false,"robots_max_snippet":null,"robots_max_videopreview":null,"robots_max_imagepreview":"large","priority":null,"frequency":null,"location":null,"local_seo":null,"seo_analyzer_scan_date":"2025-08-28 15:57:39","breadcrumb_settings":null,"limit_modified_date":false,"open_ai":null,"ai":null,"created":"2021-03-25 20:59:41","updated":"2025-08-28 15:57:39"},"aioseo_breadcrumb":"<div class=\"aioseo-breadcrumbs\"><span class=\"aioseo-breadcrumb\">\n\t<a href=\"https:\/\/eldigitaldeasturias.com\/radio\" title=\"Inicio\">Inicio<\/a>\n<\/span><span class=\"aioseo-breadcrumb-separator\">&ndash;<\/span><span class=\"aioseo-breadcrumb\">\n\t<a href=\"https:\/\/eldigitaldeasturias.com\/radio\/category\/noticias\/\" title=\"Noticias\">Noticias<\/a>\n<\/span><span class=\"aioseo-breadcrumb-separator\">&ndash;<\/span><span class=\"aioseo-breadcrumb\">\n\tHansi Flick conf\u00eda en ganar la Copa Alemana\n<\/span><\/div>","aioseo_breadcrumb_json":[{"label":"Inicio","link":"https:\/\/eldigitaldeasturias.com\/radio"},{"label":"Noticias","link":"https:\/\/eldigitaldeasturias.com\/radio\/category\/noticias\/"},{"label":"Hansi Flick conf\u00eda en ganar la Copa Alemana","link":"https:\/\/eldigitaldeasturias.com\/radio\/hansi-flick-confia-en-ganar-la-copa-alemana\/"}],"_links":{"self":[{"href":"https:\/\/eldigitaldeasturias.com\/radio\/wp-json\/wp\/v2\/posts\/4386","targetHints":{"allow":["GET"]}}],"collection":[{"href":"https:\/\/eldigitaldeasturias.com\/radio\/wp-json\/wp\/v2\/posts"}],"about":[{"href":"https:\/\/eldigitaldeasturias.com\/radio\/wp-json\/wp\/v2\/types\/post"}],"author":[{"embeddable":true,"href":"https:\/\/eldigitaldeasturias.com\/radio\/wp-json\/wp\/v2\/users\/1"}],"replies":[{"embeddable":true,"href":"https:\/\/eldigitaldeasturias.com\/radio\/wp-json\/wp\/v2\/comments?post=4386"}],"version-history":[{"count":0,"href":"https:\/\/eldigitaldeasturias.com\/radio\/wp-json\/wp\/v2\/posts\/4386\/revisions"}],"wp:featuredmedia":[{"embeddable":true,"href":"https:\/\/eldigitaldeasturias.com\/radio\/wp-json\/wp\/v2\/media\/4387"}],"wp:attachment":[{"href":"https:\/\/eldigitaldeasturias.com\/radio\/wp-json\/wp\/v2\/media?parent=4386"}],"wp:term":[{"taxonomy":"category","embeddable":true,"href":"https:\/\/eldigitaldeasturias.com\/radio\/wp-json\/wp\/v2\/categories?post=4386"},{"taxonomy":"post_tag","embeddable":true,"href":"https:\/\/eldigitaldeasturias.com\/radio\/wp-json\/wp\/v2\/tags?post=4386"}],"curies":[{"name":"wp","href":"https:\/\/api.w.org\/{rel}","templated":true}]}}