{"id":4384,"date":"2020-06-10T16:59:40","date_gmt":"2020-06-10T16:59:40","guid":{"rendered":"http:\/\/www.eldigitaldeasturias.com\/radio\/?p=4384"},"modified":"2020-06-10T16:59:40","modified_gmt":"2020-06-10T16:59:40","slug":"ventas-de-industria-electronica-alemana-caen-un-175-por-ciento","status":"publish","type":"post","link":"https:\/\/eldigitaldeasturias.com\/radio\/ventas-de-industria-electronica-alemana-caen-un-175-por-ciento\/","title":{"rendered":"Ventas de industria electr\u00f3nica alemana caen un 17,5 por ciento"},"content":{"rendered":"<p>Fr\u00e1ncfort, 9 jun (dpa) -Las ventas de la industria electr\u00f3nica alemana en abril acusaron los efectos de la pandemia y registraron 12.500 millones de euros (14.180 millones de d\u00f3lares) lo que supone una ca\u00edda del 17,5 por ciento en relaci\u00f3n al mismo per\u00edodo del a\u00f1o anterior, inform\u00f3 hoy la Asociaci\u00f3n Alemana de Fabricantes El\u00e9ctricos y Electr\u00f3nicos (ZVEI, por sus siglas en alem\u00e1n).<\/p>\n<p>El economista de ZVEI, jefe Andreas Gontermann, constat\u00f3 que se trata de un fuerte descenso general, por otro lado nada sorprendente. \u00abDespu\u00e9s de todo abril fue el mes de cierre por excelencia -debido a la pandemia- no solo en Alemania y Europa\u00bb, acot\u00f3.<\/p>\n<p>En concreto, los pedidos disminuyeron un 20,8 por ciento. La demanda procedente de la zona euro result\u00f3 especialmente afectada y registr\u00f3 un 31,1 por ciento menos.<\/p>\n<p>Tambi\u00e9n en volumen de ventas las operaciones con clientes de la eurozona registraron el descenso m\u00e1s importante (23,7 por ciento menos), seg\u00fan datos de ZVEI.<\/p>\n<p>Durante los cuatro primeros meses del a\u00f1o, las ventas de la industria electr\u00f3nica alemana fueron de 58.200 millones de euros, lo que supuso una reducci\u00f3n del 6,3 por ciento.<\/p>\n<p>Tras la primera relajaci\u00f3n en mayo de las restricciones impuestas para prevenir la propagaci\u00f3n del covid-19, el estado de \u00e1nimo empresarial se recuper\u00f3 levemente y las compa\u00f1\u00edas manejaban expectativas de negocio m\u00e1s optimistas. Sin embargo, actualmente la evaluaci\u00f3n de la situaci\u00f3n empeor\u00f3, indic\u00f3 ZVEI.<\/p>\n","protected":false},"excerpt":{"rendered":"<p>Fr\u00e1ncfort, 9 jun (dpa) -Las ventas de la industria electr\u00f3nica alemana en abril acusaron los efectos de la pandemia y registraron 12.500 millones de euros (14.180 millones de d\u00f3lares) lo que supone una ca\u00edda del 17,5 por ciento en relaci\u00f3n al mismo per\u00edodo del a\u00f1o anterior, inform\u00f3 hoy la Asociaci\u00f3n Alemana de Fabricantes El\u00e9ctricos y<\/p>\n","protected":false},"author":1,"featured_media":1352,"comment_status":"closed","ping_status":"closed","sticky":false,"template":"","format":"standard","meta":{"footnotes":""},"categories":[35],"tags":[],"class_list":{"0":"post-4384","1":"post","2":"type-post","3":"status-publish","4":"format-standard","5":"has-post-thumbnail","7":"category-negocios"},"aioseo_notices":[],"aioseo_head":"\n\t\t<!-- All in One SEO Pro 4.9.6.2 - aioseo.com -->\n\t<meta name=\"description\" content=\"Fr\u00e1ncfort, 9 jun (dpa) -Las ventas de la industria electr\u00f3nica alemana en abril acusaron los efectos de la pandemia y registraron 12.500 millones de euros (14.180 millones de d\u00f3lares) lo que supone una ca\u00edda del 17,5 por ciento en relaci\u00f3n al mismo per\u00edodo del a\u00f1o anterior, inform\u00f3 hoy la Asociaci\u00f3n Alemana de Fabricantes El\u00e9ctricos y\" \/>\n\t<meta name=\"robots\" content=\"max-image-preview:large\" \/>\n\t<meta name=\"author\" content=\"NBAsturias\"\/>\n\t<meta name=\"google-site-verification\" content=\"UA-38556648-1\" \/>\n\t<meta name=\"keywords\" content=\"negocios\" \/>\n\t<link rel=\"canonical\" href=\"https:\/\/eldigitaldeasturias.com\/radio\/ventas-de-industria-electronica-alemana-caen-un-175-por-ciento\/\" \/>\n\t<meta name=\"generator\" content=\"All in One SEO Pro (AIOSEO) 4.9.6.2\" \/>\n\t\t<meta property=\"og:locale\" content=\"es_ES\" \/>\n\t\t<meta property=\"og:site_name\" content=\"El Digital de Asturias | Diario de informaci\u00f3n y noticias\" \/>\n\t\t<meta property=\"og:type\" content=\"article\" \/>\n\t\t<meta property=\"og:title\" content=\"Ventas de industria electr\u00f3nica alemana caen un 17,5 por ciento | El Digital de Asturias\" \/>\n\t\t<meta property=\"og:description\" content=\"Fr\u00e1ncfort, 9 jun (dpa) -Las ventas de la industria electr\u00f3nica alemana en abril acusaron los efectos de la pandemia y registraron 12.500 millones de euros (14.180 millones de d\u00f3lares) lo que supone una ca\u00edda del 17,5 por ciento en relaci\u00f3n al mismo per\u00edodo del a\u00f1o anterior, inform\u00f3 hoy la Asociaci\u00f3n Alemana de Fabricantes El\u00e9ctricos y\" \/>\n\t\t<meta property=\"og:url\" content=\"https:\/\/eldigitaldeasturias.com\/radio\/ventas-de-industria-electronica-alemana-caen-un-175-por-ciento\/\" \/>\n\t\t<meta property=\"og:image\" content=\"https:\/\/eldigitaldeasturias.com\/radio\/wp-content\/uploads\/2018\/10\/technology-785742_960_720.jpg\" \/>\n\t\t<meta property=\"og:image:secure_url\" content=\"https:\/\/eldigitaldeasturias.com\/radio\/wp-content\/uploads\/2018\/10\/technology-785742_960_720.jpg\" \/>\n\t\t<meta property=\"og:image:width\" content=\"960\" \/>\n\t\t<meta property=\"og:image:height\" content=\"640\" \/>\n\t\t<meta property=\"article:published_time\" content=\"2020-06-10T16:59:40+00:00\" \/>\n\t\t<meta property=\"article:modified_time\" content=\"2020-06-10T16:59:40+00:00\" \/>\n\t\t<meta name=\"twitter:card\" content=\"summary_large_image\" \/>\n\t\t<meta name=\"twitter:site\" content=\"@bercodi\" \/>\n\t\t<meta name=\"twitter:title\" content=\"Ventas de industria electr\u00f3nica alemana caen un 17,5 por ciento | El Digital de Asturias\" \/>\n\t\t<meta name=\"twitter:description\" content=\"Fr\u00e1ncfort, 9 jun (dpa) -Las ventas de la industria electr\u00f3nica alemana en abril acusaron los efectos de la pandemia y registraron 12.500 millones de euros (14.180 millones de d\u00f3lares) lo que supone una ca\u00edda del 17,5 por ciento en relaci\u00f3n al mismo per\u00edodo del a\u00f1o anterior, inform\u00f3 hoy la Asociaci\u00f3n Alemana de Fabricantes El\u00e9ctricos y\" \/>\n\t\t<meta name=\"twitter:creator\" content=\"@bercodi\" \/>\n\t\t<meta name=\"twitter:image\" content=\"https:\/\/eldigitaldeasturias.com\/radio\/wp-content\/uploads\/2018\/10\/technology-785742_960_720.jpg\" \/>\n\t\t<script type=\"application\/ld+json\" class=\"aioseo-schema\">\n\t\t\t{\"@context\":\"https:\\\/\\\/schema.org\",\"@graph\":[{\"@type\":\"BreadcrumbList\",\"@id\":\"https:\\\/\\\/eldigitaldeasturias.com\\\/radio\\\/ventas-de-industria-electronica-alemana-caen-un-175-por-ciento\\\/#breadcrumblist\",\"itemListElement\":[{\"@type\":\"ListItem\",\"@id\":\"https:\\\/\\\/eldigitaldeasturias.com\\\/radio#listItem\",\"position\":1,\"name\":\"Inicio\",\"item\":\"https:\\\/\\\/eldigitaldeasturias.com\\\/radio\",\"nextItem\":{\"@type\":\"ListItem\",\"@id\":\"https:\\\/\\\/eldigitaldeasturias.com\\\/radio\\\/category\\\/negocios\\\/#listItem\",\"name\":\"Negocios\"}},{\"@type\":\"ListItem\",\"@id\":\"https:\\\/\\\/eldigitaldeasturias.com\\\/radio\\\/category\\\/negocios\\\/#listItem\",\"position\":2,\"name\":\"Negocios\",\"item\":\"https:\\\/\\\/eldigitaldeasturias.com\\\/radio\\\/category\\\/negocios\\\/\",\"nextItem\":{\"@type\":\"ListItem\",\"@id\":\"https:\\\/\\\/eldigitaldeasturias.com\\\/radio\\\/ventas-de-industria-electronica-alemana-caen-un-175-por-ciento\\\/#listItem\",\"name\":\"Ventas de industria electr\\u00f3nica alemana caen un 17,5 por ciento\"},\"previousItem\":{\"@type\":\"ListItem\",\"@id\":\"https:\\\/\\\/eldigitaldeasturias.com\\\/radio#listItem\",\"name\":\"Inicio\"}},{\"@type\":\"ListItem\",\"@id\":\"https:\\\/\\\/eldigitaldeasturias.com\\\/radio\\\/ventas-de-industria-electronica-alemana-caen-un-175-por-ciento\\\/#listItem\",\"position\":3,\"name\":\"Ventas de industria electr\\u00f3nica alemana caen un 17,5 por ciento\",\"previousItem\":{\"@type\":\"ListItem\",\"@id\":\"https:\\\/\\\/eldigitaldeasturias.com\\\/radio\\\/category\\\/negocios\\\/#listItem\",\"name\":\"Negocios\"}}]},{\"@type\":\"NewsArticle\",\"@id\":\"https:\\\/\\\/eldigitaldeasturias.com\\\/radio\\\/ventas-de-industria-electronica-alemana-caen-un-175-por-ciento\\\/#newsarticle\",\"name\":\"Ventas de industria electr\\u00f3nica alemana caen un 17,5 por ciento | El Digital de Asturias\",\"headline\":\"Ventas de industria electr\\u00f3nica alemana caen un 17,5 por ciento\",\"author\":{\"@id\":\"https:\\\/\\\/eldigitaldeasturias.com\\\/radio\\\/author\\\/nbasturias\\\/#author\"},\"publisher\":{\"@id\":\"https:\\\/\\\/eldigitaldeasturias.com\\\/radio\\\/#organization\"},\"image\":{\"@type\":\"ImageObject\",\"url\":\"https:\\\/\\\/eldigitaldeasturias.com\\\/radio\\\/wp-content\\\/uploads\\\/2018\\\/10\\\/technology-785742_960_720.jpg\",\"width\":960,\"height\":640},\"datePublished\":\"2020-06-10T16:59:40+02:00\",\"dateModified\":\"2020-06-10T16:59:40+02:00\",\"inLanguage\":\"es-ES\",\"mainEntityOfPage\":{\"@id\":\"https:\\\/\\\/eldigitaldeasturias.com\\\/radio\\\/ventas-de-industria-electronica-alemana-caen-un-175-por-ciento\\\/#webpage\"},\"isPartOf\":{\"@id\":\"https:\\\/\\\/eldigitaldeasturias.com\\\/radio\\\/ventas-de-industria-electronica-alemana-caen-un-175-por-ciento\\\/#webpage\"},\"articleSection\":\"Negocios\",\"dateline\":\"Publicado el junio 10, 2020.\"},{\"@type\":\"Organization\",\"@id\":\"https:\\\/\\\/eldigitaldeasturias.com\\\/radio\\\/#organization\",\"name\":\"El digital de Asturias Radio\",\"description\":\"Diario de informaci\\u00f3n y noticias\",\"url\":\"https:\\\/\\\/eldigitaldeasturias.com\\\/radio\\\/\",\"telephone\":\"+34652131393\",\"logo\":{\"@type\":\"ImageObject\",\"url\":\"https:\\\/\\\/www.eldigitaldeasturias.com\\\/radio\\\/wp-content\\\/uploads\\\/2021\\\/03\\\/EDA.jpg\",\"@id\":\"https:\\\/\\\/eldigitaldeasturias.com\\\/radio\\\/ventas-de-industria-electronica-alemana-caen-un-175-por-ciento\\\/#organizationLogo\"},\"image\":{\"@id\":\"https:\\\/\\\/eldigitaldeasturias.com\\\/radio\\\/ventas-de-industria-electronica-alemana-caen-un-175-por-ciento\\\/#organizationLogo\"},\"sameAs\":[\"https:\\\/\\\/www.facebook.com\\\/\",\"https:\\\/\\\/x.com\\\/bercodi\",\"https:\\\/\\\/www.instagram.com\\\/\",\"https:\\\/\\\/www.youtube.com\\\/channel\\\/UCZP-2wLEB9Rv6erhFmqVnvg\"]},{\"@type\":\"Person\",\"@id\":\"https:\\\/\\\/eldigitaldeasturias.com\\\/radio\\\/author\\\/nbasturias\\\/#author\",\"url\":\"https:\\\/\\\/eldigitaldeasturias.com\\\/radio\\\/author\\\/nbasturias\\\/\",\"name\":\"NBAsturias\",\"image\":{\"@type\":\"ImageObject\",\"@id\":\"https:\\\/\\\/eldigitaldeasturias.com\\\/radio\\\/ventas-de-industria-electronica-alemana-caen-un-175-por-ciento\\\/#authorImage\",\"url\":\"https:\\\/\\\/secure.gravatar.com\\\/avatar\\\/df2aeffc32bcd13f8d26072ef8a91b623d677766deac7f97ca815868cd41bf5e?s=96&d=mm&r=g\",\"width\":96,\"height\":96,\"caption\":\"NBAsturias\"}},{\"@type\":\"WebPage\",\"@id\":\"https:\\\/\\\/eldigitaldeasturias.com\\\/radio\\\/ventas-de-industria-electronica-alemana-caen-un-175-por-ciento\\\/#webpage\",\"url\":\"https:\\\/\\\/eldigitaldeasturias.com\\\/radio\\\/ventas-de-industria-electronica-alemana-caen-un-175-por-ciento\\\/\",\"name\":\"Ventas de industria electr\\u00f3nica alemana caen un 17,5 por ciento | El Digital de Asturias\",\"description\":\"Fr\\u00e1ncfort, 9 jun (dpa) -Las ventas de la industria electr\\u00f3nica alemana en abril acusaron los efectos de la pandemia y registraron 12.500 millones de euros (14.180 millones de d\\u00f3lares) lo que supone una ca\\u00edda del 17,5 por ciento en relaci\\u00f3n al mismo per\\u00edodo del a\\u00f1o anterior, inform\\u00f3 hoy la Asociaci\\u00f3n Alemana de Fabricantes El\\u00e9ctricos y\",\"inLanguage\":\"es-ES\",\"isPartOf\":{\"@id\":\"https:\\\/\\\/eldigitaldeasturias.com\\\/radio\\\/#website\"},\"breadcrumb\":{\"@id\":\"https:\\\/\\\/eldigitaldeasturias.com\\\/radio\\\/ventas-de-industria-electronica-alemana-caen-un-175-por-ciento\\\/#breadcrumblist\"},\"author\":{\"@id\":\"https:\\\/\\\/eldigitaldeasturias.com\\\/radio\\\/author\\\/nbasturias\\\/#author\"},\"creator\":{\"@id\":\"https:\\\/\\\/eldigitaldeasturias.com\\\/radio\\\/author\\\/nbasturias\\\/#author\"},\"image\":{\"@type\":\"ImageObject\",\"url\":\"https:\\\/\\\/eldigitaldeasturias.com\\\/radio\\\/wp-content\\\/uploads\\\/2018\\\/10\\\/technology-785742_960_720.jpg\",\"@id\":\"https:\\\/\\\/eldigitaldeasturias.com\\\/radio\\\/ventas-de-industria-electronica-alemana-caen-un-175-por-ciento\\\/#mainImage\",\"width\":960,\"height\":640},\"primaryImageOfPage\":{\"@id\":\"https:\\\/\\\/eldigitaldeasturias.com\\\/radio\\\/ventas-de-industria-electronica-alemana-caen-un-175-por-ciento\\\/#mainImage\"},\"datePublished\":\"2020-06-10T16:59:40+02:00\",\"dateModified\":\"2020-06-10T16:59:40+02:00\"},{\"@type\":\"WebSite\",\"@id\":\"https:\\\/\\\/eldigitaldeasturias.com\\\/radio\\\/#website\",\"url\":\"https:\\\/\\\/eldigitaldeasturias.com\\\/radio\\\/\",\"name\":\"El Digital de Asturias\",\"description\":\"Diario de informaci\\u00f3n y noticias\",\"inLanguage\":\"es-ES\",\"publisher\":{\"@id\":\"https:\\\/\\\/eldigitaldeasturias.com\\\/radio\\\/#organization\"}}]}\n\t\t<\/script>\n\t\t<!-- All in One SEO Pro -->\r\n\t\t<title>Ventas de industria electr\u00f3nica alemana caen un 17,5 por ciento | El Digital de Asturias<\/title>\n\n","aioseo_head_json":{"title":"Ventas de industria electr\u00f3nica alemana caen un 17,5 por ciento | El Digital de Asturias","description":"Fr\u00e1ncfort, 9 jun (dpa) -Las ventas de la industria electr\u00f3nica alemana en abril acusaron los efectos de la pandemia y registraron 12.500 millones de euros (14.180 millones de d\u00f3lares) lo que supone una ca\u00edda del 17,5 por ciento en relaci\u00f3n al mismo per\u00edodo del a\u00f1o anterior, inform\u00f3 hoy la Asociaci\u00f3n Alemana de Fabricantes El\u00e9ctricos y","canonical_url":"https:\/\/eldigitaldeasturias.com\/radio\/ventas-de-industria-electronica-alemana-caen-un-175-por-ciento\/","robots":"max-image-preview:large","keywords":"negocios","webmasterTools":{"google-site-verification":"UA-38556648-1","miscellaneous":""},"schema":{"@context":"https:\/\/schema.org","@graph":[{"@type":"BreadcrumbList","@id":"https:\/\/eldigitaldeasturias.com\/radio\/ventas-de-industria-electronica-alemana-caen-un-175-por-ciento\/#breadcrumblist","itemListElement":[{"@type":"ListItem","@id":"https:\/\/eldigitaldeasturias.com\/radio#listItem","position":1,"name":"Inicio","item":"https:\/\/eldigitaldeasturias.com\/radio","nextItem":{"@type":"ListItem","@id":"https:\/\/eldigitaldeasturias.com\/radio\/category\/negocios\/#listItem","name":"Negocios"}},{"@type":"ListItem","@id":"https:\/\/eldigitaldeasturias.com\/radio\/category\/negocios\/#listItem","position":2,"name":"Negocios","item":"https:\/\/eldigitaldeasturias.com\/radio\/category\/negocios\/","nextItem":{"@type":"ListItem","@id":"https:\/\/eldigitaldeasturias.com\/radio\/ventas-de-industria-electronica-alemana-caen-un-175-por-ciento\/#listItem","name":"Ventas de industria electr\u00f3nica alemana caen un 17,5 por ciento"},"previousItem":{"@type":"ListItem","@id":"https:\/\/eldigitaldeasturias.com\/radio#listItem","name":"Inicio"}},{"@type":"ListItem","@id":"https:\/\/eldigitaldeasturias.com\/radio\/ventas-de-industria-electronica-alemana-caen-un-175-por-ciento\/#listItem","position":3,"name":"Ventas de industria electr\u00f3nica alemana caen un 17,5 por ciento","previousItem":{"@type":"ListItem","@id":"https:\/\/eldigitaldeasturias.com\/radio\/category\/negocios\/#listItem","name":"Negocios"}}]},{"@type":"NewsArticle","@id":"https:\/\/eldigitaldeasturias.com\/radio\/ventas-de-industria-electronica-alemana-caen-un-175-por-ciento\/#newsarticle","name":"Ventas de industria electr\u00f3nica alemana caen un 17,5 por ciento | El Digital de Asturias","headline":"Ventas de industria electr\u00f3nica alemana caen un 17,5 por ciento","author":{"@id":"https:\/\/eldigitaldeasturias.com\/radio\/author\/nbasturias\/#author"},"publisher":{"@id":"https:\/\/eldigitaldeasturias.com\/radio\/#organization"},"image":{"@type":"ImageObject","url":"https:\/\/eldigitaldeasturias.com\/radio\/wp-content\/uploads\/2018\/10\/technology-785742_960_720.jpg","width":960,"height":640},"datePublished":"2020-06-10T16:59:40+02:00","dateModified":"2020-06-10T16:59:40+02:00","inLanguage":"es-ES","mainEntityOfPage":{"@id":"https:\/\/eldigitaldeasturias.com\/radio\/ventas-de-industria-electronica-alemana-caen-un-175-por-ciento\/#webpage"},"isPartOf":{"@id":"https:\/\/eldigitaldeasturias.com\/radio\/ventas-de-industria-electronica-alemana-caen-un-175-por-ciento\/#webpage"},"articleSection":"Negocios","dateline":"Publicado el junio 10, 2020."},{"@type":"Organization","@id":"https:\/\/eldigitaldeasturias.com\/radio\/#organization","name":"El digital de Asturias Radio","description":"Diario de informaci\u00f3n y noticias","url":"https:\/\/eldigitaldeasturias.com\/radio\/","telephone":"+34652131393","logo":{"@type":"ImageObject","url":"https:\/\/www.eldigitaldeasturias.com\/radio\/wp-content\/uploads\/2021\/03\/EDA.jpg","@id":"https:\/\/eldigitaldeasturias.com\/radio\/ventas-de-industria-electronica-alemana-caen-un-175-por-ciento\/#organizationLogo"},"image":{"@id":"https:\/\/eldigitaldeasturias.com\/radio\/ventas-de-industria-electronica-alemana-caen-un-175-por-ciento\/#organizationLogo"},"sameAs":["https:\/\/www.facebook.com\/","https:\/\/x.com\/bercodi","https:\/\/www.instagram.com\/","https:\/\/www.youtube.com\/channel\/UCZP-2wLEB9Rv6erhFmqVnvg"]},{"@type":"Person","@id":"https:\/\/eldigitaldeasturias.com\/radio\/author\/nbasturias\/#author","url":"https:\/\/eldigitaldeasturias.com\/radio\/author\/nbasturias\/","name":"NBAsturias","image":{"@type":"ImageObject","@id":"https:\/\/eldigitaldeasturias.com\/radio\/ventas-de-industria-electronica-alemana-caen-un-175-por-ciento\/#authorImage","url":"https:\/\/secure.gravatar.com\/avatar\/df2aeffc32bcd13f8d26072ef8a91b623d677766deac7f97ca815868cd41bf5e?s=96&d=mm&r=g","width":96,"height":96,"caption":"NBAsturias"}},{"@type":"WebPage","@id":"https:\/\/eldigitaldeasturias.com\/radio\/ventas-de-industria-electronica-alemana-caen-un-175-por-ciento\/#webpage","url":"https:\/\/eldigitaldeasturias.com\/radio\/ventas-de-industria-electronica-alemana-caen-un-175-por-ciento\/","name":"Ventas de industria electr\u00f3nica alemana caen un 17,5 por ciento | El Digital de Asturias","description":"Fr\u00e1ncfort, 9 jun (dpa) -Las ventas de la industria electr\u00f3nica alemana en abril acusaron los efectos de la pandemia y registraron 12.500 millones de euros (14.180 millones de d\u00f3lares) lo que supone una ca\u00edda del 17,5 por ciento en relaci\u00f3n al mismo per\u00edodo del a\u00f1o anterior, inform\u00f3 hoy la Asociaci\u00f3n Alemana de Fabricantes El\u00e9ctricos y","inLanguage":"es-ES","isPartOf":{"@id":"https:\/\/eldigitaldeasturias.com\/radio\/#website"},"breadcrumb":{"@id":"https:\/\/eldigitaldeasturias.com\/radio\/ventas-de-industria-electronica-alemana-caen-un-175-por-ciento\/#breadcrumblist"},"author":{"@id":"https:\/\/eldigitaldeasturias.com\/radio\/author\/nbasturias\/#author"},"creator":{"@id":"https:\/\/eldigitaldeasturias.com\/radio\/author\/nbasturias\/#author"},"image":{"@type":"ImageObject","url":"https:\/\/eldigitaldeasturias.com\/radio\/wp-content\/uploads\/2018\/10\/technology-785742_960_720.jpg","@id":"https:\/\/eldigitaldeasturias.com\/radio\/ventas-de-industria-electronica-alemana-caen-un-175-por-ciento\/#mainImage","width":960,"height":640},"primaryImageOfPage":{"@id":"https:\/\/eldigitaldeasturias.com\/radio\/ventas-de-industria-electronica-alemana-caen-un-175-por-ciento\/#mainImage"},"datePublished":"2020-06-10T16:59:40+02:00","dateModified":"2020-06-10T16:59:40+02:00"},{"@type":"WebSite","@id":"https:\/\/eldigitaldeasturias.com\/radio\/#website","url":"https:\/\/eldigitaldeasturias.com\/radio\/","name":"El Digital de Asturias","description":"Diario de informaci\u00f3n y noticias","inLanguage":"es-ES","publisher":{"@id":"https:\/\/eldigitaldeasturias.com\/radio\/#organization"}}]},"og:locale":"es_ES","og:site_name":"El Digital de Asturias | Diario de informaci\u00f3n y noticias","og:type":"article","og:title":"Ventas de industria electr\u00f3nica alemana caen un 17,5 por ciento | El Digital de Asturias","og:description":"Fr\u00e1ncfort, 9 jun (dpa) -Las ventas de la industria electr\u00f3nica alemana en abril acusaron los efectos de la pandemia y registraron 12.500 millones de euros (14.180 millones de d\u00f3lares) lo que supone una ca\u00edda del 17,5 por ciento en relaci\u00f3n al mismo per\u00edodo del a\u00f1o anterior, inform\u00f3 hoy la Asociaci\u00f3n Alemana de Fabricantes El\u00e9ctricos y","og:url":"https:\/\/eldigitaldeasturias.com\/radio\/ventas-de-industria-electronica-alemana-caen-un-175-por-ciento\/","og:image":"https:\/\/eldigitaldeasturias.com\/radio\/wp-content\/uploads\/2018\/10\/technology-785742_960_720.jpg","og:image:secure_url":"https:\/\/eldigitaldeasturias.com\/radio\/wp-content\/uploads\/2018\/10\/technology-785742_960_720.jpg","og:image:width":960,"og:image:height":640,"article:published_time":"2020-06-10T16:59:40+00:00","article:modified_time":"2020-06-10T16:59:40+00:00","twitter:card":"summary_large_image","twitter:site":"@bercodi","twitter:title":"Ventas de industria electr\u00f3nica alemana caen un 17,5 por ciento | El Digital de Asturias","twitter:description":"Fr\u00e1ncfort, 9 jun (dpa) -Las ventas de la industria electr\u00f3nica alemana en abril acusaron los efectos de la pandemia y registraron 12.500 millones de euros (14.180 millones de d\u00f3lares) lo que supone una ca\u00edda del 17,5 por ciento en relaci\u00f3n al mismo per\u00edodo del a\u00f1o anterior, inform\u00f3 hoy la Asociaci\u00f3n Alemana de Fabricantes El\u00e9ctricos y","twitter:creator":"@bercodi","twitter:image":"https:\/\/eldigitaldeasturias.com\/radio\/wp-content\/uploads\/2018\/10\/technology-785742_960_720.jpg"},"aioseo_meta_data":{"post_id":"4384","title":null,"description":null,"keywords":null,"keyphrases":null,"primary_term":null,"canonical_url":null,"og_title":null,"og_description":null,"og_object_type":"default","og_image_type":"default","og_image_url":null,"og_image_width":null,"og_image_height":null,"og_image_custom_url":null,"og_image_custom_fields":null,"og_video":null,"og_custom_url":null,"og_article_section":null,"og_article_tags":null,"twitter_use_og":false,"twitter_card":"default","twitter_image_type":"default","twitter_image_url":null,"twitter_image_custom_url":null,"twitter_image_custom_fields":null,"twitter_title":null,"twitter_description":null,"schema":{"blockGraphs":[],"customGraphs":[],"default":{"data":{"Article":[],"Course":[],"Dataset":[],"FAQPage":[],"Movie":[],"Person":[],"Product":[],"ProductReview":[],"Car":[],"Recipe":[],"Service":[],"SoftwareApplication":[],"WebPage":[]},"graphName":"","isEnabled":true},"graphs":[],"defaultGraph":"","defaultPostTypeGraph":""},"schema_type":null,"schema_type_options":null,"pillar_content":false,"robots_default":true,"robots_noindex":false,"robots_noarchive":false,"robots_nosnippet":false,"robots_nofollow":false,"robots_noimageindex":false,"robots_noodp":false,"robots_notranslate":false,"robots_max_snippet":null,"robots_max_videopreview":null,"robots_max_imagepreview":"large","priority":null,"frequency":null,"location":null,"local_seo":null,"seo_analyzer_scan_date":"2025-08-28 15:56:30","breadcrumb_settings":null,"limit_modified_date":false,"open_ai":null,"ai":null,"created":"2021-03-25 11:56:06","updated":"2025-08-28 15:56:30"},"aioseo_breadcrumb":"<div class=\"aioseo-breadcrumbs\"><span class=\"aioseo-breadcrumb\">\n\t<a href=\"https:\/\/eldigitaldeasturias.com\/radio\" title=\"Inicio\">Inicio<\/a>\n<\/span><span class=\"aioseo-breadcrumb-separator\">&ndash;<\/span><span class=\"aioseo-breadcrumb\">\n\t<a href=\"https:\/\/eldigitaldeasturias.com\/radio\/category\/negocios\/\" title=\"Negocios\">Negocios<\/a>\n<\/span><span class=\"aioseo-breadcrumb-separator\">&ndash;<\/span><span class=\"aioseo-breadcrumb\">\n\tVentas de industria electr\u00f3nica alemana caen un 17,5 por ciento\n<\/span><\/div>","aioseo_breadcrumb_json":[{"label":"Inicio","link":"https:\/\/eldigitaldeasturias.com\/radio"},{"label":"Negocios","link":"https:\/\/eldigitaldeasturias.com\/radio\/category\/negocios\/"},{"label":"Ventas de industria electr\u00f3nica alemana caen un 17,5 por ciento","link":"https:\/\/eldigitaldeasturias.com\/radio\/ventas-de-industria-electronica-alemana-caen-un-175-por-ciento\/"}],"_links":{"self":[{"href":"https:\/\/eldigitaldeasturias.com\/radio\/wp-json\/wp\/v2\/posts\/4384","targetHints":{"allow":["GET"]}}],"collection":[{"href":"https:\/\/eldigitaldeasturias.com\/radio\/wp-json\/wp\/v2\/posts"}],"about":[{"href":"https:\/\/eldigitaldeasturias.com\/radio\/wp-json\/wp\/v2\/types\/post"}],"author":[{"embeddable":true,"href":"https:\/\/eldigitaldeasturias.com\/radio\/wp-json\/wp\/v2\/users\/1"}],"replies":[{"embeddable":true,"href":"https:\/\/eldigitaldeasturias.com\/radio\/wp-json\/wp\/v2\/comments?post=4384"}],"version-history":[{"count":0,"href":"https:\/\/eldigitaldeasturias.com\/radio\/wp-json\/wp\/v2\/posts\/4384\/revisions"}],"wp:featuredmedia":[{"embeddable":true,"href":"https:\/\/eldigitaldeasturias.com\/radio\/wp-json\/wp\/v2\/media\/1352"}],"wp:attachment":[{"href":"https:\/\/eldigitaldeasturias.com\/radio\/wp-json\/wp\/v2\/media?parent=4384"}],"wp:term":[{"taxonomy":"category","embeddable":true,"href":"https:\/\/eldigitaldeasturias.com\/radio\/wp-json\/wp\/v2\/categories?post=4384"},{"taxonomy":"post_tag","embeddable":true,"href":"https:\/\/eldigitaldeasturias.com\/radio\/wp-json\/wp\/v2\/tags?post=4384"}],"curies":[{"name":"wp","href":"https:\/\/api.w.org\/{rel}","templated":true}]}}