{"id":4376,"date":"2020-06-10T16:54:58","date_gmt":"2020-06-10T16:54:58","guid":{"rendered":"http:\/\/www.eldigitaldeasturias.com\/radio\/?p=4376"},"modified":"2020-06-10T16:54:58","modified_gmt":"2020-06-10T16:54:58","slug":"el-palacio-de-sanssouci-reabre-sus-puertas","status":"publish","type":"post","link":"https:\/\/eldigitaldeasturias.com\/radio\/el-palacio-de-sanssouci-reabre-sus-puertas\/","title":{"rendered":"El Palacio de Sanssouci reabre sus puertas"},"content":{"rendered":"<p>Potsdam\/Berl\u00edn, 9 jun (dpa) &#8211; El Palacio de Sanssouci, icono de los palacios prusianos de Brandeburgo reabri\u00f3 hoy sus puertas -tras el cierre motivado por la pandemia del coronavirus- con la m\u00e1xima afluencia de visitantes permitidos: 258, inform\u00f3 el portavoz de la Fundaci\u00f3n del Patrimonio Cultural Prusiano, Frank Kallensee.<\/p>\n<figure id=\"attachment_4377\" aria-describedby=\"caption-attachment-4377\" style=\"width: 650px\" class=\"wp-caption aligncenter\"><img fetchpriority=\"high\" decoding=\"async\" class=\"wp-image-4377\" src=\"http:\/\/www.eldigitaldeasturias.com\/radio\/wp-content\/uploads\/2020\/06\/Palacio-de-Sanssouci-360x233.jpg\" alt=\"\" width=\"650\" height=\"421\" srcset=\"https:\/\/eldigitaldeasturias.com\/radio\/wp-content\/uploads\/2020\/06\/Palacio-de-Sanssouci-360x233.jpg 360w, https:\/\/eldigitaldeasturias.com\/radio\/wp-content\/uploads\/2020\/06\/Palacio-de-Sanssouci-768x497.jpg 768w, https:\/\/eldigitaldeasturias.com\/radio\/wp-content\/uploads\/2020\/06\/Palacio-de-Sanssouci.jpg 1013w\" sizes=\"(max-width: 650px) 100vw, 650px\" \/><figcaption id=\"caption-attachment-4377\" class=\"wp-caption-text\">Visitantes pasean por los jardines del Palacio de Sanssouci, abierto al p\u00fablico desde hoy. Foto: Britta Pedersen\/dpa<\/figcaption><\/figure>\n<p>Hoy tambi\u00e9n reabrieron de nuevo al p\u00fablico los brandeburgueses palacios de Paretz y K\u00f6nigs Wusterhausen, as\u00ed como el berlin\u00e9s antiguo Palacio de Charlottenburg y el Pabell\u00f3n Nuevo ubicado en sus jardines reales.<\/p>\n<p>Seg\u00fan la Fundaci\u00f3n del Patrimonio Cultural Prusiano, ma\u00f1ana mi\u00e9rcoles ser\u00e1 el Nuevo Palacio de Potsdam el que abra de nuevo sus puertas tras el par\u00f3n impuesto por la pandemia.<\/p>\n<p>Debido a las medidas de prevenci\u00f3n de propagaci\u00f3n del covid-19 la totalidad de castillos prusianos en Brandeburgo y Berl\u00edn fueron cerrados a mediados de marzo. A principios de mayo, edificios y jardines comenzaron a reabrirse al p\u00fablico de forma gradual.<\/p>\n<p>Los visitantes deben utilizar mascarilla adem\u00e1s de cumplir las normas de higiene y mantenimiento de distancia vigentes.<\/p>\n<p>El portavoz de la Fundaci\u00f3n del Patrimonio Cultural Prusiano Frank Kallensee indic\u00f3 que en el caso del Palacio de Sanssouci la totalidad de visitantes cumplieron hoy de forma disciplinada las normas.<\/p>\n","protected":false},"excerpt":{"rendered":"<p>Potsdam\/Berl\u00edn, 9 jun (dpa) &#8211; El Palacio de Sanssouci, icono de los palacios prusianos de Brandeburgo reabri\u00f3 hoy sus puertas -tras el cierre motivado por la pandemia del coronavirus- con la m\u00e1xima afluencia de visitantes permitidos: 258, inform\u00f3 el portavoz de la Fundaci\u00f3n del Patrimonio Cultural Prusiano, Frank Kallensee. Hoy tambi\u00e9n reabrieron de nuevo al<\/p>\n","protected":false},"author":1,"featured_media":4377,"comment_status":"closed","ping_status":"closed","sticky":false,"template":"","format":"standard","meta":{"footnotes":""},"categories":[34],"tags":[],"class_list":{"0":"post-4376","1":"post","2":"type-post","3":"status-publish","4":"format-standard","5":"has-post-thumbnail","7":"category-turismo"},"aioseo_notices":[],"aioseo_head":"\n\t\t<!-- All in One SEO Pro 4.9.6.2 - aioseo.com -->\n\t<meta name=\"description\" content=\"Potsdam\/Berl\u00edn, 9 jun (dpa) - El Palacio de Sanssouci, icono de los palacios prusianos de Brandeburgo reabri\u00f3 hoy sus puertas -tras el cierre motivado por la pandemia del coronavirus- con la m\u00e1xima afluencia de visitantes permitidos: 258, inform\u00f3 el portavoz de la Fundaci\u00f3n del Patrimonio Cultural Prusiano, Frank Kallensee. Hoy tambi\u00e9n reabrieron de nuevo al\" \/>\n\t<meta name=\"robots\" content=\"max-image-preview:large\" \/>\n\t<meta name=\"author\" content=\"NBAsturias\"\/>\n\t<meta name=\"google-site-verification\" content=\"UA-38556648-1\" \/>\n\t<meta name=\"keywords\" content=\"turismo\" \/>\n\t<link rel=\"canonical\" href=\"https:\/\/eldigitaldeasturias.com\/radio\/el-palacio-de-sanssouci-reabre-sus-puertas\/\" \/>\n\t<meta name=\"generator\" content=\"All in One SEO Pro (AIOSEO) 4.9.6.2\" \/>\n\t\t<meta property=\"og:locale\" content=\"es_ES\" \/>\n\t\t<meta property=\"og:site_name\" content=\"El Digital de Asturias | Diario de informaci\u00f3n y noticias\" \/>\n\t\t<meta property=\"og:type\" content=\"article\" \/>\n\t\t<meta property=\"og:title\" content=\"El Palacio de Sanssouci reabre sus puertas | El Digital de Asturias\" \/>\n\t\t<meta property=\"og:description\" content=\"Potsdam\/Berl\u00edn, 9 jun (dpa) - El Palacio de Sanssouci, icono de los palacios prusianos de Brandeburgo reabri\u00f3 hoy sus puertas -tras el cierre motivado por la pandemia del coronavirus- con la m\u00e1xima afluencia de visitantes permitidos: 258, inform\u00f3 el portavoz de la Fundaci\u00f3n del Patrimonio Cultural Prusiano, Frank Kallensee. Hoy tambi\u00e9n reabrieron de nuevo al\" \/>\n\t\t<meta property=\"og:url\" content=\"https:\/\/eldigitaldeasturias.com\/radio\/el-palacio-de-sanssouci-reabre-sus-puertas\/\" \/>\n\t\t<meta property=\"og:image\" content=\"https:\/\/eldigitaldeasturias.com\/radio\/wp-content\/uploads\/2020\/06\/Palacio-de-Sanssouci.jpg\" \/>\n\t\t<meta property=\"og:image:secure_url\" content=\"https:\/\/eldigitaldeasturias.com\/radio\/wp-content\/uploads\/2020\/06\/Palacio-de-Sanssouci.jpg\" \/>\n\t\t<meta property=\"og:image:width\" content=\"1013\" \/>\n\t\t<meta property=\"og:image:height\" content=\"656\" \/>\n\t\t<meta property=\"article:published_time\" content=\"2020-06-10T16:54:58+00:00\" \/>\n\t\t<meta property=\"article:modified_time\" content=\"2020-06-10T16:54:58+00:00\" \/>\n\t\t<meta name=\"twitter:card\" content=\"summary_large_image\" \/>\n\t\t<meta name=\"twitter:site\" content=\"@bercodi\" \/>\n\t\t<meta name=\"twitter:title\" content=\"El Palacio de Sanssouci reabre sus puertas | El Digital de Asturias\" \/>\n\t\t<meta name=\"twitter:description\" content=\"Potsdam\/Berl\u00edn, 9 jun (dpa) - El Palacio de Sanssouci, icono de los palacios prusianos de Brandeburgo reabri\u00f3 hoy sus puertas -tras el cierre motivado por la pandemia del coronavirus- con la m\u00e1xima afluencia de visitantes permitidos: 258, inform\u00f3 el portavoz de la Fundaci\u00f3n del Patrimonio Cultural Prusiano, Frank Kallensee. Hoy tambi\u00e9n reabrieron de nuevo al\" \/>\n\t\t<meta name=\"twitter:creator\" content=\"@bercodi\" \/>\n\t\t<meta name=\"twitter:image\" content=\"https:\/\/eldigitaldeasturias.com\/radio\/wp-content\/uploads\/2020\/06\/Palacio-de-Sanssouci.jpg\" \/>\n\t\t<script type=\"application\/ld+json\" class=\"aioseo-schema\">\n\t\t\t{\"@context\":\"https:\\\/\\\/schema.org\",\"@graph\":[{\"@type\":\"BreadcrumbList\",\"@id\":\"https:\\\/\\\/eldigitaldeasturias.com\\\/radio\\\/el-palacio-de-sanssouci-reabre-sus-puertas\\\/#breadcrumblist\",\"itemListElement\":[{\"@type\":\"ListItem\",\"@id\":\"https:\\\/\\\/eldigitaldeasturias.com\\\/radio#listItem\",\"position\":1,\"name\":\"Inicio\",\"item\":\"https:\\\/\\\/eldigitaldeasturias.com\\\/radio\",\"nextItem\":{\"@type\":\"ListItem\",\"@id\":\"https:\\\/\\\/eldigitaldeasturias.com\\\/radio\\\/category\\\/turismo\\\/#listItem\",\"name\":\"Turismo\"}},{\"@type\":\"ListItem\",\"@id\":\"https:\\\/\\\/eldigitaldeasturias.com\\\/radio\\\/category\\\/turismo\\\/#listItem\",\"position\":2,\"name\":\"Turismo\",\"item\":\"https:\\\/\\\/eldigitaldeasturias.com\\\/radio\\\/category\\\/turismo\\\/\",\"nextItem\":{\"@type\":\"ListItem\",\"@id\":\"https:\\\/\\\/eldigitaldeasturias.com\\\/radio\\\/el-palacio-de-sanssouci-reabre-sus-puertas\\\/#listItem\",\"name\":\"El Palacio de Sanssouci reabre sus puertas\"},\"previousItem\":{\"@type\":\"ListItem\",\"@id\":\"https:\\\/\\\/eldigitaldeasturias.com\\\/radio#listItem\",\"name\":\"Inicio\"}},{\"@type\":\"ListItem\",\"@id\":\"https:\\\/\\\/eldigitaldeasturias.com\\\/radio\\\/el-palacio-de-sanssouci-reabre-sus-puertas\\\/#listItem\",\"position\":3,\"name\":\"El Palacio de Sanssouci reabre sus puertas\",\"previousItem\":{\"@type\":\"ListItem\",\"@id\":\"https:\\\/\\\/eldigitaldeasturias.com\\\/radio\\\/category\\\/turismo\\\/#listItem\",\"name\":\"Turismo\"}}]},{\"@type\":\"NewsArticle\",\"@id\":\"https:\\\/\\\/eldigitaldeasturias.com\\\/radio\\\/el-palacio-de-sanssouci-reabre-sus-puertas\\\/#newsarticle\",\"name\":\"El Palacio de Sanssouci reabre sus puertas | El Digital de Asturias\",\"headline\":\"El Palacio de Sanssouci reabre sus puertas\",\"author\":{\"@id\":\"https:\\\/\\\/eldigitaldeasturias.com\\\/radio\\\/author\\\/nbasturias\\\/#author\"},\"publisher\":{\"@id\":\"https:\\\/\\\/eldigitaldeasturias.com\\\/radio\\\/#organization\"},\"image\":{\"@type\":\"ImageObject\",\"url\":\"https:\\\/\\\/eldigitaldeasturias.com\\\/radio\\\/wp-content\\\/uploads\\\/2020\\\/06\\\/Palacio-de-Sanssouci.jpg\",\"width\":1013,\"height\":656,\"caption\":\"Visitantes pasean por los jardines del Palacio de Sanssouci, abierto al p\\u00fablico desde hoy. Foto: Britta Pedersen\\\/dpa\"},\"datePublished\":\"2020-06-10T16:54:58+02:00\",\"dateModified\":\"2020-06-10T16:54:58+02:00\",\"inLanguage\":\"es-ES\",\"mainEntityOfPage\":{\"@id\":\"https:\\\/\\\/eldigitaldeasturias.com\\\/radio\\\/el-palacio-de-sanssouci-reabre-sus-puertas\\\/#webpage\"},\"isPartOf\":{\"@id\":\"https:\\\/\\\/eldigitaldeasturias.com\\\/radio\\\/el-palacio-de-sanssouci-reabre-sus-puertas\\\/#webpage\"},\"articleSection\":\"Turismo\",\"dateline\":\"Publicado el junio 10, 2020.\"},{\"@type\":\"Organization\",\"@id\":\"https:\\\/\\\/eldigitaldeasturias.com\\\/radio\\\/#organization\",\"name\":\"El digital de Asturias Radio\",\"description\":\"Diario de informaci\\u00f3n y noticias\",\"url\":\"https:\\\/\\\/eldigitaldeasturias.com\\\/radio\\\/\",\"telephone\":\"+34652131393\",\"logo\":{\"@type\":\"ImageObject\",\"url\":\"https:\\\/\\\/www.eldigitaldeasturias.com\\\/radio\\\/wp-content\\\/uploads\\\/2021\\\/03\\\/EDA.jpg\",\"@id\":\"https:\\\/\\\/eldigitaldeasturias.com\\\/radio\\\/el-palacio-de-sanssouci-reabre-sus-puertas\\\/#organizationLogo\"},\"image\":{\"@id\":\"https:\\\/\\\/eldigitaldeasturias.com\\\/radio\\\/el-palacio-de-sanssouci-reabre-sus-puertas\\\/#organizationLogo\"},\"sameAs\":[\"https:\\\/\\\/www.facebook.com\\\/\",\"https:\\\/\\\/x.com\\\/bercodi\",\"https:\\\/\\\/www.instagram.com\\\/\",\"https:\\\/\\\/www.youtube.com\\\/channel\\\/UCZP-2wLEB9Rv6erhFmqVnvg\"]},{\"@type\":\"Person\",\"@id\":\"https:\\\/\\\/eldigitaldeasturias.com\\\/radio\\\/author\\\/nbasturias\\\/#author\",\"url\":\"https:\\\/\\\/eldigitaldeasturias.com\\\/radio\\\/author\\\/nbasturias\\\/\",\"name\":\"NBAsturias\",\"image\":{\"@type\":\"ImageObject\",\"@id\":\"https:\\\/\\\/eldigitaldeasturias.com\\\/radio\\\/el-palacio-de-sanssouci-reabre-sus-puertas\\\/#authorImage\",\"url\":\"https:\\\/\\\/secure.gravatar.com\\\/avatar\\\/df2aeffc32bcd13f8d26072ef8a91b623d677766deac7f97ca815868cd41bf5e?s=96&d=mm&r=g\",\"width\":96,\"height\":96,\"caption\":\"NBAsturias\"}},{\"@type\":\"WebPage\",\"@id\":\"https:\\\/\\\/eldigitaldeasturias.com\\\/radio\\\/el-palacio-de-sanssouci-reabre-sus-puertas\\\/#webpage\",\"url\":\"https:\\\/\\\/eldigitaldeasturias.com\\\/radio\\\/el-palacio-de-sanssouci-reabre-sus-puertas\\\/\",\"name\":\"El Palacio de Sanssouci reabre sus puertas | El Digital de Asturias\",\"description\":\"Potsdam\\\/Berl\\u00edn, 9 jun (dpa) - El Palacio de Sanssouci, icono de los palacios prusianos de Brandeburgo reabri\\u00f3 hoy sus puertas -tras el cierre motivado por la pandemia del coronavirus- con la m\\u00e1xima afluencia de visitantes permitidos: 258, inform\\u00f3 el portavoz de la Fundaci\\u00f3n del Patrimonio Cultural Prusiano, Frank Kallensee. Hoy tambi\\u00e9n reabrieron de nuevo al\",\"inLanguage\":\"es-ES\",\"isPartOf\":{\"@id\":\"https:\\\/\\\/eldigitaldeasturias.com\\\/radio\\\/#website\"},\"breadcrumb\":{\"@id\":\"https:\\\/\\\/eldigitaldeasturias.com\\\/radio\\\/el-palacio-de-sanssouci-reabre-sus-puertas\\\/#breadcrumblist\"},\"author\":{\"@id\":\"https:\\\/\\\/eldigitaldeasturias.com\\\/radio\\\/author\\\/nbasturias\\\/#author\"},\"creator\":{\"@id\":\"https:\\\/\\\/eldigitaldeasturias.com\\\/radio\\\/author\\\/nbasturias\\\/#author\"},\"image\":{\"@type\":\"ImageObject\",\"url\":\"https:\\\/\\\/eldigitaldeasturias.com\\\/radio\\\/wp-content\\\/uploads\\\/2020\\\/06\\\/Palacio-de-Sanssouci.jpg\",\"@id\":\"https:\\\/\\\/eldigitaldeasturias.com\\\/radio\\\/el-palacio-de-sanssouci-reabre-sus-puertas\\\/#mainImage\",\"width\":1013,\"height\":656,\"caption\":\"Visitantes pasean por los jardines del Palacio de Sanssouci, abierto al p\\u00fablico desde hoy. Foto: Britta Pedersen\\\/dpa\"},\"primaryImageOfPage\":{\"@id\":\"https:\\\/\\\/eldigitaldeasturias.com\\\/radio\\\/el-palacio-de-sanssouci-reabre-sus-puertas\\\/#mainImage\"},\"datePublished\":\"2020-06-10T16:54:58+02:00\",\"dateModified\":\"2020-06-10T16:54:58+02:00\"},{\"@type\":\"WebSite\",\"@id\":\"https:\\\/\\\/eldigitaldeasturias.com\\\/radio\\\/#website\",\"url\":\"https:\\\/\\\/eldigitaldeasturias.com\\\/radio\\\/\",\"name\":\"El Digital de Asturias\",\"description\":\"Diario de informaci\\u00f3n y noticias\",\"inLanguage\":\"es-ES\",\"publisher\":{\"@id\":\"https:\\\/\\\/eldigitaldeasturias.com\\\/radio\\\/#organization\"}}]}\n\t\t<\/script>\n\t\t<!-- All in One SEO Pro -->\r\n\t\t<title>El Palacio de Sanssouci reabre sus puertas | El Digital de Asturias<\/title>\n\n","aioseo_head_json":{"title":"El Palacio de Sanssouci reabre sus puertas | El Digital de Asturias","description":"Potsdam\/Berl\u00edn, 9 jun (dpa) - El Palacio de Sanssouci, icono de los palacios prusianos de Brandeburgo reabri\u00f3 hoy sus puertas -tras el cierre motivado por la pandemia del coronavirus- con la m\u00e1xima afluencia de visitantes permitidos: 258, inform\u00f3 el portavoz de la Fundaci\u00f3n del Patrimonio Cultural Prusiano, Frank Kallensee. Hoy tambi\u00e9n reabrieron de nuevo al","canonical_url":"https:\/\/eldigitaldeasturias.com\/radio\/el-palacio-de-sanssouci-reabre-sus-puertas\/","robots":"max-image-preview:large","keywords":"turismo","webmasterTools":{"google-site-verification":"UA-38556648-1","miscellaneous":""},"schema":{"@context":"https:\/\/schema.org","@graph":[{"@type":"BreadcrumbList","@id":"https:\/\/eldigitaldeasturias.com\/radio\/el-palacio-de-sanssouci-reabre-sus-puertas\/#breadcrumblist","itemListElement":[{"@type":"ListItem","@id":"https:\/\/eldigitaldeasturias.com\/radio#listItem","position":1,"name":"Inicio","item":"https:\/\/eldigitaldeasturias.com\/radio","nextItem":{"@type":"ListItem","@id":"https:\/\/eldigitaldeasturias.com\/radio\/category\/turismo\/#listItem","name":"Turismo"}},{"@type":"ListItem","@id":"https:\/\/eldigitaldeasturias.com\/radio\/category\/turismo\/#listItem","position":2,"name":"Turismo","item":"https:\/\/eldigitaldeasturias.com\/radio\/category\/turismo\/","nextItem":{"@type":"ListItem","@id":"https:\/\/eldigitaldeasturias.com\/radio\/el-palacio-de-sanssouci-reabre-sus-puertas\/#listItem","name":"El Palacio de Sanssouci reabre sus puertas"},"previousItem":{"@type":"ListItem","@id":"https:\/\/eldigitaldeasturias.com\/radio#listItem","name":"Inicio"}},{"@type":"ListItem","@id":"https:\/\/eldigitaldeasturias.com\/radio\/el-palacio-de-sanssouci-reabre-sus-puertas\/#listItem","position":3,"name":"El Palacio de Sanssouci reabre sus puertas","previousItem":{"@type":"ListItem","@id":"https:\/\/eldigitaldeasturias.com\/radio\/category\/turismo\/#listItem","name":"Turismo"}}]},{"@type":"NewsArticle","@id":"https:\/\/eldigitaldeasturias.com\/radio\/el-palacio-de-sanssouci-reabre-sus-puertas\/#newsarticle","name":"El Palacio de Sanssouci reabre sus puertas | El Digital de Asturias","headline":"El Palacio de Sanssouci reabre sus puertas","author":{"@id":"https:\/\/eldigitaldeasturias.com\/radio\/author\/nbasturias\/#author"},"publisher":{"@id":"https:\/\/eldigitaldeasturias.com\/radio\/#organization"},"image":{"@type":"ImageObject","url":"https:\/\/eldigitaldeasturias.com\/radio\/wp-content\/uploads\/2020\/06\/Palacio-de-Sanssouci.jpg","width":1013,"height":656,"caption":"Visitantes pasean por los jardines del Palacio de Sanssouci, abierto al p\u00fablico desde hoy. Foto: Britta Pedersen\/dpa"},"datePublished":"2020-06-10T16:54:58+02:00","dateModified":"2020-06-10T16:54:58+02:00","inLanguage":"es-ES","mainEntityOfPage":{"@id":"https:\/\/eldigitaldeasturias.com\/radio\/el-palacio-de-sanssouci-reabre-sus-puertas\/#webpage"},"isPartOf":{"@id":"https:\/\/eldigitaldeasturias.com\/radio\/el-palacio-de-sanssouci-reabre-sus-puertas\/#webpage"},"articleSection":"Turismo","dateline":"Publicado el junio 10, 2020."},{"@type":"Organization","@id":"https:\/\/eldigitaldeasturias.com\/radio\/#organization","name":"El digital de Asturias Radio","description":"Diario de informaci\u00f3n y noticias","url":"https:\/\/eldigitaldeasturias.com\/radio\/","telephone":"+34652131393","logo":{"@type":"ImageObject","url":"https:\/\/www.eldigitaldeasturias.com\/radio\/wp-content\/uploads\/2021\/03\/EDA.jpg","@id":"https:\/\/eldigitaldeasturias.com\/radio\/el-palacio-de-sanssouci-reabre-sus-puertas\/#organizationLogo"},"image":{"@id":"https:\/\/eldigitaldeasturias.com\/radio\/el-palacio-de-sanssouci-reabre-sus-puertas\/#organizationLogo"},"sameAs":["https:\/\/www.facebook.com\/","https:\/\/x.com\/bercodi","https:\/\/www.instagram.com\/","https:\/\/www.youtube.com\/channel\/UCZP-2wLEB9Rv6erhFmqVnvg"]},{"@type":"Person","@id":"https:\/\/eldigitaldeasturias.com\/radio\/author\/nbasturias\/#author","url":"https:\/\/eldigitaldeasturias.com\/radio\/author\/nbasturias\/","name":"NBAsturias","image":{"@type":"ImageObject","@id":"https:\/\/eldigitaldeasturias.com\/radio\/el-palacio-de-sanssouci-reabre-sus-puertas\/#authorImage","url":"https:\/\/secure.gravatar.com\/avatar\/df2aeffc32bcd13f8d26072ef8a91b623d677766deac7f97ca815868cd41bf5e?s=96&d=mm&r=g","width":96,"height":96,"caption":"NBAsturias"}},{"@type":"WebPage","@id":"https:\/\/eldigitaldeasturias.com\/radio\/el-palacio-de-sanssouci-reabre-sus-puertas\/#webpage","url":"https:\/\/eldigitaldeasturias.com\/radio\/el-palacio-de-sanssouci-reabre-sus-puertas\/","name":"El Palacio de Sanssouci reabre sus puertas | El Digital de Asturias","description":"Potsdam\/Berl\u00edn, 9 jun (dpa) - El Palacio de Sanssouci, icono de los palacios prusianos de Brandeburgo reabri\u00f3 hoy sus puertas -tras el cierre motivado por la pandemia del coronavirus- con la m\u00e1xima afluencia de visitantes permitidos: 258, inform\u00f3 el portavoz de la Fundaci\u00f3n del Patrimonio Cultural Prusiano, Frank Kallensee. Hoy tambi\u00e9n reabrieron de nuevo al","inLanguage":"es-ES","isPartOf":{"@id":"https:\/\/eldigitaldeasturias.com\/radio\/#website"},"breadcrumb":{"@id":"https:\/\/eldigitaldeasturias.com\/radio\/el-palacio-de-sanssouci-reabre-sus-puertas\/#breadcrumblist"},"author":{"@id":"https:\/\/eldigitaldeasturias.com\/radio\/author\/nbasturias\/#author"},"creator":{"@id":"https:\/\/eldigitaldeasturias.com\/radio\/author\/nbasturias\/#author"},"image":{"@type":"ImageObject","url":"https:\/\/eldigitaldeasturias.com\/radio\/wp-content\/uploads\/2020\/06\/Palacio-de-Sanssouci.jpg","@id":"https:\/\/eldigitaldeasturias.com\/radio\/el-palacio-de-sanssouci-reabre-sus-puertas\/#mainImage","width":1013,"height":656,"caption":"Visitantes pasean por los jardines del Palacio de Sanssouci, abierto al p\u00fablico desde hoy. Foto: Britta Pedersen\/dpa"},"primaryImageOfPage":{"@id":"https:\/\/eldigitaldeasturias.com\/radio\/el-palacio-de-sanssouci-reabre-sus-puertas\/#mainImage"},"datePublished":"2020-06-10T16:54:58+02:00","dateModified":"2020-06-10T16:54:58+02:00"},{"@type":"WebSite","@id":"https:\/\/eldigitaldeasturias.com\/radio\/#website","url":"https:\/\/eldigitaldeasturias.com\/radio\/","name":"El Digital de Asturias","description":"Diario de informaci\u00f3n y noticias","inLanguage":"es-ES","publisher":{"@id":"https:\/\/eldigitaldeasturias.com\/radio\/#organization"}}]},"og:locale":"es_ES","og:site_name":"El Digital de Asturias | Diario de informaci\u00f3n y noticias","og:type":"article","og:title":"El Palacio de Sanssouci reabre sus puertas | El Digital de Asturias","og:description":"Potsdam\/Berl\u00edn, 9 jun (dpa) - El Palacio de Sanssouci, icono de los palacios prusianos de Brandeburgo reabri\u00f3 hoy sus puertas -tras el cierre motivado por la pandemia del coronavirus- con la m\u00e1xima afluencia de visitantes permitidos: 258, inform\u00f3 el portavoz de la Fundaci\u00f3n del Patrimonio Cultural Prusiano, Frank Kallensee. Hoy tambi\u00e9n reabrieron de nuevo al","og:url":"https:\/\/eldigitaldeasturias.com\/radio\/el-palacio-de-sanssouci-reabre-sus-puertas\/","og:image":"https:\/\/eldigitaldeasturias.com\/radio\/wp-content\/uploads\/2020\/06\/Palacio-de-Sanssouci.jpg","og:image:secure_url":"https:\/\/eldigitaldeasturias.com\/radio\/wp-content\/uploads\/2020\/06\/Palacio-de-Sanssouci.jpg","og:image:width":1013,"og:image:height":656,"article:published_time":"2020-06-10T16:54:58+00:00","article:modified_time":"2020-06-10T16:54:58+00:00","twitter:card":"summary_large_image","twitter:site":"@bercodi","twitter:title":"El Palacio de Sanssouci reabre sus puertas | El Digital de Asturias","twitter:description":"Potsdam\/Berl\u00edn, 9 jun (dpa) - El Palacio de Sanssouci, icono de los palacios prusianos de Brandeburgo reabri\u00f3 hoy sus puertas -tras el cierre motivado por la pandemia del coronavirus- con la m\u00e1xima afluencia de visitantes permitidos: 258, inform\u00f3 el portavoz de la Fundaci\u00f3n del Patrimonio Cultural Prusiano, Frank Kallensee. Hoy tambi\u00e9n reabrieron de nuevo al","twitter:creator":"@bercodi","twitter:image":"https:\/\/eldigitaldeasturias.com\/radio\/wp-content\/uploads\/2020\/06\/Palacio-de-Sanssouci.jpg"},"aioseo_meta_data":{"post_id":"4376","title":null,"description":null,"keywords":null,"keyphrases":null,"primary_term":null,"canonical_url":null,"og_title":null,"og_description":null,"og_object_type":"default","og_image_type":"default","og_image_url":null,"og_image_width":null,"og_image_height":null,"og_image_custom_url":null,"og_image_custom_fields":null,"og_video":null,"og_custom_url":null,"og_article_section":null,"og_article_tags":null,"twitter_use_og":false,"twitter_card":"default","twitter_image_type":"default","twitter_image_url":null,"twitter_image_custom_url":null,"twitter_image_custom_fields":null,"twitter_title":null,"twitter_description":null,"schema":{"blockGraphs":[],"customGraphs":[],"default":{"data":{"Article":[],"Course":[],"Dataset":[],"FAQPage":[],"Movie":[],"Person":[],"Product":[],"ProductReview":[],"Car":[],"Recipe":[],"Service":[],"SoftwareApplication":[],"WebPage":[]},"graphName":"","isEnabled":true},"graphs":[],"defaultGraph":"","defaultPostTypeGraph":""},"schema_type":null,"schema_type_options":null,"pillar_content":false,"robots_default":true,"robots_noindex":false,"robots_noarchive":false,"robots_nosnippet":false,"robots_nofollow":false,"robots_noimageindex":false,"robots_noodp":false,"robots_notranslate":false,"robots_max_snippet":null,"robots_max_videopreview":null,"robots_max_imagepreview":"large","priority":null,"frequency":null,"location":null,"local_seo":null,"seo_analyzer_scan_date":"2025-08-28 15:56:27","breadcrumb_settings":null,"limit_modified_date":false,"open_ai":null,"ai":null,"created":"2021-03-25 19:10:00","updated":"2025-08-28 15:56:27"},"aioseo_breadcrumb":"<div class=\"aioseo-breadcrumbs\"><span class=\"aioseo-breadcrumb\">\n\t<a href=\"https:\/\/eldigitaldeasturias.com\/radio\" title=\"Inicio\">Inicio<\/a>\n<\/span><span class=\"aioseo-breadcrumb-separator\">&ndash;<\/span><span class=\"aioseo-breadcrumb\">\n\t<a href=\"https:\/\/eldigitaldeasturias.com\/radio\/category\/turismo\/\" title=\"Turismo\">Turismo<\/a>\n<\/span><span class=\"aioseo-breadcrumb-separator\">&ndash;<\/span><span class=\"aioseo-breadcrumb\">\n\tEl Palacio de Sanssouci reabre sus puertas\n<\/span><\/div>","aioseo_breadcrumb_json":[{"label":"Inicio","link":"https:\/\/eldigitaldeasturias.com\/radio"},{"label":"Turismo","link":"https:\/\/eldigitaldeasturias.com\/radio\/category\/turismo\/"},{"label":"El Palacio de Sanssouci reabre sus puertas","link":"https:\/\/eldigitaldeasturias.com\/radio\/el-palacio-de-sanssouci-reabre-sus-puertas\/"}],"_links":{"self":[{"href":"https:\/\/eldigitaldeasturias.com\/radio\/wp-json\/wp\/v2\/posts\/4376","targetHints":{"allow":["GET"]}}],"collection":[{"href":"https:\/\/eldigitaldeasturias.com\/radio\/wp-json\/wp\/v2\/posts"}],"about":[{"href":"https:\/\/eldigitaldeasturias.com\/radio\/wp-json\/wp\/v2\/types\/post"}],"author":[{"embeddable":true,"href":"https:\/\/eldigitaldeasturias.com\/radio\/wp-json\/wp\/v2\/users\/1"}],"replies":[{"embeddable":true,"href":"https:\/\/eldigitaldeasturias.com\/radio\/wp-json\/wp\/v2\/comments?post=4376"}],"version-history":[{"count":0,"href":"https:\/\/eldigitaldeasturias.com\/radio\/wp-json\/wp\/v2\/posts\/4376\/revisions"}],"wp:featuredmedia":[{"embeddable":true,"href":"https:\/\/eldigitaldeasturias.com\/radio\/wp-json\/wp\/v2\/media\/4377"}],"wp:attachment":[{"href":"https:\/\/eldigitaldeasturias.com\/radio\/wp-json\/wp\/v2\/media?parent=4376"}],"wp:term":[{"taxonomy":"category","embeddable":true,"href":"https:\/\/eldigitaldeasturias.com\/radio\/wp-json\/wp\/v2\/categories?post=4376"},{"taxonomy":"post_tag","embeddable":true,"href":"https:\/\/eldigitaldeasturias.com\/radio\/wp-json\/wp\/v2\/tags?post=4376"}],"curies":[{"name":"wp","href":"https:\/\/api.w.org\/{rel}","templated":true}]}}