{"id":4374,"date":"2020-06-10T16:50:07","date_gmt":"2020-06-10T16:50:07","guid":{"rendered":"http:\/\/www.eldigitaldeasturias.com\/radio\/?p=4374"},"modified":"2020-06-10T16:50:07","modified_gmt":"2020-06-10T16:50:07","slug":"costes-laborales-alemanes-suben-43-por-ciento-en-primer-trimestre","status":"publish","type":"post","link":"https:\/\/eldigitaldeasturias.com\/radio\/costes-laborales-alemanes-suben-43-por-ciento-en-primer-trimestre\/","title":{"rendered":"Costes laborales alemanes suben 4,3 por ciento en primer trimestre"},"content":{"rendered":"<p>Wiesbaden (Alemania), 9 jun (dpa) &#8211; Los costes laborales por hora trabajada en Alemania se encarecieron un 4,3 por ciento en el primer trimestre de 2020 en relaci\u00f3n al mismo per\u00edodo del a\u00f1o anterior, indican cifras publicadas hoy por la Oficina Federal de Estad\u00edstica (Destatis).<\/p>\n<p>Seg\u00fan la entidad, este aumento se debe en parte al recorte dr\u00e1stico del n\u00famero de horas trabajadas a causa de las medidas impuestas a mediados de marzo para evitar la propagaci\u00f3n de la covid-19 como el cierre de empresas y clausura de guarder\u00edas y colegios, con la consiguiente permanencia de numerosos progenitores en sus hogares para cuidar de los hijo.<\/p>\n<p>Los costes laborales est\u00e1n compuestos por los ingresos brutos y los costes salariales adicionales, que incluyen las cotizaciones patronales a la seguridad social.<\/p>\n<p>En el primer trimestre del a\u00f1o los ingresos brutos aumentaron un 4,2 por ciento mientras que los costes salariales adicionales lo hicieron en un 4,6 por ciento, en relaci\u00f3n al mismo per\u00edodo del a\u00f1o anterior.<\/p>\n<p>En 2019 el coste por hora trabajada en Alemania fue de 35,90 euros (40,47 d\u00f3lares), lo que la sit\u00faa como s\u00e9ptimo pa\u00eds con costos laborales m\u00e1s caros dentro de la Uni\u00f3n Europea.<\/p>\n<p>El precio medio por hora en los estados miembros de la UE el pasado a\u00f1o fue de 27,40 euros, lo que implica que los empresarios alemanes pagaron algo m\u00e1s de un tercio (31 por ciento) por cada hora de trabajo.<\/p>\n<p>Seg\u00fan Destatis, en 2019 el coste por hora trabajada aument\u00f3 un 2,6 por ciento en relaci\u00f3n a 2018. En ese mismo per\u00edodo el incremento experimentado por la media europea fue de 2,8 por ciento.<\/p>\n<p>La comparaci\u00f3n de datos alemanes con la media comunitaria comprende el sector industrial y los servicios econ\u00f3micos pero excluye los servicios p\u00fablicos y la atenci\u00f3n sanitaria.<\/p>\n","protected":false},"excerpt":{"rendered":"<p>Wiesbaden (Alemania), 9 jun (dpa) &#8211; Los costes laborales por hora trabajada en Alemania se encarecieron un 4,3 por ciento en el primer trimestre de 2020 en relaci\u00f3n al mismo per\u00edodo del a\u00f1o anterior, indican cifras publicadas hoy por la Oficina Federal de Estad\u00edstica (Destatis). Seg\u00fan la entidad, este aumento se debe en parte al<\/p>\n","protected":false},"author":1,"featured_media":62,"comment_status":"closed","ping_status":"closed","sticky":false,"template":"","format":"standard","meta":{"footnotes":""},"categories":[35],"tags":[],"class_list":{"0":"post-4374","1":"post","2":"type-post","3":"status-publish","4":"format-standard","5":"has-post-thumbnail","7":"category-negocios"},"aioseo_notices":[],"aioseo_head":"\n\t\t<!-- All in One SEO Pro 4.9.6.2 - aioseo.com -->\n\t<meta name=\"description\" content=\"Wiesbaden (Alemania), 9 jun (dpa) - Los costes laborales por hora trabajada en Alemania se encarecieron un 4,3 por ciento en el primer trimestre de 2020 en relaci\u00f3n al mismo per\u00edodo del a\u00f1o anterior, indican cifras publicadas hoy por la Oficina Federal de Estad\u00edstica (Destatis). Seg\u00fan la entidad, este aumento se debe en parte al\" \/>\n\t<meta name=\"robots\" content=\"max-image-preview:large\" \/>\n\t<meta name=\"author\" content=\"NBAsturias\"\/>\n\t<meta name=\"google-site-verification\" content=\"UA-38556648-1\" \/>\n\t<meta name=\"keywords\" content=\"negocios\" \/>\n\t<link rel=\"canonical\" href=\"https:\/\/eldigitaldeasturias.com\/radio\/costes-laborales-alemanes-suben-43-por-ciento-en-primer-trimestre\/\" \/>\n\t<meta name=\"generator\" content=\"All in One SEO Pro (AIOSEO) 4.9.6.2\" \/>\n\t\t<meta property=\"og:locale\" content=\"es_ES\" \/>\n\t\t<meta property=\"og:site_name\" content=\"El Digital de Asturias | Diario de informaci\u00f3n y noticias\" \/>\n\t\t<meta property=\"og:type\" content=\"article\" \/>\n\t\t<meta property=\"og:title\" content=\"Costes laborales alemanes suben 4,3 por ciento en primer trimestre | El Digital de Asturias\" \/>\n\t\t<meta property=\"og:description\" content=\"Wiesbaden (Alemania), 9 jun (dpa) - Los costes laborales por hora trabajada en Alemania se encarecieron un 4,3 por ciento en el primer trimestre de 2020 en relaci\u00f3n al mismo per\u00edodo del a\u00f1o anterior, indican cifras publicadas hoy por la Oficina Federal de Estad\u00edstica (Destatis). Seg\u00fan la entidad, este aumento se debe en parte al\" \/>\n\t\t<meta property=\"og:url\" content=\"https:\/\/eldigitaldeasturias.com\/radio\/costes-laborales-alemanes-suben-43-por-ciento-en-primer-trimestre\/\" \/>\n\t\t<meta property=\"og:image\" content=\"https:\/\/eldigitaldeasturias.com\/radio\/wp-content\/uploads\/2018\/03\/macbook-577758_1280.jpg\" \/>\n\t\t<meta property=\"og:image:secure_url\" content=\"https:\/\/eldigitaldeasturias.com\/radio\/wp-content\/uploads\/2018\/03\/macbook-577758_1280.jpg\" \/>\n\t\t<meta property=\"og:image:width\" content=\"1280\" \/>\n\t\t<meta property=\"og:image:height\" content=\"850\" \/>\n\t\t<meta property=\"article:published_time\" content=\"2020-06-10T16:50:07+00:00\" \/>\n\t\t<meta property=\"article:modified_time\" content=\"2020-06-10T16:50:07+00:00\" \/>\n\t\t<meta name=\"twitter:card\" content=\"summary_large_image\" \/>\n\t\t<meta name=\"twitter:site\" content=\"@bercodi\" \/>\n\t\t<meta name=\"twitter:title\" content=\"Costes laborales alemanes suben 4,3 por ciento en primer trimestre | El Digital de Asturias\" \/>\n\t\t<meta name=\"twitter:description\" content=\"Wiesbaden (Alemania), 9 jun (dpa) - Los costes laborales por hora trabajada en Alemania se encarecieron un 4,3 por ciento en el primer trimestre de 2020 en relaci\u00f3n al mismo per\u00edodo del a\u00f1o anterior, indican cifras publicadas hoy por la Oficina Federal de Estad\u00edstica (Destatis). Seg\u00fan la entidad, este aumento se debe en parte al\" \/>\n\t\t<meta name=\"twitter:creator\" content=\"@bercodi\" \/>\n\t\t<meta name=\"twitter:image\" content=\"https:\/\/eldigitaldeasturias.com\/radio\/wp-content\/uploads\/2018\/03\/macbook-577758_1280.jpg\" \/>\n\t\t<script type=\"application\/ld+json\" class=\"aioseo-schema\">\n\t\t\t{\"@context\":\"https:\\\/\\\/schema.org\",\"@graph\":[{\"@type\":\"BreadcrumbList\",\"@id\":\"https:\\\/\\\/eldigitaldeasturias.com\\\/radio\\\/costes-laborales-alemanes-suben-43-por-ciento-en-primer-trimestre\\\/#breadcrumblist\",\"itemListElement\":[{\"@type\":\"ListItem\",\"@id\":\"https:\\\/\\\/eldigitaldeasturias.com\\\/radio#listItem\",\"position\":1,\"name\":\"Inicio\",\"item\":\"https:\\\/\\\/eldigitaldeasturias.com\\\/radio\",\"nextItem\":{\"@type\":\"ListItem\",\"@id\":\"https:\\\/\\\/eldigitaldeasturias.com\\\/radio\\\/category\\\/negocios\\\/#listItem\",\"name\":\"Negocios\"}},{\"@type\":\"ListItem\",\"@id\":\"https:\\\/\\\/eldigitaldeasturias.com\\\/radio\\\/category\\\/negocios\\\/#listItem\",\"position\":2,\"name\":\"Negocios\",\"item\":\"https:\\\/\\\/eldigitaldeasturias.com\\\/radio\\\/category\\\/negocios\\\/\",\"nextItem\":{\"@type\":\"ListItem\",\"@id\":\"https:\\\/\\\/eldigitaldeasturias.com\\\/radio\\\/costes-laborales-alemanes-suben-43-por-ciento-en-primer-trimestre\\\/#listItem\",\"name\":\"Costes laborales alemanes suben 4,3 por ciento en primer trimestre\"},\"previousItem\":{\"@type\":\"ListItem\",\"@id\":\"https:\\\/\\\/eldigitaldeasturias.com\\\/radio#listItem\",\"name\":\"Inicio\"}},{\"@type\":\"ListItem\",\"@id\":\"https:\\\/\\\/eldigitaldeasturias.com\\\/radio\\\/costes-laborales-alemanes-suben-43-por-ciento-en-primer-trimestre\\\/#listItem\",\"position\":3,\"name\":\"Costes laborales alemanes suben 4,3 por ciento en primer trimestre\",\"previousItem\":{\"@type\":\"ListItem\",\"@id\":\"https:\\\/\\\/eldigitaldeasturias.com\\\/radio\\\/category\\\/negocios\\\/#listItem\",\"name\":\"Negocios\"}}]},{\"@type\":\"NewsArticle\",\"@id\":\"https:\\\/\\\/eldigitaldeasturias.com\\\/radio\\\/costes-laborales-alemanes-suben-43-por-ciento-en-primer-trimestre\\\/#newsarticle\",\"name\":\"Costes laborales alemanes suben 4,3 por ciento en primer trimestre | El Digital de Asturias\",\"headline\":\"Costes laborales alemanes suben 4,3 por ciento en primer trimestre\",\"author\":{\"@id\":\"https:\\\/\\\/eldigitaldeasturias.com\\\/radio\\\/author\\\/nbasturias\\\/#author\"},\"publisher\":{\"@id\":\"https:\\\/\\\/eldigitaldeasturias.com\\\/radio\\\/#organization\"},\"image\":{\"@type\":\"ImageObject\",\"url\":\"https:\\\/\\\/eldigitaldeasturias.com\\\/radio\\\/wp-content\\\/uploads\\\/2018\\\/03\\\/macbook-577758_1280.jpg\",\"width\":1280,\"height\":850},\"datePublished\":\"2020-06-10T16:50:07+02:00\",\"dateModified\":\"2020-06-10T16:50:07+02:00\",\"inLanguage\":\"es-ES\",\"mainEntityOfPage\":{\"@id\":\"https:\\\/\\\/eldigitaldeasturias.com\\\/radio\\\/costes-laborales-alemanes-suben-43-por-ciento-en-primer-trimestre\\\/#webpage\"},\"isPartOf\":{\"@id\":\"https:\\\/\\\/eldigitaldeasturias.com\\\/radio\\\/costes-laborales-alemanes-suben-43-por-ciento-en-primer-trimestre\\\/#webpage\"},\"articleSection\":\"Negocios\",\"dateline\":\"Publicado el junio 10, 2020.\"},{\"@type\":\"Organization\",\"@id\":\"https:\\\/\\\/eldigitaldeasturias.com\\\/radio\\\/#organization\",\"name\":\"El digital de Asturias Radio\",\"description\":\"Diario de informaci\\u00f3n y noticias\",\"url\":\"https:\\\/\\\/eldigitaldeasturias.com\\\/radio\\\/\",\"telephone\":\"+34652131393\",\"logo\":{\"@type\":\"ImageObject\",\"url\":\"https:\\\/\\\/www.eldigitaldeasturias.com\\\/radio\\\/wp-content\\\/uploads\\\/2021\\\/03\\\/EDA.jpg\",\"@id\":\"https:\\\/\\\/eldigitaldeasturias.com\\\/radio\\\/costes-laborales-alemanes-suben-43-por-ciento-en-primer-trimestre\\\/#organizationLogo\"},\"image\":{\"@id\":\"https:\\\/\\\/eldigitaldeasturias.com\\\/radio\\\/costes-laborales-alemanes-suben-43-por-ciento-en-primer-trimestre\\\/#organizationLogo\"},\"sameAs\":[\"https:\\\/\\\/www.facebook.com\\\/\",\"https:\\\/\\\/x.com\\\/bercodi\",\"https:\\\/\\\/www.instagram.com\\\/\",\"https:\\\/\\\/www.youtube.com\\\/channel\\\/UCZP-2wLEB9Rv6erhFmqVnvg\"]},{\"@type\":\"Person\",\"@id\":\"https:\\\/\\\/eldigitaldeasturias.com\\\/radio\\\/author\\\/nbasturias\\\/#author\",\"url\":\"https:\\\/\\\/eldigitaldeasturias.com\\\/radio\\\/author\\\/nbasturias\\\/\",\"name\":\"NBAsturias\",\"image\":{\"@type\":\"ImageObject\",\"@id\":\"https:\\\/\\\/eldigitaldeasturias.com\\\/radio\\\/costes-laborales-alemanes-suben-43-por-ciento-en-primer-trimestre\\\/#authorImage\",\"url\":\"https:\\\/\\\/secure.gravatar.com\\\/avatar\\\/df2aeffc32bcd13f8d26072ef8a91b623d677766deac7f97ca815868cd41bf5e?s=96&d=mm&r=g\",\"width\":96,\"height\":96,\"caption\":\"NBAsturias\"}},{\"@type\":\"WebPage\",\"@id\":\"https:\\\/\\\/eldigitaldeasturias.com\\\/radio\\\/costes-laborales-alemanes-suben-43-por-ciento-en-primer-trimestre\\\/#webpage\",\"url\":\"https:\\\/\\\/eldigitaldeasturias.com\\\/radio\\\/costes-laborales-alemanes-suben-43-por-ciento-en-primer-trimestre\\\/\",\"name\":\"Costes laborales alemanes suben 4,3 por ciento en primer trimestre | El Digital de Asturias\",\"description\":\"Wiesbaden (Alemania), 9 jun (dpa) - Los costes laborales por hora trabajada en Alemania se encarecieron un 4,3 por ciento en el primer trimestre de 2020 en relaci\\u00f3n al mismo per\\u00edodo del a\\u00f1o anterior, indican cifras publicadas hoy por la Oficina Federal de Estad\\u00edstica (Destatis). Seg\\u00fan la entidad, este aumento se debe en parte al\",\"inLanguage\":\"es-ES\",\"isPartOf\":{\"@id\":\"https:\\\/\\\/eldigitaldeasturias.com\\\/radio\\\/#website\"},\"breadcrumb\":{\"@id\":\"https:\\\/\\\/eldigitaldeasturias.com\\\/radio\\\/costes-laborales-alemanes-suben-43-por-ciento-en-primer-trimestre\\\/#breadcrumblist\"},\"author\":{\"@id\":\"https:\\\/\\\/eldigitaldeasturias.com\\\/radio\\\/author\\\/nbasturias\\\/#author\"},\"creator\":{\"@id\":\"https:\\\/\\\/eldigitaldeasturias.com\\\/radio\\\/author\\\/nbasturias\\\/#author\"},\"image\":{\"@type\":\"ImageObject\",\"url\":\"https:\\\/\\\/eldigitaldeasturias.com\\\/radio\\\/wp-content\\\/uploads\\\/2018\\\/03\\\/macbook-577758_1280.jpg\",\"@id\":\"https:\\\/\\\/eldigitaldeasturias.com\\\/radio\\\/costes-laborales-alemanes-suben-43-por-ciento-en-primer-trimestre\\\/#mainImage\",\"width\":1280,\"height\":850},\"primaryImageOfPage\":{\"@id\":\"https:\\\/\\\/eldigitaldeasturias.com\\\/radio\\\/costes-laborales-alemanes-suben-43-por-ciento-en-primer-trimestre\\\/#mainImage\"},\"datePublished\":\"2020-06-10T16:50:07+02:00\",\"dateModified\":\"2020-06-10T16:50:07+02:00\"},{\"@type\":\"WebSite\",\"@id\":\"https:\\\/\\\/eldigitaldeasturias.com\\\/radio\\\/#website\",\"url\":\"https:\\\/\\\/eldigitaldeasturias.com\\\/radio\\\/\",\"name\":\"El Digital de Asturias\",\"description\":\"Diario de informaci\\u00f3n y noticias\",\"inLanguage\":\"es-ES\",\"publisher\":{\"@id\":\"https:\\\/\\\/eldigitaldeasturias.com\\\/radio\\\/#organization\"}}]}\n\t\t<\/script>\n\t\t<!-- All in One SEO Pro -->\r\n\t\t<title>Costes laborales alemanes suben 4,3 por ciento en primer trimestre | El Digital de Asturias<\/title>\n\n","aioseo_head_json":{"title":"Costes laborales alemanes suben 4,3 por ciento en primer trimestre | El Digital de Asturias","description":"Wiesbaden (Alemania), 9 jun (dpa) - Los costes laborales por hora trabajada en Alemania se encarecieron un 4,3 por ciento en el primer trimestre de 2020 en relaci\u00f3n al mismo per\u00edodo del a\u00f1o anterior, indican cifras publicadas hoy por la Oficina Federal de Estad\u00edstica (Destatis). Seg\u00fan la entidad, este aumento se debe en parte al","canonical_url":"https:\/\/eldigitaldeasturias.com\/radio\/costes-laborales-alemanes-suben-43-por-ciento-en-primer-trimestre\/","robots":"max-image-preview:large","keywords":"negocios","webmasterTools":{"google-site-verification":"UA-38556648-1","miscellaneous":""},"schema":{"@context":"https:\/\/schema.org","@graph":[{"@type":"BreadcrumbList","@id":"https:\/\/eldigitaldeasturias.com\/radio\/costes-laborales-alemanes-suben-43-por-ciento-en-primer-trimestre\/#breadcrumblist","itemListElement":[{"@type":"ListItem","@id":"https:\/\/eldigitaldeasturias.com\/radio#listItem","position":1,"name":"Inicio","item":"https:\/\/eldigitaldeasturias.com\/radio","nextItem":{"@type":"ListItem","@id":"https:\/\/eldigitaldeasturias.com\/radio\/category\/negocios\/#listItem","name":"Negocios"}},{"@type":"ListItem","@id":"https:\/\/eldigitaldeasturias.com\/radio\/category\/negocios\/#listItem","position":2,"name":"Negocios","item":"https:\/\/eldigitaldeasturias.com\/radio\/category\/negocios\/","nextItem":{"@type":"ListItem","@id":"https:\/\/eldigitaldeasturias.com\/radio\/costes-laborales-alemanes-suben-43-por-ciento-en-primer-trimestre\/#listItem","name":"Costes laborales alemanes suben 4,3 por ciento en primer trimestre"},"previousItem":{"@type":"ListItem","@id":"https:\/\/eldigitaldeasturias.com\/radio#listItem","name":"Inicio"}},{"@type":"ListItem","@id":"https:\/\/eldigitaldeasturias.com\/radio\/costes-laborales-alemanes-suben-43-por-ciento-en-primer-trimestre\/#listItem","position":3,"name":"Costes laborales alemanes suben 4,3 por ciento en primer trimestre","previousItem":{"@type":"ListItem","@id":"https:\/\/eldigitaldeasturias.com\/radio\/category\/negocios\/#listItem","name":"Negocios"}}]},{"@type":"NewsArticle","@id":"https:\/\/eldigitaldeasturias.com\/radio\/costes-laborales-alemanes-suben-43-por-ciento-en-primer-trimestre\/#newsarticle","name":"Costes laborales alemanes suben 4,3 por ciento en primer trimestre | El Digital de Asturias","headline":"Costes laborales alemanes suben 4,3 por ciento en primer trimestre","author":{"@id":"https:\/\/eldigitaldeasturias.com\/radio\/author\/nbasturias\/#author"},"publisher":{"@id":"https:\/\/eldigitaldeasturias.com\/radio\/#organization"},"image":{"@type":"ImageObject","url":"https:\/\/eldigitaldeasturias.com\/radio\/wp-content\/uploads\/2018\/03\/macbook-577758_1280.jpg","width":1280,"height":850},"datePublished":"2020-06-10T16:50:07+02:00","dateModified":"2020-06-10T16:50:07+02:00","inLanguage":"es-ES","mainEntityOfPage":{"@id":"https:\/\/eldigitaldeasturias.com\/radio\/costes-laborales-alemanes-suben-43-por-ciento-en-primer-trimestre\/#webpage"},"isPartOf":{"@id":"https:\/\/eldigitaldeasturias.com\/radio\/costes-laborales-alemanes-suben-43-por-ciento-en-primer-trimestre\/#webpage"},"articleSection":"Negocios","dateline":"Publicado el junio 10, 2020."},{"@type":"Organization","@id":"https:\/\/eldigitaldeasturias.com\/radio\/#organization","name":"El digital de Asturias Radio","description":"Diario de informaci\u00f3n y noticias","url":"https:\/\/eldigitaldeasturias.com\/radio\/","telephone":"+34652131393","logo":{"@type":"ImageObject","url":"https:\/\/www.eldigitaldeasturias.com\/radio\/wp-content\/uploads\/2021\/03\/EDA.jpg","@id":"https:\/\/eldigitaldeasturias.com\/radio\/costes-laborales-alemanes-suben-43-por-ciento-en-primer-trimestre\/#organizationLogo"},"image":{"@id":"https:\/\/eldigitaldeasturias.com\/radio\/costes-laborales-alemanes-suben-43-por-ciento-en-primer-trimestre\/#organizationLogo"},"sameAs":["https:\/\/www.facebook.com\/","https:\/\/x.com\/bercodi","https:\/\/www.instagram.com\/","https:\/\/www.youtube.com\/channel\/UCZP-2wLEB9Rv6erhFmqVnvg"]},{"@type":"Person","@id":"https:\/\/eldigitaldeasturias.com\/radio\/author\/nbasturias\/#author","url":"https:\/\/eldigitaldeasturias.com\/radio\/author\/nbasturias\/","name":"NBAsturias","image":{"@type":"ImageObject","@id":"https:\/\/eldigitaldeasturias.com\/radio\/costes-laborales-alemanes-suben-43-por-ciento-en-primer-trimestre\/#authorImage","url":"https:\/\/secure.gravatar.com\/avatar\/df2aeffc32bcd13f8d26072ef8a91b623d677766deac7f97ca815868cd41bf5e?s=96&d=mm&r=g","width":96,"height":96,"caption":"NBAsturias"}},{"@type":"WebPage","@id":"https:\/\/eldigitaldeasturias.com\/radio\/costes-laborales-alemanes-suben-43-por-ciento-en-primer-trimestre\/#webpage","url":"https:\/\/eldigitaldeasturias.com\/radio\/costes-laborales-alemanes-suben-43-por-ciento-en-primer-trimestre\/","name":"Costes laborales alemanes suben 4,3 por ciento en primer trimestre | El Digital de Asturias","description":"Wiesbaden (Alemania), 9 jun (dpa) - Los costes laborales por hora trabajada en Alemania se encarecieron un 4,3 por ciento en el primer trimestre de 2020 en relaci\u00f3n al mismo per\u00edodo del a\u00f1o anterior, indican cifras publicadas hoy por la Oficina Federal de Estad\u00edstica (Destatis). Seg\u00fan la entidad, este aumento se debe en parte al","inLanguage":"es-ES","isPartOf":{"@id":"https:\/\/eldigitaldeasturias.com\/radio\/#website"},"breadcrumb":{"@id":"https:\/\/eldigitaldeasturias.com\/radio\/costes-laborales-alemanes-suben-43-por-ciento-en-primer-trimestre\/#breadcrumblist"},"author":{"@id":"https:\/\/eldigitaldeasturias.com\/radio\/author\/nbasturias\/#author"},"creator":{"@id":"https:\/\/eldigitaldeasturias.com\/radio\/author\/nbasturias\/#author"},"image":{"@type":"ImageObject","url":"https:\/\/eldigitaldeasturias.com\/radio\/wp-content\/uploads\/2018\/03\/macbook-577758_1280.jpg","@id":"https:\/\/eldigitaldeasturias.com\/radio\/costes-laborales-alemanes-suben-43-por-ciento-en-primer-trimestre\/#mainImage","width":1280,"height":850},"primaryImageOfPage":{"@id":"https:\/\/eldigitaldeasturias.com\/radio\/costes-laborales-alemanes-suben-43-por-ciento-en-primer-trimestre\/#mainImage"},"datePublished":"2020-06-10T16:50:07+02:00","dateModified":"2020-06-10T16:50:07+02:00"},{"@type":"WebSite","@id":"https:\/\/eldigitaldeasturias.com\/radio\/#website","url":"https:\/\/eldigitaldeasturias.com\/radio\/","name":"El Digital de Asturias","description":"Diario de informaci\u00f3n y noticias","inLanguage":"es-ES","publisher":{"@id":"https:\/\/eldigitaldeasturias.com\/radio\/#organization"}}]},"og:locale":"es_ES","og:site_name":"El Digital de Asturias | Diario de informaci\u00f3n y noticias","og:type":"article","og:title":"Costes laborales alemanes suben 4,3 por ciento en primer trimestre | El Digital de Asturias","og:description":"Wiesbaden (Alemania), 9 jun (dpa) - Los costes laborales por hora trabajada en Alemania se encarecieron un 4,3 por ciento en el primer trimestre de 2020 en relaci\u00f3n al mismo per\u00edodo del a\u00f1o anterior, indican cifras publicadas hoy por la Oficina Federal de Estad\u00edstica (Destatis). Seg\u00fan la entidad, este aumento se debe en parte al","og:url":"https:\/\/eldigitaldeasturias.com\/radio\/costes-laborales-alemanes-suben-43-por-ciento-en-primer-trimestre\/","og:image":"https:\/\/eldigitaldeasturias.com\/radio\/wp-content\/uploads\/2018\/03\/macbook-577758_1280.jpg","og:image:secure_url":"https:\/\/eldigitaldeasturias.com\/radio\/wp-content\/uploads\/2018\/03\/macbook-577758_1280.jpg","og:image:width":1280,"og:image:height":850,"article:published_time":"2020-06-10T16:50:07+00:00","article:modified_time":"2020-06-10T16:50:07+00:00","twitter:card":"summary_large_image","twitter:site":"@bercodi","twitter:title":"Costes laborales alemanes suben 4,3 por ciento en primer trimestre | El Digital de Asturias","twitter:description":"Wiesbaden (Alemania), 9 jun (dpa) - Los costes laborales por hora trabajada en Alemania se encarecieron un 4,3 por ciento en el primer trimestre de 2020 en relaci\u00f3n al mismo per\u00edodo del a\u00f1o anterior, indican cifras publicadas hoy por la Oficina Federal de Estad\u00edstica (Destatis). Seg\u00fan la entidad, este aumento se debe en parte al","twitter:creator":"@bercodi","twitter:image":"https:\/\/eldigitaldeasturias.com\/radio\/wp-content\/uploads\/2018\/03\/macbook-577758_1280.jpg"},"aioseo_meta_data":{"post_id":"4374","title":null,"description":null,"keywords":null,"keyphrases":null,"primary_term":null,"canonical_url":null,"og_title":null,"og_description":null,"og_object_type":"default","og_image_type":"default","og_image_url":null,"og_image_width":null,"og_image_height":null,"og_image_custom_url":null,"og_image_custom_fields":null,"og_video":null,"og_custom_url":null,"og_article_section":null,"og_article_tags":null,"twitter_use_og":false,"twitter_card":"default","twitter_image_type":"default","twitter_image_url":null,"twitter_image_custom_url":null,"twitter_image_custom_fields":null,"twitter_title":null,"twitter_description":null,"schema":{"blockGraphs":[],"customGraphs":[],"default":{"data":{"Article":[],"Course":[],"Dataset":[],"FAQPage":[],"Movie":[],"Person":[],"Product":[],"ProductReview":[],"Car":[],"Recipe":[],"Service":[],"SoftwareApplication":[],"WebPage":[]},"graphName":"","isEnabled":true},"graphs":[],"defaultGraph":"","defaultPostTypeGraph":""},"schema_type":null,"schema_type_options":null,"pillar_content":false,"robots_default":true,"robots_noindex":false,"robots_noarchive":false,"robots_nosnippet":false,"robots_nofollow":false,"robots_noimageindex":false,"robots_noodp":false,"robots_notranslate":false,"robots_max_snippet":null,"robots_max_videopreview":null,"robots_max_imagepreview":"large","priority":null,"frequency":null,"location":null,"local_seo":null,"seo_analyzer_scan_date":"2025-08-28 15:56:26","breadcrumb_settings":null,"limit_modified_date":false,"open_ai":null,"ai":null,"created":"2021-03-27 22:42:19","updated":"2025-08-28 15:56:26"},"aioseo_breadcrumb":"<div class=\"aioseo-breadcrumbs\"><span class=\"aioseo-breadcrumb\">\n\t<a href=\"https:\/\/eldigitaldeasturias.com\/radio\" title=\"Inicio\">Inicio<\/a>\n<\/span><span class=\"aioseo-breadcrumb-separator\">&ndash;<\/span><span class=\"aioseo-breadcrumb\">\n\t<a href=\"https:\/\/eldigitaldeasturias.com\/radio\/category\/negocios\/\" title=\"Negocios\">Negocios<\/a>\n<\/span><span class=\"aioseo-breadcrumb-separator\">&ndash;<\/span><span class=\"aioseo-breadcrumb\">\n\tCostes laborales alemanes suben 4,3 por ciento en primer trimestre\n<\/span><\/div>","aioseo_breadcrumb_json":[{"label":"Inicio","link":"https:\/\/eldigitaldeasturias.com\/radio"},{"label":"Negocios","link":"https:\/\/eldigitaldeasturias.com\/radio\/category\/negocios\/"},{"label":"Costes laborales alemanes suben 4,3 por ciento en primer trimestre","link":"https:\/\/eldigitaldeasturias.com\/radio\/costes-laborales-alemanes-suben-43-por-ciento-en-primer-trimestre\/"}],"_links":{"self":[{"href":"https:\/\/eldigitaldeasturias.com\/radio\/wp-json\/wp\/v2\/posts\/4374","targetHints":{"allow":["GET"]}}],"collection":[{"href":"https:\/\/eldigitaldeasturias.com\/radio\/wp-json\/wp\/v2\/posts"}],"about":[{"href":"https:\/\/eldigitaldeasturias.com\/radio\/wp-json\/wp\/v2\/types\/post"}],"author":[{"embeddable":true,"href":"https:\/\/eldigitaldeasturias.com\/radio\/wp-json\/wp\/v2\/users\/1"}],"replies":[{"embeddable":true,"href":"https:\/\/eldigitaldeasturias.com\/radio\/wp-json\/wp\/v2\/comments?post=4374"}],"version-history":[{"count":0,"href":"https:\/\/eldigitaldeasturias.com\/radio\/wp-json\/wp\/v2\/posts\/4374\/revisions"}],"wp:featuredmedia":[{"embeddable":true,"href":"https:\/\/eldigitaldeasturias.com\/radio\/wp-json\/wp\/v2\/media\/62"}],"wp:attachment":[{"href":"https:\/\/eldigitaldeasturias.com\/radio\/wp-json\/wp\/v2\/media?parent=4374"}],"wp:term":[{"taxonomy":"category","embeddable":true,"href":"https:\/\/eldigitaldeasturias.com\/radio\/wp-json\/wp\/v2\/categories?post=4374"},{"taxonomy":"post_tag","embeddable":true,"href":"https:\/\/eldigitaldeasturias.com\/radio\/wp-json\/wp\/v2\/tags?post=4374"}],"curies":[{"name":"wp","href":"https:\/\/api.w.org\/{rel}","templated":true}]}}