{"id":4372,"date":"2020-06-10T16:49:14","date_gmt":"2020-06-10T16:49:14","guid":{"rendered":"http:\/\/www.eldigitaldeasturias.com\/radio\/?p=4372"},"modified":"2020-06-10T16:49:14","modified_gmt":"2020-06-10T16:49:14","slug":"alemania-recibe-rescatados-del-mar-de-italia-y-malta-tras-paron","status":"publish","type":"post","link":"https:\/\/eldigitaldeasturias.com\/radio\/alemania-recibe-rescatados-del-mar-de-italia-y-malta-tras-paron\/","title":{"rendered":"Alemania recibe rescatados del mar de Italia y Malta tras par\u00f3n"},"content":{"rendered":"<p>Bruselas, 10 jun (dpa) &#8211; Alemania quiere ayudar a Italia y Malta tras el par\u00f3n desatado por la pandemia de coronavirus y volver\u00e1 a recibir migrantes rescatados del mar, anunci\u00f3 el ministro germano del Interior, Horst Seehofer.<\/p>\n<p>\u00abEl hecho de que haya habido un impasse se debe simplemente al desarrollo de la pandemia\u00bb, indic\u00f3. Seehofer destac\u00f3 que si bien la situaci\u00f3n se est\u00e1 relajando a\u00fan no puede anunciar el n\u00famero exacto de personas que Alemania acoger\u00e1 porque las conversaciones a\u00fan se encuentran en curso.<\/p>\n<p>Malta permiti\u00f3 el desembarco de m\u00e1s de 400 inmigrantes rescatados del Mar Meditarr\u00e1neo este fin de semana. Muchos de ellos fueron puestos en cuarentena en peque\u00f1os barcos frente al pa\u00eds mediterr\u00e1neo durante varias semanas, algunos ya desde el 30 de abril.<\/p>\n<p>La Uni\u00f3n Europea (UE) comunic\u00f3 hoy que Luxemburgo, Francia y Portugal tambi\u00e9n se muestran dispuestos a recibir personas de Malta.<\/p>\n<p>El compromiso de ayuda de Seehofer alcanza tambi\u00e9n a los migrantes de los barcos de rescate \u00abAlan Kurdi\u00bb y \u00abAita Mari\u00bb. Ambos hab\u00edan sido detenidos por las autoridades italianas a principios de mayo.<\/p>\n<p>Durante la crisis desatada por la pandemia de coronavirus, Italia y Malta declararon que ya no pod\u00edan proporcionar refugios seguros a los migrantes y pidieron m\u00e1s apoyo de otros pa\u00edses socios en la UE.<\/p>\n","protected":false},"excerpt":{"rendered":"<p>Bruselas, 10 jun (dpa) &#8211; Alemania quiere ayudar a Italia y Malta tras el par\u00f3n desatado por la pandemia de coronavirus y volver\u00e1 a recibir migrantes rescatados del mar, anunci\u00f3 el ministro germano del Interior, Horst Seehofer. \u00abEl hecho de que haya habido un impasse se debe simplemente al desarrollo de la pandemia\u00bb, indic\u00f3. Seehofer<\/p>\n","protected":false},"author":1,"featured_media":1352,"comment_status":"closed","ping_status":"closed","sticky":false,"template":"","format":"standard","meta":{"footnotes":""},"categories":[1],"tags":[],"class_list":{"0":"post-4372","1":"post","2":"type-post","3":"status-publish","4":"format-standard","5":"has-post-thumbnail","7":"category-noticias"},"aioseo_notices":[],"aioseo_head":"\n\t\t<!-- All in One SEO Pro 4.9.6.2 - aioseo.com -->\n\t<meta name=\"description\" content=\"Bruselas, 10 jun (dpa) - Alemania quiere ayudar a Italia y Malta tras el par\u00f3n desatado por la pandemia de coronavirus y volver\u00e1 a recibir migrantes rescatados del mar, anunci\u00f3 el ministro germano del Interior, Horst Seehofer. &quot;El hecho de que haya habido un impasse se debe simplemente al desarrollo de la pandemia&quot;, indic\u00f3. Seehofer\" \/>\n\t<meta name=\"robots\" content=\"max-image-preview:large\" \/>\n\t<meta name=\"author\" content=\"NBAsturias\"\/>\n\t<meta name=\"google-site-verification\" content=\"UA-38556648-1\" \/>\n\t<meta name=\"keywords\" content=\"noticias\" \/>\n\t<link rel=\"canonical\" href=\"https:\/\/eldigitaldeasturias.com\/radio\/alemania-recibe-rescatados-del-mar-de-italia-y-malta-tras-paron\/\" \/>\n\t<meta name=\"generator\" content=\"All in One SEO Pro (AIOSEO) 4.9.6.2\" \/>\n\t\t<meta property=\"og:locale\" content=\"es_ES\" \/>\n\t\t<meta property=\"og:site_name\" content=\"El Digital de Asturias | Diario de informaci\u00f3n y noticias\" \/>\n\t\t<meta property=\"og:type\" content=\"article\" \/>\n\t\t<meta property=\"og:title\" content=\"Alemania recibe rescatados del mar de Italia y Malta tras par\u00f3n | El Digital de Asturias\" \/>\n\t\t<meta property=\"og:description\" content=\"Bruselas, 10 jun (dpa) - Alemania quiere ayudar a Italia y Malta tras el par\u00f3n desatado por la pandemia de coronavirus y volver\u00e1 a recibir migrantes rescatados del mar, anunci\u00f3 el ministro germano del Interior, Horst Seehofer. &quot;El hecho de que haya habido un impasse se debe simplemente al desarrollo de la pandemia&quot;, indic\u00f3. Seehofer\" \/>\n\t\t<meta property=\"og:url\" content=\"https:\/\/eldigitaldeasturias.com\/radio\/alemania-recibe-rescatados-del-mar-de-italia-y-malta-tras-paron\/\" \/>\n\t\t<meta property=\"og:image\" content=\"https:\/\/eldigitaldeasturias.com\/radio\/wp-content\/uploads\/2018\/10\/technology-785742_960_720.jpg\" \/>\n\t\t<meta property=\"og:image:secure_url\" content=\"https:\/\/eldigitaldeasturias.com\/radio\/wp-content\/uploads\/2018\/10\/technology-785742_960_720.jpg\" \/>\n\t\t<meta property=\"og:image:width\" content=\"960\" \/>\n\t\t<meta property=\"og:image:height\" content=\"640\" \/>\n\t\t<meta property=\"article:published_time\" content=\"2020-06-10T16:49:14+00:00\" \/>\n\t\t<meta property=\"article:modified_time\" content=\"2020-06-10T16:49:14+00:00\" \/>\n\t\t<meta name=\"twitter:card\" content=\"summary_large_image\" \/>\n\t\t<meta name=\"twitter:site\" content=\"@bercodi\" \/>\n\t\t<meta name=\"twitter:title\" content=\"Alemania recibe rescatados del mar de Italia y Malta tras par\u00f3n | El Digital de Asturias\" \/>\n\t\t<meta name=\"twitter:description\" content=\"Bruselas, 10 jun (dpa) - Alemania quiere ayudar a Italia y Malta tras el par\u00f3n desatado por la pandemia de coronavirus y volver\u00e1 a recibir migrantes rescatados del mar, anunci\u00f3 el ministro germano del Interior, Horst Seehofer. &quot;El hecho de que haya habido un impasse se debe simplemente al desarrollo de la pandemia&quot;, indic\u00f3. Seehofer\" \/>\n\t\t<meta name=\"twitter:creator\" content=\"@bercodi\" \/>\n\t\t<meta name=\"twitter:image\" content=\"https:\/\/eldigitaldeasturias.com\/radio\/wp-content\/uploads\/2018\/10\/technology-785742_960_720.jpg\" \/>\n\t\t<script type=\"application\/ld+json\" class=\"aioseo-schema\">\n\t\t\t{\"@context\":\"https:\\\/\\\/schema.org\",\"@graph\":[{\"@type\":\"BreadcrumbList\",\"@id\":\"https:\\\/\\\/eldigitaldeasturias.com\\\/radio\\\/alemania-recibe-rescatados-del-mar-de-italia-y-malta-tras-paron\\\/#breadcrumblist\",\"itemListElement\":[{\"@type\":\"ListItem\",\"@id\":\"https:\\\/\\\/eldigitaldeasturias.com\\\/radio#listItem\",\"position\":1,\"name\":\"Inicio\",\"item\":\"https:\\\/\\\/eldigitaldeasturias.com\\\/radio\",\"nextItem\":{\"@type\":\"ListItem\",\"@id\":\"https:\\\/\\\/eldigitaldeasturias.com\\\/radio\\\/category\\\/noticias\\\/#listItem\",\"name\":\"Noticias\"}},{\"@type\":\"ListItem\",\"@id\":\"https:\\\/\\\/eldigitaldeasturias.com\\\/radio\\\/category\\\/noticias\\\/#listItem\",\"position\":2,\"name\":\"Noticias\",\"item\":\"https:\\\/\\\/eldigitaldeasturias.com\\\/radio\\\/category\\\/noticias\\\/\",\"nextItem\":{\"@type\":\"ListItem\",\"@id\":\"https:\\\/\\\/eldigitaldeasturias.com\\\/radio\\\/alemania-recibe-rescatados-del-mar-de-italia-y-malta-tras-paron\\\/#listItem\",\"name\":\"Alemania recibe rescatados del mar de Italia y Malta tras par\\u00f3n\"},\"previousItem\":{\"@type\":\"ListItem\",\"@id\":\"https:\\\/\\\/eldigitaldeasturias.com\\\/radio#listItem\",\"name\":\"Inicio\"}},{\"@type\":\"ListItem\",\"@id\":\"https:\\\/\\\/eldigitaldeasturias.com\\\/radio\\\/alemania-recibe-rescatados-del-mar-de-italia-y-malta-tras-paron\\\/#listItem\",\"position\":3,\"name\":\"Alemania recibe rescatados del mar de Italia y Malta tras par\\u00f3n\",\"previousItem\":{\"@type\":\"ListItem\",\"@id\":\"https:\\\/\\\/eldigitaldeasturias.com\\\/radio\\\/category\\\/noticias\\\/#listItem\",\"name\":\"Noticias\"}}]},{\"@type\":\"NewsArticle\",\"@id\":\"https:\\\/\\\/eldigitaldeasturias.com\\\/radio\\\/alemania-recibe-rescatados-del-mar-de-italia-y-malta-tras-paron\\\/#newsarticle\",\"name\":\"Alemania recibe rescatados del mar de Italia y Malta tras par\\u00f3n | El Digital de Asturias\",\"headline\":\"Alemania recibe rescatados del mar de Italia y Malta tras par\\u00f3n\",\"author\":{\"@id\":\"https:\\\/\\\/eldigitaldeasturias.com\\\/radio\\\/author\\\/nbasturias\\\/#author\"},\"publisher\":{\"@id\":\"https:\\\/\\\/eldigitaldeasturias.com\\\/radio\\\/#organization\"},\"image\":{\"@type\":\"ImageObject\",\"url\":\"https:\\\/\\\/eldigitaldeasturias.com\\\/radio\\\/wp-content\\\/uploads\\\/2018\\\/10\\\/technology-785742_960_720.jpg\",\"width\":960,\"height\":640},\"datePublished\":\"2020-06-10T16:49:14+02:00\",\"dateModified\":\"2020-06-10T16:49:14+02:00\",\"inLanguage\":\"es-ES\",\"mainEntityOfPage\":{\"@id\":\"https:\\\/\\\/eldigitaldeasturias.com\\\/radio\\\/alemania-recibe-rescatados-del-mar-de-italia-y-malta-tras-paron\\\/#webpage\"},\"isPartOf\":{\"@id\":\"https:\\\/\\\/eldigitaldeasturias.com\\\/radio\\\/alemania-recibe-rescatados-del-mar-de-italia-y-malta-tras-paron\\\/#webpage\"},\"articleSection\":\"Noticias\",\"dateline\":\"Publicado el junio 10, 2020.\"},{\"@type\":\"Organization\",\"@id\":\"https:\\\/\\\/eldigitaldeasturias.com\\\/radio\\\/#organization\",\"name\":\"El digital de Asturias Radio\",\"description\":\"Diario de informaci\\u00f3n y noticias\",\"url\":\"https:\\\/\\\/eldigitaldeasturias.com\\\/radio\\\/\",\"telephone\":\"+34652131393\",\"logo\":{\"@type\":\"ImageObject\",\"url\":\"https:\\\/\\\/www.eldigitaldeasturias.com\\\/radio\\\/wp-content\\\/uploads\\\/2021\\\/03\\\/EDA.jpg\",\"@id\":\"https:\\\/\\\/eldigitaldeasturias.com\\\/radio\\\/alemania-recibe-rescatados-del-mar-de-italia-y-malta-tras-paron\\\/#organizationLogo\"},\"image\":{\"@id\":\"https:\\\/\\\/eldigitaldeasturias.com\\\/radio\\\/alemania-recibe-rescatados-del-mar-de-italia-y-malta-tras-paron\\\/#organizationLogo\"},\"sameAs\":[\"https:\\\/\\\/www.facebook.com\\\/\",\"https:\\\/\\\/x.com\\\/bercodi\",\"https:\\\/\\\/www.instagram.com\\\/\",\"https:\\\/\\\/www.youtube.com\\\/channel\\\/UCZP-2wLEB9Rv6erhFmqVnvg\"]},{\"@type\":\"Person\",\"@id\":\"https:\\\/\\\/eldigitaldeasturias.com\\\/radio\\\/author\\\/nbasturias\\\/#author\",\"url\":\"https:\\\/\\\/eldigitaldeasturias.com\\\/radio\\\/author\\\/nbasturias\\\/\",\"name\":\"NBAsturias\",\"image\":{\"@type\":\"ImageObject\",\"@id\":\"https:\\\/\\\/eldigitaldeasturias.com\\\/radio\\\/alemania-recibe-rescatados-del-mar-de-italia-y-malta-tras-paron\\\/#authorImage\",\"url\":\"https:\\\/\\\/secure.gravatar.com\\\/avatar\\\/df2aeffc32bcd13f8d26072ef8a91b623d677766deac7f97ca815868cd41bf5e?s=96&d=mm&r=g\",\"width\":96,\"height\":96,\"caption\":\"NBAsturias\"}},{\"@type\":\"WebPage\",\"@id\":\"https:\\\/\\\/eldigitaldeasturias.com\\\/radio\\\/alemania-recibe-rescatados-del-mar-de-italia-y-malta-tras-paron\\\/#webpage\",\"url\":\"https:\\\/\\\/eldigitaldeasturias.com\\\/radio\\\/alemania-recibe-rescatados-del-mar-de-italia-y-malta-tras-paron\\\/\",\"name\":\"Alemania recibe rescatados del mar de Italia y Malta tras par\\u00f3n | El Digital de Asturias\",\"description\":\"Bruselas, 10 jun (dpa) - Alemania quiere ayudar a Italia y Malta tras el par\\u00f3n desatado por la pandemia de coronavirus y volver\\u00e1 a recibir migrantes rescatados del mar, anunci\\u00f3 el ministro germano del Interior, Horst Seehofer. \\\"El hecho de que haya habido un impasse se debe simplemente al desarrollo de la pandemia\\\", indic\\u00f3. Seehofer\",\"inLanguage\":\"es-ES\",\"isPartOf\":{\"@id\":\"https:\\\/\\\/eldigitaldeasturias.com\\\/radio\\\/#website\"},\"breadcrumb\":{\"@id\":\"https:\\\/\\\/eldigitaldeasturias.com\\\/radio\\\/alemania-recibe-rescatados-del-mar-de-italia-y-malta-tras-paron\\\/#breadcrumblist\"},\"author\":{\"@id\":\"https:\\\/\\\/eldigitaldeasturias.com\\\/radio\\\/author\\\/nbasturias\\\/#author\"},\"creator\":{\"@id\":\"https:\\\/\\\/eldigitaldeasturias.com\\\/radio\\\/author\\\/nbasturias\\\/#author\"},\"image\":{\"@type\":\"ImageObject\",\"url\":\"https:\\\/\\\/eldigitaldeasturias.com\\\/radio\\\/wp-content\\\/uploads\\\/2018\\\/10\\\/technology-785742_960_720.jpg\",\"@id\":\"https:\\\/\\\/eldigitaldeasturias.com\\\/radio\\\/alemania-recibe-rescatados-del-mar-de-italia-y-malta-tras-paron\\\/#mainImage\",\"width\":960,\"height\":640},\"primaryImageOfPage\":{\"@id\":\"https:\\\/\\\/eldigitaldeasturias.com\\\/radio\\\/alemania-recibe-rescatados-del-mar-de-italia-y-malta-tras-paron\\\/#mainImage\"},\"datePublished\":\"2020-06-10T16:49:14+02:00\",\"dateModified\":\"2020-06-10T16:49:14+02:00\"},{\"@type\":\"WebSite\",\"@id\":\"https:\\\/\\\/eldigitaldeasturias.com\\\/radio\\\/#website\",\"url\":\"https:\\\/\\\/eldigitaldeasturias.com\\\/radio\\\/\",\"name\":\"El Digital de Asturias\",\"description\":\"Diario de informaci\\u00f3n y noticias\",\"inLanguage\":\"es-ES\",\"publisher\":{\"@id\":\"https:\\\/\\\/eldigitaldeasturias.com\\\/radio\\\/#organization\"}}]}\n\t\t<\/script>\n\t\t<!-- All in One SEO Pro -->\r\n\t\t<title>Alemania recibe rescatados del mar de Italia y Malta tras par\u00f3n | El Digital de Asturias<\/title>\n\n","aioseo_head_json":{"title":"Alemania recibe rescatados del mar de Italia y Malta tras par\u00f3n | El Digital de Asturias","description":"Bruselas, 10 jun (dpa) - Alemania quiere ayudar a Italia y Malta tras el par\u00f3n desatado por la pandemia de coronavirus y volver\u00e1 a recibir migrantes rescatados del mar, anunci\u00f3 el ministro germano del Interior, Horst Seehofer. \"El hecho de que haya habido un impasse se debe simplemente al desarrollo de la pandemia\", indic\u00f3. Seehofer","canonical_url":"https:\/\/eldigitaldeasturias.com\/radio\/alemania-recibe-rescatados-del-mar-de-italia-y-malta-tras-paron\/","robots":"max-image-preview:large","keywords":"noticias","webmasterTools":{"google-site-verification":"UA-38556648-1","miscellaneous":""},"schema":{"@context":"https:\/\/schema.org","@graph":[{"@type":"BreadcrumbList","@id":"https:\/\/eldigitaldeasturias.com\/radio\/alemania-recibe-rescatados-del-mar-de-italia-y-malta-tras-paron\/#breadcrumblist","itemListElement":[{"@type":"ListItem","@id":"https:\/\/eldigitaldeasturias.com\/radio#listItem","position":1,"name":"Inicio","item":"https:\/\/eldigitaldeasturias.com\/radio","nextItem":{"@type":"ListItem","@id":"https:\/\/eldigitaldeasturias.com\/radio\/category\/noticias\/#listItem","name":"Noticias"}},{"@type":"ListItem","@id":"https:\/\/eldigitaldeasturias.com\/radio\/category\/noticias\/#listItem","position":2,"name":"Noticias","item":"https:\/\/eldigitaldeasturias.com\/radio\/category\/noticias\/","nextItem":{"@type":"ListItem","@id":"https:\/\/eldigitaldeasturias.com\/radio\/alemania-recibe-rescatados-del-mar-de-italia-y-malta-tras-paron\/#listItem","name":"Alemania recibe rescatados del mar de Italia y Malta tras par\u00f3n"},"previousItem":{"@type":"ListItem","@id":"https:\/\/eldigitaldeasturias.com\/radio#listItem","name":"Inicio"}},{"@type":"ListItem","@id":"https:\/\/eldigitaldeasturias.com\/radio\/alemania-recibe-rescatados-del-mar-de-italia-y-malta-tras-paron\/#listItem","position":3,"name":"Alemania recibe rescatados del mar de Italia y Malta tras par\u00f3n","previousItem":{"@type":"ListItem","@id":"https:\/\/eldigitaldeasturias.com\/radio\/category\/noticias\/#listItem","name":"Noticias"}}]},{"@type":"NewsArticle","@id":"https:\/\/eldigitaldeasturias.com\/radio\/alemania-recibe-rescatados-del-mar-de-italia-y-malta-tras-paron\/#newsarticle","name":"Alemania recibe rescatados del mar de Italia y Malta tras par\u00f3n | El Digital de Asturias","headline":"Alemania recibe rescatados del mar de Italia y Malta tras par\u00f3n","author":{"@id":"https:\/\/eldigitaldeasturias.com\/radio\/author\/nbasturias\/#author"},"publisher":{"@id":"https:\/\/eldigitaldeasturias.com\/radio\/#organization"},"image":{"@type":"ImageObject","url":"https:\/\/eldigitaldeasturias.com\/radio\/wp-content\/uploads\/2018\/10\/technology-785742_960_720.jpg","width":960,"height":640},"datePublished":"2020-06-10T16:49:14+02:00","dateModified":"2020-06-10T16:49:14+02:00","inLanguage":"es-ES","mainEntityOfPage":{"@id":"https:\/\/eldigitaldeasturias.com\/radio\/alemania-recibe-rescatados-del-mar-de-italia-y-malta-tras-paron\/#webpage"},"isPartOf":{"@id":"https:\/\/eldigitaldeasturias.com\/radio\/alemania-recibe-rescatados-del-mar-de-italia-y-malta-tras-paron\/#webpage"},"articleSection":"Noticias","dateline":"Publicado el junio 10, 2020."},{"@type":"Organization","@id":"https:\/\/eldigitaldeasturias.com\/radio\/#organization","name":"El digital de Asturias Radio","description":"Diario de informaci\u00f3n y noticias","url":"https:\/\/eldigitaldeasturias.com\/radio\/","telephone":"+34652131393","logo":{"@type":"ImageObject","url":"https:\/\/www.eldigitaldeasturias.com\/radio\/wp-content\/uploads\/2021\/03\/EDA.jpg","@id":"https:\/\/eldigitaldeasturias.com\/radio\/alemania-recibe-rescatados-del-mar-de-italia-y-malta-tras-paron\/#organizationLogo"},"image":{"@id":"https:\/\/eldigitaldeasturias.com\/radio\/alemania-recibe-rescatados-del-mar-de-italia-y-malta-tras-paron\/#organizationLogo"},"sameAs":["https:\/\/www.facebook.com\/","https:\/\/x.com\/bercodi","https:\/\/www.instagram.com\/","https:\/\/www.youtube.com\/channel\/UCZP-2wLEB9Rv6erhFmqVnvg"]},{"@type":"Person","@id":"https:\/\/eldigitaldeasturias.com\/radio\/author\/nbasturias\/#author","url":"https:\/\/eldigitaldeasturias.com\/radio\/author\/nbasturias\/","name":"NBAsturias","image":{"@type":"ImageObject","@id":"https:\/\/eldigitaldeasturias.com\/radio\/alemania-recibe-rescatados-del-mar-de-italia-y-malta-tras-paron\/#authorImage","url":"https:\/\/secure.gravatar.com\/avatar\/df2aeffc32bcd13f8d26072ef8a91b623d677766deac7f97ca815868cd41bf5e?s=96&d=mm&r=g","width":96,"height":96,"caption":"NBAsturias"}},{"@type":"WebPage","@id":"https:\/\/eldigitaldeasturias.com\/radio\/alemania-recibe-rescatados-del-mar-de-italia-y-malta-tras-paron\/#webpage","url":"https:\/\/eldigitaldeasturias.com\/radio\/alemania-recibe-rescatados-del-mar-de-italia-y-malta-tras-paron\/","name":"Alemania recibe rescatados del mar de Italia y Malta tras par\u00f3n | El Digital de Asturias","description":"Bruselas, 10 jun (dpa) - Alemania quiere ayudar a Italia y Malta tras el par\u00f3n desatado por la pandemia de coronavirus y volver\u00e1 a recibir migrantes rescatados del mar, anunci\u00f3 el ministro germano del Interior, Horst Seehofer. \"El hecho de que haya habido un impasse se debe simplemente al desarrollo de la pandemia\", indic\u00f3. Seehofer","inLanguage":"es-ES","isPartOf":{"@id":"https:\/\/eldigitaldeasturias.com\/radio\/#website"},"breadcrumb":{"@id":"https:\/\/eldigitaldeasturias.com\/radio\/alemania-recibe-rescatados-del-mar-de-italia-y-malta-tras-paron\/#breadcrumblist"},"author":{"@id":"https:\/\/eldigitaldeasturias.com\/radio\/author\/nbasturias\/#author"},"creator":{"@id":"https:\/\/eldigitaldeasturias.com\/radio\/author\/nbasturias\/#author"},"image":{"@type":"ImageObject","url":"https:\/\/eldigitaldeasturias.com\/radio\/wp-content\/uploads\/2018\/10\/technology-785742_960_720.jpg","@id":"https:\/\/eldigitaldeasturias.com\/radio\/alemania-recibe-rescatados-del-mar-de-italia-y-malta-tras-paron\/#mainImage","width":960,"height":640},"primaryImageOfPage":{"@id":"https:\/\/eldigitaldeasturias.com\/radio\/alemania-recibe-rescatados-del-mar-de-italia-y-malta-tras-paron\/#mainImage"},"datePublished":"2020-06-10T16:49:14+02:00","dateModified":"2020-06-10T16:49:14+02:00"},{"@type":"WebSite","@id":"https:\/\/eldigitaldeasturias.com\/radio\/#website","url":"https:\/\/eldigitaldeasturias.com\/radio\/","name":"El Digital de Asturias","description":"Diario de informaci\u00f3n y noticias","inLanguage":"es-ES","publisher":{"@id":"https:\/\/eldigitaldeasturias.com\/radio\/#organization"}}]},"og:locale":"es_ES","og:site_name":"El Digital de Asturias | Diario de informaci\u00f3n y noticias","og:type":"article","og:title":"Alemania recibe rescatados del mar de Italia y Malta tras par\u00f3n | El Digital de Asturias","og:description":"Bruselas, 10 jun (dpa) - Alemania quiere ayudar a Italia y Malta tras el par\u00f3n desatado por la pandemia de coronavirus y volver\u00e1 a recibir migrantes rescatados del mar, anunci\u00f3 el ministro germano del Interior, Horst Seehofer. &quot;El hecho de que haya habido un impasse se debe simplemente al desarrollo de la pandemia&quot;, indic\u00f3. Seehofer","og:url":"https:\/\/eldigitaldeasturias.com\/radio\/alemania-recibe-rescatados-del-mar-de-italia-y-malta-tras-paron\/","og:image":"https:\/\/eldigitaldeasturias.com\/radio\/wp-content\/uploads\/2018\/10\/technology-785742_960_720.jpg","og:image:secure_url":"https:\/\/eldigitaldeasturias.com\/radio\/wp-content\/uploads\/2018\/10\/technology-785742_960_720.jpg","og:image:width":960,"og:image:height":640,"article:published_time":"2020-06-10T16:49:14+00:00","article:modified_time":"2020-06-10T16:49:14+00:00","twitter:card":"summary_large_image","twitter:site":"@bercodi","twitter:title":"Alemania recibe rescatados del mar de Italia y Malta tras par\u00f3n | El Digital de Asturias","twitter:description":"Bruselas, 10 jun (dpa) - Alemania quiere ayudar a Italia y Malta tras el par\u00f3n desatado por la pandemia de coronavirus y volver\u00e1 a recibir migrantes rescatados del mar, anunci\u00f3 el ministro germano del Interior, Horst Seehofer. &quot;El hecho de que haya habido un impasse se debe simplemente al desarrollo de la pandemia&quot;, indic\u00f3. Seehofer","twitter:creator":"@bercodi","twitter:image":"https:\/\/eldigitaldeasturias.com\/radio\/wp-content\/uploads\/2018\/10\/technology-785742_960_720.jpg"},"aioseo_meta_data":{"post_id":"4372","title":null,"description":null,"keywords":null,"keyphrases":null,"primary_term":null,"canonical_url":null,"og_title":null,"og_description":null,"og_object_type":"default","og_image_type":"default","og_image_url":null,"og_image_width":null,"og_image_height":null,"og_image_custom_url":null,"og_image_custom_fields":null,"og_video":null,"og_custom_url":null,"og_article_section":null,"og_article_tags":null,"twitter_use_og":false,"twitter_card":"default","twitter_image_type":"default","twitter_image_url":null,"twitter_image_custom_url":null,"twitter_image_custom_fields":null,"twitter_title":null,"twitter_description":null,"schema":{"blockGraphs":[],"customGraphs":[],"default":{"data":{"Article":[],"Course":[],"Dataset":[],"FAQPage":[],"Movie":[],"Person":[],"Product":[],"ProductReview":[],"Car":[],"Recipe":[],"Service":[],"SoftwareApplication":[],"WebPage":[]},"graphName":"","isEnabled":true},"graphs":[],"defaultGraph":"","defaultPostTypeGraph":""},"schema_type":null,"schema_type_options":null,"pillar_content":false,"robots_default":true,"robots_noindex":false,"robots_noarchive":false,"robots_nosnippet":false,"robots_nofollow":false,"robots_noimageindex":false,"robots_noodp":false,"robots_notranslate":false,"robots_max_snippet":null,"robots_max_videopreview":null,"robots_max_imagepreview":"large","priority":null,"frequency":null,"location":null,"local_seo":null,"seo_analyzer_scan_date":"2025-08-28 15:55:03","breadcrumb_settings":null,"limit_modified_date":false,"open_ai":null,"ai":null,"created":"2021-03-25 20:59:41","updated":"2025-08-28 15:55:03"},"aioseo_breadcrumb":"<div class=\"aioseo-breadcrumbs\"><span class=\"aioseo-breadcrumb\">\n\t<a href=\"https:\/\/eldigitaldeasturias.com\/radio\" title=\"Inicio\">Inicio<\/a>\n<\/span><span class=\"aioseo-breadcrumb-separator\">&ndash;<\/span><span class=\"aioseo-breadcrumb\">\n\t<a href=\"https:\/\/eldigitaldeasturias.com\/radio\/category\/noticias\/\" title=\"Noticias\">Noticias<\/a>\n<\/span><span class=\"aioseo-breadcrumb-separator\">&ndash;<\/span><span class=\"aioseo-breadcrumb\">\n\tAlemania recibe rescatados del mar de Italia y Malta tras par\u00f3n\n<\/span><\/div>","aioseo_breadcrumb_json":[{"label":"Inicio","link":"https:\/\/eldigitaldeasturias.com\/radio"},{"label":"Noticias","link":"https:\/\/eldigitaldeasturias.com\/radio\/category\/noticias\/"},{"label":"Alemania recibe rescatados del mar de Italia y Malta tras par\u00f3n","link":"https:\/\/eldigitaldeasturias.com\/radio\/alemania-recibe-rescatados-del-mar-de-italia-y-malta-tras-paron\/"}],"_links":{"self":[{"href":"https:\/\/eldigitaldeasturias.com\/radio\/wp-json\/wp\/v2\/posts\/4372","targetHints":{"allow":["GET"]}}],"collection":[{"href":"https:\/\/eldigitaldeasturias.com\/radio\/wp-json\/wp\/v2\/posts"}],"about":[{"href":"https:\/\/eldigitaldeasturias.com\/radio\/wp-json\/wp\/v2\/types\/post"}],"author":[{"embeddable":true,"href":"https:\/\/eldigitaldeasturias.com\/radio\/wp-json\/wp\/v2\/users\/1"}],"replies":[{"embeddable":true,"href":"https:\/\/eldigitaldeasturias.com\/radio\/wp-json\/wp\/v2\/comments?post=4372"}],"version-history":[{"count":0,"href":"https:\/\/eldigitaldeasturias.com\/radio\/wp-json\/wp\/v2\/posts\/4372\/revisions"}],"wp:featuredmedia":[{"embeddable":true,"href":"https:\/\/eldigitaldeasturias.com\/radio\/wp-json\/wp\/v2\/media\/1352"}],"wp:attachment":[{"href":"https:\/\/eldigitaldeasturias.com\/radio\/wp-json\/wp\/v2\/media?parent=4372"}],"wp:term":[{"taxonomy":"category","embeddable":true,"href":"https:\/\/eldigitaldeasturias.com\/radio\/wp-json\/wp\/v2\/categories?post=4372"},{"taxonomy":"post_tag","embeddable":true,"href":"https:\/\/eldigitaldeasturias.com\/radio\/wp-json\/wp\/v2\/tags?post=4372"}],"curies":[{"name":"wp","href":"https:\/\/api.w.org\/{rel}","templated":true}]}}