{"id":4363,"date":"2020-06-09T01:56:13","date_gmt":"2020-06-09T01:56:13","guid":{"rendered":"http:\/\/www.eldigitaldeasturias.com\/radio\/?p=4363"},"modified":"2020-06-09T01:56:13","modified_gmt":"2020-06-09T01:56:13","slug":"boris-becker-rechaza-insultos-por-manifestarse-contra-el-racismo","status":"publish","type":"post","link":"https:\/\/eldigitaldeasturias.com\/radio\/boris-becker-rechaza-insultos-por-manifestarse-contra-el-racismo\/","title":{"rendered":"Boris Becker rechaza insultos por manifestarse contra el racismo"},"content":{"rendered":"<p><img fetchpriority=\"high\" decoding=\"async\" class=\"alignleft size-medium wp-image-893\" src=\"http:\/\/www.eldigitaldeasturias.com\/radio\/wp-content\/uploads\/2018\/05\/tennis-923659_960_720-360x270.jpg\" alt=\"\" width=\"360\" height=\"270\" srcset=\"https:\/\/eldigitaldeasturias.com\/radio\/wp-content\/uploads\/2018\/05\/tennis-923659_960_720-360x270.jpg 360w, https:\/\/eldigitaldeasturias.com\/radio\/wp-content\/uploads\/2018\/05\/tennis-923659_960_720-768x576.jpg 768w, https:\/\/eldigitaldeasturias.com\/radio\/wp-content\/uploads\/2018\/05\/tennis-923659_960_720.jpg 960w\" sizes=\"(max-width: 360px) 100vw, 360px\" \/>Londres, 8 jun (dpa) &#8211; La leyenda del tenis alem\u00e1n Boris Becker volvi\u00f3 a rechazar las cr\u00edticas vertidas contra \u00e9l en las redes sociales por su participaci\u00f3n en una manifestaci\u00f3n contra el racismo en Londres, a trav\u00e9s de un v\u00eddeo publicado hoy en su cuenta de Twitter.<\/p>\n<p>\u00abAnoche deb\u00ed tocar alg\u00fan punto d\u00e9bil con mi tweet sobre la historia de mi familia\u00bb, dijo respecto al mensaje publicado en la noche del domingo por el tres veces ganador de Wimbledon.<\/p>\n<p>\u00abDeber\u00edamos hablar de ello m\u00e1s a menudo p\u00fablicamente. Todos somos una familia\u00bb, afirma Becker en su v\u00eddeo.<\/p>\n<p>\u00abEstoy sorprendido, horrorizado, aterrado por los muchos insultos provenientes SOLO de Alemania por mi apoyo a la manifestaci\u00f3n #BlackLivesMatters de ayer en Londres!\u00bb, escribi\u00f3 Becker el domingo en su cuenta de Twitter.<\/p>\n<p>El s\u00e1bado, el tenista public\u00f3 un v\u00eddeo de s\u00ed mismo con una bufanda cubir\u00e9ndose la boca en la manifestaci\u00f3n antirracista de Londres. Las respuestas a su publicaci\u00f3n conten\u00edan numerosos insultos.<\/p>\n<p>\u00abAparentemente mucha gente en Alemania todav\u00eda no entiende cu\u00e1l es la historia de mi familia\u00bb, escribi\u00f3 Becker en otro mensaje el domingo, a\u00f1adiendo como hashtag los nombres de sus hijos Noah, Elias, Anna y Amadeus.<\/p>\n","protected":false},"excerpt":{"rendered":"<p>Londres, 8 jun (dpa) &#8211; La leyenda del tenis alem\u00e1n Boris Becker volvi\u00f3 a rechazar las cr\u00edticas vertidas contra \u00e9l en las redes sociales por su participaci\u00f3n en una manifestaci\u00f3n contra el racismo en Londres, a trav\u00e9s de un v\u00eddeo publicado hoy en su cuenta de Twitter. \u00abAnoche deb\u00ed tocar alg\u00fan punto d\u00e9bil con mi<\/p>\n","protected":false},"author":1,"featured_media":893,"comment_status":"closed","ping_status":"closed","sticky":false,"template":"","format":"standard","meta":{"footnotes":""},"categories":[1],"tags":[],"class_list":{"0":"post-4363","1":"post","2":"type-post","3":"status-publish","4":"format-standard","5":"has-post-thumbnail","7":"category-noticias"},"aioseo_notices":[],"aioseo_head":"\n\t\t<!-- All in One SEO Pro 4.9.6.2 - aioseo.com -->\n\t<meta name=\"description\" content=\"Londres, 8 jun (dpa) - La leyenda del tenis alem\u00e1n Boris Becker volvi\u00f3 a rechazar las cr\u00edticas vertidas contra \u00e9l en las redes sociales por su participaci\u00f3n en una manifestaci\u00f3n contra el racismo en Londres, a trav\u00e9s de un v\u00eddeo publicado hoy en su cuenta de Twitter. &quot;Anoche deb\u00ed tocar alg\u00fan punto d\u00e9bil con mi\" \/>\n\t<meta name=\"robots\" content=\"max-image-preview:large\" \/>\n\t<meta name=\"author\" content=\"NBAsturias\"\/>\n\t<meta name=\"google-site-verification\" content=\"UA-38556648-1\" \/>\n\t<meta name=\"keywords\" content=\"noticias\" \/>\n\t<link rel=\"canonical\" href=\"https:\/\/eldigitaldeasturias.com\/radio\/boris-becker-rechaza-insultos-por-manifestarse-contra-el-racismo\/\" \/>\n\t<meta name=\"generator\" content=\"All in One SEO Pro (AIOSEO) 4.9.6.2\" \/>\n\t\t<meta property=\"og:locale\" content=\"es_ES\" \/>\n\t\t<meta property=\"og:site_name\" content=\"El Digital de Asturias | Diario de informaci\u00f3n y noticias\" \/>\n\t\t<meta property=\"og:type\" content=\"article\" \/>\n\t\t<meta property=\"og:title\" content=\"Boris Becker rechaza insultos por manifestarse contra el racismo | El Digital de Asturias\" \/>\n\t\t<meta property=\"og:description\" content=\"Londres, 8 jun (dpa) - La leyenda del tenis alem\u00e1n Boris Becker volvi\u00f3 a rechazar las cr\u00edticas vertidas contra \u00e9l en las redes sociales por su participaci\u00f3n en una manifestaci\u00f3n contra el racismo en Londres, a trav\u00e9s de un v\u00eddeo publicado hoy en su cuenta de Twitter. &quot;Anoche deb\u00ed tocar alg\u00fan punto d\u00e9bil con mi\" \/>\n\t\t<meta property=\"og:url\" content=\"https:\/\/eldigitaldeasturias.com\/radio\/boris-becker-rechaza-insultos-por-manifestarse-contra-el-racismo\/\" \/>\n\t\t<meta property=\"og:image\" content=\"https:\/\/eldigitaldeasturias.com\/radio\/wp-content\/uploads\/2018\/05\/tennis-923659_960_720.jpg\" \/>\n\t\t<meta property=\"og:image:secure_url\" content=\"https:\/\/eldigitaldeasturias.com\/radio\/wp-content\/uploads\/2018\/05\/tennis-923659_960_720.jpg\" \/>\n\t\t<meta property=\"og:image:width\" content=\"960\" \/>\n\t\t<meta property=\"og:image:height\" content=\"720\" \/>\n\t\t<meta property=\"article:published_time\" content=\"2020-06-09T01:56:13+00:00\" \/>\n\t\t<meta property=\"article:modified_time\" content=\"2020-06-09T01:56:13+00:00\" \/>\n\t\t<meta name=\"twitter:card\" content=\"summary_large_image\" \/>\n\t\t<meta name=\"twitter:site\" content=\"@bercodi\" \/>\n\t\t<meta name=\"twitter:title\" content=\"Boris Becker rechaza insultos por manifestarse contra el racismo | El Digital de Asturias\" \/>\n\t\t<meta name=\"twitter:description\" content=\"Londres, 8 jun (dpa) - La leyenda del tenis alem\u00e1n Boris Becker volvi\u00f3 a rechazar las cr\u00edticas vertidas contra \u00e9l en las redes sociales por su participaci\u00f3n en una manifestaci\u00f3n contra el racismo en Londres, a trav\u00e9s de un v\u00eddeo publicado hoy en su cuenta de Twitter. &quot;Anoche deb\u00ed tocar alg\u00fan punto d\u00e9bil con mi\" \/>\n\t\t<meta name=\"twitter:creator\" content=\"@bercodi\" \/>\n\t\t<meta name=\"twitter:image\" content=\"https:\/\/eldigitaldeasturias.com\/radio\/wp-content\/uploads\/2018\/05\/tennis-923659_960_720.jpg\" \/>\n\t\t<script type=\"application\/ld+json\" class=\"aioseo-schema\">\n\t\t\t{\"@context\":\"https:\\\/\\\/schema.org\",\"@graph\":[{\"@type\":\"BreadcrumbList\",\"@id\":\"https:\\\/\\\/eldigitaldeasturias.com\\\/radio\\\/boris-becker-rechaza-insultos-por-manifestarse-contra-el-racismo\\\/#breadcrumblist\",\"itemListElement\":[{\"@type\":\"ListItem\",\"@id\":\"https:\\\/\\\/eldigitaldeasturias.com\\\/radio#listItem\",\"position\":1,\"name\":\"Inicio\",\"item\":\"https:\\\/\\\/eldigitaldeasturias.com\\\/radio\",\"nextItem\":{\"@type\":\"ListItem\",\"@id\":\"https:\\\/\\\/eldigitaldeasturias.com\\\/radio\\\/category\\\/noticias\\\/#listItem\",\"name\":\"Noticias\"}},{\"@type\":\"ListItem\",\"@id\":\"https:\\\/\\\/eldigitaldeasturias.com\\\/radio\\\/category\\\/noticias\\\/#listItem\",\"position\":2,\"name\":\"Noticias\",\"item\":\"https:\\\/\\\/eldigitaldeasturias.com\\\/radio\\\/category\\\/noticias\\\/\",\"nextItem\":{\"@type\":\"ListItem\",\"@id\":\"https:\\\/\\\/eldigitaldeasturias.com\\\/radio\\\/boris-becker-rechaza-insultos-por-manifestarse-contra-el-racismo\\\/#listItem\",\"name\":\"Boris Becker rechaza insultos por manifestarse contra el racismo\"},\"previousItem\":{\"@type\":\"ListItem\",\"@id\":\"https:\\\/\\\/eldigitaldeasturias.com\\\/radio#listItem\",\"name\":\"Inicio\"}},{\"@type\":\"ListItem\",\"@id\":\"https:\\\/\\\/eldigitaldeasturias.com\\\/radio\\\/boris-becker-rechaza-insultos-por-manifestarse-contra-el-racismo\\\/#listItem\",\"position\":3,\"name\":\"Boris Becker rechaza insultos por manifestarse contra el racismo\",\"previousItem\":{\"@type\":\"ListItem\",\"@id\":\"https:\\\/\\\/eldigitaldeasturias.com\\\/radio\\\/category\\\/noticias\\\/#listItem\",\"name\":\"Noticias\"}}]},{\"@type\":\"NewsArticle\",\"@id\":\"https:\\\/\\\/eldigitaldeasturias.com\\\/radio\\\/boris-becker-rechaza-insultos-por-manifestarse-contra-el-racismo\\\/#newsarticle\",\"name\":\"Boris Becker rechaza insultos por manifestarse contra el racismo | El Digital de Asturias\",\"headline\":\"Boris Becker rechaza insultos por manifestarse contra el racismo\",\"author\":{\"@id\":\"https:\\\/\\\/eldigitaldeasturias.com\\\/radio\\\/author\\\/nbasturias\\\/#author\"},\"publisher\":{\"@id\":\"https:\\\/\\\/eldigitaldeasturias.com\\\/radio\\\/#organization\"},\"image\":{\"@type\":\"ImageObject\",\"url\":\"https:\\\/\\\/eldigitaldeasturias.com\\\/radio\\\/wp-content\\\/uploads\\\/2018\\\/05\\\/tennis-923659_960_720.jpg\",\"width\":960,\"height\":720},\"datePublished\":\"2020-06-09T01:56:13+02:00\",\"dateModified\":\"2020-06-09T01:56:13+02:00\",\"inLanguage\":\"es-ES\",\"mainEntityOfPage\":{\"@id\":\"https:\\\/\\\/eldigitaldeasturias.com\\\/radio\\\/boris-becker-rechaza-insultos-por-manifestarse-contra-el-racismo\\\/#webpage\"},\"isPartOf\":{\"@id\":\"https:\\\/\\\/eldigitaldeasturias.com\\\/radio\\\/boris-becker-rechaza-insultos-por-manifestarse-contra-el-racismo\\\/#webpage\"},\"articleSection\":\"Noticias\",\"dateline\":\"Publicado el junio 9, 2020.\"},{\"@type\":\"Organization\",\"@id\":\"https:\\\/\\\/eldigitaldeasturias.com\\\/radio\\\/#organization\",\"name\":\"El digital de Asturias Radio\",\"description\":\"Diario de informaci\\u00f3n y noticias\",\"url\":\"https:\\\/\\\/eldigitaldeasturias.com\\\/radio\\\/\",\"telephone\":\"+34652131393\",\"logo\":{\"@type\":\"ImageObject\",\"url\":\"https:\\\/\\\/www.eldigitaldeasturias.com\\\/radio\\\/wp-content\\\/uploads\\\/2021\\\/03\\\/EDA.jpg\",\"@id\":\"https:\\\/\\\/eldigitaldeasturias.com\\\/radio\\\/boris-becker-rechaza-insultos-por-manifestarse-contra-el-racismo\\\/#organizationLogo\"},\"image\":{\"@id\":\"https:\\\/\\\/eldigitaldeasturias.com\\\/radio\\\/boris-becker-rechaza-insultos-por-manifestarse-contra-el-racismo\\\/#organizationLogo\"},\"sameAs\":[\"https:\\\/\\\/www.facebook.com\\\/\",\"https:\\\/\\\/x.com\\\/bercodi\",\"https:\\\/\\\/www.instagram.com\\\/\",\"https:\\\/\\\/www.youtube.com\\\/channel\\\/UCZP-2wLEB9Rv6erhFmqVnvg\"]},{\"@type\":\"Person\",\"@id\":\"https:\\\/\\\/eldigitaldeasturias.com\\\/radio\\\/author\\\/nbasturias\\\/#author\",\"url\":\"https:\\\/\\\/eldigitaldeasturias.com\\\/radio\\\/author\\\/nbasturias\\\/\",\"name\":\"NBAsturias\",\"image\":{\"@type\":\"ImageObject\",\"@id\":\"https:\\\/\\\/eldigitaldeasturias.com\\\/radio\\\/boris-becker-rechaza-insultos-por-manifestarse-contra-el-racismo\\\/#authorImage\",\"url\":\"https:\\\/\\\/secure.gravatar.com\\\/avatar\\\/df2aeffc32bcd13f8d26072ef8a91b623d677766deac7f97ca815868cd41bf5e?s=96&d=mm&r=g\",\"width\":96,\"height\":96,\"caption\":\"NBAsturias\"}},{\"@type\":\"WebPage\",\"@id\":\"https:\\\/\\\/eldigitaldeasturias.com\\\/radio\\\/boris-becker-rechaza-insultos-por-manifestarse-contra-el-racismo\\\/#webpage\",\"url\":\"https:\\\/\\\/eldigitaldeasturias.com\\\/radio\\\/boris-becker-rechaza-insultos-por-manifestarse-contra-el-racismo\\\/\",\"name\":\"Boris Becker rechaza insultos por manifestarse contra el racismo | El Digital de Asturias\",\"description\":\"Londres, 8 jun (dpa) - La leyenda del tenis alem\\u00e1n Boris Becker volvi\\u00f3 a rechazar las cr\\u00edticas vertidas contra \\u00e9l en las redes sociales por su participaci\\u00f3n en una manifestaci\\u00f3n contra el racismo en Londres, a trav\\u00e9s de un v\\u00eddeo publicado hoy en su cuenta de Twitter. \\\"Anoche deb\\u00ed tocar alg\\u00fan punto d\\u00e9bil con mi\",\"inLanguage\":\"es-ES\",\"isPartOf\":{\"@id\":\"https:\\\/\\\/eldigitaldeasturias.com\\\/radio\\\/#website\"},\"breadcrumb\":{\"@id\":\"https:\\\/\\\/eldigitaldeasturias.com\\\/radio\\\/boris-becker-rechaza-insultos-por-manifestarse-contra-el-racismo\\\/#breadcrumblist\"},\"author\":{\"@id\":\"https:\\\/\\\/eldigitaldeasturias.com\\\/radio\\\/author\\\/nbasturias\\\/#author\"},\"creator\":{\"@id\":\"https:\\\/\\\/eldigitaldeasturias.com\\\/radio\\\/author\\\/nbasturias\\\/#author\"},\"image\":{\"@type\":\"ImageObject\",\"url\":\"https:\\\/\\\/eldigitaldeasturias.com\\\/radio\\\/wp-content\\\/uploads\\\/2018\\\/05\\\/tennis-923659_960_720.jpg\",\"@id\":\"https:\\\/\\\/eldigitaldeasturias.com\\\/radio\\\/boris-becker-rechaza-insultos-por-manifestarse-contra-el-racismo\\\/#mainImage\",\"width\":960,\"height\":720},\"primaryImageOfPage\":{\"@id\":\"https:\\\/\\\/eldigitaldeasturias.com\\\/radio\\\/boris-becker-rechaza-insultos-por-manifestarse-contra-el-racismo\\\/#mainImage\"},\"datePublished\":\"2020-06-09T01:56:13+02:00\",\"dateModified\":\"2020-06-09T01:56:13+02:00\"},{\"@type\":\"WebSite\",\"@id\":\"https:\\\/\\\/eldigitaldeasturias.com\\\/radio\\\/#website\",\"url\":\"https:\\\/\\\/eldigitaldeasturias.com\\\/radio\\\/\",\"name\":\"El Digital de Asturias\",\"description\":\"Diario de informaci\\u00f3n y noticias\",\"inLanguage\":\"es-ES\",\"publisher\":{\"@id\":\"https:\\\/\\\/eldigitaldeasturias.com\\\/radio\\\/#organization\"}}]}\n\t\t<\/script>\n\t\t<!-- All in One SEO Pro -->\r\n\t\t<title>Boris Becker rechaza insultos por manifestarse contra el racismo | El Digital de Asturias<\/title>\n\n","aioseo_head_json":{"title":"Boris Becker rechaza insultos por manifestarse contra el racismo | El Digital de Asturias","description":"Londres, 8 jun (dpa) - La leyenda del tenis alem\u00e1n Boris Becker volvi\u00f3 a rechazar las cr\u00edticas vertidas contra \u00e9l en las redes sociales por su participaci\u00f3n en una manifestaci\u00f3n contra el racismo en Londres, a trav\u00e9s de un v\u00eddeo publicado hoy en su cuenta de Twitter. \"Anoche deb\u00ed tocar alg\u00fan punto d\u00e9bil con mi","canonical_url":"https:\/\/eldigitaldeasturias.com\/radio\/boris-becker-rechaza-insultos-por-manifestarse-contra-el-racismo\/","robots":"max-image-preview:large","keywords":"noticias","webmasterTools":{"google-site-verification":"UA-38556648-1","miscellaneous":""},"schema":{"@context":"https:\/\/schema.org","@graph":[{"@type":"BreadcrumbList","@id":"https:\/\/eldigitaldeasturias.com\/radio\/boris-becker-rechaza-insultos-por-manifestarse-contra-el-racismo\/#breadcrumblist","itemListElement":[{"@type":"ListItem","@id":"https:\/\/eldigitaldeasturias.com\/radio#listItem","position":1,"name":"Inicio","item":"https:\/\/eldigitaldeasturias.com\/radio","nextItem":{"@type":"ListItem","@id":"https:\/\/eldigitaldeasturias.com\/radio\/category\/noticias\/#listItem","name":"Noticias"}},{"@type":"ListItem","@id":"https:\/\/eldigitaldeasturias.com\/radio\/category\/noticias\/#listItem","position":2,"name":"Noticias","item":"https:\/\/eldigitaldeasturias.com\/radio\/category\/noticias\/","nextItem":{"@type":"ListItem","@id":"https:\/\/eldigitaldeasturias.com\/radio\/boris-becker-rechaza-insultos-por-manifestarse-contra-el-racismo\/#listItem","name":"Boris Becker rechaza insultos por manifestarse contra el racismo"},"previousItem":{"@type":"ListItem","@id":"https:\/\/eldigitaldeasturias.com\/radio#listItem","name":"Inicio"}},{"@type":"ListItem","@id":"https:\/\/eldigitaldeasturias.com\/radio\/boris-becker-rechaza-insultos-por-manifestarse-contra-el-racismo\/#listItem","position":3,"name":"Boris Becker rechaza insultos por manifestarse contra el racismo","previousItem":{"@type":"ListItem","@id":"https:\/\/eldigitaldeasturias.com\/radio\/category\/noticias\/#listItem","name":"Noticias"}}]},{"@type":"NewsArticle","@id":"https:\/\/eldigitaldeasturias.com\/radio\/boris-becker-rechaza-insultos-por-manifestarse-contra-el-racismo\/#newsarticle","name":"Boris Becker rechaza insultos por manifestarse contra el racismo | El Digital de Asturias","headline":"Boris Becker rechaza insultos por manifestarse contra el racismo","author":{"@id":"https:\/\/eldigitaldeasturias.com\/radio\/author\/nbasturias\/#author"},"publisher":{"@id":"https:\/\/eldigitaldeasturias.com\/radio\/#organization"},"image":{"@type":"ImageObject","url":"https:\/\/eldigitaldeasturias.com\/radio\/wp-content\/uploads\/2018\/05\/tennis-923659_960_720.jpg","width":960,"height":720},"datePublished":"2020-06-09T01:56:13+02:00","dateModified":"2020-06-09T01:56:13+02:00","inLanguage":"es-ES","mainEntityOfPage":{"@id":"https:\/\/eldigitaldeasturias.com\/radio\/boris-becker-rechaza-insultos-por-manifestarse-contra-el-racismo\/#webpage"},"isPartOf":{"@id":"https:\/\/eldigitaldeasturias.com\/radio\/boris-becker-rechaza-insultos-por-manifestarse-contra-el-racismo\/#webpage"},"articleSection":"Noticias","dateline":"Publicado el junio 9, 2020."},{"@type":"Organization","@id":"https:\/\/eldigitaldeasturias.com\/radio\/#organization","name":"El digital de Asturias Radio","description":"Diario de informaci\u00f3n y noticias","url":"https:\/\/eldigitaldeasturias.com\/radio\/","telephone":"+34652131393","logo":{"@type":"ImageObject","url":"https:\/\/www.eldigitaldeasturias.com\/radio\/wp-content\/uploads\/2021\/03\/EDA.jpg","@id":"https:\/\/eldigitaldeasturias.com\/radio\/boris-becker-rechaza-insultos-por-manifestarse-contra-el-racismo\/#organizationLogo"},"image":{"@id":"https:\/\/eldigitaldeasturias.com\/radio\/boris-becker-rechaza-insultos-por-manifestarse-contra-el-racismo\/#organizationLogo"},"sameAs":["https:\/\/www.facebook.com\/","https:\/\/x.com\/bercodi","https:\/\/www.instagram.com\/","https:\/\/www.youtube.com\/channel\/UCZP-2wLEB9Rv6erhFmqVnvg"]},{"@type":"Person","@id":"https:\/\/eldigitaldeasturias.com\/radio\/author\/nbasturias\/#author","url":"https:\/\/eldigitaldeasturias.com\/radio\/author\/nbasturias\/","name":"NBAsturias","image":{"@type":"ImageObject","@id":"https:\/\/eldigitaldeasturias.com\/radio\/boris-becker-rechaza-insultos-por-manifestarse-contra-el-racismo\/#authorImage","url":"https:\/\/secure.gravatar.com\/avatar\/df2aeffc32bcd13f8d26072ef8a91b623d677766deac7f97ca815868cd41bf5e?s=96&d=mm&r=g","width":96,"height":96,"caption":"NBAsturias"}},{"@type":"WebPage","@id":"https:\/\/eldigitaldeasturias.com\/radio\/boris-becker-rechaza-insultos-por-manifestarse-contra-el-racismo\/#webpage","url":"https:\/\/eldigitaldeasturias.com\/radio\/boris-becker-rechaza-insultos-por-manifestarse-contra-el-racismo\/","name":"Boris Becker rechaza insultos por manifestarse contra el racismo | El Digital de Asturias","description":"Londres, 8 jun (dpa) - La leyenda del tenis alem\u00e1n Boris Becker volvi\u00f3 a rechazar las cr\u00edticas vertidas contra \u00e9l en las redes sociales por su participaci\u00f3n en una manifestaci\u00f3n contra el racismo en Londres, a trav\u00e9s de un v\u00eddeo publicado hoy en su cuenta de Twitter. \"Anoche deb\u00ed tocar alg\u00fan punto d\u00e9bil con mi","inLanguage":"es-ES","isPartOf":{"@id":"https:\/\/eldigitaldeasturias.com\/radio\/#website"},"breadcrumb":{"@id":"https:\/\/eldigitaldeasturias.com\/radio\/boris-becker-rechaza-insultos-por-manifestarse-contra-el-racismo\/#breadcrumblist"},"author":{"@id":"https:\/\/eldigitaldeasturias.com\/radio\/author\/nbasturias\/#author"},"creator":{"@id":"https:\/\/eldigitaldeasturias.com\/radio\/author\/nbasturias\/#author"},"image":{"@type":"ImageObject","url":"https:\/\/eldigitaldeasturias.com\/radio\/wp-content\/uploads\/2018\/05\/tennis-923659_960_720.jpg","@id":"https:\/\/eldigitaldeasturias.com\/radio\/boris-becker-rechaza-insultos-por-manifestarse-contra-el-racismo\/#mainImage","width":960,"height":720},"primaryImageOfPage":{"@id":"https:\/\/eldigitaldeasturias.com\/radio\/boris-becker-rechaza-insultos-por-manifestarse-contra-el-racismo\/#mainImage"},"datePublished":"2020-06-09T01:56:13+02:00","dateModified":"2020-06-09T01:56:13+02:00"},{"@type":"WebSite","@id":"https:\/\/eldigitaldeasturias.com\/radio\/#website","url":"https:\/\/eldigitaldeasturias.com\/radio\/","name":"El Digital de Asturias","description":"Diario de informaci\u00f3n y noticias","inLanguage":"es-ES","publisher":{"@id":"https:\/\/eldigitaldeasturias.com\/radio\/#organization"}}]},"og:locale":"es_ES","og:site_name":"El Digital de Asturias | Diario de informaci\u00f3n y noticias","og:type":"article","og:title":"Boris Becker rechaza insultos por manifestarse contra el racismo | El Digital de Asturias","og:description":"Londres, 8 jun (dpa) - La leyenda del tenis alem\u00e1n Boris Becker volvi\u00f3 a rechazar las cr\u00edticas vertidas contra \u00e9l en las redes sociales por su participaci\u00f3n en una manifestaci\u00f3n contra el racismo en Londres, a trav\u00e9s de un v\u00eddeo publicado hoy en su cuenta de Twitter. &quot;Anoche deb\u00ed tocar alg\u00fan punto d\u00e9bil con mi","og:url":"https:\/\/eldigitaldeasturias.com\/radio\/boris-becker-rechaza-insultos-por-manifestarse-contra-el-racismo\/","og:image":"https:\/\/eldigitaldeasturias.com\/radio\/wp-content\/uploads\/2018\/05\/tennis-923659_960_720.jpg","og:image:secure_url":"https:\/\/eldigitaldeasturias.com\/radio\/wp-content\/uploads\/2018\/05\/tennis-923659_960_720.jpg","og:image:width":960,"og:image:height":720,"article:published_time":"2020-06-09T01:56:13+00:00","article:modified_time":"2020-06-09T01:56:13+00:00","twitter:card":"summary_large_image","twitter:site":"@bercodi","twitter:title":"Boris Becker rechaza insultos por manifestarse contra el racismo | El Digital de Asturias","twitter:description":"Londres, 8 jun (dpa) - La leyenda del tenis alem\u00e1n Boris Becker volvi\u00f3 a rechazar las cr\u00edticas vertidas contra \u00e9l en las redes sociales por su participaci\u00f3n en una manifestaci\u00f3n contra el racismo en Londres, a trav\u00e9s de un v\u00eddeo publicado hoy en su cuenta de Twitter. &quot;Anoche deb\u00ed tocar alg\u00fan punto d\u00e9bil con mi","twitter:creator":"@bercodi","twitter:image":"https:\/\/eldigitaldeasturias.com\/radio\/wp-content\/uploads\/2018\/05\/tennis-923659_960_720.jpg"},"aioseo_meta_data":{"post_id":"4363","title":null,"description":null,"keywords":null,"keyphrases":null,"primary_term":null,"canonical_url":null,"og_title":null,"og_description":null,"og_object_type":"default","og_image_type":"default","og_image_url":null,"og_image_width":null,"og_image_height":null,"og_image_custom_url":null,"og_image_custom_fields":null,"og_video":null,"og_custom_url":null,"og_article_section":null,"og_article_tags":null,"twitter_use_og":false,"twitter_card":"default","twitter_image_type":"default","twitter_image_url":null,"twitter_image_custom_url":null,"twitter_image_custom_fields":null,"twitter_title":null,"twitter_description":null,"schema":{"blockGraphs":[],"customGraphs":[],"default":{"data":{"Article":[],"Course":[],"Dataset":[],"FAQPage":[],"Movie":[],"Person":[],"Product":[],"ProductReview":[],"Car":[],"Recipe":[],"Service":[],"SoftwareApplication":[],"WebPage":[]},"graphName":"","isEnabled":true},"graphs":[],"defaultGraph":"","defaultPostTypeGraph":""},"schema_type":null,"schema_type_options":null,"pillar_content":false,"robots_default":true,"robots_noindex":false,"robots_noarchive":false,"robots_nosnippet":false,"robots_nofollow":false,"robots_noimageindex":false,"robots_noodp":false,"robots_notranslate":false,"robots_max_snippet":null,"robots_max_videopreview":null,"robots_max_imagepreview":"large","priority":null,"frequency":null,"location":null,"local_seo":null,"seo_analyzer_scan_date":"2025-08-28 15:55:00","breadcrumb_settings":null,"limit_modified_date":false,"open_ai":null,"ai":null,"created":"2021-03-25 20:59:41","updated":"2025-08-28 15:55:00"},"aioseo_breadcrumb":"<div class=\"aioseo-breadcrumbs\"><span class=\"aioseo-breadcrumb\">\n\t<a href=\"https:\/\/eldigitaldeasturias.com\/radio\" title=\"Inicio\">Inicio<\/a>\n<\/span><span class=\"aioseo-breadcrumb-separator\">&ndash;<\/span><span class=\"aioseo-breadcrumb\">\n\t<a href=\"https:\/\/eldigitaldeasturias.com\/radio\/category\/noticias\/\" title=\"Noticias\">Noticias<\/a>\n<\/span><span class=\"aioseo-breadcrumb-separator\">&ndash;<\/span><span class=\"aioseo-breadcrumb\">\n\tBoris Becker rechaza insultos por manifestarse contra el racismo\n<\/span><\/div>","aioseo_breadcrumb_json":[{"label":"Inicio","link":"https:\/\/eldigitaldeasturias.com\/radio"},{"label":"Noticias","link":"https:\/\/eldigitaldeasturias.com\/radio\/category\/noticias\/"},{"label":"Boris Becker rechaza insultos por manifestarse contra el racismo","link":"https:\/\/eldigitaldeasturias.com\/radio\/boris-becker-rechaza-insultos-por-manifestarse-contra-el-racismo\/"}],"_links":{"self":[{"href":"https:\/\/eldigitaldeasturias.com\/radio\/wp-json\/wp\/v2\/posts\/4363","targetHints":{"allow":["GET"]}}],"collection":[{"href":"https:\/\/eldigitaldeasturias.com\/radio\/wp-json\/wp\/v2\/posts"}],"about":[{"href":"https:\/\/eldigitaldeasturias.com\/radio\/wp-json\/wp\/v2\/types\/post"}],"author":[{"embeddable":true,"href":"https:\/\/eldigitaldeasturias.com\/radio\/wp-json\/wp\/v2\/users\/1"}],"replies":[{"embeddable":true,"href":"https:\/\/eldigitaldeasturias.com\/radio\/wp-json\/wp\/v2\/comments?post=4363"}],"version-history":[{"count":0,"href":"https:\/\/eldigitaldeasturias.com\/radio\/wp-json\/wp\/v2\/posts\/4363\/revisions"}],"wp:featuredmedia":[{"embeddable":true,"href":"https:\/\/eldigitaldeasturias.com\/radio\/wp-json\/wp\/v2\/media\/893"}],"wp:attachment":[{"href":"https:\/\/eldigitaldeasturias.com\/radio\/wp-json\/wp\/v2\/media?parent=4363"}],"wp:term":[{"taxonomy":"category","embeddable":true,"href":"https:\/\/eldigitaldeasturias.com\/radio\/wp-json\/wp\/v2\/categories?post=4363"},{"taxonomy":"post_tag","embeddable":true,"href":"https:\/\/eldigitaldeasturias.com\/radio\/wp-json\/wp\/v2\/tags?post=4363"}],"curies":[{"name":"wp","href":"https:\/\/api.w.org\/{rel}","templated":true}]}}