{"id":4360,"date":"2020-06-08T13:34:04","date_gmt":"2020-06-08T13:34:04","guid":{"rendered":"http:\/\/www.eldigitaldeasturias.com\/radio\/?p=4360"},"modified":"2020-06-08T13:34:04","modified_gmt":"2020-06-08T13:34:04","slug":"la-consejeria-de-ciencia-articula-ayudas-y-medidas-de-apoyo-para-el-alumnado-universitario-afectado-por-la-covid-19","status":"publish","type":"post","link":"https:\/\/eldigitaldeasturias.com\/radio\/la-consejeria-de-ciencia-articula-ayudas-y-medidas-de-apoyo-para-el-alumnado-universitario-afectado-por-la-covid-19\/","title":{"rendered":"La Consejer\u00eda de Ciencia articula ayudas y medidas de apoyo para el alumnado universitario afectado por la COVID-19"},"content":{"rendered":"<p><img fetchpriority=\"high\" decoding=\"async\" class=\"alignleft size-medium wp-image-4361\" src=\"http:\/\/www.eldigitaldeasturias.com\/radio\/wp-content\/uploads\/2020\/06\/Consejero-ciencia-360x215.jpg\" alt=\"\" width=\"360\" height=\"215\" srcset=\"https:\/\/eldigitaldeasturias.com\/radio\/wp-content\/uploads\/2020\/06\/Consejero-ciencia-360x215.jpg 360w, https:\/\/eldigitaldeasturias.com\/radio\/wp-content\/uploads\/2020\/06\/Consejero-ciencia-768x458.jpg 768w, https:\/\/eldigitaldeasturias.com\/radio\/wp-content\/uploads\/2020\/06\/Consejero-ciencia.jpg 813w\" sizes=\"(max-width: 360px) 100vw, 360px\" \/>El consejero de Ciencia, Innovaci\u00f3n y Universidad, Borja S\u00e1nchez, ha anunciado que su departamento pondr\u00e1 en marcha una serie de<strong> medidas para que \u201cning\u00fan estudiante universitario se quede atr\u00e1s\u201d<\/strong> y se vea afectado por la COVID-19. Entre otras actuaciones, el reglamento de permanencia de la Universidad de Oviedo incluir\u00e1 un apartado excepcional vinculado a la pandemia que evite la expulsi\u00f3n de estudiantes en estas circunstancias y se proceder\u00e1 a la pr\u00f3rroga de la matr\u00edcula de aquellas asignaturas que necesiten actividades presenciales insustituibles y no hayan podido realizarse debido al estado de alarma.<\/p>\n<p>En su comparecencia ante la Comisi\u00f3n de Ciencia, Innovaci\u00f3n y Universidad de la Junta General, S\u00e1nchez tambi\u00e9n ha explicado que se impulsar\u00e1 una pol\u00edtica de becas complementarias a las que ponga en marcha el Ministerio de Universidades para los estudiantes con menos recursos. Adem\u00e1s, ha defendido facilitar la gratuidad para el alumnado que no cuente con medios para cursar estudios universitarios.<\/p>\n<p>Por otra parte, ha reiterado que el Gobierno de Asturias congelar\u00e1 los precios p\u00fablicos de todas las matr\u00edculas de grados y m\u00e1steres universitarios para el pr\u00f3ximo curso, con lo que el precio medio del cr\u00e9dito queda por debajo del que se abonaba en el a\u00f1o acad\u00e9mico 2011-2012, fecha de referencia del nuevo modelo de tasas aprobado por el Ministerio de Universidades y las comunidades aut\u00f3nomas.<\/p>\n<p>\u201cAsturias ya hab\u00eda hecho los deberes\u201d, ha indicado el titular de Ciencia en relaci\u00f3n con las tasas universitarias. <strong>\u201cNuestra comunidad es la cuarta con matr\u00edcula m\u00e1s baja y estudiar en la Universidad de Oviedo cuesta un 33% menos que la media nacional\u201d<\/strong>, ha precisado.<\/p>\n<p>En respuesta a una pregunta sobre el grado en Ciencia e Ingenier\u00eda de Datos en la Universidad de Oviedo, el consejero ha indicado que el Principado estudiar\u00e1 su implantaci\u00f3n una vez se realicen los tr\u00e1mites necesarios de aprobaci\u00f3n por parte de los \u00f3rganos universitarios. No obstante, ha matizado que es necesario analizar la puesta en marcha de nuevas titulaciones en su conjunto, lo que tambi\u00e9n incluye abordar la adaptaci\u00f3n de algunos estudios que actualmente se imparten.<\/p>\n<p>En el apartado de telecomunicaciones, ha contestado a varias cuestiones sobre la extensi\u00f3n de la fibra \u00f3ptica y la banda ancha. En este sentido, ha recordado que est\u00e1 en vigor el plan PEBA (extensi\u00f3n de banda ancha), que cubre 2.878 entidades de poblaci\u00f3n en 54 municipios y dar\u00e1 servicio a 38.967 viviendas y locales. Cuando finalice esta iniciativa, la poblaci\u00f3n en zona blanca (que dispone de menos de 30 MB por segundo) ser\u00e1 inferior al 7%.<\/p>\n<p>&nbsp;<\/p>\n","protected":false},"excerpt":{"rendered":"<p>El consejero de Ciencia, Innovaci\u00f3n y Universidad, Borja S\u00e1nchez, ha anunciado que su departamento pondr\u00e1 en marcha una serie de medidas para que \u201cning\u00fan estudiante universitario se quede atr\u00e1s\u201d y se vea afectado por la COVID-19. Entre otras actuaciones, el reglamento de permanencia de la Universidad de Oviedo incluir\u00e1 un apartado excepcional vinculado a la<\/p>\n","protected":false},"author":1,"featured_media":4361,"comment_status":"closed","ping_status":"closed","sticky":false,"template":"","format":"standard","meta":{"footnotes":""},"categories":[1],"tags":[],"class_list":{"0":"post-4360","1":"post","2":"type-post","3":"status-publish","4":"format-standard","5":"has-post-thumbnail","7":"category-noticias"},"aioseo_notices":[],"aioseo_head":"\n\t\t<!-- All in One SEO Pro 4.9.6.2 - aioseo.com -->\n\t<meta name=\"description\" content=\"El consejero de Ciencia, Innovaci\u00f3n y Universidad, Borja S\u00e1nchez, ha anunciado que su departamento pondr\u00e1 en marcha una serie de medidas para que \u201cning\u00fan estudiante universitario se quede atr\u00e1s\u201d y se vea afectado por la COVID-19. Entre otras actuaciones, el reglamento de permanencia de la Universidad de Oviedo incluir\u00e1 un apartado excepcional vinculado a la\" \/>\n\t<meta name=\"robots\" content=\"max-image-preview:large\" \/>\n\t<meta name=\"author\" content=\"NBAsturias\"\/>\n\t<meta name=\"google-site-verification\" content=\"UA-38556648-1\" \/>\n\t<meta name=\"keywords\" content=\"noticias\" \/>\n\t<link rel=\"canonical\" href=\"https:\/\/eldigitaldeasturias.com\/radio\/la-consejeria-de-ciencia-articula-ayudas-y-medidas-de-apoyo-para-el-alumnado-universitario-afectado-por-la-covid-19\/\" \/>\n\t<meta name=\"generator\" content=\"All in One SEO Pro (AIOSEO) 4.9.6.2\" \/>\n\t\t<meta property=\"og:locale\" content=\"es_ES\" \/>\n\t\t<meta property=\"og:site_name\" content=\"El Digital de Asturias | Diario de informaci\u00f3n y noticias\" \/>\n\t\t<meta property=\"og:type\" content=\"article\" \/>\n\t\t<meta property=\"og:title\" content=\"La Consejer\u00eda de Ciencia articula ayudas y medidas de apoyo para el alumnado universitario afectado por la COVID-19 | El Digital de Asturias\" \/>\n\t\t<meta property=\"og:description\" content=\"El consejero de Ciencia, Innovaci\u00f3n y Universidad, Borja S\u00e1nchez, ha anunciado que su departamento pondr\u00e1 en marcha una serie de medidas para que \u201cning\u00fan estudiante universitario se quede atr\u00e1s\u201d y se vea afectado por la COVID-19. Entre otras actuaciones, el reglamento de permanencia de la Universidad de Oviedo incluir\u00e1 un apartado excepcional vinculado a la\" \/>\n\t\t<meta property=\"og:url\" content=\"https:\/\/eldigitaldeasturias.com\/radio\/la-consejeria-de-ciencia-articula-ayudas-y-medidas-de-apoyo-para-el-alumnado-universitario-afectado-por-la-covid-19\/\" \/>\n\t\t<meta property=\"og:image\" content=\"https:\/\/eldigitaldeasturias.com\/radio\/wp-content\/uploads\/2020\/06\/Consejero-ciencia.jpg\" \/>\n\t\t<meta property=\"og:image:secure_url\" content=\"https:\/\/eldigitaldeasturias.com\/radio\/wp-content\/uploads\/2020\/06\/Consejero-ciencia.jpg\" \/>\n\t\t<meta property=\"og:image:width\" content=\"813\" \/>\n\t\t<meta property=\"og:image:height\" content=\"485\" \/>\n\t\t<meta property=\"article:published_time\" content=\"2020-06-08T13:34:04+00:00\" \/>\n\t\t<meta property=\"article:modified_time\" content=\"2020-06-08T13:34:04+00:00\" \/>\n\t\t<meta name=\"twitter:card\" content=\"summary_large_image\" \/>\n\t\t<meta name=\"twitter:site\" content=\"@bercodi\" \/>\n\t\t<meta name=\"twitter:title\" content=\"La Consejer\u00eda de Ciencia articula ayudas y medidas de apoyo para el alumnado universitario afectado por la COVID-19 | El Digital de Asturias\" \/>\n\t\t<meta name=\"twitter:description\" content=\"El consejero de Ciencia, Innovaci\u00f3n y Universidad, Borja S\u00e1nchez, ha anunciado que su departamento pondr\u00e1 en marcha una serie de medidas para que \u201cning\u00fan estudiante universitario se quede atr\u00e1s\u201d y se vea afectado por la COVID-19. Entre otras actuaciones, el reglamento de permanencia de la Universidad de Oviedo incluir\u00e1 un apartado excepcional vinculado a la\" \/>\n\t\t<meta name=\"twitter:creator\" content=\"@bercodi\" \/>\n\t\t<meta name=\"twitter:image\" content=\"https:\/\/eldigitaldeasturias.com\/radio\/wp-content\/uploads\/2020\/06\/Consejero-ciencia.jpg\" \/>\n\t\t<script type=\"application\/ld+json\" class=\"aioseo-schema\">\n\t\t\t{\"@context\":\"https:\\\/\\\/schema.org\",\"@graph\":[{\"@type\":\"BreadcrumbList\",\"@id\":\"https:\\\/\\\/eldigitaldeasturias.com\\\/radio\\\/la-consejeria-de-ciencia-articula-ayudas-y-medidas-de-apoyo-para-el-alumnado-universitario-afectado-por-la-covid-19\\\/#breadcrumblist\",\"itemListElement\":[{\"@type\":\"ListItem\",\"@id\":\"https:\\\/\\\/eldigitaldeasturias.com\\\/radio#listItem\",\"position\":1,\"name\":\"Inicio\",\"item\":\"https:\\\/\\\/eldigitaldeasturias.com\\\/radio\",\"nextItem\":{\"@type\":\"ListItem\",\"@id\":\"https:\\\/\\\/eldigitaldeasturias.com\\\/radio\\\/category\\\/noticias\\\/#listItem\",\"name\":\"Noticias\"}},{\"@type\":\"ListItem\",\"@id\":\"https:\\\/\\\/eldigitaldeasturias.com\\\/radio\\\/category\\\/noticias\\\/#listItem\",\"position\":2,\"name\":\"Noticias\",\"item\":\"https:\\\/\\\/eldigitaldeasturias.com\\\/radio\\\/category\\\/noticias\\\/\",\"nextItem\":{\"@type\":\"ListItem\",\"@id\":\"https:\\\/\\\/eldigitaldeasturias.com\\\/radio\\\/la-consejeria-de-ciencia-articula-ayudas-y-medidas-de-apoyo-para-el-alumnado-universitario-afectado-por-la-covid-19\\\/#listItem\",\"name\":\"La Consejer\\u00eda de Ciencia articula ayudas y medidas de apoyo para el alumnado universitario afectado por la COVID-19\"},\"previousItem\":{\"@type\":\"ListItem\",\"@id\":\"https:\\\/\\\/eldigitaldeasturias.com\\\/radio#listItem\",\"name\":\"Inicio\"}},{\"@type\":\"ListItem\",\"@id\":\"https:\\\/\\\/eldigitaldeasturias.com\\\/radio\\\/la-consejeria-de-ciencia-articula-ayudas-y-medidas-de-apoyo-para-el-alumnado-universitario-afectado-por-la-covid-19\\\/#listItem\",\"position\":3,\"name\":\"La Consejer\\u00eda de Ciencia articula ayudas y medidas de apoyo para el alumnado universitario afectado por la COVID-19\",\"previousItem\":{\"@type\":\"ListItem\",\"@id\":\"https:\\\/\\\/eldigitaldeasturias.com\\\/radio\\\/category\\\/noticias\\\/#listItem\",\"name\":\"Noticias\"}}]},{\"@type\":\"NewsArticle\",\"@id\":\"https:\\\/\\\/eldigitaldeasturias.com\\\/radio\\\/la-consejeria-de-ciencia-articula-ayudas-y-medidas-de-apoyo-para-el-alumnado-universitario-afectado-por-la-covid-19\\\/#newsarticle\",\"name\":\"La Consejer\\u00eda de Ciencia articula ayudas y medidas de apoyo para el alumnado universitario afectado por la COVID-19 | El Digital de Asturias\",\"headline\":\"La Consejer\\u00eda de Ciencia articula ayudas y medidas de apoyo para el alumnado universitario afectado por la COVID-19\",\"author\":{\"@id\":\"https:\\\/\\\/eldigitaldeasturias.com\\\/radio\\\/author\\\/nbasturias\\\/#author\"},\"publisher\":{\"@id\":\"https:\\\/\\\/eldigitaldeasturias.com\\\/radio\\\/#organization\"},\"image\":{\"@type\":\"ImageObject\",\"url\":\"https:\\\/\\\/eldigitaldeasturias.com\\\/radio\\\/wp-content\\\/uploads\\\/2020\\\/06\\\/Consejero-ciencia.jpg\",\"width\":813,\"height\":485},\"datePublished\":\"2020-06-08T13:34:04+02:00\",\"dateModified\":\"2020-06-08T13:34:04+02:00\",\"inLanguage\":\"es-ES\",\"mainEntityOfPage\":{\"@id\":\"https:\\\/\\\/eldigitaldeasturias.com\\\/radio\\\/la-consejeria-de-ciencia-articula-ayudas-y-medidas-de-apoyo-para-el-alumnado-universitario-afectado-por-la-covid-19\\\/#webpage\"},\"isPartOf\":{\"@id\":\"https:\\\/\\\/eldigitaldeasturias.com\\\/radio\\\/la-consejeria-de-ciencia-articula-ayudas-y-medidas-de-apoyo-para-el-alumnado-universitario-afectado-por-la-covid-19\\\/#webpage\"},\"articleSection\":\"Noticias\",\"dateline\":\"Publicado el junio 8, 2020.\"},{\"@type\":\"Organization\",\"@id\":\"https:\\\/\\\/eldigitaldeasturias.com\\\/radio\\\/#organization\",\"name\":\"El digital de Asturias Radio\",\"description\":\"Diario de informaci\\u00f3n y noticias\",\"url\":\"https:\\\/\\\/eldigitaldeasturias.com\\\/radio\\\/\",\"telephone\":\"+34652131393\",\"logo\":{\"@type\":\"ImageObject\",\"url\":\"https:\\\/\\\/www.eldigitaldeasturias.com\\\/radio\\\/wp-content\\\/uploads\\\/2021\\\/03\\\/EDA.jpg\",\"@id\":\"https:\\\/\\\/eldigitaldeasturias.com\\\/radio\\\/la-consejeria-de-ciencia-articula-ayudas-y-medidas-de-apoyo-para-el-alumnado-universitario-afectado-por-la-covid-19\\\/#organizationLogo\"},\"image\":{\"@id\":\"https:\\\/\\\/eldigitaldeasturias.com\\\/radio\\\/la-consejeria-de-ciencia-articula-ayudas-y-medidas-de-apoyo-para-el-alumnado-universitario-afectado-por-la-covid-19\\\/#organizationLogo\"},\"sameAs\":[\"https:\\\/\\\/www.facebook.com\\\/\",\"https:\\\/\\\/x.com\\\/bercodi\",\"https:\\\/\\\/www.instagram.com\\\/\",\"https:\\\/\\\/www.youtube.com\\\/channel\\\/UCZP-2wLEB9Rv6erhFmqVnvg\"]},{\"@type\":\"Person\",\"@id\":\"https:\\\/\\\/eldigitaldeasturias.com\\\/radio\\\/author\\\/nbasturias\\\/#author\",\"url\":\"https:\\\/\\\/eldigitaldeasturias.com\\\/radio\\\/author\\\/nbasturias\\\/\",\"name\":\"NBAsturias\",\"image\":{\"@type\":\"ImageObject\",\"@id\":\"https:\\\/\\\/eldigitaldeasturias.com\\\/radio\\\/la-consejeria-de-ciencia-articula-ayudas-y-medidas-de-apoyo-para-el-alumnado-universitario-afectado-por-la-covid-19\\\/#authorImage\",\"url\":\"https:\\\/\\\/secure.gravatar.com\\\/avatar\\\/df2aeffc32bcd13f8d26072ef8a91b623d677766deac7f97ca815868cd41bf5e?s=96&d=mm&r=g\",\"width\":96,\"height\":96,\"caption\":\"NBAsturias\"}},{\"@type\":\"WebPage\",\"@id\":\"https:\\\/\\\/eldigitaldeasturias.com\\\/radio\\\/la-consejeria-de-ciencia-articula-ayudas-y-medidas-de-apoyo-para-el-alumnado-universitario-afectado-por-la-covid-19\\\/#webpage\",\"url\":\"https:\\\/\\\/eldigitaldeasturias.com\\\/radio\\\/la-consejeria-de-ciencia-articula-ayudas-y-medidas-de-apoyo-para-el-alumnado-universitario-afectado-por-la-covid-19\\\/\",\"name\":\"La Consejer\\u00eda de Ciencia articula ayudas y medidas de apoyo para el alumnado universitario afectado por la COVID-19 | El Digital de Asturias\",\"description\":\"El consejero de Ciencia, Innovaci\\u00f3n y Universidad, Borja S\\u00e1nchez, ha anunciado que su departamento pondr\\u00e1 en marcha una serie de medidas para que \\u201cning\\u00fan estudiante universitario se quede atr\\u00e1s\\u201d y se vea afectado por la COVID-19. Entre otras actuaciones, el reglamento de permanencia de la Universidad de Oviedo incluir\\u00e1 un apartado excepcional vinculado a la\",\"inLanguage\":\"es-ES\",\"isPartOf\":{\"@id\":\"https:\\\/\\\/eldigitaldeasturias.com\\\/radio\\\/#website\"},\"breadcrumb\":{\"@id\":\"https:\\\/\\\/eldigitaldeasturias.com\\\/radio\\\/la-consejeria-de-ciencia-articula-ayudas-y-medidas-de-apoyo-para-el-alumnado-universitario-afectado-por-la-covid-19\\\/#breadcrumblist\"},\"author\":{\"@id\":\"https:\\\/\\\/eldigitaldeasturias.com\\\/radio\\\/author\\\/nbasturias\\\/#author\"},\"creator\":{\"@id\":\"https:\\\/\\\/eldigitaldeasturias.com\\\/radio\\\/author\\\/nbasturias\\\/#author\"},\"image\":{\"@type\":\"ImageObject\",\"url\":\"https:\\\/\\\/eldigitaldeasturias.com\\\/radio\\\/wp-content\\\/uploads\\\/2020\\\/06\\\/Consejero-ciencia.jpg\",\"@id\":\"https:\\\/\\\/eldigitaldeasturias.com\\\/radio\\\/la-consejeria-de-ciencia-articula-ayudas-y-medidas-de-apoyo-para-el-alumnado-universitario-afectado-por-la-covid-19\\\/#mainImage\",\"width\":813,\"height\":485},\"primaryImageOfPage\":{\"@id\":\"https:\\\/\\\/eldigitaldeasturias.com\\\/radio\\\/la-consejeria-de-ciencia-articula-ayudas-y-medidas-de-apoyo-para-el-alumnado-universitario-afectado-por-la-covid-19\\\/#mainImage\"},\"datePublished\":\"2020-06-08T13:34:04+02:00\",\"dateModified\":\"2020-06-08T13:34:04+02:00\"},{\"@type\":\"WebSite\",\"@id\":\"https:\\\/\\\/eldigitaldeasturias.com\\\/radio\\\/#website\",\"url\":\"https:\\\/\\\/eldigitaldeasturias.com\\\/radio\\\/\",\"name\":\"El Digital de Asturias\",\"description\":\"Diario de informaci\\u00f3n y noticias\",\"inLanguage\":\"es-ES\",\"publisher\":{\"@id\":\"https:\\\/\\\/eldigitaldeasturias.com\\\/radio\\\/#organization\"}}]}\n\t\t<\/script>\n\t\t<!-- All in One SEO Pro -->\r\n\t\t<title>La Consejer\u00eda de Ciencia articula ayudas y medidas de apoyo para el alumnado universitario afectado por la COVID-19 | El Digital de Asturias<\/title>\n\n","aioseo_head_json":{"title":"La Consejer\u00eda de Ciencia articula ayudas y medidas de apoyo para el alumnado universitario afectado por la COVID-19 | El Digital de Asturias","description":"El consejero de Ciencia, Innovaci\u00f3n y Universidad, Borja S\u00e1nchez, ha anunciado que su departamento pondr\u00e1 en marcha una serie de medidas para que \u201cning\u00fan estudiante universitario se quede atr\u00e1s\u201d y se vea afectado por la COVID-19. Entre otras actuaciones, el reglamento de permanencia de la Universidad de Oviedo incluir\u00e1 un apartado excepcional vinculado a la","canonical_url":"https:\/\/eldigitaldeasturias.com\/radio\/la-consejeria-de-ciencia-articula-ayudas-y-medidas-de-apoyo-para-el-alumnado-universitario-afectado-por-la-covid-19\/","robots":"max-image-preview:large","keywords":"noticias","webmasterTools":{"google-site-verification":"UA-38556648-1","miscellaneous":""},"schema":{"@context":"https:\/\/schema.org","@graph":[{"@type":"BreadcrumbList","@id":"https:\/\/eldigitaldeasturias.com\/radio\/la-consejeria-de-ciencia-articula-ayudas-y-medidas-de-apoyo-para-el-alumnado-universitario-afectado-por-la-covid-19\/#breadcrumblist","itemListElement":[{"@type":"ListItem","@id":"https:\/\/eldigitaldeasturias.com\/radio#listItem","position":1,"name":"Inicio","item":"https:\/\/eldigitaldeasturias.com\/radio","nextItem":{"@type":"ListItem","@id":"https:\/\/eldigitaldeasturias.com\/radio\/category\/noticias\/#listItem","name":"Noticias"}},{"@type":"ListItem","@id":"https:\/\/eldigitaldeasturias.com\/radio\/category\/noticias\/#listItem","position":2,"name":"Noticias","item":"https:\/\/eldigitaldeasturias.com\/radio\/category\/noticias\/","nextItem":{"@type":"ListItem","@id":"https:\/\/eldigitaldeasturias.com\/radio\/la-consejeria-de-ciencia-articula-ayudas-y-medidas-de-apoyo-para-el-alumnado-universitario-afectado-por-la-covid-19\/#listItem","name":"La Consejer\u00eda de Ciencia articula ayudas y medidas de apoyo para el alumnado universitario afectado por la COVID-19"},"previousItem":{"@type":"ListItem","@id":"https:\/\/eldigitaldeasturias.com\/radio#listItem","name":"Inicio"}},{"@type":"ListItem","@id":"https:\/\/eldigitaldeasturias.com\/radio\/la-consejeria-de-ciencia-articula-ayudas-y-medidas-de-apoyo-para-el-alumnado-universitario-afectado-por-la-covid-19\/#listItem","position":3,"name":"La Consejer\u00eda de Ciencia articula ayudas y medidas de apoyo para el alumnado universitario afectado por la COVID-19","previousItem":{"@type":"ListItem","@id":"https:\/\/eldigitaldeasturias.com\/radio\/category\/noticias\/#listItem","name":"Noticias"}}]},{"@type":"NewsArticle","@id":"https:\/\/eldigitaldeasturias.com\/radio\/la-consejeria-de-ciencia-articula-ayudas-y-medidas-de-apoyo-para-el-alumnado-universitario-afectado-por-la-covid-19\/#newsarticle","name":"La Consejer\u00eda de Ciencia articula ayudas y medidas de apoyo para el alumnado universitario afectado por la COVID-19 | El Digital de Asturias","headline":"La Consejer\u00eda de Ciencia articula ayudas y medidas de apoyo para el alumnado universitario afectado por la COVID-19","author":{"@id":"https:\/\/eldigitaldeasturias.com\/radio\/author\/nbasturias\/#author"},"publisher":{"@id":"https:\/\/eldigitaldeasturias.com\/radio\/#organization"},"image":{"@type":"ImageObject","url":"https:\/\/eldigitaldeasturias.com\/radio\/wp-content\/uploads\/2020\/06\/Consejero-ciencia.jpg","width":813,"height":485},"datePublished":"2020-06-08T13:34:04+02:00","dateModified":"2020-06-08T13:34:04+02:00","inLanguage":"es-ES","mainEntityOfPage":{"@id":"https:\/\/eldigitaldeasturias.com\/radio\/la-consejeria-de-ciencia-articula-ayudas-y-medidas-de-apoyo-para-el-alumnado-universitario-afectado-por-la-covid-19\/#webpage"},"isPartOf":{"@id":"https:\/\/eldigitaldeasturias.com\/radio\/la-consejeria-de-ciencia-articula-ayudas-y-medidas-de-apoyo-para-el-alumnado-universitario-afectado-por-la-covid-19\/#webpage"},"articleSection":"Noticias","dateline":"Publicado el junio 8, 2020."},{"@type":"Organization","@id":"https:\/\/eldigitaldeasturias.com\/radio\/#organization","name":"El digital de Asturias Radio","description":"Diario de informaci\u00f3n y noticias","url":"https:\/\/eldigitaldeasturias.com\/radio\/","telephone":"+34652131393","logo":{"@type":"ImageObject","url":"https:\/\/www.eldigitaldeasturias.com\/radio\/wp-content\/uploads\/2021\/03\/EDA.jpg","@id":"https:\/\/eldigitaldeasturias.com\/radio\/la-consejeria-de-ciencia-articula-ayudas-y-medidas-de-apoyo-para-el-alumnado-universitario-afectado-por-la-covid-19\/#organizationLogo"},"image":{"@id":"https:\/\/eldigitaldeasturias.com\/radio\/la-consejeria-de-ciencia-articula-ayudas-y-medidas-de-apoyo-para-el-alumnado-universitario-afectado-por-la-covid-19\/#organizationLogo"},"sameAs":["https:\/\/www.facebook.com\/","https:\/\/x.com\/bercodi","https:\/\/www.instagram.com\/","https:\/\/www.youtube.com\/channel\/UCZP-2wLEB9Rv6erhFmqVnvg"]},{"@type":"Person","@id":"https:\/\/eldigitaldeasturias.com\/radio\/author\/nbasturias\/#author","url":"https:\/\/eldigitaldeasturias.com\/radio\/author\/nbasturias\/","name":"NBAsturias","image":{"@type":"ImageObject","@id":"https:\/\/eldigitaldeasturias.com\/radio\/la-consejeria-de-ciencia-articula-ayudas-y-medidas-de-apoyo-para-el-alumnado-universitario-afectado-por-la-covid-19\/#authorImage","url":"https:\/\/secure.gravatar.com\/avatar\/df2aeffc32bcd13f8d26072ef8a91b623d677766deac7f97ca815868cd41bf5e?s=96&d=mm&r=g","width":96,"height":96,"caption":"NBAsturias"}},{"@type":"WebPage","@id":"https:\/\/eldigitaldeasturias.com\/radio\/la-consejeria-de-ciencia-articula-ayudas-y-medidas-de-apoyo-para-el-alumnado-universitario-afectado-por-la-covid-19\/#webpage","url":"https:\/\/eldigitaldeasturias.com\/radio\/la-consejeria-de-ciencia-articula-ayudas-y-medidas-de-apoyo-para-el-alumnado-universitario-afectado-por-la-covid-19\/","name":"La Consejer\u00eda de Ciencia articula ayudas y medidas de apoyo para el alumnado universitario afectado por la COVID-19 | El Digital de Asturias","description":"El consejero de Ciencia, Innovaci\u00f3n y Universidad, Borja S\u00e1nchez, ha anunciado que su departamento pondr\u00e1 en marcha una serie de medidas para que \u201cning\u00fan estudiante universitario se quede atr\u00e1s\u201d y se vea afectado por la COVID-19. Entre otras actuaciones, el reglamento de permanencia de la Universidad de Oviedo incluir\u00e1 un apartado excepcional vinculado a la","inLanguage":"es-ES","isPartOf":{"@id":"https:\/\/eldigitaldeasturias.com\/radio\/#website"},"breadcrumb":{"@id":"https:\/\/eldigitaldeasturias.com\/radio\/la-consejeria-de-ciencia-articula-ayudas-y-medidas-de-apoyo-para-el-alumnado-universitario-afectado-por-la-covid-19\/#breadcrumblist"},"author":{"@id":"https:\/\/eldigitaldeasturias.com\/radio\/author\/nbasturias\/#author"},"creator":{"@id":"https:\/\/eldigitaldeasturias.com\/radio\/author\/nbasturias\/#author"},"image":{"@type":"ImageObject","url":"https:\/\/eldigitaldeasturias.com\/radio\/wp-content\/uploads\/2020\/06\/Consejero-ciencia.jpg","@id":"https:\/\/eldigitaldeasturias.com\/radio\/la-consejeria-de-ciencia-articula-ayudas-y-medidas-de-apoyo-para-el-alumnado-universitario-afectado-por-la-covid-19\/#mainImage","width":813,"height":485},"primaryImageOfPage":{"@id":"https:\/\/eldigitaldeasturias.com\/radio\/la-consejeria-de-ciencia-articula-ayudas-y-medidas-de-apoyo-para-el-alumnado-universitario-afectado-por-la-covid-19\/#mainImage"},"datePublished":"2020-06-08T13:34:04+02:00","dateModified":"2020-06-08T13:34:04+02:00"},{"@type":"WebSite","@id":"https:\/\/eldigitaldeasturias.com\/radio\/#website","url":"https:\/\/eldigitaldeasturias.com\/radio\/","name":"El Digital de Asturias","description":"Diario de informaci\u00f3n y noticias","inLanguage":"es-ES","publisher":{"@id":"https:\/\/eldigitaldeasturias.com\/radio\/#organization"}}]},"og:locale":"es_ES","og:site_name":"El Digital de Asturias | Diario de informaci\u00f3n y noticias","og:type":"article","og:title":"La Consejer\u00eda de Ciencia articula ayudas y medidas de apoyo para el alumnado universitario afectado por la COVID-19 | El Digital de Asturias","og:description":"El consejero de Ciencia, Innovaci\u00f3n y Universidad, Borja S\u00e1nchez, ha anunciado que su departamento pondr\u00e1 en marcha una serie de medidas para que \u201cning\u00fan estudiante universitario se quede atr\u00e1s\u201d y se vea afectado por la COVID-19. Entre otras actuaciones, el reglamento de permanencia de la Universidad de Oviedo incluir\u00e1 un apartado excepcional vinculado a la","og:url":"https:\/\/eldigitaldeasturias.com\/radio\/la-consejeria-de-ciencia-articula-ayudas-y-medidas-de-apoyo-para-el-alumnado-universitario-afectado-por-la-covid-19\/","og:image":"https:\/\/eldigitaldeasturias.com\/radio\/wp-content\/uploads\/2020\/06\/Consejero-ciencia.jpg","og:image:secure_url":"https:\/\/eldigitaldeasturias.com\/radio\/wp-content\/uploads\/2020\/06\/Consejero-ciencia.jpg","og:image:width":813,"og:image:height":485,"article:published_time":"2020-06-08T13:34:04+00:00","article:modified_time":"2020-06-08T13:34:04+00:00","twitter:card":"summary_large_image","twitter:site":"@bercodi","twitter:title":"La Consejer\u00eda de Ciencia articula ayudas y medidas de apoyo para el alumnado universitario afectado por la COVID-19 | El Digital de Asturias","twitter:description":"El consejero de Ciencia, Innovaci\u00f3n y Universidad, Borja S\u00e1nchez, ha anunciado que su departamento pondr\u00e1 en marcha una serie de medidas para que \u201cning\u00fan estudiante universitario se quede atr\u00e1s\u201d y se vea afectado por la COVID-19. Entre otras actuaciones, el reglamento de permanencia de la Universidad de Oviedo incluir\u00e1 un apartado excepcional vinculado a la","twitter:creator":"@bercodi","twitter:image":"https:\/\/eldigitaldeasturias.com\/radio\/wp-content\/uploads\/2020\/06\/Consejero-ciencia.jpg"},"aioseo_meta_data":{"post_id":"4360","title":null,"description":null,"keywords":null,"keyphrases":null,"primary_term":null,"canonical_url":null,"og_title":null,"og_description":null,"og_object_type":"default","og_image_type":"default","og_image_url":null,"og_image_width":null,"og_image_height":null,"og_image_custom_url":null,"og_image_custom_fields":null,"og_video":null,"og_custom_url":null,"og_article_section":null,"og_article_tags":null,"twitter_use_og":false,"twitter_card":"default","twitter_image_type":"default","twitter_image_url":null,"twitter_image_custom_url":null,"twitter_image_custom_fields":null,"twitter_title":null,"twitter_description":null,"schema":{"blockGraphs":[],"customGraphs":[],"default":{"data":{"Article":[],"Course":[],"Dataset":[],"FAQPage":[],"Movie":[],"Person":[],"Product":[],"ProductReview":[],"Car":[],"Recipe":[],"Service":[],"SoftwareApplication":[],"WebPage":[]},"graphName":"","isEnabled":true},"graphs":[],"defaultGraph":"","defaultPostTypeGraph":""},"schema_type":null,"schema_type_options":null,"pillar_content":false,"robots_default":true,"robots_noindex":false,"robots_noarchive":false,"robots_nosnippet":false,"robots_nofollow":false,"robots_noimageindex":false,"robots_noodp":false,"robots_notranslate":false,"robots_max_snippet":null,"robots_max_videopreview":null,"robots_max_imagepreview":"large","priority":null,"frequency":null,"location":null,"local_seo":null,"seo_analyzer_scan_date":"2025-08-28 15:54:59","breadcrumb_settings":null,"limit_modified_date":false,"open_ai":null,"ai":null,"created":"2021-03-25 20:59:41","updated":"2025-08-28 15:54:59"},"aioseo_breadcrumb":"<div class=\"aioseo-breadcrumbs\"><span class=\"aioseo-breadcrumb\">\n\t<a href=\"https:\/\/eldigitaldeasturias.com\/radio\" title=\"Inicio\">Inicio<\/a>\n<\/span><span class=\"aioseo-breadcrumb-separator\">&ndash;<\/span><span class=\"aioseo-breadcrumb\">\n\t<a href=\"https:\/\/eldigitaldeasturias.com\/radio\/category\/noticias\/\" title=\"Noticias\">Noticias<\/a>\n<\/span><span class=\"aioseo-breadcrumb-separator\">&ndash;<\/span><span class=\"aioseo-breadcrumb\">\n\tLa Consejer\u00eda de Ciencia articula ayudas y medidas de apoyo para el alumnado universitario afectado por la COVID-19\n<\/span><\/div>","aioseo_breadcrumb_json":[{"label":"Inicio","link":"https:\/\/eldigitaldeasturias.com\/radio"},{"label":"Noticias","link":"https:\/\/eldigitaldeasturias.com\/radio\/category\/noticias\/"},{"label":"La Consejer\u00eda de Ciencia articula ayudas y medidas de apoyo para el alumnado universitario afectado por la COVID-19","link":"https:\/\/eldigitaldeasturias.com\/radio\/la-consejeria-de-ciencia-articula-ayudas-y-medidas-de-apoyo-para-el-alumnado-universitario-afectado-por-la-covid-19\/"}],"_links":{"self":[{"href":"https:\/\/eldigitaldeasturias.com\/radio\/wp-json\/wp\/v2\/posts\/4360","targetHints":{"allow":["GET"]}}],"collection":[{"href":"https:\/\/eldigitaldeasturias.com\/radio\/wp-json\/wp\/v2\/posts"}],"about":[{"href":"https:\/\/eldigitaldeasturias.com\/radio\/wp-json\/wp\/v2\/types\/post"}],"author":[{"embeddable":true,"href":"https:\/\/eldigitaldeasturias.com\/radio\/wp-json\/wp\/v2\/users\/1"}],"replies":[{"embeddable":true,"href":"https:\/\/eldigitaldeasturias.com\/radio\/wp-json\/wp\/v2\/comments?post=4360"}],"version-history":[{"count":0,"href":"https:\/\/eldigitaldeasturias.com\/radio\/wp-json\/wp\/v2\/posts\/4360\/revisions"}],"wp:featuredmedia":[{"embeddable":true,"href":"https:\/\/eldigitaldeasturias.com\/radio\/wp-json\/wp\/v2\/media\/4361"}],"wp:attachment":[{"href":"https:\/\/eldigitaldeasturias.com\/radio\/wp-json\/wp\/v2\/media?parent=4360"}],"wp:term":[{"taxonomy":"category","embeddable":true,"href":"https:\/\/eldigitaldeasturias.com\/radio\/wp-json\/wp\/v2\/categories?post=4360"},{"taxonomy":"post_tag","embeddable":true,"href":"https:\/\/eldigitaldeasturias.com\/radio\/wp-json\/wp\/v2\/tags?post=4360"}],"curies":[{"name":"wp","href":"https:\/\/api.w.org\/{rel}","templated":true}]}}