{"id":4341,"date":"2020-05-27T14:58:40","date_gmt":"2020-05-27T14:58:40","guid":{"rendered":"http:\/\/www.eldigitaldeasturias.com\/radio\/?p=4341"},"modified":"2020-06-04T15:00:37","modified_gmt":"2020-06-04T15:00:37","slug":"el-principado-logra-que-se-reconozca-el-derecho-a-una-compensacion-economica-por-las-rebajas-en-las-matriculas-universitarias","status":"publish","type":"post","link":"https:\/\/eldigitaldeasturias.com\/radio\/el-principado-logra-que-se-reconozca-el-derecho-a-una-compensacion-economica-por-las-rebajas-en-las-matriculas-universitarias\/","title":{"rendered":"El Principado logra que se reconozca el derecho a una compensaci\u00f3n econ\u00f3mica por las rebajas en las matr\u00edculas universitarias"},"content":{"rendered":"<p><img fetchpriority=\"high\" decoding=\"async\" class=\"alignleft size-medium wp-image-4342\" src=\"http:\/\/www.eldigitaldeasturias.com\/radio\/wp-content\/uploads\/2020\/06\/woman-792162_640-360x240.jpg\" alt=\"\" width=\"360\" height=\"240\" srcset=\"https:\/\/eldigitaldeasturias.com\/radio\/wp-content\/uploads\/2020\/06\/woman-792162_640-360x240.jpg 360w, https:\/\/eldigitaldeasturias.com\/radio\/wp-content\/uploads\/2020\/06\/woman-792162_640.jpg 640w\" sizes=\"(max-width: 360px) 100vw, 360px\" \/>El Principado recibir\u00e1 una compensaci\u00f3n por el esfuerzo realizado en los \u00faltimos a\u00f1os en la rebaja de tasas acad\u00e9micas en grados y m\u00e1steres y optar\u00e1 a fondos nacionales y europeos para elevar la financiaci\u00f3n de la Universidad. El Gobierno de Espa\u00f1a atiende as\u00ed la petici\u00f3n planteada por el Ejecutivo auton\u00f3mico, junto con otras comunidades, para que el sistema universitario se convierta en una prioridad en el proyecto de reconstrucci\u00f3n del pa\u00eds tras la COVID-19 y para que las autonom\u00edas con tasas acad\u00e9micas m\u00e1s bajas, como Asturias, no se vean perjudicadas en el reparto.<\/p>\n<p>El consejero de Ciencia, Innovaci\u00f3n y Universidad, Borja S\u00e1nchez, ha defendido en su intervenci\u00f3n en la Conferencia de Pol\u00edtica Universitaria que el nuevo modelo de precios p\u00fablicos, que en t\u00e9rminos generales plantea el regreso a las tasas de 2011, venga acompa\u00f1ado de fondos, y ha acogido con optimismo el anuncio que el ministro de Universidades, Manuel Castells, ha realizado en esa l\u00ednea al inicio de la reuni\u00f3n.<\/p>\n<p>S\u00e1nchez ha trasladado su satisfacci\u00f3n ante el compromiso del ministerio de que las comunidades que han realizado esfuerzos de contenci\u00f3n y rebaja de los precios p\u00fablicos universitarios en estos a\u00f1os no se vean penalizadas.<\/p>\n<p>En este sentido, el titular de Ciencia ha recordado que la Universidad de Oviedo es un 33% m\u00e1s barata que la media espa\u00f1ola, ya que el precio del cr\u00e9dito para el pr\u00f3ximo curso se sit\u00faa en 12,69 euros, cinco euros por debajo del que se abonaba en el curso 2011-2012. Asturias se sit\u00faa as\u00ed como la cuarta comunidad con costes m\u00e1s bajos de matr\u00edcula.<\/p>\n<p>El consejero ha indicado, adem\u00e1s, que Asturias va un paso m\u00e1s all\u00e1 de la propuesta del ministerio y congelar\u00e1 el pr\u00f3ximo curso las tasas de todas las matr\u00edculas universitarias, tanto de grados como de m\u00e1steres, no solo de la primera. Esta medida tiene un impacto econ\u00f3mico para las arcas p\u00fablicas regionales de cinco millones de euros.<\/p>\n<p>El ministro ha trasladado a las comunidades que se habilitar\u00e1n fondos especiales para compensar la bajada de matr\u00edculas \u2013una iniciativa para la que se establece un calendario de tres a\u00f1os- y para elevar la financiaci\u00f3n universitaria. Estas partidas, a\u00fan por cuantificar, proceder\u00e1n tanto de presupuestos nacionales como de fondos europeos.<\/p>\n<p>S\u00e1nchez ha respaldado esta propuesta ministerial ya que, a su juicio, \u201cse contempla la pol\u00edtica universitaria como un proyecto de pa\u00eds, con un retorno en forma de beneficio socioecon\u00f3mico y eso requiere financiaci\u00f3n adicional para las inversiones pertinentes\u201d. El Gobierno de Asturias conf\u00eda en un reparto que compense a las comunidades que han realizado m\u00e1s esfuerzos y del que, a su vez, se beneficien las familias que m\u00e1s lo necesiten.<\/p>\n","protected":false},"excerpt":{"rendered":"<p>El Principado recibir\u00e1 una compensaci\u00f3n por el esfuerzo realizado en los \u00faltimos a\u00f1os en la rebaja de tasas acad\u00e9micas en grados y m\u00e1steres y optar\u00e1 a fondos nacionales y europeos para elevar la financiaci\u00f3n de la Universidad. El Gobierno de Espa\u00f1a atiende as\u00ed la petici\u00f3n planteada por el Ejecutivo auton\u00f3mico, junto con otras comunidades, para<\/p>\n","protected":false},"author":1,"featured_media":4342,"comment_status":"closed","ping_status":"closed","sticky":false,"template":"","format":"standard","meta":{"footnotes":""},"categories":[1],"tags":[],"class_list":{"0":"post-4341","1":"post","2":"type-post","3":"status-publish","4":"format-standard","5":"has-post-thumbnail","7":"category-noticias"},"aioseo_notices":[],"aioseo_head":"\n\t\t<!-- All in One SEO Pro 4.9.6.2 - aioseo.com -->\n\t<meta name=\"description\" content=\"El Principado recibir\u00e1 una compensaci\u00f3n por el esfuerzo realizado en los \u00faltimos a\u00f1os en la rebaja de tasas acad\u00e9micas en grados y m\u00e1steres y optar\u00e1 a fondos nacionales y europeos para elevar la financiaci\u00f3n de la Universidad. El Gobierno de Espa\u00f1a atiende as\u00ed la petici\u00f3n planteada por el Ejecutivo auton\u00f3mico, junto con otras comunidades, para\" \/>\n\t<meta name=\"robots\" content=\"max-image-preview:large\" \/>\n\t<meta name=\"author\" content=\"NBAsturias\"\/>\n\t<meta name=\"google-site-verification\" content=\"UA-38556648-1\" \/>\n\t<meta name=\"keywords\" content=\"noticias\" \/>\n\t<link rel=\"canonical\" href=\"https:\/\/eldigitaldeasturias.com\/radio\/el-principado-logra-que-se-reconozca-el-derecho-a-una-compensacion-economica-por-las-rebajas-en-las-matriculas-universitarias\/\" \/>\n\t<meta name=\"generator\" content=\"All in One SEO Pro (AIOSEO) 4.9.6.2\" \/>\n\t\t<meta property=\"og:locale\" content=\"es_ES\" \/>\n\t\t<meta property=\"og:site_name\" content=\"El Digital de Asturias | Diario de informaci\u00f3n y noticias\" \/>\n\t\t<meta property=\"og:type\" content=\"article\" \/>\n\t\t<meta property=\"og:title\" content=\"El Principado logra que se reconozca el derecho a una compensaci\u00f3n econ\u00f3mica por las rebajas en las matr\u00edculas universitarias | El Digital de Asturias\" \/>\n\t\t<meta property=\"og:description\" content=\"El Principado recibir\u00e1 una compensaci\u00f3n por el esfuerzo realizado en los \u00faltimos a\u00f1os en la rebaja de tasas acad\u00e9micas en grados y m\u00e1steres y optar\u00e1 a fondos nacionales y europeos para elevar la financiaci\u00f3n de la Universidad. El Gobierno de Espa\u00f1a atiende as\u00ed la petici\u00f3n planteada por el Ejecutivo auton\u00f3mico, junto con otras comunidades, para\" \/>\n\t\t<meta property=\"og:url\" content=\"https:\/\/eldigitaldeasturias.com\/radio\/el-principado-logra-que-se-reconozca-el-derecho-a-una-compensacion-economica-por-las-rebajas-en-las-matriculas-universitarias\/\" \/>\n\t\t<meta property=\"og:image\" content=\"https:\/\/eldigitaldeasturias.com\/radio\/wp-content\/uploads\/2020\/06\/woman-792162_640.jpg\" \/>\n\t\t<meta property=\"og:image:secure_url\" content=\"https:\/\/eldigitaldeasturias.com\/radio\/wp-content\/uploads\/2020\/06\/woman-792162_640.jpg\" \/>\n\t\t<meta property=\"og:image:width\" content=\"640\" \/>\n\t\t<meta property=\"og:image:height\" content=\"426\" \/>\n\t\t<meta property=\"article:published_time\" content=\"2020-05-27T14:58:40+00:00\" \/>\n\t\t<meta property=\"article:modified_time\" content=\"2020-06-04T15:00:37+00:00\" \/>\n\t\t<meta name=\"twitter:card\" content=\"summary_large_image\" \/>\n\t\t<meta name=\"twitter:site\" content=\"@bercodi\" \/>\n\t\t<meta name=\"twitter:title\" content=\"El Principado logra que se reconozca el derecho a una compensaci\u00f3n econ\u00f3mica por las rebajas en las matr\u00edculas universitarias | El Digital de Asturias\" \/>\n\t\t<meta name=\"twitter:description\" content=\"El Principado recibir\u00e1 una compensaci\u00f3n por el esfuerzo realizado en los \u00faltimos a\u00f1os en la rebaja de tasas acad\u00e9micas en grados y m\u00e1steres y optar\u00e1 a fondos nacionales y europeos para elevar la financiaci\u00f3n de la Universidad. El Gobierno de Espa\u00f1a atiende as\u00ed la petici\u00f3n planteada por el Ejecutivo auton\u00f3mico, junto con otras comunidades, para\" \/>\n\t\t<meta name=\"twitter:creator\" content=\"@bercodi\" \/>\n\t\t<meta name=\"twitter:image\" content=\"https:\/\/eldigitaldeasturias.com\/radio\/wp-content\/uploads\/2020\/06\/woman-792162_640.jpg\" \/>\n\t\t<script type=\"application\/ld+json\" class=\"aioseo-schema\">\n\t\t\t{\"@context\":\"https:\\\/\\\/schema.org\",\"@graph\":[{\"@type\":\"BreadcrumbList\",\"@id\":\"https:\\\/\\\/eldigitaldeasturias.com\\\/radio\\\/el-principado-logra-que-se-reconozca-el-derecho-a-una-compensacion-economica-por-las-rebajas-en-las-matriculas-universitarias\\\/#breadcrumblist\",\"itemListElement\":[{\"@type\":\"ListItem\",\"@id\":\"https:\\\/\\\/eldigitaldeasturias.com\\\/radio#listItem\",\"position\":1,\"name\":\"Inicio\",\"item\":\"https:\\\/\\\/eldigitaldeasturias.com\\\/radio\",\"nextItem\":{\"@type\":\"ListItem\",\"@id\":\"https:\\\/\\\/eldigitaldeasturias.com\\\/radio\\\/category\\\/noticias\\\/#listItem\",\"name\":\"Noticias\"}},{\"@type\":\"ListItem\",\"@id\":\"https:\\\/\\\/eldigitaldeasturias.com\\\/radio\\\/category\\\/noticias\\\/#listItem\",\"position\":2,\"name\":\"Noticias\",\"item\":\"https:\\\/\\\/eldigitaldeasturias.com\\\/radio\\\/category\\\/noticias\\\/\",\"nextItem\":{\"@type\":\"ListItem\",\"@id\":\"https:\\\/\\\/eldigitaldeasturias.com\\\/radio\\\/el-principado-logra-que-se-reconozca-el-derecho-a-una-compensacion-economica-por-las-rebajas-en-las-matriculas-universitarias\\\/#listItem\",\"name\":\"El Principado logra que se reconozca el derecho a una compensaci\\u00f3n econ\\u00f3mica por las rebajas en las matr\\u00edculas universitarias\"},\"previousItem\":{\"@type\":\"ListItem\",\"@id\":\"https:\\\/\\\/eldigitaldeasturias.com\\\/radio#listItem\",\"name\":\"Inicio\"}},{\"@type\":\"ListItem\",\"@id\":\"https:\\\/\\\/eldigitaldeasturias.com\\\/radio\\\/el-principado-logra-que-se-reconozca-el-derecho-a-una-compensacion-economica-por-las-rebajas-en-las-matriculas-universitarias\\\/#listItem\",\"position\":3,\"name\":\"El Principado logra que se reconozca el derecho a una compensaci\\u00f3n econ\\u00f3mica por las rebajas en las matr\\u00edculas universitarias\",\"previousItem\":{\"@type\":\"ListItem\",\"@id\":\"https:\\\/\\\/eldigitaldeasturias.com\\\/radio\\\/category\\\/noticias\\\/#listItem\",\"name\":\"Noticias\"}}]},{\"@type\":\"NewsArticle\",\"@id\":\"https:\\\/\\\/eldigitaldeasturias.com\\\/radio\\\/el-principado-logra-que-se-reconozca-el-derecho-a-una-compensacion-economica-por-las-rebajas-en-las-matriculas-universitarias\\\/#newsarticle\",\"name\":\"El Principado logra que se reconozca el derecho a una compensaci\\u00f3n econ\\u00f3mica por las rebajas en las matr\\u00edculas universitarias | El Digital de Asturias\",\"headline\":\"El Principado logra que se reconozca el derecho a una compensaci\\u00f3n econ\\u00f3mica por las rebajas en las matr\\u00edculas universitarias\",\"author\":{\"@id\":\"https:\\\/\\\/eldigitaldeasturias.com\\\/radio\\\/author\\\/nbasturias\\\/#author\"},\"publisher\":{\"@id\":\"https:\\\/\\\/eldigitaldeasturias.com\\\/radio\\\/#organization\"},\"image\":{\"@type\":\"ImageObject\",\"url\":\"https:\\\/\\\/eldigitaldeasturias.com\\\/radio\\\/wp-content\\\/uploads\\\/2020\\\/06\\\/woman-792162_640.jpg\",\"width\":640,\"height\":426},\"datePublished\":\"2020-05-27T14:58:40+02:00\",\"dateModified\":\"2020-06-04T15:00:37+02:00\",\"inLanguage\":\"es-ES\",\"mainEntityOfPage\":{\"@id\":\"https:\\\/\\\/eldigitaldeasturias.com\\\/radio\\\/el-principado-logra-que-se-reconozca-el-derecho-a-una-compensacion-economica-por-las-rebajas-en-las-matriculas-universitarias\\\/#webpage\"},\"isPartOf\":{\"@id\":\"https:\\\/\\\/eldigitaldeasturias.com\\\/radio\\\/el-principado-logra-que-se-reconozca-el-derecho-a-una-compensacion-economica-por-las-rebajas-en-las-matriculas-universitarias\\\/#webpage\"},\"articleSection\":\"Noticias\",\"dateline\":\"Publicado el mayo 27, 2020.\"},{\"@type\":\"Organization\",\"@id\":\"https:\\\/\\\/eldigitaldeasturias.com\\\/radio\\\/#organization\",\"name\":\"El digital de Asturias Radio\",\"description\":\"Diario de informaci\\u00f3n y noticias\",\"url\":\"https:\\\/\\\/eldigitaldeasturias.com\\\/radio\\\/\",\"telephone\":\"+34652131393\",\"logo\":{\"@type\":\"ImageObject\",\"url\":\"https:\\\/\\\/www.eldigitaldeasturias.com\\\/radio\\\/wp-content\\\/uploads\\\/2021\\\/03\\\/EDA.jpg\",\"@id\":\"https:\\\/\\\/eldigitaldeasturias.com\\\/radio\\\/el-principado-logra-que-se-reconozca-el-derecho-a-una-compensacion-economica-por-las-rebajas-en-las-matriculas-universitarias\\\/#organizationLogo\"},\"image\":{\"@id\":\"https:\\\/\\\/eldigitaldeasturias.com\\\/radio\\\/el-principado-logra-que-se-reconozca-el-derecho-a-una-compensacion-economica-por-las-rebajas-en-las-matriculas-universitarias\\\/#organizationLogo\"},\"sameAs\":[\"https:\\\/\\\/www.facebook.com\\\/\",\"https:\\\/\\\/x.com\\\/bercodi\",\"https:\\\/\\\/www.instagram.com\\\/\",\"https:\\\/\\\/www.youtube.com\\\/channel\\\/UCZP-2wLEB9Rv6erhFmqVnvg\"]},{\"@type\":\"Person\",\"@id\":\"https:\\\/\\\/eldigitaldeasturias.com\\\/radio\\\/author\\\/nbasturias\\\/#author\",\"url\":\"https:\\\/\\\/eldigitaldeasturias.com\\\/radio\\\/author\\\/nbasturias\\\/\",\"name\":\"NBAsturias\",\"image\":{\"@type\":\"ImageObject\",\"@id\":\"https:\\\/\\\/eldigitaldeasturias.com\\\/radio\\\/el-principado-logra-que-se-reconozca-el-derecho-a-una-compensacion-economica-por-las-rebajas-en-las-matriculas-universitarias\\\/#authorImage\",\"url\":\"https:\\\/\\\/secure.gravatar.com\\\/avatar\\\/df2aeffc32bcd13f8d26072ef8a91b623d677766deac7f97ca815868cd41bf5e?s=96&d=mm&r=g\",\"width\":96,\"height\":96,\"caption\":\"NBAsturias\"}},{\"@type\":\"WebPage\",\"@id\":\"https:\\\/\\\/eldigitaldeasturias.com\\\/radio\\\/el-principado-logra-que-se-reconozca-el-derecho-a-una-compensacion-economica-por-las-rebajas-en-las-matriculas-universitarias\\\/#webpage\",\"url\":\"https:\\\/\\\/eldigitaldeasturias.com\\\/radio\\\/el-principado-logra-que-se-reconozca-el-derecho-a-una-compensacion-economica-por-las-rebajas-en-las-matriculas-universitarias\\\/\",\"name\":\"El Principado logra que se reconozca el derecho a una compensaci\\u00f3n econ\\u00f3mica por las rebajas en las matr\\u00edculas universitarias | El Digital de Asturias\",\"description\":\"El Principado recibir\\u00e1 una compensaci\\u00f3n por el esfuerzo realizado en los \\u00faltimos a\\u00f1os en la rebaja de tasas acad\\u00e9micas en grados y m\\u00e1steres y optar\\u00e1 a fondos nacionales y europeos para elevar la financiaci\\u00f3n de la Universidad. El Gobierno de Espa\\u00f1a atiende as\\u00ed la petici\\u00f3n planteada por el Ejecutivo auton\\u00f3mico, junto con otras comunidades, para\",\"inLanguage\":\"es-ES\",\"isPartOf\":{\"@id\":\"https:\\\/\\\/eldigitaldeasturias.com\\\/radio\\\/#website\"},\"breadcrumb\":{\"@id\":\"https:\\\/\\\/eldigitaldeasturias.com\\\/radio\\\/el-principado-logra-que-se-reconozca-el-derecho-a-una-compensacion-economica-por-las-rebajas-en-las-matriculas-universitarias\\\/#breadcrumblist\"},\"author\":{\"@id\":\"https:\\\/\\\/eldigitaldeasturias.com\\\/radio\\\/author\\\/nbasturias\\\/#author\"},\"creator\":{\"@id\":\"https:\\\/\\\/eldigitaldeasturias.com\\\/radio\\\/author\\\/nbasturias\\\/#author\"},\"image\":{\"@type\":\"ImageObject\",\"url\":\"https:\\\/\\\/eldigitaldeasturias.com\\\/radio\\\/wp-content\\\/uploads\\\/2020\\\/06\\\/woman-792162_640.jpg\",\"@id\":\"https:\\\/\\\/eldigitaldeasturias.com\\\/radio\\\/el-principado-logra-que-se-reconozca-el-derecho-a-una-compensacion-economica-por-las-rebajas-en-las-matriculas-universitarias\\\/#mainImage\",\"width\":640,\"height\":426},\"primaryImageOfPage\":{\"@id\":\"https:\\\/\\\/eldigitaldeasturias.com\\\/radio\\\/el-principado-logra-que-se-reconozca-el-derecho-a-una-compensacion-economica-por-las-rebajas-en-las-matriculas-universitarias\\\/#mainImage\"},\"datePublished\":\"2020-05-27T14:58:40+02:00\",\"dateModified\":\"2020-06-04T15:00:37+02:00\"},{\"@type\":\"WebSite\",\"@id\":\"https:\\\/\\\/eldigitaldeasturias.com\\\/radio\\\/#website\",\"url\":\"https:\\\/\\\/eldigitaldeasturias.com\\\/radio\\\/\",\"name\":\"El Digital de Asturias\",\"description\":\"Diario de informaci\\u00f3n y noticias\",\"inLanguage\":\"es-ES\",\"publisher\":{\"@id\":\"https:\\\/\\\/eldigitaldeasturias.com\\\/radio\\\/#organization\"}}]}\n\t\t<\/script>\n\t\t<!-- All in One SEO Pro -->\r\n\t\t<title>El Principado logra que se reconozca el derecho a una compensaci\u00f3n econ\u00f3mica por las rebajas en las matr\u00edculas universitarias | El Digital de Asturias<\/title>\n\n","aioseo_head_json":{"title":"El Principado logra que se reconozca el derecho a una compensaci\u00f3n econ\u00f3mica por las rebajas en las matr\u00edculas universitarias | El Digital de Asturias","description":"El Principado recibir\u00e1 una compensaci\u00f3n por el esfuerzo realizado en los \u00faltimos a\u00f1os en la rebaja de tasas acad\u00e9micas en grados y m\u00e1steres y optar\u00e1 a fondos nacionales y europeos para elevar la financiaci\u00f3n de la Universidad. El Gobierno de Espa\u00f1a atiende as\u00ed la petici\u00f3n planteada por el Ejecutivo auton\u00f3mico, junto con otras comunidades, para","canonical_url":"https:\/\/eldigitaldeasturias.com\/radio\/el-principado-logra-que-se-reconozca-el-derecho-a-una-compensacion-economica-por-las-rebajas-en-las-matriculas-universitarias\/","robots":"max-image-preview:large","keywords":"noticias","webmasterTools":{"google-site-verification":"UA-38556648-1","miscellaneous":""},"schema":{"@context":"https:\/\/schema.org","@graph":[{"@type":"BreadcrumbList","@id":"https:\/\/eldigitaldeasturias.com\/radio\/el-principado-logra-que-se-reconozca-el-derecho-a-una-compensacion-economica-por-las-rebajas-en-las-matriculas-universitarias\/#breadcrumblist","itemListElement":[{"@type":"ListItem","@id":"https:\/\/eldigitaldeasturias.com\/radio#listItem","position":1,"name":"Inicio","item":"https:\/\/eldigitaldeasturias.com\/radio","nextItem":{"@type":"ListItem","@id":"https:\/\/eldigitaldeasturias.com\/radio\/category\/noticias\/#listItem","name":"Noticias"}},{"@type":"ListItem","@id":"https:\/\/eldigitaldeasturias.com\/radio\/category\/noticias\/#listItem","position":2,"name":"Noticias","item":"https:\/\/eldigitaldeasturias.com\/radio\/category\/noticias\/","nextItem":{"@type":"ListItem","@id":"https:\/\/eldigitaldeasturias.com\/radio\/el-principado-logra-que-se-reconozca-el-derecho-a-una-compensacion-economica-por-las-rebajas-en-las-matriculas-universitarias\/#listItem","name":"El Principado logra que se reconozca el derecho a una compensaci\u00f3n econ\u00f3mica por las rebajas en las matr\u00edculas universitarias"},"previousItem":{"@type":"ListItem","@id":"https:\/\/eldigitaldeasturias.com\/radio#listItem","name":"Inicio"}},{"@type":"ListItem","@id":"https:\/\/eldigitaldeasturias.com\/radio\/el-principado-logra-que-se-reconozca-el-derecho-a-una-compensacion-economica-por-las-rebajas-en-las-matriculas-universitarias\/#listItem","position":3,"name":"El Principado logra que se reconozca el derecho a una compensaci\u00f3n econ\u00f3mica por las rebajas en las matr\u00edculas universitarias","previousItem":{"@type":"ListItem","@id":"https:\/\/eldigitaldeasturias.com\/radio\/category\/noticias\/#listItem","name":"Noticias"}}]},{"@type":"NewsArticle","@id":"https:\/\/eldigitaldeasturias.com\/radio\/el-principado-logra-que-se-reconozca-el-derecho-a-una-compensacion-economica-por-las-rebajas-en-las-matriculas-universitarias\/#newsarticle","name":"El Principado logra que se reconozca el derecho a una compensaci\u00f3n econ\u00f3mica por las rebajas en las matr\u00edculas universitarias | El Digital de Asturias","headline":"El Principado logra que se reconozca el derecho a una compensaci\u00f3n econ\u00f3mica por las rebajas en las matr\u00edculas universitarias","author":{"@id":"https:\/\/eldigitaldeasturias.com\/radio\/author\/nbasturias\/#author"},"publisher":{"@id":"https:\/\/eldigitaldeasturias.com\/radio\/#organization"},"image":{"@type":"ImageObject","url":"https:\/\/eldigitaldeasturias.com\/radio\/wp-content\/uploads\/2020\/06\/woman-792162_640.jpg","width":640,"height":426},"datePublished":"2020-05-27T14:58:40+02:00","dateModified":"2020-06-04T15:00:37+02:00","inLanguage":"es-ES","mainEntityOfPage":{"@id":"https:\/\/eldigitaldeasturias.com\/radio\/el-principado-logra-que-se-reconozca-el-derecho-a-una-compensacion-economica-por-las-rebajas-en-las-matriculas-universitarias\/#webpage"},"isPartOf":{"@id":"https:\/\/eldigitaldeasturias.com\/radio\/el-principado-logra-que-se-reconozca-el-derecho-a-una-compensacion-economica-por-las-rebajas-en-las-matriculas-universitarias\/#webpage"},"articleSection":"Noticias","dateline":"Publicado el mayo 27, 2020."},{"@type":"Organization","@id":"https:\/\/eldigitaldeasturias.com\/radio\/#organization","name":"El digital de Asturias Radio","description":"Diario de informaci\u00f3n y noticias","url":"https:\/\/eldigitaldeasturias.com\/radio\/","telephone":"+34652131393","logo":{"@type":"ImageObject","url":"https:\/\/www.eldigitaldeasturias.com\/radio\/wp-content\/uploads\/2021\/03\/EDA.jpg","@id":"https:\/\/eldigitaldeasturias.com\/radio\/el-principado-logra-que-se-reconozca-el-derecho-a-una-compensacion-economica-por-las-rebajas-en-las-matriculas-universitarias\/#organizationLogo"},"image":{"@id":"https:\/\/eldigitaldeasturias.com\/radio\/el-principado-logra-que-se-reconozca-el-derecho-a-una-compensacion-economica-por-las-rebajas-en-las-matriculas-universitarias\/#organizationLogo"},"sameAs":["https:\/\/www.facebook.com\/","https:\/\/x.com\/bercodi","https:\/\/www.instagram.com\/","https:\/\/www.youtube.com\/channel\/UCZP-2wLEB9Rv6erhFmqVnvg"]},{"@type":"Person","@id":"https:\/\/eldigitaldeasturias.com\/radio\/author\/nbasturias\/#author","url":"https:\/\/eldigitaldeasturias.com\/radio\/author\/nbasturias\/","name":"NBAsturias","image":{"@type":"ImageObject","@id":"https:\/\/eldigitaldeasturias.com\/radio\/el-principado-logra-que-se-reconozca-el-derecho-a-una-compensacion-economica-por-las-rebajas-en-las-matriculas-universitarias\/#authorImage","url":"https:\/\/secure.gravatar.com\/avatar\/df2aeffc32bcd13f8d26072ef8a91b623d677766deac7f97ca815868cd41bf5e?s=96&d=mm&r=g","width":96,"height":96,"caption":"NBAsturias"}},{"@type":"WebPage","@id":"https:\/\/eldigitaldeasturias.com\/radio\/el-principado-logra-que-se-reconozca-el-derecho-a-una-compensacion-economica-por-las-rebajas-en-las-matriculas-universitarias\/#webpage","url":"https:\/\/eldigitaldeasturias.com\/radio\/el-principado-logra-que-se-reconozca-el-derecho-a-una-compensacion-economica-por-las-rebajas-en-las-matriculas-universitarias\/","name":"El Principado logra que se reconozca el derecho a una compensaci\u00f3n econ\u00f3mica por las rebajas en las matr\u00edculas universitarias | El Digital de Asturias","description":"El Principado recibir\u00e1 una compensaci\u00f3n por el esfuerzo realizado en los \u00faltimos a\u00f1os en la rebaja de tasas acad\u00e9micas en grados y m\u00e1steres y optar\u00e1 a fondos nacionales y europeos para elevar la financiaci\u00f3n de la Universidad. El Gobierno de Espa\u00f1a atiende as\u00ed la petici\u00f3n planteada por el Ejecutivo auton\u00f3mico, junto con otras comunidades, para","inLanguage":"es-ES","isPartOf":{"@id":"https:\/\/eldigitaldeasturias.com\/radio\/#website"},"breadcrumb":{"@id":"https:\/\/eldigitaldeasturias.com\/radio\/el-principado-logra-que-se-reconozca-el-derecho-a-una-compensacion-economica-por-las-rebajas-en-las-matriculas-universitarias\/#breadcrumblist"},"author":{"@id":"https:\/\/eldigitaldeasturias.com\/radio\/author\/nbasturias\/#author"},"creator":{"@id":"https:\/\/eldigitaldeasturias.com\/radio\/author\/nbasturias\/#author"},"image":{"@type":"ImageObject","url":"https:\/\/eldigitaldeasturias.com\/radio\/wp-content\/uploads\/2020\/06\/woman-792162_640.jpg","@id":"https:\/\/eldigitaldeasturias.com\/radio\/el-principado-logra-que-se-reconozca-el-derecho-a-una-compensacion-economica-por-las-rebajas-en-las-matriculas-universitarias\/#mainImage","width":640,"height":426},"primaryImageOfPage":{"@id":"https:\/\/eldigitaldeasturias.com\/radio\/el-principado-logra-que-se-reconozca-el-derecho-a-una-compensacion-economica-por-las-rebajas-en-las-matriculas-universitarias\/#mainImage"},"datePublished":"2020-05-27T14:58:40+02:00","dateModified":"2020-06-04T15:00:37+02:00"},{"@type":"WebSite","@id":"https:\/\/eldigitaldeasturias.com\/radio\/#website","url":"https:\/\/eldigitaldeasturias.com\/radio\/","name":"El Digital de Asturias","description":"Diario de informaci\u00f3n y noticias","inLanguage":"es-ES","publisher":{"@id":"https:\/\/eldigitaldeasturias.com\/radio\/#organization"}}]},"og:locale":"es_ES","og:site_name":"El Digital de Asturias | Diario de informaci\u00f3n y noticias","og:type":"article","og:title":"El Principado logra que se reconozca el derecho a una compensaci\u00f3n econ\u00f3mica por las rebajas en las matr\u00edculas universitarias | El Digital de Asturias","og:description":"El Principado recibir\u00e1 una compensaci\u00f3n por el esfuerzo realizado en los \u00faltimos a\u00f1os en la rebaja de tasas acad\u00e9micas en grados y m\u00e1steres y optar\u00e1 a fondos nacionales y europeos para elevar la financiaci\u00f3n de la Universidad. El Gobierno de Espa\u00f1a atiende as\u00ed la petici\u00f3n planteada por el Ejecutivo auton\u00f3mico, junto con otras comunidades, para","og:url":"https:\/\/eldigitaldeasturias.com\/radio\/el-principado-logra-que-se-reconozca-el-derecho-a-una-compensacion-economica-por-las-rebajas-en-las-matriculas-universitarias\/","og:image":"https:\/\/eldigitaldeasturias.com\/radio\/wp-content\/uploads\/2020\/06\/woman-792162_640.jpg","og:image:secure_url":"https:\/\/eldigitaldeasturias.com\/radio\/wp-content\/uploads\/2020\/06\/woman-792162_640.jpg","og:image:width":640,"og:image:height":426,"article:published_time":"2020-05-27T14:58:40+00:00","article:modified_time":"2020-06-04T15:00:37+00:00","twitter:card":"summary_large_image","twitter:site":"@bercodi","twitter:title":"El Principado logra que se reconozca el derecho a una compensaci\u00f3n econ\u00f3mica por las rebajas en las matr\u00edculas universitarias | El Digital de Asturias","twitter:description":"El Principado recibir\u00e1 una compensaci\u00f3n por el esfuerzo realizado en los \u00faltimos a\u00f1os en la rebaja de tasas acad\u00e9micas en grados y m\u00e1steres y optar\u00e1 a fondos nacionales y europeos para elevar la financiaci\u00f3n de la Universidad. El Gobierno de Espa\u00f1a atiende as\u00ed la petici\u00f3n planteada por el Ejecutivo auton\u00f3mico, junto con otras comunidades, para","twitter:creator":"@bercodi","twitter:image":"https:\/\/eldigitaldeasturias.com\/radio\/wp-content\/uploads\/2020\/06\/woman-792162_640.jpg"},"aioseo_meta_data":{"post_id":"4341","title":null,"description":null,"keywords":null,"keyphrases":null,"primary_term":null,"canonical_url":null,"og_title":null,"og_description":null,"og_object_type":"default","og_image_type":"default","og_image_url":null,"og_image_width":null,"og_image_height":null,"og_image_custom_url":null,"og_image_custom_fields":null,"og_video":null,"og_custom_url":null,"og_article_section":null,"og_article_tags":null,"twitter_use_og":false,"twitter_card":"default","twitter_image_type":"default","twitter_image_url":null,"twitter_image_custom_url":null,"twitter_image_custom_fields":null,"twitter_title":null,"twitter_description":null,"schema":{"blockGraphs":[],"customGraphs":[],"default":{"data":{"Article":[],"Course":[],"Dataset":[],"FAQPage":[],"Movie":[],"Person":[],"Product":[],"ProductReview":[],"Car":[],"Recipe":[],"Service":[],"SoftwareApplication":[],"WebPage":[]},"graphName":"","isEnabled":true},"graphs":[],"defaultGraph":"","defaultPostTypeGraph":""},"schema_type":null,"schema_type_options":null,"pillar_content":false,"robots_default":true,"robots_noindex":false,"robots_noarchive":false,"robots_nosnippet":false,"robots_nofollow":false,"robots_noimageindex":false,"robots_noodp":false,"robots_notranslate":false,"robots_max_snippet":null,"robots_max_videopreview":null,"robots_max_imagepreview":"large","priority":null,"frequency":null,"location":null,"local_seo":null,"seo_analyzer_scan_date":"2025-08-28 15:46:59","breadcrumb_settings":null,"limit_modified_date":false,"open_ai":null,"ai":null,"created":"2021-03-26 01:45:22","updated":"2025-08-28 15:46:59"},"aioseo_breadcrumb":"<div class=\"aioseo-breadcrumbs\"><span class=\"aioseo-breadcrumb\">\n\t<a href=\"https:\/\/eldigitaldeasturias.com\/radio\" title=\"Inicio\">Inicio<\/a>\n<\/span><span class=\"aioseo-breadcrumb-separator\">&ndash;<\/span><span class=\"aioseo-breadcrumb\">\n\t<a href=\"https:\/\/eldigitaldeasturias.com\/radio\/category\/noticias\/\" title=\"Noticias\">Noticias<\/a>\n<\/span><span class=\"aioseo-breadcrumb-separator\">&ndash;<\/span><span class=\"aioseo-breadcrumb\">\n\tEl Principado logra que se reconozca el derecho a una compensaci\u00f3n econ\u00f3mica por las rebajas en las matr\u00edculas universitarias\n<\/span><\/div>","aioseo_breadcrumb_json":[{"label":"Inicio","link":"https:\/\/eldigitaldeasturias.com\/radio"},{"label":"Noticias","link":"https:\/\/eldigitaldeasturias.com\/radio\/category\/noticias\/"},{"label":"El Principado logra que se reconozca el derecho a una compensaci\u00f3n econ\u00f3mica por las rebajas en las matr\u00edculas universitarias","link":"https:\/\/eldigitaldeasturias.com\/radio\/el-principado-logra-que-se-reconozca-el-derecho-a-una-compensacion-economica-por-las-rebajas-en-las-matriculas-universitarias\/"}],"_links":{"self":[{"href":"https:\/\/eldigitaldeasturias.com\/radio\/wp-json\/wp\/v2\/posts\/4341","targetHints":{"allow":["GET"]}}],"collection":[{"href":"https:\/\/eldigitaldeasturias.com\/radio\/wp-json\/wp\/v2\/posts"}],"about":[{"href":"https:\/\/eldigitaldeasturias.com\/radio\/wp-json\/wp\/v2\/types\/post"}],"author":[{"embeddable":true,"href":"https:\/\/eldigitaldeasturias.com\/radio\/wp-json\/wp\/v2\/users\/1"}],"replies":[{"embeddable":true,"href":"https:\/\/eldigitaldeasturias.com\/radio\/wp-json\/wp\/v2\/comments?post=4341"}],"version-history":[{"count":0,"href":"https:\/\/eldigitaldeasturias.com\/radio\/wp-json\/wp\/v2\/posts\/4341\/revisions"}],"wp:featuredmedia":[{"embeddable":true,"href":"https:\/\/eldigitaldeasturias.com\/radio\/wp-json\/wp\/v2\/media\/4342"}],"wp:attachment":[{"href":"https:\/\/eldigitaldeasturias.com\/radio\/wp-json\/wp\/v2\/media?parent=4341"}],"wp:term":[{"taxonomy":"category","embeddable":true,"href":"https:\/\/eldigitaldeasturias.com\/radio\/wp-json\/wp\/v2\/categories?post=4341"},{"taxonomy":"post_tag","embeddable":true,"href":"https:\/\/eldigitaldeasturias.com\/radio\/wp-json\/wp\/v2\/tags?post=4341"}],"curies":[{"name":"wp","href":"https:\/\/api.w.org\/{rel}","templated":true}]}}