{"id":4338,"date":"2020-06-04T14:57:51","date_gmt":"2020-06-04T14:57:51","guid":{"rendered":"http:\/\/www.eldigitaldeasturias.com\/radio\/?p=4338"},"modified":"2020-06-04T14:57:51","modified_gmt":"2020-06-04T14:57:51","slug":"el-principado-aprueba-la-ampliacion-del-aforo-interior-de-los-establecimientos-hosteleros","status":"publish","type":"post","link":"https:\/\/eldigitaldeasturias.com\/radio\/el-principado-aprueba-la-ampliacion-del-aforo-interior-de-los-establecimientos-hosteleros\/","title":{"rendered":"El Principado aprueba la ampliaci\u00f3n del aforo interior de los establecimientos hosteleros"},"content":{"rendered":"<p><img fetchpriority=\"high\" decoding=\"async\" class=\"alignleft size-medium wp-image-4339\" src=\"http:\/\/www.eldigitaldeasturias.com\/radio\/wp-content\/uploads\/2020\/06\/coffee-802057_640-360x240.jpg\" alt=\"\" width=\"360\" height=\"240\" srcset=\"https:\/\/eldigitaldeasturias.com\/radio\/wp-content\/uploads\/2020\/06\/coffee-802057_640-360x240.jpg 360w, https:\/\/eldigitaldeasturias.com\/radio\/wp-content\/uploads\/2020\/06\/coffee-802057_640.jpg 640w\" sizes=\"(max-width: 360px) 100vw, 360px\" \/>El Gobierno del Principado ha acordado permitir la ampliaci\u00f3n del aforo del interior de los establecimientos de hosteler\u00eda y restauraci\u00f3n hasta el 50%<\/p>\n<p>El Consejo de Gobierno ha celebrado una reuni\u00f3n extraordinaria para flexibilizar la normativa de \u00e1mbito nacional que fijaba el aforo de los locales hosteleros, como m\u00e1ximo, en el 40% atendiendo as\u00ed la propuesta de la Consejer\u00eda de Cultura, Pol\u00edtica Lling\u00fc\u00edstica y Turismo.<\/p>\n<p>La medida se toma en el contexto de la reactivaci\u00f3n progresiva del sector tur\u00edstico auton\u00f3mico, para el que en este momento del plan de desescalada es fundamental la colaboraci\u00f3n de la ciudadan\u00eda, desde la certeza de que la responsabilidad individual constituye una garant\u00eda de primer orden para evitar la expansi\u00f3n del coronavirus.<\/p>\n<p>Para llevar a cabo esta iniciativa, la Viceconsejer\u00eda de Turismo requiri\u00f3 un informe de la Direcci\u00f3n General de Salud P\u00fablica, que juzga posible la modificaci\u00f3n del porcentaje de aforo desde el punto de vista epidemiol\u00f3gico, siempre que se tengan en cuenta, de forma estricta, las medidas de protecci\u00f3n y prevenci\u00f3n prescritas por las autoridades sanitarias.<\/p>\n<p>La ampliaci\u00f3n del aforo se har\u00e1 efectiva ma\u00f1ana tras la publicaci\u00f3n esta tarde del acuerdo adoptado en un suplemento del Bolet\u00edn Oficial del Principado (Bopa).<\/p>\n<p>&nbsp;<\/p>\n","protected":false},"excerpt":{"rendered":"<p>El Gobierno del Principado ha acordado permitir la ampliaci\u00f3n del aforo del interior de los establecimientos de hosteler\u00eda y restauraci\u00f3n hasta el 50% El Consejo de Gobierno ha celebrado una reuni\u00f3n extraordinaria para flexibilizar la normativa de \u00e1mbito nacional que fijaba el aforo de los locales hosteleros, como m\u00e1ximo, en el 40% atendiendo as\u00ed la<\/p>\n","protected":false},"author":1,"featured_media":4339,"comment_status":"closed","ping_status":"closed","sticky":false,"template":"","format":"standard","meta":{"footnotes":""},"categories":[1],"tags":[],"class_list":{"0":"post-4338","1":"post","2":"type-post","3":"status-publish","4":"format-standard","5":"has-post-thumbnail","7":"category-noticias"},"aioseo_notices":[],"aioseo_head":"\n\t\t<!-- All in One SEO Pro 4.9.6.2 - aioseo.com -->\n\t<meta name=\"description\" content=\"El Gobierno del Principado ha acordado permitir la ampliaci\u00f3n del aforo del interior de los establecimientos de hosteler\u00eda y restauraci\u00f3n hasta el 50% El Consejo de Gobierno ha celebrado una reuni\u00f3n extraordinaria para flexibilizar la normativa de \u00e1mbito nacional que fijaba el aforo de los locales hosteleros, como m\u00e1ximo, en el 40% atendiendo as\u00ed la\" \/>\n\t<meta name=\"robots\" content=\"max-image-preview:large\" \/>\n\t<meta name=\"author\" content=\"NBAsturias\"\/>\n\t<meta name=\"google-site-verification\" content=\"UA-38556648-1\" \/>\n\t<meta name=\"keywords\" content=\"noticias\" \/>\n\t<link rel=\"canonical\" href=\"https:\/\/eldigitaldeasturias.com\/radio\/el-principado-aprueba-la-ampliacion-del-aforo-interior-de-los-establecimientos-hosteleros\/\" \/>\n\t<meta name=\"generator\" content=\"All in One SEO Pro (AIOSEO) 4.9.6.2\" \/>\n\t\t<meta property=\"og:locale\" content=\"es_ES\" \/>\n\t\t<meta property=\"og:site_name\" content=\"El Digital de Asturias | Diario de informaci\u00f3n y noticias\" \/>\n\t\t<meta property=\"og:type\" content=\"article\" \/>\n\t\t<meta property=\"og:title\" content=\"El Principado aprueba la ampliaci\u00f3n del aforo interior de los establecimientos hosteleros | El Digital de Asturias\" \/>\n\t\t<meta property=\"og:description\" content=\"El Gobierno del Principado ha acordado permitir la ampliaci\u00f3n del aforo del interior de los establecimientos de hosteler\u00eda y restauraci\u00f3n hasta el 50% El Consejo de Gobierno ha celebrado una reuni\u00f3n extraordinaria para flexibilizar la normativa de \u00e1mbito nacional que fijaba el aforo de los locales hosteleros, como m\u00e1ximo, en el 40% atendiendo as\u00ed la\" \/>\n\t\t<meta property=\"og:url\" content=\"https:\/\/eldigitaldeasturias.com\/radio\/el-principado-aprueba-la-ampliacion-del-aforo-interior-de-los-establecimientos-hosteleros\/\" \/>\n\t\t<meta property=\"og:image\" content=\"https:\/\/eldigitaldeasturias.com\/radio\/wp-content\/uploads\/2020\/06\/coffee-802057_640.jpg\" \/>\n\t\t<meta property=\"og:image:secure_url\" content=\"https:\/\/eldigitaldeasturias.com\/radio\/wp-content\/uploads\/2020\/06\/coffee-802057_640.jpg\" \/>\n\t\t<meta property=\"og:image:width\" content=\"640\" \/>\n\t\t<meta property=\"og:image:height\" content=\"426\" \/>\n\t\t<meta property=\"article:published_time\" content=\"2020-06-04T14:57:51+00:00\" \/>\n\t\t<meta property=\"article:modified_time\" content=\"2020-06-04T14:57:51+00:00\" \/>\n\t\t<meta name=\"twitter:card\" content=\"summary_large_image\" \/>\n\t\t<meta name=\"twitter:site\" content=\"@bercodi\" \/>\n\t\t<meta name=\"twitter:title\" content=\"El Principado aprueba la ampliaci\u00f3n del aforo interior de los establecimientos hosteleros | El Digital de Asturias\" \/>\n\t\t<meta name=\"twitter:description\" content=\"El Gobierno del Principado ha acordado permitir la ampliaci\u00f3n del aforo del interior de los establecimientos de hosteler\u00eda y restauraci\u00f3n hasta el 50% El Consejo de Gobierno ha celebrado una reuni\u00f3n extraordinaria para flexibilizar la normativa de \u00e1mbito nacional que fijaba el aforo de los locales hosteleros, como m\u00e1ximo, en el 40% atendiendo as\u00ed la\" \/>\n\t\t<meta name=\"twitter:creator\" content=\"@bercodi\" \/>\n\t\t<meta name=\"twitter:image\" content=\"https:\/\/eldigitaldeasturias.com\/radio\/wp-content\/uploads\/2020\/06\/coffee-802057_640.jpg\" \/>\n\t\t<script type=\"application\/ld+json\" class=\"aioseo-schema\">\n\t\t\t{\"@context\":\"https:\\\/\\\/schema.org\",\"@graph\":[{\"@type\":\"BreadcrumbList\",\"@id\":\"https:\\\/\\\/eldigitaldeasturias.com\\\/radio\\\/el-principado-aprueba-la-ampliacion-del-aforo-interior-de-los-establecimientos-hosteleros\\\/#breadcrumblist\",\"itemListElement\":[{\"@type\":\"ListItem\",\"@id\":\"https:\\\/\\\/eldigitaldeasturias.com\\\/radio#listItem\",\"position\":1,\"name\":\"Inicio\",\"item\":\"https:\\\/\\\/eldigitaldeasturias.com\\\/radio\",\"nextItem\":{\"@type\":\"ListItem\",\"@id\":\"https:\\\/\\\/eldigitaldeasturias.com\\\/radio\\\/category\\\/noticias\\\/#listItem\",\"name\":\"Noticias\"}},{\"@type\":\"ListItem\",\"@id\":\"https:\\\/\\\/eldigitaldeasturias.com\\\/radio\\\/category\\\/noticias\\\/#listItem\",\"position\":2,\"name\":\"Noticias\",\"item\":\"https:\\\/\\\/eldigitaldeasturias.com\\\/radio\\\/category\\\/noticias\\\/\",\"nextItem\":{\"@type\":\"ListItem\",\"@id\":\"https:\\\/\\\/eldigitaldeasturias.com\\\/radio\\\/el-principado-aprueba-la-ampliacion-del-aforo-interior-de-los-establecimientos-hosteleros\\\/#listItem\",\"name\":\"El Principado aprueba la ampliaci\\u00f3n del aforo interior de los establecimientos hosteleros\"},\"previousItem\":{\"@type\":\"ListItem\",\"@id\":\"https:\\\/\\\/eldigitaldeasturias.com\\\/radio#listItem\",\"name\":\"Inicio\"}},{\"@type\":\"ListItem\",\"@id\":\"https:\\\/\\\/eldigitaldeasturias.com\\\/radio\\\/el-principado-aprueba-la-ampliacion-del-aforo-interior-de-los-establecimientos-hosteleros\\\/#listItem\",\"position\":3,\"name\":\"El Principado aprueba la ampliaci\\u00f3n del aforo interior de los establecimientos hosteleros\",\"previousItem\":{\"@type\":\"ListItem\",\"@id\":\"https:\\\/\\\/eldigitaldeasturias.com\\\/radio\\\/category\\\/noticias\\\/#listItem\",\"name\":\"Noticias\"}}]},{\"@type\":\"NewsArticle\",\"@id\":\"https:\\\/\\\/eldigitaldeasturias.com\\\/radio\\\/el-principado-aprueba-la-ampliacion-del-aforo-interior-de-los-establecimientos-hosteleros\\\/#newsarticle\",\"name\":\"El Principado aprueba la ampliaci\\u00f3n del aforo interior de los establecimientos hosteleros | El Digital de Asturias\",\"headline\":\"El Principado aprueba la ampliaci\\u00f3n del aforo interior de los establecimientos hosteleros\",\"author\":{\"@id\":\"https:\\\/\\\/eldigitaldeasturias.com\\\/radio\\\/author\\\/nbasturias\\\/#author\"},\"publisher\":{\"@id\":\"https:\\\/\\\/eldigitaldeasturias.com\\\/radio\\\/#organization\"},\"image\":{\"@type\":\"ImageObject\",\"url\":\"https:\\\/\\\/eldigitaldeasturias.com\\\/radio\\\/wp-content\\\/uploads\\\/2020\\\/06\\\/coffee-802057_640.jpg\",\"width\":640,\"height\":426},\"datePublished\":\"2020-06-04T14:57:51+02:00\",\"dateModified\":\"2020-06-04T14:57:51+02:00\",\"inLanguage\":\"es-ES\",\"mainEntityOfPage\":{\"@id\":\"https:\\\/\\\/eldigitaldeasturias.com\\\/radio\\\/el-principado-aprueba-la-ampliacion-del-aforo-interior-de-los-establecimientos-hosteleros\\\/#webpage\"},\"isPartOf\":{\"@id\":\"https:\\\/\\\/eldigitaldeasturias.com\\\/radio\\\/el-principado-aprueba-la-ampliacion-del-aforo-interior-de-los-establecimientos-hosteleros\\\/#webpage\"},\"articleSection\":\"Noticias\",\"dateline\":\"Publicado el junio 4, 2020.\"},{\"@type\":\"Organization\",\"@id\":\"https:\\\/\\\/eldigitaldeasturias.com\\\/radio\\\/#organization\",\"name\":\"El digital de Asturias Radio\",\"description\":\"Diario de informaci\\u00f3n y noticias\",\"url\":\"https:\\\/\\\/eldigitaldeasturias.com\\\/radio\\\/\",\"telephone\":\"+34652131393\",\"logo\":{\"@type\":\"ImageObject\",\"url\":\"https:\\\/\\\/www.eldigitaldeasturias.com\\\/radio\\\/wp-content\\\/uploads\\\/2021\\\/03\\\/EDA.jpg\",\"@id\":\"https:\\\/\\\/eldigitaldeasturias.com\\\/radio\\\/el-principado-aprueba-la-ampliacion-del-aforo-interior-de-los-establecimientos-hosteleros\\\/#organizationLogo\"},\"image\":{\"@id\":\"https:\\\/\\\/eldigitaldeasturias.com\\\/radio\\\/el-principado-aprueba-la-ampliacion-del-aforo-interior-de-los-establecimientos-hosteleros\\\/#organizationLogo\"},\"sameAs\":[\"https:\\\/\\\/www.facebook.com\\\/\",\"https:\\\/\\\/x.com\\\/bercodi\",\"https:\\\/\\\/www.instagram.com\\\/\",\"https:\\\/\\\/www.youtube.com\\\/channel\\\/UCZP-2wLEB9Rv6erhFmqVnvg\"]},{\"@type\":\"Person\",\"@id\":\"https:\\\/\\\/eldigitaldeasturias.com\\\/radio\\\/author\\\/nbasturias\\\/#author\",\"url\":\"https:\\\/\\\/eldigitaldeasturias.com\\\/radio\\\/author\\\/nbasturias\\\/\",\"name\":\"NBAsturias\",\"image\":{\"@type\":\"ImageObject\",\"@id\":\"https:\\\/\\\/eldigitaldeasturias.com\\\/radio\\\/el-principado-aprueba-la-ampliacion-del-aforo-interior-de-los-establecimientos-hosteleros\\\/#authorImage\",\"url\":\"https:\\\/\\\/secure.gravatar.com\\\/avatar\\\/df2aeffc32bcd13f8d26072ef8a91b623d677766deac7f97ca815868cd41bf5e?s=96&d=mm&r=g\",\"width\":96,\"height\":96,\"caption\":\"NBAsturias\"}},{\"@type\":\"WebPage\",\"@id\":\"https:\\\/\\\/eldigitaldeasturias.com\\\/radio\\\/el-principado-aprueba-la-ampliacion-del-aforo-interior-de-los-establecimientos-hosteleros\\\/#webpage\",\"url\":\"https:\\\/\\\/eldigitaldeasturias.com\\\/radio\\\/el-principado-aprueba-la-ampliacion-del-aforo-interior-de-los-establecimientos-hosteleros\\\/\",\"name\":\"El Principado aprueba la ampliaci\\u00f3n del aforo interior de los establecimientos hosteleros | El Digital de Asturias\",\"description\":\"El Gobierno del Principado ha acordado permitir la ampliaci\\u00f3n del aforo del interior de los establecimientos de hosteler\\u00eda y restauraci\\u00f3n hasta el 50% El Consejo de Gobierno ha celebrado una reuni\\u00f3n extraordinaria para flexibilizar la normativa de \\u00e1mbito nacional que fijaba el aforo de los locales hosteleros, como m\\u00e1ximo, en el 40% atendiendo as\\u00ed la\",\"inLanguage\":\"es-ES\",\"isPartOf\":{\"@id\":\"https:\\\/\\\/eldigitaldeasturias.com\\\/radio\\\/#website\"},\"breadcrumb\":{\"@id\":\"https:\\\/\\\/eldigitaldeasturias.com\\\/radio\\\/el-principado-aprueba-la-ampliacion-del-aforo-interior-de-los-establecimientos-hosteleros\\\/#breadcrumblist\"},\"author\":{\"@id\":\"https:\\\/\\\/eldigitaldeasturias.com\\\/radio\\\/author\\\/nbasturias\\\/#author\"},\"creator\":{\"@id\":\"https:\\\/\\\/eldigitaldeasturias.com\\\/radio\\\/author\\\/nbasturias\\\/#author\"},\"image\":{\"@type\":\"ImageObject\",\"url\":\"https:\\\/\\\/eldigitaldeasturias.com\\\/radio\\\/wp-content\\\/uploads\\\/2020\\\/06\\\/coffee-802057_640.jpg\",\"@id\":\"https:\\\/\\\/eldigitaldeasturias.com\\\/radio\\\/el-principado-aprueba-la-ampliacion-del-aforo-interior-de-los-establecimientos-hosteleros\\\/#mainImage\",\"width\":640,\"height\":426},\"primaryImageOfPage\":{\"@id\":\"https:\\\/\\\/eldigitaldeasturias.com\\\/radio\\\/el-principado-aprueba-la-ampliacion-del-aforo-interior-de-los-establecimientos-hosteleros\\\/#mainImage\"},\"datePublished\":\"2020-06-04T14:57:51+02:00\",\"dateModified\":\"2020-06-04T14:57:51+02:00\"},{\"@type\":\"WebSite\",\"@id\":\"https:\\\/\\\/eldigitaldeasturias.com\\\/radio\\\/#website\",\"url\":\"https:\\\/\\\/eldigitaldeasturias.com\\\/radio\\\/\",\"name\":\"El Digital de Asturias\",\"description\":\"Diario de informaci\\u00f3n y noticias\",\"inLanguage\":\"es-ES\",\"publisher\":{\"@id\":\"https:\\\/\\\/eldigitaldeasturias.com\\\/radio\\\/#organization\"}}]}\n\t\t<\/script>\n\t\t<!-- All in One SEO Pro -->\r\n\t\t<title>El Principado aprueba la ampliaci\u00f3n del aforo interior de los establecimientos hosteleros | El Digital de Asturias<\/title>\n\n","aioseo_head_json":{"title":"El Principado aprueba la ampliaci\u00f3n del aforo interior de los establecimientos hosteleros | El Digital de Asturias","description":"El Gobierno del Principado ha acordado permitir la ampliaci\u00f3n del aforo del interior de los establecimientos de hosteler\u00eda y restauraci\u00f3n hasta el 50% El Consejo de Gobierno ha celebrado una reuni\u00f3n extraordinaria para flexibilizar la normativa de \u00e1mbito nacional que fijaba el aforo de los locales hosteleros, como m\u00e1ximo, en el 40% atendiendo as\u00ed la","canonical_url":"https:\/\/eldigitaldeasturias.com\/radio\/el-principado-aprueba-la-ampliacion-del-aforo-interior-de-los-establecimientos-hosteleros\/","robots":"max-image-preview:large","keywords":"noticias","webmasterTools":{"google-site-verification":"UA-38556648-1","miscellaneous":""},"schema":{"@context":"https:\/\/schema.org","@graph":[{"@type":"BreadcrumbList","@id":"https:\/\/eldigitaldeasturias.com\/radio\/el-principado-aprueba-la-ampliacion-del-aforo-interior-de-los-establecimientos-hosteleros\/#breadcrumblist","itemListElement":[{"@type":"ListItem","@id":"https:\/\/eldigitaldeasturias.com\/radio#listItem","position":1,"name":"Inicio","item":"https:\/\/eldigitaldeasturias.com\/radio","nextItem":{"@type":"ListItem","@id":"https:\/\/eldigitaldeasturias.com\/radio\/category\/noticias\/#listItem","name":"Noticias"}},{"@type":"ListItem","@id":"https:\/\/eldigitaldeasturias.com\/radio\/category\/noticias\/#listItem","position":2,"name":"Noticias","item":"https:\/\/eldigitaldeasturias.com\/radio\/category\/noticias\/","nextItem":{"@type":"ListItem","@id":"https:\/\/eldigitaldeasturias.com\/radio\/el-principado-aprueba-la-ampliacion-del-aforo-interior-de-los-establecimientos-hosteleros\/#listItem","name":"El Principado aprueba la ampliaci\u00f3n del aforo interior de los establecimientos hosteleros"},"previousItem":{"@type":"ListItem","@id":"https:\/\/eldigitaldeasturias.com\/radio#listItem","name":"Inicio"}},{"@type":"ListItem","@id":"https:\/\/eldigitaldeasturias.com\/radio\/el-principado-aprueba-la-ampliacion-del-aforo-interior-de-los-establecimientos-hosteleros\/#listItem","position":3,"name":"El Principado aprueba la ampliaci\u00f3n del aforo interior de los establecimientos hosteleros","previousItem":{"@type":"ListItem","@id":"https:\/\/eldigitaldeasturias.com\/radio\/category\/noticias\/#listItem","name":"Noticias"}}]},{"@type":"NewsArticle","@id":"https:\/\/eldigitaldeasturias.com\/radio\/el-principado-aprueba-la-ampliacion-del-aforo-interior-de-los-establecimientos-hosteleros\/#newsarticle","name":"El Principado aprueba la ampliaci\u00f3n del aforo interior de los establecimientos hosteleros | El Digital de Asturias","headline":"El Principado aprueba la ampliaci\u00f3n del aforo interior de los establecimientos hosteleros","author":{"@id":"https:\/\/eldigitaldeasturias.com\/radio\/author\/nbasturias\/#author"},"publisher":{"@id":"https:\/\/eldigitaldeasturias.com\/radio\/#organization"},"image":{"@type":"ImageObject","url":"https:\/\/eldigitaldeasturias.com\/radio\/wp-content\/uploads\/2020\/06\/coffee-802057_640.jpg","width":640,"height":426},"datePublished":"2020-06-04T14:57:51+02:00","dateModified":"2020-06-04T14:57:51+02:00","inLanguage":"es-ES","mainEntityOfPage":{"@id":"https:\/\/eldigitaldeasturias.com\/radio\/el-principado-aprueba-la-ampliacion-del-aforo-interior-de-los-establecimientos-hosteleros\/#webpage"},"isPartOf":{"@id":"https:\/\/eldigitaldeasturias.com\/radio\/el-principado-aprueba-la-ampliacion-del-aforo-interior-de-los-establecimientos-hosteleros\/#webpage"},"articleSection":"Noticias","dateline":"Publicado el junio 4, 2020."},{"@type":"Organization","@id":"https:\/\/eldigitaldeasturias.com\/radio\/#organization","name":"El digital de Asturias Radio","description":"Diario de informaci\u00f3n y noticias","url":"https:\/\/eldigitaldeasturias.com\/radio\/","telephone":"+34652131393","logo":{"@type":"ImageObject","url":"https:\/\/www.eldigitaldeasturias.com\/radio\/wp-content\/uploads\/2021\/03\/EDA.jpg","@id":"https:\/\/eldigitaldeasturias.com\/radio\/el-principado-aprueba-la-ampliacion-del-aforo-interior-de-los-establecimientos-hosteleros\/#organizationLogo"},"image":{"@id":"https:\/\/eldigitaldeasturias.com\/radio\/el-principado-aprueba-la-ampliacion-del-aforo-interior-de-los-establecimientos-hosteleros\/#organizationLogo"},"sameAs":["https:\/\/www.facebook.com\/","https:\/\/x.com\/bercodi","https:\/\/www.instagram.com\/","https:\/\/www.youtube.com\/channel\/UCZP-2wLEB9Rv6erhFmqVnvg"]},{"@type":"Person","@id":"https:\/\/eldigitaldeasturias.com\/radio\/author\/nbasturias\/#author","url":"https:\/\/eldigitaldeasturias.com\/radio\/author\/nbasturias\/","name":"NBAsturias","image":{"@type":"ImageObject","@id":"https:\/\/eldigitaldeasturias.com\/radio\/el-principado-aprueba-la-ampliacion-del-aforo-interior-de-los-establecimientos-hosteleros\/#authorImage","url":"https:\/\/secure.gravatar.com\/avatar\/df2aeffc32bcd13f8d26072ef8a91b623d677766deac7f97ca815868cd41bf5e?s=96&d=mm&r=g","width":96,"height":96,"caption":"NBAsturias"}},{"@type":"WebPage","@id":"https:\/\/eldigitaldeasturias.com\/radio\/el-principado-aprueba-la-ampliacion-del-aforo-interior-de-los-establecimientos-hosteleros\/#webpage","url":"https:\/\/eldigitaldeasturias.com\/radio\/el-principado-aprueba-la-ampliacion-del-aforo-interior-de-los-establecimientos-hosteleros\/","name":"El Principado aprueba la ampliaci\u00f3n del aforo interior de los establecimientos hosteleros | El Digital de Asturias","description":"El Gobierno del Principado ha acordado permitir la ampliaci\u00f3n del aforo del interior de los establecimientos de hosteler\u00eda y restauraci\u00f3n hasta el 50% El Consejo de Gobierno ha celebrado una reuni\u00f3n extraordinaria para flexibilizar la normativa de \u00e1mbito nacional que fijaba el aforo de los locales hosteleros, como m\u00e1ximo, en el 40% atendiendo as\u00ed la","inLanguage":"es-ES","isPartOf":{"@id":"https:\/\/eldigitaldeasturias.com\/radio\/#website"},"breadcrumb":{"@id":"https:\/\/eldigitaldeasturias.com\/radio\/el-principado-aprueba-la-ampliacion-del-aforo-interior-de-los-establecimientos-hosteleros\/#breadcrumblist"},"author":{"@id":"https:\/\/eldigitaldeasturias.com\/radio\/author\/nbasturias\/#author"},"creator":{"@id":"https:\/\/eldigitaldeasturias.com\/radio\/author\/nbasturias\/#author"},"image":{"@type":"ImageObject","url":"https:\/\/eldigitaldeasturias.com\/radio\/wp-content\/uploads\/2020\/06\/coffee-802057_640.jpg","@id":"https:\/\/eldigitaldeasturias.com\/radio\/el-principado-aprueba-la-ampliacion-del-aforo-interior-de-los-establecimientos-hosteleros\/#mainImage","width":640,"height":426},"primaryImageOfPage":{"@id":"https:\/\/eldigitaldeasturias.com\/radio\/el-principado-aprueba-la-ampliacion-del-aforo-interior-de-los-establecimientos-hosteleros\/#mainImage"},"datePublished":"2020-06-04T14:57:51+02:00","dateModified":"2020-06-04T14:57:51+02:00"},{"@type":"WebSite","@id":"https:\/\/eldigitaldeasturias.com\/radio\/#website","url":"https:\/\/eldigitaldeasturias.com\/radio\/","name":"El Digital de Asturias","description":"Diario de informaci\u00f3n y noticias","inLanguage":"es-ES","publisher":{"@id":"https:\/\/eldigitaldeasturias.com\/radio\/#organization"}}]},"og:locale":"es_ES","og:site_name":"El Digital de Asturias | Diario de informaci\u00f3n y noticias","og:type":"article","og:title":"El Principado aprueba la ampliaci\u00f3n del aforo interior de los establecimientos hosteleros | El Digital de Asturias","og:description":"El Gobierno del Principado ha acordado permitir la ampliaci\u00f3n del aforo del interior de los establecimientos de hosteler\u00eda y restauraci\u00f3n hasta el 50% El Consejo de Gobierno ha celebrado una reuni\u00f3n extraordinaria para flexibilizar la normativa de \u00e1mbito nacional que fijaba el aforo de los locales hosteleros, como m\u00e1ximo, en el 40% atendiendo as\u00ed la","og:url":"https:\/\/eldigitaldeasturias.com\/radio\/el-principado-aprueba-la-ampliacion-del-aforo-interior-de-los-establecimientos-hosteleros\/","og:image":"https:\/\/eldigitaldeasturias.com\/radio\/wp-content\/uploads\/2020\/06\/coffee-802057_640.jpg","og:image:secure_url":"https:\/\/eldigitaldeasturias.com\/radio\/wp-content\/uploads\/2020\/06\/coffee-802057_640.jpg","og:image:width":640,"og:image:height":426,"article:published_time":"2020-06-04T14:57:51+00:00","article:modified_time":"2020-06-04T14:57:51+00:00","twitter:card":"summary_large_image","twitter:site":"@bercodi","twitter:title":"El Principado aprueba la ampliaci\u00f3n del aforo interior de los establecimientos hosteleros | El Digital de Asturias","twitter:description":"El Gobierno del Principado ha acordado permitir la ampliaci\u00f3n del aforo del interior de los establecimientos de hosteler\u00eda y restauraci\u00f3n hasta el 50% El Consejo de Gobierno ha celebrado una reuni\u00f3n extraordinaria para flexibilizar la normativa de \u00e1mbito nacional que fijaba el aforo de los locales hosteleros, como m\u00e1ximo, en el 40% atendiendo as\u00ed la","twitter:creator":"@bercodi","twitter:image":"https:\/\/eldigitaldeasturias.com\/radio\/wp-content\/uploads\/2020\/06\/coffee-802057_640.jpg"},"aioseo_meta_data":{"post_id":"4338","title":null,"description":null,"keywords":null,"keyphrases":null,"primary_term":null,"canonical_url":null,"og_title":null,"og_description":null,"og_object_type":"default","og_image_type":"default","og_image_url":null,"og_image_width":null,"og_image_height":null,"og_image_custom_url":null,"og_image_custom_fields":null,"og_video":null,"og_custom_url":null,"og_article_section":null,"og_article_tags":null,"twitter_use_og":false,"twitter_card":"default","twitter_image_type":"default","twitter_image_url":null,"twitter_image_custom_url":null,"twitter_image_custom_fields":null,"twitter_title":null,"twitter_description":null,"schema":{"blockGraphs":[],"customGraphs":[],"default":{"data":{"Article":[],"Course":[],"Dataset":[],"FAQPage":[],"Movie":[],"Person":[],"Product":[],"ProductReview":[],"Car":[],"Recipe":[],"Service":[],"SoftwareApplication":[],"WebPage":[]},"graphName":"","isEnabled":true},"graphs":[],"defaultGraph":"","defaultPostTypeGraph":""},"schema_type":null,"schema_type_options":null,"pillar_content":false,"robots_default":true,"robots_noindex":false,"robots_noarchive":false,"robots_nosnippet":false,"robots_nofollow":false,"robots_noimageindex":false,"robots_noodp":false,"robots_notranslate":false,"robots_max_snippet":null,"robots_max_videopreview":null,"robots_max_imagepreview":"large","priority":null,"frequency":null,"location":null,"local_seo":null,"seo_analyzer_scan_date":"2025-08-28 15:51:02","breadcrumb_settings":null,"limit_modified_date":false,"open_ai":null,"ai":null,"created":"2021-03-25 20:59:41","updated":"2025-08-28 15:51:02"},"aioseo_breadcrumb":"<div class=\"aioseo-breadcrumbs\"><span class=\"aioseo-breadcrumb\">\n\t<a href=\"https:\/\/eldigitaldeasturias.com\/radio\" title=\"Inicio\">Inicio<\/a>\n<\/span><span class=\"aioseo-breadcrumb-separator\">&ndash;<\/span><span class=\"aioseo-breadcrumb\">\n\t<a href=\"https:\/\/eldigitaldeasturias.com\/radio\/category\/noticias\/\" title=\"Noticias\">Noticias<\/a>\n<\/span><span class=\"aioseo-breadcrumb-separator\">&ndash;<\/span><span class=\"aioseo-breadcrumb\">\n\tEl Principado aprueba la ampliaci\u00f3n del aforo interior de los establecimientos hosteleros\n<\/span><\/div>","aioseo_breadcrumb_json":[{"label":"Inicio","link":"https:\/\/eldigitaldeasturias.com\/radio"},{"label":"Noticias","link":"https:\/\/eldigitaldeasturias.com\/radio\/category\/noticias\/"},{"label":"El Principado aprueba la ampliaci\u00f3n del aforo interior de los establecimientos hosteleros","link":"https:\/\/eldigitaldeasturias.com\/radio\/el-principado-aprueba-la-ampliacion-del-aforo-interior-de-los-establecimientos-hosteleros\/"}],"_links":{"self":[{"href":"https:\/\/eldigitaldeasturias.com\/radio\/wp-json\/wp\/v2\/posts\/4338","targetHints":{"allow":["GET"]}}],"collection":[{"href":"https:\/\/eldigitaldeasturias.com\/radio\/wp-json\/wp\/v2\/posts"}],"about":[{"href":"https:\/\/eldigitaldeasturias.com\/radio\/wp-json\/wp\/v2\/types\/post"}],"author":[{"embeddable":true,"href":"https:\/\/eldigitaldeasturias.com\/radio\/wp-json\/wp\/v2\/users\/1"}],"replies":[{"embeddable":true,"href":"https:\/\/eldigitaldeasturias.com\/radio\/wp-json\/wp\/v2\/comments?post=4338"}],"version-history":[{"count":0,"href":"https:\/\/eldigitaldeasturias.com\/radio\/wp-json\/wp\/v2\/posts\/4338\/revisions"}],"wp:featuredmedia":[{"embeddable":true,"href":"https:\/\/eldigitaldeasturias.com\/radio\/wp-json\/wp\/v2\/media\/4339"}],"wp:attachment":[{"href":"https:\/\/eldigitaldeasturias.com\/radio\/wp-json\/wp\/v2\/media?parent=4338"}],"wp:term":[{"taxonomy":"category","embeddable":true,"href":"https:\/\/eldigitaldeasturias.com\/radio\/wp-json\/wp\/v2\/categories?post=4338"},{"taxonomy":"post_tag","embeddable":true,"href":"https:\/\/eldigitaldeasturias.com\/radio\/wp-json\/wp\/v2\/tags?post=4338"}],"curies":[{"name":"wp","href":"https:\/\/api.w.org\/{rel}","templated":true}]}}