{"id":4333,"date":"2020-06-04T14:29:02","date_gmt":"2020-06-04T14:29:02","guid":{"rendered":"http:\/\/www.eldigitaldeasturias.com\/radio\/?p=4333"},"modified":"2020-06-04T14:29:02","modified_gmt":"2020-06-04T14:29:02","slug":"el-principado-reabre-progresivamente-los-centros-de-interpretacion-de-la-red-natural-de-asturias","status":"publish","type":"post","link":"https:\/\/eldigitaldeasturias.com\/radio\/el-principado-reabre-progresivamente-los-centros-de-interpretacion-de-la-red-natural-de-asturias\/","title":{"rendered":"El Principado reabre progresivamente los centros de interpretaci\u00f3n de la Red Natural de Asturias"},"content":{"rendered":"<p>La Consejer\u00eda de Desarrollo Rural, Agroganader\u00eda y Pesca ha iniciado la reapertura progresiva de los centros de interpretaci\u00f3n, informaci\u00f3n y recepci\u00f3n de visitantes de la<strong> Red Natural de Asturias<\/strong>.<\/p>\n<p>El primer equipamiento en retomar su actividad esta ma\u00f1ana ha sido el Centro de Recepci\u00f3n de Tablizas, dentro del Parque Natural de las Fuentes del Narcea, Dega\u00f1a e Ibias. A lo largo de la semana abrir\u00e1n tambi\u00e9n los de Somiedo, Ponga, Oubachu, Redes y la Casa del Agua, de acuerdo con el calendario establecido por la Direcci\u00f3n General del Medio Natural para 2020.<\/p>\n<p>Todos ellos han adaptado sus instalaciones y servicios al actual escenario de emergencia sanitaria y el aforo se adecuar\u00e1 a las limitaciones marcadas por la normativa, seg\u00fan las fases de la desescalada. Entre otras medidas, se ha incrementado la frecuencia de limpieza y desinfecci\u00f3n, se ha establecido el control de acceso para solicitudes de informaci\u00f3n y se han instalado mamparas.<\/p>\n<h3>El calendario de reapertura es el siguiente:<\/h3>\n<p>&#8211; Centro de Recepci\u00f3n de Tablizas (Cangas del Narcea): lunes, 25 de mayo.<\/p>\n<p>&#8211; Centro de Interpretaci\u00f3n de Somiedo (Pola de Somiedo): martes, 26 de mayo.<\/p>\n<p>&#8211; Centro de Interpretaci\u00f3n de Ponga (San Juan de Bele\u00f1o): jueves, 28 de mayo.<\/p>\n<p>&#8211; Centro de Interpretaci\u00f3n de Redes (Campo de Caso): viernes, 29 de mayo.<\/p>\n<p>&#8211; Casa del Agua (Rioseco): s\u00e1bado, 30 de mayo.<\/p>\n<p>&#8211; Centro de Interpretaci\u00f3n Oubachu (Cangas del Narcea): s\u00e1bado, 30 de mayo.<\/p>\n<p>&#8211; Centro de Interpretaci\u00f3n de Corias (Cangas del Narcea): s\u00e1bado, 4 de julio.<\/p>\n<p>&#8211; Centro de Interpretaci\u00f3n El Puntal (Villaviciosa): mi\u00e9rcoles, 1 de julio.<\/p>\n<p>&#8211; Punto de Informaci\u00f3n R\u00eda de Villaviciosa (playa de Rodiles): viernes, 3 de julio.<\/p>\n<p>La reapertura de los equipamientos vinculados al Parque Nacional de los Picos de Europa, entre ellos el centro de recepci\u00f3n de visitantes Pedro Pidal, queda supeditada a la puesta en marcha del plan de accesos a los lagos.<\/p>\n","protected":false},"excerpt":{"rendered":"<p>La Consejer\u00eda de Desarrollo Rural, Agroganader\u00eda y Pesca ha iniciado la reapertura progresiva de los centros de interpretaci\u00f3n, informaci\u00f3n y recepci\u00f3n de visitantes de la Red Natural de Asturias. El primer equipamiento en retomar su actividad esta ma\u00f1ana ha sido el Centro de Recepci\u00f3n de Tablizas, dentro del Parque Natural de las Fuentes del Narcea,<\/p>\n","protected":false},"author":1,"featured_media":1352,"comment_status":"closed","ping_status":"closed","sticky":false,"template":"","format":"standard","meta":{"footnotes":""},"categories":[1],"tags":[],"class_list":{"0":"post-4333","1":"post","2":"type-post","3":"status-publish","4":"format-standard","5":"has-post-thumbnail","7":"category-noticias"},"aioseo_notices":[],"aioseo_head":"\n\t\t<!-- All in One SEO Pro 4.9.6.2 - aioseo.com -->\n\t<meta name=\"description\" content=\"La Consejer\u00eda de Desarrollo Rural, Agroganader\u00eda y Pesca ha iniciado la reapertura progresiva de los centros de interpretaci\u00f3n, informaci\u00f3n y recepci\u00f3n de visitantes de la Red Natural de Asturias. El primer equipamiento en retomar su actividad esta ma\u00f1ana ha sido el Centro de Recepci\u00f3n de Tablizas, dentro del Parque Natural de las Fuentes del Narcea,\" \/>\n\t<meta name=\"robots\" content=\"max-image-preview:large\" \/>\n\t<meta name=\"author\" content=\"NBAsturias\"\/>\n\t<meta name=\"google-site-verification\" content=\"UA-38556648-1\" \/>\n\t<meta name=\"keywords\" content=\"noticias\" \/>\n\t<link rel=\"canonical\" href=\"https:\/\/eldigitaldeasturias.com\/radio\/el-principado-reabre-progresivamente-los-centros-de-interpretacion-de-la-red-natural-de-asturias\/\" \/>\n\t<meta name=\"generator\" content=\"All in One SEO Pro (AIOSEO) 4.9.6.2\" \/>\n\t\t<meta property=\"og:locale\" content=\"es_ES\" \/>\n\t\t<meta property=\"og:site_name\" content=\"El Digital de Asturias | Diario de informaci\u00f3n y noticias\" \/>\n\t\t<meta property=\"og:type\" content=\"article\" \/>\n\t\t<meta property=\"og:title\" content=\"El Principado reabre progresivamente los centros de interpretaci\u00f3n de la Red Natural de Asturias | El Digital de Asturias\" \/>\n\t\t<meta property=\"og:description\" content=\"La Consejer\u00eda de Desarrollo Rural, Agroganader\u00eda y Pesca ha iniciado la reapertura progresiva de los centros de interpretaci\u00f3n, informaci\u00f3n y recepci\u00f3n de visitantes de la Red Natural de Asturias. El primer equipamiento en retomar su actividad esta ma\u00f1ana ha sido el Centro de Recepci\u00f3n de Tablizas, dentro del Parque Natural de las Fuentes del Narcea,\" \/>\n\t\t<meta property=\"og:url\" content=\"https:\/\/eldigitaldeasturias.com\/radio\/el-principado-reabre-progresivamente-los-centros-de-interpretacion-de-la-red-natural-de-asturias\/\" \/>\n\t\t<meta property=\"og:image\" content=\"https:\/\/eldigitaldeasturias.com\/radio\/wp-content\/uploads\/2018\/10\/technology-785742_960_720.jpg\" \/>\n\t\t<meta property=\"og:image:secure_url\" content=\"https:\/\/eldigitaldeasturias.com\/radio\/wp-content\/uploads\/2018\/10\/technology-785742_960_720.jpg\" \/>\n\t\t<meta property=\"og:image:width\" content=\"960\" \/>\n\t\t<meta property=\"og:image:height\" content=\"640\" \/>\n\t\t<meta property=\"article:published_time\" content=\"2020-06-04T14:29:02+00:00\" \/>\n\t\t<meta property=\"article:modified_time\" content=\"2020-06-04T14:29:02+00:00\" \/>\n\t\t<meta name=\"twitter:card\" content=\"summary_large_image\" \/>\n\t\t<meta name=\"twitter:site\" content=\"@bercodi\" \/>\n\t\t<meta name=\"twitter:title\" content=\"El Principado reabre progresivamente los centros de interpretaci\u00f3n de la Red Natural de Asturias | El Digital de Asturias\" \/>\n\t\t<meta name=\"twitter:description\" content=\"La Consejer\u00eda de Desarrollo Rural, Agroganader\u00eda y Pesca ha iniciado la reapertura progresiva de los centros de interpretaci\u00f3n, informaci\u00f3n y recepci\u00f3n de visitantes de la Red Natural de Asturias. El primer equipamiento en retomar su actividad esta ma\u00f1ana ha sido el Centro de Recepci\u00f3n de Tablizas, dentro del Parque Natural de las Fuentes del Narcea,\" \/>\n\t\t<meta name=\"twitter:creator\" content=\"@bercodi\" \/>\n\t\t<meta name=\"twitter:image\" content=\"https:\/\/eldigitaldeasturias.com\/radio\/wp-content\/uploads\/2018\/10\/technology-785742_960_720.jpg\" \/>\n\t\t<script type=\"application\/ld+json\" class=\"aioseo-schema\">\n\t\t\t{\"@context\":\"https:\\\/\\\/schema.org\",\"@graph\":[{\"@type\":\"BreadcrumbList\",\"@id\":\"https:\\\/\\\/eldigitaldeasturias.com\\\/radio\\\/el-principado-reabre-progresivamente-los-centros-de-interpretacion-de-la-red-natural-de-asturias\\\/#breadcrumblist\",\"itemListElement\":[{\"@type\":\"ListItem\",\"@id\":\"https:\\\/\\\/eldigitaldeasturias.com\\\/radio#listItem\",\"position\":1,\"name\":\"Inicio\",\"item\":\"https:\\\/\\\/eldigitaldeasturias.com\\\/radio\",\"nextItem\":{\"@type\":\"ListItem\",\"@id\":\"https:\\\/\\\/eldigitaldeasturias.com\\\/radio\\\/category\\\/noticias\\\/#listItem\",\"name\":\"Noticias\"}},{\"@type\":\"ListItem\",\"@id\":\"https:\\\/\\\/eldigitaldeasturias.com\\\/radio\\\/category\\\/noticias\\\/#listItem\",\"position\":2,\"name\":\"Noticias\",\"item\":\"https:\\\/\\\/eldigitaldeasturias.com\\\/radio\\\/category\\\/noticias\\\/\",\"nextItem\":{\"@type\":\"ListItem\",\"@id\":\"https:\\\/\\\/eldigitaldeasturias.com\\\/radio\\\/el-principado-reabre-progresivamente-los-centros-de-interpretacion-de-la-red-natural-de-asturias\\\/#listItem\",\"name\":\"El Principado reabre progresivamente los centros de interpretaci\\u00f3n de la Red Natural de Asturias\"},\"previousItem\":{\"@type\":\"ListItem\",\"@id\":\"https:\\\/\\\/eldigitaldeasturias.com\\\/radio#listItem\",\"name\":\"Inicio\"}},{\"@type\":\"ListItem\",\"@id\":\"https:\\\/\\\/eldigitaldeasturias.com\\\/radio\\\/el-principado-reabre-progresivamente-los-centros-de-interpretacion-de-la-red-natural-de-asturias\\\/#listItem\",\"position\":3,\"name\":\"El Principado reabre progresivamente los centros de interpretaci\\u00f3n de la Red Natural de Asturias\",\"previousItem\":{\"@type\":\"ListItem\",\"@id\":\"https:\\\/\\\/eldigitaldeasturias.com\\\/radio\\\/category\\\/noticias\\\/#listItem\",\"name\":\"Noticias\"}}]},{\"@type\":\"NewsArticle\",\"@id\":\"https:\\\/\\\/eldigitaldeasturias.com\\\/radio\\\/el-principado-reabre-progresivamente-los-centros-de-interpretacion-de-la-red-natural-de-asturias\\\/#newsarticle\",\"name\":\"El Principado reabre progresivamente los centros de interpretaci\\u00f3n de la Red Natural de Asturias | El Digital de Asturias\",\"headline\":\"El Principado reabre progresivamente los centros de interpretaci\\u00f3n de la Red Natural de Asturias\",\"author\":{\"@id\":\"https:\\\/\\\/eldigitaldeasturias.com\\\/radio\\\/author\\\/nbasturias\\\/#author\"},\"publisher\":{\"@id\":\"https:\\\/\\\/eldigitaldeasturias.com\\\/radio\\\/#organization\"},\"image\":{\"@type\":\"ImageObject\",\"url\":\"https:\\\/\\\/eldigitaldeasturias.com\\\/radio\\\/wp-content\\\/uploads\\\/2018\\\/10\\\/technology-785742_960_720.jpg\",\"width\":960,\"height\":640},\"datePublished\":\"2020-06-04T14:29:02+02:00\",\"dateModified\":\"2020-06-04T14:29:02+02:00\",\"inLanguage\":\"es-ES\",\"mainEntityOfPage\":{\"@id\":\"https:\\\/\\\/eldigitaldeasturias.com\\\/radio\\\/el-principado-reabre-progresivamente-los-centros-de-interpretacion-de-la-red-natural-de-asturias\\\/#webpage\"},\"isPartOf\":{\"@id\":\"https:\\\/\\\/eldigitaldeasturias.com\\\/radio\\\/el-principado-reabre-progresivamente-los-centros-de-interpretacion-de-la-red-natural-de-asturias\\\/#webpage\"},\"articleSection\":\"Noticias\",\"dateline\":\"Publicado el junio 4, 2020.\"},{\"@type\":\"Organization\",\"@id\":\"https:\\\/\\\/eldigitaldeasturias.com\\\/radio\\\/#organization\",\"name\":\"El digital de Asturias Radio\",\"description\":\"Diario de informaci\\u00f3n y noticias\",\"url\":\"https:\\\/\\\/eldigitaldeasturias.com\\\/radio\\\/\",\"telephone\":\"+34652131393\",\"logo\":{\"@type\":\"ImageObject\",\"url\":\"https:\\\/\\\/www.eldigitaldeasturias.com\\\/radio\\\/wp-content\\\/uploads\\\/2021\\\/03\\\/EDA.jpg\",\"@id\":\"https:\\\/\\\/eldigitaldeasturias.com\\\/radio\\\/el-principado-reabre-progresivamente-los-centros-de-interpretacion-de-la-red-natural-de-asturias\\\/#organizationLogo\"},\"image\":{\"@id\":\"https:\\\/\\\/eldigitaldeasturias.com\\\/radio\\\/el-principado-reabre-progresivamente-los-centros-de-interpretacion-de-la-red-natural-de-asturias\\\/#organizationLogo\"},\"sameAs\":[\"https:\\\/\\\/www.facebook.com\\\/\",\"https:\\\/\\\/x.com\\\/bercodi\",\"https:\\\/\\\/www.instagram.com\\\/\",\"https:\\\/\\\/www.youtube.com\\\/channel\\\/UCZP-2wLEB9Rv6erhFmqVnvg\"]},{\"@type\":\"Person\",\"@id\":\"https:\\\/\\\/eldigitaldeasturias.com\\\/radio\\\/author\\\/nbasturias\\\/#author\",\"url\":\"https:\\\/\\\/eldigitaldeasturias.com\\\/radio\\\/author\\\/nbasturias\\\/\",\"name\":\"NBAsturias\",\"image\":{\"@type\":\"ImageObject\",\"@id\":\"https:\\\/\\\/eldigitaldeasturias.com\\\/radio\\\/el-principado-reabre-progresivamente-los-centros-de-interpretacion-de-la-red-natural-de-asturias\\\/#authorImage\",\"url\":\"https:\\\/\\\/secure.gravatar.com\\\/avatar\\\/df2aeffc32bcd13f8d26072ef8a91b623d677766deac7f97ca815868cd41bf5e?s=96&d=mm&r=g\",\"width\":96,\"height\":96,\"caption\":\"NBAsturias\"}},{\"@type\":\"WebPage\",\"@id\":\"https:\\\/\\\/eldigitaldeasturias.com\\\/radio\\\/el-principado-reabre-progresivamente-los-centros-de-interpretacion-de-la-red-natural-de-asturias\\\/#webpage\",\"url\":\"https:\\\/\\\/eldigitaldeasturias.com\\\/radio\\\/el-principado-reabre-progresivamente-los-centros-de-interpretacion-de-la-red-natural-de-asturias\\\/\",\"name\":\"El Principado reabre progresivamente los centros de interpretaci\\u00f3n de la Red Natural de Asturias | El Digital de Asturias\",\"description\":\"La Consejer\\u00eda de Desarrollo Rural, Agroganader\\u00eda y Pesca ha iniciado la reapertura progresiva de los centros de interpretaci\\u00f3n, informaci\\u00f3n y recepci\\u00f3n de visitantes de la Red Natural de Asturias. El primer equipamiento en retomar su actividad esta ma\\u00f1ana ha sido el Centro de Recepci\\u00f3n de Tablizas, dentro del Parque Natural de las Fuentes del Narcea,\",\"inLanguage\":\"es-ES\",\"isPartOf\":{\"@id\":\"https:\\\/\\\/eldigitaldeasturias.com\\\/radio\\\/#website\"},\"breadcrumb\":{\"@id\":\"https:\\\/\\\/eldigitaldeasturias.com\\\/radio\\\/el-principado-reabre-progresivamente-los-centros-de-interpretacion-de-la-red-natural-de-asturias\\\/#breadcrumblist\"},\"author\":{\"@id\":\"https:\\\/\\\/eldigitaldeasturias.com\\\/radio\\\/author\\\/nbasturias\\\/#author\"},\"creator\":{\"@id\":\"https:\\\/\\\/eldigitaldeasturias.com\\\/radio\\\/author\\\/nbasturias\\\/#author\"},\"image\":{\"@type\":\"ImageObject\",\"url\":\"https:\\\/\\\/eldigitaldeasturias.com\\\/radio\\\/wp-content\\\/uploads\\\/2018\\\/10\\\/technology-785742_960_720.jpg\",\"@id\":\"https:\\\/\\\/eldigitaldeasturias.com\\\/radio\\\/el-principado-reabre-progresivamente-los-centros-de-interpretacion-de-la-red-natural-de-asturias\\\/#mainImage\",\"width\":960,\"height\":640},\"primaryImageOfPage\":{\"@id\":\"https:\\\/\\\/eldigitaldeasturias.com\\\/radio\\\/el-principado-reabre-progresivamente-los-centros-de-interpretacion-de-la-red-natural-de-asturias\\\/#mainImage\"},\"datePublished\":\"2020-06-04T14:29:02+02:00\",\"dateModified\":\"2020-06-04T14:29:02+02:00\"},{\"@type\":\"WebSite\",\"@id\":\"https:\\\/\\\/eldigitaldeasturias.com\\\/radio\\\/#website\",\"url\":\"https:\\\/\\\/eldigitaldeasturias.com\\\/radio\\\/\",\"name\":\"El Digital de Asturias\",\"description\":\"Diario de informaci\\u00f3n y noticias\",\"inLanguage\":\"es-ES\",\"publisher\":{\"@id\":\"https:\\\/\\\/eldigitaldeasturias.com\\\/radio\\\/#organization\"}}]}\n\t\t<\/script>\n\t\t<!-- All in One SEO Pro -->\r\n\t\t<title>El Principado reabre progresivamente los centros de interpretaci\u00f3n de la Red Natural de Asturias | El Digital de Asturias<\/title>\n\n","aioseo_head_json":{"title":"El Principado reabre progresivamente los centros de interpretaci\u00f3n de la Red Natural de Asturias | El Digital de Asturias","description":"La Consejer\u00eda de Desarrollo Rural, Agroganader\u00eda y Pesca ha iniciado la reapertura progresiva de los centros de interpretaci\u00f3n, informaci\u00f3n y recepci\u00f3n de visitantes de la Red Natural de Asturias. El primer equipamiento en retomar su actividad esta ma\u00f1ana ha sido el Centro de Recepci\u00f3n de Tablizas, dentro del Parque Natural de las Fuentes del Narcea,","canonical_url":"https:\/\/eldigitaldeasturias.com\/radio\/el-principado-reabre-progresivamente-los-centros-de-interpretacion-de-la-red-natural-de-asturias\/","robots":"max-image-preview:large","keywords":"noticias","webmasterTools":{"google-site-verification":"UA-38556648-1","miscellaneous":""},"schema":{"@context":"https:\/\/schema.org","@graph":[{"@type":"BreadcrumbList","@id":"https:\/\/eldigitaldeasturias.com\/radio\/el-principado-reabre-progresivamente-los-centros-de-interpretacion-de-la-red-natural-de-asturias\/#breadcrumblist","itemListElement":[{"@type":"ListItem","@id":"https:\/\/eldigitaldeasturias.com\/radio#listItem","position":1,"name":"Inicio","item":"https:\/\/eldigitaldeasturias.com\/radio","nextItem":{"@type":"ListItem","@id":"https:\/\/eldigitaldeasturias.com\/radio\/category\/noticias\/#listItem","name":"Noticias"}},{"@type":"ListItem","@id":"https:\/\/eldigitaldeasturias.com\/radio\/category\/noticias\/#listItem","position":2,"name":"Noticias","item":"https:\/\/eldigitaldeasturias.com\/radio\/category\/noticias\/","nextItem":{"@type":"ListItem","@id":"https:\/\/eldigitaldeasturias.com\/radio\/el-principado-reabre-progresivamente-los-centros-de-interpretacion-de-la-red-natural-de-asturias\/#listItem","name":"El Principado reabre progresivamente los centros de interpretaci\u00f3n de la Red Natural de Asturias"},"previousItem":{"@type":"ListItem","@id":"https:\/\/eldigitaldeasturias.com\/radio#listItem","name":"Inicio"}},{"@type":"ListItem","@id":"https:\/\/eldigitaldeasturias.com\/radio\/el-principado-reabre-progresivamente-los-centros-de-interpretacion-de-la-red-natural-de-asturias\/#listItem","position":3,"name":"El Principado reabre progresivamente los centros de interpretaci\u00f3n de la Red Natural de Asturias","previousItem":{"@type":"ListItem","@id":"https:\/\/eldigitaldeasturias.com\/radio\/category\/noticias\/#listItem","name":"Noticias"}}]},{"@type":"NewsArticle","@id":"https:\/\/eldigitaldeasturias.com\/radio\/el-principado-reabre-progresivamente-los-centros-de-interpretacion-de-la-red-natural-de-asturias\/#newsarticle","name":"El Principado reabre progresivamente los centros de interpretaci\u00f3n de la Red Natural de Asturias | El Digital de Asturias","headline":"El Principado reabre progresivamente los centros de interpretaci\u00f3n de la Red Natural de Asturias","author":{"@id":"https:\/\/eldigitaldeasturias.com\/radio\/author\/nbasturias\/#author"},"publisher":{"@id":"https:\/\/eldigitaldeasturias.com\/radio\/#organization"},"image":{"@type":"ImageObject","url":"https:\/\/eldigitaldeasturias.com\/radio\/wp-content\/uploads\/2018\/10\/technology-785742_960_720.jpg","width":960,"height":640},"datePublished":"2020-06-04T14:29:02+02:00","dateModified":"2020-06-04T14:29:02+02:00","inLanguage":"es-ES","mainEntityOfPage":{"@id":"https:\/\/eldigitaldeasturias.com\/radio\/el-principado-reabre-progresivamente-los-centros-de-interpretacion-de-la-red-natural-de-asturias\/#webpage"},"isPartOf":{"@id":"https:\/\/eldigitaldeasturias.com\/radio\/el-principado-reabre-progresivamente-los-centros-de-interpretacion-de-la-red-natural-de-asturias\/#webpage"},"articleSection":"Noticias","dateline":"Publicado el junio 4, 2020."},{"@type":"Organization","@id":"https:\/\/eldigitaldeasturias.com\/radio\/#organization","name":"El digital de Asturias Radio","description":"Diario de informaci\u00f3n y noticias","url":"https:\/\/eldigitaldeasturias.com\/radio\/","telephone":"+34652131393","logo":{"@type":"ImageObject","url":"https:\/\/www.eldigitaldeasturias.com\/radio\/wp-content\/uploads\/2021\/03\/EDA.jpg","@id":"https:\/\/eldigitaldeasturias.com\/radio\/el-principado-reabre-progresivamente-los-centros-de-interpretacion-de-la-red-natural-de-asturias\/#organizationLogo"},"image":{"@id":"https:\/\/eldigitaldeasturias.com\/radio\/el-principado-reabre-progresivamente-los-centros-de-interpretacion-de-la-red-natural-de-asturias\/#organizationLogo"},"sameAs":["https:\/\/www.facebook.com\/","https:\/\/x.com\/bercodi","https:\/\/www.instagram.com\/","https:\/\/www.youtube.com\/channel\/UCZP-2wLEB9Rv6erhFmqVnvg"]},{"@type":"Person","@id":"https:\/\/eldigitaldeasturias.com\/radio\/author\/nbasturias\/#author","url":"https:\/\/eldigitaldeasturias.com\/radio\/author\/nbasturias\/","name":"NBAsturias","image":{"@type":"ImageObject","@id":"https:\/\/eldigitaldeasturias.com\/radio\/el-principado-reabre-progresivamente-los-centros-de-interpretacion-de-la-red-natural-de-asturias\/#authorImage","url":"https:\/\/secure.gravatar.com\/avatar\/df2aeffc32bcd13f8d26072ef8a91b623d677766deac7f97ca815868cd41bf5e?s=96&d=mm&r=g","width":96,"height":96,"caption":"NBAsturias"}},{"@type":"WebPage","@id":"https:\/\/eldigitaldeasturias.com\/radio\/el-principado-reabre-progresivamente-los-centros-de-interpretacion-de-la-red-natural-de-asturias\/#webpage","url":"https:\/\/eldigitaldeasturias.com\/radio\/el-principado-reabre-progresivamente-los-centros-de-interpretacion-de-la-red-natural-de-asturias\/","name":"El Principado reabre progresivamente los centros de interpretaci\u00f3n de la Red Natural de Asturias | El Digital de Asturias","description":"La Consejer\u00eda de Desarrollo Rural, Agroganader\u00eda y Pesca ha iniciado la reapertura progresiva de los centros de interpretaci\u00f3n, informaci\u00f3n y recepci\u00f3n de visitantes de la Red Natural de Asturias. El primer equipamiento en retomar su actividad esta ma\u00f1ana ha sido el Centro de Recepci\u00f3n de Tablizas, dentro del Parque Natural de las Fuentes del Narcea,","inLanguage":"es-ES","isPartOf":{"@id":"https:\/\/eldigitaldeasturias.com\/radio\/#website"},"breadcrumb":{"@id":"https:\/\/eldigitaldeasturias.com\/radio\/el-principado-reabre-progresivamente-los-centros-de-interpretacion-de-la-red-natural-de-asturias\/#breadcrumblist"},"author":{"@id":"https:\/\/eldigitaldeasturias.com\/radio\/author\/nbasturias\/#author"},"creator":{"@id":"https:\/\/eldigitaldeasturias.com\/radio\/author\/nbasturias\/#author"},"image":{"@type":"ImageObject","url":"https:\/\/eldigitaldeasturias.com\/radio\/wp-content\/uploads\/2018\/10\/technology-785742_960_720.jpg","@id":"https:\/\/eldigitaldeasturias.com\/radio\/el-principado-reabre-progresivamente-los-centros-de-interpretacion-de-la-red-natural-de-asturias\/#mainImage","width":960,"height":640},"primaryImageOfPage":{"@id":"https:\/\/eldigitaldeasturias.com\/radio\/el-principado-reabre-progresivamente-los-centros-de-interpretacion-de-la-red-natural-de-asturias\/#mainImage"},"datePublished":"2020-06-04T14:29:02+02:00","dateModified":"2020-06-04T14:29:02+02:00"},{"@type":"WebSite","@id":"https:\/\/eldigitaldeasturias.com\/radio\/#website","url":"https:\/\/eldigitaldeasturias.com\/radio\/","name":"El Digital de Asturias","description":"Diario de informaci\u00f3n y noticias","inLanguage":"es-ES","publisher":{"@id":"https:\/\/eldigitaldeasturias.com\/radio\/#organization"}}]},"og:locale":"es_ES","og:site_name":"El Digital de Asturias | Diario de informaci\u00f3n y noticias","og:type":"article","og:title":"El Principado reabre progresivamente los centros de interpretaci\u00f3n de la Red Natural de Asturias | El Digital de Asturias","og:description":"La Consejer\u00eda de Desarrollo Rural, Agroganader\u00eda y Pesca ha iniciado la reapertura progresiva de los centros de interpretaci\u00f3n, informaci\u00f3n y recepci\u00f3n de visitantes de la Red Natural de Asturias. El primer equipamiento en retomar su actividad esta ma\u00f1ana ha sido el Centro de Recepci\u00f3n de Tablizas, dentro del Parque Natural de las Fuentes del Narcea,","og:url":"https:\/\/eldigitaldeasturias.com\/radio\/el-principado-reabre-progresivamente-los-centros-de-interpretacion-de-la-red-natural-de-asturias\/","og:image":"https:\/\/eldigitaldeasturias.com\/radio\/wp-content\/uploads\/2018\/10\/technology-785742_960_720.jpg","og:image:secure_url":"https:\/\/eldigitaldeasturias.com\/radio\/wp-content\/uploads\/2018\/10\/technology-785742_960_720.jpg","og:image:width":960,"og:image:height":640,"article:published_time":"2020-06-04T14:29:02+00:00","article:modified_time":"2020-06-04T14:29:02+00:00","twitter:card":"summary_large_image","twitter:site":"@bercodi","twitter:title":"El Principado reabre progresivamente los centros de interpretaci\u00f3n de la Red Natural de Asturias | El Digital de Asturias","twitter:description":"La Consejer\u00eda de Desarrollo Rural, Agroganader\u00eda y Pesca ha iniciado la reapertura progresiva de los centros de interpretaci\u00f3n, informaci\u00f3n y recepci\u00f3n de visitantes de la Red Natural de Asturias. El primer equipamiento en retomar su actividad esta ma\u00f1ana ha sido el Centro de Recepci\u00f3n de Tablizas, dentro del Parque Natural de las Fuentes del Narcea,","twitter:creator":"@bercodi","twitter:image":"https:\/\/eldigitaldeasturias.com\/radio\/wp-content\/uploads\/2018\/10\/technology-785742_960_720.jpg"},"aioseo_meta_data":{"post_id":"4333","title":null,"description":null,"keywords":null,"keyphrases":null,"primary_term":null,"canonical_url":null,"og_title":null,"og_description":null,"og_object_type":"default","og_image_type":"default","og_image_url":null,"og_image_width":null,"og_image_height":null,"og_image_custom_url":null,"og_image_custom_fields":null,"og_video":null,"og_custom_url":null,"og_article_section":null,"og_article_tags":null,"twitter_use_og":false,"twitter_card":"default","twitter_image_type":"default","twitter_image_url":null,"twitter_image_custom_url":null,"twitter_image_custom_fields":null,"twitter_title":null,"twitter_description":null,"schema":{"blockGraphs":[],"customGraphs":[],"default":{"data":{"Article":[],"Course":[],"Dataset":[],"FAQPage":[],"Movie":[],"Person":[],"Product":[],"ProductReview":[],"Car":[],"Recipe":[],"Service":[],"SoftwareApplication":[],"WebPage":[]},"graphName":"","isEnabled":true},"graphs":[],"defaultGraph":"","defaultPostTypeGraph":""},"schema_type":null,"schema_type_options":null,"pillar_content":false,"robots_default":true,"robots_noindex":false,"robots_noarchive":false,"robots_nosnippet":false,"robots_nofollow":false,"robots_noimageindex":false,"robots_noodp":false,"robots_notranslate":false,"robots_max_snippet":null,"robots_max_videopreview":null,"robots_max_imagepreview":"large","priority":null,"frequency":null,"location":null,"local_seo":null,"seo_analyzer_scan_date":"2025-08-28 15:51:01","breadcrumb_settings":null,"limit_modified_date":false,"open_ai":null,"ai":null,"created":"2021-03-26 01:45:22","updated":"2025-08-28 15:51:01"},"aioseo_breadcrumb":"<div class=\"aioseo-breadcrumbs\"><span class=\"aioseo-breadcrumb\">\n\t<a href=\"https:\/\/eldigitaldeasturias.com\/radio\" title=\"Inicio\">Inicio<\/a>\n<\/span><span class=\"aioseo-breadcrumb-separator\">&ndash;<\/span><span class=\"aioseo-breadcrumb\">\n\t<a href=\"https:\/\/eldigitaldeasturias.com\/radio\/category\/noticias\/\" title=\"Noticias\">Noticias<\/a>\n<\/span><span class=\"aioseo-breadcrumb-separator\">&ndash;<\/span><span class=\"aioseo-breadcrumb\">\n\tEl Principado reabre progresivamente los centros de interpretaci\u00f3n de la Red Natural de Asturias\n<\/span><\/div>","aioseo_breadcrumb_json":[{"label":"Inicio","link":"https:\/\/eldigitaldeasturias.com\/radio"},{"label":"Noticias","link":"https:\/\/eldigitaldeasturias.com\/radio\/category\/noticias\/"},{"label":"El Principado reabre progresivamente los centros de interpretaci\u00f3n de la Red Natural de Asturias","link":"https:\/\/eldigitaldeasturias.com\/radio\/el-principado-reabre-progresivamente-los-centros-de-interpretacion-de-la-red-natural-de-asturias\/"}],"_links":{"self":[{"href":"https:\/\/eldigitaldeasturias.com\/radio\/wp-json\/wp\/v2\/posts\/4333","targetHints":{"allow":["GET"]}}],"collection":[{"href":"https:\/\/eldigitaldeasturias.com\/radio\/wp-json\/wp\/v2\/posts"}],"about":[{"href":"https:\/\/eldigitaldeasturias.com\/radio\/wp-json\/wp\/v2\/types\/post"}],"author":[{"embeddable":true,"href":"https:\/\/eldigitaldeasturias.com\/radio\/wp-json\/wp\/v2\/users\/1"}],"replies":[{"embeddable":true,"href":"https:\/\/eldigitaldeasturias.com\/radio\/wp-json\/wp\/v2\/comments?post=4333"}],"version-history":[{"count":0,"href":"https:\/\/eldigitaldeasturias.com\/radio\/wp-json\/wp\/v2\/posts\/4333\/revisions"}],"wp:featuredmedia":[{"embeddable":true,"href":"https:\/\/eldigitaldeasturias.com\/radio\/wp-json\/wp\/v2\/media\/1352"}],"wp:attachment":[{"href":"https:\/\/eldigitaldeasturias.com\/radio\/wp-json\/wp\/v2\/media?parent=4333"}],"wp:term":[{"taxonomy":"category","embeddable":true,"href":"https:\/\/eldigitaldeasturias.com\/radio\/wp-json\/wp\/v2\/categories?post=4333"},{"taxonomy":"post_tag","embeddable":true,"href":"https:\/\/eldigitaldeasturias.com\/radio\/wp-json\/wp\/v2\/tags?post=4333"}],"curies":[{"name":"wp","href":"https:\/\/api.w.org\/{rel}","templated":true}]}}