{"id":4328,"date":"2020-06-04T13:53:36","date_gmt":"2020-06-04T13:53:36","guid":{"rendered":"http:\/\/www.eldigitaldeasturias.com\/radio\/?p=4328"},"modified":"2020-06-04T13:53:36","modified_gmt":"2020-06-04T13:53:36","slug":"reapertura-de-centros-culturales-del-principado","status":"publish","type":"post","link":"https:\/\/eldigitaldeasturias.com\/radio\/reapertura-de-centros-culturales-del-principado\/","title":{"rendered":"Reapertura de centros culturales del Principado"},"content":{"rendered":"<p><img fetchpriority=\"high\" decoding=\"async\" class=\"alignleft size-medium wp-image-4329\" src=\"http:\/\/www.eldigitaldeasturias.com\/radio\/wp-content\/uploads\/2020\/06\/Reapertura-Muja-360x242.jpg\" alt=\"\" width=\"360\" height=\"242\" srcset=\"https:\/\/eldigitaldeasturias.com\/radio\/wp-content\/uploads\/2020\/06\/Reapertura-Muja-360x242.jpg 360w, https:\/\/eldigitaldeasturias.com\/radio\/wp-content\/uploads\/2020\/06\/Reapertura-Muja-1024x689.jpg 1024w, https:\/\/eldigitaldeasturias.com\/radio\/wp-content\/uploads\/2020\/06\/Reapertura-Muja-768x517.jpg 768w, https:\/\/eldigitaldeasturias.com\/radio\/wp-content\/uploads\/2020\/06\/Reapertura-Muja.jpg 1066w\" sizes=\"(max-width: 360px) 100vw, 360px\" \/>El director general de Cultura y Patrimonio, Pablo Le\u00f3n, que estuvo presente el pasado viernes ena la reapertura del Museo Arqueol\u00f3gico, acompa\u00f1ado por el director general de Pol\u00edtica Lling\u00fc\u00edstica, Ant\u00f3n Garc\u00eda, que lo ha hecho en el Museo Jur\u00e1sico.<\/p>\n<p>La Consejer\u00eda de Cultura, Pol\u00edtica Lling\u00fc\u00edstica y Turismo ha reabierto varios de los equipamientos culturales que gestiona. Concretamente, el Museo Arqueol\u00f3gico de Asturias, el Museo Jur\u00e1sico, el Centro de Arte Rupestre Tito Bustillo, el Parque de la Prehistoria y el Centro de Recepci\u00f3n e Interpretaci\u00f3n del Prerrom\u00e1nico Asturiano.<\/p>\n<p>Los centros han reabierto sus puertas al p\u00fablico una vez aplicados todos los protocolos y las medidas de seguridad para trabajadores y usuarios exigidos por la emergencia sanitaria.<\/p>\n","protected":false},"excerpt":{"rendered":"<p>El director general de Cultura y Patrimonio, Pablo Le\u00f3n, que estuvo presente el pasado viernes ena la reapertura del Museo Arqueol\u00f3gico, acompa\u00f1ado por el director general de Pol\u00edtica Lling\u00fc\u00edstica, Ant\u00f3n Garc\u00eda, que lo ha hecho en el Museo Jur\u00e1sico. La Consejer\u00eda de Cultura, Pol\u00edtica Lling\u00fc\u00edstica y Turismo ha reabierto varios de los equipamientos culturales que<\/p>\n","protected":false},"author":1,"featured_media":4329,"comment_status":"closed","ping_status":"closed","sticky":false,"template":"","format":"standard","meta":{"footnotes":""},"categories":[1],"tags":[],"class_list":{"0":"post-4328","1":"post","2":"type-post","3":"status-publish","4":"format-standard","5":"has-post-thumbnail","7":"category-noticias"},"aioseo_notices":[],"aioseo_head":"\n\t\t<!-- All in One SEO Pro 4.9.6.2 - aioseo.com -->\n\t<meta name=\"description\" content=\"El director general de Cultura y Patrimonio, Pablo Le\u00f3n, que estuvo presente el pasado viernes ena la reapertura del Museo Arqueol\u00f3gico, acompa\u00f1ado por el director general de Pol\u00edtica Lling\u00fc\u00edstica, Ant\u00f3n Garc\u00eda, que lo ha hecho en el Museo Jur\u00e1sico. La Consejer\u00eda de Cultura, Pol\u00edtica Lling\u00fc\u00edstica y Turismo ha reabierto varios de los equipamientos culturales que\" \/>\n\t<meta name=\"robots\" content=\"max-image-preview:large\" \/>\n\t<meta name=\"author\" content=\"NBAsturias\"\/>\n\t<meta name=\"google-site-verification\" content=\"UA-38556648-1\" \/>\n\t<meta name=\"keywords\" content=\"noticias\" \/>\n\t<link rel=\"canonical\" href=\"https:\/\/eldigitaldeasturias.com\/radio\/reapertura-de-centros-culturales-del-principado\/\" \/>\n\t<meta name=\"generator\" content=\"All in One SEO Pro (AIOSEO) 4.9.6.2\" \/>\n\t\t<meta property=\"og:locale\" content=\"es_ES\" \/>\n\t\t<meta property=\"og:site_name\" content=\"El Digital de Asturias | Diario de informaci\u00f3n y noticias\" \/>\n\t\t<meta property=\"og:type\" content=\"article\" \/>\n\t\t<meta property=\"og:title\" content=\"Reapertura de centros culturales del Principado | El Digital de Asturias\" \/>\n\t\t<meta property=\"og:description\" content=\"El director general de Cultura y Patrimonio, Pablo Le\u00f3n, que estuvo presente el pasado viernes ena la reapertura del Museo Arqueol\u00f3gico, acompa\u00f1ado por el director general de Pol\u00edtica Lling\u00fc\u00edstica, Ant\u00f3n Garc\u00eda, que lo ha hecho en el Museo Jur\u00e1sico. La Consejer\u00eda de Cultura, Pol\u00edtica Lling\u00fc\u00edstica y Turismo ha reabierto varios de los equipamientos culturales que\" \/>\n\t\t<meta property=\"og:url\" content=\"https:\/\/eldigitaldeasturias.com\/radio\/reapertura-de-centros-culturales-del-principado\/\" \/>\n\t\t<meta property=\"og:image\" content=\"https:\/\/eldigitaldeasturias.com\/radio\/wp-content\/uploads\/2020\/06\/Reapertura-Muja.jpg\" \/>\n\t\t<meta property=\"og:image:secure_url\" content=\"https:\/\/eldigitaldeasturias.com\/radio\/wp-content\/uploads\/2020\/06\/Reapertura-Muja.jpg\" \/>\n\t\t<meta property=\"og:image:width\" content=\"1066\" \/>\n\t\t<meta property=\"og:image:height\" content=\"717\" \/>\n\t\t<meta property=\"article:published_time\" content=\"2020-06-04T13:53:36+00:00\" \/>\n\t\t<meta property=\"article:modified_time\" content=\"2020-06-04T13:53:36+00:00\" \/>\n\t\t<meta name=\"twitter:card\" content=\"summary_large_image\" \/>\n\t\t<meta name=\"twitter:site\" content=\"@bercodi\" \/>\n\t\t<meta name=\"twitter:title\" content=\"Reapertura de centros culturales del Principado | El Digital de Asturias\" \/>\n\t\t<meta name=\"twitter:description\" content=\"El director general de Cultura y Patrimonio, Pablo Le\u00f3n, que estuvo presente el pasado viernes ena la reapertura del Museo Arqueol\u00f3gico, acompa\u00f1ado por el director general de Pol\u00edtica Lling\u00fc\u00edstica, Ant\u00f3n Garc\u00eda, que lo ha hecho en el Museo Jur\u00e1sico. La Consejer\u00eda de Cultura, Pol\u00edtica Lling\u00fc\u00edstica y Turismo ha reabierto varios de los equipamientos culturales que\" \/>\n\t\t<meta name=\"twitter:creator\" content=\"@bercodi\" \/>\n\t\t<meta name=\"twitter:image\" content=\"https:\/\/eldigitaldeasturias.com\/radio\/wp-content\/uploads\/2020\/06\/Reapertura-Muja.jpg\" \/>\n\t\t<script type=\"application\/ld+json\" class=\"aioseo-schema\">\n\t\t\t{\"@context\":\"https:\\\/\\\/schema.org\",\"@graph\":[{\"@type\":\"BreadcrumbList\",\"@id\":\"https:\\\/\\\/eldigitaldeasturias.com\\\/radio\\\/reapertura-de-centros-culturales-del-principado\\\/#breadcrumblist\",\"itemListElement\":[{\"@type\":\"ListItem\",\"@id\":\"https:\\\/\\\/eldigitaldeasturias.com\\\/radio#listItem\",\"position\":1,\"name\":\"Inicio\",\"item\":\"https:\\\/\\\/eldigitaldeasturias.com\\\/radio\",\"nextItem\":{\"@type\":\"ListItem\",\"@id\":\"https:\\\/\\\/eldigitaldeasturias.com\\\/radio\\\/category\\\/noticias\\\/#listItem\",\"name\":\"Noticias\"}},{\"@type\":\"ListItem\",\"@id\":\"https:\\\/\\\/eldigitaldeasturias.com\\\/radio\\\/category\\\/noticias\\\/#listItem\",\"position\":2,\"name\":\"Noticias\",\"item\":\"https:\\\/\\\/eldigitaldeasturias.com\\\/radio\\\/category\\\/noticias\\\/\",\"nextItem\":{\"@type\":\"ListItem\",\"@id\":\"https:\\\/\\\/eldigitaldeasturias.com\\\/radio\\\/reapertura-de-centros-culturales-del-principado\\\/#listItem\",\"name\":\"Reapertura de centros culturales del Principado\"},\"previousItem\":{\"@type\":\"ListItem\",\"@id\":\"https:\\\/\\\/eldigitaldeasturias.com\\\/radio#listItem\",\"name\":\"Inicio\"}},{\"@type\":\"ListItem\",\"@id\":\"https:\\\/\\\/eldigitaldeasturias.com\\\/radio\\\/reapertura-de-centros-culturales-del-principado\\\/#listItem\",\"position\":3,\"name\":\"Reapertura de centros culturales del Principado\",\"previousItem\":{\"@type\":\"ListItem\",\"@id\":\"https:\\\/\\\/eldigitaldeasturias.com\\\/radio\\\/category\\\/noticias\\\/#listItem\",\"name\":\"Noticias\"}}]},{\"@type\":\"NewsArticle\",\"@id\":\"https:\\\/\\\/eldigitaldeasturias.com\\\/radio\\\/reapertura-de-centros-culturales-del-principado\\\/#newsarticle\",\"name\":\"Reapertura de centros culturales del Principado | El Digital de Asturias\",\"headline\":\"Reapertura de centros culturales del Principado\",\"author\":{\"@id\":\"https:\\\/\\\/eldigitaldeasturias.com\\\/radio\\\/author\\\/nbasturias\\\/#author\"},\"publisher\":{\"@id\":\"https:\\\/\\\/eldigitaldeasturias.com\\\/radio\\\/#organization\"},\"image\":{\"@type\":\"ImageObject\",\"url\":\"https:\\\/\\\/eldigitaldeasturias.com\\\/radio\\\/wp-content\\\/uploads\\\/2020\\\/06\\\/Reapertura-Muja.jpg\",\"width\":1066,\"height\":717},\"datePublished\":\"2020-06-04T13:53:36+02:00\",\"dateModified\":\"2020-06-04T13:53:36+02:00\",\"inLanguage\":\"es-ES\",\"mainEntityOfPage\":{\"@id\":\"https:\\\/\\\/eldigitaldeasturias.com\\\/radio\\\/reapertura-de-centros-culturales-del-principado\\\/#webpage\"},\"isPartOf\":{\"@id\":\"https:\\\/\\\/eldigitaldeasturias.com\\\/radio\\\/reapertura-de-centros-culturales-del-principado\\\/#webpage\"},\"articleSection\":\"Noticias\",\"dateline\":\"Publicado el junio 4, 2020.\"},{\"@type\":\"Organization\",\"@id\":\"https:\\\/\\\/eldigitaldeasturias.com\\\/radio\\\/#organization\",\"name\":\"El digital de Asturias Radio\",\"description\":\"Diario de informaci\\u00f3n y noticias\",\"url\":\"https:\\\/\\\/eldigitaldeasturias.com\\\/radio\\\/\",\"telephone\":\"+34652131393\",\"logo\":{\"@type\":\"ImageObject\",\"url\":\"https:\\\/\\\/www.eldigitaldeasturias.com\\\/radio\\\/wp-content\\\/uploads\\\/2021\\\/03\\\/EDA.jpg\",\"@id\":\"https:\\\/\\\/eldigitaldeasturias.com\\\/radio\\\/reapertura-de-centros-culturales-del-principado\\\/#organizationLogo\"},\"image\":{\"@id\":\"https:\\\/\\\/eldigitaldeasturias.com\\\/radio\\\/reapertura-de-centros-culturales-del-principado\\\/#organizationLogo\"},\"sameAs\":[\"https:\\\/\\\/www.facebook.com\\\/\",\"https:\\\/\\\/x.com\\\/bercodi\",\"https:\\\/\\\/www.instagram.com\\\/\",\"https:\\\/\\\/www.youtube.com\\\/channel\\\/UCZP-2wLEB9Rv6erhFmqVnvg\"]},{\"@type\":\"Person\",\"@id\":\"https:\\\/\\\/eldigitaldeasturias.com\\\/radio\\\/author\\\/nbasturias\\\/#author\",\"url\":\"https:\\\/\\\/eldigitaldeasturias.com\\\/radio\\\/author\\\/nbasturias\\\/\",\"name\":\"NBAsturias\",\"image\":{\"@type\":\"ImageObject\",\"@id\":\"https:\\\/\\\/eldigitaldeasturias.com\\\/radio\\\/reapertura-de-centros-culturales-del-principado\\\/#authorImage\",\"url\":\"https:\\\/\\\/secure.gravatar.com\\\/avatar\\\/df2aeffc32bcd13f8d26072ef8a91b623d677766deac7f97ca815868cd41bf5e?s=96&d=mm&r=g\",\"width\":96,\"height\":96,\"caption\":\"NBAsturias\"}},{\"@type\":\"WebPage\",\"@id\":\"https:\\\/\\\/eldigitaldeasturias.com\\\/radio\\\/reapertura-de-centros-culturales-del-principado\\\/#webpage\",\"url\":\"https:\\\/\\\/eldigitaldeasturias.com\\\/radio\\\/reapertura-de-centros-culturales-del-principado\\\/\",\"name\":\"Reapertura de centros culturales del Principado | El Digital de Asturias\",\"description\":\"El director general de Cultura y Patrimonio, Pablo Le\\u00f3n, que estuvo presente el pasado viernes ena la reapertura del Museo Arqueol\\u00f3gico, acompa\\u00f1ado por el director general de Pol\\u00edtica Lling\\u00fc\\u00edstica, Ant\\u00f3n Garc\\u00eda, que lo ha hecho en el Museo Jur\\u00e1sico. La Consejer\\u00eda de Cultura, Pol\\u00edtica Lling\\u00fc\\u00edstica y Turismo ha reabierto varios de los equipamientos culturales que\",\"inLanguage\":\"es-ES\",\"isPartOf\":{\"@id\":\"https:\\\/\\\/eldigitaldeasturias.com\\\/radio\\\/#website\"},\"breadcrumb\":{\"@id\":\"https:\\\/\\\/eldigitaldeasturias.com\\\/radio\\\/reapertura-de-centros-culturales-del-principado\\\/#breadcrumblist\"},\"author\":{\"@id\":\"https:\\\/\\\/eldigitaldeasturias.com\\\/radio\\\/author\\\/nbasturias\\\/#author\"},\"creator\":{\"@id\":\"https:\\\/\\\/eldigitaldeasturias.com\\\/radio\\\/author\\\/nbasturias\\\/#author\"},\"image\":{\"@type\":\"ImageObject\",\"url\":\"https:\\\/\\\/eldigitaldeasturias.com\\\/radio\\\/wp-content\\\/uploads\\\/2020\\\/06\\\/Reapertura-Muja.jpg\",\"@id\":\"https:\\\/\\\/eldigitaldeasturias.com\\\/radio\\\/reapertura-de-centros-culturales-del-principado\\\/#mainImage\",\"width\":1066,\"height\":717},\"primaryImageOfPage\":{\"@id\":\"https:\\\/\\\/eldigitaldeasturias.com\\\/radio\\\/reapertura-de-centros-culturales-del-principado\\\/#mainImage\"},\"datePublished\":\"2020-06-04T13:53:36+02:00\",\"dateModified\":\"2020-06-04T13:53:36+02:00\"},{\"@type\":\"WebSite\",\"@id\":\"https:\\\/\\\/eldigitaldeasturias.com\\\/radio\\\/#website\",\"url\":\"https:\\\/\\\/eldigitaldeasturias.com\\\/radio\\\/\",\"name\":\"El Digital de Asturias\",\"description\":\"Diario de informaci\\u00f3n y noticias\",\"inLanguage\":\"es-ES\",\"publisher\":{\"@id\":\"https:\\\/\\\/eldigitaldeasturias.com\\\/radio\\\/#organization\"}}]}\n\t\t<\/script>\n\t\t<!-- All in One SEO Pro -->\r\n\t\t<title>Reapertura de centros culturales del Principado | El Digital de Asturias<\/title>\n\n","aioseo_head_json":{"title":"Reapertura de centros culturales del Principado | El Digital de Asturias","description":"El director general de Cultura y Patrimonio, Pablo Le\u00f3n, que estuvo presente el pasado viernes ena la reapertura del Museo Arqueol\u00f3gico, acompa\u00f1ado por el director general de Pol\u00edtica Lling\u00fc\u00edstica, Ant\u00f3n Garc\u00eda, que lo ha hecho en el Museo Jur\u00e1sico. La Consejer\u00eda de Cultura, Pol\u00edtica Lling\u00fc\u00edstica y Turismo ha reabierto varios de los equipamientos culturales que","canonical_url":"https:\/\/eldigitaldeasturias.com\/radio\/reapertura-de-centros-culturales-del-principado\/","robots":"max-image-preview:large","keywords":"noticias","webmasterTools":{"google-site-verification":"UA-38556648-1","miscellaneous":""},"schema":{"@context":"https:\/\/schema.org","@graph":[{"@type":"BreadcrumbList","@id":"https:\/\/eldigitaldeasturias.com\/radio\/reapertura-de-centros-culturales-del-principado\/#breadcrumblist","itemListElement":[{"@type":"ListItem","@id":"https:\/\/eldigitaldeasturias.com\/radio#listItem","position":1,"name":"Inicio","item":"https:\/\/eldigitaldeasturias.com\/radio","nextItem":{"@type":"ListItem","@id":"https:\/\/eldigitaldeasturias.com\/radio\/category\/noticias\/#listItem","name":"Noticias"}},{"@type":"ListItem","@id":"https:\/\/eldigitaldeasturias.com\/radio\/category\/noticias\/#listItem","position":2,"name":"Noticias","item":"https:\/\/eldigitaldeasturias.com\/radio\/category\/noticias\/","nextItem":{"@type":"ListItem","@id":"https:\/\/eldigitaldeasturias.com\/radio\/reapertura-de-centros-culturales-del-principado\/#listItem","name":"Reapertura de centros culturales del Principado"},"previousItem":{"@type":"ListItem","@id":"https:\/\/eldigitaldeasturias.com\/radio#listItem","name":"Inicio"}},{"@type":"ListItem","@id":"https:\/\/eldigitaldeasturias.com\/radio\/reapertura-de-centros-culturales-del-principado\/#listItem","position":3,"name":"Reapertura de centros culturales del Principado","previousItem":{"@type":"ListItem","@id":"https:\/\/eldigitaldeasturias.com\/radio\/category\/noticias\/#listItem","name":"Noticias"}}]},{"@type":"NewsArticle","@id":"https:\/\/eldigitaldeasturias.com\/radio\/reapertura-de-centros-culturales-del-principado\/#newsarticle","name":"Reapertura de centros culturales del Principado | El Digital de Asturias","headline":"Reapertura de centros culturales del Principado","author":{"@id":"https:\/\/eldigitaldeasturias.com\/radio\/author\/nbasturias\/#author"},"publisher":{"@id":"https:\/\/eldigitaldeasturias.com\/radio\/#organization"},"image":{"@type":"ImageObject","url":"https:\/\/eldigitaldeasturias.com\/radio\/wp-content\/uploads\/2020\/06\/Reapertura-Muja.jpg","width":1066,"height":717},"datePublished":"2020-06-04T13:53:36+02:00","dateModified":"2020-06-04T13:53:36+02:00","inLanguage":"es-ES","mainEntityOfPage":{"@id":"https:\/\/eldigitaldeasturias.com\/radio\/reapertura-de-centros-culturales-del-principado\/#webpage"},"isPartOf":{"@id":"https:\/\/eldigitaldeasturias.com\/radio\/reapertura-de-centros-culturales-del-principado\/#webpage"},"articleSection":"Noticias","dateline":"Publicado el junio 4, 2020."},{"@type":"Organization","@id":"https:\/\/eldigitaldeasturias.com\/radio\/#organization","name":"El digital de Asturias Radio","description":"Diario de informaci\u00f3n y noticias","url":"https:\/\/eldigitaldeasturias.com\/radio\/","telephone":"+34652131393","logo":{"@type":"ImageObject","url":"https:\/\/www.eldigitaldeasturias.com\/radio\/wp-content\/uploads\/2021\/03\/EDA.jpg","@id":"https:\/\/eldigitaldeasturias.com\/radio\/reapertura-de-centros-culturales-del-principado\/#organizationLogo"},"image":{"@id":"https:\/\/eldigitaldeasturias.com\/radio\/reapertura-de-centros-culturales-del-principado\/#organizationLogo"},"sameAs":["https:\/\/www.facebook.com\/","https:\/\/x.com\/bercodi","https:\/\/www.instagram.com\/","https:\/\/www.youtube.com\/channel\/UCZP-2wLEB9Rv6erhFmqVnvg"]},{"@type":"Person","@id":"https:\/\/eldigitaldeasturias.com\/radio\/author\/nbasturias\/#author","url":"https:\/\/eldigitaldeasturias.com\/radio\/author\/nbasturias\/","name":"NBAsturias","image":{"@type":"ImageObject","@id":"https:\/\/eldigitaldeasturias.com\/radio\/reapertura-de-centros-culturales-del-principado\/#authorImage","url":"https:\/\/secure.gravatar.com\/avatar\/df2aeffc32bcd13f8d26072ef8a91b623d677766deac7f97ca815868cd41bf5e?s=96&d=mm&r=g","width":96,"height":96,"caption":"NBAsturias"}},{"@type":"WebPage","@id":"https:\/\/eldigitaldeasturias.com\/radio\/reapertura-de-centros-culturales-del-principado\/#webpage","url":"https:\/\/eldigitaldeasturias.com\/radio\/reapertura-de-centros-culturales-del-principado\/","name":"Reapertura de centros culturales del Principado | El Digital de Asturias","description":"El director general de Cultura y Patrimonio, Pablo Le\u00f3n, que estuvo presente el pasado viernes ena la reapertura del Museo Arqueol\u00f3gico, acompa\u00f1ado por el director general de Pol\u00edtica Lling\u00fc\u00edstica, Ant\u00f3n Garc\u00eda, que lo ha hecho en el Museo Jur\u00e1sico. La Consejer\u00eda de Cultura, Pol\u00edtica Lling\u00fc\u00edstica y Turismo ha reabierto varios de los equipamientos culturales que","inLanguage":"es-ES","isPartOf":{"@id":"https:\/\/eldigitaldeasturias.com\/radio\/#website"},"breadcrumb":{"@id":"https:\/\/eldigitaldeasturias.com\/radio\/reapertura-de-centros-culturales-del-principado\/#breadcrumblist"},"author":{"@id":"https:\/\/eldigitaldeasturias.com\/radio\/author\/nbasturias\/#author"},"creator":{"@id":"https:\/\/eldigitaldeasturias.com\/radio\/author\/nbasturias\/#author"},"image":{"@type":"ImageObject","url":"https:\/\/eldigitaldeasturias.com\/radio\/wp-content\/uploads\/2020\/06\/Reapertura-Muja.jpg","@id":"https:\/\/eldigitaldeasturias.com\/radio\/reapertura-de-centros-culturales-del-principado\/#mainImage","width":1066,"height":717},"primaryImageOfPage":{"@id":"https:\/\/eldigitaldeasturias.com\/radio\/reapertura-de-centros-culturales-del-principado\/#mainImage"},"datePublished":"2020-06-04T13:53:36+02:00","dateModified":"2020-06-04T13:53:36+02:00"},{"@type":"WebSite","@id":"https:\/\/eldigitaldeasturias.com\/radio\/#website","url":"https:\/\/eldigitaldeasturias.com\/radio\/","name":"El Digital de Asturias","description":"Diario de informaci\u00f3n y noticias","inLanguage":"es-ES","publisher":{"@id":"https:\/\/eldigitaldeasturias.com\/radio\/#organization"}}]},"og:locale":"es_ES","og:site_name":"El Digital de Asturias | Diario de informaci\u00f3n y noticias","og:type":"article","og:title":"Reapertura de centros culturales del Principado | El Digital de Asturias","og:description":"El director general de Cultura y Patrimonio, Pablo Le\u00f3n, que estuvo presente el pasado viernes ena la reapertura del Museo Arqueol\u00f3gico, acompa\u00f1ado por el director general de Pol\u00edtica Lling\u00fc\u00edstica, Ant\u00f3n Garc\u00eda, que lo ha hecho en el Museo Jur\u00e1sico. La Consejer\u00eda de Cultura, Pol\u00edtica Lling\u00fc\u00edstica y Turismo ha reabierto varios de los equipamientos culturales que","og:url":"https:\/\/eldigitaldeasturias.com\/radio\/reapertura-de-centros-culturales-del-principado\/","og:image":"https:\/\/eldigitaldeasturias.com\/radio\/wp-content\/uploads\/2020\/06\/Reapertura-Muja.jpg","og:image:secure_url":"https:\/\/eldigitaldeasturias.com\/radio\/wp-content\/uploads\/2020\/06\/Reapertura-Muja.jpg","og:image:width":1066,"og:image:height":717,"article:published_time":"2020-06-04T13:53:36+00:00","article:modified_time":"2020-06-04T13:53:36+00:00","twitter:card":"summary_large_image","twitter:site":"@bercodi","twitter:title":"Reapertura de centros culturales del Principado | El Digital de Asturias","twitter:description":"El director general de Cultura y Patrimonio, Pablo Le\u00f3n, que estuvo presente el pasado viernes ena la reapertura del Museo Arqueol\u00f3gico, acompa\u00f1ado por el director general de Pol\u00edtica Lling\u00fc\u00edstica, Ant\u00f3n Garc\u00eda, que lo ha hecho en el Museo Jur\u00e1sico. La Consejer\u00eda de Cultura, Pol\u00edtica Lling\u00fc\u00edstica y Turismo ha reabierto varios de los equipamientos culturales que","twitter:creator":"@bercodi","twitter:image":"https:\/\/eldigitaldeasturias.com\/radio\/wp-content\/uploads\/2020\/06\/Reapertura-Muja.jpg"},"aioseo_meta_data":{"post_id":"4328","title":null,"description":null,"keywords":null,"keyphrases":null,"primary_term":null,"canonical_url":null,"og_title":null,"og_description":null,"og_object_type":"default","og_image_type":"default","og_image_url":null,"og_image_width":null,"og_image_height":null,"og_image_custom_url":null,"og_image_custom_fields":null,"og_video":null,"og_custom_url":null,"og_article_section":null,"og_article_tags":null,"twitter_use_og":false,"twitter_card":"default","twitter_image_type":"default","twitter_image_url":null,"twitter_image_custom_url":null,"twitter_image_custom_fields":null,"twitter_title":null,"twitter_description":null,"schema":{"blockGraphs":[],"customGraphs":[],"default":{"data":{"Article":[],"Course":[],"Dataset":[],"FAQPage":[],"Movie":[],"Person":[],"Product":[],"ProductReview":[],"Car":[],"Recipe":[],"Service":[],"SoftwareApplication":[],"WebPage":[]},"graphName":"","isEnabled":true},"graphs":[],"defaultGraph":"","defaultPostTypeGraph":""},"schema_type":null,"schema_type_options":null,"pillar_content":false,"robots_default":true,"robots_noindex":false,"robots_noarchive":false,"robots_nosnippet":false,"robots_nofollow":false,"robots_noimageindex":false,"robots_noodp":false,"robots_notranslate":false,"robots_max_snippet":null,"robots_max_videopreview":null,"robots_max_imagepreview":"large","priority":null,"frequency":null,"location":null,"local_seo":null,"seo_analyzer_scan_date":"2025-08-28 15:48:30","breadcrumb_settings":null,"limit_modified_date":false,"open_ai":null,"ai":null,"created":"2021-03-26 01:45:22","updated":"2025-08-28 15:48:30"},"aioseo_breadcrumb":"<div class=\"aioseo-breadcrumbs\"><span class=\"aioseo-breadcrumb\">\n\t<a href=\"https:\/\/eldigitaldeasturias.com\/radio\" title=\"Inicio\">Inicio<\/a>\n<\/span><span class=\"aioseo-breadcrumb-separator\">&ndash;<\/span><span class=\"aioseo-breadcrumb\">\n\t<a href=\"https:\/\/eldigitaldeasturias.com\/radio\/category\/noticias\/\" title=\"Noticias\">Noticias<\/a>\n<\/span><span class=\"aioseo-breadcrumb-separator\">&ndash;<\/span><span class=\"aioseo-breadcrumb\">\n\tReapertura de centros culturales del Principado\n<\/span><\/div>","aioseo_breadcrumb_json":[{"label":"Inicio","link":"https:\/\/eldigitaldeasturias.com\/radio"},{"label":"Noticias","link":"https:\/\/eldigitaldeasturias.com\/radio\/category\/noticias\/"},{"label":"Reapertura de centros culturales del Principado","link":"https:\/\/eldigitaldeasturias.com\/radio\/reapertura-de-centros-culturales-del-principado\/"}],"_links":{"self":[{"href":"https:\/\/eldigitaldeasturias.com\/radio\/wp-json\/wp\/v2\/posts\/4328","targetHints":{"allow":["GET"]}}],"collection":[{"href":"https:\/\/eldigitaldeasturias.com\/radio\/wp-json\/wp\/v2\/posts"}],"about":[{"href":"https:\/\/eldigitaldeasturias.com\/radio\/wp-json\/wp\/v2\/types\/post"}],"author":[{"embeddable":true,"href":"https:\/\/eldigitaldeasturias.com\/radio\/wp-json\/wp\/v2\/users\/1"}],"replies":[{"embeddable":true,"href":"https:\/\/eldigitaldeasturias.com\/radio\/wp-json\/wp\/v2\/comments?post=4328"}],"version-history":[{"count":0,"href":"https:\/\/eldigitaldeasturias.com\/radio\/wp-json\/wp\/v2\/posts\/4328\/revisions"}],"wp:featuredmedia":[{"embeddable":true,"href":"https:\/\/eldigitaldeasturias.com\/radio\/wp-json\/wp\/v2\/media\/4329"}],"wp:attachment":[{"href":"https:\/\/eldigitaldeasturias.com\/radio\/wp-json\/wp\/v2\/media?parent=4328"}],"wp:term":[{"taxonomy":"category","embeddable":true,"href":"https:\/\/eldigitaldeasturias.com\/radio\/wp-json\/wp\/v2\/categories?post=4328"},{"taxonomy":"post_tag","embeddable":true,"href":"https:\/\/eldigitaldeasturias.com\/radio\/wp-json\/wp\/v2\/tags?post=4328"}],"curies":[{"name":"wp","href":"https:\/\/api.w.org\/{rel}","templated":true}]}}