{"id":4315,"date":"2020-05-29T17:10:00","date_gmt":"2020-05-29T17:10:00","guid":{"rendered":"http:\/\/www.eldigitaldeasturias.com\/radio\/?p=4315"},"modified":"2020-05-29T17:10:00","modified_gmt":"2020-05-29T17:10:00","slug":"la-historica-boveda-verde-de-dresde-abre-de-nuevo-tras-robo-de-joyas","status":"publish","type":"post","link":"https:\/\/eldigitaldeasturias.com\/radio\/la-historica-boveda-verde-de-dresde-abre-de-nuevo-tras-robo-de-joyas\/","title":{"rendered":"La hist\u00f3rica B\u00f3veda Verde de Dresde abre de nuevo tras robo de joyas"},"content":{"rendered":"<p>Dresde (Alemania), 29 may (dpa) &#8211; La c\u00e1mara del tesoro de la B\u00f3veda Verde del Palacio de Dresde volver\u00e1 a abrir sus puertas este s\u00e1bado, seis meses despu\u00e9s de que fuese objeto de un millonario robo de joyas, inform\u00f3 hoy la entidad Colecciones Estatales de Arte (SKD, por su siglas en alem\u00e1n).<\/p>\n<p>Asimismo, la C\u00e1mara turca, la Sala gigante, el Gabinete de porcelana y las salas de armaduras e indumentaria de desfiles pertenecientes al complejo muse\u00edstico del Palacio de Dresde se abrir\u00e1n de nuevo al p\u00fablico este s\u00e1bado tras el cierre de once semanas al que fueron sometidos como medida de prevenci\u00f3n de propagaci\u00f3n del coronavirus.<\/p>\n<p>\u00abLa B\u00f3veda Verde es uno de los tesoros sajones m\u00e1s emblem\u00e1ticos\u00bb, acot\u00f3 la ministra regional de Cultura de Sajonia, Barbara Klepsch.<\/p>\n<p>El espectacular robo en la hist\u00f3rica sala de tesoro barroco ocup\u00f3 titulares de todo el mundo y provoc\u00f3 el replanteamiento de la seguridad en los museos alemanes. <\/p>\n<p>En la madrugada del 25 de noviembre, dos ladrones cortaron una rejilla frente a una ventana del museo, retiraron la ventana y su marco y entraron en la c\u00e1mara del tesoro barroco. Una vez dentro, destrozaron la vitrina con un hacha y escaparon luego con diamantes y brillantes de valor millonario.<\/p>\n<p>Los delincuentes y el bot\u00edn siguen en paradero desconocido. Los autores del crimen rociaron las joyas que no pudieron llevarse con polvo extintor de fuego para no dejar huellas. Ahora, la B\u00f3veda Verde exhibe de nuevo dichas joyas restauradas.<\/p>\n<p>Klepsch nombr\u00f3 una comisi\u00f3n internacional de expertos que examinar\u00e1 la situaci\u00f3n de la seguridad tanto del Palacio Real de Dresde como del resto de museos que conforman el SKA y recomendar\u00e1 planes de acci\u00f3n.<\/p>\n<p>Max Hollein, director del Museo Metropolitano de Nueva York, Zelfira Tregulowa, directora general de la Galer\u00eda Tretyakov de Mosc\u00fa, Taco Dibbits, director del Rijksmuseum de \u00c1msterdam, y J\u00fcrgen Maurer, ex vicepresidente de la Oficina Federal de Investigaci\u00f3n Criminal, entre otros, participan en la misma. El comit\u00e9 se reunir\u00e1 por primera vez los d\u00edas 18 y 19 de junio.<\/p>\n<p>La Polic\u00eda alemana ofreci\u00f3 una recompensa de medio mill\u00f3n de euros (555.000 d\u00f3lares) a cambio de datos que puedan llegar al esclarecimiento del robo de la B\u00f3veda Verde. Una comisi\u00f3n especial, denominada \u00abEpaulette\u00bb est\u00e1 investigando el caso.<\/p>\n","protected":false},"excerpt":{"rendered":"<p>Dresde (Alemania), 29 may (dpa) &#8211; La c\u00e1mara del tesoro de la B\u00f3veda Verde del Palacio de Dresde volver\u00e1 a abrir sus puertas este s\u00e1bado, seis meses despu\u00e9s de que fuese objeto de un millonario robo de joyas, inform\u00f3 hoy la entidad Colecciones Estatales de Arte (SKD, por su siglas en alem\u00e1n). Asimismo, la C\u00e1mara<\/p>\n","protected":false},"author":1,"featured_media":1352,"comment_status":"closed","ping_status":"closed","sticky":false,"template":"","format":"standard","meta":{"footnotes":""},"categories":[1],"tags":[],"class_list":{"0":"post-4315","1":"post","2":"type-post","3":"status-publish","4":"format-standard","5":"has-post-thumbnail","7":"category-noticias"},"aioseo_notices":[],"aioseo_head":"\n\t\t<!-- All in One SEO Pro 4.9.6.2 - aioseo.com -->\n\t<meta name=\"description\" content=\"Dresde (Alemania), 29 may (dpa) - La c\u00e1mara del tesoro de la B\u00f3veda Verde del Palacio de Dresde volver\u00e1 a abrir sus puertas este s\u00e1bado, seis meses despu\u00e9s de que fuese objeto de un millonario robo de joyas, inform\u00f3 hoy la entidad Colecciones Estatales de Arte (SKD, por su siglas en alem\u00e1n). Asimismo, la C\u00e1mara\" \/>\n\t<meta name=\"robots\" content=\"max-image-preview:large\" \/>\n\t<meta name=\"author\" content=\"NBAsturias\"\/>\n\t<meta name=\"google-site-verification\" content=\"UA-38556648-1\" \/>\n\t<meta name=\"keywords\" content=\"noticias\" \/>\n\t<link rel=\"canonical\" href=\"https:\/\/eldigitaldeasturias.com\/radio\/la-historica-boveda-verde-de-dresde-abre-de-nuevo-tras-robo-de-joyas\/\" \/>\n\t<meta name=\"generator\" content=\"All in One SEO Pro (AIOSEO) 4.9.6.2\" \/>\n\t\t<meta property=\"og:locale\" content=\"es_ES\" \/>\n\t\t<meta property=\"og:site_name\" content=\"El Digital de Asturias | Diario de informaci\u00f3n y noticias\" \/>\n\t\t<meta property=\"og:type\" content=\"article\" \/>\n\t\t<meta property=\"og:title\" content=\"La hist\u00f3rica B\u00f3veda Verde de Dresde abre de nuevo tras robo de joyas | El Digital de Asturias\" \/>\n\t\t<meta property=\"og:description\" content=\"Dresde (Alemania), 29 may (dpa) - La c\u00e1mara del tesoro de la B\u00f3veda Verde del Palacio de Dresde volver\u00e1 a abrir sus puertas este s\u00e1bado, seis meses despu\u00e9s de que fuese objeto de un millonario robo de joyas, inform\u00f3 hoy la entidad Colecciones Estatales de Arte (SKD, por su siglas en alem\u00e1n). Asimismo, la C\u00e1mara\" \/>\n\t\t<meta property=\"og:url\" content=\"https:\/\/eldigitaldeasturias.com\/radio\/la-historica-boveda-verde-de-dresde-abre-de-nuevo-tras-robo-de-joyas\/\" \/>\n\t\t<meta property=\"og:image\" content=\"https:\/\/eldigitaldeasturias.com\/radio\/wp-content\/uploads\/2018\/10\/technology-785742_960_720.jpg\" \/>\n\t\t<meta property=\"og:image:secure_url\" content=\"https:\/\/eldigitaldeasturias.com\/radio\/wp-content\/uploads\/2018\/10\/technology-785742_960_720.jpg\" \/>\n\t\t<meta property=\"og:image:width\" content=\"960\" \/>\n\t\t<meta property=\"og:image:height\" content=\"640\" \/>\n\t\t<meta property=\"article:published_time\" content=\"2020-05-29T17:10:00+00:00\" \/>\n\t\t<meta property=\"article:modified_time\" content=\"2020-05-29T17:10:00+00:00\" \/>\n\t\t<meta name=\"twitter:card\" content=\"summary_large_image\" \/>\n\t\t<meta name=\"twitter:site\" content=\"@bercodi\" \/>\n\t\t<meta name=\"twitter:title\" content=\"La hist\u00f3rica B\u00f3veda Verde de Dresde abre de nuevo tras robo de joyas | El Digital de Asturias\" \/>\n\t\t<meta name=\"twitter:description\" content=\"Dresde (Alemania), 29 may (dpa) - La c\u00e1mara del tesoro de la B\u00f3veda Verde del Palacio de Dresde volver\u00e1 a abrir sus puertas este s\u00e1bado, seis meses despu\u00e9s de que fuese objeto de un millonario robo de joyas, inform\u00f3 hoy la entidad Colecciones Estatales de Arte (SKD, por su siglas en alem\u00e1n). Asimismo, la C\u00e1mara\" \/>\n\t\t<meta name=\"twitter:creator\" content=\"@bercodi\" \/>\n\t\t<meta name=\"twitter:image\" content=\"https:\/\/eldigitaldeasturias.com\/radio\/wp-content\/uploads\/2018\/10\/technology-785742_960_720.jpg\" \/>\n\t\t<script type=\"application\/ld+json\" class=\"aioseo-schema\">\n\t\t\t{\"@context\":\"https:\\\/\\\/schema.org\",\"@graph\":[{\"@type\":\"BreadcrumbList\",\"@id\":\"https:\\\/\\\/eldigitaldeasturias.com\\\/radio\\\/la-historica-boveda-verde-de-dresde-abre-de-nuevo-tras-robo-de-joyas\\\/#breadcrumblist\",\"itemListElement\":[{\"@type\":\"ListItem\",\"@id\":\"https:\\\/\\\/eldigitaldeasturias.com\\\/radio#listItem\",\"position\":1,\"name\":\"Inicio\",\"item\":\"https:\\\/\\\/eldigitaldeasturias.com\\\/radio\",\"nextItem\":{\"@type\":\"ListItem\",\"@id\":\"https:\\\/\\\/eldigitaldeasturias.com\\\/radio\\\/category\\\/noticias\\\/#listItem\",\"name\":\"Noticias\"}},{\"@type\":\"ListItem\",\"@id\":\"https:\\\/\\\/eldigitaldeasturias.com\\\/radio\\\/category\\\/noticias\\\/#listItem\",\"position\":2,\"name\":\"Noticias\",\"item\":\"https:\\\/\\\/eldigitaldeasturias.com\\\/radio\\\/category\\\/noticias\\\/\",\"nextItem\":{\"@type\":\"ListItem\",\"@id\":\"https:\\\/\\\/eldigitaldeasturias.com\\\/radio\\\/la-historica-boveda-verde-de-dresde-abre-de-nuevo-tras-robo-de-joyas\\\/#listItem\",\"name\":\"La hist\\u00f3rica B\\u00f3veda Verde de Dresde abre de nuevo tras robo de joyas\"},\"previousItem\":{\"@type\":\"ListItem\",\"@id\":\"https:\\\/\\\/eldigitaldeasturias.com\\\/radio#listItem\",\"name\":\"Inicio\"}},{\"@type\":\"ListItem\",\"@id\":\"https:\\\/\\\/eldigitaldeasturias.com\\\/radio\\\/la-historica-boveda-verde-de-dresde-abre-de-nuevo-tras-robo-de-joyas\\\/#listItem\",\"position\":3,\"name\":\"La hist\\u00f3rica B\\u00f3veda Verde de Dresde abre de nuevo tras robo de joyas\",\"previousItem\":{\"@type\":\"ListItem\",\"@id\":\"https:\\\/\\\/eldigitaldeasturias.com\\\/radio\\\/category\\\/noticias\\\/#listItem\",\"name\":\"Noticias\"}}]},{\"@type\":\"NewsArticle\",\"@id\":\"https:\\\/\\\/eldigitaldeasturias.com\\\/radio\\\/la-historica-boveda-verde-de-dresde-abre-de-nuevo-tras-robo-de-joyas\\\/#newsarticle\",\"name\":\"La hist\\u00f3rica B\\u00f3veda Verde de Dresde abre de nuevo tras robo de joyas | El Digital de Asturias\",\"headline\":\"La hist\\u00f3rica B\\u00f3veda Verde de Dresde abre de nuevo tras robo de joyas\",\"author\":{\"@id\":\"https:\\\/\\\/eldigitaldeasturias.com\\\/radio\\\/author\\\/nbasturias\\\/#author\"},\"publisher\":{\"@id\":\"https:\\\/\\\/eldigitaldeasturias.com\\\/radio\\\/#organization\"},\"image\":{\"@type\":\"ImageObject\",\"url\":\"https:\\\/\\\/eldigitaldeasturias.com\\\/radio\\\/wp-content\\\/uploads\\\/2018\\\/10\\\/technology-785742_960_720.jpg\",\"width\":960,\"height\":640},\"datePublished\":\"2020-05-29T17:10:00+02:00\",\"dateModified\":\"2020-05-29T17:10:00+02:00\",\"inLanguage\":\"es-ES\",\"mainEntityOfPage\":{\"@id\":\"https:\\\/\\\/eldigitaldeasturias.com\\\/radio\\\/la-historica-boveda-verde-de-dresde-abre-de-nuevo-tras-robo-de-joyas\\\/#webpage\"},\"isPartOf\":{\"@id\":\"https:\\\/\\\/eldigitaldeasturias.com\\\/radio\\\/la-historica-boveda-verde-de-dresde-abre-de-nuevo-tras-robo-de-joyas\\\/#webpage\"},\"articleSection\":\"Noticias\",\"dateline\":\"Publicado el mayo 29, 2020.\"},{\"@type\":\"Organization\",\"@id\":\"https:\\\/\\\/eldigitaldeasturias.com\\\/radio\\\/#organization\",\"name\":\"El digital de Asturias Radio\",\"description\":\"Diario de informaci\\u00f3n y noticias\",\"url\":\"https:\\\/\\\/eldigitaldeasturias.com\\\/radio\\\/\",\"telephone\":\"+34652131393\",\"logo\":{\"@type\":\"ImageObject\",\"url\":\"https:\\\/\\\/www.eldigitaldeasturias.com\\\/radio\\\/wp-content\\\/uploads\\\/2021\\\/03\\\/EDA.jpg\",\"@id\":\"https:\\\/\\\/eldigitaldeasturias.com\\\/radio\\\/la-historica-boveda-verde-de-dresde-abre-de-nuevo-tras-robo-de-joyas\\\/#organizationLogo\"},\"image\":{\"@id\":\"https:\\\/\\\/eldigitaldeasturias.com\\\/radio\\\/la-historica-boveda-verde-de-dresde-abre-de-nuevo-tras-robo-de-joyas\\\/#organizationLogo\"},\"sameAs\":[\"https:\\\/\\\/www.facebook.com\\\/\",\"https:\\\/\\\/x.com\\\/bercodi\",\"https:\\\/\\\/www.instagram.com\\\/\",\"https:\\\/\\\/www.youtube.com\\\/channel\\\/UCZP-2wLEB9Rv6erhFmqVnvg\"]},{\"@type\":\"Person\",\"@id\":\"https:\\\/\\\/eldigitaldeasturias.com\\\/radio\\\/author\\\/nbasturias\\\/#author\",\"url\":\"https:\\\/\\\/eldigitaldeasturias.com\\\/radio\\\/author\\\/nbasturias\\\/\",\"name\":\"NBAsturias\",\"image\":{\"@type\":\"ImageObject\",\"@id\":\"https:\\\/\\\/eldigitaldeasturias.com\\\/radio\\\/la-historica-boveda-verde-de-dresde-abre-de-nuevo-tras-robo-de-joyas\\\/#authorImage\",\"url\":\"https:\\\/\\\/secure.gravatar.com\\\/avatar\\\/df2aeffc32bcd13f8d26072ef8a91b623d677766deac7f97ca815868cd41bf5e?s=96&d=mm&r=g\",\"width\":96,\"height\":96,\"caption\":\"NBAsturias\"}},{\"@type\":\"WebPage\",\"@id\":\"https:\\\/\\\/eldigitaldeasturias.com\\\/radio\\\/la-historica-boveda-verde-de-dresde-abre-de-nuevo-tras-robo-de-joyas\\\/#webpage\",\"url\":\"https:\\\/\\\/eldigitaldeasturias.com\\\/radio\\\/la-historica-boveda-verde-de-dresde-abre-de-nuevo-tras-robo-de-joyas\\\/\",\"name\":\"La hist\\u00f3rica B\\u00f3veda Verde de Dresde abre de nuevo tras robo de joyas | El Digital de Asturias\",\"description\":\"Dresde (Alemania), 29 may (dpa) - La c\\u00e1mara del tesoro de la B\\u00f3veda Verde del Palacio de Dresde volver\\u00e1 a abrir sus puertas este s\\u00e1bado, seis meses despu\\u00e9s de que fuese objeto de un millonario robo de joyas, inform\\u00f3 hoy la entidad Colecciones Estatales de Arte (SKD, por su siglas en alem\\u00e1n). Asimismo, la C\\u00e1mara\",\"inLanguage\":\"es-ES\",\"isPartOf\":{\"@id\":\"https:\\\/\\\/eldigitaldeasturias.com\\\/radio\\\/#website\"},\"breadcrumb\":{\"@id\":\"https:\\\/\\\/eldigitaldeasturias.com\\\/radio\\\/la-historica-boveda-verde-de-dresde-abre-de-nuevo-tras-robo-de-joyas\\\/#breadcrumblist\"},\"author\":{\"@id\":\"https:\\\/\\\/eldigitaldeasturias.com\\\/radio\\\/author\\\/nbasturias\\\/#author\"},\"creator\":{\"@id\":\"https:\\\/\\\/eldigitaldeasturias.com\\\/radio\\\/author\\\/nbasturias\\\/#author\"},\"image\":{\"@type\":\"ImageObject\",\"url\":\"https:\\\/\\\/eldigitaldeasturias.com\\\/radio\\\/wp-content\\\/uploads\\\/2018\\\/10\\\/technology-785742_960_720.jpg\",\"@id\":\"https:\\\/\\\/eldigitaldeasturias.com\\\/radio\\\/la-historica-boveda-verde-de-dresde-abre-de-nuevo-tras-robo-de-joyas\\\/#mainImage\",\"width\":960,\"height\":640},\"primaryImageOfPage\":{\"@id\":\"https:\\\/\\\/eldigitaldeasturias.com\\\/radio\\\/la-historica-boveda-verde-de-dresde-abre-de-nuevo-tras-robo-de-joyas\\\/#mainImage\"},\"datePublished\":\"2020-05-29T17:10:00+02:00\",\"dateModified\":\"2020-05-29T17:10:00+02:00\"},{\"@type\":\"WebSite\",\"@id\":\"https:\\\/\\\/eldigitaldeasturias.com\\\/radio\\\/#website\",\"url\":\"https:\\\/\\\/eldigitaldeasturias.com\\\/radio\\\/\",\"name\":\"El Digital de Asturias\",\"description\":\"Diario de informaci\\u00f3n y noticias\",\"inLanguage\":\"es-ES\",\"publisher\":{\"@id\":\"https:\\\/\\\/eldigitaldeasturias.com\\\/radio\\\/#organization\"}}]}\n\t\t<\/script>\n\t\t<!-- All in One SEO Pro -->\r\n\t\t<title>La hist\u00f3rica B\u00f3veda Verde de Dresde abre de nuevo tras robo de joyas | El Digital de Asturias<\/title>\n\n","aioseo_head_json":{"title":"La hist\u00f3rica B\u00f3veda Verde de Dresde abre de nuevo tras robo de joyas | El Digital de Asturias","description":"Dresde (Alemania), 29 may (dpa) - La c\u00e1mara del tesoro de la B\u00f3veda Verde del Palacio de Dresde volver\u00e1 a abrir sus puertas este s\u00e1bado, seis meses despu\u00e9s de que fuese objeto de un millonario robo de joyas, inform\u00f3 hoy la entidad Colecciones Estatales de Arte (SKD, por su siglas en alem\u00e1n). Asimismo, la C\u00e1mara","canonical_url":"https:\/\/eldigitaldeasturias.com\/radio\/la-historica-boveda-verde-de-dresde-abre-de-nuevo-tras-robo-de-joyas\/","robots":"max-image-preview:large","keywords":"noticias","webmasterTools":{"google-site-verification":"UA-38556648-1","miscellaneous":""},"schema":{"@context":"https:\/\/schema.org","@graph":[{"@type":"BreadcrumbList","@id":"https:\/\/eldigitaldeasturias.com\/radio\/la-historica-boveda-verde-de-dresde-abre-de-nuevo-tras-robo-de-joyas\/#breadcrumblist","itemListElement":[{"@type":"ListItem","@id":"https:\/\/eldigitaldeasturias.com\/radio#listItem","position":1,"name":"Inicio","item":"https:\/\/eldigitaldeasturias.com\/radio","nextItem":{"@type":"ListItem","@id":"https:\/\/eldigitaldeasturias.com\/radio\/category\/noticias\/#listItem","name":"Noticias"}},{"@type":"ListItem","@id":"https:\/\/eldigitaldeasturias.com\/radio\/category\/noticias\/#listItem","position":2,"name":"Noticias","item":"https:\/\/eldigitaldeasturias.com\/radio\/category\/noticias\/","nextItem":{"@type":"ListItem","@id":"https:\/\/eldigitaldeasturias.com\/radio\/la-historica-boveda-verde-de-dresde-abre-de-nuevo-tras-robo-de-joyas\/#listItem","name":"La hist\u00f3rica B\u00f3veda Verde de Dresde abre de nuevo tras robo de joyas"},"previousItem":{"@type":"ListItem","@id":"https:\/\/eldigitaldeasturias.com\/radio#listItem","name":"Inicio"}},{"@type":"ListItem","@id":"https:\/\/eldigitaldeasturias.com\/radio\/la-historica-boveda-verde-de-dresde-abre-de-nuevo-tras-robo-de-joyas\/#listItem","position":3,"name":"La hist\u00f3rica B\u00f3veda Verde de Dresde abre de nuevo tras robo de joyas","previousItem":{"@type":"ListItem","@id":"https:\/\/eldigitaldeasturias.com\/radio\/category\/noticias\/#listItem","name":"Noticias"}}]},{"@type":"NewsArticle","@id":"https:\/\/eldigitaldeasturias.com\/radio\/la-historica-boveda-verde-de-dresde-abre-de-nuevo-tras-robo-de-joyas\/#newsarticle","name":"La hist\u00f3rica B\u00f3veda Verde de Dresde abre de nuevo tras robo de joyas | El Digital de Asturias","headline":"La hist\u00f3rica B\u00f3veda Verde de Dresde abre de nuevo tras robo de joyas","author":{"@id":"https:\/\/eldigitaldeasturias.com\/radio\/author\/nbasturias\/#author"},"publisher":{"@id":"https:\/\/eldigitaldeasturias.com\/radio\/#organization"},"image":{"@type":"ImageObject","url":"https:\/\/eldigitaldeasturias.com\/radio\/wp-content\/uploads\/2018\/10\/technology-785742_960_720.jpg","width":960,"height":640},"datePublished":"2020-05-29T17:10:00+02:00","dateModified":"2020-05-29T17:10:00+02:00","inLanguage":"es-ES","mainEntityOfPage":{"@id":"https:\/\/eldigitaldeasturias.com\/radio\/la-historica-boveda-verde-de-dresde-abre-de-nuevo-tras-robo-de-joyas\/#webpage"},"isPartOf":{"@id":"https:\/\/eldigitaldeasturias.com\/radio\/la-historica-boveda-verde-de-dresde-abre-de-nuevo-tras-robo-de-joyas\/#webpage"},"articleSection":"Noticias","dateline":"Publicado el mayo 29, 2020."},{"@type":"Organization","@id":"https:\/\/eldigitaldeasturias.com\/radio\/#organization","name":"El digital de Asturias Radio","description":"Diario de informaci\u00f3n y noticias","url":"https:\/\/eldigitaldeasturias.com\/radio\/","telephone":"+34652131393","logo":{"@type":"ImageObject","url":"https:\/\/www.eldigitaldeasturias.com\/radio\/wp-content\/uploads\/2021\/03\/EDA.jpg","@id":"https:\/\/eldigitaldeasturias.com\/radio\/la-historica-boveda-verde-de-dresde-abre-de-nuevo-tras-robo-de-joyas\/#organizationLogo"},"image":{"@id":"https:\/\/eldigitaldeasturias.com\/radio\/la-historica-boveda-verde-de-dresde-abre-de-nuevo-tras-robo-de-joyas\/#organizationLogo"},"sameAs":["https:\/\/www.facebook.com\/","https:\/\/x.com\/bercodi","https:\/\/www.instagram.com\/","https:\/\/www.youtube.com\/channel\/UCZP-2wLEB9Rv6erhFmqVnvg"]},{"@type":"Person","@id":"https:\/\/eldigitaldeasturias.com\/radio\/author\/nbasturias\/#author","url":"https:\/\/eldigitaldeasturias.com\/radio\/author\/nbasturias\/","name":"NBAsturias","image":{"@type":"ImageObject","@id":"https:\/\/eldigitaldeasturias.com\/radio\/la-historica-boveda-verde-de-dresde-abre-de-nuevo-tras-robo-de-joyas\/#authorImage","url":"https:\/\/secure.gravatar.com\/avatar\/df2aeffc32bcd13f8d26072ef8a91b623d677766deac7f97ca815868cd41bf5e?s=96&d=mm&r=g","width":96,"height":96,"caption":"NBAsturias"}},{"@type":"WebPage","@id":"https:\/\/eldigitaldeasturias.com\/radio\/la-historica-boveda-verde-de-dresde-abre-de-nuevo-tras-robo-de-joyas\/#webpage","url":"https:\/\/eldigitaldeasturias.com\/radio\/la-historica-boveda-verde-de-dresde-abre-de-nuevo-tras-robo-de-joyas\/","name":"La hist\u00f3rica B\u00f3veda Verde de Dresde abre de nuevo tras robo de joyas | El Digital de Asturias","description":"Dresde (Alemania), 29 may (dpa) - La c\u00e1mara del tesoro de la B\u00f3veda Verde del Palacio de Dresde volver\u00e1 a abrir sus puertas este s\u00e1bado, seis meses despu\u00e9s de que fuese objeto de un millonario robo de joyas, inform\u00f3 hoy la entidad Colecciones Estatales de Arte (SKD, por su siglas en alem\u00e1n). Asimismo, la C\u00e1mara","inLanguage":"es-ES","isPartOf":{"@id":"https:\/\/eldigitaldeasturias.com\/radio\/#website"},"breadcrumb":{"@id":"https:\/\/eldigitaldeasturias.com\/radio\/la-historica-boveda-verde-de-dresde-abre-de-nuevo-tras-robo-de-joyas\/#breadcrumblist"},"author":{"@id":"https:\/\/eldigitaldeasturias.com\/radio\/author\/nbasturias\/#author"},"creator":{"@id":"https:\/\/eldigitaldeasturias.com\/radio\/author\/nbasturias\/#author"},"image":{"@type":"ImageObject","url":"https:\/\/eldigitaldeasturias.com\/radio\/wp-content\/uploads\/2018\/10\/technology-785742_960_720.jpg","@id":"https:\/\/eldigitaldeasturias.com\/radio\/la-historica-boveda-verde-de-dresde-abre-de-nuevo-tras-robo-de-joyas\/#mainImage","width":960,"height":640},"primaryImageOfPage":{"@id":"https:\/\/eldigitaldeasturias.com\/radio\/la-historica-boveda-verde-de-dresde-abre-de-nuevo-tras-robo-de-joyas\/#mainImage"},"datePublished":"2020-05-29T17:10:00+02:00","dateModified":"2020-05-29T17:10:00+02:00"},{"@type":"WebSite","@id":"https:\/\/eldigitaldeasturias.com\/radio\/#website","url":"https:\/\/eldigitaldeasturias.com\/radio\/","name":"El Digital de Asturias","description":"Diario de informaci\u00f3n y noticias","inLanguage":"es-ES","publisher":{"@id":"https:\/\/eldigitaldeasturias.com\/radio\/#organization"}}]},"og:locale":"es_ES","og:site_name":"El Digital de Asturias | Diario de informaci\u00f3n y noticias","og:type":"article","og:title":"La hist\u00f3rica B\u00f3veda Verde de Dresde abre de nuevo tras robo de joyas | El Digital de Asturias","og:description":"Dresde (Alemania), 29 may (dpa) - La c\u00e1mara del tesoro de la B\u00f3veda Verde del Palacio de Dresde volver\u00e1 a abrir sus puertas este s\u00e1bado, seis meses despu\u00e9s de que fuese objeto de un millonario robo de joyas, inform\u00f3 hoy la entidad Colecciones Estatales de Arte (SKD, por su siglas en alem\u00e1n). Asimismo, la C\u00e1mara","og:url":"https:\/\/eldigitaldeasturias.com\/radio\/la-historica-boveda-verde-de-dresde-abre-de-nuevo-tras-robo-de-joyas\/","og:image":"https:\/\/eldigitaldeasturias.com\/radio\/wp-content\/uploads\/2018\/10\/technology-785742_960_720.jpg","og:image:secure_url":"https:\/\/eldigitaldeasturias.com\/radio\/wp-content\/uploads\/2018\/10\/technology-785742_960_720.jpg","og:image:width":960,"og:image:height":640,"article:published_time":"2020-05-29T17:10:00+00:00","article:modified_time":"2020-05-29T17:10:00+00:00","twitter:card":"summary_large_image","twitter:site":"@bercodi","twitter:title":"La hist\u00f3rica B\u00f3veda Verde de Dresde abre de nuevo tras robo de joyas | El Digital de Asturias","twitter:description":"Dresde (Alemania), 29 may (dpa) - La c\u00e1mara del tesoro de la B\u00f3veda Verde del Palacio de Dresde volver\u00e1 a abrir sus puertas este s\u00e1bado, seis meses despu\u00e9s de que fuese objeto de un millonario robo de joyas, inform\u00f3 hoy la entidad Colecciones Estatales de Arte (SKD, por su siglas en alem\u00e1n). Asimismo, la C\u00e1mara","twitter:creator":"@bercodi","twitter:image":"https:\/\/eldigitaldeasturias.com\/radio\/wp-content\/uploads\/2018\/10\/technology-785742_960_720.jpg"},"aioseo_meta_data":{"post_id":"4315","title":null,"description":null,"keywords":null,"keyphrases":null,"primary_term":null,"canonical_url":null,"og_title":null,"og_description":null,"og_object_type":"default","og_image_type":"default","og_image_url":null,"og_image_width":null,"og_image_height":null,"og_image_custom_url":null,"og_image_custom_fields":null,"og_video":null,"og_custom_url":null,"og_article_section":null,"og_article_tags":null,"twitter_use_og":false,"twitter_card":"default","twitter_image_type":"default","twitter_image_url":null,"twitter_image_custom_url":null,"twitter_image_custom_fields":null,"twitter_title":null,"twitter_description":null,"schema":{"blockGraphs":[],"customGraphs":[],"default":{"data":{"Article":[],"Course":[],"Dataset":[],"FAQPage":[],"Movie":[],"Person":[],"Product":[],"ProductReview":[],"Car":[],"Recipe":[],"Service":[],"SoftwareApplication":[],"WebPage":[]},"graphName":"","isEnabled":true},"graphs":[],"defaultGraph":"","defaultPostTypeGraph":""},"schema_type":null,"schema_type_options":null,"pillar_content":false,"robots_default":true,"robots_noindex":false,"robots_noarchive":false,"robots_nosnippet":false,"robots_nofollow":false,"robots_noimageindex":false,"robots_noodp":false,"robots_notranslate":false,"robots_max_snippet":null,"robots_max_videopreview":null,"robots_max_imagepreview":"large","priority":null,"frequency":null,"location":null,"local_seo":null,"seo_analyzer_scan_date":"2025-08-28 15:48:26","breadcrumb_settings":null,"limit_modified_date":false,"open_ai":null,"ai":null,"created":"2021-03-26 01:45:22","updated":"2025-08-28 15:48:26"},"aioseo_breadcrumb":"<div class=\"aioseo-breadcrumbs\"><span class=\"aioseo-breadcrumb\">\n\t<a href=\"https:\/\/eldigitaldeasturias.com\/radio\" title=\"Inicio\">Inicio<\/a>\n<\/span><span class=\"aioseo-breadcrumb-separator\">&ndash;<\/span><span class=\"aioseo-breadcrumb\">\n\t<a href=\"https:\/\/eldigitaldeasturias.com\/radio\/category\/noticias\/\" title=\"Noticias\">Noticias<\/a>\n<\/span><span class=\"aioseo-breadcrumb-separator\">&ndash;<\/span><span class=\"aioseo-breadcrumb\">\n\tLa hist\u00f3rica B\u00f3veda Verde de Dresde abre de nuevo tras robo de joyas\n<\/span><\/div>","aioseo_breadcrumb_json":[{"label":"Inicio","link":"https:\/\/eldigitaldeasturias.com\/radio"},{"label":"Noticias","link":"https:\/\/eldigitaldeasturias.com\/radio\/category\/noticias\/"},{"label":"La hist\u00f3rica B\u00f3veda Verde de Dresde abre de nuevo tras robo de joyas","link":"https:\/\/eldigitaldeasturias.com\/radio\/la-historica-boveda-verde-de-dresde-abre-de-nuevo-tras-robo-de-joyas\/"}],"_links":{"self":[{"href":"https:\/\/eldigitaldeasturias.com\/radio\/wp-json\/wp\/v2\/posts\/4315","targetHints":{"allow":["GET"]}}],"collection":[{"href":"https:\/\/eldigitaldeasturias.com\/radio\/wp-json\/wp\/v2\/posts"}],"about":[{"href":"https:\/\/eldigitaldeasturias.com\/radio\/wp-json\/wp\/v2\/types\/post"}],"author":[{"embeddable":true,"href":"https:\/\/eldigitaldeasturias.com\/radio\/wp-json\/wp\/v2\/users\/1"}],"replies":[{"embeddable":true,"href":"https:\/\/eldigitaldeasturias.com\/radio\/wp-json\/wp\/v2\/comments?post=4315"}],"version-history":[{"count":0,"href":"https:\/\/eldigitaldeasturias.com\/radio\/wp-json\/wp\/v2\/posts\/4315\/revisions"}],"wp:featuredmedia":[{"embeddable":true,"href":"https:\/\/eldigitaldeasturias.com\/radio\/wp-json\/wp\/v2\/media\/1352"}],"wp:attachment":[{"href":"https:\/\/eldigitaldeasturias.com\/radio\/wp-json\/wp\/v2\/media?parent=4315"}],"wp:term":[{"taxonomy":"category","embeddable":true,"href":"https:\/\/eldigitaldeasturias.com\/radio\/wp-json\/wp\/v2\/categories?post=4315"},{"taxonomy":"post_tag","embeddable":true,"href":"https:\/\/eldigitaldeasturias.com\/radio\/wp-json\/wp\/v2\/tags?post=4315"}],"curies":[{"name":"wp","href":"https:\/\/api.w.org\/{rel}","templated":true}]}}