{"id":4313,"date":"2020-05-29T17:09:21","date_gmt":"2020-05-29T17:09:21","guid":{"rendered":"http:\/\/www.eldigitaldeasturias.com\/radio\/?p=4313"},"modified":"2020-05-29T17:09:21","modified_gmt":"2020-05-29T17:09:21","slug":"comision-eu-defiende-condiciones-para-ayuda-estatal-a-lufthansa","status":"publish","type":"post","link":"https:\/\/eldigitaldeasturias.com\/radio\/comision-eu-defiende-condiciones-para-ayuda-estatal-a-lufthansa\/","title":{"rendered":"Comisi\u00f3n EU defiende condiciones para ayuda estatal a Lufthansa"},"content":{"rendered":"<p><img fetchpriority=\"high\" decoding=\"async\" class=\"alignleft size-medium wp-image-3274\" src=\"http:\/\/www.eldigitaldeasturias.com\/radio\/wp-content\/uploads\/2019\/10\/blue-1283011_960_720-360x252.jpg\" alt=\"\" width=\"360\" height=\"252\" srcset=\"https:\/\/eldigitaldeasturias.com\/radio\/wp-content\/uploads\/2019\/10\/blue-1283011_960_720-360x252.jpg 360w, https:\/\/eldigitaldeasturias.com\/radio\/wp-content\/uploads\/2019\/10\/blue-1283011_960_720-768x537.jpg 768w, https:\/\/eldigitaldeasturias.com\/radio\/wp-content\/uploads\/2019\/10\/blue-1283011_960_720.jpg 960w\" sizes=\"(max-width: 360px) 100vw, 360px\" \/>Bruselas, 29 may (dpa) &#8211; La Comisi\u00f3n de la Uni\u00f3n Europea (EU) defendi\u00f3 hoy su demanda de condiciones para el paquete de rescate de Lufthansa del Gobierno alem\u00e1n.<\/p>\n<p>Seg\u00fan dijo hoy desde Bruselas la vicepresidenta de la Comisi\u00f3n Europea, Margrethe Vestager, no se trata de crear obst\u00e1culos adicionales, sino de prevenir distorsiones de la competencia.<\/p>\n<p>\u00abEs de gran prioridad llegar a un acuerdo. Estamos en muy estrecho contacto, pero no puedo decir cu\u00e1ndo estaremos listos\u00bb, se\u00f1al\u00f3, aunque no dio detalles de las conversaciones en curso.<\/p>\n<p>Vestager subray\u00f3 que las condiciones son las mismas para todos y a\u00f1adi\u00f3 que todo Estado miembro que desee recapitalizar una empresa poderosa con m\u00e1s de 250 millones de euros (277,80 millones de d\u00f3lares) tendr\u00e1 que asegurar que se mantenga la igualdad de condiciones en el mercado interno.<\/p>\n<p>El plan de rescate de Lufthansa prev\u00e9 que el Fondo de Estabilizaci\u00f3n Econ\u00f3mica del Estado suscriba acciones en el curso de un aumento de capital para acumular una participaci\u00f3n del 20 por ciento en el capital social de la aerol\u00ednea.<\/p>\n<p>Adem\u00e1s, se prev\u00e9n participaciones sin voto por un total de hasta 5.700 millones de euros y un pr\u00e9stamo de hasta 3.000 millones de euros.<\/p>\n<p>La ayuda para Lufthansa es necesaria debido a que las restricciones de viaje por la pandemia de coronavirus paralizaron casi totalmente el negocio de la empresa, con la excepci\u00f3n de los vuelos de carga. Como resultado, decenas de miles de puestos de trabajo en el grupo, que emplea a unas 138.000 personas, est\u00e1n en peligro.<\/p>\n<p>El consejo de supervisi\u00f3n de Lufthansa a\u00fan no ha aprobado el paquete de rescate. La empresa cit\u00f3 las posibles condiciones que pueda imponer la Comisi\u00f3n de la UE como la raz\u00f3n para ello.<\/p>\n<p>Seg\u00fan informaciones de dpa, el Gobierno alem\u00e1n no espera un resultado en las negociaciones con la Comisi\u00f3n Europea hasta despu\u00e9s de Pentecost\u00e9s.<\/p>\n","protected":false},"excerpt":{"rendered":"<p>Bruselas, 29 may (dpa) &#8211; La Comisi\u00f3n de la Uni\u00f3n Europea (EU) defendi\u00f3 hoy su demanda de condiciones para el paquete de rescate de Lufthansa del Gobierno alem\u00e1n. Seg\u00fan dijo hoy desde Bruselas la vicepresidenta de la Comisi\u00f3n Europea, Margrethe Vestager, no se trata de crear obst\u00e1culos adicionales, sino de prevenir distorsiones de la competencia.<\/p>\n","protected":false},"author":1,"featured_media":3274,"comment_status":"closed","ping_status":"closed","sticky":false,"template":"","format":"standard","meta":{"footnotes":""},"categories":[1],"tags":[],"class_list":{"0":"post-4313","1":"post","2":"type-post","3":"status-publish","4":"format-standard","5":"has-post-thumbnail","7":"category-noticias"},"aioseo_notices":[],"aioseo_head":"\n\t\t<!-- All in One SEO Pro 4.9.6.2 - aioseo.com -->\n\t<meta name=\"description\" content=\"Bruselas, 29 may (dpa) - La Comisi\u00f3n de la Uni\u00f3n Europea (EU) defendi\u00f3 hoy su demanda de condiciones para el paquete de rescate de Lufthansa del Gobierno alem\u00e1n. Seg\u00fan dijo hoy desde Bruselas la vicepresidenta de la Comisi\u00f3n Europea, Margrethe Vestager, no se trata de crear obst\u00e1culos adicionales, sino de prevenir distorsiones de la competencia.\" \/>\n\t<meta name=\"robots\" content=\"max-image-preview:large\" \/>\n\t<meta name=\"author\" content=\"NBAsturias\"\/>\n\t<meta name=\"google-site-verification\" content=\"UA-38556648-1\" \/>\n\t<meta name=\"keywords\" content=\"noticias\" \/>\n\t<link rel=\"canonical\" href=\"https:\/\/eldigitaldeasturias.com\/radio\/comision-eu-defiende-condiciones-para-ayuda-estatal-a-lufthansa\/\" \/>\n\t<meta name=\"generator\" content=\"All in One SEO Pro (AIOSEO) 4.9.6.2\" \/>\n\t\t<meta property=\"og:locale\" content=\"es_ES\" \/>\n\t\t<meta property=\"og:site_name\" content=\"El Digital de Asturias | Diario de informaci\u00f3n y noticias\" \/>\n\t\t<meta property=\"og:type\" content=\"article\" \/>\n\t\t<meta property=\"og:title\" content=\"Comisi\u00f3n EU defiende condiciones para ayuda estatal a Lufthansa | El Digital de Asturias\" \/>\n\t\t<meta property=\"og:description\" content=\"Bruselas, 29 may (dpa) - La Comisi\u00f3n de la Uni\u00f3n Europea (EU) defendi\u00f3 hoy su demanda de condiciones para el paquete de rescate de Lufthansa del Gobierno alem\u00e1n. Seg\u00fan dijo hoy desde Bruselas la vicepresidenta de la Comisi\u00f3n Europea, Margrethe Vestager, no se trata de crear obst\u00e1culos adicionales, sino de prevenir distorsiones de la competencia.\" \/>\n\t\t<meta property=\"og:url\" content=\"https:\/\/eldigitaldeasturias.com\/radio\/comision-eu-defiende-condiciones-para-ayuda-estatal-a-lufthansa\/\" \/>\n\t\t<meta property=\"og:image\" content=\"https:\/\/eldigitaldeasturias.com\/radio\/wp-content\/uploads\/2019\/10\/blue-1283011_960_720.jpg\" \/>\n\t\t<meta property=\"og:image:secure_url\" content=\"https:\/\/eldigitaldeasturias.com\/radio\/wp-content\/uploads\/2019\/10\/blue-1283011_960_720.jpg\" \/>\n\t\t<meta property=\"og:image:width\" content=\"960\" \/>\n\t\t<meta property=\"og:image:height\" content=\"671\" \/>\n\t\t<meta property=\"article:published_time\" content=\"2020-05-29T17:09:21+00:00\" \/>\n\t\t<meta property=\"article:modified_time\" content=\"2020-05-29T17:09:21+00:00\" \/>\n\t\t<meta name=\"twitter:card\" content=\"summary_large_image\" \/>\n\t\t<meta name=\"twitter:site\" content=\"@bercodi\" \/>\n\t\t<meta name=\"twitter:title\" content=\"Comisi\u00f3n EU defiende condiciones para ayuda estatal a Lufthansa | El Digital de Asturias\" \/>\n\t\t<meta name=\"twitter:description\" content=\"Bruselas, 29 may (dpa) - La Comisi\u00f3n de la Uni\u00f3n Europea (EU) defendi\u00f3 hoy su demanda de condiciones para el paquete de rescate de Lufthansa del Gobierno alem\u00e1n. Seg\u00fan dijo hoy desde Bruselas la vicepresidenta de la Comisi\u00f3n Europea, Margrethe Vestager, no se trata de crear obst\u00e1culos adicionales, sino de prevenir distorsiones de la competencia.\" \/>\n\t\t<meta name=\"twitter:creator\" content=\"@bercodi\" \/>\n\t\t<meta name=\"twitter:image\" content=\"https:\/\/eldigitaldeasturias.com\/radio\/wp-content\/uploads\/2019\/10\/blue-1283011_960_720.jpg\" \/>\n\t\t<script type=\"application\/ld+json\" class=\"aioseo-schema\">\n\t\t\t{\"@context\":\"https:\\\/\\\/schema.org\",\"@graph\":[{\"@type\":\"BreadcrumbList\",\"@id\":\"https:\\\/\\\/eldigitaldeasturias.com\\\/radio\\\/comision-eu-defiende-condiciones-para-ayuda-estatal-a-lufthansa\\\/#breadcrumblist\",\"itemListElement\":[{\"@type\":\"ListItem\",\"@id\":\"https:\\\/\\\/eldigitaldeasturias.com\\\/radio#listItem\",\"position\":1,\"name\":\"Inicio\",\"item\":\"https:\\\/\\\/eldigitaldeasturias.com\\\/radio\",\"nextItem\":{\"@type\":\"ListItem\",\"@id\":\"https:\\\/\\\/eldigitaldeasturias.com\\\/radio\\\/category\\\/noticias\\\/#listItem\",\"name\":\"Noticias\"}},{\"@type\":\"ListItem\",\"@id\":\"https:\\\/\\\/eldigitaldeasturias.com\\\/radio\\\/category\\\/noticias\\\/#listItem\",\"position\":2,\"name\":\"Noticias\",\"item\":\"https:\\\/\\\/eldigitaldeasturias.com\\\/radio\\\/category\\\/noticias\\\/\",\"nextItem\":{\"@type\":\"ListItem\",\"@id\":\"https:\\\/\\\/eldigitaldeasturias.com\\\/radio\\\/comision-eu-defiende-condiciones-para-ayuda-estatal-a-lufthansa\\\/#listItem\",\"name\":\"Comisi\\u00f3n EU defiende condiciones para ayuda estatal a Lufthansa\"},\"previousItem\":{\"@type\":\"ListItem\",\"@id\":\"https:\\\/\\\/eldigitaldeasturias.com\\\/radio#listItem\",\"name\":\"Inicio\"}},{\"@type\":\"ListItem\",\"@id\":\"https:\\\/\\\/eldigitaldeasturias.com\\\/radio\\\/comision-eu-defiende-condiciones-para-ayuda-estatal-a-lufthansa\\\/#listItem\",\"position\":3,\"name\":\"Comisi\\u00f3n EU defiende condiciones para ayuda estatal a Lufthansa\",\"previousItem\":{\"@type\":\"ListItem\",\"@id\":\"https:\\\/\\\/eldigitaldeasturias.com\\\/radio\\\/category\\\/noticias\\\/#listItem\",\"name\":\"Noticias\"}}]},{\"@type\":\"NewsArticle\",\"@id\":\"https:\\\/\\\/eldigitaldeasturias.com\\\/radio\\\/comision-eu-defiende-condiciones-para-ayuda-estatal-a-lufthansa\\\/#newsarticle\",\"name\":\"Comisi\\u00f3n EU defiende condiciones para ayuda estatal a Lufthansa | El Digital de Asturias\",\"headline\":\"Comisi\\u00f3n EU defiende condiciones para ayuda estatal a Lufthansa\",\"author\":{\"@id\":\"https:\\\/\\\/eldigitaldeasturias.com\\\/radio\\\/author\\\/nbasturias\\\/#author\"},\"publisher\":{\"@id\":\"https:\\\/\\\/eldigitaldeasturias.com\\\/radio\\\/#organization\"},\"image\":{\"@type\":\"ImageObject\",\"url\":\"https:\\\/\\\/eldigitaldeasturias.com\\\/radio\\\/wp-content\\\/uploads\\\/2019\\\/10\\\/blue-1283011_960_720.jpg\",\"width\":960,\"height\":671,\"caption\":\"UE\"},\"datePublished\":\"2020-05-29T17:09:21+02:00\",\"dateModified\":\"2020-05-29T17:09:21+02:00\",\"inLanguage\":\"es-ES\",\"mainEntityOfPage\":{\"@id\":\"https:\\\/\\\/eldigitaldeasturias.com\\\/radio\\\/comision-eu-defiende-condiciones-para-ayuda-estatal-a-lufthansa\\\/#webpage\"},\"isPartOf\":{\"@id\":\"https:\\\/\\\/eldigitaldeasturias.com\\\/radio\\\/comision-eu-defiende-condiciones-para-ayuda-estatal-a-lufthansa\\\/#webpage\"},\"articleSection\":\"Noticias\",\"dateline\":\"Publicado el mayo 29, 2020.\"},{\"@type\":\"Organization\",\"@id\":\"https:\\\/\\\/eldigitaldeasturias.com\\\/radio\\\/#organization\",\"name\":\"El digital de Asturias Radio\",\"description\":\"Diario de informaci\\u00f3n y noticias\",\"url\":\"https:\\\/\\\/eldigitaldeasturias.com\\\/radio\\\/\",\"telephone\":\"+34652131393\",\"logo\":{\"@type\":\"ImageObject\",\"url\":\"https:\\\/\\\/www.eldigitaldeasturias.com\\\/radio\\\/wp-content\\\/uploads\\\/2021\\\/03\\\/EDA.jpg\",\"@id\":\"https:\\\/\\\/eldigitaldeasturias.com\\\/radio\\\/comision-eu-defiende-condiciones-para-ayuda-estatal-a-lufthansa\\\/#organizationLogo\"},\"image\":{\"@id\":\"https:\\\/\\\/eldigitaldeasturias.com\\\/radio\\\/comision-eu-defiende-condiciones-para-ayuda-estatal-a-lufthansa\\\/#organizationLogo\"},\"sameAs\":[\"https:\\\/\\\/www.facebook.com\\\/\",\"https:\\\/\\\/x.com\\\/bercodi\",\"https:\\\/\\\/www.instagram.com\\\/\",\"https:\\\/\\\/www.youtube.com\\\/channel\\\/UCZP-2wLEB9Rv6erhFmqVnvg\"]},{\"@type\":\"Person\",\"@id\":\"https:\\\/\\\/eldigitaldeasturias.com\\\/radio\\\/author\\\/nbasturias\\\/#author\",\"url\":\"https:\\\/\\\/eldigitaldeasturias.com\\\/radio\\\/author\\\/nbasturias\\\/\",\"name\":\"NBAsturias\",\"image\":{\"@type\":\"ImageObject\",\"@id\":\"https:\\\/\\\/eldigitaldeasturias.com\\\/radio\\\/comision-eu-defiende-condiciones-para-ayuda-estatal-a-lufthansa\\\/#authorImage\",\"url\":\"https:\\\/\\\/secure.gravatar.com\\\/avatar\\\/df2aeffc32bcd13f8d26072ef8a91b623d677766deac7f97ca815868cd41bf5e?s=96&d=mm&r=g\",\"width\":96,\"height\":96,\"caption\":\"NBAsturias\"}},{\"@type\":\"WebPage\",\"@id\":\"https:\\\/\\\/eldigitaldeasturias.com\\\/radio\\\/comision-eu-defiende-condiciones-para-ayuda-estatal-a-lufthansa\\\/#webpage\",\"url\":\"https:\\\/\\\/eldigitaldeasturias.com\\\/radio\\\/comision-eu-defiende-condiciones-para-ayuda-estatal-a-lufthansa\\\/\",\"name\":\"Comisi\\u00f3n EU defiende condiciones para ayuda estatal a Lufthansa | El Digital de Asturias\",\"description\":\"Bruselas, 29 may (dpa) - La Comisi\\u00f3n de la Uni\\u00f3n Europea (EU) defendi\\u00f3 hoy su demanda de condiciones para el paquete de rescate de Lufthansa del Gobierno alem\\u00e1n. Seg\\u00fan dijo hoy desde Bruselas la vicepresidenta de la Comisi\\u00f3n Europea, Margrethe Vestager, no se trata de crear obst\\u00e1culos adicionales, sino de prevenir distorsiones de la competencia.\",\"inLanguage\":\"es-ES\",\"isPartOf\":{\"@id\":\"https:\\\/\\\/eldigitaldeasturias.com\\\/radio\\\/#website\"},\"breadcrumb\":{\"@id\":\"https:\\\/\\\/eldigitaldeasturias.com\\\/radio\\\/comision-eu-defiende-condiciones-para-ayuda-estatal-a-lufthansa\\\/#breadcrumblist\"},\"author\":{\"@id\":\"https:\\\/\\\/eldigitaldeasturias.com\\\/radio\\\/author\\\/nbasturias\\\/#author\"},\"creator\":{\"@id\":\"https:\\\/\\\/eldigitaldeasturias.com\\\/radio\\\/author\\\/nbasturias\\\/#author\"},\"image\":{\"@type\":\"ImageObject\",\"url\":\"https:\\\/\\\/eldigitaldeasturias.com\\\/radio\\\/wp-content\\\/uploads\\\/2019\\\/10\\\/blue-1283011_960_720.jpg\",\"@id\":\"https:\\\/\\\/eldigitaldeasturias.com\\\/radio\\\/comision-eu-defiende-condiciones-para-ayuda-estatal-a-lufthansa\\\/#mainImage\",\"width\":960,\"height\":671,\"caption\":\"UE\"},\"primaryImageOfPage\":{\"@id\":\"https:\\\/\\\/eldigitaldeasturias.com\\\/radio\\\/comision-eu-defiende-condiciones-para-ayuda-estatal-a-lufthansa\\\/#mainImage\"},\"datePublished\":\"2020-05-29T17:09:21+02:00\",\"dateModified\":\"2020-05-29T17:09:21+02:00\"},{\"@type\":\"WebSite\",\"@id\":\"https:\\\/\\\/eldigitaldeasturias.com\\\/radio\\\/#website\",\"url\":\"https:\\\/\\\/eldigitaldeasturias.com\\\/radio\\\/\",\"name\":\"El Digital de Asturias\",\"description\":\"Diario de informaci\\u00f3n y noticias\",\"inLanguage\":\"es-ES\",\"publisher\":{\"@id\":\"https:\\\/\\\/eldigitaldeasturias.com\\\/radio\\\/#organization\"}}]}\n\t\t<\/script>\n\t\t<!-- All in One SEO Pro -->\r\n\t\t<title>Comisi\u00f3n EU defiende condiciones para ayuda estatal a Lufthansa | El Digital de Asturias<\/title>\n\n","aioseo_head_json":{"title":"Comisi\u00f3n EU defiende condiciones para ayuda estatal a Lufthansa | El Digital de Asturias","description":"Bruselas, 29 may (dpa) - La Comisi\u00f3n de la Uni\u00f3n Europea (EU) defendi\u00f3 hoy su demanda de condiciones para el paquete de rescate de Lufthansa del Gobierno alem\u00e1n. Seg\u00fan dijo hoy desde Bruselas la vicepresidenta de la Comisi\u00f3n Europea, Margrethe Vestager, no se trata de crear obst\u00e1culos adicionales, sino de prevenir distorsiones de la competencia.","canonical_url":"https:\/\/eldigitaldeasturias.com\/radio\/comision-eu-defiende-condiciones-para-ayuda-estatal-a-lufthansa\/","robots":"max-image-preview:large","keywords":"noticias","webmasterTools":{"google-site-verification":"UA-38556648-1","miscellaneous":""},"schema":{"@context":"https:\/\/schema.org","@graph":[{"@type":"BreadcrumbList","@id":"https:\/\/eldigitaldeasturias.com\/radio\/comision-eu-defiende-condiciones-para-ayuda-estatal-a-lufthansa\/#breadcrumblist","itemListElement":[{"@type":"ListItem","@id":"https:\/\/eldigitaldeasturias.com\/radio#listItem","position":1,"name":"Inicio","item":"https:\/\/eldigitaldeasturias.com\/radio","nextItem":{"@type":"ListItem","@id":"https:\/\/eldigitaldeasturias.com\/radio\/category\/noticias\/#listItem","name":"Noticias"}},{"@type":"ListItem","@id":"https:\/\/eldigitaldeasturias.com\/radio\/category\/noticias\/#listItem","position":2,"name":"Noticias","item":"https:\/\/eldigitaldeasturias.com\/radio\/category\/noticias\/","nextItem":{"@type":"ListItem","@id":"https:\/\/eldigitaldeasturias.com\/radio\/comision-eu-defiende-condiciones-para-ayuda-estatal-a-lufthansa\/#listItem","name":"Comisi\u00f3n EU defiende condiciones para ayuda estatal a Lufthansa"},"previousItem":{"@type":"ListItem","@id":"https:\/\/eldigitaldeasturias.com\/radio#listItem","name":"Inicio"}},{"@type":"ListItem","@id":"https:\/\/eldigitaldeasturias.com\/radio\/comision-eu-defiende-condiciones-para-ayuda-estatal-a-lufthansa\/#listItem","position":3,"name":"Comisi\u00f3n EU defiende condiciones para ayuda estatal a Lufthansa","previousItem":{"@type":"ListItem","@id":"https:\/\/eldigitaldeasturias.com\/radio\/category\/noticias\/#listItem","name":"Noticias"}}]},{"@type":"NewsArticle","@id":"https:\/\/eldigitaldeasturias.com\/radio\/comision-eu-defiende-condiciones-para-ayuda-estatal-a-lufthansa\/#newsarticle","name":"Comisi\u00f3n EU defiende condiciones para ayuda estatal a Lufthansa | El Digital de Asturias","headline":"Comisi\u00f3n EU defiende condiciones para ayuda estatal a Lufthansa","author":{"@id":"https:\/\/eldigitaldeasturias.com\/radio\/author\/nbasturias\/#author"},"publisher":{"@id":"https:\/\/eldigitaldeasturias.com\/radio\/#organization"},"image":{"@type":"ImageObject","url":"https:\/\/eldigitaldeasturias.com\/radio\/wp-content\/uploads\/2019\/10\/blue-1283011_960_720.jpg","width":960,"height":671,"caption":"UE"},"datePublished":"2020-05-29T17:09:21+02:00","dateModified":"2020-05-29T17:09:21+02:00","inLanguage":"es-ES","mainEntityOfPage":{"@id":"https:\/\/eldigitaldeasturias.com\/radio\/comision-eu-defiende-condiciones-para-ayuda-estatal-a-lufthansa\/#webpage"},"isPartOf":{"@id":"https:\/\/eldigitaldeasturias.com\/radio\/comision-eu-defiende-condiciones-para-ayuda-estatal-a-lufthansa\/#webpage"},"articleSection":"Noticias","dateline":"Publicado el mayo 29, 2020."},{"@type":"Organization","@id":"https:\/\/eldigitaldeasturias.com\/radio\/#organization","name":"El digital de Asturias Radio","description":"Diario de informaci\u00f3n y noticias","url":"https:\/\/eldigitaldeasturias.com\/radio\/","telephone":"+34652131393","logo":{"@type":"ImageObject","url":"https:\/\/www.eldigitaldeasturias.com\/radio\/wp-content\/uploads\/2021\/03\/EDA.jpg","@id":"https:\/\/eldigitaldeasturias.com\/radio\/comision-eu-defiende-condiciones-para-ayuda-estatal-a-lufthansa\/#organizationLogo"},"image":{"@id":"https:\/\/eldigitaldeasturias.com\/radio\/comision-eu-defiende-condiciones-para-ayuda-estatal-a-lufthansa\/#organizationLogo"},"sameAs":["https:\/\/www.facebook.com\/","https:\/\/x.com\/bercodi","https:\/\/www.instagram.com\/","https:\/\/www.youtube.com\/channel\/UCZP-2wLEB9Rv6erhFmqVnvg"]},{"@type":"Person","@id":"https:\/\/eldigitaldeasturias.com\/radio\/author\/nbasturias\/#author","url":"https:\/\/eldigitaldeasturias.com\/radio\/author\/nbasturias\/","name":"NBAsturias","image":{"@type":"ImageObject","@id":"https:\/\/eldigitaldeasturias.com\/radio\/comision-eu-defiende-condiciones-para-ayuda-estatal-a-lufthansa\/#authorImage","url":"https:\/\/secure.gravatar.com\/avatar\/df2aeffc32bcd13f8d26072ef8a91b623d677766deac7f97ca815868cd41bf5e?s=96&d=mm&r=g","width":96,"height":96,"caption":"NBAsturias"}},{"@type":"WebPage","@id":"https:\/\/eldigitaldeasturias.com\/radio\/comision-eu-defiende-condiciones-para-ayuda-estatal-a-lufthansa\/#webpage","url":"https:\/\/eldigitaldeasturias.com\/radio\/comision-eu-defiende-condiciones-para-ayuda-estatal-a-lufthansa\/","name":"Comisi\u00f3n EU defiende condiciones para ayuda estatal a Lufthansa | El Digital de Asturias","description":"Bruselas, 29 may (dpa) - La Comisi\u00f3n de la Uni\u00f3n Europea (EU) defendi\u00f3 hoy su demanda de condiciones para el paquete de rescate de Lufthansa del Gobierno alem\u00e1n. Seg\u00fan dijo hoy desde Bruselas la vicepresidenta de la Comisi\u00f3n Europea, Margrethe Vestager, no se trata de crear obst\u00e1culos adicionales, sino de prevenir distorsiones de la competencia.","inLanguage":"es-ES","isPartOf":{"@id":"https:\/\/eldigitaldeasturias.com\/radio\/#website"},"breadcrumb":{"@id":"https:\/\/eldigitaldeasturias.com\/radio\/comision-eu-defiende-condiciones-para-ayuda-estatal-a-lufthansa\/#breadcrumblist"},"author":{"@id":"https:\/\/eldigitaldeasturias.com\/radio\/author\/nbasturias\/#author"},"creator":{"@id":"https:\/\/eldigitaldeasturias.com\/radio\/author\/nbasturias\/#author"},"image":{"@type":"ImageObject","url":"https:\/\/eldigitaldeasturias.com\/radio\/wp-content\/uploads\/2019\/10\/blue-1283011_960_720.jpg","@id":"https:\/\/eldigitaldeasturias.com\/radio\/comision-eu-defiende-condiciones-para-ayuda-estatal-a-lufthansa\/#mainImage","width":960,"height":671,"caption":"UE"},"primaryImageOfPage":{"@id":"https:\/\/eldigitaldeasturias.com\/radio\/comision-eu-defiende-condiciones-para-ayuda-estatal-a-lufthansa\/#mainImage"},"datePublished":"2020-05-29T17:09:21+02:00","dateModified":"2020-05-29T17:09:21+02:00"},{"@type":"WebSite","@id":"https:\/\/eldigitaldeasturias.com\/radio\/#website","url":"https:\/\/eldigitaldeasturias.com\/radio\/","name":"El Digital de Asturias","description":"Diario de informaci\u00f3n y noticias","inLanguage":"es-ES","publisher":{"@id":"https:\/\/eldigitaldeasturias.com\/radio\/#organization"}}]},"og:locale":"es_ES","og:site_name":"El Digital de Asturias | Diario de informaci\u00f3n y noticias","og:type":"article","og:title":"Comisi\u00f3n EU defiende condiciones para ayuda estatal a Lufthansa | El Digital de Asturias","og:description":"Bruselas, 29 may (dpa) - La Comisi\u00f3n de la Uni\u00f3n Europea (EU) defendi\u00f3 hoy su demanda de condiciones para el paquete de rescate de Lufthansa del Gobierno alem\u00e1n. Seg\u00fan dijo hoy desde Bruselas la vicepresidenta de la Comisi\u00f3n Europea, Margrethe Vestager, no se trata de crear obst\u00e1culos adicionales, sino de prevenir distorsiones de la competencia.","og:url":"https:\/\/eldigitaldeasturias.com\/radio\/comision-eu-defiende-condiciones-para-ayuda-estatal-a-lufthansa\/","og:image":"https:\/\/eldigitaldeasturias.com\/radio\/wp-content\/uploads\/2019\/10\/blue-1283011_960_720.jpg","og:image:secure_url":"https:\/\/eldigitaldeasturias.com\/radio\/wp-content\/uploads\/2019\/10\/blue-1283011_960_720.jpg","og:image:width":960,"og:image:height":671,"article:published_time":"2020-05-29T17:09:21+00:00","article:modified_time":"2020-05-29T17:09:21+00:00","twitter:card":"summary_large_image","twitter:site":"@bercodi","twitter:title":"Comisi\u00f3n EU defiende condiciones para ayuda estatal a Lufthansa | El Digital de Asturias","twitter:description":"Bruselas, 29 may (dpa) - La Comisi\u00f3n de la Uni\u00f3n Europea (EU) defendi\u00f3 hoy su demanda de condiciones para el paquete de rescate de Lufthansa del Gobierno alem\u00e1n. Seg\u00fan dijo hoy desde Bruselas la vicepresidenta de la Comisi\u00f3n Europea, Margrethe Vestager, no se trata de crear obst\u00e1culos adicionales, sino de prevenir distorsiones de la competencia.","twitter:creator":"@bercodi","twitter:image":"https:\/\/eldigitaldeasturias.com\/radio\/wp-content\/uploads\/2019\/10\/blue-1283011_960_720.jpg"},"aioseo_meta_data":{"post_id":"4313","title":null,"description":null,"keywords":null,"keyphrases":null,"primary_term":null,"canonical_url":null,"og_title":null,"og_description":null,"og_object_type":"default","og_image_type":"default","og_image_url":null,"og_image_width":null,"og_image_height":null,"og_image_custom_url":null,"og_image_custom_fields":null,"og_video":null,"og_custom_url":null,"og_article_section":null,"og_article_tags":null,"twitter_use_og":false,"twitter_card":"default","twitter_image_type":"default","twitter_image_url":null,"twitter_image_custom_url":null,"twitter_image_custom_fields":null,"twitter_title":null,"twitter_description":null,"schema":{"blockGraphs":[],"customGraphs":[],"default":{"data":{"Article":[],"Course":[],"Dataset":[],"FAQPage":[],"Movie":[],"Person":[],"Product":[],"ProductReview":[],"Car":[],"Recipe":[],"Service":[],"SoftwareApplication":[],"WebPage":[]},"graphName":"","isEnabled":true},"graphs":[],"defaultGraph":"","defaultPostTypeGraph":""},"schema_type":null,"schema_type_options":null,"pillar_content":false,"robots_default":true,"robots_noindex":false,"robots_noarchive":false,"robots_nosnippet":false,"robots_nofollow":false,"robots_noimageindex":false,"robots_noodp":false,"robots_notranslate":false,"robots_max_snippet":null,"robots_max_videopreview":null,"robots_max_imagepreview":"large","priority":null,"frequency":null,"location":null,"local_seo":null,"seo_analyzer_scan_date":"2025-08-28 15:48:25","breadcrumb_settings":null,"limit_modified_date":false,"open_ai":null,"ai":null,"created":"2021-03-26 01:45:22","updated":"2025-08-28 15:48:25"},"aioseo_breadcrumb":"<div class=\"aioseo-breadcrumbs\"><span class=\"aioseo-breadcrumb\">\n\t<a href=\"https:\/\/eldigitaldeasturias.com\/radio\" title=\"Inicio\">Inicio<\/a>\n<\/span><span class=\"aioseo-breadcrumb-separator\">&ndash;<\/span><span class=\"aioseo-breadcrumb\">\n\t<a href=\"https:\/\/eldigitaldeasturias.com\/radio\/category\/noticias\/\" title=\"Noticias\">Noticias<\/a>\n<\/span><span class=\"aioseo-breadcrumb-separator\">&ndash;<\/span><span class=\"aioseo-breadcrumb\">\n\tComisi\u00f3n EU defiende condiciones para ayuda estatal a Lufthansa\n<\/span><\/div>","aioseo_breadcrumb_json":[{"label":"Inicio","link":"https:\/\/eldigitaldeasturias.com\/radio"},{"label":"Noticias","link":"https:\/\/eldigitaldeasturias.com\/radio\/category\/noticias\/"},{"label":"Comisi\u00f3n EU defiende condiciones para ayuda estatal a Lufthansa","link":"https:\/\/eldigitaldeasturias.com\/radio\/comision-eu-defiende-condiciones-para-ayuda-estatal-a-lufthansa\/"}],"_links":{"self":[{"href":"https:\/\/eldigitaldeasturias.com\/radio\/wp-json\/wp\/v2\/posts\/4313","targetHints":{"allow":["GET"]}}],"collection":[{"href":"https:\/\/eldigitaldeasturias.com\/radio\/wp-json\/wp\/v2\/posts"}],"about":[{"href":"https:\/\/eldigitaldeasturias.com\/radio\/wp-json\/wp\/v2\/types\/post"}],"author":[{"embeddable":true,"href":"https:\/\/eldigitaldeasturias.com\/radio\/wp-json\/wp\/v2\/users\/1"}],"replies":[{"embeddable":true,"href":"https:\/\/eldigitaldeasturias.com\/radio\/wp-json\/wp\/v2\/comments?post=4313"}],"version-history":[{"count":0,"href":"https:\/\/eldigitaldeasturias.com\/radio\/wp-json\/wp\/v2\/posts\/4313\/revisions"}],"wp:featuredmedia":[{"embeddable":true,"href":"https:\/\/eldigitaldeasturias.com\/radio\/wp-json\/wp\/v2\/media\/3274"}],"wp:attachment":[{"href":"https:\/\/eldigitaldeasturias.com\/radio\/wp-json\/wp\/v2\/media?parent=4313"}],"wp:term":[{"taxonomy":"category","embeddable":true,"href":"https:\/\/eldigitaldeasturias.com\/radio\/wp-json\/wp\/v2\/categories?post=4313"},{"taxonomy":"post_tag","embeddable":true,"href":"https:\/\/eldigitaldeasturias.com\/radio\/wp-json\/wp\/v2\/tags?post=4313"}],"curies":[{"name":"wp","href":"https:\/\/api.w.org\/{rel}","templated":true}]}}