{"id":4307,"date":"2020-05-29T09:59:12","date_gmt":"2020-05-29T09:59:12","guid":{"rendered":"http:\/\/www.eldigitaldeasturias.com\/radio\/?p=4307"},"modified":"2020-05-29T09:59:12","modified_gmt":"2020-05-29T09:59:12","slug":"los-premios-del-cercle-estrenan-nueva-edicion","status":"publish","type":"post","link":"https:\/\/eldigitaldeasturias.com\/radio\/los-premios-del-cercle-estrenan-nueva-edicion\/","title":{"rendered":"Los Premios del Cercle estrenan nueva edici\u00f3n"},"content":{"rendered":"<p><img fetchpriority=\"high\" decoding=\"async\" class=\"alignleft size-medium wp-image-4308\" src=\"http:\/\/www.eldigitaldeasturias.com\/radio\/wp-content\/uploads\/2020\/05\/Premios-cercle-312x300.jpg\" alt=\"\" width=\"312\" height=\"300\" srcset=\"https:\/\/eldigitaldeasturias.com\/radio\/wp-content\/uploads\/2020\/05\/Premios-cercle-312x300.jpg 312w, https:\/\/eldigitaldeasturias.com\/radio\/wp-content\/uploads\/2020\/05\/Premios-cercle.jpg 530w\" sizes=\"(max-width: 312px) 100vw, 312px\" \/>El Cercle d\u2019Economia de Mallorca ha iniciado el plazo de inscripci\u00f3n a los Premis del Cercle 2020. A partir de esta ma\u00f1ana los emprendedores de las islas puedan presentar sus candidaturas para llevarse un galard\u00f3n valorado en 6.000 euros y el alta como socio colaborador del Cercle durante un a\u00f1o, adem\u00e1s de tener la oportunidad de asistir a la Comisi\u00f3n de Innovaci\u00f3n de la instituci\u00f3n durante este periodo de tiempo.<\/p>\n<p>En un a\u00f1o complicado para la sociedad espa\u00f1ola y concretamente para Baleares por la crisis del COVID-19. Desde el Cercle se ha tomado la decisi\u00f3n de seguir apostando por el reconocimiento del esfuerzo y el apoyo a iniciativas innovadoras de emprendedores de las islas.<\/p>\n<p>Ideas dedicadas a mejorar las condiciones de vida y de salud de las personas o ideas que contribuyan a la sostenibilidad medioambiental. Propuestas y proyectos dirigidos al favorecimiento de la calidad de vida de las personas en especial personas discapacitadas, gente mayor y\/o dependiente o que contribuyan al bienestar de nuestro ecosistema.<\/p>\n<p>Anualmente el Cercle premia a los responsables de proyectos que encajan con las causas y la misi\u00f3n de la entidad. El Cercle adem\u00e1s cuenta con la colaboraci\u00f3n de numerosas empresas y socios que favorecer\u00e1n a la integraci\u00f3n y crecimiento de dicho galardonado.<\/p>\n<p>Estos premios son una apuesta por la innovaci\u00f3n y el progreso social de nuestra comunidad. Desde su primera convocatoria hasta hoy son muchas las iniciativas que se han beneficiados de las ventajas que ofrecen los premios del Cercle. Cl\u00ednica Humana, Trustin, Down Hostel, La Mano Lectora y Sonrisa M\u00e9dica han sido los premiados de las ediciones anteriores.<\/p>\n<p>Los emprendedores interesados tendr\u00e1n hasta el 29 de junio para presentar sus proyectos e intentar llevarse el premio social del Cercle. La inscripci\u00f3n puede realizarse a trav\u00e9s de la p\u00e1gina web del Cercle, en el apartado \u201cPremios Cercle\u201d. El 23 de Julio se entregar\u00e1 el premio en nuestra Asamblea General de la entidad.<\/p>\n","protected":false},"excerpt":{"rendered":"<p>El Cercle d\u2019Economia de Mallorca ha iniciado el plazo de inscripci\u00f3n a los Premis del Cercle 2020. A partir de esta ma\u00f1ana los emprendedores de las islas puedan presentar sus candidaturas para llevarse un galard\u00f3n valorado en 6.000 euros y el alta como socio colaborador del Cercle durante un a\u00f1o, adem\u00e1s de tener la oportunidad<\/p>\n","protected":false},"author":1,"featured_media":4308,"comment_status":"closed","ping_status":"closed","sticky":false,"template":"","format":"standard","meta":{"footnotes":""},"categories":[1],"tags":[],"class_list":{"0":"post-4307","1":"post","2":"type-post","3":"status-publish","4":"format-standard","5":"has-post-thumbnail","7":"category-noticias"},"aioseo_notices":[],"aioseo_head":"\n\t\t<!-- All in One SEO Pro 4.9.6.2 - aioseo.com -->\n\t<meta name=\"description\" content=\"El Cercle d\u2019Economia de Mallorca ha iniciado el plazo de inscripci\u00f3n a los Premis del Cercle 2020. A partir de esta ma\u00f1ana los emprendedores de las islas puedan presentar sus candidaturas para llevarse un galard\u00f3n valorado en 6.000 euros y el alta como socio colaborador del Cercle durante un a\u00f1o, adem\u00e1s de tener la oportunidad\" \/>\n\t<meta name=\"robots\" content=\"max-image-preview:large\" \/>\n\t<meta name=\"author\" content=\"NBAsturias\"\/>\n\t<meta name=\"google-site-verification\" content=\"UA-38556648-1\" \/>\n\t<meta name=\"keywords\" content=\"noticias\" \/>\n\t<link rel=\"canonical\" href=\"https:\/\/eldigitaldeasturias.com\/radio\/los-premios-del-cercle-estrenan-nueva-edicion\/\" \/>\n\t<meta name=\"generator\" content=\"All in One SEO Pro (AIOSEO) 4.9.6.2\" \/>\n\t\t<meta property=\"og:locale\" content=\"es_ES\" \/>\n\t\t<meta property=\"og:site_name\" content=\"El Digital de Asturias | Diario de informaci\u00f3n y noticias\" \/>\n\t\t<meta property=\"og:type\" content=\"article\" \/>\n\t\t<meta property=\"og:title\" content=\"Los Premios del Cercle estrenan nueva edici\u00f3n | El Digital de Asturias\" \/>\n\t\t<meta property=\"og:description\" content=\"El Cercle d\u2019Economia de Mallorca ha iniciado el plazo de inscripci\u00f3n a los Premis del Cercle 2020. A partir de esta ma\u00f1ana los emprendedores de las islas puedan presentar sus candidaturas para llevarse un galard\u00f3n valorado en 6.000 euros y el alta como socio colaborador del Cercle durante un a\u00f1o, adem\u00e1s de tener la oportunidad\" \/>\n\t\t<meta property=\"og:url\" content=\"https:\/\/eldigitaldeasturias.com\/radio\/los-premios-del-cercle-estrenan-nueva-edicion\/\" \/>\n\t\t<meta property=\"og:image\" content=\"https:\/\/eldigitaldeasturias.com\/radio\/wp-content\/uploads\/2020\/05\/Premios-cercle.jpg\" \/>\n\t\t<meta property=\"og:image:secure_url\" content=\"https:\/\/eldigitaldeasturias.com\/radio\/wp-content\/uploads\/2020\/05\/Premios-cercle.jpg\" \/>\n\t\t<meta property=\"og:image:width\" content=\"530\" \/>\n\t\t<meta property=\"og:image:height\" content=\"509\" \/>\n\t\t<meta property=\"article:published_time\" content=\"2020-05-29T09:59:12+00:00\" \/>\n\t\t<meta property=\"article:modified_time\" content=\"2020-05-29T09:59:12+00:00\" \/>\n\t\t<meta name=\"twitter:card\" content=\"summary_large_image\" \/>\n\t\t<meta name=\"twitter:site\" content=\"@bercodi\" \/>\n\t\t<meta name=\"twitter:title\" content=\"Los Premios del Cercle estrenan nueva edici\u00f3n | El Digital de Asturias\" \/>\n\t\t<meta name=\"twitter:description\" content=\"El Cercle d\u2019Economia de Mallorca ha iniciado el plazo de inscripci\u00f3n a los Premis del Cercle 2020. A partir de esta ma\u00f1ana los emprendedores de las islas puedan presentar sus candidaturas para llevarse un galard\u00f3n valorado en 6.000 euros y el alta como socio colaborador del Cercle durante un a\u00f1o, adem\u00e1s de tener la oportunidad\" \/>\n\t\t<meta name=\"twitter:creator\" content=\"@bercodi\" \/>\n\t\t<meta name=\"twitter:image\" content=\"https:\/\/eldigitaldeasturias.com\/radio\/wp-content\/uploads\/2020\/05\/Premios-cercle.jpg\" \/>\n\t\t<script type=\"application\/ld+json\" class=\"aioseo-schema\">\n\t\t\t{\"@context\":\"https:\\\/\\\/schema.org\",\"@graph\":[{\"@type\":\"BreadcrumbList\",\"@id\":\"https:\\\/\\\/eldigitaldeasturias.com\\\/radio\\\/los-premios-del-cercle-estrenan-nueva-edicion\\\/#breadcrumblist\",\"itemListElement\":[{\"@type\":\"ListItem\",\"@id\":\"https:\\\/\\\/eldigitaldeasturias.com\\\/radio#listItem\",\"position\":1,\"name\":\"Inicio\",\"item\":\"https:\\\/\\\/eldigitaldeasturias.com\\\/radio\",\"nextItem\":{\"@type\":\"ListItem\",\"@id\":\"https:\\\/\\\/eldigitaldeasturias.com\\\/radio\\\/category\\\/noticias\\\/#listItem\",\"name\":\"Noticias\"}},{\"@type\":\"ListItem\",\"@id\":\"https:\\\/\\\/eldigitaldeasturias.com\\\/radio\\\/category\\\/noticias\\\/#listItem\",\"position\":2,\"name\":\"Noticias\",\"item\":\"https:\\\/\\\/eldigitaldeasturias.com\\\/radio\\\/category\\\/noticias\\\/\",\"nextItem\":{\"@type\":\"ListItem\",\"@id\":\"https:\\\/\\\/eldigitaldeasturias.com\\\/radio\\\/los-premios-del-cercle-estrenan-nueva-edicion\\\/#listItem\",\"name\":\"Los Premios del Cercle estrenan nueva edici\\u00f3n\"},\"previousItem\":{\"@type\":\"ListItem\",\"@id\":\"https:\\\/\\\/eldigitaldeasturias.com\\\/radio#listItem\",\"name\":\"Inicio\"}},{\"@type\":\"ListItem\",\"@id\":\"https:\\\/\\\/eldigitaldeasturias.com\\\/radio\\\/los-premios-del-cercle-estrenan-nueva-edicion\\\/#listItem\",\"position\":3,\"name\":\"Los Premios del Cercle estrenan nueva edici\\u00f3n\",\"previousItem\":{\"@type\":\"ListItem\",\"@id\":\"https:\\\/\\\/eldigitaldeasturias.com\\\/radio\\\/category\\\/noticias\\\/#listItem\",\"name\":\"Noticias\"}}]},{\"@type\":\"NewsArticle\",\"@id\":\"https:\\\/\\\/eldigitaldeasturias.com\\\/radio\\\/los-premios-del-cercle-estrenan-nueva-edicion\\\/#newsarticle\",\"name\":\"Los Premios del Cercle estrenan nueva edici\\u00f3n | El Digital de Asturias\",\"headline\":\"Los Premios del Cercle estrenan nueva edici\\u00f3n\",\"author\":{\"@id\":\"https:\\\/\\\/eldigitaldeasturias.com\\\/radio\\\/author\\\/nbasturias\\\/#author\"},\"publisher\":{\"@id\":\"https:\\\/\\\/eldigitaldeasturias.com\\\/radio\\\/#organization\"},\"image\":{\"@type\":\"ImageObject\",\"url\":\"https:\\\/\\\/eldigitaldeasturias.com\\\/radio\\\/wp-content\\\/uploads\\\/2020\\\/05\\\/Premios-cercle.jpg\",\"width\":530,\"height\":509},\"datePublished\":\"2020-05-29T09:59:12+02:00\",\"dateModified\":\"2020-05-29T09:59:12+02:00\",\"inLanguage\":\"es-ES\",\"mainEntityOfPage\":{\"@id\":\"https:\\\/\\\/eldigitaldeasturias.com\\\/radio\\\/los-premios-del-cercle-estrenan-nueva-edicion\\\/#webpage\"},\"isPartOf\":{\"@id\":\"https:\\\/\\\/eldigitaldeasturias.com\\\/radio\\\/los-premios-del-cercle-estrenan-nueva-edicion\\\/#webpage\"},\"articleSection\":\"Noticias\",\"dateline\":\"Publicado el mayo 29, 2020.\"},{\"@type\":\"Organization\",\"@id\":\"https:\\\/\\\/eldigitaldeasturias.com\\\/radio\\\/#organization\",\"name\":\"El digital de Asturias Radio\",\"description\":\"Diario de informaci\\u00f3n y noticias\",\"url\":\"https:\\\/\\\/eldigitaldeasturias.com\\\/radio\\\/\",\"telephone\":\"+34652131393\",\"logo\":{\"@type\":\"ImageObject\",\"url\":\"https:\\\/\\\/www.eldigitaldeasturias.com\\\/radio\\\/wp-content\\\/uploads\\\/2021\\\/03\\\/EDA.jpg\",\"@id\":\"https:\\\/\\\/eldigitaldeasturias.com\\\/radio\\\/los-premios-del-cercle-estrenan-nueva-edicion\\\/#organizationLogo\"},\"image\":{\"@id\":\"https:\\\/\\\/eldigitaldeasturias.com\\\/radio\\\/los-premios-del-cercle-estrenan-nueva-edicion\\\/#organizationLogo\"},\"sameAs\":[\"https:\\\/\\\/www.facebook.com\\\/\",\"https:\\\/\\\/x.com\\\/bercodi\",\"https:\\\/\\\/www.instagram.com\\\/\",\"https:\\\/\\\/www.youtube.com\\\/channel\\\/UCZP-2wLEB9Rv6erhFmqVnvg\"]},{\"@type\":\"Person\",\"@id\":\"https:\\\/\\\/eldigitaldeasturias.com\\\/radio\\\/author\\\/nbasturias\\\/#author\",\"url\":\"https:\\\/\\\/eldigitaldeasturias.com\\\/radio\\\/author\\\/nbasturias\\\/\",\"name\":\"NBAsturias\",\"image\":{\"@type\":\"ImageObject\",\"@id\":\"https:\\\/\\\/eldigitaldeasturias.com\\\/radio\\\/los-premios-del-cercle-estrenan-nueva-edicion\\\/#authorImage\",\"url\":\"https:\\\/\\\/secure.gravatar.com\\\/avatar\\\/df2aeffc32bcd13f8d26072ef8a91b623d677766deac7f97ca815868cd41bf5e?s=96&d=mm&r=g\",\"width\":96,\"height\":96,\"caption\":\"NBAsturias\"}},{\"@type\":\"WebPage\",\"@id\":\"https:\\\/\\\/eldigitaldeasturias.com\\\/radio\\\/los-premios-del-cercle-estrenan-nueva-edicion\\\/#webpage\",\"url\":\"https:\\\/\\\/eldigitaldeasturias.com\\\/radio\\\/los-premios-del-cercle-estrenan-nueva-edicion\\\/\",\"name\":\"Los Premios del Cercle estrenan nueva edici\\u00f3n | El Digital de Asturias\",\"description\":\"El Cercle d\\u2019Economia de Mallorca ha iniciado el plazo de inscripci\\u00f3n a los Premis del Cercle 2020. A partir de esta ma\\u00f1ana los emprendedores de las islas puedan presentar sus candidaturas para llevarse un galard\\u00f3n valorado en 6.000 euros y el alta como socio colaborador del Cercle durante un a\\u00f1o, adem\\u00e1s de tener la oportunidad\",\"inLanguage\":\"es-ES\",\"isPartOf\":{\"@id\":\"https:\\\/\\\/eldigitaldeasturias.com\\\/radio\\\/#website\"},\"breadcrumb\":{\"@id\":\"https:\\\/\\\/eldigitaldeasturias.com\\\/radio\\\/los-premios-del-cercle-estrenan-nueva-edicion\\\/#breadcrumblist\"},\"author\":{\"@id\":\"https:\\\/\\\/eldigitaldeasturias.com\\\/radio\\\/author\\\/nbasturias\\\/#author\"},\"creator\":{\"@id\":\"https:\\\/\\\/eldigitaldeasturias.com\\\/radio\\\/author\\\/nbasturias\\\/#author\"},\"image\":{\"@type\":\"ImageObject\",\"url\":\"https:\\\/\\\/eldigitaldeasturias.com\\\/radio\\\/wp-content\\\/uploads\\\/2020\\\/05\\\/Premios-cercle.jpg\",\"@id\":\"https:\\\/\\\/eldigitaldeasturias.com\\\/radio\\\/los-premios-del-cercle-estrenan-nueva-edicion\\\/#mainImage\",\"width\":530,\"height\":509},\"primaryImageOfPage\":{\"@id\":\"https:\\\/\\\/eldigitaldeasturias.com\\\/radio\\\/los-premios-del-cercle-estrenan-nueva-edicion\\\/#mainImage\"},\"datePublished\":\"2020-05-29T09:59:12+02:00\",\"dateModified\":\"2020-05-29T09:59:12+02:00\"},{\"@type\":\"WebSite\",\"@id\":\"https:\\\/\\\/eldigitaldeasturias.com\\\/radio\\\/#website\",\"url\":\"https:\\\/\\\/eldigitaldeasturias.com\\\/radio\\\/\",\"name\":\"El Digital de Asturias\",\"description\":\"Diario de informaci\\u00f3n y noticias\",\"inLanguage\":\"es-ES\",\"publisher\":{\"@id\":\"https:\\\/\\\/eldigitaldeasturias.com\\\/radio\\\/#organization\"}}]}\n\t\t<\/script>\n\t\t<!-- All in One SEO Pro -->\r\n\t\t<title>Los Premios del Cercle estrenan nueva edici\u00f3n | El Digital de Asturias<\/title>\n\n","aioseo_head_json":{"title":"Los Premios del Cercle estrenan nueva edici\u00f3n | El Digital de Asturias","description":"El Cercle d\u2019Economia de Mallorca ha iniciado el plazo de inscripci\u00f3n a los Premis del Cercle 2020. A partir de esta ma\u00f1ana los emprendedores de las islas puedan presentar sus candidaturas para llevarse un galard\u00f3n valorado en 6.000 euros y el alta como socio colaborador del Cercle durante un a\u00f1o, adem\u00e1s de tener la oportunidad","canonical_url":"https:\/\/eldigitaldeasturias.com\/radio\/los-premios-del-cercle-estrenan-nueva-edicion\/","robots":"max-image-preview:large","keywords":"noticias","webmasterTools":{"google-site-verification":"UA-38556648-1","miscellaneous":""},"schema":{"@context":"https:\/\/schema.org","@graph":[{"@type":"BreadcrumbList","@id":"https:\/\/eldigitaldeasturias.com\/radio\/los-premios-del-cercle-estrenan-nueva-edicion\/#breadcrumblist","itemListElement":[{"@type":"ListItem","@id":"https:\/\/eldigitaldeasturias.com\/radio#listItem","position":1,"name":"Inicio","item":"https:\/\/eldigitaldeasturias.com\/radio","nextItem":{"@type":"ListItem","@id":"https:\/\/eldigitaldeasturias.com\/radio\/category\/noticias\/#listItem","name":"Noticias"}},{"@type":"ListItem","@id":"https:\/\/eldigitaldeasturias.com\/radio\/category\/noticias\/#listItem","position":2,"name":"Noticias","item":"https:\/\/eldigitaldeasturias.com\/radio\/category\/noticias\/","nextItem":{"@type":"ListItem","@id":"https:\/\/eldigitaldeasturias.com\/radio\/los-premios-del-cercle-estrenan-nueva-edicion\/#listItem","name":"Los Premios del Cercle estrenan nueva edici\u00f3n"},"previousItem":{"@type":"ListItem","@id":"https:\/\/eldigitaldeasturias.com\/radio#listItem","name":"Inicio"}},{"@type":"ListItem","@id":"https:\/\/eldigitaldeasturias.com\/radio\/los-premios-del-cercle-estrenan-nueva-edicion\/#listItem","position":3,"name":"Los Premios del Cercle estrenan nueva edici\u00f3n","previousItem":{"@type":"ListItem","@id":"https:\/\/eldigitaldeasturias.com\/radio\/category\/noticias\/#listItem","name":"Noticias"}}]},{"@type":"NewsArticle","@id":"https:\/\/eldigitaldeasturias.com\/radio\/los-premios-del-cercle-estrenan-nueva-edicion\/#newsarticle","name":"Los Premios del Cercle estrenan nueva edici\u00f3n | El Digital de Asturias","headline":"Los Premios del Cercle estrenan nueva edici\u00f3n","author":{"@id":"https:\/\/eldigitaldeasturias.com\/radio\/author\/nbasturias\/#author"},"publisher":{"@id":"https:\/\/eldigitaldeasturias.com\/radio\/#organization"},"image":{"@type":"ImageObject","url":"https:\/\/eldigitaldeasturias.com\/radio\/wp-content\/uploads\/2020\/05\/Premios-cercle.jpg","width":530,"height":509},"datePublished":"2020-05-29T09:59:12+02:00","dateModified":"2020-05-29T09:59:12+02:00","inLanguage":"es-ES","mainEntityOfPage":{"@id":"https:\/\/eldigitaldeasturias.com\/radio\/los-premios-del-cercle-estrenan-nueva-edicion\/#webpage"},"isPartOf":{"@id":"https:\/\/eldigitaldeasturias.com\/radio\/los-premios-del-cercle-estrenan-nueva-edicion\/#webpage"},"articleSection":"Noticias","dateline":"Publicado el mayo 29, 2020."},{"@type":"Organization","@id":"https:\/\/eldigitaldeasturias.com\/radio\/#organization","name":"El digital de Asturias Radio","description":"Diario de informaci\u00f3n y noticias","url":"https:\/\/eldigitaldeasturias.com\/radio\/","telephone":"+34652131393","logo":{"@type":"ImageObject","url":"https:\/\/www.eldigitaldeasturias.com\/radio\/wp-content\/uploads\/2021\/03\/EDA.jpg","@id":"https:\/\/eldigitaldeasturias.com\/radio\/los-premios-del-cercle-estrenan-nueva-edicion\/#organizationLogo"},"image":{"@id":"https:\/\/eldigitaldeasturias.com\/radio\/los-premios-del-cercle-estrenan-nueva-edicion\/#organizationLogo"},"sameAs":["https:\/\/www.facebook.com\/","https:\/\/x.com\/bercodi","https:\/\/www.instagram.com\/","https:\/\/www.youtube.com\/channel\/UCZP-2wLEB9Rv6erhFmqVnvg"]},{"@type":"Person","@id":"https:\/\/eldigitaldeasturias.com\/radio\/author\/nbasturias\/#author","url":"https:\/\/eldigitaldeasturias.com\/radio\/author\/nbasturias\/","name":"NBAsturias","image":{"@type":"ImageObject","@id":"https:\/\/eldigitaldeasturias.com\/radio\/los-premios-del-cercle-estrenan-nueva-edicion\/#authorImage","url":"https:\/\/secure.gravatar.com\/avatar\/df2aeffc32bcd13f8d26072ef8a91b623d677766deac7f97ca815868cd41bf5e?s=96&d=mm&r=g","width":96,"height":96,"caption":"NBAsturias"}},{"@type":"WebPage","@id":"https:\/\/eldigitaldeasturias.com\/radio\/los-premios-del-cercle-estrenan-nueva-edicion\/#webpage","url":"https:\/\/eldigitaldeasturias.com\/radio\/los-premios-del-cercle-estrenan-nueva-edicion\/","name":"Los Premios del Cercle estrenan nueva edici\u00f3n | El Digital de Asturias","description":"El Cercle d\u2019Economia de Mallorca ha iniciado el plazo de inscripci\u00f3n a los Premis del Cercle 2020. A partir de esta ma\u00f1ana los emprendedores de las islas puedan presentar sus candidaturas para llevarse un galard\u00f3n valorado en 6.000 euros y el alta como socio colaborador del Cercle durante un a\u00f1o, adem\u00e1s de tener la oportunidad","inLanguage":"es-ES","isPartOf":{"@id":"https:\/\/eldigitaldeasturias.com\/radio\/#website"},"breadcrumb":{"@id":"https:\/\/eldigitaldeasturias.com\/radio\/los-premios-del-cercle-estrenan-nueva-edicion\/#breadcrumblist"},"author":{"@id":"https:\/\/eldigitaldeasturias.com\/radio\/author\/nbasturias\/#author"},"creator":{"@id":"https:\/\/eldigitaldeasturias.com\/radio\/author\/nbasturias\/#author"},"image":{"@type":"ImageObject","url":"https:\/\/eldigitaldeasturias.com\/radio\/wp-content\/uploads\/2020\/05\/Premios-cercle.jpg","@id":"https:\/\/eldigitaldeasturias.com\/radio\/los-premios-del-cercle-estrenan-nueva-edicion\/#mainImage","width":530,"height":509},"primaryImageOfPage":{"@id":"https:\/\/eldigitaldeasturias.com\/radio\/los-premios-del-cercle-estrenan-nueva-edicion\/#mainImage"},"datePublished":"2020-05-29T09:59:12+02:00","dateModified":"2020-05-29T09:59:12+02:00"},{"@type":"WebSite","@id":"https:\/\/eldigitaldeasturias.com\/radio\/#website","url":"https:\/\/eldigitaldeasturias.com\/radio\/","name":"El Digital de Asturias","description":"Diario de informaci\u00f3n y noticias","inLanguage":"es-ES","publisher":{"@id":"https:\/\/eldigitaldeasturias.com\/radio\/#organization"}}]},"og:locale":"es_ES","og:site_name":"El Digital de Asturias | Diario de informaci\u00f3n y noticias","og:type":"article","og:title":"Los Premios del Cercle estrenan nueva edici\u00f3n | El Digital de Asturias","og:description":"El Cercle d\u2019Economia de Mallorca ha iniciado el plazo de inscripci\u00f3n a los Premis del Cercle 2020. A partir de esta ma\u00f1ana los emprendedores de las islas puedan presentar sus candidaturas para llevarse un galard\u00f3n valorado en 6.000 euros y el alta como socio colaborador del Cercle durante un a\u00f1o, adem\u00e1s de tener la oportunidad","og:url":"https:\/\/eldigitaldeasturias.com\/radio\/los-premios-del-cercle-estrenan-nueva-edicion\/","og:image":"https:\/\/eldigitaldeasturias.com\/radio\/wp-content\/uploads\/2020\/05\/Premios-cercle.jpg","og:image:secure_url":"https:\/\/eldigitaldeasturias.com\/radio\/wp-content\/uploads\/2020\/05\/Premios-cercle.jpg","og:image:width":530,"og:image:height":509,"article:published_time":"2020-05-29T09:59:12+00:00","article:modified_time":"2020-05-29T09:59:12+00:00","twitter:card":"summary_large_image","twitter:site":"@bercodi","twitter:title":"Los Premios del Cercle estrenan nueva edici\u00f3n | El Digital de Asturias","twitter:description":"El Cercle d\u2019Economia de Mallorca ha iniciado el plazo de inscripci\u00f3n a los Premis del Cercle 2020. A partir de esta ma\u00f1ana los emprendedores de las islas puedan presentar sus candidaturas para llevarse un galard\u00f3n valorado en 6.000 euros y el alta como socio colaborador del Cercle durante un a\u00f1o, adem\u00e1s de tener la oportunidad","twitter:creator":"@bercodi","twitter:image":"https:\/\/eldigitaldeasturias.com\/radio\/wp-content\/uploads\/2020\/05\/Premios-cercle.jpg"},"aioseo_meta_data":{"post_id":"4307","title":null,"description":null,"keywords":null,"keyphrases":null,"primary_term":null,"canonical_url":null,"og_title":null,"og_description":null,"og_object_type":"default","og_image_type":"default","og_image_url":null,"og_image_width":null,"og_image_height":null,"og_image_custom_url":null,"og_image_custom_fields":null,"og_video":null,"og_custom_url":null,"og_article_section":null,"og_article_tags":null,"twitter_use_og":false,"twitter_card":"default","twitter_image_type":"default","twitter_image_url":null,"twitter_image_custom_url":null,"twitter_image_custom_fields":null,"twitter_title":null,"twitter_description":null,"schema":{"blockGraphs":[],"customGraphs":[],"default":{"data":{"Article":[],"Course":[],"Dataset":[],"FAQPage":[],"Movie":[],"Person":[],"Product":[],"ProductReview":[],"Car":[],"Recipe":[],"Service":[],"SoftwareApplication":[],"WebPage":[]},"graphName":"","isEnabled":true},"graphs":[],"defaultGraph":"","defaultPostTypeGraph":""},"schema_type":null,"schema_type_options":null,"pillar_content":false,"robots_default":true,"robots_noindex":false,"robots_noarchive":false,"robots_nosnippet":false,"robots_nofollow":false,"robots_noimageindex":false,"robots_noodp":false,"robots_notranslate":false,"robots_max_snippet":null,"robots_max_videopreview":null,"robots_max_imagepreview":"large","priority":null,"frequency":null,"location":null,"local_seo":null,"seo_analyzer_scan_date":"2025-08-28 15:47:03","breadcrumb_settings":null,"limit_modified_date":false,"open_ai":null,"ai":null,"created":"2021-03-26 01:45:22","updated":"2025-08-28 15:47:03"},"aioseo_breadcrumb":"<div class=\"aioseo-breadcrumbs\"><span class=\"aioseo-breadcrumb\">\n\t<a href=\"https:\/\/eldigitaldeasturias.com\/radio\" title=\"Inicio\">Inicio<\/a>\n<\/span><span class=\"aioseo-breadcrumb-separator\">&ndash;<\/span><span class=\"aioseo-breadcrumb\">\n\t<a href=\"https:\/\/eldigitaldeasturias.com\/radio\/category\/noticias\/\" title=\"Noticias\">Noticias<\/a>\n<\/span><span class=\"aioseo-breadcrumb-separator\">&ndash;<\/span><span class=\"aioseo-breadcrumb\">\n\tLos Premios del Cercle estrenan nueva edici\u00f3n\n<\/span><\/div>","aioseo_breadcrumb_json":[{"label":"Inicio","link":"https:\/\/eldigitaldeasturias.com\/radio"},{"label":"Noticias","link":"https:\/\/eldigitaldeasturias.com\/radio\/category\/noticias\/"},{"label":"Los Premios del Cercle estrenan nueva edici\u00f3n","link":"https:\/\/eldigitaldeasturias.com\/radio\/los-premios-del-cercle-estrenan-nueva-edicion\/"}],"_links":{"self":[{"href":"https:\/\/eldigitaldeasturias.com\/radio\/wp-json\/wp\/v2\/posts\/4307","targetHints":{"allow":["GET"]}}],"collection":[{"href":"https:\/\/eldigitaldeasturias.com\/radio\/wp-json\/wp\/v2\/posts"}],"about":[{"href":"https:\/\/eldigitaldeasturias.com\/radio\/wp-json\/wp\/v2\/types\/post"}],"author":[{"embeddable":true,"href":"https:\/\/eldigitaldeasturias.com\/radio\/wp-json\/wp\/v2\/users\/1"}],"replies":[{"embeddable":true,"href":"https:\/\/eldigitaldeasturias.com\/radio\/wp-json\/wp\/v2\/comments?post=4307"}],"version-history":[{"count":0,"href":"https:\/\/eldigitaldeasturias.com\/radio\/wp-json\/wp\/v2\/posts\/4307\/revisions"}],"wp:featuredmedia":[{"embeddable":true,"href":"https:\/\/eldigitaldeasturias.com\/radio\/wp-json\/wp\/v2\/media\/4308"}],"wp:attachment":[{"href":"https:\/\/eldigitaldeasturias.com\/radio\/wp-json\/wp\/v2\/media?parent=4307"}],"wp:term":[{"taxonomy":"category","embeddable":true,"href":"https:\/\/eldigitaldeasturias.com\/radio\/wp-json\/wp\/v2\/categories?post=4307"},{"taxonomy":"post_tag","embeddable":true,"href":"https:\/\/eldigitaldeasturias.com\/radio\/wp-json\/wp\/v2\/tags?post=4307"}],"curies":[{"name":"wp","href":"https:\/\/api.w.org\/{rel}","templated":true}]}}