{"id":4299,"date":"2020-05-05T01:45:14","date_gmt":"2020-05-05T01:45:14","guid":{"rendered":"http:\/\/www.eldigitaldeasturias.com\/radio\/?p=4299"},"modified":"2020-05-05T01:45:14","modified_gmt":"2020-05-05T01:45:14","slug":"merkel-faltan-8-000-millones-de-euros-para-vacuna-contra-coronavirus","status":"publish","type":"post","link":"https:\/\/eldigitaldeasturias.com\/radio\/merkel-faltan-8-000-millones-de-euros-para-vacuna-contra-coronavirus\/","title":{"rendered":"Merkel: Faltan 8.000 millones de euros para vacuna contra coronavirus"},"content":{"rendered":"<p><img fetchpriority=\"high\" decoding=\"async\" class=\"alignleft size-medium wp-image-1439\" src=\"http:\/\/www.eldigitaldeasturias.com\/radio\/wp-content\/uploads\/2018\/10\/berlin-76509_960_720-360x270.jpg\" alt=\"\" width=\"360\" height=\"270\" srcset=\"https:\/\/eldigitaldeasturias.com\/radio\/wp-content\/uploads\/2018\/10\/berlin-76509_960_720-360x270.jpg 360w, https:\/\/eldigitaldeasturias.com\/radio\/wp-content\/uploads\/2018\/10\/berlin-76509_960_720-768x576.jpg 768w, https:\/\/eldigitaldeasturias.com\/radio\/wp-content\/uploads\/2018\/10\/berlin-76509_960_720.jpg 960w\" sizes=\"(max-width: 360px) 100vw, 360px\" \/>Berl\u00edn, 2 may (dpa) &#8211; La canciller alemana, Angela Merkel, exhort\u00f3 hoy a intensificar la cooperaci\u00f3n internacional en la b\u00fasqueda de medicamentos y vacunas para la contenci\u00f3n de las infecciones de coronavirus.<\/p>\n<p>\u00abActualmente, se estima que faltan unos 8.000 millones de euros (8.775 millones de d\u00f3lares) para el desarrollo de una vacuna\u00bb, dijo la canciller germana en su discurso semanal en v\u00eddeo (podcast).<\/p>\n<p>Merkel se refiri\u00f3 con ese motivo a la conferencia de donantes del 4 de mayo, a la que invit\u00f3 la Comisi\u00f3n de la Uni\u00f3n Europea, e indic\u00f3 que Alemania har\u00eda una \u00abimportante contribuci\u00f3n financiera\u00bb, pero que no quer\u00eda cifrarla todav\u00eda.<\/p>\n<p>En cuanto a las consecuencias de la pandemia, Merkel apunt\u00f3: \u00abSabemos que est\u00e1 causando graves da\u00f1os en todas partes, tambi\u00e9n en nuestra vida econ\u00f3mica y social, as\u00ed como en nuestra sociedad. Por ello, debemos trabajar a toda velocidad y con gran concentraci\u00f3n para contener y luego derrotar este virus desarrollando una vacuna\u00bb.<\/p>\n<p>La mandataria germana subray\u00f3 que esta es una de las tareas m\u00e1s importantes para salvar millones de vidas.<\/p>\n<p>\u00abAlemania asume esta responsabilidad y por eso tambi\u00e9n nos encargaremos de que una vez que se haya desarrollado una vacuna, esta beneficie a todas las personas, y que los medicamentos que se necesitan y las posibilidades de diagn\u00f3stico beneficien al mayor n\u00famero posible de personas\u00bb, sostuvo Merkel.<\/p>\n<p>Acogi\u00f3 asimismo con benepl\u00e1cito el hecho de que se haya formado una gran alianza de Gobiernos y fundaciones privadas que trabajar\u00e1 ahora en forma conjunta para posibilitar, entre otras cosas, el desarrollo y la producci\u00f3n de vacunas y medicamentos.<\/p>\n","protected":false},"excerpt":{"rendered":"<p>Berl\u00edn, 2 may (dpa) &#8211; La canciller alemana, Angela Merkel, exhort\u00f3 hoy a intensificar la cooperaci\u00f3n internacional en la b\u00fasqueda de medicamentos y vacunas para la contenci\u00f3n de las infecciones de coronavirus. \u00abActualmente, se estima que faltan unos 8.000 millones de euros (8.775 millones de d\u00f3lares) para el desarrollo de una vacuna\u00bb, dijo la canciller<\/p>\n","protected":false},"author":1,"featured_media":1439,"comment_status":"closed","ping_status":"closed","sticky":false,"template":"","format":"standard","meta":{"footnotes":""},"categories":[1],"tags":[],"class_list":{"0":"post-4299","1":"post","2":"type-post","3":"status-publish","4":"format-standard","5":"has-post-thumbnail","7":"category-noticias"},"aioseo_notices":[],"aioseo_head":"\n\t\t<!-- All in One SEO Pro 4.9.6.2 - aioseo.com -->\n\t<meta name=\"description\" content=\"Berl\u00edn, 2 may (dpa) - La canciller alemana, Angela Merkel, exhort\u00f3 hoy a intensificar la cooperaci\u00f3n internacional en la b\u00fasqueda de medicamentos y vacunas para la contenci\u00f3n de las infecciones de coronavirus. &quot;Actualmente, se estima que faltan unos 8.000 millones de euros (8.775 millones de d\u00f3lares) para el desarrollo de una vacuna&quot;, dijo la canciller\" \/>\n\t<meta name=\"robots\" content=\"max-image-preview:large\" \/>\n\t<meta name=\"author\" content=\"NBAsturias\"\/>\n\t<meta name=\"google-site-verification\" content=\"UA-38556648-1\" \/>\n\t<meta name=\"keywords\" content=\"noticias\" \/>\n\t<link rel=\"canonical\" href=\"https:\/\/eldigitaldeasturias.com\/radio\/merkel-faltan-8-000-millones-de-euros-para-vacuna-contra-coronavirus\/\" \/>\n\t<meta name=\"generator\" content=\"All in One SEO Pro (AIOSEO) 4.9.6.2\" \/>\n\t\t<meta property=\"og:locale\" content=\"es_ES\" \/>\n\t\t<meta property=\"og:site_name\" content=\"El Digital de Asturias | Diario de informaci\u00f3n y noticias\" \/>\n\t\t<meta property=\"og:type\" content=\"article\" \/>\n\t\t<meta property=\"og:title\" content=\"Merkel: Faltan 8.000 millones de euros para vacuna contra coronavirus | El Digital de Asturias\" \/>\n\t\t<meta property=\"og:description\" content=\"Berl\u00edn, 2 may (dpa) - La canciller alemana, Angela Merkel, exhort\u00f3 hoy a intensificar la cooperaci\u00f3n internacional en la b\u00fasqueda de medicamentos y vacunas para la contenci\u00f3n de las infecciones de coronavirus. &quot;Actualmente, se estima que faltan unos 8.000 millones de euros (8.775 millones de d\u00f3lares) para el desarrollo de una vacuna&quot;, dijo la canciller\" \/>\n\t\t<meta property=\"og:url\" content=\"https:\/\/eldigitaldeasturias.com\/radio\/merkel-faltan-8-000-millones-de-euros-para-vacuna-contra-coronavirus\/\" \/>\n\t\t<meta property=\"og:image\" content=\"https:\/\/eldigitaldeasturias.com\/radio\/wp-content\/uploads\/2018\/10\/berlin-76509_960_720.jpg\" \/>\n\t\t<meta property=\"og:image:secure_url\" content=\"https:\/\/eldigitaldeasturias.com\/radio\/wp-content\/uploads\/2018\/10\/berlin-76509_960_720.jpg\" \/>\n\t\t<meta property=\"og:image:width\" content=\"960\" \/>\n\t\t<meta property=\"og:image:height\" content=\"720\" \/>\n\t\t<meta property=\"article:published_time\" content=\"2020-05-05T01:45:14+00:00\" \/>\n\t\t<meta property=\"article:modified_time\" content=\"2020-05-05T01:45:14+00:00\" \/>\n\t\t<meta name=\"twitter:card\" content=\"summary_large_image\" \/>\n\t\t<meta name=\"twitter:site\" content=\"@bercodi\" \/>\n\t\t<meta name=\"twitter:title\" content=\"Merkel: Faltan 8.000 millones de euros para vacuna contra coronavirus | El Digital de Asturias\" \/>\n\t\t<meta name=\"twitter:description\" content=\"Berl\u00edn, 2 may (dpa) - La canciller alemana, Angela Merkel, exhort\u00f3 hoy a intensificar la cooperaci\u00f3n internacional en la b\u00fasqueda de medicamentos y vacunas para la contenci\u00f3n de las infecciones de coronavirus. &quot;Actualmente, se estima que faltan unos 8.000 millones de euros (8.775 millones de d\u00f3lares) para el desarrollo de una vacuna&quot;, dijo la canciller\" \/>\n\t\t<meta name=\"twitter:creator\" content=\"@bercodi\" \/>\n\t\t<meta name=\"twitter:image\" content=\"https:\/\/eldigitaldeasturias.com\/radio\/wp-content\/uploads\/2018\/10\/berlin-76509_960_720.jpg\" \/>\n\t\t<script type=\"application\/ld+json\" class=\"aioseo-schema\">\n\t\t\t{\"@context\":\"https:\\\/\\\/schema.org\",\"@graph\":[{\"@type\":\"BreadcrumbList\",\"@id\":\"https:\\\/\\\/eldigitaldeasturias.com\\\/radio\\\/merkel-faltan-8-000-millones-de-euros-para-vacuna-contra-coronavirus\\\/#breadcrumblist\",\"itemListElement\":[{\"@type\":\"ListItem\",\"@id\":\"https:\\\/\\\/eldigitaldeasturias.com\\\/radio#listItem\",\"position\":1,\"name\":\"Inicio\",\"item\":\"https:\\\/\\\/eldigitaldeasturias.com\\\/radio\",\"nextItem\":{\"@type\":\"ListItem\",\"@id\":\"https:\\\/\\\/eldigitaldeasturias.com\\\/radio\\\/category\\\/noticias\\\/#listItem\",\"name\":\"Noticias\"}},{\"@type\":\"ListItem\",\"@id\":\"https:\\\/\\\/eldigitaldeasturias.com\\\/radio\\\/category\\\/noticias\\\/#listItem\",\"position\":2,\"name\":\"Noticias\",\"item\":\"https:\\\/\\\/eldigitaldeasturias.com\\\/radio\\\/category\\\/noticias\\\/\",\"nextItem\":{\"@type\":\"ListItem\",\"@id\":\"https:\\\/\\\/eldigitaldeasturias.com\\\/radio\\\/merkel-faltan-8-000-millones-de-euros-para-vacuna-contra-coronavirus\\\/#listItem\",\"name\":\"Merkel: Faltan 8.000 millones de euros para vacuna contra coronavirus\"},\"previousItem\":{\"@type\":\"ListItem\",\"@id\":\"https:\\\/\\\/eldigitaldeasturias.com\\\/radio#listItem\",\"name\":\"Inicio\"}},{\"@type\":\"ListItem\",\"@id\":\"https:\\\/\\\/eldigitaldeasturias.com\\\/radio\\\/merkel-faltan-8-000-millones-de-euros-para-vacuna-contra-coronavirus\\\/#listItem\",\"position\":3,\"name\":\"Merkel: Faltan 8.000 millones de euros para vacuna contra coronavirus\",\"previousItem\":{\"@type\":\"ListItem\",\"@id\":\"https:\\\/\\\/eldigitaldeasturias.com\\\/radio\\\/category\\\/noticias\\\/#listItem\",\"name\":\"Noticias\"}}]},{\"@type\":\"NewsArticle\",\"@id\":\"https:\\\/\\\/eldigitaldeasturias.com\\\/radio\\\/merkel-faltan-8-000-millones-de-euros-para-vacuna-contra-coronavirus\\\/#newsarticle\",\"name\":\"Merkel: Faltan 8.000 millones de euros para vacuna contra coronavirus | El Digital de Asturias\",\"headline\":\"Merkel: Faltan 8.000 millones de euros para vacuna contra coronavirus\",\"author\":{\"@id\":\"https:\\\/\\\/eldigitaldeasturias.com\\\/radio\\\/author\\\/nbasturias\\\/#author\"},\"publisher\":{\"@id\":\"https:\\\/\\\/eldigitaldeasturias.com\\\/radio\\\/#organization\"},\"image\":{\"@type\":\"ImageObject\",\"url\":\"https:\\\/\\\/eldigitaldeasturias.com\\\/radio\\\/wp-content\\\/uploads\\\/2018\\\/10\\\/berlin-76509_960_720.jpg\",\"width\":960,\"height\":720},\"datePublished\":\"2020-05-05T01:45:14+02:00\",\"dateModified\":\"2020-05-05T01:45:14+02:00\",\"inLanguage\":\"es-ES\",\"mainEntityOfPage\":{\"@id\":\"https:\\\/\\\/eldigitaldeasturias.com\\\/radio\\\/merkel-faltan-8-000-millones-de-euros-para-vacuna-contra-coronavirus\\\/#webpage\"},\"isPartOf\":{\"@id\":\"https:\\\/\\\/eldigitaldeasturias.com\\\/radio\\\/merkel-faltan-8-000-millones-de-euros-para-vacuna-contra-coronavirus\\\/#webpage\"},\"articleSection\":\"Noticias\",\"dateline\":\"Publicado el mayo 5, 2020.\"},{\"@type\":\"Organization\",\"@id\":\"https:\\\/\\\/eldigitaldeasturias.com\\\/radio\\\/#organization\",\"name\":\"El digital de Asturias Radio\",\"description\":\"Diario de informaci\\u00f3n y noticias\",\"url\":\"https:\\\/\\\/eldigitaldeasturias.com\\\/radio\\\/\",\"telephone\":\"+34652131393\",\"logo\":{\"@type\":\"ImageObject\",\"url\":\"https:\\\/\\\/www.eldigitaldeasturias.com\\\/radio\\\/wp-content\\\/uploads\\\/2021\\\/03\\\/EDA.jpg\",\"@id\":\"https:\\\/\\\/eldigitaldeasturias.com\\\/radio\\\/merkel-faltan-8-000-millones-de-euros-para-vacuna-contra-coronavirus\\\/#organizationLogo\"},\"image\":{\"@id\":\"https:\\\/\\\/eldigitaldeasturias.com\\\/radio\\\/merkel-faltan-8-000-millones-de-euros-para-vacuna-contra-coronavirus\\\/#organizationLogo\"},\"sameAs\":[\"https:\\\/\\\/www.facebook.com\\\/\",\"https:\\\/\\\/x.com\\\/bercodi\",\"https:\\\/\\\/www.instagram.com\\\/\",\"https:\\\/\\\/www.youtube.com\\\/channel\\\/UCZP-2wLEB9Rv6erhFmqVnvg\"]},{\"@type\":\"Person\",\"@id\":\"https:\\\/\\\/eldigitaldeasturias.com\\\/radio\\\/author\\\/nbasturias\\\/#author\",\"url\":\"https:\\\/\\\/eldigitaldeasturias.com\\\/radio\\\/author\\\/nbasturias\\\/\",\"name\":\"NBAsturias\",\"image\":{\"@type\":\"ImageObject\",\"@id\":\"https:\\\/\\\/eldigitaldeasturias.com\\\/radio\\\/merkel-faltan-8-000-millones-de-euros-para-vacuna-contra-coronavirus\\\/#authorImage\",\"url\":\"https:\\\/\\\/secure.gravatar.com\\\/avatar\\\/df2aeffc32bcd13f8d26072ef8a91b623d677766deac7f97ca815868cd41bf5e?s=96&d=mm&r=g\",\"width\":96,\"height\":96,\"caption\":\"NBAsturias\"}},{\"@type\":\"WebPage\",\"@id\":\"https:\\\/\\\/eldigitaldeasturias.com\\\/radio\\\/merkel-faltan-8-000-millones-de-euros-para-vacuna-contra-coronavirus\\\/#webpage\",\"url\":\"https:\\\/\\\/eldigitaldeasturias.com\\\/radio\\\/merkel-faltan-8-000-millones-de-euros-para-vacuna-contra-coronavirus\\\/\",\"name\":\"Merkel: Faltan 8.000 millones de euros para vacuna contra coronavirus | El Digital de Asturias\",\"description\":\"Berl\\u00edn, 2 may (dpa) - La canciller alemana, Angela Merkel, exhort\\u00f3 hoy a intensificar la cooperaci\\u00f3n internacional en la b\\u00fasqueda de medicamentos y vacunas para la contenci\\u00f3n de las infecciones de coronavirus. \\\"Actualmente, se estima que faltan unos 8.000 millones de euros (8.775 millones de d\\u00f3lares) para el desarrollo de una vacuna\\\", dijo la canciller\",\"inLanguage\":\"es-ES\",\"isPartOf\":{\"@id\":\"https:\\\/\\\/eldigitaldeasturias.com\\\/radio\\\/#website\"},\"breadcrumb\":{\"@id\":\"https:\\\/\\\/eldigitaldeasturias.com\\\/radio\\\/merkel-faltan-8-000-millones-de-euros-para-vacuna-contra-coronavirus\\\/#breadcrumblist\"},\"author\":{\"@id\":\"https:\\\/\\\/eldigitaldeasturias.com\\\/radio\\\/author\\\/nbasturias\\\/#author\"},\"creator\":{\"@id\":\"https:\\\/\\\/eldigitaldeasturias.com\\\/radio\\\/author\\\/nbasturias\\\/#author\"},\"image\":{\"@type\":\"ImageObject\",\"url\":\"https:\\\/\\\/eldigitaldeasturias.com\\\/radio\\\/wp-content\\\/uploads\\\/2018\\\/10\\\/berlin-76509_960_720.jpg\",\"@id\":\"https:\\\/\\\/eldigitaldeasturias.com\\\/radio\\\/merkel-faltan-8-000-millones-de-euros-para-vacuna-contra-coronavirus\\\/#mainImage\",\"width\":960,\"height\":720},\"primaryImageOfPage\":{\"@id\":\"https:\\\/\\\/eldigitaldeasturias.com\\\/radio\\\/merkel-faltan-8-000-millones-de-euros-para-vacuna-contra-coronavirus\\\/#mainImage\"},\"datePublished\":\"2020-05-05T01:45:14+02:00\",\"dateModified\":\"2020-05-05T01:45:14+02:00\"},{\"@type\":\"WebSite\",\"@id\":\"https:\\\/\\\/eldigitaldeasturias.com\\\/radio\\\/#website\",\"url\":\"https:\\\/\\\/eldigitaldeasturias.com\\\/radio\\\/\",\"name\":\"El Digital de Asturias\",\"description\":\"Diario de informaci\\u00f3n y noticias\",\"inLanguage\":\"es-ES\",\"publisher\":{\"@id\":\"https:\\\/\\\/eldigitaldeasturias.com\\\/radio\\\/#organization\"}}]}\n\t\t<\/script>\n\t\t<!-- All in One SEO Pro -->\r\n\t\t<title>Merkel: Faltan 8.000 millones de euros para vacuna contra coronavirus | El Digital de Asturias<\/title>\n\n","aioseo_head_json":{"title":"Merkel: Faltan 8.000 millones de euros para vacuna contra coronavirus | El Digital de Asturias","description":"Berl\u00edn, 2 may (dpa) - La canciller alemana, Angela Merkel, exhort\u00f3 hoy a intensificar la cooperaci\u00f3n internacional en la b\u00fasqueda de medicamentos y vacunas para la contenci\u00f3n de las infecciones de coronavirus. \"Actualmente, se estima que faltan unos 8.000 millones de euros (8.775 millones de d\u00f3lares) para el desarrollo de una vacuna\", dijo la canciller","canonical_url":"https:\/\/eldigitaldeasturias.com\/radio\/merkel-faltan-8-000-millones-de-euros-para-vacuna-contra-coronavirus\/","robots":"max-image-preview:large","keywords":"noticias","webmasterTools":{"google-site-verification":"UA-38556648-1","miscellaneous":""},"schema":{"@context":"https:\/\/schema.org","@graph":[{"@type":"BreadcrumbList","@id":"https:\/\/eldigitaldeasturias.com\/radio\/merkel-faltan-8-000-millones-de-euros-para-vacuna-contra-coronavirus\/#breadcrumblist","itemListElement":[{"@type":"ListItem","@id":"https:\/\/eldigitaldeasturias.com\/radio#listItem","position":1,"name":"Inicio","item":"https:\/\/eldigitaldeasturias.com\/radio","nextItem":{"@type":"ListItem","@id":"https:\/\/eldigitaldeasturias.com\/radio\/category\/noticias\/#listItem","name":"Noticias"}},{"@type":"ListItem","@id":"https:\/\/eldigitaldeasturias.com\/radio\/category\/noticias\/#listItem","position":2,"name":"Noticias","item":"https:\/\/eldigitaldeasturias.com\/radio\/category\/noticias\/","nextItem":{"@type":"ListItem","@id":"https:\/\/eldigitaldeasturias.com\/radio\/merkel-faltan-8-000-millones-de-euros-para-vacuna-contra-coronavirus\/#listItem","name":"Merkel: Faltan 8.000 millones de euros para vacuna contra coronavirus"},"previousItem":{"@type":"ListItem","@id":"https:\/\/eldigitaldeasturias.com\/radio#listItem","name":"Inicio"}},{"@type":"ListItem","@id":"https:\/\/eldigitaldeasturias.com\/radio\/merkel-faltan-8-000-millones-de-euros-para-vacuna-contra-coronavirus\/#listItem","position":3,"name":"Merkel: Faltan 8.000 millones de euros para vacuna contra coronavirus","previousItem":{"@type":"ListItem","@id":"https:\/\/eldigitaldeasturias.com\/radio\/category\/noticias\/#listItem","name":"Noticias"}}]},{"@type":"NewsArticle","@id":"https:\/\/eldigitaldeasturias.com\/radio\/merkel-faltan-8-000-millones-de-euros-para-vacuna-contra-coronavirus\/#newsarticle","name":"Merkel: Faltan 8.000 millones de euros para vacuna contra coronavirus | El Digital de Asturias","headline":"Merkel: Faltan 8.000 millones de euros para vacuna contra coronavirus","author":{"@id":"https:\/\/eldigitaldeasturias.com\/radio\/author\/nbasturias\/#author"},"publisher":{"@id":"https:\/\/eldigitaldeasturias.com\/radio\/#organization"},"image":{"@type":"ImageObject","url":"https:\/\/eldigitaldeasturias.com\/radio\/wp-content\/uploads\/2018\/10\/berlin-76509_960_720.jpg","width":960,"height":720},"datePublished":"2020-05-05T01:45:14+02:00","dateModified":"2020-05-05T01:45:14+02:00","inLanguage":"es-ES","mainEntityOfPage":{"@id":"https:\/\/eldigitaldeasturias.com\/radio\/merkel-faltan-8-000-millones-de-euros-para-vacuna-contra-coronavirus\/#webpage"},"isPartOf":{"@id":"https:\/\/eldigitaldeasturias.com\/radio\/merkel-faltan-8-000-millones-de-euros-para-vacuna-contra-coronavirus\/#webpage"},"articleSection":"Noticias","dateline":"Publicado el mayo 5, 2020."},{"@type":"Organization","@id":"https:\/\/eldigitaldeasturias.com\/radio\/#organization","name":"El digital de Asturias Radio","description":"Diario de informaci\u00f3n y noticias","url":"https:\/\/eldigitaldeasturias.com\/radio\/","telephone":"+34652131393","logo":{"@type":"ImageObject","url":"https:\/\/www.eldigitaldeasturias.com\/radio\/wp-content\/uploads\/2021\/03\/EDA.jpg","@id":"https:\/\/eldigitaldeasturias.com\/radio\/merkel-faltan-8-000-millones-de-euros-para-vacuna-contra-coronavirus\/#organizationLogo"},"image":{"@id":"https:\/\/eldigitaldeasturias.com\/radio\/merkel-faltan-8-000-millones-de-euros-para-vacuna-contra-coronavirus\/#organizationLogo"},"sameAs":["https:\/\/www.facebook.com\/","https:\/\/x.com\/bercodi","https:\/\/www.instagram.com\/","https:\/\/www.youtube.com\/channel\/UCZP-2wLEB9Rv6erhFmqVnvg"]},{"@type":"Person","@id":"https:\/\/eldigitaldeasturias.com\/radio\/author\/nbasturias\/#author","url":"https:\/\/eldigitaldeasturias.com\/radio\/author\/nbasturias\/","name":"NBAsturias","image":{"@type":"ImageObject","@id":"https:\/\/eldigitaldeasturias.com\/radio\/merkel-faltan-8-000-millones-de-euros-para-vacuna-contra-coronavirus\/#authorImage","url":"https:\/\/secure.gravatar.com\/avatar\/df2aeffc32bcd13f8d26072ef8a91b623d677766deac7f97ca815868cd41bf5e?s=96&d=mm&r=g","width":96,"height":96,"caption":"NBAsturias"}},{"@type":"WebPage","@id":"https:\/\/eldigitaldeasturias.com\/radio\/merkel-faltan-8-000-millones-de-euros-para-vacuna-contra-coronavirus\/#webpage","url":"https:\/\/eldigitaldeasturias.com\/radio\/merkel-faltan-8-000-millones-de-euros-para-vacuna-contra-coronavirus\/","name":"Merkel: Faltan 8.000 millones de euros para vacuna contra coronavirus | El Digital de Asturias","description":"Berl\u00edn, 2 may (dpa) - La canciller alemana, Angela Merkel, exhort\u00f3 hoy a intensificar la cooperaci\u00f3n internacional en la b\u00fasqueda de medicamentos y vacunas para la contenci\u00f3n de las infecciones de coronavirus. \"Actualmente, se estima que faltan unos 8.000 millones de euros (8.775 millones de d\u00f3lares) para el desarrollo de una vacuna\", dijo la canciller","inLanguage":"es-ES","isPartOf":{"@id":"https:\/\/eldigitaldeasturias.com\/radio\/#website"},"breadcrumb":{"@id":"https:\/\/eldigitaldeasturias.com\/radio\/merkel-faltan-8-000-millones-de-euros-para-vacuna-contra-coronavirus\/#breadcrumblist"},"author":{"@id":"https:\/\/eldigitaldeasturias.com\/radio\/author\/nbasturias\/#author"},"creator":{"@id":"https:\/\/eldigitaldeasturias.com\/radio\/author\/nbasturias\/#author"},"image":{"@type":"ImageObject","url":"https:\/\/eldigitaldeasturias.com\/radio\/wp-content\/uploads\/2018\/10\/berlin-76509_960_720.jpg","@id":"https:\/\/eldigitaldeasturias.com\/radio\/merkel-faltan-8-000-millones-de-euros-para-vacuna-contra-coronavirus\/#mainImage","width":960,"height":720},"primaryImageOfPage":{"@id":"https:\/\/eldigitaldeasturias.com\/radio\/merkel-faltan-8-000-millones-de-euros-para-vacuna-contra-coronavirus\/#mainImage"},"datePublished":"2020-05-05T01:45:14+02:00","dateModified":"2020-05-05T01:45:14+02:00"},{"@type":"WebSite","@id":"https:\/\/eldigitaldeasturias.com\/radio\/#website","url":"https:\/\/eldigitaldeasturias.com\/radio\/","name":"El Digital de Asturias","description":"Diario de informaci\u00f3n y noticias","inLanguage":"es-ES","publisher":{"@id":"https:\/\/eldigitaldeasturias.com\/radio\/#organization"}}]},"og:locale":"es_ES","og:site_name":"El Digital de Asturias | Diario de informaci\u00f3n y noticias","og:type":"article","og:title":"Merkel: Faltan 8.000 millones de euros para vacuna contra coronavirus | El Digital de Asturias","og:description":"Berl\u00edn, 2 may (dpa) - La canciller alemana, Angela Merkel, exhort\u00f3 hoy a intensificar la cooperaci\u00f3n internacional en la b\u00fasqueda de medicamentos y vacunas para la contenci\u00f3n de las infecciones de coronavirus. &quot;Actualmente, se estima que faltan unos 8.000 millones de euros (8.775 millones de d\u00f3lares) para el desarrollo de una vacuna&quot;, dijo la canciller","og:url":"https:\/\/eldigitaldeasturias.com\/radio\/merkel-faltan-8-000-millones-de-euros-para-vacuna-contra-coronavirus\/","og:image":"https:\/\/eldigitaldeasturias.com\/radio\/wp-content\/uploads\/2018\/10\/berlin-76509_960_720.jpg","og:image:secure_url":"https:\/\/eldigitaldeasturias.com\/radio\/wp-content\/uploads\/2018\/10\/berlin-76509_960_720.jpg","og:image:width":960,"og:image:height":720,"article:published_time":"2020-05-05T01:45:14+00:00","article:modified_time":"2020-05-05T01:45:14+00:00","twitter:card":"summary_large_image","twitter:site":"@bercodi","twitter:title":"Merkel: Faltan 8.000 millones de euros para vacuna contra coronavirus | El Digital de Asturias","twitter:description":"Berl\u00edn, 2 may (dpa) - La canciller alemana, Angela Merkel, exhort\u00f3 hoy a intensificar la cooperaci\u00f3n internacional en la b\u00fasqueda de medicamentos y vacunas para la contenci\u00f3n de las infecciones de coronavirus. &quot;Actualmente, se estima que faltan unos 8.000 millones de euros (8.775 millones de d\u00f3lares) para el desarrollo de una vacuna&quot;, dijo la canciller","twitter:creator":"@bercodi","twitter:image":"https:\/\/eldigitaldeasturias.com\/radio\/wp-content\/uploads\/2018\/10\/berlin-76509_960_720.jpg"},"aioseo_meta_data":{"post_id":"4299","title":null,"description":null,"keywords":null,"keyphrases":null,"primary_term":null,"canonical_url":null,"og_title":null,"og_description":null,"og_object_type":"default","og_image_type":"default","og_image_url":null,"og_image_width":null,"og_image_height":null,"og_image_custom_url":null,"og_image_custom_fields":null,"og_video":null,"og_custom_url":null,"og_article_section":null,"og_article_tags":null,"twitter_use_og":false,"twitter_card":"default","twitter_image_type":"default","twitter_image_url":null,"twitter_image_custom_url":null,"twitter_image_custom_fields":null,"twitter_title":null,"twitter_description":null,"schema":{"blockGraphs":[],"customGraphs":[],"default":{"data":{"Article":[],"Course":[],"Dataset":[],"FAQPage":[],"Movie":[],"Person":[],"Product":[],"ProductReview":[],"Car":[],"Recipe":[],"Service":[],"SoftwareApplication":[],"WebPage":[]},"graphName":"","isEnabled":true},"graphs":[],"defaultGraph":"","defaultPostTypeGraph":""},"schema_type":null,"schema_type_options":null,"pillar_content":false,"robots_default":true,"robots_noindex":false,"robots_noarchive":false,"robots_nosnippet":false,"robots_nofollow":false,"robots_noimageindex":false,"robots_noodp":false,"robots_notranslate":false,"robots_max_snippet":null,"robots_max_videopreview":null,"robots_max_imagepreview":"large","priority":null,"frequency":null,"location":null,"local_seo":null,"seo_analyzer_scan_date":"2025-08-28 15:44:26","breadcrumb_settings":null,"limit_modified_date":false,"open_ai":null,"ai":null,"created":"2021-03-26 01:45:22","updated":"2025-08-28 15:44:26"},"aioseo_breadcrumb":"<div class=\"aioseo-breadcrumbs\"><span class=\"aioseo-breadcrumb\">\n\t<a href=\"https:\/\/eldigitaldeasturias.com\/radio\" title=\"Inicio\">Inicio<\/a>\n<\/span><span class=\"aioseo-breadcrumb-separator\">&ndash;<\/span><span class=\"aioseo-breadcrumb\">\n\t<a href=\"https:\/\/eldigitaldeasturias.com\/radio\/category\/noticias\/\" title=\"Noticias\">Noticias<\/a>\n<\/span><span class=\"aioseo-breadcrumb-separator\">&ndash;<\/span><span class=\"aioseo-breadcrumb\">\n\tMerkel: Faltan 8.000 millones de euros para vacuna contra coronavirus\n<\/span><\/div>","aioseo_breadcrumb_json":[{"label":"Inicio","link":"https:\/\/eldigitaldeasturias.com\/radio"},{"label":"Noticias","link":"https:\/\/eldigitaldeasturias.com\/radio\/category\/noticias\/"},{"label":"Merkel: Faltan 8.000 millones de euros para vacuna contra coronavirus","link":"https:\/\/eldigitaldeasturias.com\/radio\/merkel-faltan-8-000-millones-de-euros-para-vacuna-contra-coronavirus\/"}],"_links":{"self":[{"href":"https:\/\/eldigitaldeasturias.com\/radio\/wp-json\/wp\/v2\/posts\/4299","targetHints":{"allow":["GET"]}}],"collection":[{"href":"https:\/\/eldigitaldeasturias.com\/radio\/wp-json\/wp\/v2\/posts"}],"about":[{"href":"https:\/\/eldigitaldeasturias.com\/radio\/wp-json\/wp\/v2\/types\/post"}],"author":[{"embeddable":true,"href":"https:\/\/eldigitaldeasturias.com\/radio\/wp-json\/wp\/v2\/users\/1"}],"replies":[{"embeddable":true,"href":"https:\/\/eldigitaldeasturias.com\/radio\/wp-json\/wp\/v2\/comments?post=4299"}],"version-history":[{"count":0,"href":"https:\/\/eldigitaldeasturias.com\/radio\/wp-json\/wp\/v2\/posts\/4299\/revisions"}],"wp:featuredmedia":[{"embeddable":true,"href":"https:\/\/eldigitaldeasturias.com\/radio\/wp-json\/wp\/v2\/media\/1439"}],"wp:attachment":[{"href":"https:\/\/eldigitaldeasturias.com\/radio\/wp-json\/wp\/v2\/media?parent=4299"}],"wp:term":[{"taxonomy":"category","embeddable":true,"href":"https:\/\/eldigitaldeasturias.com\/radio\/wp-json\/wp\/v2\/categories?post=4299"},{"taxonomy":"post_tag","embeddable":true,"href":"https:\/\/eldigitaldeasturias.com\/radio\/wp-json\/wp\/v2\/tags?post=4299"}],"curies":[{"name":"wp","href":"https:\/\/api.w.org\/{rel}","templated":true}]}}