{"id":4292,"date":"2020-05-05T01:38:12","date_gmt":"2020-05-05T01:38:12","guid":{"rendered":"http:\/\/www.eldigitaldeasturias.com\/radio\/?p=4292"},"modified":"2020-05-05T01:38:12","modified_gmt":"2020-05-05T01:38:12","slug":"timo-werner-prefiere-jugar-fuera-de-alemania-que-ir-al-bayern","status":"publish","type":"post","link":"https:\/\/eldigitaldeasturias.com\/radio\/timo-werner-prefiere-jugar-fuera-de-alemania-que-ir-al-bayern\/","title":{"rendered":"Timo Werner prefiere jugar fuera de Alemania que ir al Bayern"},"content":{"rendered":"<p><img fetchpriority=\"high\" decoding=\"async\" class=\"alignleft size-medium wp-image-72\" src=\"http:\/\/www.eldigitaldeasturias.com\/radio\/wp-content\/uploads\/2018\/03\/football-1406106_1280-360x241.jpg\" alt=\"\" width=\"360\" height=\"241\" srcset=\"https:\/\/eldigitaldeasturias.com\/radio\/wp-content\/uploads\/2018\/03\/football-1406106_1280-360x241.jpg 360w, https:\/\/eldigitaldeasturias.com\/radio\/wp-content\/uploads\/2018\/03\/football-1406106_1280-1024x686.jpg 1024w, https:\/\/eldigitaldeasturias.com\/radio\/wp-content\/uploads\/2018\/03\/football-1406106_1280-768x514.jpg 768w, https:\/\/eldigitaldeasturias.com\/radio\/wp-content\/uploads\/2018\/03\/football-1406106_1280.jpg 1280w\" sizes=\"(max-width: 360px) 100vw, 360px\" \/>Leipzig (Alemania), 2 may (dpa) &#8211; El internacional alem\u00e1n Timo Werner preferir\u00eda ir al extranjero antes que fichar por el Bayern en caso de una posible salida del Leipzig, declar\u00f3 el goleador del equipo saj\u00f3n en una entrevista publicada hoy por el diario \u00abBild\u00bb.<\/p>\n<p>\u00abEl Bayern es un gran club, eso no se discute. Y Hansi Flick demostr\u00f3 esta temporada que es un entrenador realmente bueno. Pero, en caso de que en alg\u00fan momento, un traspaso fuera un tema, estar\u00eda m\u00e1s interesado en ir al extranjero que al Bayern\u00bb, dijo Werner.<\/p>\n<p>El nombre del r\u00e1pido delantero centro de 24 a\u00f1os se asocia a menudo con el Liverpool y el Chelsea de la Liga inglesa, pero, al parecer, tambi\u00e9n hay otros clubes europeos importantes interesados en \u00e9l.<\/p>\n<p>Su contrato con el Leipzig no rescinde hasta el 30 de junio de 2023. Sin embargo, podr\u00eda dejar el club ya este verano a cambio de un traspaso de supuestamente 60 millones de euros (66,5 millones de d\u00f3lares).<\/p>\n<p>\u00abSencillamente, el desaf\u00edo de jugar en otra Liga me atraer\u00eda a\u00fan m\u00e1s que un cambio dentro de la Bundesliga\u00bb, explic\u00f3 Werner.<\/p>\n<p>\u00abY, por supuesto, tambi\u00e9n es decisivo que haya una gran estima mutua\u00bb, coment\u00f3 en alusi\u00f3n a que el pasado verano (boreal) no se lleg\u00f3 a producir el traspaso al club b\u00e1varo. \u00abNo s\u00e9 decir cu\u00e1les fueron los motivos del Bayern en ese entonces\u00bb, explic\u00f3.<\/p>\n<p>A la pregunta de si se quedar\u00eda en el Leipzig m\u00e1s all\u00e1 de este verano (boreal), Werner contest\u00f3 con evasivas y elogi\u00f3 lo que hab\u00edan logrado juntos. \u00abAprecio mucho lo que tengo en el Leipzig y por lo tanto nunca dir\u00eda: &#8216;Tengo que irme de aqu\u00ed como sea'\u00bb, se\u00f1al\u00f3.<\/p>\n","protected":false},"excerpt":{"rendered":"<p>Leipzig (Alemania), 2 may (dpa) &#8211; El internacional alem\u00e1n Timo Werner preferir\u00eda ir al extranjero antes que fichar por el Bayern en caso de una posible salida del Leipzig, declar\u00f3 el goleador del equipo saj\u00f3n en una entrevista publicada hoy por el diario \u00abBild\u00bb. \u00abEl Bayern es un gran club, eso no se discute. Y<\/p>\n","protected":false},"author":1,"featured_media":72,"comment_status":"closed","ping_status":"closed","sticky":false,"template":"","format":"standard","meta":{"footnotes":""},"categories":[1],"tags":[],"class_list":{"0":"post-4292","1":"post","2":"type-post","3":"status-publish","4":"format-standard","5":"has-post-thumbnail","7":"category-noticias"},"aioseo_notices":[],"aioseo_head":"\n\t\t<!-- All in One SEO Pro 4.9.6.2 - aioseo.com -->\n\t<meta name=\"description\" content=\"Leipzig (Alemania), 2 may (dpa) - El internacional alem\u00e1n Timo Werner preferir\u00eda ir al extranjero antes que fichar por el Bayern en caso de una posible salida del Leipzig, declar\u00f3 el goleador del equipo saj\u00f3n en una entrevista publicada hoy por el diario &quot;Bild&quot;. &quot;El Bayern es un gran club, eso no se discute. Y\" \/>\n\t<meta name=\"robots\" content=\"max-image-preview:large\" \/>\n\t<meta name=\"author\" content=\"NBAsturias\"\/>\n\t<meta name=\"google-site-verification\" content=\"UA-38556648-1\" \/>\n\t<meta name=\"keywords\" content=\"noticias\" \/>\n\t<link rel=\"canonical\" href=\"https:\/\/eldigitaldeasturias.com\/radio\/timo-werner-prefiere-jugar-fuera-de-alemania-que-ir-al-bayern\/\" \/>\n\t<meta name=\"generator\" content=\"All in One SEO Pro (AIOSEO) 4.9.6.2\" \/>\n\t\t<meta property=\"og:locale\" content=\"es_ES\" \/>\n\t\t<meta property=\"og:site_name\" content=\"El Digital de Asturias | Diario de informaci\u00f3n y noticias\" \/>\n\t\t<meta property=\"og:type\" content=\"article\" \/>\n\t\t<meta property=\"og:title\" content=\"Timo Werner prefiere jugar fuera de Alemania que ir al Bayern | El Digital de Asturias\" \/>\n\t\t<meta property=\"og:description\" content=\"Leipzig (Alemania), 2 may (dpa) - El internacional alem\u00e1n Timo Werner preferir\u00eda ir al extranjero antes que fichar por el Bayern en caso de una posible salida del Leipzig, declar\u00f3 el goleador del equipo saj\u00f3n en una entrevista publicada hoy por el diario &quot;Bild&quot;. &quot;El Bayern es un gran club, eso no se discute. Y\" \/>\n\t\t<meta property=\"og:url\" content=\"https:\/\/eldigitaldeasturias.com\/radio\/timo-werner-prefiere-jugar-fuera-de-alemania-que-ir-al-bayern\/\" \/>\n\t\t<meta property=\"og:image\" content=\"https:\/\/eldigitaldeasturias.com\/radio\/wp-content\/uploads\/2018\/03\/football-1406106_1280.jpg\" \/>\n\t\t<meta property=\"og:image:secure_url\" content=\"https:\/\/eldigitaldeasturias.com\/radio\/wp-content\/uploads\/2018\/03\/football-1406106_1280.jpg\" \/>\n\t\t<meta property=\"og:image:width\" content=\"1280\" \/>\n\t\t<meta property=\"og:image:height\" content=\"857\" \/>\n\t\t<meta property=\"article:published_time\" content=\"2020-05-05T01:38:12+00:00\" \/>\n\t\t<meta property=\"article:modified_time\" content=\"2020-05-05T01:38:12+00:00\" \/>\n\t\t<meta name=\"twitter:card\" content=\"summary_large_image\" \/>\n\t\t<meta name=\"twitter:site\" content=\"@bercodi\" \/>\n\t\t<meta name=\"twitter:title\" content=\"Timo Werner prefiere jugar fuera de Alemania que ir al Bayern | El Digital de Asturias\" \/>\n\t\t<meta name=\"twitter:description\" content=\"Leipzig (Alemania), 2 may (dpa) - El internacional alem\u00e1n Timo Werner preferir\u00eda ir al extranjero antes que fichar por el Bayern en caso de una posible salida del Leipzig, declar\u00f3 el goleador del equipo saj\u00f3n en una entrevista publicada hoy por el diario &quot;Bild&quot;. &quot;El Bayern es un gran club, eso no se discute. Y\" \/>\n\t\t<meta name=\"twitter:creator\" content=\"@bercodi\" \/>\n\t\t<meta name=\"twitter:image\" content=\"https:\/\/eldigitaldeasturias.com\/radio\/wp-content\/uploads\/2018\/03\/football-1406106_1280.jpg\" \/>\n\t\t<script type=\"application\/ld+json\" class=\"aioseo-schema\">\n\t\t\t{\"@context\":\"https:\\\/\\\/schema.org\",\"@graph\":[{\"@type\":\"BreadcrumbList\",\"@id\":\"https:\\\/\\\/eldigitaldeasturias.com\\\/radio\\\/timo-werner-prefiere-jugar-fuera-de-alemania-que-ir-al-bayern\\\/#breadcrumblist\",\"itemListElement\":[{\"@type\":\"ListItem\",\"@id\":\"https:\\\/\\\/eldigitaldeasturias.com\\\/radio#listItem\",\"position\":1,\"name\":\"Inicio\",\"item\":\"https:\\\/\\\/eldigitaldeasturias.com\\\/radio\",\"nextItem\":{\"@type\":\"ListItem\",\"@id\":\"https:\\\/\\\/eldigitaldeasturias.com\\\/radio\\\/category\\\/noticias\\\/#listItem\",\"name\":\"Noticias\"}},{\"@type\":\"ListItem\",\"@id\":\"https:\\\/\\\/eldigitaldeasturias.com\\\/radio\\\/category\\\/noticias\\\/#listItem\",\"position\":2,\"name\":\"Noticias\",\"item\":\"https:\\\/\\\/eldigitaldeasturias.com\\\/radio\\\/category\\\/noticias\\\/\",\"nextItem\":{\"@type\":\"ListItem\",\"@id\":\"https:\\\/\\\/eldigitaldeasturias.com\\\/radio\\\/timo-werner-prefiere-jugar-fuera-de-alemania-que-ir-al-bayern\\\/#listItem\",\"name\":\"Timo Werner prefiere jugar fuera de Alemania que ir al Bayern\"},\"previousItem\":{\"@type\":\"ListItem\",\"@id\":\"https:\\\/\\\/eldigitaldeasturias.com\\\/radio#listItem\",\"name\":\"Inicio\"}},{\"@type\":\"ListItem\",\"@id\":\"https:\\\/\\\/eldigitaldeasturias.com\\\/radio\\\/timo-werner-prefiere-jugar-fuera-de-alemania-que-ir-al-bayern\\\/#listItem\",\"position\":3,\"name\":\"Timo Werner prefiere jugar fuera de Alemania que ir al Bayern\",\"previousItem\":{\"@type\":\"ListItem\",\"@id\":\"https:\\\/\\\/eldigitaldeasturias.com\\\/radio\\\/category\\\/noticias\\\/#listItem\",\"name\":\"Noticias\"}}]},{\"@type\":\"NewsArticle\",\"@id\":\"https:\\\/\\\/eldigitaldeasturias.com\\\/radio\\\/timo-werner-prefiere-jugar-fuera-de-alemania-que-ir-al-bayern\\\/#newsarticle\",\"name\":\"Timo Werner prefiere jugar fuera de Alemania que ir al Bayern | El Digital de Asturias\",\"headline\":\"Timo Werner prefiere jugar fuera de Alemania que ir al Bayern\",\"author\":{\"@id\":\"https:\\\/\\\/eldigitaldeasturias.com\\\/radio\\\/author\\\/nbasturias\\\/#author\"},\"publisher\":{\"@id\":\"https:\\\/\\\/eldigitaldeasturias.com\\\/radio\\\/#organization\"},\"image\":{\"@type\":\"ImageObject\",\"url\":\"https:\\\/\\\/eldigitaldeasturias.com\\\/radio\\\/wp-content\\\/uploads\\\/2018\\\/03\\\/football-1406106_1280.jpg\",\"width\":1280,\"height\":857},\"datePublished\":\"2020-05-05T01:38:12+02:00\",\"dateModified\":\"2020-05-05T01:38:12+02:00\",\"inLanguage\":\"es-ES\",\"mainEntityOfPage\":{\"@id\":\"https:\\\/\\\/eldigitaldeasturias.com\\\/radio\\\/timo-werner-prefiere-jugar-fuera-de-alemania-que-ir-al-bayern\\\/#webpage\"},\"isPartOf\":{\"@id\":\"https:\\\/\\\/eldigitaldeasturias.com\\\/radio\\\/timo-werner-prefiere-jugar-fuera-de-alemania-que-ir-al-bayern\\\/#webpage\"},\"articleSection\":\"Noticias\",\"dateline\":\"Publicado el mayo 5, 2020.\"},{\"@type\":\"Organization\",\"@id\":\"https:\\\/\\\/eldigitaldeasturias.com\\\/radio\\\/#organization\",\"name\":\"El digital de Asturias Radio\",\"description\":\"Diario de informaci\\u00f3n y noticias\",\"url\":\"https:\\\/\\\/eldigitaldeasturias.com\\\/radio\\\/\",\"telephone\":\"+34652131393\",\"logo\":{\"@type\":\"ImageObject\",\"url\":\"https:\\\/\\\/www.eldigitaldeasturias.com\\\/radio\\\/wp-content\\\/uploads\\\/2021\\\/03\\\/EDA.jpg\",\"@id\":\"https:\\\/\\\/eldigitaldeasturias.com\\\/radio\\\/timo-werner-prefiere-jugar-fuera-de-alemania-que-ir-al-bayern\\\/#organizationLogo\"},\"image\":{\"@id\":\"https:\\\/\\\/eldigitaldeasturias.com\\\/radio\\\/timo-werner-prefiere-jugar-fuera-de-alemania-que-ir-al-bayern\\\/#organizationLogo\"},\"sameAs\":[\"https:\\\/\\\/www.facebook.com\\\/\",\"https:\\\/\\\/x.com\\\/bercodi\",\"https:\\\/\\\/www.instagram.com\\\/\",\"https:\\\/\\\/www.youtube.com\\\/channel\\\/UCZP-2wLEB9Rv6erhFmqVnvg\"]},{\"@type\":\"Person\",\"@id\":\"https:\\\/\\\/eldigitaldeasturias.com\\\/radio\\\/author\\\/nbasturias\\\/#author\",\"url\":\"https:\\\/\\\/eldigitaldeasturias.com\\\/radio\\\/author\\\/nbasturias\\\/\",\"name\":\"NBAsturias\",\"image\":{\"@type\":\"ImageObject\",\"@id\":\"https:\\\/\\\/eldigitaldeasturias.com\\\/radio\\\/timo-werner-prefiere-jugar-fuera-de-alemania-que-ir-al-bayern\\\/#authorImage\",\"url\":\"https:\\\/\\\/secure.gravatar.com\\\/avatar\\\/df2aeffc32bcd13f8d26072ef8a91b623d677766deac7f97ca815868cd41bf5e?s=96&d=mm&r=g\",\"width\":96,\"height\":96,\"caption\":\"NBAsturias\"}},{\"@type\":\"WebPage\",\"@id\":\"https:\\\/\\\/eldigitaldeasturias.com\\\/radio\\\/timo-werner-prefiere-jugar-fuera-de-alemania-que-ir-al-bayern\\\/#webpage\",\"url\":\"https:\\\/\\\/eldigitaldeasturias.com\\\/radio\\\/timo-werner-prefiere-jugar-fuera-de-alemania-que-ir-al-bayern\\\/\",\"name\":\"Timo Werner prefiere jugar fuera de Alemania que ir al Bayern | El Digital de Asturias\",\"description\":\"Leipzig (Alemania), 2 may (dpa) - El internacional alem\\u00e1n Timo Werner preferir\\u00eda ir al extranjero antes que fichar por el Bayern en caso de una posible salida del Leipzig, declar\\u00f3 el goleador del equipo saj\\u00f3n en una entrevista publicada hoy por el diario \\\"Bild\\\". \\\"El Bayern es un gran club, eso no se discute. Y\",\"inLanguage\":\"es-ES\",\"isPartOf\":{\"@id\":\"https:\\\/\\\/eldigitaldeasturias.com\\\/radio\\\/#website\"},\"breadcrumb\":{\"@id\":\"https:\\\/\\\/eldigitaldeasturias.com\\\/radio\\\/timo-werner-prefiere-jugar-fuera-de-alemania-que-ir-al-bayern\\\/#breadcrumblist\"},\"author\":{\"@id\":\"https:\\\/\\\/eldigitaldeasturias.com\\\/radio\\\/author\\\/nbasturias\\\/#author\"},\"creator\":{\"@id\":\"https:\\\/\\\/eldigitaldeasturias.com\\\/radio\\\/author\\\/nbasturias\\\/#author\"},\"image\":{\"@type\":\"ImageObject\",\"url\":\"https:\\\/\\\/eldigitaldeasturias.com\\\/radio\\\/wp-content\\\/uploads\\\/2018\\\/03\\\/football-1406106_1280.jpg\",\"@id\":\"https:\\\/\\\/eldigitaldeasturias.com\\\/radio\\\/timo-werner-prefiere-jugar-fuera-de-alemania-que-ir-al-bayern\\\/#mainImage\",\"width\":1280,\"height\":857},\"primaryImageOfPage\":{\"@id\":\"https:\\\/\\\/eldigitaldeasturias.com\\\/radio\\\/timo-werner-prefiere-jugar-fuera-de-alemania-que-ir-al-bayern\\\/#mainImage\"},\"datePublished\":\"2020-05-05T01:38:12+02:00\",\"dateModified\":\"2020-05-05T01:38:12+02:00\"},{\"@type\":\"WebSite\",\"@id\":\"https:\\\/\\\/eldigitaldeasturias.com\\\/radio\\\/#website\",\"url\":\"https:\\\/\\\/eldigitaldeasturias.com\\\/radio\\\/\",\"name\":\"El Digital de Asturias\",\"description\":\"Diario de informaci\\u00f3n y noticias\",\"inLanguage\":\"es-ES\",\"publisher\":{\"@id\":\"https:\\\/\\\/eldigitaldeasturias.com\\\/radio\\\/#organization\"}}]}\n\t\t<\/script>\n\t\t<!-- All in One SEO Pro -->\r\n\t\t<title>Timo Werner prefiere jugar fuera de Alemania que ir al Bayern | El Digital de Asturias<\/title>\n\n","aioseo_head_json":{"title":"Timo Werner prefiere jugar fuera de Alemania que ir al Bayern | El Digital de Asturias","description":"Leipzig (Alemania), 2 may (dpa) - El internacional alem\u00e1n Timo Werner preferir\u00eda ir al extranjero antes que fichar por el Bayern en caso de una posible salida del Leipzig, declar\u00f3 el goleador del equipo saj\u00f3n en una entrevista publicada hoy por el diario \"Bild\". \"El Bayern es un gran club, eso no se discute. Y","canonical_url":"https:\/\/eldigitaldeasturias.com\/radio\/timo-werner-prefiere-jugar-fuera-de-alemania-que-ir-al-bayern\/","robots":"max-image-preview:large","keywords":"noticias","webmasterTools":{"google-site-verification":"UA-38556648-1","miscellaneous":""},"schema":{"@context":"https:\/\/schema.org","@graph":[{"@type":"BreadcrumbList","@id":"https:\/\/eldigitaldeasturias.com\/radio\/timo-werner-prefiere-jugar-fuera-de-alemania-que-ir-al-bayern\/#breadcrumblist","itemListElement":[{"@type":"ListItem","@id":"https:\/\/eldigitaldeasturias.com\/radio#listItem","position":1,"name":"Inicio","item":"https:\/\/eldigitaldeasturias.com\/radio","nextItem":{"@type":"ListItem","@id":"https:\/\/eldigitaldeasturias.com\/radio\/category\/noticias\/#listItem","name":"Noticias"}},{"@type":"ListItem","@id":"https:\/\/eldigitaldeasturias.com\/radio\/category\/noticias\/#listItem","position":2,"name":"Noticias","item":"https:\/\/eldigitaldeasturias.com\/radio\/category\/noticias\/","nextItem":{"@type":"ListItem","@id":"https:\/\/eldigitaldeasturias.com\/radio\/timo-werner-prefiere-jugar-fuera-de-alemania-que-ir-al-bayern\/#listItem","name":"Timo Werner prefiere jugar fuera de Alemania que ir al Bayern"},"previousItem":{"@type":"ListItem","@id":"https:\/\/eldigitaldeasturias.com\/radio#listItem","name":"Inicio"}},{"@type":"ListItem","@id":"https:\/\/eldigitaldeasturias.com\/radio\/timo-werner-prefiere-jugar-fuera-de-alemania-que-ir-al-bayern\/#listItem","position":3,"name":"Timo Werner prefiere jugar fuera de Alemania que ir al Bayern","previousItem":{"@type":"ListItem","@id":"https:\/\/eldigitaldeasturias.com\/radio\/category\/noticias\/#listItem","name":"Noticias"}}]},{"@type":"NewsArticle","@id":"https:\/\/eldigitaldeasturias.com\/radio\/timo-werner-prefiere-jugar-fuera-de-alemania-que-ir-al-bayern\/#newsarticle","name":"Timo Werner prefiere jugar fuera de Alemania que ir al Bayern | El Digital de Asturias","headline":"Timo Werner prefiere jugar fuera de Alemania que ir al Bayern","author":{"@id":"https:\/\/eldigitaldeasturias.com\/radio\/author\/nbasturias\/#author"},"publisher":{"@id":"https:\/\/eldigitaldeasturias.com\/radio\/#organization"},"image":{"@type":"ImageObject","url":"https:\/\/eldigitaldeasturias.com\/radio\/wp-content\/uploads\/2018\/03\/football-1406106_1280.jpg","width":1280,"height":857},"datePublished":"2020-05-05T01:38:12+02:00","dateModified":"2020-05-05T01:38:12+02:00","inLanguage":"es-ES","mainEntityOfPage":{"@id":"https:\/\/eldigitaldeasturias.com\/radio\/timo-werner-prefiere-jugar-fuera-de-alemania-que-ir-al-bayern\/#webpage"},"isPartOf":{"@id":"https:\/\/eldigitaldeasturias.com\/radio\/timo-werner-prefiere-jugar-fuera-de-alemania-que-ir-al-bayern\/#webpage"},"articleSection":"Noticias","dateline":"Publicado el mayo 5, 2020."},{"@type":"Organization","@id":"https:\/\/eldigitaldeasturias.com\/radio\/#organization","name":"El digital de Asturias Radio","description":"Diario de informaci\u00f3n y noticias","url":"https:\/\/eldigitaldeasturias.com\/radio\/","telephone":"+34652131393","logo":{"@type":"ImageObject","url":"https:\/\/www.eldigitaldeasturias.com\/radio\/wp-content\/uploads\/2021\/03\/EDA.jpg","@id":"https:\/\/eldigitaldeasturias.com\/radio\/timo-werner-prefiere-jugar-fuera-de-alemania-que-ir-al-bayern\/#organizationLogo"},"image":{"@id":"https:\/\/eldigitaldeasturias.com\/radio\/timo-werner-prefiere-jugar-fuera-de-alemania-que-ir-al-bayern\/#organizationLogo"},"sameAs":["https:\/\/www.facebook.com\/","https:\/\/x.com\/bercodi","https:\/\/www.instagram.com\/","https:\/\/www.youtube.com\/channel\/UCZP-2wLEB9Rv6erhFmqVnvg"]},{"@type":"Person","@id":"https:\/\/eldigitaldeasturias.com\/radio\/author\/nbasturias\/#author","url":"https:\/\/eldigitaldeasturias.com\/radio\/author\/nbasturias\/","name":"NBAsturias","image":{"@type":"ImageObject","@id":"https:\/\/eldigitaldeasturias.com\/radio\/timo-werner-prefiere-jugar-fuera-de-alemania-que-ir-al-bayern\/#authorImage","url":"https:\/\/secure.gravatar.com\/avatar\/df2aeffc32bcd13f8d26072ef8a91b623d677766deac7f97ca815868cd41bf5e?s=96&d=mm&r=g","width":96,"height":96,"caption":"NBAsturias"}},{"@type":"WebPage","@id":"https:\/\/eldigitaldeasturias.com\/radio\/timo-werner-prefiere-jugar-fuera-de-alemania-que-ir-al-bayern\/#webpage","url":"https:\/\/eldigitaldeasturias.com\/radio\/timo-werner-prefiere-jugar-fuera-de-alemania-que-ir-al-bayern\/","name":"Timo Werner prefiere jugar fuera de Alemania que ir al Bayern | El Digital de Asturias","description":"Leipzig (Alemania), 2 may (dpa) - El internacional alem\u00e1n Timo Werner preferir\u00eda ir al extranjero antes que fichar por el Bayern en caso de una posible salida del Leipzig, declar\u00f3 el goleador del equipo saj\u00f3n en una entrevista publicada hoy por el diario \"Bild\". \"El Bayern es un gran club, eso no se discute. Y","inLanguage":"es-ES","isPartOf":{"@id":"https:\/\/eldigitaldeasturias.com\/radio\/#website"},"breadcrumb":{"@id":"https:\/\/eldigitaldeasturias.com\/radio\/timo-werner-prefiere-jugar-fuera-de-alemania-que-ir-al-bayern\/#breadcrumblist"},"author":{"@id":"https:\/\/eldigitaldeasturias.com\/radio\/author\/nbasturias\/#author"},"creator":{"@id":"https:\/\/eldigitaldeasturias.com\/radio\/author\/nbasturias\/#author"},"image":{"@type":"ImageObject","url":"https:\/\/eldigitaldeasturias.com\/radio\/wp-content\/uploads\/2018\/03\/football-1406106_1280.jpg","@id":"https:\/\/eldigitaldeasturias.com\/radio\/timo-werner-prefiere-jugar-fuera-de-alemania-que-ir-al-bayern\/#mainImage","width":1280,"height":857},"primaryImageOfPage":{"@id":"https:\/\/eldigitaldeasturias.com\/radio\/timo-werner-prefiere-jugar-fuera-de-alemania-que-ir-al-bayern\/#mainImage"},"datePublished":"2020-05-05T01:38:12+02:00","dateModified":"2020-05-05T01:38:12+02:00"},{"@type":"WebSite","@id":"https:\/\/eldigitaldeasturias.com\/radio\/#website","url":"https:\/\/eldigitaldeasturias.com\/radio\/","name":"El Digital de Asturias","description":"Diario de informaci\u00f3n y noticias","inLanguage":"es-ES","publisher":{"@id":"https:\/\/eldigitaldeasturias.com\/radio\/#organization"}}]},"og:locale":"es_ES","og:site_name":"El Digital de Asturias | Diario de informaci\u00f3n y noticias","og:type":"article","og:title":"Timo Werner prefiere jugar fuera de Alemania que ir al Bayern | El Digital de Asturias","og:description":"Leipzig (Alemania), 2 may (dpa) - El internacional alem\u00e1n Timo Werner preferir\u00eda ir al extranjero antes que fichar por el Bayern en caso de una posible salida del Leipzig, declar\u00f3 el goleador del equipo saj\u00f3n en una entrevista publicada hoy por el diario &quot;Bild&quot;. &quot;El Bayern es un gran club, eso no se discute. Y","og:url":"https:\/\/eldigitaldeasturias.com\/radio\/timo-werner-prefiere-jugar-fuera-de-alemania-que-ir-al-bayern\/","og:image":"https:\/\/eldigitaldeasturias.com\/radio\/wp-content\/uploads\/2018\/03\/football-1406106_1280.jpg","og:image:secure_url":"https:\/\/eldigitaldeasturias.com\/radio\/wp-content\/uploads\/2018\/03\/football-1406106_1280.jpg","og:image:width":1280,"og:image:height":857,"article:published_time":"2020-05-05T01:38:12+00:00","article:modified_time":"2020-05-05T01:38:12+00:00","twitter:card":"summary_large_image","twitter:site":"@bercodi","twitter:title":"Timo Werner prefiere jugar fuera de Alemania que ir al Bayern | El Digital de Asturias","twitter:description":"Leipzig (Alemania), 2 may (dpa) - El internacional alem\u00e1n Timo Werner preferir\u00eda ir al extranjero antes que fichar por el Bayern en caso de una posible salida del Leipzig, declar\u00f3 el goleador del equipo saj\u00f3n en una entrevista publicada hoy por el diario &quot;Bild&quot;. &quot;El Bayern es un gran club, eso no se discute. Y","twitter:creator":"@bercodi","twitter:image":"https:\/\/eldigitaldeasturias.com\/radio\/wp-content\/uploads\/2018\/03\/football-1406106_1280.jpg"},"aioseo_meta_data":{"post_id":"4292","title":null,"description":null,"keywords":null,"keyphrases":null,"primary_term":null,"canonical_url":null,"og_title":null,"og_description":null,"og_object_type":"default","og_image_type":"default","og_image_url":null,"og_image_width":null,"og_image_height":null,"og_image_custom_url":null,"og_image_custom_fields":null,"og_video":null,"og_custom_url":null,"og_article_section":null,"og_article_tags":null,"twitter_use_og":false,"twitter_card":"default","twitter_image_type":"default","twitter_image_url":null,"twitter_image_custom_url":null,"twitter_image_custom_fields":null,"twitter_title":null,"twitter_description":null,"schema":{"blockGraphs":[],"customGraphs":[],"default":{"data":{"Article":[],"Course":[],"Dataset":[],"FAQPage":[],"Movie":[],"Person":[],"Product":[],"ProductReview":[],"Car":[],"Recipe":[],"Service":[],"SoftwareApplication":[],"WebPage":[]},"graphName":"","isEnabled":true},"graphs":[],"defaultGraph":"","defaultPostTypeGraph":""},"schema_type":null,"schema_type_options":null,"pillar_content":false,"robots_default":true,"robots_noindex":false,"robots_noarchive":false,"robots_nosnippet":false,"robots_nofollow":false,"robots_noimageindex":false,"robots_noodp":false,"robots_notranslate":false,"robots_max_snippet":null,"robots_max_videopreview":null,"robots_max_imagepreview":"large","priority":null,"frequency":null,"location":null,"local_seo":null,"seo_analyzer_scan_date":"2025-08-28 15:43:03","breadcrumb_settings":null,"limit_modified_date":false,"open_ai":null,"ai":null,"created":"2021-03-27 21:53:16","updated":"2025-08-28 15:43:03"},"aioseo_breadcrumb":"<div class=\"aioseo-breadcrumbs\"><span class=\"aioseo-breadcrumb\">\n\t<a href=\"https:\/\/eldigitaldeasturias.com\/radio\" title=\"Inicio\">Inicio<\/a>\n<\/span><span class=\"aioseo-breadcrumb-separator\">&ndash;<\/span><span class=\"aioseo-breadcrumb\">\n\t<a href=\"https:\/\/eldigitaldeasturias.com\/radio\/category\/noticias\/\" title=\"Noticias\">Noticias<\/a>\n<\/span><span class=\"aioseo-breadcrumb-separator\">&ndash;<\/span><span class=\"aioseo-breadcrumb\">\n\tTimo Werner prefiere jugar fuera de Alemania que ir al Bayern\n<\/span><\/div>","aioseo_breadcrumb_json":[{"label":"Inicio","link":"https:\/\/eldigitaldeasturias.com\/radio"},{"label":"Noticias","link":"https:\/\/eldigitaldeasturias.com\/radio\/category\/noticias\/"},{"label":"Timo Werner prefiere jugar fuera de Alemania que ir al Bayern","link":"https:\/\/eldigitaldeasturias.com\/radio\/timo-werner-prefiere-jugar-fuera-de-alemania-que-ir-al-bayern\/"}],"_links":{"self":[{"href":"https:\/\/eldigitaldeasturias.com\/radio\/wp-json\/wp\/v2\/posts\/4292","targetHints":{"allow":["GET"]}}],"collection":[{"href":"https:\/\/eldigitaldeasturias.com\/radio\/wp-json\/wp\/v2\/posts"}],"about":[{"href":"https:\/\/eldigitaldeasturias.com\/radio\/wp-json\/wp\/v2\/types\/post"}],"author":[{"embeddable":true,"href":"https:\/\/eldigitaldeasturias.com\/radio\/wp-json\/wp\/v2\/users\/1"}],"replies":[{"embeddable":true,"href":"https:\/\/eldigitaldeasturias.com\/radio\/wp-json\/wp\/v2\/comments?post=4292"}],"version-history":[{"count":0,"href":"https:\/\/eldigitaldeasturias.com\/radio\/wp-json\/wp\/v2\/posts\/4292\/revisions"}],"wp:featuredmedia":[{"embeddable":true,"href":"https:\/\/eldigitaldeasturias.com\/radio\/wp-json\/wp\/v2\/media\/72"}],"wp:attachment":[{"href":"https:\/\/eldigitaldeasturias.com\/radio\/wp-json\/wp\/v2\/media?parent=4292"}],"wp:term":[{"taxonomy":"category","embeddable":true,"href":"https:\/\/eldigitaldeasturias.com\/radio\/wp-json\/wp\/v2\/categories?post=4292"},{"taxonomy":"post_tag","embeddable":true,"href":"https:\/\/eldigitaldeasturias.com\/radio\/wp-json\/wp\/v2\/tags?post=4292"}],"curies":[{"name":"wp","href":"https:\/\/api.w.org\/{rel}","templated":true}]}}