{"id":4289,"date":"2020-05-05T01:37:03","date_gmt":"2020-05-05T01:37:03","guid":{"rendered":"http:\/\/www.eldigitaldeasturias.com\/radio\/?p=4289"},"modified":"2020-05-05T01:37:03","modified_gmt":"2020-05-05T01:37:03","slug":"policia-alemana-disuelve-protestas-de-1-de-mayo-no-autorizadas","status":"publish","type":"post","link":"https:\/\/eldigitaldeasturias.com\/radio\/policia-alemana-disuelve-protestas-de-1-de-mayo-no-autorizadas\/","title":{"rendered":"Polic\u00eda alemana disuelve protestas de 1 de mayo no autorizadas"},"content":{"rendered":"<p><img fetchpriority=\"high\" decoding=\"async\" class=\"alignleft size-medium wp-image-4290\" src=\"http:\/\/www.eldigitaldeasturias.com\/radio\/wp-content\/uploads\/2020\/05\/polizei-360x236.jpg\" alt=\"\" width=\"360\" height=\"236\" srcset=\"https:\/\/eldigitaldeasturias.com\/radio\/wp-content\/uploads\/2020\/05\/polizei-360x236.jpg 360w, https:\/\/eldigitaldeasturias.com\/radio\/wp-content\/uploads\/2020\/05\/polizei-1024x672.jpg 1024w, https:\/\/eldigitaldeasturias.com\/radio\/wp-content\/uploads\/2020\/05\/polizei-768x504.jpg 768w, https:\/\/eldigitaldeasturias.com\/radio\/wp-content\/uploads\/2020\/05\/polizei.jpg 1029w\" sizes=\"(max-width: 360px) 100vw, 360px\" \/>Berl\u00edn\/Hamburgo, 2 may (dpa) &#8211; Cientos de personas se reunieron por la tarde y noche en Berl\u00edn y Hamburgo en manifestaciones -no autorizadas- del 1 de mayo, a pesar de la prohibici\u00f3n debida a la pandemia de coronavirus.<\/p>\n<p>En el distrito berlin\u00e9s de Kreuzberg, m\u00e1s de 1.000 personas se desplazaron juntas por calles y plazas, donde al anochecer hubo forcejeos con las fuerzas del orden.<\/p>\n<p>Algunos manifestantes lanzaron botellas y piedras que hirieron a agentes, seg\u00fan tuite\u00f3 la Polic\u00eda de la capital germana, mientras que la jefa de esa instituci\u00f3n, Barbara Slowik, comunic\u00f3 que hubo 50 detenciones.<\/p>\n<p>En Hamburgo, la Polic\u00eda hizo uso de un veh\u00edculo lanza-agua para dispersar el viernes por la tarde a manifestantes de izquierda que se reunieron en el barrio Schanzenviertel de la ciudad portuaria.<\/p>\n<p>Una portavoz de la Polic\u00eda inform\u00f3 que los manifestantes hab\u00edan arrojado anteriormente objetos a los agentes del orden y que hab\u00edan sacado contenedores de basura a la calle y encendido pirotecnia.<\/p>\n<p>M\u00e1s temprano en la tarde, alrededor de 350 manifestantes de izquierda se hab\u00edan reunido en la popular calle Reeperbahn, en el distrito de luces rojas hamburgu\u00e9s, a pesar de la prohibici\u00f3n de reunirse a causa de la pandemia, pero fueron tambi\u00e9n dispersados por la Polic\u00eda. En ese operativo fueron arrestados cuatro sospechosos de agravios a los polic\u00edas.<\/p>\n<p>Activistas de izquierda en Hamburgo y Berl\u00edn hab\u00edan llamado a manifestarse por el Primero de Mayo el viernes por la tarde y noche, pero este tipo de manifestaciones est\u00e1n prohibidas de momento en Alemania, ya que no se permite ninguna forma de reuni\u00f3n con fines pol\u00edticos con m\u00e1s de 20 personas, aun si mantienen distancia entre s\u00ed.<\/p>\n<p>La participaci\u00f3n en manifestaciones no autorizadas es actualmente un delito penal.<\/p>\n<p>En Berl\u00edn, el operativo policial desplegado durante todo el 1 de mayo incluy\u00f3 un contingente de 5.000 agentes. De acuerdo con el responsable de la cartera del Interior de la ciudad-estado, se hab\u00edan autorizado 27 m\u00edtines con hasta 20 participantes cada uno.<\/p>\n<p>En los a\u00f1os 80 y 90, miles de activistas de izquierda se enfrentaron en batallas callejeras con la Polic\u00eda en el distrito berlin\u00e9s de Kreuzberg el 1 de mayo. En a\u00f1os posteriores hubo manifestaciones que duraron horas y escaramuzas cortas. En los \u00faltimos a\u00f1os, la violencia se redujo y las manifestaciones se transformaron en fiestas callejeras.<\/p>\n<p>En el distrito de Connewitz en Leipzig, varios cientos de personas se manifestaron el 1 de mayo, m\u00e1s de 200 seg\u00fan las estimaciones iniciales de la Polic\u00eda. Los manifestantes acudieron \u00abenmascarados\u00bb con mascarillas. Seg\u00fan una portavoz de la Polic\u00eda, las autoridades hab\u00edan autorizado esta manifestaci\u00f3n, la que se desenvolvi\u00f3 pac\u00edficamente, sin incidentes.<\/p>\n","protected":false},"excerpt":{"rendered":"<p>Berl\u00edn\/Hamburgo, 2 may (dpa) &#8211; Cientos de personas se reunieron por la tarde y noche en Berl\u00edn y Hamburgo en manifestaciones -no autorizadas- del 1 de mayo, a pesar de la prohibici\u00f3n debida a la pandemia de coronavirus. En el distrito berlin\u00e9s de Kreuzberg, m\u00e1s de 1.000 personas se desplazaron juntas por calles y plazas,<\/p>\n","protected":false},"author":1,"featured_media":4290,"comment_status":"closed","ping_status":"closed","sticky":false,"template":"","format":"standard","meta":{"footnotes":""},"categories":[1],"tags":[],"class_list":{"0":"post-4289","1":"post","2":"type-post","3":"status-publish","4":"format-standard","5":"has-post-thumbnail","7":"category-noticias"},"aioseo_notices":[],"aioseo_head":"\n\t\t<!-- All in One SEO Pro 4.9.6.2 - aioseo.com -->\n\t<meta name=\"description\" content=\"Berl\u00edn\/Hamburgo, 2 may (dpa) - Cientos de personas se reunieron por la tarde y noche en Berl\u00edn y Hamburgo en manifestaciones -no autorizadas- del 1 de mayo, a pesar de la prohibici\u00f3n debida a la pandemia de coronavirus. En el distrito berlin\u00e9s de Kreuzberg, m\u00e1s de 1.000 personas se desplazaron juntas por calles y plazas,\" \/>\n\t<meta name=\"robots\" content=\"max-image-preview:large\" \/>\n\t<meta name=\"author\" content=\"NBAsturias\"\/>\n\t<meta name=\"google-site-verification\" content=\"UA-38556648-1\" \/>\n\t<meta name=\"keywords\" content=\"noticias\" \/>\n\t<link rel=\"canonical\" href=\"https:\/\/eldigitaldeasturias.com\/radio\/policia-alemana-disuelve-protestas-de-1-de-mayo-no-autorizadas\/\" \/>\n\t<meta name=\"generator\" content=\"All in One SEO Pro (AIOSEO) 4.9.6.2\" \/>\n\t\t<meta property=\"og:locale\" content=\"es_ES\" \/>\n\t\t<meta property=\"og:site_name\" content=\"El Digital de Asturias | Diario de informaci\u00f3n y noticias\" \/>\n\t\t<meta property=\"og:type\" content=\"article\" \/>\n\t\t<meta property=\"og:title\" content=\"Polic\u00eda alemana disuelve protestas de 1 de mayo no autorizadas | El Digital de Asturias\" \/>\n\t\t<meta property=\"og:description\" content=\"Berl\u00edn\/Hamburgo, 2 may (dpa) - Cientos de personas se reunieron por la tarde y noche en Berl\u00edn y Hamburgo en manifestaciones -no autorizadas- del 1 de mayo, a pesar de la prohibici\u00f3n debida a la pandemia de coronavirus. En el distrito berlin\u00e9s de Kreuzberg, m\u00e1s de 1.000 personas se desplazaron juntas por calles y plazas,\" \/>\n\t\t<meta property=\"og:url\" content=\"https:\/\/eldigitaldeasturias.com\/radio\/policia-alemana-disuelve-protestas-de-1-de-mayo-no-autorizadas\/\" \/>\n\t\t<meta property=\"og:image\" content=\"https:\/\/eldigitaldeasturias.com\/radio\/wp-content\/uploads\/2020\/05\/polizei.jpg\" \/>\n\t\t<meta property=\"og:image:secure_url\" content=\"https:\/\/eldigitaldeasturias.com\/radio\/wp-content\/uploads\/2020\/05\/polizei.jpg\" \/>\n\t\t<meta property=\"og:image:width\" content=\"1029\" \/>\n\t\t<meta property=\"og:image:height\" content=\"675\" \/>\n\t\t<meta property=\"article:published_time\" content=\"2020-05-05T01:37:03+00:00\" \/>\n\t\t<meta property=\"article:modified_time\" content=\"2020-05-05T01:37:03+00:00\" \/>\n\t\t<meta name=\"twitter:card\" content=\"summary_large_image\" \/>\n\t\t<meta name=\"twitter:site\" content=\"@bercodi\" \/>\n\t\t<meta name=\"twitter:title\" content=\"Polic\u00eda alemana disuelve protestas de 1 de mayo no autorizadas | El Digital de Asturias\" \/>\n\t\t<meta name=\"twitter:description\" content=\"Berl\u00edn\/Hamburgo, 2 may (dpa) - Cientos de personas se reunieron por la tarde y noche en Berl\u00edn y Hamburgo en manifestaciones -no autorizadas- del 1 de mayo, a pesar de la prohibici\u00f3n debida a la pandemia de coronavirus. En el distrito berlin\u00e9s de Kreuzberg, m\u00e1s de 1.000 personas se desplazaron juntas por calles y plazas,\" \/>\n\t\t<meta name=\"twitter:creator\" content=\"@bercodi\" \/>\n\t\t<meta name=\"twitter:image\" content=\"https:\/\/eldigitaldeasturias.com\/radio\/wp-content\/uploads\/2020\/05\/polizei.jpg\" \/>\n\t\t<script type=\"application\/ld+json\" class=\"aioseo-schema\">\n\t\t\t{\"@context\":\"https:\\\/\\\/schema.org\",\"@graph\":[{\"@type\":\"BreadcrumbList\",\"@id\":\"https:\\\/\\\/eldigitaldeasturias.com\\\/radio\\\/policia-alemana-disuelve-protestas-de-1-de-mayo-no-autorizadas\\\/#breadcrumblist\",\"itemListElement\":[{\"@type\":\"ListItem\",\"@id\":\"https:\\\/\\\/eldigitaldeasturias.com\\\/radio#listItem\",\"position\":1,\"name\":\"Inicio\",\"item\":\"https:\\\/\\\/eldigitaldeasturias.com\\\/radio\",\"nextItem\":{\"@type\":\"ListItem\",\"@id\":\"https:\\\/\\\/eldigitaldeasturias.com\\\/radio\\\/category\\\/noticias\\\/#listItem\",\"name\":\"Noticias\"}},{\"@type\":\"ListItem\",\"@id\":\"https:\\\/\\\/eldigitaldeasturias.com\\\/radio\\\/category\\\/noticias\\\/#listItem\",\"position\":2,\"name\":\"Noticias\",\"item\":\"https:\\\/\\\/eldigitaldeasturias.com\\\/radio\\\/category\\\/noticias\\\/\",\"nextItem\":{\"@type\":\"ListItem\",\"@id\":\"https:\\\/\\\/eldigitaldeasturias.com\\\/radio\\\/policia-alemana-disuelve-protestas-de-1-de-mayo-no-autorizadas\\\/#listItem\",\"name\":\"Polic\\u00eda alemana disuelve protestas de 1 de mayo no autorizadas\"},\"previousItem\":{\"@type\":\"ListItem\",\"@id\":\"https:\\\/\\\/eldigitaldeasturias.com\\\/radio#listItem\",\"name\":\"Inicio\"}},{\"@type\":\"ListItem\",\"@id\":\"https:\\\/\\\/eldigitaldeasturias.com\\\/radio\\\/policia-alemana-disuelve-protestas-de-1-de-mayo-no-autorizadas\\\/#listItem\",\"position\":3,\"name\":\"Polic\\u00eda alemana disuelve protestas de 1 de mayo no autorizadas\",\"previousItem\":{\"@type\":\"ListItem\",\"@id\":\"https:\\\/\\\/eldigitaldeasturias.com\\\/radio\\\/category\\\/noticias\\\/#listItem\",\"name\":\"Noticias\"}}]},{\"@type\":\"NewsArticle\",\"@id\":\"https:\\\/\\\/eldigitaldeasturias.com\\\/radio\\\/policia-alemana-disuelve-protestas-de-1-de-mayo-no-autorizadas\\\/#newsarticle\",\"name\":\"Polic\\u00eda alemana disuelve protestas de 1 de mayo no autorizadas | El Digital de Asturias\",\"headline\":\"Polic\\u00eda alemana disuelve protestas de 1 de mayo no autorizadas\",\"author\":{\"@id\":\"https:\\\/\\\/eldigitaldeasturias.com\\\/radio\\\/author\\\/nbasturias\\\/#author\"},\"publisher\":{\"@id\":\"https:\\\/\\\/eldigitaldeasturias.com\\\/radio\\\/#organization\"},\"image\":{\"@type\":\"ImageObject\",\"url\":\"https:\\\/\\\/eldigitaldeasturias.com\\\/radio\\\/wp-content\\\/uploads\\\/2020\\\/05\\\/polizei.jpg\",\"width\":1029,\"height\":675},\"datePublished\":\"2020-05-05T01:37:03+02:00\",\"dateModified\":\"2020-05-05T01:37:03+02:00\",\"inLanguage\":\"es-ES\",\"mainEntityOfPage\":{\"@id\":\"https:\\\/\\\/eldigitaldeasturias.com\\\/radio\\\/policia-alemana-disuelve-protestas-de-1-de-mayo-no-autorizadas\\\/#webpage\"},\"isPartOf\":{\"@id\":\"https:\\\/\\\/eldigitaldeasturias.com\\\/radio\\\/policia-alemana-disuelve-protestas-de-1-de-mayo-no-autorizadas\\\/#webpage\"},\"articleSection\":\"Noticias\",\"dateline\":\"Publicado el mayo 5, 2020.\"},{\"@type\":\"Organization\",\"@id\":\"https:\\\/\\\/eldigitaldeasturias.com\\\/radio\\\/#organization\",\"name\":\"El digital de Asturias Radio\",\"description\":\"Diario de informaci\\u00f3n y noticias\",\"url\":\"https:\\\/\\\/eldigitaldeasturias.com\\\/radio\\\/\",\"telephone\":\"+34652131393\",\"logo\":{\"@type\":\"ImageObject\",\"url\":\"https:\\\/\\\/www.eldigitaldeasturias.com\\\/radio\\\/wp-content\\\/uploads\\\/2021\\\/03\\\/EDA.jpg\",\"@id\":\"https:\\\/\\\/eldigitaldeasturias.com\\\/radio\\\/policia-alemana-disuelve-protestas-de-1-de-mayo-no-autorizadas\\\/#organizationLogo\"},\"image\":{\"@id\":\"https:\\\/\\\/eldigitaldeasturias.com\\\/radio\\\/policia-alemana-disuelve-protestas-de-1-de-mayo-no-autorizadas\\\/#organizationLogo\"},\"sameAs\":[\"https:\\\/\\\/www.facebook.com\\\/\",\"https:\\\/\\\/x.com\\\/bercodi\",\"https:\\\/\\\/www.instagram.com\\\/\",\"https:\\\/\\\/www.youtube.com\\\/channel\\\/UCZP-2wLEB9Rv6erhFmqVnvg\"]},{\"@type\":\"Person\",\"@id\":\"https:\\\/\\\/eldigitaldeasturias.com\\\/radio\\\/author\\\/nbasturias\\\/#author\",\"url\":\"https:\\\/\\\/eldigitaldeasturias.com\\\/radio\\\/author\\\/nbasturias\\\/\",\"name\":\"NBAsturias\",\"image\":{\"@type\":\"ImageObject\",\"@id\":\"https:\\\/\\\/eldigitaldeasturias.com\\\/radio\\\/policia-alemana-disuelve-protestas-de-1-de-mayo-no-autorizadas\\\/#authorImage\",\"url\":\"https:\\\/\\\/secure.gravatar.com\\\/avatar\\\/df2aeffc32bcd13f8d26072ef8a91b623d677766deac7f97ca815868cd41bf5e?s=96&d=mm&r=g\",\"width\":96,\"height\":96,\"caption\":\"NBAsturias\"}},{\"@type\":\"WebPage\",\"@id\":\"https:\\\/\\\/eldigitaldeasturias.com\\\/radio\\\/policia-alemana-disuelve-protestas-de-1-de-mayo-no-autorizadas\\\/#webpage\",\"url\":\"https:\\\/\\\/eldigitaldeasturias.com\\\/radio\\\/policia-alemana-disuelve-protestas-de-1-de-mayo-no-autorizadas\\\/\",\"name\":\"Polic\\u00eda alemana disuelve protestas de 1 de mayo no autorizadas | El Digital de Asturias\",\"description\":\"Berl\\u00edn\\\/Hamburgo, 2 may (dpa) - Cientos de personas se reunieron por la tarde y noche en Berl\\u00edn y Hamburgo en manifestaciones -no autorizadas- del 1 de mayo, a pesar de la prohibici\\u00f3n debida a la pandemia de coronavirus. En el distrito berlin\\u00e9s de Kreuzberg, m\\u00e1s de 1.000 personas se desplazaron juntas por calles y plazas,\",\"inLanguage\":\"es-ES\",\"isPartOf\":{\"@id\":\"https:\\\/\\\/eldigitaldeasturias.com\\\/radio\\\/#website\"},\"breadcrumb\":{\"@id\":\"https:\\\/\\\/eldigitaldeasturias.com\\\/radio\\\/policia-alemana-disuelve-protestas-de-1-de-mayo-no-autorizadas\\\/#breadcrumblist\"},\"author\":{\"@id\":\"https:\\\/\\\/eldigitaldeasturias.com\\\/radio\\\/author\\\/nbasturias\\\/#author\"},\"creator\":{\"@id\":\"https:\\\/\\\/eldigitaldeasturias.com\\\/radio\\\/author\\\/nbasturias\\\/#author\"},\"image\":{\"@type\":\"ImageObject\",\"url\":\"https:\\\/\\\/eldigitaldeasturias.com\\\/radio\\\/wp-content\\\/uploads\\\/2020\\\/05\\\/polizei.jpg\",\"@id\":\"https:\\\/\\\/eldigitaldeasturias.com\\\/radio\\\/policia-alemana-disuelve-protestas-de-1-de-mayo-no-autorizadas\\\/#mainImage\",\"width\":1029,\"height\":675},\"primaryImageOfPage\":{\"@id\":\"https:\\\/\\\/eldigitaldeasturias.com\\\/radio\\\/policia-alemana-disuelve-protestas-de-1-de-mayo-no-autorizadas\\\/#mainImage\"},\"datePublished\":\"2020-05-05T01:37:03+02:00\",\"dateModified\":\"2020-05-05T01:37:03+02:00\"},{\"@type\":\"WebSite\",\"@id\":\"https:\\\/\\\/eldigitaldeasturias.com\\\/radio\\\/#website\",\"url\":\"https:\\\/\\\/eldigitaldeasturias.com\\\/radio\\\/\",\"name\":\"El Digital de Asturias\",\"description\":\"Diario de informaci\\u00f3n y noticias\",\"inLanguage\":\"es-ES\",\"publisher\":{\"@id\":\"https:\\\/\\\/eldigitaldeasturias.com\\\/radio\\\/#organization\"}}]}\n\t\t<\/script>\n\t\t<!-- All in One SEO Pro -->\r\n\t\t<title>Polic\u00eda alemana disuelve protestas de 1 de mayo no autorizadas | El Digital de Asturias<\/title>\n\n","aioseo_head_json":{"title":"Polic\u00eda alemana disuelve protestas de 1 de mayo no autorizadas | El Digital de Asturias","description":"Berl\u00edn\/Hamburgo, 2 may (dpa) - Cientos de personas se reunieron por la tarde y noche en Berl\u00edn y Hamburgo en manifestaciones -no autorizadas- del 1 de mayo, a pesar de la prohibici\u00f3n debida a la pandemia de coronavirus. En el distrito berlin\u00e9s de Kreuzberg, m\u00e1s de 1.000 personas se desplazaron juntas por calles y plazas,","canonical_url":"https:\/\/eldigitaldeasturias.com\/radio\/policia-alemana-disuelve-protestas-de-1-de-mayo-no-autorizadas\/","robots":"max-image-preview:large","keywords":"noticias","webmasterTools":{"google-site-verification":"UA-38556648-1","miscellaneous":""},"schema":{"@context":"https:\/\/schema.org","@graph":[{"@type":"BreadcrumbList","@id":"https:\/\/eldigitaldeasturias.com\/radio\/policia-alemana-disuelve-protestas-de-1-de-mayo-no-autorizadas\/#breadcrumblist","itemListElement":[{"@type":"ListItem","@id":"https:\/\/eldigitaldeasturias.com\/radio#listItem","position":1,"name":"Inicio","item":"https:\/\/eldigitaldeasturias.com\/radio","nextItem":{"@type":"ListItem","@id":"https:\/\/eldigitaldeasturias.com\/radio\/category\/noticias\/#listItem","name":"Noticias"}},{"@type":"ListItem","@id":"https:\/\/eldigitaldeasturias.com\/radio\/category\/noticias\/#listItem","position":2,"name":"Noticias","item":"https:\/\/eldigitaldeasturias.com\/radio\/category\/noticias\/","nextItem":{"@type":"ListItem","@id":"https:\/\/eldigitaldeasturias.com\/radio\/policia-alemana-disuelve-protestas-de-1-de-mayo-no-autorizadas\/#listItem","name":"Polic\u00eda alemana disuelve protestas de 1 de mayo no autorizadas"},"previousItem":{"@type":"ListItem","@id":"https:\/\/eldigitaldeasturias.com\/radio#listItem","name":"Inicio"}},{"@type":"ListItem","@id":"https:\/\/eldigitaldeasturias.com\/radio\/policia-alemana-disuelve-protestas-de-1-de-mayo-no-autorizadas\/#listItem","position":3,"name":"Polic\u00eda alemana disuelve protestas de 1 de mayo no autorizadas","previousItem":{"@type":"ListItem","@id":"https:\/\/eldigitaldeasturias.com\/radio\/category\/noticias\/#listItem","name":"Noticias"}}]},{"@type":"NewsArticle","@id":"https:\/\/eldigitaldeasturias.com\/radio\/policia-alemana-disuelve-protestas-de-1-de-mayo-no-autorizadas\/#newsarticle","name":"Polic\u00eda alemana disuelve protestas de 1 de mayo no autorizadas | El Digital de Asturias","headline":"Polic\u00eda alemana disuelve protestas de 1 de mayo no autorizadas","author":{"@id":"https:\/\/eldigitaldeasturias.com\/radio\/author\/nbasturias\/#author"},"publisher":{"@id":"https:\/\/eldigitaldeasturias.com\/radio\/#organization"},"image":{"@type":"ImageObject","url":"https:\/\/eldigitaldeasturias.com\/radio\/wp-content\/uploads\/2020\/05\/polizei.jpg","width":1029,"height":675},"datePublished":"2020-05-05T01:37:03+02:00","dateModified":"2020-05-05T01:37:03+02:00","inLanguage":"es-ES","mainEntityOfPage":{"@id":"https:\/\/eldigitaldeasturias.com\/radio\/policia-alemana-disuelve-protestas-de-1-de-mayo-no-autorizadas\/#webpage"},"isPartOf":{"@id":"https:\/\/eldigitaldeasturias.com\/radio\/policia-alemana-disuelve-protestas-de-1-de-mayo-no-autorizadas\/#webpage"},"articleSection":"Noticias","dateline":"Publicado el mayo 5, 2020."},{"@type":"Organization","@id":"https:\/\/eldigitaldeasturias.com\/radio\/#organization","name":"El digital de Asturias Radio","description":"Diario de informaci\u00f3n y noticias","url":"https:\/\/eldigitaldeasturias.com\/radio\/","telephone":"+34652131393","logo":{"@type":"ImageObject","url":"https:\/\/www.eldigitaldeasturias.com\/radio\/wp-content\/uploads\/2021\/03\/EDA.jpg","@id":"https:\/\/eldigitaldeasturias.com\/radio\/policia-alemana-disuelve-protestas-de-1-de-mayo-no-autorizadas\/#organizationLogo"},"image":{"@id":"https:\/\/eldigitaldeasturias.com\/radio\/policia-alemana-disuelve-protestas-de-1-de-mayo-no-autorizadas\/#organizationLogo"},"sameAs":["https:\/\/www.facebook.com\/","https:\/\/x.com\/bercodi","https:\/\/www.instagram.com\/","https:\/\/www.youtube.com\/channel\/UCZP-2wLEB9Rv6erhFmqVnvg"]},{"@type":"Person","@id":"https:\/\/eldigitaldeasturias.com\/radio\/author\/nbasturias\/#author","url":"https:\/\/eldigitaldeasturias.com\/radio\/author\/nbasturias\/","name":"NBAsturias","image":{"@type":"ImageObject","@id":"https:\/\/eldigitaldeasturias.com\/radio\/policia-alemana-disuelve-protestas-de-1-de-mayo-no-autorizadas\/#authorImage","url":"https:\/\/secure.gravatar.com\/avatar\/df2aeffc32bcd13f8d26072ef8a91b623d677766deac7f97ca815868cd41bf5e?s=96&d=mm&r=g","width":96,"height":96,"caption":"NBAsturias"}},{"@type":"WebPage","@id":"https:\/\/eldigitaldeasturias.com\/radio\/policia-alemana-disuelve-protestas-de-1-de-mayo-no-autorizadas\/#webpage","url":"https:\/\/eldigitaldeasturias.com\/radio\/policia-alemana-disuelve-protestas-de-1-de-mayo-no-autorizadas\/","name":"Polic\u00eda alemana disuelve protestas de 1 de mayo no autorizadas | El Digital de Asturias","description":"Berl\u00edn\/Hamburgo, 2 may (dpa) - Cientos de personas se reunieron por la tarde y noche en Berl\u00edn y Hamburgo en manifestaciones -no autorizadas- del 1 de mayo, a pesar de la prohibici\u00f3n debida a la pandemia de coronavirus. En el distrito berlin\u00e9s de Kreuzberg, m\u00e1s de 1.000 personas se desplazaron juntas por calles y plazas,","inLanguage":"es-ES","isPartOf":{"@id":"https:\/\/eldigitaldeasturias.com\/radio\/#website"},"breadcrumb":{"@id":"https:\/\/eldigitaldeasturias.com\/radio\/policia-alemana-disuelve-protestas-de-1-de-mayo-no-autorizadas\/#breadcrumblist"},"author":{"@id":"https:\/\/eldigitaldeasturias.com\/radio\/author\/nbasturias\/#author"},"creator":{"@id":"https:\/\/eldigitaldeasturias.com\/radio\/author\/nbasturias\/#author"},"image":{"@type":"ImageObject","url":"https:\/\/eldigitaldeasturias.com\/radio\/wp-content\/uploads\/2020\/05\/polizei.jpg","@id":"https:\/\/eldigitaldeasturias.com\/radio\/policia-alemana-disuelve-protestas-de-1-de-mayo-no-autorizadas\/#mainImage","width":1029,"height":675},"primaryImageOfPage":{"@id":"https:\/\/eldigitaldeasturias.com\/radio\/policia-alemana-disuelve-protestas-de-1-de-mayo-no-autorizadas\/#mainImage"},"datePublished":"2020-05-05T01:37:03+02:00","dateModified":"2020-05-05T01:37:03+02:00"},{"@type":"WebSite","@id":"https:\/\/eldigitaldeasturias.com\/radio\/#website","url":"https:\/\/eldigitaldeasturias.com\/radio\/","name":"El Digital de Asturias","description":"Diario de informaci\u00f3n y noticias","inLanguage":"es-ES","publisher":{"@id":"https:\/\/eldigitaldeasturias.com\/radio\/#organization"}}]},"og:locale":"es_ES","og:site_name":"El Digital de Asturias | Diario de informaci\u00f3n y noticias","og:type":"article","og:title":"Polic\u00eda alemana disuelve protestas de 1 de mayo no autorizadas | El Digital de Asturias","og:description":"Berl\u00edn\/Hamburgo, 2 may (dpa) - Cientos de personas se reunieron por la tarde y noche en Berl\u00edn y Hamburgo en manifestaciones -no autorizadas- del 1 de mayo, a pesar de la prohibici\u00f3n debida a la pandemia de coronavirus. En el distrito berlin\u00e9s de Kreuzberg, m\u00e1s de 1.000 personas se desplazaron juntas por calles y plazas,","og:url":"https:\/\/eldigitaldeasturias.com\/radio\/policia-alemana-disuelve-protestas-de-1-de-mayo-no-autorizadas\/","og:image":"https:\/\/eldigitaldeasturias.com\/radio\/wp-content\/uploads\/2020\/05\/polizei.jpg","og:image:secure_url":"https:\/\/eldigitaldeasturias.com\/radio\/wp-content\/uploads\/2020\/05\/polizei.jpg","og:image:width":1029,"og:image:height":675,"article:published_time":"2020-05-05T01:37:03+00:00","article:modified_time":"2020-05-05T01:37:03+00:00","twitter:card":"summary_large_image","twitter:site":"@bercodi","twitter:title":"Polic\u00eda alemana disuelve protestas de 1 de mayo no autorizadas | El Digital de Asturias","twitter:description":"Berl\u00edn\/Hamburgo, 2 may (dpa) - Cientos de personas se reunieron por la tarde y noche en Berl\u00edn y Hamburgo en manifestaciones -no autorizadas- del 1 de mayo, a pesar de la prohibici\u00f3n debida a la pandemia de coronavirus. En el distrito berlin\u00e9s de Kreuzberg, m\u00e1s de 1.000 personas se desplazaron juntas por calles y plazas,","twitter:creator":"@bercodi","twitter:image":"https:\/\/eldigitaldeasturias.com\/radio\/wp-content\/uploads\/2020\/05\/polizei.jpg"},"aioseo_meta_data":{"post_id":"4289","title":null,"description":null,"keywords":null,"keyphrases":null,"primary_term":null,"canonical_url":null,"og_title":null,"og_description":null,"og_object_type":"default","og_image_type":"default","og_image_url":null,"og_image_width":null,"og_image_height":null,"og_image_custom_url":null,"og_image_custom_fields":null,"og_video":null,"og_custom_url":null,"og_article_section":null,"og_article_tags":null,"twitter_use_og":false,"twitter_card":"default","twitter_image_type":"default","twitter_image_url":null,"twitter_image_custom_url":null,"twitter_image_custom_fields":null,"twitter_title":null,"twitter_description":null,"schema":{"blockGraphs":[],"customGraphs":[],"default":{"data":{"Article":[],"Course":[],"Dataset":[],"FAQPage":[],"Movie":[],"Person":[],"Product":[],"ProductReview":[],"Car":[],"Recipe":[],"Service":[],"SoftwareApplication":[],"WebPage":[]},"graphName":"","isEnabled":true},"graphs":[]},"schema_type":null,"schema_type_options":null,"pillar_content":false,"robots_default":true,"robots_noindex":false,"robots_noarchive":false,"robots_nosnippet":false,"robots_nofollow":false,"robots_noimageindex":false,"robots_noodp":false,"robots_notranslate":false,"robots_max_snippet":null,"robots_max_videopreview":null,"robots_max_imagepreview":"large","priority":null,"frequency":null,"location":null,"local_seo":null,"seo_analyzer_scan_date":"2025-08-28 15:43:01","breadcrumb_settings":null,"limit_modified_date":false,"open_ai":null,"ai":null,"created":"2021-03-27 21:53:16","updated":"2025-08-28 15:43:01"},"aioseo_breadcrumb":"<div class=\"aioseo-breadcrumbs\"><span class=\"aioseo-breadcrumb\">\n\t<a href=\"https:\/\/eldigitaldeasturias.com\/radio\" title=\"Inicio\">Inicio<\/a>\n<\/span><span class=\"aioseo-breadcrumb-separator\">&ndash;<\/span><span class=\"aioseo-breadcrumb\">\n\t<a href=\"https:\/\/eldigitaldeasturias.com\/radio\/category\/noticias\/\" title=\"Noticias\">Noticias<\/a>\n<\/span><span class=\"aioseo-breadcrumb-separator\">&ndash;<\/span><span class=\"aioseo-breadcrumb\">\n\tPolic\u00eda alemana disuelve protestas de 1 de mayo no autorizadas\n<\/span><\/div>","aioseo_breadcrumb_json":[{"label":"Inicio","link":"https:\/\/eldigitaldeasturias.com\/radio"},{"label":"Noticias","link":"https:\/\/eldigitaldeasturias.com\/radio\/category\/noticias\/"},{"label":"Polic\u00eda alemana disuelve protestas de 1 de mayo no autorizadas","link":"https:\/\/eldigitaldeasturias.com\/radio\/policia-alemana-disuelve-protestas-de-1-de-mayo-no-autorizadas\/"}],"_links":{"self":[{"href":"https:\/\/eldigitaldeasturias.com\/radio\/wp-json\/wp\/v2\/posts\/4289","targetHints":{"allow":["GET"]}}],"collection":[{"href":"https:\/\/eldigitaldeasturias.com\/radio\/wp-json\/wp\/v2\/posts"}],"about":[{"href":"https:\/\/eldigitaldeasturias.com\/radio\/wp-json\/wp\/v2\/types\/post"}],"author":[{"embeddable":true,"href":"https:\/\/eldigitaldeasturias.com\/radio\/wp-json\/wp\/v2\/users\/1"}],"replies":[{"embeddable":true,"href":"https:\/\/eldigitaldeasturias.com\/radio\/wp-json\/wp\/v2\/comments?post=4289"}],"version-history":[{"count":0,"href":"https:\/\/eldigitaldeasturias.com\/radio\/wp-json\/wp\/v2\/posts\/4289\/revisions"}],"wp:featuredmedia":[{"embeddable":true,"href":"https:\/\/eldigitaldeasturias.com\/radio\/wp-json\/wp\/v2\/media\/4290"}],"wp:attachment":[{"href":"https:\/\/eldigitaldeasturias.com\/radio\/wp-json\/wp\/v2\/media?parent=4289"}],"wp:term":[{"taxonomy":"category","embeddable":true,"href":"https:\/\/eldigitaldeasturias.com\/radio\/wp-json\/wp\/v2\/categories?post=4289"},{"taxonomy":"post_tag","embeddable":true,"href":"https:\/\/eldigitaldeasturias.com\/radio\/wp-json\/wp\/v2\/tags?post=4289"}],"curies":[{"name":"wp","href":"https:\/\/api.w.org\/{rel}","templated":true}]}}