{"id":4279,"date":"2020-05-05T01:28:11","date_gmt":"2020-05-05T01:28:11","guid":{"rendered":"http:\/\/www.eldigitaldeasturias.com\/radio\/?p=4279"},"modified":"2020-05-05T01:28:11","modified_gmt":"2020-05-05T01:28:11","slug":"policia-alemana-inicia-busqueda-de-ex-terroristas-de-raf-en-europa","status":"publish","type":"post","link":"https:\/\/eldigitaldeasturias.com\/radio\/policia-alemana-inicia-busqueda-de-ex-terroristas-de-raf-en-europa\/","title":{"rendered":"Polic\u00eda alemana inicia b\u00fasqueda de ex terroristas de RAF en Europa"},"content":{"rendered":"<p><img fetchpriority=\"high\" decoding=\"async\" class=\"alignleft size-medium wp-image-1352\" src=\"http:\/\/www.eldigitaldeasturias.com\/radio\/wp-content\/uploads\/2018\/10\/technology-785742_960_720-360x240.jpg\" alt=\"\" width=\"360\" height=\"240\" srcset=\"https:\/\/eldigitaldeasturias.com\/radio\/wp-content\/uploads\/2018\/10\/technology-785742_960_720-360x240.jpg 360w, https:\/\/eldigitaldeasturias.com\/radio\/wp-content\/uploads\/2018\/10\/technology-785742_960_720-768x512.jpg 768w, https:\/\/eldigitaldeasturias.com\/radio\/wp-content\/uploads\/2018\/10\/technology-785742_960_720.jpg 960w\" sizes=\"(max-width: 360px) 100vw, 360px\" \/>Hannover (Alemania), 1 may (dpa) &#8211; La Polic\u00eda de Alemania inicia ma\u00f1ana la b\u00fasqueda en toda Europa de tres antiguos miembros de la ultraizquierdista Fracci\u00f3n del Ej\u00e9rcito Rojo (RAF), confirm\u00f3 hoy una portavoz de la Oficina Regional de la Polic\u00eda de Investigaci\u00f3n Criminal de Baja Sajonia.<\/p>\n<p>Seg\u00fan inform\u00f3 el semanario \u00abDer Spiegel\u00bb, se publicar\u00e1n perfiles y fotos de Daniela Klette, Ernst-Volker Staub y Burkhard Garweg en la p\u00e1gina de pesquisas de la Uni\u00f3n Europea eumostwanted.eu.<\/p>\n<p>\u00abLa falta de escr\u00fapulos y la crueldad con la que los autores de los hechos pusieron en peligro vidas humanas justifican la inclusi\u00f3n de los fugitivos en la lista de los criminales m\u00e1s buscados de Europa\u00bb, coment\u00f3 a la revista Friedo de Vries, presidente de la delegaci\u00f3n regional de la Polic\u00eda de Investigaci\u00f3n Criminal.<\/p>\n<p>\u00abEsperamos dar con la pista clave mediante la publicaci\u00f3n en el territorio europeo y la atenci\u00f3n que esto despertar\u00e1\u00bb, acot\u00f3.<\/p>\n<p>El tr\u00edo forma parte de la llamada tercera generaci\u00f3n del RAF. Se sospecha que los tres son responsables de varios asesinatos, entre ellos los del entonces presidente del Deutsche Bank Alfred Herrhausen en 1989 y del director del ente privatizador de las empresas de la extinta Alemania comunista Detlev Karsten Rohwedder en 1991.<\/p>\n<p>Adem\u00e1s, se les atribuyen robos a mano armada de transportes de dinero y supermercados, en su mayor\u00eda en el norte de Alemania.<\/p>\n","protected":false},"excerpt":{"rendered":"<p>Hannover (Alemania), 1 may (dpa) &#8211; La Polic\u00eda de Alemania inicia ma\u00f1ana la b\u00fasqueda en toda Europa de tres antiguos miembros de la ultraizquierdista Fracci\u00f3n del Ej\u00e9rcito Rojo (RAF), confirm\u00f3 hoy una portavoz de la Oficina Regional de la Polic\u00eda de Investigaci\u00f3n Criminal de Baja Sajonia. Seg\u00fan inform\u00f3 el semanario \u00abDer Spiegel\u00bb, se publicar\u00e1n perfiles<\/p>\n","protected":false},"author":1,"featured_media":242,"comment_status":"closed","ping_status":"closed","sticky":false,"template":"","format":"standard","meta":{"footnotes":""},"categories":[1],"tags":[],"class_list":{"0":"post-4279","1":"post","2":"type-post","3":"status-publish","4":"format-standard","5":"has-post-thumbnail","7":"category-noticias"},"aioseo_notices":[],"aioseo_head":"\n\t\t<!-- All in One SEO Pro 4.9.6.2 - aioseo.com -->\n\t<meta name=\"description\" content=\"Hannover (Alemania), 1 may (dpa) - La Polic\u00eda de Alemania inicia ma\u00f1ana la b\u00fasqueda en toda Europa de tres antiguos miembros de la ultraizquierdista Fracci\u00f3n del Ej\u00e9rcito Rojo (RAF), confirm\u00f3 hoy una portavoz de la Oficina Regional de la Polic\u00eda de Investigaci\u00f3n Criminal de Baja Sajonia. Seg\u00fan inform\u00f3 el semanario &quot;Der Spiegel&quot;, se publicar\u00e1n perfiles\" \/>\n\t<meta name=\"robots\" content=\"max-image-preview:large\" \/>\n\t<meta name=\"author\" content=\"NBAsturias\"\/>\n\t<meta name=\"google-site-verification\" content=\"UA-38556648-1\" \/>\n\t<meta name=\"keywords\" content=\"noticias\" \/>\n\t<link rel=\"canonical\" href=\"https:\/\/eldigitaldeasturias.com\/radio\/policia-alemana-inicia-busqueda-de-ex-terroristas-de-raf-en-europa\/\" \/>\n\t<meta name=\"generator\" content=\"All in One SEO Pro (AIOSEO) 4.9.6.2\" \/>\n\t\t<meta property=\"og:locale\" content=\"es_ES\" \/>\n\t\t<meta property=\"og:site_name\" content=\"El Digital de Asturias | Diario de informaci\u00f3n y noticias\" \/>\n\t\t<meta property=\"og:type\" content=\"article\" \/>\n\t\t<meta property=\"og:title\" content=\"Polic\u00eda alemana inicia b\u00fasqueda de ex terroristas de RAF en Europa | El Digital de Asturias\" \/>\n\t\t<meta property=\"og:description\" content=\"Hannover (Alemania), 1 may (dpa) - La Polic\u00eda de Alemania inicia ma\u00f1ana la b\u00fasqueda en toda Europa de tres antiguos miembros de la ultraizquierdista Fracci\u00f3n del Ej\u00e9rcito Rojo (RAF), confirm\u00f3 hoy una portavoz de la Oficina Regional de la Polic\u00eda de Investigaci\u00f3n Criminal de Baja Sajonia. Seg\u00fan inform\u00f3 el semanario &quot;Der Spiegel&quot;, se publicar\u00e1n perfiles\" \/>\n\t\t<meta property=\"og:url\" content=\"https:\/\/eldigitaldeasturias.com\/radio\/policia-alemana-inicia-busqueda-de-ex-terroristas-de-raf-en-europa\/\" \/>\n\t\t<meta property=\"og:image\" content=\"https:\/\/eldigitaldeasturias.com\/radio\/wp-content\/uploads\/2018\/03\/technology-785742_1280.jpg\" \/>\n\t\t<meta property=\"og:image:secure_url\" content=\"https:\/\/eldigitaldeasturias.com\/radio\/wp-content\/uploads\/2018\/03\/technology-785742_1280.jpg\" \/>\n\t\t<meta property=\"og:image:width\" content=\"1280\" \/>\n\t\t<meta property=\"og:image:height\" content=\"853\" \/>\n\t\t<meta property=\"article:published_time\" content=\"2020-05-05T01:28:11+00:00\" \/>\n\t\t<meta property=\"article:modified_time\" content=\"2020-05-05T01:28:11+00:00\" \/>\n\t\t<meta name=\"twitter:card\" content=\"summary_large_image\" \/>\n\t\t<meta name=\"twitter:site\" content=\"@bercodi\" \/>\n\t\t<meta name=\"twitter:title\" content=\"Polic\u00eda alemana inicia b\u00fasqueda de ex terroristas de RAF en Europa | El Digital de Asturias\" \/>\n\t\t<meta name=\"twitter:description\" content=\"Hannover (Alemania), 1 may (dpa) - La Polic\u00eda de Alemania inicia ma\u00f1ana la b\u00fasqueda en toda Europa de tres antiguos miembros de la ultraizquierdista Fracci\u00f3n del Ej\u00e9rcito Rojo (RAF), confirm\u00f3 hoy una portavoz de la Oficina Regional de la Polic\u00eda de Investigaci\u00f3n Criminal de Baja Sajonia. Seg\u00fan inform\u00f3 el semanario &quot;Der Spiegel&quot;, se publicar\u00e1n perfiles\" \/>\n\t\t<meta name=\"twitter:creator\" content=\"@bercodi\" \/>\n\t\t<meta name=\"twitter:image\" content=\"https:\/\/eldigitaldeasturias.com\/radio\/wp-content\/uploads\/2018\/03\/technology-785742_1280.jpg\" \/>\n\t\t<script type=\"application\/ld+json\" class=\"aioseo-schema\">\n\t\t\t{\"@context\":\"https:\\\/\\\/schema.org\",\"@graph\":[{\"@type\":\"BreadcrumbList\",\"@id\":\"https:\\\/\\\/eldigitaldeasturias.com\\\/radio\\\/policia-alemana-inicia-busqueda-de-ex-terroristas-de-raf-en-europa\\\/#breadcrumblist\",\"itemListElement\":[{\"@type\":\"ListItem\",\"@id\":\"https:\\\/\\\/eldigitaldeasturias.com\\\/radio#listItem\",\"position\":1,\"name\":\"Inicio\",\"item\":\"https:\\\/\\\/eldigitaldeasturias.com\\\/radio\",\"nextItem\":{\"@type\":\"ListItem\",\"@id\":\"https:\\\/\\\/eldigitaldeasturias.com\\\/radio\\\/category\\\/noticias\\\/#listItem\",\"name\":\"Noticias\"}},{\"@type\":\"ListItem\",\"@id\":\"https:\\\/\\\/eldigitaldeasturias.com\\\/radio\\\/category\\\/noticias\\\/#listItem\",\"position\":2,\"name\":\"Noticias\",\"item\":\"https:\\\/\\\/eldigitaldeasturias.com\\\/radio\\\/category\\\/noticias\\\/\",\"nextItem\":{\"@type\":\"ListItem\",\"@id\":\"https:\\\/\\\/eldigitaldeasturias.com\\\/radio\\\/policia-alemana-inicia-busqueda-de-ex-terroristas-de-raf-en-europa\\\/#listItem\",\"name\":\"Polic\\u00eda alemana inicia b\\u00fasqueda de ex terroristas de RAF en Europa\"},\"previousItem\":{\"@type\":\"ListItem\",\"@id\":\"https:\\\/\\\/eldigitaldeasturias.com\\\/radio#listItem\",\"name\":\"Inicio\"}},{\"@type\":\"ListItem\",\"@id\":\"https:\\\/\\\/eldigitaldeasturias.com\\\/radio\\\/policia-alemana-inicia-busqueda-de-ex-terroristas-de-raf-en-europa\\\/#listItem\",\"position\":3,\"name\":\"Polic\\u00eda alemana inicia b\\u00fasqueda de ex terroristas de RAF en Europa\",\"previousItem\":{\"@type\":\"ListItem\",\"@id\":\"https:\\\/\\\/eldigitaldeasturias.com\\\/radio\\\/category\\\/noticias\\\/#listItem\",\"name\":\"Noticias\"}}]},{\"@type\":\"NewsArticle\",\"@id\":\"https:\\\/\\\/eldigitaldeasturias.com\\\/radio\\\/policia-alemana-inicia-busqueda-de-ex-terroristas-de-raf-en-europa\\\/#newsarticle\",\"name\":\"Polic\\u00eda alemana inicia b\\u00fasqueda de ex terroristas de RAF en Europa | El Digital de Asturias\",\"headline\":\"Polic\\u00eda alemana inicia b\\u00fasqueda de ex terroristas de RAF en Europa\",\"author\":{\"@id\":\"https:\\\/\\\/eldigitaldeasturias.com\\\/radio\\\/author\\\/nbasturias\\\/#author\"},\"publisher\":{\"@id\":\"https:\\\/\\\/eldigitaldeasturias.com\\\/radio\\\/#organization\"},\"image\":{\"@type\":\"ImageObject\",\"url\":\"https:\\\/\\\/eldigitaldeasturias.com\\\/radio\\\/wp-content\\\/uploads\\\/2018\\\/03\\\/technology-785742_1280.jpg\",\"width\":1280,\"height\":853},\"datePublished\":\"2020-05-05T01:28:11+02:00\",\"dateModified\":\"2020-05-05T01:28:11+02:00\",\"inLanguage\":\"es-ES\",\"mainEntityOfPage\":{\"@id\":\"https:\\\/\\\/eldigitaldeasturias.com\\\/radio\\\/policia-alemana-inicia-busqueda-de-ex-terroristas-de-raf-en-europa\\\/#webpage\"},\"isPartOf\":{\"@id\":\"https:\\\/\\\/eldigitaldeasturias.com\\\/radio\\\/policia-alemana-inicia-busqueda-de-ex-terroristas-de-raf-en-europa\\\/#webpage\"},\"articleSection\":\"Noticias\",\"dateline\":\"Publicado el mayo 5, 2020.\"},{\"@type\":\"Organization\",\"@id\":\"https:\\\/\\\/eldigitaldeasturias.com\\\/radio\\\/#organization\",\"name\":\"El digital de Asturias Radio\",\"description\":\"Diario de informaci\\u00f3n y noticias\",\"url\":\"https:\\\/\\\/eldigitaldeasturias.com\\\/radio\\\/\",\"telephone\":\"+34652131393\",\"logo\":{\"@type\":\"ImageObject\",\"url\":\"https:\\\/\\\/www.eldigitaldeasturias.com\\\/radio\\\/wp-content\\\/uploads\\\/2021\\\/03\\\/EDA.jpg\",\"@id\":\"https:\\\/\\\/eldigitaldeasturias.com\\\/radio\\\/policia-alemana-inicia-busqueda-de-ex-terroristas-de-raf-en-europa\\\/#organizationLogo\"},\"image\":{\"@id\":\"https:\\\/\\\/eldigitaldeasturias.com\\\/radio\\\/policia-alemana-inicia-busqueda-de-ex-terroristas-de-raf-en-europa\\\/#organizationLogo\"},\"sameAs\":[\"https:\\\/\\\/www.facebook.com\\\/\",\"https:\\\/\\\/x.com\\\/bercodi\",\"https:\\\/\\\/www.instagram.com\\\/\",\"https:\\\/\\\/www.youtube.com\\\/channel\\\/UCZP-2wLEB9Rv6erhFmqVnvg\"]},{\"@type\":\"Person\",\"@id\":\"https:\\\/\\\/eldigitaldeasturias.com\\\/radio\\\/author\\\/nbasturias\\\/#author\",\"url\":\"https:\\\/\\\/eldigitaldeasturias.com\\\/radio\\\/author\\\/nbasturias\\\/\",\"name\":\"NBAsturias\",\"image\":{\"@type\":\"ImageObject\",\"@id\":\"https:\\\/\\\/eldigitaldeasturias.com\\\/radio\\\/policia-alemana-inicia-busqueda-de-ex-terroristas-de-raf-en-europa\\\/#authorImage\",\"url\":\"https:\\\/\\\/secure.gravatar.com\\\/avatar\\\/df2aeffc32bcd13f8d26072ef8a91b623d677766deac7f97ca815868cd41bf5e?s=96&d=mm&r=g\",\"width\":96,\"height\":96,\"caption\":\"NBAsturias\"}},{\"@type\":\"WebPage\",\"@id\":\"https:\\\/\\\/eldigitaldeasturias.com\\\/radio\\\/policia-alemana-inicia-busqueda-de-ex-terroristas-de-raf-en-europa\\\/#webpage\",\"url\":\"https:\\\/\\\/eldigitaldeasturias.com\\\/radio\\\/policia-alemana-inicia-busqueda-de-ex-terroristas-de-raf-en-europa\\\/\",\"name\":\"Polic\\u00eda alemana inicia b\\u00fasqueda de ex terroristas de RAF en Europa | El Digital de Asturias\",\"description\":\"Hannover (Alemania), 1 may (dpa) - La Polic\\u00eda de Alemania inicia ma\\u00f1ana la b\\u00fasqueda en toda Europa de tres antiguos miembros de la ultraizquierdista Fracci\\u00f3n del Ej\\u00e9rcito Rojo (RAF), confirm\\u00f3 hoy una portavoz de la Oficina Regional de la Polic\\u00eda de Investigaci\\u00f3n Criminal de Baja Sajonia. Seg\\u00fan inform\\u00f3 el semanario \\\"Der Spiegel\\\", se publicar\\u00e1n perfiles\",\"inLanguage\":\"es-ES\",\"isPartOf\":{\"@id\":\"https:\\\/\\\/eldigitaldeasturias.com\\\/radio\\\/#website\"},\"breadcrumb\":{\"@id\":\"https:\\\/\\\/eldigitaldeasturias.com\\\/radio\\\/policia-alemana-inicia-busqueda-de-ex-terroristas-de-raf-en-europa\\\/#breadcrumblist\"},\"author\":{\"@id\":\"https:\\\/\\\/eldigitaldeasturias.com\\\/radio\\\/author\\\/nbasturias\\\/#author\"},\"creator\":{\"@id\":\"https:\\\/\\\/eldigitaldeasturias.com\\\/radio\\\/author\\\/nbasturias\\\/#author\"},\"image\":{\"@type\":\"ImageObject\",\"url\":\"https:\\\/\\\/eldigitaldeasturias.com\\\/radio\\\/wp-content\\\/uploads\\\/2018\\\/03\\\/technology-785742_1280.jpg\",\"@id\":\"https:\\\/\\\/eldigitaldeasturias.com\\\/radio\\\/policia-alemana-inicia-busqueda-de-ex-terroristas-de-raf-en-europa\\\/#mainImage\",\"width\":1280,\"height\":853},\"primaryImageOfPage\":{\"@id\":\"https:\\\/\\\/eldigitaldeasturias.com\\\/radio\\\/policia-alemana-inicia-busqueda-de-ex-terroristas-de-raf-en-europa\\\/#mainImage\"},\"datePublished\":\"2020-05-05T01:28:11+02:00\",\"dateModified\":\"2020-05-05T01:28:11+02:00\"},{\"@type\":\"WebSite\",\"@id\":\"https:\\\/\\\/eldigitaldeasturias.com\\\/radio\\\/#website\",\"url\":\"https:\\\/\\\/eldigitaldeasturias.com\\\/radio\\\/\",\"name\":\"El Digital de Asturias\",\"description\":\"Diario de informaci\\u00f3n y noticias\",\"inLanguage\":\"es-ES\",\"publisher\":{\"@id\":\"https:\\\/\\\/eldigitaldeasturias.com\\\/radio\\\/#organization\"}}]}\n\t\t<\/script>\n\t\t<!-- All in One SEO Pro -->\r\n\t\t<title>Polic\u00eda alemana inicia b\u00fasqueda de ex terroristas de RAF en Europa | El Digital de Asturias<\/title>\n\n","aioseo_head_json":{"title":"Polic\u00eda alemana inicia b\u00fasqueda de ex terroristas de RAF en Europa | El Digital de Asturias","description":"Hannover (Alemania), 1 may (dpa) - La Polic\u00eda de Alemania inicia ma\u00f1ana la b\u00fasqueda en toda Europa de tres antiguos miembros de la ultraizquierdista Fracci\u00f3n del Ej\u00e9rcito Rojo (RAF), confirm\u00f3 hoy una portavoz de la Oficina Regional de la Polic\u00eda de Investigaci\u00f3n Criminal de Baja Sajonia. Seg\u00fan inform\u00f3 el semanario \"Der Spiegel\", se publicar\u00e1n perfiles","canonical_url":"https:\/\/eldigitaldeasturias.com\/radio\/policia-alemana-inicia-busqueda-de-ex-terroristas-de-raf-en-europa\/","robots":"max-image-preview:large","keywords":"noticias","webmasterTools":{"google-site-verification":"UA-38556648-1","miscellaneous":""},"schema":{"@context":"https:\/\/schema.org","@graph":[{"@type":"BreadcrumbList","@id":"https:\/\/eldigitaldeasturias.com\/radio\/policia-alemana-inicia-busqueda-de-ex-terroristas-de-raf-en-europa\/#breadcrumblist","itemListElement":[{"@type":"ListItem","@id":"https:\/\/eldigitaldeasturias.com\/radio#listItem","position":1,"name":"Inicio","item":"https:\/\/eldigitaldeasturias.com\/radio","nextItem":{"@type":"ListItem","@id":"https:\/\/eldigitaldeasturias.com\/radio\/category\/noticias\/#listItem","name":"Noticias"}},{"@type":"ListItem","@id":"https:\/\/eldigitaldeasturias.com\/radio\/category\/noticias\/#listItem","position":2,"name":"Noticias","item":"https:\/\/eldigitaldeasturias.com\/radio\/category\/noticias\/","nextItem":{"@type":"ListItem","@id":"https:\/\/eldigitaldeasturias.com\/radio\/policia-alemana-inicia-busqueda-de-ex-terroristas-de-raf-en-europa\/#listItem","name":"Polic\u00eda alemana inicia b\u00fasqueda de ex terroristas de RAF en Europa"},"previousItem":{"@type":"ListItem","@id":"https:\/\/eldigitaldeasturias.com\/radio#listItem","name":"Inicio"}},{"@type":"ListItem","@id":"https:\/\/eldigitaldeasturias.com\/radio\/policia-alemana-inicia-busqueda-de-ex-terroristas-de-raf-en-europa\/#listItem","position":3,"name":"Polic\u00eda alemana inicia b\u00fasqueda de ex terroristas de RAF en Europa","previousItem":{"@type":"ListItem","@id":"https:\/\/eldigitaldeasturias.com\/radio\/category\/noticias\/#listItem","name":"Noticias"}}]},{"@type":"NewsArticle","@id":"https:\/\/eldigitaldeasturias.com\/radio\/policia-alemana-inicia-busqueda-de-ex-terroristas-de-raf-en-europa\/#newsarticle","name":"Polic\u00eda alemana inicia b\u00fasqueda de ex terroristas de RAF en Europa | El Digital de Asturias","headline":"Polic\u00eda alemana inicia b\u00fasqueda de ex terroristas de RAF en Europa","author":{"@id":"https:\/\/eldigitaldeasturias.com\/radio\/author\/nbasturias\/#author"},"publisher":{"@id":"https:\/\/eldigitaldeasturias.com\/radio\/#organization"},"image":{"@type":"ImageObject","url":"https:\/\/eldigitaldeasturias.com\/radio\/wp-content\/uploads\/2018\/03\/technology-785742_1280.jpg","width":1280,"height":853},"datePublished":"2020-05-05T01:28:11+02:00","dateModified":"2020-05-05T01:28:11+02:00","inLanguage":"es-ES","mainEntityOfPage":{"@id":"https:\/\/eldigitaldeasturias.com\/radio\/policia-alemana-inicia-busqueda-de-ex-terroristas-de-raf-en-europa\/#webpage"},"isPartOf":{"@id":"https:\/\/eldigitaldeasturias.com\/radio\/policia-alemana-inicia-busqueda-de-ex-terroristas-de-raf-en-europa\/#webpage"},"articleSection":"Noticias","dateline":"Publicado el mayo 5, 2020."},{"@type":"Organization","@id":"https:\/\/eldigitaldeasturias.com\/radio\/#organization","name":"El digital de Asturias Radio","description":"Diario de informaci\u00f3n y noticias","url":"https:\/\/eldigitaldeasturias.com\/radio\/","telephone":"+34652131393","logo":{"@type":"ImageObject","url":"https:\/\/www.eldigitaldeasturias.com\/radio\/wp-content\/uploads\/2021\/03\/EDA.jpg","@id":"https:\/\/eldigitaldeasturias.com\/radio\/policia-alemana-inicia-busqueda-de-ex-terroristas-de-raf-en-europa\/#organizationLogo"},"image":{"@id":"https:\/\/eldigitaldeasturias.com\/radio\/policia-alemana-inicia-busqueda-de-ex-terroristas-de-raf-en-europa\/#organizationLogo"},"sameAs":["https:\/\/www.facebook.com\/","https:\/\/x.com\/bercodi","https:\/\/www.instagram.com\/","https:\/\/www.youtube.com\/channel\/UCZP-2wLEB9Rv6erhFmqVnvg"]},{"@type":"Person","@id":"https:\/\/eldigitaldeasturias.com\/radio\/author\/nbasturias\/#author","url":"https:\/\/eldigitaldeasturias.com\/radio\/author\/nbasturias\/","name":"NBAsturias","image":{"@type":"ImageObject","@id":"https:\/\/eldigitaldeasturias.com\/radio\/policia-alemana-inicia-busqueda-de-ex-terroristas-de-raf-en-europa\/#authorImage","url":"https:\/\/secure.gravatar.com\/avatar\/df2aeffc32bcd13f8d26072ef8a91b623d677766deac7f97ca815868cd41bf5e?s=96&d=mm&r=g","width":96,"height":96,"caption":"NBAsturias"}},{"@type":"WebPage","@id":"https:\/\/eldigitaldeasturias.com\/radio\/policia-alemana-inicia-busqueda-de-ex-terroristas-de-raf-en-europa\/#webpage","url":"https:\/\/eldigitaldeasturias.com\/radio\/policia-alemana-inicia-busqueda-de-ex-terroristas-de-raf-en-europa\/","name":"Polic\u00eda alemana inicia b\u00fasqueda de ex terroristas de RAF en Europa | El Digital de Asturias","description":"Hannover (Alemania), 1 may (dpa) - La Polic\u00eda de Alemania inicia ma\u00f1ana la b\u00fasqueda en toda Europa de tres antiguos miembros de la ultraizquierdista Fracci\u00f3n del Ej\u00e9rcito Rojo (RAF), confirm\u00f3 hoy una portavoz de la Oficina Regional de la Polic\u00eda de Investigaci\u00f3n Criminal de Baja Sajonia. Seg\u00fan inform\u00f3 el semanario \"Der Spiegel\", se publicar\u00e1n perfiles","inLanguage":"es-ES","isPartOf":{"@id":"https:\/\/eldigitaldeasturias.com\/radio\/#website"},"breadcrumb":{"@id":"https:\/\/eldigitaldeasturias.com\/radio\/policia-alemana-inicia-busqueda-de-ex-terroristas-de-raf-en-europa\/#breadcrumblist"},"author":{"@id":"https:\/\/eldigitaldeasturias.com\/radio\/author\/nbasturias\/#author"},"creator":{"@id":"https:\/\/eldigitaldeasturias.com\/radio\/author\/nbasturias\/#author"},"image":{"@type":"ImageObject","url":"https:\/\/eldigitaldeasturias.com\/radio\/wp-content\/uploads\/2018\/03\/technology-785742_1280.jpg","@id":"https:\/\/eldigitaldeasturias.com\/radio\/policia-alemana-inicia-busqueda-de-ex-terroristas-de-raf-en-europa\/#mainImage","width":1280,"height":853},"primaryImageOfPage":{"@id":"https:\/\/eldigitaldeasturias.com\/radio\/policia-alemana-inicia-busqueda-de-ex-terroristas-de-raf-en-europa\/#mainImage"},"datePublished":"2020-05-05T01:28:11+02:00","dateModified":"2020-05-05T01:28:11+02:00"},{"@type":"WebSite","@id":"https:\/\/eldigitaldeasturias.com\/radio\/#website","url":"https:\/\/eldigitaldeasturias.com\/radio\/","name":"El Digital de Asturias","description":"Diario de informaci\u00f3n y noticias","inLanguage":"es-ES","publisher":{"@id":"https:\/\/eldigitaldeasturias.com\/radio\/#organization"}}]},"og:locale":"es_ES","og:site_name":"El Digital de Asturias | Diario de informaci\u00f3n y noticias","og:type":"article","og:title":"Polic\u00eda alemana inicia b\u00fasqueda de ex terroristas de RAF en Europa | El Digital de Asturias","og:description":"Hannover (Alemania), 1 may (dpa) - La Polic\u00eda de Alemania inicia ma\u00f1ana la b\u00fasqueda en toda Europa de tres antiguos miembros de la ultraizquierdista Fracci\u00f3n del Ej\u00e9rcito Rojo (RAF), confirm\u00f3 hoy una portavoz de la Oficina Regional de la Polic\u00eda de Investigaci\u00f3n Criminal de Baja Sajonia. Seg\u00fan inform\u00f3 el semanario &quot;Der Spiegel&quot;, se publicar\u00e1n perfiles","og:url":"https:\/\/eldigitaldeasturias.com\/radio\/policia-alemana-inicia-busqueda-de-ex-terroristas-de-raf-en-europa\/","og:image":"https:\/\/eldigitaldeasturias.com\/radio\/wp-content\/uploads\/2018\/03\/technology-785742_1280.jpg","og:image:secure_url":"https:\/\/eldigitaldeasturias.com\/radio\/wp-content\/uploads\/2018\/03\/technology-785742_1280.jpg","og:image:width":1280,"og:image:height":853,"article:published_time":"2020-05-05T01:28:11+00:00","article:modified_time":"2020-05-05T01:28:11+00:00","twitter:card":"summary_large_image","twitter:site":"@bercodi","twitter:title":"Polic\u00eda alemana inicia b\u00fasqueda de ex terroristas de RAF en Europa | El Digital de Asturias","twitter:description":"Hannover (Alemania), 1 may (dpa) - La Polic\u00eda de Alemania inicia ma\u00f1ana la b\u00fasqueda en toda Europa de tres antiguos miembros de la ultraizquierdista Fracci\u00f3n del Ej\u00e9rcito Rojo (RAF), confirm\u00f3 hoy una portavoz de la Oficina Regional de la Polic\u00eda de Investigaci\u00f3n Criminal de Baja Sajonia. Seg\u00fan inform\u00f3 el semanario &quot;Der Spiegel&quot;, se publicar\u00e1n perfiles","twitter:creator":"@bercodi","twitter:image":"https:\/\/eldigitaldeasturias.com\/radio\/wp-content\/uploads\/2018\/03\/technology-785742_1280.jpg"},"aioseo_meta_data":{"post_id":"4279","title":null,"description":null,"keywords":null,"keyphrases":null,"primary_term":null,"canonical_url":null,"og_title":null,"og_description":null,"og_object_type":"default","og_image_type":"default","og_image_url":null,"og_image_width":null,"og_image_height":null,"og_image_custom_url":null,"og_image_custom_fields":null,"og_video":null,"og_custom_url":null,"og_article_section":null,"og_article_tags":null,"twitter_use_og":false,"twitter_card":"default","twitter_image_type":"default","twitter_image_url":null,"twitter_image_custom_url":null,"twitter_image_custom_fields":null,"twitter_title":null,"twitter_description":null,"schema":{"blockGraphs":[],"customGraphs":[],"default":{"data":{"Article":[],"Course":[],"Dataset":[],"FAQPage":[],"Movie":[],"Person":[],"Product":[],"ProductReview":[],"Car":[],"Recipe":[],"Service":[],"SoftwareApplication":[],"WebPage":[]},"graphName":"","isEnabled":true},"graphs":[],"defaultGraph":"","defaultPostTypeGraph":""},"schema_type":null,"schema_type_options":null,"pillar_content":false,"robots_default":true,"robots_noindex":false,"robots_noarchive":false,"robots_nosnippet":false,"robots_nofollow":false,"robots_noimageindex":false,"robots_noodp":false,"robots_notranslate":false,"robots_max_snippet":null,"robots_max_videopreview":null,"robots_max_imagepreview":"large","priority":null,"frequency":null,"location":null,"local_seo":null,"seo_analyzer_scan_date":"2025-08-28 15:40:34","breadcrumb_settings":null,"limit_modified_date":false,"open_ai":null,"ai":null,"created":"2021-03-26 23:24:15","updated":"2025-08-28 15:40:34"},"aioseo_breadcrumb":"<div class=\"aioseo-breadcrumbs\"><span class=\"aioseo-breadcrumb\">\n\t<a href=\"https:\/\/eldigitaldeasturias.com\/radio\" title=\"Inicio\">Inicio<\/a>\n<\/span><span class=\"aioseo-breadcrumb-separator\">&ndash;<\/span><span class=\"aioseo-breadcrumb\">\n\t<a href=\"https:\/\/eldigitaldeasturias.com\/radio\/category\/noticias\/\" title=\"Noticias\">Noticias<\/a>\n<\/span><span class=\"aioseo-breadcrumb-separator\">&ndash;<\/span><span class=\"aioseo-breadcrumb\">\n\tPolic\u00eda alemana inicia b\u00fasqueda de ex terroristas de RAF en Europa\n<\/span><\/div>","aioseo_breadcrumb_json":[{"label":"Inicio","link":"https:\/\/eldigitaldeasturias.com\/radio"},{"label":"Noticias","link":"https:\/\/eldigitaldeasturias.com\/radio\/category\/noticias\/"},{"label":"Polic\u00eda alemana inicia b\u00fasqueda de ex terroristas de RAF en Europa","link":"https:\/\/eldigitaldeasturias.com\/radio\/policia-alemana-inicia-busqueda-de-ex-terroristas-de-raf-en-europa\/"}],"_links":{"self":[{"href":"https:\/\/eldigitaldeasturias.com\/radio\/wp-json\/wp\/v2\/posts\/4279","targetHints":{"allow":["GET"]}}],"collection":[{"href":"https:\/\/eldigitaldeasturias.com\/radio\/wp-json\/wp\/v2\/posts"}],"about":[{"href":"https:\/\/eldigitaldeasturias.com\/radio\/wp-json\/wp\/v2\/types\/post"}],"author":[{"embeddable":true,"href":"https:\/\/eldigitaldeasturias.com\/radio\/wp-json\/wp\/v2\/users\/1"}],"replies":[{"embeddable":true,"href":"https:\/\/eldigitaldeasturias.com\/radio\/wp-json\/wp\/v2\/comments?post=4279"}],"version-history":[{"count":0,"href":"https:\/\/eldigitaldeasturias.com\/radio\/wp-json\/wp\/v2\/posts\/4279\/revisions"}],"wp:featuredmedia":[{"embeddable":true,"href":"https:\/\/eldigitaldeasturias.com\/radio\/wp-json\/wp\/v2\/media\/242"}],"wp:attachment":[{"href":"https:\/\/eldigitaldeasturias.com\/radio\/wp-json\/wp\/v2\/media?parent=4279"}],"wp:term":[{"taxonomy":"category","embeddable":true,"href":"https:\/\/eldigitaldeasturias.com\/radio\/wp-json\/wp\/v2\/categories?post=4279"},{"taxonomy":"post_tag","embeddable":true,"href":"https:\/\/eldigitaldeasturias.com\/radio\/wp-json\/wp\/v2\/tags?post=4279"}],"curies":[{"name":"wp","href":"https:\/\/api.w.org\/{rel}","templated":true}]}}