{"id":4275,"date":"2020-05-05T01:25:54","date_gmt":"2020-05-05T01:25:54","guid":{"rendered":"http:\/\/www.eldigitaldeasturias.com\/radio\/?p=4275"},"modified":"2020-05-05T01:25:54","modified_gmt":"2020-05-05T01:25:54","slug":"bmw-inicia-actualizacion-de-software-de-5000-000-coches-por-internet","status":"publish","type":"post","link":"https:\/\/eldigitaldeasturias.com\/radio\/bmw-inicia-actualizacion-de-software-de-5000-000-coches-por-internet\/","title":{"rendered":"BMW inicia actualizaci\u00f3n de software de 5000.000 coches por Internet"},"content":{"rendered":"<p><img fetchpriority=\"high\" decoding=\"async\" class=\"alignleft size-medium wp-image-791\" src=\"http:\/\/www.eldigitaldeasturias.com\/radio\/wp-content\/uploads\/2018\/04\/traffic-332857_960_720-360x240.jpg\" alt=\"\" width=\"360\" height=\"240\" srcset=\"https:\/\/eldigitaldeasturias.com\/radio\/wp-content\/uploads\/2018\/04\/traffic-332857_960_720-360x240.jpg 360w, https:\/\/eldigitaldeasturias.com\/radio\/wp-content\/uploads\/2018\/04\/traffic-332857_960_720-768x512.jpg 768w, https:\/\/eldigitaldeasturias.com\/radio\/wp-content\/uploads\/2018\/04\/traffic-332857_960_720.jpg 960w\" sizes=\"(max-width: 360px) 100vw, 360px\" \/>M\u00fanich, 1 may (dpa) &#8211; El fabricante de coches alem\u00e1n BMW planea actualizar en las pr\u00f3ximas semanas el software de m\u00e1s de medio mill\u00f3n de veh\u00edculos mediante una descarga por Internet, seg\u00fan dio a conocer la compa\u00f1\u00eda hoy en M\u00fanich.<\/p>\n<p>Klaus Fr\u00f6hlich, miembro de la junta directiva de BMW y director del \u00e1rea de desarrollo, se\u00f1al\u00f3 que la medida es la mayor campa\u00f1a de este tipo jam\u00e1s implementada por un fabricante europeo.<\/p>\n<p>La presente actualizaci\u00f3n del software de BMW est\u00e1 preparada para poder instalar el \u00abDrive Recorder\u00bb, que permite grabar un v\u00eddeo del entorno del veh\u00edculo durante 40 segundos con las c\u00e1maras integradas. BMW ofrece esta funci\u00f3n para la compra en l\u00ednea.<\/p>\n<p>BMW incorpora en sus veh\u00edculos el sistema operativo modular desde 2018, con el que se puede actualizar mediante una descarga el c\u00f3digo de software completo, incluidas las funciones de conducci\u00f3n.<\/p>\n<p>La actualizaci\u00f3n del software se descarga a trav\u00e9s de la aplicaci\u00f3n del smartphone o directamente a trav\u00e9s de la tarjeta SIM del veh\u00edculo.<\/p>\n<p>La modalidad muestra c\u00f3mo los modelos de negocio digitales, en los que el fabricante estadounidense de coches el\u00e9ctricos Tesla es pionero, tambi\u00e9n se est\u00e1n extendiendo entre los fabricantes de coches tradicionales.<\/p>\n<p>Tesla a\u00f1ade regularmente nuevas funciones con las actualizaciones de su sistema operativo y tambi\u00e9n vende el acceso a funciones m\u00e1s avanzadas de asistencia al conductor.<\/p>\n","protected":false},"excerpt":{"rendered":"<p>M\u00fanich, 1 may (dpa) &#8211; El fabricante de coches alem\u00e1n BMW planea actualizar en las pr\u00f3ximas semanas el software de m\u00e1s de medio mill\u00f3n de veh\u00edculos mediante una descarga por Internet, seg\u00fan dio a conocer la compa\u00f1\u00eda hoy en M\u00fanich. Klaus Fr\u00f6hlich, miembro de la junta directiva de BMW y director del \u00e1rea de desarrollo,<\/p>\n","protected":false},"author":1,"featured_media":791,"comment_status":"closed","ping_status":"closed","sticky":false,"template":"","format":"standard","meta":{"footnotes":""},"categories":[35],"tags":[],"class_list":{"0":"post-4275","1":"post","2":"type-post","3":"status-publish","4":"format-standard","5":"has-post-thumbnail","7":"category-negocios"},"aioseo_notices":[],"aioseo_head":"\n\t\t<!-- All in One SEO Pro 4.9.6.2 - aioseo.com -->\n\t<meta name=\"description\" content=\"M\u00fanich, 1 may (dpa) - El fabricante de coches alem\u00e1n BMW planea actualizar en las pr\u00f3ximas semanas el software de m\u00e1s de medio mill\u00f3n de veh\u00edculos mediante una descarga por Internet, seg\u00fan dio a conocer la compa\u00f1\u00eda hoy en M\u00fanich. Klaus Fr\u00f6hlich, miembro de la junta directiva de BMW y director del \u00e1rea de desarrollo,\" \/>\n\t<meta name=\"robots\" content=\"max-image-preview:large\" \/>\n\t<meta name=\"author\" content=\"NBAsturias\"\/>\n\t<meta name=\"google-site-verification\" content=\"UA-38556648-1\" \/>\n\t<meta name=\"keywords\" content=\"negocios\" \/>\n\t<link rel=\"canonical\" href=\"https:\/\/eldigitaldeasturias.com\/radio\/bmw-inicia-actualizacion-de-software-de-5000-000-coches-por-internet\/\" \/>\n\t<meta name=\"generator\" content=\"All in One SEO Pro (AIOSEO) 4.9.6.2\" \/>\n\t\t<meta property=\"og:locale\" content=\"es_ES\" \/>\n\t\t<meta property=\"og:site_name\" content=\"El Digital de Asturias | Diario de informaci\u00f3n y noticias\" \/>\n\t\t<meta property=\"og:type\" content=\"article\" \/>\n\t\t<meta property=\"og:title\" content=\"BMW inicia actualizaci\u00f3n de software de 5000.000 coches por Internet | El Digital de Asturias\" \/>\n\t\t<meta property=\"og:description\" content=\"M\u00fanich, 1 may (dpa) - El fabricante de coches alem\u00e1n BMW planea actualizar en las pr\u00f3ximas semanas el software de m\u00e1s de medio mill\u00f3n de veh\u00edculos mediante una descarga por Internet, seg\u00fan dio a conocer la compa\u00f1\u00eda hoy en M\u00fanich. Klaus Fr\u00f6hlich, miembro de la junta directiva de BMW y director del \u00e1rea de desarrollo,\" \/>\n\t\t<meta property=\"og:url\" content=\"https:\/\/eldigitaldeasturias.com\/radio\/bmw-inicia-actualizacion-de-software-de-5000-000-coches-por-internet\/\" \/>\n\t\t<meta property=\"og:image\" content=\"https:\/\/eldigitaldeasturias.com\/radio\/wp-content\/uploads\/2018\/04\/traffic-332857_960_720.jpg\" \/>\n\t\t<meta property=\"og:image:secure_url\" content=\"https:\/\/eldigitaldeasturias.com\/radio\/wp-content\/uploads\/2018\/04\/traffic-332857_960_720.jpg\" \/>\n\t\t<meta property=\"og:image:width\" content=\"960\" \/>\n\t\t<meta property=\"og:image:height\" content=\"640\" \/>\n\t\t<meta property=\"article:published_time\" content=\"2020-05-05T01:25:54+00:00\" \/>\n\t\t<meta property=\"article:modified_time\" content=\"2020-05-05T01:25:54+00:00\" \/>\n\t\t<meta name=\"twitter:card\" content=\"summary_large_image\" \/>\n\t\t<meta name=\"twitter:site\" content=\"@bercodi\" \/>\n\t\t<meta name=\"twitter:title\" content=\"BMW inicia actualizaci\u00f3n de software de 5000.000 coches por Internet | El Digital de Asturias\" \/>\n\t\t<meta name=\"twitter:description\" content=\"M\u00fanich, 1 may (dpa) - El fabricante de coches alem\u00e1n BMW planea actualizar en las pr\u00f3ximas semanas el software de m\u00e1s de medio mill\u00f3n de veh\u00edculos mediante una descarga por Internet, seg\u00fan dio a conocer la compa\u00f1\u00eda hoy en M\u00fanich. Klaus Fr\u00f6hlich, miembro de la junta directiva de BMW y director del \u00e1rea de desarrollo,\" \/>\n\t\t<meta name=\"twitter:creator\" content=\"@bercodi\" \/>\n\t\t<meta name=\"twitter:image\" content=\"https:\/\/eldigitaldeasturias.com\/radio\/wp-content\/uploads\/2018\/04\/traffic-332857_960_720.jpg\" \/>\n\t\t<script type=\"application\/ld+json\" class=\"aioseo-schema\">\n\t\t\t{\"@context\":\"https:\\\/\\\/schema.org\",\"@graph\":[{\"@type\":\"BreadcrumbList\",\"@id\":\"https:\\\/\\\/eldigitaldeasturias.com\\\/radio\\\/bmw-inicia-actualizacion-de-software-de-5000-000-coches-por-internet\\\/#breadcrumblist\",\"itemListElement\":[{\"@type\":\"ListItem\",\"@id\":\"https:\\\/\\\/eldigitaldeasturias.com\\\/radio#listItem\",\"position\":1,\"name\":\"Inicio\",\"item\":\"https:\\\/\\\/eldigitaldeasturias.com\\\/radio\",\"nextItem\":{\"@type\":\"ListItem\",\"@id\":\"https:\\\/\\\/eldigitaldeasturias.com\\\/radio\\\/category\\\/negocios\\\/#listItem\",\"name\":\"Negocios\"}},{\"@type\":\"ListItem\",\"@id\":\"https:\\\/\\\/eldigitaldeasturias.com\\\/radio\\\/category\\\/negocios\\\/#listItem\",\"position\":2,\"name\":\"Negocios\",\"item\":\"https:\\\/\\\/eldigitaldeasturias.com\\\/radio\\\/category\\\/negocios\\\/\",\"nextItem\":{\"@type\":\"ListItem\",\"@id\":\"https:\\\/\\\/eldigitaldeasturias.com\\\/radio\\\/bmw-inicia-actualizacion-de-software-de-5000-000-coches-por-internet\\\/#listItem\",\"name\":\"BMW inicia actualizaci\\u00f3n de software de 5000.000 coches por Internet\"},\"previousItem\":{\"@type\":\"ListItem\",\"@id\":\"https:\\\/\\\/eldigitaldeasturias.com\\\/radio#listItem\",\"name\":\"Inicio\"}},{\"@type\":\"ListItem\",\"@id\":\"https:\\\/\\\/eldigitaldeasturias.com\\\/radio\\\/bmw-inicia-actualizacion-de-software-de-5000-000-coches-por-internet\\\/#listItem\",\"position\":3,\"name\":\"BMW inicia actualizaci\\u00f3n de software de 5000.000 coches por Internet\",\"previousItem\":{\"@type\":\"ListItem\",\"@id\":\"https:\\\/\\\/eldigitaldeasturias.com\\\/radio\\\/category\\\/negocios\\\/#listItem\",\"name\":\"Negocios\"}}]},{\"@type\":\"NewsArticle\",\"@id\":\"https:\\\/\\\/eldigitaldeasturias.com\\\/radio\\\/bmw-inicia-actualizacion-de-software-de-5000-000-coches-por-internet\\\/#newsarticle\",\"name\":\"BMW inicia actualizaci\\u00f3n de software de 5000.000 coches por Internet | El Digital de Asturias\",\"headline\":\"BMW inicia actualizaci\\u00f3n de software de 5000.000 coches por Internet\",\"author\":{\"@id\":\"https:\\\/\\\/eldigitaldeasturias.com\\\/radio\\\/author\\\/nbasturias\\\/#author\"},\"publisher\":{\"@id\":\"https:\\\/\\\/eldigitaldeasturias.com\\\/radio\\\/#organization\"},\"image\":{\"@type\":\"ImageObject\",\"url\":\"https:\\\/\\\/eldigitaldeasturias.com\\\/radio\\\/wp-content\\\/uploads\\\/2018\\\/04\\\/traffic-332857_960_720.jpg\",\"width\":960,\"height\":640},\"datePublished\":\"2020-05-05T01:25:54+02:00\",\"dateModified\":\"2020-05-05T01:25:54+02:00\",\"inLanguage\":\"es-ES\",\"mainEntityOfPage\":{\"@id\":\"https:\\\/\\\/eldigitaldeasturias.com\\\/radio\\\/bmw-inicia-actualizacion-de-software-de-5000-000-coches-por-internet\\\/#webpage\"},\"isPartOf\":{\"@id\":\"https:\\\/\\\/eldigitaldeasturias.com\\\/radio\\\/bmw-inicia-actualizacion-de-software-de-5000-000-coches-por-internet\\\/#webpage\"},\"articleSection\":\"Negocios\",\"dateline\":\"Publicado el mayo 5, 2020.\"},{\"@type\":\"Organization\",\"@id\":\"https:\\\/\\\/eldigitaldeasturias.com\\\/radio\\\/#organization\",\"name\":\"El digital de Asturias Radio\",\"description\":\"Diario de informaci\\u00f3n y noticias\",\"url\":\"https:\\\/\\\/eldigitaldeasturias.com\\\/radio\\\/\",\"telephone\":\"+34652131393\",\"logo\":{\"@type\":\"ImageObject\",\"url\":\"https:\\\/\\\/www.eldigitaldeasturias.com\\\/radio\\\/wp-content\\\/uploads\\\/2021\\\/03\\\/EDA.jpg\",\"@id\":\"https:\\\/\\\/eldigitaldeasturias.com\\\/radio\\\/bmw-inicia-actualizacion-de-software-de-5000-000-coches-por-internet\\\/#organizationLogo\"},\"image\":{\"@id\":\"https:\\\/\\\/eldigitaldeasturias.com\\\/radio\\\/bmw-inicia-actualizacion-de-software-de-5000-000-coches-por-internet\\\/#organizationLogo\"},\"sameAs\":[\"https:\\\/\\\/www.facebook.com\\\/\",\"https:\\\/\\\/x.com\\\/bercodi\",\"https:\\\/\\\/www.instagram.com\\\/\",\"https:\\\/\\\/www.youtube.com\\\/channel\\\/UCZP-2wLEB9Rv6erhFmqVnvg\"]},{\"@type\":\"Person\",\"@id\":\"https:\\\/\\\/eldigitaldeasturias.com\\\/radio\\\/author\\\/nbasturias\\\/#author\",\"url\":\"https:\\\/\\\/eldigitaldeasturias.com\\\/radio\\\/author\\\/nbasturias\\\/\",\"name\":\"NBAsturias\",\"image\":{\"@type\":\"ImageObject\",\"@id\":\"https:\\\/\\\/eldigitaldeasturias.com\\\/radio\\\/bmw-inicia-actualizacion-de-software-de-5000-000-coches-por-internet\\\/#authorImage\",\"url\":\"https:\\\/\\\/secure.gravatar.com\\\/avatar\\\/df2aeffc32bcd13f8d26072ef8a91b623d677766deac7f97ca815868cd41bf5e?s=96&d=mm&r=g\",\"width\":96,\"height\":96,\"caption\":\"NBAsturias\"}},{\"@type\":\"WebPage\",\"@id\":\"https:\\\/\\\/eldigitaldeasturias.com\\\/radio\\\/bmw-inicia-actualizacion-de-software-de-5000-000-coches-por-internet\\\/#webpage\",\"url\":\"https:\\\/\\\/eldigitaldeasturias.com\\\/radio\\\/bmw-inicia-actualizacion-de-software-de-5000-000-coches-por-internet\\\/\",\"name\":\"BMW inicia actualizaci\\u00f3n de software de 5000.000 coches por Internet | El Digital de Asturias\",\"description\":\"M\\u00fanich, 1 may (dpa) - El fabricante de coches alem\\u00e1n BMW planea actualizar en las pr\\u00f3ximas semanas el software de m\\u00e1s de medio mill\\u00f3n de veh\\u00edculos mediante una descarga por Internet, seg\\u00fan dio a conocer la compa\\u00f1\\u00eda hoy en M\\u00fanich. Klaus Fr\\u00f6hlich, miembro de la junta directiva de BMW y director del \\u00e1rea de desarrollo,\",\"inLanguage\":\"es-ES\",\"isPartOf\":{\"@id\":\"https:\\\/\\\/eldigitaldeasturias.com\\\/radio\\\/#website\"},\"breadcrumb\":{\"@id\":\"https:\\\/\\\/eldigitaldeasturias.com\\\/radio\\\/bmw-inicia-actualizacion-de-software-de-5000-000-coches-por-internet\\\/#breadcrumblist\"},\"author\":{\"@id\":\"https:\\\/\\\/eldigitaldeasturias.com\\\/radio\\\/author\\\/nbasturias\\\/#author\"},\"creator\":{\"@id\":\"https:\\\/\\\/eldigitaldeasturias.com\\\/radio\\\/author\\\/nbasturias\\\/#author\"},\"image\":{\"@type\":\"ImageObject\",\"url\":\"https:\\\/\\\/eldigitaldeasturias.com\\\/radio\\\/wp-content\\\/uploads\\\/2018\\\/04\\\/traffic-332857_960_720.jpg\",\"@id\":\"https:\\\/\\\/eldigitaldeasturias.com\\\/radio\\\/bmw-inicia-actualizacion-de-software-de-5000-000-coches-por-internet\\\/#mainImage\",\"width\":960,\"height\":640},\"primaryImageOfPage\":{\"@id\":\"https:\\\/\\\/eldigitaldeasturias.com\\\/radio\\\/bmw-inicia-actualizacion-de-software-de-5000-000-coches-por-internet\\\/#mainImage\"},\"datePublished\":\"2020-05-05T01:25:54+02:00\",\"dateModified\":\"2020-05-05T01:25:54+02:00\"},{\"@type\":\"WebSite\",\"@id\":\"https:\\\/\\\/eldigitaldeasturias.com\\\/radio\\\/#website\",\"url\":\"https:\\\/\\\/eldigitaldeasturias.com\\\/radio\\\/\",\"name\":\"El Digital de Asturias\",\"description\":\"Diario de informaci\\u00f3n y noticias\",\"inLanguage\":\"es-ES\",\"publisher\":{\"@id\":\"https:\\\/\\\/eldigitaldeasturias.com\\\/radio\\\/#organization\"}}]}\n\t\t<\/script>\n\t\t<!-- All in One SEO Pro -->\r\n\t\t<title>BMW inicia actualizaci\u00f3n de software de 5000.000 coches por Internet | El Digital de Asturias<\/title>\n\n","aioseo_head_json":{"title":"BMW inicia actualizaci\u00f3n de software de 5000.000 coches por Internet | El Digital de Asturias","description":"M\u00fanich, 1 may (dpa) - El fabricante de coches alem\u00e1n BMW planea actualizar en las pr\u00f3ximas semanas el software de m\u00e1s de medio mill\u00f3n de veh\u00edculos mediante una descarga por Internet, seg\u00fan dio a conocer la compa\u00f1\u00eda hoy en M\u00fanich. Klaus Fr\u00f6hlich, miembro de la junta directiva de BMW y director del \u00e1rea de desarrollo,","canonical_url":"https:\/\/eldigitaldeasturias.com\/radio\/bmw-inicia-actualizacion-de-software-de-5000-000-coches-por-internet\/","robots":"max-image-preview:large","keywords":"negocios","webmasterTools":{"google-site-verification":"UA-38556648-1","miscellaneous":""},"schema":{"@context":"https:\/\/schema.org","@graph":[{"@type":"BreadcrumbList","@id":"https:\/\/eldigitaldeasturias.com\/radio\/bmw-inicia-actualizacion-de-software-de-5000-000-coches-por-internet\/#breadcrumblist","itemListElement":[{"@type":"ListItem","@id":"https:\/\/eldigitaldeasturias.com\/radio#listItem","position":1,"name":"Inicio","item":"https:\/\/eldigitaldeasturias.com\/radio","nextItem":{"@type":"ListItem","@id":"https:\/\/eldigitaldeasturias.com\/radio\/category\/negocios\/#listItem","name":"Negocios"}},{"@type":"ListItem","@id":"https:\/\/eldigitaldeasturias.com\/radio\/category\/negocios\/#listItem","position":2,"name":"Negocios","item":"https:\/\/eldigitaldeasturias.com\/radio\/category\/negocios\/","nextItem":{"@type":"ListItem","@id":"https:\/\/eldigitaldeasturias.com\/radio\/bmw-inicia-actualizacion-de-software-de-5000-000-coches-por-internet\/#listItem","name":"BMW inicia actualizaci\u00f3n de software de 5000.000 coches por Internet"},"previousItem":{"@type":"ListItem","@id":"https:\/\/eldigitaldeasturias.com\/radio#listItem","name":"Inicio"}},{"@type":"ListItem","@id":"https:\/\/eldigitaldeasturias.com\/radio\/bmw-inicia-actualizacion-de-software-de-5000-000-coches-por-internet\/#listItem","position":3,"name":"BMW inicia actualizaci\u00f3n de software de 5000.000 coches por Internet","previousItem":{"@type":"ListItem","@id":"https:\/\/eldigitaldeasturias.com\/radio\/category\/negocios\/#listItem","name":"Negocios"}}]},{"@type":"NewsArticle","@id":"https:\/\/eldigitaldeasturias.com\/radio\/bmw-inicia-actualizacion-de-software-de-5000-000-coches-por-internet\/#newsarticle","name":"BMW inicia actualizaci\u00f3n de software de 5000.000 coches por Internet | El Digital de Asturias","headline":"BMW inicia actualizaci\u00f3n de software de 5000.000 coches por Internet","author":{"@id":"https:\/\/eldigitaldeasturias.com\/radio\/author\/nbasturias\/#author"},"publisher":{"@id":"https:\/\/eldigitaldeasturias.com\/radio\/#organization"},"image":{"@type":"ImageObject","url":"https:\/\/eldigitaldeasturias.com\/radio\/wp-content\/uploads\/2018\/04\/traffic-332857_960_720.jpg","width":960,"height":640},"datePublished":"2020-05-05T01:25:54+02:00","dateModified":"2020-05-05T01:25:54+02:00","inLanguage":"es-ES","mainEntityOfPage":{"@id":"https:\/\/eldigitaldeasturias.com\/radio\/bmw-inicia-actualizacion-de-software-de-5000-000-coches-por-internet\/#webpage"},"isPartOf":{"@id":"https:\/\/eldigitaldeasturias.com\/radio\/bmw-inicia-actualizacion-de-software-de-5000-000-coches-por-internet\/#webpage"},"articleSection":"Negocios","dateline":"Publicado el mayo 5, 2020."},{"@type":"Organization","@id":"https:\/\/eldigitaldeasturias.com\/radio\/#organization","name":"El digital de Asturias Radio","description":"Diario de informaci\u00f3n y noticias","url":"https:\/\/eldigitaldeasturias.com\/radio\/","telephone":"+34652131393","logo":{"@type":"ImageObject","url":"https:\/\/www.eldigitaldeasturias.com\/radio\/wp-content\/uploads\/2021\/03\/EDA.jpg","@id":"https:\/\/eldigitaldeasturias.com\/radio\/bmw-inicia-actualizacion-de-software-de-5000-000-coches-por-internet\/#organizationLogo"},"image":{"@id":"https:\/\/eldigitaldeasturias.com\/radio\/bmw-inicia-actualizacion-de-software-de-5000-000-coches-por-internet\/#organizationLogo"},"sameAs":["https:\/\/www.facebook.com\/","https:\/\/x.com\/bercodi","https:\/\/www.instagram.com\/","https:\/\/www.youtube.com\/channel\/UCZP-2wLEB9Rv6erhFmqVnvg"]},{"@type":"Person","@id":"https:\/\/eldigitaldeasturias.com\/radio\/author\/nbasturias\/#author","url":"https:\/\/eldigitaldeasturias.com\/radio\/author\/nbasturias\/","name":"NBAsturias","image":{"@type":"ImageObject","@id":"https:\/\/eldigitaldeasturias.com\/radio\/bmw-inicia-actualizacion-de-software-de-5000-000-coches-por-internet\/#authorImage","url":"https:\/\/secure.gravatar.com\/avatar\/df2aeffc32bcd13f8d26072ef8a91b623d677766deac7f97ca815868cd41bf5e?s=96&d=mm&r=g","width":96,"height":96,"caption":"NBAsturias"}},{"@type":"WebPage","@id":"https:\/\/eldigitaldeasturias.com\/radio\/bmw-inicia-actualizacion-de-software-de-5000-000-coches-por-internet\/#webpage","url":"https:\/\/eldigitaldeasturias.com\/radio\/bmw-inicia-actualizacion-de-software-de-5000-000-coches-por-internet\/","name":"BMW inicia actualizaci\u00f3n de software de 5000.000 coches por Internet | El Digital de Asturias","description":"M\u00fanich, 1 may (dpa) - El fabricante de coches alem\u00e1n BMW planea actualizar en las pr\u00f3ximas semanas el software de m\u00e1s de medio mill\u00f3n de veh\u00edculos mediante una descarga por Internet, seg\u00fan dio a conocer la compa\u00f1\u00eda hoy en M\u00fanich. Klaus Fr\u00f6hlich, miembro de la junta directiva de BMW y director del \u00e1rea de desarrollo,","inLanguage":"es-ES","isPartOf":{"@id":"https:\/\/eldigitaldeasturias.com\/radio\/#website"},"breadcrumb":{"@id":"https:\/\/eldigitaldeasturias.com\/radio\/bmw-inicia-actualizacion-de-software-de-5000-000-coches-por-internet\/#breadcrumblist"},"author":{"@id":"https:\/\/eldigitaldeasturias.com\/radio\/author\/nbasturias\/#author"},"creator":{"@id":"https:\/\/eldigitaldeasturias.com\/radio\/author\/nbasturias\/#author"},"image":{"@type":"ImageObject","url":"https:\/\/eldigitaldeasturias.com\/radio\/wp-content\/uploads\/2018\/04\/traffic-332857_960_720.jpg","@id":"https:\/\/eldigitaldeasturias.com\/radio\/bmw-inicia-actualizacion-de-software-de-5000-000-coches-por-internet\/#mainImage","width":960,"height":640},"primaryImageOfPage":{"@id":"https:\/\/eldigitaldeasturias.com\/radio\/bmw-inicia-actualizacion-de-software-de-5000-000-coches-por-internet\/#mainImage"},"datePublished":"2020-05-05T01:25:54+02:00","dateModified":"2020-05-05T01:25:54+02:00"},{"@type":"WebSite","@id":"https:\/\/eldigitaldeasturias.com\/radio\/#website","url":"https:\/\/eldigitaldeasturias.com\/radio\/","name":"El Digital de Asturias","description":"Diario de informaci\u00f3n y noticias","inLanguage":"es-ES","publisher":{"@id":"https:\/\/eldigitaldeasturias.com\/radio\/#organization"}}]},"og:locale":"es_ES","og:site_name":"El Digital de Asturias | Diario de informaci\u00f3n y noticias","og:type":"article","og:title":"BMW inicia actualizaci\u00f3n de software de 5000.000 coches por Internet | El Digital de Asturias","og:description":"M\u00fanich, 1 may (dpa) - El fabricante de coches alem\u00e1n BMW planea actualizar en las pr\u00f3ximas semanas el software de m\u00e1s de medio mill\u00f3n de veh\u00edculos mediante una descarga por Internet, seg\u00fan dio a conocer la compa\u00f1\u00eda hoy en M\u00fanich. Klaus Fr\u00f6hlich, miembro de la junta directiva de BMW y director del \u00e1rea de desarrollo,","og:url":"https:\/\/eldigitaldeasturias.com\/radio\/bmw-inicia-actualizacion-de-software-de-5000-000-coches-por-internet\/","og:image":"https:\/\/eldigitaldeasturias.com\/radio\/wp-content\/uploads\/2018\/04\/traffic-332857_960_720.jpg","og:image:secure_url":"https:\/\/eldigitaldeasturias.com\/radio\/wp-content\/uploads\/2018\/04\/traffic-332857_960_720.jpg","og:image:width":960,"og:image:height":640,"article:published_time":"2020-05-05T01:25:54+00:00","article:modified_time":"2020-05-05T01:25:54+00:00","twitter:card":"summary_large_image","twitter:site":"@bercodi","twitter:title":"BMW inicia actualizaci\u00f3n de software de 5000.000 coches por Internet | El Digital de Asturias","twitter:description":"M\u00fanich, 1 may (dpa) - El fabricante de coches alem\u00e1n BMW planea actualizar en las pr\u00f3ximas semanas el software de m\u00e1s de medio mill\u00f3n de veh\u00edculos mediante una descarga por Internet, seg\u00fan dio a conocer la compa\u00f1\u00eda hoy en M\u00fanich. Klaus Fr\u00f6hlich, miembro de la junta directiva de BMW y director del \u00e1rea de desarrollo,","twitter:creator":"@bercodi","twitter:image":"https:\/\/eldigitaldeasturias.com\/radio\/wp-content\/uploads\/2018\/04\/traffic-332857_960_720.jpg"},"aioseo_meta_data":{"post_id":"4275","title":null,"description":null,"keywords":null,"keyphrases":null,"primary_term":null,"canonical_url":null,"og_title":null,"og_description":null,"og_object_type":"default","og_image_type":"default","og_image_url":null,"og_image_width":null,"og_image_height":null,"og_image_custom_url":null,"og_image_custom_fields":null,"og_video":null,"og_custom_url":null,"og_article_section":null,"og_article_tags":null,"twitter_use_og":false,"twitter_card":"default","twitter_image_type":"default","twitter_image_url":null,"twitter_image_custom_url":null,"twitter_image_custom_fields":null,"twitter_title":null,"twitter_description":null,"schema":{"blockGraphs":[],"customGraphs":[],"default":{"data":{"Article":[],"Course":[],"Dataset":[],"FAQPage":[],"Movie":[],"Person":[],"Product":[],"ProductReview":[],"Car":[],"Recipe":[],"Service":[],"SoftwareApplication":[],"WebPage":[]},"graphName":"","isEnabled":true},"graphs":[],"defaultGraph":"","defaultPostTypeGraph":""},"schema_type":null,"schema_type_options":null,"pillar_content":false,"robots_default":true,"robots_noindex":false,"robots_noarchive":false,"robots_nosnippet":false,"robots_nofollow":false,"robots_noimageindex":false,"robots_noodp":false,"robots_notranslate":false,"robots_max_snippet":null,"robots_max_videopreview":null,"robots_max_imagepreview":"large","priority":null,"frequency":null,"location":null,"local_seo":null,"seo_analyzer_scan_date":"2025-08-28 15:40:32","breadcrumb_settings":null,"limit_modified_date":false,"open_ai":null,"ai":null,"created":"2021-03-26 16:43:02","updated":"2025-08-28 15:40:32"},"aioseo_breadcrumb":"<div class=\"aioseo-breadcrumbs\"><span class=\"aioseo-breadcrumb\">\n\t<a href=\"https:\/\/eldigitaldeasturias.com\/radio\" title=\"Inicio\">Inicio<\/a>\n<\/span><span class=\"aioseo-breadcrumb-separator\">&ndash;<\/span><span class=\"aioseo-breadcrumb\">\n\t<a href=\"https:\/\/eldigitaldeasturias.com\/radio\/category\/negocios\/\" title=\"Negocios\">Negocios<\/a>\n<\/span><span class=\"aioseo-breadcrumb-separator\">&ndash;<\/span><span class=\"aioseo-breadcrumb\">\n\tBMW inicia actualizaci\u00f3n de software de 5000.000 coches por Internet\n<\/span><\/div>","aioseo_breadcrumb_json":[{"label":"Inicio","link":"https:\/\/eldigitaldeasturias.com\/radio"},{"label":"Negocios","link":"https:\/\/eldigitaldeasturias.com\/radio\/category\/negocios\/"},{"label":"BMW inicia actualizaci\u00f3n de software de 5000.000 coches por Internet","link":"https:\/\/eldigitaldeasturias.com\/radio\/bmw-inicia-actualizacion-de-software-de-5000-000-coches-por-internet\/"}],"_links":{"self":[{"href":"https:\/\/eldigitaldeasturias.com\/radio\/wp-json\/wp\/v2\/posts\/4275","targetHints":{"allow":["GET"]}}],"collection":[{"href":"https:\/\/eldigitaldeasturias.com\/radio\/wp-json\/wp\/v2\/posts"}],"about":[{"href":"https:\/\/eldigitaldeasturias.com\/radio\/wp-json\/wp\/v2\/types\/post"}],"author":[{"embeddable":true,"href":"https:\/\/eldigitaldeasturias.com\/radio\/wp-json\/wp\/v2\/users\/1"}],"replies":[{"embeddable":true,"href":"https:\/\/eldigitaldeasturias.com\/radio\/wp-json\/wp\/v2\/comments?post=4275"}],"version-history":[{"count":0,"href":"https:\/\/eldigitaldeasturias.com\/radio\/wp-json\/wp\/v2\/posts\/4275\/revisions"}],"wp:featuredmedia":[{"embeddable":true,"href":"https:\/\/eldigitaldeasturias.com\/radio\/wp-json\/wp\/v2\/media\/791"}],"wp:attachment":[{"href":"https:\/\/eldigitaldeasturias.com\/radio\/wp-json\/wp\/v2\/media?parent=4275"}],"wp:term":[{"taxonomy":"category","embeddable":true,"href":"https:\/\/eldigitaldeasturias.com\/radio\/wp-json\/wp\/v2\/categories?post=4275"},{"taxonomy":"post_tag","embeddable":true,"href":"https:\/\/eldigitaldeasturias.com\/radio\/wp-json\/wp\/v2\/tags?post=4275"}],"curies":[{"name":"wp","href":"https:\/\/api.w.org\/{rel}","templated":true}]}}