{"id":4270,"date":"2020-05-05T01:22:14","date_gmt":"2020-05-05T01:22:14","guid":{"rendered":"http:\/\/www.eldigitaldeasturias.com\/radio\/?p=4270"},"modified":"2020-05-05T01:22:14","modified_gmt":"2020-05-05T01:22:14","slug":"nuevo-director-archivo-goethe-schiller-echara-luz-sobre-su-historia","status":"publish","type":"post","link":"https:\/\/eldigitaldeasturias.com\/radio\/nuevo-director-archivo-goethe-schiller-echara-luz-sobre-su-historia\/","title":{"rendered":"Nuevo director Archivo Goethe-Schiller echar\u00e1 luz sobre su historia"},"content":{"rendered":"<p><img fetchpriority=\"high\" decoding=\"async\" class=\"alignleft size-medium wp-image-878\" src=\"http:\/\/www.eldigitaldeasturias.com\/radio\/wp-content\/uploads\/2018\/05\/book-1291164_960_720-360x240.jpg\" alt=\"\" width=\"360\" height=\"240\" srcset=\"https:\/\/eldigitaldeasturias.com\/radio\/wp-content\/uploads\/2018\/05\/book-1291164_960_720-360x240.jpg 360w, https:\/\/eldigitaldeasturias.com\/radio\/wp-content\/uploads\/2018\/05\/book-1291164_960_720-768x512.jpg 768w, https:\/\/eldigitaldeasturias.com\/radio\/wp-content\/uploads\/2018\/05\/book-1291164_960_720.jpg 960w\" sizes=\"(max-width: 360px) 100vw, 360px\" \/>Weimar (Alemania), 1 may (dpa) &#8211; El nuevo director del Archivo Goethe-Schiller, Marcel Lepper, se propone arrojar luz tambi\u00e9n sobre las p\u00e1ginas oscuras de la historia de la instituci\u00f3n con sede en la ciudad alemana de Weimar, seg\u00fan coment\u00f3 a dpa.<\/p>\n<p>\u00abEl archivo y su esplendor no solamente fueron utilizados para el bien. A comienzos del siglo XX, la veneraci\u00f3n de Goethe y Schiller tambi\u00e9n fue un campo de acci\u00f3n para extremistas de derecha\u00bb, se\u00f1al\u00f3 Lepper.<\/p>\n<p>El nuevo director del Archivo Goethe-Schiller indic\u00f3 que este fue un cap\u00edtulo de la historia que debe ser abordado, justamente porque es desagradable.<\/p>\n<p>Asimismo, Lepper dijo que le dedicar\u00e1 gran atenci\u00f3n al tema de la procedencia -o sea la cuesti\u00f3n de d\u00f3nde llegaron los documentos-. \u00abSe aprende m\u00e1s sobre lo que se tiene si se sabe c\u00f3mo lleg\u00f3\u00bb, a\u00f1adi\u00f3.<\/p>\n<p>Lepper, quien hasta ahora se desempe\u00f1\u00f3 como director del Archivo Literario de la Academia Berlinesa de las Artes, asumir\u00e1 su puesto el pr\u00f3ximo 1 de julio.<\/p>\n<p>El Archivo Goethe-Schiller, el m\u00e1s antiguo de la literatura alemana, guarda, entre otros legados, los de Johann Wolfgang von Goethe (1749-1832) y Friedrich Schiller (1759-1805), dos pilares de la cultura germana.<\/p>\n","protected":false},"excerpt":{"rendered":"<p>Weimar (Alemania), 1 may (dpa) &#8211; El nuevo director del Archivo Goethe-Schiller, Marcel Lepper, se propone arrojar luz tambi\u00e9n sobre las p\u00e1ginas oscuras de la historia de la instituci\u00f3n con sede en la ciudad alemana de Weimar, seg\u00fan coment\u00f3 a dpa. \u00abEl archivo y su esplendor no solamente fueron utilizados para el bien. A comienzos<\/p>\n","protected":false},"author":1,"featured_media":505,"comment_status":"closed","ping_status":"closed","sticky":false,"template":"","format":"standard","meta":{"footnotes":""},"categories":[1],"tags":[],"class_list":{"0":"post-4270","1":"post","2":"type-post","3":"status-publish","4":"format-standard","5":"has-post-thumbnail","7":"category-noticias"},"aioseo_notices":[],"aioseo_head":"\n\t\t<!-- All in One SEO Pro 4.9.6.2 - aioseo.com -->\n\t<meta name=\"description\" content=\"Weimar (Alemania), 1 may (dpa) - El nuevo director del Archivo Goethe-Schiller, Marcel Lepper, se propone arrojar luz tambi\u00e9n sobre las p\u00e1ginas oscuras de la historia de la instituci\u00f3n con sede en la ciudad alemana de Weimar, seg\u00fan coment\u00f3 a dpa. &quot;El archivo y su esplendor no solamente fueron utilizados para el bien. A comienzos\" \/>\n\t<meta name=\"robots\" content=\"max-image-preview:large\" \/>\n\t<meta name=\"author\" content=\"NBAsturias\"\/>\n\t<meta name=\"google-site-verification\" content=\"UA-38556648-1\" \/>\n\t<meta name=\"keywords\" content=\"noticias\" \/>\n\t<link rel=\"canonical\" href=\"https:\/\/eldigitaldeasturias.com\/radio\/nuevo-director-archivo-goethe-schiller-echara-luz-sobre-su-historia\/\" \/>\n\t<meta name=\"generator\" content=\"All in One SEO Pro (AIOSEO) 4.9.6.2\" \/>\n\t\t<meta property=\"og:locale\" content=\"es_ES\" \/>\n\t\t<meta property=\"og:site_name\" content=\"El Digital de Asturias | Diario de informaci\u00f3n y noticias\" \/>\n\t\t<meta property=\"og:type\" content=\"article\" \/>\n\t\t<meta property=\"og:title\" content=\"Nuevo director Archivo Goethe-Schiller echar\u00e1 luz sobre su historia | El Digital de Asturias\" \/>\n\t\t<meta property=\"og:description\" content=\"Weimar (Alemania), 1 may (dpa) - El nuevo director del Archivo Goethe-Schiller, Marcel Lepper, se propone arrojar luz tambi\u00e9n sobre las p\u00e1ginas oscuras de la historia de la instituci\u00f3n con sede en la ciudad alemana de Weimar, seg\u00fan coment\u00f3 a dpa. &quot;El archivo y su esplendor no solamente fueron utilizados para el bien. A comienzos\" \/>\n\t\t<meta property=\"og:url\" content=\"https:\/\/eldigitaldeasturias.com\/radio\/nuevo-director-archivo-goethe-schiller-echara-luz-sobre-su-historia\/\" \/>\n\t\t<meta property=\"og:image\" content=\"https:\/\/eldigitaldeasturias.com\/radio\/wp-content\/uploads\/2018\/03\/stack-of-books-1001655_1280-1.jpg\" \/>\n\t\t<meta property=\"og:image:secure_url\" content=\"https:\/\/eldigitaldeasturias.com\/radio\/wp-content\/uploads\/2018\/03\/stack-of-books-1001655_1280-1.jpg\" \/>\n\t\t<meta property=\"og:image:width\" content=\"1280\" \/>\n\t\t<meta property=\"og:image:height\" content=\"853\" \/>\n\t\t<meta property=\"article:published_time\" content=\"2020-05-05T01:22:14+00:00\" \/>\n\t\t<meta property=\"article:modified_time\" content=\"2020-05-05T01:22:14+00:00\" \/>\n\t\t<meta name=\"twitter:card\" content=\"summary_large_image\" \/>\n\t\t<meta name=\"twitter:site\" content=\"@bercodi\" \/>\n\t\t<meta name=\"twitter:title\" content=\"Nuevo director Archivo Goethe-Schiller echar\u00e1 luz sobre su historia | El Digital de Asturias\" \/>\n\t\t<meta name=\"twitter:description\" content=\"Weimar (Alemania), 1 may (dpa) - El nuevo director del Archivo Goethe-Schiller, Marcel Lepper, se propone arrojar luz tambi\u00e9n sobre las p\u00e1ginas oscuras de la historia de la instituci\u00f3n con sede en la ciudad alemana de Weimar, seg\u00fan coment\u00f3 a dpa. &quot;El archivo y su esplendor no solamente fueron utilizados para el bien. A comienzos\" \/>\n\t\t<meta name=\"twitter:creator\" content=\"@bercodi\" \/>\n\t\t<meta name=\"twitter:image\" content=\"https:\/\/eldigitaldeasturias.com\/radio\/wp-content\/uploads\/2018\/03\/stack-of-books-1001655_1280-1.jpg\" \/>\n\t\t<script type=\"application\/ld+json\" class=\"aioseo-schema\">\n\t\t\t{\"@context\":\"https:\\\/\\\/schema.org\",\"@graph\":[{\"@type\":\"BreadcrumbList\",\"@id\":\"https:\\\/\\\/eldigitaldeasturias.com\\\/radio\\\/nuevo-director-archivo-goethe-schiller-echara-luz-sobre-su-historia\\\/#breadcrumblist\",\"itemListElement\":[{\"@type\":\"ListItem\",\"@id\":\"https:\\\/\\\/eldigitaldeasturias.com\\\/radio#listItem\",\"position\":1,\"name\":\"Inicio\",\"item\":\"https:\\\/\\\/eldigitaldeasturias.com\\\/radio\",\"nextItem\":{\"@type\":\"ListItem\",\"@id\":\"https:\\\/\\\/eldigitaldeasturias.com\\\/radio\\\/category\\\/noticias\\\/#listItem\",\"name\":\"Noticias\"}},{\"@type\":\"ListItem\",\"@id\":\"https:\\\/\\\/eldigitaldeasturias.com\\\/radio\\\/category\\\/noticias\\\/#listItem\",\"position\":2,\"name\":\"Noticias\",\"item\":\"https:\\\/\\\/eldigitaldeasturias.com\\\/radio\\\/category\\\/noticias\\\/\",\"nextItem\":{\"@type\":\"ListItem\",\"@id\":\"https:\\\/\\\/eldigitaldeasturias.com\\\/radio\\\/nuevo-director-archivo-goethe-schiller-echara-luz-sobre-su-historia\\\/#listItem\",\"name\":\"Nuevo director Archivo Goethe-Schiller echar\\u00e1 luz sobre su historia\"},\"previousItem\":{\"@type\":\"ListItem\",\"@id\":\"https:\\\/\\\/eldigitaldeasturias.com\\\/radio#listItem\",\"name\":\"Inicio\"}},{\"@type\":\"ListItem\",\"@id\":\"https:\\\/\\\/eldigitaldeasturias.com\\\/radio\\\/nuevo-director-archivo-goethe-schiller-echara-luz-sobre-su-historia\\\/#listItem\",\"position\":3,\"name\":\"Nuevo director Archivo Goethe-Schiller echar\\u00e1 luz sobre su historia\",\"previousItem\":{\"@type\":\"ListItem\",\"@id\":\"https:\\\/\\\/eldigitaldeasturias.com\\\/radio\\\/category\\\/noticias\\\/#listItem\",\"name\":\"Noticias\"}}]},{\"@type\":\"NewsArticle\",\"@id\":\"https:\\\/\\\/eldigitaldeasturias.com\\\/radio\\\/nuevo-director-archivo-goethe-schiller-echara-luz-sobre-su-historia\\\/#newsarticle\",\"name\":\"Nuevo director Archivo Goethe-Schiller echar\\u00e1 luz sobre su historia | El Digital de Asturias\",\"headline\":\"Nuevo director Archivo Goethe-Schiller echar\\u00e1 luz sobre su historia\",\"author\":{\"@id\":\"https:\\\/\\\/eldigitaldeasturias.com\\\/radio\\\/author\\\/nbasturias\\\/#author\"},\"publisher\":{\"@id\":\"https:\\\/\\\/eldigitaldeasturias.com\\\/radio\\\/#organization\"},\"image\":{\"@type\":\"ImageObject\",\"url\":\"https:\\\/\\\/eldigitaldeasturias.com\\\/radio\\\/wp-content\\\/uploads\\\/2018\\\/03\\\/stack-of-books-1001655_1280-1.jpg\",\"width\":1280,\"height\":853},\"datePublished\":\"2020-05-05T01:22:14+02:00\",\"dateModified\":\"2020-05-05T01:22:14+02:00\",\"inLanguage\":\"es-ES\",\"mainEntityOfPage\":{\"@id\":\"https:\\\/\\\/eldigitaldeasturias.com\\\/radio\\\/nuevo-director-archivo-goethe-schiller-echara-luz-sobre-su-historia\\\/#webpage\"},\"isPartOf\":{\"@id\":\"https:\\\/\\\/eldigitaldeasturias.com\\\/radio\\\/nuevo-director-archivo-goethe-schiller-echara-luz-sobre-su-historia\\\/#webpage\"},\"articleSection\":\"Noticias\",\"dateline\":\"Publicado el mayo 5, 2020.\"},{\"@type\":\"Organization\",\"@id\":\"https:\\\/\\\/eldigitaldeasturias.com\\\/radio\\\/#organization\",\"name\":\"El digital de Asturias Radio\",\"description\":\"Diario de informaci\\u00f3n y noticias\",\"url\":\"https:\\\/\\\/eldigitaldeasturias.com\\\/radio\\\/\",\"telephone\":\"+34652131393\",\"logo\":{\"@type\":\"ImageObject\",\"url\":\"https:\\\/\\\/www.eldigitaldeasturias.com\\\/radio\\\/wp-content\\\/uploads\\\/2021\\\/03\\\/EDA.jpg\",\"@id\":\"https:\\\/\\\/eldigitaldeasturias.com\\\/radio\\\/nuevo-director-archivo-goethe-schiller-echara-luz-sobre-su-historia\\\/#organizationLogo\"},\"image\":{\"@id\":\"https:\\\/\\\/eldigitaldeasturias.com\\\/radio\\\/nuevo-director-archivo-goethe-schiller-echara-luz-sobre-su-historia\\\/#organizationLogo\"},\"sameAs\":[\"https:\\\/\\\/www.facebook.com\\\/\",\"https:\\\/\\\/x.com\\\/bercodi\",\"https:\\\/\\\/www.instagram.com\\\/\",\"https:\\\/\\\/www.youtube.com\\\/channel\\\/UCZP-2wLEB9Rv6erhFmqVnvg\"]},{\"@type\":\"Person\",\"@id\":\"https:\\\/\\\/eldigitaldeasturias.com\\\/radio\\\/author\\\/nbasturias\\\/#author\",\"url\":\"https:\\\/\\\/eldigitaldeasturias.com\\\/radio\\\/author\\\/nbasturias\\\/\",\"name\":\"NBAsturias\",\"image\":{\"@type\":\"ImageObject\",\"@id\":\"https:\\\/\\\/eldigitaldeasturias.com\\\/radio\\\/nuevo-director-archivo-goethe-schiller-echara-luz-sobre-su-historia\\\/#authorImage\",\"url\":\"https:\\\/\\\/secure.gravatar.com\\\/avatar\\\/df2aeffc32bcd13f8d26072ef8a91b623d677766deac7f97ca815868cd41bf5e?s=96&d=mm&r=g\",\"width\":96,\"height\":96,\"caption\":\"NBAsturias\"}},{\"@type\":\"WebPage\",\"@id\":\"https:\\\/\\\/eldigitaldeasturias.com\\\/radio\\\/nuevo-director-archivo-goethe-schiller-echara-luz-sobre-su-historia\\\/#webpage\",\"url\":\"https:\\\/\\\/eldigitaldeasturias.com\\\/radio\\\/nuevo-director-archivo-goethe-schiller-echara-luz-sobre-su-historia\\\/\",\"name\":\"Nuevo director Archivo Goethe-Schiller echar\\u00e1 luz sobre su historia | El Digital de Asturias\",\"description\":\"Weimar (Alemania), 1 may (dpa) - El nuevo director del Archivo Goethe-Schiller, Marcel Lepper, se propone arrojar luz tambi\\u00e9n sobre las p\\u00e1ginas oscuras de la historia de la instituci\\u00f3n con sede en la ciudad alemana de Weimar, seg\\u00fan coment\\u00f3 a dpa. \\\"El archivo y su esplendor no solamente fueron utilizados para el bien. A comienzos\",\"inLanguage\":\"es-ES\",\"isPartOf\":{\"@id\":\"https:\\\/\\\/eldigitaldeasturias.com\\\/radio\\\/#website\"},\"breadcrumb\":{\"@id\":\"https:\\\/\\\/eldigitaldeasturias.com\\\/radio\\\/nuevo-director-archivo-goethe-schiller-echara-luz-sobre-su-historia\\\/#breadcrumblist\"},\"author\":{\"@id\":\"https:\\\/\\\/eldigitaldeasturias.com\\\/radio\\\/author\\\/nbasturias\\\/#author\"},\"creator\":{\"@id\":\"https:\\\/\\\/eldigitaldeasturias.com\\\/radio\\\/author\\\/nbasturias\\\/#author\"},\"image\":{\"@type\":\"ImageObject\",\"url\":\"https:\\\/\\\/eldigitaldeasturias.com\\\/radio\\\/wp-content\\\/uploads\\\/2018\\\/03\\\/stack-of-books-1001655_1280-1.jpg\",\"@id\":\"https:\\\/\\\/eldigitaldeasturias.com\\\/radio\\\/nuevo-director-archivo-goethe-schiller-echara-luz-sobre-su-historia\\\/#mainImage\",\"width\":1280,\"height\":853},\"primaryImageOfPage\":{\"@id\":\"https:\\\/\\\/eldigitaldeasturias.com\\\/radio\\\/nuevo-director-archivo-goethe-schiller-echara-luz-sobre-su-historia\\\/#mainImage\"},\"datePublished\":\"2020-05-05T01:22:14+02:00\",\"dateModified\":\"2020-05-05T01:22:14+02:00\"},{\"@type\":\"WebSite\",\"@id\":\"https:\\\/\\\/eldigitaldeasturias.com\\\/radio\\\/#website\",\"url\":\"https:\\\/\\\/eldigitaldeasturias.com\\\/radio\\\/\",\"name\":\"El Digital de Asturias\",\"description\":\"Diario de informaci\\u00f3n y noticias\",\"inLanguage\":\"es-ES\",\"publisher\":{\"@id\":\"https:\\\/\\\/eldigitaldeasturias.com\\\/radio\\\/#organization\"}}]}\n\t\t<\/script>\n\t\t<!-- All in One SEO Pro -->\r\n\t\t<title>Nuevo director Archivo Goethe-Schiller echar\u00e1 luz sobre su historia | El Digital de Asturias<\/title>\n\n","aioseo_head_json":{"title":"Nuevo director Archivo Goethe-Schiller echar\u00e1 luz sobre su historia | El Digital de Asturias","description":"Weimar (Alemania), 1 may (dpa) - El nuevo director del Archivo Goethe-Schiller, Marcel Lepper, se propone arrojar luz tambi\u00e9n sobre las p\u00e1ginas oscuras de la historia de la instituci\u00f3n con sede en la ciudad alemana de Weimar, seg\u00fan coment\u00f3 a dpa. \"El archivo y su esplendor no solamente fueron utilizados para el bien. A comienzos","canonical_url":"https:\/\/eldigitaldeasturias.com\/radio\/nuevo-director-archivo-goethe-schiller-echara-luz-sobre-su-historia\/","robots":"max-image-preview:large","keywords":"noticias","webmasterTools":{"google-site-verification":"UA-38556648-1","miscellaneous":""},"schema":{"@context":"https:\/\/schema.org","@graph":[{"@type":"BreadcrumbList","@id":"https:\/\/eldigitaldeasturias.com\/radio\/nuevo-director-archivo-goethe-schiller-echara-luz-sobre-su-historia\/#breadcrumblist","itemListElement":[{"@type":"ListItem","@id":"https:\/\/eldigitaldeasturias.com\/radio#listItem","position":1,"name":"Inicio","item":"https:\/\/eldigitaldeasturias.com\/radio","nextItem":{"@type":"ListItem","@id":"https:\/\/eldigitaldeasturias.com\/radio\/category\/noticias\/#listItem","name":"Noticias"}},{"@type":"ListItem","@id":"https:\/\/eldigitaldeasturias.com\/radio\/category\/noticias\/#listItem","position":2,"name":"Noticias","item":"https:\/\/eldigitaldeasturias.com\/radio\/category\/noticias\/","nextItem":{"@type":"ListItem","@id":"https:\/\/eldigitaldeasturias.com\/radio\/nuevo-director-archivo-goethe-schiller-echara-luz-sobre-su-historia\/#listItem","name":"Nuevo director Archivo Goethe-Schiller echar\u00e1 luz sobre su historia"},"previousItem":{"@type":"ListItem","@id":"https:\/\/eldigitaldeasturias.com\/radio#listItem","name":"Inicio"}},{"@type":"ListItem","@id":"https:\/\/eldigitaldeasturias.com\/radio\/nuevo-director-archivo-goethe-schiller-echara-luz-sobre-su-historia\/#listItem","position":3,"name":"Nuevo director Archivo Goethe-Schiller echar\u00e1 luz sobre su historia","previousItem":{"@type":"ListItem","@id":"https:\/\/eldigitaldeasturias.com\/radio\/category\/noticias\/#listItem","name":"Noticias"}}]},{"@type":"NewsArticle","@id":"https:\/\/eldigitaldeasturias.com\/radio\/nuevo-director-archivo-goethe-schiller-echara-luz-sobre-su-historia\/#newsarticle","name":"Nuevo director Archivo Goethe-Schiller echar\u00e1 luz sobre su historia | El Digital de Asturias","headline":"Nuevo director Archivo Goethe-Schiller echar\u00e1 luz sobre su historia","author":{"@id":"https:\/\/eldigitaldeasturias.com\/radio\/author\/nbasturias\/#author"},"publisher":{"@id":"https:\/\/eldigitaldeasturias.com\/radio\/#organization"},"image":{"@type":"ImageObject","url":"https:\/\/eldigitaldeasturias.com\/radio\/wp-content\/uploads\/2018\/03\/stack-of-books-1001655_1280-1.jpg","width":1280,"height":853},"datePublished":"2020-05-05T01:22:14+02:00","dateModified":"2020-05-05T01:22:14+02:00","inLanguage":"es-ES","mainEntityOfPage":{"@id":"https:\/\/eldigitaldeasturias.com\/radio\/nuevo-director-archivo-goethe-schiller-echara-luz-sobre-su-historia\/#webpage"},"isPartOf":{"@id":"https:\/\/eldigitaldeasturias.com\/radio\/nuevo-director-archivo-goethe-schiller-echara-luz-sobre-su-historia\/#webpage"},"articleSection":"Noticias","dateline":"Publicado el mayo 5, 2020."},{"@type":"Organization","@id":"https:\/\/eldigitaldeasturias.com\/radio\/#organization","name":"El digital de Asturias Radio","description":"Diario de informaci\u00f3n y noticias","url":"https:\/\/eldigitaldeasturias.com\/radio\/","telephone":"+34652131393","logo":{"@type":"ImageObject","url":"https:\/\/www.eldigitaldeasturias.com\/radio\/wp-content\/uploads\/2021\/03\/EDA.jpg","@id":"https:\/\/eldigitaldeasturias.com\/radio\/nuevo-director-archivo-goethe-schiller-echara-luz-sobre-su-historia\/#organizationLogo"},"image":{"@id":"https:\/\/eldigitaldeasturias.com\/radio\/nuevo-director-archivo-goethe-schiller-echara-luz-sobre-su-historia\/#organizationLogo"},"sameAs":["https:\/\/www.facebook.com\/","https:\/\/x.com\/bercodi","https:\/\/www.instagram.com\/","https:\/\/www.youtube.com\/channel\/UCZP-2wLEB9Rv6erhFmqVnvg"]},{"@type":"Person","@id":"https:\/\/eldigitaldeasturias.com\/radio\/author\/nbasturias\/#author","url":"https:\/\/eldigitaldeasturias.com\/radio\/author\/nbasturias\/","name":"NBAsturias","image":{"@type":"ImageObject","@id":"https:\/\/eldigitaldeasturias.com\/radio\/nuevo-director-archivo-goethe-schiller-echara-luz-sobre-su-historia\/#authorImage","url":"https:\/\/secure.gravatar.com\/avatar\/df2aeffc32bcd13f8d26072ef8a91b623d677766deac7f97ca815868cd41bf5e?s=96&d=mm&r=g","width":96,"height":96,"caption":"NBAsturias"}},{"@type":"WebPage","@id":"https:\/\/eldigitaldeasturias.com\/radio\/nuevo-director-archivo-goethe-schiller-echara-luz-sobre-su-historia\/#webpage","url":"https:\/\/eldigitaldeasturias.com\/radio\/nuevo-director-archivo-goethe-schiller-echara-luz-sobre-su-historia\/","name":"Nuevo director Archivo Goethe-Schiller echar\u00e1 luz sobre su historia | El Digital de Asturias","description":"Weimar (Alemania), 1 may (dpa) - El nuevo director del Archivo Goethe-Schiller, Marcel Lepper, se propone arrojar luz tambi\u00e9n sobre las p\u00e1ginas oscuras de la historia de la instituci\u00f3n con sede en la ciudad alemana de Weimar, seg\u00fan coment\u00f3 a dpa. \"El archivo y su esplendor no solamente fueron utilizados para el bien. A comienzos","inLanguage":"es-ES","isPartOf":{"@id":"https:\/\/eldigitaldeasturias.com\/radio\/#website"},"breadcrumb":{"@id":"https:\/\/eldigitaldeasturias.com\/radio\/nuevo-director-archivo-goethe-schiller-echara-luz-sobre-su-historia\/#breadcrumblist"},"author":{"@id":"https:\/\/eldigitaldeasturias.com\/radio\/author\/nbasturias\/#author"},"creator":{"@id":"https:\/\/eldigitaldeasturias.com\/radio\/author\/nbasturias\/#author"},"image":{"@type":"ImageObject","url":"https:\/\/eldigitaldeasturias.com\/radio\/wp-content\/uploads\/2018\/03\/stack-of-books-1001655_1280-1.jpg","@id":"https:\/\/eldigitaldeasturias.com\/radio\/nuevo-director-archivo-goethe-schiller-echara-luz-sobre-su-historia\/#mainImage","width":1280,"height":853},"primaryImageOfPage":{"@id":"https:\/\/eldigitaldeasturias.com\/radio\/nuevo-director-archivo-goethe-schiller-echara-luz-sobre-su-historia\/#mainImage"},"datePublished":"2020-05-05T01:22:14+02:00","dateModified":"2020-05-05T01:22:14+02:00"},{"@type":"WebSite","@id":"https:\/\/eldigitaldeasturias.com\/radio\/#website","url":"https:\/\/eldigitaldeasturias.com\/radio\/","name":"El Digital de Asturias","description":"Diario de informaci\u00f3n y noticias","inLanguage":"es-ES","publisher":{"@id":"https:\/\/eldigitaldeasturias.com\/radio\/#organization"}}]},"og:locale":"es_ES","og:site_name":"El Digital de Asturias | Diario de informaci\u00f3n y noticias","og:type":"article","og:title":"Nuevo director Archivo Goethe-Schiller echar\u00e1 luz sobre su historia | El Digital de Asturias","og:description":"Weimar (Alemania), 1 may (dpa) - El nuevo director del Archivo Goethe-Schiller, Marcel Lepper, se propone arrojar luz tambi\u00e9n sobre las p\u00e1ginas oscuras de la historia de la instituci\u00f3n con sede en la ciudad alemana de Weimar, seg\u00fan coment\u00f3 a dpa. &quot;El archivo y su esplendor no solamente fueron utilizados para el bien. A comienzos","og:url":"https:\/\/eldigitaldeasturias.com\/radio\/nuevo-director-archivo-goethe-schiller-echara-luz-sobre-su-historia\/","og:image":"https:\/\/eldigitaldeasturias.com\/radio\/wp-content\/uploads\/2018\/03\/stack-of-books-1001655_1280-1.jpg","og:image:secure_url":"https:\/\/eldigitaldeasturias.com\/radio\/wp-content\/uploads\/2018\/03\/stack-of-books-1001655_1280-1.jpg","og:image:width":1280,"og:image:height":853,"article:published_time":"2020-05-05T01:22:14+00:00","article:modified_time":"2020-05-05T01:22:14+00:00","twitter:card":"summary_large_image","twitter:site":"@bercodi","twitter:title":"Nuevo director Archivo Goethe-Schiller echar\u00e1 luz sobre su historia | El Digital de Asturias","twitter:description":"Weimar (Alemania), 1 may (dpa) - El nuevo director del Archivo Goethe-Schiller, Marcel Lepper, se propone arrojar luz tambi\u00e9n sobre las p\u00e1ginas oscuras de la historia de la instituci\u00f3n con sede en la ciudad alemana de Weimar, seg\u00fan coment\u00f3 a dpa. &quot;El archivo y su esplendor no solamente fueron utilizados para el bien. A comienzos","twitter:creator":"@bercodi","twitter:image":"https:\/\/eldigitaldeasturias.com\/radio\/wp-content\/uploads\/2018\/03\/stack-of-books-1001655_1280-1.jpg"},"aioseo_meta_data":{"post_id":"4270","title":null,"description":null,"keywords":null,"keyphrases":null,"primary_term":null,"canonical_url":null,"og_title":null,"og_description":null,"og_object_type":"default","og_image_type":"default","og_image_url":null,"og_image_width":null,"og_image_height":null,"og_image_custom_url":null,"og_image_custom_fields":null,"og_video":null,"og_custom_url":null,"og_article_section":null,"og_article_tags":null,"twitter_use_og":false,"twitter_card":"default","twitter_image_type":"default","twitter_image_url":null,"twitter_image_custom_url":null,"twitter_image_custom_fields":null,"twitter_title":null,"twitter_description":null,"schema":{"blockGraphs":[],"customGraphs":[],"default":{"data":{"Article":[],"Course":[],"Dataset":[],"FAQPage":[],"Movie":[],"Person":[],"Product":[],"ProductReview":[],"Car":[],"Recipe":[],"Service":[],"SoftwareApplication":[],"WebPage":[]},"graphName":"","isEnabled":true},"graphs":[],"defaultGraph":"","defaultPostTypeGraph":""},"schema_type":null,"schema_type_options":null,"pillar_content":false,"robots_default":true,"robots_noindex":false,"robots_noarchive":false,"robots_nosnippet":false,"robots_nofollow":false,"robots_noimageindex":false,"robots_noodp":false,"robots_notranslate":false,"robots_max_snippet":null,"robots_max_videopreview":null,"robots_max_imagepreview":"large","priority":null,"frequency":null,"location":null,"local_seo":null,"seo_analyzer_scan_date":"2025-08-28 15:40:29","breadcrumb_settings":null,"limit_modified_date":false,"open_ai":null,"ai":null,"created":"2021-03-27 21:53:16","updated":"2025-08-28 15:40:29"},"aioseo_breadcrumb":"<div class=\"aioseo-breadcrumbs\"><span class=\"aioseo-breadcrumb\">\n\t<a href=\"https:\/\/eldigitaldeasturias.com\/radio\" title=\"Inicio\">Inicio<\/a>\n<\/span><span class=\"aioseo-breadcrumb-separator\">&ndash;<\/span><span class=\"aioseo-breadcrumb\">\n\t<a href=\"https:\/\/eldigitaldeasturias.com\/radio\/category\/noticias\/\" title=\"Noticias\">Noticias<\/a>\n<\/span><span class=\"aioseo-breadcrumb-separator\">&ndash;<\/span><span class=\"aioseo-breadcrumb\">\n\tNuevo director Archivo Goethe-Schiller echar\u00e1 luz sobre su historia\n<\/span><\/div>","aioseo_breadcrumb_json":[{"label":"Inicio","link":"https:\/\/eldigitaldeasturias.com\/radio"},{"label":"Noticias","link":"https:\/\/eldigitaldeasturias.com\/radio\/category\/noticias\/"},{"label":"Nuevo director Archivo Goethe-Schiller echar\u00e1 luz sobre su historia","link":"https:\/\/eldigitaldeasturias.com\/radio\/nuevo-director-archivo-goethe-schiller-echara-luz-sobre-su-historia\/"}],"_links":{"self":[{"href":"https:\/\/eldigitaldeasturias.com\/radio\/wp-json\/wp\/v2\/posts\/4270","targetHints":{"allow":["GET"]}}],"collection":[{"href":"https:\/\/eldigitaldeasturias.com\/radio\/wp-json\/wp\/v2\/posts"}],"about":[{"href":"https:\/\/eldigitaldeasturias.com\/radio\/wp-json\/wp\/v2\/types\/post"}],"author":[{"embeddable":true,"href":"https:\/\/eldigitaldeasturias.com\/radio\/wp-json\/wp\/v2\/users\/1"}],"replies":[{"embeddable":true,"href":"https:\/\/eldigitaldeasturias.com\/radio\/wp-json\/wp\/v2\/comments?post=4270"}],"version-history":[{"count":0,"href":"https:\/\/eldigitaldeasturias.com\/radio\/wp-json\/wp\/v2\/posts\/4270\/revisions"}],"wp:featuredmedia":[{"embeddable":true,"href":"https:\/\/eldigitaldeasturias.com\/radio\/wp-json\/wp\/v2\/media\/505"}],"wp:attachment":[{"href":"https:\/\/eldigitaldeasturias.com\/radio\/wp-json\/wp\/v2\/media?parent=4270"}],"wp:term":[{"taxonomy":"category","embeddable":true,"href":"https:\/\/eldigitaldeasturias.com\/radio\/wp-json\/wp\/v2\/categories?post=4270"},{"taxonomy":"post_tag","embeddable":true,"href":"https:\/\/eldigitaldeasturias.com\/radio\/wp-json\/wp\/v2\/tags?post=4270"}],"curies":[{"name":"wp","href":"https:\/\/api.w.org\/{rel}","templated":true}]}}