{"id":4267,"date":"2020-05-05T01:20:49","date_gmt":"2020-05-05T01:20:49","guid":{"rendered":"http:\/\/www.eldigitaldeasturias.com\/radio\/?p=4267"},"modified":"2020-05-05T01:20:49","modified_gmt":"2020-05-05T01:20:49","slug":"obispo-aleman-llama-a-coronavirus-una-plaga-de-la-humanidad","status":"publish","type":"post","link":"https:\/\/eldigitaldeasturias.com\/radio\/obispo-aleman-llama-a-coronavirus-una-plaga-de-la-humanidad\/","title":{"rendered":"Obispo alem\u00e1n llama a coronavirus una \u00abplaga de la humanidad\u00bb"},"content":{"rendered":"<figure id=\"attachment_4268\" aria-describedby=\"caption-attachment-4268\" style=\"width: 360px\" class=\"wp-caption alignleft\"><img fetchpriority=\"high\" decoding=\"async\" class=\"size-medium wp-image-4268\" src=\"http:\/\/www.eldigitaldeasturias.com\/radio\/wp-content\/uploads\/2020\/05\/iglesia-360x238.jpg\" alt=\"\" width=\"360\" height=\"238\" srcset=\"https:\/\/eldigitaldeasturias.com\/radio\/wp-content\/uploads\/2020\/05\/iglesia-360x238.jpg 360w, https:\/\/eldigitaldeasturias.com\/radio\/wp-content\/uploads\/2020\/05\/iglesia-768x508.jpg 768w, https:\/\/eldigitaldeasturias.com\/radio\/wp-content\/uploads\/2020\/05\/iglesia.jpg 1006w\" sizes=\"(max-width: 360px) 100vw, 360px\" \/><figcaption id=\"caption-attachment-4268\" class=\"wp-caption-text\">Foto: Fabian Strauch\/dpa<\/figcaption><\/figure>\n<p>Kevelaer (Alemania), 1 may (dpa) &#8211; El presidente de la Conferencia Episcopal Alemana, el obispo Georg B\u00e4tzing, describi\u00f3 al nuevo coronavirus como una \u00abplaga de la humanidad\u00bb, seg\u00fan se\u00f1al\u00f3 hoy en la ceremonia de apertura del sitio de peregrinaci\u00f3n de Kevelaer, en el oeste de Alemania.<\/p>\n<p>\u00abSe cierne sobre nuestra vida como una corona de espinas y causa tanto dolor, muerte, temores y desastre. Todo esto nos agobiar\u00e1 durante d\u00e9cadas\u00bb, a\u00f1adi\u00f3 el prelado durante la homil\u00eda en uno de los primeros servicios religiosos en la regi\u00f3n de Renania del Norte-Westfalia, tras la relajaci\u00f3n de las restricciones para frenar contagios que vale a partir del 1 de mayo.<\/p>\n<p>B\u00e4tzing record\u00f3 a los enfermos graves y moribundos en los hospitales que deben pasar solos sus \u00faltimos momentos debido a la prohibici\u00f3n de recibir visitas y tambi\u00e9n mencion\u00f3 a quienes tienen preocupaciones existenciales con menos ingresos.<\/p>\n<p>El obispo matiz\u00f3 que, sin embargo, tambi\u00e9n hay aspectos positivos en esta situaci\u00f3n, por ejemplo una revalorizaci\u00f3n del sistema de seguridad y previsi\u00f3n en el Estado y la sociedad de Alemania.<\/p>\n<p>Kevelaer es el segundo centro de peregrinaci\u00f3n de Alemania despu\u00e9s de Alt\u00f6tting, en Baviera. Los fieles visitan en Kevelaer la Capilla de la Gracia con la imagen de Mar\u00eda, \u00abconsuelo de los afligidos\u00bb.<\/p>\n<p>Normalmente, unos 800.000 fieles llegan hasta la peque\u00f1a ciudad renana hasta el final de la temporada de peregrinaje en noviembre. Pero debido a la pandemia, se espera que este a\u00f1o solo sean posibles peregrinaciones no organizadas en grupos.<\/p>\n","protected":false},"excerpt":{"rendered":"<p>Kevelaer (Alemania), 1 may (dpa) &#8211; El presidente de la Conferencia Episcopal Alemana, el obispo Georg B\u00e4tzing, describi\u00f3 al nuevo coronavirus como una \u00abplaga de la humanidad\u00bb, seg\u00fan se\u00f1al\u00f3 hoy en la ceremonia de apertura del sitio de peregrinaci\u00f3n de Kevelaer, en el oeste de Alemania. \u00abSe cierne sobre nuestra vida como una corona de<\/p>\n","protected":false},"author":1,"featured_media":4268,"comment_status":"closed","ping_status":"closed","sticky":false,"template":"","format":"standard","meta":{"footnotes":""},"categories":[1],"tags":[],"class_list":{"0":"post-4267","1":"post","2":"type-post","3":"status-publish","4":"format-standard","5":"has-post-thumbnail","7":"category-noticias"},"aioseo_notices":[],"aioseo_head":"\n\t\t<!-- All in One SEO Pro 4.9.6.2 - aioseo.com -->\n\t<meta name=\"description\" content=\"Kevelaer (Alemania), 1 may (dpa) - El presidente de la Conferencia Episcopal Alemana, el obispo Georg B\u00e4tzing, describi\u00f3 al nuevo coronavirus como una &quot;plaga de la humanidad&quot;, seg\u00fan se\u00f1al\u00f3 hoy en la ceremonia de apertura del sitio de peregrinaci\u00f3n de Kevelaer, en el oeste de Alemania. &quot;Se cierne sobre nuestra vida como una corona de\" \/>\n\t<meta name=\"robots\" content=\"max-image-preview:large\" \/>\n\t<meta name=\"author\" content=\"NBAsturias\"\/>\n\t<meta name=\"google-site-verification\" content=\"UA-38556648-1\" \/>\n\t<meta name=\"keywords\" content=\"noticias\" \/>\n\t<link rel=\"canonical\" href=\"https:\/\/eldigitaldeasturias.com\/radio\/obispo-aleman-llama-a-coronavirus-una-plaga-de-la-humanidad\/\" \/>\n\t<meta name=\"generator\" content=\"All in One SEO Pro (AIOSEO) 4.9.6.2\" \/>\n\t\t<meta property=\"og:locale\" content=\"es_ES\" \/>\n\t\t<meta property=\"og:site_name\" content=\"El Digital de Asturias | Diario de informaci\u00f3n y noticias\" \/>\n\t\t<meta property=\"og:type\" content=\"article\" \/>\n\t\t<meta property=\"og:title\" content=\"Obispo alem\u00e1n llama a coronavirus una \u00abplaga de la humanidad\u00bb | El Digital de Asturias\" \/>\n\t\t<meta property=\"og:description\" content=\"Kevelaer (Alemania), 1 may (dpa) - El presidente de la Conferencia Episcopal Alemana, el obispo Georg B\u00e4tzing, describi\u00f3 al nuevo coronavirus como una &quot;plaga de la humanidad&quot;, seg\u00fan se\u00f1al\u00f3 hoy en la ceremonia de apertura del sitio de peregrinaci\u00f3n de Kevelaer, en el oeste de Alemania. &quot;Se cierne sobre nuestra vida como una corona de\" \/>\n\t\t<meta property=\"og:url\" content=\"https:\/\/eldigitaldeasturias.com\/radio\/obispo-aleman-llama-a-coronavirus-una-plaga-de-la-humanidad\/\" \/>\n\t\t<meta property=\"og:image\" content=\"https:\/\/eldigitaldeasturias.com\/radio\/wp-content\/uploads\/2020\/05\/iglesia.jpg\" \/>\n\t\t<meta property=\"og:image:secure_url\" content=\"https:\/\/eldigitaldeasturias.com\/radio\/wp-content\/uploads\/2020\/05\/iglesia.jpg\" \/>\n\t\t<meta property=\"og:image:width\" content=\"1006\" \/>\n\t\t<meta property=\"og:image:height\" content=\"666\" \/>\n\t\t<meta property=\"article:published_time\" content=\"2020-05-05T01:20:49+00:00\" \/>\n\t\t<meta property=\"article:modified_time\" content=\"2020-05-05T01:20:49+00:00\" \/>\n\t\t<meta name=\"twitter:card\" content=\"summary_large_image\" \/>\n\t\t<meta name=\"twitter:site\" content=\"@bercodi\" \/>\n\t\t<meta name=\"twitter:title\" content=\"Obispo alem\u00e1n llama a coronavirus una \u00abplaga de la humanidad\u00bb | El Digital de Asturias\" \/>\n\t\t<meta name=\"twitter:description\" content=\"Kevelaer (Alemania), 1 may (dpa) - El presidente de la Conferencia Episcopal Alemana, el obispo Georg B\u00e4tzing, describi\u00f3 al nuevo coronavirus como una &quot;plaga de la humanidad&quot;, seg\u00fan se\u00f1al\u00f3 hoy en la ceremonia de apertura del sitio de peregrinaci\u00f3n de Kevelaer, en el oeste de Alemania. &quot;Se cierne sobre nuestra vida como una corona de\" \/>\n\t\t<meta name=\"twitter:creator\" content=\"@bercodi\" \/>\n\t\t<meta name=\"twitter:image\" content=\"https:\/\/eldigitaldeasturias.com\/radio\/wp-content\/uploads\/2020\/05\/iglesia.jpg\" \/>\n\t\t<script type=\"application\/ld+json\" class=\"aioseo-schema\">\n\t\t\t{\"@context\":\"https:\\\/\\\/schema.org\",\"@graph\":[{\"@type\":\"BreadcrumbList\",\"@id\":\"https:\\\/\\\/eldigitaldeasturias.com\\\/radio\\\/obispo-aleman-llama-a-coronavirus-una-plaga-de-la-humanidad\\\/#breadcrumblist\",\"itemListElement\":[{\"@type\":\"ListItem\",\"@id\":\"https:\\\/\\\/eldigitaldeasturias.com\\\/radio#listItem\",\"position\":1,\"name\":\"Inicio\",\"item\":\"https:\\\/\\\/eldigitaldeasturias.com\\\/radio\",\"nextItem\":{\"@type\":\"ListItem\",\"@id\":\"https:\\\/\\\/eldigitaldeasturias.com\\\/radio\\\/category\\\/noticias\\\/#listItem\",\"name\":\"Noticias\"}},{\"@type\":\"ListItem\",\"@id\":\"https:\\\/\\\/eldigitaldeasturias.com\\\/radio\\\/category\\\/noticias\\\/#listItem\",\"position\":2,\"name\":\"Noticias\",\"item\":\"https:\\\/\\\/eldigitaldeasturias.com\\\/radio\\\/category\\\/noticias\\\/\",\"nextItem\":{\"@type\":\"ListItem\",\"@id\":\"https:\\\/\\\/eldigitaldeasturias.com\\\/radio\\\/obispo-aleman-llama-a-coronavirus-una-plaga-de-la-humanidad\\\/#listItem\",\"name\":\"Obispo alem\\u00e1n llama a coronavirus una \\u00abplaga de la humanidad\\u00bb\"},\"previousItem\":{\"@type\":\"ListItem\",\"@id\":\"https:\\\/\\\/eldigitaldeasturias.com\\\/radio#listItem\",\"name\":\"Inicio\"}},{\"@type\":\"ListItem\",\"@id\":\"https:\\\/\\\/eldigitaldeasturias.com\\\/radio\\\/obispo-aleman-llama-a-coronavirus-una-plaga-de-la-humanidad\\\/#listItem\",\"position\":3,\"name\":\"Obispo alem\\u00e1n llama a coronavirus una \\u00abplaga de la humanidad\\u00bb\",\"previousItem\":{\"@type\":\"ListItem\",\"@id\":\"https:\\\/\\\/eldigitaldeasturias.com\\\/radio\\\/category\\\/noticias\\\/#listItem\",\"name\":\"Noticias\"}}]},{\"@type\":\"NewsArticle\",\"@id\":\"https:\\\/\\\/eldigitaldeasturias.com\\\/radio\\\/obispo-aleman-llama-a-coronavirus-una-plaga-de-la-humanidad\\\/#newsarticle\",\"name\":\"Obispo alem\\u00e1n llama a coronavirus una \\u00abplaga de la humanidad\\u00bb | El Digital de Asturias\",\"headline\":\"Obispo alem\\u00e1n llama a coronavirus una \\u00abplaga de la humanidad\\u00bb\",\"author\":{\"@id\":\"https:\\\/\\\/eldigitaldeasturias.com\\\/radio\\\/author\\\/nbasturias\\\/#author\"},\"publisher\":{\"@id\":\"https:\\\/\\\/eldigitaldeasturias.com\\\/radio\\\/#organization\"},\"image\":{\"@type\":\"ImageObject\",\"url\":\"https:\\\/\\\/eldigitaldeasturias.com\\\/radio\\\/wp-content\\\/uploads\\\/2020\\\/05\\\/iglesia.jpg\",\"width\":1006,\"height\":666,\"caption\":\"Foto: Fabian Strauch\\\/dpa\"},\"datePublished\":\"2020-05-05T01:20:49+02:00\",\"dateModified\":\"2020-05-05T01:20:49+02:00\",\"inLanguage\":\"es-ES\",\"mainEntityOfPage\":{\"@id\":\"https:\\\/\\\/eldigitaldeasturias.com\\\/radio\\\/obispo-aleman-llama-a-coronavirus-una-plaga-de-la-humanidad\\\/#webpage\"},\"isPartOf\":{\"@id\":\"https:\\\/\\\/eldigitaldeasturias.com\\\/radio\\\/obispo-aleman-llama-a-coronavirus-una-plaga-de-la-humanidad\\\/#webpage\"},\"articleSection\":\"Noticias\",\"dateline\":\"Publicado el mayo 5, 2020.\"},{\"@type\":\"Organization\",\"@id\":\"https:\\\/\\\/eldigitaldeasturias.com\\\/radio\\\/#organization\",\"name\":\"El digital de Asturias Radio\",\"description\":\"Diario de informaci\\u00f3n y noticias\",\"url\":\"https:\\\/\\\/eldigitaldeasturias.com\\\/radio\\\/\",\"telephone\":\"+34652131393\",\"logo\":{\"@type\":\"ImageObject\",\"url\":\"https:\\\/\\\/www.eldigitaldeasturias.com\\\/radio\\\/wp-content\\\/uploads\\\/2021\\\/03\\\/EDA.jpg\",\"@id\":\"https:\\\/\\\/eldigitaldeasturias.com\\\/radio\\\/obispo-aleman-llama-a-coronavirus-una-plaga-de-la-humanidad\\\/#organizationLogo\"},\"image\":{\"@id\":\"https:\\\/\\\/eldigitaldeasturias.com\\\/radio\\\/obispo-aleman-llama-a-coronavirus-una-plaga-de-la-humanidad\\\/#organizationLogo\"},\"sameAs\":[\"https:\\\/\\\/www.facebook.com\\\/\",\"https:\\\/\\\/x.com\\\/bercodi\",\"https:\\\/\\\/www.instagram.com\\\/\",\"https:\\\/\\\/www.youtube.com\\\/channel\\\/UCZP-2wLEB9Rv6erhFmqVnvg\"]},{\"@type\":\"Person\",\"@id\":\"https:\\\/\\\/eldigitaldeasturias.com\\\/radio\\\/author\\\/nbasturias\\\/#author\",\"url\":\"https:\\\/\\\/eldigitaldeasturias.com\\\/radio\\\/author\\\/nbasturias\\\/\",\"name\":\"NBAsturias\",\"image\":{\"@type\":\"ImageObject\",\"@id\":\"https:\\\/\\\/eldigitaldeasturias.com\\\/radio\\\/obispo-aleman-llama-a-coronavirus-una-plaga-de-la-humanidad\\\/#authorImage\",\"url\":\"https:\\\/\\\/secure.gravatar.com\\\/avatar\\\/df2aeffc32bcd13f8d26072ef8a91b623d677766deac7f97ca815868cd41bf5e?s=96&d=mm&r=g\",\"width\":96,\"height\":96,\"caption\":\"NBAsturias\"}},{\"@type\":\"WebPage\",\"@id\":\"https:\\\/\\\/eldigitaldeasturias.com\\\/radio\\\/obispo-aleman-llama-a-coronavirus-una-plaga-de-la-humanidad\\\/#webpage\",\"url\":\"https:\\\/\\\/eldigitaldeasturias.com\\\/radio\\\/obispo-aleman-llama-a-coronavirus-una-plaga-de-la-humanidad\\\/\",\"name\":\"Obispo alem\\u00e1n llama a coronavirus una \\u00abplaga de la humanidad\\u00bb | El Digital de Asturias\",\"description\":\"Kevelaer (Alemania), 1 may (dpa) - El presidente de la Conferencia Episcopal Alemana, el obispo Georg B\\u00e4tzing, describi\\u00f3 al nuevo coronavirus como una \\\"plaga de la humanidad\\\", seg\\u00fan se\\u00f1al\\u00f3 hoy en la ceremonia de apertura del sitio de peregrinaci\\u00f3n de Kevelaer, en el oeste de Alemania. \\\"Se cierne sobre nuestra vida como una corona de\",\"inLanguage\":\"es-ES\",\"isPartOf\":{\"@id\":\"https:\\\/\\\/eldigitaldeasturias.com\\\/radio\\\/#website\"},\"breadcrumb\":{\"@id\":\"https:\\\/\\\/eldigitaldeasturias.com\\\/radio\\\/obispo-aleman-llama-a-coronavirus-una-plaga-de-la-humanidad\\\/#breadcrumblist\"},\"author\":{\"@id\":\"https:\\\/\\\/eldigitaldeasturias.com\\\/radio\\\/author\\\/nbasturias\\\/#author\"},\"creator\":{\"@id\":\"https:\\\/\\\/eldigitaldeasturias.com\\\/radio\\\/author\\\/nbasturias\\\/#author\"},\"image\":{\"@type\":\"ImageObject\",\"url\":\"https:\\\/\\\/eldigitaldeasturias.com\\\/radio\\\/wp-content\\\/uploads\\\/2020\\\/05\\\/iglesia.jpg\",\"@id\":\"https:\\\/\\\/eldigitaldeasturias.com\\\/radio\\\/obispo-aleman-llama-a-coronavirus-una-plaga-de-la-humanidad\\\/#mainImage\",\"width\":1006,\"height\":666,\"caption\":\"Foto: Fabian Strauch\\\/dpa\"},\"primaryImageOfPage\":{\"@id\":\"https:\\\/\\\/eldigitaldeasturias.com\\\/radio\\\/obispo-aleman-llama-a-coronavirus-una-plaga-de-la-humanidad\\\/#mainImage\"},\"datePublished\":\"2020-05-05T01:20:49+02:00\",\"dateModified\":\"2020-05-05T01:20:49+02:00\"},{\"@type\":\"WebSite\",\"@id\":\"https:\\\/\\\/eldigitaldeasturias.com\\\/radio\\\/#website\",\"url\":\"https:\\\/\\\/eldigitaldeasturias.com\\\/radio\\\/\",\"name\":\"El Digital de Asturias\",\"description\":\"Diario de informaci\\u00f3n y noticias\",\"inLanguage\":\"es-ES\",\"publisher\":{\"@id\":\"https:\\\/\\\/eldigitaldeasturias.com\\\/radio\\\/#organization\"}}]}\n\t\t<\/script>\n\t\t<!-- All in One SEO Pro -->\r\n\t\t<title>Obispo alem\u00e1n llama a coronavirus una \u00abplaga de la humanidad\u00bb | El Digital de Asturias<\/title>\n\n","aioseo_head_json":{"title":"Obispo alem\u00e1n llama a coronavirus una \u00abplaga de la humanidad\u00bb | El Digital de Asturias","description":"Kevelaer (Alemania), 1 may (dpa) - El presidente de la Conferencia Episcopal Alemana, el obispo Georg B\u00e4tzing, describi\u00f3 al nuevo coronavirus como una \"plaga de la humanidad\", seg\u00fan se\u00f1al\u00f3 hoy en la ceremonia de apertura del sitio de peregrinaci\u00f3n de Kevelaer, en el oeste de Alemania. \"Se cierne sobre nuestra vida como una corona de","canonical_url":"https:\/\/eldigitaldeasturias.com\/radio\/obispo-aleman-llama-a-coronavirus-una-plaga-de-la-humanidad\/","robots":"max-image-preview:large","keywords":"noticias","webmasterTools":{"google-site-verification":"UA-38556648-1","miscellaneous":""},"schema":{"@context":"https:\/\/schema.org","@graph":[{"@type":"BreadcrumbList","@id":"https:\/\/eldigitaldeasturias.com\/radio\/obispo-aleman-llama-a-coronavirus-una-plaga-de-la-humanidad\/#breadcrumblist","itemListElement":[{"@type":"ListItem","@id":"https:\/\/eldigitaldeasturias.com\/radio#listItem","position":1,"name":"Inicio","item":"https:\/\/eldigitaldeasturias.com\/radio","nextItem":{"@type":"ListItem","@id":"https:\/\/eldigitaldeasturias.com\/radio\/category\/noticias\/#listItem","name":"Noticias"}},{"@type":"ListItem","@id":"https:\/\/eldigitaldeasturias.com\/radio\/category\/noticias\/#listItem","position":2,"name":"Noticias","item":"https:\/\/eldigitaldeasturias.com\/radio\/category\/noticias\/","nextItem":{"@type":"ListItem","@id":"https:\/\/eldigitaldeasturias.com\/radio\/obispo-aleman-llama-a-coronavirus-una-plaga-de-la-humanidad\/#listItem","name":"Obispo alem\u00e1n llama a coronavirus una \u00abplaga de la humanidad\u00bb"},"previousItem":{"@type":"ListItem","@id":"https:\/\/eldigitaldeasturias.com\/radio#listItem","name":"Inicio"}},{"@type":"ListItem","@id":"https:\/\/eldigitaldeasturias.com\/radio\/obispo-aleman-llama-a-coronavirus-una-plaga-de-la-humanidad\/#listItem","position":3,"name":"Obispo alem\u00e1n llama a coronavirus una \u00abplaga de la humanidad\u00bb","previousItem":{"@type":"ListItem","@id":"https:\/\/eldigitaldeasturias.com\/radio\/category\/noticias\/#listItem","name":"Noticias"}}]},{"@type":"NewsArticle","@id":"https:\/\/eldigitaldeasturias.com\/radio\/obispo-aleman-llama-a-coronavirus-una-plaga-de-la-humanidad\/#newsarticle","name":"Obispo alem\u00e1n llama a coronavirus una \u00abplaga de la humanidad\u00bb | El Digital de Asturias","headline":"Obispo alem\u00e1n llama a coronavirus una \u00abplaga de la humanidad\u00bb","author":{"@id":"https:\/\/eldigitaldeasturias.com\/radio\/author\/nbasturias\/#author"},"publisher":{"@id":"https:\/\/eldigitaldeasturias.com\/radio\/#organization"},"image":{"@type":"ImageObject","url":"https:\/\/eldigitaldeasturias.com\/radio\/wp-content\/uploads\/2020\/05\/iglesia.jpg","width":1006,"height":666,"caption":"Foto: Fabian Strauch\/dpa"},"datePublished":"2020-05-05T01:20:49+02:00","dateModified":"2020-05-05T01:20:49+02:00","inLanguage":"es-ES","mainEntityOfPage":{"@id":"https:\/\/eldigitaldeasturias.com\/radio\/obispo-aleman-llama-a-coronavirus-una-plaga-de-la-humanidad\/#webpage"},"isPartOf":{"@id":"https:\/\/eldigitaldeasturias.com\/radio\/obispo-aleman-llama-a-coronavirus-una-plaga-de-la-humanidad\/#webpage"},"articleSection":"Noticias","dateline":"Publicado el mayo 5, 2020."},{"@type":"Organization","@id":"https:\/\/eldigitaldeasturias.com\/radio\/#organization","name":"El digital de Asturias Radio","description":"Diario de informaci\u00f3n y noticias","url":"https:\/\/eldigitaldeasturias.com\/radio\/","telephone":"+34652131393","logo":{"@type":"ImageObject","url":"https:\/\/www.eldigitaldeasturias.com\/radio\/wp-content\/uploads\/2021\/03\/EDA.jpg","@id":"https:\/\/eldigitaldeasturias.com\/radio\/obispo-aleman-llama-a-coronavirus-una-plaga-de-la-humanidad\/#organizationLogo"},"image":{"@id":"https:\/\/eldigitaldeasturias.com\/radio\/obispo-aleman-llama-a-coronavirus-una-plaga-de-la-humanidad\/#organizationLogo"},"sameAs":["https:\/\/www.facebook.com\/","https:\/\/x.com\/bercodi","https:\/\/www.instagram.com\/","https:\/\/www.youtube.com\/channel\/UCZP-2wLEB9Rv6erhFmqVnvg"]},{"@type":"Person","@id":"https:\/\/eldigitaldeasturias.com\/radio\/author\/nbasturias\/#author","url":"https:\/\/eldigitaldeasturias.com\/radio\/author\/nbasturias\/","name":"NBAsturias","image":{"@type":"ImageObject","@id":"https:\/\/eldigitaldeasturias.com\/radio\/obispo-aleman-llama-a-coronavirus-una-plaga-de-la-humanidad\/#authorImage","url":"https:\/\/secure.gravatar.com\/avatar\/df2aeffc32bcd13f8d26072ef8a91b623d677766deac7f97ca815868cd41bf5e?s=96&d=mm&r=g","width":96,"height":96,"caption":"NBAsturias"}},{"@type":"WebPage","@id":"https:\/\/eldigitaldeasturias.com\/radio\/obispo-aleman-llama-a-coronavirus-una-plaga-de-la-humanidad\/#webpage","url":"https:\/\/eldigitaldeasturias.com\/radio\/obispo-aleman-llama-a-coronavirus-una-plaga-de-la-humanidad\/","name":"Obispo alem\u00e1n llama a coronavirus una \u00abplaga de la humanidad\u00bb | El Digital de Asturias","description":"Kevelaer (Alemania), 1 may (dpa) - El presidente de la Conferencia Episcopal Alemana, el obispo Georg B\u00e4tzing, describi\u00f3 al nuevo coronavirus como una \"plaga de la humanidad\", seg\u00fan se\u00f1al\u00f3 hoy en la ceremonia de apertura del sitio de peregrinaci\u00f3n de Kevelaer, en el oeste de Alemania. \"Se cierne sobre nuestra vida como una corona de","inLanguage":"es-ES","isPartOf":{"@id":"https:\/\/eldigitaldeasturias.com\/radio\/#website"},"breadcrumb":{"@id":"https:\/\/eldigitaldeasturias.com\/radio\/obispo-aleman-llama-a-coronavirus-una-plaga-de-la-humanidad\/#breadcrumblist"},"author":{"@id":"https:\/\/eldigitaldeasturias.com\/radio\/author\/nbasturias\/#author"},"creator":{"@id":"https:\/\/eldigitaldeasturias.com\/radio\/author\/nbasturias\/#author"},"image":{"@type":"ImageObject","url":"https:\/\/eldigitaldeasturias.com\/radio\/wp-content\/uploads\/2020\/05\/iglesia.jpg","@id":"https:\/\/eldigitaldeasturias.com\/radio\/obispo-aleman-llama-a-coronavirus-una-plaga-de-la-humanidad\/#mainImage","width":1006,"height":666,"caption":"Foto: Fabian Strauch\/dpa"},"primaryImageOfPage":{"@id":"https:\/\/eldigitaldeasturias.com\/radio\/obispo-aleman-llama-a-coronavirus-una-plaga-de-la-humanidad\/#mainImage"},"datePublished":"2020-05-05T01:20:49+02:00","dateModified":"2020-05-05T01:20:49+02:00"},{"@type":"WebSite","@id":"https:\/\/eldigitaldeasturias.com\/radio\/#website","url":"https:\/\/eldigitaldeasturias.com\/radio\/","name":"El Digital de Asturias","description":"Diario de informaci\u00f3n y noticias","inLanguage":"es-ES","publisher":{"@id":"https:\/\/eldigitaldeasturias.com\/radio\/#organization"}}]},"og:locale":"es_ES","og:site_name":"El Digital de Asturias | Diario de informaci\u00f3n y noticias","og:type":"article","og:title":"Obispo alem\u00e1n llama a coronavirus una \u00abplaga de la humanidad\u00bb | El Digital de Asturias","og:description":"Kevelaer (Alemania), 1 may (dpa) - El presidente de la Conferencia Episcopal Alemana, el obispo Georg B\u00e4tzing, describi\u00f3 al nuevo coronavirus como una &quot;plaga de la humanidad&quot;, seg\u00fan se\u00f1al\u00f3 hoy en la ceremonia de apertura del sitio de peregrinaci\u00f3n de Kevelaer, en el oeste de Alemania. &quot;Se cierne sobre nuestra vida como una corona de","og:url":"https:\/\/eldigitaldeasturias.com\/radio\/obispo-aleman-llama-a-coronavirus-una-plaga-de-la-humanidad\/","og:image":"https:\/\/eldigitaldeasturias.com\/radio\/wp-content\/uploads\/2020\/05\/iglesia.jpg","og:image:secure_url":"https:\/\/eldigitaldeasturias.com\/radio\/wp-content\/uploads\/2020\/05\/iglesia.jpg","og:image:width":1006,"og:image:height":666,"article:published_time":"2020-05-05T01:20:49+00:00","article:modified_time":"2020-05-05T01:20:49+00:00","twitter:card":"summary_large_image","twitter:site":"@bercodi","twitter:title":"Obispo alem\u00e1n llama a coronavirus una \u00abplaga de la humanidad\u00bb | El Digital de Asturias","twitter:description":"Kevelaer (Alemania), 1 may (dpa) - El presidente de la Conferencia Episcopal Alemana, el obispo Georg B\u00e4tzing, describi\u00f3 al nuevo coronavirus como una &quot;plaga de la humanidad&quot;, seg\u00fan se\u00f1al\u00f3 hoy en la ceremonia de apertura del sitio de peregrinaci\u00f3n de Kevelaer, en el oeste de Alemania. &quot;Se cierne sobre nuestra vida como una corona de","twitter:creator":"@bercodi","twitter:image":"https:\/\/eldigitaldeasturias.com\/radio\/wp-content\/uploads\/2020\/05\/iglesia.jpg"},"aioseo_meta_data":{"post_id":"4267","title":null,"description":null,"keywords":null,"keyphrases":null,"primary_term":null,"canonical_url":null,"og_title":null,"og_description":null,"og_object_type":"default","og_image_type":"default","og_image_url":null,"og_image_width":null,"og_image_height":null,"og_image_custom_url":null,"og_image_custom_fields":null,"og_video":null,"og_custom_url":null,"og_article_section":null,"og_article_tags":null,"twitter_use_og":false,"twitter_card":"default","twitter_image_type":"default","twitter_image_url":null,"twitter_image_custom_url":null,"twitter_image_custom_fields":null,"twitter_title":null,"twitter_description":null,"schema":{"blockGraphs":[],"customGraphs":[],"default":{"data":{"Article":[],"Course":[],"Dataset":[],"FAQPage":[],"Movie":[],"Person":[],"Product":[],"ProductReview":[],"Car":[],"Recipe":[],"Service":[],"SoftwareApplication":[],"WebPage":[]},"graphName":"","isEnabled":true},"graphs":[],"defaultGraph":"","defaultPostTypeGraph":""},"schema_type":null,"schema_type_options":null,"pillar_content":false,"robots_default":true,"robots_noindex":false,"robots_noarchive":false,"robots_nosnippet":false,"robots_nofollow":false,"robots_noimageindex":false,"robots_noodp":false,"robots_notranslate":false,"robots_max_snippet":null,"robots_max_videopreview":null,"robots_max_imagepreview":"large","priority":null,"frequency":null,"location":null,"local_seo":null,"seo_analyzer_scan_date":"2025-08-28 15:39:26","breadcrumb_settings":null,"limit_modified_date":false,"open_ai":null,"ai":null,"created":"2021-03-27 18:52:53","updated":"2025-08-28 15:39:26"},"aioseo_breadcrumb":"<div class=\"aioseo-breadcrumbs\"><span class=\"aioseo-breadcrumb\">\n\t<a href=\"https:\/\/eldigitaldeasturias.com\/radio\" title=\"Inicio\">Inicio<\/a>\n<\/span><span class=\"aioseo-breadcrumb-separator\">&ndash;<\/span><span class=\"aioseo-breadcrumb\">\n\t<a href=\"https:\/\/eldigitaldeasturias.com\/radio\/category\/noticias\/\" title=\"Noticias\">Noticias<\/a>\n<\/span><span class=\"aioseo-breadcrumb-separator\">&ndash;<\/span><span class=\"aioseo-breadcrumb\">\n\tObispo alem\u00e1n llama a coronavirus una \u00abplaga de la humanidad\u00bb\n<\/span><\/div>","aioseo_breadcrumb_json":[{"label":"Inicio","link":"https:\/\/eldigitaldeasturias.com\/radio"},{"label":"Noticias","link":"https:\/\/eldigitaldeasturias.com\/radio\/category\/noticias\/"},{"label":"Obispo alem\u00e1n llama a coronavirus una \u00abplaga de la humanidad\u00bb","link":"https:\/\/eldigitaldeasturias.com\/radio\/obispo-aleman-llama-a-coronavirus-una-plaga-de-la-humanidad\/"}],"_links":{"self":[{"href":"https:\/\/eldigitaldeasturias.com\/radio\/wp-json\/wp\/v2\/posts\/4267","targetHints":{"allow":["GET"]}}],"collection":[{"href":"https:\/\/eldigitaldeasturias.com\/radio\/wp-json\/wp\/v2\/posts"}],"about":[{"href":"https:\/\/eldigitaldeasturias.com\/radio\/wp-json\/wp\/v2\/types\/post"}],"author":[{"embeddable":true,"href":"https:\/\/eldigitaldeasturias.com\/radio\/wp-json\/wp\/v2\/users\/1"}],"replies":[{"embeddable":true,"href":"https:\/\/eldigitaldeasturias.com\/radio\/wp-json\/wp\/v2\/comments?post=4267"}],"version-history":[{"count":0,"href":"https:\/\/eldigitaldeasturias.com\/radio\/wp-json\/wp\/v2\/posts\/4267\/revisions"}],"wp:featuredmedia":[{"embeddable":true,"href":"https:\/\/eldigitaldeasturias.com\/radio\/wp-json\/wp\/v2\/media\/4268"}],"wp:attachment":[{"href":"https:\/\/eldigitaldeasturias.com\/radio\/wp-json\/wp\/v2\/media?parent=4267"}],"wp:term":[{"taxonomy":"category","embeddable":true,"href":"https:\/\/eldigitaldeasturias.com\/radio\/wp-json\/wp\/v2\/categories?post=4267"},{"taxonomy":"post_tag","embeddable":true,"href":"https:\/\/eldigitaldeasturias.com\/radio\/wp-json\/wp\/v2\/tags?post=4267"}],"curies":[{"name":"wp","href":"https:\/\/api.w.org\/{rel}","templated":true}]}}