{"id":4265,"date":"2020-05-05T01:17:31","date_gmt":"2020-05-05T01:17:31","guid":{"rendered":"http:\/\/www.eldigitaldeasturias.com\/radio\/?p=4265"},"modified":"2020-05-05T01:17:31","modified_gmt":"2020-05-05T01:17:31","slug":"encargado-de-turismo-del-gobierno-aleman-propone-fondos-de-rescate","status":"publish","type":"post","link":"https:\/\/eldigitaldeasturias.com\/radio\/encargado-de-turismo-del-gobierno-aleman-propone-fondos-de-rescate\/","title":{"rendered":"Encargado de turismo del Gobierno alem\u00e1n propone fondos de rescate"},"content":{"rendered":"<p><img fetchpriority=\"high\" decoding=\"async\" class=\"alignleft size-medium wp-image-65\" src=\"http:\/\/www.eldigitaldeasturias.com\/radio\/wp-content\/uploads\/2018\/03\/airport-1822133_1280-360x247.jpg\" alt=\"\" width=\"360\" height=\"247\" srcset=\"https:\/\/eldigitaldeasturias.com\/radio\/wp-content\/uploads\/2018\/03\/airport-1822133_1280-360x247.jpg 360w, https:\/\/eldigitaldeasturias.com\/radio\/wp-content\/uploads\/2018\/03\/airport-1822133_1280-1024x702.jpg 1024w, https:\/\/eldigitaldeasturias.com\/radio\/wp-content\/uploads\/2018\/03\/airport-1822133_1280-768x527.jpg 768w, https:\/\/eldigitaldeasturias.com\/radio\/wp-content\/uploads\/2018\/03\/airport-1822133_1280.jpg 1280w\" sizes=\"(max-width: 360px) 100vw, 360px\" \/>Berl\u00edn, 1 may (dpa) &#8211; El encargado de Turismo del Gobierno alem\u00e1n, Thomas Bareiss, propuso en declaraciones a dpa un fondo de rescate para el sector del turismo y los consumidores, en caso de que no funcione la soluci\u00f3n de entregar vales a cambio de viajes cancelados.<\/p>\n<p>\u00abLa presi\u00f3n en la industria del turismo crece d\u00eda a d\u00eda. La situaci\u00f3n es m\u00e1s que tensa. Los turoperadores y las agencias de viajes necesitan fiabilidad ahora\u00bb, apunt\u00f3 Bareiss.<\/p>\n<p>En relaci\u00f3n al actual debate de la Comisi\u00f3n europea sobre la propuesta de entregar vales, Bareiss coment\u00f3: \u00abEsta incertidumbre exasperante est\u00e1 amenazando poco a poco a las empresas y a los empleados\u00bb.<\/p>\n<p>Bareiss se\u00f1al\u00f3 que entregar vales que ofrezcan una garant\u00eda ser\u00eda una opci\u00f3n viable en esta situaci\u00f3n an\u00f3mala.<\/p>\n<p>\u00abSin embargo, si no hay una mayor\u00eda a favor de esta soluci\u00f3n en Europa ni en el Gobierno alem\u00e1n, se necesitar\u00e1 r\u00e1pidamente un amplio fondo de rescate para ayudar a los consumidores y empleados a superar esta dif\u00edcil etapa\u00bb, acot\u00f3.<\/p>\n<p>Berl\u00edn y los Gobiernos regionales encargaron el jueves a los ministros competentes elaborar propuestas para una apertura paulatina de las ofertas del sector hotelero y gastron\u00f3mico.<\/p>\n<p>El pr\u00f3ximo mi\u00e9rcoles, la canciller alemana, Angela Merkel, debatir\u00e1 junto con los jefes de los Gobiernos regionales este tema y otras medidas para flexibilizar restricciones que rigen para frenar la epidemia de coronavirus.<\/p>\n<p>Por su parte, el gerente de la Asociaci\u00f3n Alemana de Turismo, Norbert Kunz, critic\u00f3 la falta de coordinaci\u00f3n entre el ejecutivo central y las autoridades regionales y que a\u00fan no se haya fijado una fecha.<\/p>\n<p>\u00abEsto significa que todav\u00eda hay una enorme incertidumbre para toda la industria del turismo con sus tres millones de empleados\u00bb, sentenci\u00f3.<\/p>\n","protected":false},"excerpt":{"rendered":"<p>Berl\u00edn, 1 may (dpa) &#8211; El encargado de Turismo del Gobierno alem\u00e1n, Thomas Bareiss, propuso en declaraciones a dpa un fondo de rescate para el sector del turismo y los consumidores, en caso de que no funcione la soluci\u00f3n de entregar vales a cambio de viajes cancelados. \u00abLa presi\u00f3n en la industria del turismo crece<\/p>\n","protected":false},"author":1,"featured_media":65,"comment_status":"closed","ping_status":"closed","sticky":false,"template":"","format":"standard","meta":{"footnotes":""},"categories":[34],"tags":[],"class_list":{"0":"post-4265","1":"post","2":"type-post","3":"status-publish","4":"format-standard","5":"has-post-thumbnail","7":"category-turismo"},"aioseo_notices":[],"aioseo_head":"\n\t\t<!-- All in One SEO Pro 4.9.6.2 - aioseo.com -->\n\t<meta name=\"description\" content=\"Berl\u00edn, 1 may (dpa) - El encargado de Turismo del Gobierno alem\u00e1n, Thomas Bareiss, propuso en declaraciones a dpa un fondo de rescate para el sector del turismo y los consumidores, en caso de que no funcione la soluci\u00f3n de entregar vales a cambio de viajes cancelados. &quot;La presi\u00f3n en la industria del turismo crece\" \/>\n\t<meta name=\"robots\" content=\"max-image-preview:large\" \/>\n\t<meta name=\"author\" content=\"NBAsturias\"\/>\n\t<meta name=\"google-site-verification\" content=\"UA-38556648-1\" \/>\n\t<meta name=\"keywords\" content=\"turismo\" \/>\n\t<link rel=\"canonical\" href=\"https:\/\/eldigitaldeasturias.com\/radio\/encargado-de-turismo-del-gobierno-aleman-propone-fondos-de-rescate\/\" \/>\n\t<meta name=\"generator\" content=\"All in One SEO Pro (AIOSEO) 4.9.6.2\" \/>\n\t\t<meta property=\"og:locale\" content=\"es_ES\" \/>\n\t\t<meta property=\"og:site_name\" content=\"El Digital de Asturias | Diario de informaci\u00f3n y noticias\" \/>\n\t\t<meta property=\"og:type\" content=\"article\" \/>\n\t\t<meta property=\"og:title\" content=\"Encargado de turismo del Gobierno alem\u00e1n propone fondos de rescate | El Digital de Asturias\" \/>\n\t\t<meta property=\"og:description\" content=\"Berl\u00edn, 1 may (dpa) - El encargado de Turismo del Gobierno alem\u00e1n, Thomas Bareiss, propuso en declaraciones a dpa un fondo de rescate para el sector del turismo y los consumidores, en caso de que no funcione la soluci\u00f3n de entregar vales a cambio de viajes cancelados. &quot;La presi\u00f3n en la industria del turismo crece\" \/>\n\t\t<meta property=\"og:url\" content=\"https:\/\/eldigitaldeasturias.com\/radio\/encargado-de-turismo-del-gobierno-aleman-propone-fondos-de-rescate\/\" \/>\n\t\t<meta property=\"og:image\" content=\"https:\/\/eldigitaldeasturias.com\/radio\/wp-content\/uploads\/2018\/03\/airport-1822133_1280.jpg\" \/>\n\t\t<meta property=\"og:image:secure_url\" content=\"https:\/\/eldigitaldeasturias.com\/radio\/wp-content\/uploads\/2018\/03\/airport-1822133_1280.jpg\" \/>\n\t\t<meta property=\"og:image:width\" content=\"1280\" \/>\n\t\t<meta property=\"og:image:height\" content=\"878\" \/>\n\t\t<meta property=\"article:published_time\" content=\"2020-05-05T01:17:31+00:00\" \/>\n\t\t<meta property=\"article:modified_time\" content=\"2020-05-05T01:17:31+00:00\" \/>\n\t\t<meta name=\"twitter:card\" content=\"summary_large_image\" \/>\n\t\t<meta name=\"twitter:site\" content=\"@bercodi\" \/>\n\t\t<meta name=\"twitter:title\" content=\"Encargado de turismo del Gobierno alem\u00e1n propone fondos de rescate | El Digital de Asturias\" \/>\n\t\t<meta name=\"twitter:description\" content=\"Berl\u00edn, 1 may (dpa) - El encargado de Turismo del Gobierno alem\u00e1n, Thomas Bareiss, propuso en declaraciones a dpa un fondo de rescate para el sector del turismo y los consumidores, en caso de que no funcione la soluci\u00f3n de entregar vales a cambio de viajes cancelados. &quot;La presi\u00f3n en la industria del turismo crece\" \/>\n\t\t<meta name=\"twitter:creator\" content=\"@bercodi\" \/>\n\t\t<meta name=\"twitter:image\" content=\"https:\/\/eldigitaldeasturias.com\/radio\/wp-content\/uploads\/2018\/03\/airport-1822133_1280.jpg\" \/>\n\t\t<script type=\"application\/ld+json\" class=\"aioseo-schema\">\n\t\t\t{\"@context\":\"https:\\\/\\\/schema.org\",\"@graph\":[{\"@type\":\"BreadcrumbList\",\"@id\":\"https:\\\/\\\/eldigitaldeasturias.com\\\/radio\\\/encargado-de-turismo-del-gobierno-aleman-propone-fondos-de-rescate\\\/#breadcrumblist\",\"itemListElement\":[{\"@type\":\"ListItem\",\"@id\":\"https:\\\/\\\/eldigitaldeasturias.com\\\/radio#listItem\",\"position\":1,\"name\":\"Inicio\",\"item\":\"https:\\\/\\\/eldigitaldeasturias.com\\\/radio\",\"nextItem\":{\"@type\":\"ListItem\",\"@id\":\"https:\\\/\\\/eldigitaldeasturias.com\\\/radio\\\/category\\\/turismo\\\/#listItem\",\"name\":\"Turismo\"}},{\"@type\":\"ListItem\",\"@id\":\"https:\\\/\\\/eldigitaldeasturias.com\\\/radio\\\/category\\\/turismo\\\/#listItem\",\"position\":2,\"name\":\"Turismo\",\"item\":\"https:\\\/\\\/eldigitaldeasturias.com\\\/radio\\\/category\\\/turismo\\\/\",\"nextItem\":{\"@type\":\"ListItem\",\"@id\":\"https:\\\/\\\/eldigitaldeasturias.com\\\/radio\\\/encargado-de-turismo-del-gobierno-aleman-propone-fondos-de-rescate\\\/#listItem\",\"name\":\"Encargado de turismo del Gobierno alem\\u00e1n propone fondos de rescate\"},\"previousItem\":{\"@type\":\"ListItem\",\"@id\":\"https:\\\/\\\/eldigitaldeasturias.com\\\/radio#listItem\",\"name\":\"Inicio\"}},{\"@type\":\"ListItem\",\"@id\":\"https:\\\/\\\/eldigitaldeasturias.com\\\/radio\\\/encargado-de-turismo-del-gobierno-aleman-propone-fondos-de-rescate\\\/#listItem\",\"position\":3,\"name\":\"Encargado de turismo del Gobierno alem\\u00e1n propone fondos de rescate\",\"previousItem\":{\"@type\":\"ListItem\",\"@id\":\"https:\\\/\\\/eldigitaldeasturias.com\\\/radio\\\/category\\\/turismo\\\/#listItem\",\"name\":\"Turismo\"}}]},{\"@type\":\"NewsArticle\",\"@id\":\"https:\\\/\\\/eldigitaldeasturias.com\\\/radio\\\/encargado-de-turismo-del-gobierno-aleman-propone-fondos-de-rescate\\\/#newsarticle\",\"name\":\"Encargado de turismo del Gobierno alem\\u00e1n propone fondos de rescate | El Digital de Asturias\",\"headline\":\"Encargado de turismo del Gobierno alem\\u00e1n propone fondos de rescate\",\"author\":{\"@id\":\"https:\\\/\\\/eldigitaldeasturias.com\\\/radio\\\/author\\\/nbasturias\\\/#author\"},\"publisher\":{\"@id\":\"https:\\\/\\\/eldigitaldeasturias.com\\\/radio\\\/#organization\"},\"image\":{\"@type\":\"ImageObject\",\"url\":\"https:\\\/\\\/eldigitaldeasturias.com\\\/radio\\\/wp-content\\\/uploads\\\/2018\\\/03\\\/airport-1822133_1280.jpg\",\"width\":1280,\"height\":878},\"datePublished\":\"2020-05-05T01:17:31+02:00\",\"dateModified\":\"2020-05-05T01:17:31+02:00\",\"inLanguage\":\"es-ES\",\"mainEntityOfPage\":{\"@id\":\"https:\\\/\\\/eldigitaldeasturias.com\\\/radio\\\/encargado-de-turismo-del-gobierno-aleman-propone-fondos-de-rescate\\\/#webpage\"},\"isPartOf\":{\"@id\":\"https:\\\/\\\/eldigitaldeasturias.com\\\/radio\\\/encargado-de-turismo-del-gobierno-aleman-propone-fondos-de-rescate\\\/#webpage\"},\"articleSection\":\"Turismo\",\"dateline\":\"Publicado el mayo 5, 2020.\"},{\"@type\":\"Organization\",\"@id\":\"https:\\\/\\\/eldigitaldeasturias.com\\\/radio\\\/#organization\",\"name\":\"El digital de Asturias Radio\",\"description\":\"Diario de informaci\\u00f3n y noticias\",\"url\":\"https:\\\/\\\/eldigitaldeasturias.com\\\/radio\\\/\",\"telephone\":\"+34652131393\",\"logo\":{\"@type\":\"ImageObject\",\"url\":\"https:\\\/\\\/www.eldigitaldeasturias.com\\\/radio\\\/wp-content\\\/uploads\\\/2021\\\/03\\\/EDA.jpg\",\"@id\":\"https:\\\/\\\/eldigitaldeasturias.com\\\/radio\\\/encargado-de-turismo-del-gobierno-aleman-propone-fondos-de-rescate\\\/#organizationLogo\"},\"image\":{\"@id\":\"https:\\\/\\\/eldigitaldeasturias.com\\\/radio\\\/encargado-de-turismo-del-gobierno-aleman-propone-fondos-de-rescate\\\/#organizationLogo\"},\"sameAs\":[\"https:\\\/\\\/www.facebook.com\\\/\",\"https:\\\/\\\/x.com\\\/bercodi\",\"https:\\\/\\\/www.instagram.com\\\/\",\"https:\\\/\\\/www.youtube.com\\\/channel\\\/UCZP-2wLEB9Rv6erhFmqVnvg\"]},{\"@type\":\"Person\",\"@id\":\"https:\\\/\\\/eldigitaldeasturias.com\\\/radio\\\/author\\\/nbasturias\\\/#author\",\"url\":\"https:\\\/\\\/eldigitaldeasturias.com\\\/radio\\\/author\\\/nbasturias\\\/\",\"name\":\"NBAsturias\",\"image\":{\"@type\":\"ImageObject\",\"@id\":\"https:\\\/\\\/eldigitaldeasturias.com\\\/radio\\\/encargado-de-turismo-del-gobierno-aleman-propone-fondos-de-rescate\\\/#authorImage\",\"url\":\"https:\\\/\\\/secure.gravatar.com\\\/avatar\\\/df2aeffc32bcd13f8d26072ef8a91b623d677766deac7f97ca815868cd41bf5e?s=96&d=mm&r=g\",\"width\":96,\"height\":96,\"caption\":\"NBAsturias\"}},{\"@type\":\"WebPage\",\"@id\":\"https:\\\/\\\/eldigitaldeasturias.com\\\/radio\\\/encargado-de-turismo-del-gobierno-aleman-propone-fondos-de-rescate\\\/#webpage\",\"url\":\"https:\\\/\\\/eldigitaldeasturias.com\\\/radio\\\/encargado-de-turismo-del-gobierno-aleman-propone-fondos-de-rescate\\\/\",\"name\":\"Encargado de turismo del Gobierno alem\\u00e1n propone fondos de rescate | El Digital de Asturias\",\"description\":\"Berl\\u00edn, 1 may (dpa) - El encargado de Turismo del Gobierno alem\\u00e1n, Thomas Bareiss, propuso en declaraciones a dpa un fondo de rescate para el sector del turismo y los consumidores, en caso de que no funcione la soluci\\u00f3n de entregar vales a cambio de viajes cancelados. \\\"La presi\\u00f3n en la industria del turismo crece\",\"inLanguage\":\"es-ES\",\"isPartOf\":{\"@id\":\"https:\\\/\\\/eldigitaldeasturias.com\\\/radio\\\/#website\"},\"breadcrumb\":{\"@id\":\"https:\\\/\\\/eldigitaldeasturias.com\\\/radio\\\/encargado-de-turismo-del-gobierno-aleman-propone-fondos-de-rescate\\\/#breadcrumblist\"},\"author\":{\"@id\":\"https:\\\/\\\/eldigitaldeasturias.com\\\/radio\\\/author\\\/nbasturias\\\/#author\"},\"creator\":{\"@id\":\"https:\\\/\\\/eldigitaldeasturias.com\\\/radio\\\/author\\\/nbasturias\\\/#author\"},\"image\":{\"@type\":\"ImageObject\",\"url\":\"https:\\\/\\\/eldigitaldeasturias.com\\\/radio\\\/wp-content\\\/uploads\\\/2018\\\/03\\\/airport-1822133_1280.jpg\",\"@id\":\"https:\\\/\\\/eldigitaldeasturias.com\\\/radio\\\/encargado-de-turismo-del-gobierno-aleman-propone-fondos-de-rescate\\\/#mainImage\",\"width\":1280,\"height\":878},\"primaryImageOfPage\":{\"@id\":\"https:\\\/\\\/eldigitaldeasturias.com\\\/radio\\\/encargado-de-turismo-del-gobierno-aleman-propone-fondos-de-rescate\\\/#mainImage\"},\"datePublished\":\"2020-05-05T01:17:31+02:00\",\"dateModified\":\"2020-05-05T01:17:31+02:00\"},{\"@type\":\"WebSite\",\"@id\":\"https:\\\/\\\/eldigitaldeasturias.com\\\/radio\\\/#website\",\"url\":\"https:\\\/\\\/eldigitaldeasturias.com\\\/radio\\\/\",\"name\":\"El Digital de Asturias\",\"description\":\"Diario de informaci\\u00f3n y noticias\",\"inLanguage\":\"es-ES\",\"publisher\":{\"@id\":\"https:\\\/\\\/eldigitaldeasturias.com\\\/radio\\\/#organization\"}}]}\n\t\t<\/script>\n\t\t<!-- All in One SEO Pro -->\r\n\t\t<title>Encargado de turismo del Gobierno alem\u00e1n propone fondos de rescate | El Digital de Asturias<\/title>\n\n","aioseo_head_json":{"title":"Encargado de turismo del Gobierno alem\u00e1n propone fondos de rescate | El Digital de Asturias","description":"Berl\u00edn, 1 may (dpa) - El encargado de Turismo del Gobierno alem\u00e1n, Thomas Bareiss, propuso en declaraciones a dpa un fondo de rescate para el sector del turismo y los consumidores, en caso de que no funcione la soluci\u00f3n de entregar vales a cambio de viajes cancelados. \"La presi\u00f3n en la industria del turismo crece","canonical_url":"https:\/\/eldigitaldeasturias.com\/radio\/encargado-de-turismo-del-gobierno-aleman-propone-fondos-de-rescate\/","robots":"max-image-preview:large","keywords":"turismo","webmasterTools":{"google-site-verification":"UA-38556648-1","miscellaneous":""},"schema":{"@context":"https:\/\/schema.org","@graph":[{"@type":"BreadcrumbList","@id":"https:\/\/eldigitaldeasturias.com\/radio\/encargado-de-turismo-del-gobierno-aleman-propone-fondos-de-rescate\/#breadcrumblist","itemListElement":[{"@type":"ListItem","@id":"https:\/\/eldigitaldeasturias.com\/radio#listItem","position":1,"name":"Inicio","item":"https:\/\/eldigitaldeasturias.com\/radio","nextItem":{"@type":"ListItem","@id":"https:\/\/eldigitaldeasturias.com\/radio\/category\/turismo\/#listItem","name":"Turismo"}},{"@type":"ListItem","@id":"https:\/\/eldigitaldeasturias.com\/radio\/category\/turismo\/#listItem","position":2,"name":"Turismo","item":"https:\/\/eldigitaldeasturias.com\/radio\/category\/turismo\/","nextItem":{"@type":"ListItem","@id":"https:\/\/eldigitaldeasturias.com\/radio\/encargado-de-turismo-del-gobierno-aleman-propone-fondos-de-rescate\/#listItem","name":"Encargado de turismo del Gobierno alem\u00e1n propone fondos de rescate"},"previousItem":{"@type":"ListItem","@id":"https:\/\/eldigitaldeasturias.com\/radio#listItem","name":"Inicio"}},{"@type":"ListItem","@id":"https:\/\/eldigitaldeasturias.com\/radio\/encargado-de-turismo-del-gobierno-aleman-propone-fondos-de-rescate\/#listItem","position":3,"name":"Encargado de turismo del Gobierno alem\u00e1n propone fondos de rescate","previousItem":{"@type":"ListItem","@id":"https:\/\/eldigitaldeasturias.com\/radio\/category\/turismo\/#listItem","name":"Turismo"}}]},{"@type":"NewsArticle","@id":"https:\/\/eldigitaldeasturias.com\/radio\/encargado-de-turismo-del-gobierno-aleman-propone-fondos-de-rescate\/#newsarticle","name":"Encargado de turismo del Gobierno alem\u00e1n propone fondos de rescate | El Digital de Asturias","headline":"Encargado de turismo del Gobierno alem\u00e1n propone fondos de rescate","author":{"@id":"https:\/\/eldigitaldeasturias.com\/radio\/author\/nbasturias\/#author"},"publisher":{"@id":"https:\/\/eldigitaldeasturias.com\/radio\/#organization"},"image":{"@type":"ImageObject","url":"https:\/\/eldigitaldeasturias.com\/radio\/wp-content\/uploads\/2018\/03\/airport-1822133_1280.jpg","width":1280,"height":878},"datePublished":"2020-05-05T01:17:31+02:00","dateModified":"2020-05-05T01:17:31+02:00","inLanguage":"es-ES","mainEntityOfPage":{"@id":"https:\/\/eldigitaldeasturias.com\/radio\/encargado-de-turismo-del-gobierno-aleman-propone-fondos-de-rescate\/#webpage"},"isPartOf":{"@id":"https:\/\/eldigitaldeasturias.com\/radio\/encargado-de-turismo-del-gobierno-aleman-propone-fondos-de-rescate\/#webpage"},"articleSection":"Turismo","dateline":"Publicado el mayo 5, 2020."},{"@type":"Organization","@id":"https:\/\/eldigitaldeasturias.com\/radio\/#organization","name":"El digital de Asturias Radio","description":"Diario de informaci\u00f3n y noticias","url":"https:\/\/eldigitaldeasturias.com\/radio\/","telephone":"+34652131393","logo":{"@type":"ImageObject","url":"https:\/\/www.eldigitaldeasturias.com\/radio\/wp-content\/uploads\/2021\/03\/EDA.jpg","@id":"https:\/\/eldigitaldeasturias.com\/radio\/encargado-de-turismo-del-gobierno-aleman-propone-fondos-de-rescate\/#organizationLogo"},"image":{"@id":"https:\/\/eldigitaldeasturias.com\/radio\/encargado-de-turismo-del-gobierno-aleman-propone-fondos-de-rescate\/#organizationLogo"},"sameAs":["https:\/\/www.facebook.com\/","https:\/\/x.com\/bercodi","https:\/\/www.instagram.com\/","https:\/\/www.youtube.com\/channel\/UCZP-2wLEB9Rv6erhFmqVnvg"]},{"@type":"Person","@id":"https:\/\/eldigitaldeasturias.com\/radio\/author\/nbasturias\/#author","url":"https:\/\/eldigitaldeasturias.com\/radio\/author\/nbasturias\/","name":"NBAsturias","image":{"@type":"ImageObject","@id":"https:\/\/eldigitaldeasturias.com\/radio\/encargado-de-turismo-del-gobierno-aleman-propone-fondos-de-rescate\/#authorImage","url":"https:\/\/secure.gravatar.com\/avatar\/df2aeffc32bcd13f8d26072ef8a91b623d677766deac7f97ca815868cd41bf5e?s=96&d=mm&r=g","width":96,"height":96,"caption":"NBAsturias"}},{"@type":"WebPage","@id":"https:\/\/eldigitaldeasturias.com\/radio\/encargado-de-turismo-del-gobierno-aleman-propone-fondos-de-rescate\/#webpage","url":"https:\/\/eldigitaldeasturias.com\/radio\/encargado-de-turismo-del-gobierno-aleman-propone-fondos-de-rescate\/","name":"Encargado de turismo del Gobierno alem\u00e1n propone fondos de rescate | El Digital de Asturias","description":"Berl\u00edn, 1 may (dpa) - El encargado de Turismo del Gobierno alem\u00e1n, Thomas Bareiss, propuso en declaraciones a dpa un fondo de rescate para el sector del turismo y los consumidores, en caso de que no funcione la soluci\u00f3n de entregar vales a cambio de viajes cancelados. \"La presi\u00f3n en la industria del turismo crece","inLanguage":"es-ES","isPartOf":{"@id":"https:\/\/eldigitaldeasturias.com\/radio\/#website"},"breadcrumb":{"@id":"https:\/\/eldigitaldeasturias.com\/radio\/encargado-de-turismo-del-gobierno-aleman-propone-fondos-de-rescate\/#breadcrumblist"},"author":{"@id":"https:\/\/eldigitaldeasturias.com\/radio\/author\/nbasturias\/#author"},"creator":{"@id":"https:\/\/eldigitaldeasturias.com\/radio\/author\/nbasturias\/#author"},"image":{"@type":"ImageObject","url":"https:\/\/eldigitaldeasturias.com\/radio\/wp-content\/uploads\/2018\/03\/airport-1822133_1280.jpg","@id":"https:\/\/eldigitaldeasturias.com\/radio\/encargado-de-turismo-del-gobierno-aleman-propone-fondos-de-rescate\/#mainImage","width":1280,"height":878},"primaryImageOfPage":{"@id":"https:\/\/eldigitaldeasturias.com\/radio\/encargado-de-turismo-del-gobierno-aleman-propone-fondos-de-rescate\/#mainImage"},"datePublished":"2020-05-05T01:17:31+02:00","dateModified":"2020-05-05T01:17:31+02:00"},{"@type":"WebSite","@id":"https:\/\/eldigitaldeasturias.com\/radio\/#website","url":"https:\/\/eldigitaldeasturias.com\/radio\/","name":"El Digital de Asturias","description":"Diario de informaci\u00f3n y noticias","inLanguage":"es-ES","publisher":{"@id":"https:\/\/eldigitaldeasturias.com\/radio\/#organization"}}]},"og:locale":"es_ES","og:site_name":"El Digital de Asturias | Diario de informaci\u00f3n y noticias","og:type":"article","og:title":"Encargado de turismo del Gobierno alem\u00e1n propone fondos de rescate | El Digital de Asturias","og:description":"Berl\u00edn, 1 may (dpa) - El encargado de Turismo del Gobierno alem\u00e1n, Thomas Bareiss, propuso en declaraciones a dpa un fondo de rescate para el sector del turismo y los consumidores, en caso de que no funcione la soluci\u00f3n de entregar vales a cambio de viajes cancelados. &quot;La presi\u00f3n en la industria del turismo crece","og:url":"https:\/\/eldigitaldeasturias.com\/radio\/encargado-de-turismo-del-gobierno-aleman-propone-fondos-de-rescate\/","og:image":"https:\/\/eldigitaldeasturias.com\/radio\/wp-content\/uploads\/2018\/03\/airport-1822133_1280.jpg","og:image:secure_url":"https:\/\/eldigitaldeasturias.com\/radio\/wp-content\/uploads\/2018\/03\/airport-1822133_1280.jpg","og:image:width":1280,"og:image:height":878,"article:published_time":"2020-05-05T01:17:31+00:00","article:modified_time":"2020-05-05T01:17:31+00:00","twitter:card":"summary_large_image","twitter:site":"@bercodi","twitter:title":"Encargado de turismo del Gobierno alem\u00e1n propone fondos de rescate | El Digital de Asturias","twitter:description":"Berl\u00edn, 1 may (dpa) - El encargado de Turismo del Gobierno alem\u00e1n, Thomas Bareiss, propuso en declaraciones a dpa un fondo de rescate para el sector del turismo y los consumidores, en caso de que no funcione la soluci\u00f3n de entregar vales a cambio de viajes cancelados. &quot;La presi\u00f3n en la industria del turismo crece","twitter:creator":"@bercodi","twitter:image":"https:\/\/eldigitaldeasturias.com\/radio\/wp-content\/uploads\/2018\/03\/airport-1822133_1280.jpg"},"aioseo_meta_data":{"post_id":"4265","title":null,"description":null,"keywords":null,"keyphrases":null,"primary_term":null,"canonical_url":null,"og_title":null,"og_description":null,"og_object_type":"default","og_image_type":"default","og_image_url":null,"og_image_width":null,"og_image_height":null,"og_image_custom_url":null,"og_image_custom_fields":null,"og_video":null,"og_custom_url":null,"og_article_section":null,"og_article_tags":null,"twitter_use_og":false,"twitter_card":"default","twitter_image_type":"default","twitter_image_url":null,"twitter_image_custom_url":null,"twitter_image_custom_fields":null,"twitter_title":null,"twitter_description":null,"schema":{"blockGraphs":[],"customGraphs":[],"default":{"data":{"Article":[],"Course":[],"Dataset":[],"FAQPage":[],"Movie":[],"Person":[],"Product":[],"ProductReview":[],"Car":[],"Recipe":[],"Service":[],"SoftwareApplication":[],"WebPage":[]},"graphName":"","isEnabled":true},"graphs":[],"defaultGraph":"","defaultPostTypeGraph":""},"schema_type":null,"schema_type_options":null,"pillar_content":false,"robots_default":true,"robots_noindex":false,"robots_noarchive":false,"robots_nosnippet":false,"robots_nofollow":false,"robots_noimageindex":false,"robots_noodp":false,"robots_notranslate":false,"robots_max_snippet":null,"robots_max_videopreview":null,"robots_max_imagepreview":"large","priority":null,"frequency":null,"location":null,"local_seo":null,"seo_analyzer_scan_date":"2025-08-28 15:39:26","breadcrumb_settings":null,"limit_modified_date":false,"open_ai":null,"ai":null,"created":"2021-03-25 19:10:00","updated":"2025-08-28 15:39:26"},"aioseo_breadcrumb":"<div class=\"aioseo-breadcrumbs\"><span class=\"aioseo-breadcrumb\">\n\t<a href=\"https:\/\/eldigitaldeasturias.com\/radio\" title=\"Inicio\">Inicio<\/a>\n<\/span><span class=\"aioseo-breadcrumb-separator\">&ndash;<\/span><span class=\"aioseo-breadcrumb\">\n\t<a href=\"https:\/\/eldigitaldeasturias.com\/radio\/category\/turismo\/\" title=\"Turismo\">Turismo<\/a>\n<\/span><span class=\"aioseo-breadcrumb-separator\">&ndash;<\/span><span class=\"aioseo-breadcrumb\">\n\tEncargado de turismo del Gobierno alem\u00e1n propone fondos de rescate\n<\/span><\/div>","aioseo_breadcrumb_json":[{"label":"Inicio","link":"https:\/\/eldigitaldeasturias.com\/radio"},{"label":"Turismo","link":"https:\/\/eldigitaldeasturias.com\/radio\/category\/turismo\/"},{"label":"Encargado de turismo del Gobierno alem\u00e1n propone fondos de rescate","link":"https:\/\/eldigitaldeasturias.com\/radio\/encargado-de-turismo-del-gobierno-aleman-propone-fondos-de-rescate\/"}],"_links":{"self":[{"href":"https:\/\/eldigitaldeasturias.com\/radio\/wp-json\/wp\/v2\/posts\/4265","targetHints":{"allow":["GET"]}}],"collection":[{"href":"https:\/\/eldigitaldeasturias.com\/radio\/wp-json\/wp\/v2\/posts"}],"about":[{"href":"https:\/\/eldigitaldeasturias.com\/radio\/wp-json\/wp\/v2\/types\/post"}],"author":[{"embeddable":true,"href":"https:\/\/eldigitaldeasturias.com\/radio\/wp-json\/wp\/v2\/users\/1"}],"replies":[{"embeddable":true,"href":"https:\/\/eldigitaldeasturias.com\/radio\/wp-json\/wp\/v2\/comments?post=4265"}],"version-history":[{"count":0,"href":"https:\/\/eldigitaldeasturias.com\/radio\/wp-json\/wp\/v2\/posts\/4265\/revisions"}],"wp:featuredmedia":[{"embeddable":true,"href":"https:\/\/eldigitaldeasturias.com\/radio\/wp-json\/wp\/v2\/media\/65"}],"wp:attachment":[{"href":"https:\/\/eldigitaldeasturias.com\/radio\/wp-json\/wp\/v2\/media?parent=4265"}],"wp:term":[{"taxonomy":"category","embeddable":true,"href":"https:\/\/eldigitaldeasturias.com\/radio\/wp-json\/wp\/v2\/categories?post=4265"},{"taxonomy":"post_tag","embeddable":true,"href":"https:\/\/eldigitaldeasturias.com\/radio\/wp-json\/wp\/v2\/tags?post=4265"}],"curies":[{"name":"wp","href":"https:\/\/api.w.org\/{rel}","templated":true}]}}