{"id":4263,"date":"2020-05-05T01:16:31","date_gmt":"2020-05-05T01:16:31","guid":{"rendered":"http:\/\/www.eldigitaldeasturias.com\/radio\/?p=4263"},"modified":"2020-05-05T01:16:31","modified_gmt":"2020-05-05T01:16:31","slug":"entrenador-advierte-de-peligro-de-lesiones-al-reiniciar-la-bundesliga","status":"publish","type":"post","link":"https:\/\/eldigitaldeasturias.com\/radio\/entrenador-advierte-de-peligro-de-lesiones-al-reiniciar-la-bundesliga\/","title":{"rendered":"Entrenador advierte de peligro de lesiones al reiniciar la Bundesliga"},"content":{"rendered":"<p><img fetchpriority=\"high\" decoding=\"async\" class=\"alignleft size-medium wp-image-72\" src=\"http:\/\/www.eldigitaldeasturias.com\/radio\/wp-content\/uploads\/2018\/03\/football-1406106_1280-360x241.jpg\" alt=\"\" width=\"360\" height=\"241\" srcset=\"https:\/\/eldigitaldeasturias.com\/radio\/wp-content\/uploads\/2018\/03\/football-1406106_1280-360x241.jpg 360w, https:\/\/eldigitaldeasturias.com\/radio\/wp-content\/uploads\/2018\/03\/football-1406106_1280-1024x686.jpg 1024w, https:\/\/eldigitaldeasturias.com\/radio\/wp-content\/uploads\/2018\/03\/football-1406106_1280-768x514.jpg 768w, https:\/\/eldigitaldeasturias.com\/radio\/wp-content\/uploads\/2018\/03\/football-1406106_1280.jpg 1280w\" sizes=\"(max-width: 360px) 100vw, 360px\" \/>D\u00fcsseldorf (Alemania), 1 may (dpa) &#8211; El entrenador del club alem\u00e1n Fortuna D\u00fcsseldorf, Uwe R\u00f6sler, teme que se produzcan numerosas lesiones si se juegan demasiados partidos seguidos en el caso de que se reanude la Bundesliga, declar\u00f3 el t\u00e9cnico al diario \u00abRheinischen Post\u00bb.<\/p>\n<p>R\u00f6sler coment\u00f3 que no deber\u00eda haber partidos a mitad de semana cuando se reinicie la temporada, eso aliviar\u00eda el estr\u00e9s f\u00edsico de los jugadores.<\/p>\n<p>\u00abNo podemos arrollar ahora a los jugadores y dejar que jueguen cada tres d\u00edas durante cuatro semanas\u00bb, subray\u00f3 R\u00f6sler. En su opini\u00f3n, los equipos de la Liga alemana de f\u00fatbol no est\u00e1n preparados para las semanas en las que se disputan varios partidos debido a la parada forzosa desde mediados de marzo por la pandemia de coronavirus.<\/p>\n<p>En caso de que se reanude la temporada, R\u00f6sler espera que se tenga en cuenta la salud de los profesionales. \u00abNo empezar\u00eda con una semana de tres partidos y pondr\u00eda una semana de entrenamiento normal despu\u00e9s de la primera. De lo contrario, hay riesgo de que se produzcan numerosas lesiones\u00bb, advirti\u00f3 el t\u00e9cnico del D\u00fcsseldorf.<\/p>\n<p>Los clubes de la Bundesliga a\u00fan no han reanudado los entrenamientos completos de los equipos. Quedan nueve fechas de la temporada y la Liga Alemana de F\u00fatbol (DFL) espera jugar todos los partidos a puerta cerrada hasta finales de junio.<\/p>\n<p>La canciller alemana, Angela Merkel, y los primeros ministros de los 16 estados federados debatir\u00e1n sobre un posible reinicio el pr\u00f3ximo mi\u00e9rcoles.<\/p>\n","protected":false},"excerpt":{"rendered":"<p>D\u00fcsseldorf (Alemania), 1 may (dpa) &#8211; El entrenador del club alem\u00e1n Fortuna D\u00fcsseldorf, Uwe R\u00f6sler, teme que se produzcan numerosas lesiones si se juegan demasiados partidos seguidos en el caso de que se reanude la Bundesliga, declar\u00f3 el t\u00e9cnico al diario \u00abRheinischen Post\u00bb. R\u00f6sler coment\u00f3 que no deber\u00eda haber partidos a mitad de semana cuando<\/p>\n","protected":false},"author":1,"featured_media":72,"comment_status":"closed","ping_status":"closed","sticky":false,"template":"","format":"standard","meta":{"footnotes":""},"categories":[1],"tags":[],"class_list":{"0":"post-4263","1":"post","2":"type-post","3":"status-publish","4":"format-standard","5":"has-post-thumbnail","7":"category-noticias"},"aioseo_notices":[],"aioseo_head":"\n\t\t<!-- All in One SEO Pro 4.9.6.2 - aioseo.com -->\n\t<meta name=\"description\" content=\"D\u00fcsseldorf (Alemania), 1 may (dpa) - El entrenador del club alem\u00e1n Fortuna D\u00fcsseldorf, Uwe R\u00f6sler, teme que se produzcan numerosas lesiones si se juegan demasiados partidos seguidos en el caso de que se reanude la Bundesliga, declar\u00f3 el t\u00e9cnico al diario &quot;Rheinischen Post&quot;. R\u00f6sler coment\u00f3 que no deber\u00eda haber partidos a mitad de semana cuando\" \/>\n\t<meta name=\"robots\" content=\"max-image-preview:large\" \/>\n\t<meta name=\"author\" content=\"NBAsturias\"\/>\n\t<meta name=\"google-site-verification\" content=\"UA-38556648-1\" \/>\n\t<meta name=\"keywords\" content=\"noticias\" \/>\n\t<link rel=\"canonical\" href=\"https:\/\/eldigitaldeasturias.com\/radio\/entrenador-advierte-de-peligro-de-lesiones-al-reiniciar-la-bundesliga\/\" \/>\n\t<meta name=\"generator\" content=\"All in One SEO Pro (AIOSEO) 4.9.6.2\" \/>\n\t\t<meta property=\"og:locale\" content=\"es_ES\" \/>\n\t\t<meta property=\"og:site_name\" content=\"El Digital de Asturias | Diario de informaci\u00f3n y noticias\" \/>\n\t\t<meta property=\"og:type\" content=\"article\" \/>\n\t\t<meta property=\"og:title\" content=\"Entrenador advierte de peligro de lesiones al reiniciar la Bundesliga | El Digital de Asturias\" \/>\n\t\t<meta property=\"og:description\" content=\"D\u00fcsseldorf (Alemania), 1 may (dpa) - El entrenador del club alem\u00e1n Fortuna D\u00fcsseldorf, Uwe R\u00f6sler, teme que se produzcan numerosas lesiones si se juegan demasiados partidos seguidos en el caso de que se reanude la Bundesliga, declar\u00f3 el t\u00e9cnico al diario &quot;Rheinischen Post&quot;. R\u00f6sler coment\u00f3 que no deber\u00eda haber partidos a mitad de semana cuando\" \/>\n\t\t<meta property=\"og:url\" content=\"https:\/\/eldigitaldeasturias.com\/radio\/entrenador-advierte-de-peligro-de-lesiones-al-reiniciar-la-bundesliga\/\" \/>\n\t\t<meta property=\"og:image\" content=\"https:\/\/eldigitaldeasturias.com\/radio\/wp-content\/uploads\/2018\/03\/football-1406106_1280.jpg\" \/>\n\t\t<meta property=\"og:image:secure_url\" content=\"https:\/\/eldigitaldeasturias.com\/radio\/wp-content\/uploads\/2018\/03\/football-1406106_1280.jpg\" \/>\n\t\t<meta property=\"og:image:width\" content=\"1280\" \/>\n\t\t<meta property=\"og:image:height\" content=\"857\" \/>\n\t\t<meta property=\"article:published_time\" content=\"2020-05-05T01:16:31+00:00\" \/>\n\t\t<meta property=\"article:modified_time\" content=\"2020-05-05T01:16:31+00:00\" \/>\n\t\t<meta name=\"twitter:card\" content=\"summary_large_image\" \/>\n\t\t<meta name=\"twitter:site\" content=\"@bercodi\" \/>\n\t\t<meta name=\"twitter:title\" content=\"Entrenador advierte de peligro de lesiones al reiniciar la Bundesliga | El Digital de Asturias\" \/>\n\t\t<meta name=\"twitter:description\" content=\"D\u00fcsseldorf (Alemania), 1 may (dpa) - El entrenador del club alem\u00e1n Fortuna D\u00fcsseldorf, Uwe R\u00f6sler, teme que se produzcan numerosas lesiones si se juegan demasiados partidos seguidos en el caso de que se reanude la Bundesliga, declar\u00f3 el t\u00e9cnico al diario &quot;Rheinischen Post&quot;. R\u00f6sler coment\u00f3 que no deber\u00eda haber partidos a mitad de semana cuando\" \/>\n\t\t<meta name=\"twitter:creator\" content=\"@bercodi\" \/>\n\t\t<meta name=\"twitter:image\" content=\"https:\/\/eldigitaldeasturias.com\/radio\/wp-content\/uploads\/2018\/03\/football-1406106_1280.jpg\" \/>\n\t\t<script type=\"application\/ld+json\" class=\"aioseo-schema\">\n\t\t\t{\"@context\":\"https:\\\/\\\/schema.org\",\"@graph\":[{\"@type\":\"BreadcrumbList\",\"@id\":\"https:\\\/\\\/eldigitaldeasturias.com\\\/radio\\\/entrenador-advierte-de-peligro-de-lesiones-al-reiniciar-la-bundesliga\\\/#breadcrumblist\",\"itemListElement\":[{\"@type\":\"ListItem\",\"@id\":\"https:\\\/\\\/eldigitaldeasturias.com\\\/radio#listItem\",\"position\":1,\"name\":\"Inicio\",\"item\":\"https:\\\/\\\/eldigitaldeasturias.com\\\/radio\",\"nextItem\":{\"@type\":\"ListItem\",\"@id\":\"https:\\\/\\\/eldigitaldeasturias.com\\\/radio\\\/category\\\/noticias\\\/#listItem\",\"name\":\"Noticias\"}},{\"@type\":\"ListItem\",\"@id\":\"https:\\\/\\\/eldigitaldeasturias.com\\\/radio\\\/category\\\/noticias\\\/#listItem\",\"position\":2,\"name\":\"Noticias\",\"item\":\"https:\\\/\\\/eldigitaldeasturias.com\\\/radio\\\/category\\\/noticias\\\/\",\"nextItem\":{\"@type\":\"ListItem\",\"@id\":\"https:\\\/\\\/eldigitaldeasturias.com\\\/radio\\\/entrenador-advierte-de-peligro-de-lesiones-al-reiniciar-la-bundesliga\\\/#listItem\",\"name\":\"Entrenador advierte de peligro de lesiones al reiniciar la Bundesliga\"},\"previousItem\":{\"@type\":\"ListItem\",\"@id\":\"https:\\\/\\\/eldigitaldeasturias.com\\\/radio#listItem\",\"name\":\"Inicio\"}},{\"@type\":\"ListItem\",\"@id\":\"https:\\\/\\\/eldigitaldeasturias.com\\\/radio\\\/entrenador-advierte-de-peligro-de-lesiones-al-reiniciar-la-bundesliga\\\/#listItem\",\"position\":3,\"name\":\"Entrenador advierte de peligro de lesiones al reiniciar la Bundesliga\",\"previousItem\":{\"@type\":\"ListItem\",\"@id\":\"https:\\\/\\\/eldigitaldeasturias.com\\\/radio\\\/category\\\/noticias\\\/#listItem\",\"name\":\"Noticias\"}}]},{\"@type\":\"NewsArticle\",\"@id\":\"https:\\\/\\\/eldigitaldeasturias.com\\\/radio\\\/entrenador-advierte-de-peligro-de-lesiones-al-reiniciar-la-bundesliga\\\/#newsarticle\",\"name\":\"Entrenador advierte de peligro de lesiones al reiniciar la Bundesliga | El Digital de Asturias\",\"headline\":\"Entrenador advierte de peligro de lesiones al reiniciar la Bundesliga\",\"author\":{\"@id\":\"https:\\\/\\\/eldigitaldeasturias.com\\\/radio\\\/author\\\/nbasturias\\\/#author\"},\"publisher\":{\"@id\":\"https:\\\/\\\/eldigitaldeasturias.com\\\/radio\\\/#organization\"},\"image\":{\"@type\":\"ImageObject\",\"url\":\"https:\\\/\\\/eldigitaldeasturias.com\\\/radio\\\/wp-content\\\/uploads\\\/2018\\\/03\\\/football-1406106_1280.jpg\",\"width\":1280,\"height\":857},\"datePublished\":\"2020-05-05T01:16:31+02:00\",\"dateModified\":\"2020-05-05T01:16:31+02:00\",\"inLanguage\":\"es-ES\",\"mainEntityOfPage\":{\"@id\":\"https:\\\/\\\/eldigitaldeasturias.com\\\/radio\\\/entrenador-advierte-de-peligro-de-lesiones-al-reiniciar-la-bundesliga\\\/#webpage\"},\"isPartOf\":{\"@id\":\"https:\\\/\\\/eldigitaldeasturias.com\\\/radio\\\/entrenador-advierte-de-peligro-de-lesiones-al-reiniciar-la-bundesliga\\\/#webpage\"},\"articleSection\":\"Noticias\",\"dateline\":\"Publicado el mayo 5, 2020.\"},{\"@type\":\"Organization\",\"@id\":\"https:\\\/\\\/eldigitaldeasturias.com\\\/radio\\\/#organization\",\"name\":\"El digital de Asturias Radio\",\"description\":\"Diario de informaci\\u00f3n y noticias\",\"url\":\"https:\\\/\\\/eldigitaldeasturias.com\\\/radio\\\/\",\"telephone\":\"+34652131393\",\"logo\":{\"@type\":\"ImageObject\",\"url\":\"https:\\\/\\\/www.eldigitaldeasturias.com\\\/radio\\\/wp-content\\\/uploads\\\/2021\\\/03\\\/EDA.jpg\",\"@id\":\"https:\\\/\\\/eldigitaldeasturias.com\\\/radio\\\/entrenador-advierte-de-peligro-de-lesiones-al-reiniciar-la-bundesliga\\\/#organizationLogo\"},\"image\":{\"@id\":\"https:\\\/\\\/eldigitaldeasturias.com\\\/radio\\\/entrenador-advierte-de-peligro-de-lesiones-al-reiniciar-la-bundesliga\\\/#organizationLogo\"},\"sameAs\":[\"https:\\\/\\\/www.facebook.com\\\/\",\"https:\\\/\\\/x.com\\\/bercodi\",\"https:\\\/\\\/www.instagram.com\\\/\",\"https:\\\/\\\/www.youtube.com\\\/channel\\\/UCZP-2wLEB9Rv6erhFmqVnvg\"]},{\"@type\":\"Person\",\"@id\":\"https:\\\/\\\/eldigitaldeasturias.com\\\/radio\\\/author\\\/nbasturias\\\/#author\",\"url\":\"https:\\\/\\\/eldigitaldeasturias.com\\\/radio\\\/author\\\/nbasturias\\\/\",\"name\":\"NBAsturias\",\"image\":{\"@type\":\"ImageObject\",\"@id\":\"https:\\\/\\\/eldigitaldeasturias.com\\\/radio\\\/entrenador-advierte-de-peligro-de-lesiones-al-reiniciar-la-bundesliga\\\/#authorImage\",\"url\":\"https:\\\/\\\/secure.gravatar.com\\\/avatar\\\/df2aeffc32bcd13f8d26072ef8a91b623d677766deac7f97ca815868cd41bf5e?s=96&d=mm&r=g\",\"width\":96,\"height\":96,\"caption\":\"NBAsturias\"}},{\"@type\":\"WebPage\",\"@id\":\"https:\\\/\\\/eldigitaldeasturias.com\\\/radio\\\/entrenador-advierte-de-peligro-de-lesiones-al-reiniciar-la-bundesliga\\\/#webpage\",\"url\":\"https:\\\/\\\/eldigitaldeasturias.com\\\/radio\\\/entrenador-advierte-de-peligro-de-lesiones-al-reiniciar-la-bundesliga\\\/\",\"name\":\"Entrenador advierte de peligro de lesiones al reiniciar la Bundesliga | El Digital de Asturias\",\"description\":\"D\\u00fcsseldorf (Alemania), 1 may (dpa) - El entrenador del club alem\\u00e1n Fortuna D\\u00fcsseldorf, Uwe R\\u00f6sler, teme que se produzcan numerosas lesiones si se juegan demasiados partidos seguidos en el caso de que se reanude la Bundesliga, declar\\u00f3 el t\\u00e9cnico al diario \\\"Rheinischen Post\\\". R\\u00f6sler coment\\u00f3 que no deber\\u00eda haber partidos a mitad de semana cuando\",\"inLanguage\":\"es-ES\",\"isPartOf\":{\"@id\":\"https:\\\/\\\/eldigitaldeasturias.com\\\/radio\\\/#website\"},\"breadcrumb\":{\"@id\":\"https:\\\/\\\/eldigitaldeasturias.com\\\/radio\\\/entrenador-advierte-de-peligro-de-lesiones-al-reiniciar-la-bundesliga\\\/#breadcrumblist\"},\"author\":{\"@id\":\"https:\\\/\\\/eldigitaldeasturias.com\\\/radio\\\/author\\\/nbasturias\\\/#author\"},\"creator\":{\"@id\":\"https:\\\/\\\/eldigitaldeasturias.com\\\/radio\\\/author\\\/nbasturias\\\/#author\"},\"image\":{\"@type\":\"ImageObject\",\"url\":\"https:\\\/\\\/eldigitaldeasturias.com\\\/radio\\\/wp-content\\\/uploads\\\/2018\\\/03\\\/football-1406106_1280.jpg\",\"@id\":\"https:\\\/\\\/eldigitaldeasturias.com\\\/radio\\\/entrenador-advierte-de-peligro-de-lesiones-al-reiniciar-la-bundesliga\\\/#mainImage\",\"width\":1280,\"height\":857},\"primaryImageOfPage\":{\"@id\":\"https:\\\/\\\/eldigitaldeasturias.com\\\/radio\\\/entrenador-advierte-de-peligro-de-lesiones-al-reiniciar-la-bundesliga\\\/#mainImage\"},\"datePublished\":\"2020-05-05T01:16:31+02:00\",\"dateModified\":\"2020-05-05T01:16:31+02:00\"},{\"@type\":\"WebSite\",\"@id\":\"https:\\\/\\\/eldigitaldeasturias.com\\\/radio\\\/#website\",\"url\":\"https:\\\/\\\/eldigitaldeasturias.com\\\/radio\\\/\",\"name\":\"El Digital de Asturias\",\"description\":\"Diario de informaci\\u00f3n y noticias\",\"inLanguage\":\"es-ES\",\"publisher\":{\"@id\":\"https:\\\/\\\/eldigitaldeasturias.com\\\/radio\\\/#organization\"}}]}\n\t\t<\/script>\n\t\t<!-- All in One SEO Pro -->\r\n\t\t<title>Entrenador advierte de peligro de lesiones al reiniciar la Bundesliga | El Digital de Asturias<\/title>\n\n","aioseo_head_json":{"title":"Entrenador advierte de peligro de lesiones al reiniciar la Bundesliga | El Digital de Asturias","description":"D\u00fcsseldorf (Alemania), 1 may (dpa) - El entrenador del club alem\u00e1n Fortuna D\u00fcsseldorf, Uwe R\u00f6sler, teme que se produzcan numerosas lesiones si se juegan demasiados partidos seguidos en el caso de que se reanude la Bundesliga, declar\u00f3 el t\u00e9cnico al diario \"Rheinischen Post\". R\u00f6sler coment\u00f3 que no deber\u00eda haber partidos a mitad de semana cuando","canonical_url":"https:\/\/eldigitaldeasturias.com\/radio\/entrenador-advierte-de-peligro-de-lesiones-al-reiniciar-la-bundesliga\/","robots":"max-image-preview:large","keywords":"noticias","webmasterTools":{"google-site-verification":"UA-38556648-1","miscellaneous":""},"schema":{"@context":"https:\/\/schema.org","@graph":[{"@type":"BreadcrumbList","@id":"https:\/\/eldigitaldeasturias.com\/radio\/entrenador-advierte-de-peligro-de-lesiones-al-reiniciar-la-bundesliga\/#breadcrumblist","itemListElement":[{"@type":"ListItem","@id":"https:\/\/eldigitaldeasturias.com\/radio#listItem","position":1,"name":"Inicio","item":"https:\/\/eldigitaldeasturias.com\/radio","nextItem":{"@type":"ListItem","@id":"https:\/\/eldigitaldeasturias.com\/radio\/category\/noticias\/#listItem","name":"Noticias"}},{"@type":"ListItem","@id":"https:\/\/eldigitaldeasturias.com\/radio\/category\/noticias\/#listItem","position":2,"name":"Noticias","item":"https:\/\/eldigitaldeasturias.com\/radio\/category\/noticias\/","nextItem":{"@type":"ListItem","@id":"https:\/\/eldigitaldeasturias.com\/radio\/entrenador-advierte-de-peligro-de-lesiones-al-reiniciar-la-bundesliga\/#listItem","name":"Entrenador advierte de peligro de lesiones al reiniciar la Bundesliga"},"previousItem":{"@type":"ListItem","@id":"https:\/\/eldigitaldeasturias.com\/radio#listItem","name":"Inicio"}},{"@type":"ListItem","@id":"https:\/\/eldigitaldeasturias.com\/radio\/entrenador-advierte-de-peligro-de-lesiones-al-reiniciar-la-bundesliga\/#listItem","position":3,"name":"Entrenador advierte de peligro de lesiones al reiniciar la Bundesliga","previousItem":{"@type":"ListItem","@id":"https:\/\/eldigitaldeasturias.com\/radio\/category\/noticias\/#listItem","name":"Noticias"}}]},{"@type":"NewsArticle","@id":"https:\/\/eldigitaldeasturias.com\/radio\/entrenador-advierte-de-peligro-de-lesiones-al-reiniciar-la-bundesliga\/#newsarticle","name":"Entrenador advierte de peligro de lesiones al reiniciar la Bundesliga | El Digital de Asturias","headline":"Entrenador advierte de peligro de lesiones al reiniciar la Bundesliga","author":{"@id":"https:\/\/eldigitaldeasturias.com\/radio\/author\/nbasturias\/#author"},"publisher":{"@id":"https:\/\/eldigitaldeasturias.com\/radio\/#organization"},"image":{"@type":"ImageObject","url":"https:\/\/eldigitaldeasturias.com\/radio\/wp-content\/uploads\/2018\/03\/football-1406106_1280.jpg","width":1280,"height":857},"datePublished":"2020-05-05T01:16:31+02:00","dateModified":"2020-05-05T01:16:31+02:00","inLanguage":"es-ES","mainEntityOfPage":{"@id":"https:\/\/eldigitaldeasturias.com\/radio\/entrenador-advierte-de-peligro-de-lesiones-al-reiniciar-la-bundesliga\/#webpage"},"isPartOf":{"@id":"https:\/\/eldigitaldeasturias.com\/radio\/entrenador-advierte-de-peligro-de-lesiones-al-reiniciar-la-bundesliga\/#webpage"},"articleSection":"Noticias","dateline":"Publicado el mayo 5, 2020."},{"@type":"Organization","@id":"https:\/\/eldigitaldeasturias.com\/radio\/#organization","name":"El digital de Asturias Radio","description":"Diario de informaci\u00f3n y noticias","url":"https:\/\/eldigitaldeasturias.com\/radio\/","telephone":"+34652131393","logo":{"@type":"ImageObject","url":"https:\/\/www.eldigitaldeasturias.com\/radio\/wp-content\/uploads\/2021\/03\/EDA.jpg","@id":"https:\/\/eldigitaldeasturias.com\/radio\/entrenador-advierte-de-peligro-de-lesiones-al-reiniciar-la-bundesliga\/#organizationLogo"},"image":{"@id":"https:\/\/eldigitaldeasturias.com\/radio\/entrenador-advierte-de-peligro-de-lesiones-al-reiniciar-la-bundesliga\/#organizationLogo"},"sameAs":["https:\/\/www.facebook.com\/","https:\/\/x.com\/bercodi","https:\/\/www.instagram.com\/","https:\/\/www.youtube.com\/channel\/UCZP-2wLEB9Rv6erhFmqVnvg"]},{"@type":"Person","@id":"https:\/\/eldigitaldeasturias.com\/radio\/author\/nbasturias\/#author","url":"https:\/\/eldigitaldeasturias.com\/radio\/author\/nbasturias\/","name":"NBAsturias","image":{"@type":"ImageObject","@id":"https:\/\/eldigitaldeasturias.com\/radio\/entrenador-advierte-de-peligro-de-lesiones-al-reiniciar-la-bundesliga\/#authorImage","url":"https:\/\/secure.gravatar.com\/avatar\/df2aeffc32bcd13f8d26072ef8a91b623d677766deac7f97ca815868cd41bf5e?s=96&d=mm&r=g","width":96,"height":96,"caption":"NBAsturias"}},{"@type":"WebPage","@id":"https:\/\/eldigitaldeasturias.com\/radio\/entrenador-advierte-de-peligro-de-lesiones-al-reiniciar-la-bundesliga\/#webpage","url":"https:\/\/eldigitaldeasturias.com\/radio\/entrenador-advierte-de-peligro-de-lesiones-al-reiniciar-la-bundesliga\/","name":"Entrenador advierte de peligro de lesiones al reiniciar la Bundesliga | El Digital de Asturias","description":"D\u00fcsseldorf (Alemania), 1 may (dpa) - El entrenador del club alem\u00e1n Fortuna D\u00fcsseldorf, Uwe R\u00f6sler, teme que se produzcan numerosas lesiones si se juegan demasiados partidos seguidos en el caso de que se reanude la Bundesliga, declar\u00f3 el t\u00e9cnico al diario \"Rheinischen Post\". R\u00f6sler coment\u00f3 que no deber\u00eda haber partidos a mitad de semana cuando","inLanguage":"es-ES","isPartOf":{"@id":"https:\/\/eldigitaldeasturias.com\/radio\/#website"},"breadcrumb":{"@id":"https:\/\/eldigitaldeasturias.com\/radio\/entrenador-advierte-de-peligro-de-lesiones-al-reiniciar-la-bundesliga\/#breadcrumblist"},"author":{"@id":"https:\/\/eldigitaldeasturias.com\/radio\/author\/nbasturias\/#author"},"creator":{"@id":"https:\/\/eldigitaldeasturias.com\/radio\/author\/nbasturias\/#author"},"image":{"@type":"ImageObject","url":"https:\/\/eldigitaldeasturias.com\/radio\/wp-content\/uploads\/2018\/03\/football-1406106_1280.jpg","@id":"https:\/\/eldigitaldeasturias.com\/radio\/entrenador-advierte-de-peligro-de-lesiones-al-reiniciar-la-bundesliga\/#mainImage","width":1280,"height":857},"primaryImageOfPage":{"@id":"https:\/\/eldigitaldeasturias.com\/radio\/entrenador-advierte-de-peligro-de-lesiones-al-reiniciar-la-bundesliga\/#mainImage"},"datePublished":"2020-05-05T01:16:31+02:00","dateModified":"2020-05-05T01:16:31+02:00"},{"@type":"WebSite","@id":"https:\/\/eldigitaldeasturias.com\/radio\/#website","url":"https:\/\/eldigitaldeasturias.com\/radio\/","name":"El Digital de Asturias","description":"Diario de informaci\u00f3n y noticias","inLanguage":"es-ES","publisher":{"@id":"https:\/\/eldigitaldeasturias.com\/radio\/#organization"}}]},"og:locale":"es_ES","og:site_name":"El Digital de Asturias | Diario de informaci\u00f3n y noticias","og:type":"article","og:title":"Entrenador advierte de peligro de lesiones al reiniciar la Bundesliga | El Digital de Asturias","og:description":"D\u00fcsseldorf (Alemania), 1 may (dpa) - El entrenador del club alem\u00e1n Fortuna D\u00fcsseldorf, Uwe R\u00f6sler, teme que se produzcan numerosas lesiones si se juegan demasiados partidos seguidos en el caso de que se reanude la Bundesliga, declar\u00f3 el t\u00e9cnico al diario &quot;Rheinischen Post&quot;. R\u00f6sler coment\u00f3 que no deber\u00eda haber partidos a mitad de semana cuando","og:url":"https:\/\/eldigitaldeasturias.com\/radio\/entrenador-advierte-de-peligro-de-lesiones-al-reiniciar-la-bundesliga\/","og:image":"https:\/\/eldigitaldeasturias.com\/radio\/wp-content\/uploads\/2018\/03\/football-1406106_1280.jpg","og:image:secure_url":"https:\/\/eldigitaldeasturias.com\/radio\/wp-content\/uploads\/2018\/03\/football-1406106_1280.jpg","og:image:width":1280,"og:image:height":857,"article:published_time":"2020-05-05T01:16:31+00:00","article:modified_time":"2020-05-05T01:16:31+00:00","twitter:card":"summary_large_image","twitter:site":"@bercodi","twitter:title":"Entrenador advierte de peligro de lesiones al reiniciar la Bundesliga | El Digital de Asturias","twitter:description":"D\u00fcsseldorf (Alemania), 1 may (dpa) - El entrenador del club alem\u00e1n Fortuna D\u00fcsseldorf, Uwe R\u00f6sler, teme que se produzcan numerosas lesiones si se juegan demasiados partidos seguidos en el caso de que se reanude la Bundesliga, declar\u00f3 el t\u00e9cnico al diario &quot;Rheinischen Post&quot;. R\u00f6sler coment\u00f3 que no deber\u00eda haber partidos a mitad de semana cuando","twitter:creator":"@bercodi","twitter:image":"https:\/\/eldigitaldeasturias.com\/radio\/wp-content\/uploads\/2018\/03\/football-1406106_1280.jpg"},"aioseo_meta_data":{"post_id":"4263","title":null,"description":null,"keywords":null,"keyphrases":null,"primary_term":null,"canonical_url":null,"og_title":null,"og_description":null,"og_object_type":"default","og_image_type":"default","og_image_url":null,"og_image_width":null,"og_image_height":null,"og_image_custom_url":null,"og_image_custom_fields":null,"og_video":null,"og_custom_url":null,"og_article_section":null,"og_article_tags":null,"twitter_use_og":false,"twitter_card":"default","twitter_image_type":"default","twitter_image_url":null,"twitter_image_custom_url":null,"twitter_image_custom_fields":null,"twitter_title":null,"twitter_description":null,"schema":{"blockGraphs":[],"customGraphs":[],"default":{"data":{"Article":[],"Course":[],"Dataset":[],"FAQPage":[],"Movie":[],"Person":[],"Product":[],"ProductReview":[],"Car":[],"Recipe":[],"Service":[],"SoftwareApplication":[],"WebPage":[]},"graphName":"","isEnabled":true},"graphs":[],"defaultGraph":"","defaultPostTypeGraph":""},"schema_type":null,"schema_type_options":null,"pillar_content":false,"robots_default":true,"robots_noindex":false,"robots_noarchive":false,"robots_nosnippet":false,"robots_nofollow":false,"robots_noimageindex":false,"robots_noodp":false,"robots_notranslate":false,"robots_max_snippet":null,"robots_max_videopreview":null,"robots_max_imagepreview":"large","priority":null,"frequency":null,"location":null,"local_seo":null,"seo_analyzer_scan_date":"2025-08-28 15:39:25","breadcrumb_settings":null,"limit_modified_date":false,"open_ai":null,"ai":null,"created":"2021-03-26 14:09:30","updated":"2025-08-28 15:39:25"},"aioseo_breadcrumb":"<div class=\"aioseo-breadcrumbs\"><span class=\"aioseo-breadcrumb\">\n\t<a href=\"https:\/\/eldigitaldeasturias.com\/radio\" title=\"Inicio\">Inicio<\/a>\n<\/span><span class=\"aioseo-breadcrumb-separator\">&ndash;<\/span><span class=\"aioseo-breadcrumb\">\n\t<a href=\"https:\/\/eldigitaldeasturias.com\/radio\/category\/noticias\/\" title=\"Noticias\">Noticias<\/a>\n<\/span><span class=\"aioseo-breadcrumb-separator\">&ndash;<\/span><span class=\"aioseo-breadcrumb\">\n\tEntrenador advierte de peligro de lesiones al reiniciar la Bundesliga\n<\/span><\/div>","aioseo_breadcrumb_json":[{"label":"Inicio","link":"https:\/\/eldigitaldeasturias.com\/radio"},{"label":"Noticias","link":"https:\/\/eldigitaldeasturias.com\/radio\/category\/noticias\/"},{"label":"Entrenador advierte de peligro de lesiones al reiniciar la Bundesliga","link":"https:\/\/eldigitaldeasturias.com\/radio\/entrenador-advierte-de-peligro-de-lesiones-al-reiniciar-la-bundesliga\/"}],"_links":{"self":[{"href":"https:\/\/eldigitaldeasturias.com\/radio\/wp-json\/wp\/v2\/posts\/4263","targetHints":{"allow":["GET"]}}],"collection":[{"href":"https:\/\/eldigitaldeasturias.com\/radio\/wp-json\/wp\/v2\/posts"}],"about":[{"href":"https:\/\/eldigitaldeasturias.com\/radio\/wp-json\/wp\/v2\/types\/post"}],"author":[{"embeddable":true,"href":"https:\/\/eldigitaldeasturias.com\/radio\/wp-json\/wp\/v2\/users\/1"}],"replies":[{"embeddable":true,"href":"https:\/\/eldigitaldeasturias.com\/radio\/wp-json\/wp\/v2\/comments?post=4263"}],"version-history":[{"count":0,"href":"https:\/\/eldigitaldeasturias.com\/radio\/wp-json\/wp\/v2\/posts\/4263\/revisions"}],"wp:featuredmedia":[{"embeddable":true,"href":"https:\/\/eldigitaldeasturias.com\/radio\/wp-json\/wp\/v2\/media\/72"}],"wp:attachment":[{"href":"https:\/\/eldigitaldeasturias.com\/radio\/wp-json\/wp\/v2\/media?parent=4263"}],"wp:term":[{"taxonomy":"category","embeddable":true,"href":"https:\/\/eldigitaldeasturias.com\/radio\/wp-json\/wp\/v2\/categories?post=4263"},{"taxonomy":"post_tag","embeddable":true,"href":"https:\/\/eldigitaldeasturias.com\/radio\/wp-json\/wp\/v2\/tags?post=4263"}],"curies":[{"name":"wp","href":"https:\/\/api.w.org\/{rel}","templated":true}]}}