{"id":4258,"date":"2020-05-05T01:12:30","date_gmt":"2020-05-05T01:12:30","guid":{"rendered":"http:\/\/www.eldigitaldeasturias.com\/radio\/?p=4258"},"modified":"2020-05-05T01:12:30","modified_gmt":"2020-05-05T01:12:30","slug":"mas-de-160-000-infectados-y-6-362-muertos-por-coronavirus-en-alemania","status":"publish","type":"post","link":"https:\/\/eldigitaldeasturias.com\/radio\/mas-de-160-000-infectados-y-6-362-muertos-por-coronavirus-en-alemania\/","title":{"rendered":"M\u00e1s de 160.000 infectados y 6.362 muertos por coronavirus en Alemania"},"content":{"rendered":"<p><img fetchpriority=\"high\" decoding=\"async\" class=\"alignleft size-medium wp-image-4110\" src=\"http:\/\/www.eldigitaldeasturias.com\/radio\/wp-content\/uploads\/2020\/04\/covid-19-4960246_640-360x194.jpg\" alt=\"\" width=\"360\" height=\"194\" srcset=\"https:\/\/eldigitaldeasturias.com\/radio\/wp-content\/uploads\/2020\/04\/covid-19-4960246_640-360x194.jpg 360w, https:\/\/eldigitaldeasturias.com\/radio\/wp-content\/uploads\/2020\/04\/covid-19-4960246_640.jpg 640w\" sizes=\"(max-width: 360px) 100vw, 360px\" \/>Berl\u00edn, 30 abr (dpa) &#8211; Alemania registr\u00f3 hasta la tarde del jueves m\u00e1s de 160.000 casos de infecci\u00f3n con coronavirus y al menos 6.362 muertos, seg\u00fan un recuento realizado por dpa en base a informes oficiales de los 16 estados federados.<\/p>\n<p>Hasta la misma hora de ayer se hab\u00edan contabilizado m\u00e1s de 158.600 infecciones, as\u00ed como 6.069 fallecimientos. El horario en que se dan a conocer las nuevas cifras diarias difiere de un estado a otro.<\/p>\n<p>Seg\u00fan el Instituto Robert Koch de Berl\u00edn (RKI), que monitorea las enfermedades contagiosas en Alemania, la tasa de contagio es de 0,76. Esto significa que, en promedio, casi cada diez personas infectadas contagian a otras 7,6 personas. Por lo tanto, el n\u00famero de nuevas infecciones est\u00e1 disminuyendo ligeramente.<\/p>\n<p>El RKI aplica desde ayer un promedio de cuatro d\u00edas para calcular el n\u00famero actual de nuevas infecciones y, por lo tanto, tambi\u00e9n el n\u00famero de contagios. Anteriormente observaba un promedio de tres d\u00edas.<\/p>\n<p>El instituto estima que unas 123.500 personas se han restablecido de la infecci\u00f3n.<\/p>\n<p>Al igual que en otros pa\u00edses, los expertos opinan que el n\u00famero real de contagios es mucho m\u00e1s alto, en parte porque las pruebas no detectaron muchos cuadros leves o asintom\u00e1ticos de la enfermedad covid-19.<\/p>\n<p>Cifras especialmente elevadas de infecciones fueron reportadas por los estados de Baviera, con m\u00e1s de 42.400 casos comprobados y al menos 1.816 muertos, Renania del Norte-Westfalia, con m\u00e1s de 32.600 casos y al menos 1.219 muertos, as\u00ed como Baden-Wurtemberg, con m\u00e1s de 31.500 casos confirmados y al menos 1.354 muertos.<\/p>\n<p>En relaci\u00f3n al n\u00famero de infecciones por cada 100.000 habitantes, Baviera presenta el mayor \u00edndice, con 325,0 contagios. El valor promedio de toda Alemania es de 192,5.<\/p>\n<p>Sin embargo, debe tenerse en cuenta que el n\u00famero de pruebas realizadas por cada 100.000 habitantes var\u00eda entre los estados federados alemanes.<\/p>\n","protected":false},"excerpt":{"rendered":"<p>Berl\u00edn, 30 abr (dpa) &#8211; Alemania registr\u00f3 hasta la tarde del jueves m\u00e1s de 160.000 casos de infecci\u00f3n con coronavirus y al menos 6.362 muertos, seg\u00fan un recuento realizado por dpa en base a informes oficiales de los 16 estados federados. Hasta la misma hora de ayer se hab\u00edan contabilizado m\u00e1s de 158.600 infecciones, as\u00ed<\/p>\n","protected":false},"author":1,"featured_media":4110,"comment_status":"closed","ping_status":"closed","sticky":false,"template":"","format":"standard","meta":{"footnotes":""},"categories":[1],"tags":[],"class_list":{"0":"post-4258","1":"post","2":"type-post","3":"status-publish","4":"format-standard","5":"has-post-thumbnail","7":"category-noticias"},"aioseo_notices":[],"aioseo_head":"\n\t\t<!-- All in One SEO Pro 4.9.6.2 - aioseo.com -->\n\t<meta name=\"description\" content=\"Berl\u00edn, 30 abr (dpa) - Alemania registr\u00f3 hasta la tarde del jueves m\u00e1s de 160.000 casos de infecci\u00f3n con coronavirus y al menos 6.362 muertos, seg\u00fan un recuento realizado por dpa en base a informes oficiales de los 16 estados federados. Hasta la misma hora de ayer se hab\u00edan contabilizado m\u00e1s de 158.600 infecciones, as\u00ed\" \/>\n\t<meta name=\"robots\" content=\"max-image-preview:large\" \/>\n\t<meta name=\"author\" content=\"NBAsturias\"\/>\n\t<meta name=\"google-site-verification\" content=\"UA-38556648-1\" \/>\n\t<meta name=\"keywords\" content=\"noticias\" \/>\n\t<link rel=\"canonical\" href=\"https:\/\/eldigitaldeasturias.com\/radio\/mas-de-160-000-infectados-y-6-362-muertos-por-coronavirus-en-alemania\/\" \/>\n\t<meta name=\"generator\" content=\"All in One SEO Pro (AIOSEO) 4.9.6.2\" \/>\n\t\t<meta property=\"og:locale\" content=\"es_ES\" \/>\n\t\t<meta property=\"og:site_name\" content=\"El Digital de Asturias | Diario de informaci\u00f3n y noticias\" \/>\n\t\t<meta property=\"og:type\" content=\"article\" \/>\n\t\t<meta property=\"og:title\" content=\"M\u00e1s de 160.000 infectados y 6.362 muertos por coronavirus en Alemania | El Digital de Asturias\" \/>\n\t\t<meta property=\"og:description\" content=\"Berl\u00edn, 30 abr (dpa) - Alemania registr\u00f3 hasta la tarde del jueves m\u00e1s de 160.000 casos de infecci\u00f3n con coronavirus y al menos 6.362 muertos, seg\u00fan un recuento realizado por dpa en base a informes oficiales de los 16 estados federados. Hasta la misma hora de ayer se hab\u00edan contabilizado m\u00e1s de 158.600 infecciones, as\u00ed\" \/>\n\t\t<meta property=\"og:url\" content=\"https:\/\/eldigitaldeasturias.com\/radio\/mas-de-160-000-infectados-y-6-362-muertos-por-coronavirus-en-alemania\/\" \/>\n\t\t<meta property=\"og:image\" content=\"https:\/\/eldigitaldeasturias.com\/radio\/wp-content\/uploads\/2020\/04\/covid-19-4960246_640.jpg\" \/>\n\t\t<meta property=\"og:image:secure_url\" content=\"https:\/\/eldigitaldeasturias.com\/radio\/wp-content\/uploads\/2020\/04\/covid-19-4960246_640.jpg\" \/>\n\t\t<meta property=\"og:image:width\" content=\"640\" \/>\n\t\t<meta property=\"og:image:height\" content=\"344\" \/>\n\t\t<meta property=\"article:published_time\" content=\"2020-05-05T01:12:30+00:00\" \/>\n\t\t<meta property=\"article:modified_time\" content=\"2020-05-05T01:12:30+00:00\" \/>\n\t\t<meta name=\"twitter:card\" content=\"summary_large_image\" \/>\n\t\t<meta name=\"twitter:site\" content=\"@bercodi\" \/>\n\t\t<meta name=\"twitter:title\" content=\"M\u00e1s de 160.000 infectados y 6.362 muertos por coronavirus en Alemania | El Digital de Asturias\" \/>\n\t\t<meta name=\"twitter:description\" content=\"Berl\u00edn, 30 abr (dpa) - Alemania registr\u00f3 hasta la tarde del jueves m\u00e1s de 160.000 casos de infecci\u00f3n con coronavirus y al menos 6.362 muertos, seg\u00fan un recuento realizado por dpa en base a informes oficiales de los 16 estados federados. Hasta la misma hora de ayer se hab\u00edan contabilizado m\u00e1s de 158.600 infecciones, as\u00ed\" \/>\n\t\t<meta name=\"twitter:creator\" content=\"@bercodi\" \/>\n\t\t<meta name=\"twitter:image\" content=\"https:\/\/eldigitaldeasturias.com\/radio\/wp-content\/uploads\/2020\/04\/covid-19-4960246_640.jpg\" \/>\n\t\t<script type=\"application\/ld+json\" class=\"aioseo-schema\">\n\t\t\t{\"@context\":\"https:\\\/\\\/schema.org\",\"@graph\":[{\"@type\":\"BreadcrumbList\",\"@id\":\"https:\\\/\\\/eldigitaldeasturias.com\\\/radio\\\/mas-de-160-000-infectados-y-6-362-muertos-por-coronavirus-en-alemania\\\/#breadcrumblist\",\"itemListElement\":[{\"@type\":\"ListItem\",\"@id\":\"https:\\\/\\\/eldigitaldeasturias.com\\\/radio#listItem\",\"position\":1,\"name\":\"Inicio\",\"item\":\"https:\\\/\\\/eldigitaldeasturias.com\\\/radio\",\"nextItem\":{\"@type\":\"ListItem\",\"@id\":\"https:\\\/\\\/eldigitaldeasturias.com\\\/radio\\\/category\\\/noticias\\\/#listItem\",\"name\":\"Noticias\"}},{\"@type\":\"ListItem\",\"@id\":\"https:\\\/\\\/eldigitaldeasturias.com\\\/radio\\\/category\\\/noticias\\\/#listItem\",\"position\":2,\"name\":\"Noticias\",\"item\":\"https:\\\/\\\/eldigitaldeasturias.com\\\/radio\\\/category\\\/noticias\\\/\",\"nextItem\":{\"@type\":\"ListItem\",\"@id\":\"https:\\\/\\\/eldigitaldeasturias.com\\\/radio\\\/mas-de-160-000-infectados-y-6-362-muertos-por-coronavirus-en-alemania\\\/#listItem\",\"name\":\"M\\u00e1s de 160.000 infectados y 6.362 muertos por coronavirus en Alemania\"},\"previousItem\":{\"@type\":\"ListItem\",\"@id\":\"https:\\\/\\\/eldigitaldeasturias.com\\\/radio#listItem\",\"name\":\"Inicio\"}},{\"@type\":\"ListItem\",\"@id\":\"https:\\\/\\\/eldigitaldeasturias.com\\\/radio\\\/mas-de-160-000-infectados-y-6-362-muertos-por-coronavirus-en-alemania\\\/#listItem\",\"position\":3,\"name\":\"M\\u00e1s de 160.000 infectados y 6.362 muertos por coronavirus en Alemania\",\"previousItem\":{\"@type\":\"ListItem\",\"@id\":\"https:\\\/\\\/eldigitaldeasturias.com\\\/radio\\\/category\\\/noticias\\\/#listItem\",\"name\":\"Noticias\"}}]},{\"@type\":\"NewsArticle\",\"@id\":\"https:\\\/\\\/eldigitaldeasturias.com\\\/radio\\\/mas-de-160-000-infectados-y-6-362-muertos-por-coronavirus-en-alemania\\\/#newsarticle\",\"name\":\"M\\u00e1s de 160.000 infectados y 6.362 muertos por coronavirus en Alemania | El Digital de Asturias\",\"headline\":\"M\\u00e1s de 160.000 infectados y 6.362 muertos por coronavirus en Alemania\",\"author\":{\"@id\":\"https:\\\/\\\/eldigitaldeasturias.com\\\/radio\\\/author\\\/nbasturias\\\/#author\"},\"publisher\":{\"@id\":\"https:\\\/\\\/eldigitaldeasturias.com\\\/radio\\\/#organization\"},\"image\":{\"@type\":\"ImageObject\",\"url\":\"https:\\\/\\\/eldigitaldeasturias.com\\\/radio\\\/wp-content\\\/uploads\\\/2020\\\/04\\\/covid-19-4960246_640.jpg\",\"width\":640,\"height\":344},\"datePublished\":\"2020-05-05T01:12:30+02:00\",\"dateModified\":\"2020-05-05T01:12:30+02:00\",\"inLanguage\":\"es-ES\",\"mainEntityOfPage\":{\"@id\":\"https:\\\/\\\/eldigitaldeasturias.com\\\/radio\\\/mas-de-160-000-infectados-y-6-362-muertos-por-coronavirus-en-alemania\\\/#webpage\"},\"isPartOf\":{\"@id\":\"https:\\\/\\\/eldigitaldeasturias.com\\\/radio\\\/mas-de-160-000-infectados-y-6-362-muertos-por-coronavirus-en-alemania\\\/#webpage\"},\"articleSection\":\"Noticias\",\"dateline\":\"Publicado el mayo 5, 2020.\"},{\"@type\":\"Organization\",\"@id\":\"https:\\\/\\\/eldigitaldeasturias.com\\\/radio\\\/#organization\",\"name\":\"El digital de Asturias Radio\",\"description\":\"Diario de informaci\\u00f3n y noticias\",\"url\":\"https:\\\/\\\/eldigitaldeasturias.com\\\/radio\\\/\",\"telephone\":\"+34652131393\",\"logo\":{\"@type\":\"ImageObject\",\"url\":\"https:\\\/\\\/www.eldigitaldeasturias.com\\\/radio\\\/wp-content\\\/uploads\\\/2021\\\/03\\\/EDA.jpg\",\"@id\":\"https:\\\/\\\/eldigitaldeasturias.com\\\/radio\\\/mas-de-160-000-infectados-y-6-362-muertos-por-coronavirus-en-alemania\\\/#organizationLogo\"},\"image\":{\"@id\":\"https:\\\/\\\/eldigitaldeasturias.com\\\/radio\\\/mas-de-160-000-infectados-y-6-362-muertos-por-coronavirus-en-alemania\\\/#organizationLogo\"},\"sameAs\":[\"https:\\\/\\\/www.facebook.com\\\/\",\"https:\\\/\\\/x.com\\\/bercodi\",\"https:\\\/\\\/www.instagram.com\\\/\",\"https:\\\/\\\/www.youtube.com\\\/channel\\\/UCZP-2wLEB9Rv6erhFmqVnvg\"]},{\"@type\":\"Person\",\"@id\":\"https:\\\/\\\/eldigitaldeasturias.com\\\/radio\\\/author\\\/nbasturias\\\/#author\",\"url\":\"https:\\\/\\\/eldigitaldeasturias.com\\\/radio\\\/author\\\/nbasturias\\\/\",\"name\":\"NBAsturias\",\"image\":{\"@type\":\"ImageObject\",\"@id\":\"https:\\\/\\\/eldigitaldeasturias.com\\\/radio\\\/mas-de-160-000-infectados-y-6-362-muertos-por-coronavirus-en-alemania\\\/#authorImage\",\"url\":\"https:\\\/\\\/secure.gravatar.com\\\/avatar\\\/df2aeffc32bcd13f8d26072ef8a91b623d677766deac7f97ca815868cd41bf5e?s=96&d=mm&r=g\",\"width\":96,\"height\":96,\"caption\":\"NBAsturias\"}},{\"@type\":\"WebPage\",\"@id\":\"https:\\\/\\\/eldigitaldeasturias.com\\\/radio\\\/mas-de-160-000-infectados-y-6-362-muertos-por-coronavirus-en-alemania\\\/#webpage\",\"url\":\"https:\\\/\\\/eldigitaldeasturias.com\\\/radio\\\/mas-de-160-000-infectados-y-6-362-muertos-por-coronavirus-en-alemania\\\/\",\"name\":\"M\\u00e1s de 160.000 infectados y 6.362 muertos por coronavirus en Alemania | El Digital de Asturias\",\"description\":\"Berl\\u00edn, 30 abr (dpa) - Alemania registr\\u00f3 hasta la tarde del jueves m\\u00e1s de 160.000 casos de infecci\\u00f3n con coronavirus y al menos 6.362 muertos, seg\\u00fan un recuento realizado por dpa en base a informes oficiales de los 16 estados federados. Hasta la misma hora de ayer se hab\\u00edan contabilizado m\\u00e1s de 158.600 infecciones, as\\u00ed\",\"inLanguage\":\"es-ES\",\"isPartOf\":{\"@id\":\"https:\\\/\\\/eldigitaldeasturias.com\\\/radio\\\/#website\"},\"breadcrumb\":{\"@id\":\"https:\\\/\\\/eldigitaldeasturias.com\\\/radio\\\/mas-de-160-000-infectados-y-6-362-muertos-por-coronavirus-en-alemania\\\/#breadcrumblist\"},\"author\":{\"@id\":\"https:\\\/\\\/eldigitaldeasturias.com\\\/radio\\\/author\\\/nbasturias\\\/#author\"},\"creator\":{\"@id\":\"https:\\\/\\\/eldigitaldeasturias.com\\\/radio\\\/author\\\/nbasturias\\\/#author\"},\"image\":{\"@type\":\"ImageObject\",\"url\":\"https:\\\/\\\/eldigitaldeasturias.com\\\/radio\\\/wp-content\\\/uploads\\\/2020\\\/04\\\/covid-19-4960246_640.jpg\",\"@id\":\"https:\\\/\\\/eldigitaldeasturias.com\\\/radio\\\/mas-de-160-000-infectados-y-6-362-muertos-por-coronavirus-en-alemania\\\/#mainImage\",\"width\":640,\"height\":344},\"primaryImageOfPage\":{\"@id\":\"https:\\\/\\\/eldigitaldeasturias.com\\\/radio\\\/mas-de-160-000-infectados-y-6-362-muertos-por-coronavirus-en-alemania\\\/#mainImage\"},\"datePublished\":\"2020-05-05T01:12:30+02:00\",\"dateModified\":\"2020-05-05T01:12:30+02:00\"},{\"@type\":\"WebSite\",\"@id\":\"https:\\\/\\\/eldigitaldeasturias.com\\\/radio\\\/#website\",\"url\":\"https:\\\/\\\/eldigitaldeasturias.com\\\/radio\\\/\",\"name\":\"El Digital de Asturias\",\"description\":\"Diario de informaci\\u00f3n y noticias\",\"inLanguage\":\"es-ES\",\"publisher\":{\"@id\":\"https:\\\/\\\/eldigitaldeasturias.com\\\/radio\\\/#organization\"}}]}\n\t\t<\/script>\n\t\t<!-- All in One SEO Pro -->\r\n\t\t<title>M\u00e1s de 160.000 infectados y 6.362 muertos por coronavirus en Alemania | El Digital de Asturias<\/title>\n\n","aioseo_head_json":{"title":"M\u00e1s de 160.000 infectados y 6.362 muertos por coronavirus en Alemania | El Digital de Asturias","description":"Berl\u00edn, 30 abr (dpa) - Alemania registr\u00f3 hasta la tarde del jueves m\u00e1s de 160.000 casos de infecci\u00f3n con coronavirus y al menos 6.362 muertos, seg\u00fan un recuento realizado por dpa en base a informes oficiales de los 16 estados federados. Hasta la misma hora de ayer se hab\u00edan contabilizado m\u00e1s de 158.600 infecciones, as\u00ed","canonical_url":"https:\/\/eldigitaldeasturias.com\/radio\/mas-de-160-000-infectados-y-6-362-muertos-por-coronavirus-en-alemania\/","robots":"max-image-preview:large","keywords":"noticias","webmasterTools":{"google-site-verification":"UA-38556648-1","miscellaneous":""},"schema":{"@context":"https:\/\/schema.org","@graph":[{"@type":"BreadcrumbList","@id":"https:\/\/eldigitaldeasturias.com\/radio\/mas-de-160-000-infectados-y-6-362-muertos-por-coronavirus-en-alemania\/#breadcrumblist","itemListElement":[{"@type":"ListItem","@id":"https:\/\/eldigitaldeasturias.com\/radio#listItem","position":1,"name":"Inicio","item":"https:\/\/eldigitaldeasturias.com\/radio","nextItem":{"@type":"ListItem","@id":"https:\/\/eldigitaldeasturias.com\/radio\/category\/noticias\/#listItem","name":"Noticias"}},{"@type":"ListItem","@id":"https:\/\/eldigitaldeasturias.com\/radio\/category\/noticias\/#listItem","position":2,"name":"Noticias","item":"https:\/\/eldigitaldeasturias.com\/radio\/category\/noticias\/","nextItem":{"@type":"ListItem","@id":"https:\/\/eldigitaldeasturias.com\/radio\/mas-de-160-000-infectados-y-6-362-muertos-por-coronavirus-en-alemania\/#listItem","name":"M\u00e1s de 160.000 infectados y 6.362 muertos por coronavirus en Alemania"},"previousItem":{"@type":"ListItem","@id":"https:\/\/eldigitaldeasturias.com\/radio#listItem","name":"Inicio"}},{"@type":"ListItem","@id":"https:\/\/eldigitaldeasturias.com\/radio\/mas-de-160-000-infectados-y-6-362-muertos-por-coronavirus-en-alemania\/#listItem","position":3,"name":"M\u00e1s de 160.000 infectados y 6.362 muertos por coronavirus en Alemania","previousItem":{"@type":"ListItem","@id":"https:\/\/eldigitaldeasturias.com\/radio\/category\/noticias\/#listItem","name":"Noticias"}}]},{"@type":"NewsArticle","@id":"https:\/\/eldigitaldeasturias.com\/radio\/mas-de-160-000-infectados-y-6-362-muertos-por-coronavirus-en-alemania\/#newsarticle","name":"M\u00e1s de 160.000 infectados y 6.362 muertos por coronavirus en Alemania | El Digital de Asturias","headline":"M\u00e1s de 160.000 infectados y 6.362 muertos por coronavirus en Alemania","author":{"@id":"https:\/\/eldigitaldeasturias.com\/radio\/author\/nbasturias\/#author"},"publisher":{"@id":"https:\/\/eldigitaldeasturias.com\/radio\/#organization"},"image":{"@type":"ImageObject","url":"https:\/\/eldigitaldeasturias.com\/radio\/wp-content\/uploads\/2020\/04\/covid-19-4960246_640.jpg","width":640,"height":344},"datePublished":"2020-05-05T01:12:30+02:00","dateModified":"2020-05-05T01:12:30+02:00","inLanguage":"es-ES","mainEntityOfPage":{"@id":"https:\/\/eldigitaldeasturias.com\/radio\/mas-de-160-000-infectados-y-6-362-muertos-por-coronavirus-en-alemania\/#webpage"},"isPartOf":{"@id":"https:\/\/eldigitaldeasturias.com\/radio\/mas-de-160-000-infectados-y-6-362-muertos-por-coronavirus-en-alemania\/#webpage"},"articleSection":"Noticias","dateline":"Publicado el mayo 5, 2020."},{"@type":"Organization","@id":"https:\/\/eldigitaldeasturias.com\/radio\/#organization","name":"El digital de Asturias Radio","description":"Diario de informaci\u00f3n y noticias","url":"https:\/\/eldigitaldeasturias.com\/radio\/","telephone":"+34652131393","logo":{"@type":"ImageObject","url":"https:\/\/www.eldigitaldeasturias.com\/radio\/wp-content\/uploads\/2021\/03\/EDA.jpg","@id":"https:\/\/eldigitaldeasturias.com\/radio\/mas-de-160-000-infectados-y-6-362-muertos-por-coronavirus-en-alemania\/#organizationLogo"},"image":{"@id":"https:\/\/eldigitaldeasturias.com\/radio\/mas-de-160-000-infectados-y-6-362-muertos-por-coronavirus-en-alemania\/#organizationLogo"},"sameAs":["https:\/\/www.facebook.com\/","https:\/\/x.com\/bercodi","https:\/\/www.instagram.com\/","https:\/\/www.youtube.com\/channel\/UCZP-2wLEB9Rv6erhFmqVnvg"]},{"@type":"Person","@id":"https:\/\/eldigitaldeasturias.com\/radio\/author\/nbasturias\/#author","url":"https:\/\/eldigitaldeasturias.com\/radio\/author\/nbasturias\/","name":"NBAsturias","image":{"@type":"ImageObject","@id":"https:\/\/eldigitaldeasturias.com\/radio\/mas-de-160-000-infectados-y-6-362-muertos-por-coronavirus-en-alemania\/#authorImage","url":"https:\/\/secure.gravatar.com\/avatar\/df2aeffc32bcd13f8d26072ef8a91b623d677766deac7f97ca815868cd41bf5e?s=96&d=mm&r=g","width":96,"height":96,"caption":"NBAsturias"}},{"@type":"WebPage","@id":"https:\/\/eldigitaldeasturias.com\/radio\/mas-de-160-000-infectados-y-6-362-muertos-por-coronavirus-en-alemania\/#webpage","url":"https:\/\/eldigitaldeasturias.com\/radio\/mas-de-160-000-infectados-y-6-362-muertos-por-coronavirus-en-alemania\/","name":"M\u00e1s de 160.000 infectados y 6.362 muertos por coronavirus en Alemania | El Digital de Asturias","description":"Berl\u00edn, 30 abr (dpa) - Alemania registr\u00f3 hasta la tarde del jueves m\u00e1s de 160.000 casos de infecci\u00f3n con coronavirus y al menos 6.362 muertos, seg\u00fan un recuento realizado por dpa en base a informes oficiales de los 16 estados federados. Hasta la misma hora de ayer se hab\u00edan contabilizado m\u00e1s de 158.600 infecciones, as\u00ed","inLanguage":"es-ES","isPartOf":{"@id":"https:\/\/eldigitaldeasturias.com\/radio\/#website"},"breadcrumb":{"@id":"https:\/\/eldigitaldeasturias.com\/radio\/mas-de-160-000-infectados-y-6-362-muertos-por-coronavirus-en-alemania\/#breadcrumblist"},"author":{"@id":"https:\/\/eldigitaldeasturias.com\/radio\/author\/nbasturias\/#author"},"creator":{"@id":"https:\/\/eldigitaldeasturias.com\/radio\/author\/nbasturias\/#author"},"image":{"@type":"ImageObject","url":"https:\/\/eldigitaldeasturias.com\/radio\/wp-content\/uploads\/2020\/04\/covid-19-4960246_640.jpg","@id":"https:\/\/eldigitaldeasturias.com\/radio\/mas-de-160-000-infectados-y-6-362-muertos-por-coronavirus-en-alemania\/#mainImage","width":640,"height":344},"primaryImageOfPage":{"@id":"https:\/\/eldigitaldeasturias.com\/radio\/mas-de-160-000-infectados-y-6-362-muertos-por-coronavirus-en-alemania\/#mainImage"},"datePublished":"2020-05-05T01:12:30+02:00","dateModified":"2020-05-05T01:12:30+02:00"},{"@type":"WebSite","@id":"https:\/\/eldigitaldeasturias.com\/radio\/#website","url":"https:\/\/eldigitaldeasturias.com\/radio\/","name":"El Digital de Asturias","description":"Diario de informaci\u00f3n y noticias","inLanguage":"es-ES","publisher":{"@id":"https:\/\/eldigitaldeasturias.com\/radio\/#organization"}}]},"og:locale":"es_ES","og:site_name":"El Digital de Asturias | Diario de informaci\u00f3n y noticias","og:type":"article","og:title":"M\u00e1s de 160.000 infectados y 6.362 muertos por coronavirus en Alemania | El Digital de Asturias","og:description":"Berl\u00edn, 30 abr (dpa) - Alemania registr\u00f3 hasta la tarde del jueves m\u00e1s de 160.000 casos de infecci\u00f3n con coronavirus y al menos 6.362 muertos, seg\u00fan un recuento realizado por dpa en base a informes oficiales de los 16 estados federados. Hasta la misma hora de ayer se hab\u00edan contabilizado m\u00e1s de 158.600 infecciones, as\u00ed","og:url":"https:\/\/eldigitaldeasturias.com\/radio\/mas-de-160-000-infectados-y-6-362-muertos-por-coronavirus-en-alemania\/","og:image":"https:\/\/eldigitaldeasturias.com\/radio\/wp-content\/uploads\/2020\/04\/covid-19-4960246_640.jpg","og:image:secure_url":"https:\/\/eldigitaldeasturias.com\/radio\/wp-content\/uploads\/2020\/04\/covid-19-4960246_640.jpg","og:image:width":640,"og:image:height":344,"article:published_time":"2020-05-05T01:12:30+00:00","article:modified_time":"2020-05-05T01:12:30+00:00","twitter:card":"summary_large_image","twitter:site":"@bercodi","twitter:title":"M\u00e1s de 160.000 infectados y 6.362 muertos por coronavirus en Alemania | El Digital de Asturias","twitter:description":"Berl\u00edn, 30 abr (dpa) - Alemania registr\u00f3 hasta la tarde del jueves m\u00e1s de 160.000 casos de infecci\u00f3n con coronavirus y al menos 6.362 muertos, seg\u00fan un recuento realizado por dpa en base a informes oficiales de los 16 estados federados. Hasta la misma hora de ayer se hab\u00edan contabilizado m\u00e1s de 158.600 infecciones, as\u00ed","twitter:creator":"@bercodi","twitter:image":"https:\/\/eldigitaldeasturias.com\/radio\/wp-content\/uploads\/2020\/04\/covid-19-4960246_640.jpg"},"aioseo_meta_data":{"post_id":"4258","title":null,"description":null,"keywords":null,"keyphrases":null,"primary_term":null,"canonical_url":null,"og_title":null,"og_description":null,"og_object_type":"default","og_image_type":"default","og_image_url":null,"og_image_width":null,"og_image_height":null,"og_image_custom_url":null,"og_image_custom_fields":null,"og_video":null,"og_custom_url":null,"og_article_section":null,"og_article_tags":null,"twitter_use_og":false,"twitter_card":"default","twitter_image_type":"default","twitter_image_url":null,"twitter_image_custom_url":null,"twitter_image_custom_fields":null,"twitter_title":null,"twitter_description":null,"schema":{"blockGraphs":[],"customGraphs":[],"default":{"data":{"Article":[],"Course":[],"Dataset":[],"FAQPage":[],"Movie":[],"Person":[],"Product":[],"ProductReview":[],"Car":[],"Recipe":[],"Service":[],"SoftwareApplication":[],"WebPage":[]},"graphName":"","isEnabled":true},"graphs":[],"defaultGraph":"","defaultPostTypeGraph":""},"schema_type":null,"schema_type_options":null,"pillar_content":false,"robots_default":true,"robots_noindex":false,"robots_noarchive":false,"robots_nosnippet":false,"robots_nofollow":false,"robots_noimageindex":false,"robots_noodp":false,"robots_notranslate":false,"robots_max_snippet":null,"robots_max_videopreview":null,"robots_max_imagepreview":"large","priority":null,"frequency":null,"location":null,"local_seo":null,"seo_analyzer_scan_date":"2025-08-28 15:39:23","breadcrumb_settings":null,"limit_modified_date":false,"open_ai":null,"ai":null,"created":"2021-03-27 05:56:23","updated":"2025-08-28 15:39:23"},"aioseo_breadcrumb":"<div class=\"aioseo-breadcrumbs\"><span class=\"aioseo-breadcrumb\">\n\t<a href=\"https:\/\/eldigitaldeasturias.com\/radio\" title=\"Inicio\">Inicio<\/a>\n<\/span><span class=\"aioseo-breadcrumb-separator\">&ndash;<\/span><span class=\"aioseo-breadcrumb\">\n\t<a href=\"https:\/\/eldigitaldeasturias.com\/radio\/category\/noticias\/\" title=\"Noticias\">Noticias<\/a>\n<\/span><span class=\"aioseo-breadcrumb-separator\">&ndash;<\/span><span class=\"aioseo-breadcrumb\">\n\tM\u00e1s de 160.000 infectados y 6.362 muertos por coronavirus en Alemania\n<\/span><\/div>","aioseo_breadcrumb_json":[{"label":"Inicio","link":"https:\/\/eldigitaldeasturias.com\/radio"},{"label":"Noticias","link":"https:\/\/eldigitaldeasturias.com\/radio\/category\/noticias\/"},{"label":"M\u00e1s de 160.000 infectados y 6.362 muertos por coronavirus en Alemania","link":"https:\/\/eldigitaldeasturias.com\/radio\/mas-de-160-000-infectados-y-6-362-muertos-por-coronavirus-en-alemania\/"}],"_links":{"self":[{"href":"https:\/\/eldigitaldeasturias.com\/radio\/wp-json\/wp\/v2\/posts\/4258","targetHints":{"allow":["GET"]}}],"collection":[{"href":"https:\/\/eldigitaldeasturias.com\/radio\/wp-json\/wp\/v2\/posts"}],"about":[{"href":"https:\/\/eldigitaldeasturias.com\/radio\/wp-json\/wp\/v2\/types\/post"}],"author":[{"embeddable":true,"href":"https:\/\/eldigitaldeasturias.com\/radio\/wp-json\/wp\/v2\/users\/1"}],"replies":[{"embeddable":true,"href":"https:\/\/eldigitaldeasturias.com\/radio\/wp-json\/wp\/v2\/comments?post=4258"}],"version-history":[{"count":0,"href":"https:\/\/eldigitaldeasturias.com\/radio\/wp-json\/wp\/v2\/posts\/4258\/revisions"}],"wp:featuredmedia":[{"embeddable":true,"href":"https:\/\/eldigitaldeasturias.com\/radio\/wp-json\/wp\/v2\/media\/4110"}],"wp:attachment":[{"href":"https:\/\/eldigitaldeasturias.com\/radio\/wp-json\/wp\/v2\/media?parent=4258"}],"wp:term":[{"taxonomy":"category","embeddable":true,"href":"https:\/\/eldigitaldeasturias.com\/radio\/wp-json\/wp\/v2\/categories?post=4258"},{"taxonomy":"post_tag","embeddable":true,"href":"https:\/\/eldigitaldeasturias.com\/radio\/wp-json\/wp\/v2\/tags?post=4258"}],"curies":[{"name":"wp","href":"https:\/\/api.w.org\/{rel}","templated":true}]}}