{"id":4255,"date":"2020-05-05T01:11:12","date_gmt":"2020-05-05T01:11:12","guid":{"rendered":"http:\/\/www.eldigitaldeasturias.com\/radio\/?p=4255"},"modified":"2020-05-05T01:11:12","modified_gmt":"2020-05-05T01:11:12","slug":"drager-reduce-perdidas-gracias-a-alta-demanda-de-respiradores","status":"publish","type":"post","link":"https:\/\/eldigitaldeasturias.com\/radio\/drager-reduce-perdidas-gracias-a-alta-demanda-de-respiradores\/","title":{"rendered":"Dr\u00e4ger reduce p\u00e9rdidas gracias a alta demanda de respiradores"},"content":{"rendered":"<figure id=\"attachment_4256\" aria-describedby=\"caption-attachment-4256\" style=\"width: 360px\" class=\"wp-caption alignleft\"><img fetchpriority=\"high\" decoding=\"async\" class=\"size-medium wp-image-4256\" src=\"http:\/\/www.eldigitaldeasturias.com\/radio\/wp-content\/uploads\/2020\/05\/respiradores-360x228.jpg\" alt=\"\" width=\"360\" height=\"228\" srcset=\"https:\/\/eldigitaldeasturias.com\/radio\/wp-content\/uploads\/2020\/05\/respiradores-360x228.jpg 360w, https:\/\/eldigitaldeasturias.com\/radio\/wp-content\/uploads\/2020\/05\/respiradores-1024x648.jpg 1024w, https:\/\/eldigitaldeasturias.com\/radio\/wp-content\/uploads\/2020\/05\/respiradores-768x486.jpg 768w, https:\/\/eldigitaldeasturias.com\/radio\/wp-content\/uploads\/2020\/05\/respiradores.jpg 1043w\" sizes=\"(max-width: 360px) 100vw, 360px\" \/><figcaption id=\"caption-attachment-4256\" class=\"wp-caption-text\">Foto: Kay Nietfeld\/dpa<\/figcaption><\/figure>\n<p>L\u00fcbeck (Alemania), 30 abr (dpa) &#8211; La empresa alemana Dr\u00e4ger, l\u00edder en los sectores de tecnolog\u00eda m\u00e9dica y de seguridad, registr\u00f3 menos p\u00e9rdidas en el primer trimestre en la comparaci\u00f3n interanual gracias a la fuerte demanda de dispositivos, en particular de respiradores, seg\u00fan el informe trimestral presentado hoy.<\/p>\n<p>El grupo empresarial anunci\u00f3 que el d\u00e9ficit se redujo a 6,7 millones de euros (7,2 millones de d\u00f3lares). El a\u00f1o anterior esta cifra fue de 10,1 millones de euros.<\/p>\n<p>El informe a\u00f1ade que, adem\u00e1s de las inversiones en el \u00e1rea de ventas, tambi\u00e9n aumentaron los costes de log\u00edstica debido al mayor volumen de facturaci\u00f3n y al incremento de las tasas de flete.<\/p>\n<p>La empresa ya hab\u00eda dado a conocer las cifras clave del primer trimestre a principios y mediados de abril.<\/p>\n<p>En el primer trimestre de 2020, Dr\u00e4ger pudo duplicar con creces su entrada de pedidos en comparaci\u00f3n interanual hasta 1.400 millones de euros debido al gran n\u00famero de encargos.<\/p>\n<p>Por lo tanto, la empresa se mostr\u00f3 m\u00e1s optimista para el conjunto del a\u00f1o, se\u00f1alando que los resultados hasta la fecha abren oportunidades para una cifra de ventas y ganancias netas significativamente m\u00e1s alta.<\/p>\n","protected":false},"excerpt":{"rendered":"<p>L\u00fcbeck (Alemania), 30 abr (dpa) &#8211; La empresa alemana Dr\u00e4ger, l\u00edder en los sectores de tecnolog\u00eda m\u00e9dica y de seguridad, registr\u00f3 menos p\u00e9rdidas en el primer trimestre en la comparaci\u00f3n interanual gracias a la fuerte demanda de dispositivos, en particular de respiradores, seg\u00fan el informe trimestral presentado hoy. El grupo empresarial anunci\u00f3 que el d\u00e9ficit<\/p>\n","protected":false},"author":1,"featured_media":4256,"comment_status":"closed","ping_status":"closed","sticky":false,"template":"","format":"standard","meta":{"footnotes":""},"categories":[35],"tags":[],"class_list":{"0":"post-4255","1":"post","2":"type-post","3":"status-publish","4":"format-standard","5":"has-post-thumbnail","7":"category-negocios"},"aioseo_notices":[],"aioseo_head":"\n\t\t<!-- All in One SEO Pro 4.9.6.2 - aioseo.com -->\n\t<meta name=\"description\" content=\"L\u00fcbeck (Alemania), 30 abr (dpa) - La empresa alemana Dr\u00e4ger, l\u00edder en los sectores de tecnolog\u00eda m\u00e9dica y de seguridad, registr\u00f3 menos p\u00e9rdidas en el primer trimestre en la comparaci\u00f3n interanual gracias a la fuerte demanda de dispositivos, en particular de respiradores, seg\u00fan el informe trimestral presentado hoy. El grupo empresarial anunci\u00f3 que el d\u00e9ficit\" \/>\n\t<meta name=\"robots\" content=\"max-image-preview:large\" \/>\n\t<meta name=\"author\" content=\"NBAsturias\"\/>\n\t<meta name=\"google-site-verification\" content=\"UA-38556648-1\" \/>\n\t<meta name=\"keywords\" content=\"negocios\" \/>\n\t<link rel=\"canonical\" href=\"https:\/\/eldigitaldeasturias.com\/radio\/drager-reduce-perdidas-gracias-a-alta-demanda-de-respiradores\/\" \/>\n\t<meta name=\"generator\" content=\"All in One SEO Pro (AIOSEO) 4.9.6.2\" \/>\n\t\t<meta property=\"og:locale\" content=\"es_ES\" \/>\n\t\t<meta property=\"og:site_name\" content=\"El Digital de Asturias | Diario de informaci\u00f3n y noticias\" \/>\n\t\t<meta property=\"og:type\" content=\"article\" \/>\n\t\t<meta property=\"og:title\" content=\"Dr\u00e4ger reduce p\u00e9rdidas gracias a alta demanda de respiradores | El Digital de Asturias\" \/>\n\t\t<meta property=\"og:description\" content=\"L\u00fcbeck (Alemania), 30 abr (dpa) - La empresa alemana Dr\u00e4ger, l\u00edder en los sectores de tecnolog\u00eda m\u00e9dica y de seguridad, registr\u00f3 menos p\u00e9rdidas en el primer trimestre en la comparaci\u00f3n interanual gracias a la fuerte demanda de dispositivos, en particular de respiradores, seg\u00fan el informe trimestral presentado hoy. El grupo empresarial anunci\u00f3 que el d\u00e9ficit\" \/>\n\t\t<meta property=\"og:url\" content=\"https:\/\/eldigitaldeasturias.com\/radio\/drager-reduce-perdidas-gracias-a-alta-demanda-de-respiradores\/\" \/>\n\t\t<meta property=\"og:image\" content=\"https:\/\/eldigitaldeasturias.com\/radio\/wp-content\/uploads\/2020\/05\/respiradores.jpg\" \/>\n\t\t<meta property=\"og:image:secure_url\" content=\"https:\/\/eldigitaldeasturias.com\/radio\/wp-content\/uploads\/2020\/05\/respiradores.jpg\" \/>\n\t\t<meta property=\"og:image:width\" content=\"1043\" \/>\n\t\t<meta property=\"og:image:height\" content=\"660\" \/>\n\t\t<meta property=\"article:published_time\" content=\"2020-05-05T01:11:12+00:00\" \/>\n\t\t<meta property=\"article:modified_time\" content=\"2020-05-05T01:11:12+00:00\" \/>\n\t\t<meta name=\"twitter:card\" content=\"summary_large_image\" \/>\n\t\t<meta name=\"twitter:site\" content=\"@bercodi\" \/>\n\t\t<meta name=\"twitter:title\" content=\"Dr\u00e4ger reduce p\u00e9rdidas gracias a alta demanda de respiradores | El Digital de Asturias\" \/>\n\t\t<meta name=\"twitter:description\" content=\"L\u00fcbeck (Alemania), 30 abr (dpa) - La empresa alemana Dr\u00e4ger, l\u00edder en los sectores de tecnolog\u00eda m\u00e9dica y de seguridad, registr\u00f3 menos p\u00e9rdidas en el primer trimestre en la comparaci\u00f3n interanual gracias a la fuerte demanda de dispositivos, en particular de respiradores, seg\u00fan el informe trimestral presentado hoy. El grupo empresarial anunci\u00f3 que el d\u00e9ficit\" \/>\n\t\t<meta name=\"twitter:creator\" content=\"@bercodi\" \/>\n\t\t<meta name=\"twitter:image\" content=\"https:\/\/eldigitaldeasturias.com\/radio\/wp-content\/uploads\/2020\/05\/respiradores.jpg\" \/>\n\t\t<script type=\"application\/ld+json\" class=\"aioseo-schema\">\n\t\t\t{\"@context\":\"https:\\\/\\\/schema.org\",\"@graph\":[{\"@type\":\"BreadcrumbList\",\"@id\":\"https:\\\/\\\/eldigitaldeasturias.com\\\/radio\\\/drager-reduce-perdidas-gracias-a-alta-demanda-de-respiradores\\\/#breadcrumblist\",\"itemListElement\":[{\"@type\":\"ListItem\",\"@id\":\"https:\\\/\\\/eldigitaldeasturias.com\\\/radio#listItem\",\"position\":1,\"name\":\"Inicio\",\"item\":\"https:\\\/\\\/eldigitaldeasturias.com\\\/radio\",\"nextItem\":{\"@type\":\"ListItem\",\"@id\":\"https:\\\/\\\/eldigitaldeasturias.com\\\/radio\\\/category\\\/negocios\\\/#listItem\",\"name\":\"Negocios\"}},{\"@type\":\"ListItem\",\"@id\":\"https:\\\/\\\/eldigitaldeasturias.com\\\/radio\\\/category\\\/negocios\\\/#listItem\",\"position\":2,\"name\":\"Negocios\",\"item\":\"https:\\\/\\\/eldigitaldeasturias.com\\\/radio\\\/category\\\/negocios\\\/\",\"nextItem\":{\"@type\":\"ListItem\",\"@id\":\"https:\\\/\\\/eldigitaldeasturias.com\\\/radio\\\/drager-reduce-perdidas-gracias-a-alta-demanda-de-respiradores\\\/#listItem\",\"name\":\"Dr\\u00e4ger reduce p\\u00e9rdidas gracias a alta demanda de respiradores\"},\"previousItem\":{\"@type\":\"ListItem\",\"@id\":\"https:\\\/\\\/eldigitaldeasturias.com\\\/radio#listItem\",\"name\":\"Inicio\"}},{\"@type\":\"ListItem\",\"@id\":\"https:\\\/\\\/eldigitaldeasturias.com\\\/radio\\\/drager-reduce-perdidas-gracias-a-alta-demanda-de-respiradores\\\/#listItem\",\"position\":3,\"name\":\"Dr\\u00e4ger reduce p\\u00e9rdidas gracias a alta demanda de respiradores\",\"previousItem\":{\"@type\":\"ListItem\",\"@id\":\"https:\\\/\\\/eldigitaldeasturias.com\\\/radio\\\/category\\\/negocios\\\/#listItem\",\"name\":\"Negocios\"}}]},{\"@type\":\"NewsArticle\",\"@id\":\"https:\\\/\\\/eldigitaldeasturias.com\\\/radio\\\/drager-reduce-perdidas-gracias-a-alta-demanda-de-respiradores\\\/#newsarticle\",\"name\":\"Dr\\u00e4ger reduce p\\u00e9rdidas gracias a alta demanda de respiradores | El Digital de Asturias\",\"headline\":\"Dr\\u00e4ger reduce p\\u00e9rdidas gracias a alta demanda de respiradores\",\"author\":{\"@id\":\"https:\\\/\\\/eldigitaldeasturias.com\\\/radio\\\/author\\\/nbasturias\\\/#author\"},\"publisher\":{\"@id\":\"https:\\\/\\\/eldigitaldeasturias.com\\\/radio\\\/#organization\"},\"image\":{\"@type\":\"ImageObject\",\"url\":\"https:\\\/\\\/eldigitaldeasturias.com\\\/radio\\\/wp-content\\\/uploads\\\/2020\\\/05\\\/respiradores.jpg\",\"width\":1043,\"height\":660,\"caption\":\"Foto: Kay Nietfeld\\\/dpa\"},\"datePublished\":\"2020-05-05T01:11:12+02:00\",\"dateModified\":\"2020-05-05T01:11:12+02:00\",\"inLanguage\":\"es-ES\",\"mainEntityOfPage\":{\"@id\":\"https:\\\/\\\/eldigitaldeasturias.com\\\/radio\\\/drager-reduce-perdidas-gracias-a-alta-demanda-de-respiradores\\\/#webpage\"},\"isPartOf\":{\"@id\":\"https:\\\/\\\/eldigitaldeasturias.com\\\/radio\\\/drager-reduce-perdidas-gracias-a-alta-demanda-de-respiradores\\\/#webpage\"},\"articleSection\":\"Negocios\",\"dateline\":\"Publicado el mayo 5, 2020.\"},{\"@type\":\"Organization\",\"@id\":\"https:\\\/\\\/eldigitaldeasturias.com\\\/radio\\\/#organization\",\"name\":\"El digital de Asturias Radio\",\"description\":\"Diario de informaci\\u00f3n y noticias\",\"url\":\"https:\\\/\\\/eldigitaldeasturias.com\\\/radio\\\/\",\"telephone\":\"+34652131393\",\"logo\":{\"@type\":\"ImageObject\",\"url\":\"https:\\\/\\\/www.eldigitaldeasturias.com\\\/radio\\\/wp-content\\\/uploads\\\/2021\\\/03\\\/EDA.jpg\",\"@id\":\"https:\\\/\\\/eldigitaldeasturias.com\\\/radio\\\/drager-reduce-perdidas-gracias-a-alta-demanda-de-respiradores\\\/#organizationLogo\"},\"image\":{\"@id\":\"https:\\\/\\\/eldigitaldeasturias.com\\\/radio\\\/drager-reduce-perdidas-gracias-a-alta-demanda-de-respiradores\\\/#organizationLogo\"},\"sameAs\":[\"https:\\\/\\\/www.facebook.com\\\/\",\"https:\\\/\\\/x.com\\\/bercodi\",\"https:\\\/\\\/www.instagram.com\\\/\",\"https:\\\/\\\/www.youtube.com\\\/channel\\\/UCZP-2wLEB9Rv6erhFmqVnvg\"]},{\"@type\":\"Person\",\"@id\":\"https:\\\/\\\/eldigitaldeasturias.com\\\/radio\\\/author\\\/nbasturias\\\/#author\",\"url\":\"https:\\\/\\\/eldigitaldeasturias.com\\\/radio\\\/author\\\/nbasturias\\\/\",\"name\":\"NBAsturias\",\"image\":{\"@type\":\"ImageObject\",\"@id\":\"https:\\\/\\\/eldigitaldeasturias.com\\\/radio\\\/drager-reduce-perdidas-gracias-a-alta-demanda-de-respiradores\\\/#authorImage\",\"url\":\"https:\\\/\\\/secure.gravatar.com\\\/avatar\\\/df2aeffc32bcd13f8d26072ef8a91b623d677766deac7f97ca815868cd41bf5e?s=96&d=mm&r=g\",\"width\":96,\"height\":96,\"caption\":\"NBAsturias\"}},{\"@type\":\"WebPage\",\"@id\":\"https:\\\/\\\/eldigitaldeasturias.com\\\/radio\\\/drager-reduce-perdidas-gracias-a-alta-demanda-de-respiradores\\\/#webpage\",\"url\":\"https:\\\/\\\/eldigitaldeasturias.com\\\/radio\\\/drager-reduce-perdidas-gracias-a-alta-demanda-de-respiradores\\\/\",\"name\":\"Dr\\u00e4ger reduce p\\u00e9rdidas gracias a alta demanda de respiradores | El Digital de Asturias\",\"description\":\"L\\u00fcbeck (Alemania), 30 abr (dpa) - La empresa alemana Dr\\u00e4ger, l\\u00edder en los sectores de tecnolog\\u00eda m\\u00e9dica y de seguridad, registr\\u00f3 menos p\\u00e9rdidas en el primer trimestre en la comparaci\\u00f3n interanual gracias a la fuerte demanda de dispositivos, en particular de respiradores, seg\\u00fan el informe trimestral presentado hoy. El grupo empresarial anunci\\u00f3 que el d\\u00e9ficit\",\"inLanguage\":\"es-ES\",\"isPartOf\":{\"@id\":\"https:\\\/\\\/eldigitaldeasturias.com\\\/radio\\\/#website\"},\"breadcrumb\":{\"@id\":\"https:\\\/\\\/eldigitaldeasturias.com\\\/radio\\\/drager-reduce-perdidas-gracias-a-alta-demanda-de-respiradores\\\/#breadcrumblist\"},\"author\":{\"@id\":\"https:\\\/\\\/eldigitaldeasturias.com\\\/radio\\\/author\\\/nbasturias\\\/#author\"},\"creator\":{\"@id\":\"https:\\\/\\\/eldigitaldeasturias.com\\\/radio\\\/author\\\/nbasturias\\\/#author\"},\"image\":{\"@type\":\"ImageObject\",\"url\":\"https:\\\/\\\/eldigitaldeasturias.com\\\/radio\\\/wp-content\\\/uploads\\\/2020\\\/05\\\/respiradores.jpg\",\"@id\":\"https:\\\/\\\/eldigitaldeasturias.com\\\/radio\\\/drager-reduce-perdidas-gracias-a-alta-demanda-de-respiradores\\\/#mainImage\",\"width\":1043,\"height\":660,\"caption\":\"Foto: Kay Nietfeld\\\/dpa\"},\"primaryImageOfPage\":{\"@id\":\"https:\\\/\\\/eldigitaldeasturias.com\\\/radio\\\/drager-reduce-perdidas-gracias-a-alta-demanda-de-respiradores\\\/#mainImage\"},\"datePublished\":\"2020-05-05T01:11:12+02:00\",\"dateModified\":\"2020-05-05T01:11:12+02:00\"},{\"@type\":\"WebSite\",\"@id\":\"https:\\\/\\\/eldigitaldeasturias.com\\\/radio\\\/#website\",\"url\":\"https:\\\/\\\/eldigitaldeasturias.com\\\/radio\\\/\",\"name\":\"El Digital de Asturias\",\"description\":\"Diario de informaci\\u00f3n y noticias\",\"inLanguage\":\"es-ES\",\"publisher\":{\"@id\":\"https:\\\/\\\/eldigitaldeasturias.com\\\/radio\\\/#organization\"}}]}\n\t\t<\/script>\n\t\t<!-- All in One SEO Pro -->\r\n\t\t<title>Dr\u00e4ger reduce p\u00e9rdidas gracias a alta demanda de respiradores | El Digital de Asturias<\/title>\n\n","aioseo_head_json":{"title":"Dr\u00e4ger reduce p\u00e9rdidas gracias a alta demanda de respiradores | El Digital de Asturias","description":"L\u00fcbeck (Alemania), 30 abr (dpa) - La empresa alemana Dr\u00e4ger, l\u00edder en los sectores de tecnolog\u00eda m\u00e9dica y de seguridad, registr\u00f3 menos p\u00e9rdidas en el primer trimestre en la comparaci\u00f3n interanual gracias a la fuerte demanda de dispositivos, en particular de respiradores, seg\u00fan el informe trimestral presentado hoy. El grupo empresarial anunci\u00f3 que el d\u00e9ficit","canonical_url":"https:\/\/eldigitaldeasturias.com\/radio\/drager-reduce-perdidas-gracias-a-alta-demanda-de-respiradores\/","robots":"max-image-preview:large","keywords":"negocios","webmasterTools":{"google-site-verification":"UA-38556648-1","miscellaneous":""},"schema":{"@context":"https:\/\/schema.org","@graph":[{"@type":"BreadcrumbList","@id":"https:\/\/eldigitaldeasturias.com\/radio\/drager-reduce-perdidas-gracias-a-alta-demanda-de-respiradores\/#breadcrumblist","itemListElement":[{"@type":"ListItem","@id":"https:\/\/eldigitaldeasturias.com\/radio#listItem","position":1,"name":"Inicio","item":"https:\/\/eldigitaldeasturias.com\/radio","nextItem":{"@type":"ListItem","@id":"https:\/\/eldigitaldeasturias.com\/radio\/category\/negocios\/#listItem","name":"Negocios"}},{"@type":"ListItem","@id":"https:\/\/eldigitaldeasturias.com\/radio\/category\/negocios\/#listItem","position":2,"name":"Negocios","item":"https:\/\/eldigitaldeasturias.com\/radio\/category\/negocios\/","nextItem":{"@type":"ListItem","@id":"https:\/\/eldigitaldeasturias.com\/radio\/drager-reduce-perdidas-gracias-a-alta-demanda-de-respiradores\/#listItem","name":"Dr\u00e4ger reduce p\u00e9rdidas gracias a alta demanda de respiradores"},"previousItem":{"@type":"ListItem","@id":"https:\/\/eldigitaldeasturias.com\/radio#listItem","name":"Inicio"}},{"@type":"ListItem","@id":"https:\/\/eldigitaldeasturias.com\/radio\/drager-reduce-perdidas-gracias-a-alta-demanda-de-respiradores\/#listItem","position":3,"name":"Dr\u00e4ger reduce p\u00e9rdidas gracias a alta demanda de respiradores","previousItem":{"@type":"ListItem","@id":"https:\/\/eldigitaldeasturias.com\/radio\/category\/negocios\/#listItem","name":"Negocios"}}]},{"@type":"NewsArticle","@id":"https:\/\/eldigitaldeasturias.com\/radio\/drager-reduce-perdidas-gracias-a-alta-demanda-de-respiradores\/#newsarticle","name":"Dr\u00e4ger reduce p\u00e9rdidas gracias a alta demanda de respiradores | El Digital de Asturias","headline":"Dr\u00e4ger reduce p\u00e9rdidas gracias a alta demanda de respiradores","author":{"@id":"https:\/\/eldigitaldeasturias.com\/radio\/author\/nbasturias\/#author"},"publisher":{"@id":"https:\/\/eldigitaldeasturias.com\/radio\/#organization"},"image":{"@type":"ImageObject","url":"https:\/\/eldigitaldeasturias.com\/radio\/wp-content\/uploads\/2020\/05\/respiradores.jpg","width":1043,"height":660,"caption":"Foto: Kay Nietfeld\/dpa"},"datePublished":"2020-05-05T01:11:12+02:00","dateModified":"2020-05-05T01:11:12+02:00","inLanguage":"es-ES","mainEntityOfPage":{"@id":"https:\/\/eldigitaldeasturias.com\/radio\/drager-reduce-perdidas-gracias-a-alta-demanda-de-respiradores\/#webpage"},"isPartOf":{"@id":"https:\/\/eldigitaldeasturias.com\/radio\/drager-reduce-perdidas-gracias-a-alta-demanda-de-respiradores\/#webpage"},"articleSection":"Negocios","dateline":"Publicado el mayo 5, 2020."},{"@type":"Organization","@id":"https:\/\/eldigitaldeasturias.com\/radio\/#organization","name":"El digital de Asturias Radio","description":"Diario de informaci\u00f3n y noticias","url":"https:\/\/eldigitaldeasturias.com\/radio\/","telephone":"+34652131393","logo":{"@type":"ImageObject","url":"https:\/\/www.eldigitaldeasturias.com\/radio\/wp-content\/uploads\/2021\/03\/EDA.jpg","@id":"https:\/\/eldigitaldeasturias.com\/radio\/drager-reduce-perdidas-gracias-a-alta-demanda-de-respiradores\/#organizationLogo"},"image":{"@id":"https:\/\/eldigitaldeasturias.com\/radio\/drager-reduce-perdidas-gracias-a-alta-demanda-de-respiradores\/#organizationLogo"},"sameAs":["https:\/\/www.facebook.com\/","https:\/\/x.com\/bercodi","https:\/\/www.instagram.com\/","https:\/\/www.youtube.com\/channel\/UCZP-2wLEB9Rv6erhFmqVnvg"]},{"@type":"Person","@id":"https:\/\/eldigitaldeasturias.com\/radio\/author\/nbasturias\/#author","url":"https:\/\/eldigitaldeasturias.com\/radio\/author\/nbasturias\/","name":"NBAsturias","image":{"@type":"ImageObject","@id":"https:\/\/eldigitaldeasturias.com\/radio\/drager-reduce-perdidas-gracias-a-alta-demanda-de-respiradores\/#authorImage","url":"https:\/\/secure.gravatar.com\/avatar\/df2aeffc32bcd13f8d26072ef8a91b623d677766deac7f97ca815868cd41bf5e?s=96&d=mm&r=g","width":96,"height":96,"caption":"NBAsturias"}},{"@type":"WebPage","@id":"https:\/\/eldigitaldeasturias.com\/radio\/drager-reduce-perdidas-gracias-a-alta-demanda-de-respiradores\/#webpage","url":"https:\/\/eldigitaldeasturias.com\/radio\/drager-reduce-perdidas-gracias-a-alta-demanda-de-respiradores\/","name":"Dr\u00e4ger reduce p\u00e9rdidas gracias a alta demanda de respiradores | El Digital de Asturias","description":"L\u00fcbeck (Alemania), 30 abr (dpa) - La empresa alemana Dr\u00e4ger, l\u00edder en los sectores de tecnolog\u00eda m\u00e9dica y de seguridad, registr\u00f3 menos p\u00e9rdidas en el primer trimestre en la comparaci\u00f3n interanual gracias a la fuerte demanda de dispositivos, en particular de respiradores, seg\u00fan el informe trimestral presentado hoy. El grupo empresarial anunci\u00f3 que el d\u00e9ficit","inLanguage":"es-ES","isPartOf":{"@id":"https:\/\/eldigitaldeasturias.com\/radio\/#website"},"breadcrumb":{"@id":"https:\/\/eldigitaldeasturias.com\/radio\/drager-reduce-perdidas-gracias-a-alta-demanda-de-respiradores\/#breadcrumblist"},"author":{"@id":"https:\/\/eldigitaldeasturias.com\/radio\/author\/nbasturias\/#author"},"creator":{"@id":"https:\/\/eldigitaldeasturias.com\/radio\/author\/nbasturias\/#author"},"image":{"@type":"ImageObject","url":"https:\/\/eldigitaldeasturias.com\/radio\/wp-content\/uploads\/2020\/05\/respiradores.jpg","@id":"https:\/\/eldigitaldeasturias.com\/radio\/drager-reduce-perdidas-gracias-a-alta-demanda-de-respiradores\/#mainImage","width":1043,"height":660,"caption":"Foto: Kay Nietfeld\/dpa"},"primaryImageOfPage":{"@id":"https:\/\/eldigitaldeasturias.com\/radio\/drager-reduce-perdidas-gracias-a-alta-demanda-de-respiradores\/#mainImage"},"datePublished":"2020-05-05T01:11:12+02:00","dateModified":"2020-05-05T01:11:12+02:00"},{"@type":"WebSite","@id":"https:\/\/eldigitaldeasturias.com\/radio\/#website","url":"https:\/\/eldigitaldeasturias.com\/radio\/","name":"El Digital de Asturias","description":"Diario de informaci\u00f3n y noticias","inLanguage":"es-ES","publisher":{"@id":"https:\/\/eldigitaldeasturias.com\/radio\/#organization"}}]},"og:locale":"es_ES","og:site_name":"El Digital de Asturias | Diario de informaci\u00f3n y noticias","og:type":"article","og:title":"Dr\u00e4ger reduce p\u00e9rdidas gracias a alta demanda de respiradores | El Digital de Asturias","og:description":"L\u00fcbeck (Alemania), 30 abr (dpa) - La empresa alemana Dr\u00e4ger, l\u00edder en los sectores de tecnolog\u00eda m\u00e9dica y de seguridad, registr\u00f3 menos p\u00e9rdidas en el primer trimestre en la comparaci\u00f3n interanual gracias a la fuerte demanda de dispositivos, en particular de respiradores, seg\u00fan el informe trimestral presentado hoy. El grupo empresarial anunci\u00f3 que el d\u00e9ficit","og:url":"https:\/\/eldigitaldeasturias.com\/radio\/drager-reduce-perdidas-gracias-a-alta-demanda-de-respiradores\/","og:image":"https:\/\/eldigitaldeasturias.com\/radio\/wp-content\/uploads\/2020\/05\/respiradores.jpg","og:image:secure_url":"https:\/\/eldigitaldeasturias.com\/radio\/wp-content\/uploads\/2020\/05\/respiradores.jpg","og:image:width":1043,"og:image:height":660,"article:published_time":"2020-05-05T01:11:12+00:00","article:modified_time":"2020-05-05T01:11:12+00:00","twitter:card":"summary_large_image","twitter:site":"@bercodi","twitter:title":"Dr\u00e4ger reduce p\u00e9rdidas gracias a alta demanda de respiradores | El Digital de Asturias","twitter:description":"L\u00fcbeck (Alemania), 30 abr (dpa) - La empresa alemana Dr\u00e4ger, l\u00edder en los sectores de tecnolog\u00eda m\u00e9dica y de seguridad, registr\u00f3 menos p\u00e9rdidas en el primer trimestre en la comparaci\u00f3n interanual gracias a la fuerte demanda de dispositivos, en particular de respiradores, seg\u00fan el informe trimestral presentado hoy. El grupo empresarial anunci\u00f3 que el d\u00e9ficit","twitter:creator":"@bercodi","twitter:image":"https:\/\/eldigitaldeasturias.com\/radio\/wp-content\/uploads\/2020\/05\/respiradores.jpg"},"aioseo_meta_data":{"post_id":"4255","title":null,"description":null,"keywords":null,"keyphrases":null,"primary_term":null,"canonical_url":null,"og_title":null,"og_description":null,"og_object_type":"default","og_image_type":"default","og_image_url":null,"og_image_width":null,"og_image_height":null,"og_image_custom_url":null,"og_image_custom_fields":null,"og_video":null,"og_custom_url":null,"og_article_section":null,"og_article_tags":null,"twitter_use_og":false,"twitter_card":"default","twitter_image_type":"default","twitter_image_url":null,"twitter_image_custom_url":null,"twitter_image_custom_fields":null,"twitter_title":null,"twitter_description":null,"schema":{"blockGraphs":[],"customGraphs":[],"default":{"data":{"Article":[],"Course":[],"Dataset":[],"FAQPage":[],"Movie":[],"Person":[],"Product":[],"ProductReview":[],"Car":[],"Recipe":[],"Service":[],"SoftwareApplication":[],"WebPage":[]},"graphName":"","isEnabled":true},"graphs":[],"defaultGraph":"","defaultPostTypeGraph":""},"schema_type":null,"schema_type_options":null,"pillar_content":false,"robots_default":true,"robots_noindex":false,"robots_noarchive":false,"robots_nosnippet":false,"robots_nofollow":false,"robots_noimageindex":false,"robots_noodp":false,"robots_notranslate":false,"robots_max_snippet":null,"robots_max_videopreview":null,"robots_max_imagepreview":"large","priority":null,"frequency":null,"location":null,"local_seo":null,"seo_analyzer_scan_date":"2025-08-28 15:37:41","breadcrumb_settings":null,"limit_modified_date":false,"open_ai":null,"ai":null,"created":"2021-03-26 06:55:05","updated":"2025-08-28 15:37:41"},"aioseo_breadcrumb":"<div class=\"aioseo-breadcrumbs\"><span class=\"aioseo-breadcrumb\">\n\t<a href=\"https:\/\/eldigitaldeasturias.com\/radio\" title=\"Inicio\">Inicio<\/a>\n<\/span><span class=\"aioseo-breadcrumb-separator\">&ndash;<\/span><span class=\"aioseo-breadcrumb\">\n\t<a href=\"https:\/\/eldigitaldeasturias.com\/radio\/category\/negocios\/\" title=\"Negocios\">Negocios<\/a>\n<\/span><span class=\"aioseo-breadcrumb-separator\">&ndash;<\/span><span class=\"aioseo-breadcrumb\">\n\tDr\u00e4ger reduce p\u00e9rdidas gracias a alta demanda de respiradores\n<\/span><\/div>","aioseo_breadcrumb_json":[{"label":"Inicio","link":"https:\/\/eldigitaldeasturias.com\/radio"},{"label":"Negocios","link":"https:\/\/eldigitaldeasturias.com\/radio\/category\/negocios\/"},{"label":"Dr\u00e4ger reduce p\u00e9rdidas gracias a alta demanda de respiradores","link":"https:\/\/eldigitaldeasturias.com\/radio\/drager-reduce-perdidas-gracias-a-alta-demanda-de-respiradores\/"}],"_links":{"self":[{"href":"https:\/\/eldigitaldeasturias.com\/radio\/wp-json\/wp\/v2\/posts\/4255","targetHints":{"allow":["GET"]}}],"collection":[{"href":"https:\/\/eldigitaldeasturias.com\/radio\/wp-json\/wp\/v2\/posts"}],"about":[{"href":"https:\/\/eldigitaldeasturias.com\/radio\/wp-json\/wp\/v2\/types\/post"}],"author":[{"embeddable":true,"href":"https:\/\/eldigitaldeasturias.com\/radio\/wp-json\/wp\/v2\/users\/1"}],"replies":[{"embeddable":true,"href":"https:\/\/eldigitaldeasturias.com\/radio\/wp-json\/wp\/v2\/comments?post=4255"}],"version-history":[{"count":0,"href":"https:\/\/eldigitaldeasturias.com\/radio\/wp-json\/wp\/v2\/posts\/4255\/revisions"}],"wp:featuredmedia":[{"embeddable":true,"href":"https:\/\/eldigitaldeasturias.com\/radio\/wp-json\/wp\/v2\/media\/4256"}],"wp:attachment":[{"href":"https:\/\/eldigitaldeasturias.com\/radio\/wp-json\/wp\/v2\/media?parent=4255"}],"wp:term":[{"taxonomy":"category","embeddable":true,"href":"https:\/\/eldigitaldeasturias.com\/radio\/wp-json\/wp\/v2\/categories?post=4255"},{"taxonomy":"post_tag","embeddable":true,"href":"https:\/\/eldigitaldeasturias.com\/radio\/wp-json\/wp\/v2\/tags?post=4255"}],"curies":[{"name":"wp","href":"https:\/\/api.w.org\/{rel}","templated":true}]}}