{"id":4252,"date":"2020-05-04T18:12:17","date_gmt":"2020-05-04T18:12:17","guid":{"rendered":"http:\/\/www.eldigitaldeasturias.com\/radio\/?p=4252"},"modified":"2020-05-04T18:12:17","modified_gmt":"2020-05-04T18:12:17","slug":"flick-seguira-entrenando-al-bayern-munich","status":"publish","type":"post","link":"https:\/\/eldigitaldeasturias.com\/radio\/flick-seguira-entrenando-al-bayern-munich\/","title":{"rendered":"Flick seguir\u00e1 entrenando al Bayern M\u00fanich"},"content":{"rendered":"<figure id=\"attachment_4253\" aria-describedby=\"caption-attachment-4253\" style=\"width: 360px\" class=\"wp-caption alignleft\"><img fetchpriority=\"high\" decoding=\"async\" class=\"size-medium wp-image-4253\" src=\"http:\/\/www.eldigitaldeasturias.com\/radio\/wp-content\/uploads\/2020\/05\/Hansi-Flick-360x233.jpg\" alt=\"\" width=\"360\" height=\"233\" srcset=\"https:\/\/eldigitaldeasturias.com\/radio\/wp-content\/uploads\/2020\/05\/Hansi-Flick-360x233.jpg 360w, https:\/\/eldigitaldeasturias.com\/radio\/wp-content\/uploads\/2020\/05\/Hansi-Flick-768x497.jpg 768w, https:\/\/eldigitaldeasturias.com\/radio\/wp-content\/uploads\/2020\/05\/Hansi-Flick.jpg 1025w\" sizes=\"(max-width: 360px) 100vw, 360px\" \/><figcaption id=\"caption-attachment-4253\" class=\"wp-caption-text\">Foto: Sven Hoppe\/dpa<\/figcaption><\/figure>\n<p>M\u00fanich, 30 abr (dpa) &#8211; Hansi Flick, entrenador del Bayern M\u00fanich, firm\u00f3 hoy un nuevo contrato para continuar dirigiendo al l\u00edder de la Liga alemana de f\u00fatbol, con lo que complet\u00f3 las formalidades de lo acordado con el club a principios de este mes.<\/p>\n<p>\u00abAhora todo est\u00e1 listo\u00bb, se\u00f1al\u00f3 el Bayern en su p\u00e1gina web junto a una foto del t\u00e9cnico de 55 a\u00f1os.<\/p>\n<p>Flick se hizo cargo de entrenar a los b\u00e1varos de forma temporaria en noviembre tras el despido de Nico Kovac, pero una serie de buenas actuaciones como entrenador le valieron afianzarse en el cargo a largo plazo.<\/p>\n<p>El Bayern lidera la tabla de la Bundesliga con cuatro puntos, est\u00e1 en las semifinales de la Copa Alemana y lleva una ventaja de 3-0 contra el Chelsea en la ronda de ida de la Liga de Campeones.<\/p>\n<p>Sin embargo, los partidos de f\u00fatbol est\u00e1n suspendidos tanto en el \u00e1mbito nacional como internacional debido a la pandemia de coronavirus y a\u00fan no se sabe cu\u00e1ndo se reanudar\u00e1n los campeonatos.<\/p>\n<p>&nbsp;<\/p>\n","protected":false},"excerpt":{"rendered":"<p>M\u00fanich, 30 abr (dpa) &#8211; Hansi Flick, entrenador del Bayern M\u00fanich, firm\u00f3 hoy un nuevo contrato para continuar dirigiendo al l\u00edder de la Liga alemana de f\u00fatbol, con lo que complet\u00f3 las formalidades de lo acordado con el club a principios de este mes. \u00abAhora todo est\u00e1 listo\u00bb, se\u00f1al\u00f3 el Bayern en su p\u00e1gina web<\/p>\n","protected":false},"author":1,"featured_media":4253,"comment_status":"closed","ping_status":"closed","sticky":false,"template":"","format":"standard","meta":{"footnotes":""},"categories":[1],"tags":[],"class_list":{"0":"post-4252","1":"post","2":"type-post","3":"status-publish","4":"format-standard","5":"has-post-thumbnail","7":"category-noticias"},"aioseo_notices":[],"aioseo_head":"\n\t\t<!-- All in One SEO Pro 4.9.6.2 - aioseo.com -->\n\t<meta name=\"description\" content=\"M\u00fanich, 30 abr (dpa) - Hansi Flick, entrenador del Bayern M\u00fanich, firm\u00f3 hoy un nuevo contrato para continuar dirigiendo al l\u00edder de la Liga alemana de f\u00fatbol, con lo que complet\u00f3 las formalidades de lo acordado con el club a principios de este mes. &quot;Ahora todo est\u00e1 listo&quot;, se\u00f1al\u00f3 el Bayern en su p\u00e1gina web\" \/>\n\t<meta name=\"robots\" content=\"max-image-preview:large\" \/>\n\t<meta name=\"author\" content=\"NBAsturias\"\/>\n\t<meta name=\"google-site-verification\" content=\"UA-38556648-1\" \/>\n\t<meta name=\"keywords\" content=\"noticias\" \/>\n\t<link rel=\"canonical\" href=\"https:\/\/eldigitaldeasturias.com\/radio\/flick-seguira-entrenando-al-bayern-munich\/\" \/>\n\t<meta name=\"generator\" content=\"All in One SEO Pro (AIOSEO) 4.9.6.2\" \/>\n\t\t<meta property=\"og:locale\" content=\"es_ES\" \/>\n\t\t<meta property=\"og:site_name\" content=\"El Digital de Asturias | Diario de informaci\u00f3n y noticias\" \/>\n\t\t<meta property=\"og:type\" content=\"article\" \/>\n\t\t<meta property=\"og:title\" content=\"Flick seguir\u00e1 entrenando al Bayern M\u00fanich | El Digital de Asturias\" \/>\n\t\t<meta property=\"og:description\" content=\"M\u00fanich, 30 abr (dpa) - Hansi Flick, entrenador del Bayern M\u00fanich, firm\u00f3 hoy un nuevo contrato para continuar dirigiendo al l\u00edder de la Liga alemana de f\u00fatbol, con lo que complet\u00f3 las formalidades de lo acordado con el club a principios de este mes. &quot;Ahora todo est\u00e1 listo&quot;, se\u00f1al\u00f3 el Bayern en su p\u00e1gina web\" \/>\n\t\t<meta property=\"og:url\" content=\"https:\/\/eldigitaldeasturias.com\/radio\/flick-seguira-entrenando-al-bayern-munich\/\" \/>\n\t\t<meta property=\"og:image\" content=\"https:\/\/eldigitaldeasturias.com\/radio\/wp-content\/uploads\/2020\/05\/Hansi-Flick.jpg\" \/>\n\t\t<meta property=\"og:image:secure_url\" content=\"https:\/\/eldigitaldeasturias.com\/radio\/wp-content\/uploads\/2020\/05\/Hansi-Flick.jpg\" \/>\n\t\t<meta property=\"og:image:width\" content=\"1025\" \/>\n\t\t<meta property=\"og:image:height\" content=\"663\" \/>\n\t\t<meta property=\"article:published_time\" content=\"2020-05-04T18:12:17+00:00\" \/>\n\t\t<meta property=\"article:modified_time\" content=\"2020-05-04T18:12:17+00:00\" \/>\n\t\t<meta name=\"twitter:card\" content=\"summary_large_image\" \/>\n\t\t<meta name=\"twitter:site\" content=\"@bercodi\" \/>\n\t\t<meta name=\"twitter:title\" content=\"Flick seguir\u00e1 entrenando al Bayern M\u00fanich | El Digital de Asturias\" \/>\n\t\t<meta name=\"twitter:description\" content=\"M\u00fanich, 30 abr (dpa) - Hansi Flick, entrenador del Bayern M\u00fanich, firm\u00f3 hoy un nuevo contrato para continuar dirigiendo al l\u00edder de la Liga alemana de f\u00fatbol, con lo que complet\u00f3 las formalidades de lo acordado con el club a principios de este mes. &quot;Ahora todo est\u00e1 listo&quot;, se\u00f1al\u00f3 el Bayern en su p\u00e1gina web\" \/>\n\t\t<meta name=\"twitter:creator\" content=\"@bercodi\" \/>\n\t\t<meta name=\"twitter:image\" content=\"https:\/\/eldigitaldeasturias.com\/radio\/wp-content\/uploads\/2020\/05\/Hansi-Flick.jpg\" \/>\n\t\t<script type=\"application\/ld+json\" class=\"aioseo-schema\">\n\t\t\t{\"@context\":\"https:\\\/\\\/schema.org\",\"@graph\":[{\"@type\":\"BreadcrumbList\",\"@id\":\"https:\\\/\\\/eldigitaldeasturias.com\\\/radio\\\/flick-seguira-entrenando-al-bayern-munich\\\/#breadcrumblist\",\"itemListElement\":[{\"@type\":\"ListItem\",\"@id\":\"https:\\\/\\\/eldigitaldeasturias.com\\\/radio#listItem\",\"position\":1,\"name\":\"Inicio\",\"item\":\"https:\\\/\\\/eldigitaldeasturias.com\\\/radio\",\"nextItem\":{\"@type\":\"ListItem\",\"@id\":\"https:\\\/\\\/eldigitaldeasturias.com\\\/radio\\\/category\\\/noticias\\\/#listItem\",\"name\":\"Noticias\"}},{\"@type\":\"ListItem\",\"@id\":\"https:\\\/\\\/eldigitaldeasturias.com\\\/radio\\\/category\\\/noticias\\\/#listItem\",\"position\":2,\"name\":\"Noticias\",\"item\":\"https:\\\/\\\/eldigitaldeasturias.com\\\/radio\\\/category\\\/noticias\\\/\",\"nextItem\":{\"@type\":\"ListItem\",\"@id\":\"https:\\\/\\\/eldigitaldeasturias.com\\\/radio\\\/flick-seguira-entrenando-al-bayern-munich\\\/#listItem\",\"name\":\"Flick seguir\\u00e1 entrenando al Bayern M\\u00fanich\"},\"previousItem\":{\"@type\":\"ListItem\",\"@id\":\"https:\\\/\\\/eldigitaldeasturias.com\\\/radio#listItem\",\"name\":\"Inicio\"}},{\"@type\":\"ListItem\",\"@id\":\"https:\\\/\\\/eldigitaldeasturias.com\\\/radio\\\/flick-seguira-entrenando-al-bayern-munich\\\/#listItem\",\"position\":3,\"name\":\"Flick seguir\\u00e1 entrenando al Bayern M\\u00fanich\",\"previousItem\":{\"@type\":\"ListItem\",\"@id\":\"https:\\\/\\\/eldigitaldeasturias.com\\\/radio\\\/category\\\/noticias\\\/#listItem\",\"name\":\"Noticias\"}}]},{\"@type\":\"NewsArticle\",\"@id\":\"https:\\\/\\\/eldigitaldeasturias.com\\\/radio\\\/flick-seguira-entrenando-al-bayern-munich\\\/#newsarticle\",\"name\":\"Flick seguir\\u00e1 entrenando al Bayern M\\u00fanich | El Digital de Asturias\",\"headline\":\"Flick seguir\\u00e1 entrenando al Bayern M\\u00fanich\",\"author\":{\"@id\":\"https:\\\/\\\/eldigitaldeasturias.com\\\/radio\\\/author\\\/nbasturias\\\/#author\"},\"publisher\":{\"@id\":\"https:\\\/\\\/eldigitaldeasturias.com\\\/radio\\\/#organization\"},\"image\":{\"@type\":\"ImageObject\",\"url\":\"https:\\\/\\\/eldigitaldeasturias.com\\\/radio\\\/wp-content\\\/uploads\\\/2020\\\/05\\\/Hansi-Flick.jpg\",\"width\":1025,\"height\":663,\"caption\":\"Foto: Sven Hoppe\\\/dpa\"},\"datePublished\":\"2020-05-04T18:12:17+02:00\",\"dateModified\":\"2020-05-04T18:12:17+02:00\",\"inLanguage\":\"es-ES\",\"mainEntityOfPage\":{\"@id\":\"https:\\\/\\\/eldigitaldeasturias.com\\\/radio\\\/flick-seguira-entrenando-al-bayern-munich\\\/#webpage\"},\"isPartOf\":{\"@id\":\"https:\\\/\\\/eldigitaldeasturias.com\\\/radio\\\/flick-seguira-entrenando-al-bayern-munich\\\/#webpage\"},\"articleSection\":\"Noticias\",\"dateline\":\"Publicado el mayo 4, 2020.\"},{\"@type\":\"Organization\",\"@id\":\"https:\\\/\\\/eldigitaldeasturias.com\\\/radio\\\/#organization\",\"name\":\"El digital de Asturias Radio\",\"description\":\"Diario de informaci\\u00f3n y noticias\",\"url\":\"https:\\\/\\\/eldigitaldeasturias.com\\\/radio\\\/\",\"telephone\":\"+34652131393\",\"logo\":{\"@type\":\"ImageObject\",\"url\":\"https:\\\/\\\/www.eldigitaldeasturias.com\\\/radio\\\/wp-content\\\/uploads\\\/2021\\\/03\\\/EDA.jpg\",\"@id\":\"https:\\\/\\\/eldigitaldeasturias.com\\\/radio\\\/flick-seguira-entrenando-al-bayern-munich\\\/#organizationLogo\"},\"image\":{\"@id\":\"https:\\\/\\\/eldigitaldeasturias.com\\\/radio\\\/flick-seguira-entrenando-al-bayern-munich\\\/#organizationLogo\"},\"sameAs\":[\"https:\\\/\\\/www.facebook.com\\\/\",\"https:\\\/\\\/x.com\\\/bercodi\",\"https:\\\/\\\/www.instagram.com\\\/\",\"https:\\\/\\\/www.youtube.com\\\/channel\\\/UCZP-2wLEB9Rv6erhFmqVnvg\"]},{\"@type\":\"Person\",\"@id\":\"https:\\\/\\\/eldigitaldeasturias.com\\\/radio\\\/author\\\/nbasturias\\\/#author\",\"url\":\"https:\\\/\\\/eldigitaldeasturias.com\\\/radio\\\/author\\\/nbasturias\\\/\",\"name\":\"NBAsturias\",\"image\":{\"@type\":\"ImageObject\",\"@id\":\"https:\\\/\\\/eldigitaldeasturias.com\\\/radio\\\/flick-seguira-entrenando-al-bayern-munich\\\/#authorImage\",\"url\":\"https:\\\/\\\/secure.gravatar.com\\\/avatar\\\/df2aeffc32bcd13f8d26072ef8a91b623d677766deac7f97ca815868cd41bf5e?s=96&d=mm&r=g\",\"width\":96,\"height\":96,\"caption\":\"NBAsturias\"}},{\"@type\":\"WebPage\",\"@id\":\"https:\\\/\\\/eldigitaldeasturias.com\\\/radio\\\/flick-seguira-entrenando-al-bayern-munich\\\/#webpage\",\"url\":\"https:\\\/\\\/eldigitaldeasturias.com\\\/radio\\\/flick-seguira-entrenando-al-bayern-munich\\\/\",\"name\":\"Flick seguir\\u00e1 entrenando al Bayern M\\u00fanich | El Digital de Asturias\",\"description\":\"M\\u00fanich, 30 abr (dpa) - Hansi Flick, entrenador del Bayern M\\u00fanich, firm\\u00f3 hoy un nuevo contrato para continuar dirigiendo al l\\u00edder de la Liga alemana de f\\u00fatbol, con lo que complet\\u00f3 las formalidades de lo acordado con el club a principios de este mes. \\\"Ahora todo est\\u00e1 listo\\\", se\\u00f1al\\u00f3 el Bayern en su p\\u00e1gina web\",\"inLanguage\":\"es-ES\",\"isPartOf\":{\"@id\":\"https:\\\/\\\/eldigitaldeasturias.com\\\/radio\\\/#website\"},\"breadcrumb\":{\"@id\":\"https:\\\/\\\/eldigitaldeasturias.com\\\/radio\\\/flick-seguira-entrenando-al-bayern-munich\\\/#breadcrumblist\"},\"author\":{\"@id\":\"https:\\\/\\\/eldigitaldeasturias.com\\\/radio\\\/author\\\/nbasturias\\\/#author\"},\"creator\":{\"@id\":\"https:\\\/\\\/eldigitaldeasturias.com\\\/radio\\\/author\\\/nbasturias\\\/#author\"},\"image\":{\"@type\":\"ImageObject\",\"url\":\"https:\\\/\\\/eldigitaldeasturias.com\\\/radio\\\/wp-content\\\/uploads\\\/2020\\\/05\\\/Hansi-Flick.jpg\",\"@id\":\"https:\\\/\\\/eldigitaldeasturias.com\\\/radio\\\/flick-seguira-entrenando-al-bayern-munich\\\/#mainImage\",\"width\":1025,\"height\":663,\"caption\":\"Foto: Sven Hoppe\\\/dpa\"},\"primaryImageOfPage\":{\"@id\":\"https:\\\/\\\/eldigitaldeasturias.com\\\/radio\\\/flick-seguira-entrenando-al-bayern-munich\\\/#mainImage\"},\"datePublished\":\"2020-05-04T18:12:17+02:00\",\"dateModified\":\"2020-05-04T18:12:17+02:00\"},{\"@type\":\"WebSite\",\"@id\":\"https:\\\/\\\/eldigitaldeasturias.com\\\/radio\\\/#website\",\"url\":\"https:\\\/\\\/eldigitaldeasturias.com\\\/radio\\\/\",\"name\":\"El Digital de Asturias\",\"description\":\"Diario de informaci\\u00f3n y noticias\",\"inLanguage\":\"es-ES\",\"publisher\":{\"@id\":\"https:\\\/\\\/eldigitaldeasturias.com\\\/radio\\\/#organization\"}}]}\n\t\t<\/script>\n\t\t<!-- All in One SEO Pro -->\r\n\t\t<title>Flick seguir\u00e1 entrenando al Bayern M\u00fanich | El Digital de Asturias<\/title>\n\n","aioseo_head_json":{"title":"Flick seguir\u00e1 entrenando al Bayern M\u00fanich | El Digital de Asturias","description":"M\u00fanich, 30 abr (dpa) - Hansi Flick, entrenador del Bayern M\u00fanich, firm\u00f3 hoy un nuevo contrato para continuar dirigiendo al l\u00edder de la Liga alemana de f\u00fatbol, con lo que complet\u00f3 las formalidades de lo acordado con el club a principios de este mes. \"Ahora todo est\u00e1 listo\", se\u00f1al\u00f3 el Bayern en su p\u00e1gina web","canonical_url":"https:\/\/eldigitaldeasturias.com\/radio\/flick-seguira-entrenando-al-bayern-munich\/","robots":"max-image-preview:large","keywords":"noticias","webmasterTools":{"google-site-verification":"UA-38556648-1","miscellaneous":""},"schema":{"@context":"https:\/\/schema.org","@graph":[{"@type":"BreadcrumbList","@id":"https:\/\/eldigitaldeasturias.com\/radio\/flick-seguira-entrenando-al-bayern-munich\/#breadcrumblist","itemListElement":[{"@type":"ListItem","@id":"https:\/\/eldigitaldeasturias.com\/radio#listItem","position":1,"name":"Inicio","item":"https:\/\/eldigitaldeasturias.com\/radio","nextItem":{"@type":"ListItem","@id":"https:\/\/eldigitaldeasturias.com\/radio\/category\/noticias\/#listItem","name":"Noticias"}},{"@type":"ListItem","@id":"https:\/\/eldigitaldeasturias.com\/radio\/category\/noticias\/#listItem","position":2,"name":"Noticias","item":"https:\/\/eldigitaldeasturias.com\/radio\/category\/noticias\/","nextItem":{"@type":"ListItem","@id":"https:\/\/eldigitaldeasturias.com\/radio\/flick-seguira-entrenando-al-bayern-munich\/#listItem","name":"Flick seguir\u00e1 entrenando al Bayern M\u00fanich"},"previousItem":{"@type":"ListItem","@id":"https:\/\/eldigitaldeasturias.com\/radio#listItem","name":"Inicio"}},{"@type":"ListItem","@id":"https:\/\/eldigitaldeasturias.com\/radio\/flick-seguira-entrenando-al-bayern-munich\/#listItem","position":3,"name":"Flick seguir\u00e1 entrenando al Bayern M\u00fanich","previousItem":{"@type":"ListItem","@id":"https:\/\/eldigitaldeasturias.com\/radio\/category\/noticias\/#listItem","name":"Noticias"}}]},{"@type":"NewsArticle","@id":"https:\/\/eldigitaldeasturias.com\/radio\/flick-seguira-entrenando-al-bayern-munich\/#newsarticle","name":"Flick seguir\u00e1 entrenando al Bayern M\u00fanich | El Digital de Asturias","headline":"Flick seguir\u00e1 entrenando al Bayern M\u00fanich","author":{"@id":"https:\/\/eldigitaldeasturias.com\/radio\/author\/nbasturias\/#author"},"publisher":{"@id":"https:\/\/eldigitaldeasturias.com\/radio\/#organization"},"image":{"@type":"ImageObject","url":"https:\/\/eldigitaldeasturias.com\/radio\/wp-content\/uploads\/2020\/05\/Hansi-Flick.jpg","width":1025,"height":663,"caption":"Foto: Sven Hoppe\/dpa"},"datePublished":"2020-05-04T18:12:17+02:00","dateModified":"2020-05-04T18:12:17+02:00","inLanguage":"es-ES","mainEntityOfPage":{"@id":"https:\/\/eldigitaldeasturias.com\/radio\/flick-seguira-entrenando-al-bayern-munich\/#webpage"},"isPartOf":{"@id":"https:\/\/eldigitaldeasturias.com\/radio\/flick-seguira-entrenando-al-bayern-munich\/#webpage"},"articleSection":"Noticias","dateline":"Publicado el mayo 4, 2020."},{"@type":"Organization","@id":"https:\/\/eldigitaldeasturias.com\/radio\/#organization","name":"El digital de Asturias Radio","description":"Diario de informaci\u00f3n y noticias","url":"https:\/\/eldigitaldeasturias.com\/radio\/","telephone":"+34652131393","logo":{"@type":"ImageObject","url":"https:\/\/www.eldigitaldeasturias.com\/radio\/wp-content\/uploads\/2021\/03\/EDA.jpg","@id":"https:\/\/eldigitaldeasturias.com\/radio\/flick-seguira-entrenando-al-bayern-munich\/#organizationLogo"},"image":{"@id":"https:\/\/eldigitaldeasturias.com\/radio\/flick-seguira-entrenando-al-bayern-munich\/#organizationLogo"},"sameAs":["https:\/\/www.facebook.com\/","https:\/\/x.com\/bercodi","https:\/\/www.instagram.com\/","https:\/\/www.youtube.com\/channel\/UCZP-2wLEB9Rv6erhFmqVnvg"]},{"@type":"Person","@id":"https:\/\/eldigitaldeasturias.com\/radio\/author\/nbasturias\/#author","url":"https:\/\/eldigitaldeasturias.com\/radio\/author\/nbasturias\/","name":"NBAsturias","image":{"@type":"ImageObject","@id":"https:\/\/eldigitaldeasturias.com\/radio\/flick-seguira-entrenando-al-bayern-munich\/#authorImage","url":"https:\/\/secure.gravatar.com\/avatar\/df2aeffc32bcd13f8d26072ef8a91b623d677766deac7f97ca815868cd41bf5e?s=96&d=mm&r=g","width":96,"height":96,"caption":"NBAsturias"}},{"@type":"WebPage","@id":"https:\/\/eldigitaldeasturias.com\/radio\/flick-seguira-entrenando-al-bayern-munich\/#webpage","url":"https:\/\/eldigitaldeasturias.com\/radio\/flick-seguira-entrenando-al-bayern-munich\/","name":"Flick seguir\u00e1 entrenando al Bayern M\u00fanich | El Digital de Asturias","description":"M\u00fanich, 30 abr (dpa) - Hansi Flick, entrenador del Bayern M\u00fanich, firm\u00f3 hoy un nuevo contrato para continuar dirigiendo al l\u00edder de la Liga alemana de f\u00fatbol, con lo que complet\u00f3 las formalidades de lo acordado con el club a principios de este mes. \"Ahora todo est\u00e1 listo\", se\u00f1al\u00f3 el Bayern en su p\u00e1gina web","inLanguage":"es-ES","isPartOf":{"@id":"https:\/\/eldigitaldeasturias.com\/radio\/#website"},"breadcrumb":{"@id":"https:\/\/eldigitaldeasturias.com\/radio\/flick-seguira-entrenando-al-bayern-munich\/#breadcrumblist"},"author":{"@id":"https:\/\/eldigitaldeasturias.com\/radio\/author\/nbasturias\/#author"},"creator":{"@id":"https:\/\/eldigitaldeasturias.com\/radio\/author\/nbasturias\/#author"},"image":{"@type":"ImageObject","url":"https:\/\/eldigitaldeasturias.com\/radio\/wp-content\/uploads\/2020\/05\/Hansi-Flick.jpg","@id":"https:\/\/eldigitaldeasturias.com\/radio\/flick-seguira-entrenando-al-bayern-munich\/#mainImage","width":1025,"height":663,"caption":"Foto: Sven Hoppe\/dpa"},"primaryImageOfPage":{"@id":"https:\/\/eldigitaldeasturias.com\/radio\/flick-seguira-entrenando-al-bayern-munich\/#mainImage"},"datePublished":"2020-05-04T18:12:17+02:00","dateModified":"2020-05-04T18:12:17+02:00"},{"@type":"WebSite","@id":"https:\/\/eldigitaldeasturias.com\/radio\/#website","url":"https:\/\/eldigitaldeasturias.com\/radio\/","name":"El Digital de Asturias","description":"Diario de informaci\u00f3n y noticias","inLanguage":"es-ES","publisher":{"@id":"https:\/\/eldigitaldeasturias.com\/radio\/#organization"}}]},"og:locale":"es_ES","og:site_name":"El Digital de Asturias | Diario de informaci\u00f3n y noticias","og:type":"article","og:title":"Flick seguir\u00e1 entrenando al Bayern M\u00fanich | El Digital de Asturias","og:description":"M\u00fanich, 30 abr (dpa) - Hansi Flick, entrenador del Bayern M\u00fanich, firm\u00f3 hoy un nuevo contrato para continuar dirigiendo al l\u00edder de la Liga alemana de f\u00fatbol, con lo que complet\u00f3 las formalidades de lo acordado con el club a principios de este mes. &quot;Ahora todo est\u00e1 listo&quot;, se\u00f1al\u00f3 el Bayern en su p\u00e1gina web","og:url":"https:\/\/eldigitaldeasturias.com\/radio\/flick-seguira-entrenando-al-bayern-munich\/","og:image":"https:\/\/eldigitaldeasturias.com\/radio\/wp-content\/uploads\/2020\/05\/Hansi-Flick.jpg","og:image:secure_url":"https:\/\/eldigitaldeasturias.com\/radio\/wp-content\/uploads\/2020\/05\/Hansi-Flick.jpg","og:image:width":1025,"og:image:height":663,"article:published_time":"2020-05-04T18:12:17+00:00","article:modified_time":"2020-05-04T18:12:17+00:00","twitter:card":"summary_large_image","twitter:site":"@bercodi","twitter:title":"Flick seguir\u00e1 entrenando al Bayern M\u00fanich | El Digital de Asturias","twitter:description":"M\u00fanich, 30 abr (dpa) - Hansi Flick, entrenador del Bayern M\u00fanich, firm\u00f3 hoy un nuevo contrato para continuar dirigiendo al l\u00edder de la Liga alemana de f\u00fatbol, con lo que complet\u00f3 las formalidades de lo acordado con el club a principios de este mes. &quot;Ahora todo est\u00e1 listo&quot;, se\u00f1al\u00f3 el Bayern en su p\u00e1gina web","twitter:creator":"@bercodi","twitter:image":"https:\/\/eldigitaldeasturias.com\/radio\/wp-content\/uploads\/2020\/05\/Hansi-Flick.jpg"},"aioseo_meta_data":{"post_id":"4252","title":null,"description":null,"keywords":null,"keyphrases":null,"primary_term":null,"canonical_url":null,"og_title":null,"og_description":null,"og_object_type":"default","og_image_type":"default","og_image_url":null,"og_image_width":null,"og_image_height":null,"og_image_custom_url":null,"og_image_custom_fields":null,"og_video":null,"og_custom_url":null,"og_article_section":null,"og_article_tags":null,"twitter_use_og":false,"twitter_card":"default","twitter_image_type":"default","twitter_image_url":null,"twitter_image_custom_url":null,"twitter_image_custom_fields":null,"twitter_title":null,"twitter_description":null,"schema":{"blockGraphs":[],"customGraphs":[],"default":{"data":{"Article":[],"Course":[],"Dataset":[],"FAQPage":[],"Movie":[],"Person":[],"Product":[],"ProductReview":[],"Car":[],"Recipe":[],"Service":[],"SoftwareApplication":[],"WebPage":[]},"graphName":"","isEnabled":true},"graphs":[],"defaultGraph":"","defaultPostTypeGraph":""},"schema_type":null,"schema_type_options":null,"pillar_content":false,"robots_default":true,"robots_noindex":false,"robots_noarchive":false,"robots_nosnippet":false,"robots_nofollow":false,"robots_noimageindex":false,"robots_noodp":false,"robots_notranslate":false,"robots_max_snippet":null,"robots_max_videopreview":null,"robots_max_imagepreview":"large","priority":null,"frequency":null,"location":null,"local_seo":null,"seo_analyzer_scan_date":"2025-08-28 15:37:40","breadcrumb_settings":null,"limit_modified_date":false,"open_ai":null,"ai":null,"created":"2021-03-27 06:59:45","updated":"2025-08-28 15:37:40"},"aioseo_breadcrumb":"<div class=\"aioseo-breadcrumbs\"><span class=\"aioseo-breadcrumb\">\n\t<a href=\"https:\/\/eldigitaldeasturias.com\/radio\" title=\"Inicio\">Inicio<\/a>\n<\/span><span class=\"aioseo-breadcrumb-separator\">&ndash;<\/span><span class=\"aioseo-breadcrumb\">\n\t<a href=\"https:\/\/eldigitaldeasturias.com\/radio\/category\/noticias\/\" title=\"Noticias\">Noticias<\/a>\n<\/span><span class=\"aioseo-breadcrumb-separator\">&ndash;<\/span><span class=\"aioseo-breadcrumb\">\n\tFlick seguir\u00e1 entrenando al Bayern M\u00fanich\n<\/span><\/div>","aioseo_breadcrumb_json":[{"label":"Inicio","link":"https:\/\/eldigitaldeasturias.com\/radio"},{"label":"Noticias","link":"https:\/\/eldigitaldeasturias.com\/radio\/category\/noticias\/"},{"label":"Flick seguir\u00e1 entrenando al Bayern M\u00fanich","link":"https:\/\/eldigitaldeasturias.com\/radio\/flick-seguira-entrenando-al-bayern-munich\/"}],"_links":{"self":[{"href":"https:\/\/eldigitaldeasturias.com\/radio\/wp-json\/wp\/v2\/posts\/4252","targetHints":{"allow":["GET"]}}],"collection":[{"href":"https:\/\/eldigitaldeasturias.com\/radio\/wp-json\/wp\/v2\/posts"}],"about":[{"href":"https:\/\/eldigitaldeasturias.com\/radio\/wp-json\/wp\/v2\/types\/post"}],"author":[{"embeddable":true,"href":"https:\/\/eldigitaldeasturias.com\/radio\/wp-json\/wp\/v2\/users\/1"}],"replies":[{"embeddable":true,"href":"https:\/\/eldigitaldeasturias.com\/radio\/wp-json\/wp\/v2\/comments?post=4252"}],"version-history":[{"count":0,"href":"https:\/\/eldigitaldeasturias.com\/radio\/wp-json\/wp\/v2\/posts\/4252\/revisions"}],"wp:featuredmedia":[{"embeddable":true,"href":"https:\/\/eldigitaldeasturias.com\/radio\/wp-json\/wp\/v2\/media\/4253"}],"wp:attachment":[{"href":"https:\/\/eldigitaldeasturias.com\/radio\/wp-json\/wp\/v2\/media?parent=4252"}],"wp:term":[{"taxonomy":"category","embeddable":true,"href":"https:\/\/eldigitaldeasturias.com\/radio\/wp-json\/wp\/v2\/categories?post=4252"},{"taxonomy":"post_tag","embeddable":true,"href":"https:\/\/eldigitaldeasturias.com\/radio\/wp-json\/wp\/v2\/tags?post=4252"}],"curies":[{"name":"wp","href":"https:\/\/api.w.org\/{rel}","templated":true}]}}