{"id":4250,"date":"2020-05-04T17:51:24","date_gmt":"2020-05-04T17:51:24","guid":{"rendered":"http:\/\/www.eldigitaldeasturias.com\/radio\/?p=4250"},"modified":"2020-05-04T17:51:24","modified_gmt":"2020-05-04T17:51:24","slug":"alemania-concede-creditos-de-emergencia-a-estudiantes-por-pandemia","status":"publish","type":"post","link":"https:\/\/eldigitaldeasturias.com\/radio\/alemania-concede-creditos-de-emergencia-a-estudiantes-por-pandemia\/","title":{"rendered":"Alemania concede cr\u00e9ditos de emergencia a estudiantes por pandemia"},"content":{"rendered":"<p><img fetchpriority=\"high\" decoding=\"async\" class=\"alignleft size-medium wp-image-1471\" src=\"http:\/\/www.eldigitaldeasturias.com\/radio\/wp-content\/uploads\/2018\/10\/money-1005477_960_720-360x240.jpg\" alt=\"\" width=\"360\" height=\"240\" srcset=\"https:\/\/eldigitaldeasturias.com\/radio\/wp-content\/uploads\/2018\/10\/money-1005477_960_720-360x240.jpg 360w, https:\/\/eldigitaldeasturias.com\/radio\/wp-content\/uploads\/2018\/10\/money-1005477_960_720-768x512.jpg 768w, https:\/\/eldigitaldeasturias.com\/radio\/wp-content\/uploads\/2018\/10\/money-1005477_960_720.jpg 960w\" sizes=\"(max-width: 360px) 100vw, 360px\" \/>Berl\u00edn, 30 abr (dpa) &#8211; Los estudiantes alemanes podr\u00e1n solicitar a partir del 8 de mayo un pr\u00e9stamo sin intereses de hasta 650 euros mensuales (706 d\u00f3lares) al banco estatal de desarrollo KfW para frenar las consecuencias econ\u00f3micas de la pandemia de coronavirus, anunci\u00f3 hoy en Berl\u00edn la ministra de Educaci\u00f3n, Anja Karliczek.<\/p>\n<p>Al igual que los cr\u00e9ditos anteriormente concedidos por el KfW, las nuevas solicitudes de pr\u00e9stamos estar\u00e1n exentas de intereses para los estudiantes alemanes. Por su parte, los estudiantes extranjeros podr\u00e1n solicitar dichos cr\u00e9ditos a partir de julio.<\/p>\n<p>La solicitud se realizar\u00e1 de forma sencilla, sin burocracia, a trav\u00e9s de un formulario en l\u00ednea. Como es habitual en los pr\u00e9stamos estudiantiles del KfW, el reembolso comenzar\u00e1 pasado un periodo de carencia de entre 18 y 23 meses. Karliczek prev\u00e9 que el volumen de cr\u00e9ditos concedidos ascender\u00e1 a 1.000 millones de euros.<\/p>\n<p>Aquellos estudiantes que se encuentren en una situaci\u00f3n de emergencia especialmente grave debido a la pandemia y no reciban ning\u00fan otro tipo de ayuda econ\u00f3mica -ni siquiera por parte de sus padres- pueden solicitar una subvenci\u00f3n a trav\u00e9s de la Studentenwerk local que les corresponda &#8211; instituci\u00f3n universitaria para la asistencia social de los estudiantes- que no tendr\u00e1 que ser reembolsada.<\/p>\n<p>El Gobierno federal prev\u00e9 aumentar el fondo de ayuda de emergencia para a las instituciones universitarias para la asistencia social de los estudiantes -Studentenwerk- con 100 millones de euros.<\/p>\n","protected":false},"excerpt":{"rendered":"<p>Berl\u00edn, 30 abr (dpa) &#8211; Los estudiantes alemanes podr\u00e1n solicitar a partir del 8 de mayo un pr\u00e9stamo sin intereses de hasta 650 euros mensuales (706 d\u00f3lares) al banco estatal de desarrollo KfW para frenar las consecuencias econ\u00f3micas de la pandemia de coronavirus, anunci\u00f3 hoy en Berl\u00edn la ministra de Educaci\u00f3n, Anja Karliczek. Al igual<\/p>\n","protected":false},"author":1,"featured_media":1471,"comment_status":"closed","ping_status":"closed","sticky":false,"template":"","format":"standard","meta":{"footnotes":""},"categories":[1],"tags":[],"class_list":{"0":"post-4250","1":"post","2":"type-post","3":"status-publish","4":"format-standard","5":"has-post-thumbnail","7":"category-noticias"},"aioseo_notices":[],"aioseo_head":"\n\t\t<!-- All in One SEO Pro 4.9.6.2 - aioseo.com -->\n\t<meta name=\"description\" content=\"Berl\u00edn, 30 abr (dpa) - Los estudiantes alemanes podr\u00e1n solicitar a partir del 8 de mayo un pr\u00e9stamo sin intereses de hasta 650 euros mensuales (706 d\u00f3lares) al banco estatal de desarrollo KfW para frenar las consecuencias econ\u00f3micas de la pandemia de coronavirus, anunci\u00f3 hoy en Berl\u00edn la ministra de Educaci\u00f3n, Anja Karliczek. Al igual\" \/>\n\t<meta name=\"robots\" content=\"max-image-preview:large\" \/>\n\t<meta name=\"author\" content=\"NBAsturias\"\/>\n\t<meta name=\"google-site-verification\" content=\"UA-38556648-1\" \/>\n\t<meta name=\"keywords\" content=\"noticias\" \/>\n\t<link rel=\"canonical\" href=\"https:\/\/eldigitaldeasturias.com\/radio\/alemania-concede-creditos-de-emergencia-a-estudiantes-por-pandemia\/\" \/>\n\t<meta name=\"generator\" content=\"All in One SEO Pro (AIOSEO) 4.9.6.2\" \/>\n\t\t<meta property=\"og:locale\" content=\"es_ES\" \/>\n\t\t<meta property=\"og:site_name\" content=\"El Digital de Asturias | Diario de informaci\u00f3n y noticias\" \/>\n\t\t<meta property=\"og:type\" content=\"article\" \/>\n\t\t<meta property=\"og:title\" content=\"Alemania concede cr\u00e9ditos de emergencia a estudiantes por pandemia | El Digital de Asturias\" \/>\n\t\t<meta property=\"og:description\" content=\"Berl\u00edn, 30 abr (dpa) - Los estudiantes alemanes podr\u00e1n solicitar a partir del 8 de mayo un pr\u00e9stamo sin intereses de hasta 650 euros mensuales (706 d\u00f3lares) al banco estatal de desarrollo KfW para frenar las consecuencias econ\u00f3micas de la pandemia de coronavirus, anunci\u00f3 hoy en Berl\u00edn la ministra de Educaci\u00f3n, Anja Karliczek. Al igual\" \/>\n\t\t<meta property=\"og:url\" content=\"https:\/\/eldigitaldeasturias.com\/radio\/alemania-concede-creditos-de-emergencia-a-estudiantes-por-pandemia\/\" \/>\n\t\t<meta property=\"og:image\" content=\"https:\/\/eldigitaldeasturias.com\/radio\/wp-content\/uploads\/2018\/10\/money-1005477_960_720.jpg\" \/>\n\t\t<meta property=\"og:image:secure_url\" content=\"https:\/\/eldigitaldeasturias.com\/radio\/wp-content\/uploads\/2018\/10\/money-1005477_960_720.jpg\" \/>\n\t\t<meta property=\"og:image:width\" content=\"960\" \/>\n\t\t<meta property=\"og:image:height\" content=\"640\" \/>\n\t\t<meta property=\"article:published_time\" content=\"2020-05-04T17:51:24+00:00\" \/>\n\t\t<meta property=\"article:modified_time\" content=\"2020-05-04T17:51:24+00:00\" \/>\n\t\t<meta name=\"twitter:card\" content=\"summary_large_image\" \/>\n\t\t<meta name=\"twitter:site\" content=\"@bercodi\" \/>\n\t\t<meta name=\"twitter:title\" content=\"Alemania concede cr\u00e9ditos de emergencia a estudiantes por pandemia | El Digital de Asturias\" \/>\n\t\t<meta name=\"twitter:description\" content=\"Berl\u00edn, 30 abr (dpa) - Los estudiantes alemanes podr\u00e1n solicitar a partir del 8 de mayo un pr\u00e9stamo sin intereses de hasta 650 euros mensuales (706 d\u00f3lares) al banco estatal de desarrollo KfW para frenar las consecuencias econ\u00f3micas de la pandemia de coronavirus, anunci\u00f3 hoy en Berl\u00edn la ministra de Educaci\u00f3n, Anja Karliczek. Al igual\" \/>\n\t\t<meta name=\"twitter:creator\" content=\"@bercodi\" \/>\n\t\t<meta name=\"twitter:image\" content=\"https:\/\/eldigitaldeasturias.com\/radio\/wp-content\/uploads\/2018\/10\/money-1005477_960_720.jpg\" \/>\n\t\t<script type=\"application\/ld+json\" class=\"aioseo-schema\">\n\t\t\t{\"@context\":\"https:\\\/\\\/schema.org\",\"@graph\":[{\"@type\":\"BreadcrumbList\",\"@id\":\"https:\\\/\\\/eldigitaldeasturias.com\\\/radio\\\/alemania-concede-creditos-de-emergencia-a-estudiantes-por-pandemia\\\/#breadcrumblist\",\"itemListElement\":[{\"@type\":\"ListItem\",\"@id\":\"https:\\\/\\\/eldigitaldeasturias.com\\\/radio#listItem\",\"position\":1,\"name\":\"Inicio\",\"item\":\"https:\\\/\\\/eldigitaldeasturias.com\\\/radio\",\"nextItem\":{\"@type\":\"ListItem\",\"@id\":\"https:\\\/\\\/eldigitaldeasturias.com\\\/radio\\\/category\\\/noticias\\\/#listItem\",\"name\":\"Noticias\"}},{\"@type\":\"ListItem\",\"@id\":\"https:\\\/\\\/eldigitaldeasturias.com\\\/radio\\\/category\\\/noticias\\\/#listItem\",\"position\":2,\"name\":\"Noticias\",\"item\":\"https:\\\/\\\/eldigitaldeasturias.com\\\/radio\\\/category\\\/noticias\\\/\",\"nextItem\":{\"@type\":\"ListItem\",\"@id\":\"https:\\\/\\\/eldigitaldeasturias.com\\\/radio\\\/alemania-concede-creditos-de-emergencia-a-estudiantes-por-pandemia\\\/#listItem\",\"name\":\"Alemania concede cr\\u00e9ditos de emergencia a estudiantes por pandemia\"},\"previousItem\":{\"@type\":\"ListItem\",\"@id\":\"https:\\\/\\\/eldigitaldeasturias.com\\\/radio#listItem\",\"name\":\"Inicio\"}},{\"@type\":\"ListItem\",\"@id\":\"https:\\\/\\\/eldigitaldeasturias.com\\\/radio\\\/alemania-concede-creditos-de-emergencia-a-estudiantes-por-pandemia\\\/#listItem\",\"position\":3,\"name\":\"Alemania concede cr\\u00e9ditos de emergencia a estudiantes por pandemia\",\"previousItem\":{\"@type\":\"ListItem\",\"@id\":\"https:\\\/\\\/eldigitaldeasturias.com\\\/radio\\\/category\\\/noticias\\\/#listItem\",\"name\":\"Noticias\"}}]},{\"@type\":\"NewsArticle\",\"@id\":\"https:\\\/\\\/eldigitaldeasturias.com\\\/radio\\\/alemania-concede-creditos-de-emergencia-a-estudiantes-por-pandemia\\\/#newsarticle\",\"name\":\"Alemania concede cr\\u00e9ditos de emergencia a estudiantes por pandemia | El Digital de Asturias\",\"headline\":\"Alemania concede cr\\u00e9ditos de emergencia a estudiantes por pandemia\",\"author\":{\"@id\":\"https:\\\/\\\/eldigitaldeasturias.com\\\/radio\\\/author\\\/nbasturias\\\/#author\"},\"publisher\":{\"@id\":\"https:\\\/\\\/eldigitaldeasturias.com\\\/radio\\\/#organization\"},\"image\":{\"@type\":\"ImageObject\",\"url\":\"https:\\\/\\\/eldigitaldeasturias.com\\\/radio\\\/wp-content\\\/uploads\\\/2018\\\/10\\\/money-1005477_960_720.jpg\",\"width\":960,\"height\":640},\"datePublished\":\"2020-05-04T17:51:24+02:00\",\"dateModified\":\"2020-05-04T17:51:24+02:00\",\"inLanguage\":\"es-ES\",\"mainEntityOfPage\":{\"@id\":\"https:\\\/\\\/eldigitaldeasturias.com\\\/radio\\\/alemania-concede-creditos-de-emergencia-a-estudiantes-por-pandemia\\\/#webpage\"},\"isPartOf\":{\"@id\":\"https:\\\/\\\/eldigitaldeasturias.com\\\/radio\\\/alemania-concede-creditos-de-emergencia-a-estudiantes-por-pandemia\\\/#webpage\"},\"articleSection\":\"Noticias\",\"dateline\":\"Publicado el mayo 4, 2020.\"},{\"@type\":\"Organization\",\"@id\":\"https:\\\/\\\/eldigitaldeasturias.com\\\/radio\\\/#organization\",\"name\":\"El digital de Asturias Radio\",\"description\":\"Diario de informaci\\u00f3n y noticias\",\"url\":\"https:\\\/\\\/eldigitaldeasturias.com\\\/radio\\\/\",\"telephone\":\"+34652131393\",\"logo\":{\"@type\":\"ImageObject\",\"url\":\"https:\\\/\\\/www.eldigitaldeasturias.com\\\/radio\\\/wp-content\\\/uploads\\\/2021\\\/03\\\/EDA.jpg\",\"@id\":\"https:\\\/\\\/eldigitaldeasturias.com\\\/radio\\\/alemania-concede-creditos-de-emergencia-a-estudiantes-por-pandemia\\\/#organizationLogo\"},\"image\":{\"@id\":\"https:\\\/\\\/eldigitaldeasturias.com\\\/radio\\\/alemania-concede-creditos-de-emergencia-a-estudiantes-por-pandemia\\\/#organizationLogo\"},\"sameAs\":[\"https:\\\/\\\/www.facebook.com\\\/\",\"https:\\\/\\\/x.com\\\/bercodi\",\"https:\\\/\\\/www.instagram.com\\\/\",\"https:\\\/\\\/www.youtube.com\\\/channel\\\/UCZP-2wLEB9Rv6erhFmqVnvg\"]},{\"@type\":\"Person\",\"@id\":\"https:\\\/\\\/eldigitaldeasturias.com\\\/radio\\\/author\\\/nbasturias\\\/#author\",\"url\":\"https:\\\/\\\/eldigitaldeasturias.com\\\/radio\\\/author\\\/nbasturias\\\/\",\"name\":\"NBAsturias\",\"image\":{\"@type\":\"ImageObject\",\"@id\":\"https:\\\/\\\/eldigitaldeasturias.com\\\/radio\\\/alemania-concede-creditos-de-emergencia-a-estudiantes-por-pandemia\\\/#authorImage\",\"url\":\"https:\\\/\\\/secure.gravatar.com\\\/avatar\\\/df2aeffc32bcd13f8d26072ef8a91b623d677766deac7f97ca815868cd41bf5e?s=96&d=mm&r=g\",\"width\":96,\"height\":96,\"caption\":\"NBAsturias\"}},{\"@type\":\"WebPage\",\"@id\":\"https:\\\/\\\/eldigitaldeasturias.com\\\/radio\\\/alemania-concede-creditos-de-emergencia-a-estudiantes-por-pandemia\\\/#webpage\",\"url\":\"https:\\\/\\\/eldigitaldeasturias.com\\\/radio\\\/alemania-concede-creditos-de-emergencia-a-estudiantes-por-pandemia\\\/\",\"name\":\"Alemania concede cr\\u00e9ditos de emergencia a estudiantes por pandemia | El Digital de Asturias\",\"description\":\"Berl\\u00edn, 30 abr (dpa) - Los estudiantes alemanes podr\\u00e1n solicitar a partir del 8 de mayo un pr\\u00e9stamo sin intereses de hasta 650 euros mensuales (706 d\\u00f3lares) al banco estatal de desarrollo KfW para frenar las consecuencias econ\\u00f3micas de la pandemia de coronavirus, anunci\\u00f3 hoy en Berl\\u00edn la ministra de Educaci\\u00f3n, Anja Karliczek. Al igual\",\"inLanguage\":\"es-ES\",\"isPartOf\":{\"@id\":\"https:\\\/\\\/eldigitaldeasturias.com\\\/radio\\\/#website\"},\"breadcrumb\":{\"@id\":\"https:\\\/\\\/eldigitaldeasturias.com\\\/radio\\\/alemania-concede-creditos-de-emergencia-a-estudiantes-por-pandemia\\\/#breadcrumblist\"},\"author\":{\"@id\":\"https:\\\/\\\/eldigitaldeasturias.com\\\/radio\\\/author\\\/nbasturias\\\/#author\"},\"creator\":{\"@id\":\"https:\\\/\\\/eldigitaldeasturias.com\\\/radio\\\/author\\\/nbasturias\\\/#author\"},\"image\":{\"@type\":\"ImageObject\",\"url\":\"https:\\\/\\\/eldigitaldeasturias.com\\\/radio\\\/wp-content\\\/uploads\\\/2018\\\/10\\\/money-1005477_960_720.jpg\",\"@id\":\"https:\\\/\\\/eldigitaldeasturias.com\\\/radio\\\/alemania-concede-creditos-de-emergencia-a-estudiantes-por-pandemia\\\/#mainImage\",\"width\":960,\"height\":640},\"primaryImageOfPage\":{\"@id\":\"https:\\\/\\\/eldigitaldeasturias.com\\\/radio\\\/alemania-concede-creditos-de-emergencia-a-estudiantes-por-pandemia\\\/#mainImage\"},\"datePublished\":\"2020-05-04T17:51:24+02:00\",\"dateModified\":\"2020-05-04T17:51:24+02:00\"},{\"@type\":\"WebSite\",\"@id\":\"https:\\\/\\\/eldigitaldeasturias.com\\\/radio\\\/#website\",\"url\":\"https:\\\/\\\/eldigitaldeasturias.com\\\/radio\\\/\",\"name\":\"El Digital de Asturias\",\"description\":\"Diario de informaci\\u00f3n y noticias\",\"inLanguage\":\"es-ES\",\"publisher\":{\"@id\":\"https:\\\/\\\/eldigitaldeasturias.com\\\/radio\\\/#organization\"}}]}\n\t\t<\/script>\n\t\t<!-- All in One SEO Pro -->\r\n\t\t<title>Alemania concede cr\u00e9ditos de emergencia a estudiantes por pandemia | El Digital de Asturias<\/title>\n\n","aioseo_head_json":{"title":"Alemania concede cr\u00e9ditos de emergencia a estudiantes por pandemia | El Digital de Asturias","description":"Berl\u00edn, 30 abr (dpa) - Los estudiantes alemanes podr\u00e1n solicitar a partir del 8 de mayo un pr\u00e9stamo sin intereses de hasta 650 euros mensuales (706 d\u00f3lares) al banco estatal de desarrollo KfW para frenar las consecuencias econ\u00f3micas de la pandemia de coronavirus, anunci\u00f3 hoy en Berl\u00edn la ministra de Educaci\u00f3n, Anja Karliczek. Al igual","canonical_url":"https:\/\/eldigitaldeasturias.com\/radio\/alemania-concede-creditos-de-emergencia-a-estudiantes-por-pandemia\/","robots":"max-image-preview:large","keywords":"noticias","webmasterTools":{"google-site-verification":"UA-38556648-1","miscellaneous":""},"schema":{"@context":"https:\/\/schema.org","@graph":[{"@type":"BreadcrumbList","@id":"https:\/\/eldigitaldeasturias.com\/radio\/alemania-concede-creditos-de-emergencia-a-estudiantes-por-pandemia\/#breadcrumblist","itemListElement":[{"@type":"ListItem","@id":"https:\/\/eldigitaldeasturias.com\/radio#listItem","position":1,"name":"Inicio","item":"https:\/\/eldigitaldeasturias.com\/radio","nextItem":{"@type":"ListItem","@id":"https:\/\/eldigitaldeasturias.com\/radio\/category\/noticias\/#listItem","name":"Noticias"}},{"@type":"ListItem","@id":"https:\/\/eldigitaldeasturias.com\/radio\/category\/noticias\/#listItem","position":2,"name":"Noticias","item":"https:\/\/eldigitaldeasturias.com\/radio\/category\/noticias\/","nextItem":{"@type":"ListItem","@id":"https:\/\/eldigitaldeasturias.com\/radio\/alemania-concede-creditos-de-emergencia-a-estudiantes-por-pandemia\/#listItem","name":"Alemania concede cr\u00e9ditos de emergencia a estudiantes por pandemia"},"previousItem":{"@type":"ListItem","@id":"https:\/\/eldigitaldeasturias.com\/radio#listItem","name":"Inicio"}},{"@type":"ListItem","@id":"https:\/\/eldigitaldeasturias.com\/radio\/alemania-concede-creditos-de-emergencia-a-estudiantes-por-pandemia\/#listItem","position":3,"name":"Alemania concede cr\u00e9ditos de emergencia a estudiantes por pandemia","previousItem":{"@type":"ListItem","@id":"https:\/\/eldigitaldeasturias.com\/radio\/category\/noticias\/#listItem","name":"Noticias"}}]},{"@type":"NewsArticle","@id":"https:\/\/eldigitaldeasturias.com\/radio\/alemania-concede-creditos-de-emergencia-a-estudiantes-por-pandemia\/#newsarticle","name":"Alemania concede cr\u00e9ditos de emergencia a estudiantes por pandemia | El Digital de Asturias","headline":"Alemania concede cr\u00e9ditos de emergencia a estudiantes por pandemia","author":{"@id":"https:\/\/eldigitaldeasturias.com\/radio\/author\/nbasturias\/#author"},"publisher":{"@id":"https:\/\/eldigitaldeasturias.com\/radio\/#organization"},"image":{"@type":"ImageObject","url":"https:\/\/eldigitaldeasturias.com\/radio\/wp-content\/uploads\/2018\/10\/money-1005477_960_720.jpg","width":960,"height":640},"datePublished":"2020-05-04T17:51:24+02:00","dateModified":"2020-05-04T17:51:24+02:00","inLanguage":"es-ES","mainEntityOfPage":{"@id":"https:\/\/eldigitaldeasturias.com\/radio\/alemania-concede-creditos-de-emergencia-a-estudiantes-por-pandemia\/#webpage"},"isPartOf":{"@id":"https:\/\/eldigitaldeasturias.com\/radio\/alemania-concede-creditos-de-emergencia-a-estudiantes-por-pandemia\/#webpage"},"articleSection":"Noticias","dateline":"Publicado el mayo 4, 2020."},{"@type":"Organization","@id":"https:\/\/eldigitaldeasturias.com\/radio\/#organization","name":"El digital de Asturias Radio","description":"Diario de informaci\u00f3n y noticias","url":"https:\/\/eldigitaldeasturias.com\/radio\/","telephone":"+34652131393","logo":{"@type":"ImageObject","url":"https:\/\/www.eldigitaldeasturias.com\/radio\/wp-content\/uploads\/2021\/03\/EDA.jpg","@id":"https:\/\/eldigitaldeasturias.com\/radio\/alemania-concede-creditos-de-emergencia-a-estudiantes-por-pandemia\/#organizationLogo"},"image":{"@id":"https:\/\/eldigitaldeasturias.com\/radio\/alemania-concede-creditos-de-emergencia-a-estudiantes-por-pandemia\/#organizationLogo"},"sameAs":["https:\/\/www.facebook.com\/","https:\/\/x.com\/bercodi","https:\/\/www.instagram.com\/","https:\/\/www.youtube.com\/channel\/UCZP-2wLEB9Rv6erhFmqVnvg"]},{"@type":"Person","@id":"https:\/\/eldigitaldeasturias.com\/radio\/author\/nbasturias\/#author","url":"https:\/\/eldigitaldeasturias.com\/radio\/author\/nbasturias\/","name":"NBAsturias","image":{"@type":"ImageObject","@id":"https:\/\/eldigitaldeasturias.com\/radio\/alemania-concede-creditos-de-emergencia-a-estudiantes-por-pandemia\/#authorImage","url":"https:\/\/secure.gravatar.com\/avatar\/df2aeffc32bcd13f8d26072ef8a91b623d677766deac7f97ca815868cd41bf5e?s=96&d=mm&r=g","width":96,"height":96,"caption":"NBAsturias"}},{"@type":"WebPage","@id":"https:\/\/eldigitaldeasturias.com\/radio\/alemania-concede-creditos-de-emergencia-a-estudiantes-por-pandemia\/#webpage","url":"https:\/\/eldigitaldeasturias.com\/radio\/alemania-concede-creditos-de-emergencia-a-estudiantes-por-pandemia\/","name":"Alemania concede cr\u00e9ditos de emergencia a estudiantes por pandemia | El Digital de Asturias","description":"Berl\u00edn, 30 abr (dpa) - Los estudiantes alemanes podr\u00e1n solicitar a partir del 8 de mayo un pr\u00e9stamo sin intereses de hasta 650 euros mensuales (706 d\u00f3lares) al banco estatal de desarrollo KfW para frenar las consecuencias econ\u00f3micas de la pandemia de coronavirus, anunci\u00f3 hoy en Berl\u00edn la ministra de Educaci\u00f3n, Anja Karliczek. Al igual","inLanguage":"es-ES","isPartOf":{"@id":"https:\/\/eldigitaldeasturias.com\/radio\/#website"},"breadcrumb":{"@id":"https:\/\/eldigitaldeasturias.com\/radio\/alemania-concede-creditos-de-emergencia-a-estudiantes-por-pandemia\/#breadcrumblist"},"author":{"@id":"https:\/\/eldigitaldeasturias.com\/radio\/author\/nbasturias\/#author"},"creator":{"@id":"https:\/\/eldigitaldeasturias.com\/radio\/author\/nbasturias\/#author"},"image":{"@type":"ImageObject","url":"https:\/\/eldigitaldeasturias.com\/radio\/wp-content\/uploads\/2018\/10\/money-1005477_960_720.jpg","@id":"https:\/\/eldigitaldeasturias.com\/radio\/alemania-concede-creditos-de-emergencia-a-estudiantes-por-pandemia\/#mainImage","width":960,"height":640},"primaryImageOfPage":{"@id":"https:\/\/eldigitaldeasturias.com\/radio\/alemania-concede-creditos-de-emergencia-a-estudiantes-por-pandemia\/#mainImage"},"datePublished":"2020-05-04T17:51:24+02:00","dateModified":"2020-05-04T17:51:24+02:00"},{"@type":"WebSite","@id":"https:\/\/eldigitaldeasturias.com\/radio\/#website","url":"https:\/\/eldigitaldeasturias.com\/radio\/","name":"El Digital de Asturias","description":"Diario de informaci\u00f3n y noticias","inLanguage":"es-ES","publisher":{"@id":"https:\/\/eldigitaldeasturias.com\/radio\/#organization"}}]},"og:locale":"es_ES","og:site_name":"El Digital de Asturias | Diario de informaci\u00f3n y noticias","og:type":"article","og:title":"Alemania concede cr\u00e9ditos de emergencia a estudiantes por pandemia | El Digital de Asturias","og:description":"Berl\u00edn, 30 abr (dpa) - Los estudiantes alemanes podr\u00e1n solicitar a partir del 8 de mayo un pr\u00e9stamo sin intereses de hasta 650 euros mensuales (706 d\u00f3lares) al banco estatal de desarrollo KfW para frenar las consecuencias econ\u00f3micas de la pandemia de coronavirus, anunci\u00f3 hoy en Berl\u00edn la ministra de Educaci\u00f3n, Anja Karliczek. Al igual","og:url":"https:\/\/eldigitaldeasturias.com\/radio\/alemania-concede-creditos-de-emergencia-a-estudiantes-por-pandemia\/","og:image":"https:\/\/eldigitaldeasturias.com\/radio\/wp-content\/uploads\/2018\/10\/money-1005477_960_720.jpg","og:image:secure_url":"https:\/\/eldigitaldeasturias.com\/radio\/wp-content\/uploads\/2018\/10\/money-1005477_960_720.jpg","og:image:width":960,"og:image:height":640,"article:published_time":"2020-05-04T17:51:24+00:00","article:modified_time":"2020-05-04T17:51:24+00:00","twitter:card":"summary_large_image","twitter:site":"@bercodi","twitter:title":"Alemania concede cr\u00e9ditos de emergencia a estudiantes por pandemia | El Digital de Asturias","twitter:description":"Berl\u00edn, 30 abr (dpa) - Los estudiantes alemanes podr\u00e1n solicitar a partir del 8 de mayo un pr\u00e9stamo sin intereses de hasta 650 euros mensuales (706 d\u00f3lares) al banco estatal de desarrollo KfW para frenar las consecuencias econ\u00f3micas de la pandemia de coronavirus, anunci\u00f3 hoy en Berl\u00edn la ministra de Educaci\u00f3n, Anja Karliczek. Al igual","twitter:creator":"@bercodi","twitter:image":"https:\/\/eldigitaldeasturias.com\/radio\/wp-content\/uploads\/2018\/10\/money-1005477_960_720.jpg"},"aioseo_meta_data":{"post_id":"4250","title":null,"description":null,"keywords":null,"keyphrases":null,"primary_term":null,"canonical_url":null,"og_title":null,"og_description":null,"og_object_type":"default","og_image_type":"default","og_image_url":null,"og_image_width":null,"og_image_height":null,"og_image_custom_url":null,"og_image_custom_fields":null,"og_video":null,"og_custom_url":null,"og_article_section":null,"og_article_tags":null,"twitter_use_og":false,"twitter_card":"default","twitter_image_type":"default","twitter_image_url":null,"twitter_image_custom_url":null,"twitter_image_custom_fields":null,"twitter_title":null,"twitter_description":null,"schema":{"blockGraphs":[],"customGraphs":[],"default":{"data":{"Article":[],"Course":[],"Dataset":[],"FAQPage":[],"Movie":[],"Person":[],"Product":[],"ProductReview":[],"Car":[],"Recipe":[],"Service":[],"SoftwareApplication":[],"WebPage":[]},"graphName":"","isEnabled":true},"graphs":[],"defaultGraph":"","defaultPostTypeGraph":""},"schema_type":null,"schema_type_options":null,"pillar_content":false,"robots_default":true,"robots_noindex":false,"robots_noarchive":false,"robots_nosnippet":false,"robots_nofollow":false,"robots_noimageindex":false,"robots_noodp":false,"robots_notranslate":false,"robots_max_snippet":null,"robots_max_videopreview":null,"robots_max_imagepreview":"large","priority":null,"frequency":null,"location":null,"local_seo":null,"seo_analyzer_scan_date":"2025-08-28 15:37:39","breadcrumb_settings":null,"limit_modified_date":false,"open_ai":null,"ai":null,"created":"2021-03-27 06:59:45","updated":"2025-08-28 15:37:39"},"aioseo_breadcrumb":"<div class=\"aioseo-breadcrumbs\"><span class=\"aioseo-breadcrumb\">\n\t<a href=\"https:\/\/eldigitaldeasturias.com\/radio\" title=\"Inicio\">Inicio<\/a>\n<\/span><span class=\"aioseo-breadcrumb-separator\">&ndash;<\/span><span class=\"aioseo-breadcrumb\">\n\t<a href=\"https:\/\/eldigitaldeasturias.com\/radio\/category\/noticias\/\" title=\"Noticias\">Noticias<\/a>\n<\/span><span class=\"aioseo-breadcrumb-separator\">&ndash;<\/span><span class=\"aioseo-breadcrumb\">\n\tAlemania concede cr\u00e9ditos de emergencia a estudiantes por pandemia\n<\/span><\/div>","aioseo_breadcrumb_json":[{"label":"Inicio","link":"https:\/\/eldigitaldeasturias.com\/radio"},{"label":"Noticias","link":"https:\/\/eldigitaldeasturias.com\/radio\/category\/noticias\/"},{"label":"Alemania concede cr\u00e9ditos de emergencia a estudiantes por pandemia","link":"https:\/\/eldigitaldeasturias.com\/radio\/alemania-concede-creditos-de-emergencia-a-estudiantes-por-pandemia\/"}],"_links":{"self":[{"href":"https:\/\/eldigitaldeasturias.com\/radio\/wp-json\/wp\/v2\/posts\/4250","targetHints":{"allow":["GET"]}}],"collection":[{"href":"https:\/\/eldigitaldeasturias.com\/radio\/wp-json\/wp\/v2\/posts"}],"about":[{"href":"https:\/\/eldigitaldeasturias.com\/radio\/wp-json\/wp\/v2\/types\/post"}],"author":[{"embeddable":true,"href":"https:\/\/eldigitaldeasturias.com\/radio\/wp-json\/wp\/v2\/users\/1"}],"replies":[{"embeddable":true,"href":"https:\/\/eldigitaldeasturias.com\/radio\/wp-json\/wp\/v2\/comments?post=4250"}],"version-history":[{"count":0,"href":"https:\/\/eldigitaldeasturias.com\/radio\/wp-json\/wp\/v2\/posts\/4250\/revisions"}],"wp:featuredmedia":[{"embeddable":true,"href":"https:\/\/eldigitaldeasturias.com\/radio\/wp-json\/wp\/v2\/media\/1471"}],"wp:attachment":[{"href":"https:\/\/eldigitaldeasturias.com\/radio\/wp-json\/wp\/v2\/media?parent=4250"}],"wp:term":[{"taxonomy":"category","embeddable":true,"href":"https:\/\/eldigitaldeasturias.com\/radio\/wp-json\/wp\/v2\/categories?post=4250"},{"taxonomy":"post_tag","embeddable":true,"href":"https:\/\/eldigitaldeasturias.com\/radio\/wp-json\/wp\/v2\/tags?post=4250"}],"curies":[{"name":"wp","href":"https:\/\/api.w.org\/{rel}","templated":true}]}}