{"id":4240,"date":"2020-05-03T14:36:21","date_gmt":"2020-05-03T14:36:21","guid":{"rendered":"http:\/\/www.eldigitaldeasturias.com\/radio\/?p=4240"},"modified":"2020-05-03T14:36:21","modified_gmt":"2020-05-03T14:36:21","slug":"solidaridad-digital-en-asturias","status":"publish","type":"post","link":"https:\/\/eldigitaldeasturias.com\/radio\/solidaridad-digital-en-asturias\/","title":{"rendered":"Solidaridad digital en Asturias"},"content":{"rendered":"<p><img fetchpriority=\"high\" decoding=\"async\" class=\"alignleft size-medium wp-image-4241\" src=\"http:\/\/www.eldigitaldeasturias.com\/radio\/wp-content\/uploads\/2020\/05\/solidaridad-digital-360x228.jpg\" alt=\"\" width=\"360\" height=\"228\" srcset=\"https:\/\/eldigitaldeasturias.com\/radio\/wp-content\/uploads\/2020\/05\/solidaridad-digital-360x228.jpg 360w, https:\/\/eldigitaldeasturias.com\/radio\/wp-content\/uploads\/2020\/05\/solidaridad-digital-1024x649.jpg 1024w, https:\/\/eldigitaldeasturias.com\/radio\/wp-content\/uploads\/2020\/05\/solidaridad-digital-768x487.jpg 768w, https:\/\/eldigitaldeasturias.com\/radio\/wp-content\/uploads\/2020\/05\/solidaridad-digital.jpg 1044w\" sizes=\"(max-width: 360px) 100vw, 360px\" \/>M\u00e1s de un centenar de particulares, instituciones y empresas han donado equipos inform\u00e1ticos al Principado para que sean <strong>distribuidos entre el alumnado que no dispone de los dispositivos tecnol\u00f3gicos<\/strong> necesarios para seguir el curso de forma no presencial. La campa\u00f1a iniciada por la Consejer\u00eda de Ciencia, Innovaci\u00f3n y Universidad ha logrado reunir 600 ordenadores y tabletas que ayudar\u00e1n a mitigar la brecha digital y se destinar\u00e1n principalmente a la zona rural y a las familias con menos recursos econ\u00f3micos.<\/p>\n<p>La Fundaci\u00f3n Caja Rural de Asturias ha entregado 150 port\u00e1tiles nuevos y un centenar de ordenadores de sobremesa procedentes de sus oficinas, en perfecto estado y preparados para un nuevo uso. La pr\u00e1ctica totalidad de esta partida de equipos inform\u00e1ticos tendr\u00e1 como destino el alumnado de la zona rural que carezca de dispositivos.<\/p>\n<p>Igual de importante ha sido la respuesta de la ciudadan\u00eda a esta campa\u00f1a, que persigue aprovechar y reutilizar dispositivos ya usados. As\u00ed, 125 particulares han contactado con la Direcci\u00f3n General de Innovaci\u00f3n, Investigaci\u00f3n y Transformaci\u00f3n Digital para donar 210 equipos, en su mayor parte ordenadores de sobremesa, port\u00e1tiles y tabletas.<\/p>\n<p>A estos equipos se a\u00f1aden otros 40 ordenadores de sobremesa donados por Sodeco, 30 procedentes de ArcelorMittal, 25 de La El\u00e9ctrica, 22 del Instituto T\u00e9cnico del Cant\u00e1brico (ITC), una decena de port\u00e1tiles del Centro Impulsa de Gij\u00f3n, cinco ordenadores de sobremesa de la empresa Altabox y 15 tabletas de Imaginarium.<\/p>\n<p>Esta campa\u00f1a persigue reforzar las iniciativas ya emprendidas por la Consejer\u00eda de Educaci\u00f3n para dotar de equipos inform\u00e1ticos al alumnado, especialmente de Bachillerato, Formaci\u00f3n Profesional (FP) y cursos de fin de ciclo (4\u00ba de ESO y 6\u00ba de Primaria), que carece de medios para continuar de forma telem\u00e1tica con el curso escolar.<\/p>\n<p>&nbsp;<\/p>\n","protected":false},"excerpt":{"rendered":"<p>M\u00e1s de un centenar de particulares, instituciones y empresas han donado equipos inform\u00e1ticos al Principado para que sean distribuidos entre el alumnado que no dispone de los dispositivos tecnol\u00f3gicos necesarios para seguir el curso de forma no presencial. La campa\u00f1a iniciada por la Consejer\u00eda de Ciencia, Innovaci\u00f3n y Universidad ha logrado reunir 600 ordenadores y<\/p>\n","protected":false},"author":1,"featured_media":4241,"comment_status":"closed","ping_status":"closed","sticky":false,"template":"","format":"standard","meta":{"footnotes":""},"categories":[1],"tags":[],"class_list":{"0":"post-4240","1":"post","2":"type-post","3":"status-publish","4":"format-standard","5":"has-post-thumbnail","7":"category-noticias"},"aioseo_notices":[],"aioseo_head":"\n\t\t<!-- All in One SEO Pro 4.9.6.2 - aioseo.com -->\n\t<meta name=\"description\" content=\"M\u00e1s de un centenar de particulares, instituciones y empresas han donado equipos inform\u00e1ticos al Principado para que sean distribuidos entre el alumnado que no dispone de los dispositivos tecnol\u00f3gicos necesarios para seguir el curso de forma no presencial. La campa\u00f1a iniciada por la Consejer\u00eda de Ciencia, Innovaci\u00f3n y Universidad ha logrado reunir 600 ordenadores y\" \/>\n\t<meta name=\"robots\" content=\"max-image-preview:large\" \/>\n\t<meta name=\"author\" content=\"NBAsturias\"\/>\n\t<meta name=\"google-site-verification\" content=\"UA-38556648-1\" \/>\n\t<meta name=\"keywords\" content=\"noticias\" \/>\n\t<link rel=\"canonical\" href=\"https:\/\/eldigitaldeasturias.com\/radio\/solidaridad-digital-en-asturias\/\" \/>\n\t<meta name=\"generator\" content=\"All in One SEO Pro (AIOSEO) 4.9.6.2\" \/>\n\t\t<meta property=\"og:locale\" content=\"es_ES\" \/>\n\t\t<meta property=\"og:site_name\" content=\"El Digital de Asturias | Diario de informaci\u00f3n y noticias\" \/>\n\t\t<meta property=\"og:type\" content=\"article\" \/>\n\t\t<meta property=\"og:title\" content=\"Solidaridad digital en Asturias | El Digital de Asturias\" \/>\n\t\t<meta property=\"og:description\" content=\"M\u00e1s de un centenar de particulares, instituciones y empresas han donado equipos inform\u00e1ticos al Principado para que sean distribuidos entre el alumnado que no dispone de los dispositivos tecnol\u00f3gicos necesarios para seguir el curso de forma no presencial. La campa\u00f1a iniciada por la Consejer\u00eda de Ciencia, Innovaci\u00f3n y Universidad ha logrado reunir 600 ordenadores y\" \/>\n\t\t<meta property=\"og:url\" content=\"https:\/\/eldigitaldeasturias.com\/radio\/solidaridad-digital-en-asturias\/\" \/>\n\t\t<meta property=\"og:image\" content=\"https:\/\/eldigitaldeasturias.com\/radio\/wp-content\/uploads\/2020\/05\/solidaridad-digital.jpg\" \/>\n\t\t<meta property=\"og:image:secure_url\" content=\"https:\/\/eldigitaldeasturias.com\/radio\/wp-content\/uploads\/2020\/05\/solidaridad-digital.jpg\" \/>\n\t\t<meta property=\"og:image:width\" content=\"1044\" \/>\n\t\t<meta property=\"og:image:height\" content=\"662\" \/>\n\t\t<meta property=\"article:published_time\" content=\"2020-05-03T14:36:21+00:00\" \/>\n\t\t<meta property=\"article:modified_time\" content=\"2020-05-03T14:36:21+00:00\" \/>\n\t\t<meta name=\"twitter:card\" content=\"summary_large_image\" \/>\n\t\t<meta name=\"twitter:site\" content=\"@bercodi\" \/>\n\t\t<meta name=\"twitter:title\" content=\"Solidaridad digital en Asturias | El Digital de Asturias\" \/>\n\t\t<meta name=\"twitter:description\" content=\"M\u00e1s de un centenar de particulares, instituciones y empresas han donado equipos inform\u00e1ticos al Principado para que sean distribuidos entre el alumnado que no dispone de los dispositivos tecnol\u00f3gicos necesarios para seguir el curso de forma no presencial. La campa\u00f1a iniciada por la Consejer\u00eda de Ciencia, Innovaci\u00f3n y Universidad ha logrado reunir 600 ordenadores y\" \/>\n\t\t<meta name=\"twitter:creator\" content=\"@bercodi\" \/>\n\t\t<meta name=\"twitter:image\" content=\"https:\/\/eldigitaldeasturias.com\/radio\/wp-content\/uploads\/2020\/05\/solidaridad-digital.jpg\" \/>\n\t\t<script type=\"application\/ld+json\" class=\"aioseo-schema\">\n\t\t\t{\"@context\":\"https:\\\/\\\/schema.org\",\"@graph\":[{\"@type\":\"BreadcrumbList\",\"@id\":\"https:\\\/\\\/eldigitaldeasturias.com\\\/radio\\\/solidaridad-digital-en-asturias\\\/#breadcrumblist\",\"itemListElement\":[{\"@type\":\"ListItem\",\"@id\":\"https:\\\/\\\/eldigitaldeasturias.com\\\/radio#listItem\",\"position\":1,\"name\":\"Inicio\",\"item\":\"https:\\\/\\\/eldigitaldeasturias.com\\\/radio\",\"nextItem\":{\"@type\":\"ListItem\",\"@id\":\"https:\\\/\\\/eldigitaldeasturias.com\\\/radio\\\/category\\\/noticias\\\/#listItem\",\"name\":\"Noticias\"}},{\"@type\":\"ListItem\",\"@id\":\"https:\\\/\\\/eldigitaldeasturias.com\\\/radio\\\/category\\\/noticias\\\/#listItem\",\"position\":2,\"name\":\"Noticias\",\"item\":\"https:\\\/\\\/eldigitaldeasturias.com\\\/radio\\\/category\\\/noticias\\\/\",\"nextItem\":{\"@type\":\"ListItem\",\"@id\":\"https:\\\/\\\/eldigitaldeasturias.com\\\/radio\\\/solidaridad-digital-en-asturias\\\/#listItem\",\"name\":\"Solidaridad digital en Asturias\"},\"previousItem\":{\"@type\":\"ListItem\",\"@id\":\"https:\\\/\\\/eldigitaldeasturias.com\\\/radio#listItem\",\"name\":\"Inicio\"}},{\"@type\":\"ListItem\",\"@id\":\"https:\\\/\\\/eldigitaldeasturias.com\\\/radio\\\/solidaridad-digital-en-asturias\\\/#listItem\",\"position\":3,\"name\":\"Solidaridad digital en Asturias\",\"previousItem\":{\"@type\":\"ListItem\",\"@id\":\"https:\\\/\\\/eldigitaldeasturias.com\\\/radio\\\/category\\\/noticias\\\/#listItem\",\"name\":\"Noticias\"}}]},{\"@type\":\"NewsArticle\",\"@id\":\"https:\\\/\\\/eldigitaldeasturias.com\\\/radio\\\/solidaridad-digital-en-asturias\\\/#newsarticle\",\"name\":\"Solidaridad digital en Asturias | El Digital de Asturias\",\"headline\":\"Solidaridad digital en Asturias\",\"author\":{\"@id\":\"https:\\\/\\\/eldigitaldeasturias.com\\\/radio\\\/author\\\/nbasturias\\\/#author\"},\"publisher\":{\"@id\":\"https:\\\/\\\/eldigitaldeasturias.com\\\/radio\\\/#organization\"},\"image\":{\"@type\":\"ImageObject\",\"url\":\"https:\\\/\\\/eldigitaldeasturias.com\\\/radio\\\/wp-content\\\/uploads\\\/2020\\\/05\\\/solidaridad-digital.jpg\",\"width\":1044,\"height\":662},\"datePublished\":\"2020-05-03T14:36:21+02:00\",\"dateModified\":\"2020-05-03T14:36:21+02:00\",\"inLanguage\":\"es-ES\",\"mainEntityOfPage\":{\"@id\":\"https:\\\/\\\/eldigitaldeasturias.com\\\/radio\\\/solidaridad-digital-en-asturias\\\/#webpage\"},\"isPartOf\":{\"@id\":\"https:\\\/\\\/eldigitaldeasturias.com\\\/radio\\\/solidaridad-digital-en-asturias\\\/#webpage\"},\"articleSection\":\"Noticias\",\"dateline\":\"Publicado el mayo 3, 2020.\"},{\"@type\":\"Organization\",\"@id\":\"https:\\\/\\\/eldigitaldeasturias.com\\\/radio\\\/#organization\",\"name\":\"El digital de Asturias Radio\",\"description\":\"Diario de informaci\\u00f3n y noticias\",\"url\":\"https:\\\/\\\/eldigitaldeasturias.com\\\/radio\\\/\",\"telephone\":\"+34652131393\",\"logo\":{\"@type\":\"ImageObject\",\"url\":\"https:\\\/\\\/www.eldigitaldeasturias.com\\\/radio\\\/wp-content\\\/uploads\\\/2021\\\/03\\\/EDA.jpg\",\"@id\":\"https:\\\/\\\/eldigitaldeasturias.com\\\/radio\\\/solidaridad-digital-en-asturias\\\/#organizationLogo\"},\"image\":{\"@id\":\"https:\\\/\\\/eldigitaldeasturias.com\\\/radio\\\/solidaridad-digital-en-asturias\\\/#organizationLogo\"},\"sameAs\":[\"https:\\\/\\\/www.facebook.com\\\/\",\"https:\\\/\\\/x.com\\\/bercodi\",\"https:\\\/\\\/www.instagram.com\\\/\",\"https:\\\/\\\/www.youtube.com\\\/channel\\\/UCZP-2wLEB9Rv6erhFmqVnvg\"]},{\"@type\":\"Person\",\"@id\":\"https:\\\/\\\/eldigitaldeasturias.com\\\/radio\\\/author\\\/nbasturias\\\/#author\",\"url\":\"https:\\\/\\\/eldigitaldeasturias.com\\\/radio\\\/author\\\/nbasturias\\\/\",\"name\":\"NBAsturias\",\"image\":{\"@type\":\"ImageObject\",\"@id\":\"https:\\\/\\\/eldigitaldeasturias.com\\\/radio\\\/solidaridad-digital-en-asturias\\\/#authorImage\",\"url\":\"https:\\\/\\\/secure.gravatar.com\\\/avatar\\\/df2aeffc32bcd13f8d26072ef8a91b623d677766deac7f97ca815868cd41bf5e?s=96&d=mm&r=g\",\"width\":96,\"height\":96,\"caption\":\"NBAsturias\"}},{\"@type\":\"WebPage\",\"@id\":\"https:\\\/\\\/eldigitaldeasturias.com\\\/radio\\\/solidaridad-digital-en-asturias\\\/#webpage\",\"url\":\"https:\\\/\\\/eldigitaldeasturias.com\\\/radio\\\/solidaridad-digital-en-asturias\\\/\",\"name\":\"Solidaridad digital en Asturias | El Digital de Asturias\",\"description\":\"M\\u00e1s de un centenar de particulares, instituciones y empresas han donado equipos inform\\u00e1ticos al Principado para que sean distribuidos entre el alumnado que no dispone de los dispositivos tecnol\\u00f3gicos necesarios para seguir el curso de forma no presencial. La campa\\u00f1a iniciada por la Consejer\\u00eda de Ciencia, Innovaci\\u00f3n y Universidad ha logrado reunir 600 ordenadores y\",\"inLanguage\":\"es-ES\",\"isPartOf\":{\"@id\":\"https:\\\/\\\/eldigitaldeasturias.com\\\/radio\\\/#website\"},\"breadcrumb\":{\"@id\":\"https:\\\/\\\/eldigitaldeasturias.com\\\/radio\\\/solidaridad-digital-en-asturias\\\/#breadcrumblist\"},\"author\":{\"@id\":\"https:\\\/\\\/eldigitaldeasturias.com\\\/radio\\\/author\\\/nbasturias\\\/#author\"},\"creator\":{\"@id\":\"https:\\\/\\\/eldigitaldeasturias.com\\\/radio\\\/author\\\/nbasturias\\\/#author\"},\"image\":{\"@type\":\"ImageObject\",\"url\":\"https:\\\/\\\/eldigitaldeasturias.com\\\/radio\\\/wp-content\\\/uploads\\\/2020\\\/05\\\/solidaridad-digital.jpg\",\"@id\":\"https:\\\/\\\/eldigitaldeasturias.com\\\/radio\\\/solidaridad-digital-en-asturias\\\/#mainImage\",\"width\":1044,\"height\":662},\"primaryImageOfPage\":{\"@id\":\"https:\\\/\\\/eldigitaldeasturias.com\\\/radio\\\/solidaridad-digital-en-asturias\\\/#mainImage\"},\"datePublished\":\"2020-05-03T14:36:21+02:00\",\"dateModified\":\"2020-05-03T14:36:21+02:00\"},{\"@type\":\"WebSite\",\"@id\":\"https:\\\/\\\/eldigitaldeasturias.com\\\/radio\\\/#website\",\"url\":\"https:\\\/\\\/eldigitaldeasturias.com\\\/radio\\\/\",\"name\":\"El Digital de Asturias\",\"description\":\"Diario de informaci\\u00f3n y noticias\",\"inLanguage\":\"es-ES\",\"publisher\":{\"@id\":\"https:\\\/\\\/eldigitaldeasturias.com\\\/radio\\\/#organization\"}}]}\n\t\t<\/script>\n\t\t<!-- All in One SEO Pro -->\r\n\t\t<title>Solidaridad digital en Asturias | El Digital de Asturias<\/title>\n\n","aioseo_head_json":{"title":"Solidaridad digital en Asturias | El Digital de Asturias","description":"M\u00e1s de un centenar de particulares, instituciones y empresas han donado equipos inform\u00e1ticos al Principado para que sean distribuidos entre el alumnado que no dispone de los dispositivos tecnol\u00f3gicos necesarios para seguir el curso de forma no presencial. La campa\u00f1a iniciada por la Consejer\u00eda de Ciencia, Innovaci\u00f3n y Universidad ha logrado reunir 600 ordenadores y","canonical_url":"https:\/\/eldigitaldeasturias.com\/radio\/solidaridad-digital-en-asturias\/","robots":"max-image-preview:large","keywords":"noticias","webmasterTools":{"google-site-verification":"UA-38556648-1","miscellaneous":""},"schema":{"@context":"https:\/\/schema.org","@graph":[{"@type":"BreadcrumbList","@id":"https:\/\/eldigitaldeasturias.com\/radio\/solidaridad-digital-en-asturias\/#breadcrumblist","itemListElement":[{"@type":"ListItem","@id":"https:\/\/eldigitaldeasturias.com\/radio#listItem","position":1,"name":"Inicio","item":"https:\/\/eldigitaldeasturias.com\/radio","nextItem":{"@type":"ListItem","@id":"https:\/\/eldigitaldeasturias.com\/radio\/category\/noticias\/#listItem","name":"Noticias"}},{"@type":"ListItem","@id":"https:\/\/eldigitaldeasturias.com\/radio\/category\/noticias\/#listItem","position":2,"name":"Noticias","item":"https:\/\/eldigitaldeasturias.com\/radio\/category\/noticias\/","nextItem":{"@type":"ListItem","@id":"https:\/\/eldigitaldeasturias.com\/radio\/solidaridad-digital-en-asturias\/#listItem","name":"Solidaridad digital en Asturias"},"previousItem":{"@type":"ListItem","@id":"https:\/\/eldigitaldeasturias.com\/radio#listItem","name":"Inicio"}},{"@type":"ListItem","@id":"https:\/\/eldigitaldeasturias.com\/radio\/solidaridad-digital-en-asturias\/#listItem","position":3,"name":"Solidaridad digital en Asturias","previousItem":{"@type":"ListItem","@id":"https:\/\/eldigitaldeasturias.com\/radio\/category\/noticias\/#listItem","name":"Noticias"}}]},{"@type":"NewsArticle","@id":"https:\/\/eldigitaldeasturias.com\/radio\/solidaridad-digital-en-asturias\/#newsarticle","name":"Solidaridad digital en Asturias | El Digital de Asturias","headline":"Solidaridad digital en Asturias","author":{"@id":"https:\/\/eldigitaldeasturias.com\/radio\/author\/nbasturias\/#author"},"publisher":{"@id":"https:\/\/eldigitaldeasturias.com\/radio\/#organization"},"image":{"@type":"ImageObject","url":"https:\/\/eldigitaldeasturias.com\/radio\/wp-content\/uploads\/2020\/05\/solidaridad-digital.jpg","width":1044,"height":662},"datePublished":"2020-05-03T14:36:21+02:00","dateModified":"2020-05-03T14:36:21+02:00","inLanguage":"es-ES","mainEntityOfPage":{"@id":"https:\/\/eldigitaldeasturias.com\/radio\/solidaridad-digital-en-asturias\/#webpage"},"isPartOf":{"@id":"https:\/\/eldigitaldeasturias.com\/radio\/solidaridad-digital-en-asturias\/#webpage"},"articleSection":"Noticias","dateline":"Publicado el mayo 3, 2020."},{"@type":"Organization","@id":"https:\/\/eldigitaldeasturias.com\/radio\/#organization","name":"El digital de Asturias Radio","description":"Diario de informaci\u00f3n y noticias","url":"https:\/\/eldigitaldeasturias.com\/radio\/","telephone":"+34652131393","logo":{"@type":"ImageObject","url":"https:\/\/www.eldigitaldeasturias.com\/radio\/wp-content\/uploads\/2021\/03\/EDA.jpg","@id":"https:\/\/eldigitaldeasturias.com\/radio\/solidaridad-digital-en-asturias\/#organizationLogo"},"image":{"@id":"https:\/\/eldigitaldeasturias.com\/radio\/solidaridad-digital-en-asturias\/#organizationLogo"},"sameAs":["https:\/\/www.facebook.com\/","https:\/\/x.com\/bercodi","https:\/\/www.instagram.com\/","https:\/\/www.youtube.com\/channel\/UCZP-2wLEB9Rv6erhFmqVnvg"]},{"@type":"Person","@id":"https:\/\/eldigitaldeasturias.com\/radio\/author\/nbasturias\/#author","url":"https:\/\/eldigitaldeasturias.com\/radio\/author\/nbasturias\/","name":"NBAsturias","image":{"@type":"ImageObject","@id":"https:\/\/eldigitaldeasturias.com\/radio\/solidaridad-digital-en-asturias\/#authorImage","url":"https:\/\/secure.gravatar.com\/avatar\/df2aeffc32bcd13f8d26072ef8a91b623d677766deac7f97ca815868cd41bf5e?s=96&d=mm&r=g","width":96,"height":96,"caption":"NBAsturias"}},{"@type":"WebPage","@id":"https:\/\/eldigitaldeasturias.com\/radio\/solidaridad-digital-en-asturias\/#webpage","url":"https:\/\/eldigitaldeasturias.com\/radio\/solidaridad-digital-en-asturias\/","name":"Solidaridad digital en Asturias | El Digital de Asturias","description":"M\u00e1s de un centenar de particulares, instituciones y empresas han donado equipos inform\u00e1ticos al Principado para que sean distribuidos entre el alumnado que no dispone de los dispositivos tecnol\u00f3gicos necesarios para seguir el curso de forma no presencial. La campa\u00f1a iniciada por la Consejer\u00eda de Ciencia, Innovaci\u00f3n y Universidad ha logrado reunir 600 ordenadores y","inLanguage":"es-ES","isPartOf":{"@id":"https:\/\/eldigitaldeasturias.com\/radio\/#website"},"breadcrumb":{"@id":"https:\/\/eldigitaldeasturias.com\/radio\/solidaridad-digital-en-asturias\/#breadcrumblist"},"author":{"@id":"https:\/\/eldigitaldeasturias.com\/radio\/author\/nbasturias\/#author"},"creator":{"@id":"https:\/\/eldigitaldeasturias.com\/radio\/author\/nbasturias\/#author"},"image":{"@type":"ImageObject","url":"https:\/\/eldigitaldeasturias.com\/radio\/wp-content\/uploads\/2020\/05\/solidaridad-digital.jpg","@id":"https:\/\/eldigitaldeasturias.com\/radio\/solidaridad-digital-en-asturias\/#mainImage","width":1044,"height":662},"primaryImageOfPage":{"@id":"https:\/\/eldigitaldeasturias.com\/radio\/solidaridad-digital-en-asturias\/#mainImage"},"datePublished":"2020-05-03T14:36:21+02:00","dateModified":"2020-05-03T14:36:21+02:00"},{"@type":"WebSite","@id":"https:\/\/eldigitaldeasturias.com\/radio\/#website","url":"https:\/\/eldigitaldeasturias.com\/radio\/","name":"El Digital de Asturias","description":"Diario de informaci\u00f3n y noticias","inLanguage":"es-ES","publisher":{"@id":"https:\/\/eldigitaldeasturias.com\/radio\/#organization"}}]},"og:locale":"es_ES","og:site_name":"El Digital de Asturias | Diario de informaci\u00f3n y noticias","og:type":"article","og:title":"Solidaridad digital en Asturias | El Digital de Asturias","og:description":"M\u00e1s de un centenar de particulares, instituciones y empresas han donado equipos inform\u00e1ticos al Principado para que sean distribuidos entre el alumnado que no dispone de los dispositivos tecnol\u00f3gicos necesarios para seguir el curso de forma no presencial. La campa\u00f1a iniciada por la Consejer\u00eda de Ciencia, Innovaci\u00f3n y Universidad ha logrado reunir 600 ordenadores y","og:url":"https:\/\/eldigitaldeasturias.com\/radio\/solidaridad-digital-en-asturias\/","og:image":"https:\/\/eldigitaldeasturias.com\/radio\/wp-content\/uploads\/2020\/05\/solidaridad-digital.jpg","og:image:secure_url":"https:\/\/eldigitaldeasturias.com\/radio\/wp-content\/uploads\/2020\/05\/solidaridad-digital.jpg","og:image:width":1044,"og:image:height":662,"article:published_time":"2020-05-03T14:36:21+00:00","article:modified_time":"2020-05-03T14:36:21+00:00","twitter:card":"summary_large_image","twitter:site":"@bercodi","twitter:title":"Solidaridad digital en Asturias | El Digital de Asturias","twitter:description":"M\u00e1s de un centenar de particulares, instituciones y empresas han donado equipos inform\u00e1ticos al Principado para que sean distribuidos entre el alumnado que no dispone de los dispositivos tecnol\u00f3gicos necesarios para seguir el curso de forma no presencial. La campa\u00f1a iniciada por la Consejer\u00eda de Ciencia, Innovaci\u00f3n y Universidad ha logrado reunir 600 ordenadores y","twitter:creator":"@bercodi","twitter:image":"https:\/\/eldigitaldeasturias.com\/radio\/wp-content\/uploads\/2020\/05\/solidaridad-digital.jpg"},"aioseo_meta_data":{"post_id":"4240","title":null,"description":null,"keywords":null,"keyphrases":null,"primary_term":null,"canonical_url":null,"og_title":null,"og_description":null,"og_object_type":"default","og_image_type":"default","og_image_url":null,"og_image_width":null,"og_image_height":null,"og_image_custom_url":null,"og_image_custom_fields":null,"og_video":null,"og_custom_url":null,"og_article_section":null,"og_article_tags":null,"twitter_use_og":false,"twitter_card":"default","twitter_image_type":"default","twitter_image_url":null,"twitter_image_custom_url":null,"twitter_image_custom_fields":null,"twitter_title":null,"twitter_description":null,"schema":{"blockGraphs":[],"customGraphs":[],"default":{"data":{"Article":[],"Course":[],"Dataset":[],"FAQPage":[],"Movie":[],"Person":[],"Product":[],"ProductReview":[],"Car":[],"Recipe":[],"Service":[],"SoftwareApplication":[],"WebPage":[]},"graphName":"","isEnabled":true},"graphs":[],"defaultGraph":"","defaultPostTypeGraph":""},"schema_type":null,"schema_type_options":null,"pillar_content":false,"robots_default":true,"robots_noindex":false,"robots_noarchive":false,"robots_nosnippet":false,"robots_nofollow":false,"robots_noimageindex":false,"robots_noodp":false,"robots_notranslate":false,"robots_max_snippet":null,"robots_max_videopreview":null,"robots_max_imagepreview":"large","priority":null,"frequency":null,"location":null,"local_seo":null,"seo_analyzer_scan_date":"2025-08-28 15:35:38","breadcrumb_settings":null,"limit_modified_date":false,"open_ai":null,"ai":null,"created":"2021-03-27 06:59:45","updated":"2025-08-28 15:35:38"},"aioseo_breadcrumb":"<div class=\"aioseo-breadcrumbs\"><span class=\"aioseo-breadcrumb\">\n\t<a href=\"https:\/\/eldigitaldeasturias.com\/radio\" title=\"Inicio\">Inicio<\/a>\n<\/span><span class=\"aioseo-breadcrumb-separator\">&ndash;<\/span><span class=\"aioseo-breadcrumb\">\n\t<a href=\"https:\/\/eldigitaldeasturias.com\/radio\/category\/noticias\/\" title=\"Noticias\">Noticias<\/a>\n<\/span><span class=\"aioseo-breadcrumb-separator\">&ndash;<\/span><span class=\"aioseo-breadcrumb\">\n\tSolidaridad digital en Asturias\n<\/span><\/div>","aioseo_breadcrumb_json":[{"label":"Inicio","link":"https:\/\/eldigitaldeasturias.com\/radio"},{"label":"Noticias","link":"https:\/\/eldigitaldeasturias.com\/radio\/category\/noticias\/"},{"label":"Solidaridad digital en Asturias","link":"https:\/\/eldigitaldeasturias.com\/radio\/solidaridad-digital-en-asturias\/"}],"_links":{"self":[{"href":"https:\/\/eldigitaldeasturias.com\/radio\/wp-json\/wp\/v2\/posts\/4240","targetHints":{"allow":["GET"]}}],"collection":[{"href":"https:\/\/eldigitaldeasturias.com\/radio\/wp-json\/wp\/v2\/posts"}],"about":[{"href":"https:\/\/eldigitaldeasturias.com\/radio\/wp-json\/wp\/v2\/types\/post"}],"author":[{"embeddable":true,"href":"https:\/\/eldigitaldeasturias.com\/radio\/wp-json\/wp\/v2\/users\/1"}],"replies":[{"embeddable":true,"href":"https:\/\/eldigitaldeasturias.com\/radio\/wp-json\/wp\/v2\/comments?post=4240"}],"version-history":[{"count":0,"href":"https:\/\/eldigitaldeasturias.com\/radio\/wp-json\/wp\/v2\/posts\/4240\/revisions"}],"wp:featuredmedia":[{"embeddable":true,"href":"https:\/\/eldigitaldeasturias.com\/radio\/wp-json\/wp\/v2\/media\/4241"}],"wp:attachment":[{"href":"https:\/\/eldigitaldeasturias.com\/radio\/wp-json\/wp\/v2\/media?parent=4240"}],"wp:term":[{"taxonomy":"category","embeddable":true,"href":"https:\/\/eldigitaldeasturias.com\/radio\/wp-json\/wp\/v2\/categories?post=4240"},{"taxonomy":"post_tag","embeddable":true,"href":"https:\/\/eldigitaldeasturias.com\/radio\/wp-json\/wp\/v2\/tags?post=4240"}],"curies":[{"name":"wp","href":"https:\/\/api.w.org\/{rel}","templated":true}]}}