{"id":4224,"date":"2020-04-30T16:57:36","date_gmt":"2020-04-30T16:57:36","guid":{"rendered":"http:\/\/www.eldigitaldeasturias.com\/radio\/?p=4224"},"modified":"2020-04-30T17:28:29","modified_gmt":"2020-04-30T17:28:29","slug":"ifo-empresas-alemanas-ven-su-existencia-amenazada-por-crisis","status":"publish","type":"post","link":"https:\/\/eldigitaldeasturias.com\/radio\/ifo-empresas-alemanas-ven-su-existencia-amenazada-por-crisis\/","title":{"rendered":"Ifo: Empresas alemanas ven su existencia amenazada por crisis"},"content":{"rendered":"<p><img fetchpriority=\"high\" decoding=\"async\" class=\"alignleft size-medium wp-image-1471\" src=\"http:\/\/www.eldigitaldeasturias.com\/radio\/wp-content\/uploads\/2018\/10\/money-1005477_960_720-360x240.jpg\" alt=\"\" width=\"360\" height=\"240\" srcset=\"https:\/\/eldigitaldeasturias.com\/radio\/wp-content\/uploads\/2018\/10\/money-1005477_960_720-360x240.jpg 360w, https:\/\/eldigitaldeasturias.com\/radio\/wp-content\/uploads\/2018\/10\/money-1005477_960_720-768x512.jpg 768w, https:\/\/eldigitaldeasturias.com\/radio\/wp-content\/uploads\/2018\/10\/money-1005477_960_720.jpg 960w\" sizes=\"(max-width: 360px) 100vw, 360px\" \/>M\u00fanich, 29 abr (dpa) &#8211; Casi un tercio de las empresas alemanas temen una r\u00e1pida insolvencia si las medidas del Gobierno para contener la pandemia de coronavirus se mantienen durante mucho tiempo m\u00e1s, inform\u00f3 hoy el instituto de investigaci\u00f3n econ\u00f3mica Ifo.<\/p>\n<p>Seg\u00fan el sondeo, un 29,2 por ciento de las empresas entrevistadas manifestaron que podr\u00edan sostenerse un m\u00e1ximo de tres meses y un 52,7 por ciento, poco m\u00e1s de la mitad, hasta seis meses.<\/p>\n<p>\u00abEstas son cifras preocupantes que indican una pr\u00f3xima ola de insolvencias\u00bb, observ\u00f3 el experto de Ifo Klaus Wohlrabe.<\/p>\n<p>Precis\u00f3 que la situaci\u00f3n en el sector minorista fue particularmente cr\u00edtica en abril ya que el 44,9 por ciento de las empresas respondieron que podr\u00edan mantenerse hasta un m\u00e1ximo de tres meses mientras que el 63,2 por ciento expresaron que podr\u00edan sobrevivir hasta seis meses.<\/p>\n<p>La encuesta de Ifo revel\u00f3 que entre los proveedores de servicios el 31,3 por ciento teme que las empresas quiebren en un plazo de tres meses mientras que el 56 por ciento tendr\u00e1 que declararse insolvente despu\u00e9s de seis meses como m\u00e1ximo, si se mantienen las restricciones.<\/p>\n<p>La situaci\u00f3n de la industria alemana parece ser algo m\u00e1s estable, prosigue el estudio: el 24,8 por ciento de las empresas tienen fortaleza para resistir un trimestre aunque despu\u00e9s de medio a\u00f1o o antes, el 48 por ciento de las industrias declar\u00f3 que tendr\u00e1 que cerrar.<\/p>\n<p>El sector de la construcci\u00f3n es actualmente el m\u00e1s robusto: el 20,4 por ciento de las empresas pueden aguantar hasta tres meses pero el 45,4 por ciento deber\u00e1n abandonar el negocio despu\u00e9s de medio a\u00f1o o menos si no hay una flexibilizaci\u00f3n, indica Ifo.<\/p>\n<p>&nbsp;<\/p>\n","protected":false},"excerpt":{"rendered":"<p>M\u00fanich, 29 abr (dpa) &#8211; Casi un tercio de las empresas alemanas temen una r\u00e1pida insolvencia si las medidas del Gobierno para contener la pandemia de coronavirus se mantienen durante mucho tiempo m\u00e1s, inform\u00f3 hoy el instituto de investigaci\u00f3n econ\u00f3mica Ifo. Seg\u00fan el sondeo, un 29,2 por ciento de las empresas entrevistadas manifestaron que podr\u00edan<\/p>\n","protected":false},"author":1,"featured_media":1471,"comment_status":"closed","ping_status":"closed","sticky":false,"template":"","format":"standard","meta":{"footnotes":""},"categories":[35],"tags":[],"class_list":{"0":"post-4224","1":"post","2":"type-post","3":"status-publish","4":"format-standard","5":"has-post-thumbnail","7":"category-negocios"},"aioseo_notices":[],"aioseo_head":"\n\t\t<!-- All in One SEO Pro 4.9.6.2 - aioseo.com -->\n\t<meta name=\"description\" content=\"M\u00fanich, 29 abr (dpa) - Casi un tercio de las empresas alemanas temen una r\u00e1pida insolvencia si las medidas del Gobierno para contener la pandemia de coronavirus se mantienen durante mucho tiempo m\u00e1s, inform\u00f3 hoy el instituto de investigaci\u00f3n econ\u00f3mica Ifo. Seg\u00fan el sondeo, un 29,2 por ciento de las empresas entrevistadas manifestaron que podr\u00edan\" \/>\n\t<meta name=\"robots\" content=\"max-image-preview:large\" \/>\n\t<meta name=\"author\" content=\"NBAsturias\"\/>\n\t<meta name=\"google-site-verification\" content=\"UA-38556648-1\" \/>\n\t<meta name=\"keywords\" content=\"negocios\" \/>\n\t<link rel=\"canonical\" href=\"https:\/\/eldigitaldeasturias.com\/radio\/ifo-empresas-alemanas-ven-su-existencia-amenazada-por-crisis\/\" \/>\n\t<meta name=\"generator\" content=\"All in One SEO Pro (AIOSEO) 4.9.6.2\" \/>\n\t\t<meta property=\"og:locale\" content=\"es_ES\" \/>\n\t\t<meta property=\"og:site_name\" content=\"El Digital de Asturias | Diario de informaci\u00f3n y noticias\" \/>\n\t\t<meta property=\"og:type\" content=\"article\" \/>\n\t\t<meta property=\"og:title\" content=\"Ifo: Empresas alemanas ven su existencia amenazada por crisis | El Digital de Asturias\" \/>\n\t\t<meta property=\"og:description\" content=\"M\u00fanich, 29 abr (dpa) - Casi un tercio de las empresas alemanas temen una r\u00e1pida insolvencia si las medidas del Gobierno para contener la pandemia de coronavirus se mantienen durante mucho tiempo m\u00e1s, inform\u00f3 hoy el instituto de investigaci\u00f3n econ\u00f3mica Ifo. Seg\u00fan el sondeo, un 29,2 por ciento de las empresas entrevistadas manifestaron que podr\u00edan\" \/>\n\t\t<meta property=\"og:url\" content=\"https:\/\/eldigitaldeasturias.com\/radio\/ifo-empresas-alemanas-ven-su-existencia-amenazada-por-crisis\/\" \/>\n\t\t<meta property=\"og:image\" content=\"https:\/\/eldigitaldeasturias.com\/radio\/wp-content\/uploads\/2018\/10\/money-1005477_960_720.jpg\" \/>\n\t\t<meta property=\"og:image:secure_url\" content=\"https:\/\/eldigitaldeasturias.com\/radio\/wp-content\/uploads\/2018\/10\/money-1005477_960_720.jpg\" \/>\n\t\t<meta property=\"og:image:width\" content=\"960\" \/>\n\t\t<meta property=\"og:image:height\" content=\"640\" \/>\n\t\t<meta property=\"article:published_time\" content=\"2020-04-30T16:57:36+00:00\" \/>\n\t\t<meta property=\"article:modified_time\" content=\"2020-04-30T17:28:29+00:00\" \/>\n\t\t<meta name=\"twitter:card\" content=\"summary_large_image\" \/>\n\t\t<meta name=\"twitter:site\" content=\"@bercodi\" \/>\n\t\t<meta name=\"twitter:title\" content=\"Ifo: Empresas alemanas ven su existencia amenazada por crisis | El Digital de Asturias\" \/>\n\t\t<meta name=\"twitter:description\" content=\"M\u00fanich, 29 abr (dpa) - Casi un tercio de las empresas alemanas temen una r\u00e1pida insolvencia si las medidas del Gobierno para contener la pandemia de coronavirus se mantienen durante mucho tiempo m\u00e1s, inform\u00f3 hoy el instituto de investigaci\u00f3n econ\u00f3mica Ifo. Seg\u00fan el sondeo, un 29,2 por ciento de las empresas entrevistadas manifestaron que podr\u00edan\" \/>\n\t\t<meta name=\"twitter:creator\" content=\"@bercodi\" \/>\n\t\t<meta name=\"twitter:image\" content=\"https:\/\/eldigitaldeasturias.com\/radio\/wp-content\/uploads\/2018\/10\/money-1005477_960_720.jpg\" \/>\n\t\t<script type=\"application\/ld+json\" class=\"aioseo-schema\">\n\t\t\t{\"@context\":\"https:\\\/\\\/schema.org\",\"@graph\":[{\"@type\":\"BreadcrumbList\",\"@id\":\"https:\\\/\\\/eldigitaldeasturias.com\\\/radio\\\/ifo-empresas-alemanas-ven-su-existencia-amenazada-por-crisis\\\/#breadcrumblist\",\"itemListElement\":[{\"@type\":\"ListItem\",\"@id\":\"https:\\\/\\\/eldigitaldeasturias.com\\\/radio#listItem\",\"position\":1,\"name\":\"Inicio\",\"item\":\"https:\\\/\\\/eldigitaldeasturias.com\\\/radio\",\"nextItem\":{\"@type\":\"ListItem\",\"@id\":\"https:\\\/\\\/eldigitaldeasturias.com\\\/radio\\\/category\\\/negocios\\\/#listItem\",\"name\":\"Negocios\"}},{\"@type\":\"ListItem\",\"@id\":\"https:\\\/\\\/eldigitaldeasturias.com\\\/radio\\\/category\\\/negocios\\\/#listItem\",\"position\":2,\"name\":\"Negocios\",\"item\":\"https:\\\/\\\/eldigitaldeasturias.com\\\/radio\\\/category\\\/negocios\\\/\",\"nextItem\":{\"@type\":\"ListItem\",\"@id\":\"https:\\\/\\\/eldigitaldeasturias.com\\\/radio\\\/ifo-empresas-alemanas-ven-su-existencia-amenazada-por-crisis\\\/#listItem\",\"name\":\"Ifo: Empresas alemanas ven su existencia amenazada por crisis\"},\"previousItem\":{\"@type\":\"ListItem\",\"@id\":\"https:\\\/\\\/eldigitaldeasturias.com\\\/radio#listItem\",\"name\":\"Inicio\"}},{\"@type\":\"ListItem\",\"@id\":\"https:\\\/\\\/eldigitaldeasturias.com\\\/radio\\\/ifo-empresas-alemanas-ven-su-existencia-amenazada-por-crisis\\\/#listItem\",\"position\":3,\"name\":\"Ifo: Empresas alemanas ven su existencia amenazada por crisis\",\"previousItem\":{\"@type\":\"ListItem\",\"@id\":\"https:\\\/\\\/eldigitaldeasturias.com\\\/radio\\\/category\\\/negocios\\\/#listItem\",\"name\":\"Negocios\"}}]},{\"@type\":\"NewsArticle\",\"@id\":\"https:\\\/\\\/eldigitaldeasturias.com\\\/radio\\\/ifo-empresas-alemanas-ven-su-existencia-amenazada-por-crisis\\\/#newsarticle\",\"name\":\"Ifo: Empresas alemanas ven su existencia amenazada por crisis | El Digital de Asturias\",\"headline\":\"Ifo: Empresas alemanas ven su existencia amenazada por crisis\",\"author\":{\"@id\":\"https:\\\/\\\/eldigitaldeasturias.com\\\/radio\\\/author\\\/nbasturias\\\/#author\"},\"publisher\":{\"@id\":\"https:\\\/\\\/eldigitaldeasturias.com\\\/radio\\\/#organization\"},\"image\":{\"@type\":\"ImageObject\",\"url\":\"https:\\\/\\\/eldigitaldeasturias.com\\\/radio\\\/wp-content\\\/uploads\\\/2018\\\/10\\\/money-1005477_960_720.jpg\",\"width\":960,\"height\":640},\"datePublished\":\"2020-04-30T16:57:36+02:00\",\"dateModified\":\"2020-04-30T17:28:29+02:00\",\"inLanguage\":\"es-ES\",\"mainEntityOfPage\":{\"@id\":\"https:\\\/\\\/eldigitaldeasturias.com\\\/radio\\\/ifo-empresas-alemanas-ven-su-existencia-amenazada-por-crisis\\\/#webpage\"},\"isPartOf\":{\"@id\":\"https:\\\/\\\/eldigitaldeasturias.com\\\/radio\\\/ifo-empresas-alemanas-ven-su-existencia-amenazada-por-crisis\\\/#webpage\"},\"articleSection\":\"Negocios\",\"dateline\":\"Publicado el abril 30, 2020.\"},{\"@type\":\"Organization\",\"@id\":\"https:\\\/\\\/eldigitaldeasturias.com\\\/radio\\\/#organization\",\"name\":\"El digital de Asturias Radio\",\"description\":\"Diario de informaci\\u00f3n y noticias\",\"url\":\"https:\\\/\\\/eldigitaldeasturias.com\\\/radio\\\/\",\"telephone\":\"+34652131393\",\"logo\":{\"@type\":\"ImageObject\",\"url\":\"https:\\\/\\\/www.eldigitaldeasturias.com\\\/radio\\\/wp-content\\\/uploads\\\/2021\\\/03\\\/EDA.jpg\",\"@id\":\"https:\\\/\\\/eldigitaldeasturias.com\\\/radio\\\/ifo-empresas-alemanas-ven-su-existencia-amenazada-por-crisis\\\/#organizationLogo\"},\"image\":{\"@id\":\"https:\\\/\\\/eldigitaldeasturias.com\\\/radio\\\/ifo-empresas-alemanas-ven-su-existencia-amenazada-por-crisis\\\/#organizationLogo\"},\"sameAs\":[\"https:\\\/\\\/www.facebook.com\\\/\",\"https:\\\/\\\/x.com\\\/bercodi\",\"https:\\\/\\\/www.instagram.com\\\/\",\"https:\\\/\\\/www.youtube.com\\\/channel\\\/UCZP-2wLEB9Rv6erhFmqVnvg\"]},{\"@type\":\"Person\",\"@id\":\"https:\\\/\\\/eldigitaldeasturias.com\\\/radio\\\/author\\\/nbasturias\\\/#author\",\"url\":\"https:\\\/\\\/eldigitaldeasturias.com\\\/radio\\\/author\\\/nbasturias\\\/\",\"name\":\"NBAsturias\",\"image\":{\"@type\":\"ImageObject\",\"@id\":\"https:\\\/\\\/eldigitaldeasturias.com\\\/radio\\\/ifo-empresas-alemanas-ven-su-existencia-amenazada-por-crisis\\\/#authorImage\",\"url\":\"https:\\\/\\\/secure.gravatar.com\\\/avatar\\\/df2aeffc32bcd13f8d26072ef8a91b623d677766deac7f97ca815868cd41bf5e?s=96&d=mm&r=g\",\"width\":96,\"height\":96,\"caption\":\"NBAsturias\"}},{\"@type\":\"WebPage\",\"@id\":\"https:\\\/\\\/eldigitaldeasturias.com\\\/radio\\\/ifo-empresas-alemanas-ven-su-existencia-amenazada-por-crisis\\\/#webpage\",\"url\":\"https:\\\/\\\/eldigitaldeasturias.com\\\/radio\\\/ifo-empresas-alemanas-ven-su-existencia-amenazada-por-crisis\\\/\",\"name\":\"Ifo: Empresas alemanas ven su existencia amenazada por crisis | El Digital de Asturias\",\"description\":\"M\\u00fanich, 29 abr (dpa) - Casi un tercio de las empresas alemanas temen una r\\u00e1pida insolvencia si las medidas del Gobierno para contener la pandemia de coronavirus se mantienen durante mucho tiempo m\\u00e1s, inform\\u00f3 hoy el instituto de investigaci\\u00f3n econ\\u00f3mica Ifo. Seg\\u00fan el sondeo, un 29,2 por ciento de las empresas entrevistadas manifestaron que podr\\u00edan\",\"inLanguage\":\"es-ES\",\"isPartOf\":{\"@id\":\"https:\\\/\\\/eldigitaldeasturias.com\\\/radio\\\/#website\"},\"breadcrumb\":{\"@id\":\"https:\\\/\\\/eldigitaldeasturias.com\\\/radio\\\/ifo-empresas-alemanas-ven-su-existencia-amenazada-por-crisis\\\/#breadcrumblist\"},\"author\":{\"@id\":\"https:\\\/\\\/eldigitaldeasturias.com\\\/radio\\\/author\\\/nbasturias\\\/#author\"},\"creator\":{\"@id\":\"https:\\\/\\\/eldigitaldeasturias.com\\\/radio\\\/author\\\/nbasturias\\\/#author\"},\"image\":{\"@type\":\"ImageObject\",\"url\":\"https:\\\/\\\/eldigitaldeasturias.com\\\/radio\\\/wp-content\\\/uploads\\\/2018\\\/10\\\/money-1005477_960_720.jpg\",\"@id\":\"https:\\\/\\\/eldigitaldeasturias.com\\\/radio\\\/ifo-empresas-alemanas-ven-su-existencia-amenazada-por-crisis\\\/#mainImage\",\"width\":960,\"height\":640},\"primaryImageOfPage\":{\"@id\":\"https:\\\/\\\/eldigitaldeasturias.com\\\/radio\\\/ifo-empresas-alemanas-ven-su-existencia-amenazada-por-crisis\\\/#mainImage\"},\"datePublished\":\"2020-04-30T16:57:36+02:00\",\"dateModified\":\"2020-04-30T17:28:29+02:00\"},{\"@type\":\"WebSite\",\"@id\":\"https:\\\/\\\/eldigitaldeasturias.com\\\/radio\\\/#website\",\"url\":\"https:\\\/\\\/eldigitaldeasturias.com\\\/radio\\\/\",\"name\":\"El Digital de Asturias\",\"description\":\"Diario de informaci\\u00f3n y noticias\",\"inLanguage\":\"es-ES\",\"publisher\":{\"@id\":\"https:\\\/\\\/eldigitaldeasturias.com\\\/radio\\\/#organization\"}}]}\n\t\t<\/script>\n\t\t<!-- All in One SEO Pro -->\r\n\t\t<title>Ifo: Empresas alemanas ven su existencia amenazada por crisis | El Digital de Asturias<\/title>\n\n","aioseo_head_json":{"title":"Ifo: Empresas alemanas ven su existencia amenazada por crisis | El Digital de Asturias","description":"M\u00fanich, 29 abr (dpa) - Casi un tercio de las empresas alemanas temen una r\u00e1pida insolvencia si las medidas del Gobierno para contener la pandemia de coronavirus se mantienen durante mucho tiempo m\u00e1s, inform\u00f3 hoy el instituto de investigaci\u00f3n econ\u00f3mica Ifo. Seg\u00fan el sondeo, un 29,2 por ciento de las empresas entrevistadas manifestaron que podr\u00edan","canonical_url":"https:\/\/eldigitaldeasturias.com\/radio\/ifo-empresas-alemanas-ven-su-existencia-amenazada-por-crisis\/","robots":"max-image-preview:large","keywords":"negocios","webmasterTools":{"google-site-verification":"UA-38556648-1","miscellaneous":""},"schema":{"@context":"https:\/\/schema.org","@graph":[{"@type":"BreadcrumbList","@id":"https:\/\/eldigitaldeasturias.com\/radio\/ifo-empresas-alemanas-ven-su-existencia-amenazada-por-crisis\/#breadcrumblist","itemListElement":[{"@type":"ListItem","@id":"https:\/\/eldigitaldeasturias.com\/radio#listItem","position":1,"name":"Inicio","item":"https:\/\/eldigitaldeasturias.com\/radio","nextItem":{"@type":"ListItem","@id":"https:\/\/eldigitaldeasturias.com\/radio\/category\/negocios\/#listItem","name":"Negocios"}},{"@type":"ListItem","@id":"https:\/\/eldigitaldeasturias.com\/radio\/category\/negocios\/#listItem","position":2,"name":"Negocios","item":"https:\/\/eldigitaldeasturias.com\/radio\/category\/negocios\/","nextItem":{"@type":"ListItem","@id":"https:\/\/eldigitaldeasturias.com\/radio\/ifo-empresas-alemanas-ven-su-existencia-amenazada-por-crisis\/#listItem","name":"Ifo: Empresas alemanas ven su existencia amenazada por crisis"},"previousItem":{"@type":"ListItem","@id":"https:\/\/eldigitaldeasturias.com\/radio#listItem","name":"Inicio"}},{"@type":"ListItem","@id":"https:\/\/eldigitaldeasturias.com\/radio\/ifo-empresas-alemanas-ven-su-existencia-amenazada-por-crisis\/#listItem","position":3,"name":"Ifo: Empresas alemanas ven su existencia amenazada por crisis","previousItem":{"@type":"ListItem","@id":"https:\/\/eldigitaldeasturias.com\/radio\/category\/negocios\/#listItem","name":"Negocios"}}]},{"@type":"NewsArticle","@id":"https:\/\/eldigitaldeasturias.com\/radio\/ifo-empresas-alemanas-ven-su-existencia-amenazada-por-crisis\/#newsarticle","name":"Ifo: Empresas alemanas ven su existencia amenazada por crisis | El Digital de Asturias","headline":"Ifo: Empresas alemanas ven su existencia amenazada por crisis","author":{"@id":"https:\/\/eldigitaldeasturias.com\/radio\/author\/nbasturias\/#author"},"publisher":{"@id":"https:\/\/eldigitaldeasturias.com\/radio\/#organization"},"image":{"@type":"ImageObject","url":"https:\/\/eldigitaldeasturias.com\/radio\/wp-content\/uploads\/2018\/10\/money-1005477_960_720.jpg","width":960,"height":640},"datePublished":"2020-04-30T16:57:36+02:00","dateModified":"2020-04-30T17:28:29+02:00","inLanguage":"es-ES","mainEntityOfPage":{"@id":"https:\/\/eldigitaldeasturias.com\/radio\/ifo-empresas-alemanas-ven-su-existencia-amenazada-por-crisis\/#webpage"},"isPartOf":{"@id":"https:\/\/eldigitaldeasturias.com\/radio\/ifo-empresas-alemanas-ven-su-existencia-amenazada-por-crisis\/#webpage"},"articleSection":"Negocios","dateline":"Publicado el abril 30, 2020."},{"@type":"Organization","@id":"https:\/\/eldigitaldeasturias.com\/radio\/#organization","name":"El digital de Asturias Radio","description":"Diario de informaci\u00f3n y noticias","url":"https:\/\/eldigitaldeasturias.com\/radio\/","telephone":"+34652131393","logo":{"@type":"ImageObject","url":"https:\/\/www.eldigitaldeasturias.com\/radio\/wp-content\/uploads\/2021\/03\/EDA.jpg","@id":"https:\/\/eldigitaldeasturias.com\/radio\/ifo-empresas-alemanas-ven-su-existencia-amenazada-por-crisis\/#organizationLogo"},"image":{"@id":"https:\/\/eldigitaldeasturias.com\/radio\/ifo-empresas-alemanas-ven-su-existencia-amenazada-por-crisis\/#organizationLogo"},"sameAs":["https:\/\/www.facebook.com\/","https:\/\/x.com\/bercodi","https:\/\/www.instagram.com\/","https:\/\/www.youtube.com\/channel\/UCZP-2wLEB9Rv6erhFmqVnvg"]},{"@type":"Person","@id":"https:\/\/eldigitaldeasturias.com\/radio\/author\/nbasturias\/#author","url":"https:\/\/eldigitaldeasturias.com\/radio\/author\/nbasturias\/","name":"NBAsturias","image":{"@type":"ImageObject","@id":"https:\/\/eldigitaldeasturias.com\/radio\/ifo-empresas-alemanas-ven-su-existencia-amenazada-por-crisis\/#authorImage","url":"https:\/\/secure.gravatar.com\/avatar\/df2aeffc32bcd13f8d26072ef8a91b623d677766deac7f97ca815868cd41bf5e?s=96&d=mm&r=g","width":96,"height":96,"caption":"NBAsturias"}},{"@type":"WebPage","@id":"https:\/\/eldigitaldeasturias.com\/radio\/ifo-empresas-alemanas-ven-su-existencia-amenazada-por-crisis\/#webpage","url":"https:\/\/eldigitaldeasturias.com\/radio\/ifo-empresas-alemanas-ven-su-existencia-amenazada-por-crisis\/","name":"Ifo: Empresas alemanas ven su existencia amenazada por crisis | El Digital de Asturias","description":"M\u00fanich, 29 abr (dpa) - Casi un tercio de las empresas alemanas temen una r\u00e1pida insolvencia si las medidas del Gobierno para contener la pandemia de coronavirus se mantienen durante mucho tiempo m\u00e1s, inform\u00f3 hoy el instituto de investigaci\u00f3n econ\u00f3mica Ifo. Seg\u00fan el sondeo, un 29,2 por ciento de las empresas entrevistadas manifestaron que podr\u00edan","inLanguage":"es-ES","isPartOf":{"@id":"https:\/\/eldigitaldeasturias.com\/radio\/#website"},"breadcrumb":{"@id":"https:\/\/eldigitaldeasturias.com\/radio\/ifo-empresas-alemanas-ven-su-existencia-amenazada-por-crisis\/#breadcrumblist"},"author":{"@id":"https:\/\/eldigitaldeasturias.com\/radio\/author\/nbasturias\/#author"},"creator":{"@id":"https:\/\/eldigitaldeasturias.com\/radio\/author\/nbasturias\/#author"},"image":{"@type":"ImageObject","url":"https:\/\/eldigitaldeasturias.com\/radio\/wp-content\/uploads\/2018\/10\/money-1005477_960_720.jpg","@id":"https:\/\/eldigitaldeasturias.com\/radio\/ifo-empresas-alemanas-ven-su-existencia-amenazada-por-crisis\/#mainImage","width":960,"height":640},"primaryImageOfPage":{"@id":"https:\/\/eldigitaldeasturias.com\/radio\/ifo-empresas-alemanas-ven-su-existencia-amenazada-por-crisis\/#mainImage"},"datePublished":"2020-04-30T16:57:36+02:00","dateModified":"2020-04-30T17:28:29+02:00"},{"@type":"WebSite","@id":"https:\/\/eldigitaldeasturias.com\/radio\/#website","url":"https:\/\/eldigitaldeasturias.com\/radio\/","name":"El Digital de Asturias","description":"Diario de informaci\u00f3n y noticias","inLanguage":"es-ES","publisher":{"@id":"https:\/\/eldigitaldeasturias.com\/radio\/#organization"}}]},"og:locale":"es_ES","og:site_name":"El Digital de Asturias | Diario de informaci\u00f3n y noticias","og:type":"article","og:title":"Ifo: Empresas alemanas ven su existencia amenazada por crisis | El Digital de Asturias","og:description":"M\u00fanich, 29 abr (dpa) - Casi un tercio de las empresas alemanas temen una r\u00e1pida insolvencia si las medidas del Gobierno para contener la pandemia de coronavirus se mantienen durante mucho tiempo m\u00e1s, inform\u00f3 hoy el instituto de investigaci\u00f3n econ\u00f3mica Ifo. Seg\u00fan el sondeo, un 29,2 por ciento de las empresas entrevistadas manifestaron que podr\u00edan","og:url":"https:\/\/eldigitaldeasturias.com\/radio\/ifo-empresas-alemanas-ven-su-existencia-amenazada-por-crisis\/","og:image":"https:\/\/eldigitaldeasturias.com\/radio\/wp-content\/uploads\/2018\/10\/money-1005477_960_720.jpg","og:image:secure_url":"https:\/\/eldigitaldeasturias.com\/radio\/wp-content\/uploads\/2018\/10\/money-1005477_960_720.jpg","og:image:width":960,"og:image:height":640,"article:published_time":"2020-04-30T16:57:36+00:00","article:modified_time":"2020-04-30T17:28:29+00:00","twitter:card":"summary_large_image","twitter:site":"@bercodi","twitter:title":"Ifo: Empresas alemanas ven su existencia amenazada por crisis | El Digital de Asturias","twitter:description":"M\u00fanich, 29 abr (dpa) - Casi un tercio de las empresas alemanas temen una r\u00e1pida insolvencia si las medidas del Gobierno para contener la pandemia de coronavirus se mantienen durante mucho tiempo m\u00e1s, inform\u00f3 hoy el instituto de investigaci\u00f3n econ\u00f3mica Ifo. Seg\u00fan el sondeo, un 29,2 por ciento de las empresas entrevistadas manifestaron que podr\u00edan","twitter:creator":"@bercodi","twitter:image":"https:\/\/eldigitaldeasturias.com\/radio\/wp-content\/uploads\/2018\/10\/money-1005477_960_720.jpg"},"aioseo_meta_data":{"post_id":"4224","title":null,"description":null,"keywords":null,"keyphrases":null,"primary_term":null,"canonical_url":null,"og_title":null,"og_description":null,"og_object_type":"default","og_image_type":"default","og_image_url":null,"og_image_width":null,"og_image_height":null,"og_image_custom_url":null,"og_image_custom_fields":null,"og_video":null,"og_custom_url":null,"og_article_section":null,"og_article_tags":null,"twitter_use_og":false,"twitter_card":"default","twitter_image_type":"default","twitter_image_url":null,"twitter_image_custom_url":null,"twitter_image_custom_fields":null,"twitter_title":null,"twitter_description":null,"schema":{"blockGraphs":[],"customGraphs":[],"default":{"data":{"Article":[],"Course":[],"Dataset":[],"FAQPage":[],"Movie":[],"Person":[],"Product":[],"ProductReview":[],"Car":[],"Recipe":[],"Service":[],"SoftwareApplication":[],"WebPage":[]},"graphName":"","isEnabled":true},"graphs":[],"defaultGraph":"","defaultPostTypeGraph":""},"schema_type":null,"schema_type_options":null,"pillar_content":false,"robots_default":true,"robots_noindex":false,"robots_noarchive":false,"robots_nosnippet":false,"robots_nofollow":false,"robots_noimageindex":false,"robots_noodp":false,"robots_notranslate":false,"robots_max_snippet":null,"robots_max_videopreview":null,"robots_max_imagepreview":"large","priority":null,"frequency":null,"location":null,"local_seo":null,"seo_analyzer_scan_date":"2025-08-28 15:35:36","breadcrumb_settings":null,"limit_modified_date":false,"open_ai":null,"ai":null,"created":"2021-03-25 13:33:41","updated":"2025-08-28 15:35:36"},"aioseo_breadcrumb":"<div class=\"aioseo-breadcrumbs\"><span class=\"aioseo-breadcrumb\">\n\t<a href=\"https:\/\/eldigitaldeasturias.com\/radio\" title=\"Inicio\">Inicio<\/a>\n<\/span><span class=\"aioseo-breadcrumb-separator\">&ndash;<\/span><span class=\"aioseo-breadcrumb\">\n\t<a href=\"https:\/\/eldigitaldeasturias.com\/radio\/category\/negocios\/\" title=\"Negocios\">Negocios<\/a>\n<\/span><span class=\"aioseo-breadcrumb-separator\">&ndash;<\/span><span class=\"aioseo-breadcrumb\">\n\tIfo: Empresas alemanas ven su existencia amenazada por crisis\n<\/span><\/div>","aioseo_breadcrumb_json":[{"label":"Inicio","link":"https:\/\/eldigitaldeasturias.com\/radio"},{"label":"Negocios","link":"https:\/\/eldigitaldeasturias.com\/radio\/category\/negocios\/"},{"label":"Ifo: Empresas alemanas ven su existencia amenazada por crisis","link":"https:\/\/eldigitaldeasturias.com\/radio\/ifo-empresas-alemanas-ven-su-existencia-amenazada-por-crisis\/"}],"_links":{"self":[{"href":"https:\/\/eldigitaldeasturias.com\/radio\/wp-json\/wp\/v2\/posts\/4224","targetHints":{"allow":["GET"]}}],"collection":[{"href":"https:\/\/eldigitaldeasturias.com\/radio\/wp-json\/wp\/v2\/posts"}],"about":[{"href":"https:\/\/eldigitaldeasturias.com\/radio\/wp-json\/wp\/v2\/types\/post"}],"author":[{"embeddable":true,"href":"https:\/\/eldigitaldeasturias.com\/radio\/wp-json\/wp\/v2\/users\/1"}],"replies":[{"embeddable":true,"href":"https:\/\/eldigitaldeasturias.com\/radio\/wp-json\/wp\/v2\/comments?post=4224"}],"version-history":[{"count":0,"href":"https:\/\/eldigitaldeasturias.com\/radio\/wp-json\/wp\/v2\/posts\/4224\/revisions"}],"wp:featuredmedia":[{"embeddable":true,"href":"https:\/\/eldigitaldeasturias.com\/radio\/wp-json\/wp\/v2\/media\/1471"}],"wp:attachment":[{"href":"https:\/\/eldigitaldeasturias.com\/radio\/wp-json\/wp\/v2\/media?parent=4224"}],"wp:term":[{"taxonomy":"category","embeddable":true,"href":"https:\/\/eldigitaldeasturias.com\/radio\/wp-json\/wp\/v2\/categories?post=4224"},{"taxonomy":"post_tag","embeddable":true,"href":"https:\/\/eldigitaldeasturias.com\/radio\/wp-json\/wp\/v2\/tags?post=4224"}],"curies":[{"name":"wp","href":"https:\/\/api.w.org\/{rel}","templated":true}]}}