{"id":4199,"date":"2020-04-20T13:48:53","date_gmt":"2020-04-20T13:48:53","guid":{"rendered":"http:\/\/www.eldigitaldeasturias.com\/radio\/?p=4199"},"modified":"2020-04-25T13:50:08","modified_gmt":"2020-04-25T13:50:08","slug":"atencion-telefonica-en-asturias-a-personas-mayores-con-enfermedades-cronicas","status":"publish","type":"post","link":"https:\/\/eldigitaldeasturias.com\/radio\/atencion-telefonica-en-asturias-a-personas-mayores-con-enfermedades-cronicas\/","title":{"rendered":"Atenci\u00f3n telef\u00f3nica en Asturias a personas mayores con enfermedades cr\u00f3nicas"},"content":{"rendered":"<p><img fetchpriority=\"high\" decoding=\"async\" class=\"alignleft size-medium wp-image-4162\" src=\"http:\/\/www.eldigitaldeasturias.com\/radio\/wp-content\/uploads\/2020\/04\/hands-981400_640-360x240.jpg\" alt=\"\" width=\"360\" height=\"240\" srcset=\"https:\/\/eldigitaldeasturias.com\/radio\/wp-content\/uploads\/2020\/04\/hands-981400_640-360x240.jpg 360w, https:\/\/eldigitaldeasturias.com\/radio\/wp-content\/uploads\/2020\/04\/hands-981400_640.jpg 640w\" sizes=\"(max-width: 360px) 100vw, 360px\" \/>El servicio telef\u00f3nico habilitado por la Consejer\u00eda de Derechos Sociales y Bienestar, con la colaboraci\u00f3n de Cruz Roja, para atender a personas mayores que viven solas y con enfermedades cr\u00f3nicas durante la crisis sanitaria del coronavirus recibi\u00f3 1.686 llamadas desde su puesta en servicio, el pasado 23 de marzo, y hasta el pasado viernes.<\/p>\n<p>La mayor\u00eda de las llamadas fueron realizadas por mujeres que viven solas y tienen m\u00e1s de 65 a\u00f1os. Cruz Roja, adem\u00e1s de encargarse de la atenci\u00f3n telef\u00f3nica, ha llevado a cabo 460 intervenciones para dispensar alimentos, medicaci\u00f3n y productos de higiene a las personas que lo han requerido mediante el nuevo servicio telef\u00f3nico.<\/p>\n<p>Los municipios donde m\u00e1s ayudas se han entregado son Gij\u00f3n, con 207, Oviedo, con 68, y Avil\u00e9s, con 57.<\/p>\n<p>Un equipo de 108 profesionales y voluntarios ha respondido a las llamadas y ha organizado las entregas. Cabe destacar que, entre todas las personas atendidas, 47 se encontraban en confinamiento domiciliario como medida preventiva y 18 hab\u00edan dado positivo en el test de la COVID-19.<\/p>\n<p>En las \u00faltimas dos semanas se ha registrado un aumento importante de consultas sobre las ayudas econ\u00f3micas a las que se puede optar durante la crisis sanitaria. En estos casos, se ha derivado a los solicitantes a los servicios municipales correspondientes, ya que desde este tel\u00e9fono se da cobertura espec\u00edfica a los colectivos indicados anteriormente.<\/p>\n<p>La Consejer\u00eda de Derechos Sociales y Bienestar propuso la puesta en marcha de este servicio dentro del Grupo de Acci\u00f3n Social del Comit\u00e9 de Emergencias de Asturias, que est\u00e1 coordinado por la Delegaci\u00f3n del Gobierno en Asturias y en el que participan el Ejecutivo auton\u00f3mico, a trav\u00e9s de Protecci\u00f3n Civil y el 112 Asturias, la Federaci\u00f3n Asturiana de Concejos y Cruz Roja Asturias.<\/p>\n<p>El servicio contin\u00faa en activo y tiene habilitadas tres l\u00edneas de tel\u00e9fono a las que se accede marcando el n\u00famero 900 100 285. El horario de atenci\u00f3n al p\u00fablico es, de lunes a viernes, de nueve de la ma\u00f1ana a nueve de la noche.<\/p>\n","protected":false},"excerpt":{"rendered":"<p>El servicio telef\u00f3nico habilitado por la Consejer\u00eda de Derechos Sociales y Bienestar, con la colaboraci\u00f3n de Cruz Roja, para atender a personas mayores que viven solas y con enfermedades cr\u00f3nicas durante la crisis sanitaria del coronavirus recibi\u00f3 1.686 llamadas desde su puesta en servicio, el pasado 23 de marzo, y hasta el pasado viernes. La<\/p>\n","protected":false},"author":1,"featured_media":4162,"comment_status":"closed","ping_status":"closed","sticky":false,"template":"","format":"standard","meta":{"footnotes":""},"categories":[1],"tags":[],"class_list":{"0":"post-4199","1":"post","2":"type-post","3":"status-publish","4":"format-standard","5":"has-post-thumbnail","7":"category-noticias"},"aioseo_notices":[],"aioseo_head":"\n\t\t<!-- All in One SEO Pro 4.9.6.2 - aioseo.com -->\n\t<meta name=\"description\" content=\"El servicio telef\u00f3nico habilitado por la Consejer\u00eda de Derechos Sociales y Bienestar, con la colaboraci\u00f3n de Cruz Roja, para atender a personas mayores que viven solas y con enfermedades cr\u00f3nicas durante la crisis sanitaria del coronavirus recibi\u00f3 1.686 llamadas desde su puesta en servicio, el pasado 23 de marzo, y hasta el pasado viernes. La\" \/>\n\t<meta name=\"robots\" content=\"max-image-preview:large\" \/>\n\t<meta name=\"author\" content=\"NBAsturias\"\/>\n\t<meta name=\"google-site-verification\" content=\"UA-38556648-1\" \/>\n\t<meta name=\"keywords\" content=\"noticias\" \/>\n\t<link rel=\"canonical\" href=\"https:\/\/eldigitaldeasturias.com\/radio\/atencion-telefonica-en-asturias-a-personas-mayores-con-enfermedades-cronicas\/\" \/>\n\t<meta name=\"generator\" content=\"All in One SEO Pro (AIOSEO) 4.9.6.2\" \/>\n\t\t<meta property=\"og:locale\" content=\"es_ES\" \/>\n\t\t<meta property=\"og:site_name\" content=\"El Digital de Asturias | Diario de informaci\u00f3n y noticias\" \/>\n\t\t<meta property=\"og:type\" content=\"article\" \/>\n\t\t<meta property=\"og:title\" content=\"Atenci\u00f3n telef\u00f3nica en Asturias a personas mayores con enfermedades cr\u00f3nicas | El Digital de Asturias\" \/>\n\t\t<meta property=\"og:description\" content=\"El servicio telef\u00f3nico habilitado por la Consejer\u00eda de Derechos Sociales y Bienestar, con la colaboraci\u00f3n de Cruz Roja, para atender a personas mayores que viven solas y con enfermedades cr\u00f3nicas durante la crisis sanitaria del coronavirus recibi\u00f3 1.686 llamadas desde su puesta en servicio, el pasado 23 de marzo, y hasta el pasado viernes. La\" \/>\n\t\t<meta property=\"og:url\" content=\"https:\/\/eldigitaldeasturias.com\/radio\/atencion-telefonica-en-asturias-a-personas-mayores-con-enfermedades-cronicas\/\" \/>\n\t\t<meta property=\"og:image\" content=\"https:\/\/eldigitaldeasturias.com\/radio\/wp-content\/uploads\/2020\/04\/hands-981400_640.jpg\" \/>\n\t\t<meta property=\"og:image:secure_url\" content=\"https:\/\/eldigitaldeasturias.com\/radio\/wp-content\/uploads\/2020\/04\/hands-981400_640.jpg\" \/>\n\t\t<meta property=\"og:image:width\" content=\"640\" \/>\n\t\t<meta property=\"og:image:height\" content=\"426\" \/>\n\t\t<meta property=\"article:published_time\" content=\"2020-04-20T13:48:53+00:00\" \/>\n\t\t<meta property=\"article:modified_time\" content=\"2020-04-25T13:50:08+00:00\" \/>\n\t\t<meta name=\"twitter:card\" content=\"summary_large_image\" \/>\n\t\t<meta name=\"twitter:site\" content=\"@bercodi\" \/>\n\t\t<meta name=\"twitter:title\" content=\"Atenci\u00f3n telef\u00f3nica en Asturias a personas mayores con enfermedades cr\u00f3nicas | El Digital de Asturias\" \/>\n\t\t<meta name=\"twitter:description\" content=\"El servicio telef\u00f3nico habilitado por la Consejer\u00eda de Derechos Sociales y Bienestar, con la colaboraci\u00f3n de Cruz Roja, para atender a personas mayores que viven solas y con enfermedades cr\u00f3nicas durante la crisis sanitaria del coronavirus recibi\u00f3 1.686 llamadas desde su puesta en servicio, el pasado 23 de marzo, y hasta el pasado viernes. La\" \/>\n\t\t<meta name=\"twitter:creator\" content=\"@bercodi\" \/>\n\t\t<meta name=\"twitter:image\" content=\"https:\/\/eldigitaldeasturias.com\/radio\/wp-content\/uploads\/2020\/04\/hands-981400_640.jpg\" \/>\n\t\t<script type=\"application\/ld+json\" class=\"aioseo-schema\">\n\t\t\t{\"@context\":\"https:\\\/\\\/schema.org\",\"@graph\":[{\"@type\":\"BreadcrumbList\",\"@id\":\"https:\\\/\\\/eldigitaldeasturias.com\\\/radio\\\/atencion-telefonica-en-asturias-a-personas-mayores-con-enfermedades-cronicas\\\/#breadcrumblist\",\"itemListElement\":[{\"@type\":\"ListItem\",\"@id\":\"https:\\\/\\\/eldigitaldeasturias.com\\\/radio#listItem\",\"position\":1,\"name\":\"Inicio\",\"item\":\"https:\\\/\\\/eldigitaldeasturias.com\\\/radio\",\"nextItem\":{\"@type\":\"ListItem\",\"@id\":\"https:\\\/\\\/eldigitaldeasturias.com\\\/radio\\\/category\\\/noticias\\\/#listItem\",\"name\":\"Noticias\"}},{\"@type\":\"ListItem\",\"@id\":\"https:\\\/\\\/eldigitaldeasturias.com\\\/radio\\\/category\\\/noticias\\\/#listItem\",\"position\":2,\"name\":\"Noticias\",\"item\":\"https:\\\/\\\/eldigitaldeasturias.com\\\/radio\\\/category\\\/noticias\\\/\",\"nextItem\":{\"@type\":\"ListItem\",\"@id\":\"https:\\\/\\\/eldigitaldeasturias.com\\\/radio\\\/atencion-telefonica-en-asturias-a-personas-mayores-con-enfermedades-cronicas\\\/#listItem\",\"name\":\"Atenci\\u00f3n telef\\u00f3nica en Asturias a personas mayores con enfermedades cr\\u00f3nicas\"},\"previousItem\":{\"@type\":\"ListItem\",\"@id\":\"https:\\\/\\\/eldigitaldeasturias.com\\\/radio#listItem\",\"name\":\"Inicio\"}},{\"@type\":\"ListItem\",\"@id\":\"https:\\\/\\\/eldigitaldeasturias.com\\\/radio\\\/atencion-telefonica-en-asturias-a-personas-mayores-con-enfermedades-cronicas\\\/#listItem\",\"position\":3,\"name\":\"Atenci\\u00f3n telef\\u00f3nica en Asturias a personas mayores con enfermedades cr\\u00f3nicas\",\"previousItem\":{\"@type\":\"ListItem\",\"@id\":\"https:\\\/\\\/eldigitaldeasturias.com\\\/radio\\\/category\\\/noticias\\\/#listItem\",\"name\":\"Noticias\"}}]},{\"@type\":\"NewsArticle\",\"@id\":\"https:\\\/\\\/eldigitaldeasturias.com\\\/radio\\\/atencion-telefonica-en-asturias-a-personas-mayores-con-enfermedades-cronicas\\\/#newsarticle\",\"name\":\"Atenci\\u00f3n telef\\u00f3nica en Asturias a personas mayores con enfermedades cr\\u00f3nicas | El Digital de Asturias\",\"headline\":\"Atenci\\u00f3n telef\\u00f3nica en Asturias a personas mayores con enfermedades cr\\u00f3nicas\",\"author\":{\"@id\":\"https:\\\/\\\/eldigitaldeasturias.com\\\/radio\\\/author\\\/nbasturias\\\/#author\"},\"publisher\":{\"@id\":\"https:\\\/\\\/eldigitaldeasturias.com\\\/radio\\\/#organization\"},\"image\":{\"@type\":\"ImageObject\",\"url\":\"https:\\\/\\\/eldigitaldeasturias.com\\\/radio\\\/wp-content\\\/uploads\\\/2020\\\/04\\\/hands-981400_640.jpg\",\"width\":640,\"height\":426},\"datePublished\":\"2020-04-20T13:48:53+02:00\",\"dateModified\":\"2020-04-25T13:50:08+02:00\",\"inLanguage\":\"es-ES\",\"mainEntityOfPage\":{\"@id\":\"https:\\\/\\\/eldigitaldeasturias.com\\\/radio\\\/atencion-telefonica-en-asturias-a-personas-mayores-con-enfermedades-cronicas\\\/#webpage\"},\"isPartOf\":{\"@id\":\"https:\\\/\\\/eldigitaldeasturias.com\\\/radio\\\/atencion-telefonica-en-asturias-a-personas-mayores-con-enfermedades-cronicas\\\/#webpage\"},\"articleSection\":\"Noticias\",\"dateline\":\"Publicado el abril 20, 2020.\"},{\"@type\":\"Organization\",\"@id\":\"https:\\\/\\\/eldigitaldeasturias.com\\\/radio\\\/#organization\",\"name\":\"El digital de Asturias Radio\",\"description\":\"Diario de informaci\\u00f3n y noticias\",\"url\":\"https:\\\/\\\/eldigitaldeasturias.com\\\/radio\\\/\",\"telephone\":\"+34652131393\",\"logo\":{\"@type\":\"ImageObject\",\"url\":\"https:\\\/\\\/www.eldigitaldeasturias.com\\\/radio\\\/wp-content\\\/uploads\\\/2021\\\/03\\\/EDA.jpg\",\"@id\":\"https:\\\/\\\/eldigitaldeasturias.com\\\/radio\\\/atencion-telefonica-en-asturias-a-personas-mayores-con-enfermedades-cronicas\\\/#organizationLogo\"},\"image\":{\"@id\":\"https:\\\/\\\/eldigitaldeasturias.com\\\/radio\\\/atencion-telefonica-en-asturias-a-personas-mayores-con-enfermedades-cronicas\\\/#organizationLogo\"},\"sameAs\":[\"https:\\\/\\\/www.facebook.com\\\/\",\"https:\\\/\\\/x.com\\\/bercodi\",\"https:\\\/\\\/www.instagram.com\\\/\",\"https:\\\/\\\/www.youtube.com\\\/channel\\\/UCZP-2wLEB9Rv6erhFmqVnvg\"]},{\"@type\":\"Person\",\"@id\":\"https:\\\/\\\/eldigitaldeasturias.com\\\/radio\\\/author\\\/nbasturias\\\/#author\",\"url\":\"https:\\\/\\\/eldigitaldeasturias.com\\\/radio\\\/author\\\/nbasturias\\\/\",\"name\":\"NBAsturias\",\"image\":{\"@type\":\"ImageObject\",\"@id\":\"https:\\\/\\\/eldigitaldeasturias.com\\\/radio\\\/atencion-telefonica-en-asturias-a-personas-mayores-con-enfermedades-cronicas\\\/#authorImage\",\"url\":\"https:\\\/\\\/secure.gravatar.com\\\/avatar\\\/df2aeffc32bcd13f8d26072ef8a91b623d677766deac7f97ca815868cd41bf5e?s=96&d=mm&r=g\",\"width\":96,\"height\":96,\"caption\":\"NBAsturias\"}},{\"@type\":\"WebPage\",\"@id\":\"https:\\\/\\\/eldigitaldeasturias.com\\\/radio\\\/atencion-telefonica-en-asturias-a-personas-mayores-con-enfermedades-cronicas\\\/#webpage\",\"url\":\"https:\\\/\\\/eldigitaldeasturias.com\\\/radio\\\/atencion-telefonica-en-asturias-a-personas-mayores-con-enfermedades-cronicas\\\/\",\"name\":\"Atenci\\u00f3n telef\\u00f3nica en Asturias a personas mayores con enfermedades cr\\u00f3nicas | El Digital de Asturias\",\"description\":\"El servicio telef\\u00f3nico habilitado por la Consejer\\u00eda de Derechos Sociales y Bienestar, con la colaboraci\\u00f3n de Cruz Roja, para atender a personas mayores que viven solas y con enfermedades cr\\u00f3nicas durante la crisis sanitaria del coronavirus recibi\\u00f3 1.686 llamadas desde su puesta en servicio, el pasado 23 de marzo, y hasta el pasado viernes. La\",\"inLanguage\":\"es-ES\",\"isPartOf\":{\"@id\":\"https:\\\/\\\/eldigitaldeasturias.com\\\/radio\\\/#website\"},\"breadcrumb\":{\"@id\":\"https:\\\/\\\/eldigitaldeasturias.com\\\/radio\\\/atencion-telefonica-en-asturias-a-personas-mayores-con-enfermedades-cronicas\\\/#breadcrumblist\"},\"author\":{\"@id\":\"https:\\\/\\\/eldigitaldeasturias.com\\\/radio\\\/author\\\/nbasturias\\\/#author\"},\"creator\":{\"@id\":\"https:\\\/\\\/eldigitaldeasturias.com\\\/radio\\\/author\\\/nbasturias\\\/#author\"},\"image\":{\"@type\":\"ImageObject\",\"url\":\"https:\\\/\\\/eldigitaldeasturias.com\\\/radio\\\/wp-content\\\/uploads\\\/2020\\\/04\\\/hands-981400_640.jpg\",\"@id\":\"https:\\\/\\\/eldigitaldeasturias.com\\\/radio\\\/atencion-telefonica-en-asturias-a-personas-mayores-con-enfermedades-cronicas\\\/#mainImage\",\"width\":640,\"height\":426},\"primaryImageOfPage\":{\"@id\":\"https:\\\/\\\/eldigitaldeasturias.com\\\/radio\\\/atencion-telefonica-en-asturias-a-personas-mayores-con-enfermedades-cronicas\\\/#mainImage\"},\"datePublished\":\"2020-04-20T13:48:53+02:00\",\"dateModified\":\"2020-04-25T13:50:08+02:00\"},{\"@type\":\"WebSite\",\"@id\":\"https:\\\/\\\/eldigitaldeasturias.com\\\/radio\\\/#website\",\"url\":\"https:\\\/\\\/eldigitaldeasturias.com\\\/radio\\\/\",\"name\":\"El Digital de Asturias\",\"description\":\"Diario de informaci\\u00f3n y noticias\",\"inLanguage\":\"es-ES\",\"publisher\":{\"@id\":\"https:\\\/\\\/eldigitaldeasturias.com\\\/radio\\\/#organization\"}}]}\n\t\t<\/script>\n\t\t<!-- All in One SEO Pro -->\r\n\t\t<title>Atenci\u00f3n telef\u00f3nica en Asturias a personas mayores con enfermedades cr\u00f3nicas | El Digital de Asturias<\/title>\n\n","aioseo_head_json":{"title":"Atenci\u00f3n telef\u00f3nica en Asturias a personas mayores con enfermedades cr\u00f3nicas | El Digital de Asturias","description":"El servicio telef\u00f3nico habilitado por la Consejer\u00eda de Derechos Sociales y Bienestar, con la colaboraci\u00f3n de Cruz Roja, para atender a personas mayores que viven solas y con enfermedades cr\u00f3nicas durante la crisis sanitaria del coronavirus recibi\u00f3 1.686 llamadas desde su puesta en servicio, el pasado 23 de marzo, y hasta el pasado viernes. La","canonical_url":"https:\/\/eldigitaldeasturias.com\/radio\/atencion-telefonica-en-asturias-a-personas-mayores-con-enfermedades-cronicas\/","robots":"max-image-preview:large","keywords":"noticias","webmasterTools":{"google-site-verification":"UA-38556648-1","miscellaneous":""},"schema":{"@context":"https:\/\/schema.org","@graph":[{"@type":"BreadcrumbList","@id":"https:\/\/eldigitaldeasturias.com\/radio\/atencion-telefonica-en-asturias-a-personas-mayores-con-enfermedades-cronicas\/#breadcrumblist","itemListElement":[{"@type":"ListItem","@id":"https:\/\/eldigitaldeasturias.com\/radio#listItem","position":1,"name":"Inicio","item":"https:\/\/eldigitaldeasturias.com\/radio","nextItem":{"@type":"ListItem","@id":"https:\/\/eldigitaldeasturias.com\/radio\/category\/noticias\/#listItem","name":"Noticias"}},{"@type":"ListItem","@id":"https:\/\/eldigitaldeasturias.com\/radio\/category\/noticias\/#listItem","position":2,"name":"Noticias","item":"https:\/\/eldigitaldeasturias.com\/radio\/category\/noticias\/","nextItem":{"@type":"ListItem","@id":"https:\/\/eldigitaldeasturias.com\/radio\/atencion-telefonica-en-asturias-a-personas-mayores-con-enfermedades-cronicas\/#listItem","name":"Atenci\u00f3n telef\u00f3nica en Asturias a personas mayores con enfermedades cr\u00f3nicas"},"previousItem":{"@type":"ListItem","@id":"https:\/\/eldigitaldeasturias.com\/radio#listItem","name":"Inicio"}},{"@type":"ListItem","@id":"https:\/\/eldigitaldeasturias.com\/radio\/atencion-telefonica-en-asturias-a-personas-mayores-con-enfermedades-cronicas\/#listItem","position":3,"name":"Atenci\u00f3n telef\u00f3nica en Asturias a personas mayores con enfermedades cr\u00f3nicas","previousItem":{"@type":"ListItem","@id":"https:\/\/eldigitaldeasturias.com\/radio\/category\/noticias\/#listItem","name":"Noticias"}}]},{"@type":"NewsArticle","@id":"https:\/\/eldigitaldeasturias.com\/radio\/atencion-telefonica-en-asturias-a-personas-mayores-con-enfermedades-cronicas\/#newsarticle","name":"Atenci\u00f3n telef\u00f3nica en Asturias a personas mayores con enfermedades cr\u00f3nicas | El Digital de Asturias","headline":"Atenci\u00f3n telef\u00f3nica en Asturias a personas mayores con enfermedades cr\u00f3nicas","author":{"@id":"https:\/\/eldigitaldeasturias.com\/radio\/author\/nbasturias\/#author"},"publisher":{"@id":"https:\/\/eldigitaldeasturias.com\/radio\/#organization"},"image":{"@type":"ImageObject","url":"https:\/\/eldigitaldeasturias.com\/radio\/wp-content\/uploads\/2020\/04\/hands-981400_640.jpg","width":640,"height":426},"datePublished":"2020-04-20T13:48:53+02:00","dateModified":"2020-04-25T13:50:08+02:00","inLanguage":"es-ES","mainEntityOfPage":{"@id":"https:\/\/eldigitaldeasturias.com\/radio\/atencion-telefonica-en-asturias-a-personas-mayores-con-enfermedades-cronicas\/#webpage"},"isPartOf":{"@id":"https:\/\/eldigitaldeasturias.com\/radio\/atencion-telefonica-en-asturias-a-personas-mayores-con-enfermedades-cronicas\/#webpage"},"articleSection":"Noticias","dateline":"Publicado el abril 20, 2020."},{"@type":"Organization","@id":"https:\/\/eldigitaldeasturias.com\/radio\/#organization","name":"El digital de Asturias Radio","description":"Diario de informaci\u00f3n y noticias","url":"https:\/\/eldigitaldeasturias.com\/radio\/","telephone":"+34652131393","logo":{"@type":"ImageObject","url":"https:\/\/www.eldigitaldeasturias.com\/radio\/wp-content\/uploads\/2021\/03\/EDA.jpg","@id":"https:\/\/eldigitaldeasturias.com\/radio\/atencion-telefonica-en-asturias-a-personas-mayores-con-enfermedades-cronicas\/#organizationLogo"},"image":{"@id":"https:\/\/eldigitaldeasturias.com\/radio\/atencion-telefonica-en-asturias-a-personas-mayores-con-enfermedades-cronicas\/#organizationLogo"},"sameAs":["https:\/\/www.facebook.com\/","https:\/\/x.com\/bercodi","https:\/\/www.instagram.com\/","https:\/\/www.youtube.com\/channel\/UCZP-2wLEB9Rv6erhFmqVnvg"]},{"@type":"Person","@id":"https:\/\/eldigitaldeasturias.com\/radio\/author\/nbasturias\/#author","url":"https:\/\/eldigitaldeasturias.com\/radio\/author\/nbasturias\/","name":"NBAsturias","image":{"@type":"ImageObject","@id":"https:\/\/eldigitaldeasturias.com\/radio\/atencion-telefonica-en-asturias-a-personas-mayores-con-enfermedades-cronicas\/#authorImage","url":"https:\/\/secure.gravatar.com\/avatar\/df2aeffc32bcd13f8d26072ef8a91b623d677766deac7f97ca815868cd41bf5e?s=96&d=mm&r=g","width":96,"height":96,"caption":"NBAsturias"}},{"@type":"WebPage","@id":"https:\/\/eldigitaldeasturias.com\/radio\/atencion-telefonica-en-asturias-a-personas-mayores-con-enfermedades-cronicas\/#webpage","url":"https:\/\/eldigitaldeasturias.com\/radio\/atencion-telefonica-en-asturias-a-personas-mayores-con-enfermedades-cronicas\/","name":"Atenci\u00f3n telef\u00f3nica en Asturias a personas mayores con enfermedades cr\u00f3nicas | El Digital de Asturias","description":"El servicio telef\u00f3nico habilitado por la Consejer\u00eda de Derechos Sociales y Bienestar, con la colaboraci\u00f3n de Cruz Roja, para atender a personas mayores que viven solas y con enfermedades cr\u00f3nicas durante la crisis sanitaria del coronavirus recibi\u00f3 1.686 llamadas desde su puesta en servicio, el pasado 23 de marzo, y hasta el pasado viernes. La","inLanguage":"es-ES","isPartOf":{"@id":"https:\/\/eldigitaldeasturias.com\/radio\/#website"},"breadcrumb":{"@id":"https:\/\/eldigitaldeasturias.com\/radio\/atencion-telefonica-en-asturias-a-personas-mayores-con-enfermedades-cronicas\/#breadcrumblist"},"author":{"@id":"https:\/\/eldigitaldeasturias.com\/radio\/author\/nbasturias\/#author"},"creator":{"@id":"https:\/\/eldigitaldeasturias.com\/radio\/author\/nbasturias\/#author"},"image":{"@type":"ImageObject","url":"https:\/\/eldigitaldeasturias.com\/radio\/wp-content\/uploads\/2020\/04\/hands-981400_640.jpg","@id":"https:\/\/eldigitaldeasturias.com\/radio\/atencion-telefonica-en-asturias-a-personas-mayores-con-enfermedades-cronicas\/#mainImage","width":640,"height":426},"primaryImageOfPage":{"@id":"https:\/\/eldigitaldeasturias.com\/radio\/atencion-telefonica-en-asturias-a-personas-mayores-con-enfermedades-cronicas\/#mainImage"},"datePublished":"2020-04-20T13:48:53+02:00","dateModified":"2020-04-25T13:50:08+02:00"},{"@type":"WebSite","@id":"https:\/\/eldigitaldeasturias.com\/radio\/#website","url":"https:\/\/eldigitaldeasturias.com\/radio\/","name":"El Digital de Asturias","description":"Diario de informaci\u00f3n y noticias","inLanguage":"es-ES","publisher":{"@id":"https:\/\/eldigitaldeasturias.com\/radio\/#organization"}}]},"og:locale":"es_ES","og:site_name":"El Digital de Asturias | Diario de informaci\u00f3n y noticias","og:type":"article","og:title":"Atenci\u00f3n telef\u00f3nica en Asturias a personas mayores con enfermedades cr\u00f3nicas | El Digital de Asturias","og:description":"El servicio telef\u00f3nico habilitado por la Consejer\u00eda de Derechos Sociales y Bienestar, con la colaboraci\u00f3n de Cruz Roja, para atender a personas mayores que viven solas y con enfermedades cr\u00f3nicas durante la crisis sanitaria del coronavirus recibi\u00f3 1.686 llamadas desde su puesta en servicio, el pasado 23 de marzo, y hasta el pasado viernes. La","og:url":"https:\/\/eldigitaldeasturias.com\/radio\/atencion-telefonica-en-asturias-a-personas-mayores-con-enfermedades-cronicas\/","og:image":"https:\/\/eldigitaldeasturias.com\/radio\/wp-content\/uploads\/2020\/04\/hands-981400_640.jpg","og:image:secure_url":"https:\/\/eldigitaldeasturias.com\/radio\/wp-content\/uploads\/2020\/04\/hands-981400_640.jpg","og:image:width":640,"og:image:height":426,"article:published_time":"2020-04-20T13:48:53+00:00","article:modified_time":"2020-04-25T13:50:08+00:00","twitter:card":"summary_large_image","twitter:site":"@bercodi","twitter:title":"Atenci\u00f3n telef\u00f3nica en Asturias a personas mayores con enfermedades cr\u00f3nicas | El Digital de Asturias","twitter:description":"El servicio telef\u00f3nico habilitado por la Consejer\u00eda de Derechos Sociales y Bienestar, con la colaboraci\u00f3n de Cruz Roja, para atender a personas mayores que viven solas y con enfermedades cr\u00f3nicas durante la crisis sanitaria del coronavirus recibi\u00f3 1.686 llamadas desde su puesta en servicio, el pasado 23 de marzo, y hasta el pasado viernes. La","twitter:creator":"@bercodi","twitter:image":"https:\/\/eldigitaldeasturias.com\/radio\/wp-content\/uploads\/2020\/04\/hands-981400_640.jpg"},"aioseo_meta_data":{"post_id":"4199","title":null,"description":null,"keywords":null,"keyphrases":null,"primary_term":null,"canonical_url":null,"og_title":null,"og_description":null,"og_object_type":"default","og_image_type":"default","og_image_url":null,"og_image_width":null,"og_image_height":null,"og_image_custom_url":null,"og_image_custom_fields":null,"og_video":null,"og_custom_url":null,"og_article_section":null,"og_article_tags":null,"twitter_use_og":false,"twitter_card":"default","twitter_image_type":"default","twitter_image_url":null,"twitter_image_custom_url":null,"twitter_image_custom_fields":null,"twitter_title":null,"twitter_description":null,"schema":{"blockGraphs":[],"customGraphs":[],"default":{"data":{"Article":[],"Course":[],"Dataset":[],"FAQPage":[],"Movie":[],"Person":[],"Product":[],"ProductReview":[],"Car":[],"Recipe":[],"Service":[],"SoftwareApplication":[],"WebPage":[]},"graphName":"","isEnabled":true},"graphs":[],"defaultGraph":"","defaultPostTypeGraph":""},"schema_type":null,"schema_type_options":null,"pillar_content":false,"robots_default":true,"robots_noindex":false,"robots_noarchive":false,"robots_nosnippet":false,"robots_nofollow":false,"robots_noimageindex":false,"robots_noodp":false,"robots_notranslate":false,"robots_max_snippet":null,"robots_max_videopreview":null,"robots_max_imagepreview":"large","priority":null,"frequency":null,"location":null,"local_seo":null,"seo_analyzer_scan_date":"2025-08-28 15:27:26","breadcrumb_settings":null,"limit_modified_date":false,"open_ai":null,"ai":null,"created":"2021-03-27 06:59:45","updated":"2025-08-28 15:27:26"},"aioseo_breadcrumb":"<div class=\"aioseo-breadcrumbs\"><span class=\"aioseo-breadcrumb\">\n\t<a href=\"https:\/\/eldigitaldeasturias.com\/radio\" title=\"Inicio\">Inicio<\/a>\n<\/span><span class=\"aioseo-breadcrumb-separator\">&ndash;<\/span><span class=\"aioseo-breadcrumb\">\n\t<a href=\"https:\/\/eldigitaldeasturias.com\/radio\/category\/noticias\/\" title=\"Noticias\">Noticias<\/a>\n<\/span><span class=\"aioseo-breadcrumb-separator\">&ndash;<\/span><span class=\"aioseo-breadcrumb\">\n\tAtenci\u00f3n telef\u00f3nica en Asturias a personas mayores con enfermedades cr\u00f3nicas\n<\/span><\/div>","aioseo_breadcrumb_json":[{"label":"Inicio","link":"https:\/\/eldigitaldeasturias.com\/radio"},{"label":"Noticias","link":"https:\/\/eldigitaldeasturias.com\/radio\/category\/noticias\/"},{"label":"Atenci\u00f3n telef\u00f3nica en Asturias a personas mayores con enfermedades cr\u00f3nicas","link":"https:\/\/eldigitaldeasturias.com\/radio\/atencion-telefonica-en-asturias-a-personas-mayores-con-enfermedades-cronicas\/"}],"_links":{"self":[{"href":"https:\/\/eldigitaldeasturias.com\/radio\/wp-json\/wp\/v2\/posts\/4199","targetHints":{"allow":["GET"]}}],"collection":[{"href":"https:\/\/eldigitaldeasturias.com\/radio\/wp-json\/wp\/v2\/posts"}],"about":[{"href":"https:\/\/eldigitaldeasturias.com\/radio\/wp-json\/wp\/v2\/types\/post"}],"author":[{"embeddable":true,"href":"https:\/\/eldigitaldeasturias.com\/radio\/wp-json\/wp\/v2\/users\/1"}],"replies":[{"embeddable":true,"href":"https:\/\/eldigitaldeasturias.com\/radio\/wp-json\/wp\/v2\/comments?post=4199"}],"version-history":[{"count":0,"href":"https:\/\/eldigitaldeasturias.com\/radio\/wp-json\/wp\/v2\/posts\/4199\/revisions"}],"wp:featuredmedia":[{"embeddable":true,"href":"https:\/\/eldigitaldeasturias.com\/radio\/wp-json\/wp\/v2\/media\/4162"}],"wp:attachment":[{"href":"https:\/\/eldigitaldeasturias.com\/radio\/wp-json\/wp\/v2\/media?parent=4199"}],"wp:term":[{"taxonomy":"category","embeddable":true,"href":"https:\/\/eldigitaldeasturias.com\/radio\/wp-json\/wp\/v2\/categories?post=4199"},{"taxonomy":"post_tag","embeddable":true,"href":"https:\/\/eldigitaldeasturias.com\/radio\/wp-json\/wp\/v2\/tags?post=4199"}],"curies":[{"name":"wp","href":"https:\/\/api.w.org\/{rel}","templated":true}]}}