{"id":4197,"date":"2020-04-17T12:50:19","date_gmt":"2020-04-17T12:50:19","guid":{"rendered":"http:\/\/www.eldigitaldeasturias.com\/radio\/?p=4197"},"modified":"2020-04-25T12:53:38","modified_gmt":"2020-04-25T12:53:38","slug":"los-desplazamientos-se-reducen-en-asturias","status":"publish","type":"post","link":"https:\/\/eldigitaldeasturias.com\/radio\/los-desplazamientos-se-reducen-en-asturias\/","title":{"rendered":"Los desplazamientos se reducen en Asturias"},"content":{"rendered":"<p><img fetchpriority=\"high\" decoding=\"async\" class=\"alignleft size-medium wp-image-791\" src=\"http:\/\/www.eldigitaldeasturias.com\/radio\/wp-content\/uploads\/2018\/04\/traffic-332857_960_720-360x240.jpg\" alt=\"\" width=\"360\" height=\"240\" srcset=\"https:\/\/eldigitaldeasturias.com\/radio\/wp-content\/uploads\/2018\/04\/traffic-332857_960_720-360x240.jpg 360w, https:\/\/eldigitaldeasturias.com\/radio\/wp-content\/uploads\/2018\/04\/traffic-332857_960_720-768x512.jpg 768w, https:\/\/eldigitaldeasturias.com\/radio\/wp-content\/uploads\/2018\/04\/traffic-332857_960_720.jpg 960w\" sizes=\"(max-width: 360px) 100vw, 360px\" \/>El per\u00edodo m\u00e1s duro del confinamiento \u2013cuando se limit\u00f3 la actividad industrial y se paraliz\u00f3 la construcci\u00f3n- logr\u00f3 reducir la movilidad en Asturias m\u00e1s del 70%, seg\u00fan los datos que ha facilitado esta ma\u00f1ana el director general de Movilidad y Conectividad del Gobierno del Principado, Jorge Garc\u00eda. La restricci\u00f3n de los desplazamientos y el distanciamiento social son \u201cla mejor de las vacunas frente al coronavirus\u201d, ha subrayado<\/p>\n<p>La declaraci\u00f3n del estado de alarma ha obligado al Gobierno de Asturias a \u201cdar un giro de 180 grados a las pol\u00edticas de impulso de la movilidad para convertirlas en una herramienta efectiva en el control de la pandemia\u201d, ha afirmado Garc\u00eda. Ahora, el primer objetivo es limitar los desplazamientos al m\u00ednimo posible.<\/p>\n<p>El director general ha destacado como hito positivo la fuerte ca\u00edda de la movilidad durante la hibernaci\u00f3n econ\u00f3mica. Si se toman en cuenta los datos del transporte p\u00fablico, del veh\u00edculo privado e incluso los peatonales, la disminuci\u00f3n se situ\u00f3 por encima del 70 %. Esta bajada se centra, principalmente, en los desplazamientos que se realizan en un radio de 10 a 50 kil\u00f3metros desde el domicilio.<\/p>\n<p>Algunos de los datos expuestos por Jorge Garc\u00eda han sido los siguientes:<\/p>\n<p>Transporte p\u00fablico por carretera. Ha pasado de una media de 157.213 pasajeros de una jornada laborable normal a 26.672 durante el estado de alarma y 24.321 durante el per\u00edodo m\u00e1s restrictivo. La disminuci\u00f3n se sit\u00faa en el 83,1% y 84,6%, respectivamente.<\/p>\n<p>Consorcio de Transportes. Los desplazamientos en los servicios interurbanos dependientes del Consorcio de Transporte han bajado de una media de 48.000 usuarios a 4.700 con el estado de alarma. Esa cantidad ha ca\u00eddo hasta los 2.300 durante la fase m\u00e1s dura. Los descensos respectivos son del 90,20%, y del 95%. Concluidos los 15 d\u00edas de confinamiento excepcional, el transporte interurbano se ha recuperado ligeramente, hasta los 2.900 usuarios.<\/p>\n<p>Hospital Universitario Central de Asturias (HUCA). El HUCA es uno de los puntos que genera mayor movilidad en la comunidad aut\u00f3noma. Durante estos d\u00edas, la llegada de pasajeros en transporte interurbano se ha reducido un 51%, con una media de 400 usuarios diarios, \u201cuna reducci\u00f3n importante pero mucho menor que la del resto de la red\u201d.<\/p>\n<p>Ruta Oviedo-Gij\u00f3n. Tambi\u00e9n dentro de los datos correspondientes al Consorcio de Transportes, la ruta Oviedo-Gij\u00f3n pas\u00f3 de mover 10.037 pasajeros de media a tan solo 588 durante el estado de alarma y 308 durante la hibernaci\u00f3n econ\u00f3mica. Las ca\u00eddas ascienden al 94% y 97%, respectivamente.<\/p>\n<p>Desplazamientos interprovinciales. La reducci\u00f3n de la movilidad es especialmente notoria en los trayectos interprovinciales tanto los que se realizan por carretera como por avi\u00f3n o ferrocarril, con un descenso medio superior al 80% desde el confinamiento, y que super\u00f3 el 96% en el periodo m\u00e1s estricto. En los desplazamientos interprovinciales se ha producido una dr\u00e1stica reducci\u00f3n de la oferta del transporte p\u00fablico: de una media de 14.400 plazas diarias a menos de 200, lo que supone una oferta un 98,6% inferior a la de un d\u00eda ordinario. \u201cEl cierre del transporte p\u00fablico interprovincial es pr\u00e1cticamente un hecho y los desplazamientos se concentran en el uso del veh\u00edculo privado\u201d, ha concluido Jorge Garc\u00eda.<\/p>\n<p>Autopista del Huerna. Otro de los indicadores del descenso de la movilidad son los veh\u00edculos que utilizan la autopista de la Ruta de la Plata (AP-66), que incluye la autopista de Asturias a Le\u00f3n. Frente los m\u00e1s de 6.000 movimientos de entrada y de salida que pueden alcanzarse un d\u00eda ordinario, actualmente la media es de 1.500, una reducci\u00f3n del 75%.<\/p>\n<p>Garc\u00eda ha subrayado la contribuci\u00f3n del sector del transporte a abastecer los mercados, supermercados y servicios sanitarios. \u201cHa sumado para mantener la actividad de trabajos esenciales aunque el cierre de los establecimientos de restauraci\u00f3n ha hecho m\u00e1s complicada su labor\u201d. Con el fin de facilitar el trabajo de los transportistas, en Asturias se ha decretado la posibilidad de utilizar 26 establecimientos de hosteler\u00eda y restauraci\u00f3n. Por otra parte, se ha establecido que 85 estaciones de servicio en Asturias permanezcan con su horario de atenci\u00f3n habitual y 22 puedan tener criterios de flexibilidad horaria, para garantizar el abastecimiento a estos trabajadores.<\/p>\n<p>En materia econ\u00f3mica, la Consejer\u00eda de Infraestructuras ha aprobado el pago anticipado de dos millones (en las subvenciones denominadas de d\u00e9bil tr\u00e1fico), a las empresas concesionarias de servicios de transporte regular con el fin de paliar la falta de ingresos. En el caso de las empresas que se dedican al transporte escolar, ha decidido el abono a cuenta del 50% del precio de los servicios no prestados.<\/p>\n<p>El titular de la Direcci\u00f3n de Movilidad ha invitado a sacar conclusiones de este per\u00edodo. \u201cTenemos que hacer una reflexi\u00f3n para propiciar nuevas conductas que cambien nuestra forma de desplazarnos. Debemos ser capaces, y en ello estamos trabajando, de aplicar medidas para la movilidad del ma\u00f1ana, aprovechando el obligado reinicio al que nos veremos sometidos\u201d, ha subrayado. \u201cHemos de dar prioridad al transporte a pie o con medios no contaminantes, del mismo modo que hemos de impulsar el transporte p\u00fablico por encima del privado\u201d, ha a\u00f1adido.<\/p>\n","protected":false},"excerpt":{"rendered":"<p>El per\u00edodo m\u00e1s duro del confinamiento \u2013cuando se limit\u00f3 la actividad industrial y se paraliz\u00f3 la construcci\u00f3n- logr\u00f3 reducir la movilidad en Asturias m\u00e1s del 70%, seg\u00fan los datos que ha facilitado esta ma\u00f1ana el director general de Movilidad y Conectividad del Gobierno del Principado, Jorge Garc\u00eda. La restricci\u00f3n de los desplazamientos y el distanciamiento<\/p>\n","protected":false},"author":1,"featured_media":791,"comment_status":"closed","ping_status":"closed","sticky":false,"template":"","format":"standard","meta":{"footnotes":""},"categories":[1],"tags":[],"class_list":{"0":"post-4197","1":"post","2":"type-post","3":"status-publish","4":"format-standard","5":"has-post-thumbnail","7":"category-noticias"},"aioseo_notices":[],"aioseo_head":"\n\t\t<!-- All in One SEO Pro 4.9.6.2 - aioseo.com -->\n\t<meta name=\"description\" content=\"El per\u00edodo m\u00e1s duro del confinamiento \u2013cuando se limit\u00f3 la actividad industrial y se paraliz\u00f3 la construcci\u00f3n- logr\u00f3 reducir la movilidad en Asturias m\u00e1s del 70%, seg\u00fan los datos que ha facilitado esta ma\u00f1ana el director general de Movilidad y Conectividad del Gobierno del Principado, Jorge Garc\u00eda. La restricci\u00f3n de los desplazamientos y el distanciamiento\" \/>\n\t<meta name=\"robots\" content=\"max-image-preview:large\" \/>\n\t<meta name=\"author\" content=\"NBAsturias\"\/>\n\t<meta name=\"google-site-verification\" content=\"UA-38556648-1\" \/>\n\t<meta name=\"keywords\" content=\"noticias\" \/>\n\t<link rel=\"canonical\" href=\"https:\/\/eldigitaldeasturias.com\/radio\/los-desplazamientos-se-reducen-en-asturias\/\" \/>\n\t<meta name=\"generator\" content=\"All in One SEO Pro (AIOSEO) 4.9.6.2\" \/>\n\t\t<meta property=\"og:locale\" content=\"es_ES\" \/>\n\t\t<meta property=\"og:site_name\" content=\"El Digital de Asturias | Diario de informaci\u00f3n y noticias\" \/>\n\t\t<meta property=\"og:type\" content=\"article\" \/>\n\t\t<meta property=\"og:title\" content=\"Los desplazamientos se reducen en Asturias | El Digital de Asturias\" \/>\n\t\t<meta property=\"og:description\" content=\"El per\u00edodo m\u00e1s duro del confinamiento \u2013cuando se limit\u00f3 la actividad industrial y se paraliz\u00f3 la construcci\u00f3n- logr\u00f3 reducir la movilidad en Asturias m\u00e1s del 70%, seg\u00fan los datos que ha facilitado esta ma\u00f1ana el director general de Movilidad y Conectividad del Gobierno del Principado, Jorge Garc\u00eda. La restricci\u00f3n de los desplazamientos y el distanciamiento\" \/>\n\t\t<meta property=\"og:url\" content=\"https:\/\/eldigitaldeasturias.com\/radio\/los-desplazamientos-se-reducen-en-asturias\/\" \/>\n\t\t<meta property=\"og:image\" content=\"https:\/\/eldigitaldeasturias.com\/radio\/wp-content\/uploads\/2018\/04\/traffic-332857_960_720.jpg\" \/>\n\t\t<meta property=\"og:image:secure_url\" content=\"https:\/\/eldigitaldeasturias.com\/radio\/wp-content\/uploads\/2018\/04\/traffic-332857_960_720.jpg\" \/>\n\t\t<meta property=\"og:image:width\" content=\"960\" \/>\n\t\t<meta property=\"og:image:height\" content=\"640\" \/>\n\t\t<meta property=\"article:published_time\" content=\"2020-04-17T12:50:19+00:00\" \/>\n\t\t<meta property=\"article:modified_time\" content=\"2020-04-25T12:53:38+00:00\" \/>\n\t\t<meta name=\"twitter:card\" content=\"summary_large_image\" \/>\n\t\t<meta name=\"twitter:site\" content=\"@bercodi\" \/>\n\t\t<meta name=\"twitter:title\" content=\"Los desplazamientos se reducen en Asturias | El Digital de Asturias\" \/>\n\t\t<meta name=\"twitter:description\" content=\"El per\u00edodo m\u00e1s duro del confinamiento \u2013cuando se limit\u00f3 la actividad industrial y se paraliz\u00f3 la construcci\u00f3n- logr\u00f3 reducir la movilidad en Asturias m\u00e1s del 70%, seg\u00fan los datos que ha facilitado esta ma\u00f1ana el director general de Movilidad y Conectividad del Gobierno del Principado, Jorge Garc\u00eda. La restricci\u00f3n de los desplazamientos y el distanciamiento\" \/>\n\t\t<meta name=\"twitter:creator\" content=\"@bercodi\" \/>\n\t\t<meta name=\"twitter:image\" content=\"https:\/\/eldigitaldeasturias.com\/radio\/wp-content\/uploads\/2018\/04\/traffic-332857_960_720.jpg\" \/>\n\t\t<script type=\"application\/ld+json\" class=\"aioseo-schema\">\n\t\t\t{\"@context\":\"https:\\\/\\\/schema.org\",\"@graph\":[{\"@type\":\"BreadcrumbList\",\"@id\":\"https:\\\/\\\/eldigitaldeasturias.com\\\/radio\\\/los-desplazamientos-se-reducen-en-asturias\\\/#breadcrumblist\",\"itemListElement\":[{\"@type\":\"ListItem\",\"@id\":\"https:\\\/\\\/eldigitaldeasturias.com\\\/radio#listItem\",\"position\":1,\"name\":\"Inicio\",\"item\":\"https:\\\/\\\/eldigitaldeasturias.com\\\/radio\",\"nextItem\":{\"@type\":\"ListItem\",\"@id\":\"https:\\\/\\\/eldigitaldeasturias.com\\\/radio\\\/category\\\/noticias\\\/#listItem\",\"name\":\"Noticias\"}},{\"@type\":\"ListItem\",\"@id\":\"https:\\\/\\\/eldigitaldeasturias.com\\\/radio\\\/category\\\/noticias\\\/#listItem\",\"position\":2,\"name\":\"Noticias\",\"item\":\"https:\\\/\\\/eldigitaldeasturias.com\\\/radio\\\/category\\\/noticias\\\/\",\"nextItem\":{\"@type\":\"ListItem\",\"@id\":\"https:\\\/\\\/eldigitaldeasturias.com\\\/radio\\\/los-desplazamientos-se-reducen-en-asturias\\\/#listItem\",\"name\":\"Los desplazamientos se reducen en Asturias\"},\"previousItem\":{\"@type\":\"ListItem\",\"@id\":\"https:\\\/\\\/eldigitaldeasturias.com\\\/radio#listItem\",\"name\":\"Inicio\"}},{\"@type\":\"ListItem\",\"@id\":\"https:\\\/\\\/eldigitaldeasturias.com\\\/radio\\\/los-desplazamientos-se-reducen-en-asturias\\\/#listItem\",\"position\":3,\"name\":\"Los desplazamientos se reducen en Asturias\",\"previousItem\":{\"@type\":\"ListItem\",\"@id\":\"https:\\\/\\\/eldigitaldeasturias.com\\\/radio\\\/category\\\/noticias\\\/#listItem\",\"name\":\"Noticias\"}}]},{\"@type\":\"NewsArticle\",\"@id\":\"https:\\\/\\\/eldigitaldeasturias.com\\\/radio\\\/los-desplazamientos-se-reducen-en-asturias\\\/#newsarticle\",\"name\":\"Los desplazamientos se reducen en Asturias | El Digital de Asturias\",\"headline\":\"Los desplazamientos se reducen en Asturias\",\"author\":{\"@id\":\"https:\\\/\\\/eldigitaldeasturias.com\\\/radio\\\/author\\\/nbasturias\\\/#author\"},\"publisher\":{\"@id\":\"https:\\\/\\\/eldigitaldeasturias.com\\\/radio\\\/#organization\"},\"image\":{\"@type\":\"ImageObject\",\"url\":\"https:\\\/\\\/eldigitaldeasturias.com\\\/radio\\\/wp-content\\\/uploads\\\/2018\\\/04\\\/traffic-332857_960_720.jpg\",\"width\":960,\"height\":640},\"datePublished\":\"2020-04-17T12:50:19+02:00\",\"dateModified\":\"2020-04-25T12:53:38+02:00\",\"inLanguage\":\"es-ES\",\"mainEntityOfPage\":{\"@id\":\"https:\\\/\\\/eldigitaldeasturias.com\\\/radio\\\/los-desplazamientos-se-reducen-en-asturias\\\/#webpage\"},\"isPartOf\":{\"@id\":\"https:\\\/\\\/eldigitaldeasturias.com\\\/radio\\\/los-desplazamientos-se-reducen-en-asturias\\\/#webpage\"},\"articleSection\":\"Noticias\",\"dateline\":\"Publicado el abril 17, 2020.\"},{\"@type\":\"Organization\",\"@id\":\"https:\\\/\\\/eldigitaldeasturias.com\\\/radio\\\/#organization\",\"name\":\"El digital de Asturias Radio\",\"description\":\"Diario de informaci\\u00f3n y noticias\",\"url\":\"https:\\\/\\\/eldigitaldeasturias.com\\\/radio\\\/\",\"telephone\":\"+34652131393\",\"logo\":{\"@type\":\"ImageObject\",\"url\":\"https:\\\/\\\/www.eldigitaldeasturias.com\\\/radio\\\/wp-content\\\/uploads\\\/2021\\\/03\\\/EDA.jpg\",\"@id\":\"https:\\\/\\\/eldigitaldeasturias.com\\\/radio\\\/los-desplazamientos-se-reducen-en-asturias\\\/#organizationLogo\"},\"image\":{\"@id\":\"https:\\\/\\\/eldigitaldeasturias.com\\\/radio\\\/los-desplazamientos-se-reducen-en-asturias\\\/#organizationLogo\"},\"sameAs\":[\"https:\\\/\\\/www.facebook.com\\\/\",\"https:\\\/\\\/x.com\\\/bercodi\",\"https:\\\/\\\/www.instagram.com\\\/\",\"https:\\\/\\\/www.youtube.com\\\/channel\\\/UCZP-2wLEB9Rv6erhFmqVnvg\"]},{\"@type\":\"Person\",\"@id\":\"https:\\\/\\\/eldigitaldeasturias.com\\\/radio\\\/author\\\/nbasturias\\\/#author\",\"url\":\"https:\\\/\\\/eldigitaldeasturias.com\\\/radio\\\/author\\\/nbasturias\\\/\",\"name\":\"NBAsturias\",\"image\":{\"@type\":\"ImageObject\",\"@id\":\"https:\\\/\\\/eldigitaldeasturias.com\\\/radio\\\/los-desplazamientos-se-reducen-en-asturias\\\/#authorImage\",\"url\":\"https:\\\/\\\/secure.gravatar.com\\\/avatar\\\/df2aeffc32bcd13f8d26072ef8a91b623d677766deac7f97ca815868cd41bf5e?s=96&d=mm&r=g\",\"width\":96,\"height\":96,\"caption\":\"NBAsturias\"}},{\"@type\":\"WebPage\",\"@id\":\"https:\\\/\\\/eldigitaldeasturias.com\\\/radio\\\/los-desplazamientos-se-reducen-en-asturias\\\/#webpage\",\"url\":\"https:\\\/\\\/eldigitaldeasturias.com\\\/radio\\\/los-desplazamientos-se-reducen-en-asturias\\\/\",\"name\":\"Los desplazamientos se reducen en Asturias | El Digital de Asturias\",\"description\":\"El per\\u00edodo m\\u00e1s duro del confinamiento \\u2013cuando se limit\\u00f3 la actividad industrial y se paraliz\\u00f3 la construcci\\u00f3n- logr\\u00f3 reducir la movilidad en Asturias m\\u00e1s del 70%, seg\\u00fan los datos que ha facilitado esta ma\\u00f1ana el director general de Movilidad y Conectividad del Gobierno del Principado, Jorge Garc\\u00eda. La restricci\\u00f3n de los desplazamientos y el distanciamiento\",\"inLanguage\":\"es-ES\",\"isPartOf\":{\"@id\":\"https:\\\/\\\/eldigitaldeasturias.com\\\/radio\\\/#website\"},\"breadcrumb\":{\"@id\":\"https:\\\/\\\/eldigitaldeasturias.com\\\/radio\\\/los-desplazamientos-se-reducen-en-asturias\\\/#breadcrumblist\"},\"author\":{\"@id\":\"https:\\\/\\\/eldigitaldeasturias.com\\\/radio\\\/author\\\/nbasturias\\\/#author\"},\"creator\":{\"@id\":\"https:\\\/\\\/eldigitaldeasturias.com\\\/radio\\\/author\\\/nbasturias\\\/#author\"},\"image\":{\"@type\":\"ImageObject\",\"url\":\"https:\\\/\\\/eldigitaldeasturias.com\\\/radio\\\/wp-content\\\/uploads\\\/2018\\\/04\\\/traffic-332857_960_720.jpg\",\"@id\":\"https:\\\/\\\/eldigitaldeasturias.com\\\/radio\\\/los-desplazamientos-se-reducen-en-asturias\\\/#mainImage\",\"width\":960,\"height\":640},\"primaryImageOfPage\":{\"@id\":\"https:\\\/\\\/eldigitaldeasturias.com\\\/radio\\\/los-desplazamientos-se-reducen-en-asturias\\\/#mainImage\"},\"datePublished\":\"2020-04-17T12:50:19+02:00\",\"dateModified\":\"2020-04-25T12:53:38+02:00\"},{\"@type\":\"WebSite\",\"@id\":\"https:\\\/\\\/eldigitaldeasturias.com\\\/radio\\\/#website\",\"url\":\"https:\\\/\\\/eldigitaldeasturias.com\\\/radio\\\/\",\"name\":\"El Digital de Asturias\",\"description\":\"Diario de informaci\\u00f3n y noticias\",\"inLanguage\":\"es-ES\",\"publisher\":{\"@id\":\"https:\\\/\\\/eldigitaldeasturias.com\\\/radio\\\/#organization\"}}]}\n\t\t<\/script>\n\t\t<!-- All in One SEO Pro -->\r\n\t\t<title>Los desplazamientos se reducen en Asturias | El Digital de Asturias<\/title>\n\n","aioseo_head_json":{"title":"Los desplazamientos se reducen en Asturias | El Digital de Asturias","description":"El per\u00edodo m\u00e1s duro del confinamiento \u2013cuando se limit\u00f3 la actividad industrial y se paraliz\u00f3 la construcci\u00f3n- logr\u00f3 reducir la movilidad en Asturias m\u00e1s del 70%, seg\u00fan los datos que ha facilitado esta ma\u00f1ana el director general de Movilidad y Conectividad del Gobierno del Principado, Jorge Garc\u00eda. La restricci\u00f3n de los desplazamientos y el distanciamiento","canonical_url":"https:\/\/eldigitaldeasturias.com\/radio\/los-desplazamientos-se-reducen-en-asturias\/","robots":"max-image-preview:large","keywords":"noticias","webmasterTools":{"google-site-verification":"UA-38556648-1","miscellaneous":""},"schema":{"@context":"https:\/\/schema.org","@graph":[{"@type":"BreadcrumbList","@id":"https:\/\/eldigitaldeasturias.com\/radio\/los-desplazamientos-se-reducen-en-asturias\/#breadcrumblist","itemListElement":[{"@type":"ListItem","@id":"https:\/\/eldigitaldeasturias.com\/radio#listItem","position":1,"name":"Inicio","item":"https:\/\/eldigitaldeasturias.com\/radio","nextItem":{"@type":"ListItem","@id":"https:\/\/eldigitaldeasturias.com\/radio\/category\/noticias\/#listItem","name":"Noticias"}},{"@type":"ListItem","@id":"https:\/\/eldigitaldeasturias.com\/radio\/category\/noticias\/#listItem","position":2,"name":"Noticias","item":"https:\/\/eldigitaldeasturias.com\/radio\/category\/noticias\/","nextItem":{"@type":"ListItem","@id":"https:\/\/eldigitaldeasturias.com\/radio\/los-desplazamientos-se-reducen-en-asturias\/#listItem","name":"Los desplazamientos se reducen en Asturias"},"previousItem":{"@type":"ListItem","@id":"https:\/\/eldigitaldeasturias.com\/radio#listItem","name":"Inicio"}},{"@type":"ListItem","@id":"https:\/\/eldigitaldeasturias.com\/radio\/los-desplazamientos-se-reducen-en-asturias\/#listItem","position":3,"name":"Los desplazamientos se reducen en Asturias","previousItem":{"@type":"ListItem","@id":"https:\/\/eldigitaldeasturias.com\/radio\/category\/noticias\/#listItem","name":"Noticias"}}]},{"@type":"NewsArticle","@id":"https:\/\/eldigitaldeasturias.com\/radio\/los-desplazamientos-se-reducen-en-asturias\/#newsarticle","name":"Los desplazamientos se reducen en Asturias | El Digital de Asturias","headline":"Los desplazamientos se reducen en Asturias","author":{"@id":"https:\/\/eldigitaldeasturias.com\/radio\/author\/nbasturias\/#author"},"publisher":{"@id":"https:\/\/eldigitaldeasturias.com\/radio\/#organization"},"image":{"@type":"ImageObject","url":"https:\/\/eldigitaldeasturias.com\/radio\/wp-content\/uploads\/2018\/04\/traffic-332857_960_720.jpg","width":960,"height":640},"datePublished":"2020-04-17T12:50:19+02:00","dateModified":"2020-04-25T12:53:38+02:00","inLanguage":"es-ES","mainEntityOfPage":{"@id":"https:\/\/eldigitaldeasturias.com\/radio\/los-desplazamientos-se-reducen-en-asturias\/#webpage"},"isPartOf":{"@id":"https:\/\/eldigitaldeasturias.com\/radio\/los-desplazamientos-se-reducen-en-asturias\/#webpage"},"articleSection":"Noticias","dateline":"Publicado el abril 17, 2020."},{"@type":"Organization","@id":"https:\/\/eldigitaldeasturias.com\/radio\/#organization","name":"El digital de Asturias Radio","description":"Diario de informaci\u00f3n y noticias","url":"https:\/\/eldigitaldeasturias.com\/radio\/","telephone":"+34652131393","logo":{"@type":"ImageObject","url":"https:\/\/www.eldigitaldeasturias.com\/radio\/wp-content\/uploads\/2021\/03\/EDA.jpg","@id":"https:\/\/eldigitaldeasturias.com\/radio\/los-desplazamientos-se-reducen-en-asturias\/#organizationLogo"},"image":{"@id":"https:\/\/eldigitaldeasturias.com\/radio\/los-desplazamientos-se-reducen-en-asturias\/#organizationLogo"},"sameAs":["https:\/\/www.facebook.com\/","https:\/\/x.com\/bercodi","https:\/\/www.instagram.com\/","https:\/\/www.youtube.com\/channel\/UCZP-2wLEB9Rv6erhFmqVnvg"]},{"@type":"Person","@id":"https:\/\/eldigitaldeasturias.com\/radio\/author\/nbasturias\/#author","url":"https:\/\/eldigitaldeasturias.com\/radio\/author\/nbasturias\/","name":"NBAsturias","image":{"@type":"ImageObject","@id":"https:\/\/eldigitaldeasturias.com\/radio\/los-desplazamientos-se-reducen-en-asturias\/#authorImage","url":"https:\/\/secure.gravatar.com\/avatar\/df2aeffc32bcd13f8d26072ef8a91b623d677766deac7f97ca815868cd41bf5e?s=96&d=mm&r=g","width":96,"height":96,"caption":"NBAsturias"}},{"@type":"WebPage","@id":"https:\/\/eldigitaldeasturias.com\/radio\/los-desplazamientos-se-reducen-en-asturias\/#webpage","url":"https:\/\/eldigitaldeasturias.com\/radio\/los-desplazamientos-se-reducen-en-asturias\/","name":"Los desplazamientos se reducen en Asturias | El Digital de Asturias","description":"El per\u00edodo m\u00e1s duro del confinamiento \u2013cuando se limit\u00f3 la actividad industrial y se paraliz\u00f3 la construcci\u00f3n- logr\u00f3 reducir la movilidad en Asturias m\u00e1s del 70%, seg\u00fan los datos que ha facilitado esta ma\u00f1ana el director general de Movilidad y Conectividad del Gobierno del Principado, Jorge Garc\u00eda. La restricci\u00f3n de los desplazamientos y el distanciamiento","inLanguage":"es-ES","isPartOf":{"@id":"https:\/\/eldigitaldeasturias.com\/radio\/#website"},"breadcrumb":{"@id":"https:\/\/eldigitaldeasturias.com\/radio\/los-desplazamientos-se-reducen-en-asturias\/#breadcrumblist"},"author":{"@id":"https:\/\/eldigitaldeasturias.com\/radio\/author\/nbasturias\/#author"},"creator":{"@id":"https:\/\/eldigitaldeasturias.com\/radio\/author\/nbasturias\/#author"},"image":{"@type":"ImageObject","url":"https:\/\/eldigitaldeasturias.com\/radio\/wp-content\/uploads\/2018\/04\/traffic-332857_960_720.jpg","@id":"https:\/\/eldigitaldeasturias.com\/radio\/los-desplazamientos-se-reducen-en-asturias\/#mainImage","width":960,"height":640},"primaryImageOfPage":{"@id":"https:\/\/eldigitaldeasturias.com\/radio\/los-desplazamientos-se-reducen-en-asturias\/#mainImage"},"datePublished":"2020-04-17T12:50:19+02:00","dateModified":"2020-04-25T12:53:38+02:00"},{"@type":"WebSite","@id":"https:\/\/eldigitaldeasturias.com\/radio\/#website","url":"https:\/\/eldigitaldeasturias.com\/radio\/","name":"El Digital de Asturias","description":"Diario de informaci\u00f3n y noticias","inLanguage":"es-ES","publisher":{"@id":"https:\/\/eldigitaldeasturias.com\/radio\/#organization"}}]},"og:locale":"es_ES","og:site_name":"El Digital de Asturias | Diario de informaci\u00f3n y noticias","og:type":"article","og:title":"Los desplazamientos se reducen en Asturias | El Digital de Asturias","og:description":"El per\u00edodo m\u00e1s duro del confinamiento \u2013cuando se limit\u00f3 la actividad industrial y se paraliz\u00f3 la construcci\u00f3n- logr\u00f3 reducir la movilidad en Asturias m\u00e1s del 70%, seg\u00fan los datos que ha facilitado esta ma\u00f1ana el director general de Movilidad y Conectividad del Gobierno del Principado, Jorge Garc\u00eda. La restricci\u00f3n de los desplazamientos y el distanciamiento","og:url":"https:\/\/eldigitaldeasturias.com\/radio\/los-desplazamientos-se-reducen-en-asturias\/","og:image":"https:\/\/eldigitaldeasturias.com\/radio\/wp-content\/uploads\/2018\/04\/traffic-332857_960_720.jpg","og:image:secure_url":"https:\/\/eldigitaldeasturias.com\/radio\/wp-content\/uploads\/2018\/04\/traffic-332857_960_720.jpg","og:image:width":960,"og:image:height":640,"article:published_time":"2020-04-17T12:50:19+00:00","article:modified_time":"2020-04-25T12:53:38+00:00","twitter:card":"summary_large_image","twitter:site":"@bercodi","twitter:title":"Los desplazamientos se reducen en Asturias | El Digital de Asturias","twitter:description":"El per\u00edodo m\u00e1s duro del confinamiento \u2013cuando se limit\u00f3 la actividad industrial y se paraliz\u00f3 la construcci\u00f3n- logr\u00f3 reducir la movilidad en Asturias m\u00e1s del 70%, seg\u00fan los datos que ha facilitado esta ma\u00f1ana el director general de Movilidad y Conectividad del Gobierno del Principado, Jorge Garc\u00eda. La restricci\u00f3n de los desplazamientos y el distanciamiento","twitter:creator":"@bercodi","twitter:image":"https:\/\/eldigitaldeasturias.com\/radio\/wp-content\/uploads\/2018\/04\/traffic-332857_960_720.jpg"},"aioseo_meta_data":{"post_id":"4197","title":null,"description":null,"keywords":null,"keyphrases":null,"primary_term":null,"canonical_url":null,"og_title":null,"og_description":null,"og_object_type":"default","og_image_type":"default","og_image_url":null,"og_image_width":null,"og_image_height":null,"og_image_custom_url":null,"og_image_custom_fields":null,"og_video":null,"og_custom_url":null,"og_article_section":null,"og_article_tags":null,"twitter_use_og":false,"twitter_card":"default","twitter_image_type":"default","twitter_image_url":null,"twitter_image_custom_url":null,"twitter_image_custom_fields":null,"twitter_title":null,"twitter_description":null,"schema":{"blockGraphs":[],"customGraphs":[],"default":{"data":{"Article":[],"Course":[],"Dataset":[],"FAQPage":[],"Movie":[],"Person":[],"Product":[],"ProductReview":[],"Car":[],"Recipe":[],"Service":[],"SoftwareApplication":[],"WebPage":[]},"graphName":"","isEnabled":true},"graphs":[],"defaultGraph":"","defaultPostTypeGraph":""},"schema_type":null,"schema_type_options":null,"pillar_content":false,"robots_default":true,"robots_noindex":false,"robots_noarchive":false,"robots_nosnippet":false,"robots_nofollow":false,"robots_noimageindex":false,"robots_noodp":false,"robots_notranslate":false,"robots_max_snippet":null,"robots_max_videopreview":null,"robots_max_imagepreview":"large","priority":null,"frequency":null,"location":null,"local_seo":null,"seo_analyzer_scan_date":"2025-08-28 15:20:35","breadcrumb_settings":null,"limit_modified_date":false,"open_ai":null,"ai":null,"created":"2021-03-28 14:48:13","updated":"2025-08-28 15:20:35"},"aioseo_breadcrumb":"<div class=\"aioseo-breadcrumbs\"><span class=\"aioseo-breadcrumb\">\n\t<a href=\"https:\/\/eldigitaldeasturias.com\/radio\" title=\"Inicio\">Inicio<\/a>\n<\/span><span class=\"aioseo-breadcrumb-separator\">&ndash;<\/span><span class=\"aioseo-breadcrumb\">\n\t<a href=\"https:\/\/eldigitaldeasturias.com\/radio\/category\/noticias\/\" title=\"Noticias\">Noticias<\/a>\n<\/span><span class=\"aioseo-breadcrumb-separator\">&ndash;<\/span><span class=\"aioseo-breadcrumb\">\n\tLos desplazamientos se reducen en Asturias\n<\/span><\/div>","aioseo_breadcrumb_json":[{"label":"Inicio","link":"https:\/\/eldigitaldeasturias.com\/radio"},{"label":"Noticias","link":"https:\/\/eldigitaldeasturias.com\/radio\/category\/noticias\/"},{"label":"Los desplazamientos se reducen en Asturias","link":"https:\/\/eldigitaldeasturias.com\/radio\/los-desplazamientos-se-reducen-en-asturias\/"}],"_links":{"self":[{"href":"https:\/\/eldigitaldeasturias.com\/radio\/wp-json\/wp\/v2\/posts\/4197","targetHints":{"allow":["GET"]}}],"collection":[{"href":"https:\/\/eldigitaldeasturias.com\/radio\/wp-json\/wp\/v2\/posts"}],"about":[{"href":"https:\/\/eldigitaldeasturias.com\/radio\/wp-json\/wp\/v2\/types\/post"}],"author":[{"embeddable":true,"href":"https:\/\/eldigitaldeasturias.com\/radio\/wp-json\/wp\/v2\/users\/1"}],"replies":[{"embeddable":true,"href":"https:\/\/eldigitaldeasturias.com\/radio\/wp-json\/wp\/v2\/comments?post=4197"}],"version-history":[{"count":0,"href":"https:\/\/eldigitaldeasturias.com\/radio\/wp-json\/wp\/v2\/posts\/4197\/revisions"}],"wp:featuredmedia":[{"embeddable":true,"href":"https:\/\/eldigitaldeasturias.com\/radio\/wp-json\/wp\/v2\/media\/791"}],"wp:attachment":[{"href":"https:\/\/eldigitaldeasturias.com\/radio\/wp-json\/wp\/v2\/media?parent=4197"}],"wp:term":[{"taxonomy":"category","embeddable":true,"href":"https:\/\/eldigitaldeasturias.com\/radio\/wp-json\/wp\/v2\/categories?post=4197"},{"taxonomy":"post_tag","embeddable":true,"href":"https:\/\/eldigitaldeasturias.com\/radio\/wp-json\/wp\/v2\/tags?post=4197"}],"curies":[{"name":"wp","href":"https:\/\/api.w.org\/{rel}","templated":true}]}}