{"id":4195,"date":"2020-04-25T12:21:35","date_gmt":"2020-04-25T12:21:35","guid":{"rendered":"http:\/\/www.eldigitaldeasturias.com\/radio\/?p=4195"},"modified":"2020-04-25T12:21:35","modified_gmt":"2020-04-25T12:21:35","slug":"portal-de-informacion-en-asturias-sobre-la-covid-19","status":"publish","type":"post","link":"https:\/\/eldigitaldeasturias.com\/radio\/portal-de-informacion-en-asturias-sobre-la-covid-19\/","title":{"rendered":"Portal de informaci\u00f3n en Asturias sobre la COVID-19"},"content":{"rendered":"<p><img fetchpriority=\"high\" decoding=\"async\" class=\"alignleft size-medium wp-image-4110\" src=\"http:\/\/www.eldigitaldeasturias.com\/radio\/wp-content\/uploads\/2020\/04\/covid-19-4960246_640-360x194.jpg\" alt=\"\" width=\"360\" height=\"194\" srcset=\"https:\/\/eldigitaldeasturias.com\/radio\/wp-content\/uploads\/2020\/04\/covid-19-4960246_640-360x194.jpg 360w, https:\/\/eldigitaldeasturias.com\/radio\/wp-content\/uploads\/2020\/04\/covid-19-4960246_640.jpg 640w\" sizes=\"(max-width: 360px) 100vw, 360px\" \/>Una de las cuestiones que ha ocupado al Gobierno de Asturias desde el origen de la pandemia por el nuevo coronavirus ha sido la de ofrecer una informaci\u00f3n absolutamente contrastada, de un modo tan \u00e1gil como permitiera el desarrollo de los acontecimientos y siempre bajo los criterios de veracidad, fiabilidad y accesibilidad. El logro de este objetivo es fundamental para trasladar confianza y seguridad a la ciudadan\u00eda y para que las medidas que necesariamente han tenido que ponerse en marcha fueran realmente efectivas.<\/p>\n<p>En este sentido, el Principado ha trabajado en la implantaci\u00f3n de un nuevo portal web que reunir\u00e1 toda la informaci\u00f3n en relaci\u00f3n con la pandemia de COVID-19. Ese portal web <a href=\"https:\/\/coronavirus.asturias.es\/\" target=\"_blank\" rel=\"nofollow noopener noreferrer\"><span style=\"color: #ff6600;\"><strong>https:\/\/coronavirus.asturias.es<\/strong>\/<\/span><\/a> ya est\u00e1 al servicio de la ciudadan\u00eda asturiana.<\/p>\n<p>El proyecto cuenta ya con m\u00e1s de un centenar de publicaciones, as\u00ed como recomendaciones, tel\u00e9fonos y correos electr\u00f3nicos de contacto y enlaces a solicitudes de tramitaci\u00f3n electr\u00f3nica de diferentes procedimientos relacionados con esta situaci\u00f3n. El principal objetivo de este portal es dar servicio al conjunto de la sociedad asturiana y facilitar los datos oficiales sobre la evoluci\u00f3n de la pandemia y sobre las medidas que desde el Gobierno del Principado se est\u00e1n llevando a cabo para combatirla. Asimismo, une toda la informaci\u00f3n sobre las diferentes ayudas y medidas impulsadas por Asturias para tratar de combatir la crisis sanitaria y dar apoyo a los colectivos de personas m\u00e1s perjudicados por la actual situaci\u00f3n.<\/p>\n<p>&nbsp;<\/p>\n","protected":false},"excerpt":{"rendered":"<p>Una de las cuestiones que ha ocupado al Gobierno de Asturias desde el origen de la pandemia por el nuevo coronavirus ha sido la de ofrecer una informaci\u00f3n absolutamente contrastada, de un modo tan \u00e1gil como permitiera el desarrollo de los acontecimientos y siempre bajo los criterios de veracidad, fiabilidad y accesibilidad. El logro de<\/p>\n","protected":false},"author":1,"featured_media":4110,"comment_status":"closed","ping_status":"closed","sticky":false,"template":"","format":"standard","meta":{"footnotes":""},"categories":[1],"tags":[],"class_list":{"0":"post-4195","1":"post","2":"type-post","3":"status-publish","4":"format-standard","5":"has-post-thumbnail","7":"category-noticias"},"aioseo_notices":[],"aioseo_head":"\n\t\t<!-- All in One SEO Pro 4.9.6.2 - aioseo.com -->\n\t<meta name=\"description\" content=\"Una de las cuestiones que ha ocupado al Gobierno de Asturias desde el origen de la pandemia por el nuevo coronavirus ha sido la de ofrecer una informaci\u00f3n absolutamente contrastada, de un modo tan \u00e1gil como permitiera el desarrollo de los acontecimientos y siempre bajo los criterios de veracidad, fiabilidad y accesibilidad. El logro de\" \/>\n\t<meta name=\"robots\" content=\"max-image-preview:large\" \/>\n\t<meta name=\"author\" content=\"NBAsturias\"\/>\n\t<meta name=\"google-site-verification\" content=\"UA-38556648-1\" \/>\n\t<meta name=\"keywords\" content=\"noticias\" \/>\n\t<link rel=\"canonical\" href=\"https:\/\/eldigitaldeasturias.com\/radio\/portal-de-informacion-en-asturias-sobre-la-covid-19\/\" \/>\n\t<meta name=\"generator\" content=\"All in One SEO Pro (AIOSEO) 4.9.6.2\" \/>\n\t\t<meta property=\"og:locale\" content=\"es_ES\" \/>\n\t\t<meta property=\"og:site_name\" content=\"El Digital de Asturias | Diario de informaci\u00f3n y noticias\" \/>\n\t\t<meta property=\"og:type\" content=\"article\" \/>\n\t\t<meta property=\"og:title\" content=\"Portal de informaci\u00f3n en Asturias sobre la COVID-19 | El Digital de Asturias\" \/>\n\t\t<meta property=\"og:description\" content=\"Una de las cuestiones que ha ocupado al Gobierno de Asturias desde el origen de la pandemia por el nuevo coronavirus ha sido la de ofrecer una informaci\u00f3n absolutamente contrastada, de un modo tan \u00e1gil como permitiera el desarrollo de los acontecimientos y siempre bajo los criterios de veracidad, fiabilidad y accesibilidad. El logro de\" \/>\n\t\t<meta property=\"og:url\" content=\"https:\/\/eldigitaldeasturias.com\/radio\/portal-de-informacion-en-asturias-sobre-la-covid-19\/\" \/>\n\t\t<meta property=\"og:image\" content=\"https:\/\/eldigitaldeasturias.com\/radio\/wp-content\/uploads\/2020\/04\/covid-19-4960246_640.jpg\" \/>\n\t\t<meta property=\"og:image:secure_url\" content=\"https:\/\/eldigitaldeasturias.com\/radio\/wp-content\/uploads\/2020\/04\/covid-19-4960246_640.jpg\" \/>\n\t\t<meta property=\"og:image:width\" content=\"640\" \/>\n\t\t<meta property=\"og:image:height\" content=\"344\" \/>\n\t\t<meta property=\"article:published_time\" content=\"2020-04-25T12:21:35+00:00\" \/>\n\t\t<meta property=\"article:modified_time\" content=\"2020-04-25T12:21:35+00:00\" \/>\n\t\t<meta name=\"twitter:card\" content=\"summary_large_image\" \/>\n\t\t<meta name=\"twitter:site\" content=\"@bercodi\" \/>\n\t\t<meta name=\"twitter:title\" content=\"Portal de informaci\u00f3n en Asturias sobre la COVID-19 | El Digital de Asturias\" \/>\n\t\t<meta name=\"twitter:description\" content=\"Una de las cuestiones que ha ocupado al Gobierno de Asturias desde el origen de la pandemia por el nuevo coronavirus ha sido la de ofrecer una informaci\u00f3n absolutamente contrastada, de un modo tan \u00e1gil como permitiera el desarrollo de los acontecimientos y siempre bajo los criterios de veracidad, fiabilidad y accesibilidad. El logro de\" \/>\n\t\t<meta name=\"twitter:creator\" content=\"@bercodi\" \/>\n\t\t<meta name=\"twitter:image\" content=\"https:\/\/eldigitaldeasturias.com\/radio\/wp-content\/uploads\/2020\/04\/covid-19-4960246_640.jpg\" \/>\n\t\t<script type=\"application\/ld+json\" class=\"aioseo-schema\">\n\t\t\t{\"@context\":\"https:\\\/\\\/schema.org\",\"@graph\":[{\"@type\":\"BreadcrumbList\",\"@id\":\"https:\\\/\\\/eldigitaldeasturias.com\\\/radio\\\/portal-de-informacion-en-asturias-sobre-la-covid-19\\\/#breadcrumblist\",\"itemListElement\":[{\"@type\":\"ListItem\",\"@id\":\"https:\\\/\\\/eldigitaldeasturias.com\\\/radio#listItem\",\"position\":1,\"name\":\"Inicio\",\"item\":\"https:\\\/\\\/eldigitaldeasturias.com\\\/radio\",\"nextItem\":{\"@type\":\"ListItem\",\"@id\":\"https:\\\/\\\/eldigitaldeasturias.com\\\/radio\\\/category\\\/noticias\\\/#listItem\",\"name\":\"Noticias\"}},{\"@type\":\"ListItem\",\"@id\":\"https:\\\/\\\/eldigitaldeasturias.com\\\/radio\\\/category\\\/noticias\\\/#listItem\",\"position\":2,\"name\":\"Noticias\",\"item\":\"https:\\\/\\\/eldigitaldeasturias.com\\\/radio\\\/category\\\/noticias\\\/\",\"nextItem\":{\"@type\":\"ListItem\",\"@id\":\"https:\\\/\\\/eldigitaldeasturias.com\\\/radio\\\/portal-de-informacion-en-asturias-sobre-la-covid-19\\\/#listItem\",\"name\":\"Portal de informaci\\u00f3n en Asturias sobre la COVID-19\"},\"previousItem\":{\"@type\":\"ListItem\",\"@id\":\"https:\\\/\\\/eldigitaldeasturias.com\\\/radio#listItem\",\"name\":\"Inicio\"}},{\"@type\":\"ListItem\",\"@id\":\"https:\\\/\\\/eldigitaldeasturias.com\\\/radio\\\/portal-de-informacion-en-asturias-sobre-la-covid-19\\\/#listItem\",\"position\":3,\"name\":\"Portal de informaci\\u00f3n en Asturias sobre la COVID-19\",\"previousItem\":{\"@type\":\"ListItem\",\"@id\":\"https:\\\/\\\/eldigitaldeasturias.com\\\/radio\\\/category\\\/noticias\\\/#listItem\",\"name\":\"Noticias\"}}]},{\"@type\":\"NewsArticle\",\"@id\":\"https:\\\/\\\/eldigitaldeasturias.com\\\/radio\\\/portal-de-informacion-en-asturias-sobre-la-covid-19\\\/#newsarticle\",\"name\":\"Portal de informaci\\u00f3n en Asturias sobre la COVID-19 | El Digital de Asturias\",\"headline\":\"Portal de informaci\\u00f3n en Asturias sobre la COVID-19\",\"author\":{\"@id\":\"https:\\\/\\\/eldigitaldeasturias.com\\\/radio\\\/author\\\/nbasturias\\\/#author\"},\"publisher\":{\"@id\":\"https:\\\/\\\/eldigitaldeasturias.com\\\/radio\\\/#organization\"},\"image\":{\"@type\":\"ImageObject\",\"url\":\"https:\\\/\\\/eldigitaldeasturias.com\\\/radio\\\/wp-content\\\/uploads\\\/2020\\\/04\\\/covid-19-4960246_640.jpg\",\"width\":640,\"height\":344},\"datePublished\":\"2020-04-25T12:21:35+02:00\",\"dateModified\":\"2020-04-25T12:21:35+02:00\",\"inLanguage\":\"es-ES\",\"mainEntityOfPage\":{\"@id\":\"https:\\\/\\\/eldigitaldeasturias.com\\\/radio\\\/portal-de-informacion-en-asturias-sobre-la-covid-19\\\/#webpage\"},\"isPartOf\":{\"@id\":\"https:\\\/\\\/eldigitaldeasturias.com\\\/radio\\\/portal-de-informacion-en-asturias-sobre-la-covid-19\\\/#webpage\"},\"articleSection\":\"Noticias\",\"dateline\":\"Publicado el abril 25, 2020.\"},{\"@type\":\"Organization\",\"@id\":\"https:\\\/\\\/eldigitaldeasturias.com\\\/radio\\\/#organization\",\"name\":\"El digital de Asturias Radio\",\"description\":\"Diario de informaci\\u00f3n y noticias\",\"url\":\"https:\\\/\\\/eldigitaldeasturias.com\\\/radio\\\/\",\"telephone\":\"+34652131393\",\"logo\":{\"@type\":\"ImageObject\",\"url\":\"https:\\\/\\\/www.eldigitaldeasturias.com\\\/radio\\\/wp-content\\\/uploads\\\/2021\\\/03\\\/EDA.jpg\",\"@id\":\"https:\\\/\\\/eldigitaldeasturias.com\\\/radio\\\/portal-de-informacion-en-asturias-sobre-la-covid-19\\\/#organizationLogo\"},\"image\":{\"@id\":\"https:\\\/\\\/eldigitaldeasturias.com\\\/radio\\\/portal-de-informacion-en-asturias-sobre-la-covid-19\\\/#organizationLogo\"},\"sameAs\":[\"https:\\\/\\\/www.facebook.com\\\/\",\"https:\\\/\\\/x.com\\\/bercodi\",\"https:\\\/\\\/www.instagram.com\\\/\",\"https:\\\/\\\/www.youtube.com\\\/channel\\\/UCZP-2wLEB9Rv6erhFmqVnvg\"]},{\"@type\":\"Person\",\"@id\":\"https:\\\/\\\/eldigitaldeasturias.com\\\/radio\\\/author\\\/nbasturias\\\/#author\",\"url\":\"https:\\\/\\\/eldigitaldeasturias.com\\\/radio\\\/author\\\/nbasturias\\\/\",\"name\":\"NBAsturias\",\"image\":{\"@type\":\"ImageObject\",\"@id\":\"https:\\\/\\\/eldigitaldeasturias.com\\\/radio\\\/portal-de-informacion-en-asturias-sobre-la-covid-19\\\/#authorImage\",\"url\":\"https:\\\/\\\/secure.gravatar.com\\\/avatar\\\/df2aeffc32bcd13f8d26072ef8a91b623d677766deac7f97ca815868cd41bf5e?s=96&d=mm&r=g\",\"width\":96,\"height\":96,\"caption\":\"NBAsturias\"}},{\"@type\":\"WebPage\",\"@id\":\"https:\\\/\\\/eldigitaldeasturias.com\\\/radio\\\/portal-de-informacion-en-asturias-sobre-la-covid-19\\\/#webpage\",\"url\":\"https:\\\/\\\/eldigitaldeasturias.com\\\/radio\\\/portal-de-informacion-en-asturias-sobre-la-covid-19\\\/\",\"name\":\"Portal de informaci\\u00f3n en Asturias sobre la COVID-19 | El Digital de Asturias\",\"description\":\"Una de las cuestiones que ha ocupado al Gobierno de Asturias desde el origen de la pandemia por el nuevo coronavirus ha sido la de ofrecer una informaci\\u00f3n absolutamente contrastada, de un modo tan \\u00e1gil como permitiera el desarrollo de los acontecimientos y siempre bajo los criterios de veracidad, fiabilidad y accesibilidad. El logro de\",\"inLanguage\":\"es-ES\",\"isPartOf\":{\"@id\":\"https:\\\/\\\/eldigitaldeasturias.com\\\/radio\\\/#website\"},\"breadcrumb\":{\"@id\":\"https:\\\/\\\/eldigitaldeasturias.com\\\/radio\\\/portal-de-informacion-en-asturias-sobre-la-covid-19\\\/#breadcrumblist\"},\"author\":{\"@id\":\"https:\\\/\\\/eldigitaldeasturias.com\\\/radio\\\/author\\\/nbasturias\\\/#author\"},\"creator\":{\"@id\":\"https:\\\/\\\/eldigitaldeasturias.com\\\/radio\\\/author\\\/nbasturias\\\/#author\"},\"image\":{\"@type\":\"ImageObject\",\"url\":\"https:\\\/\\\/eldigitaldeasturias.com\\\/radio\\\/wp-content\\\/uploads\\\/2020\\\/04\\\/covid-19-4960246_640.jpg\",\"@id\":\"https:\\\/\\\/eldigitaldeasturias.com\\\/radio\\\/portal-de-informacion-en-asturias-sobre-la-covid-19\\\/#mainImage\",\"width\":640,\"height\":344},\"primaryImageOfPage\":{\"@id\":\"https:\\\/\\\/eldigitaldeasturias.com\\\/radio\\\/portal-de-informacion-en-asturias-sobre-la-covid-19\\\/#mainImage\"},\"datePublished\":\"2020-04-25T12:21:35+02:00\",\"dateModified\":\"2020-04-25T12:21:35+02:00\"},{\"@type\":\"WebSite\",\"@id\":\"https:\\\/\\\/eldigitaldeasturias.com\\\/radio\\\/#website\",\"url\":\"https:\\\/\\\/eldigitaldeasturias.com\\\/radio\\\/\",\"name\":\"El Digital de Asturias\",\"description\":\"Diario de informaci\\u00f3n y noticias\",\"inLanguage\":\"es-ES\",\"publisher\":{\"@id\":\"https:\\\/\\\/eldigitaldeasturias.com\\\/radio\\\/#organization\"}}]}\n\t\t<\/script>\n\t\t<!-- All in One SEO Pro -->\r\n\t\t<title>Portal de informaci\u00f3n en Asturias sobre la COVID-19 | El Digital de Asturias<\/title>\n\n","aioseo_head_json":{"title":"Portal de informaci\u00f3n en Asturias sobre la COVID-19 | El Digital de Asturias","description":"Una de las cuestiones que ha ocupado al Gobierno de Asturias desde el origen de la pandemia por el nuevo coronavirus ha sido la de ofrecer una informaci\u00f3n absolutamente contrastada, de un modo tan \u00e1gil como permitiera el desarrollo de los acontecimientos y siempre bajo los criterios de veracidad, fiabilidad y accesibilidad. El logro de","canonical_url":"https:\/\/eldigitaldeasturias.com\/radio\/portal-de-informacion-en-asturias-sobre-la-covid-19\/","robots":"max-image-preview:large","keywords":"noticias","webmasterTools":{"google-site-verification":"UA-38556648-1","miscellaneous":""},"schema":{"@context":"https:\/\/schema.org","@graph":[{"@type":"BreadcrumbList","@id":"https:\/\/eldigitaldeasturias.com\/radio\/portal-de-informacion-en-asturias-sobre-la-covid-19\/#breadcrumblist","itemListElement":[{"@type":"ListItem","@id":"https:\/\/eldigitaldeasturias.com\/radio#listItem","position":1,"name":"Inicio","item":"https:\/\/eldigitaldeasturias.com\/radio","nextItem":{"@type":"ListItem","@id":"https:\/\/eldigitaldeasturias.com\/radio\/category\/noticias\/#listItem","name":"Noticias"}},{"@type":"ListItem","@id":"https:\/\/eldigitaldeasturias.com\/radio\/category\/noticias\/#listItem","position":2,"name":"Noticias","item":"https:\/\/eldigitaldeasturias.com\/radio\/category\/noticias\/","nextItem":{"@type":"ListItem","@id":"https:\/\/eldigitaldeasturias.com\/radio\/portal-de-informacion-en-asturias-sobre-la-covid-19\/#listItem","name":"Portal de informaci\u00f3n en Asturias sobre la COVID-19"},"previousItem":{"@type":"ListItem","@id":"https:\/\/eldigitaldeasturias.com\/radio#listItem","name":"Inicio"}},{"@type":"ListItem","@id":"https:\/\/eldigitaldeasturias.com\/radio\/portal-de-informacion-en-asturias-sobre-la-covid-19\/#listItem","position":3,"name":"Portal de informaci\u00f3n en Asturias sobre la COVID-19","previousItem":{"@type":"ListItem","@id":"https:\/\/eldigitaldeasturias.com\/radio\/category\/noticias\/#listItem","name":"Noticias"}}]},{"@type":"NewsArticle","@id":"https:\/\/eldigitaldeasturias.com\/radio\/portal-de-informacion-en-asturias-sobre-la-covid-19\/#newsarticle","name":"Portal de informaci\u00f3n en Asturias sobre la COVID-19 | El Digital de Asturias","headline":"Portal de informaci\u00f3n en Asturias sobre la COVID-19","author":{"@id":"https:\/\/eldigitaldeasturias.com\/radio\/author\/nbasturias\/#author"},"publisher":{"@id":"https:\/\/eldigitaldeasturias.com\/radio\/#organization"},"image":{"@type":"ImageObject","url":"https:\/\/eldigitaldeasturias.com\/radio\/wp-content\/uploads\/2020\/04\/covid-19-4960246_640.jpg","width":640,"height":344},"datePublished":"2020-04-25T12:21:35+02:00","dateModified":"2020-04-25T12:21:35+02:00","inLanguage":"es-ES","mainEntityOfPage":{"@id":"https:\/\/eldigitaldeasturias.com\/radio\/portal-de-informacion-en-asturias-sobre-la-covid-19\/#webpage"},"isPartOf":{"@id":"https:\/\/eldigitaldeasturias.com\/radio\/portal-de-informacion-en-asturias-sobre-la-covid-19\/#webpage"},"articleSection":"Noticias","dateline":"Publicado el abril 25, 2020."},{"@type":"Organization","@id":"https:\/\/eldigitaldeasturias.com\/radio\/#organization","name":"El digital de Asturias Radio","description":"Diario de informaci\u00f3n y noticias","url":"https:\/\/eldigitaldeasturias.com\/radio\/","telephone":"+34652131393","logo":{"@type":"ImageObject","url":"https:\/\/www.eldigitaldeasturias.com\/radio\/wp-content\/uploads\/2021\/03\/EDA.jpg","@id":"https:\/\/eldigitaldeasturias.com\/radio\/portal-de-informacion-en-asturias-sobre-la-covid-19\/#organizationLogo"},"image":{"@id":"https:\/\/eldigitaldeasturias.com\/radio\/portal-de-informacion-en-asturias-sobre-la-covid-19\/#organizationLogo"},"sameAs":["https:\/\/www.facebook.com\/","https:\/\/x.com\/bercodi","https:\/\/www.instagram.com\/","https:\/\/www.youtube.com\/channel\/UCZP-2wLEB9Rv6erhFmqVnvg"]},{"@type":"Person","@id":"https:\/\/eldigitaldeasturias.com\/radio\/author\/nbasturias\/#author","url":"https:\/\/eldigitaldeasturias.com\/radio\/author\/nbasturias\/","name":"NBAsturias","image":{"@type":"ImageObject","@id":"https:\/\/eldigitaldeasturias.com\/radio\/portal-de-informacion-en-asturias-sobre-la-covid-19\/#authorImage","url":"https:\/\/secure.gravatar.com\/avatar\/df2aeffc32bcd13f8d26072ef8a91b623d677766deac7f97ca815868cd41bf5e?s=96&d=mm&r=g","width":96,"height":96,"caption":"NBAsturias"}},{"@type":"WebPage","@id":"https:\/\/eldigitaldeasturias.com\/radio\/portal-de-informacion-en-asturias-sobre-la-covid-19\/#webpage","url":"https:\/\/eldigitaldeasturias.com\/radio\/portal-de-informacion-en-asturias-sobre-la-covid-19\/","name":"Portal de informaci\u00f3n en Asturias sobre la COVID-19 | El Digital de Asturias","description":"Una de las cuestiones que ha ocupado al Gobierno de Asturias desde el origen de la pandemia por el nuevo coronavirus ha sido la de ofrecer una informaci\u00f3n absolutamente contrastada, de un modo tan \u00e1gil como permitiera el desarrollo de los acontecimientos y siempre bajo los criterios de veracidad, fiabilidad y accesibilidad. El logro de","inLanguage":"es-ES","isPartOf":{"@id":"https:\/\/eldigitaldeasturias.com\/radio\/#website"},"breadcrumb":{"@id":"https:\/\/eldigitaldeasturias.com\/radio\/portal-de-informacion-en-asturias-sobre-la-covid-19\/#breadcrumblist"},"author":{"@id":"https:\/\/eldigitaldeasturias.com\/radio\/author\/nbasturias\/#author"},"creator":{"@id":"https:\/\/eldigitaldeasturias.com\/radio\/author\/nbasturias\/#author"},"image":{"@type":"ImageObject","url":"https:\/\/eldigitaldeasturias.com\/radio\/wp-content\/uploads\/2020\/04\/covid-19-4960246_640.jpg","@id":"https:\/\/eldigitaldeasturias.com\/radio\/portal-de-informacion-en-asturias-sobre-la-covid-19\/#mainImage","width":640,"height":344},"primaryImageOfPage":{"@id":"https:\/\/eldigitaldeasturias.com\/radio\/portal-de-informacion-en-asturias-sobre-la-covid-19\/#mainImage"},"datePublished":"2020-04-25T12:21:35+02:00","dateModified":"2020-04-25T12:21:35+02:00"},{"@type":"WebSite","@id":"https:\/\/eldigitaldeasturias.com\/radio\/#website","url":"https:\/\/eldigitaldeasturias.com\/radio\/","name":"El Digital de Asturias","description":"Diario de informaci\u00f3n y noticias","inLanguage":"es-ES","publisher":{"@id":"https:\/\/eldigitaldeasturias.com\/radio\/#organization"}}]},"og:locale":"es_ES","og:site_name":"El Digital de Asturias | Diario de informaci\u00f3n y noticias","og:type":"article","og:title":"Portal de informaci\u00f3n en Asturias sobre la COVID-19 | El Digital de Asturias","og:description":"Una de las cuestiones que ha ocupado al Gobierno de Asturias desde el origen de la pandemia por el nuevo coronavirus ha sido la de ofrecer una informaci\u00f3n absolutamente contrastada, de un modo tan \u00e1gil como permitiera el desarrollo de los acontecimientos y siempre bajo los criterios de veracidad, fiabilidad y accesibilidad. El logro de","og:url":"https:\/\/eldigitaldeasturias.com\/radio\/portal-de-informacion-en-asturias-sobre-la-covid-19\/","og:image":"https:\/\/eldigitaldeasturias.com\/radio\/wp-content\/uploads\/2020\/04\/covid-19-4960246_640.jpg","og:image:secure_url":"https:\/\/eldigitaldeasturias.com\/radio\/wp-content\/uploads\/2020\/04\/covid-19-4960246_640.jpg","og:image:width":640,"og:image:height":344,"article:published_time":"2020-04-25T12:21:35+00:00","article:modified_time":"2020-04-25T12:21:35+00:00","twitter:card":"summary_large_image","twitter:site":"@bercodi","twitter:title":"Portal de informaci\u00f3n en Asturias sobre la COVID-19 | El Digital de Asturias","twitter:description":"Una de las cuestiones que ha ocupado al Gobierno de Asturias desde el origen de la pandemia por el nuevo coronavirus ha sido la de ofrecer una informaci\u00f3n absolutamente contrastada, de un modo tan \u00e1gil como permitiera el desarrollo de los acontecimientos y siempre bajo los criterios de veracidad, fiabilidad y accesibilidad. El logro de","twitter:creator":"@bercodi","twitter:image":"https:\/\/eldigitaldeasturias.com\/radio\/wp-content\/uploads\/2020\/04\/covid-19-4960246_640.jpg"},"aioseo_meta_data":{"post_id":"4195","title":null,"description":null,"keywords":null,"keyphrases":null,"primary_term":null,"canonical_url":null,"og_title":null,"og_description":null,"og_object_type":"default","og_image_type":"default","og_image_url":null,"og_image_width":null,"og_image_height":null,"og_image_custom_url":null,"og_image_custom_fields":null,"og_video":null,"og_custom_url":null,"og_article_section":null,"og_article_tags":null,"twitter_use_og":false,"twitter_card":"default","twitter_image_type":"default","twitter_image_url":null,"twitter_image_custom_url":null,"twitter_image_custom_fields":null,"twitter_title":null,"twitter_description":null,"schema":{"blockGraphs":[],"customGraphs":[],"default":{"data":{"Article":[],"Course":[],"Dataset":[],"FAQPage":[],"Movie":[],"Person":[],"Product":[],"ProductReview":[],"Car":[],"Recipe":[],"Service":[],"SoftwareApplication":[],"WebPage":[]},"graphName":"","isEnabled":true},"graphs":[],"defaultGraph":"","defaultPostTypeGraph":""},"schema_type":null,"schema_type_options":null,"pillar_content":false,"robots_default":true,"robots_noindex":false,"robots_noarchive":false,"robots_nosnippet":false,"robots_nofollow":false,"robots_noimageindex":false,"robots_noodp":false,"robots_notranslate":false,"robots_max_snippet":null,"robots_max_videopreview":null,"robots_max_imagepreview":"large","priority":null,"frequency":null,"location":null,"local_seo":null,"seo_analyzer_scan_date":"2025-08-28 15:33:22","breadcrumb_settings":null,"limit_modified_date":false,"open_ai":null,"ai":null,"created":"2021-03-27 06:59:45","updated":"2025-08-28 15:33:22"},"aioseo_breadcrumb":"<div class=\"aioseo-breadcrumbs\"><span class=\"aioseo-breadcrumb\">\n\t<a href=\"https:\/\/eldigitaldeasturias.com\/radio\" title=\"Inicio\">Inicio<\/a>\n<\/span><span class=\"aioseo-breadcrumb-separator\">&ndash;<\/span><span class=\"aioseo-breadcrumb\">\n\t<a href=\"https:\/\/eldigitaldeasturias.com\/radio\/category\/noticias\/\" title=\"Noticias\">Noticias<\/a>\n<\/span><span class=\"aioseo-breadcrumb-separator\">&ndash;<\/span><span class=\"aioseo-breadcrumb\">\n\tPortal de informaci\u00f3n en Asturias sobre la COVID-19\n<\/span><\/div>","aioseo_breadcrumb_json":[{"label":"Inicio","link":"https:\/\/eldigitaldeasturias.com\/radio"},{"label":"Noticias","link":"https:\/\/eldigitaldeasturias.com\/radio\/category\/noticias\/"},{"label":"Portal de informaci\u00f3n en Asturias sobre la COVID-19","link":"https:\/\/eldigitaldeasturias.com\/radio\/portal-de-informacion-en-asturias-sobre-la-covid-19\/"}],"_links":{"self":[{"href":"https:\/\/eldigitaldeasturias.com\/radio\/wp-json\/wp\/v2\/posts\/4195","targetHints":{"allow":["GET"]}}],"collection":[{"href":"https:\/\/eldigitaldeasturias.com\/radio\/wp-json\/wp\/v2\/posts"}],"about":[{"href":"https:\/\/eldigitaldeasturias.com\/radio\/wp-json\/wp\/v2\/types\/post"}],"author":[{"embeddable":true,"href":"https:\/\/eldigitaldeasturias.com\/radio\/wp-json\/wp\/v2\/users\/1"}],"replies":[{"embeddable":true,"href":"https:\/\/eldigitaldeasturias.com\/radio\/wp-json\/wp\/v2\/comments?post=4195"}],"version-history":[{"count":0,"href":"https:\/\/eldigitaldeasturias.com\/radio\/wp-json\/wp\/v2\/posts\/4195\/revisions"}],"wp:featuredmedia":[{"embeddable":true,"href":"https:\/\/eldigitaldeasturias.com\/radio\/wp-json\/wp\/v2\/media\/4110"}],"wp:attachment":[{"href":"https:\/\/eldigitaldeasturias.com\/radio\/wp-json\/wp\/v2\/media?parent=4195"}],"wp:term":[{"taxonomy":"category","embeddable":true,"href":"https:\/\/eldigitaldeasturias.com\/radio\/wp-json\/wp\/v2\/categories?post=4195"},{"taxonomy":"post_tag","embeddable":true,"href":"https:\/\/eldigitaldeasturias.com\/radio\/wp-json\/wp\/v2\/tags?post=4195"}],"curies":[{"name":"wp","href":"https:\/\/api.w.org\/{rel}","templated":true}]}}