{"id":4188,"date":"2020-04-24T16:26:08","date_gmt":"2020-04-24T16:26:08","guid":{"rendered":"http:\/\/www.eldigitaldeasturias.com\/radio\/?p=4188"},"modified":"2020-04-24T16:26:08","modified_gmt":"2020-04-24T16:26:08","slug":"styleprive-el-lider-de-belleza-a-domicilio-aumenta-sus-esfuerzos-pidiendo-la-colaboracion-del-sector","status":"publish","type":"post","link":"https:\/\/eldigitaldeasturias.com\/radio\/styleprive-el-lider-de-belleza-a-domicilio-aumenta-sus-esfuerzos-pidiendo-la-colaboracion-del-sector\/","title":{"rendered":"StylePriv\u00e9, el l\u00edder de belleza a domicilio, aumenta sus esfuerzos pidiendo la colaboraci\u00f3n del sector"},"content":{"rendered":"<p><img fetchpriority=\"high\" decoding=\"async\" class=\"alignleft size-medium wp-image-4189\" src=\"http:\/\/www.eldigitaldeasturias.com\/radio\/wp-content\/uploads\/2020\/04\/1587401094_Peluquer_a_a_domicilio_12_-300x300.jpg\" alt=\"\" width=\"300\" height=\"300\" srcset=\"https:\/\/eldigitaldeasturias.com\/radio\/wp-content\/uploads\/2020\/04\/1587401094_Peluquer_a_a_domicilio_12_-300x300.jpg 300w, https:\/\/eldigitaldeasturias.com\/radio\/wp-content\/uploads\/2020\/04\/1587401094_Peluquer_a_a_domicilio_12_-1024x1024.jpg 1024w, https:\/\/eldigitaldeasturias.com\/radio\/wp-content\/uploads\/2020\/04\/1587401094_Peluquer_a_a_domicilio_12_-768x768.jpg 768w, https:\/\/eldigitaldeasturias.com\/radio\/wp-content\/uploads\/2020\/04\/1587401094_Peluquer_a_a_domicilio_12_-600x600.jpg 600w, https:\/\/eldigitaldeasturias.com\/radio\/wp-content\/uploads\/2020\/04\/1587401094_Peluquer_a_a_domicilio_12_-100x100.jpg 100w, https:\/\/eldigitaldeasturias.com\/radio\/wp-content\/uploads\/2020\/04\/1587401094_Peluquer_a_a_domicilio_12_.jpg 1080w\" sizes=\"(max-width: 300px) 100vw, 300px\" \/>StylePriv\u00e9, la plataforma de servicios de belleza a domicilio, tras multiplicar su trabajo asistiendo a personas de riesgo y colectivos m\u00e1s vulnerables afectados por la grave crisis sanitaria y econ\u00f3mica del coronavirus, ha observado una creciente demanda por parte de estas personas.<\/p>\n<p>El Real Decreto establecido por el Gobierno a ra\u00edz de la extensi\u00f3n de la pandemia permite mantener activos los servicios a domicilio, considerados esenciales, entre ellos las peluquer\u00edas. En este contexto y debido a la gravedad de la situaci\u00f3n, StylePriv\u00e9 ha centrado su atenci\u00f3n en garantizar servicios b\u00e1sicos a los colectivos m\u00e1s vulnerables. \u201cLo primero son los necesitados\u201d, declara Patricia Manso, CEO de la plataforma, que estima prioritario \u201catender a una sociedad que en estos momentos complicados necesita nuestros servicios\u201d.<\/p>\n<p>La organizaci\u00f3n ha puesto el foco en ayudar tanto a clientes como a profesionales. Por ello, anima a todos aquellos profesionales de la peluquer\u00eda aut\u00f3nomos que quieran trabajar a darse de alta a trav\u00e9s de su plataforma para cubrir la creciente demanda de personas de avanzada edad, entre 80 y 100 a\u00f1os.<\/p>\n<p>\u201cNo podemos atender a tantas personas\u201d, reconoce, mientras desea que las peluquer\u00edas vean la plataforma \u201ccomo una oportunidad\u201d. \u201cMe compensa ayudar y ver la sonrisa de los clientes en situaciones cr\u00edticas o con c\u00e1ncer cuando les atendemos, emociona ver las muestras de agradecimiento al acabar cada agotadora jornada\u201d, expresa Manso.<\/p>\n<p>\u201cEntendemos la dificultad del momento para los profesionales que han tenido que cerrar sus salones y se enfrentan a una grave crisis econ\u00f3mica, pero estamos convencidos de que si ahora ayudamos a los que nos necesitan, juntos saldremos m\u00e1s fuertes de esto\u201d, a\u00f1ade. \u201cEs el momento de ayudar todo lo que podamos, la situaci\u00f3n es muy mala para todos. Por supuesto hay que reforzar las medidas de seguridad y protegernos, pero tenemos que hacer nuestro trabajo con los que ahora nos necesitan, es nuestra responsabilidad\u201d, insiste Manso.<\/p>\n<p>Los m\u00e1s de 1.000 profesionales aut\u00f3nomos registrados en StylePriv\u00e9 acuden al domicilio de las personas que m\u00e1s lo necesitan para prestar sus servicios de primera necesidad. Los clientes confirman que disponen de guantes y mascarillas y los profesionales hacen lo propio, adem\u00e1s de tomarse la temperatura para demostrar que no tienen coronavirus. \u201cHemos doblado las medidas para garantizar la seguridad de ambos, tanto profesionales como clientes\u201d, asegura.<\/p>\n<p>Adem\u00e1s de mantener su actividad en estos momentos cr\u00edticos, la plataforma ha suprimido la comisi\u00f3n de venta al cliente hasta el 26 de abril, dando la posibilidad de usar el cup\u00f3n MEQUEDOENCASA en la compra online de servicios de peluquer\u00eda de primera necesidad. \u201dPonemos nuestra plataforma a disposici\u00f3n de todas las personas vulnerables, ofreci\u00e9ndoles las mayores facilidades con el objetivo de que puedan contratar servicios b\u00e1sicos. Estamos trabajando al m\u00e1ximo sin apenas beneficios, queremos ayudar a los clientes y a los profesionales lo m\u00e1ximo posible en estas dif\u00edciles circunstancias\u201d, comenta Manso.<\/p>\n","protected":false},"excerpt":{"rendered":"<p>StylePriv\u00e9, la plataforma de servicios de belleza a domicilio, tras multiplicar su trabajo asistiendo a personas de riesgo y colectivos m\u00e1s vulnerables afectados por la grave crisis sanitaria y econ\u00f3mica del coronavirus, ha observado una creciente demanda por parte de estas personas. El Real Decreto establecido por el Gobierno a ra\u00edz de la extensi\u00f3n de<\/p>\n","protected":false},"author":1,"featured_media":4189,"comment_status":"closed","ping_status":"closed","sticky":false,"template":"","format":"standard","meta":{"footnotes":""},"categories":[35],"tags":[],"class_list":{"0":"post-4188","1":"post","2":"type-post","3":"status-publish","4":"format-standard","5":"has-post-thumbnail","7":"category-negocios"},"aioseo_notices":[],"aioseo_head":"\n\t\t<!-- All in One SEO Pro 4.9.6.2 - aioseo.com -->\n\t<meta name=\"description\" content=\"StylePriv\u00e9, la plataforma de servicios de belleza a domicilio, tras multiplicar su trabajo asistiendo a personas de riesgo y colectivos m\u00e1s vulnerables afectados por la grave crisis sanitaria y econ\u00f3mica del coronavirus, ha observado una creciente demanda por parte de estas personas. El Real Decreto establecido por el Gobierno a ra\u00edz de la extensi\u00f3n de\" \/>\n\t<meta name=\"robots\" content=\"max-image-preview:large\" \/>\n\t<meta name=\"author\" content=\"NBAsturias\"\/>\n\t<meta name=\"google-site-verification\" content=\"UA-38556648-1\" \/>\n\t<meta name=\"keywords\" content=\"negocios\" \/>\n\t<link rel=\"canonical\" href=\"https:\/\/eldigitaldeasturias.com\/radio\/styleprive-el-lider-de-belleza-a-domicilio-aumenta-sus-esfuerzos-pidiendo-la-colaboracion-del-sector\/\" \/>\n\t<meta name=\"generator\" content=\"All in One SEO Pro (AIOSEO) 4.9.6.2\" \/>\n\t\t<meta property=\"og:locale\" content=\"es_ES\" \/>\n\t\t<meta property=\"og:site_name\" content=\"El Digital de Asturias | Diario de informaci\u00f3n y noticias\" \/>\n\t\t<meta property=\"og:type\" content=\"article\" \/>\n\t\t<meta property=\"og:title\" content=\"StylePriv\u00e9, el l\u00edder de belleza a domicilio, aumenta sus esfuerzos pidiendo la colaboraci\u00f3n del sector | El Digital de Asturias\" \/>\n\t\t<meta property=\"og:description\" content=\"StylePriv\u00e9, la plataforma de servicios de belleza a domicilio, tras multiplicar su trabajo asistiendo a personas de riesgo y colectivos m\u00e1s vulnerables afectados por la grave crisis sanitaria y econ\u00f3mica del coronavirus, ha observado una creciente demanda por parte de estas personas. El Real Decreto establecido por el Gobierno a ra\u00edz de la extensi\u00f3n de\" \/>\n\t\t<meta property=\"og:url\" content=\"https:\/\/eldigitaldeasturias.com\/radio\/styleprive-el-lider-de-belleza-a-domicilio-aumenta-sus-esfuerzos-pidiendo-la-colaboracion-del-sector\/\" \/>\n\t\t<meta property=\"og:image\" content=\"https:\/\/eldigitaldeasturias.com\/radio\/wp-content\/uploads\/2020\/04\/1587401094_Peluquer_a_a_domicilio_12_.jpg\" \/>\n\t\t<meta property=\"og:image:secure_url\" content=\"https:\/\/eldigitaldeasturias.com\/radio\/wp-content\/uploads\/2020\/04\/1587401094_Peluquer_a_a_domicilio_12_.jpg\" \/>\n\t\t<meta property=\"og:image:width\" content=\"1080\" \/>\n\t\t<meta property=\"og:image:height\" content=\"1080\" \/>\n\t\t<meta property=\"article:published_time\" content=\"2020-04-24T16:26:08+00:00\" \/>\n\t\t<meta property=\"article:modified_time\" content=\"2020-04-24T16:26:08+00:00\" \/>\n\t\t<meta name=\"twitter:card\" content=\"summary_large_image\" \/>\n\t\t<meta name=\"twitter:site\" content=\"@bercodi\" \/>\n\t\t<meta name=\"twitter:title\" content=\"StylePriv\u00e9, el l\u00edder de belleza a domicilio, aumenta sus esfuerzos pidiendo la colaboraci\u00f3n del sector | El Digital de Asturias\" \/>\n\t\t<meta name=\"twitter:description\" content=\"StylePriv\u00e9, la plataforma de servicios de belleza a domicilio, tras multiplicar su trabajo asistiendo a personas de riesgo y colectivos m\u00e1s vulnerables afectados por la grave crisis sanitaria y econ\u00f3mica del coronavirus, ha observado una creciente demanda por parte de estas personas. El Real Decreto establecido por el Gobierno a ra\u00edz de la extensi\u00f3n de\" \/>\n\t\t<meta name=\"twitter:creator\" content=\"@bercodi\" \/>\n\t\t<meta name=\"twitter:image\" content=\"https:\/\/eldigitaldeasturias.com\/radio\/wp-content\/uploads\/2020\/04\/1587401094_Peluquer_a_a_domicilio_12_.jpg\" \/>\n\t\t<script type=\"application\/ld+json\" class=\"aioseo-schema\">\n\t\t\t{\"@context\":\"https:\\\/\\\/schema.org\",\"@graph\":[{\"@type\":\"BreadcrumbList\",\"@id\":\"https:\\\/\\\/eldigitaldeasturias.com\\\/radio\\\/styleprive-el-lider-de-belleza-a-domicilio-aumenta-sus-esfuerzos-pidiendo-la-colaboracion-del-sector\\\/#breadcrumblist\",\"itemListElement\":[{\"@type\":\"ListItem\",\"@id\":\"https:\\\/\\\/eldigitaldeasturias.com\\\/radio#listItem\",\"position\":1,\"name\":\"Inicio\",\"item\":\"https:\\\/\\\/eldigitaldeasturias.com\\\/radio\",\"nextItem\":{\"@type\":\"ListItem\",\"@id\":\"https:\\\/\\\/eldigitaldeasturias.com\\\/radio\\\/category\\\/negocios\\\/#listItem\",\"name\":\"Negocios\"}},{\"@type\":\"ListItem\",\"@id\":\"https:\\\/\\\/eldigitaldeasturias.com\\\/radio\\\/category\\\/negocios\\\/#listItem\",\"position\":2,\"name\":\"Negocios\",\"item\":\"https:\\\/\\\/eldigitaldeasturias.com\\\/radio\\\/category\\\/negocios\\\/\",\"nextItem\":{\"@type\":\"ListItem\",\"@id\":\"https:\\\/\\\/eldigitaldeasturias.com\\\/radio\\\/styleprive-el-lider-de-belleza-a-domicilio-aumenta-sus-esfuerzos-pidiendo-la-colaboracion-del-sector\\\/#listItem\",\"name\":\"StylePriv\\u00e9, el l\\u00edder de belleza a domicilio, aumenta sus esfuerzos pidiendo la colaboraci\\u00f3n del sector\"},\"previousItem\":{\"@type\":\"ListItem\",\"@id\":\"https:\\\/\\\/eldigitaldeasturias.com\\\/radio#listItem\",\"name\":\"Inicio\"}},{\"@type\":\"ListItem\",\"@id\":\"https:\\\/\\\/eldigitaldeasturias.com\\\/radio\\\/styleprive-el-lider-de-belleza-a-domicilio-aumenta-sus-esfuerzos-pidiendo-la-colaboracion-del-sector\\\/#listItem\",\"position\":3,\"name\":\"StylePriv\\u00e9, el l\\u00edder de belleza a domicilio, aumenta sus esfuerzos pidiendo la colaboraci\\u00f3n del sector\",\"previousItem\":{\"@type\":\"ListItem\",\"@id\":\"https:\\\/\\\/eldigitaldeasturias.com\\\/radio\\\/category\\\/negocios\\\/#listItem\",\"name\":\"Negocios\"}}]},{\"@type\":\"NewsArticle\",\"@id\":\"https:\\\/\\\/eldigitaldeasturias.com\\\/radio\\\/styleprive-el-lider-de-belleza-a-domicilio-aumenta-sus-esfuerzos-pidiendo-la-colaboracion-del-sector\\\/#newsarticle\",\"name\":\"StylePriv\\u00e9, el l\\u00edder de belleza a domicilio, aumenta sus esfuerzos pidiendo la colaboraci\\u00f3n del sector | El Digital de Asturias\",\"headline\":\"StylePriv\\u00e9, el l\\u00edder de belleza a domicilio, aumenta sus esfuerzos pidiendo la colaboraci\\u00f3n del sector\",\"author\":{\"@id\":\"https:\\\/\\\/eldigitaldeasturias.com\\\/radio\\\/author\\\/nbasturias\\\/#author\"},\"publisher\":{\"@id\":\"https:\\\/\\\/eldigitaldeasturias.com\\\/radio\\\/#organization\"},\"image\":{\"@type\":\"ImageObject\",\"url\":\"https:\\\/\\\/eldigitaldeasturias.com\\\/radio\\\/wp-content\\\/uploads\\\/2020\\\/04\\\/1587401094_Peluquer_a_a_domicilio_12_.jpg\",\"width\":1080,\"height\":1080},\"datePublished\":\"2020-04-24T16:26:08+02:00\",\"dateModified\":\"2020-04-24T16:26:08+02:00\",\"inLanguage\":\"es-ES\",\"mainEntityOfPage\":{\"@id\":\"https:\\\/\\\/eldigitaldeasturias.com\\\/radio\\\/styleprive-el-lider-de-belleza-a-domicilio-aumenta-sus-esfuerzos-pidiendo-la-colaboracion-del-sector\\\/#webpage\"},\"isPartOf\":{\"@id\":\"https:\\\/\\\/eldigitaldeasturias.com\\\/radio\\\/styleprive-el-lider-de-belleza-a-domicilio-aumenta-sus-esfuerzos-pidiendo-la-colaboracion-del-sector\\\/#webpage\"},\"articleSection\":\"Negocios\",\"dateline\":\"Publicado el abril 24, 2020.\"},{\"@type\":\"Organization\",\"@id\":\"https:\\\/\\\/eldigitaldeasturias.com\\\/radio\\\/#organization\",\"name\":\"El digital de Asturias Radio\",\"description\":\"Diario de informaci\\u00f3n y noticias\",\"url\":\"https:\\\/\\\/eldigitaldeasturias.com\\\/radio\\\/\",\"telephone\":\"+34652131393\",\"logo\":{\"@type\":\"ImageObject\",\"url\":\"https:\\\/\\\/www.eldigitaldeasturias.com\\\/radio\\\/wp-content\\\/uploads\\\/2021\\\/03\\\/EDA.jpg\",\"@id\":\"https:\\\/\\\/eldigitaldeasturias.com\\\/radio\\\/styleprive-el-lider-de-belleza-a-domicilio-aumenta-sus-esfuerzos-pidiendo-la-colaboracion-del-sector\\\/#organizationLogo\"},\"image\":{\"@id\":\"https:\\\/\\\/eldigitaldeasturias.com\\\/radio\\\/styleprive-el-lider-de-belleza-a-domicilio-aumenta-sus-esfuerzos-pidiendo-la-colaboracion-del-sector\\\/#organizationLogo\"},\"sameAs\":[\"https:\\\/\\\/www.facebook.com\\\/\",\"https:\\\/\\\/x.com\\\/bercodi\",\"https:\\\/\\\/www.instagram.com\\\/\",\"https:\\\/\\\/www.youtube.com\\\/channel\\\/UCZP-2wLEB9Rv6erhFmqVnvg\"]},{\"@type\":\"Person\",\"@id\":\"https:\\\/\\\/eldigitaldeasturias.com\\\/radio\\\/author\\\/nbasturias\\\/#author\",\"url\":\"https:\\\/\\\/eldigitaldeasturias.com\\\/radio\\\/author\\\/nbasturias\\\/\",\"name\":\"NBAsturias\",\"image\":{\"@type\":\"ImageObject\",\"@id\":\"https:\\\/\\\/eldigitaldeasturias.com\\\/radio\\\/styleprive-el-lider-de-belleza-a-domicilio-aumenta-sus-esfuerzos-pidiendo-la-colaboracion-del-sector\\\/#authorImage\",\"url\":\"https:\\\/\\\/secure.gravatar.com\\\/avatar\\\/df2aeffc32bcd13f8d26072ef8a91b623d677766deac7f97ca815868cd41bf5e?s=96&d=mm&r=g\",\"width\":96,\"height\":96,\"caption\":\"NBAsturias\"}},{\"@type\":\"WebPage\",\"@id\":\"https:\\\/\\\/eldigitaldeasturias.com\\\/radio\\\/styleprive-el-lider-de-belleza-a-domicilio-aumenta-sus-esfuerzos-pidiendo-la-colaboracion-del-sector\\\/#webpage\",\"url\":\"https:\\\/\\\/eldigitaldeasturias.com\\\/radio\\\/styleprive-el-lider-de-belleza-a-domicilio-aumenta-sus-esfuerzos-pidiendo-la-colaboracion-del-sector\\\/\",\"name\":\"StylePriv\\u00e9, el l\\u00edder de belleza a domicilio, aumenta sus esfuerzos pidiendo la colaboraci\\u00f3n del sector | El Digital de Asturias\",\"description\":\"StylePriv\\u00e9, la plataforma de servicios de belleza a domicilio, tras multiplicar su trabajo asistiendo a personas de riesgo y colectivos m\\u00e1s vulnerables afectados por la grave crisis sanitaria y econ\\u00f3mica del coronavirus, ha observado una creciente demanda por parte de estas personas. El Real Decreto establecido por el Gobierno a ra\\u00edz de la extensi\\u00f3n de\",\"inLanguage\":\"es-ES\",\"isPartOf\":{\"@id\":\"https:\\\/\\\/eldigitaldeasturias.com\\\/radio\\\/#website\"},\"breadcrumb\":{\"@id\":\"https:\\\/\\\/eldigitaldeasturias.com\\\/radio\\\/styleprive-el-lider-de-belleza-a-domicilio-aumenta-sus-esfuerzos-pidiendo-la-colaboracion-del-sector\\\/#breadcrumblist\"},\"author\":{\"@id\":\"https:\\\/\\\/eldigitaldeasturias.com\\\/radio\\\/author\\\/nbasturias\\\/#author\"},\"creator\":{\"@id\":\"https:\\\/\\\/eldigitaldeasturias.com\\\/radio\\\/author\\\/nbasturias\\\/#author\"},\"image\":{\"@type\":\"ImageObject\",\"url\":\"https:\\\/\\\/eldigitaldeasturias.com\\\/radio\\\/wp-content\\\/uploads\\\/2020\\\/04\\\/1587401094_Peluquer_a_a_domicilio_12_.jpg\",\"@id\":\"https:\\\/\\\/eldigitaldeasturias.com\\\/radio\\\/styleprive-el-lider-de-belleza-a-domicilio-aumenta-sus-esfuerzos-pidiendo-la-colaboracion-del-sector\\\/#mainImage\",\"width\":1080,\"height\":1080},\"primaryImageOfPage\":{\"@id\":\"https:\\\/\\\/eldigitaldeasturias.com\\\/radio\\\/styleprive-el-lider-de-belleza-a-domicilio-aumenta-sus-esfuerzos-pidiendo-la-colaboracion-del-sector\\\/#mainImage\"},\"datePublished\":\"2020-04-24T16:26:08+02:00\",\"dateModified\":\"2020-04-24T16:26:08+02:00\"},{\"@type\":\"WebSite\",\"@id\":\"https:\\\/\\\/eldigitaldeasturias.com\\\/radio\\\/#website\",\"url\":\"https:\\\/\\\/eldigitaldeasturias.com\\\/radio\\\/\",\"name\":\"El Digital de Asturias\",\"description\":\"Diario de informaci\\u00f3n y noticias\",\"inLanguage\":\"es-ES\",\"publisher\":{\"@id\":\"https:\\\/\\\/eldigitaldeasturias.com\\\/radio\\\/#organization\"}}]}\n\t\t<\/script>\n\t\t<!-- All in One SEO Pro -->\r\n\t\t<title>StylePriv\u00e9, el l\u00edder de belleza a domicilio, aumenta sus esfuerzos pidiendo la colaboraci\u00f3n del sector | El Digital de Asturias<\/title>\n\n","aioseo_head_json":{"title":"StylePriv\u00e9, el l\u00edder de belleza a domicilio, aumenta sus esfuerzos pidiendo la colaboraci\u00f3n del sector | El Digital de Asturias","description":"StylePriv\u00e9, la plataforma de servicios de belleza a domicilio, tras multiplicar su trabajo asistiendo a personas de riesgo y colectivos m\u00e1s vulnerables afectados por la grave crisis sanitaria y econ\u00f3mica del coronavirus, ha observado una creciente demanda por parte de estas personas. El Real Decreto establecido por el Gobierno a ra\u00edz de la extensi\u00f3n de","canonical_url":"https:\/\/eldigitaldeasturias.com\/radio\/styleprive-el-lider-de-belleza-a-domicilio-aumenta-sus-esfuerzos-pidiendo-la-colaboracion-del-sector\/","robots":"max-image-preview:large","keywords":"negocios","webmasterTools":{"google-site-verification":"UA-38556648-1","miscellaneous":""},"schema":{"@context":"https:\/\/schema.org","@graph":[{"@type":"BreadcrumbList","@id":"https:\/\/eldigitaldeasturias.com\/radio\/styleprive-el-lider-de-belleza-a-domicilio-aumenta-sus-esfuerzos-pidiendo-la-colaboracion-del-sector\/#breadcrumblist","itemListElement":[{"@type":"ListItem","@id":"https:\/\/eldigitaldeasturias.com\/radio#listItem","position":1,"name":"Inicio","item":"https:\/\/eldigitaldeasturias.com\/radio","nextItem":{"@type":"ListItem","@id":"https:\/\/eldigitaldeasturias.com\/radio\/category\/negocios\/#listItem","name":"Negocios"}},{"@type":"ListItem","@id":"https:\/\/eldigitaldeasturias.com\/radio\/category\/negocios\/#listItem","position":2,"name":"Negocios","item":"https:\/\/eldigitaldeasturias.com\/radio\/category\/negocios\/","nextItem":{"@type":"ListItem","@id":"https:\/\/eldigitaldeasturias.com\/radio\/styleprive-el-lider-de-belleza-a-domicilio-aumenta-sus-esfuerzos-pidiendo-la-colaboracion-del-sector\/#listItem","name":"StylePriv\u00e9, el l\u00edder de belleza a domicilio, aumenta sus esfuerzos pidiendo la colaboraci\u00f3n del sector"},"previousItem":{"@type":"ListItem","@id":"https:\/\/eldigitaldeasturias.com\/radio#listItem","name":"Inicio"}},{"@type":"ListItem","@id":"https:\/\/eldigitaldeasturias.com\/radio\/styleprive-el-lider-de-belleza-a-domicilio-aumenta-sus-esfuerzos-pidiendo-la-colaboracion-del-sector\/#listItem","position":3,"name":"StylePriv\u00e9, el l\u00edder de belleza a domicilio, aumenta sus esfuerzos pidiendo la colaboraci\u00f3n del sector","previousItem":{"@type":"ListItem","@id":"https:\/\/eldigitaldeasturias.com\/radio\/category\/negocios\/#listItem","name":"Negocios"}}]},{"@type":"NewsArticle","@id":"https:\/\/eldigitaldeasturias.com\/radio\/styleprive-el-lider-de-belleza-a-domicilio-aumenta-sus-esfuerzos-pidiendo-la-colaboracion-del-sector\/#newsarticle","name":"StylePriv\u00e9, el l\u00edder de belleza a domicilio, aumenta sus esfuerzos pidiendo la colaboraci\u00f3n del sector | El Digital de Asturias","headline":"StylePriv\u00e9, el l\u00edder de belleza a domicilio, aumenta sus esfuerzos pidiendo la colaboraci\u00f3n del sector","author":{"@id":"https:\/\/eldigitaldeasturias.com\/radio\/author\/nbasturias\/#author"},"publisher":{"@id":"https:\/\/eldigitaldeasturias.com\/radio\/#organization"},"image":{"@type":"ImageObject","url":"https:\/\/eldigitaldeasturias.com\/radio\/wp-content\/uploads\/2020\/04\/1587401094_Peluquer_a_a_domicilio_12_.jpg","width":1080,"height":1080},"datePublished":"2020-04-24T16:26:08+02:00","dateModified":"2020-04-24T16:26:08+02:00","inLanguage":"es-ES","mainEntityOfPage":{"@id":"https:\/\/eldigitaldeasturias.com\/radio\/styleprive-el-lider-de-belleza-a-domicilio-aumenta-sus-esfuerzos-pidiendo-la-colaboracion-del-sector\/#webpage"},"isPartOf":{"@id":"https:\/\/eldigitaldeasturias.com\/radio\/styleprive-el-lider-de-belleza-a-domicilio-aumenta-sus-esfuerzos-pidiendo-la-colaboracion-del-sector\/#webpage"},"articleSection":"Negocios","dateline":"Publicado el abril 24, 2020."},{"@type":"Organization","@id":"https:\/\/eldigitaldeasturias.com\/radio\/#organization","name":"El digital de Asturias Radio","description":"Diario de informaci\u00f3n y noticias","url":"https:\/\/eldigitaldeasturias.com\/radio\/","telephone":"+34652131393","logo":{"@type":"ImageObject","url":"https:\/\/www.eldigitaldeasturias.com\/radio\/wp-content\/uploads\/2021\/03\/EDA.jpg","@id":"https:\/\/eldigitaldeasturias.com\/radio\/styleprive-el-lider-de-belleza-a-domicilio-aumenta-sus-esfuerzos-pidiendo-la-colaboracion-del-sector\/#organizationLogo"},"image":{"@id":"https:\/\/eldigitaldeasturias.com\/radio\/styleprive-el-lider-de-belleza-a-domicilio-aumenta-sus-esfuerzos-pidiendo-la-colaboracion-del-sector\/#organizationLogo"},"sameAs":["https:\/\/www.facebook.com\/","https:\/\/x.com\/bercodi","https:\/\/www.instagram.com\/","https:\/\/www.youtube.com\/channel\/UCZP-2wLEB9Rv6erhFmqVnvg"]},{"@type":"Person","@id":"https:\/\/eldigitaldeasturias.com\/radio\/author\/nbasturias\/#author","url":"https:\/\/eldigitaldeasturias.com\/radio\/author\/nbasturias\/","name":"NBAsturias","image":{"@type":"ImageObject","@id":"https:\/\/eldigitaldeasturias.com\/radio\/styleprive-el-lider-de-belleza-a-domicilio-aumenta-sus-esfuerzos-pidiendo-la-colaboracion-del-sector\/#authorImage","url":"https:\/\/secure.gravatar.com\/avatar\/df2aeffc32bcd13f8d26072ef8a91b623d677766deac7f97ca815868cd41bf5e?s=96&d=mm&r=g","width":96,"height":96,"caption":"NBAsturias"}},{"@type":"WebPage","@id":"https:\/\/eldigitaldeasturias.com\/radio\/styleprive-el-lider-de-belleza-a-domicilio-aumenta-sus-esfuerzos-pidiendo-la-colaboracion-del-sector\/#webpage","url":"https:\/\/eldigitaldeasturias.com\/radio\/styleprive-el-lider-de-belleza-a-domicilio-aumenta-sus-esfuerzos-pidiendo-la-colaboracion-del-sector\/","name":"StylePriv\u00e9, el l\u00edder de belleza a domicilio, aumenta sus esfuerzos pidiendo la colaboraci\u00f3n del sector | El Digital de Asturias","description":"StylePriv\u00e9, la plataforma de servicios de belleza a domicilio, tras multiplicar su trabajo asistiendo a personas de riesgo y colectivos m\u00e1s vulnerables afectados por la grave crisis sanitaria y econ\u00f3mica del coronavirus, ha observado una creciente demanda por parte de estas personas. El Real Decreto establecido por el Gobierno a ra\u00edz de la extensi\u00f3n de","inLanguage":"es-ES","isPartOf":{"@id":"https:\/\/eldigitaldeasturias.com\/radio\/#website"},"breadcrumb":{"@id":"https:\/\/eldigitaldeasturias.com\/radio\/styleprive-el-lider-de-belleza-a-domicilio-aumenta-sus-esfuerzos-pidiendo-la-colaboracion-del-sector\/#breadcrumblist"},"author":{"@id":"https:\/\/eldigitaldeasturias.com\/radio\/author\/nbasturias\/#author"},"creator":{"@id":"https:\/\/eldigitaldeasturias.com\/radio\/author\/nbasturias\/#author"},"image":{"@type":"ImageObject","url":"https:\/\/eldigitaldeasturias.com\/radio\/wp-content\/uploads\/2020\/04\/1587401094_Peluquer_a_a_domicilio_12_.jpg","@id":"https:\/\/eldigitaldeasturias.com\/radio\/styleprive-el-lider-de-belleza-a-domicilio-aumenta-sus-esfuerzos-pidiendo-la-colaboracion-del-sector\/#mainImage","width":1080,"height":1080},"primaryImageOfPage":{"@id":"https:\/\/eldigitaldeasturias.com\/radio\/styleprive-el-lider-de-belleza-a-domicilio-aumenta-sus-esfuerzos-pidiendo-la-colaboracion-del-sector\/#mainImage"},"datePublished":"2020-04-24T16:26:08+02:00","dateModified":"2020-04-24T16:26:08+02:00"},{"@type":"WebSite","@id":"https:\/\/eldigitaldeasturias.com\/radio\/#website","url":"https:\/\/eldigitaldeasturias.com\/radio\/","name":"El Digital de Asturias","description":"Diario de informaci\u00f3n y noticias","inLanguage":"es-ES","publisher":{"@id":"https:\/\/eldigitaldeasturias.com\/radio\/#organization"}}]},"og:locale":"es_ES","og:site_name":"El Digital de Asturias | Diario de informaci\u00f3n y noticias","og:type":"article","og:title":"StylePriv\u00e9, el l\u00edder de belleza a domicilio, aumenta sus esfuerzos pidiendo la colaboraci\u00f3n del sector | El Digital de Asturias","og:description":"StylePriv\u00e9, la plataforma de servicios de belleza a domicilio, tras multiplicar su trabajo asistiendo a personas de riesgo y colectivos m\u00e1s vulnerables afectados por la grave crisis sanitaria y econ\u00f3mica del coronavirus, ha observado una creciente demanda por parte de estas personas. El Real Decreto establecido por el Gobierno a ra\u00edz de la extensi\u00f3n de","og:url":"https:\/\/eldigitaldeasturias.com\/radio\/styleprive-el-lider-de-belleza-a-domicilio-aumenta-sus-esfuerzos-pidiendo-la-colaboracion-del-sector\/","og:image":"https:\/\/eldigitaldeasturias.com\/radio\/wp-content\/uploads\/2020\/04\/1587401094_Peluquer_a_a_domicilio_12_.jpg","og:image:secure_url":"https:\/\/eldigitaldeasturias.com\/radio\/wp-content\/uploads\/2020\/04\/1587401094_Peluquer_a_a_domicilio_12_.jpg","og:image:width":1080,"og:image:height":1080,"article:published_time":"2020-04-24T16:26:08+00:00","article:modified_time":"2020-04-24T16:26:08+00:00","twitter:card":"summary_large_image","twitter:site":"@bercodi","twitter:title":"StylePriv\u00e9, el l\u00edder de belleza a domicilio, aumenta sus esfuerzos pidiendo la colaboraci\u00f3n del sector | El Digital de Asturias","twitter:description":"StylePriv\u00e9, la plataforma de servicios de belleza a domicilio, tras multiplicar su trabajo asistiendo a personas de riesgo y colectivos m\u00e1s vulnerables afectados por la grave crisis sanitaria y econ\u00f3mica del coronavirus, ha observado una creciente demanda por parte de estas personas. El Real Decreto establecido por el Gobierno a ra\u00edz de la extensi\u00f3n de","twitter:creator":"@bercodi","twitter:image":"https:\/\/eldigitaldeasturias.com\/radio\/wp-content\/uploads\/2020\/04\/1587401094_Peluquer_a_a_domicilio_12_.jpg"},"aioseo_meta_data":{"post_id":"4188","title":null,"description":null,"keywords":null,"keyphrases":null,"primary_term":null,"canonical_url":null,"og_title":null,"og_description":null,"og_object_type":"default","og_image_type":"default","og_image_url":null,"og_image_width":null,"og_image_height":null,"og_image_custom_url":null,"og_image_custom_fields":null,"og_video":null,"og_custom_url":null,"og_article_section":null,"og_article_tags":null,"twitter_use_og":false,"twitter_card":"default","twitter_image_type":"default","twitter_image_url":null,"twitter_image_custom_url":null,"twitter_image_custom_fields":null,"twitter_title":null,"twitter_description":null,"schema":{"blockGraphs":[],"customGraphs":[],"default":{"data":{"Article":[],"Course":[],"Dataset":[],"FAQPage":[],"Movie":[],"Person":[],"Product":[],"ProductReview":[],"Car":[],"Recipe":[],"Service":[],"SoftwareApplication":[],"WebPage":[]},"graphName":"","isEnabled":true},"graphs":[],"defaultGraph":"","defaultPostTypeGraph":""},"schema_type":null,"schema_type_options":null,"pillar_content":false,"robots_default":true,"robots_noindex":false,"robots_noarchive":false,"robots_nosnippet":false,"robots_nofollow":false,"robots_noimageindex":false,"robots_noodp":false,"robots_notranslate":false,"robots_max_snippet":null,"robots_max_videopreview":null,"robots_max_imagepreview":"large","priority":null,"frequency":null,"location":null,"local_seo":null,"seo_analyzer_scan_date":"2025-08-28 15:31:30","breadcrumb_settings":null,"limit_modified_date":false,"open_ai":null,"ai":null,"created":"2021-03-27 00:22:12","updated":"2025-08-28 15:31:30"},"aioseo_breadcrumb":"<div class=\"aioseo-breadcrumbs\"><span class=\"aioseo-breadcrumb\">\n\t<a href=\"https:\/\/eldigitaldeasturias.com\/radio\" title=\"Inicio\">Inicio<\/a>\n<\/span><span class=\"aioseo-breadcrumb-separator\">&ndash;<\/span><span class=\"aioseo-breadcrumb\">\n\t<a href=\"https:\/\/eldigitaldeasturias.com\/radio\/category\/negocios\/\" title=\"Negocios\">Negocios<\/a>\n<\/span><span class=\"aioseo-breadcrumb-separator\">&ndash;<\/span><span class=\"aioseo-breadcrumb\">\n\tStylePriv\u00e9, el l\u00edder de belleza a domicilio, aumenta sus esfuerzos pidiendo la colaboraci\u00f3n del sector\n<\/span><\/div>","aioseo_breadcrumb_json":[{"label":"Inicio","link":"https:\/\/eldigitaldeasturias.com\/radio"},{"label":"Negocios","link":"https:\/\/eldigitaldeasturias.com\/radio\/category\/negocios\/"},{"label":"StylePriv\u00e9, el l\u00edder de belleza a domicilio, aumenta sus esfuerzos pidiendo la colaboraci\u00f3n del sector","link":"https:\/\/eldigitaldeasturias.com\/radio\/styleprive-el-lider-de-belleza-a-domicilio-aumenta-sus-esfuerzos-pidiendo-la-colaboracion-del-sector\/"}],"_links":{"self":[{"href":"https:\/\/eldigitaldeasturias.com\/radio\/wp-json\/wp\/v2\/posts\/4188","targetHints":{"allow":["GET"]}}],"collection":[{"href":"https:\/\/eldigitaldeasturias.com\/radio\/wp-json\/wp\/v2\/posts"}],"about":[{"href":"https:\/\/eldigitaldeasturias.com\/radio\/wp-json\/wp\/v2\/types\/post"}],"author":[{"embeddable":true,"href":"https:\/\/eldigitaldeasturias.com\/radio\/wp-json\/wp\/v2\/users\/1"}],"replies":[{"embeddable":true,"href":"https:\/\/eldigitaldeasturias.com\/radio\/wp-json\/wp\/v2\/comments?post=4188"}],"version-history":[{"count":0,"href":"https:\/\/eldigitaldeasturias.com\/radio\/wp-json\/wp\/v2\/posts\/4188\/revisions"}],"wp:featuredmedia":[{"embeddable":true,"href":"https:\/\/eldigitaldeasturias.com\/radio\/wp-json\/wp\/v2\/media\/4189"}],"wp:attachment":[{"href":"https:\/\/eldigitaldeasturias.com\/radio\/wp-json\/wp\/v2\/media?parent=4188"}],"wp:term":[{"taxonomy":"category","embeddable":true,"href":"https:\/\/eldigitaldeasturias.com\/radio\/wp-json\/wp\/v2\/categories?post=4188"},{"taxonomy":"post_tag","embeddable":true,"href":"https:\/\/eldigitaldeasturias.com\/radio\/wp-json\/wp\/v2\/tags?post=4188"}],"curies":[{"name":"wp","href":"https:\/\/api.w.org\/{rel}","templated":true}]}}