{"id":4179,"date":"2020-04-24T04:25:41","date_gmt":"2020-04-24T04:25:41","guid":{"rendered":"http:\/\/www.eldigitaldeasturias.com\/radio\/?p=4179"},"modified":"2020-04-24T04:25:41","modified_gmt":"2020-04-24T04:25:41","slug":"5ymedio-en-pausa-por-covid-19-anuncia-salto-a-100-digital","status":"publish","type":"post","link":"https:\/\/eldigitaldeasturias.com\/radio\/5ymedio-en-pausa-por-covid-19-anuncia-salto-a-100-digital\/","title":{"rendered":"5yMedio, en pausa por COVID-19, anuncia salto a 100% digital"},"content":{"rendered":"<p><img fetchpriority=\"high\" decoding=\"async\" class=\"alignleft size-medium wp-image-4180\" src=\"http:\/\/www.eldigitaldeasturias.com\/radio\/wp-content\/uploads\/2020\/04\/1585678333_5yMedionota_prensa_covid_19-360x240.jpg\" alt=\"\" width=\"360\" height=\"240\" srcset=\"https:\/\/eldigitaldeasturias.com\/radio\/wp-content\/uploads\/2020\/04\/1585678333_5yMedionota_prensa_covid_19-360x240.jpg 360w, https:\/\/eldigitaldeasturias.com\/radio\/wp-content\/uploads\/2020\/04\/1585678333_5yMedionota_prensa_covid_19-1024x683.jpg 1024w, https:\/\/eldigitaldeasturias.com\/radio\/wp-content\/uploads\/2020\/04\/1585678333_5yMedionota_prensa_covid_19-768x512.jpg 768w, https:\/\/eldigitaldeasturias.com\/radio\/wp-content\/uploads\/2020\/04\/1585678333_5yMedionota_prensa_covid_19-1536x1024.jpg 1536w, https:\/\/eldigitaldeasturias.com\/radio\/wp-content\/uploads\/2020\/04\/1585678333_5yMedionota_prensa_covid_19.jpg 1920w\" sizes=\"(max-width: 360px) 100vw, 360px\" \/>Tras anunciar una parada responsable en respuesta a los primeros signos de la crisis sanitaria del COVID-19, la conocida emprendedora Clara Alfaro da el salto y abandona la tienda f\u00edsica del madrile\u00f1o distrito de Chamber\u00ed. 5yMedio, marca artesana de calzado femenino especializada en tac\u00f3n medio, se comercializa a partir de ahora solamente online<\/p>\n<p>Tal vez un signo de los tiempos que corren, tal vez un preludio de lo que est\u00e1 por llegar tras el paso de la pandemia del\u00a0<strong>COVID-19<\/strong>.<\/p>\n<p>Sin embargo ser\u00eda imposible pensar en decisiones precipitadas o forzadas por el par\u00f3n s\u00fabito no ya de la econom\u00eda, sino de la sociedad misma. Al ser preguntada sobre el\u00a0<strong>paso definitivo hacia el ecommerce<\/strong>, Clara Alfaro lo ten\u00eda claro:<\/p>\n<p style=\"text-align: center;\">\u00abSe trata de algo muy meditado. El cese de los env\u00edos se anunci\u00f3 el d\u00eda 13 de Marzo por pura y simple responsabilidad social y empresarial.<br \/>\nAlgo m\u00e1s de 2 meses antes de eso, la idea de convertir 5yMedio en una tienda virtual ya estaba tomada&#8230; Personalmente fue interesante conciliar la decisi\u00f3n estrat\u00e9gica con la parte sentimental que insist\u00eda en mantener abierta la tienda-atelier\u00bb.<\/p>\n<p>La marca\u00a0<strong><a title=\"5yMedio.com\" href=\"https:\/\/5ymedio.com\/\" target=\"_blank\" rel=\"nofollow noopener noreferrer\"><span style=\"color: #ff6600;\">5yMedio<\/span><\/a><\/strong>\u00a0sigue ofreciendo la calidad de los mejores materiales y la mano artesanal local, algo de lo que Clara no deja de insistir convencida sobre la necesidad de potenciar la econom\u00eda de proximidad. Por eso todos los procesos desde las materias primas hasta el dise\u00f1o, cosido y embalaje se llevan a cabo en Espa\u00f1a.<\/p>\n<p>\u00abEl tac\u00f3n medio de 5yMedio, valga la redundancia, est\u00e1 en alza\u00bb &#8211; parece que bromea Clara, pero sutilezas aparte, esta emprendedora lo tiene muy claro y poco a poco sus\u00a0<span style=\"color: #ff6600;\"><strong><a style=\"color: #ff6600;\" href=\"https:\/\/5ymedio.com\/\" target=\"_blank\" rel=\"nofollow noopener noreferrer\">zapatos, botines y sandalias<\/a><\/strong><\/span>\u00a0van calando en el mercado norteamericano, por poner un ejemplo de \u00e9xito exportador.<\/p>\n<p>No es casual que desde un inicio, 5ymedio.com estuviera disponible en Espa\u00f1ol e Ingl\u00e9s. Clara comenta que su sitio web -ahora\u00a0<em>tienda virtual<\/em>\u00a0siendo puristas- ha pasado por tres escenarios t\u00e9cnicos distintos hasta encontrar el compromiso entre dise\u00f1o, funcionalidad y sencillez que buscaba.<\/p>\n<p style=\"text-align: center;\"><strong><em>\u00abLa idea es consolidar el salto a digital, tras este paso ser\u00e1 necesario ir abriendo canales dentro del marketing online\u00bb.<\/em><\/strong><\/p>\n<p>Fiel a su consigna #HealthySexyWalk, 5yMedio es una marca de calzado sostenible que defiende una elegancia saludable para la mujer moderna. En cualquier circunstancia, su tac\u00f3n medio triunfar\u00e1 sin sobrecargas ni esfuerzos para quien lo luzca.<\/p>\n<p>&nbsp;<\/p>\n","protected":false},"excerpt":{"rendered":"<p>Tras anunciar una parada responsable en respuesta a los primeros signos de la crisis sanitaria del COVID-19, la conocida emprendedora Clara Alfaro da el salto y abandona la tienda f\u00edsica del madrile\u00f1o distrito de Chamber\u00ed. 5yMedio, marca artesana de calzado femenino especializada en tac\u00f3n medio, se comercializa a partir de ahora solamente online Tal vez<\/p>\n","protected":false},"author":1,"featured_media":4180,"comment_status":"closed","ping_status":"closed","sticky":false,"template":"","format":"standard","meta":{"footnotes":""},"categories":[35],"tags":[],"class_list":{"0":"post-4179","1":"post","2":"type-post","3":"status-publish","4":"format-standard","5":"has-post-thumbnail","7":"category-negocios"},"aioseo_notices":[],"aioseo_head":"\n\t\t<!-- All in One SEO Pro 4.9.6.2 - aioseo.com -->\n\t<meta name=\"description\" content=\"Tras anunciar una parada responsable en respuesta a los primeros signos de la crisis sanitaria del COVID-19, la conocida emprendedora Clara Alfaro da el salto y abandona la tienda f\u00edsica del madrile\u00f1o distrito de Chamber\u00ed. 5yMedio, marca artesana de calzado femenino especializada en tac\u00f3n medio, se comercializa a partir de ahora solamente online Tal vez\" \/>\n\t<meta name=\"robots\" content=\"max-image-preview:large\" \/>\n\t<meta name=\"author\" content=\"NBAsturias\"\/>\n\t<meta name=\"google-site-verification\" content=\"UA-38556648-1\" \/>\n\t<meta name=\"keywords\" content=\"negocios\" \/>\n\t<link rel=\"canonical\" href=\"https:\/\/eldigitaldeasturias.com\/radio\/5ymedio-en-pausa-por-covid-19-anuncia-salto-a-100-digital\/\" \/>\n\t<meta name=\"generator\" content=\"All in One SEO Pro (AIOSEO) 4.9.6.2\" \/>\n\t\t<meta property=\"og:locale\" content=\"es_ES\" \/>\n\t\t<meta property=\"og:site_name\" content=\"El Digital de Asturias | Diario de informaci\u00f3n y noticias\" \/>\n\t\t<meta property=\"og:type\" content=\"article\" \/>\n\t\t<meta property=\"og:title\" content=\"5yMedio, en pausa por COVID-19, anuncia salto a 100% digital | El Digital de Asturias\" \/>\n\t\t<meta property=\"og:description\" content=\"Tras anunciar una parada responsable en respuesta a los primeros signos de la crisis sanitaria del COVID-19, la conocida emprendedora Clara Alfaro da el salto y abandona la tienda f\u00edsica del madrile\u00f1o distrito de Chamber\u00ed. 5yMedio, marca artesana de calzado femenino especializada en tac\u00f3n medio, se comercializa a partir de ahora solamente online Tal vez\" \/>\n\t\t<meta property=\"og:url\" content=\"https:\/\/eldigitaldeasturias.com\/radio\/5ymedio-en-pausa-por-covid-19-anuncia-salto-a-100-digital\/\" \/>\n\t\t<meta property=\"og:image\" content=\"https:\/\/eldigitaldeasturias.com\/radio\/wp-content\/uploads\/2020\/04\/1585678333_5yMedionota_prensa_covid_19.jpg\" \/>\n\t\t<meta property=\"og:image:secure_url\" content=\"https:\/\/eldigitaldeasturias.com\/radio\/wp-content\/uploads\/2020\/04\/1585678333_5yMedionota_prensa_covid_19.jpg\" \/>\n\t\t<meta property=\"og:image:width\" content=\"1920\" \/>\n\t\t<meta property=\"og:image:height\" content=\"1280\" \/>\n\t\t<meta property=\"article:published_time\" content=\"2020-04-24T04:25:41+00:00\" \/>\n\t\t<meta property=\"article:modified_time\" content=\"2020-04-24T04:25:41+00:00\" \/>\n\t\t<meta name=\"twitter:card\" content=\"summary_large_image\" \/>\n\t\t<meta name=\"twitter:site\" content=\"@bercodi\" \/>\n\t\t<meta name=\"twitter:title\" content=\"5yMedio, en pausa por COVID-19, anuncia salto a 100% digital | El Digital de Asturias\" \/>\n\t\t<meta name=\"twitter:description\" content=\"Tras anunciar una parada responsable en respuesta a los primeros signos de la crisis sanitaria del COVID-19, la conocida emprendedora Clara Alfaro da el salto y abandona la tienda f\u00edsica del madrile\u00f1o distrito de Chamber\u00ed. 5yMedio, marca artesana de calzado femenino especializada en tac\u00f3n medio, se comercializa a partir de ahora solamente online Tal vez\" \/>\n\t\t<meta name=\"twitter:creator\" content=\"@bercodi\" \/>\n\t\t<meta name=\"twitter:image\" content=\"https:\/\/eldigitaldeasturias.com\/radio\/wp-content\/uploads\/2020\/04\/1585678333_5yMedionota_prensa_covid_19.jpg\" \/>\n\t\t<script type=\"application\/ld+json\" class=\"aioseo-schema\">\n\t\t\t{\"@context\":\"https:\\\/\\\/schema.org\",\"@graph\":[{\"@type\":\"BreadcrumbList\",\"@id\":\"https:\\\/\\\/eldigitaldeasturias.com\\\/radio\\\/5ymedio-en-pausa-por-covid-19-anuncia-salto-a-100-digital\\\/#breadcrumblist\",\"itemListElement\":[{\"@type\":\"ListItem\",\"@id\":\"https:\\\/\\\/eldigitaldeasturias.com\\\/radio#listItem\",\"position\":1,\"name\":\"Inicio\",\"item\":\"https:\\\/\\\/eldigitaldeasturias.com\\\/radio\",\"nextItem\":{\"@type\":\"ListItem\",\"@id\":\"https:\\\/\\\/eldigitaldeasturias.com\\\/radio\\\/category\\\/negocios\\\/#listItem\",\"name\":\"Negocios\"}},{\"@type\":\"ListItem\",\"@id\":\"https:\\\/\\\/eldigitaldeasturias.com\\\/radio\\\/category\\\/negocios\\\/#listItem\",\"position\":2,\"name\":\"Negocios\",\"item\":\"https:\\\/\\\/eldigitaldeasturias.com\\\/radio\\\/category\\\/negocios\\\/\",\"nextItem\":{\"@type\":\"ListItem\",\"@id\":\"https:\\\/\\\/eldigitaldeasturias.com\\\/radio\\\/5ymedio-en-pausa-por-covid-19-anuncia-salto-a-100-digital\\\/#listItem\",\"name\":\"5yMedio, en pausa por COVID-19, anuncia salto a 100% digital\"},\"previousItem\":{\"@type\":\"ListItem\",\"@id\":\"https:\\\/\\\/eldigitaldeasturias.com\\\/radio#listItem\",\"name\":\"Inicio\"}},{\"@type\":\"ListItem\",\"@id\":\"https:\\\/\\\/eldigitaldeasturias.com\\\/radio\\\/5ymedio-en-pausa-por-covid-19-anuncia-salto-a-100-digital\\\/#listItem\",\"position\":3,\"name\":\"5yMedio, en pausa por COVID-19, anuncia salto a 100% digital\",\"previousItem\":{\"@type\":\"ListItem\",\"@id\":\"https:\\\/\\\/eldigitaldeasturias.com\\\/radio\\\/category\\\/negocios\\\/#listItem\",\"name\":\"Negocios\"}}]},{\"@type\":\"NewsArticle\",\"@id\":\"https:\\\/\\\/eldigitaldeasturias.com\\\/radio\\\/5ymedio-en-pausa-por-covid-19-anuncia-salto-a-100-digital\\\/#newsarticle\",\"name\":\"5yMedio, en pausa por COVID-19, anuncia salto a 100% digital | El Digital de Asturias\",\"headline\":\"5yMedio, en pausa por COVID-19, anuncia salto a 100% digital\",\"author\":{\"@id\":\"https:\\\/\\\/eldigitaldeasturias.com\\\/radio\\\/author\\\/nbasturias\\\/#author\"},\"publisher\":{\"@id\":\"https:\\\/\\\/eldigitaldeasturias.com\\\/radio\\\/#organization\"},\"image\":{\"@type\":\"ImageObject\",\"url\":\"https:\\\/\\\/eldigitaldeasturias.com\\\/radio\\\/wp-content\\\/uploads\\\/2020\\\/04\\\/1585678333_5yMedionota_prensa_covid_19.jpg\",\"width\":1920,\"height\":1280},\"datePublished\":\"2020-04-24T04:25:41+02:00\",\"dateModified\":\"2020-04-24T04:25:41+02:00\",\"inLanguage\":\"es-ES\",\"mainEntityOfPage\":{\"@id\":\"https:\\\/\\\/eldigitaldeasturias.com\\\/radio\\\/5ymedio-en-pausa-por-covid-19-anuncia-salto-a-100-digital\\\/#webpage\"},\"isPartOf\":{\"@id\":\"https:\\\/\\\/eldigitaldeasturias.com\\\/radio\\\/5ymedio-en-pausa-por-covid-19-anuncia-salto-a-100-digital\\\/#webpage\"},\"articleSection\":\"Negocios\",\"dateline\":\"Publicado el abril 24, 2020.\"},{\"@type\":\"Organization\",\"@id\":\"https:\\\/\\\/eldigitaldeasturias.com\\\/radio\\\/#organization\",\"name\":\"El digital de Asturias Radio\",\"description\":\"Diario de informaci\\u00f3n y noticias\",\"url\":\"https:\\\/\\\/eldigitaldeasturias.com\\\/radio\\\/\",\"telephone\":\"+34652131393\",\"logo\":{\"@type\":\"ImageObject\",\"url\":\"https:\\\/\\\/www.eldigitaldeasturias.com\\\/radio\\\/wp-content\\\/uploads\\\/2021\\\/03\\\/EDA.jpg\",\"@id\":\"https:\\\/\\\/eldigitaldeasturias.com\\\/radio\\\/5ymedio-en-pausa-por-covid-19-anuncia-salto-a-100-digital\\\/#organizationLogo\"},\"image\":{\"@id\":\"https:\\\/\\\/eldigitaldeasturias.com\\\/radio\\\/5ymedio-en-pausa-por-covid-19-anuncia-salto-a-100-digital\\\/#organizationLogo\"},\"sameAs\":[\"https:\\\/\\\/www.facebook.com\\\/\",\"https:\\\/\\\/x.com\\\/bercodi\",\"https:\\\/\\\/www.instagram.com\\\/\",\"https:\\\/\\\/www.youtube.com\\\/channel\\\/UCZP-2wLEB9Rv6erhFmqVnvg\"]},{\"@type\":\"Person\",\"@id\":\"https:\\\/\\\/eldigitaldeasturias.com\\\/radio\\\/author\\\/nbasturias\\\/#author\",\"url\":\"https:\\\/\\\/eldigitaldeasturias.com\\\/radio\\\/author\\\/nbasturias\\\/\",\"name\":\"NBAsturias\",\"image\":{\"@type\":\"ImageObject\",\"@id\":\"https:\\\/\\\/eldigitaldeasturias.com\\\/radio\\\/5ymedio-en-pausa-por-covid-19-anuncia-salto-a-100-digital\\\/#authorImage\",\"url\":\"https:\\\/\\\/secure.gravatar.com\\\/avatar\\\/df2aeffc32bcd13f8d26072ef8a91b623d677766deac7f97ca815868cd41bf5e?s=96&d=mm&r=g\",\"width\":96,\"height\":96,\"caption\":\"NBAsturias\"}},{\"@type\":\"WebPage\",\"@id\":\"https:\\\/\\\/eldigitaldeasturias.com\\\/radio\\\/5ymedio-en-pausa-por-covid-19-anuncia-salto-a-100-digital\\\/#webpage\",\"url\":\"https:\\\/\\\/eldigitaldeasturias.com\\\/radio\\\/5ymedio-en-pausa-por-covid-19-anuncia-salto-a-100-digital\\\/\",\"name\":\"5yMedio, en pausa por COVID-19, anuncia salto a 100% digital | El Digital de Asturias\",\"description\":\"Tras anunciar una parada responsable en respuesta a los primeros signos de la crisis sanitaria del COVID-19, la conocida emprendedora Clara Alfaro da el salto y abandona la tienda f\\u00edsica del madrile\\u00f1o distrito de Chamber\\u00ed. 5yMedio, marca artesana de calzado femenino especializada en tac\\u00f3n medio, se comercializa a partir de ahora solamente online Tal vez\",\"inLanguage\":\"es-ES\",\"isPartOf\":{\"@id\":\"https:\\\/\\\/eldigitaldeasturias.com\\\/radio\\\/#website\"},\"breadcrumb\":{\"@id\":\"https:\\\/\\\/eldigitaldeasturias.com\\\/radio\\\/5ymedio-en-pausa-por-covid-19-anuncia-salto-a-100-digital\\\/#breadcrumblist\"},\"author\":{\"@id\":\"https:\\\/\\\/eldigitaldeasturias.com\\\/radio\\\/author\\\/nbasturias\\\/#author\"},\"creator\":{\"@id\":\"https:\\\/\\\/eldigitaldeasturias.com\\\/radio\\\/author\\\/nbasturias\\\/#author\"},\"image\":{\"@type\":\"ImageObject\",\"url\":\"https:\\\/\\\/eldigitaldeasturias.com\\\/radio\\\/wp-content\\\/uploads\\\/2020\\\/04\\\/1585678333_5yMedionota_prensa_covid_19.jpg\",\"@id\":\"https:\\\/\\\/eldigitaldeasturias.com\\\/radio\\\/5ymedio-en-pausa-por-covid-19-anuncia-salto-a-100-digital\\\/#mainImage\",\"width\":1920,\"height\":1280},\"primaryImageOfPage\":{\"@id\":\"https:\\\/\\\/eldigitaldeasturias.com\\\/radio\\\/5ymedio-en-pausa-por-covid-19-anuncia-salto-a-100-digital\\\/#mainImage\"},\"datePublished\":\"2020-04-24T04:25:41+02:00\",\"dateModified\":\"2020-04-24T04:25:41+02:00\"},{\"@type\":\"WebSite\",\"@id\":\"https:\\\/\\\/eldigitaldeasturias.com\\\/radio\\\/#website\",\"url\":\"https:\\\/\\\/eldigitaldeasturias.com\\\/radio\\\/\",\"name\":\"El Digital de Asturias\",\"description\":\"Diario de informaci\\u00f3n y noticias\",\"inLanguage\":\"es-ES\",\"publisher\":{\"@id\":\"https:\\\/\\\/eldigitaldeasturias.com\\\/radio\\\/#organization\"}}]}\n\t\t<\/script>\n\t\t<!-- All in One SEO Pro -->\r\n\t\t<title>5yMedio, en pausa por COVID-19, anuncia salto a 100% digital | El Digital de Asturias<\/title>\n\n","aioseo_head_json":{"title":"5yMedio, en pausa por COVID-19, anuncia salto a 100% digital | El Digital de Asturias","description":"Tras anunciar una parada responsable en respuesta a los primeros signos de la crisis sanitaria del COVID-19, la conocida emprendedora Clara Alfaro da el salto y abandona la tienda f\u00edsica del madrile\u00f1o distrito de Chamber\u00ed. 5yMedio, marca artesana de calzado femenino especializada en tac\u00f3n medio, se comercializa a partir de ahora solamente online Tal vez","canonical_url":"https:\/\/eldigitaldeasturias.com\/radio\/5ymedio-en-pausa-por-covid-19-anuncia-salto-a-100-digital\/","robots":"max-image-preview:large","keywords":"negocios","webmasterTools":{"google-site-verification":"UA-38556648-1","miscellaneous":""},"schema":{"@context":"https:\/\/schema.org","@graph":[{"@type":"BreadcrumbList","@id":"https:\/\/eldigitaldeasturias.com\/radio\/5ymedio-en-pausa-por-covid-19-anuncia-salto-a-100-digital\/#breadcrumblist","itemListElement":[{"@type":"ListItem","@id":"https:\/\/eldigitaldeasturias.com\/radio#listItem","position":1,"name":"Inicio","item":"https:\/\/eldigitaldeasturias.com\/radio","nextItem":{"@type":"ListItem","@id":"https:\/\/eldigitaldeasturias.com\/radio\/category\/negocios\/#listItem","name":"Negocios"}},{"@type":"ListItem","@id":"https:\/\/eldigitaldeasturias.com\/radio\/category\/negocios\/#listItem","position":2,"name":"Negocios","item":"https:\/\/eldigitaldeasturias.com\/radio\/category\/negocios\/","nextItem":{"@type":"ListItem","@id":"https:\/\/eldigitaldeasturias.com\/radio\/5ymedio-en-pausa-por-covid-19-anuncia-salto-a-100-digital\/#listItem","name":"5yMedio, en pausa por COVID-19, anuncia salto a 100% digital"},"previousItem":{"@type":"ListItem","@id":"https:\/\/eldigitaldeasturias.com\/radio#listItem","name":"Inicio"}},{"@type":"ListItem","@id":"https:\/\/eldigitaldeasturias.com\/radio\/5ymedio-en-pausa-por-covid-19-anuncia-salto-a-100-digital\/#listItem","position":3,"name":"5yMedio, en pausa por COVID-19, anuncia salto a 100% digital","previousItem":{"@type":"ListItem","@id":"https:\/\/eldigitaldeasturias.com\/radio\/category\/negocios\/#listItem","name":"Negocios"}}]},{"@type":"NewsArticle","@id":"https:\/\/eldigitaldeasturias.com\/radio\/5ymedio-en-pausa-por-covid-19-anuncia-salto-a-100-digital\/#newsarticle","name":"5yMedio, en pausa por COVID-19, anuncia salto a 100% digital | El Digital de Asturias","headline":"5yMedio, en pausa por COVID-19, anuncia salto a 100% digital","author":{"@id":"https:\/\/eldigitaldeasturias.com\/radio\/author\/nbasturias\/#author"},"publisher":{"@id":"https:\/\/eldigitaldeasturias.com\/radio\/#organization"},"image":{"@type":"ImageObject","url":"https:\/\/eldigitaldeasturias.com\/radio\/wp-content\/uploads\/2020\/04\/1585678333_5yMedionota_prensa_covid_19.jpg","width":1920,"height":1280},"datePublished":"2020-04-24T04:25:41+02:00","dateModified":"2020-04-24T04:25:41+02:00","inLanguage":"es-ES","mainEntityOfPage":{"@id":"https:\/\/eldigitaldeasturias.com\/radio\/5ymedio-en-pausa-por-covid-19-anuncia-salto-a-100-digital\/#webpage"},"isPartOf":{"@id":"https:\/\/eldigitaldeasturias.com\/radio\/5ymedio-en-pausa-por-covid-19-anuncia-salto-a-100-digital\/#webpage"},"articleSection":"Negocios","dateline":"Publicado el abril 24, 2020."},{"@type":"Organization","@id":"https:\/\/eldigitaldeasturias.com\/radio\/#organization","name":"El digital de Asturias Radio","description":"Diario de informaci\u00f3n y noticias","url":"https:\/\/eldigitaldeasturias.com\/radio\/","telephone":"+34652131393","logo":{"@type":"ImageObject","url":"https:\/\/www.eldigitaldeasturias.com\/radio\/wp-content\/uploads\/2021\/03\/EDA.jpg","@id":"https:\/\/eldigitaldeasturias.com\/radio\/5ymedio-en-pausa-por-covid-19-anuncia-salto-a-100-digital\/#organizationLogo"},"image":{"@id":"https:\/\/eldigitaldeasturias.com\/radio\/5ymedio-en-pausa-por-covid-19-anuncia-salto-a-100-digital\/#organizationLogo"},"sameAs":["https:\/\/www.facebook.com\/","https:\/\/x.com\/bercodi","https:\/\/www.instagram.com\/","https:\/\/www.youtube.com\/channel\/UCZP-2wLEB9Rv6erhFmqVnvg"]},{"@type":"Person","@id":"https:\/\/eldigitaldeasturias.com\/radio\/author\/nbasturias\/#author","url":"https:\/\/eldigitaldeasturias.com\/radio\/author\/nbasturias\/","name":"NBAsturias","image":{"@type":"ImageObject","@id":"https:\/\/eldigitaldeasturias.com\/radio\/5ymedio-en-pausa-por-covid-19-anuncia-salto-a-100-digital\/#authorImage","url":"https:\/\/secure.gravatar.com\/avatar\/df2aeffc32bcd13f8d26072ef8a91b623d677766deac7f97ca815868cd41bf5e?s=96&d=mm&r=g","width":96,"height":96,"caption":"NBAsturias"}},{"@type":"WebPage","@id":"https:\/\/eldigitaldeasturias.com\/radio\/5ymedio-en-pausa-por-covid-19-anuncia-salto-a-100-digital\/#webpage","url":"https:\/\/eldigitaldeasturias.com\/radio\/5ymedio-en-pausa-por-covid-19-anuncia-salto-a-100-digital\/","name":"5yMedio, en pausa por COVID-19, anuncia salto a 100% digital | El Digital de Asturias","description":"Tras anunciar una parada responsable en respuesta a los primeros signos de la crisis sanitaria del COVID-19, la conocida emprendedora Clara Alfaro da el salto y abandona la tienda f\u00edsica del madrile\u00f1o distrito de Chamber\u00ed. 5yMedio, marca artesana de calzado femenino especializada en tac\u00f3n medio, se comercializa a partir de ahora solamente online Tal vez","inLanguage":"es-ES","isPartOf":{"@id":"https:\/\/eldigitaldeasturias.com\/radio\/#website"},"breadcrumb":{"@id":"https:\/\/eldigitaldeasturias.com\/radio\/5ymedio-en-pausa-por-covid-19-anuncia-salto-a-100-digital\/#breadcrumblist"},"author":{"@id":"https:\/\/eldigitaldeasturias.com\/radio\/author\/nbasturias\/#author"},"creator":{"@id":"https:\/\/eldigitaldeasturias.com\/radio\/author\/nbasturias\/#author"},"image":{"@type":"ImageObject","url":"https:\/\/eldigitaldeasturias.com\/radio\/wp-content\/uploads\/2020\/04\/1585678333_5yMedionota_prensa_covid_19.jpg","@id":"https:\/\/eldigitaldeasturias.com\/radio\/5ymedio-en-pausa-por-covid-19-anuncia-salto-a-100-digital\/#mainImage","width":1920,"height":1280},"primaryImageOfPage":{"@id":"https:\/\/eldigitaldeasturias.com\/radio\/5ymedio-en-pausa-por-covid-19-anuncia-salto-a-100-digital\/#mainImage"},"datePublished":"2020-04-24T04:25:41+02:00","dateModified":"2020-04-24T04:25:41+02:00"},{"@type":"WebSite","@id":"https:\/\/eldigitaldeasturias.com\/radio\/#website","url":"https:\/\/eldigitaldeasturias.com\/radio\/","name":"El Digital de Asturias","description":"Diario de informaci\u00f3n y noticias","inLanguage":"es-ES","publisher":{"@id":"https:\/\/eldigitaldeasturias.com\/radio\/#organization"}}]},"og:locale":"es_ES","og:site_name":"El Digital de Asturias | Diario de informaci\u00f3n y noticias","og:type":"article","og:title":"5yMedio, en pausa por COVID-19, anuncia salto a 100% digital | El Digital de Asturias","og:description":"Tras anunciar una parada responsable en respuesta a los primeros signos de la crisis sanitaria del COVID-19, la conocida emprendedora Clara Alfaro da el salto y abandona la tienda f\u00edsica del madrile\u00f1o distrito de Chamber\u00ed. 5yMedio, marca artesana de calzado femenino especializada en tac\u00f3n medio, se comercializa a partir de ahora solamente online Tal vez","og:url":"https:\/\/eldigitaldeasturias.com\/radio\/5ymedio-en-pausa-por-covid-19-anuncia-salto-a-100-digital\/","og:image":"https:\/\/eldigitaldeasturias.com\/radio\/wp-content\/uploads\/2020\/04\/1585678333_5yMedionota_prensa_covid_19.jpg","og:image:secure_url":"https:\/\/eldigitaldeasturias.com\/radio\/wp-content\/uploads\/2020\/04\/1585678333_5yMedionota_prensa_covid_19.jpg","og:image:width":1920,"og:image:height":1280,"article:published_time":"2020-04-24T04:25:41+00:00","article:modified_time":"2020-04-24T04:25:41+00:00","twitter:card":"summary_large_image","twitter:site":"@bercodi","twitter:title":"5yMedio, en pausa por COVID-19, anuncia salto a 100% digital | El Digital de Asturias","twitter:description":"Tras anunciar una parada responsable en respuesta a los primeros signos de la crisis sanitaria del COVID-19, la conocida emprendedora Clara Alfaro da el salto y abandona la tienda f\u00edsica del madrile\u00f1o distrito de Chamber\u00ed. 5yMedio, marca artesana de calzado femenino especializada en tac\u00f3n medio, se comercializa a partir de ahora solamente online Tal vez","twitter:creator":"@bercodi","twitter:image":"https:\/\/eldigitaldeasturias.com\/radio\/wp-content\/uploads\/2020\/04\/1585678333_5yMedionota_prensa_covid_19.jpg"},"aioseo_meta_data":{"post_id":"4179","title":null,"description":null,"keywords":null,"keyphrases":null,"primary_term":null,"canonical_url":null,"og_title":null,"og_description":null,"og_object_type":"default","og_image_type":"default","og_image_url":null,"og_image_width":null,"og_image_height":null,"og_image_custom_url":null,"og_image_custom_fields":null,"og_video":null,"og_custom_url":null,"og_article_section":null,"og_article_tags":null,"twitter_use_og":false,"twitter_card":"default","twitter_image_type":"default","twitter_image_url":null,"twitter_image_custom_url":null,"twitter_image_custom_fields":null,"twitter_title":null,"twitter_description":null,"schema":{"blockGraphs":[],"customGraphs":[],"default":{"data":{"Article":[],"Course":[],"Dataset":[],"FAQPage":[],"Movie":[],"Person":[],"Product":[],"ProductReview":[],"Car":[],"Recipe":[],"Service":[],"SoftwareApplication":[],"WebPage":[]},"graphName":"","isEnabled":true},"graphs":[],"defaultGraph":"","defaultPostTypeGraph":""},"schema_type":null,"schema_type_options":null,"pillar_content":false,"robots_default":true,"robots_noindex":false,"robots_noarchive":false,"robots_nosnippet":false,"robots_nofollow":false,"robots_noimageindex":false,"robots_noodp":false,"robots_notranslate":false,"robots_max_snippet":null,"robots_max_videopreview":null,"robots_max_imagepreview":"large","priority":null,"frequency":null,"location":null,"local_seo":null,"seo_analyzer_scan_date":"2025-08-28 15:31:26","breadcrumb_settings":null,"limit_modified_date":false,"open_ai":null,"ai":null,"created":"2021-03-27 00:22:12","updated":"2025-08-28 15:31:26"},"aioseo_breadcrumb":"<div class=\"aioseo-breadcrumbs\"><span class=\"aioseo-breadcrumb\">\n\t<a href=\"https:\/\/eldigitaldeasturias.com\/radio\" title=\"Inicio\">Inicio<\/a>\n<\/span><span class=\"aioseo-breadcrumb-separator\">&ndash;<\/span><span class=\"aioseo-breadcrumb\">\n\t<a href=\"https:\/\/eldigitaldeasturias.com\/radio\/category\/negocios\/\" title=\"Negocios\">Negocios<\/a>\n<\/span><span class=\"aioseo-breadcrumb-separator\">&ndash;<\/span><span class=\"aioseo-breadcrumb\">\n\t5yMedio, en pausa por COVID-19, anuncia salto a 100% digital\n<\/span><\/div>","aioseo_breadcrumb_json":[{"label":"Inicio","link":"https:\/\/eldigitaldeasturias.com\/radio"},{"label":"Negocios","link":"https:\/\/eldigitaldeasturias.com\/radio\/category\/negocios\/"},{"label":"5yMedio, en pausa por COVID-19, anuncia salto a 100% digital","link":"https:\/\/eldigitaldeasturias.com\/radio\/5ymedio-en-pausa-por-covid-19-anuncia-salto-a-100-digital\/"}],"_links":{"self":[{"href":"https:\/\/eldigitaldeasturias.com\/radio\/wp-json\/wp\/v2\/posts\/4179","targetHints":{"allow":["GET"]}}],"collection":[{"href":"https:\/\/eldigitaldeasturias.com\/radio\/wp-json\/wp\/v2\/posts"}],"about":[{"href":"https:\/\/eldigitaldeasturias.com\/radio\/wp-json\/wp\/v2\/types\/post"}],"author":[{"embeddable":true,"href":"https:\/\/eldigitaldeasturias.com\/radio\/wp-json\/wp\/v2\/users\/1"}],"replies":[{"embeddable":true,"href":"https:\/\/eldigitaldeasturias.com\/radio\/wp-json\/wp\/v2\/comments?post=4179"}],"version-history":[{"count":0,"href":"https:\/\/eldigitaldeasturias.com\/radio\/wp-json\/wp\/v2\/posts\/4179\/revisions"}],"wp:featuredmedia":[{"embeddable":true,"href":"https:\/\/eldigitaldeasturias.com\/radio\/wp-json\/wp\/v2\/media\/4180"}],"wp:attachment":[{"href":"https:\/\/eldigitaldeasturias.com\/radio\/wp-json\/wp\/v2\/media?parent=4179"}],"wp:term":[{"taxonomy":"category","embeddable":true,"href":"https:\/\/eldigitaldeasturias.com\/radio\/wp-json\/wp\/v2\/categories?post=4179"},{"taxonomy":"post_tag","embeddable":true,"href":"https:\/\/eldigitaldeasturias.com\/radio\/wp-json\/wp\/v2\/tags?post=4179"}],"curies":[{"name":"wp","href":"https:\/\/api.w.org\/{rel}","templated":true}]}}