{"id":4153,"date":"2020-04-20T00:23:30","date_gmt":"2020-04-20T00:23:30","guid":{"rendered":"http:\/\/www.eldigitaldeasturias.com\/radio\/?p=4153"},"modified":"2020-04-20T00:23:30","modified_gmt":"2020-04-20T00:23:30","slug":"ministro-aleman-pide-ayuda-millonaria-para-paises-emergentes","status":"publish","type":"post","link":"https:\/\/eldigitaldeasturias.com\/radio\/ministro-aleman-pide-ayuda-millonaria-para-paises-emergentes\/","title":{"rendered":"Ministro alem\u00e1n pide ayuda millonaria para pa\u00edses emergentes"},"content":{"rendered":"<p><img fetchpriority=\"high\" decoding=\"async\" class=\"alignleft size-medium wp-image-4110\" src=\"http:\/\/www.eldigitaldeasturias.com\/radio\/wp-content\/uploads\/2020\/04\/covid-19-4960246_640-360x194.jpg\" alt=\"\" width=\"360\" height=\"194\" srcset=\"https:\/\/eldigitaldeasturias.com\/radio\/wp-content\/uploads\/2020\/04\/covid-19-4960246_640-360x194.jpg 360w, https:\/\/eldigitaldeasturias.com\/radio\/wp-content\/uploads\/2020\/04\/covid-19-4960246_640.jpg 640w\" sizes=\"(max-width: 360px) 100vw, 360px\" \/>Berl\u00edn, 19 abr (dpa) &#8211; El ministro alem\u00e1n de Desarrollo, Gerd M\u00fcller, pidi\u00f3 a la Uni\u00f3n Europea (UE) que destine 50.000 millones de euros (54.400 millones de d\u00f3lares) para ayudar a pa\u00edses de \u00c1frica y Cercano Oriente afectados por la crisis del coronavirus, seg\u00fan se\u00f1al\u00f3 hoy al grupo editorial alem\u00e1n Funke.<\/p>\n<p>\u00abAlemania y Europa tambi\u00e9n deben contribuir decisivamente a combatir la epidemia en el plano internacional\u00bb, destac\u00f3 M\u00fcller, observando que el programa de apoyo de la UE prev\u00e9 500.000 millones de euros pero solo para sus miembros.<\/p>\n<p>\u00abTambi\u00e9n debemos proteger a nuestras regiones vecinas en \u00c1frica y en el entorno en crisis alrededor de Siria\u00bb, enfatiz\u00f3 el ministro.<\/p>\n<p>M\u00fcller se mostr\u00f3 a favor de un plan de ayuda inmediata con cr\u00e9ditos del Banco Europeo de Inversiones para estabilizar los pa\u00edses que limitan con Europa y a la vez una reestructuraci\u00f3n del presupuesto europeo para la gesti\u00f3n de crisis.<\/p>\n<p>\u00abEn total, la UE deber\u00eda poner a disposici\u00f3n 50.000 millones de euros en pr\u00e9stamos de estabilizaci\u00f3n y ayuda de emergencia\u00bb, coment\u00f3 M\u00fcller.<\/p>\n<p>El ministro propuso solventar estos gastos con un impuesto a las transacciones financieras como fuente adicional de ingresos.<\/p>\n<p>La presidenta de la Comisi\u00f3n Europea, la alemana Ursula von der Leyen, present\u00f3 a principios de abril un programa de ayuda para \u00c1frica y otras regiones del mundo, seg\u00fan el cual la UE destinar\u00eda m\u00e1s de 15.000 millones de euros para apoyar a pa\u00edses en su lucha contra la epidemia.<\/p>\n<p>En cuanto a Alemania, el titular de Desarrollo anunci\u00f3 que el mi\u00e9rcoles presentar\u00e1 un \u00abamplio programa\u00bb relacionado con la crisis del coronavirus. \u00abEl dinero debe provenir del presupuesto suplementario para 2020\u00bb, dijo M\u00fcller.<\/p>\n<p>El ministro record\u00f3 que hasta ahora el Gobierno germano ha puesto a disposici\u00f3n mil millones de euros del presupuesto de desarrollo para ampliar las capacidades de laboratorios, campa\u00f1as de vacunaci\u00f3n y ayudas alimentarias en pa\u00edses emergentes.<\/p>\n<p>\u00abPero eso no ser\u00e1 suficiente para estabilizar las regiones que acogen refugiados, la regi\u00f3n en crisis del Sahel y otros Estados que corren peligro de colapsar\u00bb, advirti\u00f3 M\u00fcller.<\/p>\n","protected":false},"excerpt":{"rendered":"<p>Berl\u00edn, 19 abr (dpa) &#8211; El ministro alem\u00e1n de Desarrollo, Gerd M\u00fcller, pidi\u00f3 a la Uni\u00f3n Europea (UE) que destine 50.000 millones de euros (54.400 millones de d\u00f3lares) para ayudar a pa\u00edses de \u00c1frica y Cercano Oriente afectados por la crisis del coronavirus, seg\u00fan se\u00f1al\u00f3 hoy al grupo editorial alem\u00e1n Funke. \u00abAlemania y Europa tambi\u00e9n<\/p>\n","protected":false},"author":1,"featured_media":4110,"comment_status":"closed","ping_status":"closed","sticky":false,"template":"","format":"standard","meta":{"footnotes":""},"categories":[1],"tags":[],"class_list":{"0":"post-4153","1":"post","2":"type-post","3":"status-publish","4":"format-standard","5":"has-post-thumbnail","7":"category-noticias"},"aioseo_notices":[],"aioseo_head":"\n\t\t<!-- All in One SEO Pro 4.9.6.2 - aioseo.com -->\n\t<meta name=\"description\" content=\"Berl\u00edn, 19 abr (dpa) - El ministro alem\u00e1n de Desarrollo, Gerd M\u00fcller, pidi\u00f3 a la Uni\u00f3n Europea (UE) que destine 50.000 millones de euros (54.400 millones de d\u00f3lares) para ayudar a pa\u00edses de \u00c1frica y Cercano Oriente afectados por la crisis del coronavirus, seg\u00fan se\u00f1al\u00f3 hoy al grupo editorial alem\u00e1n Funke. &quot;Alemania y Europa tambi\u00e9n\" \/>\n\t<meta name=\"robots\" content=\"max-image-preview:large\" \/>\n\t<meta name=\"author\" content=\"NBAsturias\"\/>\n\t<meta name=\"google-site-verification\" content=\"UA-38556648-1\" \/>\n\t<meta name=\"keywords\" content=\"noticias\" \/>\n\t<link rel=\"canonical\" href=\"https:\/\/eldigitaldeasturias.com\/radio\/ministro-aleman-pide-ayuda-millonaria-para-paises-emergentes\/\" \/>\n\t<meta name=\"generator\" content=\"All in One SEO Pro (AIOSEO) 4.9.6.2\" \/>\n\t\t<meta property=\"og:locale\" content=\"es_ES\" \/>\n\t\t<meta property=\"og:site_name\" content=\"El Digital de Asturias | Diario de informaci\u00f3n y noticias\" \/>\n\t\t<meta property=\"og:type\" content=\"article\" \/>\n\t\t<meta property=\"og:title\" content=\"Ministro alem\u00e1n pide ayuda millonaria para pa\u00edses emergentes | El Digital de Asturias\" \/>\n\t\t<meta property=\"og:description\" content=\"Berl\u00edn, 19 abr (dpa) - El ministro alem\u00e1n de Desarrollo, Gerd M\u00fcller, pidi\u00f3 a la Uni\u00f3n Europea (UE) que destine 50.000 millones de euros (54.400 millones de d\u00f3lares) para ayudar a pa\u00edses de \u00c1frica y Cercano Oriente afectados por la crisis del coronavirus, seg\u00fan se\u00f1al\u00f3 hoy al grupo editorial alem\u00e1n Funke. &quot;Alemania y Europa tambi\u00e9n\" \/>\n\t\t<meta property=\"og:url\" content=\"https:\/\/eldigitaldeasturias.com\/radio\/ministro-aleman-pide-ayuda-millonaria-para-paises-emergentes\/\" \/>\n\t\t<meta property=\"og:image\" content=\"https:\/\/eldigitaldeasturias.com\/radio\/wp-content\/uploads\/2020\/04\/covid-19-4960246_640.jpg\" \/>\n\t\t<meta property=\"og:image:secure_url\" content=\"https:\/\/eldigitaldeasturias.com\/radio\/wp-content\/uploads\/2020\/04\/covid-19-4960246_640.jpg\" \/>\n\t\t<meta property=\"og:image:width\" content=\"640\" \/>\n\t\t<meta property=\"og:image:height\" content=\"344\" \/>\n\t\t<meta property=\"article:published_time\" content=\"2020-04-20T00:23:30+00:00\" \/>\n\t\t<meta property=\"article:modified_time\" content=\"2020-04-20T00:23:30+00:00\" \/>\n\t\t<meta name=\"twitter:card\" content=\"summary_large_image\" \/>\n\t\t<meta name=\"twitter:site\" content=\"@bercodi\" \/>\n\t\t<meta name=\"twitter:title\" content=\"Ministro alem\u00e1n pide ayuda millonaria para pa\u00edses emergentes | El Digital de Asturias\" \/>\n\t\t<meta name=\"twitter:description\" content=\"Berl\u00edn, 19 abr (dpa) - El ministro alem\u00e1n de Desarrollo, Gerd M\u00fcller, pidi\u00f3 a la Uni\u00f3n Europea (UE) que destine 50.000 millones de euros (54.400 millones de d\u00f3lares) para ayudar a pa\u00edses de \u00c1frica y Cercano Oriente afectados por la crisis del coronavirus, seg\u00fan se\u00f1al\u00f3 hoy al grupo editorial alem\u00e1n Funke. &quot;Alemania y Europa tambi\u00e9n\" \/>\n\t\t<meta name=\"twitter:creator\" content=\"@bercodi\" \/>\n\t\t<meta name=\"twitter:image\" content=\"https:\/\/eldigitaldeasturias.com\/radio\/wp-content\/uploads\/2020\/04\/covid-19-4960246_640.jpg\" \/>\n\t\t<script type=\"application\/ld+json\" class=\"aioseo-schema\">\n\t\t\t{\"@context\":\"https:\\\/\\\/schema.org\",\"@graph\":[{\"@type\":\"BreadcrumbList\",\"@id\":\"https:\\\/\\\/eldigitaldeasturias.com\\\/radio\\\/ministro-aleman-pide-ayuda-millonaria-para-paises-emergentes\\\/#breadcrumblist\",\"itemListElement\":[{\"@type\":\"ListItem\",\"@id\":\"https:\\\/\\\/eldigitaldeasturias.com\\\/radio#listItem\",\"position\":1,\"name\":\"Inicio\",\"item\":\"https:\\\/\\\/eldigitaldeasturias.com\\\/radio\",\"nextItem\":{\"@type\":\"ListItem\",\"@id\":\"https:\\\/\\\/eldigitaldeasturias.com\\\/radio\\\/category\\\/noticias\\\/#listItem\",\"name\":\"Noticias\"}},{\"@type\":\"ListItem\",\"@id\":\"https:\\\/\\\/eldigitaldeasturias.com\\\/radio\\\/category\\\/noticias\\\/#listItem\",\"position\":2,\"name\":\"Noticias\",\"item\":\"https:\\\/\\\/eldigitaldeasturias.com\\\/radio\\\/category\\\/noticias\\\/\",\"nextItem\":{\"@type\":\"ListItem\",\"@id\":\"https:\\\/\\\/eldigitaldeasturias.com\\\/radio\\\/ministro-aleman-pide-ayuda-millonaria-para-paises-emergentes\\\/#listItem\",\"name\":\"Ministro alem\\u00e1n pide ayuda millonaria para pa\\u00edses emergentes\"},\"previousItem\":{\"@type\":\"ListItem\",\"@id\":\"https:\\\/\\\/eldigitaldeasturias.com\\\/radio#listItem\",\"name\":\"Inicio\"}},{\"@type\":\"ListItem\",\"@id\":\"https:\\\/\\\/eldigitaldeasturias.com\\\/radio\\\/ministro-aleman-pide-ayuda-millonaria-para-paises-emergentes\\\/#listItem\",\"position\":3,\"name\":\"Ministro alem\\u00e1n pide ayuda millonaria para pa\\u00edses emergentes\",\"previousItem\":{\"@type\":\"ListItem\",\"@id\":\"https:\\\/\\\/eldigitaldeasturias.com\\\/radio\\\/category\\\/noticias\\\/#listItem\",\"name\":\"Noticias\"}}]},{\"@type\":\"NewsArticle\",\"@id\":\"https:\\\/\\\/eldigitaldeasturias.com\\\/radio\\\/ministro-aleman-pide-ayuda-millonaria-para-paises-emergentes\\\/#newsarticle\",\"name\":\"Ministro alem\\u00e1n pide ayuda millonaria para pa\\u00edses emergentes | El Digital de Asturias\",\"headline\":\"Ministro alem\\u00e1n pide ayuda millonaria para pa\\u00edses emergentes\",\"author\":{\"@id\":\"https:\\\/\\\/eldigitaldeasturias.com\\\/radio\\\/author\\\/nbasturias\\\/#author\"},\"publisher\":{\"@id\":\"https:\\\/\\\/eldigitaldeasturias.com\\\/radio\\\/#organization\"},\"image\":{\"@type\":\"ImageObject\",\"url\":\"https:\\\/\\\/eldigitaldeasturias.com\\\/radio\\\/wp-content\\\/uploads\\\/2020\\\/04\\\/covid-19-4960246_640.jpg\",\"width\":640,\"height\":344},\"datePublished\":\"2020-04-20T00:23:30+02:00\",\"dateModified\":\"2020-04-20T00:23:30+02:00\",\"inLanguage\":\"es-ES\",\"mainEntityOfPage\":{\"@id\":\"https:\\\/\\\/eldigitaldeasturias.com\\\/radio\\\/ministro-aleman-pide-ayuda-millonaria-para-paises-emergentes\\\/#webpage\"},\"isPartOf\":{\"@id\":\"https:\\\/\\\/eldigitaldeasturias.com\\\/radio\\\/ministro-aleman-pide-ayuda-millonaria-para-paises-emergentes\\\/#webpage\"},\"articleSection\":\"Noticias\",\"dateline\":\"Publicado el abril 20, 2020.\"},{\"@type\":\"Organization\",\"@id\":\"https:\\\/\\\/eldigitaldeasturias.com\\\/radio\\\/#organization\",\"name\":\"El digital de Asturias Radio\",\"description\":\"Diario de informaci\\u00f3n y noticias\",\"url\":\"https:\\\/\\\/eldigitaldeasturias.com\\\/radio\\\/\",\"telephone\":\"+34652131393\",\"logo\":{\"@type\":\"ImageObject\",\"url\":\"https:\\\/\\\/www.eldigitaldeasturias.com\\\/radio\\\/wp-content\\\/uploads\\\/2021\\\/03\\\/EDA.jpg\",\"@id\":\"https:\\\/\\\/eldigitaldeasturias.com\\\/radio\\\/ministro-aleman-pide-ayuda-millonaria-para-paises-emergentes\\\/#organizationLogo\"},\"image\":{\"@id\":\"https:\\\/\\\/eldigitaldeasturias.com\\\/radio\\\/ministro-aleman-pide-ayuda-millonaria-para-paises-emergentes\\\/#organizationLogo\"},\"sameAs\":[\"https:\\\/\\\/www.facebook.com\\\/\",\"https:\\\/\\\/x.com\\\/bercodi\",\"https:\\\/\\\/www.instagram.com\\\/\",\"https:\\\/\\\/www.youtube.com\\\/channel\\\/UCZP-2wLEB9Rv6erhFmqVnvg\"]},{\"@type\":\"Person\",\"@id\":\"https:\\\/\\\/eldigitaldeasturias.com\\\/radio\\\/author\\\/nbasturias\\\/#author\",\"url\":\"https:\\\/\\\/eldigitaldeasturias.com\\\/radio\\\/author\\\/nbasturias\\\/\",\"name\":\"NBAsturias\",\"image\":{\"@type\":\"ImageObject\",\"@id\":\"https:\\\/\\\/eldigitaldeasturias.com\\\/radio\\\/ministro-aleman-pide-ayuda-millonaria-para-paises-emergentes\\\/#authorImage\",\"url\":\"https:\\\/\\\/secure.gravatar.com\\\/avatar\\\/df2aeffc32bcd13f8d26072ef8a91b623d677766deac7f97ca815868cd41bf5e?s=96&d=mm&r=g\",\"width\":96,\"height\":96,\"caption\":\"NBAsturias\"}},{\"@type\":\"WebPage\",\"@id\":\"https:\\\/\\\/eldigitaldeasturias.com\\\/radio\\\/ministro-aleman-pide-ayuda-millonaria-para-paises-emergentes\\\/#webpage\",\"url\":\"https:\\\/\\\/eldigitaldeasturias.com\\\/radio\\\/ministro-aleman-pide-ayuda-millonaria-para-paises-emergentes\\\/\",\"name\":\"Ministro alem\\u00e1n pide ayuda millonaria para pa\\u00edses emergentes | El Digital de Asturias\",\"description\":\"Berl\\u00edn, 19 abr (dpa) - El ministro alem\\u00e1n de Desarrollo, Gerd M\\u00fcller, pidi\\u00f3 a la Uni\\u00f3n Europea (UE) que destine 50.000 millones de euros (54.400 millones de d\\u00f3lares) para ayudar a pa\\u00edses de \\u00c1frica y Cercano Oriente afectados por la crisis del coronavirus, seg\\u00fan se\\u00f1al\\u00f3 hoy al grupo editorial alem\\u00e1n Funke. \\\"Alemania y Europa tambi\\u00e9n\",\"inLanguage\":\"es-ES\",\"isPartOf\":{\"@id\":\"https:\\\/\\\/eldigitaldeasturias.com\\\/radio\\\/#website\"},\"breadcrumb\":{\"@id\":\"https:\\\/\\\/eldigitaldeasturias.com\\\/radio\\\/ministro-aleman-pide-ayuda-millonaria-para-paises-emergentes\\\/#breadcrumblist\"},\"author\":{\"@id\":\"https:\\\/\\\/eldigitaldeasturias.com\\\/radio\\\/author\\\/nbasturias\\\/#author\"},\"creator\":{\"@id\":\"https:\\\/\\\/eldigitaldeasturias.com\\\/radio\\\/author\\\/nbasturias\\\/#author\"},\"image\":{\"@type\":\"ImageObject\",\"url\":\"https:\\\/\\\/eldigitaldeasturias.com\\\/radio\\\/wp-content\\\/uploads\\\/2020\\\/04\\\/covid-19-4960246_640.jpg\",\"@id\":\"https:\\\/\\\/eldigitaldeasturias.com\\\/radio\\\/ministro-aleman-pide-ayuda-millonaria-para-paises-emergentes\\\/#mainImage\",\"width\":640,\"height\":344},\"primaryImageOfPage\":{\"@id\":\"https:\\\/\\\/eldigitaldeasturias.com\\\/radio\\\/ministro-aleman-pide-ayuda-millonaria-para-paises-emergentes\\\/#mainImage\"},\"datePublished\":\"2020-04-20T00:23:30+02:00\",\"dateModified\":\"2020-04-20T00:23:30+02:00\"},{\"@type\":\"WebSite\",\"@id\":\"https:\\\/\\\/eldigitaldeasturias.com\\\/radio\\\/#website\",\"url\":\"https:\\\/\\\/eldigitaldeasturias.com\\\/radio\\\/\",\"name\":\"El Digital de Asturias\",\"description\":\"Diario de informaci\\u00f3n y noticias\",\"inLanguage\":\"es-ES\",\"publisher\":{\"@id\":\"https:\\\/\\\/eldigitaldeasturias.com\\\/radio\\\/#organization\"}}]}\n\t\t<\/script>\n\t\t<!-- All in One SEO Pro -->\r\n\t\t<title>Ministro alem\u00e1n pide ayuda millonaria para pa\u00edses emergentes | El Digital de Asturias<\/title>\n\n","aioseo_head_json":{"title":"Ministro alem\u00e1n pide ayuda millonaria para pa\u00edses emergentes | El Digital de Asturias","description":"Berl\u00edn, 19 abr (dpa) - El ministro alem\u00e1n de Desarrollo, Gerd M\u00fcller, pidi\u00f3 a la Uni\u00f3n Europea (UE) que destine 50.000 millones de euros (54.400 millones de d\u00f3lares) para ayudar a pa\u00edses de \u00c1frica y Cercano Oriente afectados por la crisis del coronavirus, seg\u00fan se\u00f1al\u00f3 hoy al grupo editorial alem\u00e1n Funke. \"Alemania y Europa tambi\u00e9n","canonical_url":"https:\/\/eldigitaldeasturias.com\/radio\/ministro-aleman-pide-ayuda-millonaria-para-paises-emergentes\/","robots":"max-image-preview:large","keywords":"noticias","webmasterTools":{"google-site-verification":"UA-38556648-1","miscellaneous":""},"schema":{"@context":"https:\/\/schema.org","@graph":[{"@type":"BreadcrumbList","@id":"https:\/\/eldigitaldeasturias.com\/radio\/ministro-aleman-pide-ayuda-millonaria-para-paises-emergentes\/#breadcrumblist","itemListElement":[{"@type":"ListItem","@id":"https:\/\/eldigitaldeasturias.com\/radio#listItem","position":1,"name":"Inicio","item":"https:\/\/eldigitaldeasturias.com\/radio","nextItem":{"@type":"ListItem","@id":"https:\/\/eldigitaldeasturias.com\/radio\/category\/noticias\/#listItem","name":"Noticias"}},{"@type":"ListItem","@id":"https:\/\/eldigitaldeasturias.com\/radio\/category\/noticias\/#listItem","position":2,"name":"Noticias","item":"https:\/\/eldigitaldeasturias.com\/radio\/category\/noticias\/","nextItem":{"@type":"ListItem","@id":"https:\/\/eldigitaldeasturias.com\/radio\/ministro-aleman-pide-ayuda-millonaria-para-paises-emergentes\/#listItem","name":"Ministro alem\u00e1n pide ayuda millonaria para pa\u00edses emergentes"},"previousItem":{"@type":"ListItem","@id":"https:\/\/eldigitaldeasturias.com\/radio#listItem","name":"Inicio"}},{"@type":"ListItem","@id":"https:\/\/eldigitaldeasturias.com\/radio\/ministro-aleman-pide-ayuda-millonaria-para-paises-emergentes\/#listItem","position":3,"name":"Ministro alem\u00e1n pide ayuda millonaria para pa\u00edses emergentes","previousItem":{"@type":"ListItem","@id":"https:\/\/eldigitaldeasturias.com\/radio\/category\/noticias\/#listItem","name":"Noticias"}}]},{"@type":"NewsArticle","@id":"https:\/\/eldigitaldeasturias.com\/radio\/ministro-aleman-pide-ayuda-millonaria-para-paises-emergentes\/#newsarticle","name":"Ministro alem\u00e1n pide ayuda millonaria para pa\u00edses emergentes | El Digital de Asturias","headline":"Ministro alem\u00e1n pide ayuda millonaria para pa\u00edses emergentes","author":{"@id":"https:\/\/eldigitaldeasturias.com\/radio\/author\/nbasturias\/#author"},"publisher":{"@id":"https:\/\/eldigitaldeasturias.com\/radio\/#organization"},"image":{"@type":"ImageObject","url":"https:\/\/eldigitaldeasturias.com\/radio\/wp-content\/uploads\/2020\/04\/covid-19-4960246_640.jpg","width":640,"height":344},"datePublished":"2020-04-20T00:23:30+02:00","dateModified":"2020-04-20T00:23:30+02:00","inLanguage":"es-ES","mainEntityOfPage":{"@id":"https:\/\/eldigitaldeasturias.com\/radio\/ministro-aleman-pide-ayuda-millonaria-para-paises-emergentes\/#webpage"},"isPartOf":{"@id":"https:\/\/eldigitaldeasturias.com\/radio\/ministro-aleman-pide-ayuda-millonaria-para-paises-emergentes\/#webpage"},"articleSection":"Noticias","dateline":"Publicado el abril 20, 2020."},{"@type":"Organization","@id":"https:\/\/eldigitaldeasturias.com\/radio\/#organization","name":"El digital de Asturias Radio","description":"Diario de informaci\u00f3n y noticias","url":"https:\/\/eldigitaldeasturias.com\/radio\/","telephone":"+34652131393","logo":{"@type":"ImageObject","url":"https:\/\/www.eldigitaldeasturias.com\/radio\/wp-content\/uploads\/2021\/03\/EDA.jpg","@id":"https:\/\/eldigitaldeasturias.com\/radio\/ministro-aleman-pide-ayuda-millonaria-para-paises-emergentes\/#organizationLogo"},"image":{"@id":"https:\/\/eldigitaldeasturias.com\/radio\/ministro-aleman-pide-ayuda-millonaria-para-paises-emergentes\/#organizationLogo"},"sameAs":["https:\/\/www.facebook.com\/","https:\/\/x.com\/bercodi","https:\/\/www.instagram.com\/","https:\/\/www.youtube.com\/channel\/UCZP-2wLEB9Rv6erhFmqVnvg"]},{"@type":"Person","@id":"https:\/\/eldigitaldeasturias.com\/radio\/author\/nbasturias\/#author","url":"https:\/\/eldigitaldeasturias.com\/radio\/author\/nbasturias\/","name":"NBAsturias","image":{"@type":"ImageObject","@id":"https:\/\/eldigitaldeasturias.com\/radio\/ministro-aleman-pide-ayuda-millonaria-para-paises-emergentes\/#authorImage","url":"https:\/\/secure.gravatar.com\/avatar\/df2aeffc32bcd13f8d26072ef8a91b623d677766deac7f97ca815868cd41bf5e?s=96&d=mm&r=g","width":96,"height":96,"caption":"NBAsturias"}},{"@type":"WebPage","@id":"https:\/\/eldigitaldeasturias.com\/radio\/ministro-aleman-pide-ayuda-millonaria-para-paises-emergentes\/#webpage","url":"https:\/\/eldigitaldeasturias.com\/radio\/ministro-aleman-pide-ayuda-millonaria-para-paises-emergentes\/","name":"Ministro alem\u00e1n pide ayuda millonaria para pa\u00edses emergentes | El Digital de Asturias","description":"Berl\u00edn, 19 abr (dpa) - El ministro alem\u00e1n de Desarrollo, Gerd M\u00fcller, pidi\u00f3 a la Uni\u00f3n Europea (UE) que destine 50.000 millones de euros (54.400 millones de d\u00f3lares) para ayudar a pa\u00edses de \u00c1frica y Cercano Oriente afectados por la crisis del coronavirus, seg\u00fan se\u00f1al\u00f3 hoy al grupo editorial alem\u00e1n Funke. \"Alemania y Europa tambi\u00e9n","inLanguage":"es-ES","isPartOf":{"@id":"https:\/\/eldigitaldeasturias.com\/radio\/#website"},"breadcrumb":{"@id":"https:\/\/eldigitaldeasturias.com\/radio\/ministro-aleman-pide-ayuda-millonaria-para-paises-emergentes\/#breadcrumblist"},"author":{"@id":"https:\/\/eldigitaldeasturias.com\/radio\/author\/nbasturias\/#author"},"creator":{"@id":"https:\/\/eldigitaldeasturias.com\/radio\/author\/nbasturias\/#author"},"image":{"@type":"ImageObject","url":"https:\/\/eldigitaldeasturias.com\/radio\/wp-content\/uploads\/2020\/04\/covid-19-4960246_640.jpg","@id":"https:\/\/eldigitaldeasturias.com\/radio\/ministro-aleman-pide-ayuda-millonaria-para-paises-emergentes\/#mainImage","width":640,"height":344},"primaryImageOfPage":{"@id":"https:\/\/eldigitaldeasturias.com\/radio\/ministro-aleman-pide-ayuda-millonaria-para-paises-emergentes\/#mainImage"},"datePublished":"2020-04-20T00:23:30+02:00","dateModified":"2020-04-20T00:23:30+02:00"},{"@type":"WebSite","@id":"https:\/\/eldigitaldeasturias.com\/radio\/#website","url":"https:\/\/eldigitaldeasturias.com\/radio\/","name":"El Digital de Asturias","description":"Diario de informaci\u00f3n y noticias","inLanguage":"es-ES","publisher":{"@id":"https:\/\/eldigitaldeasturias.com\/radio\/#organization"}}]},"og:locale":"es_ES","og:site_name":"El Digital de Asturias | Diario de informaci\u00f3n y noticias","og:type":"article","og:title":"Ministro alem\u00e1n pide ayuda millonaria para pa\u00edses emergentes | El Digital de Asturias","og:description":"Berl\u00edn, 19 abr (dpa) - El ministro alem\u00e1n de Desarrollo, Gerd M\u00fcller, pidi\u00f3 a la Uni\u00f3n Europea (UE) que destine 50.000 millones de euros (54.400 millones de d\u00f3lares) para ayudar a pa\u00edses de \u00c1frica y Cercano Oriente afectados por la crisis del coronavirus, seg\u00fan se\u00f1al\u00f3 hoy al grupo editorial alem\u00e1n Funke. &quot;Alemania y Europa tambi\u00e9n","og:url":"https:\/\/eldigitaldeasturias.com\/radio\/ministro-aleman-pide-ayuda-millonaria-para-paises-emergentes\/","og:image":"https:\/\/eldigitaldeasturias.com\/radio\/wp-content\/uploads\/2020\/04\/covid-19-4960246_640.jpg","og:image:secure_url":"https:\/\/eldigitaldeasturias.com\/radio\/wp-content\/uploads\/2020\/04\/covid-19-4960246_640.jpg","og:image:width":640,"og:image:height":344,"article:published_time":"2020-04-20T00:23:30+00:00","article:modified_time":"2020-04-20T00:23:30+00:00","twitter:card":"summary_large_image","twitter:site":"@bercodi","twitter:title":"Ministro alem\u00e1n pide ayuda millonaria para pa\u00edses emergentes | El Digital de Asturias","twitter:description":"Berl\u00edn, 19 abr (dpa) - El ministro alem\u00e1n de Desarrollo, Gerd M\u00fcller, pidi\u00f3 a la Uni\u00f3n Europea (UE) que destine 50.000 millones de euros (54.400 millones de d\u00f3lares) para ayudar a pa\u00edses de \u00c1frica y Cercano Oriente afectados por la crisis del coronavirus, seg\u00fan se\u00f1al\u00f3 hoy al grupo editorial alem\u00e1n Funke. &quot;Alemania y Europa tambi\u00e9n","twitter:creator":"@bercodi","twitter:image":"https:\/\/eldigitaldeasturias.com\/radio\/wp-content\/uploads\/2020\/04\/covid-19-4960246_640.jpg"},"aioseo_meta_data":{"post_id":"4153","title":null,"description":null,"keywords":null,"keyphrases":null,"primary_term":null,"canonical_url":null,"og_title":null,"og_description":null,"og_object_type":"default","og_image_type":"default","og_image_url":null,"og_image_width":null,"og_image_height":null,"og_image_custom_url":null,"og_image_custom_fields":null,"og_video":null,"og_custom_url":null,"og_article_section":null,"og_article_tags":null,"twitter_use_og":false,"twitter_card":"default","twitter_image_type":"default","twitter_image_url":null,"twitter_image_custom_url":null,"twitter_image_custom_fields":null,"twitter_title":null,"twitter_description":null,"schema":{"blockGraphs":[],"customGraphs":[],"default":{"data":{"Article":[],"Course":[],"Dataset":[],"FAQPage":[],"Movie":[],"Person":[],"Product":[],"ProductReview":[],"Car":[],"Recipe":[],"Service":[],"SoftwareApplication":[],"WebPage":[]},"graphName":"","isEnabled":true},"graphs":[],"defaultGraph":"","defaultPostTypeGraph":""},"schema_type":null,"schema_type_options":null,"pillar_content":false,"robots_default":true,"robots_noindex":false,"robots_noarchive":false,"robots_nosnippet":false,"robots_nofollow":false,"robots_noimageindex":false,"robots_noodp":false,"robots_notranslate":false,"robots_max_snippet":null,"robots_max_videopreview":null,"robots_max_imagepreview":"large","priority":null,"frequency":null,"location":null,"local_seo":null,"seo_analyzer_scan_date":"2025-08-28 15:25:30","breadcrumb_settings":null,"limit_modified_date":false,"open_ai":null,"ai":null,"created":"2021-03-27 06:49:33","updated":"2025-08-28 15:25:30"},"aioseo_breadcrumb":"<div class=\"aioseo-breadcrumbs\"><span class=\"aioseo-breadcrumb\">\n\t<a href=\"https:\/\/eldigitaldeasturias.com\/radio\" title=\"Inicio\">Inicio<\/a>\n<\/span><span class=\"aioseo-breadcrumb-separator\">&ndash;<\/span><span class=\"aioseo-breadcrumb\">\n\t<a href=\"https:\/\/eldigitaldeasturias.com\/radio\/category\/noticias\/\" title=\"Noticias\">Noticias<\/a>\n<\/span><span class=\"aioseo-breadcrumb-separator\">&ndash;<\/span><span class=\"aioseo-breadcrumb\">\n\tMinistro alem\u00e1n pide ayuda millonaria para pa\u00edses emergentes\n<\/span><\/div>","aioseo_breadcrumb_json":[{"label":"Inicio","link":"https:\/\/eldigitaldeasturias.com\/radio"},{"label":"Noticias","link":"https:\/\/eldigitaldeasturias.com\/radio\/category\/noticias\/"},{"label":"Ministro alem\u00e1n pide ayuda millonaria para pa\u00edses emergentes","link":"https:\/\/eldigitaldeasturias.com\/radio\/ministro-aleman-pide-ayuda-millonaria-para-paises-emergentes\/"}],"_links":{"self":[{"href":"https:\/\/eldigitaldeasturias.com\/radio\/wp-json\/wp\/v2\/posts\/4153","targetHints":{"allow":["GET"]}}],"collection":[{"href":"https:\/\/eldigitaldeasturias.com\/radio\/wp-json\/wp\/v2\/posts"}],"about":[{"href":"https:\/\/eldigitaldeasturias.com\/radio\/wp-json\/wp\/v2\/types\/post"}],"author":[{"embeddable":true,"href":"https:\/\/eldigitaldeasturias.com\/radio\/wp-json\/wp\/v2\/users\/1"}],"replies":[{"embeddable":true,"href":"https:\/\/eldigitaldeasturias.com\/radio\/wp-json\/wp\/v2\/comments?post=4153"}],"version-history":[{"count":0,"href":"https:\/\/eldigitaldeasturias.com\/radio\/wp-json\/wp\/v2\/posts\/4153\/revisions"}],"wp:featuredmedia":[{"embeddable":true,"href":"https:\/\/eldigitaldeasturias.com\/radio\/wp-json\/wp\/v2\/media\/4110"}],"wp:attachment":[{"href":"https:\/\/eldigitaldeasturias.com\/radio\/wp-json\/wp\/v2\/media?parent=4153"}],"wp:term":[{"taxonomy":"category","embeddable":true,"href":"https:\/\/eldigitaldeasturias.com\/radio\/wp-json\/wp\/v2\/categories?post=4153"},{"taxonomy":"post_tag","embeddable":true,"href":"https:\/\/eldigitaldeasturias.com\/radio\/wp-json\/wp\/v2\/tags?post=4153"}],"curies":[{"name":"wp","href":"https:\/\/api.w.org\/{rel}","templated":true}]}}