{"id":4148,"date":"2020-04-19T01:35:11","date_gmt":"2020-04-19T01:35:11","guid":{"rendered":"http:\/\/www.eldigitaldeasturias.com\/radio\/?p=4148"},"modified":"2020-04-19T01:35:11","modified_gmt":"2020-04-19T01:35:11","slug":"covid-19-la-oea-auditara-los-fondos-de-emergencia-en-el-salvador","status":"publish","type":"post","link":"https:\/\/eldigitaldeasturias.com\/radio\/covid-19-la-oea-auditara-los-fondos-de-emergencia-en-el-salvador\/","title":{"rendered":"Covid-19: La OEA auditar\u00e1 los fondos de emergencia en El Salvador"},"content":{"rendered":"<p><img fetchpriority=\"high\" decoding=\"async\" class=\"alignleft size-medium wp-image-4110\" src=\"http:\/\/www.eldigitaldeasturias.com\/radio\/wp-content\/uploads\/2020\/04\/covid-19-4960246_640-360x194.jpg\" alt=\"\" width=\"360\" height=\"194\" srcset=\"https:\/\/eldigitaldeasturias.com\/radio\/wp-content\/uploads\/2020\/04\/covid-19-4960246_640-360x194.jpg 360w, https:\/\/eldigitaldeasturias.com\/radio\/wp-content\/uploads\/2020\/04\/covid-19-4960246_640.jpg 640w\" sizes=\"(max-width: 360px) 100vw, 360px\" \/>(Europa Press) &#8211;\u00a0La Organizaci\u00f3n de los Estados Americanos (OEA) ha implementado un mecanismo de auditor\u00eda y seguimiento del uso realizado de los fondos destinados para la emergencia sanitaria por la pandemia del coronavirus en El Salvador.<\/p>\n<p>En concreto, la Comisi\u00f3n Internacional contra la Impunidad en El Salvador (CICIES) ha desplegado a 30 profesionales para llevar a cabo este proceso durante los pr\u00f3ximos seis meses, seg\u00fan ha informado la organizaci\u00f3n en un comunicado.<\/p>\n<p>Los profesionales se encargar\u00e1n de dar asistencia a diferentes organizaciones gubernamentales, realizar un seguimiento y revisi\u00f3n de cuestiones financieras, registros contables y documentaci\u00f3n como archivos de licitaci\u00f3n, compras, supervisi\u00f3n de obras y otras modalidades establecidas por la legislaci\u00f3n salvadore\u00f1a.<\/p>\n<p>Tambi\u00e9n, revisar\u00e1n el origen de los fondos en ejecuci\u00f3n que provienen del presupuesto ordinario y extraordinario, del Fondo de Protecci\u00f3n Civil, Prevenci\u00f3n y Mitigaci\u00f3n de Desastres (FOPROMID) y de las donaciones, as\u00ed como de los bonos.<\/p>\n<p>El comisionado de la CICIES, Ronalth Ochaeta, ha explicado que la Comisi\u00f3n de la OEA formular\u00e1 recomendaciones para el fortalecimiento institucional \u00absobre la calidad, efectividad y legitimidad en el gasto p\u00fablico, derivado de la situaci\u00f3n de emergencia sanitaria\u00bb.<\/p>\n<p>Adem\u00e1s, ha indicado que la Comisi\u00f3n colaborar\u00e1 con la Fiscal\u00eda General y ha reiterado la voluntad de llegar a un acuerdo de cooperaci\u00f3n y asistencia t\u00e9cnica con el Tribunal de Cuentas de El Salvador.<\/p>\n<p>Desde la OEA han se\u00f1alado que la solicitud de apoyo del presidente de El Salvador, Nayib Bukele, se enmarca dentro del acuerdo entre el Gobierno y la organizaci\u00f3n para colaborar con las instituciones encargadas de \u00abprevenir, investigar y sancionar actos de corrupci\u00f3n y delitos conexos\u00bb.<\/p>\n<p>Hasta el momento, hay 177 casos de coronavirus confirmados en El Salvador y siete personas han muerto en el pa\u00eds caribe\u00f1o a causa del Covid-19.<\/p>\n<p>&nbsp;<\/p>\n","protected":false},"excerpt":{"rendered":"<p>(Europa Press) &#8211;\u00a0La Organizaci\u00f3n de los Estados Americanos (OEA) ha implementado un mecanismo de auditor\u00eda y seguimiento del uso realizado de los fondos destinados para la emergencia sanitaria por la pandemia del coronavirus en El Salvador. En concreto, la Comisi\u00f3n Internacional contra la Impunidad en El Salvador (CICIES) ha desplegado a 30 profesionales para llevar<\/p>\n","protected":false},"author":1,"featured_media":4110,"comment_status":"closed","ping_status":"closed","sticky":false,"template":"","format":"standard","meta":{"footnotes":""},"categories":[1],"tags":[],"class_list":{"0":"post-4148","1":"post","2":"type-post","3":"status-publish","4":"format-standard","5":"has-post-thumbnail","7":"category-noticias"},"aioseo_notices":[],"aioseo_head":"\n\t\t<!-- All in One SEO Pro 4.9.6.2 - aioseo.com -->\n\t<meta name=\"description\" content=\"(Europa Press) - La Organizaci\u00f3n de los Estados Americanos (OEA) ha implementado un mecanismo de auditor\u00eda y seguimiento del uso realizado de los fondos destinados para la emergencia sanitaria por la pandemia del coronavirus en El Salvador. En concreto, la Comisi\u00f3n Internacional contra la Impunidad en El Salvador (CICIES) ha desplegado a 30 profesionales para llevar\" \/>\n\t<meta name=\"robots\" content=\"max-image-preview:large\" \/>\n\t<meta name=\"author\" content=\"NBAsturias\"\/>\n\t<meta name=\"google-site-verification\" content=\"UA-38556648-1\" \/>\n\t<meta name=\"keywords\" content=\"noticias\" \/>\n\t<link rel=\"canonical\" href=\"https:\/\/eldigitaldeasturias.com\/radio\/covid-19-la-oea-auditara-los-fondos-de-emergencia-en-el-salvador\/\" \/>\n\t<meta name=\"generator\" content=\"All in One SEO Pro (AIOSEO) 4.9.6.2\" \/>\n\t\t<meta property=\"og:locale\" content=\"es_ES\" \/>\n\t\t<meta property=\"og:site_name\" content=\"El Digital de Asturias | Diario de informaci\u00f3n y noticias\" \/>\n\t\t<meta property=\"og:type\" content=\"article\" \/>\n\t\t<meta property=\"og:title\" content=\"Covid-19: La OEA auditar\u00e1 los fondos de emergencia en El Salvador | El Digital de Asturias\" \/>\n\t\t<meta property=\"og:description\" content=\"(Europa Press) - La Organizaci\u00f3n de los Estados Americanos (OEA) ha implementado un mecanismo de auditor\u00eda y seguimiento del uso realizado de los fondos destinados para la emergencia sanitaria por la pandemia del coronavirus en El Salvador. En concreto, la Comisi\u00f3n Internacional contra la Impunidad en El Salvador (CICIES) ha desplegado a 30 profesionales para llevar\" \/>\n\t\t<meta property=\"og:url\" content=\"https:\/\/eldigitaldeasturias.com\/radio\/covid-19-la-oea-auditara-los-fondos-de-emergencia-en-el-salvador\/\" \/>\n\t\t<meta property=\"og:image\" content=\"https:\/\/eldigitaldeasturias.com\/radio\/wp-content\/uploads\/2020\/04\/covid-19-4960246_640.jpg\" \/>\n\t\t<meta property=\"og:image:secure_url\" content=\"https:\/\/eldigitaldeasturias.com\/radio\/wp-content\/uploads\/2020\/04\/covid-19-4960246_640.jpg\" \/>\n\t\t<meta property=\"og:image:width\" content=\"640\" \/>\n\t\t<meta property=\"og:image:height\" content=\"344\" \/>\n\t\t<meta property=\"article:published_time\" content=\"2020-04-19T01:35:11+00:00\" \/>\n\t\t<meta property=\"article:modified_time\" content=\"2020-04-19T01:35:11+00:00\" \/>\n\t\t<meta name=\"twitter:card\" content=\"summary_large_image\" \/>\n\t\t<meta name=\"twitter:site\" content=\"@bercodi\" \/>\n\t\t<meta name=\"twitter:title\" content=\"Covid-19: La OEA auditar\u00e1 los fondos de emergencia en El Salvador | El Digital de Asturias\" \/>\n\t\t<meta name=\"twitter:description\" content=\"(Europa Press) - La Organizaci\u00f3n de los Estados Americanos (OEA) ha implementado un mecanismo de auditor\u00eda y seguimiento del uso realizado de los fondos destinados para la emergencia sanitaria por la pandemia del coronavirus en El Salvador. En concreto, la Comisi\u00f3n Internacional contra la Impunidad en El Salvador (CICIES) ha desplegado a 30 profesionales para llevar\" \/>\n\t\t<meta name=\"twitter:creator\" content=\"@bercodi\" \/>\n\t\t<meta name=\"twitter:image\" content=\"https:\/\/eldigitaldeasturias.com\/radio\/wp-content\/uploads\/2020\/04\/covid-19-4960246_640.jpg\" \/>\n\t\t<script type=\"application\/ld+json\" class=\"aioseo-schema\">\n\t\t\t{\"@context\":\"https:\\\/\\\/schema.org\",\"@graph\":[{\"@type\":\"BreadcrumbList\",\"@id\":\"https:\\\/\\\/eldigitaldeasturias.com\\\/radio\\\/covid-19-la-oea-auditara-los-fondos-de-emergencia-en-el-salvador\\\/#breadcrumblist\",\"itemListElement\":[{\"@type\":\"ListItem\",\"@id\":\"https:\\\/\\\/eldigitaldeasturias.com\\\/radio#listItem\",\"position\":1,\"name\":\"Inicio\",\"item\":\"https:\\\/\\\/eldigitaldeasturias.com\\\/radio\",\"nextItem\":{\"@type\":\"ListItem\",\"@id\":\"https:\\\/\\\/eldigitaldeasturias.com\\\/radio\\\/category\\\/noticias\\\/#listItem\",\"name\":\"Noticias\"}},{\"@type\":\"ListItem\",\"@id\":\"https:\\\/\\\/eldigitaldeasturias.com\\\/radio\\\/category\\\/noticias\\\/#listItem\",\"position\":2,\"name\":\"Noticias\",\"item\":\"https:\\\/\\\/eldigitaldeasturias.com\\\/radio\\\/category\\\/noticias\\\/\",\"nextItem\":{\"@type\":\"ListItem\",\"@id\":\"https:\\\/\\\/eldigitaldeasturias.com\\\/radio\\\/covid-19-la-oea-auditara-los-fondos-de-emergencia-en-el-salvador\\\/#listItem\",\"name\":\"Covid-19: La OEA auditar\\u00e1 los fondos de emergencia en El Salvador\"},\"previousItem\":{\"@type\":\"ListItem\",\"@id\":\"https:\\\/\\\/eldigitaldeasturias.com\\\/radio#listItem\",\"name\":\"Inicio\"}},{\"@type\":\"ListItem\",\"@id\":\"https:\\\/\\\/eldigitaldeasturias.com\\\/radio\\\/covid-19-la-oea-auditara-los-fondos-de-emergencia-en-el-salvador\\\/#listItem\",\"position\":3,\"name\":\"Covid-19: La OEA auditar\\u00e1 los fondos de emergencia en El Salvador\",\"previousItem\":{\"@type\":\"ListItem\",\"@id\":\"https:\\\/\\\/eldigitaldeasturias.com\\\/radio\\\/category\\\/noticias\\\/#listItem\",\"name\":\"Noticias\"}}]},{\"@type\":\"NewsArticle\",\"@id\":\"https:\\\/\\\/eldigitaldeasturias.com\\\/radio\\\/covid-19-la-oea-auditara-los-fondos-de-emergencia-en-el-salvador\\\/#newsarticle\",\"name\":\"Covid-19: La OEA auditar\\u00e1 los fondos de emergencia en El Salvador | El Digital de Asturias\",\"headline\":\"Covid-19: La OEA auditar\\u00e1 los fondos de emergencia en El Salvador\",\"author\":{\"@id\":\"https:\\\/\\\/eldigitaldeasturias.com\\\/radio\\\/author\\\/nbasturias\\\/#author\"},\"publisher\":{\"@id\":\"https:\\\/\\\/eldigitaldeasturias.com\\\/radio\\\/#organization\"},\"image\":{\"@type\":\"ImageObject\",\"url\":\"https:\\\/\\\/eldigitaldeasturias.com\\\/radio\\\/wp-content\\\/uploads\\\/2020\\\/04\\\/covid-19-4960246_640.jpg\",\"width\":640,\"height\":344},\"datePublished\":\"2020-04-19T01:35:11+02:00\",\"dateModified\":\"2020-04-19T01:35:11+02:00\",\"inLanguage\":\"es-ES\",\"mainEntityOfPage\":{\"@id\":\"https:\\\/\\\/eldigitaldeasturias.com\\\/radio\\\/covid-19-la-oea-auditara-los-fondos-de-emergencia-en-el-salvador\\\/#webpage\"},\"isPartOf\":{\"@id\":\"https:\\\/\\\/eldigitaldeasturias.com\\\/radio\\\/covid-19-la-oea-auditara-los-fondos-de-emergencia-en-el-salvador\\\/#webpage\"},\"articleSection\":\"Noticias\",\"dateline\":\"Publicado el abril 19, 2020.\"},{\"@type\":\"Organization\",\"@id\":\"https:\\\/\\\/eldigitaldeasturias.com\\\/radio\\\/#organization\",\"name\":\"El digital de Asturias Radio\",\"description\":\"Diario de informaci\\u00f3n y noticias\",\"url\":\"https:\\\/\\\/eldigitaldeasturias.com\\\/radio\\\/\",\"telephone\":\"+34652131393\",\"logo\":{\"@type\":\"ImageObject\",\"url\":\"https:\\\/\\\/www.eldigitaldeasturias.com\\\/radio\\\/wp-content\\\/uploads\\\/2021\\\/03\\\/EDA.jpg\",\"@id\":\"https:\\\/\\\/eldigitaldeasturias.com\\\/radio\\\/covid-19-la-oea-auditara-los-fondos-de-emergencia-en-el-salvador\\\/#organizationLogo\"},\"image\":{\"@id\":\"https:\\\/\\\/eldigitaldeasturias.com\\\/radio\\\/covid-19-la-oea-auditara-los-fondos-de-emergencia-en-el-salvador\\\/#organizationLogo\"},\"sameAs\":[\"https:\\\/\\\/www.facebook.com\\\/\",\"https:\\\/\\\/x.com\\\/bercodi\",\"https:\\\/\\\/www.instagram.com\\\/\",\"https:\\\/\\\/www.youtube.com\\\/channel\\\/UCZP-2wLEB9Rv6erhFmqVnvg\"]},{\"@type\":\"Person\",\"@id\":\"https:\\\/\\\/eldigitaldeasturias.com\\\/radio\\\/author\\\/nbasturias\\\/#author\",\"url\":\"https:\\\/\\\/eldigitaldeasturias.com\\\/radio\\\/author\\\/nbasturias\\\/\",\"name\":\"NBAsturias\",\"image\":{\"@type\":\"ImageObject\",\"@id\":\"https:\\\/\\\/eldigitaldeasturias.com\\\/radio\\\/covid-19-la-oea-auditara-los-fondos-de-emergencia-en-el-salvador\\\/#authorImage\",\"url\":\"https:\\\/\\\/secure.gravatar.com\\\/avatar\\\/df2aeffc32bcd13f8d26072ef8a91b623d677766deac7f97ca815868cd41bf5e?s=96&d=mm&r=g\",\"width\":96,\"height\":96,\"caption\":\"NBAsturias\"}},{\"@type\":\"WebPage\",\"@id\":\"https:\\\/\\\/eldigitaldeasturias.com\\\/radio\\\/covid-19-la-oea-auditara-los-fondos-de-emergencia-en-el-salvador\\\/#webpage\",\"url\":\"https:\\\/\\\/eldigitaldeasturias.com\\\/radio\\\/covid-19-la-oea-auditara-los-fondos-de-emergencia-en-el-salvador\\\/\",\"name\":\"Covid-19: La OEA auditar\\u00e1 los fondos de emergencia en El Salvador | El Digital de Asturias\",\"description\":\"(Europa Press) - La Organizaci\\u00f3n de los Estados Americanos (OEA) ha implementado un mecanismo de auditor\\u00eda y seguimiento del uso realizado de los fondos destinados para la emergencia sanitaria por la pandemia del coronavirus en El Salvador. En concreto, la Comisi\\u00f3n Internacional contra la Impunidad en El Salvador (CICIES) ha desplegado a 30 profesionales para llevar\",\"inLanguage\":\"es-ES\",\"isPartOf\":{\"@id\":\"https:\\\/\\\/eldigitaldeasturias.com\\\/radio\\\/#website\"},\"breadcrumb\":{\"@id\":\"https:\\\/\\\/eldigitaldeasturias.com\\\/radio\\\/covid-19-la-oea-auditara-los-fondos-de-emergencia-en-el-salvador\\\/#breadcrumblist\"},\"author\":{\"@id\":\"https:\\\/\\\/eldigitaldeasturias.com\\\/radio\\\/author\\\/nbasturias\\\/#author\"},\"creator\":{\"@id\":\"https:\\\/\\\/eldigitaldeasturias.com\\\/radio\\\/author\\\/nbasturias\\\/#author\"},\"image\":{\"@type\":\"ImageObject\",\"url\":\"https:\\\/\\\/eldigitaldeasturias.com\\\/radio\\\/wp-content\\\/uploads\\\/2020\\\/04\\\/covid-19-4960246_640.jpg\",\"@id\":\"https:\\\/\\\/eldigitaldeasturias.com\\\/radio\\\/covid-19-la-oea-auditara-los-fondos-de-emergencia-en-el-salvador\\\/#mainImage\",\"width\":640,\"height\":344},\"primaryImageOfPage\":{\"@id\":\"https:\\\/\\\/eldigitaldeasturias.com\\\/radio\\\/covid-19-la-oea-auditara-los-fondos-de-emergencia-en-el-salvador\\\/#mainImage\"},\"datePublished\":\"2020-04-19T01:35:11+02:00\",\"dateModified\":\"2020-04-19T01:35:11+02:00\"},{\"@type\":\"WebSite\",\"@id\":\"https:\\\/\\\/eldigitaldeasturias.com\\\/radio\\\/#website\",\"url\":\"https:\\\/\\\/eldigitaldeasturias.com\\\/radio\\\/\",\"name\":\"El Digital de Asturias\",\"description\":\"Diario de informaci\\u00f3n y noticias\",\"inLanguage\":\"es-ES\",\"publisher\":{\"@id\":\"https:\\\/\\\/eldigitaldeasturias.com\\\/radio\\\/#organization\"}}]}\n\t\t<\/script>\n\t\t<!-- All in One SEO Pro -->\r\n\t\t<title>Covid-19: La OEA auditar\u00e1 los fondos de emergencia en El Salvador | El Digital de Asturias<\/title>\n\n","aioseo_head_json":{"title":"Covid-19: La OEA auditar\u00e1 los fondos de emergencia en El Salvador | El Digital de Asturias","description":"(Europa Press) - La Organizaci\u00f3n de los Estados Americanos (OEA) ha implementado un mecanismo de auditor\u00eda y seguimiento del uso realizado de los fondos destinados para la emergencia sanitaria por la pandemia del coronavirus en El Salvador. En concreto, la Comisi\u00f3n Internacional contra la Impunidad en El Salvador (CICIES) ha desplegado a 30 profesionales para llevar","canonical_url":"https:\/\/eldigitaldeasturias.com\/radio\/covid-19-la-oea-auditara-los-fondos-de-emergencia-en-el-salvador\/","robots":"max-image-preview:large","keywords":"noticias","webmasterTools":{"google-site-verification":"UA-38556648-1","miscellaneous":""},"schema":{"@context":"https:\/\/schema.org","@graph":[{"@type":"BreadcrumbList","@id":"https:\/\/eldigitaldeasturias.com\/radio\/covid-19-la-oea-auditara-los-fondos-de-emergencia-en-el-salvador\/#breadcrumblist","itemListElement":[{"@type":"ListItem","@id":"https:\/\/eldigitaldeasturias.com\/radio#listItem","position":1,"name":"Inicio","item":"https:\/\/eldigitaldeasturias.com\/radio","nextItem":{"@type":"ListItem","@id":"https:\/\/eldigitaldeasturias.com\/radio\/category\/noticias\/#listItem","name":"Noticias"}},{"@type":"ListItem","@id":"https:\/\/eldigitaldeasturias.com\/radio\/category\/noticias\/#listItem","position":2,"name":"Noticias","item":"https:\/\/eldigitaldeasturias.com\/radio\/category\/noticias\/","nextItem":{"@type":"ListItem","@id":"https:\/\/eldigitaldeasturias.com\/radio\/covid-19-la-oea-auditara-los-fondos-de-emergencia-en-el-salvador\/#listItem","name":"Covid-19: La OEA auditar\u00e1 los fondos de emergencia en El Salvador"},"previousItem":{"@type":"ListItem","@id":"https:\/\/eldigitaldeasturias.com\/radio#listItem","name":"Inicio"}},{"@type":"ListItem","@id":"https:\/\/eldigitaldeasturias.com\/radio\/covid-19-la-oea-auditara-los-fondos-de-emergencia-en-el-salvador\/#listItem","position":3,"name":"Covid-19: La OEA auditar\u00e1 los fondos de emergencia en El Salvador","previousItem":{"@type":"ListItem","@id":"https:\/\/eldigitaldeasturias.com\/radio\/category\/noticias\/#listItem","name":"Noticias"}}]},{"@type":"NewsArticle","@id":"https:\/\/eldigitaldeasturias.com\/radio\/covid-19-la-oea-auditara-los-fondos-de-emergencia-en-el-salvador\/#newsarticle","name":"Covid-19: La OEA auditar\u00e1 los fondos de emergencia en El Salvador | El Digital de Asturias","headline":"Covid-19: La OEA auditar\u00e1 los fondos de emergencia en El Salvador","author":{"@id":"https:\/\/eldigitaldeasturias.com\/radio\/author\/nbasturias\/#author"},"publisher":{"@id":"https:\/\/eldigitaldeasturias.com\/radio\/#organization"},"image":{"@type":"ImageObject","url":"https:\/\/eldigitaldeasturias.com\/radio\/wp-content\/uploads\/2020\/04\/covid-19-4960246_640.jpg","width":640,"height":344},"datePublished":"2020-04-19T01:35:11+02:00","dateModified":"2020-04-19T01:35:11+02:00","inLanguage":"es-ES","mainEntityOfPage":{"@id":"https:\/\/eldigitaldeasturias.com\/radio\/covid-19-la-oea-auditara-los-fondos-de-emergencia-en-el-salvador\/#webpage"},"isPartOf":{"@id":"https:\/\/eldigitaldeasturias.com\/radio\/covid-19-la-oea-auditara-los-fondos-de-emergencia-en-el-salvador\/#webpage"},"articleSection":"Noticias","dateline":"Publicado el abril 19, 2020."},{"@type":"Organization","@id":"https:\/\/eldigitaldeasturias.com\/radio\/#organization","name":"El digital de Asturias Radio","description":"Diario de informaci\u00f3n y noticias","url":"https:\/\/eldigitaldeasturias.com\/radio\/","telephone":"+34652131393","logo":{"@type":"ImageObject","url":"https:\/\/www.eldigitaldeasturias.com\/radio\/wp-content\/uploads\/2021\/03\/EDA.jpg","@id":"https:\/\/eldigitaldeasturias.com\/radio\/covid-19-la-oea-auditara-los-fondos-de-emergencia-en-el-salvador\/#organizationLogo"},"image":{"@id":"https:\/\/eldigitaldeasturias.com\/radio\/covid-19-la-oea-auditara-los-fondos-de-emergencia-en-el-salvador\/#organizationLogo"},"sameAs":["https:\/\/www.facebook.com\/","https:\/\/x.com\/bercodi","https:\/\/www.instagram.com\/","https:\/\/www.youtube.com\/channel\/UCZP-2wLEB9Rv6erhFmqVnvg"]},{"@type":"Person","@id":"https:\/\/eldigitaldeasturias.com\/radio\/author\/nbasturias\/#author","url":"https:\/\/eldigitaldeasturias.com\/radio\/author\/nbasturias\/","name":"NBAsturias","image":{"@type":"ImageObject","@id":"https:\/\/eldigitaldeasturias.com\/radio\/covid-19-la-oea-auditara-los-fondos-de-emergencia-en-el-salvador\/#authorImage","url":"https:\/\/secure.gravatar.com\/avatar\/df2aeffc32bcd13f8d26072ef8a91b623d677766deac7f97ca815868cd41bf5e?s=96&d=mm&r=g","width":96,"height":96,"caption":"NBAsturias"}},{"@type":"WebPage","@id":"https:\/\/eldigitaldeasturias.com\/radio\/covid-19-la-oea-auditara-los-fondos-de-emergencia-en-el-salvador\/#webpage","url":"https:\/\/eldigitaldeasturias.com\/radio\/covid-19-la-oea-auditara-los-fondos-de-emergencia-en-el-salvador\/","name":"Covid-19: La OEA auditar\u00e1 los fondos de emergencia en El Salvador | El Digital de Asturias","description":"(Europa Press) - La Organizaci\u00f3n de los Estados Americanos (OEA) ha implementado un mecanismo de auditor\u00eda y seguimiento del uso realizado de los fondos destinados para la emergencia sanitaria por la pandemia del coronavirus en El Salvador. En concreto, la Comisi\u00f3n Internacional contra la Impunidad en El Salvador (CICIES) ha desplegado a 30 profesionales para llevar","inLanguage":"es-ES","isPartOf":{"@id":"https:\/\/eldigitaldeasturias.com\/radio\/#website"},"breadcrumb":{"@id":"https:\/\/eldigitaldeasturias.com\/radio\/covid-19-la-oea-auditara-los-fondos-de-emergencia-en-el-salvador\/#breadcrumblist"},"author":{"@id":"https:\/\/eldigitaldeasturias.com\/radio\/author\/nbasturias\/#author"},"creator":{"@id":"https:\/\/eldigitaldeasturias.com\/radio\/author\/nbasturias\/#author"},"image":{"@type":"ImageObject","url":"https:\/\/eldigitaldeasturias.com\/radio\/wp-content\/uploads\/2020\/04\/covid-19-4960246_640.jpg","@id":"https:\/\/eldigitaldeasturias.com\/radio\/covid-19-la-oea-auditara-los-fondos-de-emergencia-en-el-salvador\/#mainImage","width":640,"height":344},"primaryImageOfPage":{"@id":"https:\/\/eldigitaldeasturias.com\/radio\/covid-19-la-oea-auditara-los-fondos-de-emergencia-en-el-salvador\/#mainImage"},"datePublished":"2020-04-19T01:35:11+02:00","dateModified":"2020-04-19T01:35:11+02:00"},{"@type":"WebSite","@id":"https:\/\/eldigitaldeasturias.com\/radio\/#website","url":"https:\/\/eldigitaldeasturias.com\/radio\/","name":"El Digital de Asturias","description":"Diario de informaci\u00f3n y noticias","inLanguage":"es-ES","publisher":{"@id":"https:\/\/eldigitaldeasturias.com\/radio\/#organization"}}]},"og:locale":"es_ES","og:site_name":"El Digital de Asturias | Diario de informaci\u00f3n y noticias","og:type":"article","og:title":"Covid-19: La OEA auditar\u00e1 los fondos de emergencia en El Salvador | El Digital de Asturias","og:description":"(Europa Press) - La Organizaci\u00f3n de los Estados Americanos (OEA) ha implementado un mecanismo de auditor\u00eda y seguimiento del uso realizado de los fondos destinados para la emergencia sanitaria por la pandemia del coronavirus en El Salvador. En concreto, la Comisi\u00f3n Internacional contra la Impunidad en El Salvador (CICIES) ha desplegado a 30 profesionales para llevar","og:url":"https:\/\/eldigitaldeasturias.com\/radio\/covid-19-la-oea-auditara-los-fondos-de-emergencia-en-el-salvador\/","og:image":"https:\/\/eldigitaldeasturias.com\/radio\/wp-content\/uploads\/2020\/04\/covid-19-4960246_640.jpg","og:image:secure_url":"https:\/\/eldigitaldeasturias.com\/radio\/wp-content\/uploads\/2020\/04\/covid-19-4960246_640.jpg","og:image:width":640,"og:image:height":344,"article:published_time":"2020-04-19T01:35:11+00:00","article:modified_time":"2020-04-19T01:35:11+00:00","twitter:card":"summary_large_image","twitter:site":"@bercodi","twitter:title":"Covid-19: La OEA auditar\u00e1 los fondos de emergencia en El Salvador | El Digital de Asturias","twitter:description":"(Europa Press) - La Organizaci\u00f3n de los Estados Americanos (OEA) ha implementado un mecanismo de auditor\u00eda y seguimiento del uso realizado de los fondos destinados para la emergencia sanitaria por la pandemia del coronavirus en El Salvador. En concreto, la Comisi\u00f3n Internacional contra la Impunidad en El Salvador (CICIES) ha desplegado a 30 profesionales para llevar","twitter:creator":"@bercodi","twitter:image":"https:\/\/eldigitaldeasturias.com\/radio\/wp-content\/uploads\/2020\/04\/covid-19-4960246_640.jpg"},"aioseo_meta_data":{"post_id":"4148","title":null,"description":null,"keywords":null,"keyphrases":null,"primary_term":null,"canonical_url":null,"og_title":null,"og_description":null,"og_object_type":"default","og_image_type":"default","og_image_url":null,"og_image_width":null,"og_image_height":null,"og_image_custom_url":null,"og_image_custom_fields":null,"og_video":null,"og_custom_url":null,"og_article_section":null,"og_article_tags":null,"twitter_use_og":false,"twitter_card":"default","twitter_image_type":"default","twitter_image_url":null,"twitter_image_custom_url":null,"twitter_image_custom_fields":null,"twitter_title":null,"twitter_description":null,"schema":{"blockGraphs":[],"customGraphs":[],"default":{"data":{"Article":[],"Course":[],"Dataset":[],"FAQPage":[],"Movie":[],"Person":[],"Product":[],"ProductReview":[],"Car":[],"Recipe":[],"Service":[],"SoftwareApplication":[],"WebPage":[]},"graphName":"","isEnabled":true},"graphs":[],"defaultGraph":"","defaultPostTypeGraph":""},"schema_type":null,"schema_type_options":null,"pillar_content":false,"robots_default":true,"robots_noindex":false,"robots_noarchive":false,"robots_nosnippet":false,"robots_nofollow":false,"robots_noimageindex":false,"robots_noodp":false,"robots_notranslate":false,"robots_max_snippet":null,"robots_max_videopreview":null,"robots_max_imagepreview":"large","priority":null,"frequency":null,"location":null,"local_seo":null,"seo_analyzer_scan_date":"2025-08-28 15:25:28","breadcrumb_settings":null,"limit_modified_date":false,"open_ai":null,"ai":null,"created":"2021-03-27 12:35:43","updated":"2025-08-28 15:25:28"},"aioseo_breadcrumb":"<div class=\"aioseo-breadcrumbs\"><span class=\"aioseo-breadcrumb\">\n\t<a href=\"https:\/\/eldigitaldeasturias.com\/radio\" title=\"Inicio\">Inicio<\/a>\n<\/span><span class=\"aioseo-breadcrumb-separator\">&ndash;<\/span><span class=\"aioseo-breadcrumb\">\n\t<a href=\"https:\/\/eldigitaldeasturias.com\/radio\/category\/noticias\/\" title=\"Noticias\">Noticias<\/a>\n<\/span><span class=\"aioseo-breadcrumb-separator\">&ndash;<\/span><span class=\"aioseo-breadcrumb\">\n\tCovid-19: La OEA auditar\u00e1 los fondos de emergencia en El Salvador\n<\/span><\/div>","aioseo_breadcrumb_json":[{"label":"Inicio","link":"https:\/\/eldigitaldeasturias.com\/radio"},{"label":"Noticias","link":"https:\/\/eldigitaldeasturias.com\/radio\/category\/noticias\/"},{"label":"Covid-19: La OEA auditar\u00e1 los fondos de emergencia en El Salvador","link":"https:\/\/eldigitaldeasturias.com\/radio\/covid-19-la-oea-auditara-los-fondos-de-emergencia-en-el-salvador\/"}],"_links":{"self":[{"href":"https:\/\/eldigitaldeasturias.com\/radio\/wp-json\/wp\/v2\/posts\/4148","targetHints":{"allow":["GET"]}}],"collection":[{"href":"https:\/\/eldigitaldeasturias.com\/radio\/wp-json\/wp\/v2\/posts"}],"about":[{"href":"https:\/\/eldigitaldeasturias.com\/radio\/wp-json\/wp\/v2\/types\/post"}],"author":[{"embeddable":true,"href":"https:\/\/eldigitaldeasturias.com\/radio\/wp-json\/wp\/v2\/users\/1"}],"replies":[{"embeddable":true,"href":"https:\/\/eldigitaldeasturias.com\/radio\/wp-json\/wp\/v2\/comments?post=4148"}],"version-history":[{"count":0,"href":"https:\/\/eldigitaldeasturias.com\/radio\/wp-json\/wp\/v2\/posts\/4148\/revisions"}],"wp:featuredmedia":[{"embeddable":true,"href":"https:\/\/eldigitaldeasturias.com\/radio\/wp-json\/wp\/v2\/media\/4110"}],"wp:attachment":[{"href":"https:\/\/eldigitaldeasturias.com\/radio\/wp-json\/wp\/v2\/media?parent=4148"}],"wp:term":[{"taxonomy":"category","embeddable":true,"href":"https:\/\/eldigitaldeasturias.com\/radio\/wp-json\/wp\/v2\/categories?post=4148"},{"taxonomy":"post_tag","embeddable":true,"href":"https:\/\/eldigitaldeasturias.com\/radio\/wp-json\/wp\/v2\/tags?post=4148"}],"curies":[{"name":"wp","href":"https:\/\/api.w.org\/{rel}","templated":true}]}}