{"id":4143,"date":"2020-04-19T00:20:22","date_gmt":"2020-04-19T00:20:22","guid":{"rendered":"http:\/\/www.eldigitaldeasturias.com\/radio\/?p=4143"},"modified":"2020-04-19T00:20:22","modified_gmt":"2020-04-19T00:20:22","slug":"reservas-por-miles-de-euros-para-la-oktoberfest-pese-a-coronavirus","status":"publish","type":"post","link":"https:\/\/eldigitaldeasturias.com\/radio\/reservas-por-miles-de-euros-para-la-oktoberfest-pese-a-coronavirus\/","title":{"rendered":"Reservas por miles de euros para la \u00abOktoberfest\u00bb pese a coronavirus"},"content":{"rendered":"<figure id=\"attachment_4144\" aria-describedby=\"caption-attachment-4144\" style=\"width: 360px\" class=\"wp-caption alignleft\"><img fetchpriority=\"high\" decoding=\"async\" class=\"size-medium wp-image-4144\" src=\"http:\/\/www.eldigitaldeasturias.com\/radio\/wp-content\/uploads\/2020\/04\/Oktoberfest-1-360x226.jpg\" alt=\"\" width=\"360\" height=\"226\" srcset=\"https:\/\/eldigitaldeasturias.com\/radio\/wp-content\/uploads\/2020\/04\/Oktoberfest-1-360x226.jpg 360w, https:\/\/eldigitaldeasturias.com\/radio\/wp-content\/uploads\/2020\/04\/Oktoberfest-1-1024x642.jpg 1024w, https:\/\/eldigitaldeasturias.com\/radio\/wp-content\/uploads\/2020\/04\/Oktoberfest-1-768x481.jpg 768w, https:\/\/eldigitaldeasturias.com\/radio\/wp-content\/uploads\/2020\/04\/Oktoberfest-1.jpg 1061w\" sizes=\"(max-width: 360px) 100vw, 360px\" \/><figcaption id=\"caption-attachment-4144\" class=\"wp-caption-text\">Foto: Felix H\u00f6rhager\/dpa<\/figcaption><\/figure>\n<p>M\u00fanich (Alemania), 18 abr (dpa) &#8211; Pese a que la fiesta de la cerveza \u00abOktoberfest\u00bb en M\u00fanich probablemente deba ser cancelada este a\u00f1o debido a la pandemia del coronavirus, varios portales en Internet ofrecen reservas en las carpas, a menudo por varios miles de euros por mesa.<\/p>\n<p>Los responsables a\u00fan no han definido si se podr\u00e1 celebrar la fiesta popular m\u00e1s grande de Alemania y una de las mayores del mundo.<\/p>\n<p>\u00abSoy muy, muy esc\u00e9ptico y, desde la perspectiva actual, dif\u00edcilmente puedo imaginar que sea posible realizar un evento tan grande en este momento\u00bb, dijo el primer ministro del estado federado de Baviera, Markus S\u00f6der.<\/p>\n<p>S\u00f6der anunci\u00f3 que en las pr\u00f3ximas dos semanas evaluar\u00e1 la situaci\u00f3n con el alcalde de M\u00fanich, Dieter Reiter.<\/p>\n<p>Seg\u00fan los planes, la fiesta de la cerveza, que se desarrolla en la Theresienwiese (Prado de Teresa o simplemente \u00abWiesn\u00bb), cerca del centro de M\u00fanich, debe celebrarse entre el 16 de septiembre y el 4 de octubre.<\/p>\n<p>Muchos clientes habituales ya han reservado mesas para la \u00abOktoberfest\u00bb, que cada a\u00f1o atrae a millones de personas, entre ellas muchos extranjeros.<\/p>\n<p>Algunos proveedores ya han alertado a sus clientes que si la \u00abOktoberfest 2020\u00bb se cancela debido al coronavirus, los pagos realizados se acreditar\u00e1n para el a\u00f1o pr\u00f3ximo. Una mesa para diez personas puede costar 5.000 euros (5.400 d\u00f3lares) y m\u00e1s.<\/p>\n<p>Por su parte, los due\u00f1os de los restaurantes luchan desde hace a\u00f1os contra el mercado gris de las reservas y los precios exorbitantes, ya que con ellos una reserva no cuesta nada o tiene un cargo m\u00ednimo. Los clientes solo tienen que comprar vales de comida, y dependiendo de la carpa el valor es de 40 euros por persona, lo que cuestan unas dos medidas de cerveza y un pollo asado.<\/p>\n<p>La cancelaci\u00f3n de la fiesta no solo tendr\u00eda fuertes consecuencias econ\u00f3micas, con p\u00e9rdidas millonarias, sino que tambi\u00e9n repercusiones sociales.<\/p>\n<p>La gente vestida con trajes t\u00edpicos, locales y turistas bebiendo cerveza de manera pac\u00edfica, sumado adem\u00e1s al cielo azul en oto\u00f1o, son las im\u00e1genes que destacan a M\u00fanich y Baviera.<\/p>\n<p>Unos seis millones de visitantes de todo el mundo llegan cada a\u00f1o al predio de 34 hect\u00e1reas donde se desarrolla la fiesta durante dos semanas.<\/p>\n<p>La posibilidad de que se realice el evento o no depender\u00e1 en gran medida del asesoramiento de los expertos y de las normas de salud y seguridad emitidas por el Gobierno alem\u00e1n y del estado federado de Baviera.<\/p>\n<p>El mi\u00e9rcoles, el Gobierno anunci\u00f3 la prohibici\u00f3n de los grandes eventos hasta finales de agosto.<\/p>\n<p>En d\u00edas muy concurridos, puede haber hasta 250.000 visitantes, as\u00ed que no hay posibilidad de mantener distancia. Incluso en tiempos normales, muchos m\u00e9dicos de M\u00fanich y alrededores registran m\u00e1s pacientes con resfr\u00edos y gripe a partir de la segunda semana del \u00abOktoberfest\u00bb: la llamada gripe de \u00abWiesn\u00bb.<\/p>\n<p>Los pat\u00f3genos tienen v\u00eda libre en las carpas estrechas en las que miles de personas se re\u00fanen a tomar cerveza. El alcohol adem\u00e1s debilita el sistema inmunol\u00f3gico.<\/p>\n<p>&nbsp;<\/p>\n","protected":false},"excerpt":{"rendered":"<p>M\u00fanich (Alemania), 18 abr (dpa) &#8211; Pese a que la fiesta de la cerveza \u00abOktoberfest\u00bb en M\u00fanich probablemente deba ser cancelada este a\u00f1o debido a la pandemia del coronavirus, varios portales en Internet ofrecen reservas en las carpas, a menudo por varios miles de euros por mesa. Los responsables a\u00fan no han definido si se<\/p>\n","protected":false},"author":1,"featured_media":4144,"comment_status":"closed","ping_status":"closed","sticky":false,"template":"","format":"standard","meta":{"footnotes":""},"categories":[34],"tags":[],"class_list":{"0":"post-4143","1":"post","2":"type-post","3":"status-publish","4":"format-standard","5":"has-post-thumbnail","7":"category-turismo"},"aioseo_notices":[],"aioseo_head":"\n\t\t<!-- All in One SEO Pro 4.9.6.2 - aioseo.com -->\n\t<meta name=\"description\" content=\"M\u00fanich (Alemania), 18 abr (dpa) - Pese a que la fiesta de la cerveza &quot;Oktoberfest&quot; en M\u00fanich probablemente deba ser cancelada este a\u00f1o debido a la pandemia del coronavirus, varios portales en Internet ofrecen reservas en las carpas, a menudo por varios miles de euros por mesa. Los responsables a\u00fan no han definido si se\" \/>\n\t<meta name=\"robots\" content=\"max-image-preview:large\" \/>\n\t<meta name=\"author\" content=\"NBAsturias\"\/>\n\t<meta name=\"google-site-verification\" content=\"UA-38556648-1\" \/>\n\t<meta name=\"keywords\" content=\"turismo\" \/>\n\t<link rel=\"canonical\" href=\"https:\/\/eldigitaldeasturias.com\/radio\/reservas-por-miles-de-euros-para-la-oktoberfest-pese-a-coronavirus\/\" \/>\n\t<meta name=\"generator\" content=\"All in One SEO Pro (AIOSEO) 4.9.6.2\" \/>\n\t\t<meta property=\"og:locale\" content=\"es_ES\" \/>\n\t\t<meta property=\"og:site_name\" content=\"El Digital de Asturias | Diario de informaci\u00f3n y noticias\" \/>\n\t\t<meta property=\"og:type\" content=\"article\" \/>\n\t\t<meta property=\"og:title\" content=\"Reservas por miles de euros para la \u00abOktoberfest\u00bb pese a coronavirus | El Digital de Asturias\" \/>\n\t\t<meta property=\"og:description\" content=\"M\u00fanich (Alemania), 18 abr (dpa) - Pese a que la fiesta de la cerveza &quot;Oktoberfest&quot; en M\u00fanich probablemente deba ser cancelada este a\u00f1o debido a la pandemia del coronavirus, varios portales en Internet ofrecen reservas en las carpas, a menudo por varios miles de euros por mesa. Los responsables a\u00fan no han definido si se\" \/>\n\t\t<meta property=\"og:url\" content=\"https:\/\/eldigitaldeasturias.com\/radio\/reservas-por-miles-de-euros-para-la-oktoberfest-pese-a-coronavirus\/\" \/>\n\t\t<meta property=\"og:image\" content=\"https:\/\/eldigitaldeasturias.com\/radio\/wp-content\/uploads\/2020\/04\/Oktoberfest-1.jpg\" \/>\n\t\t<meta property=\"og:image:secure_url\" content=\"https:\/\/eldigitaldeasturias.com\/radio\/wp-content\/uploads\/2020\/04\/Oktoberfest-1.jpg\" \/>\n\t\t<meta property=\"og:image:width\" content=\"1061\" \/>\n\t\t<meta property=\"og:image:height\" content=\"665\" \/>\n\t\t<meta property=\"article:published_time\" content=\"2020-04-19T00:20:22+00:00\" \/>\n\t\t<meta property=\"article:modified_time\" content=\"2020-04-19T00:20:22+00:00\" \/>\n\t\t<meta name=\"twitter:card\" content=\"summary_large_image\" \/>\n\t\t<meta name=\"twitter:site\" content=\"@bercodi\" \/>\n\t\t<meta name=\"twitter:title\" content=\"Reservas por miles de euros para la \u00abOktoberfest\u00bb pese a coronavirus | El Digital de Asturias\" \/>\n\t\t<meta name=\"twitter:description\" content=\"M\u00fanich (Alemania), 18 abr (dpa) - Pese a que la fiesta de la cerveza &quot;Oktoberfest&quot; en M\u00fanich probablemente deba ser cancelada este a\u00f1o debido a la pandemia del coronavirus, varios portales en Internet ofrecen reservas en las carpas, a menudo por varios miles de euros por mesa. Los responsables a\u00fan no han definido si se\" \/>\n\t\t<meta name=\"twitter:creator\" content=\"@bercodi\" \/>\n\t\t<meta name=\"twitter:image\" content=\"https:\/\/eldigitaldeasturias.com\/radio\/wp-content\/uploads\/2020\/04\/Oktoberfest-1.jpg\" \/>\n\t\t<script type=\"application\/ld+json\" class=\"aioseo-schema\">\n\t\t\t{\"@context\":\"https:\\\/\\\/schema.org\",\"@graph\":[{\"@type\":\"BreadcrumbList\",\"@id\":\"https:\\\/\\\/eldigitaldeasturias.com\\\/radio\\\/reservas-por-miles-de-euros-para-la-oktoberfest-pese-a-coronavirus\\\/#breadcrumblist\",\"itemListElement\":[{\"@type\":\"ListItem\",\"@id\":\"https:\\\/\\\/eldigitaldeasturias.com\\\/radio#listItem\",\"position\":1,\"name\":\"Inicio\",\"item\":\"https:\\\/\\\/eldigitaldeasturias.com\\\/radio\",\"nextItem\":{\"@type\":\"ListItem\",\"@id\":\"https:\\\/\\\/eldigitaldeasturias.com\\\/radio\\\/category\\\/turismo\\\/#listItem\",\"name\":\"Turismo\"}},{\"@type\":\"ListItem\",\"@id\":\"https:\\\/\\\/eldigitaldeasturias.com\\\/radio\\\/category\\\/turismo\\\/#listItem\",\"position\":2,\"name\":\"Turismo\",\"item\":\"https:\\\/\\\/eldigitaldeasturias.com\\\/radio\\\/category\\\/turismo\\\/\",\"nextItem\":{\"@type\":\"ListItem\",\"@id\":\"https:\\\/\\\/eldigitaldeasturias.com\\\/radio\\\/reservas-por-miles-de-euros-para-la-oktoberfest-pese-a-coronavirus\\\/#listItem\",\"name\":\"Reservas por miles de euros para la \\u00abOktoberfest\\u00bb pese a coronavirus\"},\"previousItem\":{\"@type\":\"ListItem\",\"@id\":\"https:\\\/\\\/eldigitaldeasturias.com\\\/radio#listItem\",\"name\":\"Inicio\"}},{\"@type\":\"ListItem\",\"@id\":\"https:\\\/\\\/eldigitaldeasturias.com\\\/radio\\\/reservas-por-miles-de-euros-para-la-oktoberfest-pese-a-coronavirus\\\/#listItem\",\"position\":3,\"name\":\"Reservas por miles de euros para la \\u00abOktoberfest\\u00bb pese a coronavirus\",\"previousItem\":{\"@type\":\"ListItem\",\"@id\":\"https:\\\/\\\/eldigitaldeasturias.com\\\/radio\\\/category\\\/turismo\\\/#listItem\",\"name\":\"Turismo\"}}]},{\"@type\":\"NewsArticle\",\"@id\":\"https:\\\/\\\/eldigitaldeasturias.com\\\/radio\\\/reservas-por-miles-de-euros-para-la-oktoberfest-pese-a-coronavirus\\\/#newsarticle\",\"name\":\"Reservas por miles de euros para la \\u00abOktoberfest\\u00bb pese a coronavirus | El Digital de Asturias\",\"headline\":\"Reservas por miles de euros para la \\u00abOktoberfest\\u00bb pese a coronavirus\",\"author\":{\"@id\":\"https:\\\/\\\/eldigitaldeasturias.com\\\/radio\\\/author\\\/nbasturias\\\/#author\"},\"publisher\":{\"@id\":\"https:\\\/\\\/eldigitaldeasturias.com\\\/radio\\\/#organization\"},\"image\":{\"@type\":\"ImageObject\",\"url\":\"https:\\\/\\\/eldigitaldeasturias.com\\\/radio\\\/wp-content\\\/uploads\\\/2020\\\/04\\\/Oktoberfest-1.jpg\",\"width\":1061,\"height\":665,\"caption\":\"Foto: Felix H\\u00f6rhager\\\/dpa\"},\"datePublished\":\"2020-04-19T00:20:22+02:00\",\"dateModified\":\"2020-04-19T00:20:22+02:00\",\"inLanguage\":\"es-ES\",\"mainEntityOfPage\":{\"@id\":\"https:\\\/\\\/eldigitaldeasturias.com\\\/radio\\\/reservas-por-miles-de-euros-para-la-oktoberfest-pese-a-coronavirus\\\/#webpage\"},\"isPartOf\":{\"@id\":\"https:\\\/\\\/eldigitaldeasturias.com\\\/radio\\\/reservas-por-miles-de-euros-para-la-oktoberfest-pese-a-coronavirus\\\/#webpage\"},\"articleSection\":\"Turismo\",\"dateline\":\"Publicado el abril 19, 2020.\"},{\"@type\":\"Organization\",\"@id\":\"https:\\\/\\\/eldigitaldeasturias.com\\\/radio\\\/#organization\",\"name\":\"El digital de Asturias Radio\",\"description\":\"Diario de informaci\\u00f3n y noticias\",\"url\":\"https:\\\/\\\/eldigitaldeasturias.com\\\/radio\\\/\",\"telephone\":\"+34652131393\",\"logo\":{\"@type\":\"ImageObject\",\"url\":\"https:\\\/\\\/www.eldigitaldeasturias.com\\\/radio\\\/wp-content\\\/uploads\\\/2021\\\/03\\\/EDA.jpg\",\"@id\":\"https:\\\/\\\/eldigitaldeasturias.com\\\/radio\\\/reservas-por-miles-de-euros-para-la-oktoberfest-pese-a-coronavirus\\\/#organizationLogo\"},\"image\":{\"@id\":\"https:\\\/\\\/eldigitaldeasturias.com\\\/radio\\\/reservas-por-miles-de-euros-para-la-oktoberfest-pese-a-coronavirus\\\/#organizationLogo\"},\"sameAs\":[\"https:\\\/\\\/www.facebook.com\\\/\",\"https:\\\/\\\/x.com\\\/bercodi\",\"https:\\\/\\\/www.instagram.com\\\/\",\"https:\\\/\\\/www.youtube.com\\\/channel\\\/UCZP-2wLEB9Rv6erhFmqVnvg\"]},{\"@type\":\"Person\",\"@id\":\"https:\\\/\\\/eldigitaldeasturias.com\\\/radio\\\/author\\\/nbasturias\\\/#author\",\"url\":\"https:\\\/\\\/eldigitaldeasturias.com\\\/radio\\\/author\\\/nbasturias\\\/\",\"name\":\"NBAsturias\",\"image\":{\"@type\":\"ImageObject\",\"@id\":\"https:\\\/\\\/eldigitaldeasturias.com\\\/radio\\\/reservas-por-miles-de-euros-para-la-oktoberfest-pese-a-coronavirus\\\/#authorImage\",\"url\":\"https:\\\/\\\/secure.gravatar.com\\\/avatar\\\/df2aeffc32bcd13f8d26072ef8a91b623d677766deac7f97ca815868cd41bf5e?s=96&d=mm&r=g\",\"width\":96,\"height\":96,\"caption\":\"NBAsturias\"}},{\"@type\":\"WebPage\",\"@id\":\"https:\\\/\\\/eldigitaldeasturias.com\\\/radio\\\/reservas-por-miles-de-euros-para-la-oktoberfest-pese-a-coronavirus\\\/#webpage\",\"url\":\"https:\\\/\\\/eldigitaldeasturias.com\\\/radio\\\/reservas-por-miles-de-euros-para-la-oktoberfest-pese-a-coronavirus\\\/\",\"name\":\"Reservas por miles de euros para la \\u00abOktoberfest\\u00bb pese a coronavirus | El Digital de Asturias\",\"description\":\"M\\u00fanich (Alemania), 18 abr (dpa) - Pese a que la fiesta de la cerveza \\\"Oktoberfest\\\" en M\\u00fanich probablemente deba ser cancelada este a\\u00f1o debido a la pandemia del coronavirus, varios portales en Internet ofrecen reservas en las carpas, a menudo por varios miles de euros por mesa. Los responsables a\\u00fan no han definido si se\",\"inLanguage\":\"es-ES\",\"isPartOf\":{\"@id\":\"https:\\\/\\\/eldigitaldeasturias.com\\\/radio\\\/#website\"},\"breadcrumb\":{\"@id\":\"https:\\\/\\\/eldigitaldeasturias.com\\\/radio\\\/reservas-por-miles-de-euros-para-la-oktoberfest-pese-a-coronavirus\\\/#breadcrumblist\"},\"author\":{\"@id\":\"https:\\\/\\\/eldigitaldeasturias.com\\\/radio\\\/author\\\/nbasturias\\\/#author\"},\"creator\":{\"@id\":\"https:\\\/\\\/eldigitaldeasturias.com\\\/radio\\\/author\\\/nbasturias\\\/#author\"},\"image\":{\"@type\":\"ImageObject\",\"url\":\"https:\\\/\\\/eldigitaldeasturias.com\\\/radio\\\/wp-content\\\/uploads\\\/2020\\\/04\\\/Oktoberfest-1.jpg\",\"@id\":\"https:\\\/\\\/eldigitaldeasturias.com\\\/radio\\\/reservas-por-miles-de-euros-para-la-oktoberfest-pese-a-coronavirus\\\/#mainImage\",\"width\":1061,\"height\":665,\"caption\":\"Foto: Felix H\\u00f6rhager\\\/dpa\"},\"primaryImageOfPage\":{\"@id\":\"https:\\\/\\\/eldigitaldeasturias.com\\\/radio\\\/reservas-por-miles-de-euros-para-la-oktoberfest-pese-a-coronavirus\\\/#mainImage\"},\"datePublished\":\"2020-04-19T00:20:22+02:00\",\"dateModified\":\"2020-04-19T00:20:22+02:00\"},{\"@type\":\"WebSite\",\"@id\":\"https:\\\/\\\/eldigitaldeasturias.com\\\/radio\\\/#website\",\"url\":\"https:\\\/\\\/eldigitaldeasturias.com\\\/radio\\\/\",\"name\":\"El Digital de Asturias\",\"description\":\"Diario de informaci\\u00f3n y noticias\",\"inLanguage\":\"es-ES\",\"publisher\":{\"@id\":\"https:\\\/\\\/eldigitaldeasturias.com\\\/radio\\\/#organization\"}}]}\n\t\t<\/script>\n\t\t<!-- All in One SEO Pro -->\r\n\t\t<title>Reservas por miles de euros para la \u00abOktoberfest\u00bb pese a coronavirus | El Digital de Asturias<\/title>\n\n","aioseo_head_json":{"title":"Reservas por miles de euros para la \u00abOktoberfest\u00bb pese a coronavirus | El Digital de Asturias","description":"M\u00fanich (Alemania), 18 abr (dpa) - Pese a que la fiesta de la cerveza \"Oktoberfest\" en M\u00fanich probablemente deba ser cancelada este a\u00f1o debido a la pandemia del coronavirus, varios portales en Internet ofrecen reservas en las carpas, a menudo por varios miles de euros por mesa. Los responsables a\u00fan no han definido si se","canonical_url":"https:\/\/eldigitaldeasturias.com\/radio\/reservas-por-miles-de-euros-para-la-oktoberfest-pese-a-coronavirus\/","robots":"max-image-preview:large","keywords":"turismo","webmasterTools":{"google-site-verification":"UA-38556648-1","miscellaneous":""},"schema":{"@context":"https:\/\/schema.org","@graph":[{"@type":"BreadcrumbList","@id":"https:\/\/eldigitaldeasturias.com\/radio\/reservas-por-miles-de-euros-para-la-oktoberfest-pese-a-coronavirus\/#breadcrumblist","itemListElement":[{"@type":"ListItem","@id":"https:\/\/eldigitaldeasturias.com\/radio#listItem","position":1,"name":"Inicio","item":"https:\/\/eldigitaldeasturias.com\/radio","nextItem":{"@type":"ListItem","@id":"https:\/\/eldigitaldeasturias.com\/radio\/category\/turismo\/#listItem","name":"Turismo"}},{"@type":"ListItem","@id":"https:\/\/eldigitaldeasturias.com\/radio\/category\/turismo\/#listItem","position":2,"name":"Turismo","item":"https:\/\/eldigitaldeasturias.com\/radio\/category\/turismo\/","nextItem":{"@type":"ListItem","@id":"https:\/\/eldigitaldeasturias.com\/radio\/reservas-por-miles-de-euros-para-la-oktoberfest-pese-a-coronavirus\/#listItem","name":"Reservas por miles de euros para la \u00abOktoberfest\u00bb pese a coronavirus"},"previousItem":{"@type":"ListItem","@id":"https:\/\/eldigitaldeasturias.com\/radio#listItem","name":"Inicio"}},{"@type":"ListItem","@id":"https:\/\/eldigitaldeasturias.com\/radio\/reservas-por-miles-de-euros-para-la-oktoberfest-pese-a-coronavirus\/#listItem","position":3,"name":"Reservas por miles de euros para la \u00abOktoberfest\u00bb pese a coronavirus","previousItem":{"@type":"ListItem","@id":"https:\/\/eldigitaldeasturias.com\/radio\/category\/turismo\/#listItem","name":"Turismo"}}]},{"@type":"NewsArticle","@id":"https:\/\/eldigitaldeasturias.com\/radio\/reservas-por-miles-de-euros-para-la-oktoberfest-pese-a-coronavirus\/#newsarticle","name":"Reservas por miles de euros para la \u00abOktoberfest\u00bb pese a coronavirus | El Digital de Asturias","headline":"Reservas por miles de euros para la \u00abOktoberfest\u00bb pese a coronavirus","author":{"@id":"https:\/\/eldigitaldeasturias.com\/radio\/author\/nbasturias\/#author"},"publisher":{"@id":"https:\/\/eldigitaldeasturias.com\/radio\/#organization"},"image":{"@type":"ImageObject","url":"https:\/\/eldigitaldeasturias.com\/radio\/wp-content\/uploads\/2020\/04\/Oktoberfest-1.jpg","width":1061,"height":665,"caption":"Foto: Felix H\u00f6rhager\/dpa"},"datePublished":"2020-04-19T00:20:22+02:00","dateModified":"2020-04-19T00:20:22+02:00","inLanguage":"es-ES","mainEntityOfPage":{"@id":"https:\/\/eldigitaldeasturias.com\/radio\/reservas-por-miles-de-euros-para-la-oktoberfest-pese-a-coronavirus\/#webpage"},"isPartOf":{"@id":"https:\/\/eldigitaldeasturias.com\/radio\/reservas-por-miles-de-euros-para-la-oktoberfest-pese-a-coronavirus\/#webpage"},"articleSection":"Turismo","dateline":"Publicado el abril 19, 2020."},{"@type":"Organization","@id":"https:\/\/eldigitaldeasturias.com\/radio\/#organization","name":"El digital de Asturias Radio","description":"Diario de informaci\u00f3n y noticias","url":"https:\/\/eldigitaldeasturias.com\/radio\/","telephone":"+34652131393","logo":{"@type":"ImageObject","url":"https:\/\/www.eldigitaldeasturias.com\/radio\/wp-content\/uploads\/2021\/03\/EDA.jpg","@id":"https:\/\/eldigitaldeasturias.com\/radio\/reservas-por-miles-de-euros-para-la-oktoberfest-pese-a-coronavirus\/#organizationLogo"},"image":{"@id":"https:\/\/eldigitaldeasturias.com\/radio\/reservas-por-miles-de-euros-para-la-oktoberfest-pese-a-coronavirus\/#organizationLogo"},"sameAs":["https:\/\/www.facebook.com\/","https:\/\/x.com\/bercodi","https:\/\/www.instagram.com\/","https:\/\/www.youtube.com\/channel\/UCZP-2wLEB9Rv6erhFmqVnvg"]},{"@type":"Person","@id":"https:\/\/eldigitaldeasturias.com\/radio\/author\/nbasturias\/#author","url":"https:\/\/eldigitaldeasturias.com\/radio\/author\/nbasturias\/","name":"NBAsturias","image":{"@type":"ImageObject","@id":"https:\/\/eldigitaldeasturias.com\/radio\/reservas-por-miles-de-euros-para-la-oktoberfest-pese-a-coronavirus\/#authorImage","url":"https:\/\/secure.gravatar.com\/avatar\/df2aeffc32bcd13f8d26072ef8a91b623d677766deac7f97ca815868cd41bf5e?s=96&d=mm&r=g","width":96,"height":96,"caption":"NBAsturias"}},{"@type":"WebPage","@id":"https:\/\/eldigitaldeasturias.com\/radio\/reservas-por-miles-de-euros-para-la-oktoberfest-pese-a-coronavirus\/#webpage","url":"https:\/\/eldigitaldeasturias.com\/radio\/reservas-por-miles-de-euros-para-la-oktoberfest-pese-a-coronavirus\/","name":"Reservas por miles de euros para la \u00abOktoberfest\u00bb pese a coronavirus | El Digital de Asturias","description":"M\u00fanich (Alemania), 18 abr (dpa) - Pese a que la fiesta de la cerveza \"Oktoberfest\" en M\u00fanich probablemente deba ser cancelada este a\u00f1o debido a la pandemia del coronavirus, varios portales en Internet ofrecen reservas en las carpas, a menudo por varios miles de euros por mesa. Los responsables a\u00fan no han definido si se","inLanguage":"es-ES","isPartOf":{"@id":"https:\/\/eldigitaldeasturias.com\/radio\/#website"},"breadcrumb":{"@id":"https:\/\/eldigitaldeasturias.com\/radio\/reservas-por-miles-de-euros-para-la-oktoberfest-pese-a-coronavirus\/#breadcrumblist"},"author":{"@id":"https:\/\/eldigitaldeasturias.com\/radio\/author\/nbasturias\/#author"},"creator":{"@id":"https:\/\/eldigitaldeasturias.com\/radio\/author\/nbasturias\/#author"},"image":{"@type":"ImageObject","url":"https:\/\/eldigitaldeasturias.com\/radio\/wp-content\/uploads\/2020\/04\/Oktoberfest-1.jpg","@id":"https:\/\/eldigitaldeasturias.com\/radio\/reservas-por-miles-de-euros-para-la-oktoberfest-pese-a-coronavirus\/#mainImage","width":1061,"height":665,"caption":"Foto: Felix H\u00f6rhager\/dpa"},"primaryImageOfPage":{"@id":"https:\/\/eldigitaldeasturias.com\/radio\/reservas-por-miles-de-euros-para-la-oktoberfest-pese-a-coronavirus\/#mainImage"},"datePublished":"2020-04-19T00:20:22+02:00","dateModified":"2020-04-19T00:20:22+02:00"},{"@type":"WebSite","@id":"https:\/\/eldigitaldeasturias.com\/radio\/#website","url":"https:\/\/eldigitaldeasturias.com\/radio\/","name":"El Digital de Asturias","description":"Diario de informaci\u00f3n y noticias","inLanguage":"es-ES","publisher":{"@id":"https:\/\/eldigitaldeasturias.com\/radio\/#organization"}}]},"og:locale":"es_ES","og:site_name":"El Digital de Asturias | Diario de informaci\u00f3n y noticias","og:type":"article","og:title":"Reservas por miles de euros para la \u00abOktoberfest\u00bb pese a coronavirus | El Digital de Asturias","og:description":"M\u00fanich (Alemania), 18 abr (dpa) - Pese a que la fiesta de la cerveza &quot;Oktoberfest&quot; en M\u00fanich probablemente deba ser cancelada este a\u00f1o debido a la pandemia del coronavirus, varios portales en Internet ofrecen reservas en las carpas, a menudo por varios miles de euros por mesa. Los responsables a\u00fan no han definido si se","og:url":"https:\/\/eldigitaldeasturias.com\/radio\/reservas-por-miles-de-euros-para-la-oktoberfest-pese-a-coronavirus\/","og:image":"https:\/\/eldigitaldeasturias.com\/radio\/wp-content\/uploads\/2020\/04\/Oktoberfest-1.jpg","og:image:secure_url":"https:\/\/eldigitaldeasturias.com\/radio\/wp-content\/uploads\/2020\/04\/Oktoberfest-1.jpg","og:image:width":1061,"og:image:height":665,"article:published_time":"2020-04-19T00:20:22+00:00","article:modified_time":"2020-04-19T00:20:22+00:00","twitter:card":"summary_large_image","twitter:site":"@bercodi","twitter:title":"Reservas por miles de euros para la \u00abOktoberfest\u00bb pese a coronavirus | El Digital de Asturias","twitter:description":"M\u00fanich (Alemania), 18 abr (dpa) - Pese a que la fiesta de la cerveza &quot;Oktoberfest&quot; en M\u00fanich probablemente deba ser cancelada este a\u00f1o debido a la pandemia del coronavirus, varios portales en Internet ofrecen reservas en las carpas, a menudo por varios miles de euros por mesa. Los responsables a\u00fan no han definido si se","twitter:creator":"@bercodi","twitter:image":"https:\/\/eldigitaldeasturias.com\/radio\/wp-content\/uploads\/2020\/04\/Oktoberfest-1.jpg"},"aioseo_meta_data":{"post_id":"4143","title":null,"description":null,"keywords":null,"keyphrases":null,"primary_term":null,"canonical_url":null,"og_title":null,"og_description":null,"og_object_type":"default","og_image_type":"default","og_image_url":null,"og_image_width":null,"og_image_height":null,"og_image_custom_url":null,"og_image_custom_fields":null,"og_video":null,"og_custom_url":null,"og_article_section":null,"og_article_tags":null,"twitter_use_og":false,"twitter_card":"default","twitter_image_type":"default","twitter_image_url":null,"twitter_image_custom_url":null,"twitter_image_custom_fields":null,"twitter_title":null,"twitter_description":null,"schema":{"blockGraphs":[],"customGraphs":[],"default":{"data":{"Article":[],"Course":[],"Dataset":[],"FAQPage":[],"Movie":[],"Person":[],"Product":[],"ProductReview":[],"Car":[],"Recipe":[],"Service":[],"SoftwareApplication":[],"WebPage":[]},"graphName":"","isEnabled":true},"graphs":[],"defaultGraph":"","defaultPostTypeGraph":""},"schema_type":null,"schema_type_options":null,"pillar_content":false,"robots_default":true,"robots_noindex":false,"robots_noarchive":false,"robots_nosnippet":false,"robots_nofollow":false,"robots_noimageindex":false,"robots_noodp":false,"robots_notranslate":false,"robots_max_snippet":null,"robots_max_videopreview":null,"robots_max_imagepreview":"large","priority":null,"frequency":null,"location":null,"local_seo":null,"seo_analyzer_scan_date":"2025-08-28 15:25:26","breadcrumb_settings":null,"limit_modified_date":false,"open_ai":null,"ai":null,"created":"2021-03-25 19:10:00","updated":"2025-08-28 15:25:26"},"aioseo_breadcrumb":"<div class=\"aioseo-breadcrumbs\"><span class=\"aioseo-breadcrumb\">\n\t<a href=\"https:\/\/eldigitaldeasturias.com\/radio\" title=\"Inicio\">Inicio<\/a>\n<\/span><span class=\"aioseo-breadcrumb-separator\">&ndash;<\/span><span class=\"aioseo-breadcrumb\">\n\t<a href=\"https:\/\/eldigitaldeasturias.com\/radio\/category\/turismo\/\" title=\"Turismo\">Turismo<\/a>\n<\/span><span class=\"aioseo-breadcrumb-separator\">&ndash;<\/span><span class=\"aioseo-breadcrumb\">\n\tReservas por miles de euros para la \u00abOktoberfest\u00bb pese a coronavirus\n<\/span><\/div>","aioseo_breadcrumb_json":[{"label":"Inicio","link":"https:\/\/eldigitaldeasturias.com\/radio"},{"label":"Turismo","link":"https:\/\/eldigitaldeasturias.com\/radio\/category\/turismo\/"},{"label":"Reservas por miles de euros para la \u00abOktoberfest\u00bb pese a coronavirus","link":"https:\/\/eldigitaldeasturias.com\/radio\/reservas-por-miles-de-euros-para-la-oktoberfest-pese-a-coronavirus\/"}],"_links":{"self":[{"href":"https:\/\/eldigitaldeasturias.com\/radio\/wp-json\/wp\/v2\/posts\/4143","targetHints":{"allow":["GET"]}}],"collection":[{"href":"https:\/\/eldigitaldeasturias.com\/radio\/wp-json\/wp\/v2\/posts"}],"about":[{"href":"https:\/\/eldigitaldeasturias.com\/radio\/wp-json\/wp\/v2\/types\/post"}],"author":[{"embeddable":true,"href":"https:\/\/eldigitaldeasturias.com\/radio\/wp-json\/wp\/v2\/users\/1"}],"replies":[{"embeddable":true,"href":"https:\/\/eldigitaldeasturias.com\/radio\/wp-json\/wp\/v2\/comments?post=4143"}],"version-history":[{"count":0,"href":"https:\/\/eldigitaldeasturias.com\/radio\/wp-json\/wp\/v2\/posts\/4143\/revisions"}],"wp:featuredmedia":[{"embeddable":true,"href":"https:\/\/eldigitaldeasturias.com\/radio\/wp-json\/wp\/v2\/media\/4144"}],"wp:attachment":[{"href":"https:\/\/eldigitaldeasturias.com\/radio\/wp-json\/wp\/v2\/media?parent=4143"}],"wp:term":[{"taxonomy":"category","embeddable":true,"href":"https:\/\/eldigitaldeasturias.com\/radio\/wp-json\/wp\/v2\/categories?post=4143"},{"taxonomy":"post_tag","embeddable":true,"href":"https:\/\/eldigitaldeasturias.com\/radio\/wp-json\/wp\/v2\/tags?post=4143"}],"curies":[{"name":"wp","href":"https:\/\/api.w.org\/{rel}","templated":true}]}}