{"id":4141,"date":"2020-04-19T00:14:32","date_gmt":"2020-04-19T00:14:32","guid":{"rendered":"http:\/\/www.eldigitaldeasturias.com\/radio\/?p=4141"},"modified":"2020-04-19T00:14:32","modified_gmt":"2020-04-19T00:14:32","slug":"ministro-aleman-propone-ampliar-oms-para-lucha-contra-pandemias","status":"publish","type":"post","link":"https:\/\/eldigitaldeasturias.com\/radio\/ministro-aleman-propone-ampliar-oms-para-lucha-contra-pandemias\/","title":{"rendered":"Ministro alem\u00e1n propone ampliar OMS para lucha contra pandemias"},"content":{"rendered":"<p><img fetchpriority=\"high\" decoding=\"async\" class=\"alignleft size-medium wp-image-4110\" src=\"http:\/\/www.eldigitaldeasturias.com\/radio\/wp-content\/uploads\/2020\/04\/covid-19-4960246_640-360x194.jpg\" alt=\"\" width=\"360\" height=\"194\" srcset=\"https:\/\/eldigitaldeasturias.com\/radio\/wp-content\/uploads\/2020\/04\/covid-19-4960246_640-360x194.jpg 360w, https:\/\/eldigitaldeasturias.com\/radio\/wp-content\/uploads\/2020\/04\/covid-19-4960246_640.jpg 640w\" sizes=\"(max-width: 360px) 100vw, 360px\" \/>Berl\u00edn, 18 abr (dpa) &#8211; El ministro alem\u00e1n de Desarrollo, Gerd M\u00fcller, propuso hoy una ampliaci\u00f3n de la Organizaci\u00f3n Mundial de la Salud (OMS) para convertirla en una especie de centro mundial para pandemias.<\/p>\n<p>\u00abEsta pandemia no es la \u00faltima\u00bb, advirti\u00f3 hoy M\u00fcller en declaraciones a la radio Deutschlandfunk. El ministro destac\u00f3 que para algunos pa\u00edses africanos la actual epidemia de coronavirus plantea riesgos hasta el punto de un colapso del Estado nacional.<\/p>\n<p>Seg\u00fan M\u00fcller, habr\u00eda que detectar r\u00e1pidamente nuevos riesgos para la salud y coordinar en todo el mundo la adquisici\u00f3n de medicamentos y las campa\u00f1as de vacunaci\u00f3n.<\/p>\n<p>\u00abLa OMS est\u00e1 bien situada para hacer esto y es la organizaci\u00f3n\u00bb, dijo M\u00fcller, agregando que esperaba que Washington lo reconociera, \u00abdespu\u00e9s del impacto masivo de este virus en la poblaci\u00f3n, especialmente en Estados Unidos.\u00bb<\/p>\n<p>El presidente estadounidense, Donald Trump, suspendi\u00f3 los aportes de su pa\u00eds a la OMS, a la que acus\u00f3 de encubrir la supuesta falta de transparencia de China en la informaci\u00f3n brindada sobre los or\u00edgenes de la pandemia.<\/p>\n<p>Como consecuencia, M\u00fcller sugiri\u00f3 que la OMS deber\u00eda ser financiada m\u00e1s por los Estados y ser menos dependiente de las donaciones. Mencion\u00f3 adem\u00e1s que deb\u00edan vincularse la salud humana y la animal en un solo enfoque y abordarla a nivel internacional con los mejores investigadores.<\/p>\n<p>El ministro germano advirti\u00f3 que el coronavirus hab\u00eda saltado de los animales a los humanos y que hab\u00eda al menos 40 virus tan peligrosos como el actual.<\/p>\n<p>M\u00fcller subray\u00f3 que la estructura sanitaria existente en muchos pa\u00edses africanos no ofrece posibilidades de luchar contra el virus. Cit\u00f3 como ejemplo a Etiop\u00eda, que con m\u00e1s habitantes que Alemania s\u00f3lo dispone de 100 camas de cuidados intensivos.<\/p>\n","protected":false},"excerpt":{"rendered":"<p>Berl\u00edn, 18 abr (dpa) &#8211; El ministro alem\u00e1n de Desarrollo, Gerd M\u00fcller, propuso hoy una ampliaci\u00f3n de la Organizaci\u00f3n Mundial de la Salud (OMS) para convertirla en una especie de centro mundial para pandemias. \u00abEsta pandemia no es la \u00faltima\u00bb, advirti\u00f3 hoy M\u00fcller en declaraciones a la radio Deutschlandfunk. El ministro destac\u00f3 que para algunos<\/p>\n","protected":false},"author":1,"featured_media":4110,"comment_status":"closed","ping_status":"closed","sticky":false,"template":"","format":"standard","meta":{"footnotes":""},"categories":[1],"tags":[],"class_list":{"0":"post-4141","1":"post","2":"type-post","3":"status-publish","4":"format-standard","5":"has-post-thumbnail","7":"category-noticias"},"aioseo_notices":[],"aioseo_head":"\n\t\t<!-- All in One SEO Pro 4.9.6.2 - aioseo.com -->\n\t<meta name=\"description\" content=\"Berl\u00edn, 18 abr (dpa) - El ministro alem\u00e1n de Desarrollo, Gerd M\u00fcller, propuso hoy una ampliaci\u00f3n de la Organizaci\u00f3n Mundial de la Salud (OMS) para convertirla en una especie de centro mundial para pandemias. &quot;Esta pandemia no es la \u00faltima&quot;, advirti\u00f3 hoy M\u00fcller en declaraciones a la radio Deutschlandfunk. El ministro destac\u00f3 que para algunos\" \/>\n\t<meta name=\"robots\" content=\"max-image-preview:large\" \/>\n\t<meta name=\"author\" content=\"NBAsturias\"\/>\n\t<meta name=\"google-site-verification\" content=\"UA-38556648-1\" \/>\n\t<meta name=\"keywords\" content=\"noticias\" \/>\n\t<link rel=\"canonical\" href=\"https:\/\/eldigitaldeasturias.com\/radio\/ministro-aleman-propone-ampliar-oms-para-lucha-contra-pandemias\/\" \/>\n\t<meta name=\"generator\" content=\"All in One SEO Pro (AIOSEO) 4.9.6.2\" \/>\n\t\t<meta property=\"og:locale\" content=\"es_ES\" \/>\n\t\t<meta property=\"og:site_name\" content=\"El Digital de Asturias | Diario de informaci\u00f3n y noticias\" \/>\n\t\t<meta property=\"og:type\" content=\"article\" \/>\n\t\t<meta property=\"og:title\" content=\"Ministro alem\u00e1n propone ampliar OMS para lucha contra pandemias | El Digital de Asturias\" \/>\n\t\t<meta property=\"og:description\" content=\"Berl\u00edn, 18 abr (dpa) - El ministro alem\u00e1n de Desarrollo, Gerd M\u00fcller, propuso hoy una ampliaci\u00f3n de la Organizaci\u00f3n Mundial de la Salud (OMS) para convertirla en una especie de centro mundial para pandemias. &quot;Esta pandemia no es la \u00faltima&quot;, advirti\u00f3 hoy M\u00fcller en declaraciones a la radio Deutschlandfunk. El ministro destac\u00f3 que para algunos\" \/>\n\t\t<meta property=\"og:url\" content=\"https:\/\/eldigitaldeasturias.com\/radio\/ministro-aleman-propone-ampliar-oms-para-lucha-contra-pandemias\/\" \/>\n\t\t<meta property=\"og:image\" content=\"https:\/\/eldigitaldeasturias.com\/radio\/wp-content\/uploads\/2020\/04\/covid-19-4960246_640.jpg\" \/>\n\t\t<meta property=\"og:image:secure_url\" content=\"https:\/\/eldigitaldeasturias.com\/radio\/wp-content\/uploads\/2020\/04\/covid-19-4960246_640.jpg\" \/>\n\t\t<meta property=\"og:image:width\" content=\"640\" \/>\n\t\t<meta property=\"og:image:height\" content=\"344\" \/>\n\t\t<meta property=\"article:published_time\" content=\"2020-04-19T00:14:32+00:00\" \/>\n\t\t<meta property=\"article:modified_time\" content=\"2020-04-19T00:14:32+00:00\" \/>\n\t\t<meta name=\"twitter:card\" content=\"summary_large_image\" \/>\n\t\t<meta name=\"twitter:site\" content=\"@bercodi\" \/>\n\t\t<meta name=\"twitter:title\" content=\"Ministro alem\u00e1n propone ampliar OMS para lucha contra pandemias | El Digital de Asturias\" \/>\n\t\t<meta name=\"twitter:description\" content=\"Berl\u00edn, 18 abr (dpa) - El ministro alem\u00e1n de Desarrollo, Gerd M\u00fcller, propuso hoy una ampliaci\u00f3n de la Organizaci\u00f3n Mundial de la Salud (OMS) para convertirla en una especie de centro mundial para pandemias. &quot;Esta pandemia no es la \u00faltima&quot;, advirti\u00f3 hoy M\u00fcller en declaraciones a la radio Deutschlandfunk. El ministro destac\u00f3 que para algunos\" \/>\n\t\t<meta name=\"twitter:creator\" content=\"@bercodi\" \/>\n\t\t<meta name=\"twitter:image\" content=\"https:\/\/eldigitaldeasturias.com\/radio\/wp-content\/uploads\/2020\/04\/covid-19-4960246_640.jpg\" \/>\n\t\t<script type=\"application\/ld+json\" class=\"aioseo-schema\">\n\t\t\t{\"@context\":\"https:\\\/\\\/schema.org\",\"@graph\":[{\"@type\":\"BreadcrumbList\",\"@id\":\"https:\\\/\\\/eldigitaldeasturias.com\\\/radio\\\/ministro-aleman-propone-ampliar-oms-para-lucha-contra-pandemias\\\/#breadcrumblist\",\"itemListElement\":[{\"@type\":\"ListItem\",\"@id\":\"https:\\\/\\\/eldigitaldeasturias.com\\\/radio#listItem\",\"position\":1,\"name\":\"Inicio\",\"item\":\"https:\\\/\\\/eldigitaldeasturias.com\\\/radio\",\"nextItem\":{\"@type\":\"ListItem\",\"@id\":\"https:\\\/\\\/eldigitaldeasturias.com\\\/radio\\\/category\\\/noticias\\\/#listItem\",\"name\":\"Noticias\"}},{\"@type\":\"ListItem\",\"@id\":\"https:\\\/\\\/eldigitaldeasturias.com\\\/radio\\\/category\\\/noticias\\\/#listItem\",\"position\":2,\"name\":\"Noticias\",\"item\":\"https:\\\/\\\/eldigitaldeasturias.com\\\/radio\\\/category\\\/noticias\\\/\",\"nextItem\":{\"@type\":\"ListItem\",\"@id\":\"https:\\\/\\\/eldigitaldeasturias.com\\\/radio\\\/ministro-aleman-propone-ampliar-oms-para-lucha-contra-pandemias\\\/#listItem\",\"name\":\"Ministro alem\\u00e1n propone ampliar OMS para lucha contra pandemias\"},\"previousItem\":{\"@type\":\"ListItem\",\"@id\":\"https:\\\/\\\/eldigitaldeasturias.com\\\/radio#listItem\",\"name\":\"Inicio\"}},{\"@type\":\"ListItem\",\"@id\":\"https:\\\/\\\/eldigitaldeasturias.com\\\/radio\\\/ministro-aleman-propone-ampliar-oms-para-lucha-contra-pandemias\\\/#listItem\",\"position\":3,\"name\":\"Ministro alem\\u00e1n propone ampliar OMS para lucha contra pandemias\",\"previousItem\":{\"@type\":\"ListItem\",\"@id\":\"https:\\\/\\\/eldigitaldeasturias.com\\\/radio\\\/category\\\/noticias\\\/#listItem\",\"name\":\"Noticias\"}}]},{\"@type\":\"NewsArticle\",\"@id\":\"https:\\\/\\\/eldigitaldeasturias.com\\\/radio\\\/ministro-aleman-propone-ampliar-oms-para-lucha-contra-pandemias\\\/#newsarticle\",\"name\":\"Ministro alem\\u00e1n propone ampliar OMS para lucha contra pandemias | El Digital de Asturias\",\"headline\":\"Ministro alem\\u00e1n propone ampliar OMS para lucha contra pandemias\",\"author\":{\"@id\":\"https:\\\/\\\/eldigitaldeasturias.com\\\/radio\\\/author\\\/nbasturias\\\/#author\"},\"publisher\":{\"@id\":\"https:\\\/\\\/eldigitaldeasturias.com\\\/radio\\\/#organization\"},\"image\":{\"@type\":\"ImageObject\",\"url\":\"https:\\\/\\\/eldigitaldeasturias.com\\\/radio\\\/wp-content\\\/uploads\\\/2020\\\/04\\\/covid-19-4960246_640.jpg\",\"width\":640,\"height\":344},\"datePublished\":\"2020-04-19T00:14:32+02:00\",\"dateModified\":\"2020-04-19T00:14:32+02:00\",\"inLanguage\":\"es-ES\",\"mainEntityOfPage\":{\"@id\":\"https:\\\/\\\/eldigitaldeasturias.com\\\/radio\\\/ministro-aleman-propone-ampliar-oms-para-lucha-contra-pandemias\\\/#webpage\"},\"isPartOf\":{\"@id\":\"https:\\\/\\\/eldigitaldeasturias.com\\\/radio\\\/ministro-aleman-propone-ampliar-oms-para-lucha-contra-pandemias\\\/#webpage\"},\"articleSection\":\"Noticias\",\"dateline\":\"Publicado el abril 19, 2020.\"},{\"@type\":\"Organization\",\"@id\":\"https:\\\/\\\/eldigitaldeasturias.com\\\/radio\\\/#organization\",\"name\":\"El digital de Asturias Radio\",\"description\":\"Diario de informaci\\u00f3n y noticias\",\"url\":\"https:\\\/\\\/eldigitaldeasturias.com\\\/radio\\\/\",\"telephone\":\"+34652131393\",\"logo\":{\"@type\":\"ImageObject\",\"url\":\"https:\\\/\\\/www.eldigitaldeasturias.com\\\/radio\\\/wp-content\\\/uploads\\\/2021\\\/03\\\/EDA.jpg\",\"@id\":\"https:\\\/\\\/eldigitaldeasturias.com\\\/radio\\\/ministro-aleman-propone-ampliar-oms-para-lucha-contra-pandemias\\\/#organizationLogo\"},\"image\":{\"@id\":\"https:\\\/\\\/eldigitaldeasturias.com\\\/radio\\\/ministro-aleman-propone-ampliar-oms-para-lucha-contra-pandemias\\\/#organizationLogo\"},\"sameAs\":[\"https:\\\/\\\/www.facebook.com\\\/\",\"https:\\\/\\\/x.com\\\/bercodi\",\"https:\\\/\\\/www.instagram.com\\\/\",\"https:\\\/\\\/www.youtube.com\\\/channel\\\/UCZP-2wLEB9Rv6erhFmqVnvg\"]},{\"@type\":\"Person\",\"@id\":\"https:\\\/\\\/eldigitaldeasturias.com\\\/radio\\\/author\\\/nbasturias\\\/#author\",\"url\":\"https:\\\/\\\/eldigitaldeasturias.com\\\/radio\\\/author\\\/nbasturias\\\/\",\"name\":\"NBAsturias\",\"image\":{\"@type\":\"ImageObject\",\"@id\":\"https:\\\/\\\/eldigitaldeasturias.com\\\/radio\\\/ministro-aleman-propone-ampliar-oms-para-lucha-contra-pandemias\\\/#authorImage\",\"url\":\"https:\\\/\\\/secure.gravatar.com\\\/avatar\\\/df2aeffc32bcd13f8d26072ef8a91b623d677766deac7f97ca815868cd41bf5e?s=96&d=mm&r=g\",\"width\":96,\"height\":96,\"caption\":\"NBAsturias\"}},{\"@type\":\"WebPage\",\"@id\":\"https:\\\/\\\/eldigitaldeasturias.com\\\/radio\\\/ministro-aleman-propone-ampliar-oms-para-lucha-contra-pandemias\\\/#webpage\",\"url\":\"https:\\\/\\\/eldigitaldeasturias.com\\\/radio\\\/ministro-aleman-propone-ampliar-oms-para-lucha-contra-pandemias\\\/\",\"name\":\"Ministro alem\\u00e1n propone ampliar OMS para lucha contra pandemias | El Digital de Asturias\",\"description\":\"Berl\\u00edn, 18 abr (dpa) - El ministro alem\\u00e1n de Desarrollo, Gerd M\\u00fcller, propuso hoy una ampliaci\\u00f3n de la Organizaci\\u00f3n Mundial de la Salud (OMS) para convertirla en una especie de centro mundial para pandemias. \\\"Esta pandemia no es la \\u00faltima\\\", advirti\\u00f3 hoy M\\u00fcller en declaraciones a la radio Deutschlandfunk. El ministro destac\\u00f3 que para algunos\",\"inLanguage\":\"es-ES\",\"isPartOf\":{\"@id\":\"https:\\\/\\\/eldigitaldeasturias.com\\\/radio\\\/#website\"},\"breadcrumb\":{\"@id\":\"https:\\\/\\\/eldigitaldeasturias.com\\\/radio\\\/ministro-aleman-propone-ampliar-oms-para-lucha-contra-pandemias\\\/#breadcrumblist\"},\"author\":{\"@id\":\"https:\\\/\\\/eldigitaldeasturias.com\\\/radio\\\/author\\\/nbasturias\\\/#author\"},\"creator\":{\"@id\":\"https:\\\/\\\/eldigitaldeasturias.com\\\/radio\\\/author\\\/nbasturias\\\/#author\"},\"image\":{\"@type\":\"ImageObject\",\"url\":\"https:\\\/\\\/eldigitaldeasturias.com\\\/radio\\\/wp-content\\\/uploads\\\/2020\\\/04\\\/covid-19-4960246_640.jpg\",\"@id\":\"https:\\\/\\\/eldigitaldeasturias.com\\\/radio\\\/ministro-aleman-propone-ampliar-oms-para-lucha-contra-pandemias\\\/#mainImage\",\"width\":640,\"height\":344},\"primaryImageOfPage\":{\"@id\":\"https:\\\/\\\/eldigitaldeasturias.com\\\/radio\\\/ministro-aleman-propone-ampliar-oms-para-lucha-contra-pandemias\\\/#mainImage\"},\"datePublished\":\"2020-04-19T00:14:32+02:00\",\"dateModified\":\"2020-04-19T00:14:32+02:00\"},{\"@type\":\"WebSite\",\"@id\":\"https:\\\/\\\/eldigitaldeasturias.com\\\/radio\\\/#website\",\"url\":\"https:\\\/\\\/eldigitaldeasturias.com\\\/radio\\\/\",\"name\":\"El Digital de Asturias\",\"description\":\"Diario de informaci\\u00f3n y noticias\",\"inLanguage\":\"es-ES\",\"publisher\":{\"@id\":\"https:\\\/\\\/eldigitaldeasturias.com\\\/radio\\\/#organization\"}}]}\n\t\t<\/script>\n\t\t<!-- All in One SEO Pro -->\r\n\t\t<title>Ministro alem\u00e1n propone ampliar OMS para lucha contra pandemias | El Digital de Asturias<\/title>\n\n","aioseo_head_json":{"title":"Ministro alem\u00e1n propone ampliar OMS para lucha contra pandemias | El Digital de Asturias","description":"Berl\u00edn, 18 abr (dpa) - El ministro alem\u00e1n de Desarrollo, Gerd M\u00fcller, propuso hoy una ampliaci\u00f3n de la Organizaci\u00f3n Mundial de la Salud (OMS) para convertirla en una especie de centro mundial para pandemias. \"Esta pandemia no es la \u00faltima\", advirti\u00f3 hoy M\u00fcller en declaraciones a la radio Deutschlandfunk. El ministro destac\u00f3 que para algunos","canonical_url":"https:\/\/eldigitaldeasturias.com\/radio\/ministro-aleman-propone-ampliar-oms-para-lucha-contra-pandemias\/","robots":"max-image-preview:large","keywords":"noticias","webmasterTools":{"google-site-verification":"UA-38556648-1","miscellaneous":""},"schema":{"@context":"https:\/\/schema.org","@graph":[{"@type":"BreadcrumbList","@id":"https:\/\/eldigitaldeasturias.com\/radio\/ministro-aleman-propone-ampliar-oms-para-lucha-contra-pandemias\/#breadcrumblist","itemListElement":[{"@type":"ListItem","@id":"https:\/\/eldigitaldeasturias.com\/radio#listItem","position":1,"name":"Inicio","item":"https:\/\/eldigitaldeasturias.com\/radio","nextItem":{"@type":"ListItem","@id":"https:\/\/eldigitaldeasturias.com\/radio\/category\/noticias\/#listItem","name":"Noticias"}},{"@type":"ListItem","@id":"https:\/\/eldigitaldeasturias.com\/radio\/category\/noticias\/#listItem","position":2,"name":"Noticias","item":"https:\/\/eldigitaldeasturias.com\/radio\/category\/noticias\/","nextItem":{"@type":"ListItem","@id":"https:\/\/eldigitaldeasturias.com\/radio\/ministro-aleman-propone-ampliar-oms-para-lucha-contra-pandemias\/#listItem","name":"Ministro alem\u00e1n propone ampliar OMS para lucha contra pandemias"},"previousItem":{"@type":"ListItem","@id":"https:\/\/eldigitaldeasturias.com\/radio#listItem","name":"Inicio"}},{"@type":"ListItem","@id":"https:\/\/eldigitaldeasturias.com\/radio\/ministro-aleman-propone-ampliar-oms-para-lucha-contra-pandemias\/#listItem","position":3,"name":"Ministro alem\u00e1n propone ampliar OMS para lucha contra pandemias","previousItem":{"@type":"ListItem","@id":"https:\/\/eldigitaldeasturias.com\/radio\/category\/noticias\/#listItem","name":"Noticias"}}]},{"@type":"NewsArticle","@id":"https:\/\/eldigitaldeasturias.com\/radio\/ministro-aleman-propone-ampliar-oms-para-lucha-contra-pandemias\/#newsarticle","name":"Ministro alem\u00e1n propone ampliar OMS para lucha contra pandemias | El Digital de Asturias","headline":"Ministro alem\u00e1n propone ampliar OMS para lucha contra pandemias","author":{"@id":"https:\/\/eldigitaldeasturias.com\/radio\/author\/nbasturias\/#author"},"publisher":{"@id":"https:\/\/eldigitaldeasturias.com\/radio\/#organization"},"image":{"@type":"ImageObject","url":"https:\/\/eldigitaldeasturias.com\/radio\/wp-content\/uploads\/2020\/04\/covid-19-4960246_640.jpg","width":640,"height":344},"datePublished":"2020-04-19T00:14:32+02:00","dateModified":"2020-04-19T00:14:32+02:00","inLanguage":"es-ES","mainEntityOfPage":{"@id":"https:\/\/eldigitaldeasturias.com\/radio\/ministro-aleman-propone-ampliar-oms-para-lucha-contra-pandemias\/#webpage"},"isPartOf":{"@id":"https:\/\/eldigitaldeasturias.com\/radio\/ministro-aleman-propone-ampliar-oms-para-lucha-contra-pandemias\/#webpage"},"articleSection":"Noticias","dateline":"Publicado el abril 19, 2020."},{"@type":"Organization","@id":"https:\/\/eldigitaldeasturias.com\/radio\/#organization","name":"El digital de Asturias Radio","description":"Diario de informaci\u00f3n y noticias","url":"https:\/\/eldigitaldeasturias.com\/radio\/","telephone":"+34652131393","logo":{"@type":"ImageObject","url":"https:\/\/www.eldigitaldeasturias.com\/radio\/wp-content\/uploads\/2021\/03\/EDA.jpg","@id":"https:\/\/eldigitaldeasturias.com\/radio\/ministro-aleman-propone-ampliar-oms-para-lucha-contra-pandemias\/#organizationLogo"},"image":{"@id":"https:\/\/eldigitaldeasturias.com\/radio\/ministro-aleman-propone-ampliar-oms-para-lucha-contra-pandemias\/#organizationLogo"},"sameAs":["https:\/\/www.facebook.com\/","https:\/\/x.com\/bercodi","https:\/\/www.instagram.com\/","https:\/\/www.youtube.com\/channel\/UCZP-2wLEB9Rv6erhFmqVnvg"]},{"@type":"Person","@id":"https:\/\/eldigitaldeasturias.com\/radio\/author\/nbasturias\/#author","url":"https:\/\/eldigitaldeasturias.com\/radio\/author\/nbasturias\/","name":"NBAsturias","image":{"@type":"ImageObject","@id":"https:\/\/eldigitaldeasturias.com\/radio\/ministro-aleman-propone-ampliar-oms-para-lucha-contra-pandemias\/#authorImage","url":"https:\/\/secure.gravatar.com\/avatar\/df2aeffc32bcd13f8d26072ef8a91b623d677766deac7f97ca815868cd41bf5e?s=96&d=mm&r=g","width":96,"height":96,"caption":"NBAsturias"}},{"@type":"WebPage","@id":"https:\/\/eldigitaldeasturias.com\/radio\/ministro-aleman-propone-ampliar-oms-para-lucha-contra-pandemias\/#webpage","url":"https:\/\/eldigitaldeasturias.com\/radio\/ministro-aleman-propone-ampliar-oms-para-lucha-contra-pandemias\/","name":"Ministro alem\u00e1n propone ampliar OMS para lucha contra pandemias | El Digital de Asturias","description":"Berl\u00edn, 18 abr (dpa) - El ministro alem\u00e1n de Desarrollo, Gerd M\u00fcller, propuso hoy una ampliaci\u00f3n de la Organizaci\u00f3n Mundial de la Salud (OMS) para convertirla en una especie de centro mundial para pandemias. \"Esta pandemia no es la \u00faltima\", advirti\u00f3 hoy M\u00fcller en declaraciones a la radio Deutschlandfunk. El ministro destac\u00f3 que para algunos","inLanguage":"es-ES","isPartOf":{"@id":"https:\/\/eldigitaldeasturias.com\/radio\/#website"},"breadcrumb":{"@id":"https:\/\/eldigitaldeasturias.com\/radio\/ministro-aleman-propone-ampliar-oms-para-lucha-contra-pandemias\/#breadcrumblist"},"author":{"@id":"https:\/\/eldigitaldeasturias.com\/radio\/author\/nbasturias\/#author"},"creator":{"@id":"https:\/\/eldigitaldeasturias.com\/radio\/author\/nbasturias\/#author"},"image":{"@type":"ImageObject","url":"https:\/\/eldigitaldeasturias.com\/radio\/wp-content\/uploads\/2020\/04\/covid-19-4960246_640.jpg","@id":"https:\/\/eldigitaldeasturias.com\/radio\/ministro-aleman-propone-ampliar-oms-para-lucha-contra-pandemias\/#mainImage","width":640,"height":344},"primaryImageOfPage":{"@id":"https:\/\/eldigitaldeasturias.com\/radio\/ministro-aleman-propone-ampliar-oms-para-lucha-contra-pandemias\/#mainImage"},"datePublished":"2020-04-19T00:14:32+02:00","dateModified":"2020-04-19T00:14:32+02:00"},{"@type":"WebSite","@id":"https:\/\/eldigitaldeasturias.com\/radio\/#website","url":"https:\/\/eldigitaldeasturias.com\/radio\/","name":"El Digital de Asturias","description":"Diario de informaci\u00f3n y noticias","inLanguage":"es-ES","publisher":{"@id":"https:\/\/eldigitaldeasturias.com\/radio\/#organization"}}]},"og:locale":"es_ES","og:site_name":"El Digital de Asturias | Diario de informaci\u00f3n y noticias","og:type":"article","og:title":"Ministro alem\u00e1n propone ampliar OMS para lucha contra pandemias | El Digital de Asturias","og:description":"Berl\u00edn, 18 abr (dpa) - El ministro alem\u00e1n de Desarrollo, Gerd M\u00fcller, propuso hoy una ampliaci\u00f3n de la Organizaci\u00f3n Mundial de la Salud (OMS) para convertirla en una especie de centro mundial para pandemias. &quot;Esta pandemia no es la \u00faltima&quot;, advirti\u00f3 hoy M\u00fcller en declaraciones a la radio Deutschlandfunk. El ministro destac\u00f3 que para algunos","og:url":"https:\/\/eldigitaldeasturias.com\/radio\/ministro-aleman-propone-ampliar-oms-para-lucha-contra-pandemias\/","og:image":"https:\/\/eldigitaldeasturias.com\/radio\/wp-content\/uploads\/2020\/04\/covid-19-4960246_640.jpg","og:image:secure_url":"https:\/\/eldigitaldeasturias.com\/radio\/wp-content\/uploads\/2020\/04\/covid-19-4960246_640.jpg","og:image:width":640,"og:image:height":344,"article:published_time":"2020-04-19T00:14:32+00:00","article:modified_time":"2020-04-19T00:14:32+00:00","twitter:card":"summary_large_image","twitter:site":"@bercodi","twitter:title":"Ministro alem\u00e1n propone ampliar OMS para lucha contra pandemias | El Digital de Asturias","twitter:description":"Berl\u00edn, 18 abr (dpa) - El ministro alem\u00e1n de Desarrollo, Gerd M\u00fcller, propuso hoy una ampliaci\u00f3n de la Organizaci\u00f3n Mundial de la Salud (OMS) para convertirla en una especie de centro mundial para pandemias. &quot;Esta pandemia no es la \u00faltima&quot;, advirti\u00f3 hoy M\u00fcller en declaraciones a la radio Deutschlandfunk. El ministro destac\u00f3 que para algunos","twitter:creator":"@bercodi","twitter:image":"https:\/\/eldigitaldeasturias.com\/radio\/wp-content\/uploads\/2020\/04\/covid-19-4960246_640.jpg"},"aioseo_meta_data":{"post_id":"4141","title":null,"description":null,"keywords":null,"keyphrases":null,"primary_term":null,"canonical_url":null,"og_title":null,"og_description":null,"og_object_type":"default","og_image_type":"default","og_image_url":null,"og_image_width":null,"og_image_height":null,"og_image_custom_url":null,"og_image_custom_fields":null,"og_video":null,"og_custom_url":null,"og_article_section":null,"og_article_tags":null,"twitter_use_og":false,"twitter_card":"default","twitter_image_type":"default","twitter_image_url":null,"twitter_image_custom_url":null,"twitter_image_custom_fields":null,"twitter_title":null,"twitter_description":null,"schema":{"blockGraphs":[],"customGraphs":[],"default":{"data":{"Article":[],"Course":[],"Dataset":[],"FAQPage":[],"Movie":[],"Person":[],"Product":[],"ProductReview":[],"Car":[],"Recipe":[],"Service":[],"SoftwareApplication":[],"WebPage":[]},"graphName":"","isEnabled":true},"graphs":[],"defaultGraph":"","defaultPostTypeGraph":""},"schema_type":null,"schema_type_options":null,"pillar_content":false,"robots_default":true,"robots_noindex":false,"robots_noarchive":false,"robots_nosnippet":false,"robots_nofollow":false,"robots_noimageindex":false,"robots_noodp":false,"robots_notranslate":false,"robots_max_snippet":null,"robots_max_videopreview":null,"robots_max_imagepreview":"large","priority":null,"frequency":null,"location":null,"local_seo":null,"seo_analyzer_scan_date":"2025-08-28 15:23:40","breadcrumb_settings":null,"limit_modified_date":false,"open_ai":null,"ai":null,"created":"2021-03-27 12:35:43","updated":"2025-08-28 15:23:40"},"aioseo_breadcrumb":"<div class=\"aioseo-breadcrumbs\"><span class=\"aioseo-breadcrumb\">\n\t<a href=\"https:\/\/eldigitaldeasturias.com\/radio\" title=\"Inicio\">Inicio<\/a>\n<\/span><span class=\"aioseo-breadcrumb-separator\">&ndash;<\/span><span class=\"aioseo-breadcrumb\">\n\t<a href=\"https:\/\/eldigitaldeasturias.com\/radio\/category\/noticias\/\" title=\"Noticias\">Noticias<\/a>\n<\/span><span class=\"aioseo-breadcrumb-separator\">&ndash;<\/span><span class=\"aioseo-breadcrumb\">\n\tMinistro alem\u00e1n propone ampliar OMS para lucha contra pandemias\n<\/span><\/div>","aioseo_breadcrumb_json":[{"label":"Inicio","link":"https:\/\/eldigitaldeasturias.com\/radio"},{"label":"Noticias","link":"https:\/\/eldigitaldeasturias.com\/radio\/category\/noticias\/"},{"label":"Ministro alem\u00e1n propone ampliar OMS para lucha contra pandemias","link":"https:\/\/eldigitaldeasturias.com\/radio\/ministro-aleman-propone-ampliar-oms-para-lucha-contra-pandemias\/"}],"_links":{"self":[{"href":"https:\/\/eldigitaldeasturias.com\/radio\/wp-json\/wp\/v2\/posts\/4141","targetHints":{"allow":["GET"]}}],"collection":[{"href":"https:\/\/eldigitaldeasturias.com\/radio\/wp-json\/wp\/v2\/posts"}],"about":[{"href":"https:\/\/eldigitaldeasturias.com\/radio\/wp-json\/wp\/v2\/types\/post"}],"author":[{"embeddable":true,"href":"https:\/\/eldigitaldeasturias.com\/radio\/wp-json\/wp\/v2\/users\/1"}],"replies":[{"embeddable":true,"href":"https:\/\/eldigitaldeasturias.com\/radio\/wp-json\/wp\/v2\/comments?post=4141"}],"version-history":[{"count":0,"href":"https:\/\/eldigitaldeasturias.com\/radio\/wp-json\/wp\/v2\/posts\/4141\/revisions"}],"wp:featuredmedia":[{"embeddable":true,"href":"https:\/\/eldigitaldeasturias.com\/radio\/wp-json\/wp\/v2\/media\/4110"}],"wp:attachment":[{"href":"https:\/\/eldigitaldeasturias.com\/radio\/wp-json\/wp\/v2\/media?parent=4141"}],"wp:term":[{"taxonomy":"category","embeddable":true,"href":"https:\/\/eldigitaldeasturias.com\/radio\/wp-json\/wp\/v2\/categories?post=4141"},{"taxonomy":"post_tag","embeddable":true,"href":"https:\/\/eldigitaldeasturias.com\/radio\/wp-json\/wp\/v2\/tags?post=4141"}],"curies":[{"name":"wp","href":"https:\/\/api.w.org\/{rel}","templated":true}]}}