{"id":4135,"date":"2020-04-19T00:01:21","date_gmt":"2020-04-19T00:01:21","guid":{"rendered":"http:\/\/www.eldigitaldeasturias.com\/radio\/?p=4135"},"modified":"2020-04-19T00:01:21","modified_gmt":"2020-04-19T00:01:21","slug":"toto-wolff-invierte-en-aston-martin","status":"publish","type":"post","link":"https:\/\/eldigitaldeasturias.com\/radio\/toto-wolff-invierte-en-aston-martin\/","title":{"rendered":"Toto Wolff invierte en Aston Martin"},"content":{"rendered":"<figure id=\"attachment_4136\" aria-describedby=\"caption-attachment-4136\" style=\"width: 360px\" class=\"wp-caption alignleft\"><img fetchpriority=\"high\" decoding=\"async\" class=\"size-medium wp-image-4136\" src=\"http:\/\/www.eldigitaldeasturias.com\/radio\/wp-content\/uploads\/2020\/04\/Toto-Wolff-360x239.jpg\" alt=\"\" width=\"360\" height=\"239\" srcset=\"https:\/\/eldigitaldeasturias.com\/radio\/wp-content\/uploads\/2020\/04\/Toto-Wolff-360x239.jpg 360w, https:\/\/eldigitaldeasturias.com\/radio\/wp-content\/uploads\/2020\/04\/Toto-Wolff-768x509.jpg 768w, https:\/\/eldigitaldeasturias.com\/radio\/wp-content\/uploads\/2020\/04\/Toto-Wolff.jpg 998w\" sizes=\"(max-width: 360px) 100vw, 360px\" \/><figcaption id=\"caption-attachment-4136\" class=\"wp-caption-text\">Foto: Sebastian Gollnow\/dpa<\/figcaption><\/figure>\n<p>Londres, 18 abr (dpa) &#8211; El director de la escuder\u00eda Mercedes de F\u00f3rmula 1, Toto Wolff, se une al fabricante de coches deportivos Aston Martin como inversor, con \u00abuna participaci\u00f3n del 0,95 por ciento en la empresa\u00bb, anunci\u00f3 un portavoz del equipo germano.<\/p>\n<p>El fabricante brit\u00e1nico ingresar\u00e1 a la F\u00f3rmula 1 con un equipo propio el a\u00f1o que viene y se convertir\u00e1 as\u00ed en competidor del equipo de carreras de Mercedes que dirige Wolff.<\/p>\n<p>El vocero de la escuder\u00eda germana acot\u00f3 que el papel de Wolff como socio y director ejecutivo de Mercedes \u00abno se ve afectado por la transacci\u00f3n\u00bb.<\/p>\n<p>Daimler ya tiene acciones de Aston Martin desde 2013. Recientemente, un grupo de inversores en torno al empresario canadiense Lawrence Stroll inyect\u00f3 m\u00e1s de 600 millones de euros (unos 650 millones de d\u00f3lares) en el fabricante de autom\u00f3viles.<\/p>\n<p>Stroll, que ser\u00e1 CEO de Aston Martin, es amigo de Wolff y viene ampliando continuamente su participaci\u00f3n en el automovilismo. El a\u00f1o que viene, el equipo Racing Point, para el que corre su hijo Lance, se convertir\u00e1 en el equipo de carreras de Aston Martin.<\/p>\n<p>Wolff hab\u00eda negado recientemente rumores de que podr\u00eda pasar a Aston Martin como director gerente. Seg\u00fan Mercedes, la inversi\u00f3n del austriaco de 48 a\u00f1os, que se desempe\u00f1a como jefe de la escuder\u00eda del fabricante de coches germano desde 2013, no influye en sus tareas en Mercedes.<\/p>\n<p>En los \u00faltimos seis a\u00f1os, Mercedes gan\u00f3 el t\u00edtulo del campeonato mundial de F\u00f3rmula 1, tanto en el campeonato de pilotos como en el de constructores.<\/p>\n<p>El contrato de Wolff con Mercedes expira a finales de este a\u00f1o. \u00abSeguimos manteniendo buenas conversaciones sobre lo que queremos hacer juntos\u00bb, dijo recientemente al peri\u00f3dico vien\u00e9s \u00ab\u00d6sterreich\u00bb, pero acot\u00f3 que la crisis del coronavirus ha hecho que estas conversaciones pasen a un segundo plano.<\/p>\n<p>\u00abTodos tenemos problemas m\u00e1s grandes que resolver ahora\u00bb, sostuvo Wolff<\/p>\n<p>&nbsp;<\/p>\n<p>&nbsp;<\/p>\n","protected":false},"excerpt":{"rendered":"<p>Londres, 18 abr (dpa) &#8211; El director de la escuder\u00eda Mercedes de F\u00f3rmula 1, Toto Wolff, se une al fabricante de coches deportivos Aston Martin como inversor, con \u00abuna participaci\u00f3n del 0,95 por ciento en la empresa\u00bb, anunci\u00f3 un portavoz del equipo germano. El fabricante brit\u00e1nico ingresar\u00e1 a la F\u00f3rmula 1 con un equipo propio<\/p>\n","protected":false},"author":1,"featured_media":4136,"comment_status":"closed","ping_status":"closed","sticky":false,"template":"","format":"standard","meta":{"footnotes":""},"categories":[1],"tags":[],"class_list":{"0":"post-4135","1":"post","2":"type-post","3":"status-publish","4":"format-standard","5":"has-post-thumbnail","7":"category-noticias"},"aioseo_notices":[],"aioseo_head":"\n\t\t<!-- All in One SEO Pro 4.9.6.2 - aioseo.com -->\n\t<meta name=\"description\" content=\"Londres, 18 abr (dpa) - El director de la escuder\u00eda Mercedes de F\u00f3rmula 1, Toto Wolff, se une al fabricante de coches deportivos Aston Martin como inversor, con &quot;una participaci\u00f3n del 0,95 por ciento en la empresa&quot;, anunci\u00f3 un portavoz del equipo germano. El fabricante brit\u00e1nico ingresar\u00e1 a la F\u00f3rmula 1 con un equipo propio\" \/>\n\t<meta name=\"robots\" content=\"max-image-preview:large\" \/>\n\t<meta name=\"author\" content=\"NBAsturias\"\/>\n\t<meta name=\"google-site-verification\" content=\"UA-38556648-1\" \/>\n\t<meta name=\"keywords\" content=\"noticias\" \/>\n\t<link rel=\"canonical\" href=\"https:\/\/eldigitaldeasturias.com\/radio\/toto-wolff-invierte-en-aston-martin\/\" \/>\n\t<meta name=\"generator\" content=\"All in One SEO Pro (AIOSEO) 4.9.6.2\" \/>\n\t\t<meta property=\"og:locale\" content=\"es_ES\" \/>\n\t\t<meta property=\"og:site_name\" content=\"El Digital de Asturias | Diario de informaci\u00f3n y noticias\" \/>\n\t\t<meta property=\"og:type\" content=\"article\" \/>\n\t\t<meta property=\"og:title\" content=\"Toto Wolff invierte en Aston Martin | El Digital de Asturias\" \/>\n\t\t<meta property=\"og:description\" content=\"Londres, 18 abr (dpa) - El director de la escuder\u00eda Mercedes de F\u00f3rmula 1, Toto Wolff, se une al fabricante de coches deportivos Aston Martin como inversor, con &quot;una participaci\u00f3n del 0,95 por ciento en la empresa&quot;, anunci\u00f3 un portavoz del equipo germano. El fabricante brit\u00e1nico ingresar\u00e1 a la F\u00f3rmula 1 con un equipo propio\" \/>\n\t\t<meta property=\"og:url\" content=\"https:\/\/eldigitaldeasturias.com\/radio\/toto-wolff-invierte-en-aston-martin\/\" \/>\n\t\t<meta property=\"og:image\" content=\"https:\/\/eldigitaldeasturias.com\/radio\/wp-content\/uploads\/2020\/04\/Toto-Wolff.jpg\" \/>\n\t\t<meta property=\"og:image:secure_url\" content=\"https:\/\/eldigitaldeasturias.com\/radio\/wp-content\/uploads\/2020\/04\/Toto-Wolff.jpg\" \/>\n\t\t<meta property=\"og:image:width\" content=\"998\" \/>\n\t\t<meta property=\"og:image:height\" content=\"662\" \/>\n\t\t<meta property=\"article:published_time\" content=\"2020-04-19T00:01:21+00:00\" \/>\n\t\t<meta property=\"article:modified_time\" content=\"2020-04-19T00:01:21+00:00\" \/>\n\t\t<meta name=\"twitter:card\" content=\"summary_large_image\" \/>\n\t\t<meta name=\"twitter:site\" content=\"@bercodi\" \/>\n\t\t<meta name=\"twitter:title\" content=\"Toto Wolff invierte en Aston Martin | El Digital de Asturias\" \/>\n\t\t<meta name=\"twitter:description\" content=\"Londres, 18 abr (dpa) - El director de la escuder\u00eda Mercedes de F\u00f3rmula 1, Toto Wolff, se une al fabricante de coches deportivos Aston Martin como inversor, con &quot;una participaci\u00f3n del 0,95 por ciento en la empresa&quot;, anunci\u00f3 un portavoz del equipo germano. El fabricante brit\u00e1nico ingresar\u00e1 a la F\u00f3rmula 1 con un equipo propio\" \/>\n\t\t<meta name=\"twitter:creator\" content=\"@bercodi\" \/>\n\t\t<meta name=\"twitter:image\" content=\"https:\/\/eldigitaldeasturias.com\/radio\/wp-content\/uploads\/2020\/04\/Toto-Wolff.jpg\" \/>\n\t\t<script type=\"application\/ld+json\" class=\"aioseo-schema\">\n\t\t\t{\"@context\":\"https:\\\/\\\/schema.org\",\"@graph\":[{\"@type\":\"BreadcrumbList\",\"@id\":\"https:\\\/\\\/eldigitaldeasturias.com\\\/radio\\\/toto-wolff-invierte-en-aston-martin\\\/#breadcrumblist\",\"itemListElement\":[{\"@type\":\"ListItem\",\"@id\":\"https:\\\/\\\/eldigitaldeasturias.com\\\/radio#listItem\",\"position\":1,\"name\":\"Inicio\",\"item\":\"https:\\\/\\\/eldigitaldeasturias.com\\\/radio\",\"nextItem\":{\"@type\":\"ListItem\",\"@id\":\"https:\\\/\\\/eldigitaldeasturias.com\\\/radio\\\/category\\\/noticias\\\/#listItem\",\"name\":\"Noticias\"}},{\"@type\":\"ListItem\",\"@id\":\"https:\\\/\\\/eldigitaldeasturias.com\\\/radio\\\/category\\\/noticias\\\/#listItem\",\"position\":2,\"name\":\"Noticias\",\"item\":\"https:\\\/\\\/eldigitaldeasturias.com\\\/radio\\\/category\\\/noticias\\\/\",\"nextItem\":{\"@type\":\"ListItem\",\"@id\":\"https:\\\/\\\/eldigitaldeasturias.com\\\/radio\\\/toto-wolff-invierte-en-aston-martin\\\/#listItem\",\"name\":\"Toto Wolff invierte en Aston Martin\"},\"previousItem\":{\"@type\":\"ListItem\",\"@id\":\"https:\\\/\\\/eldigitaldeasturias.com\\\/radio#listItem\",\"name\":\"Inicio\"}},{\"@type\":\"ListItem\",\"@id\":\"https:\\\/\\\/eldigitaldeasturias.com\\\/radio\\\/toto-wolff-invierte-en-aston-martin\\\/#listItem\",\"position\":3,\"name\":\"Toto Wolff invierte en Aston Martin\",\"previousItem\":{\"@type\":\"ListItem\",\"@id\":\"https:\\\/\\\/eldigitaldeasturias.com\\\/radio\\\/category\\\/noticias\\\/#listItem\",\"name\":\"Noticias\"}}]},{\"@type\":\"NewsArticle\",\"@id\":\"https:\\\/\\\/eldigitaldeasturias.com\\\/radio\\\/toto-wolff-invierte-en-aston-martin\\\/#newsarticle\",\"name\":\"Toto Wolff invierte en Aston Martin | El Digital de Asturias\",\"headline\":\"Toto Wolff invierte en Aston Martin\",\"author\":{\"@id\":\"https:\\\/\\\/eldigitaldeasturias.com\\\/radio\\\/author\\\/nbasturias\\\/#author\"},\"publisher\":{\"@id\":\"https:\\\/\\\/eldigitaldeasturias.com\\\/radio\\\/#organization\"},\"image\":{\"@type\":\"ImageObject\",\"url\":\"https:\\\/\\\/eldigitaldeasturias.com\\\/radio\\\/wp-content\\\/uploads\\\/2020\\\/04\\\/Toto-Wolff.jpg\",\"width\":998,\"height\":662,\"caption\":\"Foto: Sebastian Gollnow\\\/dpa\"},\"datePublished\":\"2020-04-19T00:01:21+02:00\",\"dateModified\":\"2020-04-19T00:01:21+02:00\",\"inLanguage\":\"es-ES\",\"mainEntityOfPage\":{\"@id\":\"https:\\\/\\\/eldigitaldeasturias.com\\\/radio\\\/toto-wolff-invierte-en-aston-martin\\\/#webpage\"},\"isPartOf\":{\"@id\":\"https:\\\/\\\/eldigitaldeasturias.com\\\/radio\\\/toto-wolff-invierte-en-aston-martin\\\/#webpage\"},\"articleSection\":\"Noticias\",\"dateline\":\"Publicado el abril 19, 2020.\"},{\"@type\":\"Organization\",\"@id\":\"https:\\\/\\\/eldigitaldeasturias.com\\\/radio\\\/#organization\",\"name\":\"El digital de Asturias Radio\",\"description\":\"Diario de informaci\\u00f3n y noticias\",\"url\":\"https:\\\/\\\/eldigitaldeasturias.com\\\/radio\\\/\",\"telephone\":\"+34652131393\",\"logo\":{\"@type\":\"ImageObject\",\"url\":\"https:\\\/\\\/www.eldigitaldeasturias.com\\\/radio\\\/wp-content\\\/uploads\\\/2021\\\/03\\\/EDA.jpg\",\"@id\":\"https:\\\/\\\/eldigitaldeasturias.com\\\/radio\\\/toto-wolff-invierte-en-aston-martin\\\/#organizationLogo\"},\"image\":{\"@id\":\"https:\\\/\\\/eldigitaldeasturias.com\\\/radio\\\/toto-wolff-invierte-en-aston-martin\\\/#organizationLogo\"},\"sameAs\":[\"https:\\\/\\\/www.facebook.com\\\/\",\"https:\\\/\\\/x.com\\\/bercodi\",\"https:\\\/\\\/www.instagram.com\\\/\",\"https:\\\/\\\/www.youtube.com\\\/channel\\\/UCZP-2wLEB9Rv6erhFmqVnvg\"]},{\"@type\":\"Person\",\"@id\":\"https:\\\/\\\/eldigitaldeasturias.com\\\/radio\\\/author\\\/nbasturias\\\/#author\",\"url\":\"https:\\\/\\\/eldigitaldeasturias.com\\\/radio\\\/author\\\/nbasturias\\\/\",\"name\":\"NBAsturias\",\"image\":{\"@type\":\"ImageObject\",\"@id\":\"https:\\\/\\\/eldigitaldeasturias.com\\\/radio\\\/toto-wolff-invierte-en-aston-martin\\\/#authorImage\",\"url\":\"https:\\\/\\\/secure.gravatar.com\\\/avatar\\\/df2aeffc32bcd13f8d26072ef8a91b623d677766deac7f97ca815868cd41bf5e?s=96&d=mm&r=g\",\"width\":96,\"height\":96,\"caption\":\"NBAsturias\"}},{\"@type\":\"WebPage\",\"@id\":\"https:\\\/\\\/eldigitaldeasturias.com\\\/radio\\\/toto-wolff-invierte-en-aston-martin\\\/#webpage\",\"url\":\"https:\\\/\\\/eldigitaldeasturias.com\\\/radio\\\/toto-wolff-invierte-en-aston-martin\\\/\",\"name\":\"Toto Wolff invierte en Aston Martin | El Digital de Asturias\",\"description\":\"Londres, 18 abr (dpa) - El director de la escuder\\u00eda Mercedes de F\\u00f3rmula 1, Toto Wolff, se une al fabricante de coches deportivos Aston Martin como inversor, con \\\"una participaci\\u00f3n del 0,95 por ciento en la empresa\\\", anunci\\u00f3 un portavoz del equipo germano. El fabricante brit\\u00e1nico ingresar\\u00e1 a la F\\u00f3rmula 1 con un equipo propio\",\"inLanguage\":\"es-ES\",\"isPartOf\":{\"@id\":\"https:\\\/\\\/eldigitaldeasturias.com\\\/radio\\\/#website\"},\"breadcrumb\":{\"@id\":\"https:\\\/\\\/eldigitaldeasturias.com\\\/radio\\\/toto-wolff-invierte-en-aston-martin\\\/#breadcrumblist\"},\"author\":{\"@id\":\"https:\\\/\\\/eldigitaldeasturias.com\\\/radio\\\/author\\\/nbasturias\\\/#author\"},\"creator\":{\"@id\":\"https:\\\/\\\/eldigitaldeasturias.com\\\/radio\\\/author\\\/nbasturias\\\/#author\"},\"image\":{\"@type\":\"ImageObject\",\"url\":\"https:\\\/\\\/eldigitaldeasturias.com\\\/radio\\\/wp-content\\\/uploads\\\/2020\\\/04\\\/Toto-Wolff.jpg\",\"@id\":\"https:\\\/\\\/eldigitaldeasturias.com\\\/radio\\\/toto-wolff-invierte-en-aston-martin\\\/#mainImage\",\"width\":998,\"height\":662,\"caption\":\"Foto: Sebastian Gollnow\\\/dpa\"},\"primaryImageOfPage\":{\"@id\":\"https:\\\/\\\/eldigitaldeasturias.com\\\/radio\\\/toto-wolff-invierte-en-aston-martin\\\/#mainImage\"},\"datePublished\":\"2020-04-19T00:01:21+02:00\",\"dateModified\":\"2020-04-19T00:01:21+02:00\"},{\"@type\":\"WebSite\",\"@id\":\"https:\\\/\\\/eldigitaldeasturias.com\\\/radio\\\/#website\",\"url\":\"https:\\\/\\\/eldigitaldeasturias.com\\\/radio\\\/\",\"name\":\"El Digital de Asturias\",\"description\":\"Diario de informaci\\u00f3n y noticias\",\"inLanguage\":\"es-ES\",\"publisher\":{\"@id\":\"https:\\\/\\\/eldigitaldeasturias.com\\\/radio\\\/#organization\"}}]}\n\t\t<\/script>\n\t\t<!-- All in One SEO Pro -->\r\n\t\t<title>Toto Wolff invierte en Aston Martin | El Digital de Asturias<\/title>\n\n","aioseo_head_json":{"title":"Toto Wolff invierte en Aston Martin | El Digital de Asturias","description":"Londres, 18 abr (dpa) - El director de la escuder\u00eda Mercedes de F\u00f3rmula 1, Toto Wolff, se une al fabricante de coches deportivos Aston Martin como inversor, con \"una participaci\u00f3n del 0,95 por ciento en la empresa\", anunci\u00f3 un portavoz del equipo germano. El fabricante brit\u00e1nico ingresar\u00e1 a la F\u00f3rmula 1 con un equipo propio","canonical_url":"https:\/\/eldigitaldeasturias.com\/radio\/toto-wolff-invierte-en-aston-martin\/","robots":"max-image-preview:large","keywords":"noticias","webmasterTools":{"google-site-verification":"UA-38556648-1","miscellaneous":""},"schema":{"@context":"https:\/\/schema.org","@graph":[{"@type":"BreadcrumbList","@id":"https:\/\/eldigitaldeasturias.com\/radio\/toto-wolff-invierte-en-aston-martin\/#breadcrumblist","itemListElement":[{"@type":"ListItem","@id":"https:\/\/eldigitaldeasturias.com\/radio#listItem","position":1,"name":"Inicio","item":"https:\/\/eldigitaldeasturias.com\/radio","nextItem":{"@type":"ListItem","@id":"https:\/\/eldigitaldeasturias.com\/radio\/category\/noticias\/#listItem","name":"Noticias"}},{"@type":"ListItem","@id":"https:\/\/eldigitaldeasturias.com\/radio\/category\/noticias\/#listItem","position":2,"name":"Noticias","item":"https:\/\/eldigitaldeasturias.com\/radio\/category\/noticias\/","nextItem":{"@type":"ListItem","@id":"https:\/\/eldigitaldeasturias.com\/radio\/toto-wolff-invierte-en-aston-martin\/#listItem","name":"Toto Wolff invierte en Aston Martin"},"previousItem":{"@type":"ListItem","@id":"https:\/\/eldigitaldeasturias.com\/radio#listItem","name":"Inicio"}},{"@type":"ListItem","@id":"https:\/\/eldigitaldeasturias.com\/radio\/toto-wolff-invierte-en-aston-martin\/#listItem","position":3,"name":"Toto Wolff invierte en Aston Martin","previousItem":{"@type":"ListItem","@id":"https:\/\/eldigitaldeasturias.com\/radio\/category\/noticias\/#listItem","name":"Noticias"}}]},{"@type":"NewsArticle","@id":"https:\/\/eldigitaldeasturias.com\/radio\/toto-wolff-invierte-en-aston-martin\/#newsarticle","name":"Toto Wolff invierte en Aston Martin | El Digital de Asturias","headline":"Toto Wolff invierte en Aston Martin","author":{"@id":"https:\/\/eldigitaldeasturias.com\/radio\/author\/nbasturias\/#author"},"publisher":{"@id":"https:\/\/eldigitaldeasturias.com\/radio\/#organization"},"image":{"@type":"ImageObject","url":"https:\/\/eldigitaldeasturias.com\/radio\/wp-content\/uploads\/2020\/04\/Toto-Wolff.jpg","width":998,"height":662,"caption":"Foto: Sebastian Gollnow\/dpa"},"datePublished":"2020-04-19T00:01:21+02:00","dateModified":"2020-04-19T00:01:21+02:00","inLanguage":"es-ES","mainEntityOfPage":{"@id":"https:\/\/eldigitaldeasturias.com\/radio\/toto-wolff-invierte-en-aston-martin\/#webpage"},"isPartOf":{"@id":"https:\/\/eldigitaldeasturias.com\/radio\/toto-wolff-invierte-en-aston-martin\/#webpage"},"articleSection":"Noticias","dateline":"Publicado el abril 19, 2020."},{"@type":"Organization","@id":"https:\/\/eldigitaldeasturias.com\/radio\/#organization","name":"El digital de Asturias Radio","description":"Diario de informaci\u00f3n y noticias","url":"https:\/\/eldigitaldeasturias.com\/radio\/","telephone":"+34652131393","logo":{"@type":"ImageObject","url":"https:\/\/www.eldigitaldeasturias.com\/radio\/wp-content\/uploads\/2021\/03\/EDA.jpg","@id":"https:\/\/eldigitaldeasturias.com\/radio\/toto-wolff-invierte-en-aston-martin\/#organizationLogo"},"image":{"@id":"https:\/\/eldigitaldeasturias.com\/radio\/toto-wolff-invierte-en-aston-martin\/#organizationLogo"},"sameAs":["https:\/\/www.facebook.com\/","https:\/\/x.com\/bercodi","https:\/\/www.instagram.com\/","https:\/\/www.youtube.com\/channel\/UCZP-2wLEB9Rv6erhFmqVnvg"]},{"@type":"Person","@id":"https:\/\/eldigitaldeasturias.com\/radio\/author\/nbasturias\/#author","url":"https:\/\/eldigitaldeasturias.com\/radio\/author\/nbasturias\/","name":"NBAsturias","image":{"@type":"ImageObject","@id":"https:\/\/eldigitaldeasturias.com\/radio\/toto-wolff-invierte-en-aston-martin\/#authorImage","url":"https:\/\/secure.gravatar.com\/avatar\/df2aeffc32bcd13f8d26072ef8a91b623d677766deac7f97ca815868cd41bf5e?s=96&d=mm&r=g","width":96,"height":96,"caption":"NBAsturias"}},{"@type":"WebPage","@id":"https:\/\/eldigitaldeasturias.com\/radio\/toto-wolff-invierte-en-aston-martin\/#webpage","url":"https:\/\/eldigitaldeasturias.com\/radio\/toto-wolff-invierte-en-aston-martin\/","name":"Toto Wolff invierte en Aston Martin | El Digital de Asturias","description":"Londres, 18 abr (dpa) - El director de la escuder\u00eda Mercedes de F\u00f3rmula 1, Toto Wolff, se une al fabricante de coches deportivos Aston Martin como inversor, con \"una participaci\u00f3n del 0,95 por ciento en la empresa\", anunci\u00f3 un portavoz del equipo germano. El fabricante brit\u00e1nico ingresar\u00e1 a la F\u00f3rmula 1 con un equipo propio","inLanguage":"es-ES","isPartOf":{"@id":"https:\/\/eldigitaldeasturias.com\/radio\/#website"},"breadcrumb":{"@id":"https:\/\/eldigitaldeasturias.com\/radio\/toto-wolff-invierte-en-aston-martin\/#breadcrumblist"},"author":{"@id":"https:\/\/eldigitaldeasturias.com\/radio\/author\/nbasturias\/#author"},"creator":{"@id":"https:\/\/eldigitaldeasturias.com\/radio\/author\/nbasturias\/#author"},"image":{"@type":"ImageObject","url":"https:\/\/eldigitaldeasturias.com\/radio\/wp-content\/uploads\/2020\/04\/Toto-Wolff.jpg","@id":"https:\/\/eldigitaldeasturias.com\/radio\/toto-wolff-invierte-en-aston-martin\/#mainImage","width":998,"height":662,"caption":"Foto: Sebastian Gollnow\/dpa"},"primaryImageOfPage":{"@id":"https:\/\/eldigitaldeasturias.com\/radio\/toto-wolff-invierte-en-aston-martin\/#mainImage"},"datePublished":"2020-04-19T00:01:21+02:00","dateModified":"2020-04-19T00:01:21+02:00"},{"@type":"WebSite","@id":"https:\/\/eldigitaldeasturias.com\/radio\/#website","url":"https:\/\/eldigitaldeasturias.com\/radio\/","name":"El Digital de Asturias","description":"Diario de informaci\u00f3n y noticias","inLanguage":"es-ES","publisher":{"@id":"https:\/\/eldigitaldeasturias.com\/radio\/#organization"}}]},"og:locale":"es_ES","og:site_name":"El Digital de Asturias | Diario de informaci\u00f3n y noticias","og:type":"article","og:title":"Toto Wolff invierte en Aston Martin | El Digital de Asturias","og:description":"Londres, 18 abr (dpa) - El director de la escuder\u00eda Mercedes de F\u00f3rmula 1, Toto Wolff, se une al fabricante de coches deportivos Aston Martin como inversor, con &quot;una participaci\u00f3n del 0,95 por ciento en la empresa&quot;, anunci\u00f3 un portavoz del equipo germano. El fabricante brit\u00e1nico ingresar\u00e1 a la F\u00f3rmula 1 con un equipo propio","og:url":"https:\/\/eldigitaldeasturias.com\/radio\/toto-wolff-invierte-en-aston-martin\/","og:image":"https:\/\/eldigitaldeasturias.com\/radio\/wp-content\/uploads\/2020\/04\/Toto-Wolff.jpg","og:image:secure_url":"https:\/\/eldigitaldeasturias.com\/radio\/wp-content\/uploads\/2020\/04\/Toto-Wolff.jpg","og:image:width":998,"og:image:height":662,"article:published_time":"2020-04-19T00:01:21+00:00","article:modified_time":"2020-04-19T00:01:21+00:00","twitter:card":"summary_large_image","twitter:site":"@bercodi","twitter:title":"Toto Wolff invierte en Aston Martin | El Digital de Asturias","twitter:description":"Londres, 18 abr (dpa) - El director de la escuder\u00eda Mercedes de F\u00f3rmula 1, Toto Wolff, se une al fabricante de coches deportivos Aston Martin como inversor, con &quot;una participaci\u00f3n del 0,95 por ciento en la empresa&quot;, anunci\u00f3 un portavoz del equipo germano. El fabricante brit\u00e1nico ingresar\u00e1 a la F\u00f3rmula 1 con un equipo propio","twitter:creator":"@bercodi","twitter:image":"https:\/\/eldigitaldeasturias.com\/radio\/wp-content\/uploads\/2020\/04\/Toto-Wolff.jpg"},"aioseo_meta_data":{"post_id":"4135","title":null,"description":null,"keywords":null,"keyphrases":null,"primary_term":null,"canonical_url":null,"og_title":null,"og_description":null,"og_object_type":"default","og_image_type":"default","og_image_url":null,"og_image_width":null,"og_image_height":null,"og_image_custom_url":null,"og_image_custom_fields":null,"og_video":null,"og_custom_url":null,"og_article_section":null,"og_article_tags":null,"twitter_use_og":false,"twitter_card":"default","twitter_image_type":"default","twitter_image_url":null,"twitter_image_custom_url":null,"twitter_image_custom_fields":null,"twitter_title":null,"twitter_description":null,"schema":{"blockGraphs":[],"customGraphs":[],"default":{"data":{"Article":[],"Course":[],"Dataset":[],"FAQPage":[],"Movie":[],"Person":[],"Product":[],"ProductReview":[],"Car":[],"Recipe":[],"Service":[],"SoftwareApplication":[],"WebPage":[]},"graphName":"","isEnabled":true},"graphs":[],"defaultGraph":"","defaultPostTypeGraph":""},"schema_type":null,"schema_type_options":null,"pillar_content":false,"robots_default":true,"robots_noindex":false,"robots_noarchive":false,"robots_nosnippet":false,"robots_nofollow":false,"robots_noimageindex":false,"robots_noodp":false,"robots_notranslate":false,"robots_max_snippet":null,"robots_max_videopreview":null,"robots_max_imagepreview":"large","priority":null,"frequency":null,"location":null,"local_seo":null,"seo_analyzer_scan_date":"2025-08-28 15:23:38","breadcrumb_settings":null,"limit_modified_date":false,"open_ai":null,"ai":null,"created":"2021-03-27 12:35:43","updated":"2025-08-28 15:23:38"},"aioseo_breadcrumb":"<div class=\"aioseo-breadcrumbs\"><span class=\"aioseo-breadcrumb\">\n\t<a href=\"https:\/\/eldigitaldeasturias.com\/radio\" title=\"Inicio\">Inicio<\/a>\n<\/span><span class=\"aioseo-breadcrumb-separator\">&ndash;<\/span><span class=\"aioseo-breadcrumb\">\n\t<a href=\"https:\/\/eldigitaldeasturias.com\/radio\/category\/noticias\/\" title=\"Noticias\">Noticias<\/a>\n<\/span><span class=\"aioseo-breadcrumb-separator\">&ndash;<\/span><span class=\"aioseo-breadcrumb\">\n\tToto Wolff invierte en Aston Martin\n<\/span><\/div>","aioseo_breadcrumb_json":[{"label":"Inicio","link":"https:\/\/eldigitaldeasturias.com\/radio"},{"label":"Noticias","link":"https:\/\/eldigitaldeasturias.com\/radio\/category\/noticias\/"},{"label":"Toto Wolff invierte en Aston Martin","link":"https:\/\/eldigitaldeasturias.com\/radio\/toto-wolff-invierte-en-aston-martin\/"}],"_links":{"self":[{"href":"https:\/\/eldigitaldeasturias.com\/radio\/wp-json\/wp\/v2\/posts\/4135","targetHints":{"allow":["GET"]}}],"collection":[{"href":"https:\/\/eldigitaldeasturias.com\/radio\/wp-json\/wp\/v2\/posts"}],"about":[{"href":"https:\/\/eldigitaldeasturias.com\/radio\/wp-json\/wp\/v2\/types\/post"}],"author":[{"embeddable":true,"href":"https:\/\/eldigitaldeasturias.com\/radio\/wp-json\/wp\/v2\/users\/1"}],"replies":[{"embeddable":true,"href":"https:\/\/eldigitaldeasturias.com\/radio\/wp-json\/wp\/v2\/comments?post=4135"}],"version-history":[{"count":0,"href":"https:\/\/eldigitaldeasturias.com\/radio\/wp-json\/wp\/v2\/posts\/4135\/revisions"}],"wp:featuredmedia":[{"embeddable":true,"href":"https:\/\/eldigitaldeasturias.com\/radio\/wp-json\/wp\/v2\/media\/4136"}],"wp:attachment":[{"href":"https:\/\/eldigitaldeasturias.com\/radio\/wp-json\/wp\/v2\/media?parent=4135"}],"wp:term":[{"taxonomy":"category","embeddable":true,"href":"https:\/\/eldigitaldeasturias.com\/radio\/wp-json\/wp\/v2\/categories?post=4135"},{"taxonomy":"post_tag","embeddable":true,"href":"https:\/\/eldigitaldeasturias.com\/radio\/wp-json\/wp\/v2\/tags?post=4135"}],"curies":[{"name":"wp","href":"https:\/\/api.w.org\/{rel}","templated":true}]}}