{"id":4130,"date":"2020-04-18T23:51:35","date_gmt":"2020-04-18T23:51:35","guid":{"rendered":"http:\/\/www.eldigitaldeasturias.com\/radio\/?p=4130"},"modified":"2020-04-18T23:51:35","modified_gmt":"2020-04-18T23:51:35","slug":"sajonia-impone-mascarillas-en-transporte-y-comercios","status":"publish","type":"post","link":"https:\/\/eldigitaldeasturias.com\/radio\/sajonia-impone-mascarillas-en-transporte-y-comercios\/","title":{"rendered":"Sajonia impone mascarillas en transporte y comercios"},"content":{"rendered":"<p><img fetchpriority=\"high\" decoding=\"async\" class=\"alignleft size-medium wp-image-4110\" src=\"http:\/\/www.eldigitaldeasturias.com\/radio\/wp-content\/uploads\/2020\/04\/covid-19-4960246_640-360x194.jpg\" alt=\"\" width=\"360\" height=\"194\" srcset=\"https:\/\/eldigitaldeasturias.com\/radio\/wp-content\/uploads\/2020\/04\/covid-19-4960246_640-360x194.jpg 360w, https:\/\/eldigitaldeasturias.com\/radio\/wp-content\/uploads\/2020\/04\/covid-19-4960246_640.jpg 640w\" sizes=\"(max-width: 360px) 100vw, 360px\" \/>Dresde (Alemania), 17 abr (dpa) &#8211; El estado alem\u00e1n de Sajonia dispuso hoy el uso obligatorio de mascarillas para proteger nariz y boca en el transporte p\u00fablico y los comercios a partir del lunes.<\/p>\n<p>Se trata de la primera regi\u00f3n alemana que toma esta medida para evitar la propagaci\u00f3n del coronavirus. El primer ministro de Sajonia, Michael Kretschmer, dijo que bastar\u00eda con protegerse con una simple tela o una bufanda.<\/p>\n<p>Asimismo, las autoridades sajonas anunciaron que los servicios religiosos podr\u00e1n tener lugar de nuevo a partir del lunes. Sin embargo, estos ser\u00e1n solo posibles de forma limitada con un m\u00e1ximo de 15 feligreses.<\/p>\n<p>Sajonia est\u00e1 ubicada en el este del pa\u00eds y tiene por ciudades principales la capital, Dresde, y la cercana Leipzig. Esta semana, las autoridades alemanas recomendaron encarecidamente el uso de mascarillas en comercios y transporte.<\/p>\n","protected":false},"excerpt":{"rendered":"<p>Dresde (Alemania), 17 abr (dpa) &#8211; El estado alem\u00e1n de Sajonia dispuso hoy el uso obligatorio de mascarillas para proteger nariz y boca en el transporte p\u00fablico y los comercios a partir del lunes. Se trata de la primera regi\u00f3n alemana que toma esta medida para evitar la propagaci\u00f3n del coronavirus. El primer ministro de<\/p>\n","protected":false},"author":1,"featured_media":4110,"comment_status":"closed","ping_status":"closed","sticky":false,"template":"","format":"standard","meta":{"footnotes":""},"categories":[1],"tags":[],"class_list":{"0":"post-4130","1":"post","2":"type-post","3":"status-publish","4":"format-standard","5":"has-post-thumbnail","7":"category-noticias"},"aioseo_notices":[],"aioseo_head":"\n\t\t<!-- All in One SEO Pro 4.9.6.2 - aioseo.com -->\n\t<meta name=\"description\" content=\"Dresde (Alemania), 17 abr (dpa) - El estado alem\u00e1n de Sajonia dispuso hoy el uso obligatorio de mascarillas para proteger nariz y boca en el transporte p\u00fablico y los comercios a partir del lunes. Se trata de la primera regi\u00f3n alemana que toma esta medida para evitar la propagaci\u00f3n del coronavirus. El primer ministro de\" \/>\n\t<meta name=\"robots\" content=\"max-image-preview:large\" \/>\n\t<meta name=\"author\" content=\"NBAsturias\"\/>\n\t<meta name=\"google-site-verification\" content=\"UA-38556648-1\" \/>\n\t<meta name=\"keywords\" content=\"noticias\" \/>\n\t<link rel=\"canonical\" href=\"https:\/\/eldigitaldeasturias.com\/radio\/sajonia-impone-mascarillas-en-transporte-y-comercios\/\" \/>\n\t<meta name=\"generator\" content=\"All in One SEO Pro (AIOSEO) 4.9.6.2\" \/>\n\t\t<meta property=\"og:locale\" content=\"es_ES\" \/>\n\t\t<meta property=\"og:site_name\" content=\"El Digital de Asturias | Diario de informaci\u00f3n y noticias\" \/>\n\t\t<meta property=\"og:type\" content=\"article\" \/>\n\t\t<meta property=\"og:title\" content=\"Sajonia impone mascarillas en transporte y comercios | El Digital de Asturias\" \/>\n\t\t<meta property=\"og:description\" content=\"Dresde (Alemania), 17 abr (dpa) - El estado alem\u00e1n de Sajonia dispuso hoy el uso obligatorio de mascarillas para proteger nariz y boca en el transporte p\u00fablico y los comercios a partir del lunes. Se trata de la primera regi\u00f3n alemana que toma esta medida para evitar la propagaci\u00f3n del coronavirus. El primer ministro de\" \/>\n\t\t<meta property=\"og:url\" content=\"https:\/\/eldigitaldeasturias.com\/radio\/sajonia-impone-mascarillas-en-transporte-y-comercios\/\" \/>\n\t\t<meta property=\"og:image\" content=\"https:\/\/eldigitaldeasturias.com\/radio\/wp-content\/uploads\/2020\/04\/covid-19-4960246_640.jpg\" \/>\n\t\t<meta property=\"og:image:secure_url\" content=\"https:\/\/eldigitaldeasturias.com\/radio\/wp-content\/uploads\/2020\/04\/covid-19-4960246_640.jpg\" \/>\n\t\t<meta property=\"og:image:width\" content=\"640\" \/>\n\t\t<meta property=\"og:image:height\" content=\"344\" \/>\n\t\t<meta property=\"article:published_time\" content=\"2020-04-18T23:51:35+00:00\" \/>\n\t\t<meta property=\"article:modified_time\" content=\"2020-04-18T23:51:35+00:00\" \/>\n\t\t<meta name=\"twitter:card\" content=\"summary_large_image\" \/>\n\t\t<meta name=\"twitter:site\" content=\"@bercodi\" \/>\n\t\t<meta name=\"twitter:title\" content=\"Sajonia impone mascarillas en transporte y comercios | El Digital de Asturias\" \/>\n\t\t<meta name=\"twitter:description\" content=\"Dresde (Alemania), 17 abr (dpa) - El estado alem\u00e1n de Sajonia dispuso hoy el uso obligatorio de mascarillas para proteger nariz y boca en el transporte p\u00fablico y los comercios a partir del lunes. Se trata de la primera regi\u00f3n alemana que toma esta medida para evitar la propagaci\u00f3n del coronavirus. El primer ministro de\" \/>\n\t\t<meta name=\"twitter:creator\" content=\"@bercodi\" \/>\n\t\t<meta name=\"twitter:image\" content=\"https:\/\/eldigitaldeasturias.com\/radio\/wp-content\/uploads\/2020\/04\/covid-19-4960246_640.jpg\" \/>\n\t\t<script type=\"application\/ld+json\" class=\"aioseo-schema\">\n\t\t\t{\"@context\":\"https:\\\/\\\/schema.org\",\"@graph\":[{\"@type\":\"BreadcrumbList\",\"@id\":\"https:\\\/\\\/eldigitaldeasturias.com\\\/radio\\\/sajonia-impone-mascarillas-en-transporte-y-comercios\\\/#breadcrumblist\",\"itemListElement\":[{\"@type\":\"ListItem\",\"@id\":\"https:\\\/\\\/eldigitaldeasturias.com\\\/radio#listItem\",\"position\":1,\"name\":\"Inicio\",\"item\":\"https:\\\/\\\/eldigitaldeasturias.com\\\/radio\",\"nextItem\":{\"@type\":\"ListItem\",\"@id\":\"https:\\\/\\\/eldigitaldeasturias.com\\\/radio\\\/category\\\/noticias\\\/#listItem\",\"name\":\"Noticias\"}},{\"@type\":\"ListItem\",\"@id\":\"https:\\\/\\\/eldigitaldeasturias.com\\\/radio\\\/category\\\/noticias\\\/#listItem\",\"position\":2,\"name\":\"Noticias\",\"item\":\"https:\\\/\\\/eldigitaldeasturias.com\\\/radio\\\/category\\\/noticias\\\/\",\"nextItem\":{\"@type\":\"ListItem\",\"@id\":\"https:\\\/\\\/eldigitaldeasturias.com\\\/radio\\\/sajonia-impone-mascarillas-en-transporte-y-comercios\\\/#listItem\",\"name\":\"Sajonia impone mascarillas en transporte y comercios\"},\"previousItem\":{\"@type\":\"ListItem\",\"@id\":\"https:\\\/\\\/eldigitaldeasturias.com\\\/radio#listItem\",\"name\":\"Inicio\"}},{\"@type\":\"ListItem\",\"@id\":\"https:\\\/\\\/eldigitaldeasturias.com\\\/radio\\\/sajonia-impone-mascarillas-en-transporte-y-comercios\\\/#listItem\",\"position\":3,\"name\":\"Sajonia impone mascarillas en transporte y comercios\",\"previousItem\":{\"@type\":\"ListItem\",\"@id\":\"https:\\\/\\\/eldigitaldeasturias.com\\\/radio\\\/category\\\/noticias\\\/#listItem\",\"name\":\"Noticias\"}}]},{\"@type\":\"NewsArticle\",\"@id\":\"https:\\\/\\\/eldigitaldeasturias.com\\\/radio\\\/sajonia-impone-mascarillas-en-transporte-y-comercios\\\/#newsarticle\",\"name\":\"Sajonia impone mascarillas en transporte y comercios | El Digital de Asturias\",\"headline\":\"Sajonia impone mascarillas en transporte y comercios\",\"author\":{\"@id\":\"https:\\\/\\\/eldigitaldeasturias.com\\\/radio\\\/author\\\/nbasturias\\\/#author\"},\"publisher\":{\"@id\":\"https:\\\/\\\/eldigitaldeasturias.com\\\/radio\\\/#organization\"},\"image\":{\"@type\":\"ImageObject\",\"url\":\"https:\\\/\\\/eldigitaldeasturias.com\\\/radio\\\/wp-content\\\/uploads\\\/2020\\\/04\\\/covid-19-4960246_640.jpg\",\"width\":640,\"height\":344},\"datePublished\":\"2020-04-18T23:51:35+02:00\",\"dateModified\":\"2020-04-18T23:51:35+02:00\",\"inLanguage\":\"es-ES\",\"mainEntityOfPage\":{\"@id\":\"https:\\\/\\\/eldigitaldeasturias.com\\\/radio\\\/sajonia-impone-mascarillas-en-transporte-y-comercios\\\/#webpage\"},\"isPartOf\":{\"@id\":\"https:\\\/\\\/eldigitaldeasturias.com\\\/radio\\\/sajonia-impone-mascarillas-en-transporte-y-comercios\\\/#webpage\"},\"articleSection\":\"Noticias\",\"dateline\":\"Publicado el abril 18, 2020.\"},{\"@type\":\"Organization\",\"@id\":\"https:\\\/\\\/eldigitaldeasturias.com\\\/radio\\\/#organization\",\"name\":\"El digital de Asturias Radio\",\"description\":\"Diario de informaci\\u00f3n y noticias\",\"url\":\"https:\\\/\\\/eldigitaldeasturias.com\\\/radio\\\/\",\"telephone\":\"+34652131393\",\"logo\":{\"@type\":\"ImageObject\",\"url\":\"https:\\\/\\\/www.eldigitaldeasturias.com\\\/radio\\\/wp-content\\\/uploads\\\/2021\\\/03\\\/EDA.jpg\",\"@id\":\"https:\\\/\\\/eldigitaldeasturias.com\\\/radio\\\/sajonia-impone-mascarillas-en-transporte-y-comercios\\\/#organizationLogo\"},\"image\":{\"@id\":\"https:\\\/\\\/eldigitaldeasturias.com\\\/radio\\\/sajonia-impone-mascarillas-en-transporte-y-comercios\\\/#organizationLogo\"},\"sameAs\":[\"https:\\\/\\\/www.facebook.com\\\/\",\"https:\\\/\\\/x.com\\\/bercodi\",\"https:\\\/\\\/www.instagram.com\\\/\",\"https:\\\/\\\/www.youtube.com\\\/channel\\\/UCZP-2wLEB9Rv6erhFmqVnvg\"]},{\"@type\":\"Person\",\"@id\":\"https:\\\/\\\/eldigitaldeasturias.com\\\/radio\\\/author\\\/nbasturias\\\/#author\",\"url\":\"https:\\\/\\\/eldigitaldeasturias.com\\\/radio\\\/author\\\/nbasturias\\\/\",\"name\":\"NBAsturias\",\"image\":{\"@type\":\"ImageObject\",\"@id\":\"https:\\\/\\\/eldigitaldeasturias.com\\\/radio\\\/sajonia-impone-mascarillas-en-transporte-y-comercios\\\/#authorImage\",\"url\":\"https:\\\/\\\/secure.gravatar.com\\\/avatar\\\/df2aeffc32bcd13f8d26072ef8a91b623d677766deac7f97ca815868cd41bf5e?s=96&d=mm&r=g\",\"width\":96,\"height\":96,\"caption\":\"NBAsturias\"}},{\"@type\":\"WebPage\",\"@id\":\"https:\\\/\\\/eldigitaldeasturias.com\\\/radio\\\/sajonia-impone-mascarillas-en-transporte-y-comercios\\\/#webpage\",\"url\":\"https:\\\/\\\/eldigitaldeasturias.com\\\/radio\\\/sajonia-impone-mascarillas-en-transporte-y-comercios\\\/\",\"name\":\"Sajonia impone mascarillas en transporte y comercios | El Digital de Asturias\",\"description\":\"Dresde (Alemania), 17 abr (dpa) - El estado alem\\u00e1n de Sajonia dispuso hoy el uso obligatorio de mascarillas para proteger nariz y boca en el transporte p\\u00fablico y los comercios a partir del lunes. Se trata de la primera regi\\u00f3n alemana que toma esta medida para evitar la propagaci\\u00f3n del coronavirus. El primer ministro de\",\"inLanguage\":\"es-ES\",\"isPartOf\":{\"@id\":\"https:\\\/\\\/eldigitaldeasturias.com\\\/radio\\\/#website\"},\"breadcrumb\":{\"@id\":\"https:\\\/\\\/eldigitaldeasturias.com\\\/radio\\\/sajonia-impone-mascarillas-en-transporte-y-comercios\\\/#breadcrumblist\"},\"author\":{\"@id\":\"https:\\\/\\\/eldigitaldeasturias.com\\\/radio\\\/author\\\/nbasturias\\\/#author\"},\"creator\":{\"@id\":\"https:\\\/\\\/eldigitaldeasturias.com\\\/radio\\\/author\\\/nbasturias\\\/#author\"},\"image\":{\"@type\":\"ImageObject\",\"url\":\"https:\\\/\\\/eldigitaldeasturias.com\\\/radio\\\/wp-content\\\/uploads\\\/2020\\\/04\\\/covid-19-4960246_640.jpg\",\"@id\":\"https:\\\/\\\/eldigitaldeasturias.com\\\/radio\\\/sajonia-impone-mascarillas-en-transporte-y-comercios\\\/#mainImage\",\"width\":640,\"height\":344},\"primaryImageOfPage\":{\"@id\":\"https:\\\/\\\/eldigitaldeasturias.com\\\/radio\\\/sajonia-impone-mascarillas-en-transporte-y-comercios\\\/#mainImage\"},\"datePublished\":\"2020-04-18T23:51:35+02:00\",\"dateModified\":\"2020-04-18T23:51:35+02:00\"},{\"@type\":\"WebSite\",\"@id\":\"https:\\\/\\\/eldigitaldeasturias.com\\\/radio\\\/#website\",\"url\":\"https:\\\/\\\/eldigitaldeasturias.com\\\/radio\\\/\",\"name\":\"El Digital de Asturias\",\"description\":\"Diario de informaci\\u00f3n y noticias\",\"inLanguage\":\"es-ES\",\"publisher\":{\"@id\":\"https:\\\/\\\/eldigitaldeasturias.com\\\/radio\\\/#organization\"}}]}\n\t\t<\/script>\n\t\t<!-- All in One SEO Pro -->\r\n\t\t<title>Sajonia impone mascarillas en transporte y comercios | El Digital de Asturias<\/title>\n\n","aioseo_head_json":{"title":"Sajonia impone mascarillas en transporte y comercios | El Digital de Asturias","description":"Dresde (Alemania), 17 abr (dpa) - El estado alem\u00e1n de Sajonia dispuso hoy el uso obligatorio de mascarillas para proteger nariz y boca en el transporte p\u00fablico y los comercios a partir del lunes. Se trata de la primera regi\u00f3n alemana que toma esta medida para evitar la propagaci\u00f3n del coronavirus. El primer ministro de","canonical_url":"https:\/\/eldigitaldeasturias.com\/radio\/sajonia-impone-mascarillas-en-transporte-y-comercios\/","robots":"max-image-preview:large","keywords":"noticias","webmasterTools":{"google-site-verification":"UA-38556648-1","miscellaneous":""},"schema":{"@context":"https:\/\/schema.org","@graph":[{"@type":"BreadcrumbList","@id":"https:\/\/eldigitaldeasturias.com\/radio\/sajonia-impone-mascarillas-en-transporte-y-comercios\/#breadcrumblist","itemListElement":[{"@type":"ListItem","@id":"https:\/\/eldigitaldeasturias.com\/radio#listItem","position":1,"name":"Inicio","item":"https:\/\/eldigitaldeasturias.com\/radio","nextItem":{"@type":"ListItem","@id":"https:\/\/eldigitaldeasturias.com\/radio\/category\/noticias\/#listItem","name":"Noticias"}},{"@type":"ListItem","@id":"https:\/\/eldigitaldeasturias.com\/radio\/category\/noticias\/#listItem","position":2,"name":"Noticias","item":"https:\/\/eldigitaldeasturias.com\/radio\/category\/noticias\/","nextItem":{"@type":"ListItem","@id":"https:\/\/eldigitaldeasturias.com\/radio\/sajonia-impone-mascarillas-en-transporte-y-comercios\/#listItem","name":"Sajonia impone mascarillas en transporte y comercios"},"previousItem":{"@type":"ListItem","@id":"https:\/\/eldigitaldeasturias.com\/radio#listItem","name":"Inicio"}},{"@type":"ListItem","@id":"https:\/\/eldigitaldeasturias.com\/radio\/sajonia-impone-mascarillas-en-transporte-y-comercios\/#listItem","position":3,"name":"Sajonia impone mascarillas en transporte y comercios","previousItem":{"@type":"ListItem","@id":"https:\/\/eldigitaldeasturias.com\/radio\/category\/noticias\/#listItem","name":"Noticias"}}]},{"@type":"NewsArticle","@id":"https:\/\/eldigitaldeasturias.com\/radio\/sajonia-impone-mascarillas-en-transporte-y-comercios\/#newsarticle","name":"Sajonia impone mascarillas en transporte y comercios | El Digital de Asturias","headline":"Sajonia impone mascarillas en transporte y comercios","author":{"@id":"https:\/\/eldigitaldeasturias.com\/radio\/author\/nbasturias\/#author"},"publisher":{"@id":"https:\/\/eldigitaldeasturias.com\/radio\/#organization"},"image":{"@type":"ImageObject","url":"https:\/\/eldigitaldeasturias.com\/radio\/wp-content\/uploads\/2020\/04\/covid-19-4960246_640.jpg","width":640,"height":344},"datePublished":"2020-04-18T23:51:35+02:00","dateModified":"2020-04-18T23:51:35+02:00","inLanguage":"es-ES","mainEntityOfPage":{"@id":"https:\/\/eldigitaldeasturias.com\/radio\/sajonia-impone-mascarillas-en-transporte-y-comercios\/#webpage"},"isPartOf":{"@id":"https:\/\/eldigitaldeasturias.com\/radio\/sajonia-impone-mascarillas-en-transporte-y-comercios\/#webpage"},"articleSection":"Noticias","dateline":"Publicado el abril 18, 2020."},{"@type":"Organization","@id":"https:\/\/eldigitaldeasturias.com\/radio\/#organization","name":"El digital de Asturias Radio","description":"Diario de informaci\u00f3n y noticias","url":"https:\/\/eldigitaldeasturias.com\/radio\/","telephone":"+34652131393","logo":{"@type":"ImageObject","url":"https:\/\/www.eldigitaldeasturias.com\/radio\/wp-content\/uploads\/2021\/03\/EDA.jpg","@id":"https:\/\/eldigitaldeasturias.com\/radio\/sajonia-impone-mascarillas-en-transporte-y-comercios\/#organizationLogo"},"image":{"@id":"https:\/\/eldigitaldeasturias.com\/radio\/sajonia-impone-mascarillas-en-transporte-y-comercios\/#organizationLogo"},"sameAs":["https:\/\/www.facebook.com\/","https:\/\/x.com\/bercodi","https:\/\/www.instagram.com\/","https:\/\/www.youtube.com\/channel\/UCZP-2wLEB9Rv6erhFmqVnvg"]},{"@type":"Person","@id":"https:\/\/eldigitaldeasturias.com\/radio\/author\/nbasturias\/#author","url":"https:\/\/eldigitaldeasturias.com\/radio\/author\/nbasturias\/","name":"NBAsturias","image":{"@type":"ImageObject","@id":"https:\/\/eldigitaldeasturias.com\/radio\/sajonia-impone-mascarillas-en-transporte-y-comercios\/#authorImage","url":"https:\/\/secure.gravatar.com\/avatar\/df2aeffc32bcd13f8d26072ef8a91b623d677766deac7f97ca815868cd41bf5e?s=96&d=mm&r=g","width":96,"height":96,"caption":"NBAsturias"}},{"@type":"WebPage","@id":"https:\/\/eldigitaldeasturias.com\/radio\/sajonia-impone-mascarillas-en-transporte-y-comercios\/#webpage","url":"https:\/\/eldigitaldeasturias.com\/radio\/sajonia-impone-mascarillas-en-transporte-y-comercios\/","name":"Sajonia impone mascarillas en transporte y comercios | El Digital de Asturias","description":"Dresde (Alemania), 17 abr (dpa) - El estado alem\u00e1n de Sajonia dispuso hoy el uso obligatorio de mascarillas para proteger nariz y boca en el transporte p\u00fablico y los comercios a partir del lunes. Se trata de la primera regi\u00f3n alemana que toma esta medida para evitar la propagaci\u00f3n del coronavirus. El primer ministro de","inLanguage":"es-ES","isPartOf":{"@id":"https:\/\/eldigitaldeasturias.com\/radio\/#website"},"breadcrumb":{"@id":"https:\/\/eldigitaldeasturias.com\/radio\/sajonia-impone-mascarillas-en-transporte-y-comercios\/#breadcrumblist"},"author":{"@id":"https:\/\/eldigitaldeasturias.com\/radio\/author\/nbasturias\/#author"},"creator":{"@id":"https:\/\/eldigitaldeasturias.com\/radio\/author\/nbasturias\/#author"},"image":{"@type":"ImageObject","url":"https:\/\/eldigitaldeasturias.com\/radio\/wp-content\/uploads\/2020\/04\/covid-19-4960246_640.jpg","@id":"https:\/\/eldigitaldeasturias.com\/radio\/sajonia-impone-mascarillas-en-transporte-y-comercios\/#mainImage","width":640,"height":344},"primaryImageOfPage":{"@id":"https:\/\/eldigitaldeasturias.com\/radio\/sajonia-impone-mascarillas-en-transporte-y-comercios\/#mainImage"},"datePublished":"2020-04-18T23:51:35+02:00","dateModified":"2020-04-18T23:51:35+02:00"},{"@type":"WebSite","@id":"https:\/\/eldigitaldeasturias.com\/radio\/#website","url":"https:\/\/eldigitaldeasturias.com\/radio\/","name":"El Digital de Asturias","description":"Diario de informaci\u00f3n y noticias","inLanguage":"es-ES","publisher":{"@id":"https:\/\/eldigitaldeasturias.com\/radio\/#organization"}}]},"og:locale":"es_ES","og:site_name":"El Digital de Asturias | Diario de informaci\u00f3n y noticias","og:type":"article","og:title":"Sajonia impone mascarillas en transporte y comercios | El Digital de Asturias","og:description":"Dresde (Alemania), 17 abr (dpa) - El estado alem\u00e1n de Sajonia dispuso hoy el uso obligatorio de mascarillas para proteger nariz y boca en el transporte p\u00fablico y los comercios a partir del lunes. Se trata de la primera regi\u00f3n alemana que toma esta medida para evitar la propagaci\u00f3n del coronavirus. El primer ministro de","og:url":"https:\/\/eldigitaldeasturias.com\/radio\/sajonia-impone-mascarillas-en-transporte-y-comercios\/","og:image":"https:\/\/eldigitaldeasturias.com\/radio\/wp-content\/uploads\/2020\/04\/covid-19-4960246_640.jpg","og:image:secure_url":"https:\/\/eldigitaldeasturias.com\/radio\/wp-content\/uploads\/2020\/04\/covid-19-4960246_640.jpg","og:image:width":640,"og:image:height":344,"article:published_time":"2020-04-18T23:51:35+00:00","article:modified_time":"2020-04-18T23:51:35+00:00","twitter:card":"summary_large_image","twitter:site":"@bercodi","twitter:title":"Sajonia impone mascarillas en transporte y comercios | El Digital de Asturias","twitter:description":"Dresde (Alemania), 17 abr (dpa) - El estado alem\u00e1n de Sajonia dispuso hoy el uso obligatorio de mascarillas para proteger nariz y boca en el transporte p\u00fablico y los comercios a partir del lunes. Se trata de la primera regi\u00f3n alemana que toma esta medida para evitar la propagaci\u00f3n del coronavirus. El primer ministro de","twitter:creator":"@bercodi","twitter:image":"https:\/\/eldigitaldeasturias.com\/radio\/wp-content\/uploads\/2020\/04\/covid-19-4960246_640.jpg"},"aioseo_meta_data":{"post_id":"4130","title":null,"description":null,"keywords":null,"keyphrases":null,"primary_term":null,"canonical_url":null,"og_title":null,"og_description":null,"og_object_type":"default","og_image_type":"default","og_image_url":null,"og_image_width":null,"og_image_height":null,"og_image_custom_url":null,"og_image_custom_fields":null,"og_video":null,"og_custom_url":null,"og_article_section":null,"og_article_tags":null,"twitter_use_og":false,"twitter_card":"default","twitter_image_type":"default","twitter_image_url":null,"twitter_image_custom_url":null,"twitter_image_custom_fields":null,"twitter_title":null,"twitter_description":null,"schema":{"blockGraphs":[],"customGraphs":[],"default":{"data":{"Article":[],"Course":[],"Dataset":[],"FAQPage":[],"Movie":[],"Person":[],"Product":[],"ProductReview":[],"Car":[],"Recipe":[],"Service":[],"SoftwareApplication":[],"WebPage":[]},"graphName":"","isEnabled":true},"graphs":[],"defaultGraph":"","defaultPostTypeGraph":""},"schema_type":null,"schema_type_options":null,"pillar_content":false,"robots_default":true,"robots_noindex":false,"robots_noarchive":false,"robots_nosnippet":false,"robots_nofollow":false,"robots_noimageindex":false,"robots_noodp":false,"robots_notranslate":false,"robots_max_snippet":null,"robots_max_videopreview":null,"robots_max_imagepreview":"large","priority":null,"frequency":null,"location":null,"local_seo":null,"seo_analyzer_scan_date":"2025-08-28 15:23:36","breadcrumb_settings":null,"limit_modified_date":false,"open_ai":null,"ai":null,"created":"2021-03-27 12:35:43","updated":"2025-08-28 15:23:36"},"aioseo_breadcrumb":"<div class=\"aioseo-breadcrumbs\"><span class=\"aioseo-breadcrumb\">\n\t<a href=\"https:\/\/eldigitaldeasturias.com\/radio\" title=\"Inicio\">Inicio<\/a>\n<\/span><span class=\"aioseo-breadcrumb-separator\">&ndash;<\/span><span class=\"aioseo-breadcrumb\">\n\t<a href=\"https:\/\/eldigitaldeasturias.com\/radio\/category\/noticias\/\" title=\"Noticias\">Noticias<\/a>\n<\/span><span class=\"aioseo-breadcrumb-separator\">&ndash;<\/span><span class=\"aioseo-breadcrumb\">\n\tSajonia impone mascarillas en transporte y comercios\n<\/span><\/div>","aioseo_breadcrumb_json":[{"label":"Inicio","link":"https:\/\/eldigitaldeasturias.com\/radio"},{"label":"Noticias","link":"https:\/\/eldigitaldeasturias.com\/radio\/category\/noticias\/"},{"label":"Sajonia impone mascarillas en transporte y comercios","link":"https:\/\/eldigitaldeasturias.com\/radio\/sajonia-impone-mascarillas-en-transporte-y-comercios\/"}],"_links":{"self":[{"href":"https:\/\/eldigitaldeasturias.com\/radio\/wp-json\/wp\/v2\/posts\/4130","targetHints":{"allow":["GET"]}}],"collection":[{"href":"https:\/\/eldigitaldeasturias.com\/radio\/wp-json\/wp\/v2\/posts"}],"about":[{"href":"https:\/\/eldigitaldeasturias.com\/radio\/wp-json\/wp\/v2\/types\/post"}],"author":[{"embeddable":true,"href":"https:\/\/eldigitaldeasturias.com\/radio\/wp-json\/wp\/v2\/users\/1"}],"replies":[{"embeddable":true,"href":"https:\/\/eldigitaldeasturias.com\/radio\/wp-json\/wp\/v2\/comments?post=4130"}],"version-history":[{"count":0,"href":"https:\/\/eldigitaldeasturias.com\/radio\/wp-json\/wp\/v2\/posts\/4130\/revisions"}],"wp:featuredmedia":[{"embeddable":true,"href":"https:\/\/eldigitaldeasturias.com\/radio\/wp-json\/wp\/v2\/media\/4110"}],"wp:attachment":[{"href":"https:\/\/eldigitaldeasturias.com\/radio\/wp-json\/wp\/v2\/media?parent=4130"}],"wp:term":[{"taxonomy":"category","embeddable":true,"href":"https:\/\/eldigitaldeasturias.com\/radio\/wp-json\/wp\/v2\/categories?post=4130"},{"taxonomy":"post_tag","embeddable":true,"href":"https:\/\/eldigitaldeasturias.com\/radio\/wp-json\/wp\/v2\/tags?post=4130"}],"curies":[{"name":"wp","href":"https:\/\/api.w.org\/{rel}","templated":true}]}}