{"id":4127,"date":"2020-04-18T23:50:03","date_gmt":"2020-04-18T23:50:03","guid":{"rendered":"http:\/\/www.eldigitaldeasturias.com\/radio\/?p=4127"},"modified":"2020-04-18T23:50:03","modified_gmt":"2020-04-18T23:50:03","slug":"mas-de-240-000-vuelven-a-alemania-en-operativo-retorno-por-covid-19","status":"publish","type":"post","link":"https:\/\/eldigitaldeasturias.com\/radio\/mas-de-240-000-vuelven-a-alemania-en-operativo-retorno-por-covid-19\/","title":{"rendered":"M\u00e1s de 240.000 vuelven a Alemania en operativo retorno por Covid-19"},"content":{"rendered":"<figure id=\"attachment_4128\" aria-describedby=\"caption-attachment-4128\" style=\"width: 360px\" class=\"wp-caption alignleft\"><img fetchpriority=\"high\" decoding=\"async\" class=\"size-medium wp-image-4128\" src=\"http:\/\/www.eldigitaldeasturias.com\/radio\/wp-content\/uploads\/2020\/04\/Alemania-Covid-360x240.jpg\" alt=\"\" width=\"360\" height=\"240\" srcset=\"https:\/\/eldigitaldeasturias.com\/radio\/wp-content\/uploads\/2020\/04\/Alemania-Covid-360x240.jpg 360w, https:\/\/eldigitaldeasturias.com\/radio\/wp-content\/uploads\/2020\/04\/Alemania-Covid-768x511.jpg 768w, https:\/\/eldigitaldeasturias.com\/radio\/wp-content\/uploads\/2020\/04\/Alemania-Covid.jpg 996w\" sizes=\"(max-width: 360px) 100vw, 360px\" \/><figcaption id=\"caption-attachment-4128\" class=\"wp-caption-text\">El ministro alem\u00e1n de Relaciones Exteriores, Heiko Maas (izq.), visita el centro de respuesta a emergencia en el ministerio. Foto: Thomas K\u00f6hler\/Photothek.de\/Ausw\u00e4rtiges Amt\/dpa<\/figcaption><\/figure>\n<p>Berl\u00edn, 17 abr (dpa) &#8211; Unos 240.000 alemanes varados en el extranjero desde el inicio de la pandemia del coronavirus regresaron a su pa\u00eds con el operativo retorno, inform\u00f3 hoy el ministro germano de Relaciones Exteriores, Heiko Maas.<\/p>\n<p>El ministro destac\u00f3 que en el mayor operativo de repatriaci\u00f3n de la historia de Alemania, que comenz\u00f3 hace un mes, \u00abse ha logrado algo grandioso\u00bb.<\/p>\n<p>El Ministerio de Asuntos Exteriores fletar\u00e1 hasta la pr\u00f3xima semana aviones especiales para traer de vuelta a m\u00e1s alemanes, especialmente de Sud\u00e1frica y Sudam\u00e9rica, pero tambi\u00e9n de las islas del Pac\u00edfico.<\/p>\n<p>Despu\u00e9s de esa fecha, las embajadas, junto con sus socios europeos, se ocupar\u00e1n de los casos individuales restantes.<\/p>\n<p>Maas admiti\u00f3 que en algunos casos se podr\u00eda complicar. \u00abNo tendremos una soluci\u00f3n lista para cada caso, pero nos ocuparemos de todos los casos\u00bb, explic\u00f3.<\/p>\n<p>Los \u00faltimos vuelos de Argentina, Per\u00fa y desde las islas del Pac\u00edfico Sur estaban programados para hoy y ma\u00f1ana.<\/p>\n<p>Incluso se repatriar\u00e1n ciudadanos alemanes desde las islas de Vanuatu, Tonga y Cook. Adem\u00e1s, antes de poner fin a este gran operativo de retorno, se prev\u00e9n siete vuelos m\u00e1s desde Sud\u00e1frica.<\/p>\n<p>\u00abDir\u00eda que el operativo de repatriaci\u00f3n est\u00e1 entrando ahora en una fase diferente, en la que nos ocuparemos muy espec\u00edficamente de casos individuales\u00bb, declar\u00f3 Maas.<\/p>\n<p>El ministro inici\u00f3 el \u00abpuente a\u00e9reo\u00bb a mediados de marzo para turistas alemanes que se encuentran en pa\u00edses en los que ya no hay vuelos regulares.<\/p>\n<p>El Ministerio de Asuntos Exteriores no puede especificar exactamente cu\u00e1ntos alemanes a\u00fan siguen atrapados en el extranjero y agrega que en algunos pa\u00edses los ciudadanos se reportaron despu\u00e9s del \u00faltimo vuelo programado.<\/p>\n","protected":false},"excerpt":{"rendered":"<p>Berl\u00edn, 17 abr (dpa) &#8211; Unos 240.000 alemanes varados en el extranjero desde el inicio de la pandemia del coronavirus regresaron a su pa\u00eds con el operativo retorno, inform\u00f3 hoy el ministro germano de Relaciones Exteriores, Heiko Maas. El ministro destac\u00f3 que en el mayor operativo de repatriaci\u00f3n de la historia de Alemania, que comenz\u00f3<\/p>\n","protected":false},"author":1,"featured_media":4128,"comment_status":"closed","ping_status":"closed","sticky":false,"template":"","format":"standard","meta":{"footnotes":""},"categories":[1],"tags":[],"class_list":{"0":"post-4127","1":"post","2":"type-post","3":"status-publish","4":"format-standard","5":"has-post-thumbnail","7":"category-noticias"},"aioseo_notices":[],"aioseo_head":"\n\t\t<!-- All in One SEO Pro 4.9.6.2 - aioseo.com -->\n\t<meta name=\"description\" content=\"Berl\u00edn, 17 abr (dpa) - Unos 240.000 alemanes varados en el extranjero desde el inicio de la pandemia del coronavirus regresaron a su pa\u00eds con el operativo retorno, inform\u00f3 hoy el ministro germano de Relaciones Exteriores, Heiko Maas. El ministro destac\u00f3 que en el mayor operativo de repatriaci\u00f3n de la historia de Alemania, que comenz\u00f3\" \/>\n\t<meta name=\"robots\" content=\"max-image-preview:large\" \/>\n\t<meta name=\"author\" content=\"NBAsturias\"\/>\n\t<meta name=\"google-site-verification\" content=\"UA-38556648-1\" \/>\n\t<meta name=\"keywords\" content=\"noticias\" \/>\n\t<link rel=\"canonical\" href=\"https:\/\/eldigitaldeasturias.com\/radio\/mas-de-240-000-vuelven-a-alemania-en-operativo-retorno-por-covid-19\/\" \/>\n\t<meta name=\"generator\" content=\"All in One SEO Pro (AIOSEO) 4.9.6.2\" \/>\n\t\t<meta property=\"og:locale\" content=\"es_ES\" \/>\n\t\t<meta property=\"og:site_name\" content=\"El Digital de Asturias | Diario de informaci\u00f3n y noticias\" \/>\n\t\t<meta property=\"og:type\" content=\"article\" \/>\n\t\t<meta property=\"og:title\" content=\"M\u00e1s de 240.000 vuelven a Alemania en operativo retorno por Covid-19 | El Digital de Asturias\" \/>\n\t\t<meta property=\"og:description\" content=\"Berl\u00edn, 17 abr (dpa) - Unos 240.000 alemanes varados en el extranjero desde el inicio de la pandemia del coronavirus regresaron a su pa\u00eds con el operativo retorno, inform\u00f3 hoy el ministro germano de Relaciones Exteriores, Heiko Maas. El ministro destac\u00f3 que en el mayor operativo de repatriaci\u00f3n de la historia de Alemania, que comenz\u00f3\" \/>\n\t\t<meta property=\"og:url\" content=\"https:\/\/eldigitaldeasturias.com\/radio\/mas-de-240-000-vuelven-a-alemania-en-operativo-retorno-por-covid-19\/\" \/>\n\t\t<meta property=\"og:image\" content=\"https:\/\/eldigitaldeasturias.com\/radio\/wp-content\/uploads\/2020\/04\/Alemania-Covid.jpg\" \/>\n\t\t<meta property=\"og:image:secure_url\" content=\"https:\/\/eldigitaldeasturias.com\/radio\/wp-content\/uploads\/2020\/04\/Alemania-Covid.jpg\" \/>\n\t\t<meta property=\"og:image:width\" content=\"996\" \/>\n\t\t<meta property=\"og:image:height\" content=\"663\" \/>\n\t\t<meta property=\"article:published_time\" content=\"2020-04-18T23:50:03+00:00\" \/>\n\t\t<meta property=\"article:modified_time\" content=\"2020-04-18T23:50:03+00:00\" \/>\n\t\t<meta name=\"twitter:card\" content=\"summary_large_image\" \/>\n\t\t<meta name=\"twitter:site\" content=\"@bercodi\" \/>\n\t\t<meta name=\"twitter:title\" content=\"M\u00e1s de 240.000 vuelven a Alemania en operativo retorno por Covid-19 | El Digital de Asturias\" \/>\n\t\t<meta name=\"twitter:description\" content=\"Berl\u00edn, 17 abr (dpa) - Unos 240.000 alemanes varados en el extranjero desde el inicio de la pandemia del coronavirus regresaron a su pa\u00eds con el operativo retorno, inform\u00f3 hoy el ministro germano de Relaciones Exteriores, Heiko Maas. El ministro destac\u00f3 que en el mayor operativo de repatriaci\u00f3n de la historia de Alemania, que comenz\u00f3\" \/>\n\t\t<meta name=\"twitter:creator\" content=\"@bercodi\" \/>\n\t\t<meta name=\"twitter:image\" content=\"https:\/\/eldigitaldeasturias.com\/radio\/wp-content\/uploads\/2020\/04\/Alemania-Covid.jpg\" \/>\n\t\t<script type=\"application\/ld+json\" class=\"aioseo-schema\">\n\t\t\t{\"@context\":\"https:\\\/\\\/schema.org\",\"@graph\":[{\"@type\":\"BreadcrumbList\",\"@id\":\"https:\\\/\\\/eldigitaldeasturias.com\\\/radio\\\/mas-de-240-000-vuelven-a-alemania-en-operativo-retorno-por-covid-19\\\/#breadcrumblist\",\"itemListElement\":[{\"@type\":\"ListItem\",\"@id\":\"https:\\\/\\\/eldigitaldeasturias.com\\\/radio#listItem\",\"position\":1,\"name\":\"Inicio\",\"item\":\"https:\\\/\\\/eldigitaldeasturias.com\\\/radio\",\"nextItem\":{\"@type\":\"ListItem\",\"@id\":\"https:\\\/\\\/eldigitaldeasturias.com\\\/radio\\\/category\\\/noticias\\\/#listItem\",\"name\":\"Noticias\"}},{\"@type\":\"ListItem\",\"@id\":\"https:\\\/\\\/eldigitaldeasturias.com\\\/radio\\\/category\\\/noticias\\\/#listItem\",\"position\":2,\"name\":\"Noticias\",\"item\":\"https:\\\/\\\/eldigitaldeasturias.com\\\/radio\\\/category\\\/noticias\\\/\",\"nextItem\":{\"@type\":\"ListItem\",\"@id\":\"https:\\\/\\\/eldigitaldeasturias.com\\\/radio\\\/mas-de-240-000-vuelven-a-alemania-en-operativo-retorno-por-covid-19\\\/#listItem\",\"name\":\"M\\u00e1s de 240.000 vuelven a Alemania en operativo retorno por Covid-19\"},\"previousItem\":{\"@type\":\"ListItem\",\"@id\":\"https:\\\/\\\/eldigitaldeasturias.com\\\/radio#listItem\",\"name\":\"Inicio\"}},{\"@type\":\"ListItem\",\"@id\":\"https:\\\/\\\/eldigitaldeasturias.com\\\/radio\\\/mas-de-240-000-vuelven-a-alemania-en-operativo-retorno-por-covid-19\\\/#listItem\",\"position\":3,\"name\":\"M\\u00e1s de 240.000 vuelven a Alemania en operativo retorno por Covid-19\",\"previousItem\":{\"@type\":\"ListItem\",\"@id\":\"https:\\\/\\\/eldigitaldeasturias.com\\\/radio\\\/category\\\/noticias\\\/#listItem\",\"name\":\"Noticias\"}}]},{\"@type\":\"NewsArticle\",\"@id\":\"https:\\\/\\\/eldigitaldeasturias.com\\\/radio\\\/mas-de-240-000-vuelven-a-alemania-en-operativo-retorno-por-covid-19\\\/#newsarticle\",\"name\":\"M\\u00e1s de 240.000 vuelven a Alemania en operativo retorno por Covid-19 | El Digital de Asturias\",\"headline\":\"M\\u00e1s de 240.000 vuelven a Alemania en operativo retorno por Covid-19\",\"author\":{\"@id\":\"https:\\\/\\\/eldigitaldeasturias.com\\\/radio\\\/author\\\/nbasturias\\\/#author\"},\"publisher\":{\"@id\":\"https:\\\/\\\/eldigitaldeasturias.com\\\/radio\\\/#organization\"},\"image\":{\"@type\":\"ImageObject\",\"url\":\"https:\\\/\\\/eldigitaldeasturias.com\\\/radio\\\/wp-content\\\/uploads\\\/2020\\\/04\\\/Alemania-Covid.jpg\",\"width\":996,\"height\":663,\"caption\":\"El ministro alem\\u00e1n de Relaciones Exteriores, Heiko Maas (izq.), visita el centro de respuesta a emergencia en el ministerio. Foto: Thomas K\\u00f6hler\\\/Photothek.de\\\/Ausw\\u00e4rtiges Amt\\\/dpa\"},\"datePublished\":\"2020-04-18T23:50:03+02:00\",\"dateModified\":\"2020-04-18T23:50:03+02:00\",\"inLanguage\":\"es-ES\",\"mainEntityOfPage\":{\"@id\":\"https:\\\/\\\/eldigitaldeasturias.com\\\/radio\\\/mas-de-240-000-vuelven-a-alemania-en-operativo-retorno-por-covid-19\\\/#webpage\"},\"isPartOf\":{\"@id\":\"https:\\\/\\\/eldigitaldeasturias.com\\\/radio\\\/mas-de-240-000-vuelven-a-alemania-en-operativo-retorno-por-covid-19\\\/#webpage\"},\"articleSection\":\"Noticias\",\"dateline\":\"Publicado el abril 18, 2020.\"},{\"@type\":\"Organization\",\"@id\":\"https:\\\/\\\/eldigitaldeasturias.com\\\/radio\\\/#organization\",\"name\":\"El digital de Asturias Radio\",\"description\":\"Diario de informaci\\u00f3n y noticias\",\"url\":\"https:\\\/\\\/eldigitaldeasturias.com\\\/radio\\\/\",\"telephone\":\"+34652131393\",\"logo\":{\"@type\":\"ImageObject\",\"url\":\"https:\\\/\\\/www.eldigitaldeasturias.com\\\/radio\\\/wp-content\\\/uploads\\\/2021\\\/03\\\/EDA.jpg\",\"@id\":\"https:\\\/\\\/eldigitaldeasturias.com\\\/radio\\\/mas-de-240-000-vuelven-a-alemania-en-operativo-retorno-por-covid-19\\\/#organizationLogo\"},\"image\":{\"@id\":\"https:\\\/\\\/eldigitaldeasturias.com\\\/radio\\\/mas-de-240-000-vuelven-a-alemania-en-operativo-retorno-por-covid-19\\\/#organizationLogo\"},\"sameAs\":[\"https:\\\/\\\/www.facebook.com\\\/\",\"https:\\\/\\\/x.com\\\/bercodi\",\"https:\\\/\\\/www.instagram.com\\\/\",\"https:\\\/\\\/www.youtube.com\\\/channel\\\/UCZP-2wLEB9Rv6erhFmqVnvg\"]},{\"@type\":\"Person\",\"@id\":\"https:\\\/\\\/eldigitaldeasturias.com\\\/radio\\\/author\\\/nbasturias\\\/#author\",\"url\":\"https:\\\/\\\/eldigitaldeasturias.com\\\/radio\\\/author\\\/nbasturias\\\/\",\"name\":\"NBAsturias\",\"image\":{\"@type\":\"ImageObject\",\"@id\":\"https:\\\/\\\/eldigitaldeasturias.com\\\/radio\\\/mas-de-240-000-vuelven-a-alemania-en-operativo-retorno-por-covid-19\\\/#authorImage\",\"url\":\"https:\\\/\\\/secure.gravatar.com\\\/avatar\\\/df2aeffc32bcd13f8d26072ef8a91b623d677766deac7f97ca815868cd41bf5e?s=96&d=mm&r=g\",\"width\":96,\"height\":96,\"caption\":\"NBAsturias\"}},{\"@type\":\"WebPage\",\"@id\":\"https:\\\/\\\/eldigitaldeasturias.com\\\/radio\\\/mas-de-240-000-vuelven-a-alemania-en-operativo-retorno-por-covid-19\\\/#webpage\",\"url\":\"https:\\\/\\\/eldigitaldeasturias.com\\\/radio\\\/mas-de-240-000-vuelven-a-alemania-en-operativo-retorno-por-covid-19\\\/\",\"name\":\"M\\u00e1s de 240.000 vuelven a Alemania en operativo retorno por Covid-19 | El Digital de Asturias\",\"description\":\"Berl\\u00edn, 17 abr (dpa) - Unos 240.000 alemanes varados en el extranjero desde el inicio de la pandemia del coronavirus regresaron a su pa\\u00eds con el operativo retorno, inform\\u00f3 hoy el ministro germano de Relaciones Exteriores, Heiko Maas. El ministro destac\\u00f3 que en el mayor operativo de repatriaci\\u00f3n de la historia de Alemania, que comenz\\u00f3\",\"inLanguage\":\"es-ES\",\"isPartOf\":{\"@id\":\"https:\\\/\\\/eldigitaldeasturias.com\\\/radio\\\/#website\"},\"breadcrumb\":{\"@id\":\"https:\\\/\\\/eldigitaldeasturias.com\\\/radio\\\/mas-de-240-000-vuelven-a-alemania-en-operativo-retorno-por-covid-19\\\/#breadcrumblist\"},\"author\":{\"@id\":\"https:\\\/\\\/eldigitaldeasturias.com\\\/radio\\\/author\\\/nbasturias\\\/#author\"},\"creator\":{\"@id\":\"https:\\\/\\\/eldigitaldeasturias.com\\\/radio\\\/author\\\/nbasturias\\\/#author\"},\"image\":{\"@type\":\"ImageObject\",\"url\":\"https:\\\/\\\/eldigitaldeasturias.com\\\/radio\\\/wp-content\\\/uploads\\\/2020\\\/04\\\/Alemania-Covid.jpg\",\"@id\":\"https:\\\/\\\/eldigitaldeasturias.com\\\/radio\\\/mas-de-240-000-vuelven-a-alemania-en-operativo-retorno-por-covid-19\\\/#mainImage\",\"width\":996,\"height\":663,\"caption\":\"El ministro alem\\u00e1n de Relaciones Exteriores, Heiko Maas (izq.), visita el centro de respuesta a emergencia en el ministerio. Foto: Thomas K\\u00f6hler\\\/Photothek.de\\\/Ausw\\u00e4rtiges Amt\\\/dpa\"},\"primaryImageOfPage\":{\"@id\":\"https:\\\/\\\/eldigitaldeasturias.com\\\/radio\\\/mas-de-240-000-vuelven-a-alemania-en-operativo-retorno-por-covid-19\\\/#mainImage\"},\"datePublished\":\"2020-04-18T23:50:03+02:00\",\"dateModified\":\"2020-04-18T23:50:03+02:00\"},{\"@type\":\"WebSite\",\"@id\":\"https:\\\/\\\/eldigitaldeasturias.com\\\/radio\\\/#website\",\"url\":\"https:\\\/\\\/eldigitaldeasturias.com\\\/radio\\\/\",\"name\":\"El Digital de Asturias\",\"description\":\"Diario de informaci\\u00f3n y noticias\",\"inLanguage\":\"es-ES\",\"publisher\":{\"@id\":\"https:\\\/\\\/eldigitaldeasturias.com\\\/radio\\\/#organization\"}}]}\n\t\t<\/script>\n\t\t<!-- All in One SEO Pro -->\r\n\t\t<title>M\u00e1s de 240.000 vuelven a Alemania en operativo retorno por Covid-19 | El Digital de Asturias<\/title>\n\n","aioseo_head_json":{"title":"M\u00e1s de 240.000 vuelven a Alemania en operativo retorno por Covid-19 | El Digital de Asturias","description":"Berl\u00edn, 17 abr (dpa) - Unos 240.000 alemanes varados en el extranjero desde el inicio de la pandemia del coronavirus regresaron a su pa\u00eds con el operativo retorno, inform\u00f3 hoy el ministro germano de Relaciones Exteriores, Heiko Maas. El ministro destac\u00f3 que en el mayor operativo de repatriaci\u00f3n de la historia de Alemania, que comenz\u00f3","canonical_url":"https:\/\/eldigitaldeasturias.com\/radio\/mas-de-240-000-vuelven-a-alemania-en-operativo-retorno-por-covid-19\/","robots":"max-image-preview:large","keywords":"noticias","webmasterTools":{"google-site-verification":"UA-38556648-1","miscellaneous":""},"schema":{"@context":"https:\/\/schema.org","@graph":[{"@type":"BreadcrumbList","@id":"https:\/\/eldigitaldeasturias.com\/radio\/mas-de-240-000-vuelven-a-alemania-en-operativo-retorno-por-covid-19\/#breadcrumblist","itemListElement":[{"@type":"ListItem","@id":"https:\/\/eldigitaldeasturias.com\/radio#listItem","position":1,"name":"Inicio","item":"https:\/\/eldigitaldeasturias.com\/radio","nextItem":{"@type":"ListItem","@id":"https:\/\/eldigitaldeasturias.com\/radio\/category\/noticias\/#listItem","name":"Noticias"}},{"@type":"ListItem","@id":"https:\/\/eldigitaldeasturias.com\/radio\/category\/noticias\/#listItem","position":2,"name":"Noticias","item":"https:\/\/eldigitaldeasturias.com\/radio\/category\/noticias\/","nextItem":{"@type":"ListItem","@id":"https:\/\/eldigitaldeasturias.com\/radio\/mas-de-240-000-vuelven-a-alemania-en-operativo-retorno-por-covid-19\/#listItem","name":"M\u00e1s de 240.000 vuelven a Alemania en operativo retorno por Covid-19"},"previousItem":{"@type":"ListItem","@id":"https:\/\/eldigitaldeasturias.com\/radio#listItem","name":"Inicio"}},{"@type":"ListItem","@id":"https:\/\/eldigitaldeasturias.com\/radio\/mas-de-240-000-vuelven-a-alemania-en-operativo-retorno-por-covid-19\/#listItem","position":3,"name":"M\u00e1s de 240.000 vuelven a Alemania en operativo retorno por Covid-19","previousItem":{"@type":"ListItem","@id":"https:\/\/eldigitaldeasturias.com\/radio\/category\/noticias\/#listItem","name":"Noticias"}}]},{"@type":"NewsArticle","@id":"https:\/\/eldigitaldeasturias.com\/radio\/mas-de-240-000-vuelven-a-alemania-en-operativo-retorno-por-covid-19\/#newsarticle","name":"M\u00e1s de 240.000 vuelven a Alemania en operativo retorno por Covid-19 | El Digital de Asturias","headline":"M\u00e1s de 240.000 vuelven a Alemania en operativo retorno por Covid-19","author":{"@id":"https:\/\/eldigitaldeasturias.com\/radio\/author\/nbasturias\/#author"},"publisher":{"@id":"https:\/\/eldigitaldeasturias.com\/radio\/#organization"},"image":{"@type":"ImageObject","url":"https:\/\/eldigitaldeasturias.com\/radio\/wp-content\/uploads\/2020\/04\/Alemania-Covid.jpg","width":996,"height":663,"caption":"El ministro alem\u00e1n de Relaciones Exteriores, Heiko Maas (izq.), visita el centro de respuesta a emergencia en el ministerio. Foto: Thomas K\u00f6hler\/Photothek.de\/Ausw\u00e4rtiges Amt\/dpa"},"datePublished":"2020-04-18T23:50:03+02:00","dateModified":"2020-04-18T23:50:03+02:00","inLanguage":"es-ES","mainEntityOfPage":{"@id":"https:\/\/eldigitaldeasturias.com\/radio\/mas-de-240-000-vuelven-a-alemania-en-operativo-retorno-por-covid-19\/#webpage"},"isPartOf":{"@id":"https:\/\/eldigitaldeasturias.com\/radio\/mas-de-240-000-vuelven-a-alemania-en-operativo-retorno-por-covid-19\/#webpage"},"articleSection":"Noticias","dateline":"Publicado el abril 18, 2020."},{"@type":"Organization","@id":"https:\/\/eldigitaldeasturias.com\/radio\/#organization","name":"El digital de Asturias Radio","description":"Diario de informaci\u00f3n y noticias","url":"https:\/\/eldigitaldeasturias.com\/radio\/","telephone":"+34652131393","logo":{"@type":"ImageObject","url":"https:\/\/www.eldigitaldeasturias.com\/radio\/wp-content\/uploads\/2021\/03\/EDA.jpg","@id":"https:\/\/eldigitaldeasturias.com\/radio\/mas-de-240-000-vuelven-a-alemania-en-operativo-retorno-por-covid-19\/#organizationLogo"},"image":{"@id":"https:\/\/eldigitaldeasturias.com\/radio\/mas-de-240-000-vuelven-a-alemania-en-operativo-retorno-por-covid-19\/#organizationLogo"},"sameAs":["https:\/\/www.facebook.com\/","https:\/\/x.com\/bercodi","https:\/\/www.instagram.com\/","https:\/\/www.youtube.com\/channel\/UCZP-2wLEB9Rv6erhFmqVnvg"]},{"@type":"Person","@id":"https:\/\/eldigitaldeasturias.com\/radio\/author\/nbasturias\/#author","url":"https:\/\/eldigitaldeasturias.com\/radio\/author\/nbasturias\/","name":"NBAsturias","image":{"@type":"ImageObject","@id":"https:\/\/eldigitaldeasturias.com\/radio\/mas-de-240-000-vuelven-a-alemania-en-operativo-retorno-por-covid-19\/#authorImage","url":"https:\/\/secure.gravatar.com\/avatar\/df2aeffc32bcd13f8d26072ef8a91b623d677766deac7f97ca815868cd41bf5e?s=96&d=mm&r=g","width":96,"height":96,"caption":"NBAsturias"}},{"@type":"WebPage","@id":"https:\/\/eldigitaldeasturias.com\/radio\/mas-de-240-000-vuelven-a-alemania-en-operativo-retorno-por-covid-19\/#webpage","url":"https:\/\/eldigitaldeasturias.com\/radio\/mas-de-240-000-vuelven-a-alemania-en-operativo-retorno-por-covid-19\/","name":"M\u00e1s de 240.000 vuelven a Alemania en operativo retorno por Covid-19 | El Digital de Asturias","description":"Berl\u00edn, 17 abr (dpa) - Unos 240.000 alemanes varados en el extranjero desde el inicio de la pandemia del coronavirus regresaron a su pa\u00eds con el operativo retorno, inform\u00f3 hoy el ministro germano de Relaciones Exteriores, Heiko Maas. El ministro destac\u00f3 que en el mayor operativo de repatriaci\u00f3n de la historia de Alemania, que comenz\u00f3","inLanguage":"es-ES","isPartOf":{"@id":"https:\/\/eldigitaldeasturias.com\/radio\/#website"},"breadcrumb":{"@id":"https:\/\/eldigitaldeasturias.com\/radio\/mas-de-240-000-vuelven-a-alemania-en-operativo-retorno-por-covid-19\/#breadcrumblist"},"author":{"@id":"https:\/\/eldigitaldeasturias.com\/radio\/author\/nbasturias\/#author"},"creator":{"@id":"https:\/\/eldigitaldeasturias.com\/radio\/author\/nbasturias\/#author"},"image":{"@type":"ImageObject","url":"https:\/\/eldigitaldeasturias.com\/radio\/wp-content\/uploads\/2020\/04\/Alemania-Covid.jpg","@id":"https:\/\/eldigitaldeasturias.com\/radio\/mas-de-240-000-vuelven-a-alemania-en-operativo-retorno-por-covid-19\/#mainImage","width":996,"height":663,"caption":"El ministro alem\u00e1n de Relaciones Exteriores, Heiko Maas (izq.), visita el centro de respuesta a emergencia en el ministerio. Foto: Thomas K\u00f6hler\/Photothek.de\/Ausw\u00e4rtiges Amt\/dpa"},"primaryImageOfPage":{"@id":"https:\/\/eldigitaldeasturias.com\/radio\/mas-de-240-000-vuelven-a-alemania-en-operativo-retorno-por-covid-19\/#mainImage"},"datePublished":"2020-04-18T23:50:03+02:00","dateModified":"2020-04-18T23:50:03+02:00"},{"@type":"WebSite","@id":"https:\/\/eldigitaldeasturias.com\/radio\/#website","url":"https:\/\/eldigitaldeasturias.com\/radio\/","name":"El Digital de Asturias","description":"Diario de informaci\u00f3n y noticias","inLanguage":"es-ES","publisher":{"@id":"https:\/\/eldigitaldeasturias.com\/radio\/#organization"}}]},"og:locale":"es_ES","og:site_name":"El Digital de Asturias | Diario de informaci\u00f3n y noticias","og:type":"article","og:title":"M\u00e1s de 240.000 vuelven a Alemania en operativo retorno por Covid-19 | El Digital de Asturias","og:description":"Berl\u00edn, 17 abr (dpa) - Unos 240.000 alemanes varados en el extranjero desde el inicio de la pandemia del coronavirus regresaron a su pa\u00eds con el operativo retorno, inform\u00f3 hoy el ministro germano de Relaciones Exteriores, Heiko Maas. El ministro destac\u00f3 que en el mayor operativo de repatriaci\u00f3n de la historia de Alemania, que comenz\u00f3","og:url":"https:\/\/eldigitaldeasturias.com\/radio\/mas-de-240-000-vuelven-a-alemania-en-operativo-retorno-por-covid-19\/","og:image":"https:\/\/eldigitaldeasturias.com\/radio\/wp-content\/uploads\/2020\/04\/Alemania-Covid.jpg","og:image:secure_url":"https:\/\/eldigitaldeasturias.com\/radio\/wp-content\/uploads\/2020\/04\/Alemania-Covid.jpg","og:image:width":996,"og:image:height":663,"article:published_time":"2020-04-18T23:50:03+00:00","article:modified_time":"2020-04-18T23:50:03+00:00","twitter:card":"summary_large_image","twitter:site":"@bercodi","twitter:title":"M\u00e1s de 240.000 vuelven a Alemania en operativo retorno por Covid-19 | El Digital de Asturias","twitter:description":"Berl\u00edn, 17 abr (dpa) - Unos 240.000 alemanes varados en el extranjero desde el inicio de la pandemia del coronavirus regresaron a su pa\u00eds con el operativo retorno, inform\u00f3 hoy el ministro germano de Relaciones Exteriores, Heiko Maas. El ministro destac\u00f3 que en el mayor operativo de repatriaci\u00f3n de la historia de Alemania, que comenz\u00f3","twitter:creator":"@bercodi","twitter:image":"https:\/\/eldigitaldeasturias.com\/radio\/wp-content\/uploads\/2020\/04\/Alemania-Covid.jpg"},"aioseo_meta_data":{"post_id":"4127","title":null,"description":null,"keywords":null,"keyphrases":null,"primary_term":null,"canonical_url":null,"og_title":null,"og_description":null,"og_object_type":"default","og_image_type":"default","og_image_url":null,"og_image_width":null,"og_image_height":null,"og_image_custom_url":null,"og_image_custom_fields":null,"og_video":null,"og_custom_url":null,"og_article_section":null,"og_article_tags":null,"twitter_use_og":false,"twitter_card":"default","twitter_image_type":"default","twitter_image_url":null,"twitter_image_custom_url":null,"twitter_image_custom_fields":null,"twitter_title":null,"twitter_description":null,"schema":{"blockGraphs":[],"customGraphs":[],"default":{"data":{"Article":[],"Course":[],"Dataset":[],"FAQPage":[],"Movie":[],"Person":[],"Product":[],"ProductReview":[],"Car":[],"Recipe":[],"Service":[],"SoftwareApplication":[],"WebPage":[]},"graphName":"","isEnabled":true},"graphs":[],"defaultGraph":"","defaultPostTypeGraph":""},"schema_type":null,"schema_type_options":null,"pillar_content":false,"robots_default":true,"robots_noindex":false,"robots_noarchive":false,"robots_nosnippet":false,"robots_nofollow":false,"robots_noimageindex":false,"robots_noodp":false,"robots_notranslate":false,"robots_max_snippet":null,"robots_max_videopreview":null,"robots_max_imagepreview":"large","priority":null,"frequency":null,"location":null,"local_seo":null,"seo_analyzer_scan_date":"2025-08-28 15:22:31","breadcrumb_settings":null,"limit_modified_date":false,"open_ai":null,"ai":null,"created":"2021-03-27 12:35:43","updated":"2025-08-28 15:22:31"},"aioseo_breadcrumb":"<div class=\"aioseo-breadcrumbs\"><span class=\"aioseo-breadcrumb\">\n\t<a href=\"https:\/\/eldigitaldeasturias.com\/radio\" title=\"Inicio\">Inicio<\/a>\n<\/span><span class=\"aioseo-breadcrumb-separator\">&ndash;<\/span><span class=\"aioseo-breadcrumb\">\n\t<a href=\"https:\/\/eldigitaldeasturias.com\/radio\/category\/noticias\/\" title=\"Noticias\">Noticias<\/a>\n<\/span><span class=\"aioseo-breadcrumb-separator\">&ndash;<\/span><span class=\"aioseo-breadcrumb\">\n\tM\u00e1s de 240.000 vuelven a Alemania en operativo retorno por Covid-19\n<\/span><\/div>","aioseo_breadcrumb_json":[{"label":"Inicio","link":"https:\/\/eldigitaldeasturias.com\/radio"},{"label":"Noticias","link":"https:\/\/eldigitaldeasturias.com\/radio\/category\/noticias\/"},{"label":"M\u00e1s de 240.000 vuelven a Alemania en operativo retorno por Covid-19","link":"https:\/\/eldigitaldeasturias.com\/radio\/mas-de-240-000-vuelven-a-alemania-en-operativo-retorno-por-covid-19\/"}],"_links":{"self":[{"href":"https:\/\/eldigitaldeasturias.com\/radio\/wp-json\/wp\/v2\/posts\/4127","targetHints":{"allow":["GET"]}}],"collection":[{"href":"https:\/\/eldigitaldeasturias.com\/radio\/wp-json\/wp\/v2\/posts"}],"about":[{"href":"https:\/\/eldigitaldeasturias.com\/radio\/wp-json\/wp\/v2\/types\/post"}],"author":[{"embeddable":true,"href":"https:\/\/eldigitaldeasturias.com\/radio\/wp-json\/wp\/v2\/users\/1"}],"replies":[{"embeddable":true,"href":"https:\/\/eldigitaldeasturias.com\/radio\/wp-json\/wp\/v2\/comments?post=4127"}],"version-history":[{"count":0,"href":"https:\/\/eldigitaldeasturias.com\/radio\/wp-json\/wp\/v2\/posts\/4127\/revisions"}],"wp:featuredmedia":[{"embeddable":true,"href":"https:\/\/eldigitaldeasturias.com\/radio\/wp-json\/wp\/v2\/media\/4128"}],"wp:attachment":[{"href":"https:\/\/eldigitaldeasturias.com\/radio\/wp-json\/wp\/v2\/media?parent=4127"}],"wp:term":[{"taxonomy":"category","embeddable":true,"href":"https:\/\/eldigitaldeasturias.com\/radio\/wp-json\/wp\/v2\/categories?post=4127"},{"taxonomy":"post_tag","embeddable":true,"href":"https:\/\/eldigitaldeasturias.com\/radio\/wp-json\/wp\/v2\/tags?post=4127"}],"curies":[{"name":"wp","href":"https:\/\/api.w.org\/{rel}","templated":true}]}}